{"id":61155,"date":"2023-07-14T04:54:27","date_gmt":"2023-07-14T02:54:27","guid":{"rendered":"https:\/\/buletin.de\/bucuresti\/furtuna-a-afectat-transportul-public-mai-multi-copaci-cazuti-in-sud-vestul-capitalei\/"},"modified":"2023-07-14T04:54:27","modified_gmt":"2023-07-14T02:54:27","slug":"furtuna-a-afectat-transportul-public-mai-multi-copaci-cazuti-in-sud-vestul-capitalei","status":"publish","type":"post","link":"https:\/\/buletin.de\/bucuresti\/furtuna-a-afectat-transportul-public-mai-multi-copaci-cazuti-in-sud-vestul-capitalei\/","title":{"rendered":"Furtun\u0103 \u00een Capital\u0103: arbori dobor\u00e2\u021bi peste ma\u0219ini, tramvaie \u0219i autobuze blocate, femeie salvat\u0103 de pompieri"},"content":{"rendered":"\n<p><strong><strong>O furtun\u0103 pornit\u0103 la primele ore ale dimine\u021bii a dobor\u00e2t peste 50 de arbori \u00een Bucure\u0219ti, care au avariat zeci de autoturisme \u0219i au blocat circula\u021bia autobuzelor \u0219i tramvaielor pe mai multe rute. O femeie a fost salvat\u0103 de pompieri dup\u0103 ce un copac a c\u0103zut peste ma\u0219ina \u00een care se afla.<\/strong><\/strong><\/p>\n\n\n\n<p>Cu pu\u021bin \u00eenainte de ora 07:00, meteorologii au transmis un Cod Galben de furtuni \u0219i au avertizat c\u0103 Bucure\u0219tiul va fi afectat de rafale puternice de v\u00e2nt, ploaie abundet\u0103, fulgere \u0219i chiar grindin\u0103. Nu a durat mult \u0219i vijelia s-a dezl\u0103n\u021buit asupra Capitalei, pun\u00e2nd la p\u0103m\u00e2nt zeci de arbori \u00een c\u00e2teva minute.<\/p>\n\n\n\n<p>\u201dCa urmare a fenomenelor meteo, pe durata codului galben, ISU B-IF a gestionat 54 de interven\u021bii (51 \u00een Bucure\u0219ti \u0219i 3 \u00een jude\u021bul Ilfov). Acestea au constat \u00een \u00eendepartarea a 52 de copaci c\u0103zu\u021bi, un st\u00e2lp c\u0103zut \u0219i un element de construc\u021bie. Au fost avariate 37 de autoturisme, un acoperi\u0219 \u0219i un gard. O persoan\u0103 a fost surprins\u0103 \u00eentru-un autoturism de un copac cazut. Aceasta a fost extras\u0103 con\u0219tient\u0103 \u0219i transportat\u0103\u00a0la\u00a0spital\u201d, a transmis Inspectoratul pentru Situa\u021bii de Urgen\u021b\u0103 Bucure\u0219ti.<\/p>\n\n\n\n<p>Din cauza furtunii, Societatea de Transport Bucure\u0219ti a anun\u021bat c\u0103 circula\u021bia tramvaielor de pe linia 41 \u0219i a mai multor linii de autobuz a fost blocat\u0103. Unii dintre copacii c\u0103zu\u021bi au afectat liniile curent sau au blocat str\u0103zile. din cauza lipsei de tensiune \u00een re\u021beaua de alimentare dar \u0219i c\u0103, pentru preluarea fluxului de calatori, s-a \u00eenfiin\u021bat linia naveta 641.<\/p>\n\n\n\n<p>Linii STB blocate, vineri, din cauza furtunii:<\/p>\n\n\n\n<ul class=\"wp-block-list\">\n<li>Linia 102 &#8211; blocata pe Sos. Vergului, la Spitalul Malaxa, pe ambele sensuri. Cauza: copaci cazuti pe carosabil. S-au aplicat masuri de deviere.<\/li>\n\n\n\n<li>Liniile 116 si 141 \u2013 blocate pe Bd. Pieptanari, pe sens Str. Turnu Magurele, din cauza unui copac cazut pe carosabil. S-au aplicat masuri de deviere.<\/li>\n\n\n\n<li>Linia 41 &#8211; blocata pe ambele sensuri pe Str. Turda, la Pasaj Grant. Cauza: lipsa tensiune.<\/li>\n\n\n\n<li>Linia 138 \u2013 blocata pe Str. Romancierilor, in zona statiei Romancierilor, pe ambele sensuri. Autobuzele circula deviat. Cauza: copac cazut pe carosabil.<\/li>\n\n\n\n<li>Liniile 232 si 241 \u2013 blocate pe Bd. Metalurgiei, intre Metro Berceni si Sos. Berceni. Cauza: copac cazut pe carosabil. S-au aplicat masuri de deviere.<\/li>\n<\/ul>\n\n\n\n<p>FOTO: Inquam Photos \/&nbsp;<a href=\"https:\/\/inquamphotos.com\/users\/octavganea\">Octav&nbsp;Ganea<\/a><\/p>\n","protected":false},"excerpt":{"rendered":"<p>O furtun\u0103 pornit\u0103 la primele ore ale dimine\u021bii a dobor\u00e2t peste 50 de arbori \u00een Bucure\u0219ti, care au avariat zeci de autoturisme \u0219i au blocat circula\u021bia autobuzelor \u0219i tramvaielor pe mai multe rute. O femeie a fost salvat\u0103 de pompieri dup\u0103 ce un copac a c\u0103zut peste ma\u0219ina \u00een care se afla. Cu pu\u021bin \u00eenainte [&hellip;]<\/p>\n","protected":false},"author":50,"featured_media":61156,"comment_status":"open","ping_status":"open","sticky":false,"template":"","format":"standard","meta":{"_acf_changed":false,"inline_featured_image":false,"ngg_post_thumbnail":0,"footnotes":""},"categories":[62],"tags":[6361,2778,55,343],"ppma_author":[22607],"class_list":["post-61155","post","type-post","status-publish","format-standard","has-post-thumbnail","hentry","category-stiri","tag-bucuresti-transport-public","tag-copaci-cazuti","tag-furtuna","tag-pompieri"],"acf":[],"yoast_head":"<!-- This site is optimized with the Yoast SEO Premium plugin v25.3 (Yoast SEO v27.4) - https:\/\/yoast.com\/product\/yoast-seo-premium-wordpress\/ -->\n<title>Furtun\u0103 \u00een Capital\u0103: arbori dobor\u00e2\u021bi peste ma\u0219ini, tramvaie \u0219i autobuze blocate, femeie salvat\u0103 de pompieri - Buletin de Bucure\u0219ti<\/title>\n<meta name=\"robots\" content=\"index, follow, max-snippet:-1, max-image-preview:large, max-video-preview:-1\" \/>\n<link rel=\"canonical\" href=\"https:\/\/buletin.de\/bucuresti\/furtuna-a-afectat-transportul-public-mai-multi-copaci-cazuti-in-sud-vestul-capitalei\/\" \/>\n<meta property=\"og:locale\" content=\"en_GB\" \/>\n<meta property=\"og:type\" content=\"article\" \/>\n<meta property=\"og:title\" content=\"Furtun\u0103 \u00een Capital\u0103: arbori dobor\u00e2\u021bi peste ma\u0219ini, tramvaie \u0219i autobuze blocate, femeie salvat\u0103 de pompieri\" \/>\n<meta property=\"og:description\" content=\"O furtun\u0103 pornit\u0103 la primele ore ale dimine\u021bii a dobor\u00e2t peste 50 de arbori \u00een Bucure\u0219ti, care au avariat zeci de autoturisme \u0219i au blocat circula\u021bia autobuzelor \u0219i tramvaielor pe mai multe rute. O femeie a fost salvat\u0103 de pompieri dup\u0103 ce un copac a c\u0103zut peste ma\u0219ina \u00een care se afla. Cu pu\u021bin \u00eenainte [&hellip;]\" \/>\n<meta property=\"og:url\" content=\"https:\/\/buletin.de\/bucuresti\/furtuna-a-afectat-transportul-public-mai-multi-copaci-cazuti-in-sud-vestul-capitalei\/\" \/>\n<meta property=\"og:site_name\" content=\"Buletin de Bucure\u0219ti\" \/>\n<meta property=\"article:publisher\" content=\"https:\/\/www.facebook.com\/buletin.de.buc\" \/>\n<meta property=\"article:published_time\" content=\"2023-07-14T02:54:27+00:00\" \/>\n<meta property=\"og:image\" content=\"https:\/\/buletin.de\/bucuresti\/wp-content\/uploads\/ID170772_INQUAM_Photos_Octav_Ganea.jpg\" \/>\n\t<meta property=\"og:image:width\" content=\"2000\" \/>\n\t<meta property=\"og:image:height\" content=\"1333\" \/>\n\t<meta property=\"og:image:type\" content=\"image\/jpeg\" \/>\n<meta name=\"author\" content=\"Radu \u021au\u021bulan\" \/>\n<meta name=\"twitter:card\" content=\"summary_large_image\" \/>\n<meta name=\"twitter:label1\" content=\"Written by\" \/>\n\t<meta name=\"twitter:data1\" content=\"Radu \u021au\u021bulan\" \/>\n\t<meta name=\"twitter:label2\" content=\"Estimated reading time\" \/>\n\t<meta name=\"twitter:data2\" content=\"2 minutes\" \/>\n<script type=\"application\/ld+json\" class=\"yoast-schema-graph\">{\"@context\":\"https:\\\/\\\/schema.org\",\"@graph\":[{\"@type\":\"Article\",\"@id\":\"https:\\\/\\\/buletin.de\\\/bucuresti\\\/furtuna-a-afectat-transportul-public-mai-multi-copaci-cazuti-in-sud-vestul-capitalei\\\/#article\",\"isPartOf\":{\"@id\":\"https:\\\/\\\/buletin.de\\\/bucuresti\\\/furtuna-a-afectat-transportul-public-mai-multi-copaci-cazuti-in-sud-vestul-capitalei\\\/\"},\"author\":{\"name\":\"Radu \u021au\u021bulan\",\"@id\":\"https:\\\/\\\/buletin.de\\\/bucuresti\\\/#\\\/schema\\\/person\\\/de406e78845db7cf82b164907b113873\"},\"headline\":\"Furtun\u0103 \u00een Capital\u0103: arbori dobor\u00e2\u021bi peste ma\u0219ini, tramvaie \u0219i autobuze blocate, femeie salvat\u0103 de pompieri\",\"datePublished\":\"2023-07-14T02:54:27+00:00\",\"mainEntityOfPage\":{\"@id\":\"https:\\\/\\\/buletin.de\\\/bucuresti\\\/furtuna-a-afectat-transportul-public-mai-multi-copaci-cazuti-in-sud-vestul-capitalei\\\/\"},\"wordCount\":403,\"commentCount\":0,\"publisher\":{\"@id\":\"https:\\\/\\\/buletin.de\\\/bucuresti\\\/#organization\"},\"image\":{\"@id\":\"https:\\\/\\\/buletin.de\\\/bucuresti\\\/furtuna-a-afectat-transportul-public-mai-multi-copaci-cazuti-in-sud-vestul-capitalei\\\/#primaryimage\"},\"thumbnailUrl\":\"https:\\\/\\\/buletin.de\\\/bucuresti\\\/wp-content\\\/uploads\\\/ID170772_INQUAM_Photos_Octav_Ganea.jpg\",\"keywords\":[\"bucuresti transport public\",\"Copaci c\u0103zu\u021bi\",\"furtuna\",\"pompieri\"],\"articleSection\":[\"\u0218tiri\"],\"inLanguage\":\"en-GB\",\"potentialAction\":[{\"@type\":\"CommentAction\",\"name\":\"Comment\",\"target\":[\"https:\\\/\\\/buletin.de\\\/bucuresti\\\/furtuna-a-afectat-transportul-public-mai-multi-copaci-cazuti-in-sud-vestul-capitalei\\\/#respond\"]}],\"copyrightYear\":\"2023\",\"copyrightHolder\":{\"@id\":\"https:\\\/\\\/buletin.de\\\/bucuresti\\\/#organization\"}},{\"@type\":\"WebPage\",\"@id\":\"https:\\\/\\\/buletin.de\\\/bucuresti\\\/furtuna-a-afectat-transportul-public-mai-multi-copaci-cazuti-in-sud-vestul-capitalei\\\/\",\"url\":\"https:\\\/\\\/buletin.de\\\/bucuresti\\\/furtuna-a-afectat-transportul-public-mai-multi-copaci-cazuti-in-sud-vestul-capitalei\\\/\",\"name\":\"Furtun\u0103 \u00een Capital\u0103: arbori dobor\u00e2\u021bi peste ma\u0219ini, tramvaie \u0219i autobuze blocate, femeie salvat\u0103 de pompieri - Buletin de Bucure\u0219ti\",\"isPartOf\":{\"@id\":\"https:\\\/\\\/buletin.de\\\/bucuresti\\\/#website\"},\"primaryImageOfPage\":{\"@id\":\"https:\\\/\\\/buletin.de\\\/bucuresti\\\/furtuna-a-afectat-transportul-public-mai-multi-copaci-cazuti-in-sud-vestul-capitalei\\\/#primaryimage\"},\"image\":{\"@id\":\"https:\\\/\\\/buletin.de\\\/bucuresti\\\/furtuna-a-afectat-transportul-public-mai-multi-copaci-cazuti-in-sud-vestul-capitalei\\\/#primaryimage\"},\"thumbnailUrl\":\"https:\\\/\\\/buletin.de\\\/bucuresti\\\/wp-content\\\/uploads\\\/ID170772_INQUAM_Photos_Octav_Ganea.jpg\",\"datePublished\":\"2023-07-14T02:54:27+00:00\",\"breadcrumb\":{\"@id\":\"https:\\\/\\\/buletin.de\\\/bucuresti\\\/furtuna-a-afectat-transportul-public-mai-multi-copaci-cazuti-in-sud-vestul-capitalei\\\/#breadcrumb\"},\"inLanguage\":\"en-GB\",\"potentialAction\":[{\"@type\":\"ReadAction\",\"target\":[\"https:\\\/\\\/buletin.de\\\/bucuresti\\\/furtuna-a-afectat-transportul-public-mai-multi-copaci-cazuti-in-sud-vestul-capitalei\\\/\"]}]},{\"@type\":\"ImageObject\",\"inLanguage\":\"en-GB\",\"@id\":\"https:\\\/\\\/buletin.de\\\/bucuresti\\\/furtuna-a-afectat-transportul-public-mai-multi-copaci-cazuti-in-sud-vestul-capitalei\\\/#primaryimage\",\"url\":\"https:\\\/\\\/buletin.de\\\/bucuresti\\\/wp-content\\\/uploads\\\/ID170772_INQUAM_Photos_Octav_Ganea.jpg\",\"contentUrl\":\"https:\\\/\\\/buletin.de\\\/bucuresti\\\/wp-content\\\/uploads\\\/ID170772_INQUAM_Photos_Octav_Ganea.jpg\",\"width\":2000,\"height\":1333},{\"@type\":\"BreadcrumbList\",\"@id\":\"https:\\\/\\\/buletin.de\\\/bucuresti\\\/furtuna-a-afectat-transportul-public-mai-multi-copaci-cazuti-in-sud-vestul-capitalei\\\/#breadcrumb\",\"itemListElement\":[{\"@type\":\"ListItem\",\"position\":1,\"name\":\"Acas\u0103\",\"item\":\"https:\\\/\\\/buletin.de\\\/bucuresti\\\/\"},{\"@type\":\"ListItem\",\"position\":2,\"name\":\"Furtun\u0103 \u00een Capital\u0103: arbori dobor\u00e2\u021bi peste ma\u0219ini, tramvaie \u0219i autobuze blocate, femeie salvat\u0103 de pompieri\"}]},{\"@type\":\"WebSite\",\"@id\":\"https:\\\/\\\/buletin.de\\\/bucuresti\\\/#website\",\"url\":\"https:\\\/\\\/buletin.de\\\/bucuresti\\\/\",\"name\":\"Buletin de Bucure\u0219ti\",\"description\":\"\u0218tiri \u0219i investiga\u021bii esen\u021biale din capital\u0103\",\"publisher\":{\"@id\":\"https:\\\/\\\/buletin.de\\\/bucuresti\\\/#organization\"},\"potentialAction\":[{\"@type\":\"SearchAction\",\"target\":{\"@type\":\"EntryPoint\",\"urlTemplate\":\"https:\\\/\\\/buletin.de\\\/bucuresti\\\/?s={search_term_string}\"},\"query-input\":{\"@type\":\"PropertyValueSpecification\",\"valueRequired\":true,\"valueName\":\"search_term_string\"}}],\"inLanguage\":\"en-GB\"},{\"@type\":\"Organization\",\"@id\":\"https:\\\/\\\/buletin.de\\\/bucuresti\\\/#organization\",\"name\":\"Buletin de Bucure\u0219ti\",\"url\":\"https:\\\/\\\/buletin.de\\\/bucuresti\\\/\",\"logo\":{\"@type\":\"ImageObject\",\"inLanguage\":\"en-GB\",\"@id\":\"https:\\\/\\\/buletin.de\\\/bucuresti\\\/#\\\/schema\\\/logo\\\/image\\\/\",\"url\":\"https:\\\/\\\/buletin.de\\\/bucuresti\\\/wp-content\\\/uploads\\\/logo-bdb-full-wide-vernil-transparent.png\",\"contentUrl\":\"https:\\\/\\\/buletin.de\\\/bucuresti\\\/wp-content\\\/uploads\\\/logo-bdb-full-wide-vernil-transparent.png\",\"width\":1782,\"height\":626,\"caption\":\"Buletin de Bucure\u0219ti\"},\"image\":{\"@id\":\"https:\\\/\\\/buletin.de\\\/bucuresti\\\/#\\\/schema\\\/logo\\\/image\\\/\"},\"sameAs\":[\"https:\\\/\\\/www.facebook.com\\\/buletin.de.buc\",\"https:\\\/\\\/www.instagram.com\\\/buletinde.bucuresti\\\/\"]},{\"@type\":\"Person\",\"@id\":\"https:\\\/\\\/buletin.de\\\/bucuresti\\\/#\\\/schema\\\/person\\\/de406e78845db7cf82b164907b113873\",\"name\":\"Radu \u021au\u021bulan\",\"image\":{\"@type\":\"ImageObject\",\"inLanguage\":\"en-GB\",\"@id\":\"https:\\\/\\\/secure.gravatar.com\\\/avatar\\\/19707c7ba9ca7e4a25aa6ab6a55ed54e14f08595c6b16f0191bf7fd8ce94947e?s=96&d=monsterid&r=ga7a58e7467f2217bb0c21e212b46510b\",\"url\":\"https:\\\/\\\/secure.gravatar.com\\\/avatar\\\/19707c7ba9ca7e4a25aa6ab6a55ed54e14f08595c6b16f0191bf7fd8ce94947e?s=96&d=monsterid&r=g\",\"contentUrl\":\"https:\\\/\\\/secure.gravatar.com\\\/avatar\\\/19707c7ba9ca7e4a25aa6ab6a55ed54e14f08595c6b16f0191bf7fd8ce94947e?s=96&d=monsterid&r=g\",\"caption\":\"Radu \u021au\u021bulan\"},\"url\":\"https:\\\/\\\/buletin.de\\\/bucuresti\\\/author\\\/radututulan\\\/\"}]}<\/script>\n<!-- \/ Yoast SEO Premium plugin. -->","yoast_head_json":{"title":"Furtun\u0103 \u00een Capital\u0103: arbori dobor\u00e2\u021bi peste ma\u0219ini, tramvaie \u0219i autobuze blocate, femeie salvat\u0103 de pompieri - Buletin de Bucure\u0219ti","robots":{"index":"index","follow":"follow","max-snippet":"max-snippet:-1","max-image-preview":"max-image-preview:large","max-video-preview":"max-video-preview:-1"},"canonical":"https:\/\/buletin.de\/bucuresti\/furtuna-a-afectat-transportul-public-mai-multi-copaci-cazuti-in-sud-vestul-capitalei\/","og_locale":"en_GB","og_type":"article","og_title":"Furtun\u0103 \u00een Capital\u0103: arbori dobor\u00e2\u021bi peste ma\u0219ini, tramvaie \u0219i autobuze blocate, femeie salvat\u0103 de pompieri","og_description":"O furtun\u0103 pornit\u0103 la primele ore ale dimine\u021bii a dobor\u00e2t peste 50 de arbori \u00een Bucure\u0219ti, care au avariat zeci de autoturisme \u0219i au blocat circula\u021bia autobuzelor \u0219i tramvaielor pe mai multe rute. O femeie a fost salvat\u0103 de pompieri dup\u0103 ce un copac a c\u0103zut peste ma\u0219ina \u00een care se afla. Cu pu\u021bin \u00eenainte [&hellip;]","og_url":"https:\/\/buletin.de\/bucuresti\/furtuna-a-afectat-transportul-public-mai-multi-copaci-cazuti-in-sud-vestul-capitalei\/","og_site_name":"Buletin de Bucure\u0219ti","article_publisher":"https:\/\/www.facebook.com\/buletin.de.buc","article_published_time":"2023-07-14T02:54:27+00:00","og_image":[{"width":2000,"height":1333,"url":"https:\/\/buletin.de\/bucuresti\/wp-content\/uploads\/ID170772_INQUAM_Photos_Octav_Ganea.jpg","type":"image\/jpeg"}],"author":"Radu \u021au\u021bulan","twitter_card":"summary_large_image","twitter_misc":{"Written by":"Radu \u021au\u021bulan","Estimated reading time":"2 minutes"},"schema":{"@context":"https:\/\/schema.org","@graph":[{"@type":"Article","@id":"https:\/\/buletin.de\/bucuresti\/furtuna-a-afectat-transportul-public-mai-multi-copaci-cazuti-in-sud-vestul-capitalei\/#article","isPartOf":{"@id":"https:\/\/buletin.de\/bucuresti\/furtuna-a-afectat-transportul-public-mai-multi-copaci-cazuti-in-sud-vestul-capitalei\/"},"author":{"name":"Radu \u021au\u021bulan","@id":"https:\/\/buletin.de\/bucuresti\/#\/schema\/person\/de406e78845db7cf82b164907b113873"},"headline":"Furtun\u0103 \u00een Capital\u0103: arbori dobor\u00e2\u021bi peste ma\u0219ini, tramvaie \u0219i autobuze blocate, femeie salvat\u0103 de pompieri","datePublished":"2023-07-14T02:54:27+00:00","mainEntityOfPage":{"@id":"https:\/\/buletin.de\/bucuresti\/furtuna-a-afectat-transportul-public-mai-multi-copaci-cazuti-in-sud-vestul-capitalei\/"},"wordCount":403,"commentCount":0,"publisher":{"@id":"https:\/\/buletin.de\/bucuresti\/#organization"},"image":{"@id":"https:\/\/buletin.de\/bucuresti\/furtuna-a-afectat-transportul-public-mai-multi-copaci-cazuti-in-sud-vestul-capitalei\/#primaryimage"},"thumbnailUrl":"https:\/\/buletin.de\/bucuresti\/wp-content\/uploads\/ID170772_INQUAM_Photos_Octav_Ganea.jpg","keywords":["bucuresti transport public","Copaci c\u0103zu\u021bi","furtuna","pompieri"],"articleSection":["\u0218tiri"],"inLanguage":"en-GB","potentialAction":[{"@type":"CommentAction","name":"Comment","target":["https:\/\/buletin.de\/bucuresti\/furtuna-a-afectat-transportul-public-mai-multi-copaci-cazuti-in-sud-vestul-capitalei\/#respond"]}],"copyrightYear":"2023","copyrightHolder":{"@id":"https:\/\/buletin.de\/bucuresti\/#organization"}},{"@type":"WebPage","@id":"https:\/\/buletin.de\/bucuresti\/furtuna-a-afectat-transportul-public-mai-multi-copaci-cazuti-in-sud-vestul-capitalei\/","url":"https:\/\/buletin.de\/bucuresti\/furtuna-a-afectat-transportul-public-mai-multi-copaci-cazuti-in-sud-vestul-capitalei\/","name":"Furtun\u0103 \u00een Capital\u0103: arbori dobor\u00e2\u021bi peste ma\u0219ini, tramvaie \u0219i autobuze blocate, femeie salvat\u0103 de pompieri - Buletin de Bucure\u0219ti","isPartOf":{"@id":"https:\/\/buletin.de\/bucuresti\/#website"},"primaryImageOfPage":{"@id":"https:\/\/buletin.de\/bucuresti\/furtuna-a-afectat-transportul-public-mai-multi-copaci-cazuti-in-sud-vestul-capitalei\/#primaryimage"},"image":{"@id":"https:\/\/buletin.de\/bucuresti\/furtuna-a-afectat-transportul-public-mai-multi-copaci-cazuti-in-sud-vestul-capitalei\/#primaryimage"},"thumbnailUrl":"https:\/\/buletin.de\/bucuresti\/wp-content\/uploads\/ID170772_INQUAM_Photos_Octav_Ganea.jpg","datePublished":"2023-07-14T02:54:27+00:00","breadcrumb":{"@id":"https:\/\/buletin.de\/bucuresti\/furtuna-a-afectat-transportul-public-mai-multi-copaci-cazuti-in-sud-vestul-capitalei\/#breadcrumb"},"inLanguage":"en-GB","potentialAction":[{"@type":"ReadAction","target":["https:\/\/buletin.de\/bucuresti\/furtuna-a-afectat-transportul-public-mai-multi-copaci-cazuti-in-sud-vestul-capitalei\/"]}]},{"@type":"ImageObject","inLanguage":"en-GB","@id":"https:\/\/buletin.de\/bucuresti\/furtuna-a-afectat-transportul-public-mai-multi-copaci-cazuti-in-sud-vestul-capitalei\/#primaryimage","url":"https:\/\/buletin.de\/bucuresti\/wp-content\/uploads\/ID170772_INQUAM_Photos_Octav_Ganea.jpg","contentUrl":"https:\/\/buletin.de\/bucuresti\/wp-content\/uploads\/ID170772_INQUAM_Photos_Octav_Ganea.jpg","width":2000,"height":1333},{"@type":"BreadcrumbList","@id":"https:\/\/buletin.de\/bucuresti\/furtuna-a-afectat-transportul-public-mai-multi-copaci-cazuti-in-sud-vestul-capitalei\/#breadcrumb","itemListElement":[{"@type":"ListItem","position":1,"name":"Acas\u0103","item":"https:\/\/buletin.de\/bucuresti\/"},{"@type":"ListItem","position":2,"name":"Furtun\u0103 \u00een Capital\u0103: arbori dobor\u00e2\u021bi peste ma\u0219ini, tramvaie \u0219i autobuze blocate, femeie salvat\u0103 de pompieri"}]},{"@type":"WebSite","@id":"https:\/\/buletin.de\/bucuresti\/#website","url":"https:\/\/buletin.de\/bucuresti\/","name":"Buletin de Bucure\u0219ti","description":"\u0218tiri \u0219i investiga\u021bii esen\u021biale din capital\u0103","publisher":{"@id":"https:\/\/buletin.de\/bucuresti\/#organization"},"potentialAction":[{"@type":"SearchAction","target":{"@type":"EntryPoint","urlTemplate":"https:\/\/buletin.de\/bucuresti\/?s={search_term_string}"},"query-input":{"@type":"PropertyValueSpecification","valueRequired":true,"valueName":"search_term_string"}}],"inLanguage":"en-GB"},{"@type":"Organization","@id":"https:\/\/buletin.de\/bucuresti\/#organization","name":"Buletin de Bucure\u0219ti","url":"https:\/\/buletin.de\/bucuresti\/","logo":{"@type":"ImageObject","inLanguage":"en-GB","@id":"https:\/\/buletin.de\/bucuresti\/#\/schema\/logo\/image\/","url":"https:\/\/buletin.de\/bucuresti\/wp-content\/uploads\/logo-bdb-full-wide-vernil-transparent.png","contentUrl":"https:\/\/buletin.de\/bucuresti\/wp-content\/uploads\/logo-bdb-full-wide-vernil-transparent.png","width":1782,"height":626,"caption":"Buletin de Bucure\u0219ti"},"image":{"@id":"https:\/\/buletin.de\/bucuresti\/#\/schema\/logo\/image\/"},"sameAs":["https:\/\/www.facebook.com\/buletin.de.buc","https:\/\/www.instagram.com\/buletinde.bucuresti\/"]},{"@type":"Person","@id":"https:\/\/buletin.de\/bucuresti\/#\/schema\/person\/de406e78845db7cf82b164907b113873","name":"Radu \u021au\u021bulan","image":{"@type":"ImageObject","inLanguage":"en-GB","@id":"https:\/\/secure.gravatar.com\/avatar\/19707c7ba9ca7e4a25aa6ab6a55ed54e14f08595c6b16f0191bf7fd8ce94947e?s=96&d=monsterid&r=ga7a58e7467f2217bb0c21e212b46510b","url":"https:\/\/secure.gravatar.com\/avatar\/19707c7ba9ca7e4a25aa6ab6a55ed54e14f08595c6b16f0191bf7fd8ce94947e?s=96&d=monsterid&r=g","contentUrl":"https:\/\/secure.gravatar.com\/avatar\/19707c7ba9ca7e4a25aa6ab6a55ed54e14f08595c6b16f0191bf7fd8ce94947e?s=96&d=monsterid&r=g","caption":"Radu \u021au\u021bulan"},"url":"https:\/\/buletin.de\/bucuresti\/author\/radututulan\/"}]}},"authors":[{"term_id":22607,"user_id":50,"is_guest":0,"slug":"radututulan","display_name":"Radu \u021au\u021bulan","avatar_url":"https:\/\/secure.gravatar.com\/avatar\/19707c7ba9ca7e4a25aa6ab6a55ed54e14f08595c6b16f0191bf7fd8ce94947e?s=96&d=monsterid&r=g","0":null,"1":"","2":"","3":"","4":"","5":"","6":"","7":"","8":""}],"_links":{"self":[{"href":"https:\/\/buletin.de\/bucuresti\/wp-json\/wp\/v2\/posts\/61155","targetHints":{"allow":["GET"]}}],"collection":[{"href":"https:\/\/buletin.de\/bucuresti\/wp-json\/wp\/v2\/posts"}],"about":[{"href":"https:\/\/buletin.de\/bucuresti\/wp-json\/wp\/v2\/types\/post"}],"author":[{"embeddable":true,"href":"https:\/\/buletin.de\/bucuresti\/wp-json\/wp\/v2\/users\/50"}],"replies":[{"embeddable":true,"href":"https:\/\/buletin.de\/bucuresti\/wp-json\/wp\/v2\/comments?post=61155"}],"version-history":[{"count":0,"href":"https:\/\/buletin.de\/bucuresti\/wp-json\/wp\/v2\/posts\/61155\/revisions"}],"wp:featuredmedia":[{"embeddable":true,"href":"https:\/\/buletin.de\/bucuresti\/wp-json\/wp\/v2\/media\/61156"}],"wp:attachment":[{"href":"https:\/\/buletin.de\/bucuresti\/wp-json\/wp\/v2\/media?parent=61155"}],"wp:term":[{"taxonomy":"category","embeddable":true,"href":"https:\/\/buletin.de\/bucuresti\/wp-json\/wp\/v2\/categories?post=61155"},{"taxonomy":"post_tag","embeddable":true,"href":"https:\/\/buletin.de\/bucuresti\/wp-json\/wp\/v2\/tags?post=61155"},{"taxonomy":"author","embeddable":true,"href":"https:\/\/buletin.de\/bucuresti\/wp-json\/wp\/v2\/ppma_author?post=61155"}],"curies":[{"name":"wp","href":"https:\/\/api.w.org\/{rel}","templated":true}]}}