{"id":61077,"date":"2023-07-13T08:32:04","date_gmt":"2023-07-13T06:32:04","guid":{"rendered":"https:\/\/buletin.de\/bucuresti\/lagarele-ilfovului-marius-budai-ministrul-muncii-si-a-dat-demisia\/"},"modified":"2023-07-13T08:32:04","modified_gmt":"2023-07-13T06:32:04","slug":"lagarele-ilfovului-marius-budai-ministrul-muncii-si-a-dat-demisia","status":"publish","type":"post","link":"https:\/\/buletin.de\/bucuresti\/lagarele-ilfovului-marius-budai-ministrul-muncii-si-a-dat-demisia\/","title":{"rendered":"\u201cLag\u0103rele Ilfovului\u201d | Marius Bud\u0103i, ministrul Muncii, \u015fi-a dat demisia"},"content":{"rendered":"\n<p><strong>Marius Bud\u0103i, ministrul Muncii, \u015fi-a dat demisia joi diminea\u0163\u0103, \u00een scandalul declan\u015fat de <a href=\"https:\/\/buletin.de\/bucuresti\/?s=lagarele+ilfovului\">\u201eLag\u0103rele Ilfovului\u201d.<\/a><\/strong><\/p>\n\n\n\n<p>\u201eAm avut ast\u0103zi de diminea\u0163\u0103 o discu\u0163ie cu domnul ministru, Marius Bud\u0103i, care m-a anun\u0163at despre decizia de a-\u015fi depune demisia la finalul acestei \u015fedin\u0163e. Din punctul meu de vedere, este un gest de onoare \u015fi sunt convins c\u0103 aceasta este reac\u0163ia fireasc\u0103 a unui decident politic \u00eentr-o asemenea criz\u0103\u201d, a declarat premierul Marcel Ciolacu, la \u00eenceputul \u015fedin\u0163ei de guvern.<\/p>\n\n\n\n<p>Acesta mai spune c\u0103 13 centre au fost \u00eenchise \u00een urma controalelor din ultimele zile.<\/p>\n\n\n\n<p>\u201eEste c\u00e2t se poate de clar, evident c\u0103 dintr-un cumul de factori, care \u0163in at\u00e2t de stat, c\u00e2t \u015fi de zona privat\u0103, activitatea de protec\u0163ie a persoanelor v\u00e2rstnice \u015fi vulnerabile s-a \u00eendep\u0103rtat dramatic de scopul s\u0103u ini\u0163ial. Aceast\u0103 activitate a devenit o afacere cinic\u0103 \u00een care se urm\u0103re\u015fte profitrul cu orice pre\u0163, deseori chiar prin suferin\u0163e crunte provocate seniorilor no\u015ftri. Am v\u0103zut dezv\u0103luiri ale presei care denot\u0103 c\u0103 nu mai exist\u0103 niciun gram de empatie, de compasiune cu soarta unor oameni pe care via\u0163a i-a lovit at\u00e2t de crud. A\u015fa ceva se va sf\u00e2r\u015fi, oric\u00e2t de multe \u015fi de dure schimb\u0103ri va trebui s\u0103 facem\u201d, a mai declarat premierul Marcel Ciolacu.<\/p>\n\n\n\n<iframe src=\"https:\/\/www.facebook.com\/plugins\/video.php?height=314&#038;href=https%3A%2F%2Fwww.facebook.com%2FCiolacuMarcel%2Fvideos%2F2616435191866282%2F&#038;show_text=true&#038;width=560&#038;t=0\" width=\"560\" height=\"429\" style=\"border:none;overflow:hidden\" scrolling=\"no\" frameborder=\"0\" allowfullscreen=\"true\" allow=\"autoplay; clipboard-write; encrypted-media; picture-in-picture; web-share\" allowFullScreen=\"true\"><\/iframe>\n\n\n\n<p>FOTO: Inquam Photos \/\u00a0<a href=\"https:\/\/inquamphotos.com\/users\/georgecalin\">George\u00a0C\u0103lin<\/a><\/p>\n","protected":false},"excerpt":{"rendered":"<p>Marius Bud\u0103i, ministrul Muncii, \u015fi-a dat demisia joi diminea\u0163\u0103, \u00een scandalul declan\u015fat de \u201eLag\u0103rele Ilfovului\u201d. \u201eAm avut ast\u0103zi de diminea\u0163\u0103 o discu\u0163ie cu domnul ministru, Marius Bud\u0103i, care m-a anun\u0163at despre decizia de a-\u015fi depune demisia la finalul acestei \u015fedin\u0163e. Din punctul meu de vedere, este un gest de onoare \u015fi sunt convins c\u0103 aceasta [&hellip;]<\/p>\n","protected":false},"author":38,"featured_media":61078,"comment_status":"open","ping_status":"open","sticky":false,"template":"","format":"standard","meta":{"_acf_changed":false,"inline_featured_image":false,"ngg_post_thumbnail":0,"footnotes":""},"categories":[62],"tags":[],"ppma_author":[22601],"class_list":["post-61077","post","type-post","status-publish","format-standard","has-post-thumbnail","hentry","category-stiri"],"acf":[],"yoast_head":"<!-- This site is optimized with the Yoast SEO Premium plugin v25.3 (Yoast SEO v27.4) - https:\/\/yoast.com\/product\/yoast-seo-premium-wordpress\/ -->\n<title>\u201cLag\u0103rele Ilfovului\u201d | Marius Bud\u0103i, ministrul Muncii, \u015fi-a dat demisia - Buletin de Bucure\u0219ti<\/title>\n<meta name=\"robots\" content=\"index, follow, max-snippet:-1, max-image-preview:large, max-video-preview:-1\" \/>\n<link rel=\"canonical\" href=\"https:\/\/buletin.de\/bucuresti\/lagarele-ilfovului-marius-budai-ministrul-muncii-si-a-dat-demisia\/\" \/>\n<meta property=\"og:locale\" content=\"en_GB\" \/>\n<meta property=\"og:type\" content=\"article\" \/>\n<meta property=\"og:title\" content=\"\u201cLag\u0103rele Ilfovului\u201d | Marius Bud\u0103i, ministrul Muncii, \u015fi-a dat demisia\" \/>\n<meta property=\"og:description\" content=\"Marius Bud\u0103i, ministrul Muncii, \u015fi-a dat demisia joi diminea\u0163\u0103, \u00een scandalul declan\u015fat de \u201eLag\u0103rele Ilfovului\u201d. \u201eAm avut ast\u0103zi de diminea\u0163\u0103 o discu\u0163ie cu domnul ministru, Marius Bud\u0103i, care m-a anun\u0163at despre decizia de a-\u015fi depune demisia la finalul acestei \u015fedin\u0163e. Din punctul meu de vedere, este un gest de onoare \u015fi sunt convins c\u0103 aceasta [&hellip;]\" \/>\n<meta property=\"og:url\" content=\"https:\/\/buletin.de\/bucuresti\/lagarele-ilfovului-marius-budai-ministrul-muncii-si-a-dat-demisia\/\" \/>\n<meta property=\"og:site_name\" content=\"Buletin de Bucure\u0219ti\" \/>\n<meta property=\"article:publisher\" content=\"https:\/\/www.facebook.com\/buletin.de.buc\" \/>\n<meta property=\"article:published_time\" content=\"2023-07-13T06:32:04+00:00\" \/>\n<meta property=\"og:image\" content=\"https:\/\/buletin.de\/bucuresti\/wp-content\/uploads\/ID226954_INQUAM_Photos_George_Calin.jpg\" \/>\n\t<meta property=\"og:image:width\" content=\"2000\" \/>\n\t<meta property=\"og:image:height\" content=\"1333\" \/>\n\t<meta property=\"og:image:type\" content=\"image\/jpeg\" \/>\n<meta name=\"author\" content=\"Anamaria Nedelcoff\" \/>\n<meta name=\"twitter:card\" content=\"summary_large_image\" \/>\n<meta name=\"twitter:label1\" content=\"Written by\" \/>\n\t<meta name=\"twitter:data1\" content=\"Anamaria Nedelcoff\" \/>\n\t<meta name=\"twitter:label2\" content=\"Estimated reading time\" \/>\n\t<meta name=\"twitter:data2\" content=\"1 minute\" \/>\n<script type=\"application\/ld+json\" class=\"yoast-schema-graph\">{\"@context\":\"https:\\\/\\\/schema.org\",\"@graph\":[{\"@type\":\"Article\",\"@id\":\"https:\\\/\\\/buletin.de\\\/bucuresti\\\/lagarele-ilfovului-marius-budai-ministrul-muncii-si-a-dat-demisia\\\/#article\",\"isPartOf\":{\"@id\":\"https:\\\/\\\/buletin.de\\\/bucuresti\\\/lagarele-ilfovului-marius-budai-ministrul-muncii-si-a-dat-demisia\\\/\"},\"author\":{\"name\":\"Anamaria Nedelcoff\",\"@id\":\"https:\\\/\\\/buletin.de\\\/bucuresti\\\/#\\\/schema\\\/person\\\/bfa22994f12f5d3353b170aca494f1f9\"},\"headline\":\"\u201cLag\u0103rele Ilfovului\u201d | Marius Bud\u0103i, ministrul Muncii, \u015fi-a dat demisia\",\"datePublished\":\"2023-07-13T06:32:04+00:00\",\"mainEntityOfPage\":{\"@id\":\"https:\\\/\\\/buletin.de\\\/bucuresti\\\/lagarele-ilfovului-marius-budai-ministrul-muncii-si-a-dat-demisia\\\/\"},\"wordCount\":249,\"commentCount\":0,\"publisher\":{\"@id\":\"https:\\\/\\\/buletin.de\\\/bucuresti\\\/#organization\"},\"image\":{\"@id\":\"https:\\\/\\\/buletin.de\\\/bucuresti\\\/lagarele-ilfovului-marius-budai-ministrul-muncii-si-a-dat-demisia\\\/#primaryimage\"},\"thumbnailUrl\":\"https:\\\/\\\/buletin.de\\\/bucuresti\\\/wp-content\\\/uploads\\\/ID226954_INQUAM_Photos_George_Calin.jpg\",\"articleSection\":[\"\u0218tiri\"],\"inLanguage\":\"en-GB\",\"potentialAction\":[{\"@type\":\"CommentAction\",\"name\":\"Comment\",\"target\":[\"https:\\\/\\\/buletin.de\\\/bucuresti\\\/lagarele-ilfovului-marius-budai-ministrul-muncii-si-a-dat-demisia\\\/#respond\"]}],\"copyrightYear\":\"2023\",\"copyrightHolder\":{\"@id\":\"https:\\\/\\\/buletin.de\\\/bucuresti\\\/#organization\"}},{\"@type\":\"WebPage\",\"@id\":\"https:\\\/\\\/buletin.de\\\/bucuresti\\\/lagarele-ilfovului-marius-budai-ministrul-muncii-si-a-dat-demisia\\\/\",\"url\":\"https:\\\/\\\/buletin.de\\\/bucuresti\\\/lagarele-ilfovului-marius-budai-ministrul-muncii-si-a-dat-demisia\\\/\",\"name\":\"\u201cLag\u0103rele Ilfovului\u201d | Marius Bud\u0103i, ministrul Muncii, \u015fi-a dat demisia - Buletin de Bucure\u0219ti\",\"isPartOf\":{\"@id\":\"https:\\\/\\\/buletin.de\\\/bucuresti\\\/#website\"},\"primaryImageOfPage\":{\"@id\":\"https:\\\/\\\/buletin.de\\\/bucuresti\\\/lagarele-ilfovului-marius-budai-ministrul-muncii-si-a-dat-demisia\\\/#primaryimage\"},\"image\":{\"@id\":\"https:\\\/\\\/buletin.de\\\/bucuresti\\\/lagarele-ilfovului-marius-budai-ministrul-muncii-si-a-dat-demisia\\\/#primaryimage\"},\"thumbnailUrl\":\"https:\\\/\\\/buletin.de\\\/bucuresti\\\/wp-content\\\/uploads\\\/ID226954_INQUAM_Photos_George_Calin.jpg\",\"datePublished\":\"2023-07-13T06:32:04+00:00\",\"breadcrumb\":{\"@id\":\"https:\\\/\\\/buletin.de\\\/bucuresti\\\/lagarele-ilfovului-marius-budai-ministrul-muncii-si-a-dat-demisia\\\/#breadcrumb\"},\"inLanguage\":\"en-GB\",\"potentialAction\":[{\"@type\":\"ReadAction\",\"target\":[\"https:\\\/\\\/buletin.de\\\/bucuresti\\\/lagarele-ilfovului-marius-budai-ministrul-muncii-si-a-dat-demisia\\\/\"]}]},{\"@type\":\"ImageObject\",\"inLanguage\":\"en-GB\",\"@id\":\"https:\\\/\\\/buletin.de\\\/bucuresti\\\/lagarele-ilfovului-marius-budai-ministrul-muncii-si-a-dat-demisia\\\/#primaryimage\",\"url\":\"https:\\\/\\\/buletin.de\\\/bucuresti\\\/wp-content\\\/uploads\\\/ID226954_INQUAM_Photos_George_Calin.jpg\",\"contentUrl\":\"https:\\\/\\\/buletin.de\\\/bucuresti\\\/wp-content\\\/uploads\\\/ID226954_INQUAM_Photos_George_Calin.jpg\",\"width\":2000,\"height\":1333,\"caption\":\"Marius Budai, ministrul Muncii, sustine o conferinta de presa despre cazul centrelor de batrani din Ilfov, dupa sedinta de guvern, la Palatul Victoria din Bucuresti, 7 iulie 2023. Inquam Photos \\\/ George Calin\"},{\"@type\":\"BreadcrumbList\",\"@id\":\"https:\\\/\\\/buletin.de\\\/bucuresti\\\/lagarele-ilfovului-marius-budai-ministrul-muncii-si-a-dat-demisia\\\/#breadcrumb\",\"itemListElement\":[{\"@type\":\"ListItem\",\"position\":1,\"name\":\"Acas\u0103\",\"item\":\"https:\\\/\\\/buletin.de\\\/bucuresti\\\/\"},{\"@type\":\"ListItem\",\"position\":2,\"name\":\"\u201cLag\u0103rele Ilfovului\u201d | Marius Bud\u0103i, ministrul Muncii, \u015fi-a dat demisia\"}]},{\"@type\":\"WebSite\",\"@id\":\"https:\\\/\\\/buletin.de\\\/bucuresti\\\/#website\",\"url\":\"https:\\\/\\\/buletin.de\\\/bucuresti\\\/\",\"name\":\"Buletin de Bucure\u0219ti\",\"description\":\"\u0218tiri \u0219i investiga\u021bii esen\u021biale din capital\u0103\",\"publisher\":{\"@id\":\"https:\\\/\\\/buletin.de\\\/bucuresti\\\/#organization\"},\"potentialAction\":[{\"@type\":\"SearchAction\",\"target\":{\"@type\":\"EntryPoint\",\"urlTemplate\":\"https:\\\/\\\/buletin.de\\\/bucuresti\\\/?s={search_term_string}\"},\"query-input\":{\"@type\":\"PropertyValueSpecification\",\"valueRequired\":true,\"valueName\":\"search_term_string\"}}],\"inLanguage\":\"en-GB\"},{\"@type\":\"Organization\",\"@id\":\"https:\\\/\\\/buletin.de\\\/bucuresti\\\/#organization\",\"name\":\"Buletin de Bucure\u0219ti\",\"url\":\"https:\\\/\\\/buletin.de\\\/bucuresti\\\/\",\"logo\":{\"@type\":\"ImageObject\",\"inLanguage\":\"en-GB\",\"@id\":\"https:\\\/\\\/buletin.de\\\/bucuresti\\\/#\\\/schema\\\/logo\\\/image\\\/\",\"url\":\"https:\\\/\\\/buletin.de\\\/bucuresti\\\/wp-content\\\/uploads\\\/logo-bdb-full-wide-vernil-transparent.png\",\"contentUrl\":\"https:\\\/\\\/buletin.de\\\/bucuresti\\\/wp-content\\\/uploads\\\/logo-bdb-full-wide-vernil-transparent.png\",\"width\":1782,\"height\":626,\"caption\":\"Buletin de Bucure\u0219ti\"},\"image\":{\"@id\":\"https:\\\/\\\/buletin.de\\\/bucuresti\\\/#\\\/schema\\\/logo\\\/image\\\/\"},\"sameAs\":[\"https:\\\/\\\/www.facebook.com\\\/buletin.de.buc\",\"https:\\\/\\\/www.instagram.com\\\/buletinde.bucuresti\\\/\"]},{\"@type\":\"Person\",\"@id\":\"https:\\\/\\\/buletin.de\\\/bucuresti\\\/#\\\/schema\\\/person\\\/bfa22994f12f5d3353b170aca494f1f9\",\"name\":\"Anamaria Nedelcoff\",\"image\":{\"@type\":\"ImageObject\",\"inLanguage\":\"en-GB\",\"@id\":\"https:\\\/\\\/secure.gravatar.com\\\/avatar\\\/409df91a26b98006111557131cc35236962765b734317e1dcf94c6bc1d010629?s=96&d=monsterid&r=g9bc3ae6c8e1522e913d1a0debd6aec89\",\"url\":\"https:\\\/\\\/secure.gravatar.com\\\/avatar\\\/409df91a26b98006111557131cc35236962765b734317e1dcf94c6bc1d010629?s=96&d=monsterid&r=g\",\"contentUrl\":\"https:\\\/\\\/secure.gravatar.com\\\/avatar\\\/409df91a26b98006111557131cc35236962765b734317e1dcf94c6bc1d010629?s=96&d=monsterid&r=g\",\"caption\":\"Anamaria Nedelcoff\"},\"url\":\"https:\\\/\\\/buletin.de\\\/bucuresti\\\/author\\\/nedelcoff\\\/\"}]}<\/script>\n<!-- \/ Yoast SEO Premium plugin. -->","yoast_head_json":{"title":"\u201cLag\u0103rele Ilfovului\u201d | Marius Bud\u0103i, ministrul Muncii, \u015fi-a dat demisia - Buletin de Bucure\u0219ti","robots":{"index":"index","follow":"follow","max-snippet":"max-snippet:-1","max-image-preview":"max-image-preview:large","max-video-preview":"max-video-preview:-1"},"canonical":"https:\/\/buletin.de\/bucuresti\/lagarele-ilfovului-marius-budai-ministrul-muncii-si-a-dat-demisia\/","og_locale":"en_GB","og_type":"article","og_title":"\u201cLag\u0103rele Ilfovului\u201d | Marius Bud\u0103i, ministrul Muncii, \u015fi-a dat demisia","og_description":"Marius Bud\u0103i, ministrul Muncii, \u015fi-a dat demisia joi diminea\u0163\u0103, \u00een scandalul declan\u015fat de \u201eLag\u0103rele Ilfovului\u201d. \u201eAm avut ast\u0103zi de diminea\u0163\u0103 o discu\u0163ie cu domnul ministru, Marius Bud\u0103i, care m-a anun\u0163at despre decizia de a-\u015fi depune demisia la finalul acestei \u015fedin\u0163e. Din punctul meu de vedere, este un gest de onoare \u015fi sunt convins c\u0103 aceasta [&hellip;]","og_url":"https:\/\/buletin.de\/bucuresti\/lagarele-ilfovului-marius-budai-ministrul-muncii-si-a-dat-demisia\/","og_site_name":"Buletin de Bucure\u0219ti","article_publisher":"https:\/\/www.facebook.com\/buletin.de.buc","article_published_time":"2023-07-13T06:32:04+00:00","og_image":[{"width":2000,"height":1333,"url":"https:\/\/buletin.de\/bucuresti\/wp-content\/uploads\/ID226954_INQUAM_Photos_George_Calin.jpg","type":"image\/jpeg"}],"author":"Anamaria Nedelcoff","twitter_card":"summary_large_image","twitter_misc":{"Written by":"Anamaria Nedelcoff","Estimated reading time":"1 minute"},"schema":{"@context":"https:\/\/schema.org","@graph":[{"@type":"Article","@id":"https:\/\/buletin.de\/bucuresti\/lagarele-ilfovului-marius-budai-ministrul-muncii-si-a-dat-demisia\/#article","isPartOf":{"@id":"https:\/\/buletin.de\/bucuresti\/lagarele-ilfovului-marius-budai-ministrul-muncii-si-a-dat-demisia\/"},"author":{"name":"Anamaria Nedelcoff","@id":"https:\/\/buletin.de\/bucuresti\/#\/schema\/person\/bfa22994f12f5d3353b170aca494f1f9"},"headline":"\u201cLag\u0103rele Ilfovului\u201d | Marius Bud\u0103i, ministrul Muncii, \u015fi-a dat demisia","datePublished":"2023-07-13T06:32:04+00:00","mainEntityOfPage":{"@id":"https:\/\/buletin.de\/bucuresti\/lagarele-ilfovului-marius-budai-ministrul-muncii-si-a-dat-demisia\/"},"wordCount":249,"commentCount":0,"publisher":{"@id":"https:\/\/buletin.de\/bucuresti\/#organization"},"image":{"@id":"https:\/\/buletin.de\/bucuresti\/lagarele-ilfovului-marius-budai-ministrul-muncii-si-a-dat-demisia\/#primaryimage"},"thumbnailUrl":"https:\/\/buletin.de\/bucuresti\/wp-content\/uploads\/ID226954_INQUAM_Photos_George_Calin.jpg","articleSection":["\u0218tiri"],"inLanguage":"en-GB","potentialAction":[{"@type":"CommentAction","name":"Comment","target":["https:\/\/buletin.de\/bucuresti\/lagarele-ilfovului-marius-budai-ministrul-muncii-si-a-dat-demisia\/#respond"]}],"copyrightYear":"2023","copyrightHolder":{"@id":"https:\/\/buletin.de\/bucuresti\/#organization"}},{"@type":"WebPage","@id":"https:\/\/buletin.de\/bucuresti\/lagarele-ilfovului-marius-budai-ministrul-muncii-si-a-dat-demisia\/","url":"https:\/\/buletin.de\/bucuresti\/lagarele-ilfovului-marius-budai-ministrul-muncii-si-a-dat-demisia\/","name":"\u201cLag\u0103rele Ilfovului\u201d | Marius Bud\u0103i, ministrul Muncii, \u015fi-a dat demisia - Buletin de Bucure\u0219ti","isPartOf":{"@id":"https:\/\/buletin.de\/bucuresti\/#website"},"primaryImageOfPage":{"@id":"https:\/\/buletin.de\/bucuresti\/lagarele-ilfovului-marius-budai-ministrul-muncii-si-a-dat-demisia\/#primaryimage"},"image":{"@id":"https:\/\/buletin.de\/bucuresti\/lagarele-ilfovului-marius-budai-ministrul-muncii-si-a-dat-demisia\/#primaryimage"},"thumbnailUrl":"https:\/\/buletin.de\/bucuresti\/wp-content\/uploads\/ID226954_INQUAM_Photos_George_Calin.jpg","datePublished":"2023-07-13T06:32:04+00:00","breadcrumb":{"@id":"https:\/\/buletin.de\/bucuresti\/lagarele-ilfovului-marius-budai-ministrul-muncii-si-a-dat-demisia\/#breadcrumb"},"inLanguage":"en-GB","potentialAction":[{"@type":"ReadAction","target":["https:\/\/buletin.de\/bucuresti\/lagarele-ilfovului-marius-budai-ministrul-muncii-si-a-dat-demisia\/"]}]},{"@type":"ImageObject","inLanguage":"en-GB","@id":"https:\/\/buletin.de\/bucuresti\/lagarele-ilfovului-marius-budai-ministrul-muncii-si-a-dat-demisia\/#primaryimage","url":"https:\/\/buletin.de\/bucuresti\/wp-content\/uploads\/ID226954_INQUAM_Photos_George_Calin.jpg","contentUrl":"https:\/\/buletin.de\/bucuresti\/wp-content\/uploads\/ID226954_INQUAM_Photos_George_Calin.jpg","width":2000,"height":1333,"caption":"Marius Budai, ministrul Muncii, sustine o conferinta de presa despre cazul centrelor de batrani din Ilfov, dupa sedinta de guvern, la Palatul Victoria din Bucuresti, 7 iulie 2023. Inquam Photos \/ George Calin"},{"@type":"BreadcrumbList","@id":"https:\/\/buletin.de\/bucuresti\/lagarele-ilfovului-marius-budai-ministrul-muncii-si-a-dat-demisia\/#breadcrumb","itemListElement":[{"@type":"ListItem","position":1,"name":"Acas\u0103","item":"https:\/\/buletin.de\/bucuresti\/"},{"@type":"ListItem","position":2,"name":"\u201cLag\u0103rele Ilfovului\u201d | Marius Bud\u0103i, ministrul Muncii, \u015fi-a dat demisia"}]},{"@type":"WebSite","@id":"https:\/\/buletin.de\/bucuresti\/#website","url":"https:\/\/buletin.de\/bucuresti\/","name":"Buletin de Bucure\u0219ti","description":"\u0218tiri \u0219i investiga\u021bii esen\u021biale din capital\u0103","publisher":{"@id":"https:\/\/buletin.de\/bucuresti\/#organization"},"potentialAction":[{"@type":"SearchAction","target":{"@type":"EntryPoint","urlTemplate":"https:\/\/buletin.de\/bucuresti\/?s={search_term_string}"},"query-input":{"@type":"PropertyValueSpecification","valueRequired":true,"valueName":"search_term_string"}}],"inLanguage":"en-GB"},{"@type":"Organization","@id":"https:\/\/buletin.de\/bucuresti\/#organization","name":"Buletin de Bucure\u0219ti","url":"https:\/\/buletin.de\/bucuresti\/","logo":{"@type":"ImageObject","inLanguage":"en-GB","@id":"https:\/\/buletin.de\/bucuresti\/#\/schema\/logo\/image\/","url":"https:\/\/buletin.de\/bucuresti\/wp-content\/uploads\/logo-bdb-full-wide-vernil-transparent.png","contentUrl":"https:\/\/buletin.de\/bucuresti\/wp-content\/uploads\/logo-bdb-full-wide-vernil-transparent.png","width":1782,"height":626,"caption":"Buletin de Bucure\u0219ti"},"image":{"@id":"https:\/\/buletin.de\/bucuresti\/#\/schema\/logo\/image\/"},"sameAs":["https:\/\/www.facebook.com\/buletin.de.buc","https:\/\/www.instagram.com\/buletinde.bucuresti\/"]},{"@type":"Person","@id":"https:\/\/buletin.de\/bucuresti\/#\/schema\/person\/bfa22994f12f5d3353b170aca494f1f9","name":"Anamaria Nedelcoff","image":{"@type":"ImageObject","inLanguage":"en-GB","@id":"https:\/\/secure.gravatar.com\/avatar\/409df91a26b98006111557131cc35236962765b734317e1dcf94c6bc1d010629?s=96&d=monsterid&r=g9bc3ae6c8e1522e913d1a0debd6aec89","url":"https:\/\/secure.gravatar.com\/avatar\/409df91a26b98006111557131cc35236962765b734317e1dcf94c6bc1d010629?s=96&d=monsterid&r=g","contentUrl":"https:\/\/secure.gravatar.com\/avatar\/409df91a26b98006111557131cc35236962765b734317e1dcf94c6bc1d010629?s=96&d=monsterid&r=g","caption":"Anamaria Nedelcoff"},"url":"https:\/\/buletin.de\/bucuresti\/author\/nedelcoff\/"}]}},"authors":[{"term_id":22601,"user_id":38,"is_guest":0,"slug":"nedelcoff","display_name":"Anamaria Nedelcoff","avatar_url":"https:\/\/secure.gravatar.com\/avatar\/409df91a26b98006111557131cc35236962765b734317e1dcf94c6bc1d010629?s=96&d=monsterid&r=g","0":null,"1":"","2":"","3":"","4":"","5":"","6":"","7":"","8":""}],"_links":{"self":[{"href":"https:\/\/buletin.de\/bucuresti\/wp-json\/wp\/v2\/posts\/61077","targetHints":{"allow":["GET"]}}],"collection":[{"href":"https:\/\/buletin.de\/bucuresti\/wp-json\/wp\/v2\/posts"}],"about":[{"href":"https:\/\/buletin.de\/bucuresti\/wp-json\/wp\/v2\/types\/post"}],"author":[{"embeddable":true,"href":"https:\/\/buletin.de\/bucuresti\/wp-json\/wp\/v2\/users\/38"}],"replies":[{"embeddable":true,"href":"https:\/\/buletin.de\/bucuresti\/wp-json\/wp\/v2\/comments?post=61077"}],"version-history":[{"count":0,"href":"https:\/\/buletin.de\/bucuresti\/wp-json\/wp\/v2\/posts\/61077\/revisions"}],"wp:featuredmedia":[{"embeddable":true,"href":"https:\/\/buletin.de\/bucuresti\/wp-json\/wp\/v2\/media\/61078"}],"wp:attachment":[{"href":"https:\/\/buletin.de\/bucuresti\/wp-json\/wp\/v2\/media?parent=61077"}],"wp:term":[{"taxonomy":"category","embeddable":true,"href":"https:\/\/buletin.de\/bucuresti\/wp-json\/wp\/v2\/categories?post=61077"},{"taxonomy":"post_tag","embeddable":true,"href":"https:\/\/buletin.de\/bucuresti\/wp-json\/wp\/v2\/tags?post=61077"},{"taxonomy":"author","embeddable":true,"href":"https:\/\/buletin.de\/bucuresti\/wp-json\/wp\/v2\/ppma_author?post=61077"}],"curies":[{"name":"wp","href":"https:\/\/api.w.org\/{rel}","templated":true}]}}