{"id":61075,"date":"2023-07-13T06:44:45","date_gmt":"2023-07-13T04:44:45","guid":{"rendered":"https:\/\/buletin.de\/bucuresti\/lagarele-ilfovului-perchezitii-dna-la-ajpis-ilfov-si-acasa-la-functionari-publici\/"},"modified":"2023-07-13T06:44:45","modified_gmt":"2023-07-13T04:44:45","slug":"lagarele-ilfovului-perchezitii-dna-la-ajpis-ilfov-si-acasa-la-functionari-publici","status":"publish","type":"post","link":"https:\/\/buletin.de\/bucuresti\/lagarele-ilfovului-perchezitii-dna-la-ajpis-ilfov-si-acasa-la-functionari-publici\/","title":{"rendered":"&#8220;Lag\u0103rele Ilfovului&#8221; | Perchezi\u0163ii DNA la AJPIS Ilfov \u015fi acas\u0103 la func\u0163ionari publici"},"content":{"rendered":"\n<p><strong>Procurorii anticorup\u0163ie fac mai multe perchezi\u0163ii \u00een aceast\u0103 diminea\u0163\u0103 la sediul Agen\u0163iei Jude\u0163ene de Pl\u0103\u0163i \u015fi Inspec\u0163ie Social\u0103 (AJPIS) Ilfov, la Centrul de b\u0103tr\u00e2ni Armonia \u015fi acas\u0103 la ni\u015fte func\u0163ionari publici, \u00eentr-un dosar legat de neregulile descoperite \u00een <a href=\"https:\/\/buletin.de\/bucuresti\/?s=lagarele+ilfovului\">\u201cLag\u0103rele Ilfovului\u201d.<\/a><\/strong><\/p>\n\n\n\n<p>\u00cen cadrul acestor perchezi\u0163ii sunt viza\u0163i doi angaja\u0163i ai AJPIS, b\u0103nui\u0163i de procurori c\u0103 l-ar fi ajutat pe <a href=\"https:\/\/buletin.de\/bucuresti\/?s=stefan+godei\">\u015etefan Godei<\/a> s\u0103 acopere neregulile constatate la azilul de b\u0103tr\u00e2ni.<\/p>\n\n\n\n<p>\u201cProcurorii sus\u021bin c\u0103 cei doi func\u021bionari l-ar fi ajutat pe Godei s\u0103 mute b\u0103tr\u00e2nii din azil ca `marfa dintr-un depozit` pentru care Centrul Armonia s\u0103 par\u0103 c\u0103 \u00eendepline\u0219te condi\u021biile legale de func\u021bionare\u201d, <a href=\"https:\/\/www.g4media.ro\/breaking-perchezitii-dna-legate-de-azilele-groazei.html\">precizeaz\u0103 G4Media.ro.<\/a><\/p>\n\n\n\n<p>\u00cen urm\u0103 cu trei zile, Nela Decusar\u0103, \u015fefa AJPIS Ilfov, a fost demis\u0103 din func\u0163ie \u00een urma scandalului azilelor de b\u0103tr\u00e2ni.<\/p>\n\n\n\n<p>AJPIS Ilfov este o institu\u021bie \u00een subordinea Ministerului Muncii care are rolul de a verifica modul \u00een care centrele sociale respect\u0103 legisla\u021bia.<\/p>\n","protected":false},"excerpt":{"rendered":"<p>Procurorii anticorup\u0163ie fac mai multe perchezi\u0163ii \u00een aceast\u0103 diminea\u0163\u0103 la sediul Agen\u0163iei Jude\u0163ene de Pl\u0103\u0163i \u015fi Inspec\u0163ie Social\u0103 (AJPIS) Ilfov, la Centrul de b\u0103tr\u00e2ni Armonia \u015fi acas\u0103 la ni\u015fte func\u0163ionari publici, \u00eentr-un dosar legat de neregulile descoperite \u00een \u201cLag\u0103rele Ilfovului\u201d. \u00cen cadrul acestor perchezi\u0163ii sunt viza\u0163i doi angaja\u0163i ai AJPIS, b\u0103nui\u0163i de procurori c\u0103 l-ar [&hellip;]<\/p>\n","protected":false},"author":38,"featured_media":61076,"comment_status":"open","ping_status":"open","sticky":false,"template":"","format":"standard","meta":{"_acf_changed":false,"inline_featured_image":false,"ngg_post_thumbnail":0,"footnotes":""},"categories":[62],"tags":[6353,875,6277,1983],"ppma_author":[22601],"class_list":["post-61075","post","type-post","status-publish","format-standard","has-post-thumbnail","hentry","category-stiri","tag-ajpis-ilfov","tag-dna","tag-lagarele-ilfovului","tag-perchezitii"],"acf":[],"yoast_head":"<!-- This site is optimized with the Yoast SEO Premium plugin v25.3 (Yoast SEO v27.4) - https:\/\/yoast.com\/product\/yoast-seo-premium-wordpress\/ -->\n<title>&quot;Lag\u0103rele Ilfovului&quot; | Perchezi\u0163ii DNA la AJPIS Ilfov \u015fi acas\u0103 la func\u0163ionari publici - Buletin de Bucure\u0219ti<\/title>\n<meta name=\"robots\" content=\"index, follow, max-snippet:-1, max-image-preview:large, max-video-preview:-1\" \/>\n<link rel=\"canonical\" href=\"https:\/\/buletin.de\/bucuresti\/lagarele-ilfovului-perchezitii-dna-la-ajpis-ilfov-si-acasa-la-functionari-publici\/\" \/>\n<meta property=\"og:locale\" content=\"en_GB\" \/>\n<meta property=\"og:type\" content=\"article\" \/>\n<meta property=\"og:title\" content=\"&quot;Lag\u0103rele Ilfovului&quot; | Perchezi\u0163ii DNA la AJPIS Ilfov \u015fi acas\u0103 la func\u0163ionari publici\" \/>\n<meta property=\"og:description\" content=\"Procurorii anticorup\u0163ie fac mai multe perchezi\u0163ii \u00een aceast\u0103 diminea\u0163\u0103 la sediul Agen\u0163iei Jude\u0163ene de Pl\u0103\u0163i \u015fi Inspec\u0163ie Social\u0103 (AJPIS) Ilfov, la Centrul de b\u0103tr\u00e2ni Armonia \u015fi acas\u0103 la ni\u015fte func\u0163ionari publici, \u00eentr-un dosar legat de neregulile descoperite \u00een \u201cLag\u0103rele Ilfovului\u201d. \u00cen cadrul acestor perchezi\u0163ii sunt viza\u0163i doi angaja\u0163i ai AJPIS, b\u0103nui\u0163i de procurori c\u0103 l-ar [&hellip;]\" \/>\n<meta property=\"og:url\" content=\"https:\/\/buletin.de\/bucuresti\/lagarele-ilfovului-perchezitii-dna-la-ajpis-ilfov-si-acasa-la-functionari-publici\/\" \/>\n<meta property=\"og:site_name\" content=\"Buletin de Bucure\u0219ti\" \/>\n<meta property=\"article:publisher\" content=\"https:\/\/www.facebook.com\/buletin.de.buc\" \/>\n<meta property=\"article:published_time\" content=\"2023-07-13T04:44:45+00:00\" \/>\n<meta property=\"og:image\" content=\"https:\/\/buletin.de\/bucuresti\/wp-content\/uploads\/politiaaa-2.jpg\" \/>\n\t<meta property=\"og:image:width\" content=\"964\" \/>\n\t<meta property=\"og:image:height\" content=\"1063\" \/>\n\t<meta property=\"og:image:type\" content=\"image\/jpeg\" \/>\n<meta name=\"author\" content=\"Anamaria Nedelcoff\" \/>\n<meta name=\"twitter:card\" content=\"summary_large_image\" \/>\n<meta name=\"twitter:label1\" content=\"Written by\" \/>\n\t<meta name=\"twitter:data1\" content=\"Anamaria Nedelcoff\" \/>\n\t<meta name=\"twitter:label2\" content=\"Estimated reading time\" \/>\n\t<meta name=\"twitter:data2\" content=\"1 minute\" \/>\n<script type=\"application\/ld+json\" class=\"yoast-schema-graph\">{\"@context\":\"https:\\\/\\\/schema.org\",\"@graph\":[{\"@type\":\"Article\",\"@id\":\"https:\\\/\\\/buletin.de\\\/bucuresti\\\/lagarele-ilfovului-perchezitii-dna-la-ajpis-ilfov-si-acasa-la-functionari-publici\\\/#article\",\"isPartOf\":{\"@id\":\"https:\\\/\\\/buletin.de\\\/bucuresti\\\/lagarele-ilfovului-perchezitii-dna-la-ajpis-ilfov-si-acasa-la-functionari-publici\\\/\"},\"author\":{\"name\":\"Anamaria Nedelcoff\",\"@id\":\"https:\\\/\\\/buletin.de\\\/bucuresti\\\/#\\\/schema\\\/person\\\/bfa22994f12f5d3353b170aca494f1f9\"},\"headline\":\"&#8220;Lag\u0103rele Ilfovului&#8221; | Perchezi\u0163ii DNA la AJPIS Ilfov \u015fi acas\u0103 la func\u0163ionari publici\",\"datePublished\":\"2023-07-13T04:44:45+00:00\",\"mainEntityOfPage\":{\"@id\":\"https:\\\/\\\/buletin.de\\\/bucuresti\\\/lagarele-ilfovului-perchezitii-dna-la-ajpis-ilfov-si-acasa-la-functionari-publici\\\/\"},\"wordCount\":192,\"commentCount\":0,\"publisher\":{\"@id\":\"https:\\\/\\\/buletin.de\\\/bucuresti\\\/#organization\"},\"image\":{\"@id\":\"https:\\\/\\\/buletin.de\\\/bucuresti\\\/lagarele-ilfovului-perchezitii-dna-la-ajpis-ilfov-si-acasa-la-functionari-publici\\\/#primaryimage\"},\"thumbnailUrl\":\"https:\\\/\\\/buletin.de\\\/bucuresti\\\/wp-content\\\/uploads\\\/politiaaa-2.jpg\",\"keywords\":[\"AJPIS Ilfov\",\"dna\",\"lagarele ilfovului\",\"perchezitii\"],\"articleSection\":[\"\u0218tiri\"],\"inLanguage\":\"en-GB\",\"potentialAction\":[{\"@type\":\"CommentAction\",\"name\":\"Comment\",\"target\":[\"https:\\\/\\\/buletin.de\\\/bucuresti\\\/lagarele-ilfovului-perchezitii-dna-la-ajpis-ilfov-si-acasa-la-functionari-publici\\\/#respond\"]}],\"copyrightYear\":\"2023\",\"copyrightHolder\":{\"@id\":\"https:\\\/\\\/buletin.de\\\/bucuresti\\\/#organization\"}},{\"@type\":\"WebPage\",\"@id\":\"https:\\\/\\\/buletin.de\\\/bucuresti\\\/lagarele-ilfovului-perchezitii-dna-la-ajpis-ilfov-si-acasa-la-functionari-publici\\\/\",\"url\":\"https:\\\/\\\/buletin.de\\\/bucuresti\\\/lagarele-ilfovului-perchezitii-dna-la-ajpis-ilfov-si-acasa-la-functionari-publici\\\/\",\"name\":\"\\\"Lag\u0103rele Ilfovului\\\" | Perchezi\u0163ii DNA la AJPIS Ilfov \u015fi acas\u0103 la func\u0163ionari publici - Buletin de Bucure\u0219ti\",\"isPartOf\":{\"@id\":\"https:\\\/\\\/buletin.de\\\/bucuresti\\\/#website\"},\"primaryImageOfPage\":{\"@id\":\"https:\\\/\\\/buletin.de\\\/bucuresti\\\/lagarele-ilfovului-perchezitii-dna-la-ajpis-ilfov-si-acasa-la-functionari-publici\\\/#primaryimage\"},\"image\":{\"@id\":\"https:\\\/\\\/buletin.de\\\/bucuresti\\\/lagarele-ilfovului-perchezitii-dna-la-ajpis-ilfov-si-acasa-la-functionari-publici\\\/#primaryimage\"},\"thumbnailUrl\":\"https:\\\/\\\/buletin.de\\\/bucuresti\\\/wp-content\\\/uploads\\\/politiaaa-2.jpg\",\"datePublished\":\"2023-07-13T04:44:45+00:00\",\"breadcrumb\":{\"@id\":\"https:\\\/\\\/buletin.de\\\/bucuresti\\\/lagarele-ilfovului-perchezitii-dna-la-ajpis-ilfov-si-acasa-la-functionari-publici\\\/#breadcrumb\"},\"inLanguage\":\"en-GB\",\"potentialAction\":[{\"@type\":\"ReadAction\",\"target\":[\"https:\\\/\\\/buletin.de\\\/bucuresti\\\/lagarele-ilfovului-perchezitii-dna-la-ajpis-ilfov-si-acasa-la-functionari-publici\\\/\"]}]},{\"@type\":\"ImageObject\",\"inLanguage\":\"en-GB\",\"@id\":\"https:\\\/\\\/buletin.de\\\/bucuresti\\\/lagarele-ilfovului-perchezitii-dna-la-ajpis-ilfov-si-acasa-la-functionari-publici\\\/#primaryimage\",\"url\":\"https:\\\/\\\/buletin.de\\\/bucuresti\\\/wp-content\\\/uploads\\\/politiaaa-2.jpg\",\"contentUrl\":\"https:\\\/\\\/buletin.de\\\/bucuresti\\\/wp-content\\\/uploads\\\/politiaaa-2.jpg\",\"width\":964,\"height\":1063},{\"@type\":\"BreadcrumbList\",\"@id\":\"https:\\\/\\\/buletin.de\\\/bucuresti\\\/lagarele-ilfovului-perchezitii-dna-la-ajpis-ilfov-si-acasa-la-functionari-publici\\\/#breadcrumb\",\"itemListElement\":[{\"@type\":\"ListItem\",\"position\":1,\"name\":\"Acas\u0103\",\"item\":\"https:\\\/\\\/buletin.de\\\/bucuresti\\\/\"},{\"@type\":\"ListItem\",\"position\":2,\"name\":\"&#8220;Lag\u0103rele Ilfovului&#8221; | Perchezi\u0163ii DNA la AJPIS Ilfov \u015fi acas\u0103 la func\u0163ionari publici\"}]},{\"@type\":\"WebSite\",\"@id\":\"https:\\\/\\\/buletin.de\\\/bucuresti\\\/#website\",\"url\":\"https:\\\/\\\/buletin.de\\\/bucuresti\\\/\",\"name\":\"Buletin de Bucure\u0219ti\",\"description\":\"\u0218tiri \u0219i investiga\u021bii esen\u021biale din capital\u0103\",\"publisher\":{\"@id\":\"https:\\\/\\\/buletin.de\\\/bucuresti\\\/#organization\"},\"potentialAction\":[{\"@type\":\"SearchAction\",\"target\":{\"@type\":\"EntryPoint\",\"urlTemplate\":\"https:\\\/\\\/buletin.de\\\/bucuresti\\\/?s={search_term_string}\"},\"query-input\":{\"@type\":\"PropertyValueSpecification\",\"valueRequired\":true,\"valueName\":\"search_term_string\"}}],\"inLanguage\":\"en-GB\"},{\"@type\":\"Organization\",\"@id\":\"https:\\\/\\\/buletin.de\\\/bucuresti\\\/#organization\",\"name\":\"Buletin de Bucure\u0219ti\",\"url\":\"https:\\\/\\\/buletin.de\\\/bucuresti\\\/\",\"logo\":{\"@type\":\"ImageObject\",\"inLanguage\":\"en-GB\",\"@id\":\"https:\\\/\\\/buletin.de\\\/bucuresti\\\/#\\\/schema\\\/logo\\\/image\\\/\",\"url\":\"https:\\\/\\\/buletin.de\\\/bucuresti\\\/wp-content\\\/uploads\\\/logo-bdb-full-wide-vernil-transparent.png\",\"contentUrl\":\"https:\\\/\\\/buletin.de\\\/bucuresti\\\/wp-content\\\/uploads\\\/logo-bdb-full-wide-vernil-transparent.png\",\"width\":1782,\"height\":626,\"caption\":\"Buletin de Bucure\u0219ti\"},\"image\":{\"@id\":\"https:\\\/\\\/buletin.de\\\/bucuresti\\\/#\\\/schema\\\/logo\\\/image\\\/\"},\"sameAs\":[\"https:\\\/\\\/www.facebook.com\\\/buletin.de.buc\",\"https:\\\/\\\/www.instagram.com\\\/buletinde.bucuresti\\\/\"]},{\"@type\":\"Person\",\"@id\":\"https:\\\/\\\/buletin.de\\\/bucuresti\\\/#\\\/schema\\\/person\\\/bfa22994f12f5d3353b170aca494f1f9\",\"name\":\"Anamaria Nedelcoff\",\"image\":{\"@type\":\"ImageObject\",\"inLanguage\":\"en-GB\",\"@id\":\"https:\\\/\\\/secure.gravatar.com\\\/avatar\\\/409df91a26b98006111557131cc35236962765b734317e1dcf94c6bc1d010629?s=96&d=monsterid&r=g9bc3ae6c8e1522e913d1a0debd6aec89\",\"url\":\"https:\\\/\\\/secure.gravatar.com\\\/avatar\\\/409df91a26b98006111557131cc35236962765b734317e1dcf94c6bc1d010629?s=96&d=monsterid&r=g\",\"contentUrl\":\"https:\\\/\\\/secure.gravatar.com\\\/avatar\\\/409df91a26b98006111557131cc35236962765b734317e1dcf94c6bc1d010629?s=96&d=monsterid&r=g\",\"caption\":\"Anamaria Nedelcoff\"},\"url\":\"https:\\\/\\\/buletin.de\\\/bucuresti\\\/author\\\/nedelcoff\\\/\"}]}<\/script>\n<!-- \/ Yoast SEO Premium plugin. -->","yoast_head_json":{"title":"\"Lag\u0103rele Ilfovului\" | Perchezi\u0163ii DNA la AJPIS Ilfov \u015fi acas\u0103 la func\u0163ionari publici - Buletin de Bucure\u0219ti","robots":{"index":"index","follow":"follow","max-snippet":"max-snippet:-1","max-image-preview":"max-image-preview:large","max-video-preview":"max-video-preview:-1"},"canonical":"https:\/\/buletin.de\/bucuresti\/lagarele-ilfovului-perchezitii-dna-la-ajpis-ilfov-si-acasa-la-functionari-publici\/","og_locale":"en_GB","og_type":"article","og_title":"\"Lag\u0103rele Ilfovului\" | Perchezi\u0163ii DNA la AJPIS Ilfov \u015fi acas\u0103 la func\u0163ionari publici","og_description":"Procurorii anticorup\u0163ie fac mai multe perchezi\u0163ii \u00een aceast\u0103 diminea\u0163\u0103 la sediul Agen\u0163iei Jude\u0163ene de Pl\u0103\u0163i \u015fi Inspec\u0163ie Social\u0103 (AJPIS) Ilfov, la Centrul de b\u0103tr\u00e2ni Armonia \u015fi acas\u0103 la ni\u015fte func\u0163ionari publici, \u00eentr-un dosar legat de neregulile descoperite \u00een \u201cLag\u0103rele Ilfovului\u201d. \u00cen cadrul acestor perchezi\u0163ii sunt viza\u0163i doi angaja\u0163i ai AJPIS, b\u0103nui\u0163i de procurori c\u0103 l-ar [&hellip;]","og_url":"https:\/\/buletin.de\/bucuresti\/lagarele-ilfovului-perchezitii-dna-la-ajpis-ilfov-si-acasa-la-functionari-publici\/","og_site_name":"Buletin de Bucure\u0219ti","article_publisher":"https:\/\/www.facebook.com\/buletin.de.buc","article_published_time":"2023-07-13T04:44:45+00:00","og_image":[{"width":964,"height":1063,"url":"https:\/\/buletin.de\/bucuresti\/wp-content\/uploads\/politiaaa-2.jpg","type":"image\/jpeg"}],"author":"Anamaria Nedelcoff","twitter_card":"summary_large_image","twitter_misc":{"Written by":"Anamaria Nedelcoff","Estimated reading time":"1 minute"},"schema":{"@context":"https:\/\/schema.org","@graph":[{"@type":"Article","@id":"https:\/\/buletin.de\/bucuresti\/lagarele-ilfovului-perchezitii-dna-la-ajpis-ilfov-si-acasa-la-functionari-publici\/#article","isPartOf":{"@id":"https:\/\/buletin.de\/bucuresti\/lagarele-ilfovului-perchezitii-dna-la-ajpis-ilfov-si-acasa-la-functionari-publici\/"},"author":{"name":"Anamaria Nedelcoff","@id":"https:\/\/buletin.de\/bucuresti\/#\/schema\/person\/bfa22994f12f5d3353b170aca494f1f9"},"headline":"&#8220;Lag\u0103rele Ilfovului&#8221; | Perchezi\u0163ii DNA la AJPIS Ilfov \u015fi acas\u0103 la func\u0163ionari publici","datePublished":"2023-07-13T04:44:45+00:00","mainEntityOfPage":{"@id":"https:\/\/buletin.de\/bucuresti\/lagarele-ilfovului-perchezitii-dna-la-ajpis-ilfov-si-acasa-la-functionari-publici\/"},"wordCount":192,"commentCount":0,"publisher":{"@id":"https:\/\/buletin.de\/bucuresti\/#organization"},"image":{"@id":"https:\/\/buletin.de\/bucuresti\/lagarele-ilfovului-perchezitii-dna-la-ajpis-ilfov-si-acasa-la-functionari-publici\/#primaryimage"},"thumbnailUrl":"https:\/\/buletin.de\/bucuresti\/wp-content\/uploads\/politiaaa-2.jpg","keywords":["AJPIS Ilfov","dna","lagarele ilfovului","perchezitii"],"articleSection":["\u0218tiri"],"inLanguage":"en-GB","potentialAction":[{"@type":"CommentAction","name":"Comment","target":["https:\/\/buletin.de\/bucuresti\/lagarele-ilfovului-perchezitii-dna-la-ajpis-ilfov-si-acasa-la-functionari-publici\/#respond"]}],"copyrightYear":"2023","copyrightHolder":{"@id":"https:\/\/buletin.de\/bucuresti\/#organization"}},{"@type":"WebPage","@id":"https:\/\/buletin.de\/bucuresti\/lagarele-ilfovului-perchezitii-dna-la-ajpis-ilfov-si-acasa-la-functionari-publici\/","url":"https:\/\/buletin.de\/bucuresti\/lagarele-ilfovului-perchezitii-dna-la-ajpis-ilfov-si-acasa-la-functionari-publici\/","name":"\"Lag\u0103rele Ilfovului\" | Perchezi\u0163ii DNA la AJPIS Ilfov \u015fi acas\u0103 la func\u0163ionari publici - Buletin de Bucure\u0219ti","isPartOf":{"@id":"https:\/\/buletin.de\/bucuresti\/#website"},"primaryImageOfPage":{"@id":"https:\/\/buletin.de\/bucuresti\/lagarele-ilfovului-perchezitii-dna-la-ajpis-ilfov-si-acasa-la-functionari-publici\/#primaryimage"},"image":{"@id":"https:\/\/buletin.de\/bucuresti\/lagarele-ilfovului-perchezitii-dna-la-ajpis-ilfov-si-acasa-la-functionari-publici\/#primaryimage"},"thumbnailUrl":"https:\/\/buletin.de\/bucuresti\/wp-content\/uploads\/politiaaa-2.jpg","datePublished":"2023-07-13T04:44:45+00:00","breadcrumb":{"@id":"https:\/\/buletin.de\/bucuresti\/lagarele-ilfovului-perchezitii-dna-la-ajpis-ilfov-si-acasa-la-functionari-publici\/#breadcrumb"},"inLanguage":"en-GB","potentialAction":[{"@type":"ReadAction","target":["https:\/\/buletin.de\/bucuresti\/lagarele-ilfovului-perchezitii-dna-la-ajpis-ilfov-si-acasa-la-functionari-publici\/"]}]},{"@type":"ImageObject","inLanguage":"en-GB","@id":"https:\/\/buletin.de\/bucuresti\/lagarele-ilfovului-perchezitii-dna-la-ajpis-ilfov-si-acasa-la-functionari-publici\/#primaryimage","url":"https:\/\/buletin.de\/bucuresti\/wp-content\/uploads\/politiaaa-2.jpg","contentUrl":"https:\/\/buletin.de\/bucuresti\/wp-content\/uploads\/politiaaa-2.jpg","width":964,"height":1063},{"@type":"BreadcrumbList","@id":"https:\/\/buletin.de\/bucuresti\/lagarele-ilfovului-perchezitii-dna-la-ajpis-ilfov-si-acasa-la-functionari-publici\/#breadcrumb","itemListElement":[{"@type":"ListItem","position":1,"name":"Acas\u0103","item":"https:\/\/buletin.de\/bucuresti\/"},{"@type":"ListItem","position":2,"name":"&#8220;Lag\u0103rele Ilfovului&#8221; | Perchezi\u0163ii DNA la AJPIS Ilfov \u015fi acas\u0103 la func\u0163ionari publici"}]},{"@type":"WebSite","@id":"https:\/\/buletin.de\/bucuresti\/#website","url":"https:\/\/buletin.de\/bucuresti\/","name":"Buletin de Bucure\u0219ti","description":"\u0218tiri \u0219i investiga\u021bii esen\u021biale din capital\u0103","publisher":{"@id":"https:\/\/buletin.de\/bucuresti\/#organization"},"potentialAction":[{"@type":"SearchAction","target":{"@type":"EntryPoint","urlTemplate":"https:\/\/buletin.de\/bucuresti\/?s={search_term_string}"},"query-input":{"@type":"PropertyValueSpecification","valueRequired":true,"valueName":"search_term_string"}}],"inLanguage":"en-GB"},{"@type":"Organization","@id":"https:\/\/buletin.de\/bucuresti\/#organization","name":"Buletin de Bucure\u0219ti","url":"https:\/\/buletin.de\/bucuresti\/","logo":{"@type":"ImageObject","inLanguage":"en-GB","@id":"https:\/\/buletin.de\/bucuresti\/#\/schema\/logo\/image\/","url":"https:\/\/buletin.de\/bucuresti\/wp-content\/uploads\/logo-bdb-full-wide-vernil-transparent.png","contentUrl":"https:\/\/buletin.de\/bucuresti\/wp-content\/uploads\/logo-bdb-full-wide-vernil-transparent.png","width":1782,"height":626,"caption":"Buletin de Bucure\u0219ti"},"image":{"@id":"https:\/\/buletin.de\/bucuresti\/#\/schema\/logo\/image\/"},"sameAs":["https:\/\/www.facebook.com\/buletin.de.buc","https:\/\/www.instagram.com\/buletinde.bucuresti\/"]},{"@type":"Person","@id":"https:\/\/buletin.de\/bucuresti\/#\/schema\/person\/bfa22994f12f5d3353b170aca494f1f9","name":"Anamaria Nedelcoff","image":{"@type":"ImageObject","inLanguage":"en-GB","@id":"https:\/\/secure.gravatar.com\/avatar\/409df91a26b98006111557131cc35236962765b734317e1dcf94c6bc1d010629?s=96&d=monsterid&r=g9bc3ae6c8e1522e913d1a0debd6aec89","url":"https:\/\/secure.gravatar.com\/avatar\/409df91a26b98006111557131cc35236962765b734317e1dcf94c6bc1d010629?s=96&d=monsterid&r=g","contentUrl":"https:\/\/secure.gravatar.com\/avatar\/409df91a26b98006111557131cc35236962765b734317e1dcf94c6bc1d010629?s=96&d=monsterid&r=g","caption":"Anamaria Nedelcoff"},"url":"https:\/\/buletin.de\/bucuresti\/author\/nedelcoff\/"}]}},"authors":[{"term_id":22601,"user_id":38,"is_guest":0,"slug":"nedelcoff","display_name":"Anamaria Nedelcoff","avatar_url":"https:\/\/secure.gravatar.com\/avatar\/409df91a26b98006111557131cc35236962765b734317e1dcf94c6bc1d010629?s=96&d=monsterid&r=g","0":null,"1":"","2":"","3":"","4":"","5":"","6":"","7":"","8":""}],"_links":{"self":[{"href":"https:\/\/buletin.de\/bucuresti\/wp-json\/wp\/v2\/posts\/61075","targetHints":{"allow":["GET"]}}],"collection":[{"href":"https:\/\/buletin.de\/bucuresti\/wp-json\/wp\/v2\/posts"}],"about":[{"href":"https:\/\/buletin.de\/bucuresti\/wp-json\/wp\/v2\/types\/post"}],"author":[{"embeddable":true,"href":"https:\/\/buletin.de\/bucuresti\/wp-json\/wp\/v2\/users\/38"}],"replies":[{"embeddable":true,"href":"https:\/\/buletin.de\/bucuresti\/wp-json\/wp\/v2\/comments?post=61075"}],"version-history":[{"count":0,"href":"https:\/\/buletin.de\/bucuresti\/wp-json\/wp\/v2\/posts\/61075\/revisions"}],"wp:featuredmedia":[{"embeddable":true,"href":"https:\/\/buletin.de\/bucuresti\/wp-json\/wp\/v2\/media\/61076"}],"wp:attachment":[{"href":"https:\/\/buletin.de\/bucuresti\/wp-json\/wp\/v2\/media?parent=61075"}],"wp:term":[{"taxonomy":"category","embeddable":true,"href":"https:\/\/buletin.de\/bucuresti\/wp-json\/wp\/v2\/categories?post=61075"},{"taxonomy":"post_tag","embeddable":true,"href":"https:\/\/buletin.de\/bucuresti\/wp-json\/wp\/v2\/tags?post=61075"},{"taxonomy":"author","embeddable":true,"href":"https:\/\/buletin.de\/bucuresti\/wp-json\/wp\/v2\/ppma_author?post=61075"}],"curies":[{"name":"wp","href":"https:\/\/api.w.org\/{rel}","templated":true}]}}