{"id":61046,"date":"2023-07-12T05:02:44","date_gmt":"2023-07-12T03:02:44","guid":{"rendered":"https:\/\/buletin.de\/bucuresti\/lagarele-ilfovului-stefan-godei-s-a-angajat-sofer-la-pmb-la-o-saptamana-de-la-preluarea-mandatului-de-catre-gabriela-firea-fisele-de-post-si-dispozitiile-primarului-gener\/"},"modified":"2023-09-18T12:33:57","modified_gmt":"2023-09-18T10:33:57","slug":"lagarele-ilfovului-stefan-godei-s-a-angajat-sofer-la-pmb-la-o-saptamana-de-la-preluarea-mandatului-de-catre-gabriela-firea-fisele-de-post-si-dispozitiile-primarului-gener","status":"publish","type":"post","link":"https:\/\/buletin.de\/bucuresti\/lagarele-ilfovului-stefan-godei-s-a-angajat-sofer-la-pmb-la-o-saptamana-de-la-preluarea-mandatului-de-catre-gabriela-firea-fisele-de-post-si-dispozitiile-primarului-gener\/","title":{"rendered":"\u201eLag\u0103rele\u201d Ilfovului | \u0218tefan Godei s-a angajat \u0219ofer la PMB la o s\u0103pt\u0103m\u00e2n\u0103 de la preluarea mandatului de c\u0103tre Gabriela Firea. \u201eFi\u0219ele de post \u0219i dispozi\u021biile Primarului General\u201d care \u00eel vizeaz\u0103 sunt acum date cu caracter personal"},"content":{"rendered":"\n<p><strong>\u0218tefan Godei, fostul pre\u0219edinte al Asocia\u021biei Sf. Gabriel cel Viteaz \u0219i fostul coleg al consilierei Ministerului Familie Gabriela Firea,\u00a0a lucrat la Prim\u0103ria Capitalei \u00eentre 1 iulie 2016 \u0219i 1 decembrie 2021. Practic, el a fost angajat la o s\u0103pt\u0103m\u00e2n\u0103 de la depunerea jur\u0103m\u00e2ntului de c\u0103tre fostul primar general.<\/strong><\/p>\n\n\n\n<p><strong>\u00centr-un adres\u0103 transmis\u0103 de Prim\u0103ria General\u0103 a Capitalei, la solicitarea Buletin de Bucure\u0219ti, se arat\u0103 c\u0103 \u0218tefan Godei a figurat pe statele de plat\u0103 ale municipalit\u0103\u021bii aproximativ cinci ani,\u00a0\u00eentre 1 iulie 2016 \u0219i 1 decembrie 2021.<\/strong><\/p>\n\n\n\n<p>El a \u00eendeplinit func\u021bia de \u0219ofer \u0219i ar fi avut urm\u0103toarele atribu\u021bii principale specifice postului:<\/p>\n\n\n\n<ul class=\"wp-block-list\">\n<li>Asigurarea transportului personalului Prim\u0103riei Municipiului Bucure\u0219ti pentru rezolvarea sarcinilor de serviciu;<\/li>\n\n\n\n<li>Verificarea st\u0103rii tehnice a autovehiculului, r\u0103spunz\u00e2nd de men\u021binerea st\u0103rii de func\u021bionare \u0219i a integrit\u0103\u021bii acestuia;<\/li>\n\n\n\n<li>Eviden\u021ba curselor efectuate \u0219i justificarea consumului cotei de carburant repartizat, prin eviden\u021bierea \u00een Foile de Parcurs a num\u0103rului de kilometri parcur\u0219i.<\/li>\n<\/ul>\n\n\n\n<p>Solicitarea Buletin de Bucure\u0219ti care viza \u00een slujba cui a lucrat \u0219i documentele \u00een baza c\u0103rora a fost alocat c\u0103tre un departament anume, cum ar fi aparatul primarului general al Capitalei, sunt \u00eens\u0103 informa\u021bii cu caracter secret, afl\u0103m din r\u0103spunsul municipalit\u0103\u021bii.<\/p>\n\n\n\n<p><strong>\u201cFi\u0219ele de post \u0219i dispozi\u021biile Primarului General referitoare la dl. \u0218tefan Godei pentru perioada c\u00e2t a figurat pe \u0219tatele de plat\u0103 ale Prim\u0103riei Municipiului Bucure\u0219ti <\/strong><strong>fac parte din dosarul personal al dlui. Godei \u0219i con\u021bin date cu caracter personal ale acestuia<\/strong><strong>\u201d<\/strong>, se arat\u0103 \u00een comunicarea Biroului de Pres\u0103.<\/p>\n\n\n\n<p>\u0218tefan Godei a fost salariat al Prim\u0103riei Municipiului Bucure\u0219ti \u00een perioadele <strong>01.07.2016 \u2013 31.07.2016<\/strong>, <strong>08.08.2016- 08.01.2020<\/strong> \u0219i <strong>25.03.2020- 01.12.2021<\/strong>, mai arat\u0103 aceea\u0219i surs\u0103. Cu alte cuvinte, dup\u0103 ce a fost angajat la o s\u0103pt\u0103m\u00e2n\u0103 de la depunerea jur\u0103m\u00e2ntului de c\u0103tre Gabriela Firea, a avut \u00een total trei contracte de munc\u0103, \u0219i a ajuns s\u0103 lucreze astfel inclusiv sub noul primar general Nicu\u0219or Dan.<\/p>\n\n\n\n<p>Red\u0103m, mai jos, situa\u021bia veniturilor nete realizate de c\u0103tre \u0218tefan Godei, pentru perioada c\u00e2t a fost angajat \u00een cadrul Prim\u0103riei Municipiului Bucure\u015fti, a\u0219a cum au fost transmise de c\u0103tre Biroul de Pres\u0103.<\/p>\n\n\n\n<p>\u00cen total, \u00een cei aproape cinci ani de serviciu, \u0218tefan Godei a \u00eencasat de la municipalitate 141.805 lei. <\/p>\n\n\n\n<figure class=\"wp-block-image size-full\"><img decoding=\"async\" src=\"data:image\/gif;base64,R0lGODlhAQABAAAAACH5BAEKAAEALAAAAAABAAEAAAICTAEAOw==\" data-src=\"https:\/\/buletin.de\/bucuresti\/wp-content\/uploads\/tabel-godei.jpg\" alt=\"\" class=\"wp-image-60872 lazyload\"\/><\/figure>\n\n\n\n<p><\/p>\n\n\n\n<p>Inquam Photos \/\u00a0<a href=\"https:\/\/inquamphotos.com\/users\/ilonaandrei\">Ilona\u00a0Andrei<\/a><\/p>\n","protected":false},"excerpt":{"rendered":"<p>\u0218tefan Godei, fostul pre\u0219edinte al Asocia\u021biei Sf. Gabriel cel Viteaz \u0219i fostul coleg al consilierei Ministerului Familie Gabriela Firea,\u00a0a lucrat la Prim\u0103ria Capitalei \u00eentre 1 iulie 2016 \u0219i 1 decembrie 2021. Practic, el a fost angajat la o s\u0103pt\u0103m\u00e2n\u0103 de la depunerea jur\u0103m\u00e2ntului de c\u0103tre fostul primar general. \u00centr-un adres\u0103 transmis\u0103 de Prim\u0103ria General\u0103 a [&hellip;]<\/p>\n","protected":false},"author":10,"featured_media":61049,"comment_status":"open","ping_status":"open","sticky":false,"template":"","format":"standard","meta":{"_acf_changed":false,"inline_featured_image":false,"ngg_post_thumbnail":0,"footnotes":""},"categories":[3419,62],"tags":[6338,28,6339,104,5034],"ppma_author":[22575],"class_list":["post-61046","post","type-post","status-publish","format-standard","has-post-thumbnail","hentry","category-featured","category-stiri","tag-angajat","tag-firea","tag-godei","tag-pmb","tag-sofer"],"acf":[],"yoast_head":"<!-- This site is optimized with the Yoast SEO Premium plugin v25.3 (Yoast SEO v27.5) - https:\/\/yoast.com\/product\/yoast-seo-premium-wordpress\/ -->\n<title>\u201eLag\u0103rele\u201d Ilfovului | \u0218tefan Godei s-a angajat \u0219ofer la PMB la o s\u0103pt\u0103m\u00e2n\u0103 de la preluarea mandatului de c\u0103tre Gabriela Firea. \u201eFi\u0219ele de post \u0219i dispozi\u021biile Primarului General\u201d care \u00eel vizeaz\u0103 sunt acum date cu caracter personal - Buletin de Bucure\u0219ti<\/title>\n<meta name=\"robots\" content=\"index, follow, max-snippet:-1, max-image-preview:large, max-video-preview:-1\" \/>\n<link rel=\"canonical\" href=\"https:\/\/buletin.de\/bucuresti\/lagarele-ilfovului-stefan-godei-s-a-angajat-sofer-la-pmb-la-o-saptamana-de-la-preluarea-mandatului-de-catre-gabriela-firea-fisele-de-post-si-dispozitiile-primarului-gener\/\" \/>\n<meta property=\"og:locale\" content=\"en_GB\" \/>\n<meta property=\"og:type\" content=\"article\" \/>\n<meta property=\"og:title\" content=\"\u201eLag\u0103rele\u201d Ilfovului | \u0218tefan Godei s-a angajat \u0219ofer la PMB la o s\u0103pt\u0103m\u00e2n\u0103 de la preluarea mandatului de c\u0103tre Gabriela Firea. \u201eFi\u0219ele de post \u0219i dispozi\u021biile Primarului General\u201d care \u00eel vizeaz\u0103 sunt acum date cu caracter personal\" \/>\n<meta property=\"og:description\" content=\"\u0218tefan Godei, fostul pre\u0219edinte al Asocia\u021biei Sf. Gabriel cel Viteaz \u0219i fostul coleg al consilierei Ministerului Familie Gabriela Firea,\u00a0a lucrat la Prim\u0103ria Capitalei \u00eentre 1 iulie 2016 \u0219i 1 decembrie 2021. Practic, el a fost angajat la o s\u0103pt\u0103m\u00e2n\u0103 de la depunerea jur\u0103m\u00e2ntului de c\u0103tre fostul primar general. \u00centr-un adres\u0103 transmis\u0103 de Prim\u0103ria General\u0103 a [&hellip;]\" \/>\n<meta property=\"og:url\" content=\"https:\/\/buletin.de\/bucuresti\/lagarele-ilfovului-stefan-godei-s-a-angajat-sofer-la-pmb-la-o-saptamana-de-la-preluarea-mandatului-de-catre-gabriela-firea-fisele-de-post-si-dispozitiile-primarului-gener\/\" \/>\n<meta property=\"og:site_name\" content=\"Buletin de Bucure\u0219ti\" \/>\n<meta property=\"article:publisher\" content=\"https:\/\/www.facebook.com\/buletin.de.buc\" \/>\n<meta property=\"article:published_time\" content=\"2023-07-12T03:02:44+00:00\" \/>\n<meta property=\"article:modified_time\" content=\"2023-09-18T10:33:57+00:00\" \/>\n<meta property=\"og:image\" content=\"https:\/\/buletin.de\/bucuresti\/wp-content\/uploads\/ID131911_INQUAM_Photos_Ilona_Andrei.jpg\" \/>\n\t<meta property=\"og:image:width\" content=\"2000\" \/>\n\t<meta property=\"og:image:height\" content=\"1333\" \/>\n\t<meta property=\"og:image:type\" content=\"image\/jpeg\" \/>\n<meta name=\"author\" content=\"C\u0103t\u0103lin Dosca\u0219\" \/>\n<meta name=\"twitter:card\" content=\"summary_large_image\" \/>\n<meta name=\"twitter:label1\" content=\"Written by\" \/>\n\t<meta name=\"twitter:data1\" content=\"C\u0103t\u0103lin Dosca\u0219\" \/>\n\t<meta name=\"twitter:label2\" content=\"Estimated reading time\" \/>\n\t<meta name=\"twitter:data2\" content=\"2 minutes\" \/>\n<script type=\"application\/ld+json\" class=\"yoast-schema-graph\">{\"@context\":\"https:\\\/\\\/schema.org\",\"@graph\":[{\"@type\":\"Article\",\"@id\":\"https:\\\/\\\/buletin.de\\\/bucuresti\\\/lagarele-ilfovului-stefan-godei-s-a-angajat-sofer-la-pmb-la-o-saptamana-de-la-preluarea-mandatului-de-catre-gabriela-firea-fisele-de-post-si-dispozitiile-primarului-gener\\\/#article\",\"isPartOf\":{\"@id\":\"https:\\\/\\\/buletin.de\\\/bucuresti\\\/lagarele-ilfovului-stefan-godei-s-a-angajat-sofer-la-pmb-la-o-saptamana-de-la-preluarea-mandatului-de-catre-gabriela-firea-fisele-de-post-si-dispozitiile-primarului-gener\\\/\"},\"author\":{\"name\":\"C\u0103t\u0103lin Dosca\u0219\",\"@id\":\"https:\\\/\\\/buletin.de\\\/bucuresti\\\/#\\\/schema\\\/person\\\/31117187ed4d0bdb0a4c7d6acc79d0f8\"},\"headline\":\"\u201eLag\u0103rele\u201d Ilfovului | \u0218tefan Godei s-a angajat \u0219ofer la PMB la o s\u0103pt\u0103m\u00e2n\u0103 de la preluarea mandatului de c\u0103tre Gabriela Firea. \u201eFi\u0219ele de post \u0219i dispozi\u021biile Primarului General\u201d care \u00eel vizeaz\u0103 sunt acum date cu caracter personal\",\"datePublished\":\"2023-07-12T03:02:44+00:00\",\"dateModified\":\"2023-09-18T10:33:57+00:00\",\"mainEntityOfPage\":{\"@id\":\"https:\\\/\\\/buletin.de\\\/bucuresti\\\/lagarele-ilfovului-stefan-godei-s-a-angajat-sofer-la-pmb-la-o-saptamana-de-la-preluarea-mandatului-de-catre-gabriela-firea-fisele-de-post-si-dispozitiile-primarului-gener\\\/\"},\"wordCount\":442,\"commentCount\":3,\"publisher\":{\"@id\":\"https:\\\/\\\/buletin.de\\\/bucuresti\\\/#organization\"},\"image\":{\"@id\":\"https:\\\/\\\/buletin.de\\\/bucuresti\\\/lagarele-ilfovului-stefan-godei-s-a-angajat-sofer-la-pmb-la-o-saptamana-de-la-preluarea-mandatului-de-catre-gabriela-firea-fisele-de-post-si-dispozitiile-primarului-gener\\\/#primaryimage\"},\"thumbnailUrl\":\"https:\\\/\\\/buletin.de\\\/bucuresti\\\/wp-content\\\/uploads\\\/ID131911_INQUAM_Photos_Ilona_Andrei.jpg\",\"keywords\":[\"angajat\",\"firea\",\"godei\",\"pmb\",\"sofer\"],\"articleSection\":[\"Featured\",\"\u0218tiri\"],\"inLanguage\":\"en-GB\",\"potentialAction\":[{\"@type\":\"CommentAction\",\"name\":\"Comment\",\"target\":[\"https:\\\/\\\/buletin.de\\\/bucuresti\\\/lagarele-ilfovului-stefan-godei-s-a-angajat-sofer-la-pmb-la-o-saptamana-de-la-preluarea-mandatului-de-catre-gabriela-firea-fisele-de-post-si-dispozitiile-primarului-gener\\\/#respond\"]}],\"copyrightYear\":\"2023\",\"copyrightHolder\":{\"@id\":\"https:\\\/\\\/buletin.de\\\/bucuresti\\\/#organization\"}},{\"@type\":\"WebPage\",\"@id\":\"https:\\\/\\\/buletin.de\\\/bucuresti\\\/lagarele-ilfovului-stefan-godei-s-a-angajat-sofer-la-pmb-la-o-saptamana-de-la-preluarea-mandatului-de-catre-gabriela-firea-fisele-de-post-si-dispozitiile-primarului-gener\\\/\",\"url\":\"https:\\\/\\\/buletin.de\\\/bucuresti\\\/lagarele-ilfovului-stefan-godei-s-a-angajat-sofer-la-pmb-la-o-saptamana-de-la-preluarea-mandatului-de-catre-gabriela-firea-fisele-de-post-si-dispozitiile-primarului-gener\\\/\",\"name\":\"\u201eLag\u0103rele\u201d Ilfovului | \u0218tefan Godei s-a angajat \u0219ofer la PMB la o s\u0103pt\u0103m\u00e2n\u0103 de la preluarea mandatului de c\u0103tre Gabriela Firea. \u201eFi\u0219ele de post \u0219i dispozi\u021biile Primarului General\u201d care \u00eel vizeaz\u0103 sunt acum date cu caracter personal - Buletin de Bucure\u0219ti\",\"isPartOf\":{\"@id\":\"https:\\\/\\\/buletin.de\\\/bucuresti\\\/#website\"},\"primaryImageOfPage\":{\"@id\":\"https:\\\/\\\/buletin.de\\\/bucuresti\\\/lagarele-ilfovului-stefan-godei-s-a-angajat-sofer-la-pmb-la-o-saptamana-de-la-preluarea-mandatului-de-catre-gabriela-firea-fisele-de-post-si-dispozitiile-primarului-gener\\\/#primaryimage\"},\"image\":{\"@id\":\"https:\\\/\\\/buletin.de\\\/bucuresti\\\/lagarele-ilfovului-stefan-godei-s-a-angajat-sofer-la-pmb-la-o-saptamana-de-la-preluarea-mandatului-de-catre-gabriela-firea-fisele-de-post-si-dispozitiile-primarului-gener\\\/#primaryimage\"},\"thumbnailUrl\":\"https:\\\/\\\/buletin.de\\\/bucuresti\\\/wp-content\\\/uploads\\\/ID131911_INQUAM_Photos_Ilona_Andrei.jpg\",\"datePublished\":\"2023-07-12T03:02:44+00:00\",\"dateModified\":\"2023-09-18T10:33:57+00:00\",\"breadcrumb\":{\"@id\":\"https:\\\/\\\/buletin.de\\\/bucuresti\\\/lagarele-ilfovului-stefan-godei-s-a-angajat-sofer-la-pmb-la-o-saptamana-de-la-preluarea-mandatului-de-catre-gabriela-firea-fisele-de-post-si-dispozitiile-primarului-gener\\\/#breadcrumb\"},\"inLanguage\":\"en-GB\",\"potentialAction\":[{\"@type\":\"ReadAction\",\"target\":[\"https:\\\/\\\/buletin.de\\\/bucuresti\\\/lagarele-ilfovului-stefan-godei-s-a-angajat-sofer-la-pmb-la-o-saptamana-de-la-preluarea-mandatului-de-catre-gabriela-firea-fisele-de-post-si-dispozitiile-primarului-gener\\\/\"]}]},{\"@type\":\"ImageObject\",\"inLanguage\":\"en-GB\",\"@id\":\"https:\\\/\\\/buletin.de\\\/bucuresti\\\/lagarele-ilfovului-stefan-godei-s-a-angajat-sofer-la-pmb-la-o-saptamana-de-la-preluarea-mandatului-de-catre-gabriela-firea-fisele-de-post-si-dispozitiile-primarului-gener\\\/#primaryimage\",\"url\":\"https:\\\/\\\/buletin.de\\\/bucuresti\\\/wp-content\\\/uploads\\\/ID131911_INQUAM_Photos_Ilona_Andrei.jpg\",\"contentUrl\":\"https:\\\/\\\/buletin.de\\\/bucuresti\\\/wp-content\\\/uploads\\\/ID131911_INQUAM_Photos_Ilona_Andrei.jpg\",\"width\":2000,\"height\":1333,\"caption\":\"Sedinta Consiliului General al Municipiului Bucuresti, vineri, 14 februarie 2020. Inquam Photos \\\/ Ilona Andrei\"},{\"@type\":\"BreadcrumbList\",\"@id\":\"https:\\\/\\\/buletin.de\\\/bucuresti\\\/lagarele-ilfovului-stefan-godei-s-a-angajat-sofer-la-pmb-la-o-saptamana-de-la-preluarea-mandatului-de-catre-gabriela-firea-fisele-de-post-si-dispozitiile-primarului-gener\\\/#breadcrumb\",\"itemListElement\":[{\"@type\":\"ListItem\",\"position\":1,\"name\":\"Acas\u0103\",\"item\":\"https:\\\/\\\/buletin.de\\\/bucuresti\\\/\"},{\"@type\":\"ListItem\",\"position\":2,\"name\":\"\u201eLag\u0103rele\u201d Ilfovului | \u0218tefan Godei s-a angajat \u0219ofer la PMB la o s\u0103pt\u0103m\u00e2n\u0103 de la preluarea mandatului de c\u0103tre Gabriela Firea. \u201eFi\u0219ele de post \u0219i dispozi\u021biile Primarului General\u201d care \u00eel vizeaz\u0103 sunt acum date cu caracter personal\"}]},{\"@type\":\"WebSite\",\"@id\":\"https:\\\/\\\/buletin.de\\\/bucuresti\\\/#website\",\"url\":\"https:\\\/\\\/buletin.de\\\/bucuresti\\\/\",\"name\":\"Buletin de Bucure\u0219ti\",\"description\":\"\u0218tiri \u0219i investiga\u021bii esen\u021biale din capital\u0103\",\"publisher\":{\"@id\":\"https:\\\/\\\/buletin.de\\\/bucuresti\\\/#organization\"},\"potentialAction\":[{\"@type\":\"SearchAction\",\"target\":{\"@type\":\"EntryPoint\",\"urlTemplate\":\"https:\\\/\\\/buletin.de\\\/bucuresti\\\/?s={search_term_string}\"},\"query-input\":{\"@type\":\"PropertyValueSpecification\",\"valueRequired\":true,\"valueName\":\"search_term_string\"}}],\"inLanguage\":\"en-GB\"},{\"@type\":\"Organization\",\"@id\":\"https:\\\/\\\/buletin.de\\\/bucuresti\\\/#organization\",\"name\":\"Buletin de Bucure\u0219ti\",\"url\":\"https:\\\/\\\/buletin.de\\\/bucuresti\\\/\",\"logo\":{\"@type\":\"ImageObject\",\"inLanguage\":\"en-GB\",\"@id\":\"https:\\\/\\\/buletin.de\\\/bucuresti\\\/#\\\/schema\\\/logo\\\/image\\\/\",\"url\":\"https:\\\/\\\/buletin.de\\\/bucuresti\\\/wp-content\\\/uploads\\\/logo-bdb-full-wide-vernil-transparent.png\",\"contentUrl\":\"https:\\\/\\\/buletin.de\\\/bucuresti\\\/wp-content\\\/uploads\\\/logo-bdb-full-wide-vernil-transparent.png\",\"width\":1782,\"height\":626,\"caption\":\"Buletin de Bucure\u0219ti\"},\"image\":{\"@id\":\"https:\\\/\\\/buletin.de\\\/bucuresti\\\/#\\\/schema\\\/logo\\\/image\\\/\"},\"sameAs\":[\"https:\\\/\\\/www.facebook.com\\\/buletin.de.buc\",\"https:\\\/\\\/www.instagram.com\\\/buletinde.bucuresti\\\/\"]},{\"@type\":\"Person\",\"@id\":\"https:\\\/\\\/buletin.de\\\/bucuresti\\\/#\\\/schema\\\/person\\\/31117187ed4d0bdb0a4c7d6acc79d0f8\",\"name\":\"C\u0103t\u0103lin Dosca\u0219\",\"image\":{\"@type\":\"ImageObject\",\"inLanguage\":\"en-GB\",\"@id\":\"https:\\\/\\\/buletin.de\\\/bucuresti\\\/wp-content\\\/uploads\\\/Catalin-Doscas-e1732731064764-96x96.jpga93e2943bb3b1c1f9ead823df6e6317a\",\"url\":\"https:\\\/\\\/buletin.de\\\/bucuresti\\\/wp-content\\\/uploads\\\/Catalin-Doscas-e1732731064764-96x96.jpg\",\"contentUrl\":\"https:\\\/\\\/buletin.de\\\/bucuresti\\\/wp-content\\\/uploads\\\/Catalin-Doscas-e1732731064764-96x96.jpg\",\"caption\":\"C\u0103t\u0103lin Dosca\u0219\"},\"description\":\"Reporter \u0219i redactor-\u0219ef Buletin de Bucure\u0219ti. Lucreaz\u0103 \u00een mass-media de la v\u00e2rsta de 15 ani, c\u00e2nd a publicat primele articole \u00een presa local\u0103 din Tecuci. \u00cen Bucure\u0219ti a lucrat \u00een redac\u021bii radio ca reporter, redactor \u0219i prezentator (StudentFM, Na\u021bionalFM, Radio Total, Smart FM), unde a acoperit domeniile politic, economic, social \u0219i externe. Ulterior, a fost editor-coordonator al postului Realitatea FM. Experien\u021ba \u00een jurnalismul online a dob\u00e2ndit-o la portalul B365.ro, unde a fost editor. \u00cen 2012 s-a angajat \u00een televiziune. La Realitatea TV a fost, pe r\u00e2nd, reporter la sec\u021bia Social, reporter special la emisiunea de reportaje \u0219i anchete \u201eReporterii Realit\u0103\u021bii\u201d, dar \u0219i editor al jurnalelor de \u0219tiri. Ulterior, a f\u0103cut parte din sec\u021bia de Investiga\u021bii de la Digi24 \u0219i a lucrat la campania \u201eRom\u00e2nia furat\u0103\u201d. A revenit \u00een presa scris\u0103 \u00een 2017, ca reporter special, \u00een cadrul unui proiect de repozi\u021bionare a tabloidului Libertatea \u00een cotidian generalist. Este jurnalist Buletin de Bucure\u0219ti din 2019.\",\"url\":\"https:\\\/\\\/buletin.de\\\/bucuresti\\\/author\\\/catalin\\\/\"}]}<\/script>\n<!-- \/ Yoast SEO Premium plugin. -->","yoast_head_json":{"title":"\u201eLag\u0103rele\u201d Ilfovului | \u0218tefan Godei s-a angajat \u0219ofer la PMB la o s\u0103pt\u0103m\u00e2n\u0103 de la preluarea mandatului de c\u0103tre Gabriela Firea. \u201eFi\u0219ele de post \u0219i dispozi\u021biile Primarului General\u201d care \u00eel vizeaz\u0103 sunt acum date cu caracter personal - Buletin de Bucure\u0219ti","robots":{"index":"index","follow":"follow","max-snippet":"max-snippet:-1","max-image-preview":"max-image-preview:large","max-video-preview":"max-video-preview:-1"},"canonical":"https:\/\/buletin.de\/bucuresti\/lagarele-ilfovului-stefan-godei-s-a-angajat-sofer-la-pmb-la-o-saptamana-de-la-preluarea-mandatului-de-catre-gabriela-firea-fisele-de-post-si-dispozitiile-primarului-gener\/","og_locale":"en_GB","og_type":"article","og_title":"\u201eLag\u0103rele\u201d Ilfovului | \u0218tefan Godei s-a angajat \u0219ofer la PMB la o s\u0103pt\u0103m\u00e2n\u0103 de la preluarea mandatului de c\u0103tre Gabriela Firea. \u201eFi\u0219ele de post \u0219i dispozi\u021biile Primarului General\u201d care \u00eel vizeaz\u0103 sunt acum date cu caracter personal","og_description":"\u0218tefan Godei, fostul pre\u0219edinte al Asocia\u021biei Sf. Gabriel cel Viteaz \u0219i fostul coleg al consilierei Ministerului Familie Gabriela Firea,\u00a0a lucrat la Prim\u0103ria Capitalei \u00eentre 1 iulie 2016 \u0219i 1 decembrie 2021. Practic, el a fost angajat la o s\u0103pt\u0103m\u00e2n\u0103 de la depunerea jur\u0103m\u00e2ntului de c\u0103tre fostul primar general. \u00centr-un adres\u0103 transmis\u0103 de Prim\u0103ria General\u0103 a [&hellip;]","og_url":"https:\/\/buletin.de\/bucuresti\/lagarele-ilfovului-stefan-godei-s-a-angajat-sofer-la-pmb-la-o-saptamana-de-la-preluarea-mandatului-de-catre-gabriela-firea-fisele-de-post-si-dispozitiile-primarului-gener\/","og_site_name":"Buletin de Bucure\u0219ti","article_publisher":"https:\/\/www.facebook.com\/buletin.de.buc","article_published_time":"2023-07-12T03:02:44+00:00","article_modified_time":"2023-09-18T10:33:57+00:00","og_image":[{"width":2000,"height":1333,"url":"https:\/\/buletin.de\/bucuresti\/wp-content\/uploads\/ID131911_INQUAM_Photos_Ilona_Andrei.jpg","type":"image\/jpeg"}],"author":"C\u0103t\u0103lin Dosca\u0219","twitter_card":"summary_large_image","twitter_misc":{"Written by":"C\u0103t\u0103lin Dosca\u0219","Estimated reading time":"2 minutes"},"schema":{"@context":"https:\/\/schema.org","@graph":[{"@type":"Article","@id":"https:\/\/buletin.de\/bucuresti\/lagarele-ilfovului-stefan-godei-s-a-angajat-sofer-la-pmb-la-o-saptamana-de-la-preluarea-mandatului-de-catre-gabriela-firea-fisele-de-post-si-dispozitiile-primarului-gener\/#article","isPartOf":{"@id":"https:\/\/buletin.de\/bucuresti\/lagarele-ilfovului-stefan-godei-s-a-angajat-sofer-la-pmb-la-o-saptamana-de-la-preluarea-mandatului-de-catre-gabriela-firea-fisele-de-post-si-dispozitiile-primarului-gener\/"},"author":{"name":"C\u0103t\u0103lin Dosca\u0219","@id":"https:\/\/buletin.de\/bucuresti\/#\/schema\/person\/31117187ed4d0bdb0a4c7d6acc79d0f8"},"headline":"\u201eLag\u0103rele\u201d Ilfovului | \u0218tefan Godei s-a angajat \u0219ofer la PMB la o s\u0103pt\u0103m\u00e2n\u0103 de la preluarea mandatului de c\u0103tre Gabriela Firea. \u201eFi\u0219ele de post \u0219i dispozi\u021biile Primarului General\u201d care \u00eel vizeaz\u0103 sunt acum date cu caracter personal","datePublished":"2023-07-12T03:02:44+00:00","dateModified":"2023-09-18T10:33:57+00:00","mainEntityOfPage":{"@id":"https:\/\/buletin.de\/bucuresti\/lagarele-ilfovului-stefan-godei-s-a-angajat-sofer-la-pmb-la-o-saptamana-de-la-preluarea-mandatului-de-catre-gabriela-firea-fisele-de-post-si-dispozitiile-primarului-gener\/"},"wordCount":442,"commentCount":3,"publisher":{"@id":"https:\/\/buletin.de\/bucuresti\/#organization"},"image":{"@id":"https:\/\/buletin.de\/bucuresti\/lagarele-ilfovului-stefan-godei-s-a-angajat-sofer-la-pmb-la-o-saptamana-de-la-preluarea-mandatului-de-catre-gabriela-firea-fisele-de-post-si-dispozitiile-primarului-gener\/#primaryimage"},"thumbnailUrl":"https:\/\/buletin.de\/bucuresti\/wp-content\/uploads\/ID131911_INQUAM_Photos_Ilona_Andrei.jpg","keywords":["angajat","firea","godei","pmb","sofer"],"articleSection":["Featured","\u0218tiri"],"inLanguage":"en-GB","potentialAction":[{"@type":"CommentAction","name":"Comment","target":["https:\/\/buletin.de\/bucuresti\/lagarele-ilfovului-stefan-godei-s-a-angajat-sofer-la-pmb-la-o-saptamana-de-la-preluarea-mandatului-de-catre-gabriela-firea-fisele-de-post-si-dispozitiile-primarului-gener\/#respond"]}],"copyrightYear":"2023","copyrightHolder":{"@id":"https:\/\/buletin.de\/bucuresti\/#organization"}},{"@type":"WebPage","@id":"https:\/\/buletin.de\/bucuresti\/lagarele-ilfovului-stefan-godei-s-a-angajat-sofer-la-pmb-la-o-saptamana-de-la-preluarea-mandatului-de-catre-gabriela-firea-fisele-de-post-si-dispozitiile-primarului-gener\/","url":"https:\/\/buletin.de\/bucuresti\/lagarele-ilfovului-stefan-godei-s-a-angajat-sofer-la-pmb-la-o-saptamana-de-la-preluarea-mandatului-de-catre-gabriela-firea-fisele-de-post-si-dispozitiile-primarului-gener\/","name":"\u201eLag\u0103rele\u201d Ilfovului | \u0218tefan Godei s-a angajat \u0219ofer la PMB la o s\u0103pt\u0103m\u00e2n\u0103 de la preluarea mandatului de c\u0103tre Gabriela Firea. \u201eFi\u0219ele de post \u0219i dispozi\u021biile Primarului General\u201d care \u00eel vizeaz\u0103 sunt acum date cu caracter personal - Buletin de Bucure\u0219ti","isPartOf":{"@id":"https:\/\/buletin.de\/bucuresti\/#website"},"primaryImageOfPage":{"@id":"https:\/\/buletin.de\/bucuresti\/lagarele-ilfovului-stefan-godei-s-a-angajat-sofer-la-pmb-la-o-saptamana-de-la-preluarea-mandatului-de-catre-gabriela-firea-fisele-de-post-si-dispozitiile-primarului-gener\/#primaryimage"},"image":{"@id":"https:\/\/buletin.de\/bucuresti\/lagarele-ilfovului-stefan-godei-s-a-angajat-sofer-la-pmb-la-o-saptamana-de-la-preluarea-mandatului-de-catre-gabriela-firea-fisele-de-post-si-dispozitiile-primarului-gener\/#primaryimage"},"thumbnailUrl":"https:\/\/buletin.de\/bucuresti\/wp-content\/uploads\/ID131911_INQUAM_Photos_Ilona_Andrei.jpg","datePublished":"2023-07-12T03:02:44+00:00","dateModified":"2023-09-18T10:33:57+00:00","breadcrumb":{"@id":"https:\/\/buletin.de\/bucuresti\/lagarele-ilfovului-stefan-godei-s-a-angajat-sofer-la-pmb-la-o-saptamana-de-la-preluarea-mandatului-de-catre-gabriela-firea-fisele-de-post-si-dispozitiile-primarului-gener\/#breadcrumb"},"inLanguage":"en-GB","potentialAction":[{"@type":"ReadAction","target":["https:\/\/buletin.de\/bucuresti\/lagarele-ilfovului-stefan-godei-s-a-angajat-sofer-la-pmb-la-o-saptamana-de-la-preluarea-mandatului-de-catre-gabriela-firea-fisele-de-post-si-dispozitiile-primarului-gener\/"]}]},{"@type":"ImageObject","inLanguage":"en-GB","@id":"https:\/\/buletin.de\/bucuresti\/lagarele-ilfovului-stefan-godei-s-a-angajat-sofer-la-pmb-la-o-saptamana-de-la-preluarea-mandatului-de-catre-gabriela-firea-fisele-de-post-si-dispozitiile-primarului-gener\/#primaryimage","url":"https:\/\/buletin.de\/bucuresti\/wp-content\/uploads\/ID131911_INQUAM_Photos_Ilona_Andrei.jpg","contentUrl":"https:\/\/buletin.de\/bucuresti\/wp-content\/uploads\/ID131911_INQUAM_Photos_Ilona_Andrei.jpg","width":2000,"height":1333,"caption":"Sedinta Consiliului General al Municipiului Bucuresti, vineri, 14 februarie 2020. Inquam Photos \/ Ilona Andrei"},{"@type":"BreadcrumbList","@id":"https:\/\/buletin.de\/bucuresti\/lagarele-ilfovului-stefan-godei-s-a-angajat-sofer-la-pmb-la-o-saptamana-de-la-preluarea-mandatului-de-catre-gabriela-firea-fisele-de-post-si-dispozitiile-primarului-gener\/#breadcrumb","itemListElement":[{"@type":"ListItem","position":1,"name":"Acas\u0103","item":"https:\/\/buletin.de\/bucuresti\/"},{"@type":"ListItem","position":2,"name":"\u201eLag\u0103rele\u201d Ilfovului | \u0218tefan Godei s-a angajat \u0219ofer la PMB la o s\u0103pt\u0103m\u00e2n\u0103 de la preluarea mandatului de c\u0103tre Gabriela Firea. \u201eFi\u0219ele de post \u0219i dispozi\u021biile Primarului General\u201d care \u00eel vizeaz\u0103 sunt acum date cu caracter personal"}]},{"@type":"WebSite","@id":"https:\/\/buletin.de\/bucuresti\/#website","url":"https:\/\/buletin.de\/bucuresti\/","name":"Buletin de Bucure\u0219ti","description":"\u0218tiri \u0219i investiga\u021bii esen\u021biale din capital\u0103","publisher":{"@id":"https:\/\/buletin.de\/bucuresti\/#organization"},"potentialAction":[{"@type":"SearchAction","target":{"@type":"EntryPoint","urlTemplate":"https:\/\/buletin.de\/bucuresti\/?s={search_term_string}"},"query-input":{"@type":"PropertyValueSpecification","valueRequired":true,"valueName":"search_term_string"}}],"inLanguage":"en-GB"},{"@type":"Organization","@id":"https:\/\/buletin.de\/bucuresti\/#organization","name":"Buletin de Bucure\u0219ti","url":"https:\/\/buletin.de\/bucuresti\/","logo":{"@type":"ImageObject","inLanguage":"en-GB","@id":"https:\/\/buletin.de\/bucuresti\/#\/schema\/logo\/image\/","url":"https:\/\/buletin.de\/bucuresti\/wp-content\/uploads\/logo-bdb-full-wide-vernil-transparent.png","contentUrl":"https:\/\/buletin.de\/bucuresti\/wp-content\/uploads\/logo-bdb-full-wide-vernil-transparent.png","width":1782,"height":626,"caption":"Buletin de Bucure\u0219ti"},"image":{"@id":"https:\/\/buletin.de\/bucuresti\/#\/schema\/logo\/image\/"},"sameAs":["https:\/\/www.facebook.com\/buletin.de.buc","https:\/\/www.instagram.com\/buletinde.bucuresti\/"]},{"@type":"Person","@id":"https:\/\/buletin.de\/bucuresti\/#\/schema\/person\/31117187ed4d0bdb0a4c7d6acc79d0f8","name":"C\u0103t\u0103lin Dosca\u0219","image":{"@type":"ImageObject","inLanguage":"en-GB","@id":"https:\/\/buletin.de\/bucuresti\/wp-content\/uploads\/Catalin-Doscas-e1732731064764-96x96.jpga93e2943bb3b1c1f9ead823df6e6317a","url":"https:\/\/buletin.de\/bucuresti\/wp-content\/uploads\/Catalin-Doscas-e1732731064764-96x96.jpg","contentUrl":"https:\/\/buletin.de\/bucuresti\/wp-content\/uploads\/Catalin-Doscas-e1732731064764-96x96.jpg","caption":"C\u0103t\u0103lin Dosca\u0219"},"description":"Reporter \u0219i redactor-\u0219ef Buletin de Bucure\u0219ti. Lucreaz\u0103 \u00een mass-media de la v\u00e2rsta de 15 ani, c\u00e2nd a publicat primele articole \u00een presa local\u0103 din Tecuci. \u00cen Bucure\u0219ti a lucrat \u00een redac\u021bii radio ca reporter, redactor \u0219i prezentator (StudentFM, Na\u021bionalFM, Radio Total, Smart FM), unde a acoperit domeniile politic, economic, social \u0219i externe. Ulterior, a fost editor-coordonator al postului Realitatea FM. Experien\u021ba \u00een jurnalismul online a dob\u00e2ndit-o la portalul B365.ro, unde a fost editor. \u00cen 2012 s-a angajat \u00een televiziune. La Realitatea TV a fost, pe r\u00e2nd, reporter la sec\u021bia Social, reporter special la emisiunea de reportaje \u0219i anchete \u201eReporterii Realit\u0103\u021bii\u201d, dar \u0219i editor al jurnalelor de \u0219tiri. Ulterior, a f\u0103cut parte din sec\u021bia de Investiga\u021bii de la Digi24 \u0219i a lucrat la campania \u201eRom\u00e2nia furat\u0103\u201d. A revenit \u00een presa scris\u0103 \u00een 2017, ca reporter special, \u00een cadrul unui proiect de repozi\u021bionare a tabloidului Libertatea \u00een cotidian generalist. Este jurnalist Buletin de Bucure\u0219ti din 2019.","url":"https:\/\/buletin.de\/bucuresti\/author\/catalin\/"}]}},"authors":[{"term_id":22575,"user_id":10,"is_guest":0,"slug":"catalin","display_name":"C\u0103t\u0103lin Dosca\u0219","avatar_url":"https:\/\/buletin.de\/bucuresti\/wp-content\/uploads\/Catalin-Doscas-e1732731064764-96x96.jpg","0":null,"1":"","2":"","3":"","4":"","5":"","6":"","7":"","8":""}],"_links":{"self":[{"href":"https:\/\/buletin.de\/bucuresti\/wp-json\/wp\/v2\/posts\/61046","targetHints":{"allow":["GET"]}}],"collection":[{"href":"https:\/\/buletin.de\/bucuresti\/wp-json\/wp\/v2\/posts"}],"about":[{"href":"https:\/\/buletin.de\/bucuresti\/wp-json\/wp\/v2\/types\/post"}],"author":[{"embeddable":true,"href":"https:\/\/buletin.de\/bucuresti\/wp-json\/wp\/v2\/users\/10"}],"replies":[{"embeddable":true,"href":"https:\/\/buletin.de\/bucuresti\/wp-json\/wp\/v2\/comments?post=61046"}],"version-history":[{"count":1,"href":"https:\/\/buletin.de\/bucuresti\/wp-json\/wp\/v2\/posts\/61046\/revisions"}],"predecessor-version":[{"id":61048,"href":"https:\/\/buletin.de\/bucuresti\/wp-json\/wp\/v2\/posts\/61046\/revisions\/61048"}],"wp:featuredmedia":[{"embeddable":true,"href":"https:\/\/buletin.de\/bucuresti\/wp-json\/wp\/v2\/media\/61049"}],"wp:attachment":[{"href":"https:\/\/buletin.de\/bucuresti\/wp-json\/wp\/v2\/media?parent=61046"}],"wp:term":[{"taxonomy":"category","embeddable":true,"href":"https:\/\/buletin.de\/bucuresti\/wp-json\/wp\/v2\/categories?post=61046"},{"taxonomy":"post_tag","embeddable":true,"href":"https:\/\/buletin.de\/bucuresti\/wp-json\/wp\/v2\/tags?post=61046"},{"taxonomy":"author","embeddable":true,"href":"https:\/\/buletin.de\/bucuresti\/wp-json\/wp\/v2\/ppma_author?post=61046"}],"curies":[{"name":"wp","href":"https:\/\/api.w.org\/{rel}","templated":true}]}}