{"id":61045,"date":"2023-07-11T15:35:28","date_gmt":"2023-07-11T13:35:28","guid":{"rendered":"https:\/\/buletin.de\/bucuresti\/dan-voiculescu-si-cristian-popescu-piedone-o-sustin-pe-gabriela-firea-la-alegerile-pentru-primaria-capitalei\/"},"modified":"2023-07-11T15:35:28","modified_gmt":"2023-07-11T13:35:28","slug":"dan-voiculescu-si-cristian-popescu-piedone-o-sustin-pe-gabriela-firea-la-alegerile-pentru-primaria-capitalei","status":"publish","type":"post","link":"https:\/\/buletin.de\/bucuresti\/dan-voiculescu-si-cristian-popescu-piedone-o-sustin-pe-gabriela-firea-la-alegerile-pentru-primaria-capitalei\/","title":{"rendered":"Dan Voiculescu \u015fi Cristian Popescu Piedone o sus\u021bin pe Gabriela Firea la alegerile pentru Prim\u0103ria Capitalei"},"content":{"rendered":"\n<p>Partidul Umanist Social Liberal a anun\u021bat \u00eentr-un comunicat de pres\u0103 faptul c\u0103 o va sus\u021bine pe Gabriela Firea la alegerile pentru Prim\u0103ria Bucure\u0219ti din 2024, conform <a href=\"https:\/\/www.g4media.ro\/breaking-partidul-lui-dan-voiculescu-si-piedone-o-sustine-pe-gabriela-firea-la-alegerile-pentru-primaria-bucuresti-in-plin-scandal-al-azilelor-groazei.html?fbclid=IwAR2xBHelHN2Bo98hv7nNGfWJPTiMuLfYg94nJ8QvHdjrpE12HrZfjrT1XJA\">G4media<\/a>.&nbsp; PUSL este fondat de Dan Voiculescu, iar Cristian Popescu Piedone este pre\u0219edintele executiv.<\/p>\n\n\n\n<p>Decizia de a sus\u021bine pre\u0219edintele PSD Bucure\u0219ti a fost luat\u0103 de \u201eForul de Conducere Colegial\u0103\u201d a partidului, iar comunicatul transmis a fost semnat de Piedone, pre\u0219edintele executiv, \u0219i Gra\u021biela Gavrilescu, pre\u0219edintele partidului.&nbsp;<\/p>\n\n\n\n<p>Gabriela Firea este, la momentul actual, b\u0103nuit\u0103 c\u0103 ar fi unul dintre palierii care au f\u0103cut posibil\u0103 activitatea celor trei azile din Ilfov, \u00een care b\u0103tr\u00e2nii erau maltrata\u021bi.  Aceasta are rela\u021bii apropiate cu mai multe persoane implicate \u00een mod direct.&nbsp;<\/p>\n\n\n\n<p>Surs\u0103 fotografie: Inquam Photos \/ George C\u0103lin<\/p>\n\n\n\n<figure class=\"wp-block-embed is-type-wp-embed is-provider-buletin-de-bucure\u0219ti wp-block-embed-buletin-de-bucure\u0219ti\"><div class=\"wp-block-embed__wrapper\">\n<blockquote class=\"wp-embedded-content\" data-secret=\"jQ3DMNB21X\"><a href=\"https:\/\/buletin.de\/bucuresti\/toti-stiau-episodul-1-primaria-voluntari\/\">To\u021bi \u0219tiau. Episodul 1: Prim\u0103ria Voluntari<\/a><\/blockquote><iframe class=\"wp-embedded-content\" sandbox=\"allow-scripts\" security=\"restricted\" style=\"position: absolute; clip: rect(1px, 1px, 1px, 1px);\" title=\"&#8220;To\u021bi \u0219tiau. Episodul 1: Prim\u0103ria Voluntari&#8221; &#8212; Buletin de Bucure\u0219ti\" src=\"https:\/\/buletin.de\/bucuresti\/toti-stiau-episodul-1-primaria-voluntari\/embed\/#?secret=YMAPTcU8gm#?secret=jQ3DMNB21X\" data-secret=\"jQ3DMNB21X\" width=\"600\" height=\"338\" frameborder=\"0\" marginwidth=\"0\" marginheight=\"0\" scrolling=\"no\"><\/iframe>\n<\/div><\/figure>\n\n\n\n<figure class=\"wp-block-embed is-type-wp-embed is-provider-buletin-de-bucure\u0219ti wp-block-embed-buletin-de-bucure\u0219ti\"><div class=\"wp-block-embed__wrapper\">\n<blockquote class=\"wp-embedded-content\" data-secret=\"yoX2tO8vhF\"><a href=\"https:\/\/buletin.de\/bucuresti\/egalitatea-de-sanse-gestionata-din-guvern-de-sfanta-gabriela-cea-viteaza-business-de-aur-pe-bani-publici-pentru-apropiatii-ei\/\">Egalitatea de \u0219anse gestionat\u0103 din Guvern de \u201eSf\u00e2nta Gabriela cea Viteaz\u0103\u201d, business de aur pe bani publici pentru apropia\u021bii ei<\/a><\/blockquote><iframe class=\"wp-embedded-content\" sandbox=\"allow-scripts\" security=\"restricted\" style=\"position: absolute; clip: rect(1px, 1px, 1px, 1px);\" title=\"&#8220;&lt;strong&gt;Egalitatea de \u0219anse gestionat\u0103 din Guvern de \u201eSf\u00e2nta Gabriela cea Viteaz\u0103\u201d, business de aur pe bani publici pentru apropia\u021bii ei&lt;\/strong&gt;&#8221; &#8212; Buletin de Bucure\u0219ti\" src=\"https:\/\/buletin.de\/bucuresti\/egalitatea-de-sanse-gestionata-din-guvern-de-sfanta-gabriela-cea-viteaza-business-de-aur-pe-bani-publici-pentru-apropiatii-ei\/embed\/#?secret=hXZ4reVdTv#?secret=yoX2tO8vhF\" data-secret=\"yoX2tO8vhF\" width=\"600\" height=\"338\" frameborder=\"0\" marginwidth=\"0\" marginheight=\"0\" scrolling=\"no\"><\/iframe>\n<\/div><\/figure>\n\n\n\n<figure class=\"wp-block-embed is-type-wp-embed is-provider-buletin-de-bucure\u0219ti wp-block-embed-buletin-de-bucure\u0219ti\"><div class=\"wp-block-embed__wrapper\">\n<blockquote class=\"wp-embedded-content\" data-secret=\"P789PO2tQw\"><a href=\"https:\/\/buletin.de\/bucuresti\/lagarele-ilfovului-cand-e-sora-langa-sora\/\">\u201eLag\u0103rele\u201d Ilfovului. C\u00e2nd e sor\u0103 l\u00e2ng\u0103 \u201esor\u0103\u201d\u2026<\/a><\/blockquote><iframe class=\"wp-embedded-content\" sandbox=\"allow-scripts\" security=\"restricted\" style=\"position: absolute; clip: rect(1px, 1px, 1px, 1px);\" title=\"&#8220;\u201eLag\u0103rele\u201d Ilfovului. C\u00e2nd e sor\u0103 l\u00e2ng\u0103 \u201esor\u0103\u201d\u2026&#8221; &#8212; Buletin de Bucure\u0219ti\" src=\"https:\/\/buletin.de\/bucuresti\/lagarele-ilfovului-cand-e-sora-langa-sora\/embed\/#?secret=GSNZ4VtZL8#?secret=P789PO2tQw\" data-secret=\"P789PO2tQw\" width=\"600\" height=\"338\" frameborder=\"0\" marginwidth=\"0\" marginheight=\"0\" scrolling=\"no\"><\/iframe>\n<\/div><\/figure>\n","protected":false},"excerpt":{"rendered":"<p>Partidul Umanist Social Liberal a anun\u021bat \u00eentr-un comunicat de pres\u0103 faptul c\u0103 o va sus\u021bine pe Gabriela Firea la alegerile pentru Prim\u0103ria Bucure\u0219ti din 2024, conform G4media.&nbsp; PUSL este fondat de Dan Voiculescu, iar Cristian Popescu Piedone este pre\u0219edintele executiv. Decizia de a sus\u021bine pre\u0219edintele PSD Bucure\u0219ti a fost luat\u0103 de \u201eForul de Conducere Colegial\u0103\u201d [&hellip;]<\/p>\n","protected":false},"author":47,"featured_media":60915,"comment_status":"open","ping_status":"open","sticky":false,"template":"","format":"standard","meta":{"_acf_changed":false,"inline_featured_image":false,"ngg_post_thumbnail":0,"footnotes":""},"categories":[62],"tags":[1461,28,1103,1626],"ppma_author":[22580],"class_list":["post-61045","post","type-post","status-publish","format-standard","has-post-thumbnail","hentry","category-stiri","tag-candidatura","tag-firea","tag-piedone","tag-voiculescu"],"acf":[],"yoast_head":"<!-- This site is optimized with the Yoast SEO Premium plugin v25.3 (Yoast SEO v27.4) - https:\/\/yoast.com\/product\/yoast-seo-premium-wordpress\/ -->\n<title>Dan Voiculescu \u015fi Cristian Popescu Piedone o sus\u021bin pe Gabriela Firea la alegerile pentru Prim\u0103ria Capitalei - Buletin de Bucure\u0219ti<\/title>\n<meta name=\"robots\" content=\"index, follow, max-snippet:-1, max-image-preview:large, max-video-preview:-1\" \/>\n<link rel=\"canonical\" href=\"https:\/\/buletin.de\/bucuresti\/dan-voiculescu-si-cristian-popescu-piedone-o-sustin-pe-gabriela-firea-la-alegerile-pentru-primaria-capitalei\/\" \/>\n<meta property=\"og:locale\" content=\"en_GB\" \/>\n<meta property=\"og:type\" content=\"article\" \/>\n<meta property=\"og:title\" content=\"Dan Voiculescu \u015fi Cristian Popescu Piedone o sus\u021bin pe Gabriela Firea la alegerile pentru Prim\u0103ria Capitalei\" \/>\n<meta property=\"og:description\" content=\"Partidul Umanist Social Liberal a anun\u021bat \u00eentr-un comunicat de pres\u0103 faptul c\u0103 o va sus\u021bine pe Gabriela Firea la alegerile pentru Prim\u0103ria Bucure\u0219ti din 2024, conform G4media.&nbsp; PUSL este fondat de Dan Voiculescu, iar Cristian Popescu Piedone este pre\u0219edintele executiv. Decizia de a sus\u021bine pre\u0219edintele PSD Bucure\u0219ti a fost luat\u0103 de \u201eForul de Conducere Colegial\u0103\u201d [&hellip;]\" \/>\n<meta property=\"og:url\" content=\"https:\/\/buletin.de\/bucuresti\/dan-voiculescu-si-cristian-popescu-piedone-o-sustin-pe-gabriela-firea-la-alegerile-pentru-primaria-capitalei\/\" \/>\n<meta property=\"og:site_name\" content=\"Buletin de Bucure\u0219ti\" \/>\n<meta property=\"article:publisher\" content=\"https:\/\/www.facebook.com\/buletin.de.buc\" \/>\n<meta property=\"article:published_time\" content=\"2023-07-11T13:35:28+00:00\" \/>\n<meta property=\"og:image\" content=\"https:\/\/buletin.de\/bucuresti\/wp-content\/uploads\/ID222933_INQUAM_Photos_George_Calin.jpg\" \/>\n\t<meta property=\"og:image:width\" content=\"2000\" \/>\n\t<meta property=\"og:image:height\" content=\"1333\" \/>\n\t<meta property=\"og:image:type\" content=\"image\/jpeg\" \/>\n<meta name=\"author\" content=\"Adina C\u0103p\u00eelnean\" \/>\n<meta name=\"twitter:card\" content=\"summary_large_image\" \/>\n<meta name=\"twitter:label1\" content=\"Written by\" \/>\n\t<meta name=\"twitter:data1\" content=\"Adina C\u0103p\u00eelnean\" \/>\n\t<meta name=\"twitter:label2\" content=\"Estimated reading time\" \/>\n\t<meta name=\"twitter:data2\" content=\"1 minute\" \/>\n<script type=\"application\/ld+json\" class=\"yoast-schema-graph\">{\"@context\":\"https:\\\/\\\/schema.org\",\"@graph\":[{\"@type\":\"Article\",\"@id\":\"https:\\\/\\\/buletin.de\\\/bucuresti\\\/dan-voiculescu-si-cristian-popescu-piedone-o-sustin-pe-gabriela-firea-la-alegerile-pentru-primaria-capitalei\\\/#article\",\"isPartOf\":{\"@id\":\"https:\\\/\\\/buletin.de\\\/bucuresti\\\/dan-voiculescu-si-cristian-popescu-piedone-o-sustin-pe-gabriela-firea-la-alegerile-pentru-primaria-capitalei\\\/\"},\"author\":{\"name\":\"Adina C\u0103p\u00eelnean\",\"@id\":\"https:\\\/\\\/buletin.de\\\/bucuresti\\\/#\\\/schema\\\/person\\\/ab174cf6711728e4ee83d672acf9a912\"},\"headline\":\"Dan Voiculescu \u015fi Cristian Popescu Piedone o sus\u021bin pe Gabriela Firea la alegerile pentru Prim\u0103ria Capitalei\",\"datePublished\":\"2023-07-11T13:35:28+00:00\",\"mainEntityOfPage\":{\"@id\":\"https:\\\/\\\/buletin.de\\\/bucuresti\\\/dan-voiculescu-si-cristian-popescu-piedone-o-sustin-pe-gabriela-firea-la-alegerile-pentru-primaria-capitalei\\\/\"},\"wordCount\":173,\"commentCount\":0,\"publisher\":{\"@id\":\"https:\\\/\\\/buletin.de\\\/bucuresti\\\/#organization\"},\"image\":{\"@id\":\"https:\\\/\\\/buletin.de\\\/bucuresti\\\/dan-voiculescu-si-cristian-popescu-piedone-o-sustin-pe-gabriela-firea-la-alegerile-pentru-primaria-capitalei\\\/#primaryimage\"},\"thumbnailUrl\":\"https:\\\/\\\/buletin.de\\\/bucuresti\\\/wp-content\\\/uploads\\\/ID222933_INQUAM_Photos_George_Calin.jpg\",\"keywords\":[\"candidatura\",\"firea\",\"piedone\",\"voiculescu\"],\"articleSection\":[\"\u0218tiri\"],\"inLanguage\":\"en-GB\",\"potentialAction\":[{\"@type\":\"CommentAction\",\"name\":\"Comment\",\"target\":[\"https:\\\/\\\/buletin.de\\\/bucuresti\\\/dan-voiculescu-si-cristian-popescu-piedone-o-sustin-pe-gabriela-firea-la-alegerile-pentru-primaria-capitalei\\\/#respond\"]}],\"copyrightYear\":\"2023\",\"copyrightHolder\":{\"@id\":\"https:\\\/\\\/buletin.de\\\/bucuresti\\\/#organization\"}},{\"@type\":\"WebPage\",\"@id\":\"https:\\\/\\\/buletin.de\\\/bucuresti\\\/dan-voiculescu-si-cristian-popescu-piedone-o-sustin-pe-gabriela-firea-la-alegerile-pentru-primaria-capitalei\\\/\",\"url\":\"https:\\\/\\\/buletin.de\\\/bucuresti\\\/dan-voiculescu-si-cristian-popescu-piedone-o-sustin-pe-gabriela-firea-la-alegerile-pentru-primaria-capitalei\\\/\",\"name\":\"Dan Voiculescu \u015fi Cristian Popescu Piedone o sus\u021bin pe Gabriela Firea la alegerile pentru Prim\u0103ria Capitalei - Buletin de Bucure\u0219ti\",\"isPartOf\":{\"@id\":\"https:\\\/\\\/buletin.de\\\/bucuresti\\\/#website\"},\"primaryImageOfPage\":{\"@id\":\"https:\\\/\\\/buletin.de\\\/bucuresti\\\/dan-voiculescu-si-cristian-popescu-piedone-o-sustin-pe-gabriela-firea-la-alegerile-pentru-primaria-capitalei\\\/#primaryimage\"},\"image\":{\"@id\":\"https:\\\/\\\/buletin.de\\\/bucuresti\\\/dan-voiculescu-si-cristian-popescu-piedone-o-sustin-pe-gabriela-firea-la-alegerile-pentru-primaria-capitalei\\\/#primaryimage\"},\"thumbnailUrl\":\"https:\\\/\\\/buletin.de\\\/bucuresti\\\/wp-content\\\/uploads\\\/ID222933_INQUAM_Photos_George_Calin.jpg\",\"datePublished\":\"2023-07-11T13:35:28+00:00\",\"breadcrumb\":{\"@id\":\"https:\\\/\\\/buletin.de\\\/bucuresti\\\/dan-voiculescu-si-cristian-popescu-piedone-o-sustin-pe-gabriela-firea-la-alegerile-pentru-primaria-capitalei\\\/#breadcrumb\"},\"inLanguage\":\"en-GB\",\"potentialAction\":[{\"@type\":\"ReadAction\",\"target\":[\"https:\\\/\\\/buletin.de\\\/bucuresti\\\/dan-voiculescu-si-cristian-popescu-piedone-o-sustin-pe-gabriela-firea-la-alegerile-pentru-primaria-capitalei\\\/\"]}]},{\"@type\":\"ImageObject\",\"inLanguage\":\"en-GB\",\"@id\":\"https:\\\/\\\/buletin.de\\\/bucuresti\\\/dan-voiculescu-si-cristian-popescu-piedone-o-sustin-pe-gabriela-firea-la-alegerile-pentru-primaria-capitalei\\\/#primaryimage\",\"url\":\"https:\\\/\\\/buletin.de\\\/bucuresti\\\/wp-content\\\/uploads\\\/ID222933_INQUAM_Photos_George_Calin.jpg\",\"contentUrl\":\"https:\\\/\\\/buletin.de\\\/bucuresti\\\/wp-content\\\/uploads\\\/ID222933_INQUAM_Photos_George_Calin.jpg\",\"width\":2000,\"height\":1333,\"caption\":\"\u0218edin\u021ba de guvern la Palatul Victoria din Bucure\u0219ti, 24 mai 2023. Inquam Photos \\\/ George C\u0103lin\"},{\"@type\":\"BreadcrumbList\",\"@id\":\"https:\\\/\\\/buletin.de\\\/bucuresti\\\/dan-voiculescu-si-cristian-popescu-piedone-o-sustin-pe-gabriela-firea-la-alegerile-pentru-primaria-capitalei\\\/#breadcrumb\",\"itemListElement\":[{\"@type\":\"ListItem\",\"position\":1,\"name\":\"Acas\u0103\",\"item\":\"https:\\\/\\\/buletin.de\\\/bucuresti\\\/\"},{\"@type\":\"ListItem\",\"position\":2,\"name\":\"Dan Voiculescu \u015fi Cristian Popescu Piedone o sus\u021bin pe Gabriela Firea la alegerile pentru Prim\u0103ria Capitalei\"}]},{\"@type\":\"WebSite\",\"@id\":\"https:\\\/\\\/buletin.de\\\/bucuresti\\\/#website\",\"url\":\"https:\\\/\\\/buletin.de\\\/bucuresti\\\/\",\"name\":\"Buletin de Bucure\u0219ti\",\"description\":\"\u0218tiri \u0219i investiga\u021bii esen\u021biale din capital\u0103\",\"publisher\":{\"@id\":\"https:\\\/\\\/buletin.de\\\/bucuresti\\\/#organization\"},\"potentialAction\":[{\"@type\":\"SearchAction\",\"target\":{\"@type\":\"EntryPoint\",\"urlTemplate\":\"https:\\\/\\\/buletin.de\\\/bucuresti\\\/?s={search_term_string}\"},\"query-input\":{\"@type\":\"PropertyValueSpecification\",\"valueRequired\":true,\"valueName\":\"search_term_string\"}}],\"inLanguage\":\"en-GB\"},{\"@type\":\"Organization\",\"@id\":\"https:\\\/\\\/buletin.de\\\/bucuresti\\\/#organization\",\"name\":\"Buletin de Bucure\u0219ti\",\"url\":\"https:\\\/\\\/buletin.de\\\/bucuresti\\\/\",\"logo\":{\"@type\":\"ImageObject\",\"inLanguage\":\"en-GB\",\"@id\":\"https:\\\/\\\/buletin.de\\\/bucuresti\\\/#\\\/schema\\\/logo\\\/image\\\/\",\"url\":\"https:\\\/\\\/buletin.de\\\/bucuresti\\\/wp-content\\\/uploads\\\/logo-bdb-full-wide-vernil-transparent.png\",\"contentUrl\":\"https:\\\/\\\/buletin.de\\\/bucuresti\\\/wp-content\\\/uploads\\\/logo-bdb-full-wide-vernil-transparent.png\",\"width\":1782,\"height\":626,\"caption\":\"Buletin de Bucure\u0219ti\"},\"image\":{\"@id\":\"https:\\\/\\\/buletin.de\\\/bucuresti\\\/#\\\/schema\\\/logo\\\/image\\\/\"},\"sameAs\":[\"https:\\\/\\\/www.facebook.com\\\/buletin.de.buc\",\"https:\\\/\\\/www.instagram.com\\\/buletinde.bucuresti\\\/\"]},{\"@type\":\"Person\",\"@id\":\"https:\\\/\\\/buletin.de\\\/bucuresti\\\/#\\\/schema\\\/person\\\/ab174cf6711728e4ee83d672acf9a912\",\"name\":\"Adina C\u0103p\u00eelnean\",\"image\":{\"@type\":\"ImageObject\",\"inLanguage\":\"en-GB\",\"@id\":\"https:\\\/\\\/secure.gravatar.com\\\/avatar\\\/4fe9675d6282fd7c1aa4e486a037d532d5728fc16a30360f293eb6126b2e73ad?s=96&d=monsterid&r=ge2b23868508aec3460d3c6a11d3b599a\",\"url\":\"https:\\\/\\\/secure.gravatar.com\\\/avatar\\\/4fe9675d6282fd7c1aa4e486a037d532d5728fc16a30360f293eb6126b2e73ad?s=96&d=monsterid&r=g\",\"contentUrl\":\"https:\\\/\\\/secure.gravatar.com\\\/avatar\\\/4fe9675d6282fd7c1aa4e486a037d532d5728fc16a30360f293eb6126b2e73ad?s=96&d=monsterid&r=g\",\"caption\":\"Adina C\u0103p\u00eelnean\"},\"url\":\"https:\\\/\\\/buletin.de\\\/bucuresti\\\/author\\\/adinacapilnean\\\/\"}]}<\/script>\n<!-- \/ Yoast SEO Premium plugin. -->","yoast_head_json":{"title":"Dan Voiculescu \u015fi Cristian Popescu Piedone o sus\u021bin pe Gabriela Firea la alegerile pentru Prim\u0103ria Capitalei - Buletin de Bucure\u0219ti","robots":{"index":"index","follow":"follow","max-snippet":"max-snippet:-1","max-image-preview":"max-image-preview:large","max-video-preview":"max-video-preview:-1"},"canonical":"https:\/\/buletin.de\/bucuresti\/dan-voiculescu-si-cristian-popescu-piedone-o-sustin-pe-gabriela-firea-la-alegerile-pentru-primaria-capitalei\/","og_locale":"en_GB","og_type":"article","og_title":"Dan Voiculescu \u015fi Cristian Popescu Piedone o sus\u021bin pe Gabriela Firea la alegerile pentru Prim\u0103ria Capitalei","og_description":"Partidul Umanist Social Liberal a anun\u021bat \u00eentr-un comunicat de pres\u0103 faptul c\u0103 o va sus\u021bine pe Gabriela Firea la alegerile pentru Prim\u0103ria Bucure\u0219ti din 2024, conform G4media.&nbsp; PUSL este fondat de Dan Voiculescu, iar Cristian Popescu Piedone este pre\u0219edintele executiv. Decizia de a sus\u021bine pre\u0219edintele PSD Bucure\u0219ti a fost luat\u0103 de \u201eForul de Conducere Colegial\u0103\u201d [&hellip;]","og_url":"https:\/\/buletin.de\/bucuresti\/dan-voiculescu-si-cristian-popescu-piedone-o-sustin-pe-gabriela-firea-la-alegerile-pentru-primaria-capitalei\/","og_site_name":"Buletin de Bucure\u0219ti","article_publisher":"https:\/\/www.facebook.com\/buletin.de.buc","article_published_time":"2023-07-11T13:35:28+00:00","og_image":[{"width":2000,"height":1333,"url":"https:\/\/buletin.de\/bucuresti\/wp-content\/uploads\/ID222933_INQUAM_Photos_George_Calin.jpg","type":"image\/jpeg"}],"author":"Adina C\u0103p\u00eelnean","twitter_card":"summary_large_image","twitter_misc":{"Written by":"Adina C\u0103p\u00eelnean","Estimated reading time":"1 minute"},"schema":{"@context":"https:\/\/schema.org","@graph":[{"@type":"Article","@id":"https:\/\/buletin.de\/bucuresti\/dan-voiculescu-si-cristian-popescu-piedone-o-sustin-pe-gabriela-firea-la-alegerile-pentru-primaria-capitalei\/#article","isPartOf":{"@id":"https:\/\/buletin.de\/bucuresti\/dan-voiculescu-si-cristian-popescu-piedone-o-sustin-pe-gabriela-firea-la-alegerile-pentru-primaria-capitalei\/"},"author":{"name":"Adina C\u0103p\u00eelnean","@id":"https:\/\/buletin.de\/bucuresti\/#\/schema\/person\/ab174cf6711728e4ee83d672acf9a912"},"headline":"Dan Voiculescu \u015fi Cristian Popescu Piedone o sus\u021bin pe Gabriela Firea la alegerile pentru Prim\u0103ria Capitalei","datePublished":"2023-07-11T13:35:28+00:00","mainEntityOfPage":{"@id":"https:\/\/buletin.de\/bucuresti\/dan-voiculescu-si-cristian-popescu-piedone-o-sustin-pe-gabriela-firea-la-alegerile-pentru-primaria-capitalei\/"},"wordCount":173,"commentCount":0,"publisher":{"@id":"https:\/\/buletin.de\/bucuresti\/#organization"},"image":{"@id":"https:\/\/buletin.de\/bucuresti\/dan-voiculescu-si-cristian-popescu-piedone-o-sustin-pe-gabriela-firea-la-alegerile-pentru-primaria-capitalei\/#primaryimage"},"thumbnailUrl":"https:\/\/buletin.de\/bucuresti\/wp-content\/uploads\/ID222933_INQUAM_Photos_George_Calin.jpg","keywords":["candidatura","firea","piedone","voiculescu"],"articleSection":["\u0218tiri"],"inLanguage":"en-GB","potentialAction":[{"@type":"CommentAction","name":"Comment","target":["https:\/\/buletin.de\/bucuresti\/dan-voiculescu-si-cristian-popescu-piedone-o-sustin-pe-gabriela-firea-la-alegerile-pentru-primaria-capitalei\/#respond"]}],"copyrightYear":"2023","copyrightHolder":{"@id":"https:\/\/buletin.de\/bucuresti\/#organization"}},{"@type":"WebPage","@id":"https:\/\/buletin.de\/bucuresti\/dan-voiculescu-si-cristian-popescu-piedone-o-sustin-pe-gabriela-firea-la-alegerile-pentru-primaria-capitalei\/","url":"https:\/\/buletin.de\/bucuresti\/dan-voiculescu-si-cristian-popescu-piedone-o-sustin-pe-gabriela-firea-la-alegerile-pentru-primaria-capitalei\/","name":"Dan Voiculescu \u015fi Cristian Popescu Piedone o sus\u021bin pe Gabriela Firea la alegerile pentru Prim\u0103ria Capitalei - Buletin de Bucure\u0219ti","isPartOf":{"@id":"https:\/\/buletin.de\/bucuresti\/#website"},"primaryImageOfPage":{"@id":"https:\/\/buletin.de\/bucuresti\/dan-voiculescu-si-cristian-popescu-piedone-o-sustin-pe-gabriela-firea-la-alegerile-pentru-primaria-capitalei\/#primaryimage"},"image":{"@id":"https:\/\/buletin.de\/bucuresti\/dan-voiculescu-si-cristian-popescu-piedone-o-sustin-pe-gabriela-firea-la-alegerile-pentru-primaria-capitalei\/#primaryimage"},"thumbnailUrl":"https:\/\/buletin.de\/bucuresti\/wp-content\/uploads\/ID222933_INQUAM_Photos_George_Calin.jpg","datePublished":"2023-07-11T13:35:28+00:00","breadcrumb":{"@id":"https:\/\/buletin.de\/bucuresti\/dan-voiculescu-si-cristian-popescu-piedone-o-sustin-pe-gabriela-firea-la-alegerile-pentru-primaria-capitalei\/#breadcrumb"},"inLanguage":"en-GB","potentialAction":[{"@type":"ReadAction","target":["https:\/\/buletin.de\/bucuresti\/dan-voiculescu-si-cristian-popescu-piedone-o-sustin-pe-gabriela-firea-la-alegerile-pentru-primaria-capitalei\/"]}]},{"@type":"ImageObject","inLanguage":"en-GB","@id":"https:\/\/buletin.de\/bucuresti\/dan-voiculescu-si-cristian-popescu-piedone-o-sustin-pe-gabriela-firea-la-alegerile-pentru-primaria-capitalei\/#primaryimage","url":"https:\/\/buletin.de\/bucuresti\/wp-content\/uploads\/ID222933_INQUAM_Photos_George_Calin.jpg","contentUrl":"https:\/\/buletin.de\/bucuresti\/wp-content\/uploads\/ID222933_INQUAM_Photos_George_Calin.jpg","width":2000,"height":1333,"caption":"\u0218edin\u021ba de guvern la Palatul Victoria din Bucure\u0219ti, 24 mai 2023. Inquam Photos \/ George C\u0103lin"},{"@type":"BreadcrumbList","@id":"https:\/\/buletin.de\/bucuresti\/dan-voiculescu-si-cristian-popescu-piedone-o-sustin-pe-gabriela-firea-la-alegerile-pentru-primaria-capitalei\/#breadcrumb","itemListElement":[{"@type":"ListItem","position":1,"name":"Acas\u0103","item":"https:\/\/buletin.de\/bucuresti\/"},{"@type":"ListItem","position":2,"name":"Dan Voiculescu \u015fi Cristian Popescu Piedone o sus\u021bin pe Gabriela Firea la alegerile pentru Prim\u0103ria Capitalei"}]},{"@type":"WebSite","@id":"https:\/\/buletin.de\/bucuresti\/#website","url":"https:\/\/buletin.de\/bucuresti\/","name":"Buletin de Bucure\u0219ti","description":"\u0218tiri \u0219i investiga\u021bii esen\u021biale din capital\u0103","publisher":{"@id":"https:\/\/buletin.de\/bucuresti\/#organization"},"potentialAction":[{"@type":"SearchAction","target":{"@type":"EntryPoint","urlTemplate":"https:\/\/buletin.de\/bucuresti\/?s={search_term_string}"},"query-input":{"@type":"PropertyValueSpecification","valueRequired":true,"valueName":"search_term_string"}}],"inLanguage":"en-GB"},{"@type":"Organization","@id":"https:\/\/buletin.de\/bucuresti\/#organization","name":"Buletin de Bucure\u0219ti","url":"https:\/\/buletin.de\/bucuresti\/","logo":{"@type":"ImageObject","inLanguage":"en-GB","@id":"https:\/\/buletin.de\/bucuresti\/#\/schema\/logo\/image\/","url":"https:\/\/buletin.de\/bucuresti\/wp-content\/uploads\/logo-bdb-full-wide-vernil-transparent.png","contentUrl":"https:\/\/buletin.de\/bucuresti\/wp-content\/uploads\/logo-bdb-full-wide-vernil-transparent.png","width":1782,"height":626,"caption":"Buletin de Bucure\u0219ti"},"image":{"@id":"https:\/\/buletin.de\/bucuresti\/#\/schema\/logo\/image\/"},"sameAs":["https:\/\/www.facebook.com\/buletin.de.buc","https:\/\/www.instagram.com\/buletinde.bucuresti\/"]},{"@type":"Person","@id":"https:\/\/buletin.de\/bucuresti\/#\/schema\/person\/ab174cf6711728e4ee83d672acf9a912","name":"Adina C\u0103p\u00eelnean","image":{"@type":"ImageObject","inLanguage":"en-GB","@id":"https:\/\/secure.gravatar.com\/avatar\/4fe9675d6282fd7c1aa4e486a037d532d5728fc16a30360f293eb6126b2e73ad?s=96&d=monsterid&r=ge2b23868508aec3460d3c6a11d3b599a","url":"https:\/\/secure.gravatar.com\/avatar\/4fe9675d6282fd7c1aa4e486a037d532d5728fc16a30360f293eb6126b2e73ad?s=96&d=monsterid&r=g","contentUrl":"https:\/\/secure.gravatar.com\/avatar\/4fe9675d6282fd7c1aa4e486a037d532d5728fc16a30360f293eb6126b2e73ad?s=96&d=monsterid&r=g","caption":"Adina C\u0103p\u00eelnean"},"url":"https:\/\/buletin.de\/bucuresti\/author\/adinacapilnean\/"}]}},"authors":[{"term_id":22580,"user_id":47,"is_guest":0,"slug":"adinacapilnean","display_name":"Adina C\u0103p\u00eelnean","avatar_url":"https:\/\/secure.gravatar.com\/avatar\/4fe9675d6282fd7c1aa4e486a037d532d5728fc16a30360f293eb6126b2e73ad?s=96&d=monsterid&r=g","0":null,"1":"","2":"","3":"","4":"","5":"","6":"","7":"","8":""}],"_links":{"self":[{"href":"https:\/\/buletin.de\/bucuresti\/wp-json\/wp\/v2\/posts\/61045","targetHints":{"allow":["GET"]}}],"collection":[{"href":"https:\/\/buletin.de\/bucuresti\/wp-json\/wp\/v2\/posts"}],"about":[{"href":"https:\/\/buletin.de\/bucuresti\/wp-json\/wp\/v2\/types\/post"}],"author":[{"embeddable":true,"href":"https:\/\/buletin.de\/bucuresti\/wp-json\/wp\/v2\/users\/47"}],"replies":[{"embeddable":true,"href":"https:\/\/buletin.de\/bucuresti\/wp-json\/wp\/v2\/comments?post=61045"}],"version-history":[{"count":0,"href":"https:\/\/buletin.de\/bucuresti\/wp-json\/wp\/v2\/posts\/61045\/revisions"}],"wp:featuredmedia":[{"embeddable":true,"href":"https:\/\/buletin.de\/bucuresti\/wp-json\/wp\/v2\/media\/60915"}],"wp:attachment":[{"href":"https:\/\/buletin.de\/bucuresti\/wp-json\/wp\/v2\/media?parent=61045"}],"wp:term":[{"taxonomy":"category","embeddable":true,"href":"https:\/\/buletin.de\/bucuresti\/wp-json\/wp\/v2\/categories?post=61045"},{"taxonomy":"post_tag","embeddable":true,"href":"https:\/\/buletin.de\/bucuresti\/wp-json\/wp\/v2\/tags?post=61045"},{"taxonomy":"author","embeddable":true,"href":"https:\/\/buletin.de\/bucuresti\/wp-json\/wp\/v2\/ppma_author?post=61045"}],"curies":[{"name":"wp","href":"https:\/\/api.w.org\/{rel}","templated":true}]}}