{"id":61021,"date":"2023-07-11T11:03:44","date_gmt":"2023-07-11T09:03:44","guid":{"rendered":"https:\/\/buletin.de\/bucuresti\/centru-integrat-de-colectare-a-deseurilor-in-zona-bucuresti-ilfov\/"},"modified":"2023-07-11T11:03:44","modified_gmt":"2023-07-11T09:03:44","slug":"centru-integrat-de-colectare-a-deseurilor-in-zona-bucuresti-ilfov","status":"publish","type":"post","link":"https:\/\/buletin.de\/bucuresti\/centru-integrat-de-colectare-a-deseurilor-in-zona-bucuresti-ilfov\/","title":{"rendered":"Centru integrat de colectare a de\u0219eurilor, in zona Bucure\u0219ti-Ilfov"},"content":{"rendered":"\n<p><strong>Bucure<strong>\u0219<\/strong>tiul va avea un centru integrat de colectare a de\u0219eurilor, prin aport voluntar. Primarul general Nicu<strong>\u0219<\/strong>or Dan a anun\u021bat c\u0103 a semnat  cu Ministerul Mediului, contractul de finan\u021bare pentru \u00eenfiin\u021barea \u0219i dotarea Centrului integrat de colectare prin aport voluntar Bucure\u0219ti-Nord \u0219i regiunea afiliat\u0103 Ilfov.<\/strong><\/p>\n\n\n\n<p>Centrul de colectare va fi \u00eenfiin\u021bat pe strada Rudeni \u2013 Chitila 22-28.Aici vor putea fi aduse de persoanele din Bucure\u0219ti \u0219i din jude\u021bul Ilfov de\u0219euri voluminoase, inclusiv anvelope sau mobilier uzat, de\u0219euri de echipamente electrice \u0219i electronice, de\u0219euri din construc\u021bii \u0219i demol\u0103ri, obiecte sanitare, ambalaje provenite de la vopseluri, dezinfectan\u021bi, tuburi de spray, materiale textile, materiale plastice precum \u0219i de\u0219euri reciclabile \u2013 h\u00e2rtie, carton, PET-uri.<\/p>\n\n\n\n<p>De\u0219eurile se vor primi gratuit, \u00een limita unor cantit\u0103\u021bi rezonabile, ce vor fi stabilite ulterior, printr-un regulament.<\/p>\n\n\n\n<p>Proiectul, care va fi finalizat p\u00e2n\u0103 la finalul anului 2024, este finan\u021bat prin Planul Na\u021bional de Redresare \u0219i Rezilien\u021b\u0103, valoarea finan\u021b\u0103rii nerambursabile fiind de 27.450.810 de lei, f\u0103r\u0103 TVA. <\/p>\n","protected":false},"excerpt":{"rendered":"<p>Bucure\u0219tiul va avea un centru integrat de colectare a de\u0219eurilor, prin aport voluntar. Primarul general Nicu\u0219or Dan a anun\u021bat c\u0103 a semnat cu Ministerul Mediului, contractul de finan\u021bare pentru \u00eenfiin\u021barea \u0219i dotarea Centrului integrat de colectare prin aport voluntar Bucure\u0219ti-Nord \u0219i regiunea afiliat\u0103 Ilfov. Centrul de colectare va fi \u00eenfiin\u021bat pe strada Rudeni \u2013 Chitila [&hellip;]<\/p>\n","protected":false},"author":49,"featured_media":61022,"comment_status":"open","ping_status":"open","sticky":false,"template":"","format":"standard","meta":{"_acf_changed":false,"inline_featured_image":false,"ngg_post_thumbnail":0,"footnotes":""},"categories":[62],"tags":[6330,223],"ppma_author":[22574],"class_list":["post-61021","post","type-post","status-publish","format-standard","has-post-thumbnail","hentry","category-stiri","tag-centru-deseuri-bucuresti-ilfov","tag-nicusor-dan"],"acf":[],"yoast_head":"<!-- This site is optimized with the Yoast SEO Premium plugin v25.3 (Yoast SEO v27.4) - https:\/\/yoast.com\/product\/yoast-seo-premium-wordpress\/ -->\n<title>Centru integrat de colectare a de\u0219eurilor, in zona Bucure\u0219ti-Ilfov - Buletin de Bucure\u0219ti<\/title>\n<meta name=\"robots\" content=\"index, follow, max-snippet:-1, max-image-preview:large, max-video-preview:-1\" \/>\n<link rel=\"canonical\" href=\"https:\/\/buletin.de\/bucuresti\/centru-integrat-de-colectare-a-deseurilor-in-zona-bucuresti-ilfov\/\" \/>\n<meta property=\"og:locale\" content=\"en_GB\" \/>\n<meta property=\"og:type\" content=\"article\" \/>\n<meta property=\"og:title\" content=\"Centru integrat de colectare a de\u0219eurilor, in zona Bucure\u0219ti-Ilfov\" \/>\n<meta property=\"og:description\" content=\"Bucure\u0219tiul va avea un centru integrat de colectare a de\u0219eurilor, prin aport voluntar. Primarul general Nicu\u0219or Dan a anun\u021bat c\u0103 a semnat cu Ministerul Mediului, contractul de finan\u021bare pentru \u00eenfiin\u021barea \u0219i dotarea Centrului integrat de colectare prin aport voluntar Bucure\u0219ti-Nord \u0219i regiunea afiliat\u0103 Ilfov. Centrul de colectare va fi \u00eenfiin\u021bat pe strada Rudeni \u2013 Chitila [&hellip;]\" \/>\n<meta property=\"og:url\" content=\"https:\/\/buletin.de\/bucuresti\/centru-integrat-de-colectare-a-deseurilor-in-zona-bucuresti-ilfov\/\" \/>\n<meta property=\"og:site_name\" content=\"Buletin de Bucure\u0219ti\" \/>\n<meta property=\"article:publisher\" content=\"https:\/\/www.facebook.com\/buletin.de.buc\" \/>\n<meta property=\"article:published_time\" content=\"2023-07-11T09:03:44+00:00\" \/>\n<meta property=\"og:image\" content=\"https:\/\/buletin.de\/bucuresti\/wp-content\/uploads\/gunoi-firme.jpg\" \/>\n\t<meta property=\"og:image:width\" content=\"1792\" \/>\n\t<meta property=\"og:image:height\" content=\"702\" \/>\n\t<meta property=\"og:image:type\" content=\"image\/jpeg\" \/>\n<meta name=\"author\" content=\"Diana Matei\" \/>\n<meta name=\"twitter:card\" content=\"summary_large_image\" \/>\n<meta name=\"twitter:label1\" content=\"Written by\" \/>\n\t<meta name=\"twitter:data1\" content=\"Diana Matei\" \/>\n\t<meta name=\"twitter:label2\" content=\"Estimated reading time\" \/>\n\t<meta name=\"twitter:data2\" content=\"1 minute\" \/>\n<script type=\"application\/ld+json\" class=\"yoast-schema-graph\">{\"@context\":\"https:\\\/\\\/schema.org\",\"@graph\":[{\"@type\":\"Article\",\"@id\":\"https:\\\/\\\/buletin.de\\\/bucuresti\\\/centru-integrat-de-colectare-a-deseurilor-in-zona-bucuresti-ilfov\\\/#article\",\"isPartOf\":{\"@id\":\"https:\\\/\\\/buletin.de\\\/bucuresti\\\/centru-integrat-de-colectare-a-deseurilor-in-zona-bucuresti-ilfov\\\/\"},\"author\":{\"name\":\"Diana Matei\",\"@id\":\"https:\\\/\\\/buletin.de\\\/bucuresti\\\/#\\\/schema\\\/person\\\/7e46040573290777280a0835d81ea4ea\"},\"headline\":\"Centru integrat de colectare a de\u0219eurilor, in zona Bucure\u0219ti-Ilfov\",\"datePublished\":\"2023-07-11T09:03:44+00:00\",\"mainEntityOfPage\":{\"@id\":\"https:\\\/\\\/buletin.de\\\/bucuresti\\\/centru-integrat-de-colectare-a-deseurilor-in-zona-bucuresti-ilfov\\\/\"},\"wordCount\":188,\"commentCount\":0,\"publisher\":{\"@id\":\"https:\\\/\\\/buletin.de\\\/bucuresti\\\/#organization\"},\"image\":{\"@id\":\"https:\\\/\\\/buletin.de\\\/bucuresti\\\/centru-integrat-de-colectare-a-deseurilor-in-zona-bucuresti-ilfov\\\/#primaryimage\"},\"thumbnailUrl\":\"https:\\\/\\\/buletin.de\\\/bucuresti\\\/wp-content\\\/uploads\\\/gunoi-firme.jpg\",\"keywords\":[\"centru deseuri bucuresti ilfov\",\"nicusor dan\"],\"articleSection\":[\"\u0218tiri\"],\"inLanguage\":\"en-GB\",\"potentialAction\":[{\"@type\":\"CommentAction\",\"name\":\"Comment\",\"target\":[\"https:\\\/\\\/buletin.de\\\/bucuresti\\\/centru-integrat-de-colectare-a-deseurilor-in-zona-bucuresti-ilfov\\\/#respond\"]}],\"copyrightYear\":\"2023\",\"copyrightHolder\":{\"@id\":\"https:\\\/\\\/buletin.de\\\/bucuresti\\\/#organization\"}},{\"@type\":\"WebPage\",\"@id\":\"https:\\\/\\\/buletin.de\\\/bucuresti\\\/centru-integrat-de-colectare-a-deseurilor-in-zona-bucuresti-ilfov\\\/\",\"url\":\"https:\\\/\\\/buletin.de\\\/bucuresti\\\/centru-integrat-de-colectare-a-deseurilor-in-zona-bucuresti-ilfov\\\/\",\"name\":\"Centru integrat de colectare a de\u0219eurilor, in zona Bucure\u0219ti-Ilfov - Buletin de Bucure\u0219ti\",\"isPartOf\":{\"@id\":\"https:\\\/\\\/buletin.de\\\/bucuresti\\\/#website\"},\"primaryImageOfPage\":{\"@id\":\"https:\\\/\\\/buletin.de\\\/bucuresti\\\/centru-integrat-de-colectare-a-deseurilor-in-zona-bucuresti-ilfov\\\/#primaryimage\"},\"image\":{\"@id\":\"https:\\\/\\\/buletin.de\\\/bucuresti\\\/centru-integrat-de-colectare-a-deseurilor-in-zona-bucuresti-ilfov\\\/#primaryimage\"},\"thumbnailUrl\":\"https:\\\/\\\/buletin.de\\\/bucuresti\\\/wp-content\\\/uploads\\\/gunoi-firme.jpg\",\"datePublished\":\"2023-07-11T09:03:44+00:00\",\"breadcrumb\":{\"@id\":\"https:\\\/\\\/buletin.de\\\/bucuresti\\\/centru-integrat-de-colectare-a-deseurilor-in-zona-bucuresti-ilfov\\\/#breadcrumb\"},\"inLanguage\":\"en-GB\",\"potentialAction\":[{\"@type\":\"ReadAction\",\"target\":[\"https:\\\/\\\/buletin.de\\\/bucuresti\\\/centru-integrat-de-colectare-a-deseurilor-in-zona-bucuresti-ilfov\\\/\"]}]},{\"@type\":\"ImageObject\",\"inLanguage\":\"en-GB\",\"@id\":\"https:\\\/\\\/buletin.de\\\/bucuresti\\\/centru-integrat-de-colectare-a-deseurilor-in-zona-bucuresti-ilfov\\\/#primaryimage\",\"url\":\"https:\\\/\\\/buletin.de\\\/bucuresti\\\/wp-content\\\/uploads\\\/gunoi-firme.jpg\",\"contentUrl\":\"https:\\\/\\\/buletin.de\\\/bucuresti\\\/wp-content\\\/uploads\\\/gunoi-firme.jpg\",\"width\":1792,\"height\":702},{\"@type\":\"BreadcrumbList\",\"@id\":\"https:\\\/\\\/buletin.de\\\/bucuresti\\\/centru-integrat-de-colectare-a-deseurilor-in-zona-bucuresti-ilfov\\\/#breadcrumb\",\"itemListElement\":[{\"@type\":\"ListItem\",\"position\":1,\"name\":\"Acas\u0103\",\"item\":\"https:\\\/\\\/buletin.de\\\/bucuresti\\\/\"},{\"@type\":\"ListItem\",\"position\":2,\"name\":\"Centru integrat de colectare a de\u0219eurilor, in zona Bucure\u0219ti-Ilfov\"}]},{\"@type\":\"WebSite\",\"@id\":\"https:\\\/\\\/buletin.de\\\/bucuresti\\\/#website\",\"url\":\"https:\\\/\\\/buletin.de\\\/bucuresti\\\/\",\"name\":\"Buletin de Bucure\u0219ti\",\"description\":\"\u0218tiri \u0219i investiga\u021bii esen\u021biale din capital\u0103\",\"publisher\":{\"@id\":\"https:\\\/\\\/buletin.de\\\/bucuresti\\\/#organization\"},\"potentialAction\":[{\"@type\":\"SearchAction\",\"target\":{\"@type\":\"EntryPoint\",\"urlTemplate\":\"https:\\\/\\\/buletin.de\\\/bucuresti\\\/?s={search_term_string}\"},\"query-input\":{\"@type\":\"PropertyValueSpecification\",\"valueRequired\":true,\"valueName\":\"search_term_string\"}}],\"inLanguage\":\"en-GB\"},{\"@type\":\"Organization\",\"@id\":\"https:\\\/\\\/buletin.de\\\/bucuresti\\\/#organization\",\"name\":\"Buletin de Bucure\u0219ti\",\"url\":\"https:\\\/\\\/buletin.de\\\/bucuresti\\\/\",\"logo\":{\"@type\":\"ImageObject\",\"inLanguage\":\"en-GB\",\"@id\":\"https:\\\/\\\/buletin.de\\\/bucuresti\\\/#\\\/schema\\\/logo\\\/image\\\/\",\"url\":\"https:\\\/\\\/buletin.de\\\/bucuresti\\\/wp-content\\\/uploads\\\/logo-bdb-full-wide-vernil-transparent.png\",\"contentUrl\":\"https:\\\/\\\/buletin.de\\\/bucuresti\\\/wp-content\\\/uploads\\\/logo-bdb-full-wide-vernil-transparent.png\",\"width\":1782,\"height\":626,\"caption\":\"Buletin de Bucure\u0219ti\"},\"image\":{\"@id\":\"https:\\\/\\\/buletin.de\\\/bucuresti\\\/#\\\/schema\\\/logo\\\/image\\\/\"},\"sameAs\":[\"https:\\\/\\\/www.facebook.com\\\/buletin.de.buc\",\"https:\\\/\\\/www.instagram.com\\\/buletinde.bucuresti\\\/\"]},{\"@type\":\"Person\",\"@id\":\"https:\\\/\\\/buletin.de\\\/bucuresti\\\/#\\\/schema\\\/person\\\/7e46040573290777280a0835d81ea4ea\",\"name\":\"Diana Matei\",\"image\":{\"@type\":\"ImageObject\",\"inLanguage\":\"en-GB\",\"@id\":\"https:\\\/\\\/buletin.de\\\/bucuresti\\\/wp-content\\\/uploads\\\/9-2-96x96.jpg1e8590b30871d70e62ebcdaf2eff570c\",\"url\":\"https:\\\/\\\/buletin.de\\\/bucuresti\\\/wp-content\\\/uploads\\\/9-2-96x96.jpg\",\"contentUrl\":\"https:\\\/\\\/buletin.de\\\/bucuresti\\\/wp-content\\\/uploads\\\/9-2-96x96.jpg\",\"caption\":\"Diana Matei\"},\"url\":\"https:\\\/\\\/buletin.de\\\/bucuresti\\\/author\\\/dianamatei\\\/\"}]}<\/script>\n<!-- \/ Yoast SEO Premium plugin. -->","yoast_head_json":{"title":"Centru integrat de colectare a de\u0219eurilor, in zona Bucure\u0219ti-Ilfov - Buletin de Bucure\u0219ti","robots":{"index":"index","follow":"follow","max-snippet":"max-snippet:-1","max-image-preview":"max-image-preview:large","max-video-preview":"max-video-preview:-1"},"canonical":"https:\/\/buletin.de\/bucuresti\/centru-integrat-de-colectare-a-deseurilor-in-zona-bucuresti-ilfov\/","og_locale":"en_GB","og_type":"article","og_title":"Centru integrat de colectare a de\u0219eurilor, in zona Bucure\u0219ti-Ilfov","og_description":"Bucure\u0219tiul va avea un centru integrat de colectare a de\u0219eurilor, prin aport voluntar. Primarul general Nicu\u0219or Dan a anun\u021bat c\u0103 a semnat cu Ministerul Mediului, contractul de finan\u021bare pentru \u00eenfiin\u021barea \u0219i dotarea Centrului integrat de colectare prin aport voluntar Bucure\u0219ti-Nord \u0219i regiunea afiliat\u0103 Ilfov. Centrul de colectare va fi \u00eenfiin\u021bat pe strada Rudeni \u2013 Chitila [&hellip;]","og_url":"https:\/\/buletin.de\/bucuresti\/centru-integrat-de-colectare-a-deseurilor-in-zona-bucuresti-ilfov\/","og_site_name":"Buletin de Bucure\u0219ti","article_publisher":"https:\/\/www.facebook.com\/buletin.de.buc","article_published_time":"2023-07-11T09:03:44+00:00","og_image":[{"width":1792,"height":702,"url":"https:\/\/buletin.de\/bucuresti\/wp-content\/uploads\/gunoi-firme.jpg","type":"image\/jpeg"}],"author":"Diana Matei","twitter_card":"summary_large_image","twitter_misc":{"Written by":"Diana Matei","Estimated reading time":"1 minute"},"schema":{"@context":"https:\/\/schema.org","@graph":[{"@type":"Article","@id":"https:\/\/buletin.de\/bucuresti\/centru-integrat-de-colectare-a-deseurilor-in-zona-bucuresti-ilfov\/#article","isPartOf":{"@id":"https:\/\/buletin.de\/bucuresti\/centru-integrat-de-colectare-a-deseurilor-in-zona-bucuresti-ilfov\/"},"author":{"name":"Diana Matei","@id":"https:\/\/buletin.de\/bucuresti\/#\/schema\/person\/7e46040573290777280a0835d81ea4ea"},"headline":"Centru integrat de colectare a de\u0219eurilor, in zona Bucure\u0219ti-Ilfov","datePublished":"2023-07-11T09:03:44+00:00","mainEntityOfPage":{"@id":"https:\/\/buletin.de\/bucuresti\/centru-integrat-de-colectare-a-deseurilor-in-zona-bucuresti-ilfov\/"},"wordCount":188,"commentCount":0,"publisher":{"@id":"https:\/\/buletin.de\/bucuresti\/#organization"},"image":{"@id":"https:\/\/buletin.de\/bucuresti\/centru-integrat-de-colectare-a-deseurilor-in-zona-bucuresti-ilfov\/#primaryimage"},"thumbnailUrl":"https:\/\/buletin.de\/bucuresti\/wp-content\/uploads\/gunoi-firme.jpg","keywords":["centru deseuri bucuresti ilfov","nicusor dan"],"articleSection":["\u0218tiri"],"inLanguage":"en-GB","potentialAction":[{"@type":"CommentAction","name":"Comment","target":["https:\/\/buletin.de\/bucuresti\/centru-integrat-de-colectare-a-deseurilor-in-zona-bucuresti-ilfov\/#respond"]}],"copyrightYear":"2023","copyrightHolder":{"@id":"https:\/\/buletin.de\/bucuresti\/#organization"}},{"@type":"WebPage","@id":"https:\/\/buletin.de\/bucuresti\/centru-integrat-de-colectare-a-deseurilor-in-zona-bucuresti-ilfov\/","url":"https:\/\/buletin.de\/bucuresti\/centru-integrat-de-colectare-a-deseurilor-in-zona-bucuresti-ilfov\/","name":"Centru integrat de colectare a de\u0219eurilor, in zona Bucure\u0219ti-Ilfov - Buletin de Bucure\u0219ti","isPartOf":{"@id":"https:\/\/buletin.de\/bucuresti\/#website"},"primaryImageOfPage":{"@id":"https:\/\/buletin.de\/bucuresti\/centru-integrat-de-colectare-a-deseurilor-in-zona-bucuresti-ilfov\/#primaryimage"},"image":{"@id":"https:\/\/buletin.de\/bucuresti\/centru-integrat-de-colectare-a-deseurilor-in-zona-bucuresti-ilfov\/#primaryimage"},"thumbnailUrl":"https:\/\/buletin.de\/bucuresti\/wp-content\/uploads\/gunoi-firme.jpg","datePublished":"2023-07-11T09:03:44+00:00","breadcrumb":{"@id":"https:\/\/buletin.de\/bucuresti\/centru-integrat-de-colectare-a-deseurilor-in-zona-bucuresti-ilfov\/#breadcrumb"},"inLanguage":"en-GB","potentialAction":[{"@type":"ReadAction","target":["https:\/\/buletin.de\/bucuresti\/centru-integrat-de-colectare-a-deseurilor-in-zona-bucuresti-ilfov\/"]}]},{"@type":"ImageObject","inLanguage":"en-GB","@id":"https:\/\/buletin.de\/bucuresti\/centru-integrat-de-colectare-a-deseurilor-in-zona-bucuresti-ilfov\/#primaryimage","url":"https:\/\/buletin.de\/bucuresti\/wp-content\/uploads\/gunoi-firme.jpg","contentUrl":"https:\/\/buletin.de\/bucuresti\/wp-content\/uploads\/gunoi-firme.jpg","width":1792,"height":702},{"@type":"BreadcrumbList","@id":"https:\/\/buletin.de\/bucuresti\/centru-integrat-de-colectare-a-deseurilor-in-zona-bucuresti-ilfov\/#breadcrumb","itemListElement":[{"@type":"ListItem","position":1,"name":"Acas\u0103","item":"https:\/\/buletin.de\/bucuresti\/"},{"@type":"ListItem","position":2,"name":"Centru integrat de colectare a de\u0219eurilor, in zona Bucure\u0219ti-Ilfov"}]},{"@type":"WebSite","@id":"https:\/\/buletin.de\/bucuresti\/#website","url":"https:\/\/buletin.de\/bucuresti\/","name":"Buletin de Bucure\u0219ti","description":"\u0218tiri \u0219i investiga\u021bii esen\u021biale din capital\u0103","publisher":{"@id":"https:\/\/buletin.de\/bucuresti\/#organization"},"potentialAction":[{"@type":"SearchAction","target":{"@type":"EntryPoint","urlTemplate":"https:\/\/buletin.de\/bucuresti\/?s={search_term_string}"},"query-input":{"@type":"PropertyValueSpecification","valueRequired":true,"valueName":"search_term_string"}}],"inLanguage":"en-GB"},{"@type":"Organization","@id":"https:\/\/buletin.de\/bucuresti\/#organization","name":"Buletin de Bucure\u0219ti","url":"https:\/\/buletin.de\/bucuresti\/","logo":{"@type":"ImageObject","inLanguage":"en-GB","@id":"https:\/\/buletin.de\/bucuresti\/#\/schema\/logo\/image\/","url":"https:\/\/buletin.de\/bucuresti\/wp-content\/uploads\/logo-bdb-full-wide-vernil-transparent.png","contentUrl":"https:\/\/buletin.de\/bucuresti\/wp-content\/uploads\/logo-bdb-full-wide-vernil-transparent.png","width":1782,"height":626,"caption":"Buletin de Bucure\u0219ti"},"image":{"@id":"https:\/\/buletin.de\/bucuresti\/#\/schema\/logo\/image\/"},"sameAs":["https:\/\/www.facebook.com\/buletin.de.buc","https:\/\/www.instagram.com\/buletinde.bucuresti\/"]},{"@type":"Person","@id":"https:\/\/buletin.de\/bucuresti\/#\/schema\/person\/7e46040573290777280a0835d81ea4ea","name":"Diana Matei","image":{"@type":"ImageObject","inLanguage":"en-GB","@id":"https:\/\/buletin.de\/bucuresti\/wp-content\/uploads\/9-2-96x96.jpg1e8590b30871d70e62ebcdaf2eff570c","url":"https:\/\/buletin.de\/bucuresti\/wp-content\/uploads\/9-2-96x96.jpg","contentUrl":"https:\/\/buletin.de\/bucuresti\/wp-content\/uploads\/9-2-96x96.jpg","caption":"Diana Matei"},"url":"https:\/\/buletin.de\/bucuresti\/author\/dianamatei\/"}]}},"authors":[{"term_id":22574,"user_id":49,"is_guest":0,"slug":"dianamatei","display_name":"Diana Matei","avatar_url":"https:\/\/buletin.de\/bucuresti\/wp-content\/uploads\/9-2-96x96.jpg","0":null,"1":"","2":"","3":"","4":"","5":"","6":"","7":"","8":""}],"_links":{"self":[{"href":"https:\/\/buletin.de\/bucuresti\/wp-json\/wp\/v2\/posts\/61021","targetHints":{"allow":["GET"]}}],"collection":[{"href":"https:\/\/buletin.de\/bucuresti\/wp-json\/wp\/v2\/posts"}],"about":[{"href":"https:\/\/buletin.de\/bucuresti\/wp-json\/wp\/v2\/types\/post"}],"author":[{"embeddable":true,"href":"https:\/\/buletin.de\/bucuresti\/wp-json\/wp\/v2\/users\/49"}],"replies":[{"embeddable":true,"href":"https:\/\/buletin.de\/bucuresti\/wp-json\/wp\/v2\/comments?post=61021"}],"version-history":[{"count":0,"href":"https:\/\/buletin.de\/bucuresti\/wp-json\/wp\/v2\/posts\/61021\/revisions"}],"wp:featuredmedia":[{"embeddable":true,"href":"https:\/\/buletin.de\/bucuresti\/wp-json\/wp\/v2\/media\/61022"}],"wp:attachment":[{"href":"https:\/\/buletin.de\/bucuresti\/wp-json\/wp\/v2\/media?parent=61021"}],"wp:term":[{"taxonomy":"category","embeddable":true,"href":"https:\/\/buletin.de\/bucuresti\/wp-json\/wp\/v2\/categories?post=61021"},{"taxonomy":"post_tag","embeddable":true,"href":"https:\/\/buletin.de\/bucuresti\/wp-json\/wp\/v2\/tags?post=61021"},{"taxonomy":"author","embeddable":true,"href":"https:\/\/buletin.de\/bucuresti\/wp-json\/wp\/v2\/ppma_author?post=61021"}],"curies":[{"name":"wp","href":"https:\/\/api.w.org\/{rel}","templated":true}]}}