{"id":61015,"date":"2023-07-11T03:39:03","date_gmt":"2023-07-11T01:39:03","guid":{"rendered":"https:\/\/buletin.de\/bucuresti\/lagarele-ilfovului-avocat-asociatia-sf-gabriel-cel-viteaz-si-a-dat-in-judecata-vecinii-care-au-facut-reclamatii-si-a-cerut-daune-morale\/"},"modified":"2023-07-11T03:39:03","modified_gmt":"2023-07-11T01:39:03","slug":"lagarele-ilfovului-avocat-asociatia-sf-gabriel-cel-viteaz-si-a-dat-in-judecata-vecinii-care-au-facut-reclamatii-si-a-cerut-daune-morale","status":"publish","type":"post","link":"https:\/\/buletin.de\/bucuresti\/lagarele-ilfovului-avocat-asociatia-sf-gabriel-cel-viteaz-si-a-dat-in-judecata-vecinii-care-au-facut-reclamatii-si-a-cerut-daune-morale\/","title":{"rendered":"\u201eLag\u0103rele Ilfovului\u201d | Avocat: Asocia\u021bia Sf. Gabriel cel Viteaz \u0219i-a dat \u00een judecat\u0103 vecinii care au f\u0103cut reclama\u021bii \u0219i a cerut daune morale"},"content":{"rendered":"\n<p><strong>Asocia\u021bia Sf. Gabriel cel Viteaz, controlat\u0103 de \u0218tefan Godei \u0219i \u00een conducerea c\u0103reia a fost consiliera Gabrielei Firea, a dat \u00een judecat\u0103 cet\u0103\u021benii care au reclamat condi\u021biile de la centrul social privat din Voluntari.<\/strong> \u00a0<\/p>\n\n\n\n<p>\u201c<em>Trebuie re\u021binut de c\u0103tre toat\u0103 lumea c\u0103 au fost f\u0103cute zeci de adrese la institu\u021biile abilitate s\u0103 ia m\u0103suri \u00een leg\u0103tur\u0103 cu activitatea acestei Asocia\u021bii \u00eencep\u00e2nd cu luna octombrie 2021. De asemenea, trebuie \u0219tiut c\u0103 la acest moment exist\u0103 la Curtea de Apel Bucure\u0219ti un dosar care are ca obiect obligarea ANPDPD la revocarea licen\u021bei (provizorii la momentul introducerii cererii) Asocia\u021biei Sf. Gabriel cel Viteaz. De asemenea, am formulat o ac\u021biune \u00eempotriva proprietarului imobilului, a Euroapavol \u0219i a Asocia\u021biei, pentru ca instan\u021ba s\u0103 oblige proprietarul s\u0103 se racordeze la re\u021beaua public\u0103 de canalizare, iar Asocia\u021bia Sf. Gabriel cel Viteaz s\u0103 \u00ee\u0219i \u00eenceteze activitatea. Cu toate acestea, \u00een luna martie a acestui an,<\/em><\/p>\n\n\n\n<p><em><strong>Asocia\u021bia Sf. Gabriel cel Viteaz a formulat o cerere de chemare \u00een judecat\u0103 \u00eempotriva clien\u021bilor mei pentru ca ace\u0219tia din urm\u0103 s\u0103 fie obliga\u021bi s\u0103 pl\u0103teasc\u0103 Asocia\u021biei daune morale \u00een cuantum de 3000 de EURO.<\/strong><\/em><\/p>\n\n\n\n<p><em><strong>Din punctul de vedere al Asocia\u021biei Sf. Gabriel cel Viteaz vecinii au comis un abuz de drept prin aceea c\u0103 au f\u0103cut sesiz\u0103ri la institu\u021biile abilitate s\u0103 ia m\u0103suri<\/strong><\/em>\u201d, <a href=\"https:\/\/www.facebook.com\/munteanu.silviu88\">a scris avocatul Silviu Munteanu.<\/a> \u00a0<\/p>\n\n\n\n<p><a href=\"https:\/\/www.investigatiimedia.ro\/\">Centrul de Investiga\u021bii Media<\/a> \u0219i Buletin de Bucure\u0219ti au dezv\u0103luit luni c\u0103 <a href=\"https:\/\/buletin.de\/bucuresti\/toti-stiau-episodul-1-primaria-voluntari\/\">posibil\u0103 lips\u0103 de \u00eengrijire, posibile violen\u021be, precum \u0219i posibile nereguli \u00een autorizare \u0219i func\u021bionare, toate au fost transmise, pe m\u0103sur\u0103 ce au fost con\u0219tientizate, de vecinii oripila\u021bi \u0219i deranja\u021bi tuturor autorit\u0103\u021bilor care aveau competen\u021b\u0103 \u00een rezolvarea acestor probleme.<\/a><\/p>\n\n\n\n<p>FOTO: Inquam Photos \/\u00a0<a href=\"https:\/\/inquamphotos.com\/users\/octavganea\">Octav\u00a0Ganea<\/a><\/p>\n","protected":false},"excerpt":{"rendered":"<p>Asocia\u021bia Sf. Gabriel cel Viteaz, controlat\u0103 de \u0218tefan Godei \u0219i \u00een conducerea c\u0103reia a fost consiliera Gabrielei Firea, a dat \u00een judecat\u0103 cet\u0103\u021benii care au reclamat condi\u021biile de la centrul social privat din Voluntari. \u00a0 \u201cTrebuie re\u021binut de c\u0103tre toat\u0103 lumea c\u0103 au fost f\u0103cute zeci de adrese la institu\u021biile abilitate s\u0103 ia m\u0103suri \u00een [&hellip;]<\/p>\n","protected":false},"author":10,"featured_media":61016,"comment_status":"open","ping_status":"open","sticky":false,"template":"","format":"standard","meta":{"_acf_changed":false,"inline_featured_image":false,"ngg_post_thumbnail":0,"footnotes":""},"categories":[3419],"tags":[842,6167,6325,28,820,878,6326],"ppma_author":[22575],"class_list":["post-61015","post","type-post","status-publish","format-standard","has-post-thumbnail","hentry","category-featured","tag-asociatie","tag-azile","tag-daune","tag-firea","tag-ilfov","tag-pandele","tag-vecini"],"acf":[],"yoast_head":"<!-- This site is optimized with the Yoast SEO Premium plugin v25.3 (Yoast SEO v27.5) - https:\/\/yoast.com\/product\/yoast-seo-premium-wordpress\/ -->\n<title>\u201eLag\u0103rele Ilfovului\u201d | Avocat: Asocia\u021bia Sf. Gabriel cel Viteaz \u0219i-a dat \u00een judecat\u0103 vecinii care au f\u0103cut reclama\u021bii \u0219i a cerut daune morale - Buletin de Bucure\u0219ti<\/title>\n<meta name=\"robots\" content=\"index, follow, max-snippet:-1, max-image-preview:large, max-video-preview:-1\" \/>\n<link rel=\"canonical\" href=\"https:\/\/buletin.de\/bucuresti\/lagarele-ilfovului-avocat-asociatia-sf-gabriel-cel-viteaz-si-a-dat-in-judecata-vecinii-care-au-facut-reclamatii-si-a-cerut-daune-morale\/\" \/>\n<meta property=\"og:locale\" content=\"en_GB\" \/>\n<meta property=\"og:type\" content=\"article\" \/>\n<meta property=\"og:title\" content=\"\u201eLag\u0103rele Ilfovului\u201d | Avocat: Asocia\u021bia Sf. Gabriel cel Viteaz \u0219i-a dat \u00een judecat\u0103 vecinii care au f\u0103cut reclama\u021bii \u0219i a cerut daune morale\" \/>\n<meta property=\"og:description\" content=\"Asocia\u021bia Sf. Gabriel cel Viteaz, controlat\u0103 de \u0218tefan Godei \u0219i \u00een conducerea c\u0103reia a fost consiliera Gabrielei Firea, a dat \u00een judecat\u0103 cet\u0103\u021benii care au reclamat condi\u021biile de la centrul social privat din Voluntari. \u00a0 \u201cTrebuie re\u021binut de c\u0103tre toat\u0103 lumea c\u0103 au fost f\u0103cute zeci de adrese la institu\u021biile abilitate s\u0103 ia m\u0103suri \u00een [&hellip;]\" \/>\n<meta property=\"og:url\" content=\"https:\/\/buletin.de\/bucuresti\/lagarele-ilfovului-avocat-asociatia-sf-gabriel-cel-viteaz-si-a-dat-in-judecata-vecinii-care-au-facut-reclamatii-si-a-cerut-daune-morale\/\" \/>\n<meta property=\"og:site_name\" content=\"Buletin de Bucure\u0219ti\" \/>\n<meta property=\"article:publisher\" content=\"https:\/\/www.facebook.com\/buletin.de.buc\" \/>\n<meta property=\"article:published_time\" content=\"2023-07-11T01:39:03+00:00\" \/>\n<meta property=\"og:image\" content=\"https:\/\/buletin.de\/bucuresti\/wp-content\/uploads\/ID226591_INQUAM_Photos_Octav_Ganea.jpg\" \/>\n\t<meta property=\"og:image:width\" content=\"2000\" \/>\n\t<meta property=\"og:image:height\" content=\"1333\" \/>\n\t<meta property=\"og:image:type\" content=\"image\/jpeg\" \/>\n<meta name=\"author\" content=\"C\u0103t\u0103lin Dosca\u0219\" \/>\n<meta name=\"twitter:card\" content=\"summary_large_image\" \/>\n<meta name=\"twitter:label1\" content=\"Written by\" \/>\n\t<meta name=\"twitter:data1\" content=\"C\u0103t\u0103lin Dosca\u0219\" \/>\n\t<meta name=\"twitter:label2\" content=\"Estimated reading time\" \/>\n\t<meta name=\"twitter:data2\" content=\"2 minutes\" \/>\n<script type=\"application\/ld+json\" class=\"yoast-schema-graph\">{\"@context\":\"https:\\\/\\\/schema.org\",\"@graph\":[{\"@type\":\"Article\",\"@id\":\"https:\\\/\\\/buletin.de\\\/bucuresti\\\/lagarele-ilfovului-avocat-asociatia-sf-gabriel-cel-viteaz-si-a-dat-in-judecata-vecinii-care-au-facut-reclamatii-si-a-cerut-daune-morale\\\/#article\",\"isPartOf\":{\"@id\":\"https:\\\/\\\/buletin.de\\\/bucuresti\\\/lagarele-ilfovului-avocat-asociatia-sf-gabriel-cel-viteaz-si-a-dat-in-judecata-vecinii-care-au-facut-reclamatii-si-a-cerut-daune-morale\\\/\"},\"author\":{\"name\":\"C\u0103t\u0103lin Dosca\u0219\",\"@id\":\"https:\\\/\\\/buletin.de\\\/bucuresti\\\/#\\\/schema\\\/person\\\/31117187ed4d0bdb0a4c7d6acc79d0f8\"},\"headline\":\"\u201eLag\u0103rele Ilfovului\u201d | Avocat: Asocia\u021bia Sf. Gabriel cel Viteaz \u0219i-a dat \u00een judecat\u0103 vecinii care au f\u0103cut reclama\u021bii \u0219i a cerut daune morale\",\"datePublished\":\"2023-07-11T01:39:03+00:00\",\"mainEntityOfPage\":{\"@id\":\"https:\\\/\\\/buletin.de\\\/bucuresti\\\/lagarele-ilfovului-avocat-asociatia-sf-gabriel-cel-viteaz-si-a-dat-in-judecata-vecinii-care-au-facut-reclamatii-si-a-cerut-daune-morale\\\/\"},\"wordCount\":335,\"commentCount\":0,\"publisher\":{\"@id\":\"https:\\\/\\\/buletin.de\\\/bucuresti\\\/#organization\"},\"image\":{\"@id\":\"https:\\\/\\\/buletin.de\\\/bucuresti\\\/lagarele-ilfovului-avocat-asociatia-sf-gabriel-cel-viteaz-si-a-dat-in-judecata-vecinii-care-au-facut-reclamatii-si-a-cerut-daune-morale\\\/#primaryimage\"},\"thumbnailUrl\":\"https:\\\/\\\/buletin.de\\\/bucuresti\\\/wp-content\\\/uploads\\\/ID226591_INQUAM_Photos_Octav_Ganea.jpg\",\"keywords\":[\"asociatie\",\"azile\",\"daune\",\"firea\",\"Ilfov\",\"pandele\",\"vecini\"],\"articleSection\":[\"Featured\"],\"inLanguage\":\"en-GB\",\"potentialAction\":[{\"@type\":\"CommentAction\",\"name\":\"Comment\",\"target\":[\"https:\\\/\\\/buletin.de\\\/bucuresti\\\/lagarele-ilfovului-avocat-asociatia-sf-gabriel-cel-viteaz-si-a-dat-in-judecata-vecinii-care-au-facut-reclamatii-si-a-cerut-daune-morale\\\/#respond\"]}],\"copyrightYear\":\"2023\",\"copyrightHolder\":{\"@id\":\"https:\\\/\\\/buletin.de\\\/bucuresti\\\/#organization\"}},{\"@type\":\"WebPage\",\"@id\":\"https:\\\/\\\/buletin.de\\\/bucuresti\\\/lagarele-ilfovului-avocat-asociatia-sf-gabriel-cel-viteaz-si-a-dat-in-judecata-vecinii-care-au-facut-reclamatii-si-a-cerut-daune-morale\\\/\",\"url\":\"https:\\\/\\\/buletin.de\\\/bucuresti\\\/lagarele-ilfovului-avocat-asociatia-sf-gabriel-cel-viteaz-si-a-dat-in-judecata-vecinii-care-au-facut-reclamatii-si-a-cerut-daune-morale\\\/\",\"name\":\"\u201eLag\u0103rele Ilfovului\u201d | Avocat: Asocia\u021bia Sf. Gabriel cel Viteaz \u0219i-a dat \u00een judecat\u0103 vecinii care au f\u0103cut reclama\u021bii \u0219i a cerut daune morale - Buletin de Bucure\u0219ti\",\"isPartOf\":{\"@id\":\"https:\\\/\\\/buletin.de\\\/bucuresti\\\/#website\"},\"primaryImageOfPage\":{\"@id\":\"https:\\\/\\\/buletin.de\\\/bucuresti\\\/lagarele-ilfovului-avocat-asociatia-sf-gabriel-cel-viteaz-si-a-dat-in-judecata-vecinii-care-au-facut-reclamatii-si-a-cerut-daune-morale\\\/#primaryimage\"},\"image\":{\"@id\":\"https:\\\/\\\/buletin.de\\\/bucuresti\\\/lagarele-ilfovului-avocat-asociatia-sf-gabriel-cel-viteaz-si-a-dat-in-judecata-vecinii-care-au-facut-reclamatii-si-a-cerut-daune-morale\\\/#primaryimage\"},\"thumbnailUrl\":\"https:\\\/\\\/buletin.de\\\/bucuresti\\\/wp-content\\\/uploads\\\/ID226591_INQUAM_Photos_Octav_Ganea.jpg\",\"datePublished\":\"2023-07-11T01:39:03+00:00\",\"breadcrumb\":{\"@id\":\"https:\\\/\\\/buletin.de\\\/bucuresti\\\/lagarele-ilfovului-avocat-asociatia-sf-gabriel-cel-viteaz-si-a-dat-in-judecata-vecinii-care-au-facut-reclamatii-si-a-cerut-daune-morale\\\/#breadcrumb\"},\"inLanguage\":\"en-GB\",\"potentialAction\":[{\"@type\":\"ReadAction\",\"target\":[\"https:\\\/\\\/buletin.de\\\/bucuresti\\\/lagarele-ilfovului-avocat-asociatia-sf-gabriel-cel-viteaz-si-a-dat-in-judecata-vecinii-care-au-facut-reclamatii-si-a-cerut-daune-morale\\\/\"]}]},{\"@type\":\"ImageObject\",\"inLanguage\":\"en-GB\",\"@id\":\"https:\\\/\\\/buletin.de\\\/bucuresti\\\/lagarele-ilfovului-avocat-asociatia-sf-gabriel-cel-viteaz-si-a-dat-in-judecata-vecinii-care-au-facut-reclamatii-si-a-cerut-daune-morale\\\/#primaryimage\",\"url\":\"https:\\\/\\\/buletin.de\\\/bucuresti\\\/wp-content\\\/uploads\\\/ID226591_INQUAM_Photos_Octav_Ganea.jpg\",\"contentUrl\":\"https:\\\/\\\/buletin.de\\\/bucuresti\\\/wp-content\\\/uploads\\\/ID226591_INQUAM_Photos_Octav_Ganea.jpg\",\"width\":2000,\"height\":1333},{\"@type\":\"BreadcrumbList\",\"@id\":\"https:\\\/\\\/buletin.de\\\/bucuresti\\\/lagarele-ilfovului-avocat-asociatia-sf-gabriel-cel-viteaz-si-a-dat-in-judecata-vecinii-care-au-facut-reclamatii-si-a-cerut-daune-morale\\\/#breadcrumb\",\"itemListElement\":[{\"@type\":\"ListItem\",\"position\":1,\"name\":\"Acas\u0103\",\"item\":\"https:\\\/\\\/buletin.de\\\/bucuresti\\\/\"},{\"@type\":\"ListItem\",\"position\":2,\"name\":\"\u201eLag\u0103rele Ilfovului\u201d | Avocat: Asocia\u021bia Sf. Gabriel cel Viteaz \u0219i-a dat \u00een judecat\u0103 vecinii care au f\u0103cut reclama\u021bii \u0219i a cerut daune morale\"}]},{\"@type\":\"WebSite\",\"@id\":\"https:\\\/\\\/buletin.de\\\/bucuresti\\\/#website\",\"url\":\"https:\\\/\\\/buletin.de\\\/bucuresti\\\/\",\"name\":\"Buletin de Bucure\u0219ti\",\"description\":\"\u0218tiri \u0219i investiga\u021bii esen\u021biale din capital\u0103\",\"publisher\":{\"@id\":\"https:\\\/\\\/buletin.de\\\/bucuresti\\\/#organization\"},\"potentialAction\":[{\"@type\":\"SearchAction\",\"target\":{\"@type\":\"EntryPoint\",\"urlTemplate\":\"https:\\\/\\\/buletin.de\\\/bucuresti\\\/?s={search_term_string}\"},\"query-input\":{\"@type\":\"PropertyValueSpecification\",\"valueRequired\":true,\"valueName\":\"search_term_string\"}}],\"inLanguage\":\"en-GB\"},{\"@type\":\"Organization\",\"@id\":\"https:\\\/\\\/buletin.de\\\/bucuresti\\\/#organization\",\"name\":\"Buletin de Bucure\u0219ti\",\"url\":\"https:\\\/\\\/buletin.de\\\/bucuresti\\\/\",\"logo\":{\"@type\":\"ImageObject\",\"inLanguage\":\"en-GB\",\"@id\":\"https:\\\/\\\/buletin.de\\\/bucuresti\\\/#\\\/schema\\\/logo\\\/image\\\/\",\"url\":\"https:\\\/\\\/buletin.de\\\/bucuresti\\\/wp-content\\\/uploads\\\/logo-bdb-full-wide-vernil-transparent.png\",\"contentUrl\":\"https:\\\/\\\/buletin.de\\\/bucuresti\\\/wp-content\\\/uploads\\\/logo-bdb-full-wide-vernil-transparent.png\",\"width\":1782,\"height\":626,\"caption\":\"Buletin de Bucure\u0219ti\"},\"image\":{\"@id\":\"https:\\\/\\\/buletin.de\\\/bucuresti\\\/#\\\/schema\\\/logo\\\/image\\\/\"},\"sameAs\":[\"https:\\\/\\\/www.facebook.com\\\/buletin.de.buc\",\"https:\\\/\\\/www.instagram.com\\\/buletinde.bucuresti\\\/\"]},{\"@type\":\"Person\",\"@id\":\"https:\\\/\\\/buletin.de\\\/bucuresti\\\/#\\\/schema\\\/person\\\/31117187ed4d0bdb0a4c7d6acc79d0f8\",\"name\":\"C\u0103t\u0103lin Dosca\u0219\",\"image\":{\"@type\":\"ImageObject\",\"inLanguage\":\"en-GB\",\"@id\":\"https:\\\/\\\/buletin.de\\\/bucuresti\\\/wp-content\\\/uploads\\\/Catalin-Doscas-e1732731064764-96x96.jpga93e2943bb3b1c1f9ead823df6e6317a\",\"url\":\"https:\\\/\\\/buletin.de\\\/bucuresti\\\/wp-content\\\/uploads\\\/Catalin-Doscas-e1732731064764-96x96.jpg\",\"contentUrl\":\"https:\\\/\\\/buletin.de\\\/bucuresti\\\/wp-content\\\/uploads\\\/Catalin-Doscas-e1732731064764-96x96.jpg\",\"caption\":\"C\u0103t\u0103lin Dosca\u0219\"},\"description\":\"Reporter \u0219i redactor-\u0219ef Buletin de Bucure\u0219ti. Lucreaz\u0103 \u00een mass-media de la v\u00e2rsta de 15 ani, c\u00e2nd a publicat primele articole \u00een presa local\u0103 din Tecuci. \u00cen Bucure\u0219ti a lucrat \u00een redac\u021bii radio ca reporter, redactor \u0219i prezentator (StudentFM, Na\u021bionalFM, Radio Total, Smart FM), unde a acoperit domeniile politic, economic, social \u0219i externe. Ulterior, a fost editor-coordonator al postului Realitatea FM. Experien\u021ba \u00een jurnalismul online a dob\u00e2ndit-o la portalul B365.ro, unde a fost editor. \u00cen 2012 s-a angajat \u00een televiziune. La Realitatea TV a fost, pe r\u00e2nd, reporter la sec\u021bia Social, reporter special la emisiunea de reportaje \u0219i anchete \u201eReporterii Realit\u0103\u021bii\u201d, dar \u0219i editor al jurnalelor de \u0219tiri. Ulterior, a f\u0103cut parte din sec\u021bia de Investiga\u021bii de la Digi24 \u0219i a lucrat la campania \u201eRom\u00e2nia furat\u0103\u201d. A revenit \u00een presa scris\u0103 \u00een 2017, ca reporter special, \u00een cadrul unui proiect de repozi\u021bionare a tabloidului Libertatea \u00een cotidian generalist. Este jurnalist Buletin de Bucure\u0219ti din 2019.\",\"url\":\"https:\\\/\\\/buletin.de\\\/bucuresti\\\/author\\\/catalin\\\/\"}]}<\/script>\n<!-- \/ Yoast SEO Premium plugin. -->","yoast_head_json":{"title":"\u201eLag\u0103rele Ilfovului\u201d | Avocat: Asocia\u021bia Sf. Gabriel cel Viteaz \u0219i-a dat \u00een judecat\u0103 vecinii care au f\u0103cut reclama\u021bii \u0219i a cerut daune morale - Buletin de Bucure\u0219ti","robots":{"index":"index","follow":"follow","max-snippet":"max-snippet:-1","max-image-preview":"max-image-preview:large","max-video-preview":"max-video-preview:-1"},"canonical":"https:\/\/buletin.de\/bucuresti\/lagarele-ilfovului-avocat-asociatia-sf-gabriel-cel-viteaz-si-a-dat-in-judecata-vecinii-care-au-facut-reclamatii-si-a-cerut-daune-morale\/","og_locale":"en_GB","og_type":"article","og_title":"\u201eLag\u0103rele Ilfovului\u201d | Avocat: Asocia\u021bia Sf. Gabriel cel Viteaz \u0219i-a dat \u00een judecat\u0103 vecinii care au f\u0103cut reclama\u021bii \u0219i a cerut daune morale","og_description":"Asocia\u021bia Sf. Gabriel cel Viteaz, controlat\u0103 de \u0218tefan Godei \u0219i \u00een conducerea c\u0103reia a fost consiliera Gabrielei Firea, a dat \u00een judecat\u0103 cet\u0103\u021benii care au reclamat condi\u021biile de la centrul social privat din Voluntari. \u00a0 \u201cTrebuie re\u021binut de c\u0103tre toat\u0103 lumea c\u0103 au fost f\u0103cute zeci de adrese la institu\u021biile abilitate s\u0103 ia m\u0103suri \u00een [&hellip;]","og_url":"https:\/\/buletin.de\/bucuresti\/lagarele-ilfovului-avocat-asociatia-sf-gabriel-cel-viteaz-si-a-dat-in-judecata-vecinii-care-au-facut-reclamatii-si-a-cerut-daune-morale\/","og_site_name":"Buletin de Bucure\u0219ti","article_publisher":"https:\/\/www.facebook.com\/buletin.de.buc","article_published_time":"2023-07-11T01:39:03+00:00","og_image":[{"width":2000,"height":1333,"url":"https:\/\/buletin.de\/bucuresti\/wp-content\/uploads\/ID226591_INQUAM_Photos_Octav_Ganea.jpg","type":"image\/jpeg"}],"author":"C\u0103t\u0103lin Dosca\u0219","twitter_card":"summary_large_image","twitter_misc":{"Written by":"C\u0103t\u0103lin Dosca\u0219","Estimated reading time":"2 minutes"},"schema":{"@context":"https:\/\/schema.org","@graph":[{"@type":"Article","@id":"https:\/\/buletin.de\/bucuresti\/lagarele-ilfovului-avocat-asociatia-sf-gabriel-cel-viteaz-si-a-dat-in-judecata-vecinii-care-au-facut-reclamatii-si-a-cerut-daune-morale\/#article","isPartOf":{"@id":"https:\/\/buletin.de\/bucuresti\/lagarele-ilfovului-avocat-asociatia-sf-gabriel-cel-viteaz-si-a-dat-in-judecata-vecinii-care-au-facut-reclamatii-si-a-cerut-daune-morale\/"},"author":{"name":"C\u0103t\u0103lin Dosca\u0219","@id":"https:\/\/buletin.de\/bucuresti\/#\/schema\/person\/31117187ed4d0bdb0a4c7d6acc79d0f8"},"headline":"\u201eLag\u0103rele Ilfovului\u201d | Avocat: Asocia\u021bia Sf. Gabriel cel Viteaz \u0219i-a dat \u00een judecat\u0103 vecinii care au f\u0103cut reclama\u021bii \u0219i a cerut daune morale","datePublished":"2023-07-11T01:39:03+00:00","mainEntityOfPage":{"@id":"https:\/\/buletin.de\/bucuresti\/lagarele-ilfovului-avocat-asociatia-sf-gabriel-cel-viteaz-si-a-dat-in-judecata-vecinii-care-au-facut-reclamatii-si-a-cerut-daune-morale\/"},"wordCount":335,"commentCount":0,"publisher":{"@id":"https:\/\/buletin.de\/bucuresti\/#organization"},"image":{"@id":"https:\/\/buletin.de\/bucuresti\/lagarele-ilfovului-avocat-asociatia-sf-gabriel-cel-viteaz-si-a-dat-in-judecata-vecinii-care-au-facut-reclamatii-si-a-cerut-daune-morale\/#primaryimage"},"thumbnailUrl":"https:\/\/buletin.de\/bucuresti\/wp-content\/uploads\/ID226591_INQUAM_Photos_Octav_Ganea.jpg","keywords":["asociatie","azile","daune","firea","Ilfov","pandele","vecini"],"articleSection":["Featured"],"inLanguage":"en-GB","potentialAction":[{"@type":"CommentAction","name":"Comment","target":["https:\/\/buletin.de\/bucuresti\/lagarele-ilfovului-avocat-asociatia-sf-gabriel-cel-viteaz-si-a-dat-in-judecata-vecinii-care-au-facut-reclamatii-si-a-cerut-daune-morale\/#respond"]}],"copyrightYear":"2023","copyrightHolder":{"@id":"https:\/\/buletin.de\/bucuresti\/#organization"}},{"@type":"WebPage","@id":"https:\/\/buletin.de\/bucuresti\/lagarele-ilfovului-avocat-asociatia-sf-gabriel-cel-viteaz-si-a-dat-in-judecata-vecinii-care-au-facut-reclamatii-si-a-cerut-daune-morale\/","url":"https:\/\/buletin.de\/bucuresti\/lagarele-ilfovului-avocat-asociatia-sf-gabriel-cel-viteaz-si-a-dat-in-judecata-vecinii-care-au-facut-reclamatii-si-a-cerut-daune-morale\/","name":"\u201eLag\u0103rele Ilfovului\u201d | Avocat: Asocia\u021bia Sf. Gabriel cel Viteaz \u0219i-a dat \u00een judecat\u0103 vecinii care au f\u0103cut reclama\u021bii \u0219i a cerut daune morale - Buletin de Bucure\u0219ti","isPartOf":{"@id":"https:\/\/buletin.de\/bucuresti\/#website"},"primaryImageOfPage":{"@id":"https:\/\/buletin.de\/bucuresti\/lagarele-ilfovului-avocat-asociatia-sf-gabriel-cel-viteaz-si-a-dat-in-judecata-vecinii-care-au-facut-reclamatii-si-a-cerut-daune-morale\/#primaryimage"},"image":{"@id":"https:\/\/buletin.de\/bucuresti\/lagarele-ilfovului-avocat-asociatia-sf-gabriel-cel-viteaz-si-a-dat-in-judecata-vecinii-care-au-facut-reclamatii-si-a-cerut-daune-morale\/#primaryimage"},"thumbnailUrl":"https:\/\/buletin.de\/bucuresti\/wp-content\/uploads\/ID226591_INQUAM_Photos_Octav_Ganea.jpg","datePublished":"2023-07-11T01:39:03+00:00","breadcrumb":{"@id":"https:\/\/buletin.de\/bucuresti\/lagarele-ilfovului-avocat-asociatia-sf-gabriel-cel-viteaz-si-a-dat-in-judecata-vecinii-care-au-facut-reclamatii-si-a-cerut-daune-morale\/#breadcrumb"},"inLanguage":"en-GB","potentialAction":[{"@type":"ReadAction","target":["https:\/\/buletin.de\/bucuresti\/lagarele-ilfovului-avocat-asociatia-sf-gabriel-cel-viteaz-si-a-dat-in-judecata-vecinii-care-au-facut-reclamatii-si-a-cerut-daune-morale\/"]}]},{"@type":"ImageObject","inLanguage":"en-GB","@id":"https:\/\/buletin.de\/bucuresti\/lagarele-ilfovului-avocat-asociatia-sf-gabriel-cel-viteaz-si-a-dat-in-judecata-vecinii-care-au-facut-reclamatii-si-a-cerut-daune-morale\/#primaryimage","url":"https:\/\/buletin.de\/bucuresti\/wp-content\/uploads\/ID226591_INQUAM_Photos_Octav_Ganea.jpg","contentUrl":"https:\/\/buletin.de\/bucuresti\/wp-content\/uploads\/ID226591_INQUAM_Photos_Octav_Ganea.jpg","width":2000,"height":1333},{"@type":"BreadcrumbList","@id":"https:\/\/buletin.de\/bucuresti\/lagarele-ilfovului-avocat-asociatia-sf-gabriel-cel-viteaz-si-a-dat-in-judecata-vecinii-care-au-facut-reclamatii-si-a-cerut-daune-morale\/#breadcrumb","itemListElement":[{"@type":"ListItem","position":1,"name":"Acas\u0103","item":"https:\/\/buletin.de\/bucuresti\/"},{"@type":"ListItem","position":2,"name":"\u201eLag\u0103rele Ilfovului\u201d | Avocat: Asocia\u021bia Sf. Gabriel cel Viteaz \u0219i-a dat \u00een judecat\u0103 vecinii care au f\u0103cut reclama\u021bii \u0219i a cerut daune morale"}]},{"@type":"WebSite","@id":"https:\/\/buletin.de\/bucuresti\/#website","url":"https:\/\/buletin.de\/bucuresti\/","name":"Buletin de Bucure\u0219ti","description":"\u0218tiri \u0219i investiga\u021bii esen\u021biale din capital\u0103","publisher":{"@id":"https:\/\/buletin.de\/bucuresti\/#organization"},"potentialAction":[{"@type":"SearchAction","target":{"@type":"EntryPoint","urlTemplate":"https:\/\/buletin.de\/bucuresti\/?s={search_term_string}"},"query-input":{"@type":"PropertyValueSpecification","valueRequired":true,"valueName":"search_term_string"}}],"inLanguage":"en-GB"},{"@type":"Organization","@id":"https:\/\/buletin.de\/bucuresti\/#organization","name":"Buletin de Bucure\u0219ti","url":"https:\/\/buletin.de\/bucuresti\/","logo":{"@type":"ImageObject","inLanguage":"en-GB","@id":"https:\/\/buletin.de\/bucuresti\/#\/schema\/logo\/image\/","url":"https:\/\/buletin.de\/bucuresti\/wp-content\/uploads\/logo-bdb-full-wide-vernil-transparent.png","contentUrl":"https:\/\/buletin.de\/bucuresti\/wp-content\/uploads\/logo-bdb-full-wide-vernil-transparent.png","width":1782,"height":626,"caption":"Buletin de Bucure\u0219ti"},"image":{"@id":"https:\/\/buletin.de\/bucuresti\/#\/schema\/logo\/image\/"},"sameAs":["https:\/\/www.facebook.com\/buletin.de.buc","https:\/\/www.instagram.com\/buletinde.bucuresti\/"]},{"@type":"Person","@id":"https:\/\/buletin.de\/bucuresti\/#\/schema\/person\/31117187ed4d0bdb0a4c7d6acc79d0f8","name":"C\u0103t\u0103lin Dosca\u0219","image":{"@type":"ImageObject","inLanguage":"en-GB","@id":"https:\/\/buletin.de\/bucuresti\/wp-content\/uploads\/Catalin-Doscas-e1732731064764-96x96.jpga93e2943bb3b1c1f9ead823df6e6317a","url":"https:\/\/buletin.de\/bucuresti\/wp-content\/uploads\/Catalin-Doscas-e1732731064764-96x96.jpg","contentUrl":"https:\/\/buletin.de\/bucuresti\/wp-content\/uploads\/Catalin-Doscas-e1732731064764-96x96.jpg","caption":"C\u0103t\u0103lin Dosca\u0219"},"description":"Reporter \u0219i redactor-\u0219ef Buletin de Bucure\u0219ti. Lucreaz\u0103 \u00een mass-media de la v\u00e2rsta de 15 ani, c\u00e2nd a publicat primele articole \u00een presa local\u0103 din Tecuci. \u00cen Bucure\u0219ti a lucrat \u00een redac\u021bii radio ca reporter, redactor \u0219i prezentator (StudentFM, Na\u021bionalFM, Radio Total, Smart FM), unde a acoperit domeniile politic, economic, social \u0219i externe. Ulterior, a fost editor-coordonator al postului Realitatea FM. Experien\u021ba \u00een jurnalismul online a dob\u00e2ndit-o la portalul B365.ro, unde a fost editor. \u00cen 2012 s-a angajat \u00een televiziune. La Realitatea TV a fost, pe r\u00e2nd, reporter la sec\u021bia Social, reporter special la emisiunea de reportaje \u0219i anchete \u201eReporterii Realit\u0103\u021bii\u201d, dar \u0219i editor al jurnalelor de \u0219tiri. Ulterior, a f\u0103cut parte din sec\u021bia de Investiga\u021bii de la Digi24 \u0219i a lucrat la campania \u201eRom\u00e2nia furat\u0103\u201d. A revenit \u00een presa scris\u0103 \u00een 2017, ca reporter special, \u00een cadrul unui proiect de repozi\u021bionare a tabloidului Libertatea \u00een cotidian generalist. Este jurnalist Buletin de Bucure\u0219ti din 2019.","url":"https:\/\/buletin.de\/bucuresti\/author\/catalin\/"}]}},"authors":[{"term_id":22575,"user_id":10,"is_guest":0,"slug":"catalin","display_name":"C\u0103t\u0103lin Dosca\u0219","avatar_url":"https:\/\/buletin.de\/bucuresti\/wp-content\/uploads\/Catalin-Doscas-e1732731064764-96x96.jpg","0":null,"1":"","2":"","3":"","4":"","5":"","6":"","7":"","8":""}],"_links":{"self":[{"href":"https:\/\/buletin.de\/bucuresti\/wp-json\/wp\/v2\/posts\/61015","targetHints":{"allow":["GET"]}}],"collection":[{"href":"https:\/\/buletin.de\/bucuresti\/wp-json\/wp\/v2\/posts"}],"about":[{"href":"https:\/\/buletin.de\/bucuresti\/wp-json\/wp\/v2\/types\/post"}],"author":[{"embeddable":true,"href":"https:\/\/buletin.de\/bucuresti\/wp-json\/wp\/v2\/users\/10"}],"replies":[{"embeddable":true,"href":"https:\/\/buletin.de\/bucuresti\/wp-json\/wp\/v2\/comments?post=61015"}],"version-history":[{"count":0,"href":"https:\/\/buletin.de\/bucuresti\/wp-json\/wp\/v2\/posts\/61015\/revisions"}],"wp:featuredmedia":[{"embeddable":true,"href":"https:\/\/buletin.de\/bucuresti\/wp-json\/wp\/v2\/media\/61016"}],"wp:attachment":[{"href":"https:\/\/buletin.de\/bucuresti\/wp-json\/wp\/v2\/media?parent=61015"}],"wp:term":[{"taxonomy":"category","embeddable":true,"href":"https:\/\/buletin.de\/bucuresti\/wp-json\/wp\/v2\/categories?post=61015"},{"taxonomy":"post_tag","embeddable":true,"href":"https:\/\/buletin.de\/bucuresti\/wp-json\/wp\/v2\/tags?post=61015"},{"taxonomy":"author","embeddable":true,"href":"https:\/\/buletin.de\/bucuresti\/wp-json\/wp\/v2\/ppma_author?post=61015"}],"curies":[{"name":"wp","href":"https:\/\/api.w.org\/{rel}","templated":true}]}}