{"id":60918,"date":"2023-07-07T09:35:37","date_gmt":"2023-07-07T07:35:37","guid":{"rendered":"https:\/\/buletin.de\/bucuresti\/policlinica-pantelimon-va-fi-modernizata-institutia-se-extinde-cu-un-ambulatoriu-pentru-spitalul-malaxa\/"},"modified":"2023-07-07T09:35:37","modified_gmt":"2023-07-07T07:35:37","slug":"policlinica-pantelimon-va-fi-modernizata-institutia-se-extinde-cu-un-ambulatoriu-pentru-spitalul-malaxa","status":"publish","type":"post","link":"https:\/\/buletin.de\/bucuresti\/policlinica-pantelimon-va-fi-modernizata-institutia-se-extinde-cu-un-ambulatoriu-pentru-spitalul-malaxa\/","title":{"rendered":"Policlinica Pantelimon va fi modernizat\u0103. Institu\u021bia se extinde cu un ambulatoriu pentru Spitalul Malaxa"},"content":{"rendered":"\n<p><strong>Spitalul Clinic Nicolae Malaxa va beneficia de un ambulatoriu specializat pe diabet zaharat, nutri\u021bie \u0219i boli metabolice. Noul corp al spitalului va fi construit \u00een cadrul Policlinicii nr.2 Pantelimon, care va fi modernizat\u0103 la ini\u021biativa Administra\u021biei Spitalelor \u0219i Serviciilor Medicale Bucure\u0219ti.<\/strong><\/p>\n\n\n\n<p>\u00cen prezent, Spitalul Clinic N. Malaxa beneficiaz\u0103 de un ambulatoriu de specialitate, care \u00eens\u0103 nu se ridic\u0103 la standardele minime de infrastructur\u0103 necesare pentru desf\u0103\u0219urarea consulta\u021biilor. \u00cen plus, acesta prezint\u0103 uzuri la instala\u021bii sau chiar elemente lips\u0103, precum sistemul de tratare al apei uzate sau cel de clorinare al apei potabile. Un alt dezavantaj \u00eel reprezint\u0103 num\u0103rul mare de solicit\u0103ri privind consulta\u021biile pacien\u021bilor diabetici, care dep\u0103\u0219e\u0219te num\u0103rul de consulta\u021bii prev\u0103zut \u00een contractul pe care spitalul l-a \u00eencheiat cu CASMB.&nbsp;<\/p>\n\n\n\n<p>Spitalul Clinic N. Malaxa are aproximativ 18.000 de pacien\u021bi diabetici \u00een baza de date, iar peste 60% dintre consulta\u021biile acordate \u00een ambulatoriu sunt ale specialit\u0103\u021bii diabet zaharat, nutri\u021bie \u0219i boli metabolice. De aceea, Administra\u021bia Spitalelor \u0219i Serviciilor Medicale Bucure\u0219ti a \u00eenceput demersul pentru construirea unui nou ambulatoriu, cu o infrastructur\u0103 dezvoltat\u0103 \u0219i modern\u0103, care s\u0103 eficientizeze \u0219i s\u0103 \u00eembun\u0103t\u0103\u021beasc\u0103 serviciile medicale.<\/p>\n\n\n\n<p>Noul ambulatoriu al Spitalului Clinic N. Malaxa va fi situat \u00een cadrul Policlinicii nr. 2 Pantelimon, care se afl\u0103 \u00een administra\u021bia ASSMB \u00eenc\u0103 din 2019. Lucr\u0103rile de refunc\u021bionalizare \u0219i modernizare ale Policlinicii nr.2 vor fi finan\u021bate din bugetul public, dup\u0103 ce ASSMB nu a reu\u0219it s\u0103 ob\u021bin\u0103 fonduri prin PNRR.<\/p>\n\n\n\n<p>\u201e<em>Am pus pe PNRR, pe componenta s\u0103n\u0103tate, dar nu ne-a fost acordat\u0103 finan\u021barea. Este scoas\u0103 de o s\u0103pt\u0103m\u00e2n\u0103 la licita\u021bie pe buget local<\/em>\u201d, a afirmat Horia Tomescu, vicepre\u0219edintele Capitalei \u0219i coordonatorul Administra\u021biei Spitalelor \u0219i Serviciilor Medicale Bucure\u0219ti. <\/p>\n\n\n\n<p>Cl\u0103direa va cuprinde la finalul lucr\u0103rilor:&nbsp;<\/p>\n\n\n\n<p>-6 cabinete de consulta\u021bii Diabet adul\u021bi;<\/p>\n\n\n\n<p>-cabinet de Diabet pediatric cu sal\u0103 de montat senzori \u0219i monitorizare;<\/p>\n\n\n\n<p>-cabinet Neonatologie;<\/p>\n\n\n\n<p>-cabinet Dermatologic cu sal\u0103 de tratament;<\/p>\n\n\n\n<p>-cabinet Chirurgie cu sal\u0103 de tratament;<\/p>\n\n\n\n<p>-cabinet ORL cu sal\u0103 de tratament;<\/p>\n\n\n\n<p>-sec\u021bie de Obstretic\u0103-Ginecologie cu sal\u0103 de tratament \u0219i supraveghere;<\/p>\n\n\n\n<p>-cabinet de Medicin\u0103 Intern\u0103;<\/p>\n\n\n\n<p>-cabinet de Urologie;<\/p>\n\n\n\n<p>-cabinet de Nefrologie;<\/p>\n\n\n\n<p>-cabinet de Boli Infec\u021bioase;<\/p>\n\n\n\n<p>-sec\u021bie de Cardiologie cu ecografii generale, cardio, EKG \u0219i EMG;<\/p>\n\n\n\n<p>-cabinet de Neurologie;<\/p>\n\n\n\n<p>-camere de recoltat s\u00e2nge \u0219i probe biologice;<\/p>\n\n\n\n<p>-sec\u021bie de Oftalmologie cu sal\u0103 de tratament \u0219i camer\u0103 de Laser oftalmologic;<\/p>\n\n\n\n<p>-sec\u021bie de Stomatologie cu spa\u021bii de radiologie \u0219i laboratoare de electric\u0103 dentar\u0103.\u00a0<\/p>\n\n\n\n<p>Suma total\u0103 a lucr\u0103rilor este aproximativ 73 milioane de lei, iar perioada de execu\u021bie este de 18 luni din momentul desemn\u0103rii c\u00e2\u0219tig\u0103torului.<\/p>\n","protected":false},"excerpt":{"rendered":"<p>Spitalul Clinic Nicolae Malaxa va beneficia de un ambulatoriu specializat pe diabet zaharat, nutri\u021bie \u0219i boli metabolice. Noul corp al spitalului va fi construit \u00een cadrul Policlinicii nr.2 Pantelimon, care va fi modernizat\u0103 la ini\u021biativa Administra\u021biei Spitalelor \u0219i Serviciilor Medicale Bucure\u0219ti. \u00cen prezent, Spitalul Clinic N. Malaxa beneficiaz\u0103 de un ambulatoriu de specialitate, care \u00eens\u0103 [&hellip;]<\/p>\n","protected":false},"author":45,"featured_media":60919,"comment_status":"open","ping_status":"open","sticky":false,"template":"","format":"standard","meta":{"_acf_changed":false,"inline_featured_image":false,"ngg_post_thumbnail":0,"footnotes":""},"categories":[4,62],"tags":[474,6255,3293,1545,6256],"ppma_author":[22604],"class_list":["post-60918","post","type-post","status-publish","format-standard","has-post-thumbnail","hentry","category-sanatate","category-stiri","tag-assmb","tag-casmb","tag-malaxa","tag-pantelimon","tag-policlinica"],"acf":[],"yoast_head":"<!-- This site is optimized with the Yoast SEO Premium plugin v25.3 (Yoast SEO v27.4) - https:\/\/yoast.com\/product\/yoast-seo-premium-wordpress\/ -->\n<title>Policlinica Pantelimon va fi modernizat\u0103. Institu\u021bia se extinde cu un ambulatoriu pentru Spitalul Malaxa - Buletin de Bucure\u0219ti<\/title>\n<meta name=\"robots\" content=\"index, follow, max-snippet:-1, max-image-preview:large, max-video-preview:-1\" \/>\n<link rel=\"canonical\" href=\"https:\/\/buletin.de\/bucuresti\/policlinica-pantelimon-va-fi-modernizata-institutia-se-extinde-cu-un-ambulatoriu-pentru-spitalul-malaxa\/\" \/>\n<meta property=\"og:locale\" content=\"en_GB\" \/>\n<meta property=\"og:type\" content=\"article\" \/>\n<meta property=\"og:title\" content=\"Policlinica Pantelimon va fi modernizat\u0103. Institu\u021bia se extinde cu un ambulatoriu pentru Spitalul Malaxa\" \/>\n<meta property=\"og:description\" content=\"Spitalul Clinic Nicolae Malaxa va beneficia de un ambulatoriu specializat pe diabet zaharat, nutri\u021bie \u0219i boli metabolice. Noul corp al spitalului va fi construit \u00een cadrul Policlinicii nr.2 Pantelimon, care va fi modernizat\u0103 la ini\u021biativa Administra\u021biei Spitalelor \u0219i Serviciilor Medicale Bucure\u0219ti. \u00cen prezent, Spitalul Clinic N. Malaxa beneficiaz\u0103 de un ambulatoriu de specialitate, care \u00eens\u0103 [&hellip;]\" \/>\n<meta property=\"og:url\" content=\"https:\/\/buletin.de\/bucuresti\/policlinica-pantelimon-va-fi-modernizata-institutia-se-extinde-cu-un-ambulatoriu-pentru-spitalul-malaxa\/\" \/>\n<meta property=\"og:site_name\" content=\"Buletin de Bucure\u0219ti\" \/>\n<meta property=\"article:publisher\" content=\"https:\/\/www.facebook.com\/buletin.de.buc\" \/>\n<meta property=\"article:published_time\" content=\"2023-07-07T07:35:37+00:00\" \/>\n<meta property=\"og:image\" content=\"https:\/\/buletin.de\/bucuresti\/wp-content\/uploads\/Spitalul-Clinic-Nicolae-Malaxa.webp\" \/>\n\t<meta property=\"og:image:width\" content=\"920\" \/>\n\t<meta property=\"og:image:height\" content=\"450\" \/>\n\t<meta property=\"og:image:type\" content=\"image\/webp\" \/>\n<meta name=\"author\" content=\"Teodora \u0218uta\" \/>\n<meta name=\"twitter:card\" content=\"summary_large_image\" \/>\n<meta name=\"twitter:label1\" content=\"Written by\" \/>\n\t<meta name=\"twitter:data1\" content=\"Teodora \u0218uta\" \/>\n\t<meta name=\"twitter:label2\" content=\"Estimated reading time\" \/>\n\t<meta name=\"twitter:data2\" content=\"2 minutes\" \/>\n<script type=\"application\/ld+json\" class=\"yoast-schema-graph\">{\"@context\":\"https:\\\/\\\/schema.org\",\"@graph\":[{\"@type\":\"Article\",\"@id\":\"https:\\\/\\\/buletin.de\\\/bucuresti\\\/policlinica-pantelimon-va-fi-modernizata-institutia-se-extinde-cu-un-ambulatoriu-pentru-spitalul-malaxa\\\/#article\",\"isPartOf\":{\"@id\":\"https:\\\/\\\/buletin.de\\\/bucuresti\\\/policlinica-pantelimon-va-fi-modernizata-institutia-se-extinde-cu-un-ambulatoriu-pentru-spitalul-malaxa\\\/\"},\"author\":{\"name\":\"Teodora \u0218uta\",\"@id\":\"https:\\\/\\\/buletin.de\\\/bucuresti\\\/#\\\/schema\\\/person\\\/5d54908fa90ab7ad3b2e88152efd6845\"},\"headline\":\"Policlinica Pantelimon va fi modernizat\u0103. Institu\u021bia se extinde cu un ambulatoriu pentru Spitalul Malaxa\",\"datePublished\":\"2023-07-07T07:35:37+00:00\",\"mainEntityOfPage\":{\"@id\":\"https:\\\/\\\/buletin.de\\\/bucuresti\\\/policlinica-pantelimon-va-fi-modernizata-institutia-se-extinde-cu-un-ambulatoriu-pentru-spitalul-malaxa\\\/\"},\"wordCount\":468,\"commentCount\":0,\"publisher\":{\"@id\":\"https:\\\/\\\/buletin.de\\\/bucuresti\\\/#organization\"},\"image\":{\"@id\":\"https:\\\/\\\/buletin.de\\\/bucuresti\\\/policlinica-pantelimon-va-fi-modernizata-institutia-se-extinde-cu-un-ambulatoriu-pentru-spitalul-malaxa\\\/#primaryimage\"},\"thumbnailUrl\":\"https:\\\/\\\/buletin.de\\\/bucuresti\\\/wp-content\\\/uploads\\\/Spitalul-Clinic-Nicolae-Malaxa.webp\",\"keywords\":[\"assmb\",\"casmb\",\"malaxa\",\"Pantelimon\",\"policlinica\"],\"articleSection\":[\"S\u0103n\u0103tate\",\"\u0218tiri\"],\"inLanguage\":\"en-GB\",\"potentialAction\":[{\"@type\":\"CommentAction\",\"name\":\"Comment\",\"target\":[\"https:\\\/\\\/buletin.de\\\/bucuresti\\\/policlinica-pantelimon-va-fi-modernizata-institutia-se-extinde-cu-un-ambulatoriu-pentru-spitalul-malaxa\\\/#respond\"]}],\"copyrightYear\":\"2023\",\"copyrightHolder\":{\"@id\":\"https:\\\/\\\/buletin.de\\\/bucuresti\\\/#organization\"}},{\"@type\":\"WebPage\",\"@id\":\"https:\\\/\\\/buletin.de\\\/bucuresti\\\/policlinica-pantelimon-va-fi-modernizata-institutia-se-extinde-cu-un-ambulatoriu-pentru-spitalul-malaxa\\\/\",\"url\":\"https:\\\/\\\/buletin.de\\\/bucuresti\\\/policlinica-pantelimon-va-fi-modernizata-institutia-se-extinde-cu-un-ambulatoriu-pentru-spitalul-malaxa\\\/\",\"name\":\"Policlinica Pantelimon va fi modernizat\u0103. Institu\u021bia se extinde cu un ambulatoriu pentru Spitalul Malaxa - Buletin de Bucure\u0219ti\",\"isPartOf\":{\"@id\":\"https:\\\/\\\/buletin.de\\\/bucuresti\\\/#website\"},\"primaryImageOfPage\":{\"@id\":\"https:\\\/\\\/buletin.de\\\/bucuresti\\\/policlinica-pantelimon-va-fi-modernizata-institutia-se-extinde-cu-un-ambulatoriu-pentru-spitalul-malaxa\\\/#primaryimage\"},\"image\":{\"@id\":\"https:\\\/\\\/buletin.de\\\/bucuresti\\\/policlinica-pantelimon-va-fi-modernizata-institutia-se-extinde-cu-un-ambulatoriu-pentru-spitalul-malaxa\\\/#primaryimage\"},\"thumbnailUrl\":\"https:\\\/\\\/buletin.de\\\/bucuresti\\\/wp-content\\\/uploads\\\/Spitalul-Clinic-Nicolae-Malaxa.webp\",\"datePublished\":\"2023-07-07T07:35:37+00:00\",\"breadcrumb\":{\"@id\":\"https:\\\/\\\/buletin.de\\\/bucuresti\\\/policlinica-pantelimon-va-fi-modernizata-institutia-se-extinde-cu-un-ambulatoriu-pentru-spitalul-malaxa\\\/#breadcrumb\"},\"inLanguage\":\"en-GB\",\"potentialAction\":[{\"@type\":\"ReadAction\",\"target\":[\"https:\\\/\\\/buletin.de\\\/bucuresti\\\/policlinica-pantelimon-va-fi-modernizata-institutia-se-extinde-cu-un-ambulatoriu-pentru-spitalul-malaxa\\\/\"]}]},{\"@type\":\"ImageObject\",\"inLanguage\":\"en-GB\",\"@id\":\"https:\\\/\\\/buletin.de\\\/bucuresti\\\/policlinica-pantelimon-va-fi-modernizata-institutia-se-extinde-cu-un-ambulatoriu-pentru-spitalul-malaxa\\\/#primaryimage\",\"url\":\"https:\\\/\\\/buletin.de\\\/bucuresti\\\/wp-content\\\/uploads\\\/Spitalul-Clinic-Nicolae-Malaxa.webp\",\"contentUrl\":\"https:\\\/\\\/buletin.de\\\/bucuresti\\\/wp-content\\\/uploads\\\/Spitalul-Clinic-Nicolae-Malaxa.webp\",\"width\":920,\"height\":450},{\"@type\":\"BreadcrumbList\",\"@id\":\"https:\\\/\\\/buletin.de\\\/bucuresti\\\/policlinica-pantelimon-va-fi-modernizata-institutia-se-extinde-cu-un-ambulatoriu-pentru-spitalul-malaxa\\\/#breadcrumb\",\"itemListElement\":[{\"@type\":\"ListItem\",\"position\":1,\"name\":\"Acas\u0103\",\"item\":\"https:\\\/\\\/buletin.de\\\/bucuresti\\\/\"},{\"@type\":\"ListItem\",\"position\":2,\"name\":\"Policlinica Pantelimon va fi modernizat\u0103. Institu\u021bia se extinde cu un ambulatoriu pentru Spitalul Malaxa\"}]},{\"@type\":\"WebSite\",\"@id\":\"https:\\\/\\\/buletin.de\\\/bucuresti\\\/#website\",\"url\":\"https:\\\/\\\/buletin.de\\\/bucuresti\\\/\",\"name\":\"Buletin de Bucure\u0219ti\",\"description\":\"\u0218tiri \u0219i investiga\u021bii esen\u021biale din capital\u0103\",\"publisher\":{\"@id\":\"https:\\\/\\\/buletin.de\\\/bucuresti\\\/#organization\"},\"potentialAction\":[{\"@type\":\"SearchAction\",\"target\":{\"@type\":\"EntryPoint\",\"urlTemplate\":\"https:\\\/\\\/buletin.de\\\/bucuresti\\\/?s={search_term_string}\"},\"query-input\":{\"@type\":\"PropertyValueSpecification\",\"valueRequired\":true,\"valueName\":\"search_term_string\"}}],\"inLanguage\":\"en-GB\"},{\"@type\":\"Organization\",\"@id\":\"https:\\\/\\\/buletin.de\\\/bucuresti\\\/#organization\",\"name\":\"Buletin de Bucure\u0219ti\",\"url\":\"https:\\\/\\\/buletin.de\\\/bucuresti\\\/\",\"logo\":{\"@type\":\"ImageObject\",\"inLanguage\":\"en-GB\",\"@id\":\"https:\\\/\\\/buletin.de\\\/bucuresti\\\/#\\\/schema\\\/logo\\\/image\\\/\",\"url\":\"https:\\\/\\\/buletin.de\\\/bucuresti\\\/wp-content\\\/uploads\\\/logo-bdb-full-wide-vernil-transparent.png\",\"contentUrl\":\"https:\\\/\\\/buletin.de\\\/bucuresti\\\/wp-content\\\/uploads\\\/logo-bdb-full-wide-vernil-transparent.png\",\"width\":1782,\"height\":626,\"caption\":\"Buletin de Bucure\u0219ti\"},\"image\":{\"@id\":\"https:\\\/\\\/buletin.de\\\/bucuresti\\\/#\\\/schema\\\/logo\\\/image\\\/\"},\"sameAs\":[\"https:\\\/\\\/www.facebook.com\\\/buletin.de.buc\",\"https:\\\/\\\/www.instagram.com\\\/buletinde.bucuresti\\\/\"]},{\"@type\":\"Person\",\"@id\":\"https:\\\/\\\/buletin.de\\\/bucuresti\\\/#\\\/schema\\\/person\\\/5d54908fa90ab7ad3b2e88152efd6845\",\"name\":\"Teodora \u0218uta\",\"image\":{\"@type\":\"ImageObject\",\"inLanguage\":\"en-GB\",\"@id\":\"https:\\\/\\\/secure.gravatar.com\\\/avatar\\\/0c709226af9845d97b126aa0aa80ab42778847ec3d11d741016b74a61174088d?s=96&d=monsterid&r=gf2e0c6a01d766272c6fa8af9e494be28\",\"url\":\"https:\\\/\\\/secure.gravatar.com\\\/avatar\\\/0c709226af9845d97b126aa0aa80ab42778847ec3d11d741016b74a61174088d?s=96&d=monsterid&r=g\",\"contentUrl\":\"https:\\\/\\\/secure.gravatar.com\\\/avatar\\\/0c709226af9845d97b126aa0aa80ab42778847ec3d11d741016b74a61174088d?s=96&d=monsterid&r=g\",\"caption\":\"Teodora \u0218uta\"},\"url\":\"https:\\\/\\\/buletin.de\\\/bucuresti\\\/author\\\/mariasuta\\\/\"}]}<\/script>\n<!-- \/ Yoast SEO Premium plugin. -->","yoast_head_json":{"title":"Policlinica Pantelimon va fi modernizat\u0103. Institu\u021bia se extinde cu un ambulatoriu pentru Spitalul Malaxa - Buletin de Bucure\u0219ti","robots":{"index":"index","follow":"follow","max-snippet":"max-snippet:-1","max-image-preview":"max-image-preview:large","max-video-preview":"max-video-preview:-1"},"canonical":"https:\/\/buletin.de\/bucuresti\/policlinica-pantelimon-va-fi-modernizata-institutia-se-extinde-cu-un-ambulatoriu-pentru-spitalul-malaxa\/","og_locale":"en_GB","og_type":"article","og_title":"Policlinica Pantelimon va fi modernizat\u0103. Institu\u021bia se extinde cu un ambulatoriu pentru Spitalul Malaxa","og_description":"Spitalul Clinic Nicolae Malaxa va beneficia de un ambulatoriu specializat pe diabet zaharat, nutri\u021bie \u0219i boli metabolice. Noul corp al spitalului va fi construit \u00een cadrul Policlinicii nr.2 Pantelimon, care va fi modernizat\u0103 la ini\u021biativa Administra\u021biei Spitalelor \u0219i Serviciilor Medicale Bucure\u0219ti. \u00cen prezent, Spitalul Clinic N. Malaxa beneficiaz\u0103 de un ambulatoriu de specialitate, care \u00eens\u0103 [&hellip;]","og_url":"https:\/\/buletin.de\/bucuresti\/policlinica-pantelimon-va-fi-modernizata-institutia-se-extinde-cu-un-ambulatoriu-pentru-spitalul-malaxa\/","og_site_name":"Buletin de Bucure\u0219ti","article_publisher":"https:\/\/www.facebook.com\/buletin.de.buc","article_published_time":"2023-07-07T07:35:37+00:00","og_image":[{"width":920,"height":450,"url":"https:\/\/buletin.de\/bucuresti\/wp-content\/uploads\/Spitalul-Clinic-Nicolae-Malaxa.webp","type":"image\/webp"}],"author":"Teodora \u0218uta","twitter_card":"summary_large_image","twitter_misc":{"Written by":"Teodora \u0218uta","Estimated reading time":"2 minutes"},"schema":{"@context":"https:\/\/schema.org","@graph":[{"@type":"Article","@id":"https:\/\/buletin.de\/bucuresti\/policlinica-pantelimon-va-fi-modernizata-institutia-se-extinde-cu-un-ambulatoriu-pentru-spitalul-malaxa\/#article","isPartOf":{"@id":"https:\/\/buletin.de\/bucuresti\/policlinica-pantelimon-va-fi-modernizata-institutia-se-extinde-cu-un-ambulatoriu-pentru-spitalul-malaxa\/"},"author":{"name":"Teodora \u0218uta","@id":"https:\/\/buletin.de\/bucuresti\/#\/schema\/person\/5d54908fa90ab7ad3b2e88152efd6845"},"headline":"Policlinica Pantelimon va fi modernizat\u0103. Institu\u021bia se extinde cu un ambulatoriu pentru Spitalul Malaxa","datePublished":"2023-07-07T07:35:37+00:00","mainEntityOfPage":{"@id":"https:\/\/buletin.de\/bucuresti\/policlinica-pantelimon-va-fi-modernizata-institutia-se-extinde-cu-un-ambulatoriu-pentru-spitalul-malaxa\/"},"wordCount":468,"commentCount":0,"publisher":{"@id":"https:\/\/buletin.de\/bucuresti\/#organization"},"image":{"@id":"https:\/\/buletin.de\/bucuresti\/policlinica-pantelimon-va-fi-modernizata-institutia-se-extinde-cu-un-ambulatoriu-pentru-spitalul-malaxa\/#primaryimage"},"thumbnailUrl":"https:\/\/buletin.de\/bucuresti\/wp-content\/uploads\/Spitalul-Clinic-Nicolae-Malaxa.webp","keywords":["assmb","casmb","malaxa","Pantelimon","policlinica"],"articleSection":["S\u0103n\u0103tate","\u0218tiri"],"inLanguage":"en-GB","potentialAction":[{"@type":"CommentAction","name":"Comment","target":["https:\/\/buletin.de\/bucuresti\/policlinica-pantelimon-va-fi-modernizata-institutia-se-extinde-cu-un-ambulatoriu-pentru-spitalul-malaxa\/#respond"]}],"copyrightYear":"2023","copyrightHolder":{"@id":"https:\/\/buletin.de\/bucuresti\/#organization"}},{"@type":"WebPage","@id":"https:\/\/buletin.de\/bucuresti\/policlinica-pantelimon-va-fi-modernizata-institutia-se-extinde-cu-un-ambulatoriu-pentru-spitalul-malaxa\/","url":"https:\/\/buletin.de\/bucuresti\/policlinica-pantelimon-va-fi-modernizata-institutia-se-extinde-cu-un-ambulatoriu-pentru-spitalul-malaxa\/","name":"Policlinica Pantelimon va fi modernizat\u0103. Institu\u021bia se extinde cu un ambulatoriu pentru Spitalul Malaxa - Buletin de Bucure\u0219ti","isPartOf":{"@id":"https:\/\/buletin.de\/bucuresti\/#website"},"primaryImageOfPage":{"@id":"https:\/\/buletin.de\/bucuresti\/policlinica-pantelimon-va-fi-modernizata-institutia-se-extinde-cu-un-ambulatoriu-pentru-spitalul-malaxa\/#primaryimage"},"image":{"@id":"https:\/\/buletin.de\/bucuresti\/policlinica-pantelimon-va-fi-modernizata-institutia-se-extinde-cu-un-ambulatoriu-pentru-spitalul-malaxa\/#primaryimage"},"thumbnailUrl":"https:\/\/buletin.de\/bucuresti\/wp-content\/uploads\/Spitalul-Clinic-Nicolae-Malaxa.webp","datePublished":"2023-07-07T07:35:37+00:00","breadcrumb":{"@id":"https:\/\/buletin.de\/bucuresti\/policlinica-pantelimon-va-fi-modernizata-institutia-se-extinde-cu-un-ambulatoriu-pentru-spitalul-malaxa\/#breadcrumb"},"inLanguage":"en-GB","potentialAction":[{"@type":"ReadAction","target":["https:\/\/buletin.de\/bucuresti\/policlinica-pantelimon-va-fi-modernizata-institutia-se-extinde-cu-un-ambulatoriu-pentru-spitalul-malaxa\/"]}]},{"@type":"ImageObject","inLanguage":"en-GB","@id":"https:\/\/buletin.de\/bucuresti\/policlinica-pantelimon-va-fi-modernizata-institutia-se-extinde-cu-un-ambulatoriu-pentru-spitalul-malaxa\/#primaryimage","url":"https:\/\/buletin.de\/bucuresti\/wp-content\/uploads\/Spitalul-Clinic-Nicolae-Malaxa.webp","contentUrl":"https:\/\/buletin.de\/bucuresti\/wp-content\/uploads\/Spitalul-Clinic-Nicolae-Malaxa.webp","width":920,"height":450},{"@type":"BreadcrumbList","@id":"https:\/\/buletin.de\/bucuresti\/policlinica-pantelimon-va-fi-modernizata-institutia-se-extinde-cu-un-ambulatoriu-pentru-spitalul-malaxa\/#breadcrumb","itemListElement":[{"@type":"ListItem","position":1,"name":"Acas\u0103","item":"https:\/\/buletin.de\/bucuresti\/"},{"@type":"ListItem","position":2,"name":"Policlinica Pantelimon va fi modernizat\u0103. Institu\u021bia se extinde cu un ambulatoriu pentru Spitalul Malaxa"}]},{"@type":"WebSite","@id":"https:\/\/buletin.de\/bucuresti\/#website","url":"https:\/\/buletin.de\/bucuresti\/","name":"Buletin de Bucure\u0219ti","description":"\u0218tiri \u0219i investiga\u021bii esen\u021biale din capital\u0103","publisher":{"@id":"https:\/\/buletin.de\/bucuresti\/#organization"},"potentialAction":[{"@type":"SearchAction","target":{"@type":"EntryPoint","urlTemplate":"https:\/\/buletin.de\/bucuresti\/?s={search_term_string}"},"query-input":{"@type":"PropertyValueSpecification","valueRequired":true,"valueName":"search_term_string"}}],"inLanguage":"en-GB"},{"@type":"Organization","@id":"https:\/\/buletin.de\/bucuresti\/#organization","name":"Buletin de Bucure\u0219ti","url":"https:\/\/buletin.de\/bucuresti\/","logo":{"@type":"ImageObject","inLanguage":"en-GB","@id":"https:\/\/buletin.de\/bucuresti\/#\/schema\/logo\/image\/","url":"https:\/\/buletin.de\/bucuresti\/wp-content\/uploads\/logo-bdb-full-wide-vernil-transparent.png","contentUrl":"https:\/\/buletin.de\/bucuresti\/wp-content\/uploads\/logo-bdb-full-wide-vernil-transparent.png","width":1782,"height":626,"caption":"Buletin de Bucure\u0219ti"},"image":{"@id":"https:\/\/buletin.de\/bucuresti\/#\/schema\/logo\/image\/"},"sameAs":["https:\/\/www.facebook.com\/buletin.de.buc","https:\/\/www.instagram.com\/buletinde.bucuresti\/"]},{"@type":"Person","@id":"https:\/\/buletin.de\/bucuresti\/#\/schema\/person\/5d54908fa90ab7ad3b2e88152efd6845","name":"Teodora \u0218uta","image":{"@type":"ImageObject","inLanguage":"en-GB","@id":"https:\/\/secure.gravatar.com\/avatar\/0c709226af9845d97b126aa0aa80ab42778847ec3d11d741016b74a61174088d?s=96&d=monsterid&r=gf2e0c6a01d766272c6fa8af9e494be28","url":"https:\/\/secure.gravatar.com\/avatar\/0c709226af9845d97b126aa0aa80ab42778847ec3d11d741016b74a61174088d?s=96&d=monsterid&r=g","contentUrl":"https:\/\/secure.gravatar.com\/avatar\/0c709226af9845d97b126aa0aa80ab42778847ec3d11d741016b74a61174088d?s=96&d=monsterid&r=g","caption":"Teodora \u0218uta"},"url":"https:\/\/buletin.de\/bucuresti\/author\/mariasuta\/"}]}},"authors":[{"term_id":22604,"user_id":45,"is_guest":0,"slug":"mariasuta","display_name":"Teodora \u0218uta","avatar_url":"https:\/\/secure.gravatar.com\/avatar\/0c709226af9845d97b126aa0aa80ab42778847ec3d11d741016b74a61174088d?s=96&d=monsterid&r=g","0":null,"1":"","2":"","3":"","4":"","5":"","6":"","7":"","8":""}],"_links":{"self":[{"href":"https:\/\/buletin.de\/bucuresti\/wp-json\/wp\/v2\/posts\/60918","targetHints":{"allow":["GET"]}}],"collection":[{"href":"https:\/\/buletin.de\/bucuresti\/wp-json\/wp\/v2\/posts"}],"about":[{"href":"https:\/\/buletin.de\/bucuresti\/wp-json\/wp\/v2\/types\/post"}],"author":[{"embeddable":true,"href":"https:\/\/buletin.de\/bucuresti\/wp-json\/wp\/v2\/users\/45"}],"replies":[{"embeddable":true,"href":"https:\/\/buletin.de\/bucuresti\/wp-json\/wp\/v2\/comments?post=60918"}],"version-history":[{"count":0,"href":"https:\/\/buletin.de\/bucuresti\/wp-json\/wp\/v2\/posts\/60918\/revisions"}],"wp:featuredmedia":[{"embeddable":true,"href":"https:\/\/buletin.de\/bucuresti\/wp-json\/wp\/v2\/media\/60919"}],"wp:attachment":[{"href":"https:\/\/buletin.de\/bucuresti\/wp-json\/wp\/v2\/media?parent=60918"}],"wp:term":[{"taxonomy":"category","embeddable":true,"href":"https:\/\/buletin.de\/bucuresti\/wp-json\/wp\/v2\/categories?post=60918"},{"taxonomy":"post_tag","embeddable":true,"href":"https:\/\/buletin.de\/bucuresti\/wp-json\/wp\/v2\/tags?post=60918"},{"taxonomy":"author","embeddable":true,"href":"https:\/\/buletin.de\/bucuresti\/wp-json\/wp\/v2\/ppma_author?post=60918"}],"curies":[{"name":"wp","href":"https:\/\/api.w.org\/{rel}","templated":true}]}}