{"id":60848,"date":"2023-07-05T04:02:35","date_gmt":"2023-07-05T02:02:35","guid":{"rendered":"https:\/\/buletin.de\/bucuresti\/24-de-persoane-au-fost-retinute-in-dosarul-centrelor-de-ingrijire-din-voluntari-iar-alte-doua-sunt-cercetate-sub-control-judiciar\/"},"modified":"2023-07-05T04:02:35","modified_gmt":"2023-07-05T02:02:35","slug":"24-de-persoane-au-fost-retinute-in-dosarul-centrelor-de-ingrijire-din-voluntari-iar-alte-doua-sunt-cercetate-sub-control-judiciar","status":"publish","type":"post","link":"https:\/\/buletin.de\/bucuresti\/24-de-persoane-au-fost-retinute-in-dosarul-centrelor-de-ingrijire-din-voluntari-iar-alte-doua-sunt-cercetate-sub-control-judiciar\/","title":{"rendered":"24 de persoane au fost re\u021binute \u00een dosarul \u201ecentrelor de \u00eengrijire\u201d din Voluntari iar alte dou\u0103 sunt cercetate sub control judiciar"},"content":{"rendered":"\n<p><strong>Procurorii DIICOT au dispus m\u0103sura arest\u0103rii preventive pentru 24 de persoane \u00een dosarul \u201ecentrelor de \u00eengrijire\u201d din Voluntari. Acuza\u021biile vizeaz\u0103 \u201etraficul de persoane, tratamente inumane ori degradante, prin exploatarea muncii neremunerate, prin constr\u00e2ngere \u0219i violen\u021b\u0103 fizic\u0103\u201d.<\/strong><\/p>\n\n\n\n<p>Procurorii DIICOT au descins mar\u021bi diminea\u021b\u0103 la mai multe adrese din Voluntari \u00eentr-un dosar care vizeaz\u0103 centrele de asisten\u021b\u0103 social\u0103 privat\u0103. Oamenii legii au vizat dou\u0103 grupuri infrac\u021bionale organizate care ar fi exploatat persoane cu dizabilit\u0103\u021bi sau aflate \u00een situa\u021bii vulnerabile. \u00cen urma audierilor, au fost re\u021binute 24 de persoane iar pentru alte dou\u0103 s-a dispus m\u0103sura controlului judiciar.<\/p>\n\n\n\n<p>Reamintim, procurorii DIICOT au descoperit, \u00een total, 98 de persoane la cele trei dintre imobilele unde au fost efectuate perchezi\u021bii. \u00cen urma evalu\u0103rilor medicale, \u0219ase persoane au avut nevoie de spitalizare.<\/p>\n\n\n\n<p>\u00cen total, procurorii DIICOT au pus \u00een aplicare 31 de&nbsp; mandate de perchezi\u021bie domiciliar\u0103, \u00een municipiul Bucure\u0219ti \u0219i pe raza jude\u021belor Ilfov, Ialomi\u021ba, Arge\u0219, C\u0103l\u0103ra\u0219i, Constan\u021ba \u0219i Olt. Dosarul vizeaz\u0103 s\u0103v\u00e2r\u0219irea infrac\u021biunilor de constituire a unui grup infrac\u021bional organizat, trafic de persoane, fals \u00een declara\u021bii, fals intelectual, fals material \u00een \u00eenscrisuri oficiale \u0219i delapidare.<\/p>\n\n\n\n<p>Buletin de Bucure\u0219ti \u0219i <a href=\"https:\/\/www.investigatiimedia.ro\/investigatii\/lagarele-cristinei\">Centrul de Investiga\u021bii Media<\/a> au dezv\u0103luit la \u00eenceputul anului o serie de nereguli cu privire la condi\u021biile din mai multe centre de \u00eengrijire social\u0103 private din ora\u0219ul Voluntari.<\/p>\n\n\n\n<p>Seria de investiga\u021bii poate fi citit\u0103 mai jos:<\/p>\n\n\n\n<figure class=\"wp-block-embed is-type-wp-embed is-provider-buletin-de-bucure\u0219ti wp-block-embed-buletin-de-bucure\u0219ti\"><div class=\"wp-block-embed__wrapper\">\n<blockquote class=\"wp-embedded-content\" data-secret=\"9i1lXRcvXi\"><a href=\"https:\/\/buletin.de\/bucuresti\/egalitatea-de-sanse-gestionata-din-guvern-de-sfanta-gabriela-cea-viteaza-business-de-aur-pe-bani-publici-pentru-apropiatii-ei\/\">Egalitatea de \u0219anse gestionat\u0103 din Guvern de \u201eSf\u00e2nta Gabriela cea Viteaz\u0103\u201d, business de aur pe bani publici pentru apropia\u021bii ei<\/a><\/blockquote><iframe class=\"wp-embedded-content\" sandbox=\"allow-scripts\" security=\"restricted\" style=\"position: absolute; clip: rect(1px, 1px, 1px, 1px);\" title=\"&#8220;&lt;strong&gt;Egalitatea de \u0219anse gestionat\u0103 din Guvern de \u201eSf\u00e2nta Gabriela cea Viteaz\u0103\u201d, business de aur pe bani publici pentru apropia\u021bii ei&lt;\/strong&gt;&#8221; &#8212; Buletin de Bucure\u0219ti\" src=\"https:\/\/buletin.de\/bucuresti\/egalitatea-de-sanse-gestionata-din-guvern-de-sfanta-gabriela-cea-viteaza-business-de-aur-pe-bani-publici-pentru-apropiatii-ei\/embed\/#?secret=hXZ4reVdTv#?secret=9i1lXRcvXi\" data-secret=\"9i1lXRcvXi\" width=\"600\" height=\"338\" frameborder=\"0\" marginwidth=\"0\" marginheight=\"0\" scrolling=\"no\"><\/iframe>\n<\/div><\/figure>\n\n\n\n<figure class=\"wp-block-embed is-type-wp-embed is-provider-buletin-de-bucure\u0219ti wp-block-embed-buletin-de-bucure\u0219ti\"><div class=\"wp-block-embed__wrapper\">\n<blockquote class=\"wp-embedded-content\" data-secret=\"n7SC5xQ9eT\"><a href=\"https:\/\/buletin.de\/bucuresti\/armonia-sfantului-gabriel-cel-viteaz-plosnite-si-miros-de-urina-si-fecale\/\">\u201eArmonia\u201d Sf\u00e2ntului Gabriel cel Viteaz: plo\u0219ni\u021be \u0219i miros de urin\u0103 \u0219i fecale<\/a><\/blockquote><iframe class=\"wp-embedded-content\" sandbox=\"allow-scripts\" security=\"restricted\" style=\"position: absolute; clip: rect(1px, 1px, 1px, 1px);\" title=\"&#8220;&lt;strong&gt;\u201eArmonia\u201d Sf\u00e2ntului Gabriel cel Viteaz: plo\u0219ni\u021be \u0219i miros de urin\u0103 \u0219i fecale&lt;\/strong&gt;&#8221; &#8212; Buletin de Bucure\u0219ti\" src=\"https:\/\/buletin.de\/bucuresti\/armonia-sfantului-gabriel-cel-viteaz-plosnite-si-miros-de-urina-si-fecale\/embed\/#?secret=P8l21yzeFK#?secret=n7SC5xQ9eT\" data-secret=\"n7SC5xQ9eT\" width=\"600\" height=\"338\" frameborder=\"0\" marginwidth=\"0\" marginheight=\"0\" scrolling=\"no\"><\/iframe>\n<\/div><\/figure>\n\n\n\n<figure class=\"wp-block-embed is-type-wp-embed is-provider-buletin-de-bucure\u0219ti wp-block-embed-buletin-de-bucure\u0219ti\"><div class=\"wp-block-embed__wrapper\">\n<blockquote class=\"wp-embedded-content\" data-secret=\"7IVHtAEbE5\"><a href=\"https:\/\/buletin.de\/bucuresti\/lagarele-cristinei\/\">Lag\u0103rele Cristinei<\/a><\/blockquote><iframe class=\"wp-embedded-content\" sandbox=\"allow-scripts\" security=\"restricted\" style=\"position: absolute; clip: rect(1px, 1px, 1px, 1px);\" title=\"&#8220;&lt;strong&gt;Lag\u0103rele Cristinei&lt;\/strong&gt;&#8221; &#8212; Buletin de Bucure\u0219ti\" src=\"https:\/\/buletin.de\/bucuresti\/lagarele-cristinei\/embed\/#?secret=OCeazoq0O9#?secret=7IVHtAEbE5\" data-secret=\"7IVHtAEbE5\" width=\"600\" height=\"338\" frameborder=\"0\" marginwidth=\"0\" marginheight=\"0\" scrolling=\"no\"><\/iframe>\n<\/div><\/figure>\n","protected":false},"excerpt":{"rendered":"<p>Procurorii DIICOT au dispus m\u0103sura arest\u0103rii preventive pentru 24 de persoane \u00een dosarul \u201ecentrelor de \u00eengrijire\u201d din Voluntari. Acuza\u021biile vizeaz\u0103 \u201etraficul de persoane, tratamente inumane ori degradante, prin exploatarea muncii neremunerate, prin constr\u00e2ngere \u0219i violen\u021b\u0103 fizic\u0103\u201d. Procurorii DIICOT au descins mar\u021bi diminea\u021b\u0103 la mai multe adrese din Voluntari \u00eentr-un dosar care vizeaz\u0103 centrele de asisten\u021b\u0103 [&hellip;]<\/p>\n","protected":false},"author":10,"featured_media":60820,"comment_status":"open","ping_status":"open","sticky":false,"template":"","format":"standard","meta":{"_acf_changed":false,"inline_featured_image":false,"ngg_post_thumbnail":0,"footnotes":""},"categories":[3419,62],"tags":[6167,1367,28,3521,487],"ppma_author":[22575],"class_list":["post-60848","post","type-post","status-publish","format-standard","has-post-thumbnail","hentry","category-featured","category-stiri","tag-azile","tag-diicot","tag-firea","tag-retineri","tag-voluntari"],"acf":[],"yoast_head":"<!-- This site is optimized with the Yoast SEO Premium plugin v25.3 (Yoast SEO v27.4) - https:\/\/yoast.com\/product\/yoast-seo-premium-wordpress\/ -->\n<title>24 de persoane au fost re\u021binute \u00een dosarul \u201ecentrelor de \u00eengrijire\u201d din Voluntari iar alte dou\u0103 sunt cercetate sub control judiciar - Buletin de Bucure\u0219ti<\/title>\n<meta name=\"robots\" content=\"index, follow, max-snippet:-1, max-image-preview:large, max-video-preview:-1\" \/>\n<link rel=\"canonical\" href=\"https:\/\/buletin.de\/bucuresti\/24-de-persoane-au-fost-retinute-in-dosarul-centrelor-de-ingrijire-din-voluntari-iar-alte-doua-sunt-cercetate-sub-control-judiciar\/\" \/>\n<meta property=\"og:locale\" content=\"en_GB\" \/>\n<meta property=\"og:type\" content=\"article\" \/>\n<meta property=\"og:title\" content=\"24 de persoane au fost re\u021binute \u00een dosarul \u201ecentrelor de \u00eengrijire\u201d din Voluntari iar alte dou\u0103 sunt cercetate sub control judiciar\" \/>\n<meta property=\"og:description\" content=\"Procurorii DIICOT au dispus m\u0103sura arest\u0103rii preventive pentru 24 de persoane \u00een dosarul \u201ecentrelor de \u00eengrijire\u201d din Voluntari. Acuza\u021biile vizeaz\u0103 \u201etraficul de persoane, tratamente inumane ori degradante, prin exploatarea muncii neremunerate, prin constr\u00e2ngere \u0219i violen\u021b\u0103 fizic\u0103\u201d. Procurorii DIICOT au descins mar\u021bi diminea\u021b\u0103 la mai multe adrese din Voluntari \u00eentr-un dosar care vizeaz\u0103 centrele de asisten\u021b\u0103 [&hellip;]\" \/>\n<meta property=\"og:url\" content=\"https:\/\/buletin.de\/bucuresti\/24-de-persoane-au-fost-retinute-in-dosarul-centrelor-de-ingrijire-din-voluntari-iar-alte-doua-sunt-cercetate-sub-control-judiciar\/\" \/>\n<meta property=\"og:site_name\" content=\"Buletin de Bucure\u0219ti\" \/>\n<meta property=\"article:publisher\" content=\"https:\/\/www.facebook.com\/buletin.de.buc\" \/>\n<meta property=\"article:published_time\" content=\"2023-07-05T02:02:35+00:00\" \/>\n<meta property=\"og:image\" content=\"https:\/\/buletin.de\/bucuresti\/wp-content\/uploads\/COVER-1-1.jpeg\" \/>\n\t<meta property=\"og:image:width\" content=\"766\" \/>\n\t<meta property=\"og:image:height\" content=\"482\" \/>\n\t<meta property=\"og:image:type\" content=\"image\/jpeg\" \/>\n<meta name=\"author\" content=\"C\u0103t\u0103lin Dosca\u0219\" \/>\n<meta name=\"twitter:card\" content=\"summary_large_image\" \/>\n<meta name=\"twitter:label1\" content=\"Written by\" \/>\n\t<meta name=\"twitter:data1\" content=\"C\u0103t\u0103lin Dosca\u0219\" \/>\n\t<meta name=\"twitter:label2\" content=\"Estimated reading time\" \/>\n\t<meta name=\"twitter:data2\" content=\"1 minute\" \/>\n<script type=\"application\/ld+json\" class=\"yoast-schema-graph\">{\"@context\":\"https:\\\/\\\/schema.org\",\"@graph\":[{\"@type\":\"Article\",\"@id\":\"https:\\\/\\\/buletin.de\\\/bucuresti\\\/24-de-persoane-au-fost-retinute-in-dosarul-centrelor-de-ingrijire-din-voluntari-iar-alte-doua-sunt-cercetate-sub-control-judiciar\\\/#article\",\"isPartOf\":{\"@id\":\"https:\\\/\\\/buletin.de\\\/bucuresti\\\/24-de-persoane-au-fost-retinute-in-dosarul-centrelor-de-ingrijire-din-voluntari-iar-alte-doua-sunt-cercetate-sub-control-judiciar\\\/\"},\"author\":{\"name\":\"C\u0103t\u0103lin Dosca\u0219\",\"@id\":\"https:\\\/\\\/buletin.de\\\/bucuresti\\\/#\\\/schema\\\/person\\\/31117187ed4d0bdb0a4c7d6acc79d0f8\"},\"headline\":\"24 de persoane au fost re\u021binute \u00een dosarul \u201ecentrelor de \u00eengrijire\u201d din Voluntari iar alte dou\u0103 sunt cercetate sub control judiciar\",\"datePublished\":\"2023-07-05T02:02:35+00:00\",\"mainEntityOfPage\":{\"@id\":\"https:\\\/\\\/buletin.de\\\/bucuresti\\\/24-de-persoane-au-fost-retinute-in-dosarul-centrelor-de-ingrijire-din-voluntari-iar-alte-doua-sunt-cercetate-sub-control-judiciar\\\/\"},\"wordCount\":285,\"commentCount\":0,\"publisher\":{\"@id\":\"https:\\\/\\\/buletin.de\\\/bucuresti\\\/#organization\"},\"image\":{\"@id\":\"https:\\\/\\\/buletin.de\\\/bucuresti\\\/24-de-persoane-au-fost-retinute-in-dosarul-centrelor-de-ingrijire-din-voluntari-iar-alte-doua-sunt-cercetate-sub-control-judiciar\\\/#primaryimage\"},\"thumbnailUrl\":\"https:\\\/\\\/buletin.de\\\/bucuresti\\\/wp-content\\\/uploads\\\/COVER-1-1.jpeg\",\"keywords\":[\"azile\",\"diicot\",\"firea\",\"retineri\",\"voluntari\"],\"articleSection\":[\"Featured\",\"\u0218tiri\"],\"inLanguage\":\"en-GB\",\"potentialAction\":[{\"@type\":\"CommentAction\",\"name\":\"Comment\",\"target\":[\"https:\\\/\\\/buletin.de\\\/bucuresti\\\/24-de-persoane-au-fost-retinute-in-dosarul-centrelor-de-ingrijire-din-voluntari-iar-alte-doua-sunt-cercetate-sub-control-judiciar\\\/#respond\"]}],\"copyrightYear\":\"2023\",\"copyrightHolder\":{\"@id\":\"https:\\\/\\\/buletin.de\\\/bucuresti\\\/#organization\"}},{\"@type\":\"WebPage\",\"@id\":\"https:\\\/\\\/buletin.de\\\/bucuresti\\\/24-de-persoane-au-fost-retinute-in-dosarul-centrelor-de-ingrijire-din-voluntari-iar-alte-doua-sunt-cercetate-sub-control-judiciar\\\/\",\"url\":\"https:\\\/\\\/buletin.de\\\/bucuresti\\\/24-de-persoane-au-fost-retinute-in-dosarul-centrelor-de-ingrijire-din-voluntari-iar-alte-doua-sunt-cercetate-sub-control-judiciar\\\/\",\"name\":\"24 de persoane au fost re\u021binute \u00een dosarul \u201ecentrelor de \u00eengrijire\u201d din Voluntari iar alte dou\u0103 sunt cercetate sub control judiciar - Buletin de Bucure\u0219ti\",\"isPartOf\":{\"@id\":\"https:\\\/\\\/buletin.de\\\/bucuresti\\\/#website\"},\"primaryImageOfPage\":{\"@id\":\"https:\\\/\\\/buletin.de\\\/bucuresti\\\/24-de-persoane-au-fost-retinute-in-dosarul-centrelor-de-ingrijire-din-voluntari-iar-alte-doua-sunt-cercetate-sub-control-judiciar\\\/#primaryimage\"},\"image\":{\"@id\":\"https:\\\/\\\/buletin.de\\\/bucuresti\\\/24-de-persoane-au-fost-retinute-in-dosarul-centrelor-de-ingrijire-din-voluntari-iar-alte-doua-sunt-cercetate-sub-control-judiciar\\\/#primaryimage\"},\"thumbnailUrl\":\"https:\\\/\\\/buletin.de\\\/bucuresti\\\/wp-content\\\/uploads\\\/COVER-1-1.jpeg\",\"datePublished\":\"2023-07-05T02:02:35+00:00\",\"breadcrumb\":{\"@id\":\"https:\\\/\\\/buletin.de\\\/bucuresti\\\/24-de-persoane-au-fost-retinute-in-dosarul-centrelor-de-ingrijire-din-voluntari-iar-alte-doua-sunt-cercetate-sub-control-judiciar\\\/#breadcrumb\"},\"inLanguage\":\"en-GB\",\"potentialAction\":[{\"@type\":\"ReadAction\",\"target\":[\"https:\\\/\\\/buletin.de\\\/bucuresti\\\/24-de-persoane-au-fost-retinute-in-dosarul-centrelor-de-ingrijire-din-voluntari-iar-alte-doua-sunt-cercetate-sub-control-judiciar\\\/\"]}]},{\"@type\":\"ImageObject\",\"inLanguage\":\"en-GB\",\"@id\":\"https:\\\/\\\/buletin.de\\\/bucuresti\\\/24-de-persoane-au-fost-retinute-in-dosarul-centrelor-de-ingrijire-din-voluntari-iar-alte-doua-sunt-cercetate-sub-control-judiciar\\\/#primaryimage\",\"url\":\"https:\\\/\\\/buletin.de\\\/bucuresti\\\/wp-content\\\/uploads\\\/COVER-1-1.jpeg\",\"contentUrl\":\"https:\\\/\\\/buletin.de\\\/bucuresti\\\/wp-content\\\/uploads\\\/COVER-1-1.jpeg\",\"width\":766,\"height\":482},{\"@type\":\"BreadcrumbList\",\"@id\":\"https:\\\/\\\/buletin.de\\\/bucuresti\\\/24-de-persoane-au-fost-retinute-in-dosarul-centrelor-de-ingrijire-din-voluntari-iar-alte-doua-sunt-cercetate-sub-control-judiciar\\\/#breadcrumb\",\"itemListElement\":[{\"@type\":\"ListItem\",\"position\":1,\"name\":\"Acas\u0103\",\"item\":\"https:\\\/\\\/buletin.de\\\/bucuresti\\\/\"},{\"@type\":\"ListItem\",\"position\":2,\"name\":\"24 de persoane au fost re\u021binute \u00een dosarul \u201ecentrelor de \u00eengrijire\u201d din Voluntari iar alte dou\u0103 sunt cercetate sub control judiciar\"}]},{\"@type\":\"WebSite\",\"@id\":\"https:\\\/\\\/buletin.de\\\/bucuresti\\\/#website\",\"url\":\"https:\\\/\\\/buletin.de\\\/bucuresti\\\/\",\"name\":\"Buletin de Bucure\u0219ti\",\"description\":\"\u0218tiri \u0219i investiga\u021bii esen\u021biale din capital\u0103\",\"publisher\":{\"@id\":\"https:\\\/\\\/buletin.de\\\/bucuresti\\\/#organization\"},\"potentialAction\":[{\"@type\":\"SearchAction\",\"target\":{\"@type\":\"EntryPoint\",\"urlTemplate\":\"https:\\\/\\\/buletin.de\\\/bucuresti\\\/?s={search_term_string}\"},\"query-input\":{\"@type\":\"PropertyValueSpecification\",\"valueRequired\":true,\"valueName\":\"search_term_string\"}}],\"inLanguage\":\"en-GB\"},{\"@type\":\"Organization\",\"@id\":\"https:\\\/\\\/buletin.de\\\/bucuresti\\\/#organization\",\"name\":\"Buletin de Bucure\u0219ti\",\"url\":\"https:\\\/\\\/buletin.de\\\/bucuresti\\\/\",\"logo\":{\"@type\":\"ImageObject\",\"inLanguage\":\"en-GB\",\"@id\":\"https:\\\/\\\/buletin.de\\\/bucuresti\\\/#\\\/schema\\\/logo\\\/image\\\/\",\"url\":\"https:\\\/\\\/buletin.de\\\/bucuresti\\\/wp-content\\\/uploads\\\/logo-bdb-full-wide-vernil-transparent.png\",\"contentUrl\":\"https:\\\/\\\/buletin.de\\\/bucuresti\\\/wp-content\\\/uploads\\\/logo-bdb-full-wide-vernil-transparent.png\",\"width\":1782,\"height\":626,\"caption\":\"Buletin de Bucure\u0219ti\"},\"image\":{\"@id\":\"https:\\\/\\\/buletin.de\\\/bucuresti\\\/#\\\/schema\\\/logo\\\/image\\\/\"},\"sameAs\":[\"https:\\\/\\\/www.facebook.com\\\/buletin.de.buc\",\"https:\\\/\\\/www.instagram.com\\\/buletinde.bucuresti\\\/\"]},{\"@type\":\"Person\",\"@id\":\"https:\\\/\\\/buletin.de\\\/bucuresti\\\/#\\\/schema\\\/person\\\/31117187ed4d0bdb0a4c7d6acc79d0f8\",\"name\":\"C\u0103t\u0103lin Dosca\u0219\",\"image\":{\"@type\":\"ImageObject\",\"inLanguage\":\"en-GB\",\"@id\":\"https:\\\/\\\/buletin.de\\\/bucuresti\\\/wp-content\\\/uploads\\\/Catalin-Doscas-e1732731064764-96x96.jpga93e2943bb3b1c1f9ead823df6e6317a\",\"url\":\"https:\\\/\\\/buletin.de\\\/bucuresti\\\/wp-content\\\/uploads\\\/Catalin-Doscas-e1732731064764-96x96.jpg\",\"contentUrl\":\"https:\\\/\\\/buletin.de\\\/bucuresti\\\/wp-content\\\/uploads\\\/Catalin-Doscas-e1732731064764-96x96.jpg\",\"caption\":\"C\u0103t\u0103lin Dosca\u0219\"},\"description\":\"Reporter \u0219i redactor-\u0219ef Buletin de Bucure\u0219ti. Lucreaz\u0103 \u00een mass-media de la v\u00e2rsta de 15 ani, c\u00e2nd a publicat primele articole \u00een presa local\u0103 din Tecuci. \u00cen Bucure\u0219ti a lucrat \u00een redac\u021bii radio ca reporter, redactor \u0219i prezentator (StudentFM, Na\u021bionalFM, Radio Total, Smart FM), unde a acoperit domeniile politic, economic, social \u0219i externe. Ulterior, a fost editor-coordonator al postului Realitatea FM. Experien\u021ba \u00een jurnalismul online a dob\u00e2ndit-o la portalul B365.ro, unde a fost editor. \u00cen 2012 s-a angajat \u00een televiziune. La Realitatea TV a fost, pe r\u00e2nd, reporter la sec\u021bia Social, reporter special la emisiunea de reportaje \u0219i anchete \u201eReporterii Realit\u0103\u021bii\u201d, dar \u0219i editor al jurnalelor de \u0219tiri. Ulterior, a f\u0103cut parte din sec\u021bia de Investiga\u021bii de la Digi24 \u0219i a lucrat la campania \u201eRom\u00e2nia furat\u0103\u201d. A revenit \u00een presa scris\u0103 \u00een 2017, ca reporter special, \u00een cadrul unui proiect de repozi\u021bionare a tabloidului Libertatea \u00een cotidian generalist. Este jurnalist Buletin de Bucure\u0219ti din 2019.\",\"url\":\"https:\\\/\\\/buletin.de\\\/bucuresti\\\/author\\\/catalin\\\/\"}]}<\/script>\n<!-- \/ Yoast SEO Premium plugin. -->","yoast_head_json":{"title":"24 de persoane au fost re\u021binute \u00een dosarul \u201ecentrelor de \u00eengrijire\u201d din Voluntari iar alte dou\u0103 sunt cercetate sub control judiciar - Buletin de Bucure\u0219ti","robots":{"index":"index","follow":"follow","max-snippet":"max-snippet:-1","max-image-preview":"max-image-preview:large","max-video-preview":"max-video-preview:-1"},"canonical":"https:\/\/buletin.de\/bucuresti\/24-de-persoane-au-fost-retinute-in-dosarul-centrelor-de-ingrijire-din-voluntari-iar-alte-doua-sunt-cercetate-sub-control-judiciar\/","og_locale":"en_GB","og_type":"article","og_title":"24 de persoane au fost re\u021binute \u00een dosarul \u201ecentrelor de \u00eengrijire\u201d din Voluntari iar alte dou\u0103 sunt cercetate sub control judiciar","og_description":"Procurorii DIICOT au dispus m\u0103sura arest\u0103rii preventive pentru 24 de persoane \u00een dosarul \u201ecentrelor de \u00eengrijire\u201d din Voluntari. Acuza\u021biile vizeaz\u0103 \u201etraficul de persoane, tratamente inumane ori degradante, prin exploatarea muncii neremunerate, prin constr\u00e2ngere \u0219i violen\u021b\u0103 fizic\u0103\u201d. Procurorii DIICOT au descins mar\u021bi diminea\u021b\u0103 la mai multe adrese din Voluntari \u00eentr-un dosar care vizeaz\u0103 centrele de asisten\u021b\u0103 [&hellip;]","og_url":"https:\/\/buletin.de\/bucuresti\/24-de-persoane-au-fost-retinute-in-dosarul-centrelor-de-ingrijire-din-voluntari-iar-alte-doua-sunt-cercetate-sub-control-judiciar\/","og_site_name":"Buletin de Bucure\u0219ti","article_publisher":"https:\/\/www.facebook.com\/buletin.de.buc","article_published_time":"2023-07-05T02:02:35+00:00","og_image":[{"width":766,"height":482,"url":"https:\/\/buletin.de\/bucuresti\/wp-content\/uploads\/COVER-1-1.jpeg","type":"image\/jpeg"}],"author":"C\u0103t\u0103lin Dosca\u0219","twitter_card":"summary_large_image","twitter_misc":{"Written by":"C\u0103t\u0103lin Dosca\u0219","Estimated reading time":"1 minute"},"schema":{"@context":"https:\/\/schema.org","@graph":[{"@type":"Article","@id":"https:\/\/buletin.de\/bucuresti\/24-de-persoane-au-fost-retinute-in-dosarul-centrelor-de-ingrijire-din-voluntari-iar-alte-doua-sunt-cercetate-sub-control-judiciar\/#article","isPartOf":{"@id":"https:\/\/buletin.de\/bucuresti\/24-de-persoane-au-fost-retinute-in-dosarul-centrelor-de-ingrijire-din-voluntari-iar-alte-doua-sunt-cercetate-sub-control-judiciar\/"},"author":{"name":"C\u0103t\u0103lin Dosca\u0219","@id":"https:\/\/buletin.de\/bucuresti\/#\/schema\/person\/31117187ed4d0bdb0a4c7d6acc79d0f8"},"headline":"24 de persoane au fost re\u021binute \u00een dosarul \u201ecentrelor de \u00eengrijire\u201d din Voluntari iar alte dou\u0103 sunt cercetate sub control judiciar","datePublished":"2023-07-05T02:02:35+00:00","mainEntityOfPage":{"@id":"https:\/\/buletin.de\/bucuresti\/24-de-persoane-au-fost-retinute-in-dosarul-centrelor-de-ingrijire-din-voluntari-iar-alte-doua-sunt-cercetate-sub-control-judiciar\/"},"wordCount":285,"commentCount":0,"publisher":{"@id":"https:\/\/buletin.de\/bucuresti\/#organization"},"image":{"@id":"https:\/\/buletin.de\/bucuresti\/24-de-persoane-au-fost-retinute-in-dosarul-centrelor-de-ingrijire-din-voluntari-iar-alte-doua-sunt-cercetate-sub-control-judiciar\/#primaryimage"},"thumbnailUrl":"https:\/\/buletin.de\/bucuresti\/wp-content\/uploads\/COVER-1-1.jpeg","keywords":["azile","diicot","firea","retineri","voluntari"],"articleSection":["Featured","\u0218tiri"],"inLanguage":"en-GB","potentialAction":[{"@type":"CommentAction","name":"Comment","target":["https:\/\/buletin.de\/bucuresti\/24-de-persoane-au-fost-retinute-in-dosarul-centrelor-de-ingrijire-din-voluntari-iar-alte-doua-sunt-cercetate-sub-control-judiciar\/#respond"]}],"copyrightYear":"2023","copyrightHolder":{"@id":"https:\/\/buletin.de\/bucuresti\/#organization"}},{"@type":"WebPage","@id":"https:\/\/buletin.de\/bucuresti\/24-de-persoane-au-fost-retinute-in-dosarul-centrelor-de-ingrijire-din-voluntari-iar-alte-doua-sunt-cercetate-sub-control-judiciar\/","url":"https:\/\/buletin.de\/bucuresti\/24-de-persoane-au-fost-retinute-in-dosarul-centrelor-de-ingrijire-din-voluntari-iar-alte-doua-sunt-cercetate-sub-control-judiciar\/","name":"24 de persoane au fost re\u021binute \u00een dosarul \u201ecentrelor de \u00eengrijire\u201d din Voluntari iar alte dou\u0103 sunt cercetate sub control judiciar - Buletin de Bucure\u0219ti","isPartOf":{"@id":"https:\/\/buletin.de\/bucuresti\/#website"},"primaryImageOfPage":{"@id":"https:\/\/buletin.de\/bucuresti\/24-de-persoane-au-fost-retinute-in-dosarul-centrelor-de-ingrijire-din-voluntari-iar-alte-doua-sunt-cercetate-sub-control-judiciar\/#primaryimage"},"image":{"@id":"https:\/\/buletin.de\/bucuresti\/24-de-persoane-au-fost-retinute-in-dosarul-centrelor-de-ingrijire-din-voluntari-iar-alte-doua-sunt-cercetate-sub-control-judiciar\/#primaryimage"},"thumbnailUrl":"https:\/\/buletin.de\/bucuresti\/wp-content\/uploads\/COVER-1-1.jpeg","datePublished":"2023-07-05T02:02:35+00:00","breadcrumb":{"@id":"https:\/\/buletin.de\/bucuresti\/24-de-persoane-au-fost-retinute-in-dosarul-centrelor-de-ingrijire-din-voluntari-iar-alte-doua-sunt-cercetate-sub-control-judiciar\/#breadcrumb"},"inLanguage":"en-GB","potentialAction":[{"@type":"ReadAction","target":["https:\/\/buletin.de\/bucuresti\/24-de-persoane-au-fost-retinute-in-dosarul-centrelor-de-ingrijire-din-voluntari-iar-alte-doua-sunt-cercetate-sub-control-judiciar\/"]}]},{"@type":"ImageObject","inLanguage":"en-GB","@id":"https:\/\/buletin.de\/bucuresti\/24-de-persoane-au-fost-retinute-in-dosarul-centrelor-de-ingrijire-din-voluntari-iar-alte-doua-sunt-cercetate-sub-control-judiciar\/#primaryimage","url":"https:\/\/buletin.de\/bucuresti\/wp-content\/uploads\/COVER-1-1.jpeg","contentUrl":"https:\/\/buletin.de\/bucuresti\/wp-content\/uploads\/COVER-1-1.jpeg","width":766,"height":482},{"@type":"BreadcrumbList","@id":"https:\/\/buletin.de\/bucuresti\/24-de-persoane-au-fost-retinute-in-dosarul-centrelor-de-ingrijire-din-voluntari-iar-alte-doua-sunt-cercetate-sub-control-judiciar\/#breadcrumb","itemListElement":[{"@type":"ListItem","position":1,"name":"Acas\u0103","item":"https:\/\/buletin.de\/bucuresti\/"},{"@type":"ListItem","position":2,"name":"24 de persoane au fost re\u021binute \u00een dosarul \u201ecentrelor de \u00eengrijire\u201d din Voluntari iar alte dou\u0103 sunt cercetate sub control judiciar"}]},{"@type":"WebSite","@id":"https:\/\/buletin.de\/bucuresti\/#website","url":"https:\/\/buletin.de\/bucuresti\/","name":"Buletin de Bucure\u0219ti","description":"\u0218tiri \u0219i investiga\u021bii esen\u021biale din capital\u0103","publisher":{"@id":"https:\/\/buletin.de\/bucuresti\/#organization"},"potentialAction":[{"@type":"SearchAction","target":{"@type":"EntryPoint","urlTemplate":"https:\/\/buletin.de\/bucuresti\/?s={search_term_string}"},"query-input":{"@type":"PropertyValueSpecification","valueRequired":true,"valueName":"search_term_string"}}],"inLanguage":"en-GB"},{"@type":"Organization","@id":"https:\/\/buletin.de\/bucuresti\/#organization","name":"Buletin de Bucure\u0219ti","url":"https:\/\/buletin.de\/bucuresti\/","logo":{"@type":"ImageObject","inLanguage":"en-GB","@id":"https:\/\/buletin.de\/bucuresti\/#\/schema\/logo\/image\/","url":"https:\/\/buletin.de\/bucuresti\/wp-content\/uploads\/logo-bdb-full-wide-vernil-transparent.png","contentUrl":"https:\/\/buletin.de\/bucuresti\/wp-content\/uploads\/logo-bdb-full-wide-vernil-transparent.png","width":1782,"height":626,"caption":"Buletin de Bucure\u0219ti"},"image":{"@id":"https:\/\/buletin.de\/bucuresti\/#\/schema\/logo\/image\/"},"sameAs":["https:\/\/www.facebook.com\/buletin.de.buc","https:\/\/www.instagram.com\/buletinde.bucuresti\/"]},{"@type":"Person","@id":"https:\/\/buletin.de\/bucuresti\/#\/schema\/person\/31117187ed4d0bdb0a4c7d6acc79d0f8","name":"C\u0103t\u0103lin Dosca\u0219","image":{"@type":"ImageObject","inLanguage":"en-GB","@id":"https:\/\/buletin.de\/bucuresti\/wp-content\/uploads\/Catalin-Doscas-e1732731064764-96x96.jpga93e2943bb3b1c1f9ead823df6e6317a","url":"https:\/\/buletin.de\/bucuresti\/wp-content\/uploads\/Catalin-Doscas-e1732731064764-96x96.jpg","contentUrl":"https:\/\/buletin.de\/bucuresti\/wp-content\/uploads\/Catalin-Doscas-e1732731064764-96x96.jpg","caption":"C\u0103t\u0103lin Dosca\u0219"},"description":"Reporter \u0219i redactor-\u0219ef Buletin de Bucure\u0219ti. Lucreaz\u0103 \u00een mass-media de la v\u00e2rsta de 15 ani, c\u00e2nd a publicat primele articole \u00een presa local\u0103 din Tecuci. \u00cen Bucure\u0219ti a lucrat \u00een redac\u021bii radio ca reporter, redactor \u0219i prezentator (StudentFM, Na\u021bionalFM, Radio Total, Smart FM), unde a acoperit domeniile politic, economic, social \u0219i externe. Ulterior, a fost editor-coordonator al postului Realitatea FM. Experien\u021ba \u00een jurnalismul online a dob\u00e2ndit-o la portalul B365.ro, unde a fost editor. \u00cen 2012 s-a angajat \u00een televiziune. La Realitatea TV a fost, pe r\u00e2nd, reporter la sec\u021bia Social, reporter special la emisiunea de reportaje \u0219i anchete \u201eReporterii Realit\u0103\u021bii\u201d, dar \u0219i editor al jurnalelor de \u0219tiri. Ulterior, a f\u0103cut parte din sec\u021bia de Investiga\u021bii de la Digi24 \u0219i a lucrat la campania \u201eRom\u00e2nia furat\u0103\u201d. A revenit \u00een presa scris\u0103 \u00een 2017, ca reporter special, \u00een cadrul unui proiect de repozi\u021bionare a tabloidului Libertatea \u00een cotidian generalist. Este jurnalist Buletin de Bucure\u0219ti din 2019.","url":"https:\/\/buletin.de\/bucuresti\/author\/catalin\/"}]}},"authors":[{"term_id":22575,"user_id":10,"is_guest":0,"slug":"catalin","display_name":"C\u0103t\u0103lin Dosca\u0219","avatar_url":"https:\/\/buletin.de\/bucuresti\/wp-content\/uploads\/Catalin-Doscas-e1732731064764-96x96.jpg","0":null,"1":"","2":"","3":"","4":"","5":"","6":"","7":"","8":""}],"_links":{"self":[{"href":"https:\/\/buletin.de\/bucuresti\/wp-json\/wp\/v2\/posts\/60848","targetHints":{"allow":["GET"]}}],"collection":[{"href":"https:\/\/buletin.de\/bucuresti\/wp-json\/wp\/v2\/posts"}],"about":[{"href":"https:\/\/buletin.de\/bucuresti\/wp-json\/wp\/v2\/types\/post"}],"author":[{"embeddable":true,"href":"https:\/\/buletin.de\/bucuresti\/wp-json\/wp\/v2\/users\/10"}],"replies":[{"embeddable":true,"href":"https:\/\/buletin.de\/bucuresti\/wp-json\/wp\/v2\/comments?post=60848"}],"version-history":[{"count":0,"href":"https:\/\/buletin.de\/bucuresti\/wp-json\/wp\/v2\/posts\/60848\/revisions"}],"wp:featuredmedia":[{"embeddable":true,"href":"https:\/\/buletin.de\/bucuresti\/wp-json\/wp\/v2\/media\/60820"}],"wp:attachment":[{"href":"https:\/\/buletin.de\/bucuresti\/wp-json\/wp\/v2\/media?parent=60848"}],"wp:term":[{"taxonomy":"category","embeddable":true,"href":"https:\/\/buletin.de\/bucuresti\/wp-json\/wp\/v2\/categories?post=60848"},{"taxonomy":"post_tag","embeddable":true,"href":"https:\/\/buletin.de\/bucuresti\/wp-json\/wp\/v2\/tags?post=60848"},{"taxonomy":"author","embeddable":true,"href":"https:\/\/buletin.de\/bucuresti\/wp-json\/wp\/v2\/ppma_author?post=60848"}],"curies":[{"name":"wp","href":"https:\/\/api.w.org\/{rel}","templated":true}]}}