{"id":60339,"date":"2023-07-04T11:31:27","date_gmt":"2023-07-04T09:31:27","guid":{"rendered":"https:\/\/buletin.de\/bucuresti\/?p=60339"},"modified":"2023-07-04T11:37:40","modified_gmt":"2023-07-04T09:37:40","slug":"linia-de-tramvai-41-circula-cu-program-prelungit-miercuri","status":"publish","type":"post","link":"https:\/\/buletin.de\/bucuresti\/linia-de-tramvai-41-circula-cu-program-prelungit-miercuri\/","title":{"rendered":"Linia de tramvai 41 functioneaz\u0103 cu program prelungit, miercuri"},"content":{"rendered":"\n<p><strong>Cu ocazia organiz\u0103rii meciului de fotbal din cadrul semifinalelor \u201eUEFA Under 21 Championship\u201d pe Stadionul Steaua, miercuri, STB va prelungi programul liniei de tramvai 41. \u00cen acest fel se va asigura transportul c\u0103l\u0103torilor \u00een condi\u021bii de siguran\u021b\u0103 dup\u0103 finalizarea evenimentului.<\/strong><\/p>\n\n\n\n<p>Tramvaiele liniei 41 vor circula la intervale de 10-15 minute, p\u00e2n\u0103 la evacuarea total\u0103 a spectatorilor de pe stadion.<\/p>\n\n\n\n<p>Tot m\u00e2ine, Israelul \u015fi Anglia vor disputa cealalt\u0103 semifinal\u0103, la Batumi. Rom\u00e2nia nu a trecut de faza grupelor si a incheiat Campionatul European pe locul patru, cu un punct.<\/p>\n\n\n\n<p>Meciul de m\u00e2ine de pe Stadionul Steaua va fi ultimul din competi\u021bia european\u0103 care se va desf\u0103\u0219ura \u00een Bucure\u0219ti. Finala EURO U21 va avea loc pe 8 iulie \u00een Georgia, cealalt\u0103 \u021bar\u0103 gazd\u0103.  <\/p>\n","protected":false},"excerpt":{"rendered":"<p>Cu ocazia organiz\u0103rii meciului de fotbal din cadrul semifinalelor \u201eUEFA Under 21 Championship\u201d pe Stadionul Steaua, miercuri, STB va prelungi programul liniei de tramvai 41. \u00cen acest fel se va asigura transportul c\u0103l\u0103torilor \u00een condi\u021bii de siguran\u021b\u0103 dup\u0103 finalizarea evenimentului. Tramvaiele liniei 41 vor circula la intervale de 10-15 minute, p\u00e2n\u0103 la evacuarea total\u0103 a [&hellip;]<\/p>\n","protected":false},"author":49,"featured_media":49098,"comment_status":"closed","ping_status":"open","sticky":false,"template":"","format":"standard","meta":{"_acf_changed":false,"inline_featured_image":false,"ngg_post_thumbnail":0,"footnotes":""},"categories":[62],"tags":[6158,6159,4623],"ppma_author":[22574],"class_list":["post-60339","post","type-post","status-publish","format-standard","has-post-thumbnail","hentry","category-stiri","tag-meci-campionat-european-under-21","tag-program-prelungit-tramvai-41","tag-tramvai-41"],"acf":[],"yoast_head":"<!-- This site is optimized with the Yoast SEO Premium plugin v25.3 (Yoast SEO v27.5) - https:\/\/yoast.com\/product\/yoast-seo-premium-wordpress\/ -->\n<title>Linia de tramvai 41 functioneaz\u0103 cu program prelungit, miercuri - Buletin de Bucure\u0219ti<\/title>\n<meta name=\"robots\" content=\"index, follow, max-snippet:-1, max-image-preview:large, max-video-preview:-1\" \/>\n<link rel=\"canonical\" href=\"https:\/\/buletin.de\/bucuresti\/linia-de-tramvai-41-circula-cu-program-prelungit-miercuri\/\" \/>\n<meta property=\"og:locale\" content=\"en_GB\" \/>\n<meta property=\"og:type\" content=\"article\" \/>\n<meta property=\"og:title\" content=\"Linia de tramvai 41 functioneaz\u0103 cu program prelungit, miercuri\" \/>\n<meta property=\"og:description\" content=\"Cu ocazia organiz\u0103rii meciului de fotbal din cadrul semifinalelor \u201eUEFA Under 21 Championship\u201d pe Stadionul Steaua, miercuri, STB va prelungi programul liniei de tramvai 41. \u00cen acest fel se va asigura transportul c\u0103l\u0103torilor \u00een condi\u021bii de siguran\u021b\u0103 dup\u0103 finalizarea evenimentului. Tramvaiele liniei 41 vor circula la intervale de 10-15 minute, p\u00e2n\u0103 la evacuarea total\u0103 a [&hellip;]\" \/>\n<meta property=\"og:url\" content=\"https:\/\/buletin.de\/bucuresti\/linia-de-tramvai-41-circula-cu-program-prelungit-miercuri\/\" \/>\n<meta property=\"og:site_name\" content=\"Buletin de Bucure\u0219ti\" \/>\n<meta property=\"article:publisher\" content=\"https:\/\/www.facebook.com\/buletin.de.buc\" \/>\n<meta property=\"article:published_time\" content=\"2023-07-04T09:31:27+00:00\" \/>\n<meta property=\"article:modified_time\" content=\"2023-07-04T09:37:40+00:00\" \/>\n<meta property=\"og:image\" content=\"https:\/\/buletin.de\/bucuresti\/wp-content\/uploads\/tramvai.jpg\" \/>\n\t<meta property=\"og:image:width\" content=\"1048\" \/>\n\t<meta property=\"og:image:height\" content=\"550\" \/>\n\t<meta property=\"og:image:type\" content=\"image\/jpeg\" \/>\n<meta name=\"author\" content=\"Diana Matei\" \/>\n<meta name=\"twitter:card\" content=\"summary_large_image\" \/>\n<meta name=\"twitter:label1\" content=\"Written by\" \/>\n\t<meta name=\"twitter:data1\" content=\"Diana Matei\" \/>\n\t<meta name=\"twitter:label2\" content=\"Estimated reading time\" \/>\n\t<meta name=\"twitter:data2\" content=\"1 minute\" \/>\n<script type=\"application\/ld+json\" class=\"yoast-schema-graph\">{\"@context\":\"https:\\\/\\\/schema.org\",\"@graph\":[{\"@type\":\"Article\",\"@id\":\"https:\\\/\\\/buletin.de\\\/bucuresti\\\/linia-de-tramvai-41-circula-cu-program-prelungit-miercuri\\\/#article\",\"isPartOf\":{\"@id\":\"https:\\\/\\\/buletin.de\\\/bucuresti\\\/linia-de-tramvai-41-circula-cu-program-prelungit-miercuri\\\/\"},\"author\":{\"name\":\"Diana Matei\",\"@id\":\"https:\\\/\\\/buletin.de\\\/bucuresti\\\/#\\\/schema\\\/person\\\/7e46040573290777280a0835d81ea4ea\"},\"headline\":\"Linia de tramvai 41 functioneaz\u0103 cu program prelungit, miercuri\",\"datePublished\":\"2023-07-04T09:31:27+00:00\",\"dateModified\":\"2023-07-04T09:37:40+00:00\",\"mainEntityOfPage\":{\"@id\":\"https:\\\/\\\/buletin.de\\\/bucuresti\\\/linia-de-tramvai-41-circula-cu-program-prelungit-miercuri\\\/\"},\"wordCount\":136,\"publisher\":{\"@id\":\"https:\\\/\\\/buletin.de\\\/bucuresti\\\/#organization\"},\"image\":{\"@id\":\"https:\\\/\\\/buletin.de\\\/bucuresti\\\/linia-de-tramvai-41-circula-cu-program-prelungit-miercuri\\\/#primaryimage\"},\"thumbnailUrl\":\"https:\\\/\\\/buletin.de\\\/bucuresti\\\/wp-content\\\/uploads\\\/tramvai.jpg\",\"keywords\":[\"meci campionat european under 21\",\"program prelungit tramvai 41\",\"tramvai 41\"],\"articleSection\":[\"\u0218tiri\"],\"inLanguage\":\"en-GB\",\"copyrightYear\":\"2023\",\"copyrightHolder\":{\"@id\":\"https:\\\/\\\/buletin.de\\\/bucuresti\\\/#organization\"}},{\"@type\":\"WebPage\",\"@id\":\"https:\\\/\\\/buletin.de\\\/bucuresti\\\/linia-de-tramvai-41-circula-cu-program-prelungit-miercuri\\\/\",\"url\":\"https:\\\/\\\/buletin.de\\\/bucuresti\\\/linia-de-tramvai-41-circula-cu-program-prelungit-miercuri\\\/\",\"name\":\"Linia de tramvai 41 functioneaz\u0103 cu program prelungit, miercuri - Buletin de Bucure\u0219ti\",\"isPartOf\":{\"@id\":\"https:\\\/\\\/buletin.de\\\/bucuresti\\\/#website\"},\"primaryImageOfPage\":{\"@id\":\"https:\\\/\\\/buletin.de\\\/bucuresti\\\/linia-de-tramvai-41-circula-cu-program-prelungit-miercuri\\\/#primaryimage\"},\"image\":{\"@id\":\"https:\\\/\\\/buletin.de\\\/bucuresti\\\/linia-de-tramvai-41-circula-cu-program-prelungit-miercuri\\\/#primaryimage\"},\"thumbnailUrl\":\"https:\\\/\\\/buletin.de\\\/bucuresti\\\/wp-content\\\/uploads\\\/tramvai.jpg\",\"datePublished\":\"2023-07-04T09:31:27+00:00\",\"dateModified\":\"2023-07-04T09:37:40+00:00\",\"breadcrumb\":{\"@id\":\"https:\\\/\\\/buletin.de\\\/bucuresti\\\/linia-de-tramvai-41-circula-cu-program-prelungit-miercuri\\\/#breadcrumb\"},\"inLanguage\":\"en-GB\",\"potentialAction\":[{\"@type\":\"ReadAction\",\"target\":[\"https:\\\/\\\/buletin.de\\\/bucuresti\\\/linia-de-tramvai-41-circula-cu-program-prelungit-miercuri\\\/\"]}]},{\"@type\":\"ImageObject\",\"inLanguage\":\"en-GB\",\"@id\":\"https:\\\/\\\/buletin.de\\\/bucuresti\\\/linia-de-tramvai-41-circula-cu-program-prelungit-miercuri\\\/#primaryimage\",\"url\":\"https:\\\/\\\/buletin.de\\\/bucuresti\\\/wp-content\\\/uploads\\\/tramvai.jpg\",\"contentUrl\":\"https:\\\/\\\/buletin.de\\\/bucuresti\\\/wp-content\\\/uploads\\\/tramvai.jpg\",\"width\":1048,\"height\":550,\"caption\":\"Mijloacele de transport \u00een comun nu opresc \u00een sta\u021bie doar la cerere. Chiar dac\u0103 nimeni nu urc\u0103 sau coboar\u0103, vehicule opresc obligatoriu.\"},{\"@type\":\"BreadcrumbList\",\"@id\":\"https:\\\/\\\/buletin.de\\\/bucuresti\\\/linia-de-tramvai-41-circula-cu-program-prelungit-miercuri\\\/#breadcrumb\",\"itemListElement\":[{\"@type\":\"ListItem\",\"position\":1,\"name\":\"Acas\u0103\",\"item\":\"https:\\\/\\\/buletin.de\\\/bucuresti\\\/\"},{\"@type\":\"ListItem\",\"position\":2,\"name\":\"Linia de tramvai 41 functioneaz\u0103 cu program prelungit, miercuri\"}]},{\"@type\":\"WebSite\",\"@id\":\"https:\\\/\\\/buletin.de\\\/bucuresti\\\/#website\",\"url\":\"https:\\\/\\\/buletin.de\\\/bucuresti\\\/\",\"name\":\"Buletin de Bucure\u0219ti\",\"description\":\"\u0218tiri \u0219i investiga\u021bii esen\u021biale din capital\u0103\",\"publisher\":{\"@id\":\"https:\\\/\\\/buletin.de\\\/bucuresti\\\/#organization\"},\"potentialAction\":[{\"@type\":\"SearchAction\",\"target\":{\"@type\":\"EntryPoint\",\"urlTemplate\":\"https:\\\/\\\/buletin.de\\\/bucuresti\\\/?s={search_term_string}\"},\"query-input\":{\"@type\":\"PropertyValueSpecification\",\"valueRequired\":true,\"valueName\":\"search_term_string\"}}],\"inLanguage\":\"en-GB\"},{\"@type\":\"Organization\",\"@id\":\"https:\\\/\\\/buletin.de\\\/bucuresti\\\/#organization\",\"name\":\"Buletin de Bucure\u0219ti\",\"url\":\"https:\\\/\\\/buletin.de\\\/bucuresti\\\/\",\"logo\":{\"@type\":\"ImageObject\",\"inLanguage\":\"en-GB\",\"@id\":\"https:\\\/\\\/buletin.de\\\/bucuresti\\\/#\\\/schema\\\/logo\\\/image\\\/\",\"url\":\"https:\\\/\\\/buletin.de\\\/bucuresti\\\/wp-content\\\/uploads\\\/logo-bdb-full-wide-vernil-transparent.png\",\"contentUrl\":\"https:\\\/\\\/buletin.de\\\/bucuresti\\\/wp-content\\\/uploads\\\/logo-bdb-full-wide-vernil-transparent.png\",\"width\":1782,\"height\":626,\"caption\":\"Buletin de Bucure\u0219ti\"},\"image\":{\"@id\":\"https:\\\/\\\/buletin.de\\\/bucuresti\\\/#\\\/schema\\\/logo\\\/image\\\/\"},\"sameAs\":[\"https:\\\/\\\/www.facebook.com\\\/buletin.de.buc\",\"https:\\\/\\\/www.instagram.com\\\/buletinde.bucuresti\\\/\"]},{\"@type\":\"Person\",\"@id\":\"https:\\\/\\\/buletin.de\\\/bucuresti\\\/#\\\/schema\\\/person\\\/7e46040573290777280a0835d81ea4ea\",\"name\":\"Diana Matei\",\"image\":{\"@type\":\"ImageObject\",\"inLanguage\":\"en-GB\",\"@id\":\"https:\\\/\\\/buletin.de\\\/bucuresti\\\/wp-content\\\/uploads\\\/9-2-96x96.jpg1e8590b30871d70e62ebcdaf2eff570c\",\"url\":\"https:\\\/\\\/buletin.de\\\/bucuresti\\\/wp-content\\\/uploads\\\/9-2-96x96.jpg\",\"contentUrl\":\"https:\\\/\\\/buletin.de\\\/bucuresti\\\/wp-content\\\/uploads\\\/9-2-96x96.jpg\",\"caption\":\"Diana Matei\"},\"url\":\"https:\\\/\\\/buletin.de\\\/bucuresti\\\/author\\\/dianamatei\\\/\"}]}<\/script>\n<!-- \/ Yoast SEO Premium plugin. -->","yoast_head_json":{"title":"Linia de tramvai 41 functioneaz\u0103 cu program prelungit, miercuri - Buletin de Bucure\u0219ti","robots":{"index":"index","follow":"follow","max-snippet":"max-snippet:-1","max-image-preview":"max-image-preview:large","max-video-preview":"max-video-preview:-1"},"canonical":"https:\/\/buletin.de\/bucuresti\/linia-de-tramvai-41-circula-cu-program-prelungit-miercuri\/","og_locale":"en_GB","og_type":"article","og_title":"Linia de tramvai 41 functioneaz\u0103 cu program prelungit, miercuri","og_description":"Cu ocazia organiz\u0103rii meciului de fotbal din cadrul semifinalelor \u201eUEFA Under 21 Championship\u201d pe Stadionul Steaua, miercuri, STB va prelungi programul liniei de tramvai 41. \u00cen acest fel se va asigura transportul c\u0103l\u0103torilor \u00een condi\u021bii de siguran\u021b\u0103 dup\u0103 finalizarea evenimentului. Tramvaiele liniei 41 vor circula la intervale de 10-15 minute, p\u00e2n\u0103 la evacuarea total\u0103 a [&hellip;]","og_url":"https:\/\/buletin.de\/bucuresti\/linia-de-tramvai-41-circula-cu-program-prelungit-miercuri\/","og_site_name":"Buletin de Bucure\u0219ti","article_publisher":"https:\/\/www.facebook.com\/buletin.de.buc","article_published_time":"2023-07-04T09:31:27+00:00","article_modified_time":"2023-07-04T09:37:40+00:00","og_image":[{"width":1048,"height":550,"url":"https:\/\/buletin.de\/bucuresti\/wp-content\/uploads\/tramvai.jpg","type":"image\/jpeg"}],"author":"Diana Matei","twitter_card":"summary_large_image","twitter_misc":{"Written by":"Diana Matei","Estimated reading time":"1 minute"},"schema":{"@context":"https:\/\/schema.org","@graph":[{"@type":"Article","@id":"https:\/\/buletin.de\/bucuresti\/linia-de-tramvai-41-circula-cu-program-prelungit-miercuri\/#article","isPartOf":{"@id":"https:\/\/buletin.de\/bucuresti\/linia-de-tramvai-41-circula-cu-program-prelungit-miercuri\/"},"author":{"name":"Diana Matei","@id":"https:\/\/buletin.de\/bucuresti\/#\/schema\/person\/7e46040573290777280a0835d81ea4ea"},"headline":"Linia de tramvai 41 functioneaz\u0103 cu program prelungit, miercuri","datePublished":"2023-07-04T09:31:27+00:00","dateModified":"2023-07-04T09:37:40+00:00","mainEntityOfPage":{"@id":"https:\/\/buletin.de\/bucuresti\/linia-de-tramvai-41-circula-cu-program-prelungit-miercuri\/"},"wordCount":136,"publisher":{"@id":"https:\/\/buletin.de\/bucuresti\/#organization"},"image":{"@id":"https:\/\/buletin.de\/bucuresti\/linia-de-tramvai-41-circula-cu-program-prelungit-miercuri\/#primaryimage"},"thumbnailUrl":"https:\/\/buletin.de\/bucuresti\/wp-content\/uploads\/tramvai.jpg","keywords":["meci campionat european under 21","program prelungit tramvai 41","tramvai 41"],"articleSection":["\u0218tiri"],"inLanguage":"en-GB","copyrightYear":"2023","copyrightHolder":{"@id":"https:\/\/buletin.de\/bucuresti\/#organization"}},{"@type":"WebPage","@id":"https:\/\/buletin.de\/bucuresti\/linia-de-tramvai-41-circula-cu-program-prelungit-miercuri\/","url":"https:\/\/buletin.de\/bucuresti\/linia-de-tramvai-41-circula-cu-program-prelungit-miercuri\/","name":"Linia de tramvai 41 functioneaz\u0103 cu program prelungit, miercuri - Buletin de Bucure\u0219ti","isPartOf":{"@id":"https:\/\/buletin.de\/bucuresti\/#website"},"primaryImageOfPage":{"@id":"https:\/\/buletin.de\/bucuresti\/linia-de-tramvai-41-circula-cu-program-prelungit-miercuri\/#primaryimage"},"image":{"@id":"https:\/\/buletin.de\/bucuresti\/linia-de-tramvai-41-circula-cu-program-prelungit-miercuri\/#primaryimage"},"thumbnailUrl":"https:\/\/buletin.de\/bucuresti\/wp-content\/uploads\/tramvai.jpg","datePublished":"2023-07-04T09:31:27+00:00","dateModified":"2023-07-04T09:37:40+00:00","breadcrumb":{"@id":"https:\/\/buletin.de\/bucuresti\/linia-de-tramvai-41-circula-cu-program-prelungit-miercuri\/#breadcrumb"},"inLanguage":"en-GB","potentialAction":[{"@type":"ReadAction","target":["https:\/\/buletin.de\/bucuresti\/linia-de-tramvai-41-circula-cu-program-prelungit-miercuri\/"]}]},{"@type":"ImageObject","inLanguage":"en-GB","@id":"https:\/\/buletin.de\/bucuresti\/linia-de-tramvai-41-circula-cu-program-prelungit-miercuri\/#primaryimage","url":"https:\/\/buletin.de\/bucuresti\/wp-content\/uploads\/tramvai.jpg","contentUrl":"https:\/\/buletin.de\/bucuresti\/wp-content\/uploads\/tramvai.jpg","width":1048,"height":550,"caption":"Mijloacele de transport \u00een comun nu opresc \u00een sta\u021bie doar la cerere. Chiar dac\u0103 nimeni nu urc\u0103 sau coboar\u0103, vehicule opresc obligatoriu."},{"@type":"BreadcrumbList","@id":"https:\/\/buletin.de\/bucuresti\/linia-de-tramvai-41-circula-cu-program-prelungit-miercuri\/#breadcrumb","itemListElement":[{"@type":"ListItem","position":1,"name":"Acas\u0103","item":"https:\/\/buletin.de\/bucuresti\/"},{"@type":"ListItem","position":2,"name":"Linia de tramvai 41 functioneaz\u0103 cu program prelungit, miercuri"}]},{"@type":"WebSite","@id":"https:\/\/buletin.de\/bucuresti\/#website","url":"https:\/\/buletin.de\/bucuresti\/","name":"Buletin de Bucure\u0219ti","description":"\u0218tiri \u0219i investiga\u021bii esen\u021biale din capital\u0103","publisher":{"@id":"https:\/\/buletin.de\/bucuresti\/#organization"},"potentialAction":[{"@type":"SearchAction","target":{"@type":"EntryPoint","urlTemplate":"https:\/\/buletin.de\/bucuresti\/?s={search_term_string}"},"query-input":{"@type":"PropertyValueSpecification","valueRequired":true,"valueName":"search_term_string"}}],"inLanguage":"en-GB"},{"@type":"Organization","@id":"https:\/\/buletin.de\/bucuresti\/#organization","name":"Buletin de Bucure\u0219ti","url":"https:\/\/buletin.de\/bucuresti\/","logo":{"@type":"ImageObject","inLanguage":"en-GB","@id":"https:\/\/buletin.de\/bucuresti\/#\/schema\/logo\/image\/","url":"https:\/\/buletin.de\/bucuresti\/wp-content\/uploads\/logo-bdb-full-wide-vernil-transparent.png","contentUrl":"https:\/\/buletin.de\/bucuresti\/wp-content\/uploads\/logo-bdb-full-wide-vernil-transparent.png","width":1782,"height":626,"caption":"Buletin de Bucure\u0219ti"},"image":{"@id":"https:\/\/buletin.de\/bucuresti\/#\/schema\/logo\/image\/"},"sameAs":["https:\/\/www.facebook.com\/buletin.de.buc","https:\/\/www.instagram.com\/buletinde.bucuresti\/"]},{"@type":"Person","@id":"https:\/\/buletin.de\/bucuresti\/#\/schema\/person\/7e46040573290777280a0835d81ea4ea","name":"Diana Matei","image":{"@type":"ImageObject","inLanguage":"en-GB","@id":"https:\/\/buletin.de\/bucuresti\/wp-content\/uploads\/9-2-96x96.jpg1e8590b30871d70e62ebcdaf2eff570c","url":"https:\/\/buletin.de\/bucuresti\/wp-content\/uploads\/9-2-96x96.jpg","contentUrl":"https:\/\/buletin.de\/bucuresti\/wp-content\/uploads\/9-2-96x96.jpg","caption":"Diana Matei"},"url":"https:\/\/buletin.de\/bucuresti\/author\/dianamatei\/"}]}},"authors":[{"term_id":22574,"user_id":49,"is_guest":0,"slug":"dianamatei","display_name":"Diana Matei","avatar_url":"https:\/\/buletin.de\/bucuresti\/wp-content\/uploads\/9-2-96x96.jpg","0":null,"1":"","2":"","3":"","4":"","5":"","6":"","7":"","8":""}],"_links":{"self":[{"href":"https:\/\/buletin.de\/bucuresti\/wp-json\/wp\/v2\/posts\/60339","targetHints":{"allow":["GET"]}}],"collection":[{"href":"https:\/\/buletin.de\/bucuresti\/wp-json\/wp\/v2\/posts"}],"about":[{"href":"https:\/\/buletin.de\/bucuresti\/wp-json\/wp\/v2\/types\/post"}],"author":[{"embeddable":true,"href":"https:\/\/buletin.de\/bucuresti\/wp-json\/wp\/v2\/users\/49"}],"replies":[{"embeddable":true,"href":"https:\/\/buletin.de\/bucuresti\/wp-json\/wp\/v2\/comments?post=60339"}],"version-history":[{"count":5,"href":"https:\/\/buletin.de\/bucuresti\/wp-json\/wp\/v2\/posts\/60339\/revisions"}],"predecessor-version":[{"id":60345,"href":"https:\/\/buletin.de\/bucuresti\/wp-json\/wp\/v2\/posts\/60339\/revisions\/60345"}],"wp:featuredmedia":[{"embeddable":true,"href":"https:\/\/buletin.de\/bucuresti\/wp-json\/wp\/v2\/media\/49098"}],"wp:attachment":[{"href":"https:\/\/buletin.de\/bucuresti\/wp-json\/wp\/v2\/media?parent=60339"}],"wp:term":[{"taxonomy":"category","embeddable":true,"href":"https:\/\/buletin.de\/bucuresti\/wp-json\/wp\/v2\/categories?post=60339"},{"taxonomy":"post_tag","embeddable":true,"href":"https:\/\/buletin.de\/bucuresti\/wp-json\/wp\/v2\/tags?post=60339"},{"taxonomy":"author","embeddable":true,"href":"https:\/\/buletin.de\/bucuresti\/wp-json\/wp\/v2\/ppma_author?post=60339"}],"curies":[{"name":"wp","href":"https:\/\/api.w.org\/{rel}","templated":true}]}}