{"id":60306,"date":"2023-07-04T11:24:44","date_gmt":"2023-07-04T09:24:44","guid":{"rendered":"https:\/\/buletin.de\/bucuresti\/?p=60306"},"modified":"2023-07-04T12:35:10","modified_gmt":"2023-07-04T10:35:10","slug":"capitala-se-topeste-saptamana-aceasta","status":"publish","type":"post","link":"https:\/\/buletin.de\/bucuresti\/capitala-se-topeste-saptamana-aceasta\/","title":{"rendered":"Capitala \u201ese tope\u015fte&#8221;, s\u0103pt\u0103m\u00e2na aceasta"},"content":{"rendered":"\n<p><strong>Vremea va fi canicular\u0103, in Capital\u0103,  \u00een zilele de marti, miercuri \u015fi joi, c\u00e2nd \u015fi disconfortul termic va fi ridicat. Indicele temperatur\u0103-umezeal\u0103 va atinge \u015fi dep\u0103\u015fi u\u015for pragul critic de 80 de unit\u0103\u0163i, potrivit prognozei speciale a Administra\u0163iei Na\u0163ionale de Meteorologie.<\/strong><\/p>\n\n\n\n<p>Temperaturile maxime vor fi \u00een general de 32 \u2013 35 de grade, iar cele minime de 18 \u2013 20 de grade. Cerul va fi variabil, cu \u00eennor\u0103ri temporare \u00een timpul dup\u0103-amiezelor, c\u00e2nd vor fi condi\u0163ii pentru averse, desc\u0103rc\u0103ri electrice \u015fi v\u00e2nt ceva mai iute.<\/p>\n\n\n\n<p>Medicii au \u015fi c\u00e2teva recomand\u0103ri pentru perioadele cu temperaturi ridicate:<\/p>\n\n\n\n<p>.   hidratarea corespunzatoare cu ap\u0103 plat\u0103, ceai slab \u00eendulcit, sucuri naturale din fructe; <\/p>\n\n\n\n<p>.   alimenta\u0163ia va fi predominat din legume si fructe proaspete; <\/p>\n\n\n\n<p>.   este interzis consumul de alcool si cafea in timpul&nbsp;caniculei; <\/p>\n\n\n\n<p>.  se va evita circula\u0163ia in perioadele de varf ale&nbsp;caniculei. <\/p>\n\n\n\n<p>Autorit\u0103\u0163ile locale din Capital\u0103 au pus, la dispozi\u0163ia bucure\u015ftenilor, puncte de prim ajutor pentru zilele cu temperaturi ridicate, in toate sectoarele. Asisten\u0163ii medicali vor m\u0103sura tensiunea si, \u00een caz de nevoie, vor suna la num\u0103rul de urgen\u0163\u0103 112.<\/p>\n","protected":false},"excerpt":{"rendered":"<p>Vremea va fi canicular\u0103, in Capital\u0103, \u00een zilele de marti, miercuri \u015fi joi, c\u00e2nd \u015fi disconfortul termic va fi ridicat. Indicele temperatur\u0103-umezeal\u0103 va atinge \u015fi dep\u0103\u015fi u\u015for pragul critic de 80 de unit\u0103\u0163i, potrivit prognozei speciale a Administra\u0163iei Na\u0163ionale de Meteorologie. Temperaturile maxime vor fi \u00een general de 32 \u2013 35 de grade, iar cele [&hellip;]<\/p>\n","protected":false},"author":49,"featured_media":59940,"comment_status":"closed","ping_status":"open","sticky":false,"template":"","format":"standard","meta":{"_acf_changed":false,"inline_featured_image":false,"ngg_post_thumbnail":0,"footnotes":""},"categories":[62],"tags":[2998,6149,6148],"ppma_author":[22574],"class_list":["post-60306","post","type-post","status-publish","format-standard","has-post-thumbnail","hentry","category-stiri","tag-canicula","tag-masuri-canicula","tag-prognoza-anm"],"acf":[],"yoast_head":"<!-- This site is optimized with the Yoast SEO Premium plugin v25.3 (Yoast SEO v27.5) - https:\/\/yoast.com\/product\/yoast-seo-premium-wordpress\/ -->\n<title>Capitala \u201ese tope\u015fte&quot;, s\u0103pt\u0103m\u00e2na aceasta - Buletin de Bucure\u0219ti<\/title>\n<meta name=\"robots\" content=\"index, follow, max-snippet:-1, max-image-preview:large, max-video-preview:-1\" \/>\n<link rel=\"canonical\" href=\"https:\/\/buletin.de\/bucuresti\/capitala-se-topeste-saptamana-aceasta\/\" \/>\n<meta property=\"og:locale\" content=\"en_GB\" \/>\n<meta property=\"og:type\" content=\"article\" \/>\n<meta property=\"og:title\" content=\"Capitala \u201ese tope\u015fte&quot;, s\u0103pt\u0103m\u00e2na aceasta\" \/>\n<meta property=\"og:description\" content=\"Vremea va fi canicular\u0103, in Capital\u0103, \u00een zilele de marti, miercuri \u015fi joi, c\u00e2nd \u015fi disconfortul termic va fi ridicat. Indicele temperatur\u0103-umezeal\u0103 va atinge \u015fi dep\u0103\u015fi u\u015for pragul critic de 80 de unit\u0103\u0163i, potrivit prognozei speciale a Administra\u0163iei Na\u0163ionale de Meteorologie. Temperaturile maxime vor fi \u00een general de 32 \u2013 35 de grade, iar cele [&hellip;]\" \/>\n<meta property=\"og:url\" content=\"https:\/\/buletin.de\/bucuresti\/capitala-se-topeste-saptamana-aceasta\/\" \/>\n<meta property=\"og:site_name\" content=\"Buletin de Bucure\u0219ti\" \/>\n<meta property=\"article:publisher\" content=\"https:\/\/www.facebook.com\/buletin.de.buc\" \/>\n<meta property=\"article:published_time\" content=\"2023-07-04T09:24:44+00:00\" \/>\n<meta property=\"article:modified_time\" content=\"2023-07-04T10:35:10+00:00\" \/>\n<meta property=\"og:image\" content=\"https:\/\/buletin.de\/bucuresti\/wp-content\/uploads\/356050272_579130617732681_5583442761518790881_n.jpeg\" \/>\n\t<meta property=\"og:image:width\" content=\"1280\" \/>\n\t<meta property=\"og:image:height\" content=\"851\" \/>\n\t<meta property=\"og:image:type\" content=\"image\/jpeg\" \/>\n<meta name=\"author\" content=\"Diana Matei\" \/>\n<meta name=\"twitter:card\" content=\"summary_large_image\" \/>\n<meta name=\"twitter:label1\" content=\"Written by\" \/>\n\t<meta name=\"twitter:data1\" content=\"Diana Matei\" \/>\n\t<meta name=\"twitter:label2\" content=\"Estimated reading time\" \/>\n\t<meta name=\"twitter:data2\" content=\"1 minute\" \/>\n<script type=\"application\/ld+json\" class=\"yoast-schema-graph\">{\"@context\":\"https:\\\/\\\/schema.org\",\"@graph\":[{\"@type\":\"Article\",\"@id\":\"https:\\\/\\\/buletin.de\\\/bucuresti\\\/capitala-se-topeste-saptamana-aceasta\\\/#article\",\"isPartOf\":{\"@id\":\"https:\\\/\\\/buletin.de\\\/bucuresti\\\/capitala-se-topeste-saptamana-aceasta\\\/\"},\"author\":{\"name\":\"Diana Matei\",\"@id\":\"https:\\\/\\\/buletin.de\\\/bucuresti\\\/#\\\/schema\\\/person\\\/7e46040573290777280a0835d81ea4ea\"},\"headline\":\"Capitala \u201ese tope\u015fte&#8221;, s\u0103pt\u0103m\u00e2na aceasta\",\"datePublished\":\"2023-07-04T09:24:44+00:00\",\"dateModified\":\"2023-07-04T10:35:10+00:00\",\"mainEntityOfPage\":{\"@id\":\"https:\\\/\\\/buletin.de\\\/bucuresti\\\/capitala-se-topeste-saptamana-aceasta\\\/\"},\"wordCount\":201,\"publisher\":{\"@id\":\"https:\\\/\\\/buletin.de\\\/bucuresti\\\/#organization\"},\"image\":{\"@id\":\"https:\\\/\\\/buletin.de\\\/bucuresti\\\/capitala-se-topeste-saptamana-aceasta\\\/#primaryimage\"},\"thumbnailUrl\":\"https:\\\/\\\/buletin.de\\\/bucuresti\\\/wp-content\\\/uploads\\\/356050272_579130617732681_5583442761518790881_n.jpeg\",\"keywords\":[\"canicula\",\"masuri canicula\",\"prognoza anm\"],\"articleSection\":[\"\u0218tiri\"],\"inLanguage\":\"en-GB\",\"copyrightYear\":\"2023\",\"copyrightHolder\":{\"@id\":\"https:\\\/\\\/buletin.de\\\/bucuresti\\\/#organization\"}},{\"@type\":\"WebPage\",\"@id\":\"https:\\\/\\\/buletin.de\\\/bucuresti\\\/capitala-se-topeste-saptamana-aceasta\\\/\",\"url\":\"https:\\\/\\\/buletin.de\\\/bucuresti\\\/capitala-se-topeste-saptamana-aceasta\\\/\",\"name\":\"Capitala \u201ese tope\u015fte\\\", s\u0103pt\u0103m\u00e2na aceasta - Buletin de Bucure\u0219ti\",\"isPartOf\":{\"@id\":\"https:\\\/\\\/buletin.de\\\/bucuresti\\\/#website\"},\"primaryImageOfPage\":{\"@id\":\"https:\\\/\\\/buletin.de\\\/bucuresti\\\/capitala-se-topeste-saptamana-aceasta\\\/#primaryimage\"},\"image\":{\"@id\":\"https:\\\/\\\/buletin.de\\\/bucuresti\\\/capitala-se-topeste-saptamana-aceasta\\\/#primaryimage\"},\"thumbnailUrl\":\"https:\\\/\\\/buletin.de\\\/bucuresti\\\/wp-content\\\/uploads\\\/356050272_579130617732681_5583442761518790881_n.jpeg\",\"datePublished\":\"2023-07-04T09:24:44+00:00\",\"dateModified\":\"2023-07-04T10:35:10+00:00\",\"breadcrumb\":{\"@id\":\"https:\\\/\\\/buletin.de\\\/bucuresti\\\/capitala-se-topeste-saptamana-aceasta\\\/#breadcrumb\"},\"inLanguage\":\"en-GB\",\"potentialAction\":[{\"@type\":\"ReadAction\",\"target\":[\"https:\\\/\\\/buletin.de\\\/bucuresti\\\/capitala-se-topeste-saptamana-aceasta\\\/\"]}]},{\"@type\":\"ImageObject\",\"inLanguage\":\"en-GB\",\"@id\":\"https:\\\/\\\/buletin.de\\\/bucuresti\\\/capitala-se-topeste-saptamana-aceasta\\\/#primaryimage\",\"url\":\"https:\\\/\\\/buletin.de\\\/bucuresti\\\/wp-content\\\/uploads\\\/356050272_579130617732681_5583442761518790881_n.jpeg\",\"contentUrl\":\"https:\\\/\\\/buletin.de\\\/bucuresti\\\/wp-content\\\/uploads\\\/356050272_579130617732681_5583442761518790881_n.jpeg\",\"width\":1280,\"height\":851},{\"@type\":\"BreadcrumbList\",\"@id\":\"https:\\\/\\\/buletin.de\\\/bucuresti\\\/capitala-se-topeste-saptamana-aceasta\\\/#breadcrumb\",\"itemListElement\":[{\"@type\":\"ListItem\",\"position\":1,\"name\":\"Acas\u0103\",\"item\":\"https:\\\/\\\/buletin.de\\\/bucuresti\\\/\"},{\"@type\":\"ListItem\",\"position\":2,\"name\":\"Capitala \u201ese tope\u015fte&#8221;, s\u0103pt\u0103m\u00e2na aceasta\"}]},{\"@type\":\"WebSite\",\"@id\":\"https:\\\/\\\/buletin.de\\\/bucuresti\\\/#website\",\"url\":\"https:\\\/\\\/buletin.de\\\/bucuresti\\\/\",\"name\":\"Buletin de Bucure\u0219ti\",\"description\":\"\u0218tiri \u0219i investiga\u021bii esen\u021biale din capital\u0103\",\"publisher\":{\"@id\":\"https:\\\/\\\/buletin.de\\\/bucuresti\\\/#organization\"},\"potentialAction\":[{\"@type\":\"SearchAction\",\"target\":{\"@type\":\"EntryPoint\",\"urlTemplate\":\"https:\\\/\\\/buletin.de\\\/bucuresti\\\/?s={search_term_string}\"},\"query-input\":{\"@type\":\"PropertyValueSpecification\",\"valueRequired\":true,\"valueName\":\"search_term_string\"}}],\"inLanguage\":\"en-GB\"},{\"@type\":\"Organization\",\"@id\":\"https:\\\/\\\/buletin.de\\\/bucuresti\\\/#organization\",\"name\":\"Buletin de Bucure\u0219ti\",\"url\":\"https:\\\/\\\/buletin.de\\\/bucuresti\\\/\",\"logo\":{\"@type\":\"ImageObject\",\"inLanguage\":\"en-GB\",\"@id\":\"https:\\\/\\\/buletin.de\\\/bucuresti\\\/#\\\/schema\\\/logo\\\/image\\\/\",\"url\":\"https:\\\/\\\/buletin.de\\\/bucuresti\\\/wp-content\\\/uploads\\\/logo-bdb-full-wide-vernil-transparent.png\",\"contentUrl\":\"https:\\\/\\\/buletin.de\\\/bucuresti\\\/wp-content\\\/uploads\\\/logo-bdb-full-wide-vernil-transparent.png\",\"width\":1782,\"height\":626,\"caption\":\"Buletin de Bucure\u0219ti\"},\"image\":{\"@id\":\"https:\\\/\\\/buletin.de\\\/bucuresti\\\/#\\\/schema\\\/logo\\\/image\\\/\"},\"sameAs\":[\"https:\\\/\\\/www.facebook.com\\\/buletin.de.buc\",\"https:\\\/\\\/www.instagram.com\\\/buletinde.bucuresti\\\/\"]},{\"@type\":\"Person\",\"@id\":\"https:\\\/\\\/buletin.de\\\/bucuresti\\\/#\\\/schema\\\/person\\\/7e46040573290777280a0835d81ea4ea\",\"name\":\"Diana Matei\",\"image\":{\"@type\":\"ImageObject\",\"inLanguage\":\"en-GB\",\"@id\":\"https:\\\/\\\/buletin.de\\\/bucuresti\\\/wp-content\\\/uploads\\\/9-2-96x96.jpg1e8590b30871d70e62ebcdaf2eff570c\",\"url\":\"https:\\\/\\\/buletin.de\\\/bucuresti\\\/wp-content\\\/uploads\\\/9-2-96x96.jpg\",\"contentUrl\":\"https:\\\/\\\/buletin.de\\\/bucuresti\\\/wp-content\\\/uploads\\\/9-2-96x96.jpg\",\"caption\":\"Diana Matei\"},\"url\":\"https:\\\/\\\/buletin.de\\\/bucuresti\\\/author\\\/dianamatei\\\/\"}]}<\/script>\n<!-- \/ Yoast SEO Premium plugin. -->","yoast_head_json":{"title":"Capitala \u201ese tope\u015fte\", s\u0103pt\u0103m\u00e2na aceasta - Buletin de Bucure\u0219ti","robots":{"index":"index","follow":"follow","max-snippet":"max-snippet:-1","max-image-preview":"max-image-preview:large","max-video-preview":"max-video-preview:-1"},"canonical":"https:\/\/buletin.de\/bucuresti\/capitala-se-topeste-saptamana-aceasta\/","og_locale":"en_GB","og_type":"article","og_title":"Capitala \u201ese tope\u015fte\", s\u0103pt\u0103m\u00e2na aceasta","og_description":"Vremea va fi canicular\u0103, in Capital\u0103, \u00een zilele de marti, miercuri \u015fi joi, c\u00e2nd \u015fi disconfortul termic va fi ridicat. Indicele temperatur\u0103-umezeal\u0103 va atinge \u015fi dep\u0103\u015fi u\u015for pragul critic de 80 de unit\u0103\u0163i, potrivit prognozei speciale a Administra\u0163iei Na\u0163ionale de Meteorologie. Temperaturile maxime vor fi \u00een general de 32 \u2013 35 de grade, iar cele [&hellip;]","og_url":"https:\/\/buletin.de\/bucuresti\/capitala-se-topeste-saptamana-aceasta\/","og_site_name":"Buletin de Bucure\u0219ti","article_publisher":"https:\/\/www.facebook.com\/buletin.de.buc","article_published_time":"2023-07-04T09:24:44+00:00","article_modified_time":"2023-07-04T10:35:10+00:00","og_image":[{"width":1280,"height":851,"url":"https:\/\/buletin.de\/bucuresti\/wp-content\/uploads\/356050272_579130617732681_5583442761518790881_n.jpeg","type":"image\/jpeg"}],"author":"Diana Matei","twitter_card":"summary_large_image","twitter_misc":{"Written by":"Diana Matei","Estimated reading time":"1 minute"},"schema":{"@context":"https:\/\/schema.org","@graph":[{"@type":"Article","@id":"https:\/\/buletin.de\/bucuresti\/capitala-se-topeste-saptamana-aceasta\/#article","isPartOf":{"@id":"https:\/\/buletin.de\/bucuresti\/capitala-se-topeste-saptamana-aceasta\/"},"author":{"name":"Diana Matei","@id":"https:\/\/buletin.de\/bucuresti\/#\/schema\/person\/7e46040573290777280a0835d81ea4ea"},"headline":"Capitala \u201ese tope\u015fte&#8221;, s\u0103pt\u0103m\u00e2na aceasta","datePublished":"2023-07-04T09:24:44+00:00","dateModified":"2023-07-04T10:35:10+00:00","mainEntityOfPage":{"@id":"https:\/\/buletin.de\/bucuresti\/capitala-se-topeste-saptamana-aceasta\/"},"wordCount":201,"publisher":{"@id":"https:\/\/buletin.de\/bucuresti\/#organization"},"image":{"@id":"https:\/\/buletin.de\/bucuresti\/capitala-se-topeste-saptamana-aceasta\/#primaryimage"},"thumbnailUrl":"https:\/\/buletin.de\/bucuresti\/wp-content\/uploads\/356050272_579130617732681_5583442761518790881_n.jpeg","keywords":["canicula","masuri canicula","prognoza anm"],"articleSection":["\u0218tiri"],"inLanguage":"en-GB","copyrightYear":"2023","copyrightHolder":{"@id":"https:\/\/buletin.de\/bucuresti\/#organization"}},{"@type":"WebPage","@id":"https:\/\/buletin.de\/bucuresti\/capitala-se-topeste-saptamana-aceasta\/","url":"https:\/\/buletin.de\/bucuresti\/capitala-se-topeste-saptamana-aceasta\/","name":"Capitala \u201ese tope\u015fte\", s\u0103pt\u0103m\u00e2na aceasta - Buletin de Bucure\u0219ti","isPartOf":{"@id":"https:\/\/buletin.de\/bucuresti\/#website"},"primaryImageOfPage":{"@id":"https:\/\/buletin.de\/bucuresti\/capitala-se-topeste-saptamana-aceasta\/#primaryimage"},"image":{"@id":"https:\/\/buletin.de\/bucuresti\/capitala-se-topeste-saptamana-aceasta\/#primaryimage"},"thumbnailUrl":"https:\/\/buletin.de\/bucuresti\/wp-content\/uploads\/356050272_579130617732681_5583442761518790881_n.jpeg","datePublished":"2023-07-04T09:24:44+00:00","dateModified":"2023-07-04T10:35:10+00:00","breadcrumb":{"@id":"https:\/\/buletin.de\/bucuresti\/capitala-se-topeste-saptamana-aceasta\/#breadcrumb"},"inLanguage":"en-GB","potentialAction":[{"@type":"ReadAction","target":["https:\/\/buletin.de\/bucuresti\/capitala-se-topeste-saptamana-aceasta\/"]}]},{"@type":"ImageObject","inLanguage":"en-GB","@id":"https:\/\/buletin.de\/bucuresti\/capitala-se-topeste-saptamana-aceasta\/#primaryimage","url":"https:\/\/buletin.de\/bucuresti\/wp-content\/uploads\/356050272_579130617732681_5583442761518790881_n.jpeg","contentUrl":"https:\/\/buletin.de\/bucuresti\/wp-content\/uploads\/356050272_579130617732681_5583442761518790881_n.jpeg","width":1280,"height":851},{"@type":"BreadcrumbList","@id":"https:\/\/buletin.de\/bucuresti\/capitala-se-topeste-saptamana-aceasta\/#breadcrumb","itemListElement":[{"@type":"ListItem","position":1,"name":"Acas\u0103","item":"https:\/\/buletin.de\/bucuresti\/"},{"@type":"ListItem","position":2,"name":"Capitala \u201ese tope\u015fte&#8221;, s\u0103pt\u0103m\u00e2na aceasta"}]},{"@type":"WebSite","@id":"https:\/\/buletin.de\/bucuresti\/#website","url":"https:\/\/buletin.de\/bucuresti\/","name":"Buletin de Bucure\u0219ti","description":"\u0218tiri \u0219i investiga\u021bii esen\u021biale din capital\u0103","publisher":{"@id":"https:\/\/buletin.de\/bucuresti\/#organization"},"potentialAction":[{"@type":"SearchAction","target":{"@type":"EntryPoint","urlTemplate":"https:\/\/buletin.de\/bucuresti\/?s={search_term_string}"},"query-input":{"@type":"PropertyValueSpecification","valueRequired":true,"valueName":"search_term_string"}}],"inLanguage":"en-GB"},{"@type":"Organization","@id":"https:\/\/buletin.de\/bucuresti\/#organization","name":"Buletin de Bucure\u0219ti","url":"https:\/\/buletin.de\/bucuresti\/","logo":{"@type":"ImageObject","inLanguage":"en-GB","@id":"https:\/\/buletin.de\/bucuresti\/#\/schema\/logo\/image\/","url":"https:\/\/buletin.de\/bucuresti\/wp-content\/uploads\/logo-bdb-full-wide-vernil-transparent.png","contentUrl":"https:\/\/buletin.de\/bucuresti\/wp-content\/uploads\/logo-bdb-full-wide-vernil-transparent.png","width":1782,"height":626,"caption":"Buletin de Bucure\u0219ti"},"image":{"@id":"https:\/\/buletin.de\/bucuresti\/#\/schema\/logo\/image\/"},"sameAs":["https:\/\/www.facebook.com\/buletin.de.buc","https:\/\/www.instagram.com\/buletinde.bucuresti\/"]},{"@type":"Person","@id":"https:\/\/buletin.de\/bucuresti\/#\/schema\/person\/7e46040573290777280a0835d81ea4ea","name":"Diana Matei","image":{"@type":"ImageObject","inLanguage":"en-GB","@id":"https:\/\/buletin.de\/bucuresti\/wp-content\/uploads\/9-2-96x96.jpg1e8590b30871d70e62ebcdaf2eff570c","url":"https:\/\/buletin.de\/bucuresti\/wp-content\/uploads\/9-2-96x96.jpg","contentUrl":"https:\/\/buletin.de\/bucuresti\/wp-content\/uploads\/9-2-96x96.jpg","caption":"Diana Matei"},"url":"https:\/\/buletin.de\/bucuresti\/author\/dianamatei\/"}]}},"authors":[{"term_id":22574,"user_id":49,"is_guest":0,"slug":"dianamatei","display_name":"Diana Matei","avatar_url":"https:\/\/buletin.de\/bucuresti\/wp-content\/uploads\/9-2-96x96.jpg","0":null,"1":"","2":"","3":"","4":"","5":"","6":"","7":"","8":""}],"_links":{"self":[{"href":"https:\/\/buletin.de\/bucuresti\/wp-json\/wp\/v2\/posts\/60306","targetHints":{"allow":["GET"]}}],"collection":[{"href":"https:\/\/buletin.de\/bucuresti\/wp-json\/wp\/v2\/posts"}],"about":[{"href":"https:\/\/buletin.de\/bucuresti\/wp-json\/wp\/v2\/types\/post"}],"author":[{"embeddable":true,"href":"https:\/\/buletin.de\/bucuresti\/wp-json\/wp\/v2\/users\/49"}],"replies":[{"embeddable":true,"href":"https:\/\/buletin.de\/bucuresti\/wp-json\/wp\/v2\/comments?post=60306"}],"version-history":[{"count":3,"href":"https:\/\/buletin.de\/bucuresti\/wp-json\/wp\/v2\/posts\/60306\/revisions"}],"predecessor-version":[{"id":60346,"href":"https:\/\/buletin.de\/bucuresti\/wp-json\/wp\/v2\/posts\/60306\/revisions\/60346"}],"wp:featuredmedia":[{"embeddable":true,"href":"https:\/\/buletin.de\/bucuresti\/wp-json\/wp\/v2\/media\/59940"}],"wp:attachment":[{"href":"https:\/\/buletin.de\/bucuresti\/wp-json\/wp\/v2\/media?parent=60306"}],"wp:term":[{"taxonomy":"category","embeddable":true,"href":"https:\/\/buletin.de\/bucuresti\/wp-json\/wp\/v2\/categories?post=60306"},{"taxonomy":"post_tag","embeddable":true,"href":"https:\/\/buletin.de\/bucuresti\/wp-json\/wp\/v2\/tags?post=60306"},{"taxonomy":"author","embeddable":true,"href":"https:\/\/buletin.de\/bucuresti\/wp-json\/wp\/v2\/ppma_author?post=60306"}],"curies":[{"name":"wp","href":"https:\/\/api.w.org\/{rel}","templated":true}]}}