{"id":60191,"date":"2023-07-01T08:25:47","date_gmt":"2023-07-01T06:25:47","guid":{"rendered":"https:\/\/buletin.de\/bucuresti\/?p=60191"},"modified":"2023-07-01T08:28:08","modified_gmt":"2023-07-01T06:28:08","slug":"transferuri-online-in-cadrul-programelor-gradinita-de-vara-si-scoala-de-vara-din-sectorul-3","status":"publish","type":"post","link":"https:\/\/buletin.de\/bucuresti\/transferuri-online-in-cadrul-programelor-gradinita-de-vara-si-scoala-de-vara-din-sectorul-3\/","title":{"rendered":"Transferuri online, \u00een cadrul programelor \u201eGr\u0103dini\u021ba de var\u0103\u201d \u0219i \u201e\u0218coala de var\u0103\u201d din Sectorul 3"},"content":{"rendered":"\n<p><strong>Prim\u0103ria Sectorului 3 a introdus o modalitate la \u00eendem\u00e2na tuturor p\u0103rin\u021bilor pentru a facilita transferul copiilor de la o unitate de \u00eenv\u0103\u021b\u0103m\u00e2nt la alta. Sistemul func<strong>\u021b<\/strong>ioneaz<strong>\u0103<\/strong>  \u00een cadrul programelor \u201eGr\u0103dini\u021ba de var\u0103\u201d \u0219i \u201e\u0218coala de var\u0103\u201d.<\/strong><\/p>\n\n\n\n<p>Pa\u0219ii pentru a face un transfer sunt:<\/p>\n\n\n\n<ul class=\"wp-block-list\">\n<li>Pe platforma online de \u00eenscrieri\u00a0<a href=\"https:\/\/scoaladevara.primarie3.ro\/\">https:\/\/scoaladevara.primarie3.ro<\/a>, p\u0103rin\u021bii care doresc transferul la o alt\u0103 unitate de \u00eenv\u0103\u021b\u0103m\u00e2nt s-a creat op\u021biunea \u201eCerere de transfer\u201d, urm\u00e2nd apoi s\u0103 introduc\u0103 datele cerute \u00een formularul online.<\/li>\n\n\n\n<li>Dac\u0103 unitatea de \u00eenv\u0103\u021b\u0103m\u00e2nt vizat\u0103 dispune de locuri libere, p\u0103rintele va fi contactat telefonic sau prin email pentru a i se confirma cererea. \u00cen situa\u021bia \u00een care p\u0103rintele a efectuat deja plata pentru hrana copilului \u00eenscris, trebuie s\u0103 mearg\u0103 s\u0103 retrag\u0103 banii de la unitatea la care a f\u0103cut ini\u021bial \u00eenscrierea \u0219i s\u0103 \u00eei depun\u0103 la unitatea de \u00eenv\u0103\u021b\u0103m\u00e2nt care a confirmat transferul.<\/li>\n<\/ul>\n\n\n\n<p>Dac\u0103 nu exist\u0103 locuri disponibile la unitatea de \u00eenv\u0103\u021b\u0103m\u00e2nt vizat\u0103, p\u0103rin\u021bii nu vor fi contacta\u021bi, pentru c\u0103 trasferul nu este posibil.<\/p>\n\n\n\n<p>Recent, \u00een programul \u201e\u0218coala de var\u0103\u201d a fost \u00eenscris\u0103 \u0219i \u0218coala \u201eLiviu Rebreanu\u201d.<\/p>\n","protected":false},"excerpt":{"rendered":"<p>Prim\u0103ria Sectorului 3 a introdus o modalitate la \u00eendem\u00e2na tuturor p\u0103rin\u021bilor pentru a facilita transferul copiilor de la o unitate de \u00eenv\u0103\u021b\u0103m\u00e2nt la alta. Sistemul func\u021bioneaz\u0103 \u00een cadrul programelor \u201eGr\u0103dini\u021ba de var\u0103\u201d \u0219i \u201e\u0218coala de var\u0103\u201d. Pa\u0219ii pentru a face un transfer sunt: Dac\u0103 nu exist\u0103 locuri disponibile la unitatea de \u00eenv\u0103\u021b\u0103m\u00e2nt vizat\u0103, p\u0103rin\u021bii nu [&hellip;]<\/p>\n","protected":false},"author":49,"featured_media":58923,"comment_status":"closed","ping_status":"open","sticky":false,"template":"","format":"standard","meta":{"_acf_changed":false,"inline_featured_image":false,"ngg_post_thumbnail":0,"footnotes":""},"categories":[3421,24,62],"tags":[440],"ppma_author":[22574],"class_list":["post-60191","post","type-post","status-publish","format-standard","has-post-thumbnail","hentry","category-educatie","category-primarie","category-stiri","tag-sector-3"],"acf":[],"yoast_head":"<!-- This site is optimized with the Yoast SEO Premium plugin v25.3 (Yoast SEO v27.4) - https:\/\/yoast.com\/product\/yoast-seo-premium-wordpress\/ -->\n<title>Transferuri online, \u00een cadrul programelor \u201eGr\u0103dini\u021ba de var\u0103\u201d \u0219i \u201e\u0218coala de var\u0103\u201d din Sectorul 3 - Buletin de Bucure\u0219ti<\/title>\n<meta name=\"robots\" content=\"index, follow, max-snippet:-1, max-image-preview:large, max-video-preview:-1\" \/>\n<link rel=\"canonical\" href=\"https:\/\/buletin.de\/bucuresti\/transferuri-online-in-cadrul-programelor-gradinita-de-vara-si-scoala-de-vara-din-sectorul-3\/\" \/>\n<meta property=\"og:locale\" content=\"en_GB\" \/>\n<meta property=\"og:type\" content=\"article\" \/>\n<meta property=\"og:title\" content=\"Transferuri online, \u00een cadrul programelor \u201eGr\u0103dini\u021ba de var\u0103\u201d \u0219i \u201e\u0218coala de var\u0103\u201d din Sectorul 3\" \/>\n<meta property=\"og:description\" content=\"Prim\u0103ria Sectorului 3 a introdus o modalitate la \u00eendem\u00e2na tuturor p\u0103rin\u021bilor pentru a facilita transferul copiilor de la o unitate de \u00eenv\u0103\u021b\u0103m\u00e2nt la alta. Sistemul func\u021bioneaz\u0103 \u00een cadrul programelor \u201eGr\u0103dini\u021ba de var\u0103\u201d \u0219i \u201e\u0218coala de var\u0103\u201d. Pa\u0219ii pentru a face un transfer sunt: Dac\u0103 nu exist\u0103 locuri disponibile la unitatea de \u00eenv\u0103\u021b\u0103m\u00e2nt vizat\u0103, p\u0103rin\u021bii nu [&hellip;]\" \/>\n<meta property=\"og:url\" content=\"https:\/\/buletin.de\/bucuresti\/transferuri-online-in-cadrul-programelor-gradinita-de-vara-si-scoala-de-vara-din-sectorul-3\/\" \/>\n<meta property=\"og:site_name\" content=\"Buletin de Bucure\u0219ti\" \/>\n<meta property=\"article:publisher\" content=\"https:\/\/www.facebook.com\/buletin.de.buc\" \/>\n<meta property=\"article:published_time\" content=\"2023-07-01T06:25:47+00:00\" \/>\n<meta property=\"article:modified_time\" content=\"2023-07-01T06:28:08+00:00\" \/>\n<meta property=\"og:image\" content=\"https:\/\/buletin.de\/bucuresti\/wp-content\/uploads\/pro-church-media-2DTE3ePfnD8-unsplash.jpg\" \/>\n\t<meta property=\"og:image:width\" content=\"2000\" \/>\n\t<meta property=\"og:image:height\" content=\"1508\" \/>\n\t<meta property=\"og:image:type\" content=\"image\/jpeg\" \/>\n<meta name=\"author\" content=\"Diana Matei\" \/>\n<meta name=\"twitter:card\" content=\"summary_large_image\" \/>\n<meta name=\"twitter:label1\" content=\"Written by\" \/>\n\t<meta name=\"twitter:data1\" content=\"Diana Matei\" \/>\n\t<meta name=\"twitter:label2\" content=\"Estimated reading time\" \/>\n\t<meta name=\"twitter:data2\" content=\"1 minute\" \/>\n<script type=\"application\/ld+json\" class=\"yoast-schema-graph\">{\"@context\":\"https:\\\/\\\/schema.org\",\"@graph\":[{\"@type\":\"Article\",\"@id\":\"https:\\\/\\\/buletin.de\\\/bucuresti\\\/transferuri-online-in-cadrul-programelor-gradinita-de-vara-si-scoala-de-vara-din-sectorul-3\\\/#article\",\"isPartOf\":{\"@id\":\"https:\\\/\\\/buletin.de\\\/bucuresti\\\/transferuri-online-in-cadrul-programelor-gradinita-de-vara-si-scoala-de-vara-din-sectorul-3\\\/\"},\"author\":{\"name\":\"Diana Matei\",\"@id\":\"https:\\\/\\\/buletin.de\\\/bucuresti\\\/#\\\/schema\\\/person\\\/7e46040573290777280a0835d81ea4ea\"},\"headline\":\"Transferuri online, \u00een cadrul programelor \u201eGr\u0103dini\u021ba de var\u0103\u201d \u0219i \u201e\u0218coala de var\u0103\u201d din Sectorul 3\",\"datePublished\":\"2023-07-01T06:25:47+00:00\",\"dateModified\":\"2023-07-01T06:28:08+00:00\",\"mainEntityOfPage\":{\"@id\":\"https:\\\/\\\/buletin.de\\\/bucuresti\\\/transferuri-online-in-cadrul-programelor-gradinita-de-vara-si-scoala-de-vara-din-sectorul-3\\\/\"},\"wordCount\":219,\"publisher\":{\"@id\":\"https:\\\/\\\/buletin.de\\\/bucuresti\\\/#organization\"},\"image\":{\"@id\":\"https:\\\/\\\/buletin.de\\\/bucuresti\\\/transferuri-online-in-cadrul-programelor-gradinita-de-vara-si-scoala-de-vara-din-sectorul-3\\\/#primaryimage\"},\"thumbnailUrl\":\"https:\\\/\\\/buletin.de\\\/bucuresti\\\/wp-content\\\/uploads\\\/pro-church-media-2DTE3ePfnD8-unsplash.jpg\",\"keywords\":[\"Sector 3\"],\"articleSection\":[\"Educa\u021bie\",\"Prim\u0103rie\",\"\u0218tiri\"],\"inLanguage\":\"en-GB\",\"copyrightYear\":\"2023\",\"copyrightHolder\":{\"@id\":\"https:\\\/\\\/buletin.de\\\/bucuresti\\\/#organization\"}},{\"@type\":\"WebPage\",\"@id\":\"https:\\\/\\\/buletin.de\\\/bucuresti\\\/transferuri-online-in-cadrul-programelor-gradinita-de-vara-si-scoala-de-vara-din-sectorul-3\\\/\",\"url\":\"https:\\\/\\\/buletin.de\\\/bucuresti\\\/transferuri-online-in-cadrul-programelor-gradinita-de-vara-si-scoala-de-vara-din-sectorul-3\\\/\",\"name\":\"Transferuri online, \u00een cadrul programelor \u201eGr\u0103dini\u021ba de var\u0103\u201d \u0219i \u201e\u0218coala de var\u0103\u201d din Sectorul 3 - Buletin de Bucure\u0219ti\",\"isPartOf\":{\"@id\":\"https:\\\/\\\/buletin.de\\\/bucuresti\\\/#website\"},\"primaryImageOfPage\":{\"@id\":\"https:\\\/\\\/buletin.de\\\/bucuresti\\\/transferuri-online-in-cadrul-programelor-gradinita-de-vara-si-scoala-de-vara-din-sectorul-3\\\/#primaryimage\"},\"image\":{\"@id\":\"https:\\\/\\\/buletin.de\\\/bucuresti\\\/transferuri-online-in-cadrul-programelor-gradinita-de-vara-si-scoala-de-vara-din-sectorul-3\\\/#primaryimage\"},\"thumbnailUrl\":\"https:\\\/\\\/buletin.de\\\/bucuresti\\\/wp-content\\\/uploads\\\/pro-church-media-2DTE3ePfnD8-unsplash.jpg\",\"datePublished\":\"2023-07-01T06:25:47+00:00\",\"dateModified\":\"2023-07-01T06:28:08+00:00\",\"breadcrumb\":{\"@id\":\"https:\\\/\\\/buletin.de\\\/bucuresti\\\/transferuri-online-in-cadrul-programelor-gradinita-de-vara-si-scoala-de-vara-din-sectorul-3\\\/#breadcrumb\"},\"inLanguage\":\"en-GB\",\"potentialAction\":[{\"@type\":\"ReadAction\",\"target\":[\"https:\\\/\\\/buletin.de\\\/bucuresti\\\/transferuri-online-in-cadrul-programelor-gradinita-de-vara-si-scoala-de-vara-din-sectorul-3\\\/\"]}]},{\"@type\":\"ImageObject\",\"inLanguage\":\"en-GB\",\"@id\":\"https:\\\/\\\/buletin.de\\\/bucuresti\\\/transferuri-online-in-cadrul-programelor-gradinita-de-vara-si-scoala-de-vara-din-sectorul-3\\\/#primaryimage\",\"url\":\"https:\\\/\\\/buletin.de\\\/bucuresti\\\/wp-content\\\/uploads\\\/pro-church-media-2DTE3ePfnD8-unsplash.jpg\",\"contentUrl\":\"https:\\\/\\\/buletin.de\\\/bucuresti\\\/wp-content\\\/uploads\\\/pro-church-media-2DTE3ePfnD8-unsplash.jpg\",\"width\":2000,\"height\":1508},{\"@type\":\"BreadcrumbList\",\"@id\":\"https:\\\/\\\/buletin.de\\\/bucuresti\\\/transferuri-online-in-cadrul-programelor-gradinita-de-vara-si-scoala-de-vara-din-sectorul-3\\\/#breadcrumb\",\"itemListElement\":[{\"@type\":\"ListItem\",\"position\":1,\"name\":\"Acas\u0103\",\"item\":\"https:\\\/\\\/buletin.de\\\/bucuresti\\\/\"},{\"@type\":\"ListItem\",\"position\":2,\"name\":\"Transferuri online, \u00een cadrul programelor \u201eGr\u0103dini\u021ba de var\u0103\u201d \u0219i \u201e\u0218coala de var\u0103\u201d din Sectorul 3\"}]},{\"@type\":\"WebSite\",\"@id\":\"https:\\\/\\\/buletin.de\\\/bucuresti\\\/#website\",\"url\":\"https:\\\/\\\/buletin.de\\\/bucuresti\\\/\",\"name\":\"Buletin de Bucure\u0219ti\",\"description\":\"\u0218tiri \u0219i investiga\u021bii esen\u021biale din capital\u0103\",\"publisher\":{\"@id\":\"https:\\\/\\\/buletin.de\\\/bucuresti\\\/#organization\"},\"potentialAction\":[{\"@type\":\"SearchAction\",\"target\":{\"@type\":\"EntryPoint\",\"urlTemplate\":\"https:\\\/\\\/buletin.de\\\/bucuresti\\\/?s={search_term_string}\"},\"query-input\":{\"@type\":\"PropertyValueSpecification\",\"valueRequired\":true,\"valueName\":\"search_term_string\"}}],\"inLanguage\":\"en-GB\"},{\"@type\":\"Organization\",\"@id\":\"https:\\\/\\\/buletin.de\\\/bucuresti\\\/#organization\",\"name\":\"Buletin de Bucure\u0219ti\",\"url\":\"https:\\\/\\\/buletin.de\\\/bucuresti\\\/\",\"logo\":{\"@type\":\"ImageObject\",\"inLanguage\":\"en-GB\",\"@id\":\"https:\\\/\\\/buletin.de\\\/bucuresti\\\/#\\\/schema\\\/logo\\\/image\\\/\",\"url\":\"https:\\\/\\\/buletin.de\\\/bucuresti\\\/wp-content\\\/uploads\\\/logo-bdb-full-wide-vernil-transparent.png\",\"contentUrl\":\"https:\\\/\\\/buletin.de\\\/bucuresti\\\/wp-content\\\/uploads\\\/logo-bdb-full-wide-vernil-transparent.png\",\"width\":1782,\"height\":626,\"caption\":\"Buletin de Bucure\u0219ti\"},\"image\":{\"@id\":\"https:\\\/\\\/buletin.de\\\/bucuresti\\\/#\\\/schema\\\/logo\\\/image\\\/\"},\"sameAs\":[\"https:\\\/\\\/www.facebook.com\\\/buletin.de.buc\",\"https:\\\/\\\/www.instagram.com\\\/buletinde.bucuresti\\\/\"]},{\"@type\":\"Person\",\"@id\":\"https:\\\/\\\/buletin.de\\\/bucuresti\\\/#\\\/schema\\\/person\\\/7e46040573290777280a0835d81ea4ea\",\"name\":\"Diana Matei\",\"image\":{\"@type\":\"ImageObject\",\"inLanguage\":\"en-GB\",\"@id\":\"https:\\\/\\\/buletin.de\\\/bucuresti\\\/wp-content\\\/uploads\\\/9-2-96x96.jpg1e8590b30871d70e62ebcdaf2eff570c\",\"url\":\"https:\\\/\\\/buletin.de\\\/bucuresti\\\/wp-content\\\/uploads\\\/9-2-96x96.jpg\",\"contentUrl\":\"https:\\\/\\\/buletin.de\\\/bucuresti\\\/wp-content\\\/uploads\\\/9-2-96x96.jpg\",\"caption\":\"Diana Matei\"},\"url\":\"https:\\\/\\\/buletin.de\\\/bucuresti\\\/author\\\/dianamatei\\\/\"}]}<\/script>\n<!-- \/ Yoast SEO Premium plugin. -->","yoast_head_json":{"title":"Transferuri online, \u00een cadrul programelor \u201eGr\u0103dini\u021ba de var\u0103\u201d \u0219i \u201e\u0218coala de var\u0103\u201d din Sectorul 3 - Buletin de Bucure\u0219ti","robots":{"index":"index","follow":"follow","max-snippet":"max-snippet:-1","max-image-preview":"max-image-preview:large","max-video-preview":"max-video-preview:-1"},"canonical":"https:\/\/buletin.de\/bucuresti\/transferuri-online-in-cadrul-programelor-gradinita-de-vara-si-scoala-de-vara-din-sectorul-3\/","og_locale":"en_GB","og_type":"article","og_title":"Transferuri online, \u00een cadrul programelor \u201eGr\u0103dini\u021ba de var\u0103\u201d \u0219i \u201e\u0218coala de var\u0103\u201d din Sectorul 3","og_description":"Prim\u0103ria Sectorului 3 a introdus o modalitate la \u00eendem\u00e2na tuturor p\u0103rin\u021bilor pentru a facilita transferul copiilor de la o unitate de \u00eenv\u0103\u021b\u0103m\u00e2nt la alta. Sistemul func\u021bioneaz\u0103 \u00een cadrul programelor \u201eGr\u0103dini\u021ba de var\u0103\u201d \u0219i \u201e\u0218coala de var\u0103\u201d. Pa\u0219ii pentru a face un transfer sunt: Dac\u0103 nu exist\u0103 locuri disponibile la unitatea de \u00eenv\u0103\u021b\u0103m\u00e2nt vizat\u0103, p\u0103rin\u021bii nu [&hellip;]","og_url":"https:\/\/buletin.de\/bucuresti\/transferuri-online-in-cadrul-programelor-gradinita-de-vara-si-scoala-de-vara-din-sectorul-3\/","og_site_name":"Buletin de Bucure\u0219ti","article_publisher":"https:\/\/www.facebook.com\/buletin.de.buc","article_published_time":"2023-07-01T06:25:47+00:00","article_modified_time":"2023-07-01T06:28:08+00:00","og_image":[{"width":2000,"height":1508,"url":"https:\/\/buletin.de\/bucuresti\/wp-content\/uploads\/pro-church-media-2DTE3ePfnD8-unsplash.jpg","type":"image\/jpeg"}],"author":"Diana Matei","twitter_card":"summary_large_image","twitter_misc":{"Written by":"Diana Matei","Estimated reading time":"1 minute"},"schema":{"@context":"https:\/\/schema.org","@graph":[{"@type":"Article","@id":"https:\/\/buletin.de\/bucuresti\/transferuri-online-in-cadrul-programelor-gradinita-de-vara-si-scoala-de-vara-din-sectorul-3\/#article","isPartOf":{"@id":"https:\/\/buletin.de\/bucuresti\/transferuri-online-in-cadrul-programelor-gradinita-de-vara-si-scoala-de-vara-din-sectorul-3\/"},"author":{"name":"Diana Matei","@id":"https:\/\/buletin.de\/bucuresti\/#\/schema\/person\/7e46040573290777280a0835d81ea4ea"},"headline":"Transferuri online, \u00een cadrul programelor \u201eGr\u0103dini\u021ba de var\u0103\u201d \u0219i \u201e\u0218coala de var\u0103\u201d din Sectorul 3","datePublished":"2023-07-01T06:25:47+00:00","dateModified":"2023-07-01T06:28:08+00:00","mainEntityOfPage":{"@id":"https:\/\/buletin.de\/bucuresti\/transferuri-online-in-cadrul-programelor-gradinita-de-vara-si-scoala-de-vara-din-sectorul-3\/"},"wordCount":219,"publisher":{"@id":"https:\/\/buletin.de\/bucuresti\/#organization"},"image":{"@id":"https:\/\/buletin.de\/bucuresti\/transferuri-online-in-cadrul-programelor-gradinita-de-vara-si-scoala-de-vara-din-sectorul-3\/#primaryimage"},"thumbnailUrl":"https:\/\/buletin.de\/bucuresti\/wp-content\/uploads\/pro-church-media-2DTE3ePfnD8-unsplash.jpg","keywords":["Sector 3"],"articleSection":["Educa\u021bie","Prim\u0103rie","\u0218tiri"],"inLanguage":"en-GB","copyrightYear":"2023","copyrightHolder":{"@id":"https:\/\/buletin.de\/bucuresti\/#organization"}},{"@type":"WebPage","@id":"https:\/\/buletin.de\/bucuresti\/transferuri-online-in-cadrul-programelor-gradinita-de-vara-si-scoala-de-vara-din-sectorul-3\/","url":"https:\/\/buletin.de\/bucuresti\/transferuri-online-in-cadrul-programelor-gradinita-de-vara-si-scoala-de-vara-din-sectorul-3\/","name":"Transferuri online, \u00een cadrul programelor \u201eGr\u0103dini\u021ba de var\u0103\u201d \u0219i \u201e\u0218coala de var\u0103\u201d din Sectorul 3 - Buletin de Bucure\u0219ti","isPartOf":{"@id":"https:\/\/buletin.de\/bucuresti\/#website"},"primaryImageOfPage":{"@id":"https:\/\/buletin.de\/bucuresti\/transferuri-online-in-cadrul-programelor-gradinita-de-vara-si-scoala-de-vara-din-sectorul-3\/#primaryimage"},"image":{"@id":"https:\/\/buletin.de\/bucuresti\/transferuri-online-in-cadrul-programelor-gradinita-de-vara-si-scoala-de-vara-din-sectorul-3\/#primaryimage"},"thumbnailUrl":"https:\/\/buletin.de\/bucuresti\/wp-content\/uploads\/pro-church-media-2DTE3ePfnD8-unsplash.jpg","datePublished":"2023-07-01T06:25:47+00:00","dateModified":"2023-07-01T06:28:08+00:00","breadcrumb":{"@id":"https:\/\/buletin.de\/bucuresti\/transferuri-online-in-cadrul-programelor-gradinita-de-vara-si-scoala-de-vara-din-sectorul-3\/#breadcrumb"},"inLanguage":"en-GB","potentialAction":[{"@type":"ReadAction","target":["https:\/\/buletin.de\/bucuresti\/transferuri-online-in-cadrul-programelor-gradinita-de-vara-si-scoala-de-vara-din-sectorul-3\/"]}]},{"@type":"ImageObject","inLanguage":"en-GB","@id":"https:\/\/buletin.de\/bucuresti\/transferuri-online-in-cadrul-programelor-gradinita-de-vara-si-scoala-de-vara-din-sectorul-3\/#primaryimage","url":"https:\/\/buletin.de\/bucuresti\/wp-content\/uploads\/pro-church-media-2DTE3ePfnD8-unsplash.jpg","contentUrl":"https:\/\/buletin.de\/bucuresti\/wp-content\/uploads\/pro-church-media-2DTE3ePfnD8-unsplash.jpg","width":2000,"height":1508},{"@type":"BreadcrumbList","@id":"https:\/\/buletin.de\/bucuresti\/transferuri-online-in-cadrul-programelor-gradinita-de-vara-si-scoala-de-vara-din-sectorul-3\/#breadcrumb","itemListElement":[{"@type":"ListItem","position":1,"name":"Acas\u0103","item":"https:\/\/buletin.de\/bucuresti\/"},{"@type":"ListItem","position":2,"name":"Transferuri online, \u00een cadrul programelor \u201eGr\u0103dini\u021ba de var\u0103\u201d \u0219i \u201e\u0218coala de var\u0103\u201d din Sectorul 3"}]},{"@type":"WebSite","@id":"https:\/\/buletin.de\/bucuresti\/#website","url":"https:\/\/buletin.de\/bucuresti\/","name":"Buletin de Bucure\u0219ti","description":"\u0218tiri \u0219i investiga\u021bii esen\u021biale din capital\u0103","publisher":{"@id":"https:\/\/buletin.de\/bucuresti\/#organization"},"potentialAction":[{"@type":"SearchAction","target":{"@type":"EntryPoint","urlTemplate":"https:\/\/buletin.de\/bucuresti\/?s={search_term_string}"},"query-input":{"@type":"PropertyValueSpecification","valueRequired":true,"valueName":"search_term_string"}}],"inLanguage":"en-GB"},{"@type":"Organization","@id":"https:\/\/buletin.de\/bucuresti\/#organization","name":"Buletin de Bucure\u0219ti","url":"https:\/\/buletin.de\/bucuresti\/","logo":{"@type":"ImageObject","inLanguage":"en-GB","@id":"https:\/\/buletin.de\/bucuresti\/#\/schema\/logo\/image\/","url":"https:\/\/buletin.de\/bucuresti\/wp-content\/uploads\/logo-bdb-full-wide-vernil-transparent.png","contentUrl":"https:\/\/buletin.de\/bucuresti\/wp-content\/uploads\/logo-bdb-full-wide-vernil-transparent.png","width":1782,"height":626,"caption":"Buletin de Bucure\u0219ti"},"image":{"@id":"https:\/\/buletin.de\/bucuresti\/#\/schema\/logo\/image\/"},"sameAs":["https:\/\/www.facebook.com\/buletin.de.buc","https:\/\/www.instagram.com\/buletinde.bucuresti\/"]},{"@type":"Person","@id":"https:\/\/buletin.de\/bucuresti\/#\/schema\/person\/7e46040573290777280a0835d81ea4ea","name":"Diana Matei","image":{"@type":"ImageObject","inLanguage":"en-GB","@id":"https:\/\/buletin.de\/bucuresti\/wp-content\/uploads\/9-2-96x96.jpg1e8590b30871d70e62ebcdaf2eff570c","url":"https:\/\/buletin.de\/bucuresti\/wp-content\/uploads\/9-2-96x96.jpg","contentUrl":"https:\/\/buletin.de\/bucuresti\/wp-content\/uploads\/9-2-96x96.jpg","caption":"Diana Matei"},"url":"https:\/\/buletin.de\/bucuresti\/author\/dianamatei\/"}]}},"authors":[{"term_id":22574,"user_id":49,"is_guest":0,"slug":"dianamatei","display_name":"Diana Matei","avatar_url":"https:\/\/buletin.de\/bucuresti\/wp-content\/uploads\/9-2-96x96.jpg","0":null,"1":"","2":"","3":"","4":"","5":"","6":"","7":"","8":""}],"_links":{"self":[{"href":"https:\/\/buletin.de\/bucuresti\/wp-json\/wp\/v2\/posts\/60191","targetHints":{"allow":["GET"]}}],"collection":[{"href":"https:\/\/buletin.de\/bucuresti\/wp-json\/wp\/v2\/posts"}],"about":[{"href":"https:\/\/buletin.de\/bucuresti\/wp-json\/wp\/v2\/types\/post"}],"author":[{"embeddable":true,"href":"https:\/\/buletin.de\/bucuresti\/wp-json\/wp\/v2\/users\/49"}],"replies":[{"embeddable":true,"href":"https:\/\/buletin.de\/bucuresti\/wp-json\/wp\/v2\/comments?post=60191"}],"version-history":[{"count":3,"href":"https:\/\/buletin.de\/bucuresti\/wp-json\/wp\/v2\/posts\/60191\/revisions"}],"predecessor-version":[{"id":60197,"href":"https:\/\/buletin.de\/bucuresti\/wp-json\/wp\/v2\/posts\/60191\/revisions\/60197"}],"wp:featuredmedia":[{"embeddable":true,"href":"https:\/\/buletin.de\/bucuresti\/wp-json\/wp\/v2\/media\/58923"}],"wp:attachment":[{"href":"https:\/\/buletin.de\/bucuresti\/wp-json\/wp\/v2\/media?parent=60191"}],"wp:term":[{"taxonomy":"category","embeddable":true,"href":"https:\/\/buletin.de\/bucuresti\/wp-json\/wp\/v2\/categories?post=60191"},{"taxonomy":"post_tag","embeddable":true,"href":"https:\/\/buletin.de\/bucuresti\/wp-json\/wp\/v2\/tags?post=60191"},{"taxonomy":"author","embeddable":true,"href":"https:\/\/buletin.de\/bucuresti\/wp-json\/wp\/v2\/ppma_author?post=60191"}],"curies":[{"name":"wp","href":"https:\/\/api.w.org\/{rel}","templated":true}]}}