{"id":60028,"date":"2023-06-27T18:04:41","date_gmt":"2023-06-27T16:04:41","guid":{"rendered":"https:\/\/buletin.de\/bucuresti\/?p=60028"},"modified":"2023-06-27T19:44:14","modified_gmt":"2023-06-27T17:44:14","slug":"se-inchide-trecerea-la-nivel-cu-calea-ferata-de-la-petricani-timp-de-cinci-zile","status":"publish","type":"post","link":"https:\/\/buletin.de\/bucuresti\/se-inchide-trecerea-la-nivel-cu-calea-ferata-de-la-petricani-timp-de-cinci-zile\/","title":{"rendered":"Se \u00eenchide trecerea la nivel cu calea ferat\u0103 de la Petricani, timp de cinci zile"},"content":{"rendered":"\n<p><strong>Circulatia rutier\u0103, la trecerea la nivel cu calea ferat\u0103<\/strong>, <strong>se \u00eenchide \u00een perioada&nbsp; 27.06.2023 01.07.2023. Traficul auto va fi&nbsp; redirec\u021bionat \u00een cursul nop\u021bii, \u00een intervalul orar 00:00- 04:00, pe o rut\u0103 alternativ\u0103.<\/strong><\/p>\n\n\n\n<p><strong><br><\/strong>Sucursala Regional\u0103 de C\u0103i Ferate Bucuresti va \u00eencepe din noaptea de 27 spre 28 iunie, de la ora&nbsp; 22.00&nbsp; p\u00e2n\u0103 s\u00e2mb\u0103t\u0103, 1 iulie 2023, ora 05.00, lucr\u0103ri de \u00eentre\u021binere la suprastructura feroviar\u0103 pe firul I B\u0103neasa \u2013 Pantelimon, de la km 11+000 \u2013 11+050, scrie <a href=\"http:\/\/clubferoviar.ro\">clubferoviar.ro<\/a>. De asemenea, se vor face&nbsp; lucr\u0103ri de refacere a zonei carosabile de la trecerea la nivel de la km 11+035, din cartierul Petricani.<\/p>\n\n\n\n<p><br>SRCF Bucure\u0219ti a anun\u021bat&nbsp;c\u0103 scopul acestor lucrari este&nbsp;cre\u0219terea vitezei de circula\u021bie a trenurilor de c\u0103l\u0103tori de la 70 km\/h, la 160 km\/h.&nbsp;&nbsp;<\/p>\n\n\n\n<p>Lucr\u0103rile vor consta in:<\/p>\n\n\n\n<p>.  demontarea trecerii la nivel;<\/p>\n\n\n\n<p>.  ciuruirea \u0219i completarea prismei cu piatr\u0103 spart\u0103 nou\u0103;<\/p>\n\n\n\n<p>.  \u00eenlocuirea materialului metalic de prindere, sec\u021bionarea c\u0103ii f\u0103r\u0103 joante \u0219i \u00eenlocuirea \u0219inelor \u00een pasaj;<\/p>\n\n\n\n<p>.  buraj mecanizat cu utilaje de cale, pentru remedierea deficien\u021belor de nivel \u0219i direc\u021bie;<\/p>\n\n\n\n<p>.  refacerea c\u0103ii f\u0103r\u0103 joante prin sudur\u0103 aluminotermic\u0103.<\/p>\n\n\n\n<p>Potrivit <a href=\"http:\/\/clubferoviar.ro\">clubferoviar.ro<\/a>, lucr\u0103rile de refacere a zonei carosabile la trecerea la nivel cu calea ferat\u0103 vor contribui la \u00eembun\u0103t\u0103\u021birea condi\u021biilor pentru participan\u021bii la traficul rutier, prin montarea de dale elastice \u0219i refacerea, prin asfaltare, a carosabilului de racord dintre drum \u0219i calea ferat\u0103.<\/p>\n\n\n\n<p>Circula\u021biea auto se va desf\u0103sura pe ruta ocolitoare: Cartier Tei Toboc (Bucure\u0219ti, Sector 2) \u2013 \u0218oseaua Petricani \u2013 Bulevardul Dimitrie Pompeiu \u2013 Bulevardul Barbu V\u0103c\u0103rescu \u2013 Cartier Pipera (strada paralela cu calea ferat\u0103) \u2013 Cartier Petricani (\u0219i retur).<\/p>\n\n\n\n<p>Pe calea ferat\u0103, circula\u021bia trenurilor se va desf\u0103\u0219ura, \u00eentre orele 22:00 \u2013 05:00, doar pe firul II B\u0103neasa \u2013 Pantelimon, interval orar necesar lucr\u0103rilor la linia CF de pe firul I.<\/p>\n","protected":false},"excerpt":{"rendered":"<p>Circulatia rutier\u0103, la trecerea la nivel cu calea ferat\u0103, se \u00eenchide \u00een perioada&nbsp; 27.06.2023 01.07.2023. Traficul auto va fi&nbsp; redirec\u021bionat \u00een cursul nop\u021bii, \u00een intervalul orar 00:00- 04:00, pe o rut\u0103 alternativ\u0103. Sucursala Regional\u0103 de C\u0103i Ferate Bucuresti va \u00eencepe din noaptea de 27 spre 28 iunie, de la ora&nbsp; 22.00&nbsp; p\u00e2n\u0103 s\u00e2mb\u0103t\u0103, 1 iulie [&hellip;]<\/p>\n","protected":false},"author":49,"featured_media":22610,"comment_status":"closed","ping_status":"open","sticky":false,"template":"","format":"standard","meta":{"_acf_changed":false,"inline_featured_image":false,"ngg_post_thumbnail":0,"footnotes":""},"categories":[62],"tags":[6069,6070],"ppma_author":[22574],"class_list":["post-60028","post","type-post","status-publish","format-standard","has-post-thumbnail","hentry","category-stiri","tag-cale-ferata-inchisa-petricani","tag-lucrari-trecere-cale-ferata"],"acf":[],"yoast_head":"<!-- This site is optimized with the Yoast SEO Premium plugin v25.3 (Yoast SEO v27.4) - https:\/\/yoast.com\/product\/yoast-seo-premium-wordpress\/ -->\n<title>Se \u00eenchide trecerea la nivel cu calea ferat\u0103 de la Petricani, timp de cinci zile - Buletin de Bucure\u0219ti<\/title>\n<meta name=\"robots\" content=\"index, follow, max-snippet:-1, max-image-preview:large, max-video-preview:-1\" \/>\n<link rel=\"canonical\" href=\"https:\/\/buletin.de\/bucuresti\/se-inchide-trecerea-la-nivel-cu-calea-ferata-de-la-petricani-timp-de-cinci-zile\/\" \/>\n<meta property=\"og:locale\" content=\"en_GB\" \/>\n<meta property=\"og:type\" content=\"article\" \/>\n<meta property=\"og:title\" content=\"Se \u00eenchide trecerea la nivel cu calea ferat\u0103 de la Petricani, timp de cinci zile\" \/>\n<meta property=\"og:description\" content=\"Circulatia rutier\u0103, la trecerea la nivel cu calea ferat\u0103, se \u00eenchide \u00een perioada&nbsp; 27.06.2023 01.07.2023. Traficul auto va fi&nbsp; redirec\u021bionat \u00een cursul nop\u021bii, \u00een intervalul orar 00:00- 04:00, pe o rut\u0103 alternativ\u0103. Sucursala Regional\u0103 de C\u0103i Ferate Bucuresti va \u00eencepe din noaptea de 27 spre 28 iunie, de la ora&nbsp; 22.00&nbsp; p\u00e2n\u0103 s\u00e2mb\u0103t\u0103, 1 iulie [&hellip;]\" \/>\n<meta property=\"og:url\" content=\"https:\/\/buletin.de\/bucuresti\/se-inchide-trecerea-la-nivel-cu-calea-ferata-de-la-petricani-timp-de-cinci-zile\/\" \/>\n<meta property=\"og:site_name\" content=\"Buletin de Bucure\u0219ti\" \/>\n<meta property=\"article:publisher\" content=\"https:\/\/www.facebook.com\/buletin.de.buc\" \/>\n<meta property=\"article:published_time\" content=\"2023-06-27T16:04:41+00:00\" \/>\n<meta property=\"article:modified_time\" content=\"2023-06-27T17:44:14+00:00\" \/>\n<meta property=\"og:image\" content=\"https:\/\/buletin.de\/bucuresti\/wp-content\/uploads\/tren.jpg\" \/>\n\t<meta property=\"og:image:width\" content=\"1944\" \/>\n\t<meta property=\"og:image:height\" content=\"1095\" \/>\n\t<meta property=\"og:image:type\" content=\"image\/jpeg\" \/>\n<meta name=\"author\" content=\"Diana Matei\" \/>\n<meta name=\"twitter:card\" content=\"summary_large_image\" \/>\n<meta name=\"twitter:label1\" content=\"Written by\" \/>\n\t<meta name=\"twitter:data1\" content=\"Diana Matei\" \/>\n\t<meta name=\"twitter:label2\" content=\"Estimated reading time\" \/>\n\t<meta name=\"twitter:data2\" content=\"2 minutes\" \/>\n<script type=\"application\/ld+json\" class=\"yoast-schema-graph\">{\"@context\":\"https:\\\/\\\/schema.org\",\"@graph\":[{\"@type\":\"Article\",\"@id\":\"https:\\\/\\\/buletin.de\\\/bucuresti\\\/se-inchide-trecerea-la-nivel-cu-calea-ferata-de-la-petricani-timp-de-cinci-zile\\\/#article\",\"isPartOf\":{\"@id\":\"https:\\\/\\\/buletin.de\\\/bucuresti\\\/se-inchide-trecerea-la-nivel-cu-calea-ferata-de-la-petricani-timp-de-cinci-zile\\\/\"},\"author\":{\"name\":\"Diana Matei\",\"@id\":\"https:\\\/\\\/buletin.de\\\/bucuresti\\\/#\\\/schema\\\/person\\\/7e46040573290777280a0835d81ea4ea\"},\"headline\":\"Se \u00eenchide trecerea la nivel cu calea ferat\u0103 de la Petricani, timp de cinci zile\",\"datePublished\":\"2023-06-27T16:04:41+00:00\",\"dateModified\":\"2023-06-27T17:44:14+00:00\",\"mainEntityOfPage\":{\"@id\":\"https:\\\/\\\/buletin.de\\\/bucuresti\\\/se-inchide-trecerea-la-nivel-cu-calea-ferata-de-la-petricani-timp-de-cinci-zile\\\/\"},\"wordCount\":327,\"publisher\":{\"@id\":\"https:\\\/\\\/buletin.de\\\/bucuresti\\\/#organization\"},\"image\":{\"@id\":\"https:\\\/\\\/buletin.de\\\/bucuresti\\\/se-inchide-trecerea-la-nivel-cu-calea-ferata-de-la-petricani-timp-de-cinci-zile\\\/#primaryimage\"},\"thumbnailUrl\":\"https:\\\/\\\/buletin.de\\\/bucuresti\\\/wp-content\\\/uploads\\\/tren.jpg\",\"keywords\":[\"cale ferata inchisa Petricani\",\"lucrari trecere cale ferata\"],\"articleSection\":[\"\u0218tiri\"],\"inLanguage\":\"en-GB\",\"copyrightYear\":\"2023\",\"copyrightHolder\":{\"@id\":\"https:\\\/\\\/buletin.de\\\/bucuresti\\\/#organization\"}},{\"@type\":\"WebPage\",\"@id\":\"https:\\\/\\\/buletin.de\\\/bucuresti\\\/se-inchide-trecerea-la-nivel-cu-calea-ferata-de-la-petricani-timp-de-cinci-zile\\\/\",\"url\":\"https:\\\/\\\/buletin.de\\\/bucuresti\\\/se-inchide-trecerea-la-nivel-cu-calea-ferata-de-la-petricani-timp-de-cinci-zile\\\/\",\"name\":\"Se \u00eenchide trecerea la nivel cu calea ferat\u0103 de la Petricani, timp de cinci zile - Buletin de Bucure\u0219ti\",\"isPartOf\":{\"@id\":\"https:\\\/\\\/buletin.de\\\/bucuresti\\\/#website\"},\"primaryImageOfPage\":{\"@id\":\"https:\\\/\\\/buletin.de\\\/bucuresti\\\/se-inchide-trecerea-la-nivel-cu-calea-ferata-de-la-petricani-timp-de-cinci-zile\\\/#primaryimage\"},\"image\":{\"@id\":\"https:\\\/\\\/buletin.de\\\/bucuresti\\\/se-inchide-trecerea-la-nivel-cu-calea-ferata-de-la-petricani-timp-de-cinci-zile\\\/#primaryimage\"},\"thumbnailUrl\":\"https:\\\/\\\/buletin.de\\\/bucuresti\\\/wp-content\\\/uploads\\\/tren.jpg\",\"datePublished\":\"2023-06-27T16:04:41+00:00\",\"dateModified\":\"2023-06-27T17:44:14+00:00\",\"breadcrumb\":{\"@id\":\"https:\\\/\\\/buletin.de\\\/bucuresti\\\/se-inchide-trecerea-la-nivel-cu-calea-ferata-de-la-petricani-timp-de-cinci-zile\\\/#breadcrumb\"},\"inLanguage\":\"en-GB\",\"potentialAction\":[{\"@type\":\"ReadAction\",\"target\":[\"https:\\\/\\\/buletin.de\\\/bucuresti\\\/se-inchide-trecerea-la-nivel-cu-calea-ferata-de-la-petricani-timp-de-cinci-zile\\\/\"]}]},{\"@type\":\"ImageObject\",\"inLanguage\":\"en-GB\",\"@id\":\"https:\\\/\\\/buletin.de\\\/bucuresti\\\/se-inchide-trecerea-la-nivel-cu-calea-ferata-de-la-petricani-timp-de-cinci-zile\\\/#primaryimage\",\"url\":\"https:\\\/\\\/buletin.de\\\/bucuresti\\\/wp-content\\\/uploads\\\/tren.jpg\",\"contentUrl\":\"https:\\\/\\\/buletin.de\\\/bucuresti\\\/wp-content\\\/uploads\\\/tren.jpg\",\"width\":1944,\"height\":1095,\"caption\":\"sursa foto: Romania Feroviara & Transferoviar Calatori.\"},{\"@type\":\"BreadcrumbList\",\"@id\":\"https:\\\/\\\/buletin.de\\\/bucuresti\\\/se-inchide-trecerea-la-nivel-cu-calea-ferata-de-la-petricani-timp-de-cinci-zile\\\/#breadcrumb\",\"itemListElement\":[{\"@type\":\"ListItem\",\"position\":1,\"name\":\"Acas\u0103\",\"item\":\"https:\\\/\\\/buletin.de\\\/bucuresti\\\/\"},{\"@type\":\"ListItem\",\"position\":2,\"name\":\"Se \u00eenchide trecerea la nivel cu calea ferat\u0103 de la Petricani, timp de cinci zile\"}]},{\"@type\":\"WebSite\",\"@id\":\"https:\\\/\\\/buletin.de\\\/bucuresti\\\/#website\",\"url\":\"https:\\\/\\\/buletin.de\\\/bucuresti\\\/\",\"name\":\"Buletin de Bucure\u0219ti\",\"description\":\"\u0218tiri \u0219i investiga\u021bii esen\u021biale din capital\u0103\",\"publisher\":{\"@id\":\"https:\\\/\\\/buletin.de\\\/bucuresti\\\/#organization\"},\"potentialAction\":[{\"@type\":\"SearchAction\",\"target\":{\"@type\":\"EntryPoint\",\"urlTemplate\":\"https:\\\/\\\/buletin.de\\\/bucuresti\\\/?s={search_term_string}\"},\"query-input\":{\"@type\":\"PropertyValueSpecification\",\"valueRequired\":true,\"valueName\":\"search_term_string\"}}],\"inLanguage\":\"en-GB\"},{\"@type\":\"Organization\",\"@id\":\"https:\\\/\\\/buletin.de\\\/bucuresti\\\/#organization\",\"name\":\"Buletin de Bucure\u0219ti\",\"url\":\"https:\\\/\\\/buletin.de\\\/bucuresti\\\/\",\"logo\":{\"@type\":\"ImageObject\",\"inLanguage\":\"en-GB\",\"@id\":\"https:\\\/\\\/buletin.de\\\/bucuresti\\\/#\\\/schema\\\/logo\\\/image\\\/\",\"url\":\"https:\\\/\\\/buletin.de\\\/bucuresti\\\/wp-content\\\/uploads\\\/logo-bdb-full-wide-vernil-transparent.png\",\"contentUrl\":\"https:\\\/\\\/buletin.de\\\/bucuresti\\\/wp-content\\\/uploads\\\/logo-bdb-full-wide-vernil-transparent.png\",\"width\":1782,\"height\":626,\"caption\":\"Buletin de Bucure\u0219ti\"},\"image\":{\"@id\":\"https:\\\/\\\/buletin.de\\\/bucuresti\\\/#\\\/schema\\\/logo\\\/image\\\/\"},\"sameAs\":[\"https:\\\/\\\/www.facebook.com\\\/buletin.de.buc\",\"https:\\\/\\\/www.instagram.com\\\/buletinde.bucuresti\\\/\"]},{\"@type\":\"Person\",\"@id\":\"https:\\\/\\\/buletin.de\\\/bucuresti\\\/#\\\/schema\\\/person\\\/7e46040573290777280a0835d81ea4ea\",\"name\":\"Diana Matei\",\"image\":{\"@type\":\"ImageObject\",\"inLanguage\":\"en-GB\",\"@id\":\"https:\\\/\\\/buletin.de\\\/bucuresti\\\/wp-content\\\/uploads\\\/9-2-96x96.jpg1e8590b30871d70e62ebcdaf2eff570c\",\"url\":\"https:\\\/\\\/buletin.de\\\/bucuresti\\\/wp-content\\\/uploads\\\/9-2-96x96.jpg\",\"contentUrl\":\"https:\\\/\\\/buletin.de\\\/bucuresti\\\/wp-content\\\/uploads\\\/9-2-96x96.jpg\",\"caption\":\"Diana Matei\"},\"url\":\"https:\\\/\\\/buletin.de\\\/bucuresti\\\/author\\\/dianamatei\\\/\"}]}<\/script>\n<!-- \/ Yoast SEO Premium plugin. -->","yoast_head_json":{"title":"Se \u00eenchide trecerea la nivel cu calea ferat\u0103 de la Petricani, timp de cinci zile - Buletin de Bucure\u0219ti","robots":{"index":"index","follow":"follow","max-snippet":"max-snippet:-1","max-image-preview":"max-image-preview:large","max-video-preview":"max-video-preview:-1"},"canonical":"https:\/\/buletin.de\/bucuresti\/se-inchide-trecerea-la-nivel-cu-calea-ferata-de-la-petricani-timp-de-cinci-zile\/","og_locale":"en_GB","og_type":"article","og_title":"Se \u00eenchide trecerea la nivel cu calea ferat\u0103 de la Petricani, timp de cinci zile","og_description":"Circulatia rutier\u0103, la trecerea la nivel cu calea ferat\u0103, se \u00eenchide \u00een perioada&nbsp; 27.06.2023 01.07.2023. Traficul auto va fi&nbsp; redirec\u021bionat \u00een cursul nop\u021bii, \u00een intervalul orar 00:00- 04:00, pe o rut\u0103 alternativ\u0103. Sucursala Regional\u0103 de C\u0103i Ferate Bucuresti va \u00eencepe din noaptea de 27 spre 28 iunie, de la ora&nbsp; 22.00&nbsp; p\u00e2n\u0103 s\u00e2mb\u0103t\u0103, 1 iulie [&hellip;]","og_url":"https:\/\/buletin.de\/bucuresti\/se-inchide-trecerea-la-nivel-cu-calea-ferata-de-la-petricani-timp-de-cinci-zile\/","og_site_name":"Buletin de Bucure\u0219ti","article_publisher":"https:\/\/www.facebook.com\/buletin.de.buc","article_published_time":"2023-06-27T16:04:41+00:00","article_modified_time":"2023-06-27T17:44:14+00:00","og_image":[{"width":1944,"height":1095,"url":"https:\/\/buletin.de\/bucuresti\/wp-content\/uploads\/tren.jpg","type":"image\/jpeg"}],"author":"Diana Matei","twitter_card":"summary_large_image","twitter_misc":{"Written by":"Diana Matei","Estimated reading time":"2 minutes"},"schema":{"@context":"https:\/\/schema.org","@graph":[{"@type":"Article","@id":"https:\/\/buletin.de\/bucuresti\/se-inchide-trecerea-la-nivel-cu-calea-ferata-de-la-petricani-timp-de-cinci-zile\/#article","isPartOf":{"@id":"https:\/\/buletin.de\/bucuresti\/se-inchide-trecerea-la-nivel-cu-calea-ferata-de-la-petricani-timp-de-cinci-zile\/"},"author":{"name":"Diana Matei","@id":"https:\/\/buletin.de\/bucuresti\/#\/schema\/person\/7e46040573290777280a0835d81ea4ea"},"headline":"Se \u00eenchide trecerea la nivel cu calea ferat\u0103 de la Petricani, timp de cinci zile","datePublished":"2023-06-27T16:04:41+00:00","dateModified":"2023-06-27T17:44:14+00:00","mainEntityOfPage":{"@id":"https:\/\/buletin.de\/bucuresti\/se-inchide-trecerea-la-nivel-cu-calea-ferata-de-la-petricani-timp-de-cinci-zile\/"},"wordCount":327,"publisher":{"@id":"https:\/\/buletin.de\/bucuresti\/#organization"},"image":{"@id":"https:\/\/buletin.de\/bucuresti\/se-inchide-trecerea-la-nivel-cu-calea-ferata-de-la-petricani-timp-de-cinci-zile\/#primaryimage"},"thumbnailUrl":"https:\/\/buletin.de\/bucuresti\/wp-content\/uploads\/tren.jpg","keywords":["cale ferata inchisa Petricani","lucrari trecere cale ferata"],"articleSection":["\u0218tiri"],"inLanguage":"en-GB","copyrightYear":"2023","copyrightHolder":{"@id":"https:\/\/buletin.de\/bucuresti\/#organization"}},{"@type":"WebPage","@id":"https:\/\/buletin.de\/bucuresti\/se-inchide-trecerea-la-nivel-cu-calea-ferata-de-la-petricani-timp-de-cinci-zile\/","url":"https:\/\/buletin.de\/bucuresti\/se-inchide-trecerea-la-nivel-cu-calea-ferata-de-la-petricani-timp-de-cinci-zile\/","name":"Se \u00eenchide trecerea la nivel cu calea ferat\u0103 de la Petricani, timp de cinci zile - Buletin de Bucure\u0219ti","isPartOf":{"@id":"https:\/\/buletin.de\/bucuresti\/#website"},"primaryImageOfPage":{"@id":"https:\/\/buletin.de\/bucuresti\/se-inchide-trecerea-la-nivel-cu-calea-ferata-de-la-petricani-timp-de-cinci-zile\/#primaryimage"},"image":{"@id":"https:\/\/buletin.de\/bucuresti\/se-inchide-trecerea-la-nivel-cu-calea-ferata-de-la-petricani-timp-de-cinci-zile\/#primaryimage"},"thumbnailUrl":"https:\/\/buletin.de\/bucuresti\/wp-content\/uploads\/tren.jpg","datePublished":"2023-06-27T16:04:41+00:00","dateModified":"2023-06-27T17:44:14+00:00","breadcrumb":{"@id":"https:\/\/buletin.de\/bucuresti\/se-inchide-trecerea-la-nivel-cu-calea-ferata-de-la-petricani-timp-de-cinci-zile\/#breadcrumb"},"inLanguage":"en-GB","potentialAction":[{"@type":"ReadAction","target":["https:\/\/buletin.de\/bucuresti\/se-inchide-trecerea-la-nivel-cu-calea-ferata-de-la-petricani-timp-de-cinci-zile\/"]}]},{"@type":"ImageObject","inLanguage":"en-GB","@id":"https:\/\/buletin.de\/bucuresti\/se-inchide-trecerea-la-nivel-cu-calea-ferata-de-la-petricani-timp-de-cinci-zile\/#primaryimage","url":"https:\/\/buletin.de\/bucuresti\/wp-content\/uploads\/tren.jpg","contentUrl":"https:\/\/buletin.de\/bucuresti\/wp-content\/uploads\/tren.jpg","width":1944,"height":1095,"caption":"sursa foto: Romania Feroviara & Transferoviar Calatori."},{"@type":"BreadcrumbList","@id":"https:\/\/buletin.de\/bucuresti\/se-inchide-trecerea-la-nivel-cu-calea-ferata-de-la-petricani-timp-de-cinci-zile\/#breadcrumb","itemListElement":[{"@type":"ListItem","position":1,"name":"Acas\u0103","item":"https:\/\/buletin.de\/bucuresti\/"},{"@type":"ListItem","position":2,"name":"Se \u00eenchide trecerea la nivel cu calea ferat\u0103 de la Petricani, timp de cinci zile"}]},{"@type":"WebSite","@id":"https:\/\/buletin.de\/bucuresti\/#website","url":"https:\/\/buletin.de\/bucuresti\/","name":"Buletin de Bucure\u0219ti","description":"\u0218tiri \u0219i investiga\u021bii esen\u021biale din capital\u0103","publisher":{"@id":"https:\/\/buletin.de\/bucuresti\/#organization"},"potentialAction":[{"@type":"SearchAction","target":{"@type":"EntryPoint","urlTemplate":"https:\/\/buletin.de\/bucuresti\/?s={search_term_string}"},"query-input":{"@type":"PropertyValueSpecification","valueRequired":true,"valueName":"search_term_string"}}],"inLanguage":"en-GB"},{"@type":"Organization","@id":"https:\/\/buletin.de\/bucuresti\/#organization","name":"Buletin de Bucure\u0219ti","url":"https:\/\/buletin.de\/bucuresti\/","logo":{"@type":"ImageObject","inLanguage":"en-GB","@id":"https:\/\/buletin.de\/bucuresti\/#\/schema\/logo\/image\/","url":"https:\/\/buletin.de\/bucuresti\/wp-content\/uploads\/logo-bdb-full-wide-vernil-transparent.png","contentUrl":"https:\/\/buletin.de\/bucuresti\/wp-content\/uploads\/logo-bdb-full-wide-vernil-transparent.png","width":1782,"height":626,"caption":"Buletin de Bucure\u0219ti"},"image":{"@id":"https:\/\/buletin.de\/bucuresti\/#\/schema\/logo\/image\/"},"sameAs":["https:\/\/www.facebook.com\/buletin.de.buc","https:\/\/www.instagram.com\/buletinde.bucuresti\/"]},{"@type":"Person","@id":"https:\/\/buletin.de\/bucuresti\/#\/schema\/person\/7e46040573290777280a0835d81ea4ea","name":"Diana Matei","image":{"@type":"ImageObject","inLanguage":"en-GB","@id":"https:\/\/buletin.de\/bucuresti\/wp-content\/uploads\/9-2-96x96.jpg1e8590b30871d70e62ebcdaf2eff570c","url":"https:\/\/buletin.de\/bucuresti\/wp-content\/uploads\/9-2-96x96.jpg","contentUrl":"https:\/\/buletin.de\/bucuresti\/wp-content\/uploads\/9-2-96x96.jpg","caption":"Diana Matei"},"url":"https:\/\/buletin.de\/bucuresti\/author\/dianamatei\/"}]}},"authors":[{"term_id":22574,"user_id":49,"is_guest":0,"slug":"dianamatei","display_name":"Diana Matei","avatar_url":"https:\/\/buletin.de\/bucuresti\/wp-content\/uploads\/9-2-96x96.jpg","0":null,"1":"","2":"","3":"","4":"","5":"","6":"","7":"","8":""}],"_links":{"self":[{"href":"https:\/\/buletin.de\/bucuresti\/wp-json\/wp\/v2\/posts\/60028","targetHints":{"allow":["GET"]}}],"collection":[{"href":"https:\/\/buletin.de\/bucuresti\/wp-json\/wp\/v2\/posts"}],"about":[{"href":"https:\/\/buletin.de\/bucuresti\/wp-json\/wp\/v2\/types\/post"}],"author":[{"embeddable":true,"href":"https:\/\/buletin.de\/bucuresti\/wp-json\/wp\/v2\/users\/49"}],"replies":[{"embeddable":true,"href":"https:\/\/buletin.de\/bucuresti\/wp-json\/wp\/v2\/comments?post=60028"}],"version-history":[{"count":6,"href":"https:\/\/buletin.de\/bucuresti\/wp-json\/wp\/v2\/posts\/60028\/revisions"}],"predecessor-version":[{"id":60050,"href":"https:\/\/buletin.de\/bucuresti\/wp-json\/wp\/v2\/posts\/60028\/revisions\/60050"}],"wp:featuredmedia":[{"embeddable":true,"href":"https:\/\/buletin.de\/bucuresti\/wp-json\/wp\/v2\/media\/22610"}],"wp:attachment":[{"href":"https:\/\/buletin.de\/bucuresti\/wp-json\/wp\/v2\/media?parent=60028"}],"wp:term":[{"taxonomy":"category","embeddable":true,"href":"https:\/\/buletin.de\/bucuresti\/wp-json\/wp\/v2\/categories?post=60028"},{"taxonomy":"post_tag","embeddable":true,"href":"https:\/\/buletin.de\/bucuresti\/wp-json\/wp\/v2\/tags?post=60028"},{"taxonomy":"author","embeddable":true,"href":"https:\/\/buletin.de\/bucuresti\/wp-json\/wp\/v2\/ppma_author?post=60028"}],"curies":[{"name":"wp","href":"https:\/\/api.w.org\/{rel}","templated":true}]}}