{"id":59997,"date":"2023-06-27T13:13:33","date_gmt":"2023-06-27T11:13:33","guid":{"rendered":"https:\/\/buletin.de\/bucuresti\/?p=59997"},"modified":"2023-06-27T14:16:42","modified_gmt":"2023-06-27T12:16:42","slug":"cet-urile-nu-sunt-vinovate-pentru-lipsa-apei-calde-elcen-raspunde-afirmatiilor-facute-de-nicusor-dan","status":"publish","type":"post","link":"https:\/\/buletin.de\/bucuresti\/cet-urile-nu-sunt-vinovate-pentru-lipsa-apei-calde-elcen-raspunde-afirmatiilor-facute-de-nicusor-dan\/","title":{"rendered":"ELCEN: CET-urile nu sunt vinovate pentru lipsa apei calde. Compania r\u0103spunde afirma\u021biilor facute de Nicu\u0219or Dan"},"content":{"rendered":"\n<p><strong>Electrocentrale Bucure\u0219ti face o serie de preciz\u0103ri dup\u0103 declara\u0163iile primarului general, Nicu\u0219or Dan. Edilul Capitalei a afirmat c\u0103 exist\u0103 mai multi vinova\u0163i pentru lipsa apei calde din Bucure\u0219ti.<\/strong><\/p>\n\n\n\n<p><em>\u201eProblema apei calde peste var\u0103 are mai multe surse. Pe de-o parte, pe var\u0103, CET-urile care nu ne apar\u021bin \u0219i apar\u021bin Ministerului Energiei trebuie s\u0103 \u00ee\u0219i fac\u0103 revizia \u0219i trebuie s\u0103 se opreasc\u0103 o perioad\u0103 \u0219i atunci circuitul este mai lung pentru c\u0103 nu func\u021bioneaz\u0103 toate. Asta e una din probleme\u201d<\/em>, a spus public primarul general Nicu\u0219or Dan.<\/p>\n\n\n\n<p>Electrocentrale Bucure\u0219ti \u00eei r\u0103spunde lui Nicu\u0219or Dan printr-un comunicat de pres\u0103:<\/p>\n\n\n\n<ul class=\"wp-block-list\">\n<li>Problemele de furnizare a apei calde din prezent nu au leg\u0103tur\u0103 cu activitatea ELCEN.<\/li>\n\n\n\n<li>Func\u021bionarea CET-urilor ELCEN \u00een timpul verii este dictat\u0103, exclusiv, de necesarul foarte sc\u0103zut de agent termic doar pentru prepararea apei calde menajere, ca urmare a regimului de func\u021bionare \u201ede var\u0103\u201d a sistemului de termoficare.<\/li>\n\n\n\n<li>CET-urile ELCEN au capacitatea tehnic\u0103 de a furniza agent termic, totu\u0219i, \u00een condi\u021biile consumului foarte sc\u0103zut, dac\u0103 ar func\u021biona toate cele 4 CET-uri simultan, s-ar produce mult mai mult dec\u00e2t este necesar din punct de vedere tehnic pentru termoficare.<\/li>\n\n\n\n<li>\u00cen regim \u201ede var\u0103\u201d, dou\u0103 CET-uri se afl\u0103 \u00een func\u021biune, iar dou\u0103 CET-uri sunt oprite \u00een rezerv\u0103.<\/li>\n\n\n\n<li>Problemele de furnizare a apei calde din prezent nu au leg\u0103tur\u0103 cu reviziile din CET-uri.<\/li>\n\n\n\n<li>Reviziile se desf\u0103\u0219oar\u0103 anual conform manualelor de mentenan\u021b\u0103. Aceste revizii nu dureaz\u0103 mai mult timp sau nu au loc mai des dec\u00e2t o impun manualele de mentenan\u021b\u0103, indiferent c\u0103 este vorba despre ELCEN sau orice alt\u0103 companie din Rom\u00e2nia sau din orice parte a lumii.&nbsp;&nbsp;<\/li>\n\n\n\n<li>Cele dou\u0103 CET-uri aflate \u00een prezent \u00een func\u021biune acoper\u0103 necesarul de agent termic la nivelul \u00eentregului ora\u0219.<\/li>\n\n\n\n<li>Prin prisma activit\u0103\u021bii ELCEN, furnizarea apei calde este asigurat\u0103.<\/li>\n<\/ul>\n\n\n\n<p> Electrocentrale Bucure\u0219ti a anun\u021bat si programul de func\u021bionare a CET-urilor  \u00een prezent:<\/p>\n\n\n\n<ul class=\"wp-block-list\">\n<li>CET Bucure\u0219ti Sud: \u00een func\u021biune;<\/li>\n\n\n\n<li>CET Bucure\u0219ti Vest: \u00een func\u021biune;<\/li>\n\n\n\n<li>CET Groz\u0103ve\u0219ti: oprit\u0103 \u00een rezerv\u0103;<\/li>\n\n\n\n<li>CET Progresu: oprit\u0103 \u00een rezerv\u0103;&nbsp;<\/li>\n<\/ul>\n\n\n\n<p>Temperaturi livrate:<\/p>\n\n\n\n<ul class=\"wp-block-list\">\n<li>CET Bucure\u0219ti Sud: 85 grade C;<\/li>\n\n\n\n<li>CET Bucure\u0219ti Vest: 81 grade C;<\/li>\n\n\n\n<li>Comanda Termoenergetica: 75-82 grade.<\/li>\n<\/ul>\n","protected":false},"excerpt":{"rendered":"<p>Electrocentrale Bucure\u0219ti face o serie de preciz\u0103ri dup\u0103 declara\u0163iile primarului general, Nicu\u0219or Dan. Edilul Capitalei a afirmat c\u0103 exist\u0103 mai multi vinova\u0163i pentru lipsa apei calde din Bucure\u0219ti. \u201eProblema apei calde peste var\u0103 are mai multe surse. Pe de-o parte, pe var\u0103, CET-urile care nu ne apar\u021bin \u0219i apar\u021bin Ministerului Energiei trebuie s\u0103 \u00ee\u0219i fac\u0103 [&hellip;]<\/p>\n","protected":false},"author":49,"featured_media":45912,"comment_status":"closed","ping_status":"open","sticky":false,"template":"","format":"standard","meta":{"_acf_changed":false,"inline_featured_image":false,"ngg_post_thumbnail":0,"footnotes":""},"categories":[62],"tags":[415,237],"ppma_author":[22574],"class_list":["post-59997","post","type-post","status-publish","format-standard","has-post-thumbnail","hentry","category-stiri","tag-apa-calda","tag-elcen"],"acf":[],"yoast_head":"<!-- This site is optimized with the Yoast SEO Premium plugin v25.3 (Yoast SEO v27.4) - https:\/\/yoast.com\/product\/yoast-seo-premium-wordpress\/ -->\n<title>ELCEN: CET-urile nu sunt vinovate pentru lipsa apei calde. Compania r\u0103spunde afirma\u021biilor facute de Nicu\u0219or Dan - Buletin de Bucure\u0219ti<\/title>\n<meta name=\"robots\" content=\"index, follow, max-snippet:-1, max-image-preview:large, max-video-preview:-1\" \/>\n<link rel=\"canonical\" href=\"https:\/\/buletin.de\/bucuresti\/cet-urile-nu-sunt-vinovate-pentru-lipsa-apei-calde-elcen-raspunde-afirmatiilor-facute-de-nicusor-dan\/\" \/>\n<meta property=\"og:locale\" content=\"en_GB\" \/>\n<meta property=\"og:type\" content=\"article\" \/>\n<meta property=\"og:title\" content=\"ELCEN: CET-urile nu sunt vinovate pentru lipsa apei calde. Compania r\u0103spunde afirma\u021biilor facute de Nicu\u0219or Dan\" \/>\n<meta property=\"og:description\" content=\"Electrocentrale Bucure\u0219ti face o serie de preciz\u0103ri dup\u0103 declara\u0163iile primarului general, Nicu\u0219or Dan. Edilul Capitalei a afirmat c\u0103 exist\u0103 mai multi vinova\u0163i pentru lipsa apei calde din Bucure\u0219ti. \u201eProblema apei calde peste var\u0103 are mai multe surse. Pe de-o parte, pe var\u0103, CET-urile care nu ne apar\u021bin \u0219i apar\u021bin Ministerului Energiei trebuie s\u0103 \u00ee\u0219i fac\u0103 [&hellip;]\" \/>\n<meta property=\"og:url\" content=\"https:\/\/buletin.de\/bucuresti\/cet-urile-nu-sunt-vinovate-pentru-lipsa-apei-calde-elcen-raspunde-afirmatiilor-facute-de-nicusor-dan\/\" \/>\n<meta property=\"og:site_name\" content=\"Buletin de Bucure\u0219ti\" \/>\n<meta property=\"article:publisher\" content=\"https:\/\/www.facebook.com\/buletin.de.buc\" \/>\n<meta property=\"article:published_time\" content=\"2023-06-27T11:13:33+00:00\" \/>\n<meta property=\"article:modified_time\" content=\"2023-06-27T12:16:42+00:00\" \/>\n<meta property=\"og:image\" content=\"https:\/\/buletin.de\/bucuresti\/wp-content\/uploads\/ELCEN-2.jpeg\" \/>\n\t<meta property=\"og:image:width\" content=\"1600\" \/>\n\t<meta property=\"og:image:height\" content=\"777\" \/>\n\t<meta property=\"og:image:type\" content=\"image\/jpeg\" \/>\n<meta name=\"author\" content=\"Diana Matei\" \/>\n<meta name=\"twitter:card\" content=\"summary_large_image\" \/>\n<meta name=\"twitter:label1\" content=\"Written by\" \/>\n\t<meta name=\"twitter:data1\" content=\"Diana Matei\" \/>\n\t<meta name=\"twitter:label2\" content=\"Estimated reading time\" \/>\n\t<meta name=\"twitter:data2\" content=\"2 minutes\" \/>\n<script type=\"application\/ld+json\" class=\"yoast-schema-graph\">{\"@context\":\"https:\\\/\\\/schema.org\",\"@graph\":[{\"@type\":\"Article\",\"@id\":\"https:\\\/\\\/buletin.de\\\/bucuresti\\\/cet-urile-nu-sunt-vinovate-pentru-lipsa-apei-calde-elcen-raspunde-afirmatiilor-facute-de-nicusor-dan\\\/#article\",\"isPartOf\":{\"@id\":\"https:\\\/\\\/buletin.de\\\/bucuresti\\\/cet-urile-nu-sunt-vinovate-pentru-lipsa-apei-calde-elcen-raspunde-afirmatiilor-facute-de-nicusor-dan\\\/\"},\"author\":{\"name\":\"Diana Matei\",\"@id\":\"https:\\\/\\\/buletin.de\\\/bucuresti\\\/#\\\/schema\\\/person\\\/7e46040573290777280a0835d81ea4ea\"},\"headline\":\"ELCEN: CET-urile nu sunt vinovate pentru lipsa apei calde. Compania r\u0103spunde afirma\u021biilor facute de Nicu\u0219or Dan\",\"datePublished\":\"2023-06-27T11:13:33+00:00\",\"dateModified\":\"2023-06-27T12:16:42+00:00\",\"mainEntityOfPage\":{\"@id\":\"https:\\\/\\\/buletin.de\\\/bucuresti\\\/cet-urile-nu-sunt-vinovate-pentru-lipsa-apei-calde-elcen-raspunde-afirmatiilor-facute-de-nicusor-dan\\\/\"},\"wordCount\":396,\"publisher\":{\"@id\":\"https:\\\/\\\/buletin.de\\\/bucuresti\\\/#organization\"},\"image\":{\"@id\":\"https:\\\/\\\/buletin.de\\\/bucuresti\\\/cet-urile-nu-sunt-vinovate-pentru-lipsa-apei-calde-elcen-raspunde-afirmatiilor-facute-de-nicusor-dan\\\/#primaryimage\"},\"thumbnailUrl\":\"https:\\\/\\\/buletin.de\\\/bucuresti\\\/wp-content\\\/uploads\\\/ELCEN-2.jpeg\",\"keywords\":[\"apa calda\",\"elcen\"],\"articleSection\":[\"\u0218tiri\"],\"inLanguage\":\"en-GB\",\"copyrightYear\":\"2023\",\"copyrightHolder\":{\"@id\":\"https:\\\/\\\/buletin.de\\\/bucuresti\\\/#organization\"}},{\"@type\":\"WebPage\",\"@id\":\"https:\\\/\\\/buletin.de\\\/bucuresti\\\/cet-urile-nu-sunt-vinovate-pentru-lipsa-apei-calde-elcen-raspunde-afirmatiilor-facute-de-nicusor-dan\\\/\",\"url\":\"https:\\\/\\\/buletin.de\\\/bucuresti\\\/cet-urile-nu-sunt-vinovate-pentru-lipsa-apei-calde-elcen-raspunde-afirmatiilor-facute-de-nicusor-dan\\\/\",\"name\":\"ELCEN: CET-urile nu sunt vinovate pentru lipsa apei calde. Compania r\u0103spunde afirma\u021biilor facute de Nicu\u0219or Dan - Buletin de Bucure\u0219ti\",\"isPartOf\":{\"@id\":\"https:\\\/\\\/buletin.de\\\/bucuresti\\\/#website\"},\"primaryImageOfPage\":{\"@id\":\"https:\\\/\\\/buletin.de\\\/bucuresti\\\/cet-urile-nu-sunt-vinovate-pentru-lipsa-apei-calde-elcen-raspunde-afirmatiilor-facute-de-nicusor-dan\\\/#primaryimage\"},\"image\":{\"@id\":\"https:\\\/\\\/buletin.de\\\/bucuresti\\\/cet-urile-nu-sunt-vinovate-pentru-lipsa-apei-calde-elcen-raspunde-afirmatiilor-facute-de-nicusor-dan\\\/#primaryimage\"},\"thumbnailUrl\":\"https:\\\/\\\/buletin.de\\\/bucuresti\\\/wp-content\\\/uploads\\\/ELCEN-2.jpeg\",\"datePublished\":\"2023-06-27T11:13:33+00:00\",\"dateModified\":\"2023-06-27T12:16:42+00:00\",\"breadcrumb\":{\"@id\":\"https:\\\/\\\/buletin.de\\\/bucuresti\\\/cet-urile-nu-sunt-vinovate-pentru-lipsa-apei-calde-elcen-raspunde-afirmatiilor-facute-de-nicusor-dan\\\/#breadcrumb\"},\"inLanguage\":\"en-GB\",\"potentialAction\":[{\"@type\":\"ReadAction\",\"target\":[\"https:\\\/\\\/buletin.de\\\/bucuresti\\\/cet-urile-nu-sunt-vinovate-pentru-lipsa-apei-calde-elcen-raspunde-afirmatiilor-facute-de-nicusor-dan\\\/\"]}]},{\"@type\":\"ImageObject\",\"inLanguage\":\"en-GB\",\"@id\":\"https:\\\/\\\/buletin.de\\\/bucuresti\\\/cet-urile-nu-sunt-vinovate-pentru-lipsa-apei-calde-elcen-raspunde-afirmatiilor-facute-de-nicusor-dan\\\/#primaryimage\",\"url\":\"https:\\\/\\\/buletin.de\\\/bucuresti\\\/wp-content\\\/uploads\\\/ELCEN-2.jpeg\",\"contentUrl\":\"https:\\\/\\\/buletin.de\\\/bucuresti\\\/wp-content\\\/uploads\\\/ELCEN-2.jpeg\",\"width\":1600,\"height\":777},{\"@type\":\"BreadcrumbList\",\"@id\":\"https:\\\/\\\/buletin.de\\\/bucuresti\\\/cet-urile-nu-sunt-vinovate-pentru-lipsa-apei-calde-elcen-raspunde-afirmatiilor-facute-de-nicusor-dan\\\/#breadcrumb\",\"itemListElement\":[{\"@type\":\"ListItem\",\"position\":1,\"name\":\"Acas\u0103\",\"item\":\"https:\\\/\\\/buletin.de\\\/bucuresti\\\/\"},{\"@type\":\"ListItem\",\"position\":2,\"name\":\"ELCEN: CET-urile nu sunt vinovate pentru lipsa apei calde. Compania r\u0103spunde afirma\u021biilor facute de Nicu\u0219or Dan\"}]},{\"@type\":\"WebSite\",\"@id\":\"https:\\\/\\\/buletin.de\\\/bucuresti\\\/#website\",\"url\":\"https:\\\/\\\/buletin.de\\\/bucuresti\\\/\",\"name\":\"Buletin de Bucure\u0219ti\",\"description\":\"\u0218tiri \u0219i investiga\u021bii esen\u021biale din capital\u0103\",\"publisher\":{\"@id\":\"https:\\\/\\\/buletin.de\\\/bucuresti\\\/#organization\"},\"potentialAction\":[{\"@type\":\"SearchAction\",\"target\":{\"@type\":\"EntryPoint\",\"urlTemplate\":\"https:\\\/\\\/buletin.de\\\/bucuresti\\\/?s={search_term_string}\"},\"query-input\":{\"@type\":\"PropertyValueSpecification\",\"valueRequired\":true,\"valueName\":\"search_term_string\"}}],\"inLanguage\":\"en-GB\"},{\"@type\":\"Organization\",\"@id\":\"https:\\\/\\\/buletin.de\\\/bucuresti\\\/#organization\",\"name\":\"Buletin de Bucure\u0219ti\",\"url\":\"https:\\\/\\\/buletin.de\\\/bucuresti\\\/\",\"logo\":{\"@type\":\"ImageObject\",\"inLanguage\":\"en-GB\",\"@id\":\"https:\\\/\\\/buletin.de\\\/bucuresti\\\/#\\\/schema\\\/logo\\\/image\\\/\",\"url\":\"https:\\\/\\\/buletin.de\\\/bucuresti\\\/wp-content\\\/uploads\\\/logo-bdb-full-wide-vernil-transparent.png\",\"contentUrl\":\"https:\\\/\\\/buletin.de\\\/bucuresti\\\/wp-content\\\/uploads\\\/logo-bdb-full-wide-vernil-transparent.png\",\"width\":1782,\"height\":626,\"caption\":\"Buletin de Bucure\u0219ti\"},\"image\":{\"@id\":\"https:\\\/\\\/buletin.de\\\/bucuresti\\\/#\\\/schema\\\/logo\\\/image\\\/\"},\"sameAs\":[\"https:\\\/\\\/www.facebook.com\\\/buletin.de.buc\",\"https:\\\/\\\/www.instagram.com\\\/buletinde.bucuresti\\\/\"]},{\"@type\":\"Person\",\"@id\":\"https:\\\/\\\/buletin.de\\\/bucuresti\\\/#\\\/schema\\\/person\\\/7e46040573290777280a0835d81ea4ea\",\"name\":\"Diana Matei\",\"image\":{\"@type\":\"ImageObject\",\"inLanguage\":\"en-GB\",\"@id\":\"https:\\\/\\\/buletin.de\\\/bucuresti\\\/wp-content\\\/uploads\\\/9-2-96x96.jpg1e8590b30871d70e62ebcdaf2eff570c\",\"url\":\"https:\\\/\\\/buletin.de\\\/bucuresti\\\/wp-content\\\/uploads\\\/9-2-96x96.jpg\",\"contentUrl\":\"https:\\\/\\\/buletin.de\\\/bucuresti\\\/wp-content\\\/uploads\\\/9-2-96x96.jpg\",\"caption\":\"Diana Matei\"},\"url\":\"https:\\\/\\\/buletin.de\\\/bucuresti\\\/author\\\/dianamatei\\\/\"}]}<\/script>\n<!-- \/ Yoast SEO Premium plugin. -->","yoast_head_json":{"title":"ELCEN: CET-urile nu sunt vinovate pentru lipsa apei calde. Compania r\u0103spunde afirma\u021biilor facute de Nicu\u0219or Dan - Buletin de Bucure\u0219ti","robots":{"index":"index","follow":"follow","max-snippet":"max-snippet:-1","max-image-preview":"max-image-preview:large","max-video-preview":"max-video-preview:-1"},"canonical":"https:\/\/buletin.de\/bucuresti\/cet-urile-nu-sunt-vinovate-pentru-lipsa-apei-calde-elcen-raspunde-afirmatiilor-facute-de-nicusor-dan\/","og_locale":"en_GB","og_type":"article","og_title":"ELCEN: CET-urile nu sunt vinovate pentru lipsa apei calde. Compania r\u0103spunde afirma\u021biilor facute de Nicu\u0219or Dan","og_description":"Electrocentrale Bucure\u0219ti face o serie de preciz\u0103ri dup\u0103 declara\u0163iile primarului general, Nicu\u0219or Dan. Edilul Capitalei a afirmat c\u0103 exist\u0103 mai multi vinova\u0163i pentru lipsa apei calde din Bucure\u0219ti. \u201eProblema apei calde peste var\u0103 are mai multe surse. Pe de-o parte, pe var\u0103, CET-urile care nu ne apar\u021bin \u0219i apar\u021bin Ministerului Energiei trebuie s\u0103 \u00ee\u0219i fac\u0103 [&hellip;]","og_url":"https:\/\/buletin.de\/bucuresti\/cet-urile-nu-sunt-vinovate-pentru-lipsa-apei-calde-elcen-raspunde-afirmatiilor-facute-de-nicusor-dan\/","og_site_name":"Buletin de Bucure\u0219ti","article_publisher":"https:\/\/www.facebook.com\/buletin.de.buc","article_published_time":"2023-06-27T11:13:33+00:00","article_modified_time":"2023-06-27T12:16:42+00:00","og_image":[{"width":1600,"height":777,"url":"https:\/\/buletin.de\/bucuresti\/wp-content\/uploads\/ELCEN-2.jpeg","type":"image\/jpeg"}],"author":"Diana Matei","twitter_card":"summary_large_image","twitter_misc":{"Written by":"Diana Matei","Estimated reading time":"2 minutes"},"schema":{"@context":"https:\/\/schema.org","@graph":[{"@type":"Article","@id":"https:\/\/buletin.de\/bucuresti\/cet-urile-nu-sunt-vinovate-pentru-lipsa-apei-calde-elcen-raspunde-afirmatiilor-facute-de-nicusor-dan\/#article","isPartOf":{"@id":"https:\/\/buletin.de\/bucuresti\/cet-urile-nu-sunt-vinovate-pentru-lipsa-apei-calde-elcen-raspunde-afirmatiilor-facute-de-nicusor-dan\/"},"author":{"name":"Diana Matei","@id":"https:\/\/buletin.de\/bucuresti\/#\/schema\/person\/7e46040573290777280a0835d81ea4ea"},"headline":"ELCEN: CET-urile nu sunt vinovate pentru lipsa apei calde. Compania r\u0103spunde afirma\u021biilor facute de Nicu\u0219or Dan","datePublished":"2023-06-27T11:13:33+00:00","dateModified":"2023-06-27T12:16:42+00:00","mainEntityOfPage":{"@id":"https:\/\/buletin.de\/bucuresti\/cet-urile-nu-sunt-vinovate-pentru-lipsa-apei-calde-elcen-raspunde-afirmatiilor-facute-de-nicusor-dan\/"},"wordCount":396,"publisher":{"@id":"https:\/\/buletin.de\/bucuresti\/#organization"},"image":{"@id":"https:\/\/buletin.de\/bucuresti\/cet-urile-nu-sunt-vinovate-pentru-lipsa-apei-calde-elcen-raspunde-afirmatiilor-facute-de-nicusor-dan\/#primaryimage"},"thumbnailUrl":"https:\/\/buletin.de\/bucuresti\/wp-content\/uploads\/ELCEN-2.jpeg","keywords":["apa calda","elcen"],"articleSection":["\u0218tiri"],"inLanguage":"en-GB","copyrightYear":"2023","copyrightHolder":{"@id":"https:\/\/buletin.de\/bucuresti\/#organization"}},{"@type":"WebPage","@id":"https:\/\/buletin.de\/bucuresti\/cet-urile-nu-sunt-vinovate-pentru-lipsa-apei-calde-elcen-raspunde-afirmatiilor-facute-de-nicusor-dan\/","url":"https:\/\/buletin.de\/bucuresti\/cet-urile-nu-sunt-vinovate-pentru-lipsa-apei-calde-elcen-raspunde-afirmatiilor-facute-de-nicusor-dan\/","name":"ELCEN: CET-urile nu sunt vinovate pentru lipsa apei calde. Compania r\u0103spunde afirma\u021biilor facute de Nicu\u0219or Dan - Buletin de Bucure\u0219ti","isPartOf":{"@id":"https:\/\/buletin.de\/bucuresti\/#website"},"primaryImageOfPage":{"@id":"https:\/\/buletin.de\/bucuresti\/cet-urile-nu-sunt-vinovate-pentru-lipsa-apei-calde-elcen-raspunde-afirmatiilor-facute-de-nicusor-dan\/#primaryimage"},"image":{"@id":"https:\/\/buletin.de\/bucuresti\/cet-urile-nu-sunt-vinovate-pentru-lipsa-apei-calde-elcen-raspunde-afirmatiilor-facute-de-nicusor-dan\/#primaryimage"},"thumbnailUrl":"https:\/\/buletin.de\/bucuresti\/wp-content\/uploads\/ELCEN-2.jpeg","datePublished":"2023-06-27T11:13:33+00:00","dateModified":"2023-06-27T12:16:42+00:00","breadcrumb":{"@id":"https:\/\/buletin.de\/bucuresti\/cet-urile-nu-sunt-vinovate-pentru-lipsa-apei-calde-elcen-raspunde-afirmatiilor-facute-de-nicusor-dan\/#breadcrumb"},"inLanguage":"en-GB","potentialAction":[{"@type":"ReadAction","target":["https:\/\/buletin.de\/bucuresti\/cet-urile-nu-sunt-vinovate-pentru-lipsa-apei-calde-elcen-raspunde-afirmatiilor-facute-de-nicusor-dan\/"]}]},{"@type":"ImageObject","inLanguage":"en-GB","@id":"https:\/\/buletin.de\/bucuresti\/cet-urile-nu-sunt-vinovate-pentru-lipsa-apei-calde-elcen-raspunde-afirmatiilor-facute-de-nicusor-dan\/#primaryimage","url":"https:\/\/buletin.de\/bucuresti\/wp-content\/uploads\/ELCEN-2.jpeg","contentUrl":"https:\/\/buletin.de\/bucuresti\/wp-content\/uploads\/ELCEN-2.jpeg","width":1600,"height":777},{"@type":"BreadcrumbList","@id":"https:\/\/buletin.de\/bucuresti\/cet-urile-nu-sunt-vinovate-pentru-lipsa-apei-calde-elcen-raspunde-afirmatiilor-facute-de-nicusor-dan\/#breadcrumb","itemListElement":[{"@type":"ListItem","position":1,"name":"Acas\u0103","item":"https:\/\/buletin.de\/bucuresti\/"},{"@type":"ListItem","position":2,"name":"ELCEN: CET-urile nu sunt vinovate pentru lipsa apei calde. Compania r\u0103spunde afirma\u021biilor facute de Nicu\u0219or Dan"}]},{"@type":"WebSite","@id":"https:\/\/buletin.de\/bucuresti\/#website","url":"https:\/\/buletin.de\/bucuresti\/","name":"Buletin de Bucure\u0219ti","description":"\u0218tiri \u0219i investiga\u021bii esen\u021biale din capital\u0103","publisher":{"@id":"https:\/\/buletin.de\/bucuresti\/#organization"},"potentialAction":[{"@type":"SearchAction","target":{"@type":"EntryPoint","urlTemplate":"https:\/\/buletin.de\/bucuresti\/?s={search_term_string}"},"query-input":{"@type":"PropertyValueSpecification","valueRequired":true,"valueName":"search_term_string"}}],"inLanguage":"en-GB"},{"@type":"Organization","@id":"https:\/\/buletin.de\/bucuresti\/#organization","name":"Buletin de Bucure\u0219ti","url":"https:\/\/buletin.de\/bucuresti\/","logo":{"@type":"ImageObject","inLanguage":"en-GB","@id":"https:\/\/buletin.de\/bucuresti\/#\/schema\/logo\/image\/","url":"https:\/\/buletin.de\/bucuresti\/wp-content\/uploads\/logo-bdb-full-wide-vernil-transparent.png","contentUrl":"https:\/\/buletin.de\/bucuresti\/wp-content\/uploads\/logo-bdb-full-wide-vernil-transparent.png","width":1782,"height":626,"caption":"Buletin de Bucure\u0219ti"},"image":{"@id":"https:\/\/buletin.de\/bucuresti\/#\/schema\/logo\/image\/"},"sameAs":["https:\/\/www.facebook.com\/buletin.de.buc","https:\/\/www.instagram.com\/buletinde.bucuresti\/"]},{"@type":"Person","@id":"https:\/\/buletin.de\/bucuresti\/#\/schema\/person\/7e46040573290777280a0835d81ea4ea","name":"Diana Matei","image":{"@type":"ImageObject","inLanguage":"en-GB","@id":"https:\/\/buletin.de\/bucuresti\/wp-content\/uploads\/9-2-96x96.jpg1e8590b30871d70e62ebcdaf2eff570c","url":"https:\/\/buletin.de\/bucuresti\/wp-content\/uploads\/9-2-96x96.jpg","contentUrl":"https:\/\/buletin.de\/bucuresti\/wp-content\/uploads\/9-2-96x96.jpg","caption":"Diana Matei"},"url":"https:\/\/buletin.de\/bucuresti\/author\/dianamatei\/"}]}},"authors":[{"term_id":22574,"user_id":49,"is_guest":0,"slug":"dianamatei","display_name":"Diana Matei","avatar_url":"https:\/\/buletin.de\/bucuresti\/wp-content\/uploads\/9-2-96x96.jpg","0":null,"1":"","2":"","3":"","4":"","5":"","6":"","7":"","8":""}],"_links":{"self":[{"href":"https:\/\/buletin.de\/bucuresti\/wp-json\/wp\/v2\/posts\/59997","targetHints":{"allow":["GET"]}}],"collection":[{"href":"https:\/\/buletin.de\/bucuresti\/wp-json\/wp\/v2\/posts"}],"about":[{"href":"https:\/\/buletin.de\/bucuresti\/wp-json\/wp\/v2\/types\/post"}],"author":[{"embeddable":true,"href":"https:\/\/buletin.de\/bucuresti\/wp-json\/wp\/v2\/users\/49"}],"replies":[{"embeddable":true,"href":"https:\/\/buletin.de\/bucuresti\/wp-json\/wp\/v2\/comments?post=59997"}],"version-history":[{"count":5,"href":"https:\/\/buletin.de\/bucuresti\/wp-json\/wp\/v2\/posts\/59997\/revisions"}],"predecessor-version":[{"id":60007,"href":"https:\/\/buletin.de\/bucuresti\/wp-json\/wp\/v2\/posts\/59997\/revisions\/60007"}],"wp:featuredmedia":[{"embeddable":true,"href":"https:\/\/buletin.de\/bucuresti\/wp-json\/wp\/v2\/media\/45912"}],"wp:attachment":[{"href":"https:\/\/buletin.de\/bucuresti\/wp-json\/wp\/v2\/media?parent=59997"}],"wp:term":[{"taxonomy":"category","embeddable":true,"href":"https:\/\/buletin.de\/bucuresti\/wp-json\/wp\/v2\/categories?post=59997"},{"taxonomy":"post_tag","embeddable":true,"href":"https:\/\/buletin.de\/bucuresti\/wp-json\/wp\/v2\/tags?post=59997"},{"taxonomy":"author","embeddable":true,"href":"https:\/\/buletin.de\/bucuresti\/wp-json\/wp\/v2\/ppma_author?post=59997"}],"curies":[{"name":"wp","href":"https:\/\/api.w.org\/{rel}","templated":true}]}}