{"id":59740,"date":"2023-06-23T11:10:51","date_gmt":"2023-06-23T09:10:51","guid":{"rendered":"https:\/\/buletin.de\/bucuresti\/?p=59740"},"modified":"2023-06-23T11:23:57","modified_gmt":"2023-06-23T09:23:57","slug":"vremea-devine-caniculara-in-capitala-se-deschid-puncte-de-prim-ajutor-pentru-populatie","status":"publish","type":"post","link":"https:\/\/buletin.de\/bucuresti\/vremea-devine-caniculara-in-capitala-se-deschid-puncte-de-prim-ajutor-pentru-populatie\/","title":{"rendered":"Vremea devine canicular\u0103 \u00een Capital\u0103: se deschid puncte de prim ajutor pentru popula\u021bie"},"content":{"rendered":"\n<p><strong>Vremea va continua s\u0103 se \u00eenc\u0103lzeasc\u0103 la Bucure\u0219ti, iar umezeala\u00a0va atinge punctual critic, mai ales dupa-amiaz\u0103. Sambat\u0103 \u0219i duminic\u0103 sunt posibile ploi toren\u021biale \u00eens\u0103 temperatura nu scade sub 30 de grade iar sapt\u0103m\u00e2na viitoare revine canicula, spun meteorologii.<\/strong><\/p>\n\n\n\n<p>\u00cen aceste condi\u021bii, autorit\u0103\u021bile locale din Bucure\u0219ti \u00eencep s\u0103 ia m\u0103suri \u00eempotriva caniculei prin amplasarea de puncte de prim ajutor.<\/p>\n\n\n\n<p>Direc\u021bia General\u0103 de Asisten\u021b\u0103 Social\u0103 \u0219i Protec\u021bia Copilului pune la dispozi\u021bia bucure\u0219tenilor, \u00een Sectorul 6, patru puncte de prim ajutor. De asemenea, sunt amplasate \u00een patru loca\u021bii, deschise zilnic:<\/p>\n\n\n\n<ul class=\"wp-block-list\">\n<li>Sediul central al DGASPC Sector 6 \u2013 Str. Cerni\u0219oara nr. 38-40;<\/li>\n\n\n\n<li>Sediul Direc\u021biei Protec\u021bia Copilului Sector 6 \u2013 Aleea Istru nr. 4;<\/li>\n\n\n\n<li>Centrul pentru Persoane V\u00e2rstnice Floarea Ro\u0219ie \u2013 Str. Floarea Ro\u0219ie nr. 7A;<\/li>\n\n\n\n<li>Centrul Multifunc\u021bional de S\u0103n\u0103tate \u201eSf. Nectarie\u201d \u2013 Bd. Uverturii nr. 81.<\/li>\n<\/ul>\n\n\n\n<p>Aceste patru puncte de prim ajutor vor func\u021biona &nbsp;pe tot parcursul verii, \u00een zilele caniculare, \u00een intervalul orar 11:00 \u2013 18:00.<\/p>\n\n\n\n<p>\u0218i Administra\u021bia Comercial\u0103 Sector 6 pune la dispozi\u021bia trec\u0103torilor ap\u0103 potabil\u0103 \u00een urm\u0103toarele 3 loca\u021bii:<\/p>\n\n\n\n<ul class=\"wp-block-list\">\n<li>Pia\u021ba Valea Ialomi\u021bei \u2013 Aleea B\u0103iu\u021b nr. 20B;<\/li>\n\n\n\n<li>Pia\u021ba Apusului \u2013 Str. Apusului nr. 54;<\/li>\n\n\n\n<li>Debarcaderul din Parcul Drumul Taberei.<\/li>\n<\/ul>\n\n\n\n<p>Aceste puncte vor func\u021biona \u00eencep\u00e2nd de m\u00e2ine, 23 iunie, pe tot parcursul verii, \u00eentre orele 7:00 \u2013 21:00 (L-S) \u0219i 7:00 \u2013 15:00 (D) \u00een pie\u021be, respectiv 11:00 \u2013 21:00 la Debarcader. Sunt dotate cu dozatoare \u0219i cu pahare de unic\u0103 folosin\u021b\u0103.<\/p>\n\n\n\n<p>Tot \u00een perioada canicular\u0103, de luni p\u00e2n\u0103 duminic\u0103, \u00eentre orele 08.00 \u0219i 20.00, cet\u0103\u021benii Sectorului 6 au la dispozi\u021bie num\u0103rul unic 021.9970, gestionat de c\u0103tre Direc\u0163ia General\u0103 de Asisten\u0163\u0103 Social\u0103 \u015fi Protec\u0163ia Copilului Sector 6.<\/p>\n\n\n\n<p>Speciali\u0219tii au \u0219i c\u00e2teva sfaturi pentru ca cet\u0103\u0163enii s\u0103 se fereasc\u0103 de efectele caniculei:<\/p>\n\n\n\n<ul class=\"wp-block-list\">\n<li>Evita\u021bi expunerea prelungit\u0103 la soare \u00eentre orele 11:00 \u2013 18:00;<\/li>\n\n\n\n<li>Petrece\u0163i 2-3 ore zilnic \u00een spa\u0163ii publice cu r\u0103coare (supermarketuri, mall-uri);<\/li>\n\n\n\n<li>Purta\u0163i p\u0103l\u0103rii de soare, haine lejere \u015fi ample, din fibre naturale, de culori deschise;<\/li>\n\n\n\n<li>Pe parcursul zilei face\u0163i du\u015furi c\u0103ldu\u0163e, f\u0103r\u0103 a v\u0103 \u015fterge de ap\u0103;<\/li>\n\n\n\n<li>Be\u0163i zilnic minimum doi litri de lichide, f\u0103r\u0103 a a\u015ftepta s\u0103 apar\u0103 senza\u0163ia de sete;<\/li>\n\n\n\n<li>Nu be\u021bi alcool, pentru ca deshidrateaz\u0103 \u015fi scade capacitatea de lupt\u0103 a organismului \u00eempotriva c\u0103ldurii;<\/li>\n\n\n\n<li>Evita\u0163i b\u0103uturile cu con\u0163inut ridicat de cofein\u0103 (cafea, ceai negru, cola) sau de zah\u0103r (sucuri carbogazoase) deoarece sunt diuretice;<\/li>\n\n\n\n<li>Consuma\u0163i fructe \u015fi legume proaspete (pepene galben, ro\u015fu, piersici, castrave\u0163i, ro\u015fii);<\/li>\n\n\n\n<li>Evita\u0163i activit\u0103\u0163ile care necesit\u0103 un consum mare de energie;<\/li>\n<\/ul>\n","protected":false},"excerpt":{"rendered":"<p>Vremea va continua s\u0103 se \u00eenc\u0103lzeasc\u0103 la Bucure\u0219ti, iar umezeala\u00a0va atinge punctual critic, mai ales dupa-amiaz\u0103. Sambat\u0103 \u0219i duminic\u0103 sunt posibile ploi toren\u021biale \u00eens\u0103 temperatura nu scade sub 30 de grade iar sapt\u0103m\u00e2na viitoare revine canicula, spun meteorologii. \u00cen aceste condi\u021bii, autorit\u0103\u021bile locale din Bucure\u0219ti \u00eencep s\u0103 ia m\u0103suri \u00eempotriva caniculei prin amplasarea de puncte [&hellip;]<\/p>\n","protected":false},"author":49,"featured_media":59746,"comment_status":"closed","ping_status":"open","sticky":false,"template":"","format":"standard","meta":{"_acf_changed":false,"inline_featured_image":false,"ngg_post_thumbnail":0,"footnotes":""},"categories":[3419,62],"tags":[5928,2998],"ppma_author":[22574],"class_list":["post-59740","post","type-post","status-publish","format-standard","has-post-thumbnail","hentry","category-featured","category-stiri","tag-anm-prognoza-meteo","tag-canicula"],"acf":[],"yoast_head":"<!-- This site is optimized with the Yoast SEO Premium plugin v25.3 (Yoast SEO v27.5) - https:\/\/yoast.com\/product\/yoast-seo-premium-wordpress\/ -->\n<title>Vremea devine canicular\u0103 \u00een Capital\u0103: se deschid puncte de prim ajutor pentru popula\u021bie - Buletin de Bucure\u0219ti<\/title>\n<meta name=\"robots\" content=\"index, follow, max-snippet:-1, max-image-preview:large, max-video-preview:-1\" \/>\n<link rel=\"canonical\" href=\"https:\/\/buletin.de\/bucuresti\/vremea-devine-caniculara-in-capitala-se-deschid-puncte-de-prim-ajutor-pentru-populatie\/\" \/>\n<meta property=\"og:locale\" content=\"en_GB\" \/>\n<meta property=\"og:type\" content=\"article\" \/>\n<meta property=\"og:title\" content=\"Vremea devine canicular\u0103 \u00een Capital\u0103: se deschid puncte de prim ajutor pentru popula\u021bie\" \/>\n<meta property=\"og:description\" content=\"Vremea va continua s\u0103 se \u00eenc\u0103lzeasc\u0103 la Bucure\u0219ti, iar umezeala\u00a0va atinge punctual critic, mai ales dupa-amiaz\u0103. Sambat\u0103 \u0219i duminic\u0103 sunt posibile ploi toren\u021biale \u00eens\u0103 temperatura nu scade sub 30 de grade iar sapt\u0103m\u00e2na viitoare revine canicula, spun meteorologii. \u00cen aceste condi\u021bii, autorit\u0103\u021bile locale din Bucure\u0219ti \u00eencep s\u0103 ia m\u0103suri \u00eempotriva caniculei prin amplasarea de puncte [&hellip;]\" \/>\n<meta property=\"og:url\" content=\"https:\/\/buletin.de\/bucuresti\/vremea-devine-caniculara-in-capitala-se-deschid-puncte-de-prim-ajutor-pentru-populatie\/\" \/>\n<meta property=\"og:site_name\" content=\"Buletin de Bucure\u0219ti\" \/>\n<meta property=\"article:publisher\" content=\"https:\/\/www.facebook.com\/buletin.de.buc\" \/>\n<meta property=\"article:published_time\" content=\"2023-06-23T09:10:51+00:00\" \/>\n<meta property=\"article:modified_time\" content=\"2023-06-23T09:23:57+00:00\" \/>\n<meta property=\"og:image\" content=\"https:\/\/buletin.de\/bucuresti\/wp-content\/uploads\/355644777_656927623140268_4059876453002241262_n.jpeg\" \/>\n\t<meta property=\"og:image:width\" content=\"1600\" \/>\n\t<meta property=\"og:image:height\" content=\"1068\" \/>\n\t<meta property=\"og:image:type\" content=\"image\/jpeg\" \/>\n<meta name=\"author\" content=\"Diana Matei\" \/>\n<meta name=\"twitter:card\" content=\"summary_large_image\" \/>\n<meta name=\"twitter:label1\" content=\"Written by\" \/>\n\t<meta name=\"twitter:data1\" content=\"Diana Matei\" \/>\n\t<meta name=\"twitter:label2\" content=\"Estimated reading time\" \/>\n\t<meta name=\"twitter:data2\" content=\"2 minutes\" \/>\n<script type=\"application\/ld+json\" class=\"yoast-schema-graph\">{\"@context\":\"https:\\\/\\\/schema.org\",\"@graph\":[{\"@type\":\"Article\",\"@id\":\"https:\\\/\\\/buletin.de\\\/bucuresti\\\/vremea-devine-caniculara-in-capitala-se-deschid-puncte-de-prim-ajutor-pentru-populatie\\\/#article\",\"isPartOf\":{\"@id\":\"https:\\\/\\\/buletin.de\\\/bucuresti\\\/vremea-devine-caniculara-in-capitala-se-deschid-puncte-de-prim-ajutor-pentru-populatie\\\/\"},\"author\":{\"name\":\"Diana Matei\",\"@id\":\"https:\\\/\\\/buletin.de\\\/bucuresti\\\/#\\\/schema\\\/person\\\/7e46040573290777280a0835d81ea4ea\"},\"headline\":\"Vremea devine canicular\u0103 \u00een Capital\u0103: se deschid puncte de prim ajutor pentru popula\u021bie\",\"datePublished\":\"2023-06-23T09:10:51+00:00\",\"dateModified\":\"2023-06-23T09:23:57+00:00\",\"mainEntityOfPage\":{\"@id\":\"https:\\\/\\\/buletin.de\\\/bucuresti\\\/vremea-devine-caniculara-in-capitala-se-deschid-puncte-de-prim-ajutor-pentru-populatie\\\/\"},\"wordCount\":450,\"publisher\":{\"@id\":\"https:\\\/\\\/buletin.de\\\/bucuresti\\\/#organization\"},\"image\":{\"@id\":\"https:\\\/\\\/buletin.de\\\/bucuresti\\\/vremea-devine-caniculara-in-capitala-se-deschid-puncte-de-prim-ajutor-pentru-populatie\\\/#primaryimage\"},\"thumbnailUrl\":\"https:\\\/\\\/buletin.de\\\/bucuresti\\\/wp-content\\\/uploads\\\/355644777_656927623140268_4059876453002241262_n.jpeg\",\"keywords\":[\"anm prognoza meteo\",\"canicula\"],\"articleSection\":[\"Featured\",\"\u0218tiri\"],\"inLanguage\":\"en-GB\",\"copyrightYear\":\"2023\",\"copyrightHolder\":{\"@id\":\"https:\\\/\\\/buletin.de\\\/bucuresti\\\/#organization\"}},{\"@type\":\"WebPage\",\"@id\":\"https:\\\/\\\/buletin.de\\\/bucuresti\\\/vremea-devine-caniculara-in-capitala-se-deschid-puncte-de-prim-ajutor-pentru-populatie\\\/\",\"url\":\"https:\\\/\\\/buletin.de\\\/bucuresti\\\/vremea-devine-caniculara-in-capitala-se-deschid-puncte-de-prim-ajutor-pentru-populatie\\\/\",\"name\":\"Vremea devine canicular\u0103 \u00een Capital\u0103: se deschid puncte de prim ajutor pentru popula\u021bie - Buletin de Bucure\u0219ti\",\"isPartOf\":{\"@id\":\"https:\\\/\\\/buletin.de\\\/bucuresti\\\/#website\"},\"primaryImageOfPage\":{\"@id\":\"https:\\\/\\\/buletin.de\\\/bucuresti\\\/vremea-devine-caniculara-in-capitala-se-deschid-puncte-de-prim-ajutor-pentru-populatie\\\/#primaryimage\"},\"image\":{\"@id\":\"https:\\\/\\\/buletin.de\\\/bucuresti\\\/vremea-devine-caniculara-in-capitala-se-deschid-puncte-de-prim-ajutor-pentru-populatie\\\/#primaryimage\"},\"thumbnailUrl\":\"https:\\\/\\\/buletin.de\\\/bucuresti\\\/wp-content\\\/uploads\\\/355644777_656927623140268_4059876453002241262_n.jpeg\",\"datePublished\":\"2023-06-23T09:10:51+00:00\",\"dateModified\":\"2023-06-23T09:23:57+00:00\",\"breadcrumb\":{\"@id\":\"https:\\\/\\\/buletin.de\\\/bucuresti\\\/vremea-devine-caniculara-in-capitala-se-deschid-puncte-de-prim-ajutor-pentru-populatie\\\/#breadcrumb\"},\"inLanguage\":\"en-GB\",\"potentialAction\":[{\"@type\":\"ReadAction\",\"target\":[\"https:\\\/\\\/buletin.de\\\/bucuresti\\\/vremea-devine-caniculara-in-capitala-se-deschid-puncte-de-prim-ajutor-pentru-populatie\\\/\"]}]},{\"@type\":\"ImageObject\",\"inLanguage\":\"en-GB\",\"@id\":\"https:\\\/\\\/buletin.de\\\/bucuresti\\\/vremea-devine-caniculara-in-capitala-se-deschid-puncte-de-prim-ajutor-pentru-populatie\\\/#primaryimage\",\"url\":\"https:\\\/\\\/buletin.de\\\/bucuresti\\\/wp-content\\\/uploads\\\/355644777_656927623140268_4059876453002241262_n.jpeg\",\"contentUrl\":\"https:\\\/\\\/buletin.de\\\/bucuresti\\\/wp-content\\\/uploads\\\/355644777_656927623140268_4059876453002241262_n.jpeg\",\"width\":1600,\"height\":1068},{\"@type\":\"BreadcrumbList\",\"@id\":\"https:\\\/\\\/buletin.de\\\/bucuresti\\\/vremea-devine-caniculara-in-capitala-se-deschid-puncte-de-prim-ajutor-pentru-populatie\\\/#breadcrumb\",\"itemListElement\":[{\"@type\":\"ListItem\",\"position\":1,\"name\":\"Acas\u0103\",\"item\":\"https:\\\/\\\/buletin.de\\\/bucuresti\\\/\"},{\"@type\":\"ListItem\",\"position\":2,\"name\":\"Vremea devine canicular\u0103 \u00een Capital\u0103: se deschid puncte de prim ajutor pentru popula\u021bie\"}]},{\"@type\":\"WebSite\",\"@id\":\"https:\\\/\\\/buletin.de\\\/bucuresti\\\/#website\",\"url\":\"https:\\\/\\\/buletin.de\\\/bucuresti\\\/\",\"name\":\"Buletin de Bucure\u0219ti\",\"description\":\"\u0218tiri \u0219i investiga\u021bii esen\u021biale din capital\u0103\",\"publisher\":{\"@id\":\"https:\\\/\\\/buletin.de\\\/bucuresti\\\/#organization\"},\"potentialAction\":[{\"@type\":\"SearchAction\",\"target\":{\"@type\":\"EntryPoint\",\"urlTemplate\":\"https:\\\/\\\/buletin.de\\\/bucuresti\\\/?s={search_term_string}\"},\"query-input\":{\"@type\":\"PropertyValueSpecification\",\"valueRequired\":true,\"valueName\":\"search_term_string\"}}],\"inLanguage\":\"en-GB\"},{\"@type\":\"Organization\",\"@id\":\"https:\\\/\\\/buletin.de\\\/bucuresti\\\/#organization\",\"name\":\"Buletin de Bucure\u0219ti\",\"url\":\"https:\\\/\\\/buletin.de\\\/bucuresti\\\/\",\"logo\":{\"@type\":\"ImageObject\",\"inLanguage\":\"en-GB\",\"@id\":\"https:\\\/\\\/buletin.de\\\/bucuresti\\\/#\\\/schema\\\/logo\\\/image\\\/\",\"url\":\"https:\\\/\\\/buletin.de\\\/bucuresti\\\/wp-content\\\/uploads\\\/logo-bdb-full-wide-vernil-transparent.png\",\"contentUrl\":\"https:\\\/\\\/buletin.de\\\/bucuresti\\\/wp-content\\\/uploads\\\/logo-bdb-full-wide-vernil-transparent.png\",\"width\":1782,\"height\":626,\"caption\":\"Buletin de Bucure\u0219ti\"},\"image\":{\"@id\":\"https:\\\/\\\/buletin.de\\\/bucuresti\\\/#\\\/schema\\\/logo\\\/image\\\/\"},\"sameAs\":[\"https:\\\/\\\/www.facebook.com\\\/buletin.de.buc\",\"https:\\\/\\\/www.instagram.com\\\/buletinde.bucuresti\\\/\"]},{\"@type\":\"Person\",\"@id\":\"https:\\\/\\\/buletin.de\\\/bucuresti\\\/#\\\/schema\\\/person\\\/7e46040573290777280a0835d81ea4ea\",\"name\":\"Diana Matei\",\"image\":{\"@type\":\"ImageObject\",\"inLanguage\":\"en-GB\",\"@id\":\"https:\\\/\\\/buletin.de\\\/bucuresti\\\/wp-content\\\/uploads\\\/9-2-96x96.jpg1e8590b30871d70e62ebcdaf2eff570c\",\"url\":\"https:\\\/\\\/buletin.de\\\/bucuresti\\\/wp-content\\\/uploads\\\/9-2-96x96.jpg\",\"contentUrl\":\"https:\\\/\\\/buletin.de\\\/bucuresti\\\/wp-content\\\/uploads\\\/9-2-96x96.jpg\",\"caption\":\"Diana Matei\"},\"url\":\"https:\\\/\\\/buletin.de\\\/bucuresti\\\/author\\\/dianamatei\\\/\"}]}<\/script>\n<!-- \/ Yoast SEO Premium plugin. -->","yoast_head_json":{"title":"Vremea devine canicular\u0103 \u00een Capital\u0103: se deschid puncte de prim ajutor pentru popula\u021bie - Buletin de Bucure\u0219ti","robots":{"index":"index","follow":"follow","max-snippet":"max-snippet:-1","max-image-preview":"max-image-preview:large","max-video-preview":"max-video-preview:-1"},"canonical":"https:\/\/buletin.de\/bucuresti\/vremea-devine-caniculara-in-capitala-se-deschid-puncte-de-prim-ajutor-pentru-populatie\/","og_locale":"en_GB","og_type":"article","og_title":"Vremea devine canicular\u0103 \u00een Capital\u0103: se deschid puncte de prim ajutor pentru popula\u021bie","og_description":"Vremea va continua s\u0103 se \u00eenc\u0103lzeasc\u0103 la Bucure\u0219ti, iar umezeala\u00a0va atinge punctual critic, mai ales dupa-amiaz\u0103. Sambat\u0103 \u0219i duminic\u0103 sunt posibile ploi toren\u021biale \u00eens\u0103 temperatura nu scade sub 30 de grade iar sapt\u0103m\u00e2na viitoare revine canicula, spun meteorologii. \u00cen aceste condi\u021bii, autorit\u0103\u021bile locale din Bucure\u0219ti \u00eencep s\u0103 ia m\u0103suri \u00eempotriva caniculei prin amplasarea de puncte [&hellip;]","og_url":"https:\/\/buletin.de\/bucuresti\/vremea-devine-caniculara-in-capitala-se-deschid-puncte-de-prim-ajutor-pentru-populatie\/","og_site_name":"Buletin de Bucure\u0219ti","article_publisher":"https:\/\/www.facebook.com\/buletin.de.buc","article_published_time":"2023-06-23T09:10:51+00:00","article_modified_time":"2023-06-23T09:23:57+00:00","og_image":[{"width":1600,"height":1068,"url":"https:\/\/buletin.de\/bucuresti\/wp-content\/uploads\/355644777_656927623140268_4059876453002241262_n.jpeg","type":"image\/jpeg"}],"author":"Diana Matei","twitter_card":"summary_large_image","twitter_misc":{"Written by":"Diana Matei","Estimated reading time":"2 minutes"},"schema":{"@context":"https:\/\/schema.org","@graph":[{"@type":"Article","@id":"https:\/\/buletin.de\/bucuresti\/vremea-devine-caniculara-in-capitala-se-deschid-puncte-de-prim-ajutor-pentru-populatie\/#article","isPartOf":{"@id":"https:\/\/buletin.de\/bucuresti\/vremea-devine-caniculara-in-capitala-se-deschid-puncte-de-prim-ajutor-pentru-populatie\/"},"author":{"name":"Diana Matei","@id":"https:\/\/buletin.de\/bucuresti\/#\/schema\/person\/7e46040573290777280a0835d81ea4ea"},"headline":"Vremea devine canicular\u0103 \u00een Capital\u0103: se deschid puncte de prim ajutor pentru popula\u021bie","datePublished":"2023-06-23T09:10:51+00:00","dateModified":"2023-06-23T09:23:57+00:00","mainEntityOfPage":{"@id":"https:\/\/buletin.de\/bucuresti\/vremea-devine-caniculara-in-capitala-se-deschid-puncte-de-prim-ajutor-pentru-populatie\/"},"wordCount":450,"publisher":{"@id":"https:\/\/buletin.de\/bucuresti\/#organization"},"image":{"@id":"https:\/\/buletin.de\/bucuresti\/vremea-devine-caniculara-in-capitala-se-deschid-puncte-de-prim-ajutor-pentru-populatie\/#primaryimage"},"thumbnailUrl":"https:\/\/buletin.de\/bucuresti\/wp-content\/uploads\/355644777_656927623140268_4059876453002241262_n.jpeg","keywords":["anm prognoza meteo","canicula"],"articleSection":["Featured","\u0218tiri"],"inLanguage":"en-GB","copyrightYear":"2023","copyrightHolder":{"@id":"https:\/\/buletin.de\/bucuresti\/#organization"}},{"@type":"WebPage","@id":"https:\/\/buletin.de\/bucuresti\/vremea-devine-caniculara-in-capitala-se-deschid-puncte-de-prim-ajutor-pentru-populatie\/","url":"https:\/\/buletin.de\/bucuresti\/vremea-devine-caniculara-in-capitala-se-deschid-puncte-de-prim-ajutor-pentru-populatie\/","name":"Vremea devine canicular\u0103 \u00een Capital\u0103: se deschid puncte de prim ajutor pentru popula\u021bie - Buletin de Bucure\u0219ti","isPartOf":{"@id":"https:\/\/buletin.de\/bucuresti\/#website"},"primaryImageOfPage":{"@id":"https:\/\/buletin.de\/bucuresti\/vremea-devine-caniculara-in-capitala-se-deschid-puncte-de-prim-ajutor-pentru-populatie\/#primaryimage"},"image":{"@id":"https:\/\/buletin.de\/bucuresti\/vremea-devine-caniculara-in-capitala-se-deschid-puncte-de-prim-ajutor-pentru-populatie\/#primaryimage"},"thumbnailUrl":"https:\/\/buletin.de\/bucuresti\/wp-content\/uploads\/355644777_656927623140268_4059876453002241262_n.jpeg","datePublished":"2023-06-23T09:10:51+00:00","dateModified":"2023-06-23T09:23:57+00:00","breadcrumb":{"@id":"https:\/\/buletin.de\/bucuresti\/vremea-devine-caniculara-in-capitala-se-deschid-puncte-de-prim-ajutor-pentru-populatie\/#breadcrumb"},"inLanguage":"en-GB","potentialAction":[{"@type":"ReadAction","target":["https:\/\/buletin.de\/bucuresti\/vremea-devine-caniculara-in-capitala-se-deschid-puncte-de-prim-ajutor-pentru-populatie\/"]}]},{"@type":"ImageObject","inLanguage":"en-GB","@id":"https:\/\/buletin.de\/bucuresti\/vremea-devine-caniculara-in-capitala-se-deschid-puncte-de-prim-ajutor-pentru-populatie\/#primaryimage","url":"https:\/\/buletin.de\/bucuresti\/wp-content\/uploads\/355644777_656927623140268_4059876453002241262_n.jpeg","contentUrl":"https:\/\/buletin.de\/bucuresti\/wp-content\/uploads\/355644777_656927623140268_4059876453002241262_n.jpeg","width":1600,"height":1068},{"@type":"BreadcrumbList","@id":"https:\/\/buletin.de\/bucuresti\/vremea-devine-caniculara-in-capitala-se-deschid-puncte-de-prim-ajutor-pentru-populatie\/#breadcrumb","itemListElement":[{"@type":"ListItem","position":1,"name":"Acas\u0103","item":"https:\/\/buletin.de\/bucuresti\/"},{"@type":"ListItem","position":2,"name":"Vremea devine canicular\u0103 \u00een Capital\u0103: se deschid puncte de prim ajutor pentru popula\u021bie"}]},{"@type":"WebSite","@id":"https:\/\/buletin.de\/bucuresti\/#website","url":"https:\/\/buletin.de\/bucuresti\/","name":"Buletin de Bucure\u0219ti","description":"\u0218tiri \u0219i investiga\u021bii esen\u021biale din capital\u0103","publisher":{"@id":"https:\/\/buletin.de\/bucuresti\/#organization"},"potentialAction":[{"@type":"SearchAction","target":{"@type":"EntryPoint","urlTemplate":"https:\/\/buletin.de\/bucuresti\/?s={search_term_string}"},"query-input":{"@type":"PropertyValueSpecification","valueRequired":true,"valueName":"search_term_string"}}],"inLanguage":"en-GB"},{"@type":"Organization","@id":"https:\/\/buletin.de\/bucuresti\/#organization","name":"Buletin de Bucure\u0219ti","url":"https:\/\/buletin.de\/bucuresti\/","logo":{"@type":"ImageObject","inLanguage":"en-GB","@id":"https:\/\/buletin.de\/bucuresti\/#\/schema\/logo\/image\/","url":"https:\/\/buletin.de\/bucuresti\/wp-content\/uploads\/logo-bdb-full-wide-vernil-transparent.png","contentUrl":"https:\/\/buletin.de\/bucuresti\/wp-content\/uploads\/logo-bdb-full-wide-vernil-transparent.png","width":1782,"height":626,"caption":"Buletin de Bucure\u0219ti"},"image":{"@id":"https:\/\/buletin.de\/bucuresti\/#\/schema\/logo\/image\/"},"sameAs":["https:\/\/www.facebook.com\/buletin.de.buc","https:\/\/www.instagram.com\/buletinde.bucuresti\/"]},{"@type":"Person","@id":"https:\/\/buletin.de\/bucuresti\/#\/schema\/person\/7e46040573290777280a0835d81ea4ea","name":"Diana Matei","image":{"@type":"ImageObject","inLanguage":"en-GB","@id":"https:\/\/buletin.de\/bucuresti\/wp-content\/uploads\/9-2-96x96.jpg1e8590b30871d70e62ebcdaf2eff570c","url":"https:\/\/buletin.de\/bucuresti\/wp-content\/uploads\/9-2-96x96.jpg","contentUrl":"https:\/\/buletin.de\/bucuresti\/wp-content\/uploads\/9-2-96x96.jpg","caption":"Diana Matei"},"url":"https:\/\/buletin.de\/bucuresti\/author\/dianamatei\/"}]}},"authors":[{"term_id":22574,"user_id":49,"is_guest":0,"slug":"dianamatei","display_name":"Diana Matei","avatar_url":"https:\/\/buletin.de\/bucuresti\/wp-content\/uploads\/9-2-96x96.jpg","0":null,"1":"","2":"","3":"","4":"","5":"","6":"","7":"","8":""}],"_links":{"self":[{"href":"https:\/\/buletin.de\/bucuresti\/wp-json\/wp\/v2\/posts\/59740","targetHints":{"allow":["GET"]}}],"collection":[{"href":"https:\/\/buletin.de\/bucuresti\/wp-json\/wp\/v2\/posts"}],"about":[{"href":"https:\/\/buletin.de\/bucuresti\/wp-json\/wp\/v2\/types\/post"}],"author":[{"embeddable":true,"href":"https:\/\/buletin.de\/bucuresti\/wp-json\/wp\/v2\/users\/49"}],"replies":[{"embeddable":true,"href":"https:\/\/buletin.de\/bucuresti\/wp-json\/wp\/v2\/comments?post=59740"}],"version-history":[{"count":6,"href":"https:\/\/buletin.de\/bucuresti\/wp-json\/wp\/v2\/posts\/59740\/revisions"}],"predecessor-version":[{"id":59763,"href":"https:\/\/buletin.de\/bucuresti\/wp-json\/wp\/v2\/posts\/59740\/revisions\/59763"}],"wp:featuredmedia":[{"embeddable":true,"href":"https:\/\/buletin.de\/bucuresti\/wp-json\/wp\/v2\/media\/59746"}],"wp:attachment":[{"href":"https:\/\/buletin.de\/bucuresti\/wp-json\/wp\/v2\/media?parent=59740"}],"wp:term":[{"taxonomy":"category","embeddable":true,"href":"https:\/\/buletin.de\/bucuresti\/wp-json\/wp\/v2\/categories?post=59740"},{"taxonomy":"post_tag","embeddable":true,"href":"https:\/\/buletin.de\/bucuresti\/wp-json\/wp\/v2\/tags?post=59740"},{"taxonomy":"author","embeddable":true,"href":"https:\/\/buletin.de\/bucuresti\/wp-json\/wp\/v2\/ppma_author?post=59740"}],"curies":[{"name":"wp","href":"https:\/\/api.w.org\/{rel}","templated":true}]}}