{"id":59675,"date":"2023-06-22T11:43:16","date_gmt":"2023-06-22T09:43:16","guid":{"rendered":"https:\/\/buletin.de\/bucuresti\/?p=59675"},"modified":"2023-06-22T12:44:50","modified_gmt":"2023-06-22T10:44:50","slug":"locotenentul-lui-arafat-pus-sub-acuzare-de-dna-in-dosarul-aeronavelor-smurd-bucuresti-surse-bdb-faceau-lucrari-de-mentenanta-de-mantuiala","status":"publish","type":"post","link":"https:\/\/buletin.de\/bucuresti\/locotenentul-lui-arafat-pus-sub-acuzare-de-dna-in-dosarul-aeronavelor-smurd-bucuresti-surse-bdb-faceau-lucrari-de-mentenanta-de-mantuiala\/","title":{"rendered":"\u201eLocotenentul&#8221; lui Arafat, pus sub acuzare de DNA \u00een dosarul aeronavelor SMURD Bucure\u0219ti. Surse BdB: \u201eF\u0103ceau lucr\u0103ri de mentenan\u021b\u0103 de m\u00e2ntuial\u0103&#8221;"},"content":{"rendered":"\n<p><strong>Dache Paul C\u0103t\u0103lin, cunoscut ca m\u00e2na dreapt\u0103 al \u0219efului DSU, Raed Arafat, a fost pus sub urm\u0103rire penal\u0103 de c\u0103tre procurorii Direc\u021biei Na\u021bionale Anticorup\u021bie (DNA) pentru s\u0103v\u00e2r\u0219irea infrac\u021biunii de abuz \u00een serviciu. Faptele s-au petrecut \u00eentre 2019 \u0219i 2023 \u0219i vizez\u0103 contractul pentru mentenan\u021ba aeronavelor Piper Pa-42 Cheyenne III A \u0219i Cessna C-560 Citation V.  \u0218eful IGAV, Dache C\u0103t\u0103lin, ar fi semnat documentele necesare pentru a fi f\u0103cute pl\u0103\u021bile pentru contract, de\u0219i serviciile nu au fost recep\u021bionate, executate sau au fost executate necorespunz\u0103tor.<\/strong><\/p>\n\n\n\n<p>Dache C\u0103t\u0103lin prin aprobarea acelor documene, care au f\u0103cut posibil\u0103 plata pentru ni\u0219te servicii inexistente sau necorespunz\u0103toare, ar fi fost produs Inspectoratului General de Avia\u021bie din cadrul M.A.I. un prejudiciu \u00een sum\u0103 total\u0103 de 23.199.049 lei, adic\u0103 aproximativ cinci milioane de euro. Procurorii DNA sus\u021bin \u0219i c\u0103 asocierea de firme cu care a fost \u00eencheiat contractul ar fi ob\u021binut un folos necuvenit, \u00een acela\u0219i cuantum. <\/p>\n\n\n\n<h2 class=\"wp-block-heading\">Omerta SMURD<\/h2>\n\n\n\n<p>De asemenea, pe l\u00e2ng\u0103 generalul de flotil\u0103 aerian\u0103 au fost puse sub urm\u0103rire penal\u0103 mai multe persoane care l-au ajutat s\u0103 produc\u0103 acest prejudiciu pentru M.A.I.<\/p>\n\n\n\n<p>Potrivit DNA, este vorba despre: <\/p>\n\n\n\n<ul class=\"wp-block-list\">\n<li>B\u0102DULESCU ANDREI, locotenent-comandor, \u0219ef al Serviciului&nbsp; Dezvoltare, Reglement\u0103ri Tehnice \u0219i Coordonare Mentenan\u021b\u0103 Aeronave din cadrul Inspectoratului General de Avia\u021bie al&nbsp; M.A.I.<\/li>\n\n\n\n<li>VASILE FLORIN, comandor(r), adjunct al inspectorului general \u0219i inginer-\u0219ef al Inspectoratului General de Avia\u021bie&nbsp;al M.A.I.<\/li>\n\n\n\n<li>POPA MIHAI, director tehnic al&nbsp; \u0218colii Superioare de Avia\u021bie Civil\u0103<\/li>\n\n\n\n<li>BARBU GEORGE COSTIN, director general al&nbsp; \u0218colii Superioare de Avia\u021bie Civil\u0103.<\/li>\n<\/ul>\n\n\n\n<p><em>\u201c<strong>F\u0103ceau lucr\u0103ri de mentenan\u021b\u0103 de m\u00e2ntuial\u0103.<\/strong> \u0218i nu e glum\u0103, c\u0103 atunci c\u00e2nd au ajuns la un moment la fabric\u0103 pentru alte probleme serioase, echipajul a fost \u00eentrebat dac\u0103 a venit cu trenul. Cu o aeronava de genul \u0103sta se f\u0103ceau misiuni de salvare, v\u0103 imagina\u021bi?<strong>&nbsp;Lucrurile acestea au fost semnalate de un pilot venit la SMURD, de pe MIG 21. La o videoconferin\u021b\u0103, Arafat a convocat comandan\u021bii, \u0219efii punctelor aeromedicale iar Cristian Negulescu a ridicat public chestiunea de fa\u021b\u0103 cu toat\u0103 lumea. Ulterior a intrat \u00een vizorul lui Arafat \u0219i a fost retrogradat.<\/strong> Problema e alta acum. Vin cele dou\u0103 avioane noi, \u201cBombardier Learjet 75\u201d, \u0219i nu au hangare. F\u0103r\u0103 hangare \u00ee\u0219i pierd garan\u021bia<\/em>\u201d, au explicat pentru Buletin de Bucure\u0219ti surse apropiate anchetei.<\/p>\n\n\n\n<figure class=\"wp-block-image size-large\"><img fetchpriority=\"high\" decoding=\"async\" width=\"900\" height=\"596\" src=\"data:image\/gif;base64,R0lGODlhAQABAAAAACH5BAEKAAEALAAAAAABAAEAAAICTAEAOw==\" data-src=\"https:\/\/buletin.de\/bucuresti\/wp-content\/uploads\/78484152_2851683801522162_2182163554705080320_n-900x596.jpeg\" alt=\"\" class=\"wp-image-59688 lazyload\" data-sizes=\"auto\" data-srcset=\"https:\/\/buletin.de\/bucuresti\/wp-content\/uploads\/78484152_2851683801522162_2182163554705080320_n-900x596.jpeg 900w, https:\/\/buletin.de\/bucuresti\/wp-content\/uploads\/78484152_2851683801522162_2182163554705080320_n-300x199.jpeg 300w, https:\/\/buletin.de\/bucuresti\/wp-content\/uploads\/78484152_2851683801522162_2182163554705080320_n-768x508.jpeg 768w, https:\/\/buletin.de\/bucuresti\/wp-content\/uploads\/78484152_2851683801522162_2182163554705080320_n-1536x1017.jpeg 1536w, https:\/\/buletin.de\/bucuresti\/wp-content\/uploads\/78484152_2851683801522162_2182163554705080320_n-1060x702.jpeg 1060w, https:\/\/buletin.de\/bucuresti\/wp-content\/uploads\/78484152_2851683801522162_2182163554705080320_n-550x364.jpeg 550w, https:\/\/buletin.de\/bucuresti\/wp-content\/uploads\/78484152_2851683801522162_2182163554705080320_n-755x500.jpeg 755w, https:\/\/buletin.de\/bucuresti\/wp-content\/uploads\/78484152_2851683801522162_2182163554705080320_n-600x397.jpeg 600w, https:\/\/buletin.de\/bucuresti\/wp-content\/uploads\/78484152_2851683801522162_2182163554705080320_n.jpeg 1600w\" sizes=\"(max-width: 900px) 100vw, 900px\" \/><\/figure>\n\n\n\n<p><a href=\"https:\/\/buletin.de\/bucuresti\/perchezitii-dna-vizeaza-reparatiile-aeronavelor-smurd-bucuresti-surse-s-a-ajuns-la-costuri-de-14-mii-de-euro-ora-de-zbor\/\">Buletin de Bucure\u0219ti a ar\u0103tat ieri c\u0103 avionul medical Piper Cheyenne PA-42, <\/a>a fost subiectul unei comunic\u0103ri publice a \u0219efului SMURD, Raed Arafat, \u00een ianuarie 2021, adic\u0103 aproape de mijlocul perioadei comunicat\u0103 de procurorii DNA.<\/p>\n\n\n\n<p>\u201c<em>Avionul Piper, achizi\u021bionat de Funda\u021bia pentru SMURD din 2% redirectionati de popula\u021bia, a reintrat \u00een serviciu la Inspectoratul General de Aviatie dupa ce&nbsp;<\/em><strong><em>a fost finalizata reparatia capitala a motoarelor!<\/em><\/strong><em>&nbsp;Cer senin \u0219i misiuni u\u0219oare!\u201d,<\/em>&nbsp;anun\u021ba atunci Raed Arafat.<\/p>\n\n\n\n<p>De altfel, \u00een 2016,<a href=\"https:\/\/www.libertatea.ro\/stiri\/achizitie-suspecta-1530786\">&nbsp;Libertatea dezv\u0103luia c\u0103 Aeronava ro\u0219ie SMURD destinat\u0103 interven\u021biilor medicale de urgen\u021b\u0103 a fost achizi\u021bionat\u0103 printr-o companie intermediar\u0103 din Austria. Societatea avea ca obiect de activitate repara\u021bii instala\u021bii sanitare, de gaz, termoficare, aer condi\u021bionat \u0219i ar fi fost infiin\u021bat\u0103 de familia Prigoan\u0103.<\/a><\/p>\n\n\n\n<p>\u201c<em>Valoarea Piper-ului Cheyenne la momentul achizi\u021biei era 200.000-300.000 de dolari. Funda\u021bia SMURD a pl\u0103tit 750.000 de euro doar pe celul\u0103(n.r.-carcas\u0103), f\u0103r\u0103 motoare \u0219i nenavigabil\u0103\u201d, <\/em>au precizat surse din domeniul aeronautic pentru Buletin de Bucure\u0219ti.<\/p>\n\n\n\n<h2 class=\"wp-block-heading\"><strong>Rela\u021bia dintre Raed Arafat \u0219i C\u0103t\u0103lin Dache<\/strong><\/h2>\n\n\n\n<p>Raed Arafat \u0219i C\u0103t\u0103lin Dache au o rela\u021bie str\u00e2ns\u0103, cel pu\u021bin a\u0219a arat\u0103 comunicarea public\u0103 a \u0219efului DSU. De exemplu, \u00een plin\u0103 Pandemie, Guvernul a organizat o campanie de informare cu privire la vaccinul \u00eempotriva COVID-19. \u00cen cadrul acestei campanii, guvernan\u021bii se povocau public s\u0103 explice prin intermediul unor videoclipuri beneficiile vaccinului. Raed Arafat nu a ezitat s\u0103-l provoace pe C\u0103t\u0103in Dache s\u0103 ias\u0103 public \u0219i s\u0103-i \u00eendemne pe rom\u00e2ni s\u0103 se vaccineze. <\/p>\n\n\n\n<figure class=\"wp-block-image size-full\"><a href=\"https:\/\/buletin.de\/bucuresti\/wp-content\/uploads\/Screen-Shot-2023-06-22-at-11.41.28-AM-1.png\"><img decoding=\"async\" width=\"600\" height=\"589\" src=\"data:image\/gif;base64,R0lGODlhAQABAAAAACH5BAEKAAEALAAAAAABAAEAAAICTAEAOw==\" data-src=\"https:\/\/buletin.de\/bucuresti\/wp-content\/uploads\/Screen-Shot-2023-06-22-at-11.41.28-AM-1.png\" alt=\"\" class=\"wp-image-59684 lazyload\" data-sizes=\"auto\" data-srcset=\"https:\/\/buletin.de\/bucuresti\/wp-content\/uploads\/Screen-Shot-2023-06-22-at-11.41.28-AM-1.png 600w, https:\/\/buletin.de\/bucuresti\/wp-content\/uploads\/Screen-Shot-2023-06-22-at-11.41.28-AM-1-300x295.png 300w, https:\/\/buletin.de\/bucuresti\/wp-content\/uploads\/Screen-Shot-2023-06-22-at-11.41.28-AM-1-550x540.png 550w, https:\/\/buletin.de\/bucuresti\/wp-content\/uploads\/Screen-Shot-2023-06-22-at-11.41.28-AM-1-509x500.png 509w, https:\/\/buletin.de\/bucuresti\/wp-content\/uploads\/Screen-Shot-2023-06-22-at-11.41.28-AM-1-45x45.png 45w\" sizes=\"(max-width: 600px) 100vw, 600px\" \/><\/a><\/figure>\n\n\n\n<p>Mai mult, pe 18 august 2022, cei doi au fost \u00eempreun\u0103 \u00een Polonia, pentru a asista la prima decolare a elicopterului Black Hawk proiectat \u00een scopul salv\u0103rii de vie\u0163i omene\u015fti \u00een situa\u0163ii complexe. <\/p>\n\n\n\n<figure class=\"wp-block-image size-full\"><img decoding=\"async\" width=\"860\" height=\"573\" src=\"data:image\/gif;base64,R0lGODlhAQABAAAAACH5BAEKAAEALAAAAAABAAEAAAICTAEAOw==\" data-src=\"https:\/\/buletin.de\/bucuresti\/wp-content\/uploads\/298987055-480248483926318-8265759218413785152-n.jpeg\" alt=\"\" class=\"wp-image-59685 lazyload\" data-sizes=\"auto\" data-srcset=\"https:\/\/buletin.de\/bucuresti\/wp-content\/uploads\/298987055-480248483926318-8265759218413785152-n.jpeg 860w, https:\/\/buletin.de\/bucuresti\/wp-content\/uploads\/298987055-480248483926318-8265759218413785152-n-300x200.jpeg 300w, https:\/\/buletin.de\/bucuresti\/wp-content\/uploads\/298987055-480248483926318-8265759218413785152-n-768x512.jpeg 768w, https:\/\/buletin.de\/bucuresti\/wp-content\/uploads\/298987055-480248483926318-8265759218413785152-n-550x366.jpeg 550w, https:\/\/buletin.de\/bucuresti\/wp-content\/uploads\/298987055-480248483926318-8265759218413785152-n-750x500.jpeg 750w, https:\/\/buletin.de\/bucuresti\/wp-content\/uploads\/298987055-480248483926318-8265759218413785152-n-600x400.jpeg 600w\" sizes=\"(max-width: 860px) 100vw, 860px\" \/><figcaption class=\"wp-element-caption\">Imagine de la vizita din Polonia. 18 august 2022. <\/figcaption><\/figure>\n\n\n\n<p>Buletin de Bucure\u0219ti a \u00eencercat s\u0103 ia legatura cu \u0219eful DSU, Raed Arafat, at\u00e2t telefonic c\u00e2t \u0219i prin SMS. P\u00e2n\u0103 la acest moment, nu a oferit nicio reac\u021bie.<\/p>\n\n\n\n<p><strong>CITE\u0218TE \u0218I: <\/strong><\/p>\n\n\n\n<figure class=\"wp-block-embed is-type-wp-embed is-provider-buletin-de-bucure\u0219ti wp-block-embed-buletin-de-bucure\u0219ti\"><div class=\"wp-block-embed__wrapper\">\n<blockquote class=\"wp-embedded-content\" data-secret=\"VVRDStSRtq\"><a href=\"https:\/\/buletin.de\/bucuresti\/perchezitii-dna-vizeaza-reparatiile-aeronavelor-smurd-bucuresti-surse-s-a-ajuns-la-costuri-de-14-mii-de-euro-ora-de-zbor\/\">Perchezi\u021biile DNA vizeaz\u0103 repara\u021biile aeronavelor SMURD Bucure\u0219ti. Surse Buletin de Bucure\u0219ti: \u201cS-a ajuns la costuri de 14 mii de euro ora de zbor\u201d<\/a><\/blockquote><iframe class=\"wp-embedded-content\" sandbox=\"allow-scripts\" security=\"restricted\" style=\"position: absolute; clip: rect(1px, 1px, 1px, 1px);\" title=\"&#8222;Perchezi\u021biile DNA vizeaz\u0103 repara\u021biile aeronavelor SMURD Bucure\u0219ti. Surse Buletin de Bucure\u0219ti: \u201cS-a ajuns la costuri de 14 mii de euro ora de zbor\u201d&#8221; &#8212; Buletin de Bucure\u0219ti\" src=\"https:\/\/buletin.de\/bucuresti\/perchezitii-dna-vizeaza-reparatiile-aeronavelor-smurd-bucuresti-surse-s-a-ajuns-la-costuri-de-14-mii-de-euro-ora-de-zbor\/embed\/#?secret=K0ZPpH6WNh#?secret=VVRDStSRtq\" data-secret=\"VVRDStSRtq\" width=\"600\" height=\"338\" frameborder=\"0\" marginwidth=\"0\" marginheight=\"0\" scrolling=\"no\"><\/iframe>\n<\/div><\/figure>\n\n\n\n<figure class=\"wp-block-embed is-type-wp-embed is-provider-buletin-de-bucure\u0219ti wp-block-embed-buletin-de-bucure\u0219ti\"><div class=\"wp-block-embed__wrapper\">\n<blockquote class=\"wp-embedded-content\" data-secret=\"hcGuA5AE0n\"><a href=\"https:\/\/buletin.de\/bucuresti\/dna-descinde-la-smurd-bucuresti-prejudiciu-din-mentenanta-aeronavelor-de-aproape-cinci-milioane-de-euro\/\">DNA descinde la SMURD Bucure\u0219ti: Prejudiciu din mentenan\u021ba aeronavelor de aproape cinci milioane de euro<\/a><\/blockquote><iframe class=\"wp-embedded-content\" sandbox=\"allow-scripts\" security=\"restricted\" style=\"position: absolute; clip: rect(1px, 1px, 1px, 1px);\" title=\"&#8222;DNA descinde la SMURD Bucure\u0219ti: Prejudiciu din mentenan\u021ba aeronavelor de aproape cinci milioane de euro&#8221; &#8212; Buletin de Bucure\u0219ti\" src=\"https:\/\/buletin.de\/bucuresti\/dna-descinde-la-smurd-bucuresti-prejudiciu-din-mentenanta-aeronavelor-de-aproape-cinci-milioane-de-euro\/embed\/#?secret=2BYVdhGEwb#?secret=hcGuA5AE0n\" data-secret=\"hcGuA5AE0n\" width=\"600\" height=\"338\" frameborder=\"0\" marginwidth=\"0\" marginheight=\"0\" scrolling=\"no\"><\/iframe>\n<\/div><\/figure>\n","protected":false},"excerpt":{"rendered":"<p>Dache Paul C\u0103t\u0103lin, cunoscut ca m\u00e2na dreapt\u0103 al \u0219efului DSU, Raed Arafat, a fost pus sub urm\u0103rire penal\u0103 de c\u0103tre procurorii Direc\u021biei Na\u021bionale Anticorup\u021bie (DNA) pentru s\u0103v\u00e2r\u0219irea infrac\u021biunii de abuz \u00een serviciu. Faptele s-au petrecut \u00eentre 2019 \u0219i 2023 \u0219i vizez\u0103 contractul pentru mentenan\u021ba aeronavelor Piper Pa-42 Cheyenne III A \u0219i Cessna C-560 Citation V. [&hellip;]<\/p>\n","protected":false},"author":17,"featured_media":59692,"comment_status":"closed","ping_status":"open","sticky":false,"template":"","format":"standard","meta":{"_acf_changed":false,"inline_featured_image":false,"ngg_post_thumbnail":0,"footnotes":""},"categories":[3419,62],"tags":[5982,2063,5981,875,1737,1570,738,5983],"ppma_author":[22576],"class_list":["post-59675","post","type-post","status-publish","format-standard","has-post-thumbnail","hentry","category-featured","category-stiri","tag-aviatie-2","tag-bucuresti-2","tag-dache-catalin-paul","tag-dna","tag-dsu","tag-prejudiciu","tag-raed-arafat","tag-sburd"],"acf":[],"yoast_head":"<!-- This site is optimized with the Yoast SEO Premium plugin v25.3 (Yoast SEO v27.5) - https:\/\/yoast.com\/product\/yoast-seo-premium-wordpress\/ -->\n<title>\u201eLocotenentul&quot; lui Arafat, pus sub acuzare de DNA \u00een dosarul aeronavelor SMURD Bucure\u0219ti. Surse BdB: \u201eF\u0103ceau lucr\u0103ri de mentenan\u021b\u0103 de m\u00e2ntuial\u0103&quot; - Buletin de Bucure\u0219ti<\/title>\n<meta name=\"robots\" content=\"index, follow, max-snippet:-1, max-image-preview:large, max-video-preview:-1\" \/>\n<link rel=\"canonical\" href=\"https:\/\/buletin.de\/bucuresti\/locotenentul-lui-arafat-pus-sub-acuzare-de-dna-in-dosarul-aeronavelor-smurd-bucuresti-surse-bdb-faceau-lucrari-de-mentenanta-de-mantuiala\/\" \/>\n<meta property=\"og:locale\" content=\"en_GB\" \/>\n<meta property=\"og:type\" content=\"article\" \/>\n<meta property=\"og:title\" content=\"\u201eLocotenentul&quot; lui Arafat, pus sub acuzare de DNA \u00een dosarul aeronavelor SMURD Bucure\u0219ti. Surse BdB: \u201eF\u0103ceau lucr\u0103ri de mentenan\u021b\u0103 de m\u00e2ntuial\u0103&quot;\" \/>\n<meta property=\"og:description\" content=\"Dache Paul C\u0103t\u0103lin, cunoscut ca m\u00e2na dreapt\u0103 al \u0219efului DSU, Raed Arafat, a fost pus sub urm\u0103rire penal\u0103 de c\u0103tre procurorii Direc\u021biei Na\u021bionale Anticorup\u021bie (DNA) pentru s\u0103v\u00e2r\u0219irea infrac\u021biunii de abuz \u00een serviciu. Faptele s-au petrecut \u00eentre 2019 \u0219i 2023 \u0219i vizez\u0103 contractul pentru mentenan\u021ba aeronavelor Piper Pa-42 Cheyenne III A \u0219i Cessna C-560 Citation V. [&hellip;]\" \/>\n<meta property=\"og:url\" content=\"https:\/\/buletin.de\/bucuresti\/locotenentul-lui-arafat-pus-sub-acuzare-de-dna-in-dosarul-aeronavelor-smurd-bucuresti-surse-bdb-faceau-lucrari-de-mentenanta-de-mantuiala\/\" \/>\n<meta property=\"og:site_name\" content=\"Buletin de Bucure\u0219ti\" \/>\n<meta property=\"article:publisher\" content=\"https:\/\/www.facebook.com\/buletin.de.buc\" \/>\n<meta property=\"article:published_time\" content=\"2023-06-22T09:43:16+00:00\" \/>\n<meta property=\"article:modified_time\" content=\"2023-06-22T10:44:50+00:00\" \/>\n<meta property=\"og:image\" content=\"https:\/\/buletin.de\/bucuresti\/wp-content\/uploads\/avion-smurd-01.jpg\" \/>\n\t<meta property=\"og:image:width\" content=\"1024\" \/>\n\t<meta property=\"og:image:height\" content=\"683\" \/>\n\t<meta property=\"og:image:type\" content=\"image\/jpeg\" \/>\n<meta name=\"author\" content=\"Florin R\u00e2\u0219teiu\" \/>\n<meta name=\"twitter:card\" content=\"summary_large_image\" \/>\n<meta name=\"twitter:label1\" content=\"Written by\" \/>\n\t<meta name=\"twitter:data1\" content=\"Florin R\u00e2\u0219teiu\" \/>\n\t<meta name=\"twitter:label2\" content=\"Estimated reading time\" \/>\n\t<meta name=\"twitter:data2\" content=\"4 minutes\" \/>\n<script type=\"application\/ld+json\" class=\"yoast-schema-graph\">{\"@context\":\"https:\\\/\\\/schema.org\",\"@graph\":[{\"@type\":\"Article\",\"@id\":\"https:\\\/\\\/buletin.de\\\/bucuresti\\\/locotenentul-lui-arafat-pus-sub-acuzare-de-dna-in-dosarul-aeronavelor-smurd-bucuresti-surse-bdb-faceau-lucrari-de-mentenanta-de-mantuiala\\\/#article\",\"isPartOf\":{\"@id\":\"https:\\\/\\\/buletin.de\\\/bucuresti\\\/locotenentul-lui-arafat-pus-sub-acuzare-de-dna-in-dosarul-aeronavelor-smurd-bucuresti-surse-bdb-faceau-lucrari-de-mentenanta-de-mantuiala\\\/\"},\"author\":{\"name\":\"Florin R\u00e2\u0219teiu\",\"@id\":\"https:\\\/\\\/buletin.de\\\/bucuresti\\\/#\\\/schema\\\/person\\\/b0686d7a8b666c6afc78239777fd8a89\"},\"headline\":\"\u201eLocotenentul&#8221; lui Arafat, pus sub acuzare de DNA \u00een dosarul aeronavelor SMURD Bucure\u0219ti. Surse BdB: \u201eF\u0103ceau lucr\u0103ri de mentenan\u021b\u0103 de m\u00e2ntuial\u0103&#8221;\",\"datePublished\":\"2023-06-22T09:43:16+00:00\",\"dateModified\":\"2023-06-22T10:44:50+00:00\",\"mainEntityOfPage\":{\"@id\":\"https:\\\/\\\/buletin.de\\\/bucuresti\\\/locotenentul-lui-arafat-pus-sub-acuzare-de-dna-in-dosarul-aeronavelor-smurd-bucuresti-surse-bdb-faceau-lucrari-de-mentenanta-de-mantuiala\\\/\"},\"wordCount\":807,\"publisher\":{\"@id\":\"https:\\\/\\\/buletin.de\\\/bucuresti\\\/#organization\"},\"image\":{\"@id\":\"https:\\\/\\\/buletin.de\\\/bucuresti\\\/locotenentul-lui-arafat-pus-sub-acuzare-de-dna-in-dosarul-aeronavelor-smurd-bucuresti-surse-bdb-faceau-lucrari-de-mentenanta-de-mantuiala\\\/#primaryimage\"},\"thumbnailUrl\":\"https:\\\/\\\/buletin.de\\\/bucuresti\\\/wp-content\\\/uploads\\\/avion-smurd-01.jpg\",\"keywords\":[\"avia\u021bie\",\"Bucure\u0219ti\",\"Dache C\u0103t\u0103lin Paul\",\"dna\",\"dsu\",\"prejudiciu\",\"raed arafat\",\"Sburd\"],\"articleSection\":[\"Featured\",\"\u0218tiri\"],\"inLanguage\":\"en-GB\",\"copyrightYear\":\"2023\",\"copyrightHolder\":{\"@id\":\"https:\\\/\\\/buletin.de\\\/bucuresti\\\/#organization\"}},{\"@type\":\"WebPage\",\"@id\":\"https:\\\/\\\/buletin.de\\\/bucuresti\\\/locotenentul-lui-arafat-pus-sub-acuzare-de-dna-in-dosarul-aeronavelor-smurd-bucuresti-surse-bdb-faceau-lucrari-de-mentenanta-de-mantuiala\\\/\",\"url\":\"https:\\\/\\\/buletin.de\\\/bucuresti\\\/locotenentul-lui-arafat-pus-sub-acuzare-de-dna-in-dosarul-aeronavelor-smurd-bucuresti-surse-bdb-faceau-lucrari-de-mentenanta-de-mantuiala\\\/\",\"name\":\"\u201eLocotenentul\\\" lui Arafat, pus sub acuzare de DNA \u00een dosarul aeronavelor SMURD Bucure\u0219ti. Surse BdB: \u201eF\u0103ceau lucr\u0103ri de mentenan\u021b\u0103 de m\u00e2ntuial\u0103\\\" - Buletin de Bucure\u0219ti\",\"isPartOf\":{\"@id\":\"https:\\\/\\\/buletin.de\\\/bucuresti\\\/#website\"},\"primaryImageOfPage\":{\"@id\":\"https:\\\/\\\/buletin.de\\\/bucuresti\\\/locotenentul-lui-arafat-pus-sub-acuzare-de-dna-in-dosarul-aeronavelor-smurd-bucuresti-surse-bdb-faceau-lucrari-de-mentenanta-de-mantuiala\\\/#primaryimage\"},\"image\":{\"@id\":\"https:\\\/\\\/buletin.de\\\/bucuresti\\\/locotenentul-lui-arafat-pus-sub-acuzare-de-dna-in-dosarul-aeronavelor-smurd-bucuresti-surse-bdb-faceau-lucrari-de-mentenanta-de-mantuiala\\\/#primaryimage\"},\"thumbnailUrl\":\"https:\\\/\\\/buletin.de\\\/bucuresti\\\/wp-content\\\/uploads\\\/avion-smurd-01.jpg\",\"datePublished\":\"2023-06-22T09:43:16+00:00\",\"dateModified\":\"2023-06-22T10:44:50+00:00\",\"breadcrumb\":{\"@id\":\"https:\\\/\\\/buletin.de\\\/bucuresti\\\/locotenentul-lui-arafat-pus-sub-acuzare-de-dna-in-dosarul-aeronavelor-smurd-bucuresti-surse-bdb-faceau-lucrari-de-mentenanta-de-mantuiala\\\/#breadcrumb\"},\"inLanguage\":\"en-GB\",\"potentialAction\":[{\"@type\":\"ReadAction\",\"target\":[\"https:\\\/\\\/buletin.de\\\/bucuresti\\\/locotenentul-lui-arafat-pus-sub-acuzare-de-dna-in-dosarul-aeronavelor-smurd-bucuresti-surse-bdb-faceau-lucrari-de-mentenanta-de-mantuiala\\\/\"]}]},{\"@type\":\"ImageObject\",\"inLanguage\":\"en-GB\",\"@id\":\"https:\\\/\\\/buletin.de\\\/bucuresti\\\/locotenentul-lui-arafat-pus-sub-acuzare-de-dna-in-dosarul-aeronavelor-smurd-bucuresti-surse-bdb-faceau-lucrari-de-mentenanta-de-mantuiala\\\/#primaryimage\",\"url\":\"https:\\\/\\\/buletin.de\\\/bucuresti\\\/wp-content\\\/uploads\\\/avion-smurd-01.jpg\",\"contentUrl\":\"https:\\\/\\\/buletin.de\\\/bucuresti\\\/wp-content\\\/uploads\\\/avion-smurd-01.jpg\",\"width\":1024,\"height\":683},{\"@type\":\"BreadcrumbList\",\"@id\":\"https:\\\/\\\/buletin.de\\\/bucuresti\\\/locotenentul-lui-arafat-pus-sub-acuzare-de-dna-in-dosarul-aeronavelor-smurd-bucuresti-surse-bdb-faceau-lucrari-de-mentenanta-de-mantuiala\\\/#breadcrumb\",\"itemListElement\":[{\"@type\":\"ListItem\",\"position\":1,\"name\":\"Acas\u0103\",\"item\":\"https:\\\/\\\/buletin.de\\\/bucuresti\\\/\"},{\"@type\":\"ListItem\",\"position\":2,\"name\":\"\u201eLocotenentul&#8221; lui Arafat, pus sub acuzare de DNA \u00een dosarul aeronavelor SMURD Bucure\u0219ti. Surse BdB: \u201eF\u0103ceau lucr\u0103ri de mentenan\u021b\u0103 de m\u00e2ntuial\u0103&#8221;\"}]},{\"@type\":\"WebSite\",\"@id\":\"https:\\\/\\\/buletin.de\\\/bucuresti\\\/#website\",\"url\":\"https:\\\/\\\/buletin.de\\\/bucuresti\\\/\",\"name\":\"Buletin de Bucure\u0219ti\",\"description\":\"\u0218tiri \u0219i investiga\u021bii esen\u021biale din capital\u0103\",\"publisher\":{\"@id\":\"https:\\\/\\\/buletin.de\\\/bucuresti\\\/#organization\"},\"potentialAction\":[{\"@type\":\"SearchAction\",\"target\":{\"@type\":\"EntryPoint\",\"urlTemplate\":\"https:\\\/\\\/buletin.de\\\/bucuresti\\\/?s={search_term_string}\"},\"query-input\":{\"@type\":\"PropertyValueSpecification\",\"valueRequired\":true,\"valueName\":\"search_term_string\"}}],\"inLanguage\":\"en-GB\"},{\"@type\":\"Organization\",\"@id\":\"https:\\\/\\\/buletin.de\\\/bucuresti\\\/#organization\",\"name\":\"Buletin de Bucure\u0219ti\",\"url\":\"https:\\\/\\\/buletin.de\\\/bucuresti\\\/\",\"logo\":{\"@type\":\"ImageObject\",\"inLanguage\":\"en-GB\",\"@id\":\"https:\\\/\\\/buletin.de\\\/bucuresti\\\/#\\\/schema\\\/logo\\\/image\\\/\",\"url\":\"https:\\\/\\\/buletin.de\\\/bucuresti\\\/wp-content\\\/uploads\\\/logo-bdb-full-wide-vernil-transparent.png\",\"contentUrl\":\"https:\\\/\\\/buletin.de\\\/bucuresti\\\/wp-content\\\/uploads\\\/logo-bdb-full-wide-vernil-transparent.png\",\"width\":1782,\"height\":626,\"caption\":\"Buletin de Bucure\u0219ti\"},\"image\":{\"@id\":\"https:\\\/\\\/buletin.de\\\/bucuresti\\\/#\\\/schema\\\/logo\\\/image\\\/\"},\"sameAs\":[\"https:\\\/\\\/www.facebook.com\\\/buletin.de.buc\",\"https:\\\/\\\/www.instagram.com\\\/buletinde.bucuresti\\\/\"]},{\"@type\":\"Person\",\"@id\":\"https:\\\/\\\/buletin.de\\\/bucuresti\\\/#\\\/schema\\\/person\\\/b0686d7a8b666c6afc78239777fd8a89\",\"name\":\"Florin R\u00e2\u0219teiu\",\"image\":{\"@type\":\"ImageObject\",\"inLanguage\":\"en-GB\",\"@id\":\"https:\\\/\\\/buletin.de\\\/bucuresti\\\/wp-content\\\/uploads\\\/Florin-Rasteiu-96x96.jpgf0a6fe28453aa12f0a60e4d0a2e3a78c\",\"url\":\"https:\\\/\\\/buletin.de\\\/bucuresti\\\/wp-content\\\/uploads\\\/Florin-Rasteiu-96x96.jpg\",\"contentUrl\":\"https:\\\/\\\/buletin.de\\\/bucuresti\\\/wp-content\\\/uploads\\\/Florin-Rasteiu-96x96.jpg\",\"caption\":\"Florin R\u00e2\u0219teiu\"},\"description\":\"Jurnalist de investiga\u021bie. Lucreaz\u0103 de aproape 6 ani la Buletin de Bucure\u0219ti, unde a publicat articole care scot la suprafa\u021b\u0103 corup\u021bia din Capital\u0103. Analizeaz\u0103 baze de date zilnic \u0219i scoate pove\u0219ti din exceluri pline de cifre. Pune reflectorul pe adev\u0103r cu fiecare ocazie. A c\u00e2\u0219tigat premiul I la categoria Pres\u0103 Local\u0103 \u00een 2025 \u0219i locul al II-lea la aceea\u0219i categorie \u00een 2024 \u00een cadrul Premiilor Superscrieri pentru jurnalism independent.\",\"url\":\"https:\\\/\\\/buletin.de\\\/bucuresti\\\/author\\\/florinrasteiu\\\/\"}]}<\/script>\n<!-- \/ Yoast SEO Premium plugin. -->","yoast_head_json":{"title":"\u201eLocotenentul\" lui Arafat, pus sub acuzare de DNA \u00een dosarul aeronavelor SMURD Bucure\u0219ti. Surse BdB: \u201eF\u0103ceau lucr\u0103ri de mentenan\u021b\u0103 de m\u00e2ntuial\u0103\" - Buletin de Bucure\u0219ti","robots":{"index":"index","follow":"follow","max-snippet":"max-snippet:-1","max-image-preview":"max-image-preview:large","max-video-preview":"max-video-preview:-1"},"canonical":"https:\/\/buletin.de\/bucuresti\/locotenentul-lui-arafat-pus-sub-acuzare-de-dna-in-dosarul-aeronavelor-smurd-bucuresti-surse-bdb-faceau-lucrari-de-mentenanta-de-mantuiala\/","og_locale":"en_GB","og_type":"article","og_title":"\u201eLocotenentul\" lui Arafat, pus sub acuzare de DNA \u00een dosarul aeronavelor SMURD Bucure\u0219ti. Surse BdB: \u201eF\u0103ceau lucr\u0103ri de mentenan\u021b\u0103 de m\u00e2ntuial\u0103\"","og_description":"Dache Paul C\u0103t\u0103lin, cunoscut ca m\u00e2na dreapt\u0103 al \u0219efului DSU, Raed Arafat, a fost pus sub urm\u0103rire penal\u0103 de c\u0103tre procurorii Direc\u021biei Na\u021bionale Anticorup\u021bie (DNA) pentru s\u0103v\u00e2r\u0219irea infrac\u021biunii de abuz \u00een serviciu. Faptele s-au petrecut \u00eentre 2019 \u0219i 2023 \u0219i vizez\u0103 contractul pentru mentenan\u021ba aeronavelor Piper Pa-42 Cheyenne III A \u0219i Cessna C-560 Citation V. [&hellip;]","og_url":"https:\/\/buletin.de\/bucuresti\/locotenentul-lui-arafat-pus-sub-acuzare-de-dna-in-dosarul-aeronavelor-smurd-bucuresti-surse-bdb-faceau-lucrari-de-mentenanta-de-mantuiala\/","og_site_name":"Buletin de Bucure\u0219ti","article_publisher":"https:\/\/www.facebook.com\/buletin.de.buc","article_published_time":"2023-06-22T09:43:16+00:00","article_modified_time":"2023-06-22T10:44:50+00:00","og_image":[{"width":1024,"height":683,"url":"https:\/\/buletin.de\/bucuresti\/wp-content\/uploads\/avion-smurd-01.jpg","type":"image\/jpeg"}],"author":"Florin R\u00e2\u0219teiu","twitter_card":"summary_large_image","twitter_misc":{"Written by":"Florin R\u00e2\u0219teiu","Estimated reading time":"4 minutes"},"schema":{"@context":"https:\/\/schema.org","@graph":[{"@type":"Article","@id":"https:\/\/buletin.de\/bucuresti\/locotenentul-lui-arafat-pus-sub-acuzare-de-dna-in-dosarul-aeronavelor-smurd-bucuresti-surse-bdb-faceau-lucrari-de-mentenanta-de-mantuiala\/#article","isPartOf":{"@id":"https:\/\/buletin.de\/bucuresti\/locotenentul-lui-arafat-pus-sub-acuzare-de-dna-in-dosarul-aeronavelor-smurd-bucuresti-surse-bdb-faceau-lucrari-de-mentenanta-de-mantuiala\/"},"author":{"name":"Florin R\u00e2\u0219teiu","@id":"https:\/\/buletin.de\/bucuresti\/#\/schema\/person\/b0686d7a8b666c6afc78239777fd8a89"},"headline":"\u201eLocotenentul&#8221; lui Arafat, pus sub acuzare de DNA \u00een dosarul aeronavelor SMURD Bucure\u0219ti. Surse BdB: \u201eF\u0103ceau lucr\u0103ri de mentenan\u021b\u0103 de m\u00e2ntuial\u0103&#8221;","datePublished":"2023-06-22T09:43:16+00:00","dateModified":"2023-06-22T10:44:50+00:00","mainEntityOfPage":{"@id":"https:\/\/buletin.de\/bucuresti\/locotenentul-lui-arafat-pus-sub-acuzare-de-dna-in-dosarul-aeronavelor-smurd-bucuresti-surse-bdb-faceau-lucrari-de-mentenanta-de-mantuiala\/"},"wordCount":807,"publisher":{"@id":"https:\/\/buletin.de\/bucuresti\/#organization"},"image":{"@id":"https:\/\/buletin.de\/bucuresti\/locotenentul-lui-arafat-pus-sub-acuzare-de-dna-in-dosarul-aeronavelor-smurd-bucuresti-surse-bdb-faceau-lucrari-de-mentenanta-de-mantuiala\/#primaryimage"},"thumbnailUrl":"https:\/\/buletin.de\/bucuresti\/wp-content\/uploads\/avion-smurd-01.jpg","keywords":["avia\u021bie","Bucure\u0219ti","Dache C\u0103t\u0103lin Paul","dna","dsu","prejudiciu","raed arafat","Sburd"],"articleSection":["Featured","\u0218tiri"],"inLanguage":"en-GB","copyrightYear":"2023","copyrightHolder":{"@id":"https:\/\/buletin.de\/bucuresti\/#organization"}},{"@type":"WebPage","@id":"https:\/\/buletin.de\/bucuresti\/locotenentul-lui-arafat-pus-sub-acuzare-de-dna-in-dosarul-aeronavelor-smurd-bucuresti-surse-bdb-faceau-lucrari-de-mentenanta-de-mantuiala\/","url":"https:\/\/buletin.de\/bucuresti\/locotenentul-lui-arafat-pus-sub-acuzare-de-dna-in-dosarul-aeronavelor-smurd-bucuresti-surse-bdb-faceau-lucrari-de-mentenanta-de-mantuiala\/","name":"\u201eLocotenentul\" lui Arafat, pus sub acuzare de DNA \u00een dosarul aeronavelor SMURD Bucure\u0219ti. Surse BdB: \u201eF\u0103ceau lucr\u0103ri de mentenan\u021b\u0103 de m\u00e2ntuial\u0103\" - Buletin de Bucure\u0219ti","isPartOf":{"@id":"https:\/\/buletin.de\/bucuresti\/#website"},"primaryImageOfPage":{"@id":"https:\/\/buletin.de\/bucuresti\/locotenentul-lui-arafat-pus-sub-acuzare-de-dna-in-dosarul-aeronavelor-smurd-bucuresti-surse-bdb-faceau-lucrari-de-mentenanta-de-mantuiala\/#primaryimage"},"image":{"@id":"https:\/\/buletin.de\/bucuresti\/locotenentul-lui-arafat-pus-sub-acuzare-de-dna-in-dosarul-aeronavelor-smurd-bucuresti-surse-bdb-faceau-lucrari-de-mentenanta-de-mantuiala\/#primaryimage"},"thumbnailUrl":"https:\/\/buletin.de\/bucuresti\/wp-content\/uploads\/avion-smurd-01.jpg","datePublished":"2023-06-22T09:43:16+00:00","dateModified":"2023-06-22T10:44:50+00:00","breadcrumb":{"@id":"https:\/\/buletin.de\/bucuresti\/locotenentul-lui-arafat-pus-sub-acuzare-de-dna-in-dosarul-aeronavelor-smurd-bucuresti-surse-bdb-faceau-lucrari-de-mentenanta-de-mantuiala\/#breadcrumb"},"inLanguage":"en-GB","potentialAction":[{"@type":"ReadAction","target":["https:\/\/buletin.de\/bucuresti\/locotenentul-lui-arafat-pus-sub-acuzare-de-dna-in-dosarul-aeronavelor-smurd-bucuresti-surse-bdb-faceau-lucrari-de-mentenanta-de-mantuiala\/"]}]},{"@type":"ImageObject","inLanguage":"en-GB","@id":"https:\/\/buletin.de\/bucuresti\/locotenentul-lui-arafat-pus-sub-acuzare-de-dna-in-dosarul-aeronavelor-smurd-bucuresti-surse-bdb-faceau-lucrari-de-mentenanta-de-mantuiala\/#primaryimage","url":"https:\/\/buletin.de\/bucuresti\/wp-content\/uploads\/avion-smurd-01.jpg","contentUrl":"https:\/\/buletin.de\/bucuresti\/wp-content\/uploads\/avion-smurd-01.jpg","width":1024,"height":683},{"@type":"BreadcrumbList","@id":"https:\/\/buletin.de\/bucuresti\/locotenentul-lui-arafat-pus-sub-acuzare-de-dna-in-dosarul-aeronavelor-smurd-bucuresti-surse-bdb-faceau-lucrari-de-mentenanta-de-mantuiala\/#breadcrumb","itemListElement":[{"@type":"ListItem","position":1,"name":"Acas\u0103","item":"https:\/\/buletin.de\/bucuresti\/"},{"@type":"ListItem","position":2,"name":"\u201eLocotenentul&#8221; lui Arafat, pus sub acuzare de DNA \u00een dosarul aeronavelor SMURD Bucure\u0219ti. Surse BdB: \u201eF\u0103ceau lucr\u0103ri de mentenan\u021b\u0103 de m\u00e2ntuial\u0103&#8221;"}]},{"@type":"WebSite","@id":"https:\/\/buletin.de\/bucuresti\/#website","url":"https:\/\/buletin.de\/bucuresti\/","name":"Buletin de Bucure\u0219ti","description":"\u0218tiri \u0219i investiga\u021bii esen\u021biale din capital\u0103","publisher":{"@id":"https:\/\/buletin.de\/bucuresti\/#organization"},"potentialAction":[{"@type":"SearchAction","target":{"@type":"EntryPoint","urlTemplate":"https:\/\/buletin.de\/bucuresti\/?s={search_term_string}"},"query-input":{"@type":"PropertyValueSpecification","valueRequired":true,"valueName":"search_term_string"}}],"inLanguage":"en-GB"},{"@type":"Organization","@id":"https:\/\/buletin.de\/bucuresti\/#organization","name":"Buletin de Bucure\u0219ti","url":"https:\/\/buletin.de\/bucuresti\/","logo":{"@type":"ImageObject","inLanguage":"en-GB","@id":"https:\/\/buletin.de\/bucuresti\/#\/schema\/logo\/image\/","url":"https:\/\/buletin.de\/bucuresti\/wp-content\/uploads\/logo-bdb-full-wide-vernil-transparent.png","contentUrl":"https:\/\/buletin.de\/bucuresti\/wp-content\/uploads\/logo-bdb-full-wide-vernil-transparent.png","width":1782,"height":626,"caption":"Buletin de Bucure\u0219ti"},"image":{"@id":"https:\/\/buletin.de\/bucuresti\/#\/schema\/logo\/image\/"},"sameAs":["https:\/\/www.facebook.com\/buletin.de.buc","https:\/\/www.instagram.com\/buletinde.bucuresti\/"]},{"@type":"Person","@id":"https:\/\/buletin.de\/bucuresti\/#\/schema\/person\/b0686d7a8b666c6afc78239777fd8a89","name":"Florin R\u00e2\u0219teiu","image":{"@type":"ImageObject","inLanguage":"en-GB","@id":"https:\/\/buletin.de\/bucuresti\/wp-content\/uploads\/Florin-Rasteiu-96x96.jpgf0a6fe28453aa12f0a60e4d0a2e3a78c","url":"https:\/\/buletin.de\/bucuresti\/wp-content\/uploads\/Florin-Rasteiu-96x96.jpg","contentUrl":"https:\/\/buletin.de\/bucuresti\/wp-content\/uploads\/Florin-Rasteiu-96x96.jpg","caption":"Florin R\u00e2\u0219teiu"},"description":"Jurnalist de investiga\u021bie. Lucreaz\u0103 de aproape 6 ani la Buletin de Bucure\u0219ti, unde a publicat articole care scot la suprafa\u021b\u0103 corup\u021bia din Capital\u0103. Analizeaz\u0103 baze de date zilnic \u0219i scoate pove\u0219ti din exceluri pline de cifre. Pune reflectorul pe adev\u0103r cu fiecare ocazie. A c\u00e2\u0219tigat premiul I la categoria Pres\u0103 Local\u0103 \u00een 2025 \u0219i locul al II-lea la aceea\u0219i categorie \u00een 2024 \u00een cadrul Premiilor Superscrieri pentru jurnalism independent.","url":"https:\/\/buletin.de\/bucuresti\/author\/florinrasteiu\/"}]}},"authors":[{"term_id":22576,"user_id":17,"is_guest":0,"slug":"florinrasteiu","display_name":"Florin R\u00e2\u0219teiu","avatar_url":"https:\/\/buletin.de\/bucuresti\/wp-content\/uploads\/Florin-Rasteiu-96x96.jpg","0":null,"1":"","2":"","3":"","4":"","5":"","6":"","7":"","8":""}],"_links":{"self":[{"href":"https:\/\/buletin.de\/bucuresti\/wp-json\/wp\/v2\/posts\/59675","targetHints":{"allow":["GET"]}}],"collection":[{"href":"https:\/\/buletin.de\/bucuresti\/wp-json\/wp\/v2\/posts"}],"about":[{"href":"https:\/\/buletin.de\/bucuresti\/wp-json\/wp\/v2\/types\/post"}],"author":[{"embeddable":true,"href":"https:\/\/buletin.de\/bucuresti\/wp-json\/wp\/v2\/users\/17"}],"replies":[{"embeddable":true,"href":"https:\/\/buletin.de\/bucuresti\/wp-json\/wp\/v2\/comments?post=59675"}],"version-history":[{"count":8,"href":"https:\/\/buletin.de\/bucuresti\/wp-json\/wp\/v2\/posts\/59675\/revisions"}],"predecessor-version":[{"id":59705,"href":"https:\/\/buletin.de\/bucuresti\/wp-json\/wp\/v2\/posts\/59675\/revisions\/59705"}],"wp:featuredmedia":[{"embeddable":true,"href":"https:\/\/buletin.de\/bucuresti\/wp-json\/wp\/v2\/media\/59692"}],"wp:attachment":[{"href":"https:\/\/buletin.de\/bucuresti\/wp-json\/wp\/v2\/media?parent=59675"}],"wp:term":[{"taxonomy":"category","embeddable":true,"href":"https:\/\/buletin.de\/bucuresti\/wp-json\/wp\/v2\/categories?post=59675"},{"taxonomy":"post_tag","embeddable":true,"href":"https:\/\/buletin.de\/bucuresti\/wp-json\/wp\/v2\/tags?post=59675"},{"taxonomy":"author","embeddable":true,"href":"https:\/\/buletin.de\/bucuresti\/wp-json\/wp\/v2\/ppma_author?post=59675"}],"curies":[{"name":"wp","href":"https:\/\/api.w.org\/{rel}","templated":true}]}}