{"id":59635,"date":"2023-06-21T11:47:29","date_gmt":"2023-06-21T09:47:29","guid":{"rendered":"https:\/\/buletin.de\/bucuresti\/?p=59635"},"modified":"2023-06-21T14:00:35","modified_gmt":"2023-06-21T12:00:35","slug":"perchezitii-dna-vizeaza-reparatiile-aeronavelor-smurd-bucuresti-surse-s-a-ajuns-la-costuri-de-14-mii-de-euro-ora-de-zbor","status":"publish","type":"post","link":"https:\/\/buletin.de\/bucuresti\/perchezitii-dna-vizeaza-reparatiile-aeronavelor-smurd-bucuresti-surse-s-a-ajuns-la-costuri-de-14-mii-de-euro-ora-de-zbor\/","title":{"rendered":"Perchezi\u021biile DNA vizeaz\u0103 repara\u021biile aeronavelor SMURD Bucure\u0219ti. Surse Buletin de Bucure\u0219ti: \u201cS-a ajuns la costuri de 14 mii de euro ora de zbor\u201d"},"content":{"rendered":"\n<p><strong>Procurorii militari din cadrul Direc\u021biei Na\u021bionale Anticorup\u021bie au extins cercet\u0103rile privind posibile fapte de corup\u021bie, la SMURD Bucure\u0219ti. Faptele s-au petrecut \u00eentre 2019 \u0219i 2023 \u0219i vizeaz\u0103 inclusiv mentenan\u021ba celor dou\u0103 avioane medicale operate de SMURD Bucure\u0219ti.<\/strong><\/p>\n\n\n\n<p>\u201c<em>E vorba despre pre\u021buri supraevaluate, pentru c\u0103 aeronavele intr\u0103 \u00een mentenan\u021ba la un anumit num\u0103r de ore. Sunt anumite lucr\u0103ri care se fac \u00een regie proprie. C\u00e2t prive\u0219te elicopterele, la parte dintre ele e la fel, \u00eens\u0103 ce dep\u0103\u0219e\u0219te competen\u021ba tehnic\u0103 local\u0103 sunt trimise la Airbus, la Bra\u0219ov, prin firme paravan. Mai sunt \u0219i c\u00e2teva avioane, dar alea-s moarte, care cel mai probabil se repara pe la ROMAERO. Un Piper Cheyenne PA-42 care-i mort \u0219i pentru care nu prea mai exist\u0103 piese \u0219i un Cessna Citation V care trebuia sa ias\u0103 la zbor s\u0103pt\u0103m\u00e2na asta. <\/em><strong><em>Cum crede\u021bi c\u0103 s-a ajuns la costuri precum 14 mii de euro ora de zbor pentru o aeronav\u0103?<\/em><\/strong><em> Din mentenan\u021b\u0103, din Deltamed(n.r. \u2013 firma care asigura mentenan\u021ba echipamentelor medicale de la bordul aeronavelor SMURD)<\/em>\u201d, au explicat \u00een exclusivitate pentru Buletin de Bucure\u0219ti surse apropiate anchetei.<\/p>\n\n\n\n<p>C\u00e2t prive\u0219te avionul medical Piper Cheyenne PA-42, el a fost subiectul unei comunic\u0103ri publice a \u0219efului SMURD, Raed Arafat, \u00een ianuarie 2021, adic\u0103 aproape de mijlocul perioadei comunicat\u0103 de procurorii DNA.<\/p>\n\n\n\n<p>\u201c<em>Avionul Piper, achizi\u021bionat de Funda\u021bia pentru SMURD din 2% redirectionati de popula\u021bia, a reintrat \u00een serviciu la Inspectoratul General de Aviatie dupa ce <\/em><strong><em>a fost finalizata reparatia capitala a motoarelor!<\/em><\/strong><em> Cer senin \u0219i misiuni u\u0219oare!\u201d,<\/em> anun\u021ba atunci Raed Arafat.<\/p>\n\n\n\n<p>De altfel, \u00een 2016,<a href=\"https:\/\/www.libertatea.ro\/stiri\/achizitie-suspecta-1530786\"> Libertatea dezv\u0103luia c\u0103 Aeronava ro\u0219ie SMURD destinat\u0103 interven\u021biilor medicale de urgen\u021b\u0103 a fost achizi\u021bionat\u0103 cu peste 750.000 de euro printr-o companie intermediar\u0103 din Austria. Societatea avea ca obiect de activitate repara\u021bii instala\u021bii sanitare, de gaz, termoficare, aer condi\u021bionat \u0219i ar fi fost infiin\u021bat\u0103 de familia Prigoan\u0103.<\/a><\/p>\n\n\n\n<p>Ministerul Afacerilor Interne, prin Inspectoratul General de Avia\u021bie coordoneaz\u0103 Deta\u015famentul Aeromedical \u0219i mai multe Punctele de Operare Aeromedicale. \u00cen cadrul Punctului de Operare Aeromedical\u0103 Bucure\u015fti, \u00ee\u015fi desf\u0103\u015foar\u0103 activitatea \u015fi avionul SMURD Piper Cheyenne PA-42 , care execut\u0103 misiuni aeromedicale \u00een \u0163ar\u0103 \u015fi \u00een str\u0103in\u0103tate.<\/p>\n\n\n\n<p>FOTO: planespotter.md<\/p>\n\n\n\n<p>CITE\u0218TE \u0218I<\/p>\n\n\n\n<figure class=\"wp-block-embed is-type-wp-embed is-provider-buletin-de-bucure\u0219ti wp-block-embed-buletin-de-bucure\u0219ti\"><div class=\"wp-block-embed__wrapper\">\n<blockquote class=\"wp-embedded-content\" data-secret=\"fkooVIYueG\"><a href=\"https:\/\/buletin.de\/bucuresti\/dna-descinde-la-smurd-bucuresti-prejudiciu-din-mentenanta-aeronavelor-de-aproape-cinci-milioane-de-euro\/\">DNA descinde la SMURD Bucure\u0219ti: Prejudiciu din mentenan\u021ba aeronavelor de aproape cinci milioane de euro<\/a><\/blockquote><iframe class=\"wp-embedded-content\" sandbox=\"allow-scripts\" security=\"restricted\" style=\"position: absolute; clip: rect(1px, 1px, 1px, 1px);\" title=\"&#8222;DNA descinde la SMURD Bucure\u0219ti: Prejudiciu din mentenan\u021ba aeronavelor de aproape cinci milioane de euro&#8221; &#8212; Buletin de Bucure\u0219ti\" src=\"https:\/\/buletin.de\/bucuresti\/dna-descinde-la-smurd-bucuresti-prejudiciu-din-mentenanta-aeronavelor-de-aproape-cinci-milioane-de-euro\/embed\/#?secret=6PbFTdEunn#?secret=fkooVIYueG\" data-secret=\"fkooVIYueG\" width=\"600\" height=\"338\" frameborder=\"0\" marginwidth=\"0\" marginheight=\"0\" scrolling=\"no\"><\/iframe>\n<\/div><\/figure>\n","protected":false},"excerpt":{"rendered":"<p>Procurorii militari din cadrul Direc\u021biei Na\u021bionale Anticorup\u021bie au extins cercet\u0103rile privind posibile fapte de corup\u021bie, la SMURD Bucure\u0219ti. Faptele s-au petrecut \u00eentre 2019 \u0219i 2023 \u0219i vizeaz\u0103 inclusiv mentenan\u021ba celor dou\u0103 avioane medicale operate de SMURD Bucure\u0219ti. \u201cE vorba despre pre\u021buri supraevaluate, pentru c\u0103 aeronavele intr\u0103 \u00een mentenan\u021ba la un anumit num\u0103r de ore. Sunt [&hellip;]<\/p>\n","protected":false},"author":10,"featured_media":59636,"comment_status":"closed","ping_status":"open","sticky":false,"template":"","format":"standard","meta":{"_acf_changed":false,"inline_featured_image":false,"ngg_post_thumbnail":0,"footnotes":""},"categories":[3419,62],"tags":[612,1724,5964,4130,5962,5963,1983,5961,5965,2386,5966],"ppma_author":[22575],"class_list":["post-59635","post","type-post","status-publish","format-standard","has-post-thumbnail","hentry","category-featured","category-stiri","tag-ancheta","tag-arafat","tag-avioane-medicale","tag-avion","tag-cesna","tag-cessna","tag-perchezitii","tag-piper","tag-piper-cheyenne-pa-42","tag-smurd","tag-surse"],"acf":[],"yoast_head":"<!-- This site is optimized with the Yoast SEO Premium plugin v25.3 (Yoast SEO v27.5) - https:\/\/yoast.com\/product\/yoast-seo-premium-wordpress\/ -->\n<title>Perchezi\u021biile DNA vizeaz\u0103 repara\u021biile aeronavelor SMURD Bucure\u0219ti. Surse Buletin de Bucure\u0219ti: \u201cS-a ajuns la costuri de 14 mii de euro ora de zbor\u201d - Buletin de Bucure\u0219ti<\/title>\n<meta name=\"robots\" content=\"index, follow, max-snippet:-1, max-image-preview:large, max-video-preview:-1\" \/>\n<link rel=\"canonical\" href=\"https:\/\/buletin.de\/bucuresti\/perchezitii-dna-vizeaza-reparatiile-aeronavelor-smurd-bucuresti-surse-s-a-ajuns-la-costuri-de-14-mii-de-euro-ora-de-zbor\/\" \/>\n<meta property=\"og:locale\" content=\"en_GB\" \/>\n<meta property=\"og:type\" content=\"article\" \/>\n<meta property=\"og:title\" content=\"Perchezi\u021biile DNA vizeaz\u0103 repara\u021biile aeronavelor SMURD Bucure\u0219ti. Surse Buletin de Bucure\u0219ti: \u201cS-a ajuns la costuri de 14 mii de euro ora de zbor\u201d\" \/>\n<meta property=\"og:description\" content=\"Procurorii militari din cadrul Direc\u021biei Na\u021bionale Anticorup\u021bie au extins cercet\u0103rile privind posibile fapte de corup\u021bie, la SMURD Bucure\u0219ti. Faptele s-au petrecut \u00eentre 2019 \u0219i 2023 \u0219i vizeaz\u0103 inclusiv mentenan\u021ba celor dou\u0103 avioane medicale operate de SMURD Bucure\u0219ti. \u201cE vorba despre pre\u021buri supraevaluate, pentru c\u0103 aeronavele intr\u0103 \u00een mentenan\u021ba la un anumit num\u0103r de ore. Sunt [&hellip;]\" \/>\n<meta property=\"og:url\" content=\"https:\/\/buletin.de\/bucuresti\/perchezitii-dna-vizeaza-reparatiile-aeronavelor-smurd-bucuresti-surse-s-a-ajuns-la-costuri-de-14-mii-de-euro-ora-de-zbor\/\" \/>\n<meta property=\"og:site_name\" content=\"Buletin de Bucure\u0219ti\" \/>\n<meta property=\"article:publisher\" content=\"https:\/\/www.facebook.com\/buletin.de.buc\" \/>\n<meta property=\"article:published_time\" content=\"2023-06-21T09:47:29+00:00\" \/>\n<meta property=\"article:modified_time\" content=\"2023-06-21T12:00:35+00:00\" \/>\n<meta property=\"og:image\" content=\"https:\/\/buletin.de\/bucuresti\/wp-content\/uploads\/aeronava.jpg\" \/>\n\t<meta property=\"og:image:width\" content=\"1600\" \/>\n\t<meta property=\"og:image:height\" content=\"1067\" \/>\n\t<meta property=\"og:image:type\" content=\"image\/jpeg\" \/>\n<meta name=\"author\" content=\"C\u0103t\u0103lin Dosca\u0219\" \/>\n<meta name=\"twitter:card\" content=\"summary_large_image\" \/>\n<meta name=\"twitter:label1\" content=\"Written by\" \/>\n\t<meta name=\"twitter:data1\" content=\"C\u0103t\u0103lin Dosca\u0219\" \/>\n\t<meta name=\"twitter:label2\" content=\"Estimated reading time\" \/>\n\t<meta name=\"twitter:data2\" content=\"2 minutes\" \/>\n<script type=\"application\/ld+json\" class=\"yoast-schema-graph\">{\"@context\":\"https:\\\/\\\/schema.org\",\"@graph\":[{\"@type\":\"Article\",\"@id\":\"https:\\\/\\\/buletin.de\\\/bucuresti\\\/perchezitii-dna-vizeaza-reparatiile-aeronavelor-smurd-bucuresti-surse-s-a-ajuns-la-costuri-de-14-mii-de-euro-ora-de-zbor\\\/#article\",\"isPartOf\":{\"@id\":\"https:\\\/\\\/buletin.de\\\/bucuresti\\\/perchezitii-dna-vizeaza-reparatiile-aeronavelor-smurd-bucuresti-surse-s-a-ajuns-la-costuri-de-14-mii-de-euro-ora-de-zbor\\\/\"},\"author\":{\"name\":\"C\u0103t\u0103lin Dosca\u0219\",\"@id\":\"https:\\\/\\\/buletin.de\\\/bucuresti\\\/#\\\/schema\\\/person\\\/31117187ed4d0bdb0a4c7d6acc79d0f8\"},\"headline\":\"Perchezi\u021biile DNA vizeaz\u0103 repara\u021biile aeronavelor SMURD Bucure\u0219ti. Surse Buletin de Bucure\u0219ti: \u201cS-a ajuns la costuri de 14 mii de euro ora de zbor\u201d\",\"datePublished\":\"2023-06-21T09:47:29+00:00\",\"dateModified\":\"2023-06-21T12:00:35+00:00\",\"mainEntityOfPage\":{\"@id\":\"https:\\\/\\\/buletin.de\\\/bucuresti\\\/perchezitii-dna-vizeaza-reparatiile-aeronavelor-smurd-bucuresti-surse-s-a-ajuns-la-costuri-de-14-mii-de-euro-ora-de-zbor\\\/\"},\"wordCount\":418,\"publisher\":{\"@id\":\"https:\\\/\\\/buletin.de\\\/bucuresti\\\/#organization\"},\"image\":{\"@id\":\"https:\\\/\\\/buletin.de\\\/bucuresti\\\/perchezitii-dna-vizeaza-reparatiile-aeronavelor-smurd-bucuresti-surse-s-a-ajuns-la-costuri-de-14-mii-de-euro-ora-de-zbor\\\/#primaryimage\"},\"thumbnailUrl\":\"https:\\\/\\\/buletin.de\\\/bucuresti\\\/wp-content\\\/uploads\\\/aeronava.jpg\",\"keywords\":[\"ancheta\",\"arafat\",\"avioane medicale\",\"avion\",\"cesna\",\"cessna\",\"perchezitii\",\"piper\",\"Piper Cheyenne PA-42\",\"smurd\",\"surse\"],\"articleSection\":[\"Featured\",\"\u0218tiri\"],\"inLanguage\":\"en-GB\",\"copyrightYear\":\"2023\",\"copyrightHolder\":{\"@id\":\"https:\\\/\\\/buletin.de\\\/bucuresti\\\/#organization\"}},{\"@type\":\"WebPage\",\"@id\":\"https:\\\/\\\/buletin.de\\\/bucuresti\\\/perchezitii-dna-vizeaza-reparatiile-aeronavelor-smurd-bucuresti-surse-s-a-ajuns-la-costuri-de-14-mii-de-euro-ora-de-zbor\\\/\",\"url\":\"https:\\\/\\\/buletin.de\\\/bucuresti\\\/perchezitii-dna-vizeaza-reparatiile-aeronavelor-smurd-bucuresti-surse-s-a-ajuns-la-costuri-de-14-mii-de-euro-ora-de-zbor\\\/\",\"name\":\"Perchezi\u021biile DNA vizeaz\u0103 repara\u021biile aeronavelor SMURD Bucure\u0219ti. Surse Buletin de Bucure\u0219ti: \u201cS-a ajuns la costuri de 14 mii de euro ora de zbor\u201d - Buletin de Bucure\u0219ti\",\"isPartOf\":{\"@id\":\"https:\\\/\\\/buletin.de\\\/bucuresti\\\/#website\"},\"primaryImageOfPage\":{\"@id\":\"https:\\\/\\\/buletin.de\\\/bucuresti\\\/perchezitii-dna-vizeaza-reparatiile-aeronavelor-smurd-bucuresti-surse-s-a-ajuns-la-costuri-de-14-mii-de-euro-ora-de-zbor\\\/#primaryimage\"},\"image\":{\"@id\":\"https:\\\/\\\/buletin.de\\\/bucuresti\\\/perchezitii-dna-vizeaza-reparatiile-aeronavelor-smurd-bucuresti-surse-s-a-ajuns-la-costuri-de-14-mii-de-euro-ora-de-zbor\\\/#primaryimage\"},\"thumbnailUrl\":\"https:\\\/\\\/buletin.de\\\/bucuresti\\\/wp-content\\\/uploads\\\/aeronava.jpg\",\"datePublished\":\"2023-06-21T09:47:29+00:00\",\"dateModified\":\"2023-06-21T12:00:35+00:00\",\"breadcrumb\":{\"@id\":\"https:\\\/\\\/buletin.de\\\/bucuresti\\\/perchezitii-dna-vizeaza-reparatiile-aeronavelor-smurd-bucuresti-surse-s-a-ajuns-la-costuri-de-14-mii-de-euro-ora-de-zbor\\\/#breadcrumb\"},\"inLanguage\":\"en-GB\",\"potentialAction\":[{\"@type\":\"ReadAction\",\"target\":[\"https:\\\/\\\/buletin.de\\\/bucuresti\\\/perchezitii-dna-vizeaza-reparatiile-aeronavelor-smurd-bucuresti-surse-s-a-ajuns-la-costuri-de-14-mii-de-euro-ora-de-zbor\\\/\"]}]},{\"@type\":\"ImageObject\",\"inLanguage\":\"en-GB\",\"@id\":\"https:\\\/\\\/buletin.de\\\/bucuresti\\\/perchezitii-dna-vizeaza-reparatiile-aeronavelor-smurd-bucuresti-surse-s-a-ajuns-la-costuri-de-14-mii-de-euro-ora-de-zbor\\\/#primaryimage\",\"url\":\"https:\\\/\\\/buletin.de\\\/bucuresti\\\/wp-content\\\/uploads\\\/aeronava.jpg\",\"contentUrl\":\"https:\\\/\\\/buletin.de\\\/bucuresti\\\/wp-content\\\/uploads\\\/aeronava.jpg\",\"width\":1600,\"height\":1067},{\"@type\":\"BreadcrumbList\",\"@id\":\"https:\\\/\\\/buletin.de\\\/bucuresti\\\/perchezitii-dna-vizeaza-reparatiile-aeronavelor-smurd-bucuresti-surse-s-a-ajuns-la-costuri-de-14-mii-de-euro-ora-de-zbor\\\/#breadcrumb\",\"itemListElement\":[{\"@type\":\"ListItem\",\"position\":1,\"name\":\"Acas\u0103\",\"item\":\"https:\\\/\\\/buletin.de\\\/bucuresti\\\/\"},{\"@type\":\"ListItem\",\"position\":2,\"name\":\"Perchezi\u021biile DNA vizeaz\u0103 repara\u021biile aeronavelor SMURD Bucure\u0219ti. Surse Buletin de Bucure\u0219ti: \u201cS-a ajuns la costuri de 14 mii de euro ora de zbor\u201d\"}]},{\"@type\":\"WebSite\",\"@id\":\"https:\\\/\\\/buletin.de\\\/bucuresti\\\/#website\",\"url\":\"https:\\\/\\\/buletin.de\\\/bucuresti\\\/\",\"name\":\"Buletin de Bucure\u0219ti\",\"description\":\"\u0218tiri \u0219i investiga\u021bii esen\u021biale din capital\u0103\",\"publisher\":{\"@id\":\"https:\\\/\\\/buletin.de\\\/bucuresti\\\/#organization\"},\"potentialAction\":[{\"@type\":\"SearchAction\",\"target\":{\"@type\":\"EntryPoint\",\"urlTemplate\":\"https:\\\/\\\/buletin.de\\\/bucuresti\\\/?s={search_term_string}\"},\"query-input\":{\"@type\":\"PropertyValueSpecification\",\"valueRequired\":true,\"valueName\":\"search_term_string\"}}],\"inLanguage\":\"en-GB\"},{\"@type\":\"Organization\",\"@id\":\"https:\\\/\\\/buletin.de\\\/bucuresti\\\/#organization\",\"name\":\"Buletin de Bucure\u0219ti\",\"url\":\"https:\\\/\\\/buletin.de\\\/bucuresti\\\/\",\"logo\":{\"@type\":\"ImageObject\",\"inLanguage\":\"en-GB\",\"@id\":\"https:\\\/\\\/buletin.de\\\/bucuresti\\\/#\\\/schema\\\/logo\\\/image\\\/\",\"url\":\"https:\\\/\\\/buletin.de\\\/bucuresti\\\/wp-content\\\/uploads\\\/logo-bdb-full-wide-vernil-transparent.png\",\"contentUrl\":\"https:\\\/\\\/buletin.de\\\/bucuresti\\\/wp-content\\\/uploads\\\/logo-bdb-full-wide-vernil-transparent.png\",\"width\":1782,\"height\":626,\"caption\":\"Buletin de Bucure\u0219ti\"},\"image\":{\"@id\":\"https:\\\/\\\/buletin.de\\\/bucuresti\\\/#\\\/schema\\\/logo\\\/image\\\/\"},\"sameAs\":[\"https:\\\/\\\/www.facebook.com\\\/buletin.de.buc\",\"https:\\\/\\\/www.instagram.com\\\/buletinde.bucuresti\\\/\"]},{\"@type\":\"Person\",\"@id\":\"https:\\\/\\\/buletin.de\\\/bucuresti\\\/#\\\/schema\\\/person\\\/31117187ed4d0bdb0a4c7d6acc79d0f8\",\"name\":\"C\u0103t\u0103lin Dosca\u0219\",\"image\":{\"@type\":\"ImageObject\",\"inLanguage\":\"en-GB\",\"@id\":\"https:\\\/\\\/buletin.de\\\/bucuresti\\\/wp-content\\\/uploads\\\/Catalin-Doscas-e1732731064764-96x96.jpga93e2943bb3b1c1f9ead823df6e6317a\",\"url\":\"https:\\\/\\\/buletin.de\\\/bucuresti\\\/wp-content\\\/uploads\\\/Catalin-Doscas-e1732731064764-96x96.jpg\",\"contentUrl\":\"https:\\\/\\\/buletin.de\\\/bucuresti\\\/wp-content\\\/uploads\\\/Catalin-Doscas-e1732731064764-96x96.jpg\",\"caption\":\"C\u0103t\u0103lin Dosca\u0219\"},\"description\":\"Reporter \u0219i redactor-\u0219ef Buletin de Bucure\u0219ti. Lucreaz\u0103 \u00een mass-media de la v\u00e2rsta de 15 ani, c\u00e2nd a publicat primele articole \u00een presa local\u0103 din Tecuci. \u00cen Bucure\u0219ti a lucrat \u00een redac\u021bii radio ca reporter, redactor \u0219i prezentator (StudentFM, Na\u021bionalFM, Radio Total, Smart FM), unde a acoperit domeniile politic, economic, social \u0219i externe. Ulterior, a fost editor-coordonator al postului Realitatea FM. Experien\u021ba \u00een jurnalismul online a dob\u00e2ndit-o la portalul B365.ro, unde a fost editor. \u00cen 2012 s-a angajat \u00een televiziune. La Realitatea TV a fost, pe r\u00e2nd, reporter la sec\u021bia Social, reporter special la emisiunea de reportaje \u0219i anchete \u201eReporterii Realit\u0103\u021bii\u201d, dar \u0219i editor al jurnalelor de \u0219tiri. Ulterior, a f\u0103cut parte din sec\u021bia de Investiga\u021bii de la Digi24 \u0219i a lucrat la campania \u201eRom\u00e2nia furat\u0103\u201d. A revenit \u00een presa scris\u0103 \u00een 2017, ca reporter special, \u00een cadrul unui proiect de repozi\u021bionare a tabloidului Libertatea \u00een cotidian generalist. Este jurnalist Buletin de Bucure\u0219ti din 2019.\",\"url\":\"https:\\\/\\\/buletin.de\\\/bucuresti\\\/author\\\/catalin\\\/\"}]}<\/script>\n<!-- \/ Yoast SEO Premium plugin. -->","yoast_head_json":{"title":"Perchezi\u021biile DNA vizeaz\u0103 repara\u021biile aeronavelor SMURD Bucure\u0219ti. Surse Buletin de Bucure\u0219ti: \u201cS-a ajuns la costuri de 14 mii de euro ora de zbor\u201d - Buletin de Bucure\u0219ti","robots":{"index":"index","follow":"follow","max-snippet":"max-snippet:-1","max-image-preview":"max-image-preview:large","max-video-preview":"max-video-preview:-1"},"canonical":"https:\/\/buletin.de\/bucuresti\/perchezitii-dna-vizeaza-reparatiile-aeronavelor-smurd-bucuresti-surse-s-a-ajuns-la-costuri-de-14-mii-de-euro-ora-de-zbor\/","og_locale":"en_GB","og_type":"article","og_title":"Perchezi\u021biile DNA vizeaz\u0103 repara\u021biile aeronavelor SMURD Bucure\u0219ti. Surse Buletin de Bucure\u0219ti: \u201cS-a ajuns la costuri de 14 mii de euro ora de zbor\u201d","og_description":"Procurorii militari din cadrul Direc\u021biei Na\u021bionale Anticorup\u021bie au extins cercet\u0103rile privind posibile fapte de corup\u021bie, la SMURD Bucure\u0219ti. Faptele s-au petrecut \u00eentre 2019 \u0219i 2023 \u0219i vizeaz\u0103 inclusiv mentenan\u021ba celor dou\u0103 avioane medicale operate de SMURD Bucure\u0219ti. \u201cE vorba despre pre\u021buri supraevaluate, pentru c\u0103 aeronavele intr\u0103 \u00een mentenan\u021ba la un anumit num\u0103r de ore. Sunt [&hellip;]","og_url":"https:\/\/buletin.de\/bucuresti\/perchezitii-dna-vizeaza-reparatiile-aeronavelor-smurd-bucuresti-surse-s-a-ajuns-la-costuri-de-14-mii-de-euro-ora-de-zbor\/","og_site_name":"Buletin de Bucure\u0219ti","article_publisher":"https:\/\/www.facebook.com\/buletin.de.buc","article_published_time":"2023-06-21T09:47:29+00:00","article_modified_time":"2023-06-21T12:00:35+00:00","og_image":[{"width":1600,"height":1067,"url":"https:\/\/buletin.de\/bucuresti\/wp-content\/uploads\/aeronava.jpg","type":"image\/jpeg"}],"author":"C\u0103t\u0103lin Dosca\u0219","twitter_card":"summary_large_image","twitter_misc":{"Written by":"C\u0103t\u0103lin Dosca\u0219","Estimated reading time":"2 minutes"},"schema":{"@context":"https:\/\/schema.org","@graph":[{"@type":"Article","@id":"https:\/\/buletin.de\/bucuresti\/perchezitii-dna-vizeaza-reparatiile-aeronavelor-smurd-bucuresti-surse-s-a-ajuns-la-costuri-de-14-mii-de-euro-ora-de-zbor\/#article","isPartOf":{"@id":"https:\/\/buletin.de\/bucuresti\/perchezitii-dna-vizeaza-reparatiile-aeronavelor-smurd-bucuresti-surse-s-a-ajuns-la-costuri-de-14-mii-de-euro-ora-de-zbor\/"},"author":{"name":"C\u0103t\u0103lin Dosca\u0219","@id":"https:\/\/buletin.de\/bucuresti\/#\/schema\/person\/31117187ed4d0bdb0a4c7d6acc79d0f8"},"headline":"Perchezi\u021biile DNA vizeaz\u0103 repara\u021biile aeronavelor SMURD Bucure\u0219ti. Surse Buletin de Bucure\u0219ti: \u201cS-a ajuns la costuri de 14 mii de euro ora de zbor\u201d","datePublished":"2023-06-21T09:47:29+00:00","dateModified":"2023-06-21T12:00:35+00:00","mainEntityOfPage":{"@id":"https:\/\/buletin.de\/bucuresti\/perchezitii-dna-vizeaza-reparatiile-aeronavelor-smurd-bucuresti-surse-s-a-ajuns-la-costuri-de-14-mii-de-euro-ora-de-zbor\/"},"wordCount":418,"publisher":{"@id":"https:\/\/buletin.de\/bucuresti\/#organization"},"image":{"@id":"https:\/\/buletin.de\/bucuresti\/perchezitii-dna-vizeaza-reparatiile-aeronavelor-smurd-bucuresti-surse-s-a-ajuns-la-costuri-de-14-mii-de-euro-ora-de-zbor\/#primaryimage"},"thumbnailUrl":"https:\/\/buletin.de\/bucuresti\/wp-content\/uploads\/aeronava.jpg","keywords":["ancheta","arafat","avioane medicale","avion","cesna","cessna","perchezitii","piper","Piper Cheyenne PA-42","smurd","surse"],"articleSection":["Featured","\u0218tiri"],"inLanguage":"en-GB","copyrightYear":"2023","copyrightHolder":{"@id":"https:\/\/buletin.de\/bucuresti\/#organization"}},{"@type":"WebPage","@id":"https:\/\/buletin.de\/bucuresti\/perchezitii-dna-vizeaza-reparatiile-aeronavelor-smurd-bucuresti-surse-s-a-ajuns-la-costuri-de-14-mii-de-euro-ora-de-zbor\/","url":"https:\/\/buletin.de\/bucuresti\/perchezitii-dna-vizeaza-reparatiile-aeronavelor-smurd-bucuresti-surse-s-a-ajuns-la-costuri-de-14-mii-de-euro-ora-de-zbor\/","name":"Perchezi\u021biile DNA vizeaz\u0103 repara\u021biile aeronavelor SMURD Bucure\u0219ti. Surse Buletin de Bucure\u0219ti: \u201cS-a ajuns la costuri de 14 mii de euro ora de zbor\u201d - Buletin de Bucure\u0219ti","isPartOf":{"@id":"https:\/\/buletin.de\/bucuresti\/#website"},"primaryImageOfPage":{"@id":"https:\/\/buletin.de\/bucuresti\/perchezitii-dna-vizeaza-reparatiile-aeronavelor-smurd-bucuresti-surse-s-a-ajuns-la-costuri-de-14-mii-de-euro-ora-de-zbor\/#primaryimage"},"image":{"@id":"https:\/\/buletin.de\/bucuresti\/perchezitii-dna-vizeaza-reparatiile-aeronavelor-smurd-bucuresti-surse-s-a-ajuns-la-costuri-de-14-mii-de-euro-ora-de-zbor\/#primaryimage"},"thumbnailUrl":"https:\/\/buletin.de\/bucuresti\/wp-content\/uploads\/aeronava.jpg","datePublished":"2023-06-21T09:47:29+00:00","dateModified":"2023-06-21T12:00:35+00:00","breadcrumb":{"@id":"https:\/\/buletin.de\/bucuresti\/perchezitii-dna-vizeaza-reparatiile-aeronavelor-smurd-bucuresti-surse-s-a-ajuns-la-costuri-de-14-mii-de-euro-ora-de-zbor\/#breadcrumb"},"inLanguage":"en-GB","potentialAction":[{"@type":"ReadAction","target":["https:\/\/buletin.de\/bucuresti\/perchezitii-dna-vizeaza-reparatiile-aeronavelor-smurd-bucuresti-surse-s-a-ajuns-la-costuri-de-14-mii-de-euro-ora-de-zbor\/"]}]},{"@type":"ImageObject","inLanguage":"en-GB","@id":"https:\/\/buletin.de\/bucuresti\/perchezitii-dna-vizeaza-reparatiile-aeronavelor-smurd-bucuresti-surse-s-a-ajuns-la-costuri-de-14-mii-de-euro-ora-de-zbor\/#primaryimage","url":"https:\/\/buletin.de\/bucuresti\/wp-content\/uploads\/aeronava.jpg","contentUrl":"https:\/\/buletin.de\/bucuresti\/wp-content\/uploads\/aeronava.jpg","width":1600,"height":1067},{"@type":"BreadcrumbList","@id":"https:\/\/buletin.de\/bucuresti\/perchezitii-dna-vizeaza-reparatiile-aeronavelor-smurd-bucuresti-surse-s-a-ajuns-la-costuri-de-14-mii-de-euro-ora-de-zbor\/#breadcrumb","itemListElement":[{"@type":"ListItem","position":1,"name":"Acas\u0103","item":"https:\/\/buletin.de\/bucuresti\/"},{"@type":"ListItem","position":2,"name":"Perchezi\u021biile DNA vizeaz\u0103 repara\u021biile aeronavelor SMURD Bucure\u0219ti. Surse Buletin de Bucure\u0219ti: \u201cS-a ajuns la costuri de 14 mii de euro ora de zbor\u201d"}]},{"@type":"WebSite","@id":"https:\/\/buletin.de\/bucuresti\/#website","url":"https:\/\/buletin.de\/bucuresti\/","name":"Buletin de Bucure\u0219ti","description":"\u0218tiri \u0219i investiga\u021bii esen\u021biale din capital\u0103","publisher":{"@id":"https:\/\/buletin.de\/bucuresti\/#organization"},"potentialAction":[{"@type":"SearchAction","target":{"@type":"EntryPoint","urlTemplate":"https:\/\/buletin.de\/bucuresti\/?s={search_term_string}"},"query-input":{"@type":"PropertyValueSpecification","valueRequired":true,"valueName":"search_term_string"}}],"inLanguage":"en-GB"},{"@type":"Organization","@id":"https:\/\/buletin.de\/bucuresti\/#organization","name":"Buletin de Bucure\u0219ti","url":"https:\/\/buletin.de\/bucuresti\/","logo":{"@type":"ImageObject","inLanguage":"en-GB","@id":"https:\/\/buletin.de\/bucuresti\/#\/schema\/logo\/image\/","url":"https:\/\/buletin.de\/bucuresti\/wp-content\/uploads\/logo-bdb-full-wide-vernil-transparent.png","contentUrl":"https:\/\/buletin.de\/bucuresti\/wp-content\/uploads\/logo-bdb-full-wide-vernil-transparent.png","width":1782,"height":626,"caption":"Buletin de Bucure\u0219ti"},"image":{"@id":"https:\/\/buletin.de\/bucuresti\/#\/schema\/logo\/image\/"},"sameAs":["https:\/\/www.facebook.com\/buletin.de.buc","https:\/\/www.instagram.com\/buletinde.bucuresti\/"]},{"@type":"Person","@id":"https:\/\/buletin.de\/bucuresti\/#\/schema\/person\/31117187ed4d0bdb0a4c7d6acc79d0f8","name":"C\u0103t\u0103lin Dosca\u0219","image":{"@type":"ImageObject","inLanguage":"en-GB","@id":"https:\/\/buletin.de\/bucuresti\/wp-content\/uploads\/Catalin-Doscas-e1732731064764-96x96.jpga93e2943bb3b1c1f9ead823df6e6317a","url":"https:\/\/buletin.de\/bucuresti\/wp-content\/uploads\/Catalin-Doscas-e1732731064764-96x96.jpg","contentUrl":"https:\/\/buletin.de\/bucuresti\/wp-content\/uploads\/Catalin-Doscas-e1732731064764-96x96.jpg","caption":"C\u0103t\u0103lin Dosca\u0219"},"description":"Reporter \u0219i redactor-\u0219ef Buletin de Bucure\u0219ti. Lucreaz\u0103 \u00een mass-media de la v\u00e2rsta de 15 ani, c\u00e2nd a publicat primele articole \u00een presa local\u0103 din Tecuci. \u00cen Bucure\u0219ti a lucrat \u00een redac\u021bii radio ca reporter, redactor \u0219i prezentator (StudentFM, Na\u021bionalFM, Radio Total, Smart FM), unde a acoperit domeniile politic, economic, social \u0219i externe. Ulterior, a fost editor-coordonator al postului Realitatea FM. Experien\u021ba \u00een jurnalismul online a dob\u00e2ndit-o la portalul B365.ro, unde a fost editor. \u00cen 2012 s-a angajat \u00een televiziune. La Realitatea TV a fost, pe r\u00e2nd, reporter la sec\u021bia Social, reporter special la emisiunea de reportaje \u0219i anchete \u201eReporterii Realit\u0103\u021bii\u201d, dar \u0219i editor al jurnalelor de \u0219tiri. Ulterior, a f\u0103cut parte din sec\u021bia de Investiga\u021bii de la Digi24 \u0219i a lucrat la campania \u201eRom\u00e2nia furat\u0103\u201d. A revenit \u00een presa scris\u0103 \u00een 2017, ca reporter special, \u00een cadrul unui proiect de repozi\u021bionare a tabloidului Libertatea \u00een cotidian generalist. Este jurnalist Buletin de Bucure\u0219ti din 2019.","url":"https:\/\/buletin.de\/bucuresti\/author\/catalin\/"}]}},"authors":[{"term_id":22575,"user_id":10,"is_guest":0,"slug":"catalin","display_name":"C\u0103t\u0103lin Dosca\u0219","avatar_url":"https:\/\/buletin.de\/bucuresti\/wp-content\/uploads\/Catalin-Doscas-e1732731064764-96x96.jpg","0":null,"1":"","2":"","3":"","4":"","5":"","6":"","7":"","8":""}],"_links":{"self":[{"href":"https:\/\/buletin.de\/bucuresti\/wp-json\/wp\/v2\/posts\/59635","targetHints":{"allow":["GET"]}}],"collection":[{"href":"https:\/\/buletin.de\/bucuresti\/wp-json\/wp\/v2\/posts"}],"about":[{"href":"https:\/\/buletin.de\/bucuresti\/wp-json\/wp\/v2\/types\/post"}],"author":[{"embeddable":true,"href":"https:\/\/buletin.de\/bucuresti\/wp-json\/wp\/v2\/users\/10"}],"replies":[{"embeddable":true,"href":"https:\/\/buletin.de\/bucuresti\/wp-json\/wp\/v2\/comments?post=59635"}],"version-history":[{"count":4,"href":"https:\/\/buletin.de\/bucuresti\/wp-json\/wp\/v2\/posts\/59635\/revisions"}],"predecessor-version":[{"id":59640,"href":"https:\/\/buletin.de\/bucuresti\/wp-json\/wp\/v2\/posts\/59635\/revisions\/59640"}],"wp:featuredmedia":[{"embeddable":true,"href":"https:\/\/buletin.de\/bucuresti\/wp-json\/wp\/v2\/media\/59636"}],"wp:attachment":[{"href":"https:\/\/buletin.de\/bucuresti\/wp-json\/wp\/v2\/media?parent=59635"}],"wp:term":[{"taxonomy":"category","embeddable":true,"href":"https:\/\/buletin.de\/bucuresti\/wp-json\/wp\/v2\/categories?post=59635"},{"taxonomy":"post_tag","embeddable":true,"href":"https:\/\/buletin.de\/bucuresti\/wp-json\/wp\/v2\/tags?post=59635"},{"taxonomy":"author","embeddable":true,"href":"https:\/\/buletin.de\/bucuresti\/wp-json\/wp\/v2\/ppma_author?post=59635"}],"curies":[{"name":"wp","href":"https:\/\/api.w.org\/{rel}","templated":true}]}}