{"id":59578,"date":"2023-06-20T13:29:47","date_gmt":"2023-06-20T11:29:47","guid":{"rendered":"https:\/\/buletin.de\/bucuresti\/?p=59578"},"modified":"2023-06-20T13:31:45","modified_gmt":"2023-06-20T11:31:45","slug":"procurorii-si-judecatorii-din-bucuresti-intra-de-miercuri-in-greva","status":"publish","type":"post","link":"https:\/\/buletin.de\/bucuresti\/procurorii-si-judecatorii-din-bucuresti-intra-de-miercuri-in-greva\/","title":{"rendered":"Procurorii \u0219i judec\u0103torii din Bucure\u0219ti intr\u0103, de miercuri, \u00een grev\u0103"},"content":{"rendered":"\n<p><strong>Magistra\u0163ii vor lucra doar cazurile urgente, \u00een semn de protest fa\u021b\u0103 de inten\u021bia guvernului de a modifica v\u00e2rsta \u0219i cuantumul pensiilor speciale.<\/strong><\/p>\n\n\n\n<p>Judec\u0103torii Cur\u021bii de Apel Bucure\u0219ti (CAB) au decis c\u0103 de miercuri, 21 iunie, vor am\u00e2na judecarea cauzelor, cu excep\u021bia celor urgente, \u201c<em>p\u00e2n\u0103 c\u00e2nd puterea legiuitoare va respecta statutul \u0219i munca tot mai \u00eempov\u0103r\u0103toare de la an la an, at\u00e2t a judec\u0103torilor, c\u00e2t \u0219i a personalului auxiliar de specialitate<\/em>\u201d, transmite <a href=\"https:\/\/www.biziday.ro\/\">biziday.ro<\/a>.<\/p>\n\n\n\n<p>Pentru c\u0103 legea nu le permite magistra\u021bilor s\u0103 declan\u0219eze greve, ace\u0219tia \u00ee\u0219i numesc protestul o form\u0103 de restr\u00e2ngere a activit\u0103\u021bii \u0219i am\u00e2nare a unor cauze, mai arat\u0103 sursa citat\u0103.<\/p>\n\n\n\n<p>Curtea transmite c\u0103 pensia judec\u0103torilor este \u201d<em>de serviciu, nu special\u0103, a\u0219a cum s-a confirmat \u00een spa\u021biul public, \u0219i este consacrat\u0103 \u00een legisla\u021bia la nivel na\u021bional \u00eenc\u0103 din anul 1997, iar legiuitorul nu a oferit niciun argument rezonabil pentru a o elimina\u201d. <\/em><\/p>\n\n\n\n<p>CAB a cerut Instan\u021bei Supreme, Avocatului Poporului, pre\u0219edintelui Iohannis \u0219i pre\u0219edin\u021bilor celor dou\u0103 camere ale Parlamentului \u201cs\u0103 sprijine \u00eentregul corp al magistra\u021bilor, prin formularea obiec\u021biilor de neconstitu\u021bionalitate la Curtea Constitu\u021bional\u0103 a Rom\u00e2niei\u201d.<\/p>\n\n\n\n<p>Adunarea General\u0103 a judec\u0103torilor din Tribunalul Bucure\u0219ti a hot\u0103r\u00e2t s\u0103 am\u00e2ne toate cauzele pe o perioad\u0103 nedeterminat\u0103, \u00eencep\u00e2nd de miercuri, cu excep\u021bia urm\u0103toarelor cauze: m\u0103suri preventive \u00een materie penal\u0103, perchezi\u021biile domiciliare \u0219i cauzele urgente \u00een materie civil\u0103 lato sensu (ordonan\u021be pre\u0219edin\u021biale viz\u00e2nd minori, m\u0103sura plasamentului de urgen\u021b\u0103, ordine de protec\u021bie, r\u0103pirile interna\u021bionale de minori, suspend\u0103ri provizorii de executare.<\/p>\n\n\n\n<p><\/p>\n\n\n\n<p><\/p>\n","protected":false},"excerpt":{"rendered":"<p>Magistra\u0163ii vor lucra doar cazurile urgente, \u00een semn de protest fa\u021b\u0103 de inten\u021bia guvernului de a modifica v\u00e2rsta \u0219i cuantumul pensiilor speciale. Judec\u0103torii Cur\u021bii de Apel Bucure\u0219ti (CAB) au decis c\u0103 de miercuri, 21 iunie, vor am\u00e2na judecarea cauzelor, cu excep\u021bia celor urgente, \u201cp\u00e2n\u0103 c\u00e2nd puterea legiuitoare va respecta statutul \u0219i munca tot mai \u00eempov\u0103r\u0103toare [&hellip;]<\/p>\n","protected":false},"author":10,"featured_media":59580,"comment_status":"closed","ping_status":"open","sticky":false,"template":"","format":"standard","meta":{"_acf_changed":false,"inline_featured_image":false,"ngg_post_thumbnail":0,"footnotes":""},"categories":[62],"tags":[9,4185,2442,5945,3288],"ppma_author":[22575],"class_list":["post-59578","post","type-post","status-publish","format-standard","has-post-thumbnail","hentry","category-stiri","tag-bucuresti","tag-cab","tag-greva","tag-magistrati","tag-procurori"],"acf":[],"yoast_head":"<!-- This site is optimized with the Yoast SEO Premium plugin v25.3 (Yoast SEO v27.5) - https:\/\/yoast.com\/product\/yoast-seo-premium-wordpress\/ -->\n<title>Procurorii \u0219i judec\u0103torii din Bucure\u0219ti intr\u0103, de miercuri, \u00een grev\u0103 - Buletin de Bucure\u0219ti<\/title>\n<meta name=\"robots\" content=\"index, follow, max-snippet:-1, max-image-preview:large, max-video-preview:-1\" \/>\n<link rel=\"canonical\" href=\"https:\/\/buletin.de\/bucuresti\/procurorii-si-judecatorii-din-bucuresti-intra-de-miercuri-in-greva\/\" \/>\n<meta property=\"og:locale\" content=\"en_GB\" \/>\n<meta property=\"og:type\" content=\"article\" \/>\n<meta property=\"og:title\" content=\"Procurorii \u0219i judec\u0103torii din Bucure\u0219ti intr\u0103, de miercuri, \u00een grev\u0103\" \/>\n<meta property=\"og:description\" content=\"Magistra\u0163ii vor lucra doar cazurile urgente, \u00een semn de protest fa\u021b\u0103 de inten\u021bia guvernului de a modifica v\u00e2rsta \u0219i cuantumul pensiilor speciale. Judec\u0103torii Cur\u021bii de Apel Bucure\u0219ti (CAB) au decis c\u0103 de miercuri, 21 iunie, vor am\u00e2na judecarea cauzelor, cu excep\u021bia celor urgente, \u201cp\u00e2n\u0103 c\u00e2nd puterea legiuitoare va respecta statutul \u0219i munca tot mai \u00eempov\u0103r\u0103toare [&hellip;]\" \/>\n<meta property=\"og:url\" content=\"https:\/\/buletin.de\/bucuresti\/procurorii-si-judecatorii-din-bucuresti-intra-de-miercuri-in-greva\/\" \/>\n<meta property=\"og:site_name\" content=\"Buletin de Bucure\u0219ti\" \/>\n<meta property=\"article:publisher\" content=\"https:\/\/www.facebook.com\/buletin.de.buc\" \/>\n<meta property=\"article:published_time\" content=\"2023-06-20T11:29:47+00:00\" \/>\n<meta property=\"article:modified_time\" content=\"2023-06-20T11:31:45+00:00\" \/>\n<meta property=\"og:image\" content=\"https:\/\/buletin.de\/bucuresti\/wp-content\/uploads\/tingey-injury-law-firm-DZpc4UY8ZtY-unsplash.jpg\" \/>\n\t<meta property=\"og:image:width\" content=\"2000\" \/>\n\t<meta property=\"og:image:height\" content=\"1333\" \/>\n\t<meta property=\"og:image:type\" content=\"image\/jpeg\" \/>\n<meta name=\"author\" content=\"C\u0103t\u0103lin Dosca\u0219\" \/>\n<meta name=\"twitter:card\" content=\"summary_large_image\" \/>\n<meta name=\"twitter:label1\" content=\"Written by\" \/>\n\t<meta name=\"twitter:data1\" content=\"C\u0103t\u0103lin Dosca\u0219\" \/>\n\t<meta name=\"twitter:label2\" content=\"Estimated reading time\" \/>\n\t<meta name=\"twitter:data2\" content=\"2 minutes\" \/>\n<script type=\"application\/ld+json\" class=\"yoast-schema-graph\">{\"@context\":\"https:\\\/\\\/schema.org\",\"@graph\":[{\"@type\":\"Article\",\"@id\":\"https:\\\/\\\/buletin.de\\\/bucuresti\\\/procurorii-si-judecatorii-din-bucuresti-intra-de-miercuri-in-greva\\\/#article\",\"isPartOf\":{\"@id\":\"https:\\\/\\\/buletin.de\\\/bucuresti\\\/procurorii-si-judecatorii-din-bucuresti-intra-de-miercuri-in-greva\\\/\"},\"author\":{\"name\":\"C\u0103t\u0103lin Dosca\u0219\",\"@id\":\"https:\\\/\\\/buletin.de\\\/bucuresti\\\/#\\\/schema\\\/person\\\/31117187ed4d0bdb0a4c7d6acc79d0f8\"},\"headline\":\"Procurorii \u0219i judec\u0103torii din Bucure\u0219ti intr\u0103, de miercuri, \u00een grev\u0103\",\"datePublished\":\"2023-06-20T11:29:47+00:00\",\"dateModified\":\"2023-06-20T11:31:45+00:00\",\"mainEntityOfPage\":{\"@id\":\"https:\\\/\\\/buletin.de\\\/bucuresti\\\/procurorii-si-judecatorii-din-bucuresti-intra-de-miercuri-in-greva\\\/\"},\"wordCount\":297,\"publisher\":{\"@id\":\"https:\\\/\\\/buletin.de\\\/bucuresti\\\/#organization\"},\"image\":{\"@id\":\"https:\\\/\\\/buletin.de\\\/bucuresti\\\/procurorii-si-judecatorii-din-bucuresti-intra-de-miercuri-in-greva\\\/#primaryimage\"},\"thumbnailUrl\":\"https:\\\/\\\/buletin.de\\\/bucuresti\\\/wp-content\\\/uploads\\\/tingey-injury-law-firm-DZpc4UY8ZtY-unsplash.jpg\",\"keywords\":[\"bucuresti\",\"cab\",\"greva\",\"magistrati\",\"procurori\"],\"articleSection\":[\"\u0218tiri\"],\"inLanguage\":\"en-GB\",\"copyrightYear\":\"2023\",\"copyrightHolder\":{\"@id\":\"https:\\\/\\\/buletin.de\\\/bucuresti\\\/#organization\"}},{\"@type\":\"WebPage\",\"@id\":\"https:\\\/\\\/buletin.de\\\/bucuresti\\\/procurorii-si-judecatorii-din-bucuresti-intra-de-miercuri-in-greva\\\/\",\"url\":\"https:\\\/\\\/buletin.de\\\/bucuresti\\\/procurorii-si-judecatorii-din-bucuresti-intra-de-miercuri-in-greva\\\/\",\"name\":\"Procurorii \u0219i judec\u0103torii din Bucure\u0219ti intr\u0103, de miercuri, \u00een grev\u0103 - Buletin de Bucure\u0219ti\",\"isPartOf\":{\"@id\":\"https:\\\/\\\/buletin.de\\\/bucuresti\\\/#website\"},\"primaryImageOfPage\":{\"@id\":\"https:\\\/\\\/buletin.de\\\/bucuresti\\\/procurorii-si-judecatorii-din-bucuresti-intra-de-miercuri-in-greva\\\/#primaryimage\"},\"image\":{\"@id\":\"https:\\\/\\\/buletin.de\\\/bucuresti\\\/procurorii-si-judecatorii-din-bucuresti-intra-de-miercuri-in-greva\\\/#primaryimage\"},\"thumbnailUrl\":\"https:\\\/\\\/buletin.de\\\/bucuresti\\\/wp-content\\\/uploads\\\/tingey-injury-law-firm-DZpc4UY8ZtY-unsplash.jpg\",\"datePublished\":\"2023-06-20T11:29:47+00:00\",\"dateModified\":\"2023-06-20T11:31:45+00:00\",\"breadcrumb\":{\"@id\":\"https:\\\/\\\/buletin.de\\\/bucuresti\\\/procurorii-si-judecatorii-din-bucuresti-intra-de-miercuri-in-greva\\\/#breadcrumb\"},\"inLanguage\":\"en-GB\",\"potentialAction\":[{\"@type\":\"ReadAction\",\"target\":[\"https:\\\/\\\/buletin.de\\\/bucuresti\\\/procurorii-si-judecatorii-din-bucuresti-intra-de-miercuri-in-greva\\\/\"]}]},{\"@type\":\"ImageObject\",\"inLanguage\":\"en-GB\",\"@id\":\"https:\\\/\\\/buletin.de\\\/bucuresti\\\/procurorii-si-judecatorii-din-bucuresti-intra-de-miercuri-in-greva\\\/#primaryimage\",\"url\":\"https:\\\/\\\/buletin.de\\\/bucuresti\\\/wp-content\\\/uploads\\\/tingey-injury-law-firm-DZpc4UY8ZtY-unsplash.jpg\",\"contentUrl\":\"https:\\\/\\\/buletin.de\\\/bucuresti\\\/wp-content\\\/uploads\\\/tingey-injury-law-firm-DZpc4UY8ZtY-unsplash.jpg\",\"width\":2000,\"height\":1333},{\"@type\":\"BreadcrumbList\",\"@id\":\"https:\\\/\\\/buletin.de\\\/bucuresti\\\/procurorii-si-judecatorii-din-bucuresti-intra-de-miercuri-in-greva\\\/#breadcrumb\",\"itemListElement\":[{\"@type\":\"ListItem\",\"position\":1,\"name\":\"Acas\u0103\",\"item\":\"https:\\\/\\\/buletin.de\\\/bucuresti\\\/\"},{\"@type\":\"ListItem\",\"position\":2,\"name\":\"Procurorii \u0219i judec\u0103torii din Bucure\u0219ti intr\u0103, de miercuri, \u00een grev\u0103\"}]},{\"@type\":\"WebSite\",\"@id\":\"https:\\\/\\\/buletin.de\\\/bucuresti\\\/#website\",\"url\":\"https:\\\/\\\/buletin.de\\\/bucuresti\\\/\",\"name\":\"Buletin de Bucure\u0219ti\",\"description\":\"\u0218tiri \u0219i investiga\u021bii esen\u021biale din capital\u0103\",\"publisher\":{\"@id\":\"https:\\\/\\\/buletin.de\\\/bucuresti\\\/#organization\"},\"potentialAction\":[{\"@type\":\"SearchAction\",\"target\":{\"@type\":\"EntryPoint\",\"urlTemplate\":\"https:\\\/\\\/buletin.de\\\/bucuresti\\\/?s={search_term_string}\"},\"query-input\":{\"@type\":\"PropertyValueSpecification\",\"valueRequired\":true,\"valueName\":\"search_term_string\"}}],\"inLanguage\":\"en-GB\"},{\"@type\":\"Organization\",\"@id\":\"https:\\\/\\\/buletin.de\\\/bucuresti\\\/#organization\",\"name\":\"Buletin de Bucure\u0219ti\",\"url\":\"https:\\\/\\\/buletin.de\\\/bucuresti\\\/\",\"logo\":{\"@type\":\"ImageObject\",\"inLanguage\":\"en-GB\",\"@id\":\"https:\\\/\\\/buletin.de\\\/bucuresti\\\/#\\\/schema\\\/logo\\\/image\\\/\",\"url\":\"https:\\\/\\\/buletin.de\\\/bucuresti\\\/wp-content\\\/uploads\\\/logo-bdb-full-wide-vernil-transparent.png\",\"contentUrl\":\"https:\\\/\\\/buletin.de\\\/bucuresti\\\/wp-content\\\/uploads\\\/logo-bdb-full-wide-vernil-transparent.png\",\"width\":1782,\"height\":626,\"caption\":\"Buletin de Bucure\u0219ti\"},\"image\":{\"@id\":\"https:\\\/\\\/buletin.de\\\/bucuresti\\\/#\\\/schema\\\/logo\\\/image\\\/\"},\"sameAs\":[\"https:\\\/\\\/www.facebook.com\\\/buletin.de.buc\",\"https:\\\/\\\/www.instagram.com\\\/buletinde.bucuresti\\\/\"]},{\"@type\":\"Person\",\"@id\":\"https:\\\/\\\/buletin.de\\\/bucuresti\\\/#\\\/schema\\\/person\\\/31117187ed4d0bdb0a4c7d6acc79d0f8\",\"name\":\"C\u0103t\u0103lin Dosca\u0219\",\"image\":{\"@type\":\"ImageObject\",\"inLanguage\":\"en-GB\",\"@id\":\"https:\\\/\\\/buletin.de\\\/bucuresti\\\/wp-content\\\/uploads\\\/Catalin-Doscas-e1732731064764-96x96.jpga93e2943bb3b1c1f9ead823df6e6317a\",\"url\":\"https:\\\/\\\/buletin.de\\\/bucuresti\\\/wp-content\\\/uploads\\\/Catalin-Doscas-e1732731064764-96x96.jpg\",\"contentUrl\":\"https:\\\/\\\/buletin.de\\\/bucuresti\\\/wp-content\\\/uploads\\\/Catalin-Doscas-e1732731064764-96x96.jpg\",\"caption\":\"C\u0103t\u0103lin Dosca\u0219\"},\"description\":\"Reporter \u0219i redactor-\u0219ef Buletin de Bucure\u0219ti. Lucreaz\u0103 \u00een mass-media de la v\u00e2rsta de 15 ani, c\u00e2nd a publicat primele articole \u00een presa local\u0103 din Tecuci. \u00cen Bucure\u0219ti a lucrat \u00een redac\u021bii radio ca reporter, redactor \u0219i prezentator (StudentFM, Na\u021bionalFM, Radio Total, Smart FM), unde a acoperit domeniile politic, economic, social \u0219i externe. Ulterior, a fost editor-coordonator al postului Realitatea FM. Experien\u021ba \u00een jurnalismul online a dob\u00e2ndit-o la portalul B365.ro, unde a fost editor. \u00cen 2012 s-a angajat \u00een televiziune. La Realitatea TV a fost, pe r\u00e2nd, reporter la sec\u021bia Social, reporter special la emisiunea de reportaje \u0219i anchete \u201eReporterii Realit\u0103\u021bii\u201d, dar \u0219i editor al jurnalelor de \u0219tiri. Ulterior, a f\u0103cut parte din sec\u021bia de Investiga\u021bii de la Digi24 \u0219i a lucrat la campania \u201eRom\u00e2nia furat\u0103\u201d. A revenit \u00een presa scris\u0103 \u00een 2017, ca reporter special, \u00een cadrul unui proiect de repozi\u021bionare a tabloidului Libertatea \u00een cotidian generalist. Este jurnalist Buletin de Bucure\u0219ti din 2019.\",\"url\":\"https:\\\/\\\/buletin.de\\\/bucuresti\\\/author\\\/catalin\\\/\"}]}<\/script>\n<!-- \/ Yoast SEO Premium plugin. -->","yoast_head_json":{"title":"Procurorii \u0219i judec\u0103torii din Bucure\u0219ti intr\u0103, de miercuri, \u00een grev\u0103 - Buletin de Bucure\u0219ti","robots":{"index":"index","follow":"follow","max-snippet":"max-snippet:-1","max-image-preview":"max-image-preview:large","max-video-preview":"max-video-preview:-1"},"canonical":"https:\/\/buletin.de\/bucuresti\/procurorii-si-judecatorii-din-bucuresti-intra-de-miercuri-in-greva\/","og_locale":"en_GB","og_type":"article","og_title":"Procurorii \u0219i judec\u0103torii din Bucure\u0219ti intr\u0103, de miercuri, \u00een grev\u0103","og_description":"Magistra\u0163ii vor lucra doar cazurile urgente, \u00een semn de protest fa\u021b\u0103 de inten\u021bia guvernului de a modifica v\u00e2rsta \u0219i cuantumul pensiilor speciale. Judec\u0103torii Cur\u021bii de Apel Bucure\u0219ti (CAB) au decis c\u0103 de miercuri, 21 iunie, vor am\u00e2na judecarea cauzelor, cu excep\u021bia celor urgente, \u201cp\u00e2n\u0103 c\u00e2nd puterea legiuitoare va respecta statutul \u0219i munca tot mai \u00eempov\u0103r\u0103toare [&hellip;]","og_url":"https:\/\/buletin.de\/bucuresti\/procurorii-si-judecatorii-din-bucuresti-intra-de-miercuri-in-greva\/","og_site_name":"Buletin de Bucure\u0219ti","article_publisher":"https:\/\/www.facebook.com\/buletin.de.buc","article_published_time":"2023-06-20T11:29:47+00:00","article_modified_time":"2023-06-20T11:31:45+00:00","og_image":[{"width":2000,"height":1333,"url":"https:\/\/buletin.de\/bucuresti\/wp-content\/uploads\/tingey-injury-law-firm-DZpc4UY8ZtY-unsplash.jpg","type":"image\/jpeg"}],"author":"C\u0103t\u0103lin Dosca\u0219","twitter_card":"summary_large_image","twitter_misc":{"Written by":"C\u0103t\u0103lin Dosca\u0219","Estimated reading time":"2 minutes"},"schema":{"@context":"https:\/\/schema.org","@graph":[{"@type":"Article","@id":"https:\/\/buletin.de\/bucuresti\/procurorii-si-judecatorii-din-bucuresti-intra-de-miercuri-in-greva\/#article","isPartOf":{"@id":"https:\/\/buletin.de\/bucuresti\/procurorii-si-judecatorii-din-bucuresti-intra-de-miercuri-in-greva\/"},"author":{"name":"C\u0103t\u0103lin Dosca\u0219","@id":"https:\/\/buletin.de\/bucuresti\/#\/schema\/person\/31117187ed4d0bdb0a4c7d6acc79d0f8"},"headline":"Procurorii \u0219i judec\u0103torii din Bucure\u0219ti intr\u0103, de miercuri, \u00een grev\u0103","datePublished":"2023-06-20T11:29:47+00:00","dateModified":"2023-06-20T11:31:45+00:00","mainEntityOfPage":{"@id":"https:\/\/buletin.de\/bucuresti\/procurorii-si-judecatorii-din-bucuresti-intra-de-miercuri-in-greva\/"},"wordCount":297,"publisher":{"@id":"https:\/\/buletin.de\/bucuresti\/#organization"},"image":{"@id":"https:\/\/buletin.de\/bucuresti\/procurorii-si-judecatorii-din-bucuresti-intra-de-miercuri-in-greva\/#primaryimage"},"thumbnailUrl":"https:\/\/buletin.de\/bucuresti\/wp-content\/uploads\/tingey-injury-law-firm-DZpc4UY8ZtY-unsplash.jpg","keywords":["bucuresti","cab","greva","magistrati","procurori"],"articleSection":["\u0218tiri"],"inLanguage":"en-GB","copyrightYear":"2023","copyrightHolder":{"@id":"https:\/\/buletin.de\/bucuresti\/#organization"}},{"@type":"WebPage","@id":"https:\/\/buletin.de\/bucuresti\/procurorii-si-judecatorii-din-bucuresti-intra-de-miercuri-in-greva\/","url":"https:\/\/buletin.de\/bucuresti\/procurorii-si-judecatorii-din-bucuresti-intra-de-miercuri-in-greva\/","name":"Procurorii \u0219i judec\u0103torii din Bucure\u0219ti intr\u0103, de miercuri, \u00een grev\u0103 - Buletin de Bucure\u0219ti","isPartOf":{"@id":"https:\/\/buletin.de\/bucuresti\/#website"},"primaryImageOfPage":{"@id":"https:\/\/buletin.de\/bucuresti\/procurorii-si-judecatorii-din-bucuresti-intra-de-miercuri-in-greva\/#primaryimage"},"image":{"@id":"https:\/\/buletin.de\/bucuresti\/procurorii-si-judecatorii-din-bucuresti-intra-de-miercuri-in-greva\/#primaryimage"},"thumbnailUrl":"https:\/\/buletin.de\/bucuresti\/wp-content\/uploads\/tingey-injury-law-firm-DZpc4UY8ZtY-unsplash.jpg","datePublished":"2023-06-20T11:29:47+00:00","dateModified":"2023-06-20T11:31:45+00:00","breadcrumb":{"@id":"https:\/\/buletin.de\/bucuresti\/procurorii-si-judecatorii-din-bucuresti-intra-de-miercuri-in-greva\/#breadcrumb"},"inLanguage":"en-GB","potentialAction":[{"@type":"ReadAction","target":["https:\/\/buletin.de\/bucuresti\/procurorii-si-judecatorii-din-bucuresti-intra-de-miercuri-in-greva\/"]}]},{"@type":"ImageObject","inLanguage":"en-GB","@id":"https:\/\/buletin.de\/bucuresti\/procurorii-si-judecatorii-din-bucuresti-intra-de-miercuri-in-greva\/#primaryimage","url":"https:\/\/buletin.de\/bucuresti\/wp-content\/uploads\/tingey-injury-law-firm-DZpc4UY8ZtY-unsplash.jpg","contentUrl":"https:\/\/buletin.de\/bucuresti\/wp-content\/uploads\/tingey-injury-law-firm-DZpc4UY8ZtY-unsplash.jpg","width":2000,"height":1333},{"@type":"BreadcrumbList","@id":"https:\/\/buletin.de\/bucuresti\/procurorii-si-judecatorii-din-bucuresti-intra-de-miercuri-in-greva\/#breadcrumb","itemListElement":[{"@type":"ListItem","position":1,"name":"Acas\u0103","item":"https:\/\/buletin.de\/bucuresti\/"},{"@type":"ListItem","position":2,"name":"Procurorii \u0219i judec\u0103torii din Bucure\u0219ti intr\u0103, de miercuri, \u00een grev\u0103"}]},{"@type":"WebSite","@id":"https:\/\/buletin.de\/bucuresti\/#website","url":"https:\/\/buletin.de\/bucuresti\/","name":"Buletin de Bucure\u0219ti","description":"\u0218tiri \u0219i investiga\u021bii esen\u021biale din capital\u0103","publisher":{"@id":"https:\/\/buletin.de\/bucuresti\/#organization"},"potentialAction":[{"@type":"SearchAction","target":{"@type":"EntryPoint","urlTemplate":"https:\/\/buletin.de\/bucuresti\/?s={search_term_string}"},"query-input":{"@type":"PropertyValueSpecification","valueRequired":true,"valueName":"search_term_string"}}],"inLanguage":"en-GB"},{"@type":"Organization","@id":"https:\/\/buletin.de\/bucuresti\/#organization","name":"Buletin de Bucure\u0219ti","url":"https:\/\/buletin.de\/bucuresti\/","logo":{"@type":"ImageObject","inLanguage":"en-GB","@id":"https:\/\/buletin.de\/bucuresti\/#\/schema\/logo\/image\/","url":"https:\/\/buletin.de\/bucuresti\/wp-content\/uploads\/logo-bdb-full-wide-vernil-transparent.png","contentUrl":"https:\/\/buletin.de\/bucuresti\/wp-content\/uploads\/logo-bdb-full-wide-vernil-transparent.png","width":1782,"height":626,"caption":"Buletin de Bucure\u0219ti"},"image":{"@id":"https:\/\/buletin.de\/bucuresti\/#\/schema\/logo\/image\/"},"sameAs":["https:\/\/www.facebook.com\/buletin.de.buc","https:\/\/www.instagram.com\/buletinde.bucuresti\/"]},{"@type":"Person","@id":"https:\/\/buletin.de\/bucuresti\/#\/schema\/person\/31117187ed4d0bdb0a4c7d6acc79d0f8","name":"C\u0103t\u0103lin Dosca\u0219","image":{"@type":"ImageObject","inLanguage":"en-GB","@id":"https:\/\/buletin.de\/bucuresti\/wp-content\/uploads\/Catalin-Doscas-e1732731064764-96x96.jpga93e2943bb3b1c1f9ead823df6e6317a","url":"https:\/\/buletin.de\/bucuresti\/wp-content\/uploads\/Catalin-Doscas-e1732731064764-96x96.jpg","contentUrl":"https:\/\/buletin.de\/bucuresti\/wp-content\/uploads\/Catalin-Doscas-e1732731064764-96x96.jpg","caption":"C\u0103t\u0103lin Dosca\u0219"},"description":"Reporter \u0219i redactor-\u0219ef Buletin de Bucure\u0219ti. Lucreaz\u0103 \u00een mass-media de la v\u00e2rsta de 15 ani, c\u00e2nd a publicat primele articole \u00een presa local\u0103 din Tecuci. \u00cen Bucure\u0219ti a lucrat \u00een redac\u021bii radio ca reporter, redactor \u0219i prezentator (StudentFM, Na\u021bionalFM, Radio Total, Smart FM), unde a acoperit domeniile politic, economic, social \u0219i externe. Ulterior, a fost editor-coordonator al postului Realitatea FM. Experien\u021ba \u00een jurnalismul online a dob\u00e2ndit-o la portalul B365.ro, unde a fost editor. \u00cen 2012 s-a angajat \u00een televiziune. La Realitatea TV a fost, pe r\u00e2nd, reporter la sec\u021bia Social, reporter special la emisiunea de reportaje \u0219i anchete \u201eReporterii Realit\u0103\u021bii\u201d, dar \u0219i editor al jurnalelor de \u0219tiri. Ulterior, a f\u0103cut parte din sec\u021bia de Investiga\u021bii de la Digi24 \u0219i a lucrat la campania \u201eRom\u00e2nia furat\u0103\u201d. A revenit \u00een presa scris\u0103 \u00een 2017, ca reporter special, \u00een cadrul unui proiect de repozi\u021bionare a tabloidului Libertatea \u00een cotidian generalist. Este jurnalist Buletin de Bucure\u0219ti din 2019.","url":"https:\/\/buletin.de\/bucuresti\/author\/catalin\/"}]}},"authors":[{"term_id":22575,"user_id":10,"is_guest":0,"slug":"catalin","display_name":"C\u0103t\u0103lin Dosca\u0219","avatar_url":"https:\/\/buletin.de\/bucuresti\/wp-content\/uploads\/Catalin-Doscas-e1732731064764-96x96.jpg","0":null,"1":"","2":"","3":"","4":"","5":"","6":"","7":"","8":""}],"_links":{"self":[{"href":"https:\/\/buletin.de\/bucuresti\/wp-json\/wp\/v2\/posts\/59578","targetHints":{"allow":["GET"]}}],"collection":[{"href":"https:\/\/buletin.de\/bucuresti\/wp-json\/wp\/v2\/posts"}],"about":[{"href":"https:\/\/buletin.de\/bucuresti\/wp-json\/wp\/v2\/types\/post"}],"author":[{"embeddable":true,"href":"https:\/\/buletin.de\/bucuresti\/wp-json\/wp\/v2\/users\/10"}],"replies":[{"embeddable":true,"href":"https:\/\/buletin.de\/bucuresti\/wp-json\/wp\/v2\/comments?post=59578"}],"version-history":[{"count":2,"href":"https:\/\/buletin.de\/bucuresti\/wp-json\/wp\/v2\/posts\/59578\/revisions"}],"predecessor-version":[{"id":59582,"href":"https:\/\/buletin.de\/bucuresti\/wp-json\/wp\/v2\/posts\/59578\/revisions\/59582"}],"wp:featuredmedia":[{"embeddable":true,"href":"https:\/\/buletin.de\/bucuresti\/wp-json\/wp\/v2\/media\/59580"}],"wp:attachment":[{"href":"https:\/\/buletin.de\/bucuresti\/wp-json\/wp\/v2\/media?parent=59578"}],"wp:term":[{"taxonomy":"category","embeddable":true,"href":"https:\/\/buletin.de\/bucuresti\/wp-json\/wp\/v2\/categories?post=59578"},{"taxonomy":"post_tag","embeddable":true,"href":"https:\/\/buletin.de\/bucuresti\/wp-json\/wp\/v2\/tags?post=59578"},{"taxonomy":"author","embeddable":true,"href":"https:\/\/buletin.de\/bucuresti\/wp-json\/wp\/v2\/ppma_author?post=59578"}],"curies":[{"name":"wp","href":"https:\/\/api.w.org\/{rel}","templated":true}]}}