{"id":59558,"date":"2023-06-20T12:09:57","date_gmt":"2023-06-20T10:09:57","guid":{"rendered":"https:\/\/buletin.de\/bucuresti\/?p=59558"},"modified":"2023-06-20T14:25:51","modified_gmt":"2023-06-20T12:25:51","slug":"locuitorii-din-sectorul-1-vor-lua-stimulente-financiare-pentru-energie","status":"publish","type":"post","link":"https:\/\/buletin.de\/bucuresti\/locuitorii-din-sectorul-1-vor-lua-stimulente-financiare-pentru-energie\/","title":{"rendered":"Locuitorii din Sectorul 1 vor lua stimulente financiare pentru energie"},"content":{"rendered":"\n<p><strong>Consiliul Local al Sectorului 1 a aprobat, la propunerea primarului Clotilde Armand, acordarea unor stimulente financiare \u00eentre 1.000 \u015fi 3.000 de lei pentru combaterea crizei energetice pentru locuitorii din Sector.\u00a0Programul este menit s\u0103 asigure nevoile energetice ale cet\u0103\u0163enilor \u015fi s\u0103 creasc\u0103 eficien\u0163a energetic\u0103 \u00een comunitate.<\/strong><\/p>\n\n\n\n<p>Beneficiarii acestui program trebuie s\u0103 aib\u0103 v\u00e2rsta de minimum 18 ani, s\u0103 aib\u0103 domiciliul sau re\u015fedin\u0163a \u00een Sectorul 1 al Capitalei, s\u0103 de\u0163in\u0103 un buletin sau carte de identitate valabil\u0103 \u015fi s\u0103 fac\u0103 parte dintr-o gospod\u0103rie, declar\u00e2ndu-se reprezentant al acesteia.<\/p>\n\n\n\n<p>Cet\u0103\u0163enii Sectorului 1 trebuie s\u0103 \u00eencarce documente precum facturi de energie electric\u0103, gaz sau de electrocasnice iar toate informa\u0163iile sunt pe site-ul&nbsp;<a href=\"https:\/\/ticheteanticriza.primarias1.ro\/\">www.ticheteanticriza.primarias1.ro<\/a>.<\/p>\n\n\n\n<p>Locuitorii Sectorului 1 vor completa IBAN-ul contului bancar unde vor primi p\u00e2n\u0103 la 3.000 de lei iar stimulentele financiare sunt acordate diferen\u0163iat, \u00een func\u0163ie de veniturile pe cap de membru de familie, pe gospod\u0103rie.<\/p>\n","protected":false},"excerpt":{"rendered":"<p>Consiliul Local al Sectorului 1 a aprobat, la propunerea primarului Clotilde Armand, acordarea unor stimulente financiare \u00eentre 1.000 \u015fi 3.000 de lei pentru combaterea crizei energetice pentru locuitorii din Sector.\u00a0Programul este menit s\u0103 asigure nevoile energetice ale cet\u0103\u0163enilor \u015fi s\u0103 creasc\u0103 eficien\u0163a energetic\u0103 \u00een comunitate. Beneficiarii acestui program trebuie s\u0103 aib\u0103 v\u00e2rsta de minimum 18 [&hellip;]<\/p>\n","protected":false},"author":49,"featured_media":59560,"comment_status":"closed","ping_status":"open","sticky":false,"template":"","format":"standard","meta":{"_acf_changed":false,"inline_featured_image":false,"ngg_post_thumbnail":0,"footnotes":""},"categories":[24],"tags":[5940],"ppma_author":[22574],"class_list":["post-59558","post","type-post","status-publish","format-standard","has-post-thumbnail","hentry","category-primarie","tag-stimulente-enegie-sector-1"],"acf":[],"yoast_head":"<!-- This site is optimized with the Yoast SEO Premium plugin v25.3 (Yoast SEO v27.5) - https:\/\/yoast.com\/product\/yoast-seo-premium-wordpress\/ -->\n<title>Locuitorii din Sectorul 1 vor lua stimulente financiare pentru energie - Buletin de Bucure\u0219ti<\/title>\n<meta name=\"robots\" content=\"index, follow, max-snippet:-1, max-image-preview:large, max-video-preview:-1\" \/>\n<link rel=\"canonical\" href=\"https:\/\/buletin.de\/bucuresti\/locuitorii-din-sectorul-1-vor-lua-stimulente-financiare-pentru-energie\/\" \/>\n<meta property=\"og:locale\" content=\"en_GB\" \/>\n<meta property=\"og:type\" content=\"article\" \/>\n<meta property=\"og:title\" content=\"Locuitorii din Sectorul 1 vor lua stimulente financiare pentru energie\" \/>\n<meta property=\"og:description\" content=\"Consiliul Local al Sectorului 1 a aprobat, la propunerea primarului Clotilde Armand, acordarea unor stimulente financiare \u00eentre 1.000 \u015fi 3.000 de lei pentru combaterea crizei energetice pentru locuitorii din Sector.\u00a0Programul este menit s\u0103 asigure nevoile energetice ale cet\u0103\u0163enilor \u015fi s\u0103 creasc\u0103 eficien\u0163a energetic\u0103 \u00een comunitate. Beneficiarii acestui program trebuie s\u0103 aib\u0103 v\u00e2rsta de minimum 18 [&hellip;]\" \/>\n<meta property=\"og:url\" content=\"https:\/\/buletin.de\/bucuresti\/locuitorii-din-sectorul-1-vor-lua-stimulente-financiare-pentru-energie\/\" \/>\n<meta property=\"og:site_name\" content=\"Buletin de Bucure\u0219ti\" \/>\n<meta property=\"article:publisher\" content=\"https:\/\/www.facebook.com\/buletin.de.buc\" \/>\n<meta property=\"article:published_time\" content=\"2023-06-20T10:09:57+00:00\" \/>\n<meta property=\"article:modified_time\" content=\"2023-06-20T12:25:51+00:00\" \/>\n<meta property=\"og:image\" content=\"https:\/\/buletin.de\/bucuresti\/wp-content\/uploads\/josh-appel-NeTPASr-bmQ-unsplash.jpg\" \/>\n\t<meta property=\"og:image:width\" content=\"2000\" \/>\n\t<meta property=\"og:image:height\" content=\"1502\" \/>\n\t<meta property=\"og:image:type\" content=\"image\/jpeg\" \/>\n<meta name=\"author\" content=\"Diana Matei\" \/>\n<meta name=\"twitter:card\" content=\"summary_large_image\" \/>\n<meta name=\"twitter:label1\" content=\"Written by\" \/>\n\t<meta name=\"twitter:data1\" content=\"Diana Matei\" \/>\n\t<meta name=\"twitter:label2\" content=\"Estimated reading time\" \/>\n\t<meta name=\"twitter:data2\" content=\"1 minute\" \/>\n<script type=\"application\/ld+json\" class=\"yoast-schema-graph\">{\"@context\":\"https:\\\/\\\/schema.org\",\"@graph\":[{\"@type\":\"Article\",\"@id\":\"https:\\\/\\\/buletin.de\\\/bucuresti\\\/locuitorii-din-sectorul-1-vor-lua-stimulente-financiare-pentru-energie\\\/#article\",\"isPartOf\":{\"@id\":\"https:\\\/\\\/buletin.de\\\/bucuresti\\\/locuitorii-din-sectorul-1-vor-lua-stimulente-financiare-pentru-energie\\\/\"},\"author\":{\"name\":\"Diana Matei\",\"@id\":\"https:\\\/\\\/buletin.de\\\/bucuresti\\\/#\\\/schema\\\/person\\\/7e46040573290777280a0835d81ea4ea\"},\"headline\":\"Locuitorii din Sectorul 1 vor lua stimulente financiare pentru energie\",\"datePublished\":\"2023-06-20T10:09:57+00:00\",\"dateModified\":\"2023-06-20T12:25:51+00:00\",\"mainEntityOfPage\":{\"@id\":\"https:\\\/\\\/buletin.de\\\/bucuresti\\\/locuitorii-din-sectorul-1-vor-lua-stimulente-financiare-pentru-energie\\\/\"},\"wordCount\":162,\"publisher\":{\"@id\":\"https:\\\/\\\/buletin.de\\\/bucuresti\\\/#organization\"},\"image\":{\"@id\":\"https:\\\/\\\/buletin.de\\\/bucuresti\\\/locuitorii-din-sectorul-1-vor-lua-stimulente-financiare-pentru-energie\\\/#primaryimage\"},\"thumbnailUrl\":\"https:\\\/\\\/buletin.de\\\/bucuresti\\\/wp-content\\\/uploads\\\/josh-appel-NeTPASr-bmQ-unsplash.jpg\",\"keywords\":[\"stimulente enegie sector 1\"],\"articleSection\":[\"Prim\u0103rie\"],\"inLanguage\":\"en-GB\",\"copyrightYear\":\"2023\",\"copyrightHolder\":{\"@id\":\"https:\\\/\\\/buletin.de\\\/bucuresti\\\/#organization\"}},{\"@type\":\"WebPage\",\"@id\":\"https:\\\/\\\/buletin.de\\\/bucuresti\\\/locuitorii-din-sectorul-1-vor-lua-stimulente-financiare-pentru-energie\\\/\",\"url\":\"https:\\\/\\\/buletin.de\\\/bucuresti\\\/locuitorii-din-sectorul-1-vor-lua-stimulente-financiare-pentru-energie\\\/\",\"name\":\"Locuitorii din Sectorul 1 vor lua stimulente financiare pentru energie - Buletin de Bucure\u0219ti\",\"isPartOf\":{\"@id\":\"https:\\\/\\\/buletin.de\\\/bucuresti\\\/#website\"},\"primaryImageOfPage\":{\"@id\":\"https:\\\/\\\/buletin.de\\\/bucuresti\\\/locuitorii-din-sectorul-1-vor-lua-stimulente-financiare-pentru-energie\\\/#primaryimage\"},\"image\":{\"@id\":\"https:\\\/\\\/buletin.de\\\/bucuresti\\\/locuitorii-din-sectorul-1-vor-lua-stimulente-financiare-pentru-energie\\\/#primaryimage\"},\"thumbnailUrl\":\"https:\\\/\\\/buletin.de\\\/bucuresti\\\/wp-content\\\/uploads\\\/josh-appel-NeTPASr-bmQ-unsplash.jpg\",\"datePublished\":\"2023-06-20T10:09:57+00:00\",\"dateModified\":\"2023-06-20T12:25:51+00:00\",\"breadcrumb\":{\"@id\":\"https:\\\/\\\/buletin.de\\\/bucuresti\\\/locuitorii-din-sectorul-1-vor-lua-stimulente-financiare-pentru-energie\\\/#breadcrumb\"},\"inLanguage\":\"en-GB\",\"potentialAction\":[{\"@type\":\"ReadAction\",\"target\":[\"https:\\\/\\\/buletin.de\\\/bucuresti\\\/locuitorii-din-sectorul-1-vor-lua-stimulente-financiare-pentru-energie\\\/\"]}]},{\"@type\":\"ImageObject\",\"inLanguage\":\"en-GB\",\"@id\":\"https:\\\/\\\/buletin.de\\\/bucuresti\\\/locuitorii-din-sectorul-1-vor-lua-stimulente-financiare-pentru-energie\\\/#primaryimage\",\"url\":\"https:\\\/\\\/buletin.de\\\/bucuresti\\\/wp-content\\\/uploads\\\/josh-appel-NeTPASr-bmQ-unsplash.jpg\",\"contentUrl\":\"https:\\\/\\\/buletin.de\\\/bucuresti\\\/wp-content\\\/uploads\\\/josh-appel-NeTPASr-bmQ-unsplash.jpg\",\"width\":2000,\"height\":1502},{\"@type\":\"BreadcrumbList\",\"@id\":\"https:\\\/\\\/buletin.de\\\/bucuresti\\\/locuitorii-din-sectorul-1-vor-lua-stimulente-financiare-pentru-energie\\\/#breadcrumb\",\"itemListElement\":[{\"@type\":\"ListItem\",\"position\":1,\"name\":\"Acas\u0103\",\"item\":\"https:\\\/\\\/buletin.de\\\/bucuresti\\\/\"},{\"@type\":\"ListItem\",\"position\":2,\"name\":\"Locuitorii din Sectorul 1 vor lua stimulente financiare pentru energie\"}]},{\"@type\":\"WebSite\",\"@id\":\"https:\\\/\\\/buletin.de\\\/bucuresti\\\/#website\",\"url\":\"https:\\\/\\\/buletin.de\\\/bucuresti\\\/\",\"name\":\"Buletin de Bucure\u0219ti\",\"description\":\"\u0218tiri \u0219i investiga\u021bii esen\u021biale din capital\u0103\",\"publisher\":{\"@id\":\"https:\\\/\\\/buletin.de\\\/bucuresti\\\/#organization\"},\"potentialAction\":[{\"@type\":\"SearchAction\",\"target\":{\"@type\":\"EntryPoint\",\"urlTemplate\":\"https:\\\/\\\/buletin.de\\\/bucuresti\\\/?s={search_term_string}\"},\"query-input\":{\"@type\":\"PropertyValueSpecification\",\"valueRequired\":true,\"valueName\":\"search_term_string\"}}],\"inLanguage\":\"en-GB\"},{\"@type\":\"Organization\",\"@id\":\"https:\\\/\\\/buletin.de\\\/bucuresti\\\/#organization\",\"name\":\"Buletin de Bucure\u0219ti\",\"url\":\"https:\\\/\\\/buletin.de\\\/bucuresti\\\/\",\"logo\":{\"@type\":\"ImageObject\",\"inLanguage\":\"en-GB\",\"@id\":\"https:\\\/\\\/buletin.de\\\/bucuresti\\\/#\\\/schema\\\/logo\\\/image\\\/\",\"url\":\"https:\\\/\\\/buletin.de\\\/bucuresti\\\/wp-content\\\/uploads\\\/logo-bdb-full-wide-vernil-transparent.png\",\"contentUrl\":\"https:\\\/\\\/buletin.de\\\/bucuresti\\\/wp-content\\\/uploads\\\/logo-bdb-full-wide-vernil-transparent.png\",\"width\":1782,\"height\":626,\"caption\":\"Buletin de Bucure\u0219ti\"},\"image\":{\"@id\":\"https:\\\/\\\/buletin.de\\\/bucuresti\\\/#\\\/schema\\\/logo\\\/image\\\/\"},\"sameAs\":[\"https:\\\/\\\/www.facebook.com\\\/buletin.de.buc\",\"https:\\\/\\\/www.instagram.com\\\/buletinde.bucuresti\\\/\"]},{\"@type\":\"Person\",\"@id\":\"https:\\\/\\\/buletin.de\\\/bucuresti\\\/#\\\/schema\\\/person\\\/7e46040573290777280a0835d81ea4ea\",\"name\":\"Diana Matei\",\"image\":{\"@type\":\"ImageObject\",\"inLanguage\":\"en-GB\",\"@id\":\"https:\\\/\\\/buletin.de\\\/bucuresti\\\/wp-content\\\/uploads\\\/9-2-96x96.jpg1e8590b30871d70e62ebcdaf2eff570c\",\"url\":\"https:\\\/\\\/buletin.de\\\/bucuresti\\\/wp-content\\\/uploads\\\/9-2-96x96.jpg\",\"contentUrl\":\"https:\\\/\\\/buletin.de\\\/bucuresti\\\/wp-content\\\/uploads\\\/9-2-96x96.jpg\",\"caption\":\"Diana Matei\"},\"url\":\"https:\\\/\\\/buletin.de\\\/bucuresti\\\/author\\\/dianamatei\\\/\"}]}<\/script>\n<!-- \/ Yoast SEO Premium plugin. -->","yoast_head_json":{"title":"Locuitorii din Sectorul 1 vor lua stimulente financiare pentru energie - Buletin de Bucure\u0219ti","robots":{"index":"index","follow":"follow","max-snippet":"max-snippet:-1","max-image-preview":"max-image-preview:large","max-video-preview":"max-video-preview:-1"},"canonical":"https:\/\/buletin.de\/bucuresti\/locuitorii-din-sectorul-1-vor-lua-stimulente-financiare-pentru-energie\/","og_locale":"en_GB","og_type":"article","og_title":"Locuitorii din Sectorul 1 vor lua stimulente financiare pentru energie","og_description":"Consiliul Local al Sectorului 1 a aprobat, la propunerea primarului Clotilde Armand, acordarea unor stimulente financiare \u00eentre 1.000 \u015fi 3.000 de lei pentru combaterea crizei energetice pentru locuitorii din Sector.\u00a0Programul este menit s\u0103 asigure nevoile energetice ale cet\u0103\u0163enilor \u015fi s\u0103 creasc\u0103 eficien\u0163a energetic\u0103 \u00een comunitate. Beneficiarii acestui program trebuie s\u0103 aib\u0103 v\u00e2rsta de minimum 18 [&hellip;]","og_url":"https:\/\/buletin.de\/bucuresti\/locuitorii-din-sectorul-1-vor-lua-stimulente-financiare-pentru-energie\/","og_site_name":"Buletin de Bucure\u0219ti","article_publisher":"https:\/\/www.facebook.com\/buletin.de.buc","article_published_time":"2023-06-20T10:09:57+00:00","article_modified_time":"2023-06-20T12:25:51+00:00","og_image":[{"width":2000,"height":1502,"url":"https:\/\/buletin.de\/bucuresti\/wp-content\/uploads\/josh-appel-NeTPASr-bmQ-unsplash.jpg","type":"image\/jpeg"}],"author":"Diana Matei","twitter_card":"summary_large_image","twitter_misc":{"Written by":"Diana Matei","Estimated reading time":"1 minute"},"schema":{"@context":"https:\/\/schema.org","@graph":[{"@type":"Article","@id":"https:\/\/buletin.de\/bucuresti\/locuitorii-din-sectorul-1-vor-lua-stimulente-financiare-pentru-energie\/#article","isPartOf":{"@id":"https:\/\/buletin.de\/bucuresti\/locuitorii-din-sectorul-1-vor-lua-stimulente-financiare-pentru-energie\/"},"author":{"name":"Diana Matei","@id":"https:\/\/buletin.de\/bucuresti\/#\/schema\/person\/7e46040573290777280a0835d81ea4ea"},"headline":"Locuitorii din Sectorul 1 vor lua stimulente financiare pentru energie","datePublished":"2023-06-20T10:09:57+00:00","dateModified":"2023-06-20T12:25:51+00:00","mainEntityOfPage":{"@id":"https:\/\/buletin.de\/bucuresti\/locuitorii-din-sectorul-1-vor-lua-stimulente-financiare-pentru-energie\/"},"wordCount":162,"publisher":{"@id":"https:\/\/buletin.de\/bucuresti\/#organization"},"image":{"@id":"https:\/\/buletin.de\/bucuresti\/locuitorii-din-sectorul-1-vor-lua-stimulente-financiare-pentru-energie\/#primaryimage"},"thumbnailUrl":"https:\/\/buletin.de\/bucuresti\/wp-content\/uploads\/josh-appel-NeTPASr-bmQ-unsplash.jpg","keywords":["stimulente enegie sector 1"],"articleSection":["Prim\u0103rie"],"inLanguage":"en-GB","copyrightYear":"2023","copyrightHolder":{"@id":"https:\/\/buletin.de\/bucuresti\/#organization"}},{"@type":"WebPage","@id":"https:\/\/buletin.de\/bucuresti\/locuitorii-din-sectorul-1-vor-lua-stimulente-financiare-pentru-energie\/","url":"https:\/\/buletin.de\/bucuresti\/locuitorii-din-sectorul-1-vor-lua-stimulente-financiare-pentru-energie\/","name":"Locuitorii din Sectorul 1 vor lua stimulente financiare pentru energie - Buletin de Bucure\u0219ti","isPartOf":{"@id":"https:\/\/buletin.de\/bucuresti\/#website"},"primaryImageOfPage":{"@id":"https:\/\/buletin.de\/bucuresti\/locuitorii-din-sectorul-1-vor-lua-stimulente-financiare-pentru-energie\/#primaryimage"},"image":{"@id":"https:\/\/buletin.de\/bucuresti\/locuitorii-din-sectorul-1-vor-lua-stimulente-financiare-pentru-energie\/#primaryimage"},"thumbnailUrl":"https:\/\/buletin.de\/bucuresti\/wp-content\/uploads\/josh-appel-NeTPASr-bmQ-unsplash.jpg","datePublished":"2023-06-20T10:09:57+00:00","dateModified":"2023-06-20T12:25:51+00:00","breadcrumb":{"@id":"https:\/\/buletin.de\/bucuresti\/locuitorii-din-sectorul-1-vor-lua-stimulente-financiare-pentru-energie\/#breadcrumb"},"inLanguage":"en-GB","potentialAction":[{"@type":"ReadAction","target":["https:\/\/buletin.de\/bucuresti\/locuitorii-din-sectorul-1-vor-lua-stimulente-financiare-pentru-energie\/"]}]},{"@type":"ImageObject","inLanguage":"en-GB","@id":"https:\/\/buletin.de\/bucuresti\/locuitorii-din-sectorul-1-vor-lua-stimulente-financiare-pentru-energie\/#primaryimage","url":"https:\/\/buletin.de\/bucuresti\/wp-content\/uploads\/josh-appel-NeTPASr-bmQ-unsplash.jpg","contentUrl":"https:\/\/buletin.de\/bucuresti\/wp-content\/uploads\/josh-appel-NeTPASr-bmQ-unsplash.jpg","width":2000,"height":1502},{"@type":"BreadcrumbList","@id":"https:\/\/buletin.de\/bucuresti\/locuitorii-din-sectorul-1-vor-lua-stimulente-financiare-pentru-energie\/#breadcrumb","itemListElement":[{"@type":"ListItem","position":1,"name":"Acas\u0103","item":"https:\/\/buletin.de\/bucuresti\/"},{"@type":"ListItem","position":2,"name":"Locuitorii din Sectorul 1 vor lua stimulente financiare pentru energie"}]},{"@type":"WebSite","@id":"https:\/\/buletin.de\/bucuresti\/#website","url":"https:\/\/buletin.de\/bucuresti\/","name":"Buletin de Bucure\u0219ti","description":"\u0218tiri \u0219i investiga\u021bii esen\u021biale din capital\u0103","publisher":{"@id":"https:\/\/buletin.de\/bucuresti\/#organization"},"potentialAction":[{"@type":"SearchAction","target":{"@type":"EntryPoint","urlTemplate":"https:\/\/buletin.de\/bucuresti\/?s={search_term_string}"},"query-input":{"@type":"PropertyValueSpecification","valueRequired":true,"valueName":"search_term_string"}}],"inLanguage":"en-GB"},{"@type":"Organization","@id":"https:\/\/buletin.de\/bucuresti\/#organization","name":"Buletin de Bucure\u0219ti","url":"https:\/\/buletin.de\/bucuresti\/","logo":{"@type":"ImageObject","inLanguage":"en-GB","@id":"https:\/\/buletin.de\/bucuresti\/#\/schema\/logo\/image\/","url":"https:\/\/buletin.de\/bucuresti\/wp-content\/uploads\/logo-bdb-full-wide-vernil-transparent.png","contentUrl":"https:\/\/buletin.de\/bucuresti\/wp-content\/uploads\/logo-bdb-full-wide-vernil-transparent.png","width":1782,"height":626,"caption":"Buletin de Bucure\u0219ti"},"image":{"@id":"https:\/\/buletin.de\/bucuresti\/#\/schema\/logo\/image\/"},"sameAs":["https:\/\/www.facebook.com\/buletin.de.buc","https:\/\/www.instagram.com\/buletinde.bucuresti\/"]},{"@type":"Person","@id":"https:\/\/buletin.de\/bucuresti\/#\/schema\/person\/7e46040573290777280a0835d81ea4ea","name":"Diana Matei","image":{"@type":"ImageObject","inLanguage":"en-GB","@id":"https:\/\/buletin.de\/bucuresti\/wp-content\/uploads\/9-2-96x96.jpg1e8590b30871d70e62ebcdaf2eff570c","url":"https:\/\/buletin.de\/bucuresti\/wp-content\/uploads\/9-2-96x96.jpg","contentUrl":"https:\/\/buletin.de\/bucuresti\/wp-content\/uploads\/9-2-96x96.jpg","caption":"Diana Matei"},"url":"https:\/\/buletin.de\/bucuresti\/author\/dianamatei\/"}]}},"authors":[{"term_id":22574,"user_id":49,"is_guest":0,"slug":"dianamatei","display_name":"Diana Matei","avatar_url":"https:\/\/buletin.de\/bucuresti\/wp-content\/uploads\/9-2-96x96.jpg","0":null,"1":"","2":"","3":"","4":"","5":"","6":"","7":"","8":""}],"_links":{"self":[{"href":"https:\/\/buletin.de\/bucuresti\/wp-json\/wp\/v2\/posts\/59558","targetHints":{"allow":["GET"]}}],"collection":[{"href":"https:\/\/buletin.de\/bucuresti\/wp-json\/wp\/v2\/posts"}],"about":[{"href":"https:\/\/buletin.de\/bucuresti\/wp-json\/wp\/v2\/types\/post"}],"author":[{"embeddable":true,"href":"https:\/\/buletin.de\/bucuresti\/wp-json\/wp\/v2\/users\/49"}],"replies":[{"embeddable":true,"href":"https:\/\/buletin.de\/bucuresti\/wp-json\/wp\/v2\/comments?post=59558"}],"version-history":[{"count":3,"href":"https:\/\/buletin.de\/bucuresti\/wp-json\/wp\/v2\/posts\/59558\/revisions"}],"predecessor-version":[{"id":59599,"href":"https:\/\/buletin.de\/bucuresti\/wp-json\/wp\/v2\/posts\/59558\/revisions\/59599"}],"wp:featuredmedia":[{"embeddable":true,"href":"https:\/\/buletin.de\/bucuresti\/wp-json\/wp\/v2\/media\/59560"}],"wp:attachment":[{"href":"https:\/\/buletin.de\/bucuresti\/wp-json\/wp\/v2\/media?parent=59558"}],"wp:term":[{"taxonomy":"category","embeddable":true,"href":"https:\/\/buletin.de\/bucuresti\/wp-json\/wp\/v2\/categories?post=59558"},{"taxonomy":"post_tag","embeddable":true,"href":"https:\/\/buletin.de\/bucuresti\/wp-json\/wp\/v2\/tags?post=59558"},{"taxonomy":"author","embeddable":true,"href":"https:\/\/buletin.de\/bucuresti\/wp-json\/wp\/v2\/ppma_author?post=59558"}],"curies":[{"name":"wp","href":"https:\/\/api.w.org\/{rel}","templated":true}]}}