{"id":59549,"date":"2023-06-20T11:54:49","date_gmt":"2023-06-20T09:54:49","guid":{"rendered":"https:\/\/buletin.de\/bucuresti\/?p=59549"},"modified":"2023-09-19T14:36:05","modified_gmt":"2023-09-19T12:36:05","slug":"primul-santier-pentru-reabilitarea-a-210-km-de-retea-de-termoficare-cu-finantare-europeana-pe-bd-1-decembrie","status":"publish","type":"post","link":"https:\/\/buletin.de\/bucuresti\/primul-santier-pentru-reabilitarea-a-210-km-de-retea-de-termoficare-cu-finantare-europeana-pe-bd-1-decembrie\/","title":{"rendered":"Primul \u0219antier pentru reabilitarea a 210 km de re\u021bea de termoficare cu finan\u021bare european\u0103, pe Bd. 1 Decembrie"},"content":{"rendered":"\n<p><strong>Primarul general Nicu\u0219or Dan, a inaugurat \u00een aceast\u0103 diminea\u021b\u0103 unul dintre cele cinci\u00a0<em>\u0219<\/em>antiere de reabilitare a re\u021belei de termoficare, cu fonduri europene. Prim\u0103ria Capitalei a semnat anul trecut contractele pentru lucr\u0103ri de termoficare pe o distan\u021b\u0103 de peste 200 de kilometri de conducte, de pe cinci magistrale principale, iar lucr\u0103rile vor\u00a0dura trei ani \u0219i jum\u0103tate.<\/strong><\/p>\n\n\n\n<p>Aceste lucr\u0103ri vizeaz\u0103 reabilitarea magistralelor de termoficare, dar \u0219i a racordurilor aferente, prin \u00eenlocuirea conductelor de re\u021bea primar\u0103 cu conducte preizolate echipate cu fire de semnalizare.<\/p>\n\n\n\n<p>&#8220;<em>\u00cencepem \u00een teren marile lucrari de termoficare. Este o lucrare cu o valoare totala de 360 de milioane de euro. Am incheiat contracttul cu cele cinci firme pentru to\u0163i cei 210 kilometri \u00eenca din noiembrie<\/em>&#8220;, a anun\u0163at primarul Nicu\u015for Dan.<\/p>\n\n\n\n<p>Obiectivul de investi\u021bii&nbsp;<em>\u201eReabilitarea sistemului de termoficare al Municipiului Bucure\u0219ti\u201d&nbsp;<\/em>vizeaz\u0103 5 loturi:<\/p>\n\n\n\n<p><strong>Lotul 1 \u2013 Magistrala II SUD<\/strong> \u2013 5 obiective cu o lungime de re\u021bea primar\u0103 de 22,930 km (canal termic), respectiv\u00a0<strong>45,86 km conduct\u0103<\/strong>, lucr\u0103ri ce vor afecta amplasamente de pe raz\u0103 sectorului 2 \u0219i sectorului 3, \u00een\u00a0<strong>valoarea de 300.187.509,80 lei f\u0103r\u0103 TVA<\/strong>.<\/p>\n\n\n\n<p><strong>Lotul 2 \u2013 Magistrala \u00ceI \u2013 III GROZ\u0102VE\u0218TI<\/strong> \u2013 4 obiective cu o lungime de re\u021bea primar\u0103 de 18,004 km (canal termic), respectiv\u00a0<strong>36,008 km conduct\u0103<\/strong>, lucr\u0103ri ce vor afecta amplasamente de pe raz\u0103 sectorului 1 \u0219i sectorului 6, \u00een\u00a0<strong>valoarea de 168.150.000 lei f\u0103r\u0103 TVA<\/strong>.<\/p>\n\n\n\n<p><strong>Lotul 3 \u2013 Magistrala V GROZ\u0102VE\u0218TI<\/strong> \u2013 4 obiective cu o lungime de re\u021bea primar\u0103 de 15,913 km (canal termic), respectiv\u00a0<strong>31,826 km conduct\u0103<\/strong>, lucr\u0103ri ce vor afecta amplasamente de pe raz\u0103 sectorului 5 \u0219i sectorului 6 , \u00een\u00a0<strong>valoarea de 257.313.061 lei f\u0103r\u0103 TVA.<\/strong><\/p>\n\n\n\n<p><strong>Lotul 4 \u2013 Magistrala PROGRESU BERCENI <\/strong>\u2013 6 obiective cu o lungime de re\u021bea primar\u0103 de 24,932 km (canal termic), respectiv\u00a0<strong>49,864 km conduct\u0103<\/strong>, lucr\u0103ri ce vor afecta amplasamente de pe raz\u0103 sectorului 4, \u00een\u00a0<strong>valoarea de 315.951.133 f\u0103r\u0103 TVA.<\/strong><\/p>\n\n\n\n<p><strong>Lotul 5 \u2013 Magistrala II SUD<\/strong>, Magistrala II \u2013 III GROZ\u0102VE\u0218TI, Magistrala V GROZ\u0102VE\u0218TI, Magistrala PROGRESU \u2013 BERCENI, Magistrala \u00ceI VEST\u2013 6 obiective cu o lungime de re\u021bea primar\u0103 de 24,190 km (canal termic), respectiv\u00a0<strong>48,38 km lungime conduct\u0103<\/strong>, lucr\u0103ri ce vor afecta amplasamente de pe raz\u0103 sectorului 1, sectorului 2, sectorului 3, sectorului 4 \u0219i sectorului 6, \u00een valoare de\u00a0<strong>600.000 lei f\u0103r\u0103 TVA.<\/strong><\/p>\n\n\n\n<p>Prim\u0103ria general\u0103 mai deruleaz\u0103 \u0219i proiectul \u201eReabilitarea sistemului de termoficare al municipiului Bucure\u0219ti\u201d, cu 7 obiective\u00a0de 63 km,\u00a0finan\u021bat de la bugetul local.<\/p>\n","protected":false},"excerpt":{"rendered":"<p>Primarul general Nicu\u0219or Dan, a inaugurat \u00een aceast\u0103 diminea\u021b\u0103 unul dintre cele cinci\u00a0\u0219antiere de reabilitare a re\u021belei de termoficare, cu fonduri europene. Prim\u0103ria Capitalei a semnat anul trecut contractele pentru lucr\u0103ri de termoficare pe o distan\u021b\u0103 de peste 200 de kilometri de conducte, de pe cinci magistrale principale, iar lucr\u0103rile vor\u00a0dura trei ani \u0219i jum\u0103tate. [&hellip;]<\/p>\n","protected":false},"author":49,"featured_media":59551,"comment_status":"closed","ping_status":"open","sticky":false,"template":"","format":"standard","meta":{"_acf_changed":false,"inline_featured_image":false,"ngg_post_thumbnail":0,"footnotes":""},"categories":[62,6214],"tags":[439,5943,5941,5942],"ppma_author":[22574],"class_list":["post-59549","post","type-post","status-publish","format-standard","has-post-thumbnail","hentry","category-stiri","category-termo","tag-lucrari","tag-program-santier","tag-reabilitate","tag-termica"],"acf":[],"yoast_head":"<!-- This site is optimized with the Yoast SEO Premium plugin v25.3 (Yoast SEO v27.4) - https:\/\/yoast.com\/product\/yoast-seo-premium-wordpress\/ -->\n<title>Primul \u0219antier pentru reabilitarea a 210 km de re\u021bea de termoficare cu finan\u021bare european\u0103, pe Bd. 1 Decembrie - Buletin de Bucure\u0219ti<\/title>\n<meta name=\"robots\" content=\"index, follow, max-snippet:-1, max-image-preview:large, max-video-preview:-1\" \/>\n<link rel=\"canonical\" href=\"https:\/\/buletin.de\/bucuresti\/primul-santier-pentru-reabilitarea-a-210-km-de-retea-de-termoficare-cu-finantare-europeana-pe-bd-1-decembrie\/\" \/>\n<meta property=\"og:locale\" content=\"en_GB\" \/>\n<meta property=\"og:type\" content=\"article\" \/>\n<meta property=\"og:title\" content=\"Primul \u0219antier pentru reabilitarea a 210 km de re\u021bea de termoficare cu finan\u021bare european\u0103, pe Bd. 1 Decembrie\" \/>\n<meta property=\"og:description\" content=\"Primarul general Nicu\u0219or Dan, a inaugurat \u00een aceast\u0103 diminea\u021b\u0103 unul dintre cele cinci\u00a0\u0219antiere de reabilitare a re\u021belei de termoficare, cu fonduri europene. Prim\u0103ria Capitalei a semnat anul trecut contractele pentru lucr\u0103ri de termoficare pe o distan\u021b\u0103 de peste 200 de kilometri de conducte, de pe cinci magistrale principale, iar lucr\u0103rile vor\u00a0dura trei ani \u0219i jum\u0103tate. [&hellip;]\" \/>\n<meta property=\"og:url\" content=\"https:\/\/buletin.de\/bucuresti\/primul-santier-pentru-reabilitarea-a-210-km-de-retea-de-termoficare-cu-finantare-europeana-pe-bd-1-decembrie\/\" \/>\n<meta property=\"og:site_name\" content=\"Buletin de Bucure\u0219ti\" \/>\n<meta property=\"article:publisher\" content=\"https:\/\/www.facebook.com\/buletin.de.buc\" \/>\n<meta property=\"article:published_time\" content=\"2023-06-20T09:54:49+00:00\" \/>\n<meta property=\"article:modified_time\" content=\"2023-09-19T12:36:05+00:00\" \/>\n<meta property=\"og:image\" content=\"https:\/\/buletin.de\/bucuresti\/wp-content\/uploads\/WhatsApp-Image-2023-06-20-at-11.54.55.jpeg\" \/>\n\t<meta property=\"og:image:width\" content=\"2016\" \/>\n\t<meta property=\"og:image:height\" content=\"980\" \/>\n\t<meta property=\"og:image:type\" content=\"image\/jpeg\" \/>\n<meta name=\"author\" content=\"Diana Matei\" \/>\n<meta name=\"twitter:card\" content=\"summary_large_image\" \/>\n<meta name=\"twitter:label1\" content=\"Written by\" \/>\n\t<meta name=\"twitter:data1\" content=\"Diana Matei\" \/>\n\t<meta name=\"twitter:label2\" content=\"Estimated reading time\" \/>\n\t<meta name=\"twitter:data2\" content=\"2 minutes\" \/>\n<script type=\"application\/ld+json\" class=\"yoast-schema-graph\">{\"@context\":\"https:\\\/\\\/schema.org\",\"@graph\":[{\"@type\":\"Article\",\"@id\":\"https:\\\/\\\/buletin.de\\\/bucuresti\\\/primul-santier-pentru-reabilitarea-a-210-km-de-retea-de-termoficare-cu-finantare-europeana-pe-bd-1-decembrie\\\/#article\",\"isPartOf\":{\"@id\":\"https:\\\/\\\/buletin.de\\\/bucuresti\\\/primul-santier-pentru-reabilitarea-a-210-km-de-retea-de-termoficare-cu-finantare-europeana-pe-bd-1-decembrie\\\/\"},\"author\":{\"name\":\"Diana Matei\",\"@id\":\"https:\\\/\\\/buletin.de\\\/bucuresti\\\/#\\\/schema\\\/person\\\/7e46040573290777280a0835d81ea4ea\"},\"headline\":\"Primul \u0219antier pentru reabilitarea a 210 km de re\u021bea de termoficare cu finan\u021bare european\u0103, pe Bd. 1 Decembrie\",\"datePublished\":\"2023-06-20T09:54:49+00:00\",\"dateModified\":\"2023-09-19T12:36:05+00:00\",\"mainEntityOfPage\":{\"@id\":\"https:\\\/\\\/buletin.de\\\/bucuresti\\\/primul-santier-pentru-reabilitarea-a-210-km-de-retea-de-termoficare-cu-finantare-europeana-pe-bd-1-decembrie\\\/\"},\"wordCount\":403,\"publisher\":{\"@id\":\"https:\\\/\\\/buletin.de\\\/bucuresti\\\/#organization\"},\"image\":{\"@id\":\"https:\\\/\\\/buletin.de\\\/bucuresti\\\/primul-santier-pentru-reabilitarea-a-210-km-de-retea-de-termoficare-cu-finantare-europeana-pe-bd-1-decembrie\\\/#primaryimage\"},\"thumbnailUrl\":\"https:\\\/\\\/buletin.de\\\/bucuresti\\\/wp-content\\\/uploads\\\/WhatsApp-Image-2023-06-20-at-11.54.55.jpeg\",\"keywords\":[\"lucrari\",\"program santier\",\"reabilitate\",\"termica\"],\"articleSection\":[\"\u0218tiri\",\"Termoficare\"],\"inLanguage\":\"en-GB\",\"copyrightYear\":\"2023\",\"copyrightHolder\":{\"@id\":\"https:\\\/\\\/buletin.de\\\/bucuresti\\\/#organization\"}},{\"@type\":\"WebPage\",\"@id\":\"https:\\\/\\\/buletin.de\\\/bucuresti\\\/primul-santier-pentru-reabilitarea-a-210-km-de-retea-de-termoficare-cu-finantare-europeana-pe-bd-1-decembrie\\\/\",\"url\":\"https:\\\/\\\/buletin.de\\\/bucuresti\\\/primul-santier-pentru-reabilitarea-a-210-km-de-retea-de-termoficare-cu-finantare-europeana-pe-bd-1-decembrie\\\/\",\"name\":\"Primul \u0219antier pentru reabilitarea a 210 km de re\u021bea de termoficare cu finan\u021bare european\u0103, pe Bd. 1 Decembrie - Buletin de Bucure\u0219ti\",\"isPartOf\":{\"@id\":\"https:\\\/\\\/buletin.de\\\/bucuresti\\\/#website\"},\"primaryImageOfPage\":{\"@id\":\"https:\\\/\\\/buletin.de\\\/bucuresti\\\/primul-santier-pentru-reabilitarea-a-210-km-de-retea-de-termoficare-cu-finantare-europeana-pe-bd-1-decembrie\\\/#primaryimage\"},\"image\":{\"@id\":\"https:\\\/\\\/buletin.de\\\/bucuresti\\\/primul-santier-pentru-reabilitarea-a-210-km-de-retea-de-termoficare-cu-finantare-europeana-pe-bd-1-decembrie\\\/#primaryimage\"},\"thumbnailUrl\":\"https:\\\/\\\/buletin.de\\\/bucuresti\\\/wp-content\\\/uploads\\\/WhatsApp-Image-2023-06-20-at-11.54.55.jpeg\",\"datePublished\":\"2023-06-20T09:54:49+00:00\",\"dateModified\":\"2023-09-19T12:36:05+00:00\",\"breadcrumb\":{\"@id\":\"https:\\\/\\\/buletin.de\\\/bucuresti\\\/primul-santier-pentru-reabilitarea-a-210-km-de-retea-de-termoficare-cu-finantare-europeana-pe-bd-1-decembrie\\\/#breadcrumb\"},\"inLanguage\":\"en-GB\",\"potentialAction\":[{\"@type\":\"ReadAction\",\"target\":[\"https:\\\/\\\/buletin.de\\\/bucuresti\\\/primul-santier-pentru-reabilitarea-a-210-km-de-retea-de-termoficare-cu-finantare-europeana-pe-bd-1-decembrie\\\/\"]}]},{\"@type\":\"ImageObject\",\"inLanguage\":\"en-GB\",\"@id\":\"https:\\\/\\\/buletin.de\\\/bucuresti\\\/primul-santier-pentru-reabilitarea-a-210-km-de-retea-de-termoficare-cu-finantare-europeana-pe-bd-1-decembrie\\\/#primaryimage\",\"url\":\"https:\\\/\\\/buletin.de\\\/bucuresti\\\/wp-content\\\/uploads\\\/WhatsApp-Image-2023-06-20-at-11.54.55.jpeg\",\"contentUrl\":\"https:\\\/\\\/buletin.de\\\/bucuresti\\\/wp-content\\\/uploads\\\/WhatsApp-Image-2023-06-20-at-11.54.55.jpeg\",\"width\":2016,\"height\":980},{\"@type\":\"BreadcrumbList\",\"@id\":\"https:\\\/\\\/buletin.de\\\/bucuresti\\\/primul-santier-pentru-reabilitarea-a-210-km-de-retea-de-termoficare-cu-finantare-europeana-pe-bd-1-decembrie\\\/#breadcrumb\",\"itemListElement\":[{\"@type\":\"ListItem\",\"position\":1,\"name\":\"Acas\u0103\",\"item\":\"https:\\\/\\\/buletin.de\\\/bucuresti\\\/\"},{\"@type\":\"ListItem\",\"position\":2,\"name\":\"Primul \u0219antier pentru reabilitarea a 210 km de re\u021bea de termoficare cu finan\u021bare european\u0103, pe Bd. 1 Decembrie\"}]},{\"@type\":\"WebSite\",\"@id\":\"https:\\\/\\\/buletin.de\\\/bucuresti\\\/#website\",\"url\":\"https:\\\/\\\/buletin.de\\\/bucuresti\\\/\",\"name\":\"Buletin de Bucure\u0219ti\",\"description\":\"\u0218tiri \u0219i investiga\u021bii esen\u021biale din capital\u0103\",\"publisher\":{\"@id\":\"https:\\\/\\\/buletin.de\\\/bucuresti\\\/#organization\"},\"potentialAction\":[{\"@type\":\"SearchAction\",\"target\":{\"@type\":\"EntryPoint\",\"urlTemplate\":\"https:\\\/\\\/buletin.de\\\/bucuresti\\\/?s={search_term_string}\"},\"query-input\":{\"@type\":\"PropertyValueSpecification\",\"valueRequired\":true,\"valueName\":\"search_term_string\"}}],\"inLanguage\":\"en-GB\"},{\"@type\":\"Organization\",\"@id\":\"https:\\\/\\\/buletin.de\\\/bucuresti\\\/#organization\",\"name\":\"Buletin de Bucure\u0219ti\",\"url\":\"https:\\\/\\\/buletin.de\\\/bucuresti\\\/\",\"logo\":{\"@type\":\"ImageObject\",\"inLanguage\":\"en-GB\",\"@id\":\"https:\\\/\\\/buletin.de\\\/bucuresti\\\/#\\\/schema\\\/logo\\\/image\\\/\",\"url\":\"https:\\\/\\\/buletin.de\\\/bucuresti\\\/wp-content\\\/uploads\\\/logo-bdb-full-wide-vernil-transparent.png\",\"contentUrl\":\"https:\\\/\\\/buletin.de\\\/bucuresti\\\/wp-content\\\/uploads\\\/logo-bdb-full-wide-vernil-transparent.png\",\"width\":1782,\"height\":626,\"caption\":\"Buletin de Bucure\u0219ti\"},\"image\":{\"@id\":\"https:\\\/\\\/buletin.de\\\/bucuresti\\\/#\\\/schema\\\/logo\\\/image\\\/\"},\"sameAs\":[\"https:\\\/\\\/www.facebook.com\\\/buletin.de.buc\",\"https:\\\/\\\/www.instagram.com\\\/buletinde.bucuresti\\\/\"]},{\"@type\":\"Person\",\"@id\":\"https:\\\/\\\/buletin.de\\\/bucuresti\\\/#\\\/schema\\\/person\\\/7e46040573290777280a0835d81ea4ea\",\"name\":\"Diana Matei\",\"image\":{\"@type\":\"ImageObject\",\"inLanguage\":\"en-GB\",\"@id\":\"https:\\\/\\\/buletin.de\\\/bucuresti\\\/wp-content\\\/uploads\\\/9-2-96x96.jpg1e8590b30871d70e62ebcdaf2eff570c\",\"url\":\"https:\\\/\\\/buletin.de\\\/bucuresti\\\/wp-content\\\/uploads\\\/9-2-96x96.jpg\",\"contentUrl\":\"https:\\\/\\\/buletin.de\\\/bucuresti\\\/wp-content\\\/uploads\\\/9-2-96x96.jpg\",\"caption\":\"Diana Matei\"},\"url\":\"https:\\\/\\\/buletin.de\\\/bucuresti\\\/author\\\/dianamatei\\\/\"}]}<\/script>\n<!-- \/ Yoast SEO Premium plugin. -->","yoast_head_json":{"title":"Primul \u0219antier pentru reabilitarea a 210 km de re\u021bea de termoficare cu finan\u021bare european\u0103, pe Bd. 1 Decembrie - Buletin de Bucure\u0219ti","robots":{"index":"index","follow":"follow","max-snippet":"max-snippet:-1","max-image-preview":"max-image-preview:large","max-video-preview":"max-video-preview:-1"},"canonical":"https:\/\/buletin.de\/bucuresti\/primul-santier-pentru-reabilitarea-a-210-km-de-retea-de-termoficare-cu-finantare-europeana-pe-bd-1-decembrie\/","og_locale":"en_GB","og_type":"article","og_title":"Primul \u0219antier pentru reabilitarea a 210 km de re\u021bea de termoficare cu finan\u021bare european\u0103, pe Bd. 1 Decembrie","og_description":"Primarul general Nicu\u0219or Dan, a inaugurat \u00een aceast\u0103 diminea\u021b\u0103 unul dintre cele cinci\u00a0\u0219antiere de reabilitare a re\u021belei de termoficare, cu fonduri europene. Prim\u0103ria Capitalei a semnat anul trecut contractele pentru lucr\u0103ri de termoficare pe o distan\u021b\u0103 de peste 200 de kilometri de conducte, de pe cinci magistrale principale, iar lucr\u0103rile vor\u00a0dura trei ani \u0219i jum\u0103tate. [&hellip;]","og_url":"https:\/\/buletin.de\/bucuresti\/primul-santier-pentru-reabilitarea-a-210-km-de-retea-de-termoficare-cu-finantare-europeana-pe-bd-1-decembrie\/","og_site_name":"Buletin de Bucure\u0219ti","article_publisher":"https:\/\/www.facebook.com\/buletin.de.buc","article_published_time":"2023-06-20T09:54:49+00:00","article_modified_time":"2023-09-19T12:36:05+00:00","og_image":[{"width":2016,"height":980,"url":"https:\/\/buletin.de\/bucuresti\/wp-content\/uploads\/WhatsApp-Image-2023-06-20-at-11.54.55.jpeg","type":"image\/jpeg"}],"author":"Diana Matei","twitter_card":"summary_large_image","twitter_misc":{"Written by":"Diana Matei","Estimated reading time":"2 minutes"},"schema":{"@context":"https:\/\/schema.org","@graph":[{"@type":"Article","@id":"https:\/\/buletin.de\/bucuresti\/primul-santier-pentru-reabilitarea-a-210-km-de-retea-de-termoficare-cu-finantare-europeana-pe-bd-1-decembrie\/#article","isPartOf":{"@id":"https:\/\/buletin.de\/bucuresti\/primul-santier-pentru-reabilitarea-a-210-km-de-retea-de-termoficare-cu-finantare-europeana-pe-bd-1-decembrie\/"},"author":{"name":"Diana Matei","@id":"https:\/\/buletin.de\/bucuresti\/#\/schema\/person\/7e46040573290777280a0835d81ea4ea"},"headline":"Primul \u0219antier pentru reabilitarea a 210 km de re\u021bea de termoficare cu finan\u021bare european\u0103, pe Bd. 1 Decembrie","datePublished":"2023-06-20T09:54:49+00:00","dateModified":"2023-09-19T12:36:05+00:00","mainEntityOfPage":{"@id":"https:\/\/buletin.de\/bucuresti\/primul-santier-pentru-reabilitarea-a-210-km-de-retea-de-termoficare-cu-finantare-europeana-pe-bd-1-decembrie\/"},"wordCount":403,"publisher":{"@id":"https:\/\/buletin.de\/bucuresti\/#organization"},"image":{"@id":"https:\/\/buletin.de\/bucuresti\/primul-santier-pentru-reabilitarea-a-210-km-de-retea-de-termoficare-cu-finantare-europeana-pe-bd-1-decembrie\/#primaryimage"},"thumbnailUrl":"https:\/\/buletin.de\/bucuresti\/wp-content\/uploads\/WhatsApp-Image-2023-06-20-at-11.54.55.jpeg","keywords":["lucrari","program santier","reabilitate","termica"],"articleSection":["\u0218tiri","Termoficare"],"inLanguage":"en-GB","copyrightYear":"2023","copyrightHolder":{"@id":"https:\/\/buletin.de\/bucuresti\/#organization"}},{"@type":"WebPage","@id":"https:\/\/buletin.de\/bucuresti\/primul-santier-pentru-reabilitarea-a-210-km-de-retea-de-termoficare-cu-finantare-europeana-pe-bd-1-decembrie\/","url":"https:\/\/buletin.de\/bucuresti\/primul-santier-pentru-reabilitarea-a-210-km-de-retea-de-termoficare-cu-finantare-europeana-pe-bd-1-decembrie\/","name":"Primul \u0219antier pentru reabilitarea a 210 km de re\u021bea de termoficare cu finan\u021bare european\u0103, pe Bd. 1 Decembrie - Buletin de Bucure\u0219ti","isPartOf":{"@id":"https:\/\/buletin.de\/bucuresti\/#website"},"primaryImageOfPage":{"@id":"https:\/\/buletin.de\/bucuresti\/primul-santier-pentru-reabilitarea-a-210-km-de-retea-de-termoficare-cu-finantare-europeana-pe-bd-1-decembrie\/#primaryimage"},"image":{"@id":"https:\/\/buletin.de\/bucuresti\/primul-santier-pentru-reabilitarea-a-210-km-de-retea-de-termoficare-cu-finantare-europeana-pe-bd-1-decembrie\/#primaryimage"},"thumbnailUrl":"https:\/\/buletin.de\/bucuresti\/wp-content\/uploads\/WhatsApp-Image-2023-06-20-at-11.54.55.jpeg","datePublished":"2023-06-20T09:54:49+00:00","dateModified":"2023-09-19T12:36:05+00:00","breadcrumb":{"@id":"https:\/\/buletin.de\/bucuresti\/primul-santier-pentru-reabilitarea-a-210-km-de-retea-de-termoficare-cu-finantare-europeana-pe-bd-1-decembrie\/#breadcrumb"},"inLanguage":"en-GB","potentialAction":[{"@type":"ReadAction","target":["https:\/\/buletin.de\/bucuresti\/primul-santier-pentru-reabilitarea-a-210-km-de-retea-de-termoficare-cu-finantare-europeana-pe-bd-1-decembrie\/"]}]},{"@type":"ImageObject","inLanguage":"en-GB","@id":"https:\/\/buletin.de\/bucuresti\/primul-santier-pentru-reabilitarea-a-210-km-de-retea-de-termoficare-cu-finantare-europeana-pe-bd-1-decembrie\/#primaryimage","url":"https:\/\/buletin.de\/bucuresti\/wp-content\/uploads\/WhatsApp-Image-2023-06-20-at-11.54.55.jpeg","contentUrl":"https:\/\/buletin.de\/bucuresti\/wp-content\/uploads\/WhatsApp-Image-2023-06-20-at-11.54.55.jpeg","width":2016,"height":980},{"@type":"BreadcrumbList","@id":"https:\/\/buletin.de\/bucuresti\/primul-santier-pentru-reabilitarea-a-210-km-de-retea-de-termoficare-cu-finantare-europeana-pe-bd-1-decembrie\/#breadcrumb","itemListElement":[{"@type":"ListItem","position":1,"name":"Acas\u0103","item":"https:\/\/buletin.de\/bucuresti\/"},{"@type":"ListItem","position":2,"name":"Primul \u0219antier pentru reabilitarea a 210 km de re\u021bea de termoficare cu finan\u021bare european\u0103, pe Bd. 1 Decembrie"}]},{"@type":"WebSite","@id":"https:\/\/buletin.de\/bucuresti\/#website","url":"https:\/\/buletin.de\/bucuresti\/","name":"Buletin de Bucure\u0219ti","description":"\u0218tiri \u0219i investiga\u021bii esen\u021biale din capital\u0103","publisher":{"@id":"https:\/\/buletin.de\/bucuresti\/#organization"},"potentialAction":[{"@type":"SearchAction","target":{"@type":"EntryPoint","urlTemplate":"https:\/\/buletin.de\/bucuresti\/?s={search_term_string}"},"query-input":{"@type":"PropertyValueSpecification","valueRequired":true,"valueName":"search_term_string"}}],"inLanguage":"en-GB"},{"@type":"Organization","@id":"https:\/\/buletin.de\/bucuresti\/#organization","name":"Buletin de Bucure\u0219ti","url":"https:\/\/buletin.de\/bucuresti\/","logo":{"@type":"ImageObject","inLanguage":"en-GB","@id":"https:\/\/buletin.de\/bucuresti\/#\/schema\/logo\/image\/","url":"https:\/\/buletin.de\/bucuresti\/wp-content\/uploads\/logo-bdb-full-wide-vernil-transparent.png","contentUrl":"https:\/\/buletin.de\/bucuresti\/wp-content\/uploads\/logo-bdb-full-wide-vernil-transparent.png","width":1782,"height":626,"caption":"Buletin de Bucure\u0219ti"},"image":{"@id":"https:\/\/buletin.de\/bucuresti\/#\/schema\/logo\/image\/"},"sameAs":["https:\/\/www.facebook.com\/buletin.de.buc","https:\/\/www.instagram.com\/buletinde.bucuresti\/"]},{"@type":"Person","@id":"https:\/\/buletin.de\/bucuresti\/#\/schema\/person\/7e46040573290777280a0835d81ea4ea","name":"Diana Matei","image":{"@type":"ImageObject","inLanguage":"en-GB","@id":"https:\/\/buletin.de\/bucuresti\/wp-content\/uploads\/9-2-96x96.jpg1e8590b30871d70e62ebcdaf2eff570c","url":"https:\/\/buletin.de\/bucuresti\/wp-content\/uploads\/9-2-96x96.jpg","contentUrl":"https:\/\/buletin.de\/bucuresti\/wp-content\/uploads\/9-2-96x96.jpg","caption":"Diana Matei"},"url":"https:\/\/buletin.de\/bucuresti\/author\/dianamatei\/"}]}},"authors":[{"term_id":22574,"user_id":49,"is_guest":0,"slug":"dianamatei","display_name":"Diana Matei","avatar_url":"https:\/\/buletin.de\/bucuresti\/wp-content\/uploads\/9-2-96x96.jpg","0":null,"1":"","2":"","3":"","4":"","5":"","6":"","7":"","8":""}],"_links":{"self":[{"href":"https:\/\/buletin.de\/bucuresti\/wp-json\/wp\/v2\/posts\/59549","targetHints":{"allow":["GET"]}}],"collection":[{"href":"https:\/\/buletin.de\/bucuresti\/wp-json\/wp\/v2\/posts"}],"about":[{"href":"https:\/\/buletin.de\/bucuresti\/wp-json\/wp\/v2\/types\/post"}],"author":[{"embeddable":true,"href":"https:\/\/buletin.de\/bucuresti\/wp-json\/wp\/v2\/users\/49"}],"replies":[{"embeddable":true,"href":"https:\/\/buletin.de\/bucuresti\/wp-json\/wp\/v2\/comments?post=59549"}],"version-history":[{"count":4,"href":"https:\/\/buletin.de\/bucuresti\/wp-json\/wp\/v2\/posts\/59549\/revisions"}],"predecessor-version":[{"id":59563,"href":"https:\/\/buletin.de\/bucuresti\/wp-json\/wp\/v2\/posts\/59549\/revisions\/59563"}],"wp:featuredmedia":[{"embeddable":true,"href":"https:\/\/buletin.de\/bucuresti\/wp-json\/wp\/v2\/media\/59551"}],"wp:attachment":[{"href":"https:\/\/buletin.de\/bucuresti\/wp-json\/wp\/v2\/media?parent=59549"}],"wp:term":[{"taxonomy":"category","embeddable":true,"href":"https:\/\/buletin.de\/bucuresti\/wp-json\/wp\/v2\/categories?post=59549"},{"taxonomy":"post_tag","embeddable":true,"href":"https:\/\/buletin.de\/bucuresti\/wp-json\/wp\/v2\/tags?post=59549"},{"taxonomy":"author","embeddable":true,"href":"https:\/\/buletin.de\/bucuresti\/wp-json\/wp\/v2\/ppma_author?post=59549"}],"curies":[{"name":"wp","href":"https:\/\/api.w.org\/{rel}","templated":true}]}}