{"id":59502,"date":"2023-06-19T10:51:03","date_gmt":"2023-06-19T08:51:03","guid":{"rendered":"https:\/\/buletin.de\/bucuresti\/?p=59502"},"modified":"2023-06-19T10:51:04","modified_gmt":"2023-06-19T08:51:04","slug":"primaria-sectorului-1-incepe-modernizarea-a-10-strazi","status":"publish","type":"post","link":"https:\/\/buletin.de\/bucuresti\/primaria-sectorului-1-incepe-modernizarea-a-10-strazi\/","title":{"rendered":"Prim\u0103ria Sectorului 1 \u00eencepe modernizarea a 10 str\u0103zi"},"content":{"rendered":"\n<p><strong>Zece str\u0103zi vor fi asfaltate, modernizate \u0219i reabilitate, \u00een Sectorul 1, \u00eencep\u00e2nd cu sf\u00e2r\u0219itul lunii iuni. S\u0103pt\u0103m\u00e2na trecut\u0103 s-au semnat autoriza\u021biile de construire pentru str\u0103zile Bujorului \u0219i Nuferilor.<\/strong><\/p>\n\n\n\n<p>Ulteriror, vor fi emise autoriza\u021bii\u00a0\u0219i pentru str\u0103zile Elena Ple\u0219oianu \u0219i Dumitru Zosima.<\/p>\n\n\n\n<p>\u2018\u2019<em>Sunt zece artere din nordul Sectorului 1 care nu au mai v\u0103zut lucr\u0103ri de repara\u021bii \u0219i modernizare de aproximativ 15 ani \u0219i pe care asfaltul se afl\u0103 \u00eentr-o stare avansat\u0103 de degradare: Berca, Bibor\u021beni, Z\u0103pada Mieilor, C\u0103rbunarilor, Heliului, Simeria, Trife\u0219ti, V\u0103liug, Zeletin \u0219i Drumul Nicolae \u0218u\u021bu<\/em>\u2019\u2019, a scris edilul Sectorului 1, Clotilde Armand.<\/p>\n\n\n\n<p>Cele 10 str\u0103zi fac parte dintr-un program mult mai amplu menit s\u0103 modernizeze arterele din Sectorul 1. \u00cen acest sens, este \u00een curs de elaborare Documenta\u021bia de Avizare a Lucr\u0103rilor de Interven\u021bie (DALI) pentru 159 de str\u0103zi care au nevoie urgent\u0103 de lucr\u0103ri de modernizare.<\/p>\n\n\n\n<p>Primarul Sectorului 1 precizeaz\u0103\u00a0c\u0103 au fost \u00eenaintate Consiliului Local proiecte de hot\u0103r\u00e2ri pentru 24 dintre ele \u00eens\u0103 au fost respinse de majoritatea PNL-PSD. Este voba despre str\u0103zile Elena Clucereasa, Islaz, Panait Istrati, Gherghel Paraschiva, Virgil Ple\u0219oianu, Costache Sibiceanu, Butuceni, Intrarea Godeni, Strada Volumului, Craiovei, Pinului, Frasinului, Teodor Iliescu, Theodor Aman,\u00a0 Intrarea Grigore Alexandrescu, Strada Hristache Pitarul, Victor Eftimiu, Iuliu Tetrat, Ioan Zalomit, Aristide Demetriade, Albac, Dionisie Fotino, Constantin Mille \u0219i Chile.<\/p>\n\n\n\n<p>\u2018\u2019<em>Locuitorii Sectorului 1 trebuie s\u0103 \u0219tie cine se opune dezvolt\u0103rii acestei comunit\u0103\u021bi. Am introdus din nou aceste proiecte de hot\u0103r\u00e2ri pe ordinea de zi a \u0219edin\u021bei Consiliului Local Sector 1 din data de 21 iunie 2023, \u00eencep\u00e2nd cu ora 12:00. Invit locuitorii de pe aceste artere s\u0103 vin\u0103 la \u0219edin\u021ba Consiliului Local pentru a cere consilierilor PNL-PSD explica\u021bii pentru votul lor<\/em>\u2019\u2019.\u00a0<\/p>\n\n\n\n<p>Prim\u0103ria Sectorului 1 a semnat \u00een 2022 un acord cadru pentru reabilitarea \u00eentregii infrastructuri pe care o administreaz\u0103. Acesta va da und\u0103 verde pentru asfaltarea, reabilitarea sau modernizarea a peste 1.000 de str\u0103zi.&nbsp;&nbsp;<\/p>\n","protected":false},"excerpt":{"rendered":"<p>Zece str\u0103zi vor fi asfaltate, modernizate \u0219i reabilitate, \u00een Sectorul 1, \u00eencep\u00e2nd cu sf\u00e2r\u0219itul lunii iuni. S\u0103pt\u0103m\u00e2na trecut\u0103 s-au semnat autoriza\u021biile de construire pentru str\u0103zile Bujorului \u0219i Nuferilor. Ulteriror, vor fi emise autoriza\u021bii\u00a0\u0219i pentru str\u0103zile Elena Ple\u0219oianu \u0219i Dumitru Zosima. \u2018\u2019Sunt zece artere din nordul Sectorului 1 care nu au mai v\u0103zut lucr\u0103ri de repara\u021bii [&hellip;]<\/p>\n","protected":false},"author":49,"featured_media":59499,"comment_status":"closed","ping_status":"open","sticky":false,"template":"","format":"standard","meta":{"_acf_changed":false,"inline_featured_image":false,"ngg_post_thumbnail":0,"footnotes":""},"categories":[24,62],"tags":[1088,5933],"ppma_author":[22574],"class_list":["post-59502","post","type-post","status-publish","format-standard","has-post-thumbnail","hentry","category-primarie","category-stiri","tag-modernizare","tag-reabilitare-strazi-sector-1"],"acf":[],"yoast_head":"<!-- This site is optimized with the Yoast SEO Premium plugin v25.3 (Yoast SEO v27.4) - https:\/\/yoast.com\/product\/yoast-seo-premium-wordpress\/ -->\n<title>Prim\u0103ria Sectorului 1 \u00eencepe modernizarea a 10 str\u0103zi - Buletin de Bucure\u0219ti<\/title>\n<meta name=\"robots\" content=\"index, follow, max-snippet:-1, max-image-preview:large, max-video-preview:-1\" \/>\n<link rel=\"canonical\" href=\"https:\/\/buletin.de\/bucuresti\/primaria-sectorului-1-incepe-modernizarea-a-10-strazi\/\" \/>\n<meta property=\"og:locale\" content=\"en_GB\" \/>\n<meta property=\"og:type\" content=\"article\" \/>\n<meta property=\"og:title\" content=\"Prim\u0103ria Sectorului 1 \u00eencepe modernizarea a 10 str\u0103zi\" \/>\n<meta property=\"og:description\" content=\"Zece str\u0103zi vor fi asfaltate, modernizate \u0219i reabilitate, \u00een Sectorul 1, \u00eencep\u00e2nd cu sf\u00e2r\u0219itul lunii iuni. S\u0103pt\u0103m\u00e2na trecut\u0103 s-au semnat autoriza\u021biile de construire pentru str\u0103zile Bujorului \u0219i Nuferilor. Ulteriror, vor fi emise autoriza\u021bii\u00a0\u0219i pentru str\u0103zile Elena Ple\u0219oianu \u0219i Dumitru Zosima. \u2018\u2019Sunt zece artere din nordul Sectorului 1 care nu au mai v\u0103zut lucr\u0103ri de repara\u021bii [&hellip;]\" \/>\n<meta property=\"og:url\" content=\"https:\/\/buletin.de\/bucuresti\/primaria-sectorului-1-incepe-modernizarea-a-10-strazi\/\" \/>\n<meta property=\"og:site_name\" content=\"Buletin de Bucure\u0219ti\" \/>\n<meta property=\"article:publisher\" content=\"https:\/\/www.facebook.com\/buletin.de.buc\" \/>\n<meta property=\"article:published_time\" content=\"2023-06-19T08:51:03+00:00\" \/>\n<meta property=\"article:modified_time\" content=\"2023-06-19T08:51:04+00:00\" \/>\n<meta property=\"og:image\" content=\"https:\/\/buletin.de\/bucuresti\/wp-content\/uploads\/354470000_816041966553797_3601736398332151535_n.jpeg\" \/>\n\t<meta property=\"og:image:width\" content=\"2048\" \/>\n\t<meta property=\"og:image:height\" content=\"1365\" \/>\n\t<meta property=\"og:image:type\" content=\"image\/jpeg\" \/>\n<meta name=\"author\" content=\"Diana Matei\" \/>\n<meta name=\"twitter:card\" content=\"summary_large_image\" \/>\n<meta name=\"twitter:label1\" content=\"Written by\" \/>\n\t<meta name=\"twitter:data1\" content=\"Diana Matei\" \/>\n\t<meta name=\"twitter:label2\" content=\"Estimated reading time\" \/>\n\t<meta name=\"twitter:data2\" content=\"2 minutes\" \/>\n<script type=\"application\/ld+json\" class=\"yoast-schema-graph\">{\"@context\":\"https:\\\/\\\/schema.org\",\"@graph\":[{\"@type\":\"Article\",\"@id\":\"https:\\\/\\\/buletin.de\\\/bucuresti\\\/primaria-sectorului-1-incepe-modernizarea-a-10-strazi\\\/#article\",\"isPartOf\":{\"@id\":\"https:\\\/\\\/buletin.de\\\/bucuresti\\\/primaria-sectorului-1-incepe-modernizarea-a-10-strazi\\\/\"},\"author\":{\"name\":\"Diana Matei\",\"@id\":\"https:\\\/\\\/buletin.de\\\/bucuresti\\\/#\\\/schema\\\/person\\\/7e46040573290777280a0835d81ea4ea\"},\"headline\":\"Prim\u0103ria Sectorului 1 \u00eencepe modernizarea a 10 str\u0103zi\",\"datePublished\":\"2023-06-19T08:51:03+00:00\",\"dateModified\":\"2023-06-19T08:51:04+00:00\",\"mainEntityOfPage\":{\"@id\":\"https:\\\/\\\/buletin.de\\\/bucuresti\\\/primaria-sectorului-1-incepe-modernizarea-a-10-strazi\\\/\"},\"wordCount\":339,\"publisher\":{\"@id\":\"https:\\\/\\\/buletin.de\\\/bucuresti\\\/#organization\"},\"image\":{\"@id\":\"https:\\\/\\\/buletin.de\\\/bucuresti\\\/primaria-sectorului-1-incepe-modernizarea-a-10-strazi\\\/#primaryimage\"},\"thumbnailUrl\":\"https:\\\/\\\/buletin.de\\\/bucuresti\\\/wp-content\\\/uploads\\\/354470000_816041966553797_3601736398332151535_n.jpeg\",\"keywords\":[\"modernizare\",\"reabilitare strazi Sector 1\"],\"articleSection\":[\"Prim\u0103rie\",\"\u0218tiri\"],\"inLanguage\":\"en-GB\",\"copyrightYear\":\"2023\",\"copyrightHolder\":{\"@id\":\"https:\\\/\\\/buletin.de\\\/bucuresti\\\/#organization\"}},{\"@type\":\"WebPage\",\"@id\":\"https:\\\/\\\/buletin.de\\\/bucuresti\\\/primaria-sectorului-1-incepe-modernizarea-a-10-strazi\\\/\",\"url\":\"https:\\\/\\\/buletin.de\\\/bucuresti\\\/primaria-sectorului-1-incepe-modernizarea-a-10-strazi\\\/\",\"name\":\"Prim\u0103ria Sectorului 1 \u00eencepe modernizarea a 10 str\u0103zi - Buletin de Bucure\u0219ti\",\"isPartOf\":{\"@id\":\"https:\\\/\\\/buletin.de\\\/bucuresti\\\/#website\"},\"primaryImageOfPage\":{\"@id\":\"https:\\\/\\\/buletin.de\\\/bucuresti\\\/primaria-sectorului-1-incepe-modernizarea-a-10-strazi\\\/#primaryimage\"},\"image\":{\"@id\":\"https:\\\/\\\/buletin.de\\\/bucuresti\\\/primaria-sectorului-1-incepe-modernizarea-a-10-strazi\\\/#primaryimage\"},\"thumbnailUrl\":\"https:\\\/\\\/buletin.de\\\/bucuresti\\\/wp-content\\\/uploads\\\/354470000_816041966553797_3601736398332151535_n.jpeg\",\"datePublished\":\"2023-06-19T08:51:03+00:00\",\"dateModified\":\"2023-06-19T08:51:04+00:00\",\"breadcrumb\":{\"@id\":\"https:\\\/\\\/buletin.de\\\/bucuresti\\\/primaria-sectorului-1-incepe-modernizarea-a-10-strazi\\\/#breadcrumb\"},\"inLanguage\":\"en-GB\",\"potentialAction\":[{\"@type\":\"ReadAction\",\"target\":[\"https:\\\/\\\/buletin.de\\\/bucuresti\\\/primaria-sectorului-1-incepe-modernizarea-a-10-strazi\\\/\"]}]},{\"@type\":\"ImageObject\",\"inLanguage\":\"en-GB\",\"@id\":\"https:\\\/\\\/buletin.de\\\/bucuresti\\\/primaria-sectorului-1-incepe-modernizarea-a-10-strazi\\\/#primaryimage\",\"url\":\"https:\\\/\\\/buletin.de\\\/bucuresti\\\/wp-content\\\/uploads\\\/354470000_816041966553797_3601736398332151535_n.jpeg\",\"contentUrl\":\"https:\\\/\\\/buletin.de\\\/bucuresti\\\/wp-content\\\/uploads\\\/354470000_816041966553797_3601736398332151535_n.jpeg\",\"width\":2048,\"height\":1365},{\"@type\":\"BreadcrumbList\",\"@id\":\"https:\\\/\\\/buletin.de\\\/bucuresti\\\/primaria-sectorului-1-incepe-modernizarea-a-10-strazi\\\/#breadcrumb\",\"itemListElement\":[{\"@type\":\"ListItem\",\"position\":1,\"name\":\"Acas\u0103\",\"item\":\"https:\\\/\\\/buletin.de\\\/bucuresti\\\/\"},{\"@type\":\"ListItem\",\"position\":2,\"name\":\"Prim\u0103ria Sectorului 1 \u00eencepe modernizarea a 10 str\u0103zi\"}]},{\"@type\":\"WebSite\",\"@id\":\"https:\\\/\\\/buletin.de\\\/bucuresti\\\/#website\",\"url\":\"https:\\\/\\\/buletin.de\\\/bucuresti\\\/\",\"name\":\"Buletin de Bucure\u0219ti\",\"description\":\"\u0218tiri \u0219i investiga\u021bii esen\u021biale din capital\u0103\",\"publisher\":{\"@id\":\"https:\\\/\\\/buletin.de\\\/bucuresti\\\/#organization\"},\"potentialAction\":[{\"@type\":\"SearchAction\",\"target\":{\"@type\":\"EntryPoint\",\"urlTemplate\":\"https:\\\/\\\/buletin.de\\\/bucuresti\\\/?s={search_term_string}\"},\"query-input\":{\"@type\":\"PropertyValueSpecification\",\"valueRequired\":true,\"valueName\":\"search_term_string\"}}],\"inLanguage\":\"en-GB\"},{\"@type\":\"Organization\",\"@id\":\"https:\\\/\\\/buletin.de\\\/bucuresti\\\/#organization\",\"name\":\"Buletin de Bucure\u0219ti\",\"url\":\"https:\\\/\\\/buletin.de\\\/bucuresti\\\/\",\"logo\":{\"@type\":\"ImageObject\",\"inLanguage\":\"en-GB\",\"@id\":\"https:\\\/\\\/buletin.de\\\/bucuresti\\\/#\\\/schema\\\/logo\\\/image\\\/\",\"url\":\"https:\\\/\\\/buletin.de\\\/bucuresti\\\/wp-content\\\/uploads\\\/logo-bdb-full-wide-vernil-transparent.png\",\"contentUrl\":\"https:\\\/\\\/buletin.de\\\/bucuresti\\\/wp-content\\\/uploads\\\/logo-bdb-full-wide-vernil-transparent.png\",\"width\":1782,\"height\":626,\"caption\":\"Buletin de Bucure\u0219ti\"},\"image\":{\"@id\":\"https:\\\/\\\/buletin.de\\\/bucuresti\\\/#\\\/schema\\\/logo\\\/image\\\/\"},\"sameAs\":[\"https:\\\/\\\/www.facebook.com\\\/buletin.de.buc\",\"https:\\\/\\\/www.instagram.com\\\/buletinde.bucuresti\\\/\"]},{\"@type\":\"Person\",\"@id\":\"https:\\\/\\\/buletin.de\\\/bucuresti\\\/#\\\/schema\\\/person\\\/7e46040573290777280a0835d81ea4ea\",\"name\":\"Diana Matei\",\"image\":{\"@type\":\"ImageObject\",\"inLanguage\":\"en-GB\",\"@id\":\"https:\\\/\\\/buletin.de\\\/bucuresti\\\/wp-content\\\/uploads\\\/9-2-96x96.jpg1e8590b30871d70e62ebcdaf2eff570c\",\"url\":\"https:\\\/\\\/buletin.de\\\/bucuresti\\\/wp-content\\\/uploads\\\/9-2-96x96.jpg\",\"contentUrl\":\"https:\\\/\\\/buletin.de\\\/bucuresti\\\/wp-content\\\/uploads\\\/9-2-96x96.jpg\",\"caption\":\"Diana Matei\"},\"url\":\"https:\\\/\\\/buletin.de\\\/bucuresti\\\/author\\\/dianamatei\\\/\"}]}<\/script>\n<!-- \/ Yoast SEO Premium plugin. -->","yoast_head_json":{"title":"Prim\u0103ria Sectorului 1 \u00eencepe modernizarea a 10 str\u0103zi - Buletin de Bucure\u0219ti","robots":{"index":"index","follow":"follow","max-snippet":"max-snippet:-1","max-image-preview":"max-image-preview:large","max-video-preview":"max-video-preview:-1"},"canonical":"https:\/\/buletin.de\/bucuresti\/primaria-sectorului-1-incepe-modernizarea-a-10-strazi\/","og_locale":"en_GB","og_type":"article","og_title":"Prim\u0103ria Sectorului 1 \u00eencepe modernizarea a 10 str\u0103zi","og_description":"Zece str\u0103zi vor fi asfaltate, modernizate \u0219i reabilitate, \u00een Sectorul 1, \u00eencep\u00e2nd cu sf\u00e2r\u0219itul lunii iuni. S\u0103pt\u0103m\u00e2na trecut\u0103 s-au semnat autoriza\u021biile de construire pentru str\u0103zile Bujorului \u0219i Nuferilor. Ulteriror, vor fi emise autoriza\u021bii\u00a0\u0219i pentru str\u0103zile Elena Ple\u0219oianu \u0219i Dumitru Zosima. \u2018\u2019Sunt zece artere din nordul Sectorului 1 care nu au mai v\u0103zut lucr\u0103ri de repara\u021bii [&hellip;]","og_url":"https:\/\/buletin.de\/bucuresti\/primaria-sectorului-1-incepe-modernizarea-a-10-strazi\/","og_site_name":"Buletin de Bucure\u0219ti","article_publisher":"https:\/\/www.facebook.com\/buletin.de.buc","article_published_time":"2023-06-19T08:51:03+00:00","article_modified_time":"2023-06-19T08:51:04+00:00","og_image":[{"width":2048,"height":1365,"url":"https:\/\/buletin.de\/bucuresti\/wp-content\/uploads\/354470000_816041966553797_3601736398332151535_n.jpeg","type":"image\/jpeg"}],"author":"Diana Matei","twitter_card":"summary_large_image","twitter_misc":{"Written by":"Diana Matei","Estimated reading time":"2 minutes"},"schema":{"@context":"https:\/\/schema.org","@graph":[{"@type":"Article","@id":"https:\/\/buletin.de\/bucuresti\/primaria-sectorului-1-incepe-modernizarea-a-10-strazi\/#article","isPartOf":{"@id":"https:\/\/buletin.de\/bucuresti\/primaria-sectorului-1-incepe-modernizarea-a-10-strazi\/"},"author":{"name":"Diana Matei","@id":"https:\/\/buletin.de\/bucuresti\/#\/schema\/person\/7e46040573290777280a0835d81ea4ea"},"headline":"Prim\u0103ria Sectorului 1 \u00eencepe modernizarea a 10 str\u0103zi","datePublished":"2023-06-19T08:51:03+00:00","dateModified":"2023-06-19T08:51:04+00:00","mainEntityOfPage":{"@id":"https:\/\/buletin.de\/bucuresti\/primaria-sectorului-1-incepe-modernizarea-a-10-strazi\/"},"wordCount":339,"publisher":{"@id":"https:\/\/buletin.de\/bucuresti\/#organization"},"image":{"@id":"https:\/\/buletin.de\/bucuresti\/primaria-sectorului-1-incepe-modernizarea-a-10-strazi\/#primaryimage"},"thumbnailUrl":"https:\/\/buletin.de\/bucuresti\/wp-content\/uploads\/354470000_816041966553797_3601736398332151535_n.jpeg","keywords":["modernizare","reabilitare strazi Sector 1"],"articleSection":["Prim\u0103rie","\u0218tiri"],"inLanguage":"en-GB","copyrightYear":"2023","copyrightHolder":{"@id":"https:\/\/buletin.de\/bucuresti\/#organization"}},{"@type":"WebPage","@id":"https:\/\/buletin.de\/bucuresti\/primaria-sectorului-1-incepe-modernizarea-a-10-strazi\/","url":"https:\/\/buletin.de\/bucuresti\/primaria-sectorului-1-incepe-modernizarea-a-10-strazi\/","name":"Prim\u0103ria Sectorului 1 \u00eencepe modernizarea a 10 str\u0103zi - Buletin de Bucure\u0219ti","isPartOf":{"@id":"https:\/\/buletin.de\/bucuresti\/#website"},"primaryImageOfPage":{"@id":"https:\/\/buletin.de\/bucuresti\/primaria-sectorului-1-incepe-modernizarea-a-10-strazi\/#primaryimage"},"image":{"@id":"https:\/\/buletin.de\/bucuresti\/primaria-sectorului-1-incepe-modernizarea-a-10-strazi\/#primaryimage"},"thumbnailUrl":"https:\/\/buletin.de\/bucuresti\/wp-content\/uploads\/354470000_816041966553797_3601736398332151535_n.jpeg","datePublished":"2023-06-19T08:51:03+00:00","dateModified":"2023-06-19T08:51:04+00:00","breadcrumb":{"@id":"https:\/\/buletin.de\/bucuresti\/primaria-sectorului-1-incepe-modernizarea-a-10-strazi\/#breadcrumb"},"inLanguage":"en-GB","potentialAction":[{"@type":"ReadAction","target":["https:\/\/buletin.de\/bucuresti\/primaria-sectorului-1-incepe-modernizarea-a-10-strazi\/"]}]},{"@type":"ImageObject","inLanguage":"en-GB","@id":"https:\/\/buletin.de\/bucuresti\/primaria-sectorului-1-incepe-modernizarea-a-10-strazi\/#primaryimage","url":"https:\/\/buletin.de\/bucuresti\/wp-content\/uploads\/354470000_816041966553797_3601736398332151535_n.jpeg","contentUrl":"https:\/\/buletin.de\/bucuresti\/wp-content\/uploads\/354470000_816041966553797_3601736398332151535_n.jpeg","width":2048,"height":1365},{"@type":"BreadcrumbList","@id":"https:\/\/buletin.de\/bucuresti\/primaria-sectorului-1-incepe-modernizarea-a-10-strazi\/#breadcrumb","itemListElement":[{"@type":"ListItem","position":1,"name":"Acas\u0103","item":"https:\/\/buletin.de\/bucuresti\/"},{"@type":"ListItem","position":2,"name":"Prim\u0103ria Sectorului 1 \u00eencepe modernizarea a 10 str\u0103zi"}]},{"@type":"WebSite","@id":"https:\/\/buletin.de\/bucuresti\/#website","url":"https:\/\/buletin.de\/bucuresti\/","name":"Buletin de Bucure\u0219ti","description":"\u0218tiri \u0219i investiga\u021bii esen\u021biale din capital\u0103","publisher":{"@id":"https:\/\/buletin.de\/bucuresti\/#organization"},"potentialAction":[{"@type":"SearchAction","target":{"@type":"EntryPoint","urlTemplate":"https:\/\/buletin.de\/bucuresti\/?s={search_term_string}"},"query-input":{"@type":"PropertyValueSpecification","valueRequired":true,"valueName":"search_term_string"}}],"inLanguage":"en-GB"},{"@type":"Organization","@id":"https:\/\/buletin.de\/bucuresti\/#organization","name":"Buletin de Bucure\u0219ti","url":"https:\/\/buletin.de\/bucuresti\/","logo":{"@type":"ImageObject","inLanguage":"en-GB","@id":"https:\/\/buletin.de\/bucuresti\/#\/schema\/logo\/image\/","url":"https:\/\/buletin.de\/bucuresti\/wp-content\/uploads\/logo-bdb-full-wide-vernil-transparent.png","contentUrl":"https:\/\/buletin.de\/bucuresti\/wp-content\/uploads\/logo-bdb-full-wide-vernil-transparent.png","width":1782,"height":626,"caption":"Buletin de Bucure\u0219ti"},"image":{"@id":"https:\/\/buletin.de\/bucuresti\/#\/schema\/logo\/image\/"},"sameAs":["https:\/\/www.facebook.com\/buletin.de.buc","https:\/\/www.instagram.com\/buletinde.bucuresti\/"]},{"@type":"Person","@id":"https:\/\/buletin.de\/bucuresti\/#\/schema\/person\/7e46040573290777280a0835d81ea4ea","name":"Diana Matei","image":{"@type":"ImageObject","inLanguage":"en-GB","@id":"https:\/\/buletin.de\/bucuresti\/wp-content\/uploads\/9-2-96x96.jpg1e8590b30871d70e62ebcdaf2eff570c","url":"https:\/\/buletin.de\/bucuresti\/wp-content\/uploads\/9-2-96x96.jpg","contentUrl":"https:\/\/buletin.de\/bucuresti\/wp-content\/uploads\/9-2-96x96.jpg","caption":"Diana Matei"},"url":"https:\/\/buletin.de\/bucuresti\/author\/dianamatei\/"}]}},"authors":[{"term_id":22574,"user_id":49,"is_guest":0,"slug":"dianamatei","display_name":"Diana Matei","avatar_url":"https:\/\/buletin.de\/bucuresti\/wp-content\/uploads\/9-2-96x96.jpg","0":null,"1":"","2":"","3":"","4":"","5":"","6":"","7":"","8":""}],"_links":{"self":[{"href":"https:\/\/buletin.de\/bucuresti\/wp-json\/wp\/v2\/posts\/59502","targetHints":{"allow":["GET"]}}],"collection":[{"href":"https:\/\/buletin.de\/bucuresti\/wp-json\/wp\/v2\/posts"}],"about":[{"href":"https:\/\/buletin.de\/bucuresti\/wp-json\/wp\/v2\/types\/post"}],"author":[{"embeddable":true,"href":"https:\/\/buletin.de\/bucuresti\/wp-json\/wp\/v2\/users\/49"}],"replies":[{"embeddable":true,"href":"https:\/\/buletin.de\/bucuresti\/wp-json\/wp\/v2\/comments?post=59502"}],"version-history":[{"count":2,"href":"https:\/\/buletin.de\/bucuresti\/wp-json\/wp\/v2\/posts\/59502\/revisions"}],"predecessor-version":[{"id":59507,"href":"https:\/\/buletin.de\/bucuresti\/wp-json\/wp\/v2\/posts\/59502\/revisions\/59507"}],"wp:featuredmedia":[{"embeddable":true,"href":"https:\/\/buletin.de\/bucuresti\/wp-json\/wp\/v2\/media\/59499"}],"wp:attachment":[{"href":"https:\/\/buletin.de\/bucuresti\/wp-json\/wp\/v2\/media?parent=59502"}],"wp:term":[{"taxonomy":"category","embeddable":true,"href":"https:\/\/buletin.de\/bucuresti\/wp-json\/wp\/v2\/categories?post=59502"},{"taxonomy":"post_tag","embeddable":true,"href":"https:\/\/buletin.de\/bucuresti\/wp-json\/wp\/v2\/tags?post=59502"},{"taxonomy":"author","embeddable":true,"href":"https:\/\/buletin.de\/bucuresti\/wp-json\/wp\/v2\/ppma_author?post=59502"}],"curies":[{"name":"wp","href":"https:\/\/api.w.org\/{rel}","templated":true}]}}