{"id":59494,"date":"2023-06-19T07:13:35","date_gmt":"2023-06-19T05:13:35","guid":{"rendered":"https:\/\/buletin.de\/bucuresti\/?p=59494"},"modified":"2023-06-19T10:54:12","modified_gmt":"2023-06-19T08:54:12","slug":"o-persoana-a-fost-ranita-in-parcul-ior-de-un-copac-rapus-de-vant","status":"publish","type":"post","link":"https:\/\/buletin.de\/bucuresti\/o-persoana-a-fost-ranita-in-parcul-ior-de-un-copac-rapus-de-vant\/","title":{"rendered":"O persoan\u0103 a fost r\u0103nit\u0103, \u00een parcul IOR, de un copac r\u0103pus de v\u00e2nt"},"content":{"rendered":"\n<p><strong>Un copac s-a pr\u0103bu\u0219it peste o femeie \u00een parcul IOR iar victima a fost transportat\u0103 la spital.<\/strong><\/p>\n\n\n\n<p>V\u00e2ntul puternic a pus la p\u0103m\u00e2nt un copac \u00een Parcul IOR din Sectorul 3. Mai multe persoane se aflau \u00een zon\u0103, iar o femeie a fost prins\u0103 sub copac, <a href=\"https:\/\/www.g4media.ro\/sectorul-3-in-parcul-ior-un-copac-greu-s-a-prabusit-peste-o-femeie-victima-s-a-ales-cu-fracturi.html\">potrivit G4media<\/a>.<\/p>\n\n\n\n<p>\u00cen total, ca urmare a fenomenelor meteo, pe durata codului galben, ISU B-IF a gestionat 11 interven\u021bii in Bucuresti. Acestea au constat \u00een \u00eendepartarea a noua copaci, a unui stalp si a unui element de constructie desprins de pe fatada unei cladiri. Au fost avariate 3 autoturisme, mai transmite sursa citat\u0103.<\/p>\n\n\n\n<p>Potrivit ISU Bucure\u0219ti, \u201eun caz deosebit a fost inregistrat in jurul orei 17:30, cand am intervenit pentru acordarea primului ajutor, pentru o persoana in varsta de 82 de ani, ranita de caderea unui copac, in Parcul IOR. Victima a fost gasita in stare de constienta, prezenta hemoragie la nivelul unui membru inferior. Dupa stabilizare la fata locului a fost transportata la Spitalul Clinic de Urgenta Bucuresti de un echipaj SABIF\u201d.<\/p>\n","protected":false},"excerpt":{"rendered":"<p>Un copac s-a pr\u0103bu\u0219it peste o femeie \u00een parcul IOR iar victima a fost transportat\u0103 la spital. V\u00e2ntul puternic a pus la p\u0103m\u00e2nt un copac \u00een Parcul IOR din Sectorul 3. Mai multe persoane se aflau \u00een zon\u0103, iar o femeie a fost prins\u0103 sub copac, potrivit G4media. \u00cen total, ca urmare a fenomenelor meteo, [&hellip;]<\/p>\n","protected":false},"author":10,"featured_media":59495,"comment_status":"closed","ping_status":"open","sticky":false,"template":"","format":"standard","meta":{"_acf_changed":false,"inline_featured_image":false,"ngg_post_thumbnail":0,"footnotes":""},"categories":[62],"tags":[2214,5726],"ppma_author":[22575],"class_list":["post-59494","post","type-post","status-publish","format-standard","has-post-thumbnail","hentry","category-stiri","tag-copac","tag-ior"],"acf":[],"yoast_head":"<!-- This site is optimized with the Yoast SEO Premium plugin v25.3 (Yoast SEO v27.4) - https:\/\/yoast.com\/product\/yoast-seo-premium-wordpress\/ -->\n<title>O persoan\u0103 a fost r\u0103nit\u0103, \u00een parcul IOR, de un copac r\u0103pus de v\u00e2nt - Buletin de Bucure\u0219ti<\/title>\n<meta name=\"robots\" content=\"index, follow, max-snippet:-1, max-image-preview:large, max-video-preview:-1\" \/>\n<link rel=\"canonical\" href=\"https:\/\/buletin.de\/bucuresti\/o-persoana-a-fost-ranita-in-parcul-ior-de-un-copac-rapus-de-vant\/\" \/>\n<meta property=\"og:locale\" content=\"en_GB\" \/>\n<meta property=\"og:type\" content=\"article\" \/>\n<meta property=\"og:title\" content=\"O persoan\u0103 a fost r\u0103nit\u0103, \u00een parcul IOR, de un copac r\u0103pus de v\u00e2nt\" \/>\n<meta property=\"og:description\" content=\"Un copac s-a pr\u0103bu\u0219it peste o femeie \u00een parcul IOR iar victima a fost transportat\u0103 la spital. V\u00e2ntul puternic a pus la p\u0103m\u00e2nt un copac \u00een Parcul IOR din Sectorul 3. Mai multe persoane se aflau \u00een zon\u0103, iar o femeie a fost prins\u0103 sub copac, potrivit G4media. \u00cen total, ca urmare a fenomenelor meteo, [&hellip;]\" \/>\n<meta property=\"og:url\" content=\"https:\/\/buletin.de\/bucuresti\/o-persoana-a-fost-ranita-in-parcul-ior-de-un-copac-rapus-de-vant\/\" \/>\n<meta property=\"og:site_name\" content=\"Buletin de Bucure\u0219ti\" \/>\n<meta property=\"article:publisher\" content=\"https:\/\/www.facebook.com\/buletin.de.buc\" \/>\n<meta property=\"article:published_time\" content=\"2023-06-19T05:13:35+00:00\" \/>\n<meta property=\"article:modified_time\" content=\"2023-06-19T08:54:12+00:00\" \/>\n<meta property=\"og:image\" content=\"https:\/\/buletin.de\/bucuresti\/wp-content\/uploads\/copac-cazut-sector-3-640x400-1.jpeg\" \/>\n\t<meta property=\"og:image:width\" content=\"640\" \/>\n\t<meta property=\"og:image:height\" content=\"400\" \/>\n\t<meta property=\"og:image:type\" content=\"image\/jpeg\" \/>\n<meta name=\"author\" content=\"C\u0103t\u0103lin Dosca\u0219\" \/>\n<meta name=\"twitter:card\" content=\"summary_large_image\" \/>\n<meta name=\"twitter:label1\" content=\"Written by\" \/>\n\t<meta name=\"twitter:data1\" content=\"C\u0103t\u0103lin Dosca\u0219\" \/>\n\t<meta name=\"twitter:label2\" content=\"Estimated reading time\" \/>\n\t<meta name=\"twitter:data2\" content=\"1 minute\" \/>\n<script type=\"application\/ld+json\" class=\"yoast-schema-graph\">{\"@context\":\"https:\\\/\\\/schema.org\",\"@graph\":[{\"@type\":\"Article\",\"@id\":\"https:\\\/\\\/buletin.de\\\/bucuresti\\\/o-persoana-a-fost-ranita-in-parcul-ior-de-un-copac-rapus-de-vant\\\/#article\",\"isPartOf\":{\"@id\":\"https:\\\/\\\/buletin.de\\\/bucuresti\\\/o-persoana-a-fost-ranita-in-parcul-ior-de-un-copac-rapus-de-vant\\\/\"},\"author\":{\"name\":\"C\u0103t\u0103lin Dosca\u0219\",\"@id\":\"https:\\\/\\\/buletin.de\\\/bucuresti\\\/#\\\/schema\\\/person\\\/31117187ed4d0bdb0a4c7d6acc79d0f8\"},\"headline\":\"O persoan\u0103 a fost r\u0103nit\u0103, \u00een parcul IOR, de un copac r\u0103pus de v\u00e2nt\",\"datePublished\":\"2023-06-19T05:13:35+00:00\",\"dateModified\":\"2023-06-19T08:54:12+00:00\",\"mainEntityOfPage\":{\"@id\":\"https:\\\/\\\/buletin.de\\\/bucuresti\\\/o-persoana-a-fost-ranita-in-parcul-ior-de-un-copac-rapus-de-vant\\\/\"},\"wordCount\":189,\"publisher\":{\"@id\":\"https:\\\/\\\/buletin.de\\\/bucuresti\\\/#organization\"},\"image\":{\"@id\":\"https:\\\/\\\/buletin.de\\\/bucuresti\\\/o-persoana-a-fost-ranita-in-parcul-ior-de-un-copac-rapus-de-vant\\\/#primaryimage\"},\"thumbnailUrl\":\"https:\\\/\\\/buletin.de\\\/bucuresti\\\/wp-content\\\/uploads\\\/copac-cazut-sector-3-640x400-1.jpeg\",\"keywords\":[\"copac\",\"IOR\"],\"articleSection\":[\"\u0218tiri\"],\"inLanguage\":\"en-GB\",\"copyrightYear\":\"2023\",\"copyrightHolder\":{\"@id\":\"https:\\\/\\\/buletin.de\\\/bucuresti\\\/#organization\"}},{\"@type\":\"WebPage\",\"@id\":\"https:\\\/\\\/buletin.de\\\/bucuresti\\\/o-persoana-a-fost-ranita-in-parcul-ior-de-un-copac-rapus-de-vant\\\/\",\"url\":\"https:\\\/\\\/buletin.de\\\/bucuresti\\\/o-persoana-a-fost-ranita-in-parcul-ior-de-un-copac-rapus-de-vant\\\/\",\"name\":\"O persoan\u0103 a fost r\u0103nit\u0103, \u00een parcul IOR, de un copac r\u0103pus de v\u00e2nt - Buletin de Bucure\u0219ti\",\"isPartOf\":{\"@id\":\"https:\\\/\\\/buletin.de\\\/bucuresti\\\/#website\"},\"primaryImageOfPage\":{\"@id\":\"https:\\\/\\\/buletin.de\\\/bucuresti\\\/o-persoana-a-fost-ranita-in-parcul-ior-de-un-copac-rapus-de-vant\\\/#primaryimage\"},\"image\":{\"@id\":\"https:\\\/\\\/buletin.de\\\/bucuresti\\\/o-persoana-a-fost-ranita-in-parcul-ior-de-un-copac-rapus-de-vant\\\/#primaryimage\"},\"thumbnailUrl\":\"https:\\\/\\\/buletin.de\\\/bucuresti\\\/wp-content\\\/uploads\\\/copac-cazut-sector-3-640x400-1.jpeg\",\"datePublished\":\"2023-06-19T05:13:35+00:00\",\"dateModified\":\"2023-06-19T08:54:12+00:00\",\"breadcrumb\":{\"@id\":\"https:\\\/\\\/buletin.de\\\/bucuresti\\\/o-persoana-a-fost-ranita-in-parcul-ior-de-un-copac-rapus-de-vant\\\/#breadcrumb\"},\"inLanguage\":\"en-GB\",\"potentialAction\":[{\"@type\":\"ReadAction\",\"target\":[\"https:\\\/\\\/buletin.de\\\/bucuresti\\\/o-persoana-a-fost-ranita-in-parcul-ior-de-un-copac-rapus-de-vant\\\/\"]}]},{\"@type\":\"ImageObject\",\"inLanguage\":\"en-GB\",\"@id\":\"https:\\\/\\\/buletin.de\\\/bucuresti\\\/o-persoana-a-fost-ranita-in-parcul-ior-de-un-copac-rapus-de-vant\\\/#primaryimage\",\"url\":\"https:\\\/\\\/buletin.de\\\/bucuresti\\\/wp-content\\\/uploads\\\/copac-cazut-sector-3-640x400-1.jpeg\",\"contentUrl\":\"https:\\\/\\\/buletin.de\\\/bucuresti\\\/wp-content\\\/uploads\\\/copac-cazut-sector-3-640x400-1.jpeg\",\"width\":640,\"height\":400},{\"@type\":\"BreadcrumbList\",\"@id\":\"https:\\\/\\\/buletin.de\\\/bucuresti\\\/o-persoana-a-fost-ranita-in-parcul-ior-de-un-copac-rapus-de-vant\\\/#breadcrumb\",\"itemListElement\":[{\"@type\":\"ListItem\",\"position\":1,\"name\":\"Acas\u0103\",\"item\":\"https:\\\/\\\/buletin.de\\\/bucuresti\\\/\"},{\"@type\":\"ListItem\",\"position\":2,\"name\":\"O persoan\u0103 a fost r\u0103nit\u0103, \u00een parcul IOR, de un copac r\u0103pus de v\u00e2nt\"}]},{\"@type\":\"WebSite\",\"@id\":\"https:\\\/\\\/buletin.de\\\/bucuresti\\\/#website\",\"url\":\"https:\\\/\\\/buletin.de\\\/bucuresti\\\/\",\"name\":\"Buletin de Bucure\u0219ti\",\"description\":\"\u0218tiri \u0219i investiga\u021bii esen\u021biale din capital\u0103\",\"publisher\":{\"@id\":\"https:\\\/\\\/buletin.de\\\/bucuresti\\\/#organization\"},\"potentialAction\":[{\"@type\":\"SearchAction\",\"target\":{\"@type\":\"EntryPoint\",\"urlTemplate\":\"https:\\\/\\\/buletin.de\\\/bucuresti\\\/?s={search_term_string}\"},\"query-input\":{\"@type\":\"PropertyValueSpecification\",\"valueRequired\":true,\"valueName\":\"search_term_string\"}}],\"inLanguage\":\"en-GB\"},{\"@type\":\"Organization\",\"@id\":\"https:\\\/\\\/buletin.de\\\/bucuresti\\\/#organization\",\"name\":\"Buletin de Bucure\u0219ti\",\"url\":\"https:\\\/\\\/buletin.de\\\/bucuresti\\\/\",\"logo\":{\"@type\":\"ImageObject\",\"inLanguage\":\"en-GB\",\"@id\":\"https:\\\/\\\/buletin.de\\\/bucuresti\\\/#\\\/schema\\\/logo\\\/image\\\/\",\"url\":\"https:\\\/\\\/buletin.de\\\/bucuresti\\\/wp-content\\\/uploads\\\/logo-bdb-full-wide-vernil-transparent.png\",\"contentUrl\":\"https:\\\/\\\/buletin.de\\\/bucuresti\\\/wp-content\\\/uploads\\\/logo-bdb-full-wide-vernil-transparent.png\",\"width\":1782,\"height\":626,\"caption\":\"Buletin de Bucure\u0219ti\"},\"image\":{\"@id\":\"https:\\\/\\\/buletin.de\\\/bucuresti\\\/#\\\/schema\\\/logo\\\/image\\\/\"},\"sameAs\":[\"https:\\\/\\\/www.facebook.com\\\/buletin.de.buc\",\"https:\\\/\\\/www.instagram.com\\\/buletinde.bucuresti\\\/\"]},{\"@type\":\"Person\",\"@id\":\"https:\\\/\\\/buletin.de\\\/bucuresti\\\/#\\\/schema\\\/person\\\/31117187ed4d0bdb0a4c7d6acc79d0f8\",\"name\":\"C\u0103t\u0103lin Dosca\u0219\",\"image\":{\"@type\":\"ImageObject\",\"inLanguage\":\"en-GB\",\"@id\":\"https:\\\/\\\/buletin.de\\\/bucuresti\\\/wp-content\\\/uploads\\\/Catalin-Doscas-e1732731064764-96x96.jpga93e2943bb3b1c1f9ead823df6e6317a\",\"url\":\"https:\\\/\\\/buletin.de\\\/bucuresti\\\/wp-content\\\/uploads\\\/Catalin-Doscas-e1732731064764-96x96.jpg\",\"contentUrl\":\"https:\\\/\\\/buletin.de\\\/bucuresti\\\/wp-content\\\/uploads\\\/Catalin-Doscas-e1732731064764-96x96.jpg\",\"caption\":\"C\u0103t\u0103lin Dosca\u0219\"},\"description\":\"Reporter \u0219i redactor-\u0219ef Buletin de Bucure\u0219ti. Lucreaz\u0103 \u00een mass-media de la v\u00e2rsta de 15 ani, c\u00e2nd a publicat primele articole \u00een presa local\u0103 din Tecuci. \u00cen Bucure\u0219ti a lucrat \u00een redac\u021bii radio ca reporter, redactor \u0219i prezentator (StudentFM, Na\u021bionalFM, Radio Total, Smart FM), unde a acoperit domeniile politic, economic, social \u0219i externe. Ulterior, a fost editor-coordonator al postului Realitatea FM. Experien\u021ba \u00een jurnalismul online a dob\u00e2ndit-o la portalul B365.ro, unde a fost editor. \u00cen 2012 s-a angajat \u00een televiziune. La Realitatea TV a fost, pe r\u00e2nd, reporter la sec\u021bia Social, reporter special la emisiunea de reportaje \u0219i anchete \u201eReporterii Realit\u0103\u021bii\u201d, dar \u0219i editor al jurnalelor de \u0219tiri. Ulterior, a f\u0103cut parte din sec\u021bia de Investiga\u021bii de la Digi24 \u0219i a lucrat la campania \u201eRom\u00e2nia furat\u0103\u201d. A revenit \u00een presa scris\u0103 \u00een 2017, ca reporter special, \u00een cadrul unui proiect de repozi\u021bionare a tabloidului Libertatea \u00een cotidian generalist. Este jurnalist Buletin de Bucure\u0219ti din 2019.\",\"url\":\"https:\\\/\\\/buletin.de\\\/bucuresti\\\/author\\\/catalin\\\/\"}]}<\/script>\n<!-- \/ Yoast SEO Premium plugin. -->","yoast_head_json":{"title":"O persoan\u0103 a fost r\u0103nit\u0103, \u00een parcul IOR, de un copac r\u0103pus de v\u00e2nt - Buletin de Bucure\u0219ti","robots":{"index":"index","follow":"follow","max-snippet":"max-snippet:-1","max-image-preview":"max-image-preview:large","max-video-preview":"max-video-preview:-1"},"canonical":"https:\/\/buletin.de\/bucuresti\/o-persoana-a-fost-ranita-in-parcul-ior-de-un-copac-rapus-de-vant\/","og_locale":"en_GB","og_type":"article","og_title":"O persoan\u0103 a fost r\u0103nit\u0103, \u00een parcul IOR, de un copac r\u0103pus de v\u00e2nt","og_description":"Un copac s-a pr\u0103bu\u0219it peste o femeie \u00een parcul IOR iar victima a fost transportat\u0103 la spital. V\u00e2ntul puternic a pus la p\u0103m\u00e2nt un copac \u00een Parcul IOR din Sectorul 3. Mai multe persoane se aflau \u00een zon\u0103, iar o femeie a fost prins\u0103 sub copac, potrivit G4media. \u00cen total, ca urmare a fenomenelor meteo, [&hellip;]","og_url":"https:\/\/buletin.de\/bucuresti\/o-persoana-a-fost-ranita-in-parcul-ior-de-un-copac-rapus-de-vant\/","og_site_name":"Buletin de Bucure\u0219ti","article_publisher":"https:\/\/www.facebook.com\/buletin.de.buc","article_published_time":"2023-06-19T05:13:35+00:00","article_modified_time":"2023-06-19T08:54:12+00:00","og_image":[{"width":640,"height":400,"url":"https:\/\/buletin.de\/bucuresti\/wp-content\/uploads\/copac-cazut-sector-3-640x400-1.jpeg","type":"image\/jpeg"}],"author":"C\u0103t\u0103lin Dosca\u0219","twitter_card":"summary_large_image","twitter_misc":{"Written by":"C\u0103t\u0103lin Dosca\u0219","Estimated reading time":"1 minute"},"schema":{"@context":"https:\/\/schema.org","@graph":[{"@type":"Article","@id":"https:\/\/buletin.de\/bucuresti\/o-persoana-a-fost-ranita-in-parcul-ior-de-un-copac-rapus-de-vant\/#article","isPartOf":{"@id":"https:\/\/buletin.de\/bucuresti\/o-persoana-a-fost-ranita-in-parcul-ior-de-un-copac-rapus-de-vant\/"},"author":{"name":"C\u0103t\u0103lin Dosca\u0219","@id":"https:\/\/buletin.de\/bucuresti\/#\/schema\/person\/31117187ed4d0bdb0a4c7d6acc79d0f8"},"headline":"O persoan\u0103 a fost r\u0103nit\u0103, \u00een parcul IOR, de un copac r\u0103pus de v\u00e2nt","datePublished":"2023-06-19T05:13:35+00:00","dateModified":"2023-06-19T08:54:12+00:00","mainEntityOfPage":{"@id":"https:\/\/buletin.de\/bucuresti\/o-persoana-a-fost-ranita-in-parcul-ior-de-un-copac-rapus-de-vant\/"},"wordCount":189,"publisher":{"@id":"https:\/\/buletin.de\/bucuresti\/#organization"},"image":{"@id":"https:\/\/buletin.de\/bucuresti\/o-persoana-a-fost-ranita-in-parcul-ior-de-un-copac-rapus-de-vant\/#primaryimage"},"thumbnailUrl":"https:\/\/buletin.de\/bucuresti\/wp-content\/uploads\/copac-cazut-sector-3-640x400-1.jpeg","keywords":["copac","IOR"],"articleSection":["\u0218tiri"],"inLanguage":"en-GB","copyrightYear":"2023","copyrightHolder":{"@id":"https:\/\/buletin.de\/bucuresti\/#organization"}},{"@type":"WebPage","@id":"https:\/\/buletin.de\/bucuresti\/o-persoana-a-fost-ranita-in-parcul-ior-de-un-copac-rapus-de-vant\/","url":"https:\/\/buletin.de\/bucuresti\/o-persoana-a-fost-ranita-in-parcul-ior-de-un-copac-rapus-de-vant\/","name":"O persoan\u0103 a fost r\u0103nit\u0103, \u00een parcul IOR, de un copac r\u0103pus de v\u00e2nt - Buletin de Bucure\u0219ti","isPartOf":{"@id":"https:\/\/buletin.de\/bucuresti\/#website"},"primaryImageOfPage":{"@id":"https:\/\/buletin.de\/bucuresti\/o-persoana-a-fost-ranita-in-parcul-ior-de-un-copac-rapus-de-vant\/#primaryimage"},"image":{"@id":"https:\/\/buletin.de\/bucuresti\/o-persoana-a-fost-ranita-in-parcul-ior-de-un-copac-rapus-de-vant\/#primaryimage"},"thumbnailUrl":"https:\/\/buletin.de\/bucuresti\/wp-content\/uploads\/copac-cazut-sector-3-640x400-1.jpeg","datePublished":"2023-06-19T05:13:35+00:00","dateModified":"2023-06-19T08:54:12+00:00","breadcrumb":{"@id":"https:\/\/buletin.de\/bucuresti\/o-persoana-a-fost-ranita-in-parcul-ior-de-un-copac-rapus-de-vant\/#breadcrumb"},"inLanguage":"en-GB","potentialAction":[{"@type":"ReadAction","target":["https:\/\/buletin.de\/bucuresti\/o-persoana-a-fost-ranita-in-parcul-ior-de-un-copac-rapus-de-vant\/"]}]},{"@type":"ImageObject","inLanguage":"en-GB","@id":"https:\/\/buletin.de\/bucuresti\/o-persoana-a-fost-ranita-in-parcul-ior-de-un-copac-rapus-de-vant\/#primaryimage","url":"https:\/\/buletin.de\/bucuresti\/wp-content\/uploads\/copac-cazut-sector-3-640x400-1.jpeg","contentUrl":"https:\/\/buletin.de\/bucuresti\/wp-content\/uploads\/copac-cazut-sector-3-640x400-1.jpeg","width":640,"height":400},{"@type":"BreadcrumbList","@id":"https:\/\/buletin.de\/bucuresti\/o-persoana-a-fost-ranita-in-parcul-ior-de-un-copac-rapus-de-vant\/#breadcrumb","itemListElement":[{"@type":"ListItem","position":1,"name":"Acas\u0103","item":"https:\/\/buletin.de\/bucuresti\/"},{"@type":"ListItem","position":2,"name":"O persoan\u0103 a fost r\u0103nit\u0103, \u00een parcul IOR, de un copac r\u0103pus de v\u00e2nt"}]},{"@type":"WebSite","@id":"https:\/\/buletin.de\/bucuresti\/#website","url":"https:\/\/buletin.de\/bucuresti\/","name":"Buletin de Bucure\u0219ti","description":"\u0218tiri \u0219i investiga\u021bii esen\u021biale din capital\u0103","publisher":{"@id":"https:\/\/buletin.de\/bucuresti\/#organization"},"potentialAction":[{"@type":"SearchAction","target":{"@type":"EntryPoint","urlTemplate":"https:\/\/buletin.de\/bucuresti\/?s={search_term_string}"},"query-input":{"@type":"PropertyValueSpecification","valueRequired":true,"valueName":"search_term_string"}}],"inLanguage":"en-GB"},{"@type":"Organization","@id":"https:\/\/buletin.de\/bucuresti\/#organization","name":"Buletin de Bucure\u0219ti","url":"https:\/\/buletin.de\/bucuresti\/","logo":{"@type":"ImageObject","inLanguage":"en-GB","@id":"https:\/\/buletin.de\/bucuresti\/#\/schema\/logo\/image\/","url":"https:\/\/buletin.de\/bucuresti\/wp-content\/uploads\/logo-bdb-full-wide-vernil-transparent.png","contentUrl":"https:\/\/buletin.de\/bucuresti\/wp-content\/uploads\/logo-bdb-full-wide-vernil-transparent.png","width":1782,"height":626,"caption":"Buletin de Bucure\u0219ti"},"image":{"@id":"https:\/\/buletin.de\/bucuresti\/#\/schema\/logo\/image\/"},"sameAs":["https:\/\/www.facebook.com\/buletin.de.buc","https:\/\/www.instagram.com\/buletinde.bucuresti\/"]},{"@type":"Person","@id":"https:\/\/buletin.de\/bucuresti\/#\/schema\/person\/31117187ed4d0bdb0a4c7d6acc79d0f8","name":"C\u0103t\u0103lin Dosca\u0219","image":{"@type":"ImageObject","inLanguage":"en-GB","@id":"https:\/\/buletin.de\/bucuresti\/wp-content\/uploads\/Catalin-Doscas-e1732731064764-96x96.jpga93e2943bb3b1c1f9ead823df6e6317a","url":"https:\/\/buletin.de\/bucuresti\/wp-content\/uploads\/Catalin-Doscas-e1732731064764-96x96.jpg","contentUrl":"https:\/\/buletin.de\/bucuresti\/wp-content\/uploads\/Catalin-Doscas-e1732731064764-96x96.jpg","caption":"C\u0103t\u0103lin Dosca\u0219"},"description":"Reporter \u0219i redactor-\u0219ef Buletin de Bucure\u0219ti. Lucreaz\u0103 \u00een mass-media de la v\u00e2rsta de 15 ani, c\u00e2nd a publicat primele articole \u00een presa local\u0103 din Tecuci. \u00cen Bucure\u0219ti a lucrat \u00een redac\u021bii radio ca reporter, redactor \u0219i prezentator (StudentFM, Na\u021bionalFM, Radio Total, Smart FM), unde a acoperit domeniile politic, economic, social \u0219i externe. Ulterior, a fost editor-coordonator al postului Realitatea FM. Experien\u021ba \u00een jurnalismul online a dob\u00e2ndit-o la portalul B365.ro, unde a fost editor. \u00cen 2012 s-a angajat \u00een televiziune. La Realitatea TV a fost, pe r\u00e2nd, reporter la sec\u021bia Social, reporter special la emisiunea de reportaje \u0219i anchete \u201eReporterii Realit\u0103\u021bii\u201d, dar \u0219i editor al jurnalelor de \u0219tiri. Ulterior, a f\u0103cut parte din sec\u021bia de Investiga\u021bii de la Digi24 \u0219i a lucrat la campania \u201eRom\u00e2nia furat\u0103\u201d. A revenit \u00een presa scris\u0103 \u00een 2017, ca reporter special, \u00een cadrul unui proiect de repozi\u021bionare a tabloidului Libertatea \u00een cotidian generalist. Este jurnalist Buletin de Bucure\u0219ti din 2019.","url":"https:\/\/buletin.de\/bucuresti\/author\/catalin\/"}]}},"authors":[{"term_id":22575,"user_id":10,"is_guest":0,"slug":"catalin","display_name":"C\u0103t\u0103lin Dosca\u0219","avatar_url":"https:\/\/buletin.de\/bucuresti\/wp-content\/uploads\/Catalin-Doscas-e1732731064764-96x96.jpg","0":null,"1":"","2":"","3":"","4":"","5":"","6":"","7":"","8":""}],"_links":{"self":[{"href":"https:\/\/buletin.de\/bucuresti\/wp-json\/wp\/v2\/posts\/59494","targetHints":{"allow":["GET"]}}],"collection":[{"href":"https:\/\/buletin.de\/bucuresti\/wp-json\/wp\/v2\/posts"}],"about":[{"href":"https:\/\/buletin.de\/bucuresti\/wp-json\/wp\/v2\/types\/post"}],"author":[{"embeddable":true,"href":"https:\/\/buletin.de\/bucuresti\/wp-json\/wp\/v2\/users\/10"}],"replies":[{"embeddable":true,"href":"https:\/\/buletin.de\/bucuresti\/wp-json\/wp\/v2\/comments?post=59494"}],"version-history":[{"count":2,"href":"https:\/\/buletin.de\/bucuresti\/wp-json\/wp\/v2\/posts\/59494\/revisions"}],"predecessor-version":[{"id":59497,"href":"https:\/\/buletin.de\/bucuresti\/wp-json\/wp\/v2\/posts\/59494\/revisions\/59497"}],"wp:featuredmedia":[{"embeddable":true,"href":"https:\/\/buletin.de\/bucuresti\/wp-json\/wp\/v2\/media\/59495"}],"wp:attachment":[{"href":"https:\/\/buletin.de\/bucuresti\/wp-json\/wp\/v2\/media?parent=59494"}],"wp:term":[{"taxonomy":"category","embeddable":true,"href":"https:\/\/buletin.de\/bucuresti\/wp-json\/wp\/v2\/categories?post=59494"},{"taxonomy":"post_tag","embeddable":true,"href":"https:\/\/buletin.de\/bucuresti\/wp-json\/wp\/v2\/tags?post=59494"},{"taxonomy":"author","embeddable":true,"href":"https:\/\/buletin.de\/bucuresti\/wp-json\/wp\/v2\/ppma_author?post=59494"}],"curies":[{"name":"wp","href":"https:\/\/api.w.org\/{rel}","templated":true}]}}