{"id":59417,"date":"2023-06-17T08:19:35","date_gmt":"2023-06-17T06:19:35","guid":{"rendered":"https:\/\/buletin.de\/bucuresti\/?p=59417"},"modified":"2023-06-17T08:49:16","modified_gmt":"2023-06-17T06:49:16","slug":"targ-de-adoptii-in-acest-week-end-organizat-de-autoritatea-pentru-supravegherea-si-protectia-animalelor","status":"publish","type":"post","link":"https:\/\/buletin.de\/bucuresti\/targ-de-adoptii-in-acest-week-end-organizat-de-autoritatea-pentru-supravegherea-si-protectia-animalelor\/","title":{"rendered":"T\u00e2rg de Adop\u021bii, \u00een acest week-end, organizat de Autoritatea pentru Supravegherea \u0219i Protec\u021bia Animalelor"},"content":{"rendered":"\n<p><strong>Bucure\u0219tenii sunt a\u0219tepta\u021bi la un nou t\u00e2rg de adop\u021bii organizat&nbsp;de&nbsp;Autoritatea pentru Supravegherea \u0219i Protec\u021bia Animalelor la Cora Lujerului.<\/strong><\/p>\n\n\n\n<p>T\u00e2rgul are loc s\u00e2mb\u0103t\u0103 \u0219i duminic\u0103 \u00eentre orele 11:00 \u0219i 17:00 iar speciali\u0219tii \u00een domeniu v\u0103 a\u0219teapt\u0103 cu sfaturi utile despre cre\u0219terea animalelor.<\/p>\n\n\n\n<p>Iar dac\u0103 va hot\u0103r\u00e2\u021bi s\u0103 lua\u021bi acas\u0103 un c\u0103\u021bel, ve\u021bi primi mai multe cadouri. Este vorba despre vouchere de reducere \u00een magazinele partenere pentru hran\u0103 \u0219i despre juc\u0103rii. Animalul adoptat va beneficia\u00a0\u0219i\u00a0de \u0219edin\u021be gratuite de cosmetic\u0103 \u0219i va purta \u0219i un medalion inteligent cu cod QR, transmit organizatorii. <\/p>\n\n\n\n<p>Adop\u021biile sunt gratuite, iar c\u0103\u021belu\u0219ii din centrele ASPA sunt microcipa\u021bi, deparazita\u021bi intern \u0219i extern \u0219i vaccina\u021bi. \u00cen cazul \u00een care animalul a ajuns la maturitate, acesta este \u0219i sterilizat.<\/p>\n","protected":false},"excerpt":{"rendered":"<p>Bucure\u0219tenii sunt a\u0219tepta\u021bi la un nou t\u00e2rg de adop\u021bii organizat&nbsp;de&nbsp;Autoritatea pentru Supravegherea \u0219i Protec\u021bia Animalelor la Cora Lujerului. T\u00e2rgul are loc s\u00e2mb\u0103t\u0103 \u0219i duminic\u0103 \u00eentre orele 11:00 \u0219i 17:00 iar speciali\u0219tii \u00een domeniu v\u0103 a\u0219teapt\u0103 cu sfaturi utile despre cre\u0219terea animalelor. Iar dac\u0103 va hot\u0103r\u00e2\u021bi s\u0103 lua\u021bi acas\u0103 un c\u0103\u021bel, ve\u021bi primi mai multe cadouri. [&hellip;]<\/p>\n","protected":false},"author":49,"featured_media":57323,"comment_status":"closed","ping_status":"open","sticky":false,"template":"","format":"standard","meta":{"_acf_changed":false,"inline_featured_image":false,"ngg_post_thumbnail":0,"footnotes":""},"categories":[62],"tags":[3229,3986],"ppma_author":[22574],"class_list":["post-59417","post","type-post","status-publish","format-standard","has-post-thumbnail","hentry","category-stiri","tag-aspa","tag-targ-adoptii-caini"],"acf":[],"yoast_head":"<!-- This site is optimized with the Yoast SEO Premium plugin v25.3 (Yoast SEO v27.4) - https:\/\/yoast.com\/product\/yoast-seo-premium-wordpress\/ -->\n<title>T\u00e2rg de Adop\u021bii, \u00een acest week-end, organizat de Autoritatea pentru Supravegherea \u0219i Protec\u021bia Animalelor - Buletin de Bucure\u0219ti<\/title>\n<meta name=\"robots\" content=\"index, follow, max-snippet:-1, max-image-preview:large, max-video-preview:-1\" \/>\n<link rel=\"canonical\" href=\"https:\/\/buletin.de\/bucuresti\/targ-de-adoptii-in-acest-week-end-organizat-de-autoritatea-pentru-supravegherea-si-protectia-animalelor\/\" \/>\n<meta property=\"og:locale\" content=\"en_GB\" \/>\n<meta property=\"og:type\" content=\"article\" \/>\n<meta property=\"og:title\" content=\"T\u00e2rg de Adop\u021bii, \u00een acest week-end, organizat de Autoritatea pentru Supravegherea \u0219i Protec\u021bia Animalelor\" \/>\n<meta property=\"og:description\" content=\"Bucure\u0219tenii sunt a\u0219tepta\u021bi la un nou t\u00e2rg de adop\u021bii organizat&nbsp;de&nbsp;Autoritatea pentru Supravegherea \u0219i Protec\u021bia Animalelor la Cora Lujerului. T\u00e2rgul are loc s\u00e2mb\u0103t\u0103 \u0219i duminic\u0103 \u00eentre orele 11:00 \u0219i 17:00 iar speciali\u0219tii \u00een domeniu v\u0103 a\u0219teapt\u0103 cu sfaturi utile despre cre\u0219terea animalelor. Iar dac\u0103 va hot\u0103r\u00e2\u021bi s\u0103 lua\u021bi acas\u0103 un c\u0103\u021bel, ve\u021bi primi mai multe cadouri. [&hellip;]\" \/>\n<meta property=\"og:url\" content=\"https:\/\/buletin.de\/bucuresti\/targ-de-adoptii-in-acest-week-end-organizat-de-autoritatea-pentru-supravegherea-si-protectia-animalelor\/\" \/>\n<meta property=\"og:site_name\" content=\"Buletin de Bucure\u0219ti\" \/>\n<meta property=\"article:publisher\" content=\"https:\/\/www.facebook.com\/buletin.de.buc\" \/>\n<meta property=\"article:published_time\" content=\"2023-06-17T06:19:35+00:00\" \/>\n<meta property=\"article:modified_time\" content=\"2023-06-17T06:49:16+00:00\" \/>\n<meta property=\"og:image\" content=\"https:\/\/buletin.de\/bucuresti\/wp-content\/uploads\/veronika-jorjobert-27w3ULIIJfI-unsplash.jpg\" \/>\n\t<meta property=\"og:image:width\" content=\"2000\" \/>\n\t<meta property=\"og:image:height\" content=\"1500\" \/>\n\t<meta property=\"og:image:type\" content=\"image\/jpeg\" \/>\n<meta name=\"author\" content=\"Diana Matei\" \/>\n<meta name=\"twitter:card\" content=\"summary_large_image\" \/>\n<meta name=\"twitter:label1\" content=\"Written by\" \/>\n\t<meta name=\"twitter:data1\" content=\"Diana Matei\" \/>\n\t<meta name=\"twitter:label2\" content=\"Estimated reading time\" \/>\n\t<meta name=\"twitter:data2\" content=\"1 minute\" \/>\n<script type=\"application\/ld+json\" class=\"yoast-schema-graph\">{\"@context\":\"https:\\\/\\\/schema.org\",\"@graph\":[{\"@type\":\"Article\",\"@id\":\"https:\\\/\\\/buletin.de\\\/bucuresti\\\/targ-de-adoptii-in-acest-week-end-organizat-de-autoritatea-pentru-supravegherea-si-protectia-animalelor\\\/#article\",\"isPartOf\":{\"@id\":\"https:\\\/\\\/buletin.de\\\/bucuresti\\\/targ-de-adoptii-in-acest-week-end-organizat-de-autoritatea-pentru-supravegherea-si-protectia-animalelor\\\/\"},\"author\":{\"name\":\"Diana Matei\",\"@id\":\"https:\\\/\\\/buletin.de\\\/bucuresti\\\/#\\\/schema\\\/person\\\/7e46040573290777280a0835d81ea4ea\"},\"headline\":\"T\u00e2rg de Adop\u021bii, \u00een acest week-end, organizat de Autoritatea pentru Supravegherea \u0219i Protec\u021bia Animalelor\",\"datePublished\":\"2023-06-17T06:19:35+00:00\",\"dateModified\":\"2023-06-17T06:49:16+00:00\",\"mainEntityOfPage\":{\"@id\":\"https:\\\/\\\/buletin.de\\\/bucuresti\\\/targ-de-adoptii-in-acest-week-end-organizat-de-autoritatea-pentru-supravegherea-si-protectia-animalelor\\\/\"},\"wordCount\":164,\"publisher\":{\"@id\":\"https:\\\/\\\/buletin.de\\\/bucuresti\\\/#organization\"},\"image\":{\"@id\":\"https:\\\/\\\/buletin.de\\\/bucuresti\\\/targ-de-adoptii-in-acest-week-end-organizat-de-autoritatea-pentru-supravegherea-si-protectia-animalelor\\\/#primaryimage\"},\"thumbnailUrl\":\"https:\\\/\\\/buletin.de\\\/bucuresti\\\/wp-content\\\/uploads\\\/veronika-jorjobert-27w3ULIIJfI-unsplash.jpg\",\"keywords\":[\"aspa\",\"targ adoptii caini\"],\"articleSection\":[\"\u0218tiri\"],\"inLanguage\":\"en-GB\",\"copyrightYear\":\"2023\",\"copyrightHolder\":{\"@id\":\"https:\\\/\\\/buletin.de\\\/bucuresti\\\/#organization\"}},{\"@type\":\"WebPage\",\"@id\":\"https:\\\/\\\/buletin.de\\\/bucuresti\\\/targ-de-adoptii-in-acest-week-end-organizat-de-autoritatea-pentru-supravegherea-si-protectia-animalelor\\\/\",\"url\":\"https:\\\/\\\/buletin.de\\\/bucuresti\\\/targ-de-adoptii-in-acest-week-end-organizat-de-autoritatea-pentru-supravegherea-si-protectia-animalelor\\\/\",\"name\":\"T\u00e2rg de Adop\u021bii, \u00een acest week-end, organizat de Autoritatea pentru Supravegherea \u0219i Protec\u021bia Animalelor - Buletin de Bucure\u0219ti\",\"isPartOf\":{\"@id\":\"https:\\\/\\\/buletin.de\\\/bucuresti\\\/#website\"},\"primaryImageOfPage\":{\"@id\":\"https:\\\/\\\/buletin.de\\\/bucuresti\\\/targ-de-adoptii-in-acest-week-end-organizat-de-autoritatea-pentru-supravegherea-si-protectia-animalelor\\\/#primaryimage\"},\"image\":{\"@id\":\"https:\\\/\\\/buletin.de\\\/bucuresti\\\/targ-de-adoptii-in-acest-week-end-organizat-de-autoritatea-pentru-supravegherea-si-protectia-animalelor\\\/#primaryimage\"},\"thumbnailUrl\":\"https:\\\/\\\/buletin.de\\\/bucuresti\\\/wp-content\\\/uploads\\\/veronika-jorjobert-27w3ULIIJfI-unsplash.jpg\",\"datePublished\":\"2023-06-17T06:19:35+00:00\",\"dateModified\":\"2023-06-17T06:49:16+00:00\",\"breadcrumb\":{\"@id\":\"https:\\\/\\\/buletin.de\\\/bucuresti\\\/targ-de-adoptii-in-acest-week-end-organizat-de-autoritatea-pentru-supravegherea-si-protectia-animalelor\\\/#breadcrumb\"},\"inLanguage\":\"en-GB\",\"potentialAction\":[{\"@type\":\"ReadAction\",\"target\":[\"https:\\\/\\\/buletin.de\\\/bucuresti\\\/targ-de-adoptii-in-acest-week-end-organizat-de-autoritatea-pentru-supravegherea-si-protectia-animalelor\\\/\"]}]},{\"@type\":\"ImageObject\",\"inLanguage\":\"en-GB\",\"@id\":\"https:\\\/\\\/buletin.de\\\/bucuresti\\\/targ-de-adoptii-in-acest-week-end-organizat-de-autoritatea-pentru-supravegherea-si-protectia-animalelor\\\/#primaryimage\",\"url\":\"https:\\\/\\\/buletin.de\\\/bucuresti\\\/wp-content\\\/uploads\\\/veronika-jorjobert-27w3ULIIJfI-unsplash.jpg\",\"contentUrl\":\"https:\\\/\\\/buletin.de\\\/bucuresti\\\/wp-content\\\/uploads\\\/veronika-jorjobert-27w3ULIIJfI-unsplash.jpg\",\"width\":2000,\"height\":1500,\"caption\":\"Ultimul t\u00e2rg de adop\u021bii anul 2024. Foto: unsplash.com \\\/ Veronika Jorjobert\"},{\"@type\":\"BreadcrumbList\",\"@id\":\"https:\\\/\\\/buletin.de\\\/bucuresti\\\/targ-de-adoptii-in-acest-week-end-organizat-de-autoritatea-pentru-supravegherea-si-protectia-animalelor\\\/#breadcrumb\",\"itemListElement\":[{\"@type\":\"ListItem\",\"position\":1,\"name\":\"Acas\u0103\",\"item\":\"https:\\\/\\\/buletin.de\\\/bucuresti\\\/\"},{\"@type\":\"ListItem\",\"position\":2,\"name\":\"T\u00e2rg de Adop\u021bii, \u00een acest week-end, organizat de Autoritatea pentru Supravegherea \u0219i Protec\u021bia Animalelor\"}]},{\"@type\":\"WebSite\",\"@id\":\"https:\\\/\\\/buletin.de\\\/bucuresti\\\/#website\",\"url\":\"https:\\\/\\\/buletin.de\\\/bucuresti\\\/\",\"name\":\"Buletin de Bucure\u0219ti\",\"description\":\"\u0218tiri \u0219i investiga\u021bii esen\u021biale din capital\u0103\",\"publisher\":{\"@id\":\"https:\\\/\\\/buletin.de\\\/bucuresti\\\/#organization\"},\"potentialAction\":[{\"@type\":\"SearchAction\",\"target\":{\"@type\":\"EntryPoint\",\"urlTemplate\":\"https:\\\/\\\/buletin.de\\\/bucuresti\\\/?s={search_term_string}\"},\"query-input\":{\"@type\":\"PropertyValueSpecification\",\"valueRequired\":true,\"valueName\":\"search_term_string\"}}],\"inLanguage\":\"en-GB\"},{\"@type\":\"Organization\",\"@id\":\"https:\\\/\\\/buletin.de\\\/bucuresti\\\/#organization\",\"name\":\"Buletin de Bucure\u0219ti\",\"url\":\"https:\\\/\\\/buletin.de\\\/bucuresti\\\/\",\"logo\":{\"@type\":\"ImageObject\",\"inLanguage\":\"en-GB\",\"@id\":\"https:\\\/\\\/buletin.de\\\/bucuresti\\\/#\\\/schema\\\/logo\\\/image\\\/\",\"url\":\"https:\\\/\\\/buletin.de\\\/bucuresti\\\/wp-content\\\/uploads\\\/logo-bdb-full-wide-vernil-transparent.png\",\"contentUrl\":\"https:\\\/\\\/buletin.de\\\/bucuresti\\\/wp-content\\\/uploads\\\/logo-bdb-full-wide-vernil-transparent.png\",\"width\":1782,\"height\":626,\"caption\":\"Buletin de Bucure\u0219ti\"},\"image\":{\"@id\":\"https:\\\/\\\/buletin.de\\\/bucuresti\\\/#\\\/schema\\\/logo\\\/image\\\/\"},\"sameAs\":[\"https:\\\/\\\/www.facebook.com\\\/buletin.de.buc\",\"https:\\\/\\\/www.instagram.com\\\/buletinde.bucuresti\\\/\"]},{\"@type\":\"Person\",\"@id\":\"https:\\\/\\\/buletin.de\\\/bucuresti\\\/#\\\/schema\\\/person\\\/7e46040573290777280a0835d81ea4ea\",\"name\":\"Diana Matei\",\"image\":{\"@type\":\"ImageObject\",\"inLanguage\":\"en-GB\",\"@id\":\"https:\\\/\\\/buletin.de\\\/bucuresti\\\/wp-content\\\/uploads\\\/9-2-96x96.jpg1e8590b30871d70e62ebcdaf2eff570c\",\"url\":\"https:\\\/\\\/buletin.de\\\/bucuresti\\\/wp-content\\\/uploads\\\/9-2-96x96.jpg\",\"contentUrl\":\"https:\\\/\\\/buletin.de\\\/bucuresti\\\/wp-content\\\/uploads\\\/9-2-96x96.jpg\",\"caption\":\"Diana Matei\"},\"url\":\"https:\\\/\\\/buletin.de\\\/bucuresti\\\/author\\\/dianamatei\\\/\"}]}<\/script>\n<!-- \/ Yoast SEO Premium plugin. -->","yoast_head_json":{"title":"T\u00e2rg de Adop\u021bii, \u00een acest week-end, organizat de Autoritatea pentru Supravegherea \u0219i Protec\u021bia Animalelor - Buletin de Bucure\u0219ti","robots":{"index":"index","follow":"follow","max-snippet":"max-snippet:-1","max-image-preview":"max-image-preview:large","max-video-preview":"max-video-preview:-1"},"canonical":"https:\/\/buletin.de\/bucuresti\/targ-de-adoptii-in-acest-week-end-organizat-de-autoritatea-pentru-supravegherea-si-protectia-animalelor\/","og_locale":"en_GB","og_type":"article","og_title":"T\u00e2rg de Adop\u021bii, \u00een acest week-end, organizat de Autoritatea pentru Supravegherea \u0219i Protec\u021bia Animalelor","og_description":"Bucure\u0219tenii sunt a\u0219tepta\u021bi la un nou t\u00e2rg de adop\u021bii organizat&nbsp;de&nbsp;Autoritatea pentru Supravegherea \u0219i Protec\u021bia Animalelor la Cora Lujerului. T\u00e2rgul are loc s\u00e2mb\u0103t\u0103 \u0219i duminic\u0103 \u00eentre orele 11:00 \u0219i 17:00 iar speciali\u0219tii \u00een domeniu v\u0103 a\u0219teapt\u0103 cu sfaturi utile despre cre\u0219terea animalelor. Iar dac\u0103 va hot\u0103r\u00e2\u021bi s\u0103 lua\u021bi acas\u0103 un c\u0103\u021bel, ve\u021bi primi mai multe cadouri. [&hellip;]","og_url":"https:\/\/buletin.de\/bucuresti\/targ-de-adoptii-in-acest-week-end-organizat-de-autoritatea-pentru-supravegherea-si-protectia-animalelor\/","og_site_name":"Buletin de Bucure\u0219ti","article_publisher":"https:\/\/www.facebook.com\/buletin.de.buc","article_published_time":"2023-06-17T06:19:35+00:00","article_modified_time":"2023-06-17T06:49:16+00:00","og_image":[{"width":2000,"height":1500,"url":"https:\/\/buletin.de\/bucuresti\/wp-content\/uploads\/veronika-jorjobert-27w3ULIIJfI-unsplash.jpg","type":"image\/jpeg"}],"author":"Diana Matei","twitter_card":"summary_large_image","twitter_misc":{"Written by":"Diana Matei","Estimated reading time":"1 minute"},"schema":{"@context":"https:\/\/schema.org","@graph":[{"@type":"Article","@id":"https:\/\/buletin.de\/bucuresti\/targ-de-adoptii-in-acest-week-end-organizat-de-autoritatea-pentru-supravegherea-si-protectia-animalelor\/#article","isPartOf":{"@id":"https:\/\/buletin.de\/bucuresti\/targ-de-adoptii-in-acest-week-end-organizat-de-autoritatea-pentru-supravegherea-si-protectia-animalelor\/"},"author":{"name":"Diana Matei","@id":"https:\/\/buletin.de\/bucuresti\/#\/schema\/person\/7e46040573290777280a0835d81ea4ea"},"headline":"T\u00e2rg de Adop\u021bii, \u00een acest week-end, organizat de Autoritatea pentru Supravegherea \u0219i Protec\u021bia Animalelor","datePublished":"2023-06-17T06:19:35+00:00","dateModified":"2023-06-17T06:49:16+00:00","mainEntityOfPage":{"@id":"https:\/\/buletin.de\/bucuresti\/targ-de-adoptii-in-acest-week-end-organizat-de-autoritatea-pentru-supravegherea-si-protectia-animalelor\/"},"wordCount":164,"publisher":{"@id":"https:\/\/buletin.de\/bucuresti\/#organization"},"image":{"@id":"https:\/\/buletin.de\/bucuresti\/targ-de-adoptii-in-acest-week-end-organizat-de-autoritatea-pentru-supravegherea-si-protectia-animalelor\/#primaryimage"},"thumbnailUrl":"https:\/\/buletin.de\/bucuresti\/wp-content\/uploads\/veronika-jorjobert-27w3ULIIJfI-unsplash.jpg","keywords":["aspa","targ adoptii caini"],"articleSection":["\u0218tiri"],"inLanguage":"en-GB","copyrightYear":"2023","copyrightHolder":{"@id":"https:\/\/buletin.de\/bucuresti\/#organization"}},{"@type":"WebPage","@id":"https:\/\/buletin.de\/bucuresti\/targ-de-adoptii-in-acest-week-end-organizat-de-autoritatea-pentru-supravegherea-si-protectia-animalelor\/","url":"https:\/\/buletin.de\/bucuresti\/targ-de-adoptii-in-acest-week-end-organizat-de-autoritatea-pentru-supravegherea-si-protectia-animalelor\/","name":"T\u00e2rg de Adop\u021bii, \u00een acest week-end, organizat de Autoritatea pentru Supravegherea \u0219i Protec\u021bia Animalelor - Buletin de Bucure\u0219ti","isPartOf":{"@id":"https:\/\/buletin.de\/bucuresti\/#website"},"primaryImageOfPage":{"@id":"https:\/\/buletin.de\/bucuresti\/targ-de-adoptii-in-acest-week-end-organizat-de-autoritatea-pentru-supravegherea-si-protectia-animalelor\/#primaryimage"},"image":{"@id":"https:\/\/buletin.de\/bucuresti\/targ-de-adoptii-in-acest-week-end-organizat-de-autoritatea-pentru-supravegherea-si-protectia-animalelor\/#primaryimage"},"thumbnailUrl":"https:\/\/buletin.de\/bucuresti\/wp-content\/uploads\/veronika-jorjobert-27w3ULIIJfI-unsplash.jpg","datePublished":"2023-06-17T06:19:35+00:00","dateModified":"2023-06-17T06:49:16+00:00","breadcrumb":{"@id":"https:\/\/buletin.de\/bucuresti\/targ-de-adoptii-in-acest-week-end-organizat-de-autoritatea-pentru-supravegherea-si-protectia-animalelor\/#breadcrumb"},"inLanguage":"en-GB","potentialAction":[{"@type":"ReadAction","target":["https:\/\/buletin.de\/bucuresti\/targ-de-adoptii-in-acest-week-end-organizat-de-autoritatea-pentru-supravegherea-si-protectia-animalelor\/"]}]},{"@type":"ImageObject","inLanguage":"en-GB","@id":"https:\/\/buletin.de\/bucuresti\/targ-de-adoptii-in-acest-week-end-organizat-de-autoritatea-pentru-supravegherea-si-protectia-animalelor\/#primaryimage","url":"https:\/\/buletin.de\/bucuresti\/wp-content\/uploads\/veronika-jorjobert-27w3ULIIJfI-unsplash.jpg","contentUrl":"https:\/\/buletin.de\/bucuresti\/wp-content\/uploads\/veronika-jorjobert-27w3ULIIJfI-unsplash.jpg","width":2000,"height":1500,"caption":"Ultimul t\u00e2rg de adop\u021bii anul 2024. Foto: unsplash.com \/ Veronika Jorjobert"},{"@type":"BreadcrumbList","@id":"https:\/\/buletin.de\/bucuresti\/targ-de-adoptii-in-acest-week-end-organizat-de-autoritatea-pentru-supravegherea-si-protectia-animalelor\/#breadcrumb","itemListElement":[{"@type":"ListItem","position":1,"name":"Acas\u0103","item":"https:\/\/buletin.de\/bucuresti\/"},{"@type":"ListItem","position":2,"name":"T\u00e2rg de Adop\u021bii, \u00een acest week-end, organizat de Autoritatea pentru Supravegherea \u0219i Protec\u021bia Animalelor"}]},{"@type":"WebSite","@id":"https:\/\/buletin.de\/bucuresti\/#website","url":"https:\/\/buletin.de\/bucuresti\/","name":"Buletin de Bucure\u0219ti","description":"\u0218tiri \u0219i investiga\u021bii esen\u021biale din capital\u0103","publisher":{"@id":"https:\/\/buletin.de\/bucuresti\/#organization"},"potentialAction":[{"@type":"SearchAction","target":{"@type":"EntryPoint","urlTemplate":"https:\/\/buletin.de\/bucuresti\/?s={search_term_string}"},"query-input":{"@type":"PropertyValueSpecification","valueRequired":true,"valueName":"search_term_string"}}],"inLanguage":"en-GB"},{"@type":"Organization","@id":"https:\/\/buletin.de\/bucuresti\/#organization","name":"Buletin de Bucure\u0219ti","url":"https:\/\/buletin.de\/bucuresti\/","logo":{"@type":"ImageObject","inLanguage":"en-GB","@id":"https:\/\/buletin.de\/bucuresti\/#\/schema\/logo\/image\/","url":"https:\/\/buletin.de\/bucuresti\/wp-content\/uploads\/logo-bdb-full-wide-vernil-transparent.png","contentUrl":"https:\/\/buletin.de\/bucuresti\/wp-content\/uploads\/logo-bdb-full-wide-vernil-transparent.png","width":1782,"height":626,"caption":"Buletin de Bucure\u0219ti"},"image":{"@id":"https:\/\/buletin.de\/bucuresti\/#\/schema\/logo\/image\/"},"sameAs":["https:\/\/www.facebook.com\/buletin.de.buc","https:\/\/www.instagram.com\/buletinde.bucuresti\/"]},{"@type":"Person","@id":"https:\/\/buletin.de\/bucuresti\/#\/schema\/person\/7e46040573290777280a0835d81ea4ea","name":"Diana Matei","image":{"@type":"ImageObject","inLanguage":"en-GB","@id":"https:\/\/buletin.de\/bucuresti\/wp-content\/uploads\/9-2-96x96.jpg1e8590b30871d70e62ebcdaf2eff570c","url":"https:\/\/buletin.de\/bucuresti\/wp-content\/uploads\/9-2-96x96.jpg","contentUrl":"https:\/\/buletin.de\/bucuresti\/wp-content\/uploads\/9-2-96x96.jpg","caption":"Diana Matei"},"url":"https:\/\/buletin.de\/bucuresti\/author\/dianamatei\/"}]}},"authors":[{"term_id":22574,"user_id":49,"is_guest":0,"slug":"dianamatei","display_name":"Diana Matei","avatar_url":"https:\/\/buletin.de\/bucuresti\/wp-content\/uploads\/9-2-96x96.jpg","0":null,"1":"","2":"","3":"","4":"","5":"","6":"","7":"","8":""}],"_links":{"self":[{"href":"https:\/\/buletin.de\/bucuresti\/wp-json\/wp\/v2\/posts\/59417","targetHints":{"allow":["GET"]}}],"collection":[{"href":"https:\/\/buletin.de\/bucuresti\/wp-json\/wp\/v2\/posts"}],"about":[{"href":"https:\/\/buletin.de\/bucuresti\/wp-json\/wp\/v2\/types\/post"}],"author":[{"embeddable":true,"href":"https:\/\/buletin.de\/bucuresti\/wp-json\/wp\/v2\/users\/49"}],"replies":[{"embeddable":true,"href":"https:\/\/buletin.de\/bucuresti\/wp-json\/wp\/v2\/comments?post=59417"}],"version-history":[{"count":5,"href":"https:\/\/buletin.de\/bucuresti\/wp-json\/wp\/v2\/posts\/59417\/revisions"}],"predecessor-version":[{"id":59438,"href":"https:\/\/buletin.de\/bucuresti\/wp-json\/wp\/v2\/posts\/59417\/revisions\/59438"}],"wp:featuredmedia":[{"embeddable":true,"href":"https:\/\/buletin.de\/bucuresti\/wp-json\/wp\/v2\/media\/57323"}],"wp:attachment":[{"href":"https:\/\/buletin.de\/bucuresti\/wp-json\/wp\/v2\/media?parent=59417"}],"wp:term":[{"taxonomy":"category","embeddable":true,"href":"https:\/\/buletin.de\/bucuresti\/wp-json\/wp\/v2\/categories?post=59417"},{"taxonomy":"post_tag","embeddable":true,"href":"https:\/\/buletin.de\/bucuresti\/wp-json\/wp\/v2\/tags?post=59417"},{"taxonomy":"author","embeddable":true,"href":"https:\/\/buletin.de\/bucuresti\/wp-json\/wp\/v2\/ppma_author?post=59417"}],"curies":[{"name":"wp","href":"https:\/\/api.w.org\/{rel}","templated":true}]}}