{"id":59379,"date":"2023-06-16T17:08:55","date_gmt":"2023-06-16T15:08:55","guid":{"rendered":"https:\/\/buletin.de\/bucuresti\/?p=59379"},"modified":"2023-06-16T18:19:01","modified_gmt":"2023-06-16T16:19:01","slug":"aleea-circului-redevine-pietonala-in-acest-week-end-pentru-a-doua-oara-in-cadrul-proiectului-strazi-deschise-bucuresti-promenada-urbana","status":"publish","type":"post","link":"https:\/\/buletin.de\/bucuresti\/aleea-circului-redevine-pietonala-in-acest-week-end-pentru-a-doua-oara-in-cadrul-proiectului-strazi-deschise-bucuresti-promenada-urbana\/","title":{"rendered":"Aleea Circului redevine pietonal\u0103 \u00een acest week-end, pentru a dou\u0103 oar\u0103, \u00een cadrul proiectului \u201eStr\u0103zi deschise \u2013 Bucure\u015fti, Promenad\u0103 urban\u0103\u201d\u00a0"},"content":{"rendered":"\n<p><strong>\u201eStr\u0103zi deschise \u2013 Bucure\u015fti, Promenad\u0103 urban\u0103\u201d&nbsp;\u00eenchide, din nou, circula\u021bia, \u00een acest week-end pe&nbsp;Calea Victoriei&nbsp;, \u00eentre Pia\u0163a Victoriei \u015fi Splaiul Independen\u0163ei,&nbsp;<strong>\u00eentre<\/strong><\/strong> <strong>orele 10:00 \u015fi 22:00, \u015fi&nbsp;pe&nbsp;Aleea Circului, \u00eentre \u015foseaua \u015etefan cel Mare \u015fi Circul de Stat, <strong>&nbsp;<strong>\u00eentre<\/strong><\/strong>  orele 11:00 \u015fi 22:00.<\/strong><\/p>\n\n\n\n<p>M\u00e2ine,&nbsp;Festivalul Interna\u0163ional de Folclor, Muzici \u015fi Tradi\u0163ii &nbsp;ajunge&nbsp;pe&nbsp;Calea Victoriei&nbsp;cu&nbsp;Parada Costumului Popular Na\u0163ional \u015fi Interna\u0163ional, unde&nbsp;400 de arti\u0219ti&nbsp;vor s\u0103rb\u0103tori diversitatea cultural\u0103.&nbsp;&nbsp;<\/p>\n\n\n\n<p>Parada &nbsp;<strong>#FIF2023<\/strong>&nbsp;va porni de la ora&nbsp;14.00, din Pia\u021ba George Enescu, pe Calea Victoriei p\u00e2n\u0103 pe \u0218oseaua Kiseleff , unde de la ora 15:00, va \u00eencepe programul artistic,&nbsp;cu vedete de muzic\u0103 popular\u0103, ansambluri \u0219i orchestre din&nbsp; toate regiunile \u021b\u0103rii, minorit\u0103\u021bi \u0219i comunit\u0103\u021bi na\u021bionale \u0219i ansambluri interna\u021bionale.<\/p>\n\n\n\n<p>Cei mici sunt a\u015ftepta\u0163i la&nbsp;ateliere creative, \u00een prima parte a zilei,&nbsp;\u00een&nbsp;gr\u0103dina Muzeului Na\u0163ional al Literaturii Rom\u00e2ne, iar pe Calea Victoriei vor putea descoperi ce se afl\u0103 \u00een interiorul unei&nbsp;Autospeciale de Interven\u0163ii a DSU \u2013 Direc\u0163ia Situa\u0163ii de Urgen\u0163\u0103.<\/p>\n\n\n\n<p>P\u0103pu\u015file Teatrului de Anima\u0163ie \u0162\u0103nd\u0103ric\u0103 vor tine&nbsp;&nbsp;un&nbsp;maraton de teatru pentru copii&nbsp;\u00een fa\u0163a Muzeului Na\u0163ional de Art\u0103 al Rom\u00e2niei&nbsp;seara, de la ora&nbsp;18.00.<\/p>\n\n\n\n<p><strong>\u00cen&nbsp;sectorul 2,&nbsp;programul artistic&nbsp;\u00eencepe&nbsp;de la ora 14.00&nbsp;pe&nbsp;traseul pietonal de pe Aleea Circului, \u00een ambele zile, cu&nbsp;spectacole-lectur\u0103,&nbsp;concerte de muzic\u0103 popular\u0103,&nbsp;muzic\u0103 pop&nbsp;\u015fi&nbsp;de promenad\u0103,&nbsp;dans contemporan \u0219i numere de magie.<\/strong><\/p>\n\n\n\n<p>Casa Filipescu-Cesianu&nbsp;a Muzeului Municipiului Bucure\u0219ti este inclus\u0103 \u00een&nbsp;programul proiectului \u201eStr\u0103zi deschise \u2013 Bucure\u015fti, Promenad\u0103 urban\u0103\u201d&nbsp;cu&nbsp;trei expozi\u0163ii, intre orele&nbsp;10:00 \u2013 17:30<strong>.&nbsp;<\/strong>\u0218i \u015ecoala Popular\u0103 de Art\u0103&nbsp;este inclus\u0103 \u00een programului \u201eStr\u0103zi deschise \u2013 Bucure\u015fti\u201d cu&nbsp;ateliere&nbsp;\u015fi&nbsp;expozi\u0163ii de pictur\u0103, arte decorative \u015fi fotografie&nbsp;la sediul&nbsp;&nbsp;din strada Cuza Vod\u0103 nr.100.<\/p>\n\n\n\n<p>\u00cen ambele zile de weekend,&nbsp;actorii Teatrului Masca&nbsp;prezint\u0103,&nbsp;\u00een fa\u0163a Muzeului Na\u0163ional de Istorie a Rom\u00e2niei,&nbsp;spectacole pentru copii&nbsp;\u015fi&nbsp;lec\u0163ii de istorie&nbsp;date de&nbsp;statui vivante.<\/p>\n\n\n\n<figure class=\"wp-block-image size-large\"><img fetchpriority=\"high\" decoding=\"async\" width=\"900\" height=\"600\" src=\"data:image\/gif;base64,R0lGODlhAQABAAAAACH5BAEKAAEALAAAAAABAAEAAAICTAEAOw==\" data-src=\"https:\/\/buletin.de\/bucuresti\/wp-content\/uploads\/img-2-900x600.jpg\" alt=\"\" class=\"wp-image-59381 lazyload\" data-sizes=\"auto\" data-srcset=\"https:\/\/buletin.de\/bucuresti\/wp-content\/uploads\/img-2-900x600.jpg 900w, https:\/\/buletin.de\/bucuresti\/wp-content\/uploads\/img-2-300x200.jpg 300w, https:\/\/buletin.de\/bucuresti\/wp-content\/uploads\/img-2-768x512.jpg 768w, https:\/\/buletin.de\/bucuresti\/wp-content\/uploads\/img-2-1536x1024.jpg 1536w, https:\/\/buletin.de\/bucuresti\/wp-content\/uploads\/img-2-1060x707.jpg 1060w, https:\/\/buletin.de\/bucuresti\/wp-content\/uploads\/img-2-550x367.jpg 550w, https:\/\/buletin.de\/bucuresti\/wp-content\/uploads\/img-2-750x500.jpg 750w, https:\/\/buletin.de\/bucuresti\/wp-content\/uploads\/img-2-600x400.jpg 600w, https:\/\/buletin.de\/bucuresti\/wp-content\/uploads\/img-2.jpg 1600w\" sizes=\"(max-width: 900px) 100vw, 900px\" \/><\/figure>\n\n\n\n<p><strong>&nbsp;Pe parcursul evenimentului vor fi restric\u021bii de circula\u021bie<\/strong><\/p>\n\n\n\n<p>Pe Calea Victoriei&nbsp;se va permite traversarea  pe strada Sevastopol, strada Gheorghe Manu, Bulevardul Dacia, strada Ion C\u00e2mpineanu, bulevardul Regina Elisabeta, strada \u015etirbei Vod\u0103 \u00eentre Calea Victoriei \u015fi Dem. I. Dobrescu iar traficul Societ\u0103\u0163ii de Transport Bucure\u015fti va fi deviat. Accesul auto al riveranilor va fi redirec\u0163ionat c\u0103tre aleea din fa\u0163a Palatului \u015etirbei, apoi c\u0103tre strada Banului.&nbsp;Pentru siguranta pietonilor, pe arterele pe care nu mai circul\u0103 ma\u0219ini se \u00eenchid \u0219i pistele de biciclete.<\/p>\n\n\n\n<p>Traficul rutier pe Calea Victoriei se reia pe timpul nop\u021bii p\u00e2n\u0103 diminea\u021ba, de la ora 22:00 p\u00e2n\u0103 la ora 09:00.&nbsp;<\/p>\n\n\n\n<p>Pe&nbsp;Aleea Circului,&nbsp;traficul rutier va fi restric\u021bionat pe Aleea Circului \u015fi str\u0103zile adiacente, \u020bntre \u015foseaua \u015etefan cel Mare \u015fi Circul de Stat, \u00eencep\u00e2nd de&nbsp; azi&nbsp;de la ora 22:00, p\u00e2n\u0103 luni la ora&nbsp;&nbsp;01:00.<\/p>\n\n\n\n<p>\u201eStr\u0103zi deschise \u2013 Bucure\u015fti, Promenad\u0103 urban\u0103\u201d&nbsp;este organizat de&nbsp;Prim\u0103ria Capitalei&nbsp;al\u0103turi de&nbsp;ARCUB&nbsp;&nbsp;\u015fi&nbsp;PROEDUS.&nbsp;<\/p>\n","protected":false},"excerpt":{"rendered":"<p>\u201eStr\u0103zi deschise \u2013 Bucure\u015fti, Promenad\u0103 urban\u0103\u201d&nbsp;\u00eenchide, din nou, circula\u021bia, \u00een acest week-end pe&nbsp;Calea Victoriei&nbsp;, \u00eentre Pia\u0163a Victoriei \u015fi Splaiul Independen\u0163ei,&nbsp;\u00eentre orele 10:00 \u015fi 22:00, \u015fi&nbsp;pe&nbsp;Aleea Circului, \u00eentre \u015foseaua \u015etefan cel Mare \u015fi Circul de Stat, &nbsp;\u00eentre orele 11:00 \u015fi 22:00. M\u00e2ine,&nbsp;Festivalul Interna\u0163ional de Folclor, Muzici \u015fi Tradi\u0163ii &nbsp;ajunge&nbsp;pe&nbsp;Calea Victoriei&nbsp;cu&nbsp;Parada Costumului Popular Na\u0163ional \u015fi Interna\u0163ional, unde&nbsp;400 [&hellip;]<\/p>\n","protected":false},"author":49,"featured_media":59384,"comment_status":"closed","ping_status":"open","sticky":false,"template":"","format":"standard","meta":{"_acf_changed":false,"inline_featured_image":false,"ngg_post_thumbnail":0,"footnotes":""},"categories":[62],"tags":[2794],"ppma_author":[22574],"class_list":["post-59379","post","type-post","status-publish","format-standard","has-post-thumbnail","hentry","category-stiri","tag-strazi-deschise"],"acf":[],"yoast_head":"<!-- This site is optimized with the Yoast SEO Premium plugin v25.3 (Yoast SEO v27.4) - https:\/\/yoast.com\/product\/yoast-seo-premium-wordpress\/ -->\n<title>Aleea Circului redevine pietonal\u0103 \u00een acest week-end, pentru a dou\u0103 oar\u0103, \u00een cadrul proiectului \u201eStr\u0103zi deschise \u2013 Bucure\u015fti, Promenad\u0103 urban\u0103\u201d\u00a0 - Buletin de Bucure\u0219ti<\/title>\n<meta name=\"robots\" content=\"index, follow, max-snippet:-1, max-image-preview:large, max-video-preview:-1\" \/>\n<link rel=\"canonical\" href=\"https:\/\/buletin.de\/bucuresti\/aleea-circului-redevine-pietonala-in-acest-week-end-pentru-a-doua-oara-in-cadrul-proiectului-strazi-deschise-bucuresti-promenada-urbana\/\" \/>\n<meta property=\"og:locale\" content=\"en_GB\" \/>\n<meta property=\"og:type\" content=\"article\" \/>\n<meta property=\"og:title\" content=\"Aleea Circului redevine pietonal\u0103 \u00een acest week-end, pentru a dou\u0103 oar\u0103, \u00een cadrul proiectului \u201eStr\u0103zi deschise \u2013 Bucure\u015fti, Promenad\u0103 urban\u0103\u201d\u00a0\" \/>\n<meta property=\"og:description\" content=\"\u201eStr\u0103zi deschise \u2013 Bucure\u015fti, Promenad\u0103 urban\u0103\u201d&nbsp;\u00eenchide, din nou, circula\u021bia, \u00een acest week-end pe&nbsp;Calea Victoriei&nbsp;, \u00eentre Pia\u0163a Victoriei \u015fi Splaiul Independen\u0163ei,&nbsp;\u00eentre orele 10:00 \u015fi 22:00, \u015fi&nbsp;pe&nbsp;Aleea Circului, \u00eentre \u015foseaua \u015etefan cel Mare \u015fi Circul de Stat, &nbsp;\u00eentre orele 11:00 \u015fi 22:00. M\u00e2ine,&nbsp;Festivalul Interna\u0163ional de Folclor, Muzici \u015fi Tradi\u0163ii &nbsp;ajunge&nbsp;pe&nbsp;Calea Victoriei&nbsp;cu&nbsp;Parada Costumului Popular Na\u0163ional \u015fi Interna\u0163ional, unde&nbsp;400 [&hellip;]\" \/>\n<meta property=\"og:url\" content=\"https:\/\/buletin.de\/bucuresti\/aleea-circului-redevine-pietonala-in-acest-week-end-pentru-a-doua-oara-in-cadrul-proiectului-strazi-deschise-bucuresti-promenada-urbana\/\" \/>\n<meta property=\"og:site_name\" content=\"Buletin de Bucure\u0219ti\" \/>\n<meta property=\"article:publisher\" content=\"https:\/\/www.facebook.com\/buletin.de.buc\" \/>\n<meta property=\"article:published_time\" content=\"2023-06-16T15:08:55+00:00\" \/>\n<meta property=\"article:modified_time\" content=\"2023-06-16T16:19:01+00:00\" \/>\n<meta property=\"og:image\" content=\"https:\/\/buletin.de\/bucuresti\/wp-content\/uploads\/img-3-1.jpg\" \/>\n\t<meta property=\"og:image:width\" content=\"1600\" \/>\n\t<meta property=\"og:image:height\" content=\"1067\" \/>\n\t<meta property=\"og:image:type\" content=\"image\/jpeg\" \/>\n<meta name=\"author\" content=\"Diana Matei\" \/>\n<meta name=\"twitter:card\" content=\"summary_large_image\" \/>\n<meta name=\"twitter:label1\" content=\"Written by\" \/>\n\t<meta name=\"twitter:data1\" content=\"Diana Matei\" \/>\n\t<meta name=\"twitter:label2\" content=\"Estimated reading time\" \/>\n\t<meta name=\"twitter:data2\" content=\"3 minutes\" \/>\n<script type=\"application\/ld+json\" class=\"yoast-schema-graph\">{\"@context\":\"https:\\\/\\\/schema.org\",\"@graph\":[{\"@type\":\"Article\",\"@id\":\"https:\\\/\\\/buletin.de\\\/bucuresti\\\/aleea-circului-redevine-pietonala-in-acest-week-end-pentru-a-doua-oara-in-cadrul-proiectului-strazi-deschise-bucuresti-promenada-urbana\\\/#article\",\"isPartOf\":{\"@id\":\"https:\\\/\\\/buletin.de\\\/bucuresti\\\/aleea-circului-redevine-pietonala-in-acest-week-end-pentru-a-doua-oara-in-cadrul-proiectului-strazi-deschise-bucuresti-promenada-urbana\\\/\"},\"author\":{\"name\":\"Diana Matei\",\"@id\":\"https:\\\/\\\/buletin.de\\\/bucuresti\\\/#\\\/schema\\\/person\\\/7e46040573290777280a0835d81ea4ea\"},\"headline\":\"Aleea Circului redevine pietonal\u0103 \u00een acest week-end, pentru a dou\u0103 oar\u0103, \u00een cadrul proiectului \u201eStr\u0103zi deschise \u2013 Bucure\u015fti, Promenad\u0103 urban\u0103\u201d\u00a0\",\"datePublished\":\"2023-06-16T15:08:55+00:00\",\"dateModified\":\"2023-06-16T16:19:01+00:00\",\"mainEntityOfPage\":{\"@id\":\"https:\\\/\\\/buletin.de\\\/bucuresti\\\/aleea-circului-redevine-pietonala-in-acest-week-end-pentru-a-doua-oara-in-cadrul-proiectului-strazi-deschise-bucuresti-promenada-urbana\\\/\"},\"wordCount\":609,\"publisher\":{\"@id\":\"https:\\\/\\\/buletin.de\\\/bucuresti\\\/#organization\"},\"image\":{\"@id\":\"https:\\\/\\\/buletin.de\\\/bucuresti\\\/aleea-circului-redevine-pietonala-in-acest-week-end-pentru-a-doua-oara-in-cadrul-proiectului-strazi-deschise-bucuresti-promenada-urbana\\\/#primaryimage\"},\"thumbnailUrl\":\"https:\\\/\\\/buletin.de\\\/bucuresti\\\/wp-content\\\/uploads\\\/img-3-1.jpg\",\"keywords\":[\"strazi deschise\"],\"articleSection\":[\"\u0218tiri\"],\"inLanguage\":\"en-GB\",\"copyrightYear\":\"2023\",\"copyrightHolder\":{\"@id\":\"https:\\\/\\\/buletin.de\\\/bucuresti\\\/#organization\"}},{\"@type\":\"WebPage\",\"@id\":\"https:\\\/\\\/buletin.de\\\/bucuresti\\\/aleea-circului-redevine-pietonala-in-acest-week-end-pentru-a-doua-oara-in-cadrul-proiectului-strazi-deschise-bucuresti-promenada-urbana\\\/\",\"url\":\"https:\\\/\\\/buletin.de\\\/bucuresti\\\/aleea-circului-redevine-pietonala-in-acest-week-end-pentru-a-doua-oara-in-cadrul-proiectului-strazi-deschise-bucuresti-promenada-urbana\\\/\",\"name\":\"Aleea Circului redevine pietonal\u0103 \u00een acest week-end, pentru a dou\u0103 oar\u0103, \u00een cadrul proiectului \u201eStr\u0103zi deschise \u2013 Bucure\u015fti, Promenad\u0103 urban\u0103\u201d\u00a0 - Buletin de Bucure\u0219ti\",\"isPartOf\":{\"@id\":\"https:\\\/\\\/buletin.de\\\/bucuresti\\\/#website\"},\"primaryImageOfPage\":{\"@id\":\"https:\\\/\\\/buletin.de\\\/bucuresti\\\/aleea-circului-redevine-pietonala-in-acest-week-end-pentru-a-doua-oara-in-cadrul-proiectului-strazi-deschise-bucuresti-promenada-urbana\\\/#primaryimage\"},\"image\":{\"@id\":\"https:\\\/\\\/buletin.de\\\/bucuresti\\\/aleea-circului-redevine-pietonala-in-acest-week-end-pentru-a-doua-oara-in-cadrul-proiectului-strazi-deschise-bucuresti-promenada-urbana\\\/#primaryimage\"},\"thumbnailUrl\":\"https:\\\/\\\/buletin.de\\\/bucuresti\\\/wp-content\\\/uploads\\\/img-3-1.jpg\",\"datePublished\":\"2023-06-16T15:08:55+00:00\",\"dateModified\":\"2023-06-16T16:19:01+00:00\",\"breadcrumb\":{\"@id\":\"https:\\\/\\\/buletin.de\\\/bucuresti\\\/aleea-circului-redevine-pietonala-in-acest-week-end-pentru-a-doua-oara-in-cadrul-proiectului-strazi-deschise-bucuresti-promenada-urbana\\\/#breadcrumb\"},\"inLanguage\":\"en-GB\",\"potentialAction\":[{\"@type\":\"ReadAction\",\"target\":[\"https:\\\/\\\/buletin.de\\\/bucuresti\\\/aleea-circului-redevine-pietonala-in-acest-week-end-pentru-a-doua-oara-in-cadrul-proiectului-strazi-deschise-bucuresti-promenada-urbana\\\/\"]}]},{\"@type\":\"ImageObject\",\"inLanguage\":\"en-GB\",\"@id\":\"https:\\\/\\\/buletin.de\\\/bucuresti\\\/aleea-circului-redevine-pietonala-in-acest-week-end-pentru-a-doua-oara-in-cadrul-proiectului-strazi-deschise-bucuresti-promenada-urbana\\\/#primaryimage\",\"url\":\"https:\\\/\\\/buletin.de\\\/bucuresti\\\/wp-content\\\/uploads\\\/img-3-1.jpg\",\"contentUrl\":\"https:\\\/\\\/buletin.de\\\/bucuresti\\\/wp-content\\\/uploads\\\/img-3-1.jpg\",\"width\":1600,\"height\":1067},{\"@type\":\"BreadcrumbList\",\"@id\":\"https:\\\/\\\/buletin.de\\\/bucuresti\\\/aleea-circului-redevine-pietonala-in-acest-week-end-pentru-a-doua-oara-in-cadrul-proiectului-strazi-deschise-bucuresti-promenada-urbana\\\/#breadcrumb\",\"itemListElement\":[{\"@type\":\"ListItem\",\"position\":1,\"name\":\"Acas\u0103\",\"item\":\"https:\\\/\\\/buletin.de\\\/bucuresti\\\/\"},{\"@type\":\"ListItem\",\"position\":2,\"name\":\"Aleea Circului redevine pietonal\u0103 \u00een acest week-end, pentru a dou\u0103 oar\u0103, \u00een cadrul proiectului \u201eStr\u0103zi deschise \u2013 Bucure\u015fti, Promenad\u0103 urban\u0103\u201d\u00a0\"}]},{\"@type\":\"WebSite\",\"@id\":\"https:\\\/\\\/buletin.de\\\/bucuresti\\\/#website\",\"url\":\"https:\\\/\\\/buletin.de\\\/bucuresti\\\/\",\"name\":\"Buletin de Bucure\u0219ti\",\"description\":\"\u0218tiri \u0219i investiga\u021bii esen\u021biale din capital\u0103\",\"publisher\":{\"@id\":\"https:\\\/\\\/buletin.de\\\/bucuresti\\\/#organization\"},\"potentialAction\":[{\"@type\":\"SearchAction\",\"target\":{\"@type\":\"EntryPoint\",\"urlTemplate\":\"https:\\\/\\\/buletin.de\\\/bucuresti\\\/?s={search_term_string}\"},\"query-input\":{\"@type\":\"PropertyValueSpecification\",\"valueRequired\":true,\"valueName\":\"search_term_string\"}}],\"inLanguage\":\"en-GB\"},{\"@type\":\"Organization\",\"@id\":\"https:\\\/\\\/buletin.de\\\/bucuresti\\\/#organization\",\"name\":\"Buletin de Bucure\u0219ti\",\"url\":\"https:\\\/\\\/buletin.de\\\/bucuresti\\\/\",\"logo\":{\"@type\":\"ImageObject\",\"inLanguage\":\"en-GB\",\"@id\":\"https:\\\/\\\/buletin.de\\\/bucuresti\\\/#\\\/schema\\\/logo\\\/image\\\/\",\"url\":\"https:\\\/\\\/buletin.de\\\/bucuresti\\\/wp-content\\\/uploads\\\/logo-bdb-full-wide-vernil-transparent.png\",\"contentUrl\":\"https:\\\/\\\/buletin.de\\\/bucuresti\\\/wp-content\\\/uploads\\\/logo-bdb-full-wide-vernil-transparent.png\",\"width\":1782,\"height\":626,\"caption\":\"Buletin de Bucure\u0219ti\"},\"image\":{\"@id\":\"https:\\\/\\\/buletin.de\\\/bucuresti\\\/#\\\/schema\\\/logo\\\/image\\\/\"},\"sameAs\":[\"https:\\\/\\\/www.facebook.com\\\/buletin.de.buc\",\"https:\\\/\\\/www.instagram.com\\\/buletinde.bucuresti\\\/\"]},{\"@type\":\"Person\",\"@id\":\"https:\\\/\\\/buletin.de\\\/bucuresti\\\/#\\\/schema\\\/person\\\/7e46040573290777280a0835d81ea4ea\",\"name\":\"Diana Matei\",\"image\":{\"@type\":\"ImageObject\",\"inLanguage\":\"en-GB\",\"@id\":\"https:\\\/\\\/buletin.de\\\/bucuresti\\\/wp-content\\\/uploads\\\/9-2-96x96.jpg1e8590b30871d70e62ebcdaf2eff570c\",\"url\":\"https:\\\/\\\/buletin.de\\\/bucuresti\\\/wp-content\\\/uploads\\\/9-2-96x96.jpg\",\"contentUrl\":\"https:\\\/\\\/buletin.de\\\/bucuresti\\\/wp-content\\\/uploads\\\/9-2-96x96.jpg\",\"caption\":\"Diana Matei\"},\"url\":\"https:\\\/\\\/buletin.de\\\/bucuresti\\\/author\\\/dianamatei\\\/\"}]}<\/script>\n<!-- \/ Yoast SEO Premium plugin. -->","yoast_head_json":{"title":"Aleea Circului redevine pietonal\u0103 \u00een acest week-end, pentru a dou\u0103 oar\u0103, \u00een cadrul proiectului \u201eStr\u0103zi deschise \u2013 Bucure\u015fti, Promenad\u0103 urban\u0103\u201d\u00a0 - Buletin de Bucure\u0219ti","robots":{"index":"index","follow":"follow","max-snippet":"max-snippet:-1","max-image-preview":"max-image-preview:large","max-video-preview":"max-video-preview:-1"},"canonical":"https:\/\/buletin.de\/bucuresti\/aleea-circului-redevine-pietonala-in-acest-week-end-pentru-a-doua-oara-in-cadrul-proiectului-strazi-deschise-bucuresti-promenada-urbana\/","og_locale":"en_GB","og_type":"article","og_title":"Aleea Circului redevine pietonal\u0103 \u00een acest week-end, pentru a dou\u0103 oar\u0103, \u00een cadrul proiectului \u201eStr\u0103zi deschise \u2013 Bucure\u015fti, Promenad\u0103 urban\u0103\u201d\u00a0","og_description":"\u201eStr\u0103zi deschise \u2013 Bucure\u015fti, Promenad\u0103 urban\u0103\u201d&nbsp;\u00eenchide, din nou, circula\u021bia, \u00een acest week-end pe&nbsp;Calea Victoriei&nbsp;, \u00eentre Pia\u0163a Victoriei \u015fi Splaiul Independen\u0163ei,&nbsp;\u00eentre orele 10:00 \u015fi 22:00, \u015fi&nbsp;pe&nbsp;Aleea Circului, \u00eentre \u015foseaua \u015etefan cel Mare \u015fi Circul de Stat, &nbsp;\u00eentre orele 11:00 \u015fi 22:00. M\u00e2ine,&nbsp;Festivalul Interna\u0163ional de Folclor, Muzici \u015fi Tradi\u0163ii &nbsp;ajunge&nbsp;pe&nbsp;Calea Victoriei&nbsp;cu&nbsp;Parada Costumului Popular Na\u0163ional \u015fi Interna\u0163ional, unde&nbsp;400 [&hellip;]","og_url":"https:\/\/buletin.de\/bucuresti\/aleea-circului-redevine-pietonala-in-acest-week-end-pentru-a-doua-oara-in-cadrul-proiectului-strazi-deschise-bucuresti-promenada-urbana\/","og_site_name":"Buletin de Bucure\u0219ti","article_publisher":"https:\/\/www.facebook.com\/buletin.de.buc","article_published_time":"2023-06-16T15:08:55+00:00","article_modified_time":"2023-06-16T16:19:01+00:00","og_image":[{"width":1600,"height":1067,"url":"https:\/\/buletin.de\/bucuresti\/wp-content\/uploads\/img-3-1.jpg","type":"image\/jpeg"}],"author":"Diana Matei","twitter_card":"summary_large_image","twitter_misc":{"Written by":"Diana Matei","Estimated reading time":"3 minutes"},"schema":{"@context":"https:\/\/schema.org","@graph":[{"@type":"Article","@id":"https:\/\/buletin.de\/bucuresti\/aleea-circului-redevine-pietonala-in-acest-week-end-pentru-a-doua-oara-in-cadrul-proiectului-strazi-deschise-bucuresti-promenada-urbana\/#article","isPartOf":{"@id":"https:\/\/buletin.de\/bucuresti\/aleea-circului-redevine-pietonala-in-acest-week-end-pentru-a-doua-oara-in-cadrul-proiectului-strazi-deschise-bucuresti-promenada-urbana\/"},"author":{"name":"Diana Matei","@id":"https:\/\/buletin.de\/bucuresti\/#\/schema\/person\/7e46040573290777280a0835d81ea4ea"},"headline":"Aleea Circului redevine pietonal\u0103 \u00een acest week-end, pentru a dou\u0103 oar\u0103, \u00een cadrul proiectului \u201eStr\u0103zi deschise \u2013 Bucure\u015fti, Promenad\u0103 urban\u0103\u201d\u00a0","datePublished":"2023-06-16T15:08:55+00:00","dateModified":"2023-06-16T16:19:01+00:00","mainEntityOfPage":{"@id":"https:\/\/buletin.de\/bucuresti\/aleea-circului-redevine-pietonala-in-acest-week-end-pentru-a-doua-oara-in-cadrul-proiectului-strazi-deschise-bucuresti-promenada-urbana\/"},"wordCount":609,"publisher":{"@id":"https:\/\/buletin.de\/bucuresti\/#organization"},"image":{"@id":"https:\/\/buletin.de\/bucuresti\/aleea-circului-redevine-pietonala-in-acest-week-end-pentru-a-doua-oara-in-cadrul-proiectului-strazi-deschise-bucuresti-promenada-urbana\/#primaryimage"},"thumbnailUrl":"https:\/\/buletin.de\/bucuresti\/wp-content\/uploads\/img-3-1.jpg","keywords":["strazi deschise"],"articleSection":["\u0218tiri"],"inLanguage":"en-GB","copyrightYear":"2023","copyrightHolder":{"@id":"https:\/\/buletin.de\/bucuresti\/#organization"}},{"@type":"WebPage","@id":"https:\/\/buletin.de\/bucuresti\/aleea-circului-redevine-pietonala-in-acest-week-end-pentru-a-doua-oara-in-cadrul-proiectului-strazi-deschise-bucuresti-promenada-urbana\/","url":"https:\/\/buletin.de\/bucuresti\/aleea-circului-redevine-pietonala-in-acest-week-end-pentru-a-doua-oara-in-cadrul-proiectului-strazi-deschise-bucuresti-promenada-urbana\/","name":"Aleea Circului redevine pietonal\u0103 \u00een acest week-end, pentru a dou\u0103 oar\u0103, \u00een cadrul proiectului \u201eStr\u0103zi deschise \u2013 Bucure\u015fti, Promenad\u0103 urban\u0103\u201d\u00a0 - Buletin de Bucure\u0219ti","isPartOf":{"@id":"https:\/\/buletin.de\/bucuresti\/#website"},"primaryImageOfPage":{"@id":"https:\/\/buletin.de\/bucuresti\/aleea-circului-redevine-pietonala-in-acest-week-end-pentru-a-doua-oara-in-cadrul-proiectului-strazi-deschise-bucuresti-promenada-urbana\/#primaryimage"},"image":{"@id":"https:\/\/buletin.de\/bucuresti\/aleea-circului-redevine-pietonala-in-acest-week-end-pentru-a-doua-oara-in-cadrul-proiectului-strazi-deschise-bucuresti-promenada-urbana\/#primaryimage"},"thumbnailUrl":"https:\/\/buletin.de\/bucuresti\/wp-content\/uploads\/img-3-1.jpg","datePublished":"2023-06-16T15:08:55+00:00","dateModified":"2023-06-16T16:19:01+00:00","breadcrumb":{"@id":"https:\/\/buletin.de\/bucuresti\/aleea-circului-redevine-pietonala-in-acest-week-end-pentru-a-doua-oara-in-cadrul-proiectului-strazi-deschise-bucuresti-promenada-urbana\/#breadcrumb"},"inLanguage":"en-GB","potentialAction":[{"@type":"ReadAction","target":["https:\/\/buletin.de\/bucuresti\/aleea-circului-redevine-pietonala-in-acest-week-end-pentru-a-doua-oara-in-cadrul-proiectului-strazi-deschise-bucuresti-promenada-urbana\/"]}]},{"@type":"ImageObject","inLanguage":"en-GB","@id":"https:\/\/buletin.de\/bucuresti\/aleea-circului-redevine-pietonala-in-acest-week-end-pentru-a-doua-oara-in-cadrul-proiectului-strazi-deschise-bucuresti-promenada-urbana\/#primaryimage","url":"https:\/\/buletin.de\/bucuresti\/wp-content\/uploads\/img-3-1.jpg","contentUrl":"https:\/\/buletin.de\/bucuresti\/wp-content\/uploads\/img-3-1.jpg","width":1600,"height":1067},{"@type":"BreadcrumbList","@id":"https:\/\/buletin.de\/bucuresti\/aleea-circului-redevine-pietonala-in-acest-week-end-pentru-a-doua-oara-in-cadrul-proiectului-strazi-deschise-bucuresti-promenada-urbana\/#breadcrumb","itemListElement":[{"@type":"ListItem","position":1,"name":"Acas\u0103","item":"https:\/\/buletin.de\/bucuresti\/"},{"@type":"ListItem","position":2,"name":"Aleea Circului redevine pietonal\u0103 \u00een acest week-end, pentru a dou\u0103 oar\u0103, \u00een cadrul proiectului \u201eStr\u0103zi deschise \u2013 Bucure\u015fti, Promenad\u0103 urban\u0103\u201d\u00a0"}]},{"@type":"WebSite","@id":"https:\/\/buletin.de\/bucuresti\/#website","url":"https:\/\/buletin.de\/bucuresti\/","name":"Buletin de Bucure\u0219ti","description":"\u0218tiri \u0219i investiga\u021bii esen\u021biale din capital\u0103","publisher":{"@id":"https:\/\/buletin.de\/bucuresti\/#organization"},"potentialAction":[{"@type":"SearchAction","target":{"@type":"EntryPoint","urlTemplate":"https:\/\/buletin.de\/bucuresti\/?s={search_term_string}"},"query-input":{"@type":"PropertyValueSpecification","valueRequired":true,"valueName":"search_term_string"}}],"inLanguage":"en-GB"},{"@type":"Organization","@id":"https:\/\/buletin.de\/bucuresti\/#organization","name":"Buletin de Bucure\u0219ti","url":"https:\/\/buletin.de\/bucuresti\/","logo":{"@type":"ImageObject","inLanguage":"en-GB","@id":"https:\/\/buletin.de\/bucuresti\/#\/schema\/logo\/image\/","url":"https:\/\/buletin.de\/bucuresti\/wp-content\/uploads\/logo-bdb-full-wide-vernil-transparent.png","contentUrl":"https:\/\/buletin.de\/bucuresti\/wp-content\/uploads\/logo-bdb-full-wide-vernil-transparent.png","width":1782,"height":626,"caption":"Buletin de Bucure\u0219ti"},"image":{"@id":"https:\/\/buletin.de\/bucuresti\/#\/schema\/logo\/image\/"},"sameAs":["https:\/\/www.facebook.com\/buletin.de.buc","https:\/\/www.instagram.com\/buletinde.bucuresti\/"]},{"@type":"Person","@id":"https:\/\/buletin.de\/bucuresti\/#\/schema\/person\/7e46040573290777280a0835d81ea4ea","name":"Diana Matei","image":{"@type":"ImageObject","inLanguage":"en-GB","@id":"https:\/\/buletin.de\/bucuresti\/wp-content\/uploads\/9-2-96x96.jpg1e8590b30871d70e62ebcdaf2eff570c","url":"https:\/\/buletin.de\/bucuresti\/wp-content\/uploads\/9-2-96x96.jpg","contentUrl":"https:\/\/buletin.de\/bucuresti\/wp-content\/uploads\/9-2-96x96.jpg","caption":"Diana Matei"},"url":"https:\/\/buletin.de\/bucuresti\/author\/dianamatei\/"}]}},"authors":[{"term_id":22574,"user_id":49,"is_guest":0,"slug":"dianamatei","display_name":"Diana Matei","avatar_url":"https:\/\/buletin.de\/bucuresti\/wp-content\/uploads\/9-2-96x96.jpg","0":null,"1":"","2":"","3":"","4":"","5":"","6":"","7":"","8":""}],"_links":{"self":[{"href":"https:\/\/buletin.de\/bucuresti\/wp-json\/wp\/v2\/posts\/59379","targetHints":{"allow":["GET"]}}],"collection":[{"href":"https:\/\/buletin.de\/bucuresti\/wp-json\/wp\/v2\/posts"}],"about":[{"href":"https:\/\/buletin.de\/bucuresti\/wp-json\/wp\/v2\/types\/post"}],"author":[{"embeddable":true,"href":"https:\/\/buletin.de\/bucuresti\/wp-json\/wp\/v2\/users\/49"}],"replies":[{"embeddable":true,"href":"https:\/\/buletin.de\/bucuresti\/wp-json\/wp\/v2\/comments?post=59379"}],"version-history":[{"count":6,"href":"https:\/\/buletin.de\/bucuresti\/wp-json\/wp\/v2\/posts\/59379\/revisions"}],"predecessor-version":[{"id":59389,"href":"https:\/\/buletin.de\/bucuresti\/wp-json\/wp\/v2\/posts\/59379\/revisions\/59389"}],"wp:featuredmedia":[{"embeddable":true,"href":"https:\/\/buletin.de\/bucuresti\/wp-json\/wp\/v2\/media\/59384"}],"wp:attachment":[{"href":"https:\/\/buletin.de\/bucuresti\/wp-json\/wp\/v2\/media?parent=59379"}],"wp:term":[{"taxonomy":"category","embeddable":true,"href":"https:\/\/buletin.de\/bucuresti\/wp-json\/wp\/v2\/categories?post=59379"},{"taxonomy":"post_tag","embeddable":true,"href":"https:\/\/buletin.de\/bucuresti\/wp-json\/wp\/v2\/tags?post=59379"},{"taxonomy":"author","embeddable":true,"href":"https:\/\/buletin.de\/bucuresti\/wp-json\/wp\/v2\/ppma_author?post=59379"}],"curies":[{"name":"wp","href":"https:\/\/api.w.org\/{rel}","templated":true}]}}