{"id":59001,"date":"2023-06-09T13:54:40","date_gmt":"2023-06-09T11:54:40","guid":{"rendered":"https:\/\/buletin.de\/bucuresti\/?p=59001"},"modified":"2023-06-09T13:54:41","modified_gmt":"2023-06-09T11:54:41","slug":"30-de-catei-asteapta-sa-si-gaseasca-o-familie-la-targul-de-adoptii-din-herastrau","status":"publish","type":"post","link":"https:\/\/buletin.de\/bucuresti\/30-de-catei-asteapta-sa-si-gaseasca-o-familie-la-targul-de-adoptii-din-herastrau\/","title":{"rendered":"30 de c\u0103\u0163ei a\u015fteapt\u0103 s\u0103-\u015fi g\u0103seasc\u0103 o familie la t\u00e2rgul de adop\u0163ii din Her\u0103str\u0103u"},"content":{"rendered":"\n<p><strong>30 de c\u0103\u0163ei, de toate v\u00e2rstele \u015fi m\u0103rimile, a\u015fteapt\u0103 s\u0103-\u015fi g\u0103seasc\u0103 o cas\u0103 \u015fi o familie, la t\u00e2rgul de adop\u0163ii ce va avea loc s\u00e2mb\u0103t\u0103, \u00een Parcul Her\u0103str\u0103u, \u00eentre orele 10:00 \u015fi 18:00.<\/strong><\/p>\n\n\n\n<p>Reprezentan\u0163ii ASPA precizeaz\u0103 c\u0103 to\u0163i c\u00e2inii sunt s\u0103n\u0103to\u015fi, sunt deparazita\u0163i, microcipa\u0163i, vaccina\u0163i \u015fi steriliza\u0163i \u2013 \u00een cazul animalelor care au \u00eendeplinit v\u00e2rsta necesar\u0103 pentru aceast\u0103 procedur\u0103 medical\u0103.<\/p>\n\n\n\n<p>83 de c\u00e2ini au fost adopta\u0163i anul acesta la t\u00e2rguri, iar 568 au fost lua\u0163i acas\u0103 direct din ad\u0103posturile ASPA.<\/p>\n\n\n\n<p>Toate adop\u021biile sunt gratuite.<\/p>\n\n\n\n<figure class=\"wp-block-image size-large\"><img fetchpriority=\"high\" decoding=\"async\" width=\"900\" height=\"801\" src=\"data:image\/gif;base64,R0lGODlhAQABAAAAACH5BAEKAAEALAAAAAABAAEAAAICTAEAOw==\" data-src=\"https:\/\/buletin.de\/bucuresti\/wp-content\/uploads\/352219308_611535931131548_1092817699598824556_n-900x801.jpg\" alt=\"\" class=\"wp-image-59002 lazyload\" data-sizes=\"auto\" data-srcset=\"https:\/\/buletin.de\/bucuresti\/wp-content\/uploads\/352219308_611535931131548_1092817699598824556_n-900x801.jpg 900w, https:\/\/buletin.de\/bucuresti\/wp-content\/uploads\/352219308_611535931131548_1092817699598824556_n-300x267.jpg 300w, https:\/\/buletin.de\/bucuresti\/wp-content\/uploads\/352219308_611535931131548_1092817699598824556_n-768x683.jpg 768w, https:\/\/buletin.de\/bucuresti\/wp-content\/uploads\/352219308_611535931131548_1092817699598824556_n-1060x943.jpg 1060w, https:\/\/buletin.de\/bucuresti\/wp-content\/uploads\/352219308_611535931131548_1092817699598824556_n-550x489.jpg 550w, https:\/\/buletin.de\/bucuresti\/wp-content\/uploads\/352219308_611535931131548_1092817699598824556_n-562x500.jpg 562w, https:\/\/buletin.de\/bucuresti\/wp-content\/uploads\/352219308_611535931131548_1092817699598824556_n-1214x1080.jpg 1214w, https:\/\/buletin.de\/bucuresti\/wp-content\/uploads\/352219308_611535931131548_1092817699598824556_n-600x534.jpg 600w, https:\/\/buletin.de\/bucuresti\/wp-content\/uploads\/352219308_611535931131548_1092817699598824556_n.jpg 1398w\" sizes=\"(max-width: 900px) 100vw, 900px\" \/><\/figure>\n\n\n\n<p>Persoanele care nu pot ajunge la t\u00e2rgul din Her\u0103str\u0103u, dar vor s\u0103 adopte, o pot face direct de la centre:<\/p>\n\n\n\n<ul class=\"wp-block-list\">\n<li>ASPA Pallady, situat pe Drumul Lunca Jari\u0219tei 47, Sector 3, Bucure\u0219ti, tel: 0741817865, https:\/\/www.facebook.com\/ASPAPallady;<\/li>\n<\/ul>\n\n\n\n<ul class=\"wp-block-list\">\n<li>ASPA Bragadiru, situat pe strada Gospod\u0103rie Agrozootehnic\u0103, Bragadiru, jud. Ilfov, tel: 0734301394, https:\/\/www.facebook.com\/ASPABragadiru;<\/li>\n<\/ul>\n\n\n\n<ul class=\"wp-block-list\">\n<li>ASPA Mih\u0103ile\u0219ti, situat pe strada Complexului 2A, Mih\u0103ile\u0219ti, jud. Giurgiu, tel: 0741817857, https:\/\/www.facebook.com\/ASPAMihailesti.<\/li>\n<\/ul>\n\n\n\n<p>Programul centrelor de adop\u021bii este de mar\u021bi p\u00e2n\u0103 s\u00e2mb\u0103t\u0103, \u00een intervalul orar 10:00 \u2013 16:00.<\/p>\n","protected":false},"excerpt":{"rendered":"<p>30 de c\u0103\u0163ei, de toate v\u00e2rstele \u015fi m\u0103rimile, a\u015fteapt\u0103 s\u0103-\u015fi g\u0103seasc\u0103 o cas\u0103 \u015fi o familie, la t\u00e2rgul de adop\u0163ii ce va avea loc s\u00e2mb\u0103t\u0103, \u00een Parcul Her\u0103str\u0103u, \u00eentre orele 10:00 \u015fi 18:00. Reprezentan\u0163ii ASPA precizeaz\u0103 c\u0103 to\u0163i c\u00e2inii sunt s\u0103n\u0103to\u015fi, sunt deparazita\u0163i, microcipa\u0163i, vaccina\u0163i \u015fi steriliza\u0163i \u2013 \u00een cazul animalelor care au \u00eendeplinit v\u00e2rsta [&hellip;]<\/p>\n","protected":false},"author":38,"featured_media":59002,"comment_status":"closed","ping_status":"open","sticky":false,"template":"","format":"standard","meta":{"_acf_changed":false,"inline_featured_image":false,"ngg_post_thumbnail":0,"footnotes":""},"categories":[62],"tags":[],"ppma_author":[22601],"class_list":["post-59001","post","type-post","status-publish","format-standard","has-post-thumbnail","hentry","category-stiri"],"acf":[],"yoast_head":"<!-- This site is optimized with the Yoast SEO Premium plugin v25.3 (Yoast SEO v27.4) - https:\/\/yoast.com\/product\/yoast-seo-premium-wordpress\/ -->\n<title>30 de c\u0103\u0163ei a\u015fteapt\u0103 s\u0103-\u015fi g\u0103seasc\u0103 o familie la t\u00e2rgul de adop\u0163ii din Her\u0103str\u0103u - Buletin de Bucure\u0219ti<\/title>\n<meta name=\"robots\" content=\"index, follow, max-snippet:-1, max-image-preview:large, max-video-preview:-1\" \/>\n<link rel=\"canonical\" href=\"https:\/\/buletin.de\/bucuresti\/30-de-catei-asteapta-sa-si-gaseasca-o-familie-la-targul-de-adoptii-din-herastrau\/\" \/>\n<meta property=\"og:locale\" content=\"en_GB\" \/>\n<meta property=\"og:type\" content=\"article\" \/>\n<meta property=\"og:title\" content=\"30 de c\u0103\u0163ei a\u015fteapt\u0103 s\u0103-\u015fi g\u0103seasc\u0103 o familie la t\u00e2rgul de adop\u0163ii din Her\u0103str\u0103u\" \/>\n<meta property=\"og:description\" content=\"30 de c\u0103\u0163ei, de toate v\u00e2rstele \u015fi m\u0103rimile, a\u015fteapt\u0103 s\u0103-\u015fi g\u0103seasc\u0103 o cas\u0103 \u015fi o familie, la t\u00e2rgul de adop\u0163ii ce va avea loc s\u00e2mb\u0103t\u0103, \u00een Parcul Her\u0103str\u0103u, \u00eentre orele 10:00 \u015fi 18:00. Reprezentan\u0163ii ASPA precizeaz\u0103 c\u0103 to\u0163i c\u00e2inii sunt s\u0103n\u0103to\u015fi, sunt deparazita\u0163i, microcipa\u0163i, vaccina\u0163i \u015fi steriliza\u0163i \u2013 \u00een cazul animalelor care au \u00eendeplinit v\u00e2rsta [&hellip;]\" \/>\n<meta property=\"og:url\" content=\"https:\/\/buletin.de\/bucuresti\/30-de-catei-asteapta-sa-si-gaseasca-o-familie-la-targul-de-adoptii-din-herastrau\/\" \/>\n<meta property=\"og:site_name\" content=\"Buletin de Bucure\u0219ti\" \/>\n<meta property=\"article:publisher\" content=\"https:\/\/www.facebook.com\/buletin.de.buc\" \/>\n<meta property=\"article:published_time\" content=\"2023-06-09T11:54:40+00:00\" \/>\n<meta property=\"article:modified_time\" content=\"2023-06-09T11:54:41+00:00\" \/>\n<meta property=\"og:image\" content=\"https:\/\/buletin.de\/bucuresti\/wp-content\/uploads\/352219308_611535931131548_1092817699598824556_n.jpg\" \/>\n\t<meta property=\"og:image:width\" content=\"1398\" \/>\n\t<meta property=\"og:image:height\" content=\"1244\" \/>\n\t<meta property=\"og:image:type\" content=\"image\/jpeg\" \/>\n<meta name=\"author\" content=\"Anamaria Nedelcoff\" \/>\n<meta name=\"twitter:card\" content=\"summary_large_image\" \/>\n<meta name=\"twitter:label1\" content=\"Written by\" \/>\n\t<meta name=\"twitter:data1\" content=\"Anamaria Nedelcoff\" \/>\n\t<meta name=\"twitter:label2\" content=\"Estimated reading time\" \/>\n\t<meta name=\"twitter:data2\" content=\"1 minute\" \/>\n<script type=\"application\/ld+json\" class=\"yoast-schema-graph\">{\"@context\":\"https:\\\/\\\/schema.org\",\"@graph\":[{\"@type\":\"Article\",\"@id\":\"https:\\\/\\\/buletin.de\\\/bucuresti\\\/30-de-catei-asteapta-sa-si-gaseasca-o-familie-la-targul-de-adoptii-din-herastrau\\\/#article\",\"isPartOf\":{\"@id\":\"https:\\\/\\\/buletin.de\\\/bucuresti\\\/30-de-catei-asteapta-sa-si-gaseasca-o-familie-la-targul-de-adoptii-din-herastrau\\\/\"},\"author\":{\"name\":\"Anamaria Nedelcoff\",\"@id\":\"https:\\\/\\\/buletin.de\\\/bucuresti\\\/#\\\/schema\\\/person\\\/bfa22994f12f5d3353b170aca494f1f9\"},\"headline\":\"30 de c\u0103\u0163ei a\u015fteapt\u0103 s\u0103-\u015fi g\u0103seasc\u0103 o familie la t\u00e2rgul de adop\u0163ii din Her\u0103str\u0103u\",\"datePublished\":\"2023-06-09T11:54:40+00:00\",\"dateModified\":\"2023-06-09T11:54:41+00:00\",\"mainEntityOfPage\":{\"@id\":\"https:\\\/\\\/buletin.de\\\/bucuresti\\\/30-de-catei-asteapta-sa-si-gaseasca-o-familie-la-targul-de-adoptii-din-herastrau\\\/\"},\"wordCount\":224,\"publisher\":{\"@id\":\"https:\\\/\\\/buletin.de\\\/bucuresti\\\/#organization\"},\"image\":{\"@id\":\"https:\\\/\\\/buletin.de\\\/bucuresti\\\/30-de-catei-asteapta-sa-si-gaseasca-o-familie-la-targul-de-adoptii-din-herastrau\\\/#primaryimage\"},\"thumbnailUrl\":\"https:\\\/\\\/buletin.de\\\/bucuresti\\\/wp-content\\\/uploads\\\/352219308_611535931131548_1092817699598824556_n.jpg\",\"articleSection\":[\"\u0218tiri\"],\"inLanguage\":\"en-GB\",\"copyrightYear\":\"2023\",\"copyrightHolder\":{\"@id\":\"https:\\\/\\\/buletin.de\\\/bucuresti\\\/#organization\"}},{\"@type\":\"WebPage\",\"@id\":\"https:\\\/\\\/buletin.de\\\/bucuresti\\\/30-de-catei-asteapta-sa-si-gaseasca-o-familie-la-targul-de-adoptii-din-herastrau\\\/\",\"url\":\"https:\\\/\\\/buletin.de\\\/bucuresti\\\/30-de-catei-asteapta-sa-si-gaseasca-o-familie-la-targul-de-adoptii-din-herastrau\\\/\",\"name\":\"30 de c\u0103\u0163ei a\u015fteapt\u0103 s\u0103-\u015fi g\u0103seasc\u0103 o familie la t\u00e2rgul de adop\u0163ii din Her\u0103str\u0103u - Buletin de Bucure\u0219ti\",\"isPartOf\":{\"@id\":\"https:\\\/\\\/buletin.de\\\/bucuresti\\\/#website\"},\"primaryImageOfPage\":{\"@id\":\"https:\\\/\\\/buletin.de\\\/bucuresti\\\/30-de-catei-asteapta-sa-si-gaseasca-o-familie-la-targul-de-adoptii-din-herastrau\\\/#primaryimage\"},\"image\":{\"@id\":\"https:\\\/\\\/buletin.de\\\/bucuresti\\\/30-de-catei-asteapta-sa-si-gaseasca-o-familie-la-targul-de-adoptii-din-herastrau\\\/#primaryimage\"},\"thumbnailUrl\":\"https:\\\/\\\/buletin.de\\\/bucuresti\\\/wp-content\\\/uploads\\\/352219308_611535931131548_1092817699598824556_n.jpg\",\"datePublished\":\"2023-06-09T11:54:40+00:00\",\"dateModified\":\"2023-06-09T11:54:41+00:00\",\"breadcrumb\":{\"@id\":\"https:\\\/\\\/buletin.de\\\/bucuresti\\\/30-de-catei-asteapta-sa-si-gaseasca-o-familie-la-targul-de-adoptii-din-herastrau\\\/#breadcrumb\"},\"inLanguage\":\"en-GB\",\"potentialAction\":[{\"@type\":\"ReadAction\",\"target\":[\"https:\\\/\\\/buletin.de\\\/bucuresti\\\/30-de-catei-asteapta-sa-si-gaseasca-o-familie-la-targul-de-adoptii-din-herastrau\\\/\"]}]},{\"@type\":\"ImageObject\",\"inLanguage\":\"en-GB\",\"@id\":\"https:\\\/\\\/buletin.de\\\/bucuresti\\\/30-de-catei-asteapta-sa-si-gaseasca-o-familie-la-targul-de-adoptii-din-herastrau\\\/#primaryimage\",\"url\":\"https:\\\/\\\/buletin.de\\\/bucuresti\\\/wp-content\\\/uploads\\\/352219308_611535931131548_1092817699598824556_n.jpg\",\"contentUrl\":\"https:\\\/\\\/buletin.de\\\/bucuresti\\\/wp-content\\\/uploads\\\/352219308_611535931131548_1092817699598824556_n.jpg\",\"width\":1398,\"height\":1244},{\"@type\":\"BreadcrumbList\",\"@id\":\"https:\\\/\\\/buletin.de\\\/bucuresti\\\/30-de-catei-asteapta-sa-si-gaseasca-o-familie-la-targul-de-adoptii-din-herastrau\\\/#breadcrumb\",\"itemListElement\":[{\"@type\":\"ListItem\",\"position\":1,\"name\":\"Acas\u0103\",\"item\":\"https:\\\/\\\/buletin.de\\\/bucuresti\\\/\"},{\"@type\":\"ListItem\",\"position\":2,\"name\":\"30 de c\u0103\u0163ei a\u015fteapt\u0103 s\u0103-\u015fi g\u0103seasc\u0103 o familie la t\u00e2rgul de adop\u0163ii din Her\u0103str\u0103u\"}]},{\"@type\":\"WebSite\",\"@id\":\"https:\\\/\\\/buletin.de\\\/bucuresti\\\/#website\",\"url\":\"https:\\\/\\\/buletin.de\\\/bucuresti\\\/\",\"name\":\"Buletin de Bucure\u0219ti\",\"description\":\"\u0218tiri \u0219i investiga\u021bii esen\u021biale din capital\u0103\",\"publisher\":{\"@id\":\"https:\\\/\\\/buletin.de\\\/bucuresti\\\/#organization\"},\"potentialAction\":[{\"@type\":\"SearchAction\",\"target\":{\"@type\":\"EntryPoint\",\"urlTemplate\":\"https:\\\/\\\/buletin.de\\\/bucuresti\\\/?s={search_term_string}\"},\"query-input\":{\"@type\":\"PropertyValueSpecification\",\"valueRequired\":true,\"valueName\":\"search_term_string\"}}],\"inLanguage\":\"en-GB\"},{\"@type\":\"Organization\",\"@id\":\"https:\\\/\\\/buletin.de\\\/bucuresti\\\/#organization\",\"name\":\"Buletin de Bucure\u0219ti\",\"url\":\"https:\\\/\\\/buletin.de\\\/bucuresti\\\/\",\"logo\":{\"@type\":\"ImageObject\",\"inLanguage\":\"en-GB\",\"@id\":\"https:\\\/\\\/buletin.de\\\/bucuresti\\\/#\\\/schema\\\/logo\\\/image\\\/\",\"url\":\"https:\\\/\\\/buletin.de\\\/bucuresti\\\/wp-content\\\/uploads\\\/logo-bdb-full-wide-vernil-transparent.png\",\"contentUrl\":\"https:\\\/\\\/buletin.de\\\/bucuresti\\\/wp-content\\\/uploads\\\/logo-bdb-full-wide-vernil-transparent.png\",\"width\":1782,\"height\":626,\"caption\":\"Buletin de Bucure\u0219ti\"},\"image\":{\"@id\":\"https:\\\/\\\/buletin.de\\\/bucuresti\\\/#\\\/schema\\\/logo\\\/image\\\/\"},\"sameAs\":[\"https:\\\/\\\/www.facebook.com\\\/buletin.de.buc\",\"https:\\\/\\\/www.instagram.com\\\/buletinde.bucuresti\\\/\"]},{\"@type\":\"Person\",\"@id\":\"https:\\\/\\\/buletin.de\\\/bucuresti\\\/#\\\/schema\\\/person\\\/bfa22994f12f5d3353b170aca494f1f9\",\"name\":\"Anamaria Nedelcoff\",\"image\":{\"@type\":\"ImageObject\",\"inLanguage\":\"en-GB\",\"@id\":\"https:\\\/\\\/secure.gravatar.com\\\/avatar\\\/409df91a26b98006111557131cc35236962765b734317e1dcf94c6bc1d010629?s=96&d=monsterid&r=g9bc3ae6c8e1522e913d1a0debd6aec89\",\"url\":\"https:\\\/\\\/secure.gravatar.com\\\/avatar\\\/409df91a26b98006111557131cc35236962765b734317e1dcf94c6bc1d010629?s=96&d=monsterid&r=g\",\"contentUrl\":\"https:\\\/\\\/secure.gravatar.com\\\/avatar\\\/409df91a26b98006111557131cc35236962765b734317e1dcf94c6bc1d010629?s=96&d=monsterid&r=g\",\"caption\":\"Anamaria Nedelcoff\"},\"url\":\"https:\\\/\\\/buletin.de\\\/bucuresti\\\/author\\\/nedelcoff\\\/\"}]}<\/script>\n<!-- \/ Yoast SEO Premium plugin. -->","yoast_head_json":{"title":"30 de c\u0103\u0163ei a\u015fteapt\u0103 s\u0103-\u015fi g\u0103seasc\u0103 o familie la t\u00e2rgul de adop\u0163ii din Her\u0103str\u0103u - Buletin de Bucure\u0219ti","robots":{"index":"index","follow":"follow","max-snippet":"max-snippet:-1","max-image-preview":"max-image-preview:large","max-video-preview":"max-video-preview:-1"},"canonical":"https:\/\/buletin.de\/bucuresti\/30-de-catei-asteapta-sa-si-gaseasca-o-familie-la-targul-de-adoptii-din-herastrau\/","og_locale":"en_GB","og_type":"article","og_title":"30 de c\u0103\u0163ei a\u015fteapt\u0103 s\u0103-\u015fi g\u0103seasc\u0103 o familie la t\u00e2rgul de adop\u0163ii din Her\u0103str\u0103u","og_description":"30 de c\u0103\u0163ei, de toate v\u00e2rstele \u015fi m\u0103rimile, a\u015fteapt\u0103 s\u0103-\u015fi g\u0103seasc\u0103 o cas\u0103 \u015fi o familie, la t\u00e2rgul de adop\u0163ii ce va avea loc s\u00e2mb\u0103t\u0103, \u00een Parcul Her\u0103str\u0103u, \u00eentre orele 10:00 \u015fi 18:00. Reprezentan\u0163ii ASPA precizeaz\u0103 c\u0103 to\u0163i c\u00e2inii sunt s\u0103n\u0103to\u015fi, sunt deparazita\u0163i, microcipa\u0163i, vaccina\u0163i \u015fi steriliza\u0163i \u2013 \u00een cazul animalelor care au \u00eendeplinit v\u00e2rsta [&hellip;]","og_url":"https:\/\/buletin.de\/bucuresti\/30-de-catei-asteapta-sa-si-gaseasca-o-familie-la-targul-de-adoptii-din-herastrau\/","og_site_name":"Buletin de Bucure\u0219ti","article_publisher":"https:\/\/www.facebook.com\/buletin.de.buc","article_published_time":"2023-06-09T11:54:40+00:00","article_modified_time":"2023-06-09T11:54:41+00:00","og_image":[{"width":1398,"height":1244,"url":"https:\/\/buletin.de\/bucuresti\/wp-content\/uploads\/352219308_611535931131548_1092817699598824556_n.jpg","type":"image\/jpeg"}],"author":"Anamaria Nedelcoff","twitter_card":"summary_large_image","twitter_misc":{"Written by":"Anamaria Nedelcoff","Estimated reading time":"1 minute"},"schema":{"@context":"https:\/\/schema.org","@graph":[{"@type":"Article","@id":"https:\/\/buletin.de\/bucuresti\/30-de-catei-asteapta-sa-si-gaseasca-o-familie-la-targul-de-adoptii-din-herastrau\/#article","isPartOf":{"@id":"https:\/\/buletin.de\/bucuresti\/30-de-catei-asteapta-sa-si-gaseasca-o-familie-la-targul-de-adoptii-din-herastrau\/"},"author":{"name":"Anamaria Nedelcoff","@id":"https:\/\/buletin.de\/bucuresti\/#\/schema\/person\/bfa22994f12f5d3353b170aca494f1f9"},"headline":"30 de c\u0103\u0163ei a\u015fteapt\u0103 s\u0103-\u015fi g\u0103seasc\u0103 o familie la t\u00e2rgul de adop\u0163ii din Her\u0103str\u0103u","datePublished":"2023-06-09T11:54:40+00:00","dateModified":"2023-06-09T11:54:41+00:00","mainEntityOfPage":{"@id":"https:\/\/buletin.de\/bucuresti\/30-de-catei-asteapta-sa-si-gaseasca-o-familie-la-targul-de-adoptii-din-herastrau\/"},"wordCount":224,"publisher":{"@id":"https:\/\/buletin.de\/bucuresti\/#organization"},"image":{"@id":"https:\/\/buletin.de\/bucuresti\/30-de-catei-asteapta-sa-si-gaseasca-o-familie-la-targul-de-adoptii-din-herastrau\/#primaryimage"},"thumbnailUrl":"https:\/\/buletin.de\/bucuresti\/wp-content\/uploads\/352219308_611535931131548_1092817699598824556_n.jpg","articleSection":["\u0218tiri"],"inLanguage":"en-GB","copyrightYear":"2023","copyrightHolder":{"@id":"https:\/\/buletin.de\/bucuresti\/#organization"}},{"@type":"WebPage","@id":"https:\/\/buletin.de\/bucuresti\/30-de-catei-asteapta-sa-si-gaseasca-o-familie-la-targul-de-adoptii-din-herastrau\/","url":"https:\/\/buletin.de\/bucuresti\/30-de-catei-asteapta-sa-si-gaseasca-o-familie-la-targul-de-adoptii-din-herastrau\/","name":"30 de c\u0103\u0163ei a\u015fteapt\u0103 s\u0103-\u015fi g\u0103seasc\u0103 o familie la t\u00e2rgul de adop\u0163ii din Her\u0103str\u0103u - Buletin de Bucure\u0219ti","isPartOf":{"@id":"https:\/\/buletin.de\/bucuresti\/#website"},"primaryImageOfPage":{"@id":"https:\/\/buletin.de\/bucuresti\/30-de-catei-asteapta-sa-si-gaseasca-o-familie-la-targul-de-adoptii-din-herastrau\/#primaryimage"},"image":{"@id":"https:\/\/buletin.de\/bucuresti\/30-de-catei-asteapta-sa-si-gaseasca-o-familie-la-targul-de-adoptii-din-herastrau\/#primaryimage"},"thumbnailUrl":"https:\/\/buletin.de\/bucuresti\/wp-content\/uploads\/352219308_611535931131548_1092817699598824556_n.jpg","datePublished":"2023-06-09T11:54:40+00:00","dateModified":"2023-06-09T11:54:41+00:00","breadcrumb":{"@id":"https:\/\/buletin.de\/bucuresti\/30-de-catei-asteapta-sa-si-gaseasca-o-familie-la-targul-de-adoptii-din-herastrau\/#breadcrumb"},"inLanguage":"en-GB","potentialAction":[{"@type":"ReadAction","target":["https:\/\/buletin.de\/bucuresti\/30-de-catei-asteapta-sa-si-gaseasca-o-familie-la-targul-de-adoptii-din-herastrau\/"]}]},{"@type":"ImageObject","inLanguage":"en-GB","@id":"https:\/\/buletin.de\/bucuresti\/30-de-catei-asteapta-sa-si-gaseasca-o-familie-la-targul-de-adoptii-din-herastrau\/#primaryimage","url":"https:\/\/buletin.de\/bucuresti\/wp-content\/uploads\/352219308_611535931131548_1092817699598824556_n.jpg","contentUrl":"https:\/\/buletin.de\/bucuresti\/wp-content\/uploads\/352219308_611535931131548_1092817699598824556_n.jpg","width":1398,"height":1244},{"@type":"BreadcrumbList","@id":"https:\/\/buletin.de\/bucuresti\/30-de-catei-asteapta-sa-si-gaseasca-o-familie-la-targul-de-adoptii-din-herastrau\/#breadcrumb","itemListElement":[{"@type":"ListItem","position":1,"name":"Acas\u0103","item":"https:\/\/buletin.de\/bucuresti\/"},{"@type":"ListItem","position":2,"name":"30 de c\u0103\u0163ei a\u015fteapt\u0103 s\u0103-\u015fi g\u0103seasc\u0103 o familie la t\u00e2rgul de adop\u0163ii din Her\u0103str\u0103u"}]},{"@type":"WebSite","@id":"https:\/\/buletin.de\/bucuresti\/#website","url":"https:\/\/buletin.de\/bucuresti\/","name":"Buletin de Bucure\u0219ti","description":"\u0218tiri \u0219i investiga\u021bii esen\u021biale din capital\u0103","publisher":{"@id":"https:\/\/buletin.de\/bucuresti\/#organization"},"potentialAction":[{"@type":"SearchAction","target":{"@type":"EntryPoint","urlTemplate":"https:\/\/buletin.de\/bucuresti\/?s={search_term_string}"},"query-input":{"@type":"PropertyValueSpecification","valueRequired":true,"valueName":"search_term_string"}}],"inLanguage":"en-GB"},{"@type":"Organization","@id":"https:\/\/buletin.de\/bucuresti\/#organization","name":"Buletin de Bucure\u0219ti","url":"https:\/\/buletin.de\/bucuresti\/","logo":{"@type":"ImageObject","inLanguage":"en-GB","@id":"https:\/\/buletin.de\/bucuresti\/#\/schema\/logo\/image\/","url":"https:\/\/buletin.de\/bucuresti\/wp-content\/uploads\/logo-bdb-full-wide-vernil-transparent.png","contentUrl":"https:\/\/buletin.de\/bucuresti\/wp-content\/uploads\/logo-bdb-full-wide-vernil-transparent.png","width":1782,"height":626,"caption":"Buletin de Bucure\u0219ti"},"image":{"@id":"https:\/\/buletin.de\/bucuresti\/#\/schema\/logo\/image\/"},"sameAs":["https:\/\/www.facebook.com\/buletin.de.buc","https:\/\/www.instagram.com\/buletinde.bucuresti\/"]},{"@type":"Person","@id":"https:\/\/buletin.de\/bucuresti\/#\/schema\/person\/bfa22994f12f5d3353b170aca494f1f9","name":"Anamaria Nedelcoff","image":{"@type":"ImageObject","inLanguage":"en-GB","@id":"https:\/\/secure.gravatar.com\/avatar\/409df91a26b98006111557131cc35236962765b734317e1dcf94c6bc1d010629?s=96&d=monsterid&r=g9bc3ae6c8e1522e913d1a0debd6aec89","url":"https:\/\/secure.gravatar.com\/avatar\/409df91a26b98006111557131cc35236962765b734317e1dcf94c6bc1d010629?s=96&d=monsterid&r=g","contentUrl":"https:\/\/secure.gravatar.com\/avatar\/409df91a26b98006111557131cc35236962765b734317e1dcf94c6bc1d010629?s=96&d=monsterid&r=g","caption":"Anamaria Nedelcoff"},"url":"https:\/\/buletin.de\/bucuresti\/author\/nedelcoff\/"}]}},"authors":[{"term_id":22601,"user_id":38,"is_guest":0,"slug":"nedelcoff","display_name":"Anamaria Nedelcoff","avatar_url":"https:\/\/secure.gravatar.com\/avatar\/409df91a26b98006111557131cc35236962765b734317e1dcf94c6bc1d010629?s=96&d=monsterid&r=g","0":null,"1":"","2":"","3":"","4":"","5":"","6":"","7":"","8":""}],"_links":{"self":[{"href":"https:\/\/buletin.de\/bucuresti\/wp-json\/wp\/v2\/posts\/59001","targetHints":{"allow":["GET"]}}],"collection":[{"href":"https:\/\/buletin.de\/bucuresti\/wp-json\/wp\/v2\/posts"}],"about":[{"href":"https:\/\/buletin.de\/bucuresti\/wp-json\/wp\/v2\/types\/post"}],"author":[{"embeddable":true,"href":"https:\/\/buletin.de\/bucuresti\/wp-json\/wp\/v2\/users\/38"}],"replies":[{"embeddable":true,"href":"https:\/\/buletin.de\/bucuresti\/wp-json\/wp\/v2\/comments?post=59001"}],"version-history":[{"count":1,"href":"https:\/\/buletin.de\/bucuresti\/wp-json\/wp\/v2\/posts\/59001\/revisions"}],"predecessor-version":[{"id":59003,"href":"https:\/\/buletin.de\/bucuresti\/wp-json\/wp\/v2\/posts\/59001\/revisions\/59003"}],"wp:featuredmedia":[{"embeddable":true,"href":"https:\/\/buletin.de\/bucuresti\/wp-json\/wp\/v2\/media\/59002"}],"wp:attachment":[{"href":"https:\/\/buletin.de\/bucuresti\/wp-json\/wp\/v2\/media?parent=59001"}],"wp:term":[{"taxonomy":"category","embeddable":true,"href":"https:\/\/buletin.de\/bucuresti\/wp-json\/wp\/v2\/categories?post=59001"},{"taxonomy":"post_tag","embeddable":true,"href":"https:\/\/buletin.de\/bucuresti\/wp-json\/wp\/v2\/tags?post=59001"},{"taxonomy":"author","embeddable":true,"href":"https:\/\/buletin.de\/bucuresti\/wp-json\/wp\/v2\/ppma_author?post=59001"}],"curies":[{"name":"wp","href":"https:\/\/api.w.org\/{rel}","templated":true}]}}