{"id":58998,"date":"2023-06-09T13:14:21","date_gmt":"2023-06-09T11:14:21","guid":{"rendered":"https:\/\/buletin.de\/bucuresti\/?p=58998"},"modified":"2023-06-10T07:35:58","modified_gmt":"2023-06-10T05:35:58","slug":"strazi-deschise-bucuresti-promenada-urbana-ajunge-si-in-sectorul-2-in-acest-weekend","status":"publish","type":"post","link":"https:\/\/buletin.de\/bucuresti\/strazi-deschise-bucuresti-promenada-urbana-ajunge-si-in-sectorul-2-in-acest-weekend\/","title":{"rendered":"\u201eStr\u0103zi deschise &#8211; Bucure\u015fti, promenad\u0103 urban\u0103\u201c ajunge \u0219i \u00een sectorul 2, \u00een acest weekend"},"content":{"rendered":"\n<p><strong>Proiectul <em>\u201eStr\u0103zi deschise\u201c<\/em> se extinde la finalul acestei s\u0103pt\u0103m\u00e2ni \u015fi cuprinde, pe l\u00e2ng\u0103 traseul bine-cunoscut de pe Calea Victoriei, \u015fi Aleea Circului, pe segmentul cuprins \u00eentre \u015eoseaua \u015etefan Cel Mare \u015fi Circul de Stat. Nou\u0103 zon\u0103 pietonal\u0103 va fi animat\u0103, \u00eentre orele 12.00 \u015fi 20.50, de concerte de chitar\u0103 clasic\u0103, concerte de muzic\u0103 popular\u0103 \u015fi de muzic\u0103 de promenad\u0103 \u015fi spectacole de dans contemporan preg\u0103tite de<em> \u201e\u015ecoala de Art\u0103\u201c<\/em> Bucure\u015fti.<\/strong><\/p>\n\n\n\n<p>Circul Metropolitan Bucure\u015fti va avea pentru cei mici, un mini show cu cai, \u00een ambele zile de weekend,iar Andrei Magus aduce s\u00e2mb\u0103t\u0103, \u00een sectorul 2, un spectacol de magie. Pe Calea Victoriei, Teatrul Masca prezint\u0103, \u00een acest weekend, dou\u0103 spectacole de teatru \u00een fa\u0163a Muzeului Na\u0163ional de Istorie a Rom\u00e2niei.<\/p>\n\n\n\n<p>S\u00e2mb\u0103t\u0103, 10 iunie, spectacolul pentru copii Clovnii are programate dou\u0103 reprezenta\u0163\u00eei, de la ora 17.00, respectiv ora 19.00.<\/p>\n\n\n\n<p>Duminic\u0103, 11 iunie, actorii Teatrului Masca revin \u00een fa\u0163a Muzeului Na\u0163ional de Istorie a Rom\u00e2niei cu prima parte a spectacolului<em> \u201eRom\u00e2ni la por\u0163ile lumii\u201c<\/em>. Spectacolul prezint\u0103 publicului personalit\u0103\u0163i unice ale societ\u0103\u0163ii rom\u00e2ne\u015fti de la sf\u00e2r\u015fitul secolului al 19-lea \u015fi \u00eenceputul secolului 20, precum Elena V\u0103c\u0103rescu, Martha Bibescu, Grigore Antipa, Victor Babe\u015f, Anghel Saligny, Lucia Sturdza Bulandra, Haricleea Darclee \u0219i Elvira Popescu.<\/p>\n\n\n\n<p>Este una dintre cele mai noi produc\u0163ii ale Teatrului Masca \u0219i va avea trei reprezenta\u0163ii, de la orele 17.30, 18.40 \u015fi 19.40.<\/p>\n\n\n\n<p>Cas\u0103 Filipescu-Cesianu a Muzeului Municipiului Bucure\u015fti este inclus\u0103 \u00een programul artistic <em>\u201eStr\u0103zi deschise &#8211; Bucure\u015fti, Promenad\u0103 urban\u0103\u201e<\/em> cu trei expozi\u0163ii, care \u00eei a\u015fteapt\u0103 pe vizitatori \u00een intervalul orar 10:00 &#8211; 17:30.<\/p>\n\n\n\n<p><em>\u201eStr\u0103zi deschise- Bucure\u0219ti, Promenad\u0103 Urban\u0103\u201c<\/em> este un proiect organizat de Prim\u0103ria Capitalei prin Direc\u0163ia Cultur\u0103, \u00cenv\u0103\u0163\u0103m\u00e2nt, Turism al\u0103turi de ARCUB &#8211; Centrul Cultural al Municipiului Bucure\u015fti \u015fi PROEDUS \u0219i se desf\u0103\u0219oar\u0103 \u00een perioada aprilie-octombrie.<\/p>\n\n\n\n<p><strong>Surs\u0103 Foto:<\/strong> Facebook\/PMB<\/p>\n","protected":false},"excerpt":{"rendered":"<p>Proiectul \u201eStr\u0103zi deschise\u201c se extinde la finalul acestei s\u0103pt\u0103m\u00e2ni \u015fi cuprinde, pe l\u00e2ng\u0103 traseul bine-cunoscut de pe Calea Victoriei, \u015fi Aleea Circului, pe segmentul cuprins \u00eentre \u015eoseaua \u015etefan Cel Mare \u015fi Circul de Stat. Nou\u0103 zon\u0103 pietonal\u0103 va fi animat\u0103, \u00eentre orele 12.00 \u015fi 20.50, de concerte de chitar\u0103 clasic\u0103, concerte de muzic\u0103 popular\u0103 \u015fi [&hellip;]<\/p>\n","protected":false},"author":49,"featured_media":58531,"comment_status":"closed","ping_status":"open","sticky":false,"template":"","format":"standard","meta":{"_acf_changed":false,"inline_featured_image":false,"ngg_post_thumbnail":0,"footnotes":""},"categories":[3419,62],"tags":[223,35,2794],"ppma_author":[22574],"class_list":["post-58998","post","type-post","status-publish","format-standard","has-post-thumbnail","hentry","category-featured","category-stiri","tag-nicusor-dan","tag-primarie","tag-strazi-deschise"],"acf":[],"yoast_head":"<!-- This site is optimized with the Yoast SEO Premium plugin v25.3 (Yoast SEO v27.4) - https:\/\/yoast.com\/product\/yoast-seo-premium-wordpress\/ -->\n<title>\u201eStr\u0103zi deschise - Bucure\u015fti, promenad\u0103 urban\u0103\u201c ajunge \u0219i \u00een sectorul 2, \u00een acest weekend - Buletin de Bucure\u0219ti<\/title>\n<meta name=\"robots\" content=\"index, follow, max-snippet:-1, max-image-preview:large, max-video-preview:-1\" \/>\n<link rel=\"canonical\" href=\"https:\/\/buletin.de\/bucuresti\/strazi-deschise-bucuresti-promenada-urbana-ajunge-si-in-sectorul-2-in-acest-weekend\/\" \/>\n<meta property=\"og:locale\" content=\"en_GB\" \/>\n<meta property=\"og:type\" content=\"article\" \/>\n<meta property=\"og:title\" content=\"\u201eStr\u0103zi deschise - Bucure\u015fti, promenad\u0103 urban\u0103\u201c ajunge \u0219i \u00een sectorul 2, \u00een acest weekend\" \/>\n<meta property=\"og:description\" content=\"Proiectul \u201eStr\u0103zi deschise\u201c se extinde la finalul acestei s\u0103pt\u0103m\u00e2ni \u015fi cuprinde, pe l\u00e2ng\u0103 traseul bine-cunoscut de pe Calea Victoriei, \u015fi Aleea Circului, pe segmentul cuprins \u00eentre \u015eoseaua \u015etefan Cel Mare \u015fi Circul de Stat. Nou\u0103 zon\u0103 pietonal\u0103 va fi animat\u0103, \u00eentre orele 12.00 \u015fi 20.50, de concerte de chitar\u0103 clasic\u0103, concerte de muzic\u0103 popular\u0103 \u015fi [&hellip;]\" \/>\n<meta property=\"og:url\" content=\"https:\/\/buletin.de\/bucuresti\/strazi-deschise-bucuresti-promenada-urbana-ajunge-si-in-sectorul-2-in-acest-weekend\/\" \/>\n<meta property=\"og:site_name\" content=\"Buletin de Bucure\u0219ti\" \/>\n<meta property=\"article:publisher\" content=\"https:\/\/www.facebook.com\/buletin.de.buc\" \/>\n<meta property=\"article:published_time\" content=\"2023-06-09T11:14:21+00:00\" \/>\n<meta property=\"article:modified_time\" content=\"2023-06-10T05:35:58+00:00\" \/>\n<meta property=\"og:image\" content=\"https:\/\/buletin.de\/bucuresti\/wp-content\/uploads\/red-dot-iy8h-Cl8MLc-unsplash-1.jpg\" \/>\n\t<meta property=\"og:image:width\" content=\"820\" \/>\n\t<meta property=\"og:image:height\" content=\"615\" \/>\n\t<meta property=\"og:image:type\" content=\"image\/jpeg\" \/>\n<meta name=\"author\" content=\"Diana Matei\" \/>\n<meta name=\"twitter:card\" content=\"summary_large_image\" \/>\n<meta name=\"twitter:label1\" content=\"Written by\" \/>\n\t<meta name=\"twitter:data1\" content=\"Diana Matei\" \/>\n\t<meta name=\"twitter:label2\" content=\"Estimated reading time\" \/>\n\t<meta name=\"twitter:data2\" content=\"2 minutes\" \/>\n<script type=\"application\/ld+json\" class=\"yoast-schema-graph\">{\"@context\":\"https:\\\/\\\/schema.org\",\"@graph\":[{\"@type\":\"Article\",\"@id\":\"https:\\\/\\\/buletin.de\\\/bucuresti\\\/strazi-deschise-bucuresti-promenada-urbana-ajunge-si-in-sectorul-2-in-acest-weekend\\\/#article\",\"isPartOf\":{\"@id\":\"https:\\\/\\\/buletin.de\\\/bucuresti\\\/strazi-deschise-bucuresti-promenada-urbana-ajunge-si-in-sectorul-2-in-acest-weekend\\\/\"},\"author\":{\"name\":\"Diana Matei\",\"@id\":\"https:\\\/\\\/buletin.de\\\/bucuresti\\\/#\\\/schema\\\/person\\\/7e46040573290777280a0835d81ea4ea\"},\"headline\":\"\u201eStr\u0103zi deschise &#8211; Bucure\u015fti, promenad\u0103 urban\u0103\u201c ajunge \u0219i \u00een sectorul 2, \u00een acest weekend\",\"datePublished\":\"2023-06-09T11:14:21+00:00\",\"dateModified\":\"2023-06-10T05:35:58+00:00\",\"mainEntityOfPage\":{\"@id\":\"https:\\\/\\\/buletin.de\\\/bucuresti\\\/strazi-deschise-bucuresti-promenada-urbana-ajunge-si-in-sectorul-2-in-acest-weekend\\\/\"},\"wordCount\":338,\"publisher\":{\"@id\":\"https:\\\/\\\/buletin.de\\\/bucuresti\\\/#organization\"},\"image\":{\"@id\":\"https:\\\/\\\/buletin.de\\\/bucuresti\\\/strazi-deschise-bucuresti-promenada-urbana-ajunge-si-in-sectorul-2-in-acest-weekend\\\/#primaryimage\"},\"thumbnailUrl\":\"https:\\\/\\\/buletin.de\\\/bucuresti\\\/wp-content\\\/uploads\\\/red-dot-iy8h-Cl8MLc-unsplash-1.jpg\",\"keywords\":[\"nicusor dan\",\"primarie\",\"strazi deschise\"],\"articleSection\":[\"Featured\",\"\u0218tiri\"],\"inLanguage\":\"en-GB\",\"copyrightYear\":\"2023\",\"copyrightHolder\":{\"@id\":\"https:\\\/\\\/buletin.de\\\/bucuresti\\\/#organization\"}},{\"@type\":\"WebPage\",\"@id\":\"https:\\\/\\\/buletin.de\\\/bucuresti\\\/strazi-deschise-bucuresti-promenada-urbana-ajunge-si-in-sectorul-2-in-acest-weekend\\\/\",\"url\":\"https:\\\/\\\/buletin.de\\\/bucuresti\\\/strazi-deschise-bucuresti-promenada-urbana-ajunge-si-in-sectorul-2-in-acest-weekend\\\/\",\"name\":\"\u201eStr\u0103zi deschise - Bucure\u015fti, promenad\u0103 urban\u0103\u201c ajunge \u0219i \u00een sectorul 2, \u00een acest weekend - Buletin de Bucure\u0219ti\",\"isPartOf\":{\"@id\":\"https:\\\/\\\/buletin.de\\\/bucuresti\\\/#website\"},\"primaryImageOfPage\":{\"@id\":\"https:\\\/\\\/buletin.de\\\/bucuresti\\\/strazi-deschise-bucuresti-promenada-urbana-ajunge-si-in-sectorul-2-in-acest-weekend\\\/#primaryimage\"},\"image\":{\"@id\":\"https:\\\/\\\/buletin.de\\\/bucuresti\\\/strazi-deschise-bucuresti-promenada-urbana-ajunge-si-in-sectorul-2-in-acest-weekend\\\/#primaryimage\"},\"thumbnailUrl\":\"https:\\\/\\\/buletin.de\\\/bucuresti\\\/wp-content\\\/uploads\\\/red-dot-iy8h-Cl8MLc-unsplash-1.jpg\",\"datePublished\":\"2023-06-09T11:14:21+00:00\",\"dateModified\":\"2023-06-10T05:35:58+00:00\",\"breadcrumb\":{\"@id\":\"https:\\\/\\\/buletin.de\\\/bucuresti\\\/strazi-deschise-bucuresti-promenada-urbana-ajunge-si-in-sectorul-2-in-acest-weekend\\\/#breadcrumb\"},\"inLanguage\":\"en-GB\",\"potentialAction\":[{\"@type\":\"ReadAction\",\"target\":[\"https:\\\/\\\/buletin.de\\\/bucuresti\\\/strazi-deschise-bucuresti-promenada-urbana-ajunge-si-in-sectorul-2-in-acest-weekend\\\/\"]}]},{\"@type\":\"ImageObject\",\"inLanguage\":\"en-GB\",\"@id\":\"https:\\\/\\\/buletin.de\\\/bucuresti\\\/strazi-deschise-bucuresti-promenada-urbana-ajunge-si-in-sectorul-2-in-acest-weekend\\\/#primaryimage\",\"url\":\"https:\\\/\\\/buletin.de\\\/bucuresti\\\/wp-content\\\/uploads\\\/red-dot-iy8h-Cl8MLc-unsplash-1.jpg\",\"contentUrl\":\"https:\\\/\\\/buletin.de\\\/bucuresti\\\/wp-content\\\/uploads\\\/red-dot-iy8h-Cl8MLc-unsplash-1.jpg\",\"width\":820,\"height\":615},{\"@type\":\"BreadcrumbList\",\"@id\":\"https:\\\/\\\/buletin.de\\\/bucuresti\\\/strazi-deschise-bucuresti-promenada-urbana-ajunge-si-in-sectorul-2-in-acest-weekend\\\/#breadcrumb\",\"itemListElement\":[{\"@type\":\"ListItem\",\"position\":1,\"name\":\"Acas\u0103\",\"item\":\"https:\\\/\\\/buletin.de\\\/bucuresti\\\/\"},{\"@type\":\"ListItem\",\"position\":2,\"name\":\"\u201eStr\u0103zi deschise &#8211; Bucure\u015fti, promenad\u0103 urban\u0103\u201c ajunge \u0219i \u00een sectorul 2, \u00een acest weekend\"}]},{\"@type\":\"WebSite\",\"@id\":\"https:\\\/\\\/buletin.de\\\/bucuresti\\\/#website\",\"url\":\"https:\\\/\\\/buletin.de\\\/bucuresti\\\/\",\"name\":\"Buletin de Bucure\u0219ti\",\"description\":\"\u0218tiri \u0219i investiga\u021bii esen\u021biale din capital\u0103\",\"publisher\":{\"@id\":\"https:\\\/\\\/buletin.de\\\/bucuresti\\\/#organization\"},\"potentialAction\":[{\"@type\":\"SearchAction\",\"target\":{\"@type\":\"EntryPoint\",\"urlTemplate\":\"https:\\\/\\\/buletin.de\\\/bucuresti\\\/?s={search_term_string}\"},\"query-input\":{\"@type\":\"PropertyValueSpecification\",\"valueRequired\":true,\"valueName\":\"search_term_string\"}}],\"inLanguage\":\"en-GB\"},{\"@type\":\"Organization\",\"@id\":\"https:\\\/\\\/buletin.de\\\/bucuresti\\\/#organization\",\"name\":\"Buletin de Bucure\u0219ti\",\"url\":\"https:\\\/\\\/buletin.de\\\/bucuresti\\\/\",\"logo\":{\"@type\":\"ImageObject\",\"inLanguage\":\"en-GB\",\"@id\":\"https:\\\/\\\/buletin.de\\\/bucuresti\\\/#\\\/schema\\\/logo\\\/image\\\/\",\"url\":\"https:\\\/\\\/buletin.de\\\/bucuresti\\\/wp-content\\\/uploads\\\/logo-bdb-full-wide-vernil-transparent.png\",\"contentUrl\":\"https:\\\/\\\/buletin.de\\\/bucuresti\\\/wp-content\\\/uploads\\\/logo-bdb-full-wide-vernil-transparent.png\",\"width\":1782,\"height\":626,\"caption\":\"Buletin de Bucure\u0219ti\"},\"image\":{\"@id\":\"https:\\\/\\\/buletin.de\\\/bucuresti\\\/#\\\/schema\\\/logo\\\/image\\\/\"},\"sameAs\":[\"https:\\\/\\\/www.facebook.com\\\/buletin.de.buc\",\"https:\\\/\\\/www.instagram.com\\\/buletinde.bucuresti\\\/\"]},{\"@type\":\"Person\",\"@id\":\"https:\\\/\\\/buletin.de\\\/bucuresti\\\/#\\\/schema\\\/person\\\/7e46040573290777280a0835d81ea4ea\",\"name\":\"Diana Matei\",\"image\":{\"@type\":\"ImageObject\",\"inLanguage\":\"en-GB\",\"@id\":\"https:\\\/\\\/buletin.de\\\/bucuresti\\\/wp-content\\\/uploads\\\/9-2-96x96.jpg1e8590b30871d70e62ebcdaf2eff570c\",\"url\":\"https:\\\/\\\/buletin.de\\\/bucuresti\\\/wp-content\\\/uploads\\\/9-2-96x96.jpg\",\"contentUrl\":\"https:\\\/\\\/buletin.de\\\/bucuresti\\\/wp-content\\\/uploads\\\/9-2-96x96.jpg\",\"caption\":\"Diana Matei\"},\"url\":\"https:\\\/\\\/buletin.de\\\/bucuresti\\\/author\\\/dianamatei\\\/\"}]}<\/script>\n<!-- \/ Yoast SEO Premium plugin. -->","yoast_head_json":{"title":"\u201eStr\u0103zi deschise - Bucure\u015fti, promenad\u0103 urban\u0103\u201c ajunge \u0219i \u00een sectorul 2, \u00een acest weekend - Buletin de Bucure\u0219ti","robots":{"index":"index","follow":"follow","max-snippet":"max-snippet:-1","max-image-preview":"max-image-preview:large","max-video-preview":"max-video-preview:-1"},"canonical":"https:\/\/buletin.de\/bucuresti\/strazi-deschise-bucuresti-promenada-urbana-ajunge-si-in-sectorul-2-in-acest-weekend\/","og_locale":"en_GB","og_type":"article","og_title":"\u201eStr\u0103zi deschise - Bucure\u015fti, promenad\u0103 urban\u0103\u201c ajunge \u0219i \u00een sectorul 2, \u00een acest weekend","og_description":"Proiectul \u201eStr\u0103zi deschise\u201c se extinde la finalul acestei s\u0103pt\u0103m\u00e2ni \u015fi cuprinde, pe l\u00e2ng\u0103 traseul bine-cunoscut de pe Calea Victoriei, \u015fi Aleea Circului, pe segmentul cuprins \u00eentre \u015eoseaua \u015etefan Cel Mare \u015fi Circul de Stat. Nou\u0103 zon\u0103 pietonal\u0103 va fi animat\u0103, \u00eentre orele 12.00 \u015fi 20.50, de concerte de chitar\u0103 clasic\u0103, concerte de muzic\u0103 popular\u0103 \u015fi [&hellip;]","og_url":"https:\/\/buletin.de\/bucuresti\/strazi-deschise-bucuresti-promenada-urbana-ajunge-si-in-sectorul-2-in-acest-weekend\/","og_site_name":"Buletin de Bucure\u0219ti","article_publisher":"https:\/\/www.facebook.com\/buletin.de.buc","article_published_time":"2023-06-09T11:14:21+00:00","article_modified_time":"2023-06-10T05:35:58+00:00","og_image":[{"width":820,"height":615,"url":"https:\/\/buletin.de\/bucuresti\/wp-content\/uploads\/red-dot-iy8h-Cl8MLc-unsplash-1.jpg","type":"image\/jpeg"}],"author":"Diana Matei","twitter_card":"summary_large_image","twitter_misc":{"Written by":"Diana Matei","Estimated reading time":"2 minutes"},"schema":{"@context":"https:\/\/schema.org","@graph":[{"@type":"Article","@id":"https:\/\/buletin.de\/bucuresti\/strazi-deschise-bucuresti-promenada-urbana-ajunge-si-in-sectorul-2-in-acest-weekend\/#article","isPartOf":{"@id":"https:\/\/buletin.de\/bucuresti\/strazi-deschise-bucuresti-promenada-urbana-ajunge-si-in-sectorul-2-in-acest-weekend\/"},"author":{"name":"Diana Matei","@id":"https:\/\/buletin.de\/bucuresti\/#\/schema\/person\/7e46040573290777280a0835d81ea4ea"},"headline":"\u201eStr\u0103zi deschise &#8211; Bucure\u015fti, promenad\u0103 urban\u0103\u201c ajunge \u0219i \u00een sectorul 2, \u00een acest weekend","datePublished":"2023-06-09T11:14:21+00:00","dateModified":"2023-06-10T05:35:58+00:00","mainEntityOfPage":{"@id":"https:\/\/buletin.de\/bucuresti\/strazi-deschise-bucuresti-promenada-urbana-ajunge-si-in-sectorul-2-in-acest-weekend\/"},"wordCount":338,"publisher":{"@id":"https:\/\/buletin.de\/bucuresti\/#organization"},"image":{"@id":"https:\/\/buletin.de\/bucuresti\/strazi-deschise-bucuresti-promenada-urbana-ajunge-si-in-sectorul-2-in-acest-weekend\/#primaryimage"},"thumbnailUrl":"https:\/\/buletin.de\/bucuresti\/wp-content\/uploads\/red-dot-iy8h-Cl8MLc-unsplash-1.jpg","keywords":["nicusor dan","primarie","strazi deschise"],"articleSection":["Featured","\u0218tiri"],"inLanguage":"en-GB","copyrightYear":"2023","copyrightHolder":{"@id":"https:\/\/buletin.de\/bucuresti\/#organization"}},{"@type":"WebPage","@id":"https:\/\/buletin.de\/bucuresti\/strazi-deschise-bucuresti-promenada-urbana-ajunge-si-in-sectorul-2-in-acest-weekend\/","url":"https:\/\/buletin.de\/bucuresti\/strazi-deschise-bucuresti-promenada-urbana-ajunge-si-in-sectorul-2-in-acest-weekend\/","name":"\u201eStr\u0103zi deschise - Bucure\u015fti, promenad\u0103 urban\u0103\u201c ajunge \u0219i \u00een sectorul 2, \u00een acest weekend - Buletin de Bucure\u0219ti","isPartOf":{"@id":"https:\/\/buletin.de\/bucuresti\/#website"},"primaryImageOfPage":{"@id":"https:\/\/buletin.de\/bucuresti\/strazi-deschise-bucuresti-promenada-urbana-ajunge-si-in-sectorul-2-in-acest-weekend\/#primaryimage"},"image":{"@id":"https:\/\/buletin.de\/bucuresti\/strazi-deschise-bucuresti-promenada-urbana-ajunge-si-in-sectorul-2-in-acest-weekend\/#primaryimage"},"thumbnailUrl":"https:\/\/buletin.de\/bucuresti\/wp-content\/uploads\/red-dot-iy8h-Cl8MLc-unsplash-1.jpg","datePublished":"2023-06-09T11:14:21+00:00","dateModified":"2023-06-10T05:35:58+00:00","breadcrumb":{"@id":"https:\/\/buletin.de\/bucuresti\/strazi-deschise-bucuresti-promenada-urbana-ajunge-si-in-sectorul-2-in-acest-weekend\/#breadcrumb"},"inLanguage":"en-GB","potentialAction":[{"@type":"ReadAction","target":["https:\/\/buletin.de\/bucuresti\/strazi-deschise-bucuresti-promenada-urbana-ajunge-si-in-sectorul-2-in-acest-weekend\/"]}]},{"@type":"ImageObject","inLanguage":"en-GB","@id":"https:\/\/buletin.de\/bucuresti\/strazi-deschise-bucuresti-promenada-urbana-ajunge-si-in-sectorul-2-in-acest-weekend\/#primaryimage","url":"https:\/\/buletin.de\/bucuresti\/wp-content\/uploads\/red-dot-iy8h-Cl8MLc-unsplash-1.jpg","contentUrl":"https:\/\/buletin.de\/bucuresti\/wp-content\/uploads\/red-dot-iy8h-Cl8MLc-unsplash-1.jpg","width":820,"height":615},{"@type":"BreadcrumbList","@id":"https:\/\/buletin.de\/bucuresti\/strazi-deschise-bucuresti-promenada-urbana-ajunge-si-in-sectorul-2-in-acest-weekend\/#breadcrumb","itemListElement":[{"@type":"ListItem","position":1,"name":"Acas\u0103","item":"https:\/\/buletin.de\/bucuresti\/"},{"@type":"ListItem","position":2,"name":"\u201eStr\u0103zi deschise &#8211; Bucure\u015fti, promenad\u0103 urban\u0103\u201c ajunge \u0219i \u00een sectorul 2, \u00een acest weekend"}]},{"@type":"WebSite","@id":"https:\/\/buletin.de\/bucuresti\/#website","url":"https:\/\/buletin.de\/bucuresti\/","name":"Buletin de Bucure\u0219ti","description":"\u0218tiri \u0219i investiga\u021bii esen\u021biale din capital\u0103","publisher":{"@id":"https:\/\/buletin.de\/bucuresti\/#organization"},"potentialAction":[{"@type":"SearchAction","target":{"@type":"EntryPoint","urlTemplate":"https:\/\/buletin.de\/bucuresti\/?s={search_term_string}"},"query-input":{"@type":"PropertyValueSpecification","valueRequired":true,"valueName":"search_term_string"}}],"inLanguage":"en-GB"},{"@type":"Organization","@id":"https:\/\/buletin.de\/bucuresti\/#organization","name":"Buletin de Bucure\u0219ti","url":"https:\/\/buletin.de\/bucuresti\/","logo":{"@type":"ImageObject","inLanguage":"en-GB","@id":"https:\/\/buletin.de\/bucuresti\/#\/schema\/logo\/image\/","url":"https:\/\/buletin.de\/bucuresti\/wp-content\/uploads\/logo-bdb-full-wide-vernil-transparent.png","contentUrl":"https:\/\/buletin.de\/bucuresti\/wp-content\/uploads\/logo-bdb-full-wide-vernil-transparent.png","width":1782,"height":626,"caption":"Buletin de Bucure\u0219ti"},"image":{"@id":"https:\/\/buletin.de\/bucuresti\/#\/schema\/logo\/image\/"},"sameAs":["https:\/\/www.facebook.com\/buletin.de.buc","https:\/\/www.instagram.com\/buletinde.bucuresti\/"]},{"@type":"Person","@id":"https:\/\/buletin.de\/bucuresti\/#\/schema\/person\/7e46040573290777280a0835d81ea4ea","name":"Diana Matei","image":{"@type":"ImageObject","inLanguage":"en-GB","@id":"https:\/\/buletin.de\/bucuresti\/wp-content\/uploads\/9-2-96x96.jpg1e8590b30871d70e62ebcdaf2eff570c","url":"https:\/\/buletin.de\/bucuresti\/wp-content\/uploads\/9-2-96x96.jpg","contentUrl":"https:\/\/buletin.de\/bucuresti\/wp-content\/uploads\/9-2-96x96.jpg","caption":"Diana Matei"},"url":"https:\/\/buletin.de\/bucuresti\/author\/dianamatei\/"}]}},"authors":[{"term_id":22574,"user_id":49,"is_guest":0,"slug":"dianamatei","display_name":"Diana Matei","avatar_url":"https:\/\/buletin.de\/bucuresti\/wp-content\/uploads\/9-2-96x96.jpg","0":null,"1":"","2":"","3":"","4":"","5":"","6":"","7":"","8":""}],"_links":{"self":[{"href":"https:\/\/buletin.de\/bucuresti\/wp-json\/wp\/v2\/posts\/58998","targetHints":{"allow":["GET"]}}],"collection":[{"href":"https:\/\/buletin.de\/bucuresti\/wp-json\/wp\/v2\/posts"}],"about":[{"href":"https:\/\/buletin.de\/bucuresti\/wp-json\/wp\/v2\/types\/post"}],"author":[{"embeddable":true,"href":"https:\/\/buletin.de\/bucuresti\/wp-json\/wp\/v2\/users\/49"}],"replies":[{"embeddable":true,"href":"https:\/\/buletin.de\/bucuresti\/wp-json\/wp\/v2\/comments?post=58998"}],"version-history":[{"count":2,"href":"https:\/\/buletin.de\/bucuresti\/wp-json\/wp\/v2\/posts\/58998\/revisions"}],"predecessor-version":[{"id":59000,"href":"https:\/\/buletin.de\/bucuresti\/wp-json\/wp\/v2\/posts\/58998\/revisions\/59000"}],"wp:featuredmedia":[{"embeddable":true,"href":"https:\/\/buletin.de\/bucuresti\/wp-json\/wp\/v2\/media\/58531"}],"wp:attachment":[{"href":"https:\/\/buletin.de\/bucuresti\/wp-json\/wp\/v2\/media?parent=58998"}],"wp:term":[{"taxonomy":"category","embeddable":true,"href":"https:\/\/buletin.de\/bucuresti\/wp-json\/wp\/v2\/categories?post=58998"},{"taxonomy":"post_tag","embeddable":true,"href":"https:\/\/buletin.de\/bucuresti\/wp-json\/wp\/v2\/tags?post=58998"},{"taxonomy":"author","embeddable":true,"href":"https:\/\/buletin.de\/bucuresti\/wp-json\/wp\/v2\/ppma_author?post=58998"}],"curies":[{"name":"wp","href":"https:\/\/api.w.org\/{rel}","templated":true}]}}