{"id":58937,"date":"2023-06-08T07:41:57","date_gmt":"2023-06-08T05:41:57","guid":{"rendered":"https:\/\/buletin.de\/bucuresti\/?p=58937"},"modified":"2023-06-08T07:41:58","modified_gmt":"2023-06-08T05:41:58","slug":"aplicatia-infotb-a-stb-sa-vine-cu-o-versiune-dedicata-persoanelor-cu-dizabilitati-locomotorii","status":"publish","type":"post","link":"https:\/\/buletin.de\/bucuresti\/aplicatia-infotb-a-stb-sa-vine-cu-o-versiune-dedicata-persoanelor-cu-dizabilitati-locomotorii\/","title":{"rendered":"Aplica\u0163ia InfoTB a STB SA vine cu o versiune dedicat\u0103 persoanelor cu dizabilit\u0103\u0163i locomotorii"},"content":{"rendered":"\n<p><strong>Societatea de Transport Bucure\u015fti a lansat o versiune a aplica\u0163iei InfoTB, care vine \u00een ajutorul persoanelor cu dizabilit\u0103\u0163i locomotorii.<\/strong><\/p>\n\n\n\n<p>Astfel, pe l\u00e2ng\u0103 informa\u0163iile cu privire la circula\u0163ia \u00een timp real a mijloacelor de transport \u00een comun, pe hart\u0103 vor putea fi v\u0103zute vehiculele \u0219i sta\u021biile care beneficiaz\u0103 de accesibilitate sporit\u0103 pentru persoanele cu dizabilit\u0103\u021bi.<\/p>\n\n\n\n<p>Pentru a beneficia de aceast\u0103 op\u021biune, dup\u0103 alegerea destina\u021biei, la selectarea filtrelor, trebuie activat butonul pentru dizabilit\u0103\u021bi locomotorii.<\/p>\n\n\n\n<p>\u201eNoua versiune a aplica\u021biei InfoTB permite acum identificarea pe harta a traseului ales, a mijloacelor de transport \u0219i a peroanelor cu accesibilitate sporit\u0103. Acestea pot fi reperate \u00een aplica\u021bie dup\u0103 simbolul interna\u021bional al accesibilit\u0103\u021bii\u201d, a declarat Adrian Cri\u021b, director general al STB SA.<\/p>\n\n\n<div class=\"wp-block-image\">\n<figure class=\"aligncenter size-large\"><img fetchpriority=\"high\" decoding=\"async\" width=\"416\" height=\"900\" src=\"data:image\/gif;base64,R0lGODlhAQABAAAAACH5BAEKAAEALAAAAAABAAEAAAICTAEAOw==\" data-src=\"https:\/\/buletin.de\/bucuresti\/wp-content\/uploads\/aplicatie-stb-1-416x900.jpg\" alt=\"\" class=\"wp-image-58940 lazyload\" data-sizes=\"auto\" data-srcset=\"https:\/\/buletin.de\/bucuresti\/wp-content\/uploads\/aplicatie-stb-1-416x900.jpg 416w, https:\/\/buletin.de\/bucuresti\/wp-content\/uploads\/aplicatie-stb-1-139x300.jpg 139w, https:\/\/buletin.de\/bucuresti\/wp-content\/uploads\/aplicatie-stb-1-768x1663.jpg 768w, https:\/\/buletin.de\/bucuresti\/wp-content\/uploads\/aplicatie-stb-1-710x1536.jpg 710w, https:\/\/buletin.de\/bucuresti\/wp-content\/uploads\/aplicatie-stb-1-550x1191.jpg 550w, https:\/\/buletin.de\/bucuresti\/wp-content\/uploads\/aplicatie-stb-1-231x500.jpg 231w, https:\/\/buletin.de\/bucuresti\/wp-content\/uploads\/aplicatie-stb-1-499x1080.jpg 499w, https:\/\/buletin.de\/bucuresti\/wp-content\/uploads\/aplicatie-stb-1-600x1299.jpg 600w, https:\/\/buletin.de\/bucuresti\/wp-content\/uploads\/aplicatie-stb-1.jpg 946w\" sizes=\"(max-width: 416px) 100vw, 416px\" \/><\/figure>\n<\/div>\n\n\n<p>Tot \u00een aceast\u0103 versiune nou\u0103 a aplica\u0163iei se va putea ad\u0103uga c\u0103l\u0103toria de 90 de minute \u00een sec\u021biunea Bilete.<\/p>\n\n\n<div class=\"wp-block-image\">\n<figure class=\"aligncenter size-large\"><img decoding=\"async\" width=\"416\" height=\"900\" src=\"data:image\/gif;base64,R0lGODlhAQABAAAAACH5BAEKAAEALAAAAAABAAEAAAICTAEAOw==\" data-src=\"https:\/\/buletin.de\/bucuresti\/wp-content\/uploads\/aplicatie-stb-2-1-416x900.jpg\" alt=\"\" class=\"wp-image-58941 lazyload\" data-sizes=\"auto\" data-srcset=\"https:\/\/buletin.de\/bucuresti\/wp-content\/uploads\/aplicatie-stb-2-1-416x900.jpg 416w, https:\/\/buletin.de\/bucuresti\/wp-content\/uploads\/aplicatie-stb-2-1-139x300.jpg 139w, https:\/\/buletin.de\/bucuresti\/wp-content\/uploads\/aplicatie-stb-2-1-768x1663.jpg 768w, https:\/\/buletin.de\/bucuresti\/wp-content\/uploads\/aplicatie-stb-2-1-710x1536.jpg 710w, https:\/\/buletin.de\/bucuresti\/wp-content\/uploads\/aplicatie-stb-2-1-550x1191.jpg 550w, https:\/\/buletin.de\/bucuresti\/wp-content\/uploads\/aplicatie-stb-2-1-231x500.jpg 231w, https:\/\/buletin.de\/bucuresti\/wp-content\/uploads\/aplicatie-stb-2-1-499x1080.jpg 499w, https:\/\/buletin.de\/bucuresti\/wp-content\/uploads\/aplicatie-stb-2-1-600x1299.jpg 600w, https:\/\/buletin.de\/bucuresti\/wp-content\/uploads\/aplicatie-stb-2-1.jpg 946w\" sizes=\"(max-width: 416px) 100vw, 416px\" \/><\/figure>\n<\/div>\n\n\n<p>Totodat\u0103, de acum \u00eenainte, contul unui utilizator va putea fi \u015fters direct din aplica\u0163ie.<\/p>\n\n\n\n<p>Oficialii STB mai spun c\u0103 \u00eembun\u0103t\u0103\u021biri au fost aduse \u0219i pe partea de securitate a datelor prin crearea sesiunilor de utilizare cu expirare la o or\u0103 \u0219i securizarea link-urilor \u0219i a a datelor din web \u0219i aplica\u021bii mobile printr-un mecanism de criptare \u0219i mascare a datelor solicitate.<\/p>\n","protected":false},"excerpt":{"rendered":"<p>Societatea de Transport Bucure\u015fti a lansat o versiune a aplica\u0163iei InfoTB, care vine \u00een ajutorul persoanelor cu dizabilit\u0103\u0163i locomotorii. Astfel, pe l\u00e2ng\u0103 informa\u0163iile cu privire la circula\u0163ia \u00een timp real a mijloacelor de transport \u00een comun, pe hart\u0103 vor putea fi v\u0103zute vehiculele \u0219i sta\u021biile care beneficiaz\u0103 de accesibilitate sporit\u0103 pentru persoanele cu dizabilit\u0103\u021bi. Pentru [&hellip;]<\/p>\n","protected":false},"author":38,"featured_media":58940,"comment_status":"closed","ping_status":"open","sticky":false,"template":"","format":"standard","meta":{"_acf_changed":false,"inline_featured_image":false,"ngg_post_thumbnail":0,"footnotes":""},"categories":[650],"tags":[5822,5823,5821,5412,5820,5824],"ppma_author":[22601],"class_list":["post-58937","post","type-post","status-publish","format-standard","has-post-thumbnail","hentry","category-transport","tag-adrian-crit-3","tag-dizabilitati-locomotorii","tag-infotb","tag-persoane-cu-dizabilitati","tag-stb-sa","tag-transport-bucuresti"],"acf":[],"yoast_head":"<!-- This site is optimized with the Yoast SEO Premium plugin v25.3 (Yoast SEO v27.5) - https:\/\/yoast.com\/product\/yoast-seo-premium-wordpress\/ -->\n<title>Aplica\u0163ia InfoTB a STB SA vine cu o versiune dedicat\u0103 persoanelor cu dizabilit\u0103\u0163i locomotorii - Buletin de Bucure\u0219ti<\/title>\n<meta name=\"robots\" content=\"index, follow, max-snippet:-1, max-image-preview:large, max-video-preview:-1\" \/>\n<link rel=\"canonical\" href=\"https:\/\/buletin.de\/bucuresti\/aplicatia-infotb-a-stb-sa-vine-cu-o-versiune-dedicata-persoanelor-cu-dizabilitati-locomotorii\/\" \/>\n<meta property=\"og:locale\" content=\"en_GB\" \/>\n<meta property=\"og:type\" content=\"article\" \/>\n<meta property=\"og:title\" content=\"Aplica\u0163ia InfoTB a STB SA vine cu o versiune dedicat\u0103 persoanelor cu dizabilit\u0103\u0163i locomotorii\" \/>\n<meta property=\"og:description\" content=\"Societatea de Transport Bucure\u015fti a lansat o versiune a aplica\u0163iei InfoTB, care vine \u00een ajutorul persoanelor cu dizabilit\u0103\u0163i locomotorii. Astfel, pe l\u00e2ng\u0103 informa\u0163iile cu privire la circula\u0163ia \u00een timp real a mijloacelor de transport \u00een comun, pe hart\u0103 vor putea fi v\u0103zute vehiculele \u0219i sta\u021biile care beneficiaz\u0103 de accesibilitate sporit\u0103 pentru persoanele cu dizabilit\u0103\u021bi. Pentru [&hellip;]\" \/>\n<meta property=\"og:url\" content=\"https:\/\/buletin.de\/bucuresti\/aplicatia-infotb-a-stb-sa-vine-cu-o-versiune-dedicata-persoanelor-cu-dizabilitati-locomotorii\/\" \/>\n<meta property=\"og:site_name\" content=\"Buletin de Bucure\u0219ti\" \/>\n<meta property=\"article:publisher\" content=\"https:\/\/www.facebook.com\/buletin.de.buc\" \/>\n<meta property=\"article:published_time\" content=\"2023-06-08T05:41:57+00:00\" \/>\n<meta property=\"article:modified_time\" content=\"2023-06-08T05:41:58+00:00\" \/>\n<meta property=\"og:image\" content=\"https:\/\/buletin.de\/bucuresti\/wp-content\/uploads\/aplicatie-stb-1.jpg\" \/>\n\t<meta property=\"og:image:width\" content=\"946\" \/>\n\t<meta property=\"og:image:height\" content=\"2048\" \/>\n\t<meta property=\"og:image:type\" content=\"image\/jpeg\" \/>\n<meta name=\"author\" content=\"Anamaria Nedelcoff\" \/>\n<meta name=\"twitter:card\" content=\"summary_large_image\" \/>\n<meta name=\"twitter:label1\" content=\"Written by\" \/>\n\t<meta name=\"twitter:data1\" content=\"Anamaria Nedelcoff\" \/>\n\t<meta name=\"twitter:label2\" content=\"Estimated reading time\" \/>\n\t<meta name=\"twitter:data2\" content=\"2 minutes\" \/>\n<script type=\"application\/ld+json\" class=\"yoast-schema-graph\">{\"@context\":\"https:\\\/\\\/schema.org\",\"@graph\":[{\"@type\":\"Article\",\"@id\":\"https:\\\/\\\/buletin.de\\\/bucuresti\\\/aplicatia-infotb-a-stb-sa-vine-cu-o-versiune-dedicata-persoanelor-cu-dizabilitati-locomotorii\\\/#article\",\"isPartOf\":{\"@id\":\"https:\\\/\\\/buletin.de\\\/bucuresti\\\/aplicatia-infotb-a-stb-sa-vine-cu-o-versiune-dedicata-persoanelor-cu-dizabilitati-locomotorii\\\/\"},\"author\":{\"name\":\"Anamaria Nedelcoff\",\"@id\":\"https:\\\/\\\/buletin.de\\\/bucuresti\\\/#\\\/schema\\\/person\\\/bfa22994f12f5d3353b170aca494f1f9\"},\"headline\":\"Aplica\u0163ia InfoTB a STB SA vine cu o versiune dedicat\u0103 persoanelor cu dizabilit\u0103\u0163i locomotorii\",\"datePublished\":\"2023-06-08T05:41:57+00:00\",\"dateModified\":\"2023-06-08T05:41:58+00:00\",\"mainEntityOfPage\":{\"@id\":\"https:\\\/\\\/buletin.de\\\/bucuresti\\\/aplicatia-infotb-a-stb-sa-vine-cu-o-versiune-dedicata-persoanelor-cu-dizabilitati-locomotorii\\\/\"},\"wordCount\":235,\"publisher\":{\"@id\":\"https:\\\/\\\/buletin.de\\\/bucuresti\\\/#organization\"},\"image\":{\"@id\":\"https:\\\/\\\/buletin.de\\\/bucuresti\\\/aplicatia-infotb-a-stb-sa-vine-cu-o-versiune-dedicata-persoanelor-cu-dizabilitati-locomotorii\\\/#primaryimage\"},\"thumbnailUrl\":\"https:\\\/\\\/buletin.de\\\/bucuresti\\\/wp-content\\\/uploads\\\/aplicatie-stb-1.jpg\",\"keywords\":[\"Adrian Cri\u0163\",\"dizabilitati locomotorii\",\"infotb\",\"persoane cu dizabilitati\",\"stb sa\",\"transport bucuresti\"],\"articleSection\":[\"Transport\"],\"inLanguage\":\"en-GB\",\"copyrightYear\":\"2023\",\"copyrightHolder\":{\"@id\":\"https:\\\/\\\/buletin.de\\\/bucuresti\\\/#organization\"}},{\"@type\":\"WebPage\",\"@id\":\"https:\\\/\\\/buletin.de\\\/bucuresti\\\/aplicatia-infotb-a-stb-sa-vine-cu-o-versiune-dedicata-persoanelor-cu-dizabilitati-locomotorii\\\/\",\"url\":\"https:\\\/\\\/buletin.de\\\/bucuresti\\\/aplicatia-infotb-a-stb-sa-vine-cu-o-versiune-dedicata-persoanelor-cu-dizabilitati-locomotorii\\\/\",\"name\":\"Aplica\u0163ia InfoTB a STB SA vine cu o versiune dedicat\u0103 persoanelor cu dizabilit\u0103\u0163i locomotorii - Buletin de Bucure\u0219ti\",\"isPartOf\":{\"@id\":\"https:\\\/\\\/buletin.de\\\/bucuresti\\\/#website\"},\"primaryImageOfPage\":{\"@id\":\"https:\\\/\\\/buletin.de\\\/bucuresti\\\/aplicatia-infotb-a-stb-sa-vine-cu-o-versiune-dedicata-persoanelor-cu-dizabilitati-locomotorii\\\/#primaryimage\"},\"image\":{\"@id\":\"https:\\\/\\\/buletin.de\\\/bucuresti\\\/aplicatia-infotb-a-stb-sa-vine-cu-o-versiune-dedicata-persoanelor-cu-dizabilitati-locomotorii\\\/#primaryimage\"},\"thumbnailUrl\":\"https:\\\/\\\/buletin.de\\\/bucuresti\\\/wp-content\\\/uploads\\\/aplicatie-stb-1.jpg\",\"datePublished\":\"2023-06-08T05:41:57+00:00\",\"dateModified\":\"2023-06-08T05:41:58+00:00\",\"breadcrumb\":{\"@id\":\"https:\\\/\\\/buletin.de\\\/bucuresti\\\/aplicatia-infotb-a-stb-sa-vine-cu-o-versiune-dedicata-persoanelor-cu-dizabilitati-locomotorii\\\/#breadcrumb\"},\"inLanguage\":\"en-GB\",\"potentialAction\":[{\"@type\":\"ReadAction\",\"target\":[\"https:\\\/\\\/buletin.de\\\/bucuresti\\\/aplicatia-infotb-a-stb-sa-vine-cu-o-versiune-dedicata-persoanelor-cu-dizabilitati-locomotorii\\\/\"]}]},{\"@type\":\"ImageObject\",\"inLanguage\":\"en-GB\",\"@id\":\"https:\\\/\\\/buletin.de\\\/bucuresti\\\/aplicatia-infotb-a-stb-sa-vine-cu-o-versiune-dedicata-persoanelor-cu-dizabilitati-locomotorii\\\/#primaryimage\",\"url\":\"https:\\\/\\\/buletin.de\\\/bucuresti\\\/wp-content\\\/uploads\\\/aplicatie-stb-1.jpg\",\"contentUrl\":\"https:\\\/\\\/buletin.de\\\/bucuresti\\\/wp-content\\\/uploads\\\/aplicatie-stb-1.jpg\",\"width\":946,\"height\":2048},{\"@type\":\"BreadcrumbList\",\"@id\":\"https:\\\/\\\/buletin.de\\\/bucuresti\\\/aplicatia-infotb-a-stb-sa-vine-cu-o-versiune-dedicata-persoanelor-cu-dizabilitati-locomotorii\\\/#breadcrumb\",\"itemListElement\":[{\"@type\":\"ListItem\",\"position\":1,\"name\":\"Acas\u0103\",\"item\":\"https:\\\/\\\/buletin.de\\\/bucuresti\\\/\"},{\"@type\":\"ListItem\",\"position\":2,\"name\":\"Aplica\u0163ia InfoTB a STB SA vine cu o versiune dedicat\u0103 persoanelor cu dizabilit\u0103\u0163i locomotorii\"}]},{\"@type\":\"WebSite\",\"@id\":\"https:\\\/\\\/buletin.de\\\/bucuresti\\\/#website\",\"url\":\"https:\\\/\\\/buletin.de\\\/bucuresti\\\/\",\"name\":\"Buletin de Bucure\u0219ti\",\"description\":\"\u0218tiri \u0219i investiga\u021bii esen\u021biale din capital\u0103\",\"publisher\":{\"@id\":\"https:\\\/\\\/buletin.de\\\/bucuresti\\\/#organization\"},\"potentialAction\":[{\"@type\":\"SearchAction\",\"target\":{\"@type\":\"EntryPoint\",\"urlTemplate\":\"https:\\\/\\\/buletin.de\\\/bucuresti\\\/?s={search_term_string}\"},\"query-input\":{\"@type\":\"PropertyValueSpecification\",\"valueRequired\":true,\"valueName\":\"search_term_string\"}}],\"inLanguage\":\"en-GB\"},{\"@type\":\"Organization\",\"@id\":\"https:\\\/\\\/buletin.de\\\/bucuresti\\\/#organization\",\"name\":\"Buletin de Bucure\u0219ti\",\"url\":\"https:\\\/\\\/buletin.de\\\/bucuresti\\\/\",\"logo\":{\"@type\":\"ImageObject\",\"inLanguage\":\"en-GB\",\"@id\":\"https:\\\/\\\/buletin.de\\\/bucuresti\\\/#\\\/schema\\\/logo\\\/image\\\/\",\"url\":\"https:\\\/\\\/buletin.de\\\/bucuresti\\\/wp-content\\\/uploads\\\/logo-bdb-full-wide-vernil-transparent.png\",\"contentUrl\":\"https:\\\/\\\/buletin.de\\\/bucuresti\\\/wp-content\\\/uploads\\\/logo-bdb-full-wide-vernil-transparent.png\",\"width\":1782,\"height\":626,\"caption\":\"Buletin de Bucure\u0219ti\"},\"image\":{\"@id\":\"https:\\\/\\\/buletin.de\\\/bucuresti\\\/#\\\/schema\\\/logo\\\/image\\\/\"},\"sameAs\":[\"https:\\\/\\\/www.facebook.com\\\/buletin.de.buc\",\"https:\\\/\\\/www.instagram.com\\\/buletinde.bucuresti\\\/\"]},{\"@type\":\"Person\",\"@id\":\"https:\\\/\\\/buletin.de\\\/bucuresti\\\/#\\\/schema\\\/person\\\/bfa22994f12f5d3353b170aca494f1f9\",\"name\":\"Anamaria Nedelcoff\",\"image\":{\"@type\":\"ImageObject\",\"inLanguage\":\"en-GB\",\"@id\":\"https:\\\/\\\/secure.gravatar.com\\\/avatar\\\/409df91a26b98006111557131cc35236962765b734317e1dcf94c6bc1d010629?s=96&d=monsterid&r=g9bc3ae6c8e1522e913d1a0debd6aec89\",\"url\":\"https:\\\/\\\/secure.gravatar.com\\\/avatar\\\/409df91a26b98006111557131cc35236962765b734317e1dcf94c6bc1d010629?s=96&d=monsterid&r=g\",\"contentUrl\":\"https:\\\/\\\/secure.gravatar.com\\\/avatar\\\/409df91a26b98006111557131cc35236962765b734317e1dcf94c6bc1d010629?s=96&d=monsterid&r=g\",\"caption\":\"Anamaria Nedelcoff\"},\"url\":\"https:\\\/\\\/buletin.de\\\/bucuresti\\\/author\\\/nedelcoff\\\/\"}]}<\/script>\n<!-- \/ Yoast SEO Premium plugin. -->","yoast_head_json":{"title":"Aplica\u0163ia InfoTB a STB SA vine cu o versiune dedicat\u0103 persoanelor cu dizabilit\u0103\u0163i locomotorii - Buletin de Bucure\u0219ti","robots":{"index":"index","follow":"follow","max-snippet":"max-snippet:-1","max-image-preview":"max-image-preview:large","max-video-preview":"max-video-preview:-1"},"canonical":"https:\/\/buletin.de\/bucuresti\/aplicatia-infotb-a-stb-sa-vine-cu-o-versiune-dedicata-persoanelor-cu-dizabilitati-locomotorii\/","og_locale":"en_GB","og_type":"article","og_title":"Aplica\u0163ia InfoTB a STB SA vine cu o versiune dedicat\u0103 persoanelor cu dizabilit\u0103\u0163i locomotorii","og_description":"Societatea de Transport Bucure\u015fti a lansat o versiune a aplica\u0163iei InfoTB, care vine \u00een ajutorul persoanelor cu dizabilit\u0103\u0163i locomotorii. Astfel, pe l\u00e2ng\u0103 informa\u0163iile cu privire la circula\u0163ia \u00een timp real a mijloacelor de transport \u00een comun, pe hart\u0103 vor putea fi v\u0103zute vehiculele \u0219i sta\u021biile care beneficiaz\u0103 de accesibilitate sporit\u0103 pentru persoanele cu dizabilit\u0103\u021bi. Pentru [&hellip;]","og_url":"https:\/\/buletin.de\/bucuresti\/aplicatia-infotb-a-stb-sa-vine-cu-o-versiune-dedicata-persoanelor-cu-dizabilitati-locomotorii\/","og_site_name":"Buletin de Bucure\u0219ti","article_publisher":"https:\/\/www.facebook.com\/buletin.de.buc","article_published_time":"2023-06-08T05:41:57+00:00","article_modified_time":"2023-06-08T05:41:58+00:00","og_image":[{"width":946,"height":2048,"url":"https:\/\/buletin.de\/bucuresti\/wp-content\/uploads\/aplicatie-stb-1.jpg","type":"image\/jpeg"}],"author":"Anamaria Nedelcoff","twitter_card":"summary_large_image","twitter_misc":{"Written by":"Anamaria Nedelcoff","Estimated reading time":"2 minutes"},"schema":{"@context":"https:\/\/schema.org","@graph":[{"@type":"Article","@id":"https:\/\/buletin.de\/bucuresti\/aplicatia-infotb-a-stb-sa-vine-cu-o-versiune-dedicata-persoanelor-cu-dizabilitati-locomotorii\/#article","isPartOf":{"@id":"https:\/\/buletin.de\/bucuresti\/aplicatia-infotb-a-stb-sa-vine-cu-o-versiune-dedicata-persoanelor-cu-dizabilitati-locomotorii\/"},"author":{"name":"Anamaria Nedelcoff","@id":"https:\/\/buletin.de\/bucuresti\/#\/schema\/person\/bfa22994f12f5d3353b170aca494f1f9"},"headline":"Aplica\u0163ia InfoTB a STB SA vine cu o versiune dedicat\u0103 persoanelor cu dizabilit\u0103\u0163i locomotorii","datePublished":"2023-06-08T05:41:57+00:00","dateModified":"2023-06-08T05:41:58+00:00","mainEntityOfPage":{"@id":"https:\/\/buletin.de\/bucuresti\/aplicatia-infotb-a-stb-sa-vine-cu-o-versiune-dedicata-persoanelor-cu-dizabilitati-locomotorii\/"},"wordCount":235,"publisher":{"@id":"https:\/\/buletin.de\/bucuresti\/#organization"},"image":{"@id":"https:\/\/buletin.de\/bucuresti\/aplicatia-infotb-a-stb-sa-vine-cu-o-versiune-dedicata-persoanelor-cu-dizabilitati-locomotorii\/#primaryimage"},"thumbnailUrl":"https:\/\/buletin.de\/bucuresti\/wp-content\/uploads\/aplicatie-stb-1.jpg","keywords":["Adrian Cri\u0163","dizabilitati locomotorii","infotb","persoane cu dizabilitati","stb sa","transport bucuresti"],"articleSection":["Transport"],"inLanguage":"en-GB","copyrightYear":"2023","copyrightHolder":{"@id":"https:\/\/buletin.de\/bucuresti\/#organization"}},{"@type":"WebPage","@id":"https:\/\/buletin.de\/bucuresti\/aplicatia-infotb-a-stb-sa-vine-cu-o-versiune-dedicata-persoanelor-cu-dizabilitati-locomotorii\/","url":"https:\/\/buletin.de\/bucuresti\/aplicatia-infotb-a-stb-sa-vine-cu-o-versiune-dedicata-persoanelor-cu-dizabilitati-locomotorii\/","name":"Aplica\u0163ia InfoTB a STB SA vine cu o versiune dedicat\u0103 persoanelor cu dizabilit\u0103\u0163i locomotorii - Buletin de Bucure\u0219ti","isPartOf":{"@id":"https:\/\/buletin.de\/bucuresti\/#website"},"primaryImageOfPage":{"@id":"https:\/\/buletin.de\/bucuresti\/aplicatia-infotb-a-stb-sa-vine-cu-o-versiune-dedicata-persoanelor-cu-dizabilitati-locomotorii\/#primaryimage"},"image":{"@id":"https:\/\/buletin.de\/bucuresti\/aplicatia-infotb-a-stb-sa-vine-cu-o-versiune-dedicata-persoanelor-cu-dizabilitati-locomotorii\/#primaryimage"},"thumbnailUrl":"https:\/\/buletin.de\/bucuresti\/wp-content\/uploads\/aplicatie-stb-1.jpg","datePublished":"2023-06-08T05:41:57+00:00","dateModified":"2023-06-08T05:41:58+00:00","breadcrumb":{"@id":"https:\/\/buletin.de\/bucuresti\/aplicatia-infotb-a-stb-sa-vine-cu-o-versiune-dedicata-persoanelor-cu-dizabilitati-locomotorii\/#breadcrumb"},"inLanguage":"en-GB","potentialAction":[{"@type":"ReadAction","target":["https:\/\/buletin.de\/bucuresti\/aplicatia-infotb-a-stb-sa-vine-cu-o-versiune-dedicata-persoanelor-cu-dizabilitati-locomotorii\/"]}]},{"@type":"ImageObject","inLanguage":"en-GB","@id":"https:\/\/buletin.de\/bucuresti\/aplicatia-infotb-a-stb-sa-vine-cu-o-versiune-dedicata-persoanelor-cu-dizabilitati-locomotorii\/#primaryimage","url":"https:\/\/buletin.de\/bucuresti\/wp-content\/uploads\/aplicatie-stb-1.jpg","contentUrl":"https:\/\/buletin.de\/bucuresti\/wp-content\/uploads\/aplicatie-stb-1.jpg","width":946,"height":2048},{"@type":"BreadcrumbList","@id":"https:\/\/buletin.de\/bucuresti\/aplicatia-infotb-a-stb-sa-vine-cu-o-versiune-dedicata-persoanelor-cu-dizabilitati-locomotorii\/#breadcrumb","itemListElement":[{"@type":"ListItem","position":1,"name":"Acas\u0103","item":"https:\/\/buletin.de\/bucuresti\/"},{"@type":"ListItem","position":2,"name":"Aplica\u0163ia InfoTB a STB SA vine cu o versiune dedicat\u0103 persoanelor cu dizabilit\u0103\u0163i locomotorii"}]},{"@type":"WebSite","@id":"https:\/\/buletin.de\/bucuresti\/#website","url":"https:\/\/buletin.de\/bucuresti\/","name":"Buletin de Bucure\u0219ti","description":"\u0218tiri \u0219i investiga\u021bii esen\u021biale din capital\u0103","publisher":{"@id":"https:\/\/buletin.de\/bucuresti\/#organization"},"potentialAction":[{"@type":"SearchAction","target":{"@type":"EntryPoint","urlTemplate":"https:\/\/buletin.de\/bucuresti\/?s={search_term_string}"},"query-input":{"@type":"PropertyValueSpecification","valueRequired":true,"valueName":"search_term_string"}}],"inLanguage":"en-GB"},{"@type":"Organization","@id":"https:\/\/buletin.de\/bucuresti\/#organization","name":"Buletin de Bucure\u0219ti","url":"https:\/\/buletin.de\/bucuresti\/","logo":{"@type":"ImageObject","inLanguage":"en-GB","@id":"https:\/\/buletin.de\/bucuresti\/#\/schema\/logo\/image\/","url":"https:\/\/buletin.de\/bucuresti\/wp-content\/uploads\/logo-bdb-full-wide-vernil-transparent.png","contentUrl":"https:\/\/buletin.de\/bucuresti\/wp-content\/uploads\/logo-bdb-full-wide-vernil-transparent.png","width":1782,"height":626,"caption":"Buletin de Bucure\u0219ti"},"image":{"@id":"https:\/\/buletin.de\/bucuresti\/#\/schema\/logo\/image\/"},"sameAs":["https:\/\/www.facebook.com\/buletin.de.buc","https:\/\/www.instagram.com\/buletinde.bucuresti\/"]},{"@type":"Person","@id":"https:\/\/buletin.de\/bucuresti\/#\/schema\/person\/bfa22994f12f5d3353b170aca494f1f9","name":"Anamaria Nedelcoff","image":{"@type":"ImageObject","inLanguage":"en-GB","@id":"https:\/\/secure.gravatar.com\/avatar\/409df91a26b98006111557131cc35236962765b734317e1dcf94c6bc1d010629?s=96&d=monsterid&r=g9bc3ae6c8e1522e913d1a0debd6aec89","url":"https:\/\/secure.gravatar.com\/avatar\/409df91a26b98006111557131cc35236962765b734317e1dcf94c6bc1d010629?s=96&d=monsterid&r=g","contentUrl":"https:\/\/secure.gravatar.com\/avatar\/409df91a26b98006111557131cc35236962765b734317e1dcf94c6bc1d010629?s=96&d=monsterid&r=g","caption":"Anamaria Nedelcoff"},"url":"https:\/\/buletin.de\/bucuresti\/author\/nedelcoff\/"}]}},"authors":[{"term_id":22601,"user_id":38,"is_guest":0,"slug":"nedelcoff","display_name":"Anamaria Nedelcoff","avatar_url":"https:\/\/secure.gravatar.com\/avatar\/409df91a26b98006111557131cc35236962765b734317e1dcf94c6bc1d010629?s=96&d=monsterid&r=g","0":null,"1":"","2":"","3":"","4":"","5":"","6":"","7":"","8":""}],"_links":{"self":[{"href":"https:\/\/buletin.de\/bucuresti\/wp-json\/wp\/v2\/posts\/58937","targetHints":{"allow":["GET"]}}],"collection":[{"href":"https:\/\/buletin.de\/bucuresti\/wp-json\/wp\/v2\/posts"}],"about":[{"href":"https:\/\/buletin.de\/bucuresti\/wp-json\/wp\/v2\/types\/post"}],"author":[{"embeddable":true,"href":"https:\/\/buletin.de\/bucuresti\/wp-json\/wp\/v2\/users\/38"}],"replies":[{"embeddable":true,"href":"https:\/\/buletin.de\/bucuresti\/wp-json\/wp\/v2\/comments?post=58937"}],"version-history":[{"count":1,"href":"https:\/\/buletin.de\/bucuresti\/wp-json\/wp\/v2\/posts\/58937\/revisions"}],"predecessor-version":[{"id":58942,"href":"https:\/\/buletin.de\/bucuresti\/wp-json\/wp\/v2\/posts\/58937\/revisions\/58942"}],"wp:featuredmedia":[{"embeddable":true,"href":"https:\/\/buletin.de\/bucuresti\/wp-json\/wp\/v2\/media\/58940"}],"wp:attachment":[{"href":"https:\/\/buletin.de\/bucuresti\/wp-json\/wp\/v2\/media?parent=58937"}],"wp:term":[{"taxonomy":"category","embeddable":true,"href":"https:\/\/buletin.de\/bucuresti\/wp-json\/wp\/v2\/categories?post=58937"},{"taxonomy":"post_tag","embeddable":true,"href":"https:\/\/buletin.de\/bucuresti\/wp-json\/wp\/v2\/tags?post=58937"},{"taxonomy":"author","embeddable":true,"href":"https:\/\/buletin.de\/bucuresti\/wp-json\/wp\/v2\/ppma_author?post=58937"}],"curies":[{"name":"wp","href":"https:\/\/api.w.org\/{rel}","templated":true}]}}