{"id":58864,"date":"2023-06-05T17:29:59","date_gmt":"2023-06-05T15:29:59","guid":{"rendered":"https:\/\/buletin.de\/bucuresti\/?p=58864"},"modified":"2023-06-05T17:30:00","modified_gmt":"2023-06-05T15:30:00","slug":"reguli-noi-pentru-parcarile-din-sectorul-3-apar-parcarile-pentru-vizitatori","status":"publish","type":"post","link":"https:\/\/buletin.de\/bucuresti\/reguli-noi-pentru-parcarile-din-sectorul-3-apar-parcarile-pentru-vizitatori\/","title":{"rendered":"Reguli noi pentru parc\u0103rile din Sectorul 3. Apar &#8220;parcarile pentru vizitatori&#8221;"},"content":{"rendered":"\n<p><strong>Sectorul 3 are un nou regulament de parcare, aprobat \u00een ultima \u0219edin\u021ba de Consiliu Local. Acesta prevede, printre altele, reglementarea locurilor de parcare pentru vizitatori, parcarea pentru autovehicule cu dou\u0103 \u0219i trei ro\u021bi \u0219i locuri de parcare pentru familie. Autorit\u0103\u021bile locale sus\u021bin c\u0103, odat\u0103 cu noua form\u0103, atribuirea, actualizarea \u0219i utilizarea acestora se vor \u00eembun\u0103t\u0103\u021bi considerabil. Noile prevederi intr\u0103 \u00een vigoare pe 17 iunie.<\/strong><\/p>\n\n\n\n<p>Mai mult, sunt nout\u0103\u021bi \u0219i \u00een ceea ce prive\u0219te parcarea temporar\u0103. \u00cen acest caz, cei care tranziteaz\u0103 Sectorul 3 pot folosi, cu bani \u0219i pe o perioada limitat\u0103, locurile de parcare nenominale. Cost\u0103 5 lei pe ora, indiferent de ziua din s\u0103pt\u0103m\u00e2na sau de ora \u0219i se poate achita prin SMS.<\/p>\n\n\n\n<p>Cei care au autoriza\u021bie de parcare emis\u0103 de Prim\u0103ria Sectorului 3 pentru locurile de parcare nenominale, pot utiliza orice astfel de loc de luni p\u00e2n\u0103 duminic\u0103, \u00eentre 8:00 \u0219i 18:00. Nu vor pl\u0103ti tarif unic orar dec\u00e2t \u00een parcarea subteran\u0103 de la Decebal. Dup\u0103 ora 18:00 ace\u0219tia pot folosi un loc nenominal doar \u00een zona pentru care au autoriza\u021bia, p\u00e2n\u0103 la ora 08:00.<\/p>\n\n\n\n<p>Regulamentul vizeaza \u015fi locurile de parcare pentru familie. Vor fi locuri de parcare dublate, nominale. Primul loc va fi cel existent \u0219i se va putea parca pe el prin spa\u021biul destinat celui de-al doilea, marcat ulterior.<\/p>\n\n\n\n<p>Astfel de locuri de parcare se vor da, cu prioritate, aceluia\u0219i imobil dar pentru persone fizice diferite. Vor fi \u0219i excep\u021bii, pentru imobile diferite, dac\u0103 se va prezenta un accord scris al celui care de\u021bine primul loc. \u00cen regulament mai scrie \u0219i c\u0103 vor exist\u0103 locuri de parcare pentru autovehicule cu 2 sau 3 ro\u021bi.<\/p>\n\n\n\n<p><strong>Autor: <\/strong>Adiana Br\u0103ileanu <\/p>\n\n\n\n<p><strong>Surs\u0103 Cover: <\/strong>Facebook\/Prim\u0103ria Sectorului 3<\/p>\n","protected":false},"excerpt":{"rendered":"<p>Sectorul 3 are un nou regulament de parcare, aprobat \u00een ultima \u0219edin\u021ba de Consiliu Local. Acesta prevede, printre altele, reglementarea locurilor de parcare pentru vizitatori, parcarea pentru autovehicule cu dou\u0103 \u0219i trei ro\u021bi \u0219i locuri de parcare pentru familie. Autorit\u0103\u021bile locale sus\u021bin c\u0103, odat\u0103 cu noua form\u0103, atribuirea, actualizarea \u0219i utilizarea acestora se vor \u00eembun\u0103t\u0103\u021bi [&hellip;]<\/p>\n","protected":false},"author":1,"featured_media":47706,"comment_status":"closed","ping_status":"open","sticky":false,"template":"","format":"standard","meta":{"_acf_changed":false,"inline_featured_image":false,"ngg_post_thumbnail":0,"footnotes":""},"categories":[24],"tags":[440],"ppma_author":[22583],"class_list":["post-58864","post","type-post","status-publish","format-standard","has-post-thumbnail","hentry","category-primarie","tag-sector-3"],"acf":[],"yoast_head":"<!-- This site is optimized with the Yoast SEO Premium plugin v25.3 (Yoast SEO v27.4) - https:\/\/yoast.com\/product\/yoast-seo-premium-wordpress\/ -->\n<title>Reguli noi pentru parc\u0103rile din Sectorul 3. Apar &quot;parcarile pentru vizitatori&quot; - Buletin de Bucure\u0219ti<\/title>\n<meta name=\"robots\" content=\"index, follow, max-snippet:-1, max-image-preview:large, max-video-preview:-1\" \/>\n<link rel=\"canonical\" href=\"https:\/\/buletin.de\/bucuresti\/reguli-noi-pentru-parcarile-din-sectorul-3-apar-parcarile-pentru-vizitatori\/\" \/>\n<meta property=\"og:locale\" content=\"en_GB\" \/>\n<meta property=\"og:type\" content=\"article\" \/>\n<meta property=\"og:title\" content=\"Reguli noi pentru parc\u0103rile din Sectorul 3. Apar &quot;parcarile pentru vizitatori&quot;\" \/>\n<meta property=\"og:description\" content=\"Sectorul 3 are un nou regulament de parcare, aprobat \u00een ultima \u0219edin\u021ba de Consiliu Local. Acesta prevede, printre altele, reglementarea locurilor de parcare pentru vizitatori, parcarea pentru autovehicule cu dou\u0103 \u0219i trei ro\u021bi \u0219i locuri de parcare pentru familie. Autorit\u0103\u021bile locale sus\u021bin c\u0103, odat\u0103 cu noua form\u0103, atribuirea, actualizarea \u0219i utilizarea acestora se vor \u00eembun\u0103t\u0103\u021bi [&hellip;]\" \/>\n<meta property=\"og:url\" content=\"https:\/\/buletin.de\/bucuresti\/reguli-noi-pentru-parcarile-din-sectorul-3-apar-parcarile-pentru-vizitatori\/\" \/>\n<meta property=\"og:site_name\" content=\"Buletin de Bucure\u0219ti\" \/>\n<meta property=\"article:publisher\" content=\"https:\/\/www.facebook.com\/buletin.de.buc\" \/>\n<meta property=\"article:published_time\" content=\"2023-06-05T15:29:59+00:00\" \/>\n<meta property=\"article:modified_time\" content=\"2023-06-05T15:30:00+00:00\" \/>\n<meta property=\"og:image\" content=\"https:\/\/buletin.de\/bucuresti\/wp-content\/uploads\/parcare-sector-3.jpg\" \/>\n\t<meta property=\"og:image:width\" content=\"2048\" \/>\n\t<meta property=\"og:image:height\" content=\"1536\" \/>\n\t<meta property=\"og:image:type\" content=\"image\/jpeg\" \/>\n<meta name=\"author\" content=\"Redac\u021bia Buletin de Bucure\u0219ti\" \/>\n<meta name=\"twitter:card\" content=\"summary_large_image\" \/>\n<meta name=\"twitter:label1\" content=\"Written by\" \/>\n\t<meta name=\"twitter:data1\" content=\"Redac\u021bia Buletin de Bucure\u0219ti\" \/>\n\t<meta name=\"twitter:label2\" content=\"Estimated reading time\" \/>\n\t<meta name=\"twitter:data2\" content=\"2 minutes\" \/>\n<script type=\"application\/ld+json\" class=\"yoast-schema-graph\">{\"@context\":\"https:\\\/\\\/schema.org\",\"@graph\":[{\"@type\":\"Article\",\"@id\":\"https:\\\/\\\/buletin.de\\\/bucuresti\\\/reguli-noi-pentru-parcarile-din-sectorul-3-apar-parcarile-pentru-vizitatori\\\/#article\",\"isPartOf\":{\"@id\":\"https:\\\/\\\/buletin.de\\\/bucuresti\\\/reguli-noi-pentru-parcarile-din-sectorul-3-apar-parcarile-pentru-vizitatori\\\/\"},\"author\":{\"name\":\"Redac\u021bia Buletin de Bucure\u0219ti\",\"@id\":\"https:\\\/\\\/buletin.de\\\/bucuresti\\\/#\\\/schema\\\/person\\\/2bbcf854e5f2419a13804af574d06ab1\"},\"headline\":\"Reguli noi pentru parc\u0103rile din Sectorul 3. Apar &#8220;parcarile pentru vizitatori&#8221;\",\"datePublished\":\"2023-06-05T15:29:59+00:00\",\"dateModified\":\"2023-06-05T15:30:00+00:00\",\"mainEntityOfPage\":{\"@id\":\"https:\\\/\\\/buletin.de\\\/bucuresti\\\/reguli-noi-pentru-parcarile-din-sectorul-3-apar-parcarile-pentru-vizitatori\\\/\"},\"wordCount\":303,\"publisher\":{\"@id\":\"https:\\\/\\\/buletin.de\\\/bucuresti\\\/#organization\"},\"image\":{\"@id\":\"https:\\\/\\\/buletin.de\\\/bucuresti\\\/reguli-noi-pentru-parcarile-din-sectorul-3-apar-parcarile-pentru-vizitatori\\\/#primaryimage\"},\"thumbnailUrl\":\"https:\\\/\\\/buletin.de\\\/bucuresti\\\/wp-content\\\/uploads\\\/parcare-sector-3.jpg\",\"keywords\":[\"Sector 3\"],\"articleSection\":[\"Prim\u0103rie\"],\"inLanguage\":\"en-GB\",\"copyrightYear\":\"2023\",\"copyrightHolder\":{\"@id\":\"https:\\\/\\\/buletin.de\\\/bucuresti\\\/#organization\"}},{\"@type\":\"WebPage\",\"@id\":\"https:\\\/\\\/buletin.de\\\/bucuresti\\\/reguli-noi-pentru-parcarile-din-sectorul-3-apar-parcarile-pentru-vizitatori\\\/\",\"url\":\"https:\\\/\\\/buletin.de\\\/bucuresti\\\/reguli-noi-pentru-parcarile-din-sectorul-3-apar-parcarile-pentru-vizitatori\\\/\",\"name\":\"Reguli noi pentru parc\u0103rile din Sectorul 3. Apar \\\"parcarile pentru vizitatori\\\" - Buletin de Bucure\u0219ti\",\"isPartOf\":{\"@id\":\"https:\\\/\\\/buletin.de\\\/bucuresti\\\/#website\"},\"primaryImageOfPage\":{\"@id\":\"https:\\\/\\\/buletin.de\\\/bucuresti\\\/reguli-noi-pentru-parcarile-din-sectorul-3-apar-parcarile-pentru-vizitatori\\\/#primaryimage\"},\"image\":{\"@id\":\"https:\\\/\\\/buletin.de\\\/bucuresti\\\/reguli-noi-pentru-parcarile-din-sectorul-3-apar-parcarile-pentru-vizitatori\\\/#primaryimage\"},\"thumbnailUrl\":\"https:\\\/\\\/buletin.de\\\/bucuresti\\\/wp-content\\\/uploads\\\/parcare-sector-3.jpg\",\"datePublished\":\"2023-06-05T15:29:59+00:00\",\"dateModified\":\"2023-06-05T15:30:00+00:00\",\"breadcrumb\":{\"@id\":\"https:\\\/\\\/buletin.de\\\/bucuresti\\\/reguli-noi-pentru-parcarile-din-sectorul-3-apar-parcarile-pentru-vizitatori\\\/#breadcrumb\"},\"inLanguage\":\"en-GB\",\"potentialAction\":[{\"@type\":\"ReadAction\",\"target\":[\"https:\\\/\\\/buletin.de\\\/bucuresti\\\/reguli-noi-pentru-parcarile-din-sectorul-3-apar-parcarile-pentru-vizitatori\\\/\"]}]},{\"@type\":\"ImageObject\",\"inLanguage\":\"en-GB\",\"@id\":\"https:\\\/\\\/buletin.de\\\/bucuresti\\\/reguli-noi-pentru-parcarile-din-sectorul-3-apar-parcarile-pentru-vizitatori\\\/#primaryimage\",\"url\":\"https:\\\/\\\/buletin.de\\\/bucuresti\\\/wp-content\\\/uploads\\\/parcare-sector-3.jpg\",\"contentUrl\":\"https:\\\/\\\/buletin.de\\\/bucuresti\\\/wp-content\\\/uploads\\\/parcare-sector-3.jpg\",\"width\":2048,\"height\":1536},{\"@type\":\"BreadcrumbList\",\"@id\":\"https:\\\/\\\/buletin.de\\\/bucuresti\\\/reguli-noi-pentru-parcarile-din-sectorul-3-apar-parcarile-pentru-vizitatori\\\/#breadcrumb\",\"itemListElement\":[{\"@type\":\"ListItem\",\"position\":1,\"name\":\"Acas\u0103\",\"item\":\"https:\\\/\\\/buletin.de\\\/bucuresti\\\/\"},{\"@type\":\"ListItem\",\"position\":2,\"name\":\"Reguli noi pentru parc\u0103rile din Sectorul 3. Apar &#8222;parcarile pentru vizitatori&#8221;\"}]},{\"@type\":\"WebSite\",\"@id\":\"https:\\\/\\\/buletin.de\\\/bucuresti\\\/#website\",\"url\":\"https:\\\/\\\/buletin.de\\\/bucuresti\\\/\",\"name\":\"Buletin de Bucure\u0219ti\",\"description\":\"\u0218tiri \u0219i investiga\u021bii esen\u021biale din capital\u0103\",\"publisher\":{\"@id\":\"https:\\\/\\\/buletin.de\\\/bucuresti\\\/#organization\"},\"potentialAction\":[{\"@type\":\"SearchAction\",\"target\":{\"@type\":\"EntryPoint\",\"urlTemplate\":\"https:\\\/\\\/buletin.de\\\/bucuresti\\\/?s={search_term_string}\"},\"query-input\":{\"@type\":\"PropertyValueSpecification\",\"valueRequired\":true,\"valueName\":\"search_term_string\"}}],\"inLanguage\":\"en-GB\"},{\"@type\":\"Organization\",\"@id\":\"https:\\\/\\\/buletin.de\\\/bucuresti\\\/#organization\",\"name\":\"Buletin de Bucure\u0219ti\",\"url\":\"https:\\\/\\\/buletin.de\\\/bucuresti\\\/\",\"logo\":{\"@type\":\"ImageObject\",\"inLanguage\":\"en-GB\",\"@id\":\"https:\\\/\\\/buletin.de\\\/bucuresti\\\/#\\\/schema\\\/logo\\\/image\\\/\",\"url\":\"https:\\\/\\\/buletin.de\\\/bucuresti\\\/wp-content\\\/uploads\\\/logo-bdb-full-wide-vernil-transparent.png\",\"contentUrl\":\"https:\\\/\\\/buletin.de\\\/bucuresti\\\/wp-content\\\/uploads\\\/logo-bdb-full-wide-vernil-transparent.png\",\"width\":1782,\"height\":626,\"caption\":\"Buletin de Bucure\u0219ti\"},\"image\":{\"@id\":\"https:\\\/\\\/buletin.de\\\/bucuresti\\\/#\\\/schema\\\/logo\\\/image\\\/\"},\"sameAs\":[\"https:\\\/\\\/www.facebook.com\\\/buletin.de.buc\",\"https:\\\/\\\/www.instagram.com\\\/buletinde.bucuresti\\\/\"]},{\"@type\":\"Person\",\"@id\":\"https:\\\/\\\/buletin.de\\\/bucuresti\\\/#\\\/schema\\\/person\\\/2bbcf854e5f2419a13804af574d06ab1\",\"name\":\"Redac\u021bia Buletin de Bucure\u0219ti\",\"image\":{\"@type\":\"ImageObject\",\"inLanguage\":\"en-GB\",\"@id\":\"https:\\\/\\\/secure.gravatar.com\\\/avatar\\\/18c5342381ed1a08620e6280424e3e5efc958618f5d67c522c9e44c1bc6f9226?s=96&d=monsterid&r=g60c7cd0ad92c68c049fcd4bb3504d609\",\"url\":\"https:\\\/\\\/secure.gravatar.com\\\/avatar\\\/18c5342381ed1a08620e6280424e3e5efc958618f5d67c522c9e44c1bc6f9226?s=96&d=monsterid&r=g\",\"contentUrl\":\"https:\\\/\\\/secure.gravatar.com\\\/avatar\\\/18c5342381ed1a08620e6280424e3e5efc958618f5d67c522c9e44c1bc6f9226?s=96&d=monsterid&r=g\",\"caption\":\"Redac\u021bia Buletin de Bucure\u0219ti\"},\"description\":\"Buletin de Bucure\u0219ti exist\u0103 din vara anului 2019.\",\"url\":\"https:\\\/\\\/buletin.de\\\/bucuresti\\\/author\\\/adminbuletin\\\/\"}]}<\/script>\n<!-- \/ Yoast SEO Premium plugin. -->","yoast_head_json":{"title":"Reguli noi pentru parc\u0103rile din Sectorul 3. Apar \"parcarile pentru vizitatori\" - Buletin de Bucure\u0219ti","robots":{"index":"index","follow":"follow","max-snippet":"max-snippet:-1","max-image-preview":"max-image-preview:large","max-video-preview":"max-video-preview:-1"},"canonical":"https:\/\/buletin.de\/bucuresti\/reguli-noi-pentru-parcarile-din-sectorul-3-apar-parcarile-pentru-vizitatori\/","og_locale":"en_GB","og_type":"article","og_title":"Reguli noi pentru parc\u0103rile din Sectorul 3. Apar \"parcarile pentru vizitatori\"","og_description":"Sectorul 3 are un nou regulament de parcare, aprobat \u00een ultima \u0219edin\u021ba de Consiliu Local. Acesta prevede, printre altele, reglementarea locurilor de parcare pentru vizitatori, parcarea pentru autovehicule cu dou\u0103 \u0219i trei ro\u021bi \u0219i locuri de parcare pentru familie. Autorit\u0103\u021bile locale sus\u021bin c\u0103, odat\u0103 cu noua form\u0103, atribuirea, actualizarea \u0219i utilizarea acestora se vor \u00eembun\u0103t\u0103\u021bi [&hellip;]","og_url":"https:\/\/buletin.de\/bucuresti\/reguli-noi-pentru-parcarile-din-sectorul-3-apar-parcarile-pentru-vizitatori\/","og_site_name":"Buletin de Bucure\u0219ti","article_publisher":"https:\/\/www.facebook.com\/buletin.de.buc","article_published_time":"2023-06-05T15:29:59+00:00","article_modified_time":"2023-06-05T15:30:00+00:00","og_image":[{"width":2048,"height":1536,"url":"https:\/\/buletin.de\/bucuresti\/wp-content\/uploads\/parcare-sector-3.jpg","type":"image\/jpeg"}],"author":"Redac\u021bia Buletin de Bucure\u0219ti","twitter_card":"summary_large_image","twitter_misc":{"Written by":"Redac\u021bia Buletin de Bucure\u0219ti","Estimated reading time":"2 minutes"},"schema":{"@context":"https:\/\/schema.org","@graph":[{"@type":"Article","@id":"https:\/\/buletin.de\/bucuresti\/reguli-noi-pentru-parcarile-din-sectorul-3-apar-parcarile-pentru-vizitatori\/#article","isPartOf":{"@id":"https:\/\/buletin.de\/bucuresti\/reguli-noi-pentru-parcarile-din-sectorul-3-apar-parcarile-pentru-vizitatori\/"},"author":{"name":"Redac\u021bia Buletin de Bucure\u0219ti","@id":"https:\/\/buletin.de\/bucuresti\/#\/schema\/person\/2bbcf854e5f2419a13804af574d06ab1"},"headline":"Reguli noi pentru parc\u0103rile din Sectorul 3. Apar &#8220;parcarile pentru vizitatori&#8221;","datePublished":"2023-06-05T15:29:59+00:00","dateModified":"2023-06-05T15:30:00+00:00","mainEntityOfPage":{"@id":"https:\/\/buletin.de\/bucuresti\/reguli-noi-pentru-parcarile-din-sectorul-3-apar-parcarile-pentru-vizitatori\/"},"wordCount":303,"publisher":{"@id":"https:\/\/buletin.de\/bucuresti\/#organization"},"image":{"@id":"https:\/\/buletin.de\/bucuresti\/reguli-noi-pentru-parcarile-din-sectorul-3-apar-parcarile-pentru-vizitatori\/#primaryimage"},"thumbnailUrl":"https:\/\/buletin.de\/bucuresti\/wp-content\/uploads\/parcare-sector-3.jpg","keywords":["Sector 3"],"articleSection":["Prim\u0103rie"],"inLanguage":"en-GB","copyrightYear":"2023","copyrightHolder":{"@id":"https:\/\/buletin.de\/bucuresti\/#organization"}},{"@type":"WebPage","@id":"https:\/\/buletin.de\/bucuresti\/reguli-noi-pentru-parcarile-din-sectorul-3-apar-parcarile-pentru-vizitatori\/","url":"https:\/\/buletin.de\/bucuresti\/reguli-noi-pentru-parcarile-din-sectorul-3-apar-parcarile-pentru-vizitatori\/","name":"Reguli noi pentru parc\u0103rile din Sectorul 3. Apar \"parcarile pentru vizitatori\" - Buletin de Bucure\u0219ti","isPartOf":{"@id":"https:\/\/buletin.de\/bucuresti\/#website"},"primaryImageOfPage":{"@id":"https:\/\/buletin.de\/bucuresti\/reguli-noi-pentru-parcarile-din-sectorul-3-apar-parcarile-pentru-vizitatori\/#primaryimage"},"image":{"@id":"https:\/\/buletin.de\/bucuresti\/reguli-noi-pentru-parcarile-din-sectorul-3-apar-parcarile-pentru-vizitatori\/#primaryimage"},"thumbnailUrl":"https:\/\/buletin.de\/bucuresti\/wp-content\/uploads\/parcare-sector-3.jpg","datePublished":"2023-06-05T15:29:59+00:00","dateModified":"2023-06-05T15:30:00+00:00","breadcrumb":{"@id":"https:\/\/buletin.de\/bucuresti\/reguli-noi-pentru-parcarile-din-sectorul-3-apar-parcarile-pentru-vizitatori\/#breadcrumb"},"inLanguage":"en-GB","potentialAction":[{"@type":"ReadAction","target":["https:\/\/buletin.de\/bucuresti\/reguli-noi-pentru-parcarile-din-sectorul-3-apar-parcarile-pentru-vizitatori\/"]}]},{"@type":"ImageObject","inLanguage":"en-GB","@id":"https:\/\/buletin.de\/bucuresti\/reguli-noi-pentru-parcarile-din-sectorul-3-apar-parcarile-pentru-vizitatori\/#primaryimage","url":"https:\/\/buletin.de\/bucuresti\/wp-content\/uploads\/parcare-sector-3.jpg","contentUrl":"https:\/\/buletin.de\/bucuresti\/wp-content\/uploads\/parcare-sector-3.jpg","width":2048,"height":1536},{"@type":"BreadcrumbList","@id":"https:\/\/buletin.de\/bucuresti\/reguli-noi-pentru-parcarile-din-sectorul-3-apar-parcarile-pentru-vizitatori\/#breadcrumb","itemListElement":[{"@type":"ListItem","position":1,"name":"Acas\u0103","item":"https:\/\/buletin.de\/bucuresti\/"},{"@type":"ListItem","position":2,"name":"Reguli noi pentru parc\u0103rile din Sectorul 3. Apar &#8222;parcarile pentru vizitatori&#8221;"}]},{"@type":"WebSite","@id":"https:\/\/buletin.de\/bucuresti\/#website","url":"https:\/\/buletin.de\/bucuresti\/","name":"Buletin de Bucure\u0219ti","description":"\u0218tiri \u0219i investiga\u021bii esen\u021biale din capital\u0103","publisher":{"@id":"https:\/\/buletin.de\/bucuresti\/#organization"},"potentialAction":[{"@type":"SearchAction","target":{"@type":"EntryPoint","urlTemplate":"https:\/\/buletin.de\/bucuresti\/?s={search_term_string}"},"query-input":{"@type":"PropertyValueSpecification","valueRequired":true,"valueName":"search_term_string"}}],"inLanguage":"en-GB"},{"@type":"Organization","@id":"https:\/\/buletin.de\/bucuresti\/#organization","name":"Buletin de Bucure\u0219ti","url":"https:\/\/buletin.de\/bucuresti\/","logo":{"@type":"ImageObject","inLanguage":"en-GB","@id":"https:\/\/buletin.de\/bucuresti\/#\/schema\/logo\/image\/","url":"https:\/\/buletin.de\/bucuresti\/wp-content\/uploads\/logo-bdb-full-wide-vernil-transparent.png","contentUrl":"https:\/\/buletin.de\/bucuresti\/wp-content\/uploads\/logo-bdb-full-wide-vernil-transparent.png","width":1782,"height":626,"caption":"Buletin de Bucure\u0219ti"},"image":{"@id":"https:\/\/buletin.de\/bucuresti\/#\/schema\/logo\/image\/"},"sameAs":["https:\/\/www.facebook.com\/buletin.de.buc","https:\/\/www.instagram.com\/buletinde.bucuresti\/"]},{"@type":"Person","@id":"https:\/\/buletin.de\/bucuresti\/#\/schema\/person\/2bbcf854e5f2419a13804af574d06ab1","name":"Redac\u021bia Buletin de Bucure\u0219ti","image":{"@type":"ImageObject","inLanguage":"en-GB","@id":"https:\/\/secure.gravatar.com\/avatar\/18c5342381ed1a08620e6280424e3e5efc958618f5d67c522c9e44c1bc6f9226?s=96&d=monsterid&r=g60c7cd0ad92c68c049fcd4bb3504d609","url":"https:\/\/secure.gravatar.com\/avatar\/18c5342381ed1a08620e6280424e3e5efc958618f5d67c522c9e44c1bc6f9226?s=96&d=monsterid&r=g","contentUrl":"https:\/\/secure.gravatar.com\/avatar\/18c5342381ed1a08620e6280424e3e5efc958618f5d67c522c9e44c1bc6f9226?s=96&d=monsterid&r=g","caption":"Redac\u021bia Buletin de Bucure\u0219ti"},"description":"Buletin de Bucure\u0219ti exist\u0103 din vara anului 2019.","url":"https:\/\/buletin.de\/bucuresti\/author\/adminbuletin\/"}]}},"authors":[{"term_id":22583,"user_id":1,"is_guest":0,"slug":"adminbuletin","display_name":"Redac\u021bia Buletin de Bucure\u0219ti","avatar_url":"https:\/\/secure.gravatar.com\/avatar\/18c5342381ed1a08620e6280424e3e5efc958618f5d67c522c9e44c1bc6f9226?s=96&d=monsterid&r=g","0":null,"1":"","2":"","3":"","4":"","5":"","6":"","7":"","8":""}],"_links":{"self":[{"href":"https:\/\/buletin.de\/bucuresti\/wp-json\/wp\/v2\/posts\/58864","targetHints":{"allow":["GET"]}}],"collection":[{"href":"https:\/\/buletin.de\/bucuresti\/wp-json\/wp\/v2\/posts"}],"about":[{"href":"https:\/\/buletin.de\/bucuresti\/wp-json\/wp\/v2\/types\/post"}],"author":[{"embeddable":true,"href":"https:\/\/buletin.de\/bucuresti\/wp-json\/wp\/v2\/users\/1"}],"replies":[{"embeddable":true,"href":"https:\/\/buletin.de\/bucuresti\/wp-json\/wp\/v2\/comments?post=58864"}],"version-history":[{"count":2,"href":"https:\/\/buletin.de\/bucuresti\/wp-json\/wp\/v2\/posts\/58864\/revisions"}],"predecessor-version":[{"id":58873,"href":"https:\/\/buletin.de\/bucuresti\/wp-json\/wp\/v2\/posts\/58864\/revisions\/58873"}],"wp:featuredmedia":[{"embeddable":true,"href":"https:\/\/buletin.de\/bucuresti\/wp-json\/wp\/v2\/media\/47706"}],"wp:attachment":[{"href":"https:\/\/buletin.de\/bucuresti\/wp-json\/wp\/v2\/media?parent=58864"}],"wp:term":[{"taxonomy":"category","embeddable":true,"href":"https:\/\/buletin.de\/bucuresti\/wp-json\/wp\/v2\/categories?post=58864"},{"taxonomy":"post_tag","embeddable":true,"href":"https:\/\/buletin.de\/bucuresti\/wp-json\/wp\/v2\/tags?post=58864"},{"taxonomy":"author","embeddable":true,"href":"https:\/\/buletin.de\/bucuresti\/wp-json\/wp\/v2\/ppma_author?post=58864"}],"curies":[{"name":"wp","href":"https:\/\/api.w.org\/{rel}","templated":true}]}}