{"id":58819,"date":"2023-06-05T12:33:12","date_gmt":"2023-06-05T10:33:12","guid":{"rendered":"https:\/\/buletin.de\/bucuresti\/?p=58819"},"modified":"2023-06-05T12:33:13","modified_gmt":"2023-06-05T10:33:13","slug":"machetele-avioanelor-care-au-zburat-sub-culori-romanesti-vor-fi-expuse-de-cnab","status":"publish","type":"post","link":"https:\/\/buletin.de\/bucuresti\/machetele-avioanelor-care-au-zburat-sub-culori-romanesti-vor-fi-expuse-de-cnab\/","title":{"rendered":"Machetele avioanelor care au zburat sub culori rom\u00e2ne\u0219ti vor fi expuse de CNAB"},"content":{"rendered":"\n<p><strong>Machetele statice ale avioanelor care au zburat sub culori rom\u00e2ne\u0219ti vor fi expuse de c\u0103tre Compania Na\u021bional\u0103 Aeroporturi Bucure\u0219ti, la 137 de ani de la na\u0219terea lui Henri Coand\u0103. Expozi\u021bia \u201eAvioane sub tricolor\u201d se va desf\u0103\u0219ura miercuri, 7 iunie, \u00eencep\u00e2nd cu ora 11:00. <\/strong><\/p>\n\n\n\n<p>Expozi\u021bia va continua cu programul \u201eCNAB promoveaz\u0103 valoarea\u201d, prin care institu\u021bia \u00eencearc\u0103 s\u0103 creasc\u0103 calitatea experien\u021bei pasagerilor.<\/p>\n\n\n\n<p>Evenimentul dedicat celebr\u0103rii a 137 de ani de la na\u0219terea lui Henri Coand\u0103 va fi organizat organizat \u00een colaborare cu Asocia\u0163ia Rom\u00e2n\u0103 pentru Propaganda \u015fi Istoria Aeronauticii, anun\u021b\u0103 institu\u021bia. <\/p>\n\n\n\n<h2 class=\"wp-block-heading\"><strong>Inventatorul Henri Coand\u0103<\/strong><\/h2>\n\n\n\n<p>Henri Coand\u0103 a r\u0103mas \u00een istorie ca fiind inventatorul avionului cu reac\u021bie. De-a lungul vie\u021bii acesta a fost om de \u0219tiin\u021b\u0103, academician, inginer, pionier al avia\u0163iei, fizician \u015fi inventator. <\/p>\n\n\n\n<p>Henri Coand\u0103 s-a n\u0103scut la 7 iunie 1886, la Bucure\u015fti. A studiat la Charlottenburg, Liege \u0219i Paris, iar la era deja inginer diplomat, licen\u0163iat \u00een \u015ftiin\u0163e, inginer \u00een aeronautic\u0103, inginer frigotehnist.<\/p>\n\n\n\n<p>Acesta a ob\u021binut la 9 august 1910, \u00een Fran\u0163a, brevetul de inven\u0163ie pentru motorul \u201eturbo-propulsor\u201d. <\/p>\n","protected":false},"excerpt":{"rendered":"<p>Machetele statice ale avioanelor care au zburat sub culori rom\u00e2ne\u0219ti vor fi expuse de c\u0103tre Compania Na\u021bional\u0103 Aeroporturi Bucure\u0219ti, la 137 de ani de la na\u0219terea lui Henri Coand\u0103. Expozi\u021bia \u201eAvioane sub tricolor\u201d se va desf\u0103\u0219ura miercuri, 7 iunie, \u00eencep\u00e2nd cu ora 11:00. Expozi\u021bia va continua cu programul \u201eCNAB promoveaz\u0103 valoarea\u201d, prin care institu\u021bia \u00eencearc\u0103 [&hellip;]<\/p>\n","protected":false},"author":17,"featured_media":58824,"comment_status":"closed","ping_status":"open","sticky":false,"template":"","format":"standard","meta":{"_acf_changed":false,"inline_featured_image":false,"ngg_post_thumbnail":0,"footnotes":""},"categories":[62],"tags":[5785,9,2964,5787,4296,5786,5788],"ppma_author":[22576],"class_list":["post-58819","post","type-post","status-publish","format-standard","has-post-thumbnail","hentry","category-stiri","tag-avioane","tag-bucuresti","tag-cnab","tag-expozitie-2","tag-henri-coanda","tag-machete","tag-roamnia"],"acf":[],"yoast_head":"<!-- This site is optimized with the Yoast SEO Premium plugin v25.3 (Yoast SEO v27.4) - https:\/\/yoast.com\/product\/yoast-seo-premium-wordpress\/ -->\n<title>Machetele avioanelor care au zburat sub culori rom\u00e2ne\u0219ti vor fi expuse de CNAB - Buletin de Bucure\u0219ti<\/title>\n<meta name=\"robots\" content=\"index, follow, max-snippet:-1, max-image-preview:large, max-video-preview:-1\" \/>\n<link rel=\"canonical\" href=\"https:\/\/buletin.de\/bucuresti\/machetele-avioanelor-care-au-zburat-sub-culori-romanesti-vor-fi-expuse-de-cnab\/\" \/>\n<meta property=\"og:locale\" content=\"en_GB\" \/>\n<meta property=\"og:type\" content=\"article\" \/>\n<meta property=\"og:title\" content=\"Machetele avioanelor care au zburat sub culori rom\u00e2ne\u0219ti vor fi expuse de CNAB\" \/>\n<meta property=\"og:description\" content=\"Machetele statice ale avioanelor care au zburat sub culori rom\u00e2ne\u0219ti vor fi expuse de c\u0103tre Compania Na\u021bional\u0103 Aeroporturi Bucure\u0219ti, la 137 de ani de la na\u0219terea lui Henri Coand\u0103. Expozi\u021bia \u201eAvioane sub tricolor\u201d se va desf\u0103\u0219ura miercuri, 7 iunie, \u00eencep\u00e2nd cu ora 11:00. Expozi\u021bia va continua cu programul \u201eCNAB promoveaz\u0103 valoarea\u201d, prin care institu\u021bia \u00eencearc\u0103 [&hellip;]\" \/>\n<meta property=\"og:url\" content=\"https:\/\/buletin.de\/bucuresti\/machetele-avioanelor-care-au-zburat-sub-culori-romanesti-vor-fi-expuse-de-cnab\/\" \/>\n<meta property=\"og:site_name\" content=\"Buletin de Bucure\u0219ti\" \/>\n<meta property=\"article:publisher\" content=\"https:\/\/www.facebook.com\/buletin.de.buc\" \/>\n<meta property=\"article:published_time\" content=\"2023-06-05T10:33:12+00:00\" \/>\n<meta property=\"article:modified_time\" content=\"2023-06-05T10:33:13+00:00\" \/>\n<meta property=\"og:image\" content=\"https:\/\/buletin.de\/bucuresti\/wp-content\/uploads\/primul_avion_cu_reactie_Henri_Coanda.jpeg\" \/>\n\t<meta property=\"og:image:width\" content=\"630\" \/>\n\t<meta property=\"og:image:height\" content=\"430\" \/>\n\t<meta property=\"og:image:type\" content=\"image\/jpeg\" \/>\n<meta name=\"author\" content=\"Florin R\u00e2\u0219teiu\" \/>\n<meta name=\"twitter:card\" content=\"summary_large_image\" \/>\n<meta name=\"twitter:label1\" content=\"Written by\" \/>\n\t<meta name=\"twitter:data1\" content=\"Florin R\u00e2\u0219teiu\" \/>\n\t<meta name=\"twitter:label2\" content=\"Estimated reading time\" \/>\n\t<meta name=\"twitter:data2\" content=\"1 minute\" \/>\n<script type=\"application\/ld+json\" class=\"yoast-schema-graph\">{\"@context\":\"https:\\\/\\\/schema.org\",\"@graph\":[{\"@type\":\"Article\",\"@id\":\"https:\\\/\\\/buletin.de\\\/bucuresti\\\/machetele-avioanelor-care-au-zburat-sub-culori-romanesti-vor-fi-expuse-de-cnab\\\/#article\",\"isPartOf\":{\"@id\":\"https:\\\/\\\/buletin.de\\\/bucuresti\\\/machetele-avioanelor-care-au-zburat-sub-culori-romanesti-vor-fi-expuse-de-cnab\\\/\"},\"author\":{\"name\":\"Florin R\u00e2\u0219teiu\",\"@id\":\"https:\\\/\\\/buletin.de\\\/bucuresti\\\/#\\\/schema\\\/person\\\/b0686d7a8b666c6afc78239777fd8a89\"},\"headline\":\"Machetele avioanelor care au zburat sub culori rom\u00e2ne\u0219ti vor fi expuse de CNAB\",\"datePublished\":\"2023-06-05T10:33:12+00:00\",\"dateModified\":\"2023-06-05T10:33:13+00:00\",\"mainEntityOfPage\":{\"@id\":\"https:\\\/\\\/buletin.de\\\/bucuresti\\\/machetele-avioanelor-care-au-zburat-sub-culori-romanesti-vor-fi-expuse-de-cnab\\\/\"},\"wordCount\":202,\"publisher\":{\"@id\":\"https:\\\/\\\/buletin.de\\\/bucuresti\\\/#organization\"},\"image\":{\"@id\":\"https:\\\/\\\/buletin.de\\\/bucuresti\\\/machetele-avioanelor-care-au-zburat-sub-culori-romanesti-vor-fi-expuse-de-cnab\\\/#primaryimage\"},\"thumbnailUrl\":\"https:\\\/\\\/buletin.de\\\/bucuresti\\\/wp-content\\\/uploads\\\/primul_avion_cu_reactie_Henri_Coanda.jpeg\",\"keywords\":[\"avioane\",\"bucuresti\",\"cnab\",\"expozi\u021bie\",\"Henri Coand\u0103\",\"machete\",\"roamnia\"],\"articleSection\":[\"\u0218tiri\"],\"inLanguage\":\"en-GB\",\"copyrightYear\":\"2023\",\"copyrightHolder\":{\"@id\":\"https:\\\/\\\/buletin.de\\\/bucuresti\\\/#organization\"}},{\"@type\":\"WebPage\",\"@id\":\"https:\\\/\\\/buletin.de\\\/bucuresti\\\/machetele-avioanelor-care-au-zburat-sub-culori-romanesti-vor-fi-expuse-de-cnab\\\/\",\"url\":\"https:\\\/\\\/buletin.de\\\/bucuresti\\\/machetele-avioanelor-care-au-zburat-sub-culori-romanesti-vor-fi-expuse-de-cnab\\\/\",\"name\":\"Machetele avioanelor care au zburat sub culori rom\u00e2ne\u0219ti vor fi expuse de CNAB - Buletin de Bucure\u0219ti\",\"isPartOf\":{\"@id\":\"https:\\\/\\\/buletin.de\\\/bucuresti\\\/#website\"},\"primaryImageOfPage\":{\"@id\":\"https:\\\/\\\/buletin.de\\\/bucuresti\\\/machetele-avioanelor-care-au-zburat-sub-culori-romanesti-vor-fi-expuse-de-cnab\\\/#primaryimage\"},\"image\":{\"@id\":\"https:\\\/\\\/buletin.de\\\/bucuresti\\\/machetele-avioanelor-care-au-zburat-sub-culori-romanesti-vor-fi-expuse-de-cnab\\\/#primaryimage\"},\"thumbnailUrl\":\"https:\\\/\\\/buletin.de\\\/bucuresti\\\/wp-content\\\/uploads\\\/primul_avion_cu_reactie_Henri_Coanda.jpeg\",\"datePublished\":\"2023-06-05T10:33:12+00:00\",\"dateModified\":\"2023-06-05T10:33:13+00:00\",\"breadcrumb\":{\"@id\":\"https:\\\/\\\/buletin.de\\\/bucuresti\\\/machetele-avioanelor-care-au-zburat-sub-culori-romanesti-vor-fi-expuse-de-cnab\\\/#breadcrumb\"},\"inLanguage\":\"en-GB\",\"potentialAction\":[{\"@type\":\"ReadAction\",\"target\":[\"https:\\\/\\\/buletin.de\\\/bucuresti\\\/machetele-avioanelor-care-au-zburat-sub-culori-romanesti-vor-fi-expuse-de-cnab\\\/\"]}]},{\"@type\":\"ImageObject\",\"inLanguage\":\"en-GB\",\"@id\":\"https:\\\/\\\/buletin.de\\\/bucuresti\\\/machetele-avioanelor-care-au-zburat-sub-culori-romanesti-vor-fi-expuse-de-cnab\\\/#primaryimage\",\"url\":\"https:\\\/\\\/buletin.de\\\/bucuresti\\\/wp-content\\\/uploads\\\/primul_avion_cu_reactie_Henri_Coanda.jpeg\",\"contentUrl\":\"https:\\\/\\\/buletin.de\\\/bucuresti\\\/wp-content\\\/uploads\\\/primul_avion_cu_reactie_Henri_Coanda.jpeg\",\"width\":630,\"height\":430},{\"@type\":\"BreadcrumbList\",\"@id\":\"https:\\\/\\\/buletin.de\\\/bucuresti\\\/machetele-avioanelor-care-au-zburat-sub-culori-romanesti-vor-fi-expuse-de-cnab\\\/#breadcrumb\",\"itemListElement\":[{\"@type\":\"ListItem\",\"position\":1,\"name\":\"Acas\u0103\",\"item\":\"https:\\\/\\\/buletin.de\\\/bucuresti\\\/\"},{\"@type\":\"ListItem\",\"position\":2,\"name\":\"Machetele avioanelor care au zburat sub culori rom\u00e2ne\u0219ti vor fi expuse de CNAB\"}]},{\"@type\":\"WebSite\",\"@id\":\"https:\\\/\\\/buletin.de\\\/bucuresti\\\/#website\",\"url\":\"https:\\\/\\\/buletin.de\\\/bucuresti\\\/\",\"name\":\"Buletin de Bucure\u0219ti\",\"description\":\"\u0218tiri \u0219i investiga\u021bii esen\u021biale din capital\u0103\",\"publisher\":{\"@id\":\"https:\\\/\\\/buletin.de\\\/bucuresti\\\/#organization\"},\"potentialAction\":[{\"@type\":\"SearchAction\",\"target\":{\"@type\":\"EntryPoint\",\"urlTemplate\":\"https:\\\/\\\/buletin.de\\\/bucuresti\\\/?s={search_term_string}\"},\"query-input\":{\"@type\":\"PropertyValueSpecification\",\"valueRequired\":true,\"valueName\":\"search_term_string\"}}],\"inLanguage\":\"en-GB\"},{\"@type\":\"Organization\",\"@id\":\"https:\\\/\\\/buletin.de\\\/bucuresti\\\/#organization\",\"name\":\"Buletin de Bucure\u0219ti\",\"url\":\"https:\\\/\\\/buletin.de\\\/bucuresti\\\/\",\"logo\":{\"@type\":\"ImageObject\",\"inLanguage\":\"en-GB\",\"@id\":\"https:\\\/\\\/buletin.de\\\/bucuresti\\\/#\\\/schema\\\/logo\\\/image\\\/\",\"url\":\"https:\\\/\\\/buletin.de\\\/bucuresti\\\/wp-content\\\/uploads\\\/logo-bdb-full-wide-vernil-transparent.png\",\"contentUrl\":\"https:\\\/\\\/buletin.de\\\/bucuresti\\\/wp-content\\\/uploads\\\/logo-bdb-full-wide-vernil-transparent.png\",\"width\":1782,\"height\":626,\"caption\":\"Buletin de Bucure\u0219ti\"},\"image\":{\"@id\":\"https:\\\/\\\/buletin.de\\\/bucuresti\\\/#\\\/schema\\\/logo\\\/image\\\/\"},\"sameAs\":[\"https:\\\/\\\/www.facebook.com\\\/buletin.de.buc\",\"https:\\\/\\\/www.instagram.com\\\/buletinde.bucuresti\\\/\"]},{\"@type\":\"Person\",\"@id\":\"https:\\\/\\\/buletin.de\\\/bucuresti\\\/#\\\/schema\\\/person\\\/b0686d7a8b666c6afc78239777fd8a89\",\"name\":\"Florin R\u00e2\u0219teiu\",\"image\":{\"@type\":\"ImageObject\",\"inLanguage\":\"en-GB\",\"@id\":\"https:\\\/\\\/buletin.de\\\/bucuresti\\\/wp-content\\\/uploads\\\/Florin-Rasteiu-96x96.jpgf0a6fe28453aa12f0a60e4d0a2e3a78c\",\"url\":\"https:\\\/\\\/buletin.de\\\/bucuresti\\\/wp-content\\\/uploads\\\/Florin-Rasteiu-96x96.jpg\",\"contentUrl\":\"https:\\\/\\\/buletin.de\\\/bucuresti\\\/wp-content\\\/uploads\\\/Florin-Rasteiu-96x96.jpg\",\"caption\":\"Florin R\u00e2\u0219teiu\"},\"description\":\"Jurnalist de investiga\u021bie. Lucreaz\u0103 de aproape 6 ani la Buletin de Bucure\u0219ti, unde a publicat articole care scot la suprafa\u021b\u0103 corup\u021bia din Capital\u0103. Analizeaz\u0103 baze de date zilnic \u0219i scoate pove\u0219ti din exceluri pline de cifre. Pune reflectorul pe adev\u0103r cu fiecare ocazie. A c\u00e2\u0219tigat premiul I la categoria Pres\u0103 Local\u0103 \u00een 2025 \u0219i locul al II-lea la aceea\u0219i categorie \u00een 2024 \u00een cadrul Premiilor Superscrieri pentru jurnalism independent.\",\"url\":\"https:\\\/\\\/buletin.de\\\/bucuresti\\\/author\\\/florinrasteiu\\\/\"}]}<\/script>\n<!-- \/ Yoast SEO Premium plugin. -->","yoast_head_json":{"title":"Machetele avioanelor care au zburat sub culori rom\u00e2ne\u0219ti vor fi expuse de CNAB - Buletin de Bucure\u0219ti","robots":{"index":"index","follow":"follow","max-snippet":"max-snippet:-1","max-image-preview":"max-image-preview:large","max-video-preview":"max-video-preview:-1"},"canonical":"https:\/\/buletin.de\/bucuresti\/machetele-avioanelor-care-au-zburat-sub-culori-romanesti-vor-fi-expuse-de-cnab\/","og_locale":"en_GB","og_type":"article","og_title":"Machetele avioanelor care au zburat sub culori rom\u00e2ne\u0219ti vor fi expuse de CNAB","og_description":"Machetele statice ale avioanelor care au zburat sub culori rom\u00e2ne\u0219ti vor fi expuse de c\u0103tre Compania Na\u021bional\u0103 Aeroporturi Bucure\u0219ti, la 137 de ani de la na\u0219terea lui Henri Coand\u0103. Expozi\u021bia \u201eAvioane sub tricolor\u201d se va desf\u0103\u0219ura miercuri, 7 iunie, \u00eencep\u00e2nd cu ora 11:00. Expozi\u021bia va continua cu programul \u201eCNAB promoveaz\u0103 valoarea\u201d, prin care institu\u021bia \u00eencearc\u0103 [&hellip;]","og_url":"https:\/\/buletin.de\/bucuresti\/machetele-avioanelor-care-au-zburat-sub-culori-romanesti-vor-fi-expuse-de-cnab\/","og_site_name":"Buletin de Bucure\u0219ti","article_publisher":"https:\/\/www.facebook.com\/buletin.de.buc","article_published_time":"2023-06-05T10:33:12+00:00","article_modified_time":"2023-06-05T10:33:13+00:00","og_image":[{"width":630,"height":430,"url":"https:\/\/buletin.de\/bucuresti\/wp-content\/uploads\/primul_avion_cu_reactie_Henri_Coanda.jpeg","type":"image\/jpeg"}],"author":"Florin R\u00e2\u0219teiu","twitter_card":"summary_large_image","twitter_misc":{"Written by":"Florin R\u00e2\u0219teiu","Estimated reading time":"1 minute"},"schema":{"@context":"https:\/\/schema.org","@graph":[{"@type":"Article","@id":"https:\/\/buletin.de\/bucuresti\/machetele-avioanelor-care-au-zburat-sub-culori-romanesti-vor-fi-expuse-de-cnab\/#article","isPartOf":{"@id":"https:\/\/buletin.de\/bucuresti\/machetele-avioanelor-care-au-zburat-sub-culori-romanesti-vor-fi-expuse-de-cnab\/"},"author":{"name":"Florin R\u00e2\u0219teiu","@id":"https:\/\/buletin.de\/bucuresti\/#\/schema\/person\/b0686d7a8b666c6afc78239777fd8a89"},"headline":"Machetele avioanelor care au zburat sub culori rom\u00e2ne\u0219ti vor fi expuse de CNAB","datePublished":"2023-06-05T10:33:12+00:00","dateModified":"2023-06-05T10:33:13+00:00","mainEntityOfPage":{"@id":"https:\/\/buletin.de\/bucuresti\/machetele-avioanelor-care-au-zburat-sub-culori-romanesti-vor-fi-expuse-de-cnab\/"},"wordCount":202,"publisher":{"@id":"https:\/\/buletin.de\/bucuresti\/#organization"},"image":{"@id":"https:\/\/buletin.de\/bucuresti\/machetele-avioanelor-care-au-zburat-sub-culori-romanesti-vor-fi-expuse-de-cnab\/#primaryimage"},"thumbnailUrl":"https:\/\/buletin.de\/bucuresti\/wp-content\/uploads\/primul_avion_cu_reactie_Henri_Coanda.jpeg","keywords":["avioane","bucuresti","cnab","expozi\u021bie","Henri Coand\u0103","machete","roamnia"],"articleSection":["\u0218tiri"],"inLanguage":"en-GB","copyrightYear":"2023","copyrightHolder":{"@id":"https:\/\/buletin.de\/bucuresti\/#organization"}},{"@type":"WebPage","@id":"https:\/\/buletin.de\/bucuresti\/machetele-avioanelor-care-au-zburat-sub-culori-romanesti-vor-fi-expuse-de-cnab\/","url":"https:\/\/buletin.de\/bucuresti\/machetele-avioanelor-care-au-zburat-sub-culori-romanesti-vor-fi-expuse-de-cnab\/","name":"Machetele avioanelor care au zburat sub culori rom\u00e2ne\u0219ti vor fi expuse de CNAB - Buletin de Bucure\u0219ti","isPartOf":{"@id":"https:\/\/buletin.de\/bucuresti\/#website"},"primaryImageOfPage":{"@id":"https:\/\/buletin.de\/bucuresti\/machetele-avioanelor-care-au-zburat-sub-culori-romanesti-vor-fi-expuse-de-cnab\/#primaryimage"},"image":{"@id":"https:\/\/buletin.de\/bucuresti\/machetele-avioanelor-care-au-zburat-sub-culori-romanesti-vor-fi-expuse-de-cnab\/#primaryimage"},"thumbnailUrl":"https:\/\/buletin.de\/bucuresti\/wp-content\/uploads\/primul_avion_cu_reactie_Henri_Coanda.jpeg","datePublished":"2023-06-05T10:33:12+00:00","dateModified":"2023-06-05T10:33:13+00:00","breadcrumb":{"@id":"https:\/\/buletin.de\/bucuresti\/machetele-avioanelor-care-au-zburat-sub-culori-romanesti-vor-fi-expuse-de-cnab\/#breadcrumb"},"inLanguage":"en-GB","potentialAction":[{"@type":"ReadAction","target":["https:\/\/buletin.de\/bucuresti\/machetele-avioanelor-care-au-zburat-sub-culori-romanesti-vor-fi-expuse-de-cnab\/"]}]},{"@type":"ImageObject","inLanguage":"en-GB","@id":"https:\/\/buletin.de\/bucuresti\/machetele-avioanelor-care-au-zburat-sub-culori-romanesti-vor-fi-expuse-de-cnab\/#primaryimage","url":"https:\/\/buletin.de\/bucuresti\/wp-content\/uploads\/primul_avion_cu_reactie_Henri_Coanda.jpeg","contentUrl":"https:\/\/buletin.de\/bucuresti\/wp-content\/uploads\/primul_avion_cu_reactie_Henri_Coanda.jpeg","width":630,"height":430},{"@type":"BreadcrumbList","@id":"https:\/\/buletin.de\/bucuresti\/machetele-avioanelor-care-au-zburat-sub-culori-romanesti-vor-fi-expuse-de-cnab\/#breadcrumb","itemListElement":[{"@type":"ListItem","position":1,"name":"Acas\u0103","item":"https:\/\/buletin.de\/bucuresti\/"},{"@type":"ListItem","position":2,"name":"Machetele avioanelor care au zburat sub culori rom\u00e2ne\u0219ti vor fi expuse de CNAB"}]},{"@type":"WebSite","@id":"https:\/\/buletin.de\/bucuresti\/#website","url":"https:\/\/buletin.de\/bucuresti\/","name":"Buletin de Bucure\u0219ti","description":"\u0218tiri \u0219i investiga\u021bii esen\u021biale din capital\u0103","publisher":{"@id":"https:\/\/buletin.de\/bucuresti\/#organization"},"potentialAction":[{"@type":"SearchAction","target":{"@type":"EntryPoint","urlTemplate":"https:\/\/buletin.de\/bucuresti\/?s={search_term_string}"},"query-input":{"@type":"PropertyValueSpecification","valueRequired":true,"valueName":"search_term_string"}}],"inLanguage":"en-GB"},{"@type":"Organization","@id":"https:\/\/buletin.de\/bucuresti\/#organization","name":"Buletin de Bucure\u0219ti","url":"https:\/\/buletin.de\/bucuresti\/","logo":{"@type":"ImageObject","inLanguage":"en-GB","@id":"https:\/\/buletin.de\/bucuresti\/#\/schema\/logo\/image\/","url":"https:\/\/buletin.de\/bucuresti\/wp-content\/uploads\/logo-bdb-full-wide-vernil-transparent.png","contentUrl":"https:\/\/buletin.de\/bucuresti\/wp-content\/uploads\/logo-bdb-full-wide-vernil-transparent.png","width":1782,"height":626,"caption":"Buletin de Bucure\u0219ti"},"image":{"@id":"https:\/\/buletin.de\/bucuresti\/#\/schema\/logo\/image\/"},"sameAs":["https:\/\/www.facebook.com\/buletin.de.buc","https:\/\/www.instagram.com\/buletinde.bucuresti\/"]},{"@type":"Person","@id":"https:\/\/buletin.de\/bucuresti\/#\/schema\/person\/b0686d7a8b666c6afc78239777fd8a89","name":"Florin R\u00e2\u0219teiu","image":{"@type":"ImageObject","inLanguage":"en-GB","@id":"https:\/\/buletin.de\/bucuresti\/wp-content\/uploads\/Florin-Rasteiu-96x96.jpgf0a6fe28453aa12f0a60e4d0a2e3a78c","url":"https:\/\/buletin.de\/bucuresti\/wp-content\/uploads\/Florin-Rasteiu-96x96.jpg","contentUrl":"https:\/\/buletin.de\/bucuresti\/wp-content\/uploads\/Florin-Rasteiu-96x96.jpg","caption":"Florin R\u00e2\u0219teiu"},"description":"Jurnalist de investiga\u021bie. Lucreaz\u0103 de aproape 6 ani la Buletin de Bucure\u0219ti, unde a publicat articole care scot la suprafa\u021b\u0103 corup\u021bia din Capital\u0103. Analizeaz\u0103 baze de date zilnic \u0219i scoate pove\u0219ti din exceluri pline de cifre. Pune reflectorul pe adev\u0103r cu fiecare ocazie. A c\u00e2\u0219tigat premiul I la categoria Pres\u0103 Local\u0103 \u00een 2025 \u0219i locul al II-lea la aceea\u0219i categorie \u00een 2024 \u00een cadrul Premiilor Superscrieri pentru jurnalism independent.","url":"https:\/\/buletin.de\/bucuresti\/author\/florinrasteiu\/"}]}},"authors":[{"term_id":22576,"user_id":17,"is_guest":0,"slug":"florinrasteiu","display_name":"Florin R\u00e2\u0219teiu","avatar_url":"https:\/\/buletin.de\/bucuresti\/wp-content\/uploads\/Florin-Rasteiu-96x96.jpg","0":null,"1":"","2":"","3":"","4":"","5":"","6":"","7":"","8":""}],"_links":{"self":[{"href":"https:\/\/buletin.de\/bucuresti\/wp-json\/wp\/v2\/posts\/58819","targetHints":{"allow":["GET"]}}],"collection":[{"href":"https:\/\/buletin.de\/bucuresti\/wp-json\/wp\/v2\/posts"}],"about":[{"href":"https:\/\/buletin.de\/bucuresti\/wp-json\/wp\/v2\/types\/post"}],"author":[{"embeddable":true,"href":"https:\/\/buletin.de\/bucuresti\/wp-json\/wp\/v2\/users\/17"}],"replies":[{"embeddable":true,"href":"https:\/\/buletin.de\/bucuresti\/wp-json\/wp\/v2\/comments?post=58819"}],"version-history":[{"count":2,"href":"https:\/\/buletin.de\/bucuresti\/wp-json\/wp\/v2\/posts\/58819\/revisions"}],"predecessor-version":[{"id":58827,"href":"https:\/\/buletin.de\/bucuresti\/wp-json\/wp\/v2\/posts\/58819\/revisions\/58827"}],"wp:featuredmedia":[{"embeddable":true,"href":"https:\/\/buletin.de\/bucuresti\/wp-json\/wp\/v2\/media\/58824"}],"wp:attachment":[{"href":"https:\/\/buletin.de\/bucuresti\/wp-json\/wp\/v2\/media?parent=58819"}],"wp:term":[{"taxonomy":"category","embeddable":true,"href":"https:\/\/buletin.de\/bucuresti\/wp-json\/wp\/v2\/categories?post=58819"},{"taxonomy":"post_tag","embeddable":true,"href":"https:\/\/buletin.de\/bucuresti\/wp-json\/wp\/v2\/tags?post=58819"},{"taxonomy":"author","embeddable":true,"href":"https:\/\/buletin.de\/bucuresti\/wp-json\/wp\/v2\/ppma_author?post=58819"}],"curies":[{"name":"wp","href":"https:\/\/api.w.org\/{rel}","templated":true}]}}