{"id":58697,"date":"2023-06-01T16:50:04","date_gmt":"2023-06-01T14:50:04","guid":{"rendered":"https:\/\/buletin.de\/bucuresti\/?p=58697"},"modified":"2023-06-01T16:50:05","modified_gmt":"2023-06-01T14:50:05","slug":"fabrica-de-bani-de-la-arena-nationala-4-milioane-de-euro-in-ultimii-trei-ani","status":"publish","type":"post","link":"https:\/\/buletin.de\/bucuresti\/fabrica-de-bani-de-la-arena-nationala-4-milioane-de-euro-in-ultimii-trei-ani\/","title":{"rendered":"\u201eFabrica de bani\u201c de la Arena Na\u021bional\u0103: 4 milioane de euro, \u00een ultimii trei ani"},"content":{"rendered":"\n<p><strong>Arena Na\u021bional\u0103 a adus la bugetul Prm\u0103riei Capitalei peste 4 milioane de euro \u00een ultimii ani, informeaz\u0103 institu\u021bia. Banii provin, \u00een cea mai mare parte, din \u00eenchrierea stadionului pentru evenimente sportive sau culturale. Comparativ, \u00een perioada 2018 \u2013 2020, \u00eencas\u0103rile au fost de doar 1,2 milioane euro.<\/strong><\/p>\n\n\n\n<p>Municipalitatea sus\u021bine c\u0103 <em>\u201ep\u00e2n\u0103 la finalul anului, aceast\u0103 sum\u0103 va cre\u0219te considerabil, av\u00e2nd \u00een vedere faptul c\u0103 sunt programate evenimente de amploare, inclusiv 2 concerte la care va participa cu siguran\u021b\u0103 un public numeros, at\u00e2t bucure\u0219teni, c\u00e2t \u0219i turi\u0219ti\u201c. <\/em><\/p>\n\n\n\n<p>Concertele de pe Arena Na\u021bional\u0103 aduc bani consisten\u021bi pentru bugetul Prim\u0103riei. \u00cen 2022, organizatorul \u201eSaga Festival\u201c a declarat pntru Buletin de Bucure\u0219ti c\u0103 a pl\u0103tit aproximativ 1 milion de euro pentru \u00eenchirierea stadionului (aici incluz\u00e2nd \u0219i schimbarea gazonului).<\/p>\n\n\n\n<h2 class=\"wp-block-heading\"><strong>Arena Na\u021bional\u0103, bani de la echipele de fotbal ale Capitalei <\/strong><\/h2>\n\n\n\n<p>\u00cen ultimii ani, sumele au fost mai cosnistente \u0219i pentru c\u0103 echipele de fotbal din Bucure\u0219ti au avut stadioanele \u00een plin \u0219antier. De exemplu, Rapid Bucure\u0219ti, a \u00eenchiriat \u00een mai multe r\u00e2nduri stadionul din Pantelimon \u00eenainte ca arena din Giule\u0219ti s\u0103 fie gata. \u00cen aceast\u0103 situa\u021bie se afl\u0103 Dinamo acum. <\/p>\n\n\n\n<p>De asmenea, FCSB, echipa de\u021binut\u0103 de Gigi Becali a tranformat Arena Na\u021bional\u0103 \u00een \u201eacas\u0103\u201c, dupa ce a \u00eenchiriat meci de meci stadionul din cauza faptului c\u0103 pe Stadionul din Ghencea au intrdic\u021bie din cauza conflictului cu CSA Steaua, echipa Armatei.  <\/p>\n\n\n\n<p>Arena Na\u021bional\u0103 este, de departe, cea mai scump\u0103 construc\u021bie din patrimoniul Prim\u0103riei Municipiului Bucure\u0219ti cost\u00e2nd aproximativ 200 de milioane de euro. Stadionul a fost inaugurat la meciul dintre Rom\u00e2nia \u0219i Fran\u021ba din 6 septembrie 2011. <\/p>\n\n\n\n<p>O analiz\u0103 f\u0103cut\u0103 de <a href=\"https:\/\/panorama.ro\/nume-arena-nationala-usr\/\">Panorama.ro<\/a>  arat\u0103 c\u0103 \u00een primii zece ani, stadionul nu a fost niciodat\u0103 pe profit. Astfel, \u00een perioada 2011-2020, veniturile pe care le-a f\u0103cut Arena Na\u021bional\u0103 ajung la pu\u021bin peste 6,5 milioane de euro, \u00een timp ce cheltuielile se apropie de 20 de milioane de euro. <\/p>\n\n\n\n<p><strong>Surs\u0103 Cover:<\/strong> Facebook\/PMB <\/p>\n","protected":false},"excerpt":{"rendered":"<p>Arena Na\u021bional\u0103 a adus la bugetul Prm\u0103riei Capitalei peste 4 milioane de euro \u00een ultimii ani, informeaz\u0103 institu\u021bia. Banii provin, \u00een cea mai mare parte, din \u00eenchrierea stadionului pentru evenimente sportive sau culturale. Comparativ, \u00een perioada 2018 \u2013 2020, \u00eencas\u0103rile au fost de doar 1,2 milioane euro. Municipalitatea sus\u021bine c\u0103 \u201ep\u00e2n\u0103 la finalul anului, aceast\u0103 [&hellip;]<\/p>\n","protected":false},"author":17,"featured_media":58698,"comment_status":"closed","ping_status":"open","sticky":false,"template":"","format":"standard","meta":{"_acf_changed":false,"inline_featured_image":false,"ngg_post_thumbnail":0,"footnotes":""},"categories":[24],"tags":[2762,2063,3612,4847,1899,2236],"ppma_author":[22576],"class_list":["post-58697","post","type-post","status-publish","format-standard","has-post-thumbnail","hentry","category-primarie","tag-arena-nationala-2","tag-bucuresti-2","tag-chirie","tag-concerte","tag-nicusor-dan-2","tag-profit"],"acf":[],"yoast_head":"<!-- This site is optimized with the Yoast SEO Premium plugin v25.3 (Yoast SEO v27.4) - https:\/\/yoast.com\/product\/yoast-seo-premium-wordpress\/ -->\n<title>\u201eFabrica de bani\u201c de la Arena Na\u021bional\u0103: 4 milioane de euro, \u00een ultimii trei ani - Buletin de Bucure\u0219ti<\/title>\n<meta name=\"robots\" content=\"index, follow, max-snippet:-1, max-image-preview:large, max-video-preview:-1\" \/>\n<link rel=\"canonical\" href=\"https:\/\/buletin.de\/bucuresti\/fabrica-de-bani-de-la-arena-nationala-4-milioane-de-euro-in-ultimii-trei-ani\/\" \/>\n<meta property=\"og:locale\" content=\"en_GB\" \/>\n<meta property=\"og:type\" content=\"article\" \/>\n<meta property=\"og:title\" content=\"\u201eFabrica de bani\u201c de la Arena Na\u021bional\u0103: 4 milioane de euro, \u00een ultimii trei ani\" \/>\n<meta property=\"og:description\" content=\"Arena Na\u021bional\u0103 a adus la bugetul Prm\u0103riei Capitalei peste 4 milioane de euro \u00een ultimii ani, informeaz\u0103 institu\u021bia. Banii provin, \u00een cea mai mare parte, din \u00eenchrierea stadionului pentru evenimente sportive sau culturale. Comparativ, \u00een perioada 2018 \u2013 2020, \u00eencas\u0103rile au fost de doar 1,2 milioane euro. Municipalitatea sus\u021bine c\u0103 \u201ep\u00e2n\u0103 la finalul anului, aceast\u0103 [&hellip;]\" \/>\n<meta property=\"og:url\" content=\"https:\/\/buletin.de\/bucuresti\/fabrica-de-bani-de-la-arena-nationala-4-milioane-de-euro-in-ultimii-trei-ani\/\" \/>\n<meta property=\"og:site_name\" content=\"Buletin de Bucure\u0219ti\" \/>\n<meta property=\"article:publisher\" content=\"https:\/\/www.facebook.com\/buletin.de.buc\" \/>\n<meta property=\"article:published_time\" content=\"2023-06-01T14:50:04+00:00\" \/>\n<meta property=\"article:modified_time\" content=\"2023-06-01T14:50:05+00:00\" \/>\n<meta property=\"og:image\" content=\"https:\/\/buletin.de\/bucuresti\/wp-content\/uploads\/350314426_275823488179525_5596530496201317462_n.jpeg\" \/>\n\t<meta property=\"og:image:width\" content=\"1024\" \/>\n\t<meta property=\"og:image:height\" content=\"768\" \/>\n\t<meta property=\"og:image:type\" content=\"image\/jpeg\" \/>\n<meta name=\"author\" content=\"Florin R\u00e2\u0219teiu\" \/>\n<meta name=\"twitter:card\" content=\"summary_large_image\" \/>\n<meta name=\"twitter:label1\" content=\"Written by\" \/>\n\t<meta name=\"twitter:data1\" content=\"Florin R\u00e2\u0219teiu\" \/>\n\t<meta name=\"twitter:label2\" content=\"Estimated reading time\" \/>\n\t<meta name=\"twitter:data2\" content=\"2 minutes\" \/>\n<script type=\"application\/ld+json\" class=\"yoast-schema-graph\">{\"@context\":\"https:\\\/\\\/schema.org\",\"@graph\":[{\"@type\":\"Article\",\"@id\":\"https:\\\/\\\/buletin.de\\\/bucuresti\\\/fabrica-de-bani-de-la-arena-nationala-4-milioane-de-euro-in-ultimii-trei-ani\\\/#article\",\"isPartOf\":{\"@id\":\"https:\\\/\\\/buletin.de\\\/bucuresti\\\/fabrica-de-bani-de-la-arena-nationala-4-milioane-de-euro-in-ultimii-trei-ani\\\/\"},\"author\":{\"name\":\"Florin R\u00e2\u0219teiu\",\"@id\":\"https:\\\/\\\/buletin.de\\\/bucuresti\\\/#\\\/schema\\\/person\\\/b0686d7a8b666c6afc78239777fd8a89\"},\"headline\":\"\u201eFabrica de bani\u201c de la Arena Na\u021bional\u0103: 4 milioane de euro, \u00een ultimii trei ani\",\"datePublished\":\"2023-06-01T14:50:04+00:00\",\"dateModified\":\"2023-06-01T14:50:05+00:00\",\"mainEntityOfPage\":{\"@id\":\"https:\\\/\\\/buletin.de\\\/bucuresti\\\/fabrica-de-bani-de-la-arena-nationala-4-milioane-de-euro-in-ultimii-trei-ani\\\/\"},\"wordCount\":353,\"publisher\":{\"@id\":\"https:\\\/\\\/buletin.de\\\/bucuresti\\\/#organization\"},\"image\":{\"@id\":\"https:\\\/\\\/buletin.de\\\/bucuresti\\\/fabrica-de-bani-de-la-arena-nationala-4-milioane-de-euro-in-ultimii-trei-ani\\\/#primaryimage\"},\"thumbnailUrl\":\"https:\\\/\\\/buletin.de\\\/bucuresti\\\/wp-content\\\/uploads\\\/350314426_275823488179525_5596530496201317462_n.jpeg\",\"keywords\":[\"Arena Na\u021bional\u0103\",\"Bucure\u0219ti\",\"chirie\",\"Concerte\",\"Nicu\u0219or Dan\",\"profit\"],\"articleSection\":[\"Prim\u0103rie\"],\"inLanguage\":\"en-GB\",\"copyrightYear\":\"2023\",\"copyrightHolder\":{\"@id\":\"https:\\\/\\\/buletin.de\\\/bucuresti\\\/#organization\"}},{\"@type\":\"WebPage\",\"@id\":\"https:\\\/\\\/buletin.de\\\/bucuresti\\\/fabrica-de-bani-de-la-arena-nationala-4-milioane-de-euro-in-ultimii-trei-ani\\\/\",\"url\":\"https:\\\/\\\/buletin.de\\\/bucuresti\\\/fabrica-de-bani-de-la-arena-nationala-4-milioane-de-euro-in-ultimii-trei-ani\\\/\",\"name\":\"\u201eFabrica de bani\u201c de la Arena Na\u021bional\u0103: 4 milioane de euro, \u00een ultimii trei ani - Buletin de Bucure\u0219ti\",\"isPartOf\":{\"@id\":\"https:\\\/\\\/buletin.de\\\/bucuresti\\\/#website\"},\"primaryImageOfPage\":{\"@id\":\"https:\\\/\\\/buletin.de\\\/bucuresti\\\/fabrica-de-bani-de-la-arena-nationala-4-milioane-de-euro-in-ultimii-trei-ani\\\/#primaryimage\"},\"image\":{\"@id\":\"https:\\\/\\\/buletin.de\\\/bucuresti\\\/fabrica-de-bani-de-la-arena-nationala-4-milioane-de-euro-in-ultimii-trei-ani\\\/#primaryimage\"},\"thumbnailUrl\":\"https:\\\/\\\/buletin.de\\\/bucuresti\\\/wp-content\\\/uploads\\\/350314426_275823488179525_5596530496201317462_n.jpeg\",\"datePublished\":\"2023-06-01T14:50:04+00:00\",\"dateModified\":\"2023-06-01T14:50:05+00:00\",\"breadcrumb\":{\"@id\":\"https:\\\/\\\/buletin.de\\\/bucuresti\\\/fabrica-de-bani-de-la-arena-nationala-4-milioane-de-euro-in-ultimii-trei-ani\\\/#breadcrumb\"},\"inLanguage\":\"en-GB\",\"potentialAction\":[{\"@type\":\"ReadAction\",\"target\":[\"https:\\\/\\\/buletin.de\\\/bucuresti\\\/fabrica-de-bani-de-la-arena-nationala-4-milioane-de-euro-in-ultimii-trei-ani\\\/\"]}]},{\"@type\":\"ImageObject\",\"inLanguage\":\"en-GB\",\"@id\":\"https:\\\/\\\/buletin.de\\\/bucuresti\\\/fabrica-de-bani-de-la-arena-nationala-4-milioane-de-euro-in-ultimii-trei-ani\\\/#primaryimage\",\"url\":\"https:\\\/\\\/buletin.de\\\/bucuresti\\\/wp-content\\\/uploads\\\/350314426_275823488179525_5596530496201317462_n.jpeg\",\"contentUrl\":\"https:\\\/\\\/buletin.de\\\/bucuresti\\\/wp-content\\\/uploads\\\/350314426_275823488179525_5596530496201317462_n.jpeg\",\"width\":1024,\"height\":768,\"caption\":\"Facebook\\\/PMB\"},{\"@type\":\"BreadcrumbList\",\"@id\":\"https:\\\/\\\/buletin.de\\\/bucuresti\\\/fabrica-de-bani-de-la-arena-nationala-4-milioane-de-euro-in-ultimii-trei-ani\\\/#breadcrumb\",\"itemListElement\":[{\"@type\":\"ListItem\",\"position\":1,\"name\":\"Acas\u0103\",\"item\":\"https:\\\/\\\/buletin.de\\\/bucuresti\\\/\"},{\"@type\":\"ListItem\",\"position\":2,\"name\":\"\u201eFabrica de bani\u201c de la Arena Na\u021bional\u0103: 4 milioane de euro, \u00een ultimii trei ani\"}]},{\"@type\":\"WebSite\",\"@id\":\"https:\\\/\\\/buletin.de\\\/bucuresti\\\/#website\",\"url\":\"https:\\\/\\\/buletin.de\\\/bucuresti\\\/\",\"name\":\"Buletin de Bucure\u0219ti\",\"description\":\"\u0218tiri \u0219i investiga\u021bii esen\u021biale din capital\u0103\",\"publisher\":{\"@id\":\"https:\\\/\\\/buletin.de\\\/bucuresti\\\/#organization\"},\"potentialAction\":[{\"@type\":\"SearchAction\",\"target\":{\"@type\":\"EntryPoint\",\"urlTemplate\":\"https:\\\/\\\/buletin.de\\\/bucuresti\\\/?s={search_term_string}\"},\"query-input\":{\"@type\":\"PropertyValueSpecification\",\"valueRequired\":true,\"valueName\":\"search_term_string\"}}],\"inLanguage\":\"en-GB\"},{\"@type\":\"Organization\",\"@id\":\"https:\\\/\\\/buletin.de\\\/bucuresti\\\/#organization\",\"name\":\"Buletin de Bucure\u0219ti\",\"url\":\"https:\\\/\\\/buletin.de\\\/bucuresti\\\/\",\"logo\":{\"@type\":\"ImageObject\",\"inLanguage\":\"en-GB\",\"@id\":\"https:\\\/\\\/buletin.de\\\/bucuresti\\\/#\\\/schema\\\/logo\\\/image\\\/\",\"url\":\"https:\\\/\\\/buletin.de\\\/bucuresti\\\/wp-content\\\/uploads\\\/logo-bdb-full-wide-vernil-transparent.png\",\"contentUrl\":\"https:\\\/\\\/buletin.de\\\/bucuresti\\\/wp-content\\\/uploads\\\/logo-bdb-full-wide-vernil-transparent.png\",\"width\":1782,\"height\":626,\"caption\":\"Buletin de Bucure\u0219ti\"},\"image\":{\"@id\":\"https:\\\/\\\/buletin.de\\\/bucuresti\\\/#\\\/schema\\\/logo\\\/image\\\/\"},\"sameAs\":[\"https:\\\/\\\/www.facebook.com\\\/buletin.de.buc\",\"https:\\\/\\\/www.instagram.com\\\/buletinde.bucuresti\\\/\"]},{\"@type\":\"Person\",\"@id\":\"https:\\\/\\\/buletin.de\\\/bucuresti\\\/#\\\/schema\\\/person\\\/b0686d7a8b666c6afc78239777fd8a89\",\"name\":\"Florin R\u00e2\u0219teiu\",\"image\":{\"@type\":\"ImageObject\",\"inLanguage\":\"en-GB\",\"@id\":\"https:\\\/\\\/buletin.de\\\/bucuresti\\\/wp-content\\\/uploads\\\/Florin-Rasteiu-96x96.jpgf0a6fe28453aa12f0a60e4d0a2e3a78c\",\"url\":\"https:\\\/\\\/buletin.de\\\/bucuresti\\\/wp-content\\\/uploads\\\/Florin-Rasteiu-96x96.jpg\",\"contentUrl\":\"https:\\\/\\\/buletin.de\\\/bucuresti\\\/wp-content\\\/uploads\\\/Florin-Rasteiu-96x96.jpg\",\"caption\":\"Florin R\u00e2\u0219teiu\"},\"description\":\"Jurnalist de investiga\u021bie. Lucreaz\u0103 de aproape 6 ani la Buletin de Bucure\u0219ti, unde a publicat articole care scot la suprafa\u021b\u0103 corup\u021bia din Capital\u0103. Analizeaz\u0103 baze de date zilnic \u0219i scoate pove\u0219ti din exceluri pline de cifre. Pune reflectorul pe adev\u0103r cu fiecare ocazie. A c\u00e2\u0219tigat premiul I la categoria Pres\u0103 Local\u0103 \u00een 2025 \u0219i locul al II-lea la aceea\u0219i categorie \u00een 2024 \u00een cadrul Premiilor Superscrieri pentru jurnalism independent.\",\"url\":\"https:\\\/\\\/buletin.de\\\/bucuresti\\\/author\\\/florinrasteiu\\\/\"}]}<\/script>\n<!-- \/ Yoast SEO Premium plugin. -->","yoast_head_json":{"title":"\u201eFabrica de bani\u201c de la Arena Na\u021bional\u0103: 4 milioane de euro, \u00een ultimii trei ani - Buletin de Bucure\u0219ti","robots":{"index":"index","follow":"follow","max-snippet":"max-snippet:-1","max-image-preview":"max-image-preview:large","max-video-preview":"max-video-preview:-1"},"canonical":"https:\/\/buletin.de\/bucuresti\/fabrica-de-bani-de-la-arena-nationala-4-milioane-de-euro-in-ultimii-trei-ani\/","og_locale":"en_GB","og_type":"article","og_title":"\u201eFabrica de bani\u201c de la Arena Na\u021bional\u0103: 4 milioane de euro, \u00een ultimii trei ani","og_description":"Arena Na\u021bional\u0103 a adus la bugetul Prm\u0103riei Capitalei peste 4 milioane de euro \u00een ultimii ani, informeaz\u0103 institu\u021bia. Banii provin, \u00een cea mai mare parte, din \u00eenchrierea stadionului pentru evenimente sportive sau culturale. Comparativ, \u00een perioada 2018 \u2013 2020, \u00eencas\u0103rile au fost de doar 1,2 milioane euro. Municipalitatea sus\u021bine c\u0103 \u201ep\u00e2n\u0103 la finalul anului, aceast\u0103 [&hellip;]","og_url":"https:\/\/buletin.de\/bucuresti\/fabrica-de-bani-de-la-arena-nationala-4-milioane-de-euro-in-ultimii-trei-ani\/","og_site_name":"Buletin de Bucure\u0219ti","article_publisher":"https:\/\/www.facebook.com\/buletin.de.buc","article_published_time":"2023-06-01T14:50:04+00:00","article_modified_time":"2023-06-01T14:50:05+00:00","og_image":[{"width":1024,"height":768,"url":"https:\/\/buletin.de\/bucuresti\/wp-content\/uploads\/350314426_275823488179525_5596530496201317462_n.jpeg","type":"image\/jpeg"}],"author":"Florin R\u00e2\u0219teiu","twitter_card":"summary_large_image","twitter_misc":{"Written by":"Florin R\u00e2\u0219teiu","Estimated reading time":"2 minutes"},"schema":{"@context":"https:\/\/schema.org","@graph":[{"@type":"Article","@id":"https:\/\/buletin.de\/bucuresti\/fabrica-de-bani-de-la-arena-nationala-4-milioane-de-euro-in-ultimii-trei-ani\/#article","isPartOf":{"@id":"https:\/\/buletin.de\/bucuresti\/fabrica-de-bani-de-la-arena-nationala-4-milioane-de-euro-in-ultimii-trei-ani\/"},"author":{"name":"Florin R\u00e2\u0219teiu","@id":"https:\/\/buletin.de\/bucuresti\/#\/schema\/person\/b0686d7a8b666c6afc78239777fd8a89"},"headline":"\u201eFabrica de bani\u201c de la Arena Na\u021bional\u0103: 4 milioane de euro, \u00een ultimii trei ani","datePublished":"2023-06-01T14:50:04+00:00","dateModified":"2023-06-01T14:50:05+00:00","mainEntityOfPage":{"@id":"https:\/\/buletin.de\/bucuresti\/fabrica-de-bani-de-la-arena-nationala-4-milioane-de-euro-in-ultimii-trei-ani\/"},"wordCount":353,"publisher":{"@id":"https:\/\/buletin.de\/bucuresti\/#organization"},"image":{"@id":"https:\/\/buletin.de\/bucuresti\/fabrica-de-bani-de-la-arena-nationala-4-milioane-de-euro-in-ultimii-trei-ani\/#primaryimage"},"thumbnailUrl":"https:\/\/buletin.de\/bucuresti\/wp-content\/uploads\/350314426_275823488179525_5596530496201317462_n.jpeg","keywords":["Arena Na\u021bional\u0103","Bucure\u0219ti","chirie","Concerte","Nicu\u0219or Dan","profit"],"articleSection":["Prim\u0103rie"],"inLanguage":"en-GB","copyrightYear":"2023","copyrightHolder":{"@id":"https:\/\/buletin.de\/bucuresti\/#organization"}},{"@type":"WebPage","@id":"https:\/\/buletin.de\/bucuresti\/fabrica-de-bani-de-la-arena-nationala-4-milioane-de-euro-in-ultimii-trei-ani\/","url":"https:\/\/buletin.de\/bucuresti\/fabrica-de-bani-de-la-arena-nationala-4-milioane-de-euro-in-ultimii-trei-ani\/","name":"\u201eFabrica de bani\u201c de la Arena Na\u021bional\u0103: 4 milioane de euro, \u00een ultimii trei ani - Buletin de Bucure\u0219ti","isPartOf":{"@id":"https:\/\/buletin.de\/bucuresti\/#website"},"primaryImageOfPage":{"@id":"https:\/\/buletin.de\/bucuresti\/fabrica-de-bani-de-la-arena-nationala-4-milioane-de-euro-in-ultimii-trei-ani\/#primaryimage"},"image":{"@id":"https:\/\/buletin.de\/bucuresti\/fabrica-de-bani-de-la-arena-nationala-4-milioane-de-euro-in-ultimii-trei-ani\/#primaryimage"},"thumbnailUrl":"https:\/\/buletin.de\/bucuresti\/wp-content\/uploads\/350314426_275823488179525_5596530496201317462_n.jpeg","datePublished":"2023-06-01T14:50:04+00:00","dateModified":"2023-06-01T14:50:05+00:00","breadcrumb":{"@id":"https:\/\/buletin.de\/bucuresti\/fabrica-de-bani-de-la-arena-nationala-4-milioane-de-euro-in-ultimii-trei-ani\/#breadcrumb"},"inLanguage":"en-GB","potentialAction":[{"@type":"ReadAction","target":["https:\/\/buletin.de\/bucuresti\/fabrica-de-bani-de-la-arena-nationala-4-milioane-de-euro-in-ultimii-trei-ani\/"]}]},{"@type":"ImageObject","inLanguage":"en-GB","@id":"https:\/\/buletin.de\/bucuresti\/fabrica-de-bani-de-la-arena-nationala-4-milioane-de-euro-in-ultimii-trei-ani\/#primaryimage","url":"https:\/\/buletin.de\/bucuresti\/wp-content\/uploads\/350314426_275823488179525_5596530496201317462_n.jpeg","contentUrl":"https:\/\/buletin.de\/bucuresti\/wp-content\/uploads\/350314426_275823488179525_5596530496201317462_n.jpeg","width":1024,"height":768,"caption":"Facebook\/PMB"},{"@type":"BreadcrumbList","@id":"https:\/\/buletin.de\/bucuresti\/fabrica-de-bani-de-la-arena-nationala-4-milioane-de-euro-in-ultimii-trei-ani\/#breadcrumb","itemListElement":[{"@type":"ListItem","position":1,"name":"Acas\u0103","item":"https:\/\/buletin.de\/bucuresti\/"},{"@type":"ListItem","position":2,"name":"\u201eFabrica de bani\u201c de la Arena Na\u021bional\u0103: 4 milioane de euro, \u00een ultimii trei ani"}]},{"@type":"WebSite","@id":"https:\/\/buletin.de\/bucuresti\/#website","url":"https:\/\/buletin.de\/bucuresti\/","name":"Buletin de Bucure\u0219ti","description":"\u0218tiri \u0219i investiga\u021bii esen\u021biale din capital\u0103","publisher":{"@id":"https:\/\/buletin.de\/bucuresti\/#organization"},"potentialAction":[{"@type":"SearchAction","target":{"@type":"EntryPoint","urlTemplate":"https:\/\/buletin.de\/bucuresti\/?s={search_term_string}"},"query-input":{"@type":"PropertyValueSpecification","valueRequired":true,"valueName":"search_term_string"}}],"inLanguage":"en-GB"},{"@type":"Organization","@id":"https:\/\/buletin.de\/bucuresti\/#organization","name":"Buletin de Bucure\u0219ti","url":"https:\/\/buletin.de\/bucuresti\/","logo":{"@type":"ImageObject","inLanguage":"en-GB","@id":"https:\/\/buletin.de\/bucuresti\/#\/schema\/logo\/image\/","url":"https:\/\/buletin.de\/bucuresti\/wp-content\/uploads\/logo-bdb-full-wide-vernil-transparent.png","contentUrl":"https:\/\/buletin.de\/bucuresti\/wp-content\/uploads\/logo-bdb-full-wide-vernil-transparent.png","width":1782,"height":626,"caption":"Buletin de Bucure\u0219ti"},"image":{"@id":"https:\/\/buletin.de\/bucuresti\/#\/schema\/logo\/image\/"},"sameAs":["https:\/\/www.facebook.com\/buletin.de.buc","https:\/\/www.instagram.com\/buletinde.bucuresti\/"]},{"@type":"Person","@id":"https:\/\/buletin.de\/bucuresti\/#\/schema\/person\/b0686d7a8b666c6afc78239777fd8a89","name":"Florin R\u00e2\u0219teiu","image":{"@type":"ImageObject","inLanguage":"en-GB","@id":"https:\/\/buletin.de\/bucuresti\/wp-content\/uploads\/Florin-Rasteiu-96x96.jpgf0a6fe28453aa12f0a60e4d0a2e3a78c","url":"https:\/\/buletin.de\/bucuresti\/wp-content\/uploads\/Florin-Rasteiu-96x96.jpg","contentUrl":"https:\/\/buletin.de\/bucuresti\/wp-content\/uploads\/Florin-Rasteiu-96x96.jpg","caption":"Florin R\u00e2\u0219teiu"},"description":"Jurnalist de investiga\u021bie. Lucreaz\u0103 de aproape 6 ani la Buletin de Bucure\u0219ti, unde a publicat articole care scot la suprafa\u021b\u0103 corup\u021bia din Capital\u0103. Analizeaz\u0103 baze de date zilnic \u0219i scoate pove\u0219ti din exceluri pline de cifre. Pune reflectorul pe adev\u0103r cu fiecare ocazie. A c\u00e2\u0219tigat premiul I la categoria Pres\u0103 Local\u0103 \u00een 2025 \u0219i locul al II-lea la aceea\u0219i categorie \u00een 2024 \u00een cadrul Premiilor Superscrieri pentru jurnalism independent.","url":"https:\/\/buletin.de\/bucuresti\/author\/florinrasteiu\/"}]}},"authors":[{"term_id":22576,"user_id":17,"is_guest":0,"slug":"florinrasteiu","display_name":"Florin R\u00e2\u0219teiu","avatar_url":"https:\/\/buletin.de\/bucuresti\/wp-content\/uploads\/Florin-Rasteiu-96x96.jpg","0":null,"1":"","2":"","3":"","4":"","5":"","6":"","7":"","8":""}],"_links":{"self":[{"href":"https:\/\/buletin.de\/bucuresti\/wp-json\/wp\/v2\/posts\/58697","targetHints":{"allow":["GET"]}}],"collection":[{"href":"https:\/\/buletin.de\/bucuresti\/wp-json\/wp\/v2\/posts"}],"about":[{"href":"https:\/\/buletin.de\/bucuresti\/wp-json\/wp\/v2\/types\/post"}],"author":[{"embeddable":true,"href":"https:\/\/buletin.de\/bucuresti\/wp-json\/wp\/v2\/users\/17"}],"replies":[{"embeddable":true,"href":"https:\/\/buletin.de\/bucuresti\/wp-json\/wp\/v2\/comments?post=58697"}],"version-history":[{"count":3,"href":"https:\/\/buletin.de\/bucuresti\/wp-json\/wp\/v2\/posts\/58697\/revisions"}],"predecessor-version":[{"id":58702,"href":"https:\/\/buletin.de\/bucuresti\/wp-json\/wp\/v2\/posts\/58697\/revisions\/58702"}],"wp:featuredmedia":[{"embeddable":true,"href":"https:\/\/buletin.de\/bucuresti\/wp-json\/wp\/v2\/media\/58698"}],"wp:attachment":[{"href":"https:\/\/buletin.de\/bucuresti\/wp-json\/wp\/v2\/media?parent=58697"}],"wp:term":[{"taxonomy":"category","embeddable":true,"href":"https:\/\/buletin.de\/bucuresti\/wp-json\/wp\/v2\/categories?post=58697"},{"taxonomy":"post_tag","embeddable":true,"href":"https:\/\/buletin.de\/bucuresti\/wp-json\/wp\/v2\/tags?post=58697"},{"taxonomy":"author","embeddable":true,"href":"https:\/\/buletin.de\/bucuresti\/wp-json\/wp\/v2\/ppma_author?post=58697"}],"curies":[{"name":"wp","href":"https:\/\/api.w.org\/{rel}","templated":true}]}}