{"id":58540,"date":"2023-05-30T16:55:21","date_gmt":"2023-05-30T14:55:21","guid":{"rendered":"https:\/\/buletin.de\/bucuresti\/?p=58540"},"modified":"2023-05-31T08:51:11","modified_gmt":"2023-05-31T06:51:11","slug":"20-000-de-imobile-din-bucuresti-urmeaza-sa-fie-evaluate-seismic-nicusor-dan-demolarea-si-reconstruirea-sau-demolarea-si-relocarea-reprezinta-optiuni","status":"publish","type":"post","link":"https:\/\/buletin.de\/bucuresti\/20-000-de-imobile-din-bucuresti-urmeaza-sa-fie-evaluate-seismic-nicusor-dan-demolarea-si-reconstruirea-sau-demolarea-si-relocarea-reprezinta-optiuni\/","title":{"rendered":"20.000 de imobile din Bucure\u0219ti urmeaz\u0103 s\u0103 fie evaluate seismic. Nicu\u0219or Dan: \u201eDemolarea \u015fi reconstruirea, sau demolarea \u015fi relocarea reprezint\u0103 op\u021biuni\u201d"},"content":{"rendered":"\n<p><strong>Primarul general, Nicu\u0219or Dan, a anun\u021bat c\u0103 20.000 de imobile din Bucure\u0219ti vor fi expertizate seismic preliminar \u00een urma unei \u00een\u021belegeri \u00eentre Prim\u0103ria General\u0103 \u0219i prim\u0103riile de sector.<\/strong><\/p>\n\n\n\n<p>\u201c<em>A ap\u0103rut s\u0103 aceast\u0103 metodologie a Guvernului privind evaluarea preliminar\u0103 a imobilelor care sunt cu poten\u0163ial risc seismic \u015fi atunci ne-am angajat prin administra\u0163iile noastre s\u0103 venim cu o hart\u0103 a acelor imobile, cu informa\u021bii pe care le-am luat de la Administra\u0163ia Financiar\u0103 \u015fi din alte locuri. <\/em><strong><em>E vorba de aproximativ 20.000 de imobile. Aten\u021bie, nu spun c\u0103 toate aceste de imobile sunt imobile cu risc seismic, sunt imobile care, conform metodologiei, trebuie evaluate pentru a vedea cu ce se \u00eencep expertizele \u015fi mai departe unde punem banii pentru consolid\u0103ri.<\/em><\/strong><em> Prim\u0103ria Municipiul Bucure\u015fti \u015fi prim\u0103riile de sector au competen\u0163a \u00eempreun\u0103 de consolidare a cl\u0103dirilor cu risc seismic \u0219i s\u0103 vedem dac\u0103 putem s\u0103 \u00eemp\u0103r\u0163im aceast\u0103 sarcin\u0103 pe evaluarea preliminar\u0103 \u00eentre Prim\u0103ria General\u0103 \u015fi prim\u0103riile de sector. <\/em><strong><em>Propunerea noastr\u0103 este ca Prim\u0103ria General\u0103 s\u0103 expertizeze cl\u0103dirile care sunt \u00een zonele protejate, zonele istorice ale Bucure\u015ftiului, care sunt cam 4.000, \u015fi prim\u0103riile de sector s\u0103 fac\u0103 cl\u0103dirile care sunt \u00een afara zonelor protejate. \u00cen felul acesta lucr\u0103m mai repede.<\/em><\/strong><em> A r\u0103mas ca prim\u0103riile de sector s\u0103 ne transmit\u0103 r\u0103spunsul lor p\u00e2n\u0103 la jum\u0103tatea lunii iunie. Noi le-am toate datele, ce \u00eenseamn\u0103 s\u0103 faci evaluare preliminar\u0103 pentru o cl\u0103dire,&nbsp; aproximativ cam c\u00e2t <\/em><strong><em>cost\u0103, de ordinul 1.000 de lei pe cl\u0103dire, cam c\u00e2t \u00eenseamn\u0103 ca ordin de timp, cam un om per opt ore, pentru c\u0103 nu-i o expertiz\u0103, ci este o evaluare preliminar\u0103<\/em><\/strong>\u201d, a spun Nicu\u0219or Dan.<\/p>\n\n\n\n<p>Edilul \u0219ef a ad\u0103ugat c\u0103 \u00een urma evalu\u0103rii se va decide dac\u0103 aceasta va fi consolidat\u0103 sau demolat\u0103.<\/p>\n\n\n\n<p>\u201c<em>Evaluarea asta ne spune cu ce trebuie s\u0103 \u00eencepem. Acolo unde chiar \u00eencepem \u015fi decidem c\u0103 trebuie intervenit, dac\u0103 demolarea \u015fi reconstruim sau dac\u0103 demolam \u015fi reloc\u0103m, toate sunt op\u0163iuni<\/em>\u201d, a punctat Nicu\u0219or Dan. Recent,<a href=\"https:\/\/buletin.de\/bucuresti\/45-de-milioane-de-euro-in-finantari-pentru-consolidare-seismica-obtinute-de-amccrs\/\"> Administra\u021bia Municipal\u0103 pentru Consolidarea Cl\u0103dirilor cu Risc Seismic a semnat contracte pentru reabilitarea \u0219i consolidarea a 10 cl\u0103diri care sunt fie monumente istorice, fie se afl\u0103 \u00een zone protejate.<\/a> Valoarea investi\u021biei, finan\u021bat\u0103 prin PNRR, este de 15,4 milioane de euro, ridic\u00e2nd totalul finan\u021b\u0103rilor ob\u021binute de AMCCRS pentru consolidare seismic\u0103 la 45 de milioane de euro.<\/p>\n\n\n\n<p>FOTO: <a href=\"https:\/\/www.facebook.com\/groups\/322084115414400\">Aten\u021bie, cade tencuiala<\/a>\/Alexandru Muntean<\/p>\n","protected":false},"excerpt":{"rendered":"<p>Primarul general, Nicu\u0219or Dan, a anun\u021bat c\u0103 20.000 de imobile din Bucure\u0219ti vor fi expertizate seismic preliminar \u00een urma unei \u00een\u021belegeri \u00eentre Prim\u0103ria General\u0103 \u0219i prim\u0103riile de sector. \u201cA ap\u0103rut s\u0103 aceast\u0103 metodologie a Guvernului privind evaluarea preliminar\u0103 a imobilelor care sunt cu poten\u0163ial risc seismic \u015fi atunci ne-am angajat prin administra\u0163iile noastre s\u0103 venim [&hellip;]<\/p>\n","protected":false},"author":10,"featured_media":58542,"comment_status":"closed","ping_status":"open","sticky":false,"template":"","format":"standard","meta":{"_acf_changed":false,"inline_featured_image":false,"ngg_post_thumbnail":0,"footnotes":""},"categories":[62],"tags":[3001,3336,2913,245],"ppma_author":[22575],"class_list":["post-58540","post","type-post","status-publish","format-standard","has-post-thumbnail","hentry","category-stiri","tag-centrul-vechi","tag-cladiri","tag-evaluare","tag-risc-seismic"],"acf":[],"yoast_head":"<!-- This site is optimized with the Yoast SEO Premium plugin v25.3 (Yoast SEO v27.5) - https:\/\/yoast.com\/product\/yoast-seo-premium-wordpress\/ -->\n<title>20.000 de imobile din Bucure\u0219ti urmeaz\u0103 s\u0103 fie evaluate seismic. Nicu\u0219or Dan: \u201eDemolarea \u015fi reconstruirea, sau demolarea \u015fi relocarea reprezint\u0103 op\u021biuni\u201d - Buletin de Bucure\u0219ti<\/title>\n<meta name=\"robots\" content=\"index, follow, max-snippet:-1, max-image-preview:large, max-video-preview:-1\" \/>\n<link rel=\"canonical\" href=\"https:\/\/buletin.de\/bucuresti\/20-000-de-imobile-din-bucuresti-urmeaza-sa-fie-evaluate-seismic-nicusor-dan-demolarea-si-reconstruirea-sau-demolarea-si-relocarea-reprezinta-optiuni\/\" \/>\n<meta property=\"og:locale\" content=\"en_GB\" \/>\n<meta property=\"og:type\" content=\"article\" \/>\n<meta property=\"og:title\" content=\"20.000 de imobile din Bucure\u0219ti urmeaz\u0103 s\u0103 fie evaluate seismic. Nicu\u0219or Dan: \u201eDemolarea \u015fi reconstruirea, sau demolarea \u015fi relocarea reprezint\u0103 op\u021biuni\u201d\" \/>\n<meta property=\"og:description\" content=\"Primarul general, Nicu\u0219or Dan, a anun\u021bat c\u0103 20.000 de imobile din Bucure\u0219ti vor fi expertizate seismic preliminar \u00een urma unei \u00een\u021belegeri \u00eentre Prim\u0103ria General\u0103 \u0219i prim\u0103riile de sector. \u201cA ap\u0103rut s\u0103 aceast\u0103 metodologie a Guvernului privind evaluarea preliminar\u0103 a imobilelor care sunt cu poten\u0163ial risc seismic \u015fi atunci ne-am angajat prin administra\u0163iile noastre s\u0103 venim [&hellip;]\" \/>\n<meta property=\"og:url\" content=\"https:\/\/buletin.de\/bucuresti\/20-000-de-imobile-din-bucuresti-urmeaza-sa-fie-evaluate-seismic-nicusor-dan-demolarea-si-reconstruirea-sau-demolarea-si-relocarea-reprezinta-optiuni\/\" \/>\n<meta property=\"og:site_name\" content=\"Buletin de Bucure\u0219ti\" \/>\n<meta property=\"article:publisher\" content=\"https:\/\/www.facebook.com\/buletin.de.buc\" \/>\n<meta property=\"article:published_time\" content=\"2023-05-30T14:55:21+00:00\" \/>\n<meta property=\"article:modified_time\" content=\"2023-05-31T06:51:11+00:00\" \/>\n<meta property=\"og:image\" content=\"https:\/\/buletin.de\/bucuresti\/wp-content\/uploads\/cade-tencuiala.jpg\" \/>\n\t<meta property=\"og:image:width\" content=\"2000\" \/>\n\t<meta property=\"og:image:height\" content=\"1333\" \/>\n\t<meta property=\"og:image:type\" content=\"image\/jpeg\" \/>\n<meta name=\"author\" content=\"C\u0103t\u0103lin Dosca\u0219\" \/>\n<meta name=\"twitter:card\" content=\"summary_large_image\" \/>\n<meta name=\"twitter:label1\" content=\"Written by\" \/>\n\t<meta name=\"twitter:data1\" content=\"C\u0103t\u0103lin Dosca\u0219\" \/>\n\t<meta name=\"twitter:label2\" content=\"Estimated reading time\" \/>\n\t<meta name=\"twitter:data2\" content=\"2 minutes\" \/>\n<script type=\"application\/ld+json\" class=\"yoast-schema-graph\">{\"@context\":\"https:\\\/\\\/schema.org\",\"@graph\":[{\"@type\":\"Article\",\"@id\":\"https:\\\/\\\/buletin.de\\\/bucuresti\\\/20-000-de-imobile-din-bucuresti-urmeaza-sa-fie-evaluate-seismic-nicusor-dan-demolarea-si-reconstruirea-sau-demolarea-si-relocarea-reprezinta-optiuni\\\/#article\",\"isPartOf\":{\"@id\":\"https:\\\/\\\/buletin.de\\\/bucuresti\\\/20-000-de-imobile-din-bucuresti-urmeaza-sa-fie-evaluate-seismic-nicusor-dan-demolarea-si-reconstruirea-sau-demolarea-si-relocarea-reprezinta-optiuni\\\/\"},\"author\":{\"name\":\"C\u0103t\u0103lin Dosca\u0219\",\"@id\":\"https:\\\/\\\/buletin.de\\\/bucuresti\\\/#\\\/schema\\\/person\\\/31117187ed4d0bdb0a4c7d6acc79d0f8\"},\"headline\":\"20.000 de imobile din Bucure\u0219ti urmeaz\u0103 s\u0103 fie evaluate seismic. Nicu\u0219or Dan: \u201eDemolarea \u015fi reconstruirea, sau demolarea \u015fi relocarea reprezint\u0103 op\u021biuni\u201d\",\"datePublished\":\"2023-05-30T14:55:21+00:00\",\"dateModified\":\"2023-05-31T06:51:11+00:00\",\"mainEntityOfPage\":{\"@id\":\"https:\\\/\\\/buletin.de\\\/bucuresti\\\/20-000-de-imobile-din-bucuresti-urmeaza-sa-fie-evaluate-seismic-nicusor-dan-demolarea-si-reconstruirea-sau-demolarea-si-relocarea-reprezinta-optiuni\\\/\"},\"wordCount\":445,\"publisher\":{\"@id\":\"https:\\\/\\\/buletin.de\\\/bucuresti\\\/#organization\"},\"image\":{\"@id\":\"https:\\\/\\\/buletin.de\\\/bucuresti\\\/20-000-de-imobile-din-bucuresti-urmeaza-sa-fie-evaluate-seismic-nicusor-dan-demolarea-si-reconstruirea-sau-demolarea-si-relocarea-reprezinta-optiuni\\\/#primaryimage\"},\"thumbnailUrl\":\"https:\\\/\\\/buletin.de\\\/bucuresti\\\/wp-content\\\/uploads\\\/cade-tencuiala.jpg\",\"keywords\":[\"Centrul Vechi\",\"cladiri\",\"evaluare\",\"risc seismic\"],\"articleSection\":[\"\u0218tiri\"],\"inLanguage\":\"en-GB\",\"copyrightYear\":\"2023\",\"copyrightHolder\":{\"@id\":\"https:\\\/\\\/buletin.de\\\/bucuresti\\\/#organization\"}},{\"@type\":\"WebPage\",\"@id\":\"https:\\\/\\\/buletin.de\\\/bucuresti\\\/20-000-de-imobile-din-bucuresti-urmeaza-sa-fie-evaluate-seismic-nicusor-dan-demolarea-si-reconstruirea-sau-demolarea-si-relocarea-reprezinta-optiuni\\\/\",\"url\":\"https:\\\/\\\/buletin.de\\\/bucuresti\\\/20-000-de-imobile-din-bucuresti-urmeaza-sa-fie-evaluate-seismic-nicusor-dan-demolarea-si-reconstruirea-sau-demolarea-si-relocarea-reprezinta-optiuni\\\/\",\"name\":\"20.000 de imobile din Bucure\u0219ti urmeaz\u0103 s\u0103 fie evaluate seismic. Nicu\u0219or Dan: \u201eDemolarea \u015fi reconstruirea, sau demolarea \u015fi relocarea reprezint\u0103 op\u021biuni\u201d - Buletin de Bucure\u0219ti\",\"isPartOf\":{\"@id\":\"https:\\\/\\\/buletin.de\\\/bucuresti\\\/#website\"},\"primaryImageOfPage\":{\"@id\":\"https:\\\/\\\/buletin.de\\\/bucuresti\\\/20-000-de-imobile-din-bucuresti-urmeaza-sa-fie-evaluate-seismic-nicusor-dan-demolarea-si-reconstruirea-sau-demolarea-si-relocarea-reprezinta-optiuni\\\/#primaryimage\"},\"image\":{\"@id\":\"https:\\\/\\\/buletin.de\\\/bucuresti\\\/20-000-de-imobile-din-bucuresti-urmeaza-sa-fie-evaluate-seismic-nicusor-dan-demolarea-si-reconstruirea-sau-demolarea-si-relocarea-reprezinta-optiuni\\\/#primaryimage\"},\"thumbnailUrl\":\"https:\\\/\\\/buletin.de\\\/bucuresti\\\/wp-content\\\/uploads\\\/cade-tencuiala.jpg\",\"datePublished\":\"2023-05-30T14:55:21+00:00\",\"dateModified\":\"2023-05-31T06:51:11+00:00\",\"breadcrumb\":{\"@id\":\"https:\\\/\\\/buletin.de\\\/bucuresti\\\/20-000-de-imobile-din-bucuresti-urmeaza-sa-fie-evaluate-seismic-nicusor-dan-demolarea-si-reconstruirea-sau-demolarea-si-relocarea-reprezinta-optiuni\\\/#breadcrumb\"},\"inLanguage\":\"en-GB\",\"potentialAction\":[{\"@type\":\"ReadAction\",\"target\":[\"https:\\\/\\\/buletin.de\\\/bucuresti\\\/20-000-de-imobile-din-bucuresti-urmeaza-sa-fie-evaluate-seismic-nicusor-dan-demolarea-si-reconstruirea-sau-demolarea-si-relocarea-reprezinta-optiuni\\\/\"]}]},{\"@type\":\"ImageObject\",\"inLanguage\":\"en-GB\",\"@id\":\"https:\\\/\\\/buletin.de\\\/bucuresti\\\/20-000-de-imobile-din-bucuresti-urmeaza-sa-fie-evaluate-seismic-nicusor-dan-demolarea-si-reconstruirea-sau-demolarea-si-relocarea-reprezinta-optiuni\\\/#primaryimage\",\"url\":\"https:\\\/\\\/buletin.de\\\/bucuresti\\\/wp-content\\\/uploads\\\/cade-tencuiala.jpg\",\"contentUrl\":\"https:\\\/\\\/buletin.de\\\/bucuresti\\\/wp-content\\\/uploads\\\/cade-tencuiala.jpg\",\"width\":2000,\"height\":1333},{\"@type\":\"BreadcrumbList\",\"@id\":\"https:\\\/\\\/buletin.de\\\/bucuresti\\\/20-000-de-imobile-din-bucuresti-urmeaza-sa-fie-evaluate-seismic-nicusor-dan-demolarea-si-reconstruirea-sau-demolarea-si-relocarea-reprezinta-optiuni\\\/#breadcrumb\",\"itemListElement\":[{\"@type\":\"ListItem\",\"position\":1,\"name\":\"Acas\u0103\",\"item\":\"https:\\\/\\\/buletin.de\\\/bucuresti\\\/\"},{\"@type\":\"ListItem\",\"position\":2,\"name\":\"20.000 de imobile din Bucure\u0219ti urmeaz\u0103 s\u0103 fie evaluate seismic. Nicu\u0219or Dan: \u201eDemolarea \u015fi reconstruirea, sau demolarea \u015fi relocarea reprezint\u0103 op\u021biuni\u201d\"}]},{\"@type\":\"WebSite\",\"@id\":\"https:\\\/\\\/buletin.de\\\/bucuresti\\\/#website\",\"url\":\"https:\\\/\\\/buletin.de\\\/bucuresti\\\/\",\"name\":\"Buletin de Bucure\u0219ti\",\"description\":\"\u0218tiri \u0219i investiga\u021bii esen\u021biale din capital\u0103\",\"publisher\":{\"@id\":\"https:\\\/\\\/buletin.de\\\/bucuresti\\\/#organization\"},\"potentialAction\":[{\"@type\":\"SearchAction\",\"target\":{\"@type\":\"EntryPoint\",\"urlTemplate\":\"https:\\\/\\\/buletin.de\\\/bucuresti\\\/?s={search_term_string}\"},\"query-input\":{\"@type\":\"PropertyValueSpecification\",\"valueRequired\":true,\"valueName\":\"search_term_string\"}}],\"inLanguage\":\"en-GB\"},{\"@type\":\"Organization\",\"@id\":\"https:\\\/\\\/buletin.de\\\/bucuresti\\\/#organization\",\"name\":\"Buletin de Bucure\u0219ti\",\"url\":\"https:\\\/\\\/buletin.de\\\/bucuresti\\\/\",\"logo\":{\"@type\":\"ImageObject\",\"inLanguage\":\"en-GB\",\"@id\":\"https:\\\/\\\/buletin.de\\\/bucuresti\\\/#\\\/schema\\\/logo\\\/image\\\/\",\"url\":\"https:\\\/\\\/buletin.de\\\/bucuresti\\\/wp-content\\\/uploads\\\/logo-bdb-full-wide-vernil-transparent.png\",\"contentUrl\":\"https:\\\/\\\/buletin.de\\\/bucuresti\\\/wp-content\\\/uploads\\\/logo-bdb-full-wide-vernil-transparent.png\",\"width\":1782,\"height\":626,\"caption\":\"Buletin de Bucure\u0219ti\"},\"image\":{\"@id\":\"https:\\\/\\\/buletin.de\\\/bucuresti\\\/#\\\/schema\\\/logo\\\/image\\\/\"},\"sameAs\":[\"https:\\\/\\\/www.facebook.com\\\/buletin.de.buc\",\"https:\\\/\\\/www.instagram.com\\\/buletinde.bucuresti\\\/\"]},{\"@type\":\"Person\",\"@id\":\"https:\\\/\\\/buletin.de\\\/bucuresti\\\/#\\\/schema\\\/person\\\/31117187ed4d0bdb0a4c7d6acc79d0f8\",\"name\":\"C\u0103t\u0103lin Dosca\u0219\",\"image\":{\"@type\":\"ImageObject\",\"inLanguage\":\"en-GB\",\"@id\":\"https:\\\/\\\/buletin.de\\\/bucuresti\\\/wp-content\\\/uploads\\\/Catalin-Doscas-e1732731064764-96x96.jpga93e2943bb3b1c1f9ead823df6e6317a\",\"url\":\"https:\\\/\\\/buletin.de\\\/bucuresti\\\/wp-content\\\/uploads\\\/Catalin-Doscas-e1732731064764-96x96.jpg\",\"contentUrl\":\"https:\\\/\\\/buletin.de\\\/bucuresti\\\/wp-content\\\/uploads\\\/Catalin-Doscas-e1732731064764-96x96.jpg\",\"caption\":\"C\u0103t\u0103lin Dosca\u0219\"},\"description\":\"Reporter \u0219i redactor-\u0219ef Buletin de Bucure\u0219ti. Lucreaz\u0103 \u00een mass-media de la v\u00e2rsta de 15 ani, c\u00e2nd a publicat primele articole \u00een presa local\u0103 din Tecuci. \u00cen Bucure\u0219ti a lucrat \u00een redac\u021bii radio ca reporter, redactor \u0219i prezentator (StudentFM, Na\u021bionalFM, Radio Total, Smart FM), unde a acoperit domeniile politic, economic, social \u0219i externe. Ulterior, a fost editor-coordonator al postului Realitatea FM. Experien\u021ba \u00een jurnalismul online a dob\u00e2ndit-o la portalul B365.ro, unde a fost editor. \u00cen 2012 s-a angajat \u00een televiziune. La Realitatea TV a fost, pe r\u00e2nd, reporter la sec\u021bia Social, reporter special la emisiunea de reportaje \u0219i anchete \u201eReporterii Realit\u0103\u021bii\u201d, dar \u0219i editor al jurnalelor de \u0219tiri. Ulterior, a f\u0103cut parte din sec\u021bia de Investiga\u021bii de la Digi24 \u0219i a lucrat la campania \u201eRom\u00e2nia furat\u0103\u201d. A revenit \u00een presa scris\u0103 \u00een 2017, ca reporter special, \u00een cadrul unui proiect de repozi\u021bionare a tabloidului Libertatea \u00een cotidian generalist. Este jurnalist Buletin de Bucure\u0219ti din 2019.\",\"url\":\"https:\\\/\\\/buletin.de\\\/bucuresti\\\/author\\\/catalin\\\/\"}]}<\/script>\n<!-- \/ Yoast SEO Premium plugin. -->","yoast_head_json":{"title":"20.000 de imobile din Bucure\u0219ti urmeaz\u0103 s\u0103 fie evaluate seismic. Nicu\u0219or Dan: \u201eDemolarea \u015fi reconstruirea, sau demolarea \u015fi relocarea reprezint\u0103 op\u021biuni\u201d - Buletin de Bucure\u0219ti","robots":{"index":"index","follow":"follow","max-snippet":"max-snippet:-1","max-image-preview":"max-image-preview:large","max-video-preview":"max-video-preview:-1"},"canonical":"https:\/\/buletin.de\/bucuresti\/20-000-de-imobile-din-bucuresti-urmeaza-sa-fie-evaluate-seismic-nicusor-dan-demolarea-si-reconstruirea-sau-demolarea-si-relocarea-reprezinta-optiuni\/","og_locale":"en_GB","og_type":"article","og_title":"20.000 de imobile din Bucure\u0219ti urmeaz\u0103 s\u0103 fie evaluate seismic. Nicu\u0219or Dan: \u201eDemolarea \u015fi reconstruirea, sau demolarea \u015fi relocarea reprezint\u0103 op\u021biuni\u201d","og_description":"Primarul general, Nicu\u0219or Dan, a anun\u021bat c\u0103 20.000 de imobile din Bucure\u0219ti vor fi expertizate seismic preliminar \u00een urma unei \u00een\u021belegeri \u00eentre Prim\u0103ria General\u0103 \u0219i prim\u0103riile de sector. \u201cA ap\u0103rut s\u0103 aceast\u0103 metodologie a Guvernului privind evaluarea preliminar\u0103 a imobilelor care sunt cu poten\u0163ial risc seismic \u015fi atunci ne-am angajat prin administra\u0163iile noastre s\u0103 venim [&hellip;]","og_url":"https:\/\/buletin.de\/bucuresti\/20-000-de-imobile-din-bucuresti-urmeaza-sa-fie-evaluate-seismic-nicusor-dan-demolarea-si-reconstruirea-sau-demolarea-si-relocarea-reprezinta-optiuni\/","og_site_name":"Buletin de Bucure\u0219ti","article_publisher":"https:\/\/www.facebook.com\/buletin.de.buc","article_published_time":"2023-05-30T14:55:21+00:00","article_modified_time":"2023-05-31T06:51:11+00:00","og_image":[{"width":2000,"height":1333,"url":"https:\/\/buletin.de\/bucuresti\/wp-content\/uploads\/cade-tencuiala.jpg","type":"image\/jpeg"}],"author":"C\u0103t\u0103lin Dosca\u0219","twitter_card":"summary_large_image","twitter_misc":{"Written by":"C\u0103t\u0103lin Dosca\u0219","Estimated reading time":"2 minutes"},"schema":{"@context":"https:\/\/schema.org","@graph":[{"@type":"Article","@id":"https:\/\/buletin.de\/bucuresti\/20-000-de-imobile-din-bucuresti-urmeaza-sa-fie-evaluate-seismic-nicusor-dan-demolarea-si-reconstruirea-sau-demolarea-si-relocarea-reprezinta-optiuni\/#article","isPartOf":{"@id":"https:\/\/buletin.de\/bucuresti\/20-000-de-imobile-din-bucuresti-urmeaza-sa-fie-evaluate-seismic-nicusor-dan-demolarea-si-reconstruirea-sau-demolarea-si-relocarea-reprezinta-optiuni\/"},"author":{"name":"C\u0103t\u0103lin Dosca\u0219","@id":"https:\/\/buletin.de\/bucuresti\/#\/schema\/person\/31117187ed4d0bdb0a4c7d6acc79d0f8"},"headline":"20.000 de imobile din Bucure\u0219ti urmeaz\u0103 s\u0103 fie evaluate seismic. Nicu\u0219or Dan: \u201eDemolarea \u015fi reconstruirea, sau demolarea \u015fi relocarea reprezint\u0103 op\u021biuni\u201d","datePublished":"2023-05-30T14:55:21+00:00","dateModified":"2023-05-31T06:51:11+00:00","mainEntityOfPage":{"@id":"https:\/\/buletin.de\/bucuresti\/20-000-de-imobile-din-bucuresti-urmeaza-sa-fie-evaluate-seismic-nicusor-dan-demolarea-si-reconstruirea-sau-demolarea-si-relocarea-reprezinta-optiuni\/"},"wordCount":445,"publisher":{"@id":"https:\/\/buletin.de\/bucuresti\/#organization"},"image":{"@id":"https:\/\/buletin.de\/bucuresti\/20-000-de-imobile-din-bucuresti-urmeaza-sa-fie-evaluate-seismic-nicusor-dan-demolarea-si-reconstruirea-sau-demolarea-si-relocarea-reprezinta-optiuni\/#primaryimage"},"thumbnailUrl":"https:\/\/buletin.de\/bucuresti\/wp-content\/uploads\/cade-tencuiala.jpg","keywords":["Centrul Vechi","cladiri","evaluare","risc seismic"],"articleSection":["\u0218tiri"],"inLanguage":"en-GB","copyrightYear":"2023","copyrightHolder":{"@id":"https:\/\/buletin.de\/bucuresti\/#organization"}},{"@type":"WebPage","@id":"https:\/\/buletin.de\/bucuresti\/20-000-de-imobile-din-bucuresti-urmeaza-sa-fie-evaluate-seismic-nicusor-dan-demolarea-si-reconstruirea-sau-demolarea-si-relocarea-reprezinta-optiuni\/","url":"https:\/\/buletin.de\/bucuresti\/20-000-de-imobile-din-bucuresti-urmeaza-sa-fie-evaluate-seismic-nicusor-dan-demolarea-si-reconstruirea-sau-demolarea-si-relocarea-reprezinta-optiuni\/","name":"20.000 de imobile din Bucure\u0219ti urmeaz\u0103 s\u0103 fie evaluate seismic. Nicu\u0219or Dan: \u201eDemolarea \u015fi reconstruirea, sau demolarea \u015fi relocarea reprezint\u0103 op\u021biuni\u201d - Buletin de Bucure\u0219ti","isPartOf":{"@id":"https:\/\/buletin.de\/bucuresti\/#website"},"primaryImageOfPage":{"@id":"https:\/\/buletin.de\/bucuresti\/20-000-de-imobile-din-bucuresti-urmeaza-sa-fie-evaluate-seismic-nicusor-dan-demolarea-si-reconstruirea-sau-demolarea-si-relocarea-reprezinta-optiuni\/#primaryimage"},"image":{"@id":"https:\/\/buletin.de\/bucuresti\/20-000-de-imobile-din-bucuresti-urmeaza-sa-fie-evaluate-seismic-nicusor-dan-demolarea-si-reconstruirea-sau-demolarea-si-relocarea-reprezinta-optiuni\/#primaryimage"},"thumbnailUrl":"https:\/\/buletin.de\/bucuresti\/wp-content\/uploads\/cade-tencuiala.jpg","datePublished":"2023-05-30T14:55:21+00:00","dateModified":"2023-05-31T06:51:11+00:00","breadcrumb":{"@id":"https:\/\/buletin.de\/bucuresti\/20-000-de-imobile-din-bucuresti-urmeaza-sa-fie-evaluate-seismic-nicusor-dan-demolarea-si-reconstruirea-sau-demolarea-si-relocarea-reprezinta-optiuni\/#breadcrumb"},"inLanguage":"en-GB","potentialAction":[{"@type":"ReadAction","target":["https:\/\/buletin.de\/bucuresti\/20-000-de-imobile-din-bucuresti-urmeaza-sa-fie-evaluate-seismic-nicusor-dan-demolarea-si-reconstruirea-sau-demolarea-si-relocarea-reprezinta-optiuni\/"]}]},{"@type":"ImageObject","inLanguage":"en-GB","@id":"https:\/\/buletin.de\/bucuresti\/20-000-de-imobile-din-bucuresti-urmeaza-sa-fie-evaluate-seismic-nicusor-dan-demolarea-si-reconstruirea-sau-demolarea-si-relocarea-reprezinta-optiuni\/#primaryimage","url":"https:\/\/buletin.de\/bucuresti\/wp-content\/uploads\/cade-tencuiala.jpg","contentUrl":"https:\/\/buletin.de\/bucuresti\/wp-content\/uploads\/cade-tencuiala.jpg","width":2000,"height":1333},{"@type":"BreadcrumbList","@id":"https:\/\/buletin.de\/bucuresti\/20-000-de-imobile-din-bucuresti-urmeaza-sa-fie-evaluate-seismic-nicusor-dan-demolarea-si-reconstruirea-sau-demolarea-si-relocarea-reprezinta-optiuni\/#breadcrumb","itemListElement":[{"@type":"ListItem","position":1,"name":"Acas\u0103","item":"https:\/\/buletin.de\/bucuresti\/"},{"@type":"ListItem","position":2,"name":"20.000 de imobile din Bucure\u0219ti urmeaz\u0103 s\u0103 fie evaluate seismic. Nicu\u0219or Dan: \u201eDemolarea \u015fi reconstruirea, sau demolarea \u015fi relocarea reprezint\u0103 op\u021biuni\u201d"}]},{"@type":"WebSite","@id":"https:\/\/buletin.de\/bucuresti\/#website","url":"https:\/\/buletin.de\/bucuresti\/","name":"Buletin de Bucure\u0219ti","description":"\u0218tiri \u0219i investiga\u021bii esen\u021biale din capital\u0103","publisher":{"@id":"https:\/\/buletin.de\/bucuresti\/#organization"},"potentialAction":[{"@type":"SearchAction","target":{"@type":"EntryPoint","urlTemplate":"https:\/\/buletin.de\/bucuresti\/?s={search_term_string}"},"query-input":{"@type":"PropertyValueSpecification","valueRequired":true,"valueName":"search_term_string"}}],"inLanguage":"en-GB"},{"@type":"Organization","@id":"https:\/\/buletin.de\/bucuresti\/#organization","name":"Buletin de Bucure\u0219ti","url":"https:\/\/buletin.de\/bucuresti\/","logo":{"@type":"ImageObject","inLanguage":"en-GB","@id":"https:\/\/buletin.de\/bucuresti\/#\/schema\/logo\/image\/","url":"https:\/\/buletin.de\/bucuresti\/wp-content\/uploads\/logo-bdb-full-wide-vernil-transparent.png","contentUrl":"https:\/\/buletin.de\/bucuresti\/wp-content\/uploads\/logo-bdb-full-wide-vernil-transparent.png","width":1782,"height":626,"caption":"Buletin de Bucure\u0219ti"},"image":{"@id":"https:\/\/buletin.de\/bucuresti\/#\/schema\/logo\/image\/"},"sameAs":["https:\/\/www.facebook.com\/buletin.de.buc","https:\/\/www.instagram.com\/buletinde.bucuresti\/"]},{"@type":"Person","@id":"https:\/\/buletin.de\/bucuresti\/#\/schema\/person\/31117187ed4d0bdb0a4c7d6acc79d0f8","name":"C\u0103t\u0103lin Dosca\u0219","image":{"@type":"ImageObject","inLanguage":"en-GB","@id":"https:\/\/buletin.de\/bucuresti\/wp-content\/uploads\/Catalin-Doscas-e1732731064764-96x96.jpga93e2943bb3b1c1f9ead823df6e6317a","url":"https:\/\/buletin.de\/bucuresti\/wp-content\/uploads\/Catalin-Doscas-e1732731064764-96x96.jpg","contentUrl":"https:\/\/buletin.de\/bucuresti\/wp-content\/uploads\/Catalin-Doscas-e1732731064764-96x96.jpg","caption":"C\u0103t\u0103lin Dosca\u0219"},"description":"Reporter \u0219i redactor-\u0219ef Buletin de Bucure\u0219ti. Lucreaz\u0103 \u00een mass-media de la v\u00e2rsta de 15 ani, c\u00e2nd a publicat primele articole \u00een presa local\u0103 din Tecuci. \u00cen Bucure\u0219ti a lucrat \u00een redac\u021bii radio ca reporter, redactor \u0219i prezentator (StudentFM, Na\u021bionalFM, Radio Total, Smart FM), unde a acoperit domeniile politic, economic, social \u0219i externe. Ulterior, a fost editor-coordonator al postului Realitatea FM. Experien\u021ba \u00een jurnalismul online a dob\u00e2ndit-o la portalul B365.ro, unde a fost editor. \u00cen 2012 s-a angajat \u00een televiziune. La Realitatea TV a fost, pe r\u00e2nd, reporter la sec\u021bia Social, reporter special la emisiunea de reportaje \u0219i anchete \u201eReporterii Realit\u0103\u021bii\u201d, dar \u0219i editor al jurnalelor de \u0219tiri. Ulterior, a f\u0103cut parte din sec\u021bia de Investiga\u021bii de la Digi24 \u0219i a lucrat la campania \u201eRom\u00e2nia furat\u0103\u201d. A revenit \u00een presa scris\u0103 \u00een 2017, ca reporter special, \u00een cadrul unui proiect de repozi\u021bionare a tabloidului Libertatea \u00een cotidian generalist. Este jurnalist Buletin de Bucure\u0219ti din 2019.","url":"https:\/\/buletin.de\/bucuresti\/author\/catalin\/"}]}},"authors":[{"term_id":22575,"user_id":10,"is_guest":0,"slug":"catalin","display_name":"C\u0103t\u0103lin Dosca\u0219","avatar_url":"https:\/\/buletin.de\/bucuresti\/wp-content\/uploads\/Catalin-Doscas-e1732731064764-96x96.jpg","0":null,"1":"","2":"","3":"","4":"","5":"","6":"","7":"","8":""}],"_links":{"self":[{"href":"https:\/\/buletin.de\/bucuresti\/wp-json\/wp\/v2\/posts\/58540","targetHints":{"allow":["GET"]}}],"collection":[{"href":"https:\/\/buletin.de\/bucuresti\/wp-json\/wp\/v2\/posts"}],"about":[{"href":"https:\/\/buletin.de\/bucuresti\/wp-json\/wp\/v2\/types\/post"}],"author":[{"embeddable":true,"href":"https:\/\/buletin.de\/bucuresti\/wp-json\/wp\/v2\/users\/10"}],"replies":[{"embeddable":true,"href":"https:\/\/buletin.de\/bucuresti\/wp-json\/wp\/v2\/comments?post=58540"}],"version-history":[{"count":5,"href":"https:\/\/buletin.de\/bucuresti\/wp-json\/wp\/v2\/posts\/58540\/revisions"}],"predecessor-version":[{"id":58550,"href":"https:\/\/buletin.de\/bucuresti\/wp-json\/wp\/v2\/posts\/58540\/revisions\/58550"}],"wp:featuredmedia":[{"embeddable":true,"href":"https:\/\/buletin.de\/bucuresti\/wp-json\/wp\/v2\/media\/58542"}],"wp:attachment":[{"href":"https:\/\/buletin.de\/bucuresti\/wp-json\/wp\/v2\/media?parent=58540"}],"wp:term":[{"taxonomy":"category","embeddable":true,"href":"https:\/\/buletin.de\/bucuresti\/wp-json\/wp\/v2\/categories?post=58540"},{"taxonomy":"post_tag","embeddable":true,"href":"https:\/\/buletin.de\/bucuresti\/wp-json\/wp\/v2\/tags?post=58540"},{"taxonomy":"author","embeddable":true,"href":"https:\/\/buletin.de\/bucuresti\/wp-json\/wp\/v2\/ppma_author?post=58540"}],"curies":[{"name":"wp","href":"https:\/\/api.w.org\/{rel}","templated":true}]}}