{"id":58504,"date":"2023-05-29T15:29:43","date_gmt":"2023-05-29T13:29:43","guid":{"rendered":"https:\/\/buletin.de\/bucuresti\/?p=58504"},"modified":"2023-05-29T15:29:43","modified_gmt":"2023-05-29T13:29:43","slug":"cei-doi-politisti-de-la-rutiera-prinsi-in-flagrant-in-aprilie-luand-mita-au-fost-trimisi-in-judecata-acestia-ar-fi-pretins-in-total-de-la-mai-multi-soferi-peste-5-400-de-euro","status":"publish","type":"post","link":"https:\/\/buletin.de\/bucuresti\/cei-doi-politisti-de-la-rutiera-prinsi-in-flagrant-in-aprilie-luand-mita-au-fost-trimisi-in-judecata-acestia-ar-fi-pretins-in-total-de-la-mai-multi-soferi-peste-5-400-de-euro\/","title":{"rendered":"Cei doi poli\u021bi\u0219ti de la Rutier\u0103, prin\u0219i \u00een flagrant \u00een aprilie lu\u00e2nd mit\u0103, au fost trimi\u0219i \u00een judecat\u0103. Ace\u0219tia ar fi pretins \u00een total, de la mai mul\u021bi \u0219oferi, peste 5.400 de euro"},"content":{"rendered":"\n<p><strong>Un comisar&nbsp; \u0219i un agent \u0219ef de poli\u021bie \u00een cadrul Direc\u021biei Generale a Poli\u021biei Municipiului Bucure\u0219ti au fost trimi\u0219i \u00een judecat\u0103 pentru comiterea infrac\u021biunii de luare de mit\u0103, \u00een form\u0103 continuat\u0103 pe o perioad\u0103 de 20 de zile, \u00een urma unei investiga\u021bii a procurorilor din cadrul Direc\u021biei Na\u021bionale Anticorup\u021bie. Urm\u0103rirea penal\u0103 a celor doi a \u00eenceput \u00een data de 27 aprilie, dup\u0103 ce au <a href=\"https:\/\/buletin.de\/bucuresti\/flagrant-in-masina-politiei-un-ofiter-si-un-agent-de-la-rutiera-prinsi-cu-bani-marcati\/\">fost surprin\u0219i cu bani marca\u021bi, lua\u021bi ca mit\u0103, \u00een urma unui flagrant organizat de DGA<\/a>, pe Calea Doroban\u021bi. <\/strong><\/p>\n\n\n\n<p>Cei doi oameni ai legii sunt acuza\u021bi de <em>luare de mit\u0103 \u00een form\u0103 continuat\u0103<\/em>. Rechizitoriul DNA se concentreaz\u0103 pe perioada 7 martie 2023 \u2013 27 aprilie 2023, perioad\u0103 \u00een care cei doi ar fi primit, \u00een total, peste 24.000 lei \u0219i 800 de euro de la mai mul\u021bi conduc\u0103tori auto care ar fi \u00eenc\u0103lcat regulile de circula\u021bie pe drumurile publice, \u00een schimbul ne\u00eendeplinirii \u00eendatoririlor lor de serviciu, precum constatarea \u0219i sanc\u021bionarea cu amend\u0103.&nbsp;<\/p>\n\n\n\n<p>\u201eCa mod de operare, de cele mai multe ori banii ascun\u0219i \u00eentre documentele solicitate de c\u0103tre agentul \u0219ef de poli\u021bie Olteanu Valentin (asigurare sau certificat de \u00eenmatriculare) ajungeau la comisarul Pantea Andrei. Ulterior, acesta ar fi scos banii, i-ar fi introdus \u00een portofel sau buzunar, iar la sf\u00e2r\u0219itul programului acele sume de bani ar fi fost \u00eemp\u0103r\u021bite \u00eentre cei doi\u201d, conform comunicatului DNA emis \u00een data de 28 aprilie.&nbsp;<\/p>\n\n\n\n<p>\u00cen momentul acesta cei doi poli\u021bi\u0219ti se afl\u0103 \u00een arest la domiciliu.<\/p>\n","protected":false},"excerpt":{"rendered":"<p>Un comisar&nbsp; \u0219i un agent \u0219ef de poli\u021bie \u00een cadrul Direc\u021biei Generale a Poli\u021biei Municipiului Bucure\u0219ti au fost trimi\u0219i \u00een judecat\u0103 pentru comiterea infrac\u021biunii de luare de mit\u0103, \u00een form\u0103 continuat\u0103 pe o perioad\u0103 de 20 de zile, \u00een urma unei investiga\u021bii a procurorilor din cadrul Direc\u021biei Na\u021bionale Anticorup\u021bie. Urm\u0103rirea penal\u0103 a celor doi a [&hellip;]<\/p>\n","protected":false},"author":47,"featured_media":55396,"comment_status":"closed","ping_status":"open","sticky":false,"template":"","format":"standard","meta":{"_acf_changed":false,"inline_featured_image":false,"ngg_post_thumbnail":0,"footnotes":""},"categories":[62],"tags":[5722,875,5723,217,882],"ppma_author":[22580],"class_list":["post-58504","post","type-post","status-publish","format-standard","has-post-thumbnail","hentry","category-stiri","tag-brigada-rutiera-2","tag-dna","tag-flagrant","tag-mita","tag-politie"],"acf":[],"yoast_head":"<!-- This site is optimized with the Yoast SEO Premium plugin v25.3 (Yoast SEO v27.5) - https:\/\/yoast.com\/product\/yoast-seo-premium-wordpress\/ -->\n<title>Cei doi poli\u021bi\u0219ti de la Rutier\u0103, prin\u0219i \u00een flagrant \u00een aprilie lu\u00e2nd mit\u0103, au fost trimi\u0219i \u00een judecat\u0103. Ace\u0219tia ar fi pretins \u00een total, de la mai mul\u021bi \u0219oferi, peste 5.400 de euro - Buletin de Bucure\u0219ti<\/title>\n<meta name=\"robots\" content=\"index, follow, max-snippet:-1, max-image-preview:large, max-video-preview:-1\" \/>\n<link rel=\"canonical\" href=\"https:\/\/buletin.de\/bucuresti\/cei-doi-politisti-de-la-rutiera-prinsi-in-flagrant-in-aprilie-luand-mita-au-fost-trimisi-in-judecata-acestia-ar-fi-pretins-in-total-de-la-mai-multi-soferi-peste-5-400-de-euro\/\" \/>\n<meta property=\"og:locale\" content=\"en_GB\" \/>\n<meta property=\"og:type\" content=\"article\" \/>\n<meta property=\"og:title\" content=\"Cei doi poli\u021bi\u0219ti de la Rutier\u0103, prin\u0219i \u00een flagrant \u00een aprilie lu\u00e2nd mit\u0103, au fost trimi\u0219i \u00een judecat\u0103. Ace\u0219tia ar fi pretins \u00een total, de la mai mul\u021bi \u0219oferi, peste 5.400 de euro\" \/>\n<meta property=\"og:description\" content=\"Un comisar&nbsp; \u0219i un agent \u0219ef de poli\u021bie \u00een cadrul Direc\u021biei Generale a Poli\u021biei Municipiului Bucure\u0219ti au fost trimi\u0219i \u00een judecat\u0103 pentru comiterea infrac\u021biunii de luare de mit\u0103, \u00een form\u0103 continuat\u0103 pe o perioad\u0103 de 20 de zile, \u00een urma unei investiga\u021bii a procurorilor din cadrul Direc\u021biei Na\u021bionale Anticorup\u021bie. Urm\u0103rirea penal\u0103 a celor doi a [&hellip;]\" \/>\n<meta property=\"og:url\" content=\"https:\/\/buletin.de\/bucuresti\/cei-doi-politisti-de-la-rutiera-prinsi-in-flagrant-in-aprilie-luand-mita-au-fost-trimisi-in-judecata-acestia-ar-fi-pretins-in-total-de-la-mai-multi-soferi-peste-5-400-de-euro\/\" \/>\n<meta property=\"og:site_name\" content=\"Buletin de Bucure\u0219ti\" \/>\n<meta property=\"article:publisher\" content=\"https:\/\/www.facebook.com\/buletin.de.buc\" \/>\n<meta property=\"article:published_time\" content=\"2023-05-29T13:29:43+00:00\" \/>\n<meta property=\"og:image\" content=\"https:\/\/buletin.de\/bucuresti\/wp-content\/uploads\/10_-_hands_shaking_with_euro_bank_notes_inside_handshake_-_royalty_free_without_copyright_public_domain_photo_image_01.jpg\" \/>\n\t<meta property=\"og:image:width\" content=\"2000\" \/>\n\t<meta property=\"og:image:height\" content=\"1331\" \/>\n\t<meta property=\"og:image:type\" content=\"image\/jpeg\" \/>\n<meta name=\"author\" content=\"Adina C\u0103p\u00eelnean\" \/>\n<meta name=\"twitter:card\" content=\"summary_large_image\" \/>\n<meta name=\"twitter:label1\" content=\"Written by\" \/>\n\t<meta name=\"twitter:data1\" content=\"Adina C\u0103p\u00eelnean\" \/>\n\t<meta name=\"twitter:label2\" content=\"Estimated reading time\" \/>\n\t<meta name=\"twitter:data2\" content=\"2 minutes\" \/>\n<script type=\"application\/ld+json\" class=\"yoast-schema-graph\">{\"@context\":\"https:\\\/\\\/schema.org\",\"@graph\":[{\"@type\":\"Article\",\"@id\":\"https:\\\/\\\/buletin.de\\\/bucuresti\\\/cei-doi-politisti-de-la-rutiera-prinsi-in-flagrant-in-aprilie-luand-mita-au-fost-trimisi-in-judecata-acestia-ar-fi-pretins-in-total-de-la-mai-multi-soferi-peste-5-400-de-euro\\\/#article\",\"isPartOf\":{\"@id\":\"https:\\\/\\\/buletin.de\\\/bucuresti\\\/cei-doi-politisti-de-la-rutiera-prinsi-in-flagrant-in-aprilie-luand-mita-au-fost-trimisi-in-judecata-acestia-ar-fi-pretins-in-total-de-la-mai-multi-soferi-peste-5-400-de-euro\\\/\"},\"author\":{\"name\":\"Adina C\u0103p\u00eelnean\",\"@id\":\"https:\\\/\\\/buletin.de\\\/bucuresti\\\/#\\\/schema\\\/person\\\/ab174cf6711728e4ee83d672acf9a912\"},\"headline\":\"Cei doi poli\u021bi\u0219ti de la Rutier\u0103, prin\u0219i \u00een flagrant \u00een aprilie lu\u00e2nd mit\u0103, au fost trimi\u0219i \u00een judecat\u0103. Ace\u0219tia ar fi pretins \u00een total, de la mai mul\u021bi \u0219oferi, peste 5.400 de euro\",\"datePublished\":\"2023-05-29T13:29:43+00:00\",\"mainEntityOfPage\":{\"@id\":\"https:\\\/\\\/buletin.de\\\/bucuresti\\\/cei-doi-politisti-de-la-rutiera-prinsi-in-flagrant-in-aprilie-luand-mita-au-fost-trimisi-in-judecata-acestia-ar-fi-pretins-in-total-de-la-mai-multi-soferi-peste-5-400-de-euro\\\/\"},\"wordCount\":299,\"publisher\":{\"@id\":\"https:\\\/\\\/buletin.de\\\/bucuresti\\\/#organization\"},\"image\":{\"@id\":\"https:\\\/\\\/buletin.de\\\/bucuresti\\\/cei-doi-politisti-de-la-rutiera-prinsi-in-flagrant-in-aprilie-luand-mita-au-fost-trimisi-in-judecata-acestia-ar-fi-pretins-in-total-de-la-mai-multi-soferi-peste-5-400-de-euro\\\/#primaryimage\"},\"thumbnailUrl\":\"https:\\\/\\\/buletin.de\\\/bucuresti\\\/wp-content\\\/uploads\\\/10_-_hands_shaking_with_euro_bank_notes_inside_handshake_-_royalty_free_without_copyright_public_domain_photo_image_01.jpg\",\"keywords\":[\"brigada rutiera\",\"dna\",\"flagrant\",\"mita\",\"politie\"],\"articleSection\":[\"\u0218tiri\"],\"inLanguage\":\"en-GB\",\"copyrightYear\":\"2023\",\"copyrightHolder\":{\"@id\":\"https:\\\/\\\/buletin.de\\\/bucuresti\\\/#organization\"}},{\"@type\":\"WebPage\",\"@id\":\"https:\\\/\\\/buletin.de\\\/bucuresti\\\/cei-doi-politisti-de-la-rutiera-prinsi-in-flagrant-in-aprilie-luand-mita-au-fost-trimisi-in-judecata-acestia-ar-fi-pretins-in-total-de-la-mai-multi-soferi-peste-5-400-de-euro\\\/\",\"url\":\"https:\\\/\\\/buletin.de\\\/bucuresti\\\/cei-doi-politisti-de-la-rutiera-prinsi-in-flagrant-in-aprilie-luand-mita-au-fost-trimisi-in-judecata-acestia-ar-fi-pretins-in-total-de-la-mai-multi-soferi-peste-5-400-de-euro\\\/\",\"name\":\"Cei doi poli\u021bi\u0219ti de la Rutier\u0103, prin\u0219i \u00een flagrant \u00een aprilie lu\u00e2nd mit\u0103, au fost trimi\u0219i \u00een judecat\u0103. Ace\u0219tia ar fi pretins \u00een total, de la mai mul\u021bi \u0219oferi, peste 5.400 de euro - Buletin de Bucure\u0219ti\",\"isPartOf\":{\"@id\":\"https:\\\/\\\/buletin.de\\\/bucuresti\\\/#website\"},\"primaryImageOfPage\":{\"@id\":\"https:\\\/\\\/buletin.de\\\/bucuresti\\\/cei-doi-politisti-de-la-rutiera-prinsi-in-flagrant-in-aprilie-luand-mita-au-fost-trimisi-in-judecata-acestia-ar-fi-pretins-in-total-de-la-mai-multi-soferi-peste-5-400-de-euro\\\/#primaryimage\"},\"image\":{\"@id\":\"https:\\\/\\\/buletin.de\\\/bucuresti\\\/cei-doi-politisti-de-la-rutiera-prinsi-in-flagrant-in-aprilie-luand-mita-au-fost-trimisi-in-judecata-acestia-ar-fi-pretins-in-total-de-la-mai-multi-soferi-peste-5-400-de-euro\\\/#primaryimage\"},\"thumbnailUrl\":\"https:\\\/\\\/buletin.de\\\/bucuresti\\\/wp-content\\\/uploads\\\/10_-_hands_shaking_with_euro_bank_notes_inside_handshake_-_royalty_free_without_copyright_public_domain_photo_image_01.jpg\",\"datePublished\":\"2023-05-29T13:29:43+00:00\",\"breadcrumb\":{\"@id\":\"https:\\\/\\\/buletin.de\\\/bucuresti\\\/cei-doi-politisti-de-la-rutiera-prinsi-in-flagrant-in-aprilie-luand-mita-au-fost-trimisi-in-judecata-acestia-ar-fi-pretins-in-total-de-la-mai-multi-soferi-peste-5-400-de-euro\\\/#breadcrumb\"},\"inLanguage\":\"en-GB\",\"potentialAction\":[{\"@type\":\"ReadAction\",\"target\":[\"https:\\\/\\\/buletin.de\\\/bucuresti\\\/cei-doi-politisti-de-la-rutiera-prinsi-in-flagrant-in-aprilie-luand-mita-au-fost-trimisi-in-judecata-acestia-ar-fi-pretins-in-total-de-la-mai-multi-soferi-peste-5-400-de-euro\\\/\"]}]},{\"@type\":\"ImageObject\",\"inLanguage\":\"en-GB\",\"@id\":\"https:\\\/\\\/buletin.de\\\/bucuresti\\\/cei-doi-politisti-de-la-rutiera-prinsi-in-flagrant-in-aprilie-luand-mita-au-fost-trimisi-in-judecata-acestia-ar-fi-pretins-in-total-de-la-mai-multi-soferi-peste-5-400-de-euro\\\/#primaryimage\",\"url\":\"https:\\\/\\\/buletin.de\\\/bucuresti\\\/wp-content\\\/uploads\\\/10_-_hands_shaking_with_euro_bank_notes_inside_handshake_-_royalty_free_without_copyright_public_domain_photo_image_01.jpg\",\"contentUrl\":\"https:\\\/\\\/buletin.de\\\/bucuresti\\\/wp-content\\\/uploads\\\/10_-_hands_shaking_with_euro_bank_notes_inside_handshake_-_royalty_free_without_copyright_public_domain_photo_image_01.jpg\",\"width\":2000,\"height\":1331},{\"@type\":\"BreadcrumbList\",\"@id\":\"https:\\\/\\\/buletin.de\\\/bucuresti\\\/cei-doi-politisti-de-la-rutiera-prinsi-in-flagrant-in-aprilie-luand-mita-au-fost-trimisi-in-judecata-acestia-ar-fi-pretins-in-total-de-la-mai-multi-soferi-peste-5-400-de-euro\\\/#breadcrumb\",\"itemListElement\":[{\"@type\":\"ListItem\",\"position\":1,\"name\":\"Acas\u0103\",\"item\":\"https:\\\/\\\/buletin.de\\\/bucuresti\\\/\"},{\"@type\":\"ListItem\",\"position\":2,\"name\":\"Cei doi poli\u021bi\u0219ti de la Rutier\u0103, prin\u0219i \u00een flagrant \u00een aprilie lu\u00e2nd mit\u0103, au fost trimi\u0219i \u00een judecat\u0103. Ace\u0219tia ar fi pretins \u00een total, de la mai mul\u021bi \u0219oferi, peste 5.400 de euro\"}]},{\"@type\":\"WebSite\",\"@id\":\"https:\\\/\\\/buletin.de\\\/bucuresti\\\/#website\",\"url\":\"https:\\\/\\\/buletin.de\\\/bucuresti\\\/\",\"name\":\"Buletin de Bucure\u0219ti\",\"description\":\"\u0218tiri \u0219i investiga\u021bii esen\u021biale din capital\u0103\",\"publisher\":{\"@id\":\"https:\\\/\\\/buletin.de\\\/bucuresti\\\/#organization\"},\"potentialAction\":[{\"@type\":\"SearchAction\",\"target\":{\"@type\":\"EntryPoint\",\"urlTemplate\":\"https:\\\/\\\/buletin.de\\\/bucuresti\\\/?s={search_term_string}\"},\"query-input\":{\"@type\":\"PropertyValueSpecification\",\"valueRequired\":true,\"valueName\":\"search_term_string\"}}],\"inLanguage\":\"en-GB\"},{\"@type\":\"Organization\",\"@id\":\"https:\\\/\\\/buletin.de\\\/bucuresti\\\/#organization\",\"name\":\"Buletin de Bucure\u0219ti\",\"url\":\"https:\\\/\\\/buletin.de\\\/bucuresti\\\/\",\"logo\":{\"@type\":\"ImageObject\",\"inLanguage\":\"en-GB\",\"@id\":\"https:\\\/\\\/buletin.de\\\/bucuresti\\\/#\\\/schema\\\/logo\\\/image\\\/\",\"url\":\"https:\\\/\\\/buletin.de\\\/bucuresti\\\/wp-content\\\/uploads\\\/logo-bdb-full-wide-vernil-transparent.png\",\"contentUrl\":\"https:\\\/\\\/buletin.de\\\/bucuresti\\\/wp-content\\\/uploads\\\/logo-bdb-full-wide-vernil-transparent.png\",\"width\":1782,\"height\":626,\"caption\":\"Buletin de Bucure\u0219ti\"},\"image\":{\"@id\":\"https:\\\/\\\/buletin.de\\\/bucuresti\\\/#\\\/schema\\\/logo\\\/image\\\/\"},\"sameAs\":[\"https:\\\/\\\/www.facebook.com\\\/buletin.de.buc\",\"https:\\\/\\\/www.instagram.com\\\/buletinde.bucuresti\\\/\"]},{\"@type\":\"Person\",\"@id\":\"https:\\\/\\\/buletin.de\\\/bucuresti\\\/#\\\/schema\\\/person\\\/ab174cf6711728e4ee83d672acf9a912\",\"name\":\"Adina C\u0103p\u00eelnean\",\"image\":{\"@type\":\"ImageObject\",\"inLanguage\":\"en-GB\",\"@id\":\"https:\\\/\\\/secure.gravatar.com\\\/avatar\\\/4fe9675d6282fd7c1aa4e486a037d532d5728fc16a30360f293eb6126b2e73ad?s=96&d=monsterid&r=ge2b23868508aec3460d3c6a11d3b599a\",\"url\":\"https:\\\/\\\/secure.gravatar.com\\\/avatar\\\/4fe9675d6282fd7c1aa4e486a037d532d5728fc16a30360f293eb6126b2e73ad?s=96&d=monsterid&r=g\",\"contentUrl\":\"https:\\\/\\\/secure.gravatar.com\\\/avatar\\\/4fe9675d6282fd7c1aa4e486a037d532d5728fc16a30360f293eb6126b2e73ad?s=96&d=monsterid&r=g\",\"caption\":\"Adina C\u0103p\u00eelnean\"},\"url\":\"https:\\\/\\\/buletin.de\\\/bucuresti\\\/author\\\/adinacapilnean\\\/\"}]}<\/script>\n<!-- \/ Yoast SEO Premium plugin. -->","yoast_head_json":{"title":"Cei doi poli\u021bi\u0219ti de la Rutier\u0103, prin\u0219i \u00een flagrant \u00een aprilie lu\u00e2nd mit\u0103, au fost trimi\u0219i \u00een judecat\u0103. Ace\u0219tia ar fi pretins \u00een total, de la mai mul\u021bi \u0219oferi, peste 5.400 de euro - Buletin de Bucure\u0219ti","robots":{"index":"index","follow":"follow","max-snippet":"max-snippet:-1","max-image-preview":"max-image-preview:large","max-video-preview":"max-video-preview:-1"},"canonical":"https:\/\/buletin.de\/bucuresti\/cei-doi-politisti-de-la-rutiera-prinsi-in-flagrant-in-aprilie-luand-mita-au-fost-trimisi-in-judecata-acestia-ar-fi-pretins-in-total-de-la-mai-multi-soferi-peste-5-400-de-euro\/","og_locale":"en_GB","og_type":"article","og_title":"Cei doi poli\u021bi\u0219ti de la Rutier\u0103, prin\u0219i \u00een flagrant \u00een aprilie lu\u00e2nd mit\u0103, au fost trimi\u0219i \u00een judecat\u0103. Ace\u0219tia ar fi pretins \u00een total, de la mai mul\u021bi \u0219oferi, peste 5.400 de euro","og_description":"Un comisar&nbsp; \u0219i un agent \u0219ef de poli\u021bie \u00een cadrul Direc\u021biei Generale a Poli\u021biei Municipiului Bucure\u0219ti au fost trimi\u0219i \u00een judecat\u0103 pentru comiterea infrac\u021biunii de luare de mit\u0103, \u00een form\u0103 continuat\u0103 pe o perioad\u0103 de 20 de zile, \u00een urma unei investiga\u021bii a procurorilor din cadrul Direc\u021biei Na\u021bionale Anticorup\u021bie. Urm\u0103rirea penal\u0103 a celor doi a [&hellip;]","og_url":"https:\/\/buletin.de\/bucuresti\/cei-doi-politisti-de-la-rutiera-prinsi-in-flagrant-in-aprilie-luand-mita-au-fost-trimisi-in-judecata-acestia-ar-fi-pretins-in-total-de-la-mai-multi-soferi-peste-5-400-de-euro\/","og_site_name":"Buletin de Bucure\u0219ti","article_publisher":"https:\/\/www.facebook.com\/buletin.de.buc","article_published_time":"2023-05-29T13:29:43+00:00","og_image":[{"width":2000,"height":1331,"url":"https:\/\/buletin.de\/bucuresti\/wp-content\/uploads\/10_-_hands_shaking_with_euro_bank_notes_inside_handshake_-_royalty_free_without_copyright_public_domain_photo_image_01.jpg","type":"image\/jpeg"}],"author":"Adina C\u0103p\u00eelnean","twitter_card":"summary_large_image","twitter_misc":{"Written by":"Adina C\u0103p\u00eelnean","Estimated reading time":"2 minutes"},"schema":{"@context":"https:\/\/schema.org","@graph":[{"@type":"Article","@id":"https:\/\/buletin.de\/bucuresti\/cei-doi-politisti-de-la-rutiera-prinsi-in-flagrant-in-aprilie-luand-mita-au-fost-trimisi-in-judecata-acestia-ar-fi-pretins-in-total-de-la-mai-multi-soferi-peste-5-400-de-euro\/#article","isPartOf":{"@id":"https:\/\/buletin.de\/bucuresti\/cei-doi-politisti-de-la-rutiera-prinsi-in-flagrant-in-aprilie-luand-mita-au-fost-trimisi-in-judecata-acestia-ar-fi-pretins-in-total-de-la-mai-multi-soferi-peste-5-400-de-euro\/"},"author":{"name":"Adina C\u0103p\u00eelnean","@id":"https:\/\/buletin.de\/bucuresti\/#\/schema\/person\/ab174cf6711728e4ee83d672acf9a912"},"headline":"Cei doi poli\u021bi\u0219ti de la Rutier\u0103, prin\u0219i \u00een flagrant \u00een aprilie lu\u00e2nd mit\u0103, au fost trimi\u0219i \u00een judecat\u0103. Ace\u0219tia ar fi pretins \u00een total, de la mai mul\u021bi \u0219oferi, peste 5.400 de euro","datePublished":"2023-05-29T13:29:43+00:00","mainEntityOfPage":{"@id":"https:\/\/buletin.de\/bucuresti\/cei-doi-politisti-de-la-rutiera-prinsi-in-flagrant-in-aprilie-luand-mita-au-fost-trimisi-in-judecata-acestia-ar-fi-pretins-in-total-de-la-mai-multi-soferi-peste-5-400-de-euro\/"},"wordCount":299,"publisher":{"@id":"https:\/\/buletin.de\/bucuresti\/#organization"},"image":{"@id":"https:\/\/buletin.de\/bucuresti\/cei-doi-politisti-de-la-rutiera-prinsi-in-flagrant-in-aprilie-luand-mita-au-fost-trimisi-in-judecata-acestia-ar-fi-pretins-in-total-de-la-mai-multi-soferi-peste-5-400-de-euro\/#primaryimage"},"thumbnailUrl":"https:\/\/buletin.de\/bucuresti\/wp-content\/uploads\/10_-_hands_shaking_with_euro_bank_notes_inside_handshake_-_royalty_free_without_copyright_public_domain_photo_image_01.jpg","keywords":["brigada rutiera","dna","flagrant","mita","politie"],"articleSection":["\u0218tiri"],"inLanguage":"en-GB","copyrightYear":"2023","copyrightHolder":{"@id":"https:\/\/buletin.de\/bucuresti\/#organization"}},{"@type":"WebPage","@id":"https:\/\/buletin.de\/bucuresti\/cei-doi-politisti-de-la-rutiera-prinsi-in-flagrant-in-aprilie-luand-mita-au-fost-trimisi-in-judecata-acestia-ar-fi-pretins-in-total-de-la-mai-multi-soferi-peste-5-400-de-euro\/","url":"https:\/\/buletin.de\/bucuresti\/cei-doi-politisti-de-la-rutiera-prinsi-in-flagrant-in-aprilie-luand-mita-au-fost-trimisi-in-judecata-acestia-ar-fi-pretins-in-total-de-la-mai-multi-soferi-peste-5-400-de-euro\/","name":"Cei doi poli\u021bi\u0219ti de la Rutier\u0103, prin\u0219i \u00een flagrant \u00een aprilie lu\u00e2nd mit\u0103, au fost trimi\u0219i \u00een judecat\u0103. Ace\u0219tia ar fi pretins \u00een total, de la mai mul\u021bi \u0219oferi, peste 5.400 de euro - Buletin de Bucure\u0219ti","isPartOf":{"@id":"https:\/\/buletin.de\/bucuresti\/#website"},"primaryImageOfPage":{"@id":"https:\/\/buletin.de\/bucuresti\/cei-doi-politisti-de-la-rutiera-prinsi-in-flagrant-in-aprilie-luand-mita-au-fost-trimisi-in-judecata-acestia-ar-fi-pretins-in-total-de-la-mai-multi-soferi-peste-5-400-de-euro\/#primaryimage"},"image":{"@id":"https:\/\/buletin.de\/bucuresti\/cei-doi-politisti-de-la-rutiera-prinsi-in-flagrant-in-aprilie-luand-mita-au-fost-trimisi-in-judecata-acestia-ar-fi-pretins-in-total-de-la-mai-multi-soferi-peste-5-400-de-euro\/#primaryimage"},"thumbnailUrl":"https:\/\/buletin.de\/bucuresti\/wp-content\/uploads\/10_-_hands_shaking_with_euro_bank_notes_inside_handshake_-_royalty_free_without_copyright_public_domain_photo_image_01.jpg","datePublished":"2023-05-29T13:29:43+00:00","breadcrumb":{"@id":"https:\/\/buletin.de\/bucuresti\/cei-doi-politisti-de-la-rutiera-prinsi-in-flagrant-in-aprilie-luand-mita-au-fost-trimisi-in-judecata-acestia-ar-fi-pretins-in-total-de-la-mai-multi-soferi-peste-5-400-de-euro\/#breadcrumb"},"inLanguage":"en-GB","potentialAction":[{"@type":"ReadAction","target":["https:\/\/buletin.de\/bucuresti\/cei-doi-politisti-de-la-rutiera-prinsi-in-flagrant-in-aprilie-luand-mita-au-fost-trimisi-in-judecata-acestia-ar-fi-pretins-in-total-de-la-mai-multi-soferi-peste-5-400-de-euro\/"]}]},{"@type":"ImageObject","inLanguage":"en-GB","@id":"https:\/\/buletin.de\/bucuresti\/cei-doi-politisti-de-la-rutiera-prinsi-in-flagrant-in-aprilie-luand-mita-au-fost-trimisi-in-judecata-acestia-ar-fi-pretins-in-total-de-la-mai-multi-soferi-peste-5-400-de-euro\/#primaryimage","url":"https:\/\/buletin.de\/bucuresti\/wp-content\/uploads\/10_-_hands_shaking_with_euro_bank_notes_inside_handshake_-_royalty_free_without_copyright_public_domain_photo_image_01.jpg","contentUrl":"https:\/\/buletin.de\/bucuresti\/wp-content\/uploads\/10_-_hands_shaking_with_euro_bank_notes_inside_handshake_-_royalty_free_without_copyright_public_domain_photo_image_01.jpg","width":2000,"height":1331},{"@type":"BreadcrumbList","@id":"https:\/\/buletin.de\/bucuresti\/cei-doi-politisti-de-la-rutiera-prinsi-in-flagrant-in-aprilie-luand-mita-au-fost-trimisi-in-judecata-acestia-ar-fi-pretins-in-total-de-la-mai-multi-soferi-peste-5-400-de-euro\/#breadcrumb","itemListElement":[{"@type":"ListItem","position":1,"name":"Acas\u0103","item":"https:\/\/buletin.de\/bucuresti\/"},{"@type":"ListItem","position":2,"name":"Cei doi poli\u021bi\u0219ti de la Rutier\u0103, prin\u0219i \u00een flagrant \u00een aprilie lu\u00e2nd mit\u0103, au fost trimi\u0219i \u00een judecat\u0103. Ace\u0219tia ar fi pretins \u00een total, de la mai mul\u021bi \u0219oferi, peste 5.400 de euro"}]},{"@type":"WebSite","@id":"https:\/\/buletin.de\/bucuresti\/#website","url":"https:\/\/buletin.de\/bucuresti\/","name":"Buletin de Bucure\u0219ti","description":"\u0218tiri \u0219i investiga\u021bii esen\u021biale din capital\u0103","publisher":{"@id":"https:\/\/buletin.de\/bucuresti\/#organization"},"potentialAction":[{"@type":"SearchAction","target":{"@type":"EntryPoint","urlTemplate":"https:\/\/buletin.de\/bucuresti\/?s={search_term_string}"},"query-input":{"@type":"PropertyValueSpecification","valueRequired":true,"valueName":"search_term_string"}}],"inLanguage":"en-GB"},{"@type":"Organization","@id":"https:\/\/buletin.de\/bucuresti\/#organization","name":"Buletin de Bucure\u0219ti","url":"https:\/\/buletin.de\/bucuresti\/","logo":{"@type":"ImageObject","inLanguage":"en-GB","@id":"https:\/\/buletin.de\/bucuresti\/#\/schema\/logo\/image\/","url":"https:\/\/buletin.de\/bucuresti\/wp-content\/uploads\/logo-bdb-full-wide-vernil-transparent.png","contentUrl":"https:\/\/buletin.de\/bucuresti\/wp-content\/uploads\/logo-bdb-full-wide-vernil-transparent.png","width":1782,"height":626,"caption":"Buletin de Bucure\u0219ti"},"image":{"@id":"https:\/\/buletin.de\/bucuresti\/#\/schema\/logo\/image\/"},"sameAs":["https:\/\/www.facebook.com\/buletin.de.buc","https:\/\/www.instagram.com\/buletinde.bucuresti\/"]},{"@type":"Person","@id":"https:\/\/buletin.de\/bucuresti\/#\/schema\/person\/ab174cf6711728e4ee83d672acf9a912","name":"Adina C\u0103p\u00eelnean","image":{"@type":"ImageObject","inLanguage":"en-GB","@id":"https:\/\/secure.gravatar.com\/avatar\/4fe9675d6282fd7c1aa4e486a037d532d5728fc16a30360f293eb6126b2e73ad?s=96&d=monsterid&r=ge2b23868508aec3460d3c6a11d3b599a","url":"https:\/\/secure.gravatar.com\/avatar\/4fe9675d6282fd7c1aa4e486a037d532d5728fc16a30360f293eb6126b2e73ad?s=96&d=monsterid&r=g","contentUrl":"https:\/\/secure.gravatar.com\/avatar\/4fe9675d6282fd7c1aa4e486a037d532d5728fc16a30360f293eb6126b2e73ad?s=96&d=monsterid&r=g","caption":"Adina C\u0103p\u00eelnean"},"url":"https:\/\/buletin.de\/bucuresti\/author\/adinacapilnean\/"}]}},"authors":[{"term_id":22580,"user_id":47,"is_guest":0,"slug":"adinacapilnean","display_name":"Adina C\u0103p\u00eelnean","avatar_url":"https:\/\/secure.gravatar.com\/avatar\/4fe9675d6282fd7c1aa4e486a037d532d5728fc16a30360f293eb6126b2e73ad?s=96&d=monsterid&r=g","0":null,"1":"","2":"","3":"","4":"","5":"","6":"","7":"","8":""}],"_links":{"self":[{"href":"https:\/\/buletin.de\/bucuresti\/wp-json\/wp\/v2\/posts\/58504","targetHints":{"allow":["GET"]}}],"collection":[{"href":"https:\/\/buletin.de\/bucuresti\/wp-json\/wp\/v2\/posts"}],"about":[{"href":"https:\/\/buletin.de\/bucuresti\/wp-json\/wp\/v2\/types\/post"}],"author":[{"embeddable":true,"href":"https:\/\/buletin.de\/bucuresti\/wp-json\/wp\/v2\/users\/47"}],"replies":[{"embeddable":true,"href":"https:\/\/buletin.de\/bucuresti\/wp-json\/wp\/v2\/comments?post=58504"}],"version-history":[{"count":5,"href":"https:\/\/buletin.de\/bucuresti\/wp-json\/wp\/v2\/posts\/58504\/revisions"}],"predecessor-version":[{"id":58512,"href":"https:\/\/buletin.de\/bucuresti\/wp-json\/wp\/v2\/posts\/58504\/revisions\/58512"}],"wp:featuredmedia":[{"embeddable":true,"href":"https:\/\/buletin.de\/bucuresti\/wp-json\/wp\/v2\/media\/55396"}],"wp:attachment":[{"href":"https:\/\/buletin.de\/bucuresti\/wp-json\/wp\/v2\/media?parent=58504"}],"wp:term":[{"taxonomy":"category","embeddable":true,"href":"https:\/\/buletin.de\/bucuresti\/wp-json\/wp\/v2\/categories?post=58504"},{"taxonomy":"post_tag","embeddable":true,"href":"https:\/\/buletin.de\/bucuresti\/wp-json\/wp\/v2\/tags?post=58504"},{"taxonomy":"author","embeddable":true,"href":"https:\/\/buletin.de\/bucuresti\/wp-json\/wp\/v2\/ppma_author?post=58504"}],"curies":[{"name":"wp","href":"https:\/\/api.w.org\/{rel}","templated":true}]}}