{"id":58352,"date":"2023-05-15T11:54:28","date_gmt":"2023-05-15T09:54:28","guid":{"rendered":"https:\/\/buletin.de\/bucuresti\/?p=58352"},"modified":"2023-05-15T11:54:29","modified_gmt":"2023-05-15T09:54:29","slug":"primaria-capitalei-scoate-palmierii-lui-negoita-ar-fi-fost-plantati-ilegal","status":"publish","type":"post","link":"https:\/\/buletin.de\/bucuresti\/primaria-capitalei-scoate-palmierii-lui-negoita-ar-fi-fost-plantati-ilegal\/","title":{"rendered":"Prim\u0103ria Capitalei scoate palmierii lui Negoi\u021b\u0103. Ar fi fost planta\u021bi ilegal"},"content":{"rendered":"\n<p><strong><strong>Prim\u0103ria Capitalei \u00eel acuz\u0103 pe Robert Negoi\u021b\u0103 c\u0103 a plantat palmierii ilegal \u00eentr-o zon\u0103 care este \u00een administra\u021bia PMB<\/strong> \u0219i c\u0103 vor fi sco\u0219i. Cu<strong> dou\u0103 zile, Robert Negoi\u021b\u0103 anun\u021ba bucure\u0219tenii c\u0103 a plantat mai mul\u021bi palmieri \u00een zona Pie\u021bei Unirii<\/strong><\/strong>. <\/p>\n\n\n\n<p>Prim\u0103ria Capitalei a anun\u021bat c\u0103 ast\u0103zi, 15 mai, de la ora 13:00 mai multe echipaje ale ALPAB vor veni cu utilaje \u0219i vor scoate palmierii planta\u021bi ilegal de c\u0103tre Prim\u0103ria Sectorului 3. PMB sus\u021bine c\u0103 arborii vor fi \u00eenl\u0103tura\u021bi f\u0103r\u0103 s\u0103 fie v\u0103t\u0103ma\u021bi \u00een vreun fel. <\/p>\n\n\n\n<p>Luni diminea\u021ba, echipele Prim\u0103riei Generale au fost la Pia\u021ba Unirii pentru a analiza situa\u021bia \u0219i pentru a transmite edilului Capitalei situa\u021bia de la fa\u021ba locului. \u00cen urma analizei, decizia a fost ca ace\u0219tia s\u0103 fie \u00eenl\u0103tura\u021bi.&nbsp;<\/p>\n\n\n\n<p>Palmierii au fost planta\u021bi s\u00e2mb\u0103t\u0103, 13 mai. Chiar \u0219i \u00een ziua plant\u0103rii acestora, Poli\u021bia Local\u0103 a sistat ac\u021biunea de plantare pentru c\u0103 se desf\u0103\u0219ura ilegal, f\u0103r\u0103 aviz de la administratorul drumului (Administra\u021bia Str\u0103zilor Bucure\u0219ti). <\/p>\n\n\n\n<p>Institu\u021bia men\u021bioneaz\u0103 \u0219i c\u0103 Prim\u0103ria Sectorului 3 a resistematizat zona f\u0103r\u0103 a avea documente legale.<\/p>\n\n\n\n<p>Plantarea palmierilor a fost anun\u021bat, s\u00e2mb\u0103t\u0103, chiar de c\u0103tre primarul Sectorului 3, Robert Negoi\u021b\u0103, printr-un video postat pe pagina sa de Facebook. <\/p>\n\n\n\n<iframe src=\"https:\/\/www.facebook.com\/plugins\/video.php?height=476&#038;href=https%3A%2F%2Fwww.facebook.com%2FRobert.Negoita%2Fvideos%2F279939814381382%2F&#038;show_text=true&#038;width=267&#038;t=0\" width=\"267\" height=\"591\" style=\"border:none;overflow:hidden\" scrolling=\"no\" frameborder=\"0\" allowfullscreen=\"true\" allow=\"autoplay; clipboard-write; encrypted-media; picture-in-picture; web-share\" allowFullScreen=\"true\"><\/iframe>\n\n\n\n<p><strong>Surs\u0103 Cover:<\/strong> Facebook, Robert Negoi\u021b\u0103<\/p>\n","protected":false},"excerpt":{"rendered":"<p>Prim\u0103ria Capitalei \u00eel acuz\u0103 pe Robert Negoi\u021b\u0103 c\u0103 a plantat palmierii ilegal \u00eentr-o zon\u0103 care este \u00een administra\u021bia PMB \u0219i c\u0103 vor fi sco\u0219i. Cu dou\u0103 zile, Robert Negoi\u021b\u0103 anun\u021ba bucure\u0219tenii c\u0103 a plantat mai mul\u021bi palmieri \u00een zona Pie\u021bei Unirii. Prim\u0103ria Capitalei a anun\u021bat c\u0103 ast\u0103zi, 15 mai, de la ora 13:00 mai multe [&hellip;]<\/p>\n","protected":false},"author":17,"featured_media":58353,"comment_status":"closed","ping_status":"open","sticky":false,"template":"","format":"standard","meta":{"_acf_changed":false,"inline_featured_image":false,"ngg_post_thumbnail":0,"footnotes":""},"categories":[3419],"tags":[244,1899,5705,4741,5706],"ppma_author":[22576],"class_list":["post-58352","post","type-post","status-publish","format-standard","has-post-thumbnail","hentry","category-featured","tag-ilegal","tag-nicusor-dan-2","tag-palmieri","tag-piata-unirii-2","tag-robert-ngoita"],"acf":[],"yoast_head":"<!-- This site is optimized with the Yoast SEO Premium plugin v25.3 (Yoast SEO v27.4) - https:\/\/yoast.com\/product\/yoast-seo-premium-wordpress\/ -->\n<title>Prim\u0103ria Capitalei scoate palmierii lui Negoi\u021b\u0103. Ar fi fost planta\u021bi ilegal - Buletin de Bucure\u0219ti<\/title>\n<meta name=\"robots\" content=\"index, follow, max-snippet:-1, max-image-preview:large, max-video-preview:-1\" \/>\n<link rel=\"canonical\" href=\"https:\/\/buletin.de\/bucuresti\/primaria-capitalei-scoate-palmierii-lui-negoita-ar-fi-fost-plantati-ilegal\/\" \/>\n<meta property=\"og:locale\" content=\"en_GB\" \/>\n<meta property=\"og:type\" content=\"article\" \/>\n<meta property=\"og:title\" content=\"Prim\u0103ria Capitalei scoate palmierii lui Negoi\u021b\u0103. Ar fi fost planta\u021bi ilegal\" \/>\n<meta property=\"og:description\" content=\"Prim\u0103ria Capitalei \u00eel acuz\u0103 pe Robert Negoi\u021b\u0103 c\u0103 a plantat palmierii ilegal \u00eentr-o zon\u0103 care este \u00een administra\u021bia PMB \u0219i c\u0103 vor fi sco\u0219i. Cu dou\u0103 zile, Robert Negoi\u021b\u0103 anun\u021ba bucure\u0219tenii c\u0103 a plantat mai mul\u021bi palmieri \u00een zona Pie\u021bei Unirii. Prim\u0103ria Capitalei a anun\u021bat c\u0103 ast\u0103zi, 15 mai, de la ora 13:00 mai multe [&hellip;]\" \/>\n<meta property=\"og:url\" content=\"https:\/\/buletin.de\/bucuresti\/primaria-capitalei-scoate-palmierii-lui-negoita-ar-fi-fost-plantati-ilegal\/\" \/>\n<meta property=\"og:site_name\" content=\"Buletin de Bucure\u0219ti\" \/>\n<meta property=\"article:publisher\" content=\"https:\/\/www.facebook.com\/buletin.de.buc\" \/>\n<meta property=\"article:published_time\" content=\"2023-05-15T09:54:28+00:00\" \/>\n<meta property=\"article:modified_time\" content=\"2023-05-15T09:54:29+00:00\" \/>\n<meta property=\"og:image\" content=\"https:\/\/buletin.de\/bucuresti\/wp-content\/uploads\/Robert-Negoita-palmieri-640x400-1.jpeg\" \/>\n\t<meta property=\"og:image:width\" content=\"640\" \/>\n\t<meta property=\"og:image:height\" content=\"400\" \/>\n\t<meta property=\"og:image:type\" content=\"image\/jpeg\" \/>\n<meta name=\"author\" content=\"Florin R\u00e2\u0219teiu\" \/>\n<meta name=\"twitter:card\" content=\"summary_large_image\" \/>\n<meta name=\"twitter:label1\" content=\"Written by\" \/>\n\t<meta name=\"twitter:data1\" content=\"Florin R\u00e2\u0219teiu\" \/>\n\t<meta name=\"twitter:label2\" content=\"Estimated reading time\" \/>\n\t<meta name=\"twitter:data2\" content=\"1 minute\" \/>\n<script type=\"application\/ld+json\" class=\"yoast-schema-graph\">{\"@context\":\"https:\\\/\\\/schema.org\",\"@graph\":[{\"@type\":\"Article\",\"@id\":\"https:\\\/\\\/buletin.de\\\/bucuresti\\\/primaria-capitalei-scoate-palmierii-lui-negoita-ar-fi-fost-plantati-ilegal\\\/#article\",\"isPartOf\":{\"@id\":\"https:\\\/\\\/buletin.de\\\/bucuresti\\\/primaria-capitalei-scoate-palmierii-lui-negoita-ar-fi-fost-plantati-ilegal\\\/\"},\"author\":{\"name\":\"Florin R\u00e2\u0219teiu\",\"@id\":\"https:\\\/\\\/buletin.de\\\/bucuresti\\\/#\\\/schema\\\/person\\\/b0686d7a8b666c6afc78239777fd8a89\"},\"headline\":\"Prim\u0103ria Capitalei scoate palmierii lui Negoi\u021b\u0103. Ar fi fost planta\u021bi ilegal\",\"datePublished\":\"2023-05-15T09:54:28+00:00\",\"dateModified\":\"2023-05-15T09:54:29+00:00\",\"mainEntityOfPage\":{\"@id\":\"https:\\\/\\\/buletin.de\\\/bucuresti\\\/primaria-capitalei-scoate-palmierii-lui-negoita-ar-fi-fost-plantati-ilegal\\\/\"},\"wordCount\":255,\"publisher\":{\"@id\":\"https:\\\/\\\/buletin.de\\\/bucuresti\\\/#organization\"},\"image\":{\"@id\":\"https:\\\/\\\/buletin.de\\\/bucuresti\\\/primaria-capitalei-scoate-palmierii-lui-negoita-ar-fi-fost-plantati-ilegal\\\/#primaryimage\"},\"thumbnailUrl\":\"https:\\\/\\\/buletin.de\\\/bucuresti\\\/wp-content\\\/uploads\\\/Robert-Negoita-palmieri-640x400-1-e1715074275172.jpeg\",\"keywords\":[\"ilegal\",\"Nicu\u0219or Dan\",\"palmieri\",\"Pia\u021ba Unirii\",\"robert ngoi\u021b\u0103\"],\"articleSection\":[\"Featured\"],\"inLanguage\":\"en-GB\",\"copyrightYear\":\"2023\",\"copyrightHolder\":{\"@id\":\"https:\\\/\\\/buletin.de\\\/bucuresti\\\/#organization\"}},{\"@type\":\"WebPage\",\"@id\":\"https:\\\/\\\/buletin.de\\\/bucuresti\\\/primaria-capitalei-scoate-palmierii-lui-negoita-ar-fi-fost-plantati-ilegal\\\/\",\"url\":\"https:\\\/\\\/buletin.de\\\/bucuresti\\\/primaria-capitalei-scoate-palmierii-lui-negoita-ar-fi-fost-plantati-ilegal\\\/\",\"name\":\"Prim\u0103ria Capitalei scoate palmierii lui Negoi\u021b\u0103. Ar fi fost planta\u021bi ilegal - Buletin de Bucure\u0219ti\",\"isPartOf\":{\"@id\":\"https:\\\/\\\/buletin.de\\\/bucuresti\\\/#website\"},\"primaryImageOfPage\":{\"@id\":\"https:\\\/\\\/buletin.de\\\/bucuresti\\\/primaria-capitalei-scoate-palmierii-lui-negoita-ar-fi-fost-plantati-ilegal\\\/#primaryimage\"},\"image\":{\"@id\":\"https:\\\/\\\/buletin.de\\\/bucuresti\\\/primaria-capitalei-scoate-palmierii-lui-negoita-ar-fi-fost-plantati-ilegal\\\/#primaryimage\"},\"thumbnailUrl\":\"https:\\\/\\\/buletin.de\\\/bucuresti\\\/wp-content\\\/uploads\\\/Robert-Negoita-palmieri-640x400-1-e1715074275172.jpeg\",\"datePublished\":\"2023-05-15T09:54:28+00:00\",\"dateModified\":\"2023-05-15T09:54:29+00:00\",\"breadcrumb\":{\"@id\":\"https:\\\/\\\/buletin.de\\\/bucuresti\\\/primaria-capitalei-scoate-palmierii-lui-negoita-ar-fi-fost-plantati-ilegal\\\/#breadcrumb\"},\"inLanguage\":\"en-GB\",\"potentialAction\":[{\"@type\":\"ReadAction\",\"target\":[\"https:\\\/\\\/buletin.de\\\/bucuresti\\\/primaria-capitalei-scoate-palmierii-lui-negoita-ar-fi-fost-plantati-ilegal\\\/\"]}]},{\"@type\":\"ImageObject\",\"inLanguage\":\"en-GB\",\"@id\":\"https:\\\/\\\/buletin.de\\\/bucuresti\\\/primaria-capitalei-scoate-palmierii-lui-negoita-ar-fi-fost-plantati-ilegal\\\/#primaryimage\",\"url\":\"https:\\\/\\\/buletin.de\\\/bucuresti\\\/wp-content\\\/uploads\\\/Robert-Negoita-palmieri-640x400-1-e1715074275172.jpeg\",\"contentUrl\":\"https:\\\/\\\/buletin.de\\\/bucuresti\\\/wp-content\\\/uploads\\\/Robert-Negoita-palmieri-640x400-1-e1715074275172.jpeg\",\"width\":289,\"height\":268},{\"@type\":\"BreadcrumbList\",\"@id\":\"https:\\\/\\\/buletin.de\\\/bucuresti\\\/primaria-capitalei-scoate-palmierii-lui-negoita-ar-fi-fost-plantati-ilegal\\\/#breadcrumb\",\"itemListElement\":[{\"@type\":\"ListItem\",\"position\":1,\"name\":\"Acas\u0103\",\"item\":\"https:\\\/\\\/buletin.de\\\/bucuresti\\\/\"},{\"@type\":\"ListItem\",\"position\":2,\"name\":\"Prim\u0103ria Capitalei scoate palmierii lui Negoi\u021b\u0103. Ar fi fost planta\u021bi ilegal\"}]},{\"@type\":\"WebSite\",\"@id\":\"https:\\\/\\\/buletin.de\\\/bucuresti\\\/#website\",\"url\":\"https:\\\/\\\/buletin.de\\\/bucuresti\\\/\",\"name\":\"Buletin de Bucure\u0219ti\",\"description\":\"\u0218tiri \u0219i investiga\u021bii esen\u021biale din capital\u0103\",\"publisher\":{\"@id\":\"https:\\\/\\\/buletin.de\\\/bucuresti\\\/#organization\"},\"potentialAction\":[{\"@type\":\"SearchAction\",\"target\":{\"@type\":\"EntryPoint\",\"urlTemplate\":\"https:\\\/\\\/buletin.de\\\/bucuresti\\\/?s={search_term_string}\"},\"query-input\":{\"@type\":\"PropertyValueSpecification\",\"valueRequired\":true,\"valueName\":\"search_term_string\"}}],\"inLanguage\":\"en-GB\"},{\"@type\":\"Organization\",\"@id\":\"https:\\\/\\\/buletin.de\\\/bucuresti\\\/#organization\",\"name\":\"Buletin de Bucure\u0219ti\",\"url\":\"https:\\\/\\\/buletin.de\\\/bucuresti\\\/\",\"logo\":{\"@type\":\"ImageObject\",\"inLanguage\":\"en-GB\",\"@id\":\"https:\\\/\\\/buletin.de\\\/bucuresti\\\/#\\\/schema\\\/logo\\\/image\\\/\",\"url\":\"https:\\\/\\\/buletin.de\\\/bucuresti\\\/wp-content\\\/uploads\\\/logo-bdb-full-wide-vernil-transparent.png\",\"contentUrl\":\"https:\\\/\\\/buletin.de\\\/bucuresti\\\/wp-content\\\/uploads\\\/logo-bdb-full-wide-vernil-transparent.png\",\"width\":1782,\"height\":626,\"caption\":\"Buletin de Bucure\u0219ti\"},\"image\":{\"@id\":\"https:\\\/\\\/buletin.de\\\/bucuresti\\\/#\\\/schema\\\/logo\\\/image\\\/\"},\"sameAs\":[\"https:\\\/\\\/www.facebook.com\\\/buletin.de.buc\",\"https:\\\/\\\/www.instagram.com\\\/buletinde.bucuresti\\\/\"]},{\"@type\":\"Person\",\"@id\":\"https:\\\/\\\/buletin.de\\\/bucuresti\\\/#\\\/schema\\\/person\\\/b0686d7a8b666c6afc78239777fd8a89\",\"name\":\"Florin R\u00e2\u0219teiu\",\"image\":{\"@type\":\"ImageObject\",\"inLanguage\":\"en-GB\",\"@id\":\"https:\\\/\\\/buletin.de\\\/bucuresti\\\/wp-content\\\/uploads\\\/Florin-Rasteiu-96x96.jpgf0a6fe28453aa12f0a60e4d0a2e3a78c\",\"url\":\"https:\\\/\\\/buletin.de\\\/bucuresti\\\/wp-content\\\/uploads\\\/Florin-Rasteiu-96x96.jpg\",\"contentUrl\":\"https:\\\/\\\/buletin.de\\\/bucuresti\\\/wp-content\\\/uploads\\\/Florin-Rasteiu-96x96.jpg\",\"caption\":\"Florin R\u00e2\u0219teiu\"},\"description\":\"Jurnalist de investiga\u021bie. Lucreaz\u0103 de aproape 6 ani la Buletin de Bucure\u0219ti, unde a publicat articole care scot la suprafa\u021b\u0103 corup\u021bia din Capital\u0103. Analizeaz\u0103 baze de date zilnic \u0219i scoate pove\u0219ti din exceluri pline de cifre. Pune reflectorul pe adev\u0103r cu fiecare ocazie. A c\u00e2\u0219tigat premiul I la categoria Pres\u0103 Local\u0103 \u00een 2025 \u0219i locul al II-lea la aceea\u0219i categorie \u00een 2024 \u00een cadrul Premiilor Superscrieri pentru jurnalism independent.\",\"url\":\"https:\\\/\\\/buletin.de\\\/bucuresti\\\/author\\\/florinrasteiu\\\/\"}]}<\/script>\n<!-- \/ Yoast SEO Premium plugin. -->","yoast_head_json":{"title":"Prim\u0103ria Capitalei scoate palmierii lui Negoi\u021b\u0103. Ar fi fost planta\u021bi ilegal - Buletin de Bucure\u0219ti","robots":{"index":"index","follow":"follow","max-snippet":"max-snippet:-1","max-image-preview":"max-image-preview:large","max-video-preview":"max-video-preview:-1"},"canonical":"https:\/\/buletin.de\/bucuresti\/primaria-capitalei-scoate-palmierii-lui-negoita-ar-fi-fost-plantati-ilegal\/","og_locale":"en_GB","og_type":"article","og_title":"Prim\u0103ria Capitalei scoate palmierii lui Negoi\u021b\u0103. Ar fi fost planta\u021bi ilegal","og_description":"Prim\u0103ria Capitalei \u00eel acuz\u0103 pe Robert Negoi\u021b\u0103 c\u0103 a plantat palmierii ilegal \u00eentr-o zon\u0103 care este \u00een administra\u021bia PMB \u0219i c\u0103 vor fi sco\u0219i. Cu dou\u0103 zile, Robert Negoi\u021b\u0103 anun\u021ba bucure\u0219tenii c\u0103 a plantat mai mul\u021bi palmieri \u00een zona Pie\u021bei Unirii. Prim\u0103ria Capitalei a anun\u021bat c\u0103 ast\u0103zi, 15 mai, de la ora 13:00 mai multe [&hellip;]","og_url":"https:\/\/buletin.de\/bucuresti\/primaria-capitalei-scoate-palmierii-lui-negoita-ar-fi-fost-plantati-ilegal\/","og_site_name":"Buletin de Bucure\u0219ti","article_publisher":"https:\/\/www.facebook.com\/buletin.de.buc","article_published_time":"2023-05-15T09:54:28+00:00","article_modified_time":"2023-05-15T09:54:29+00:00","og_image":[{"width":640,"height":400,"url":"https:\/\/buletin.de\/bucuresti\/wp-content\/uploads\/Robert-Negoita-palmieri-640x400-1.jpeg","type":"image\/jpeg"}],"author":"Florin R\u00e2\u0219teiu","twitter_card":"summary_large_image","twitter_misc":{"Written by":"Florin R\u00e2\u0219teiu","Estimated reading time":"1 minute"},"schema":{"@context":"https:\/\/schema.org","@graph":[{"@type":"Article","@id":"https:\/\/buletin.de\/bucuresti\/primaria-capitalei-scoate-palmierii-lui-negoita-ar-fi-fost-plantati-ilegal\/#article","isPartOf":{"@id":"https:\/\/buletin.de\/bucuresti\/primaria-capitalei-scoate-palmierii-lui-negoita-ar-fi-fost-plantati-ilegal\/"},"author":{"name":"Florin R\u00e2\u0219teiu","@id":"https:\/\/buletin.de\/bucuresti\/#\/schema\/person\/b0686d7a8b666c6afc78239777fd8a89"},"headline":"Prim\u0103ria Capitalei scoate palmierii lui Negoi\u021b\u0103. Ar fi fost planta\u021bi ilegal","datePublished":"2023-05-15T09:54:28+00:00","dateModified":"2023-05-15T09:54:29+00:00","mainEntityOfPage":{"@id":"https:\/\/buletin.de\/bucuresti\/primaria-capitalei-scoate-palmierii-lui-negoita-ar-fi-fost-plantati-ilegal\/"},"wordCount":255,"publisher":{"@id":"https:\/\/buletin.de\/bucuresti\/#organization"},"image":{"@id":"https:\/\/buletin.de\/bucuresti\/primaria-capitalei-scoate-palmierii-lui-negoita-ar-fi-fost-plantati-ilegal\/#primaryimage"},"thumbnailUrl":"https:\/\/buletin.de\/bucuresti\/wp-content\/uploads\/Robert-Negoita-palmieri-640x400-1-e1715074275172.jpeg","keywords":["ilegal","Nicu\u0219or Dan","palmieri","Pia\u021ba Unirii","robert ngoi\u021b\u0103"],"articleSection":["Featured"],"inLanguage":"en-GB","copyrightYear":"2023","copyrightHolder":{"@id":"https:\/\/buletin.de\/bucuresti\/#organization"}},{"@type":"WebPage","@id":"https:\/\/buletin.de\/bucuresti\/primaria-capitalei-scoate-palmierii-lui-negoita-ar-fi-fost-plantati-ilegal\/","url":"https:\/\/buletin.de\/bucuresti\/primaria-capitalei-scoate-palmierii-lui-negoita-ar-fi-fost-plantati-ilegal\/","name":"Prim\u0103ria Capitalei scoate palmierii lui Negoi\u021b\u0103. Ar fi fost planta\u021bi ilegal - Buletin de Bucure\u0219ti","isPartOf":{"@id":"https:\/\/buletin.de\/bucuresti\/#website"},"primaryImageOfPage":{"@id":"https:\/\/buletin.de\/bucuresti\/primaria-capitalei-scoate-palmierii-lui-negoita-ar-fi-fost-plantati-ilegal\/#primaryimage"},"image":{"@id":"https:\/\/buletin.de\/bucuresti\/primaria-capitalei-scoate-palmierii-lui-negoita-ar-fi-fost-plantati-ilegal\/#primaryimage"},"thumbnailUrl":"https:\/\/buletin.de\/bucuresti\/wp-content\/uploads\/Robert-Negoita-palmieri-640x400-1-e1715074275172.jpeg","datePublished":"2023-05-15T09:54:28+00:00","dateModified":"2023-05-15T09:54:29+00:00","breadcrumb":{"@id":"https:\/\/buletin.de\/bucuresti\/primaria-capitalei-scoate-palmierii-lui-negoita-ar-fi-fost-plantati-ilegal\/#breadcrumb"},"inLanguage":"en-GB","potentialAction":[{"@type":"ReadAction","target":["https:\/\/buletin.de\/bucuresti\/primaria-capitalei-scoate-palmierii-lui-negoita-ar-fi-fost-plantati-ilegal\/"]}]},{"@type":"ImageObject","inLanguage":"en-GB","@id":"https:\/\/buletin.de\/bucuresti\/primaria-capitalei-scoate-palmierii-lui-negoita-ar-fi-fost-plantati-ilegal\/#primaryimage","url":"https:\/\/buletin.de\/bucuresti\/wp-content\/uploads\/Robert-Negoita-palmieri-640x400-1-e1715074275172.jpeg","contentUrl":"https:\/\/buletin.de\/bucuresti\/wp-content\/uploads\/Robert-Negoita-palmieri-640x400-1-e1715074275172.jpeg","width":289,"height":268},{"@type":"BreadcrumbList","@id":"https:\/\/buletin.de\/bucuresti\/primaria-capitalei-scoate-palmierii-lui-negoita-ar-fi-fost-plantati-ilegal\/#breadcrumb","itemListElement":[{"@type":"ListItem","position":1,"name":"Acas\u0103","item":"https:\/\/buletin.de\/bucuresti\/"},{"@type":"ListItem","position":2,"name":"Prim\u0103ria Capitalei scoate palmierii lui Negoi\u021b\u0103. Ar fi fost planta\u021bi ilegal"}]},{"@type":"WebSite","@id":"https:\/\/buletin.de\/bucuresti\/#website","url":"https:\/\/buletin.de\/bucuresti\/","name":"Buletin de Bucure\u0219ti","description":"\u0218tiri \u0219i investiga\u021bii esen\u021biale din capital\u0103","publisher":{"@id":"https:\/\/buletin.de\/bucuresti\/#organization"},"potentialAction":[{"@type":"SearchAction","target":{"@type":"EntryPoint","urlTemplate":"https:\/\/buletin.de\/bucuresti\/?s={search_term_string}"},"query-input":{"@type":"PropertyValueSpecification","valueRequired":true,"valueName":"search_term_string"}}],"inLanguage":"en-GB"},{"@type":"Organization","@id":"https:\/\/buletin.de\/bucuresti\/#organization","name":"Buletin de Bucure\u0219ti","url":"https:\/\/buletin.de\/bucuresti\/","logo":{"@type":"ImageObject","inLanguage":"en-GB","@id":"https:\/\/buletin.de\/bucuresti\/#\/schema\/logo\/image\/","url":"https:\/\/buletin.de\/bucuresti\/wp-content\/uploads\/logo-bdb-full-wide-vernil-transparent.png","contentUrl":"https:\/\/buletin.de\/bucuresti\/wp-content\/uploads\/logo-bdb-full-wide-vernil-transparent.png","width":1782,"height":626,"caption":"Buletin de Bucure\u0219ti"},"image":{"@id":"https:\/\/buletin.de\/bucuresti\/#\/schema\/logo\/image\/"},"sameAs":["https:\/\/www.facebook.com\/buletin.de.buc","https:\/\/www.instagram.com\/buletinde.bucuresti\/"]},{"@type":"Person","@id":"https:\/\/buletin.de\/bucuresti\/#\/schema\/person\/b0686d7a8b666c6afc78239777fd8a89","name":"Florin R\u00e2\u0219teiu","image":{"@type":"ImageObject","inLanguage":"en-GB","@id":"https:\/\/buletin.de\/bucuresti\/wp-content\/uploads\/Florin-Rasteiu-96x96.jpgf0a6fe28453aa12f0a60e4d0a2e3a78c","url":"https:\/\/buletin.de\/bucuresti\/wp-content\/uploads\/Florin-Rasteiu-96x96.jpg","contentUrl":"https:\/\/buletin.de\/bucuresti\/wp-content\/uploads\/Florin-Rasteiu-96x96.jpg","caption":"Florin R\u00e2\u0219teiu"},"description":"Jurnalist de investiga\u021bie. Lucreaz\u0103 de aproape 6 ani la Buletin de Bucure\u0219ti, unde a publicat articole care scot la suprafa\u021b\u0103 corup\u021bia din Capital\u0103. Analizeaz\u0103 baze de date zilnic \u0219i scoate pove\u0219ti din exceluri pline de cifre. Pune reflectorul pe adev\u0103r cu fiecare ocazie. A c\u00e2\u0219tigat premiul I la categoria Pres\u0103 Local\u0103 \u00een 2025 \u0219i locul al II-lea la aceea\u0219i categorie \u00een 2024 \u00een cadrul Premiilor Superscrieri pentru jurnalism independent.","url":"https:\/\/buletin.de\/bucuresti\/author\/florinrasteiu\/"}]}},"authors":[{"term_id":22576,"user_id":17,"is_guest":0,"slug":"florinrasteiu","display_name":"Florin R\u00e2\u0219teiu","avatar_url":"https:\/\/buletin.de\/bucuresti\/wp-content\/uploads\/Florin-Rasteiu-96x96.jpg","0":null,"1":"","2":"","3":"","4":"","5":"","6":"","7":"","8":""}],"_links":{"self":[{"href":"https:\/\/buletin.de\/bucuresti\/wp-json\/wp\/v2\/posts\/58352","targetHints":{"allow":["GET"]}}],"collection":[{"href":"https:\/\/buletin.de\/bucuresti\/wp-json\/wp\/v2\/posts"}],"about":[{"href":"https:\/\/buletin.de\/bucuresti\/wp-json\/wp\/v2\/types\/post"}],"author":[{"embeddable":true,"href":"https:\/\/buletin.de\/bucuresti\/wp-json\/wp\/v2\/users\/17"}],"replies":[{"embeddable":true,"href":"https:\/\/buletin.de\/bucuresti\/wp-json\/wp\/v2\/comments?post=58352"}],"version-history":[{"count":3,"href":"https:\/\/buletin.de\/bucuresti\/wp-json\/wp\/v2\/posts\/58352\/revisions"}],"predecessor-version":[{"id":58357,"href":"https:\/\/buletin.de\/bucuresti\/wp-json\/wp\/v2\/posts\/58352\/revisions\/58357"}],"wp:featuredmedia":[{"embeddable":true,"href":"https:\/\/buletin.de\/bucuresti\/wp-json\/wp\/v2\/media\/58353"}],"wp:attachment":[{"href":"https:\/\/buletin.de\/bucuresti\/wp-json\/wp\/v2\/media?parent=58352"}],"wp:term":[{"taxonomy":"category","embeddable":true,"href":"https:\/\/buletin.de\/bucuresti\/wp-json\/wp\/v2\/categories?post=58352"},{"taxonomy":"post_tag","embeddable":true,"href":"https:\/\/buletin.de\/bucuresti\/wp-json\/wp\/v2\/tags?post=58352"},{"taxonomy":"author","embeddable":true,"href":"https:\/\/buletin.de\/bucuresti\/wp-json\/wp\/v2\/ppma_author?post=58352"}],"curies":[{"name":"wp","href":"https:\/\/api.w.org\/{rel}","templated":true}]}}