{"id":58291,"date":"2023-05-11T11:27:10","date_gmt":"2023-05-11T09:27:10","guid":{"rendered":"https:\/\/buletin.de\/bucuresti\/?p=58291"},"modified":"2023-05-11T11:42:06","modified_gmt":"2023-05-11T09:42:06","slug":"autobuzele-liniei-301-vor-circula-pe-un-traseu-modificat-pe-ambele-sensuri-de-luni-15-mai","status":"publish","type":"post","link":"https:\/\/buletin.de\/bucuresti\/autobuzele-liniei-301-vor-circula-pe-un-traseu-modificat-pe-ambele-sensuri-de-luni-15-mai\/","title":{"rendered":"Autobuzele liniei 301 vor circula pe un traseu modificat, pe ambele sensuri, de luni, 15 mai"},"content":{"rendered":"\n<p><strong>Linia de autobuz 301&nbsp;va func\u021biona pe un traseu modificat pe ambele sensuri, cu trecere prin parcarea Complexului Comercial B\u0103neasa, de luni, 15 mai. <\/strong><\/p>\n\n\n\n<figure class=\"wp-block-image size-large\"><img fetchpriority=\"high\" decoding=\"async\" width=\"872\" height=\"900\" src=\"data:image\/gif;base64,R0lGODlhAQABAAAAACH5BAEKAAEALAAAAAABAAEAAAICTAEAOw==\" data-src=\"https:\/\/buletin.de\/bucuresti\/wp-content\/uploads\/346497826_1013157736723595_507329081372944284_n-1-872x900.jpg\" alt=\"\" class=\"wp-image-58293 lazyload\" data-sizes=\"auto\" data-srcset=\"https:\/\/buletin.de\/bucuresti\/wp-content\/uploads\/346497826_1013157736723595_507329081372944284_n-1-872x900.jpg 872w, https:\/\/buletin.de\/bucuresti\/wp-content\/uploads\/346497826_1013157736723595_507329081372944284_n-1-291x300.jpg 291w, https:\/\/buletin.de\/bucuresti\/wp-content\/uploads\/346497826_1013157736723595_507329081372944284_n-1-768x793.jpg 768w, https:\/\/buletin.de\/bucuresti\/wp-content\/uploads\/346497826_1013157736723595_507329081372944284_n-1-1488x1536.jpg 1488w, https:\/\/buletin.de\/bucuresti\/wp-content\/uploads\/346497826_1013157736723595_507329081372944284_n-1-1060x1094.jpg 1060w, https:\/\/buletin.de\/bucuresti\/wp-content\/uploads\/346497826_1013157736723595_507329081372944284_n-1-550x568.jpg 550w, https:\/\/buletin.de\/bucuresti\/wp-content\/uploads\/346497826_1013157736723595_507329081372944284_n-1-484x500.jpg 484w, https:\/\/buletin.de\/bucuresti\/wp-content\/uploads\/346497826_1013157736723595_507329081372944284_n-1-1046x1080.jpg 1046w, https:\/\/buletin.de\/bucuresti\/wp-content\/uploads\/346497826_1013157736723595_507329081372944284_n-1-45x45.jpg 45w, https:\/\/buletin.de\/bucuresti\/wp-content\/uploads\/346497826_1013157736723595_507329081372944284_n-1-600x619.jpg 600w, https:\/\/buletin.de\/bucuresti\/wp-content\/uploads\/346497826_1013157736723595_507329081372944284_n-1.jpg 1742w\" sizes=\"(max-width: 872px) 100vw, 872px\" \/><figcaption>Surs\u0103 foto: Facebook, Societatea de Transport Bucure\u015fti &#8211; STB SA<\/figcaption><\/figure>\n\n\n\n<p>Pe sensul de mers spre \u201eJolie Ville B\u0103neasa\u201d, autobuzele vor circula pe urm\u0103torul traseu: terminal \u201ePia\u0163a Roman\u0103, Bd. General Gheorghe Magheru, Bd. Dacia, Calea&nbsp;Doroban\u021bi, Bd. Aviatorilor, Str. Nicolae Caramfil, Bd. Aerog\u0103rii, \u015eos. Bucure\u015fti-Ploie\u015fti, Str.&nbsp;Pan\u0103 Buescu, Str. Viorel Ciurea, Bd. Dr. Liviu Librescu, Bd. Alexandru Nasta, Aleea&nbsp;Privighetorilor, Str. Erou Iancu Nicolae, terminal \u201eJolie Ville B\u0103neasa\u201d.<\/p>\n\n\n\n<p>Pe sensul de mers spre \u201ePia\u021ba Roman\u0103\u201d, autobuzele vor circula pe urm\u0103torul traseu: terminal \u201eJolie Ville B\u0103neasa\u201f, Str. Erou Iancu Nicolae, Aleea&nbsp;Privighetorilor, Bd. Alexandru Nasta, Bd. Dr. Liviu Librescu, intersec\u0163ia \u015eos.&nbsp;Bucure\u015fti-Ploie\u015fti\/Str. Jandarmeriei, Bd. Dr. Liviu Librescu, Str. Viorel Ciurea, Str. Pan\u0103 Buescu, \u015eos. Bucure\u015fti-Ploie\u015fti, Bd. Aerog\u0103rii, Str. Nicolae Caramfil, Bd. Aviatorilor, Calea&nbsp;Doroban\u021bi, Str. George Enescu, Bd. General Gheorghe Magheru, terminal \u201ePia\u021ba Roman\u0103\u201d.<\/p>\n\n\n\n<p>Autobuzele liniei 301 vor efectua opriri \u00een noile sta\u021bii \u201eComplex Comercial B\u0103neasa\u201d, situate pe ambele sensuri pe str. Pan\u0103 Buescu (\u00een zona restaurantului KFC).<\/p>\n","protected":false},"excerpt":{"rendered":"<p>Linia de autobuz 301&nbsp;va func\u021biona pe un traseu modificat pe ambele sensuri, cu trecere prin parcarea Complexului Comercial B\u0103neasa, de luni, 15 mai. Pe sensul de mers spre \u201eJolie Ville B\u0103neasa\u201d, autobuzele vor circula pe urm\u0103torul traseu: terminal \u201ePia\u0163a Roman\u0103, Bd. General Gheorghe Magheru, Bd. Dacia, Calea&nbsp;Doroban\u021bi, Bd. Aviatorilor, Str. Nicolae Caramfil, Bd. Aerog\u0103rii, \u015eos. [&hellip;]<\/p>\n","protected":false},"author":46,"featured_media":58296,"comment_status":"closed","ping_status":"open","sticky":false,"template":"","format":"standard","meta":{"_acf_changed":false,"inline_featured_image":false,"ngg_post_thumbnail":0,"footnotes":""},"categories":[62,650],"tags":[],"ppma_author":[22605],"class_list":["post-58291","post","type-post","status-publish","format-standard","has-post-thumbnail","hentry","category-stiri","category-transport"],"acf":[],"yoast_head":"<!-- This site is optimized with the Yoast SEO Premium plugin v25.3 (Yoast SEO v27.4) - https:\/\/yoast.com\/product\/yoast-seo-premium-wordpress\/ -->\n<title>Autobuzele liniei 301 vor circula pe un traseu modificat, pe ambele sensuri, de luni, 15 mai - Buletin de Bucure\u0219ti<\/title>\n<meta name=\"robots\" content=\"index, follow, max-snippet:-1, max-image-preview:large, max-video-preview:-1\" \/>\n<link rel=\"canonical\" href=\"https:\/\/buletin.de\/bucuresti\/autobuzele-liniei-301-vor-circula-pe-un-traseu-modificat-pe-ambele-sensuri-de-luni-15-mai\/\" \/>\n<meta property=\"og:locale\" content=\"en_GB\" \/>\n<meta property=\"og:type\" content=\"article\" \/>\n<meta property=\"og:title\" content=\"Autobuzele liniei 301 vor circula pe un traseu modificat, pe ambele sensuri, de luni, 15 mai\" \/>\n<meta property=\"og:description\" content=\"Linia de autobuz 301&nbsp;va func\u021biona pe un traseu modificat pe ambele sensuri, cu trecere prin parcarea Complexului Comercial B\u0103neasa, de luni, 15 mai. Pe sensul de mers spre \u201eJolie Ville B\u0103neasa\u201d, autobuzele vor circula pe urm\u0103torul traseu: terminal \u201ePia\u0163a Roman\u0103, Bd. General Gheorghe Magheru, Bd. Dacia, Calea&nbsp;Doroban\u021bi, Bd. Aviatorilor, Str. Nicolae Caramfil, Bd. Aerog\u0103rii, \u015eos. [&hellip;]\" \/>\n<meta property=\"og:url\" content=\"https:\/\/buletin.de\/bucuresti\/autobuzele-liniei-301-vor-circula-pe-un-traseu-modificat-pe-ambele-sensuri-de-luni-15-mai\/\" \/>\n<meta property=\"og:site_name\" content=\"Buletin de Bucure\u0219ti\" \/>\n<meta property=\"article:publisher\" content=\"https:\/\/www.facebook.com\/buletin.de.buc\" \/>\n<meta property=\"article:published_time\" content=\"2023-05-11T09:27:10+00:00\" \/>\n<meta property=\"article:modified_time\" content=\"2023-05-11T09:42:06+00:00\" \/>\n<meta property=\"og:image\" content=\"https:\/\/buletin.de\/bucuresti\/wp-content\/uploads\/346497826_1013157736723595_507329081372944284_n-2.jpg\" \/>\n\t<meta property=\"og:image:width\" content=\"1699\" \/>\n\t<meta property=\"og:image:height\" content=\"1384\" \/>\n\t<meta property=\"og:image:type\" content=\"image\/jpeg\" \/>\n<meta name=\"author\" content=\"Andreea Gelatu\" \/>\n<meta name=\"twitter:card\" content=\"summary_large_image\" \/>\n<meta name=\"twitter:label1\" content=\"Written by\" \/>\n\t<meta name=\"twitter:data1\" content=\"Andreea Gelatu\" \/>\n\t<meta name=\"twitter:label2\" content=\"Estimated reading time\" \/>\n\t<meta name=\"twitter:data2\" content=\"1 minute\" \/>\n<script type=\"application\/ld+json\" class=\"yoast-schema-graph\">{\"@context\":\"https:\\\/\\\/schema.org\",\"@graph\":[{\"@type\":\"Article\",\"@id\":\"https:\\\/\\\/buletin.de\\\/bucuresti\\\/autobuzele-liniei-301-vor-circula-pe-un-traseu-modificat-pe-ambele-sensuri-de-luni-15-mai\\\/#article\",\"isPartOf\":{\"@id\":\"https:\\\/\\\/buletin.de\\\/bucuresti\\\/autobuzele-liniei-301-vor-circula-pe-un-traseu-modificat-pe-ambele-sensuri-de-luni-15-mai\\\/\"},\"author\":{\"name\":\"Andreea Gelatu\",\"@id\":\"https:\\\/\\\/buletin.de\\\/bucuresti\\\/#\\\/schema\\\/person\\\/87734700b2c7f8608881f7e93b8834de\"},\"headline\":\"Autobuzele liniei 301 vor circula pe un traseu modificat, pe ambele sensuri, de luni, 15 mai\",\"datePublished\":\"2023-05-11T09:27:10+00:00\",\"dateModified\":\"2023-05-11T09:42:06+00:00\",\"mainEntityOfPage\":{\"@id\":\"https:\\\/\\\/buletin.de\\\/bucuresti\\\/autobuzele-liniei-301-vor-circula-pe-un-traseu-modificat-pe-ambele-sensuri-de-luni-15-mai\\\/\"},\"wordCount\":223,\"publisher\":{\"@id\":\"https:\\\/\\\/buletin.de\\\/bucuresti\\\/#organization\"},\"image\":{\"@id\":\"https:\\\/\\\/buletin.de\\\/bucuresti\\\/autobuzele-liniei-301-vor-circula-pe-un-traseu-modificat-pe-ambele-sensuri-de-luni-15-mai\\\/#primaryimage\"},\"thumbnailUrl\":\"https:\\\/\\\/buletin.de\\\/bucuresti\\\/wp-content\\\/uploads\\\/346497826_1013157736723595_507329081372944284_n-2.jpg\",\"articleSection\":[\"\u0218tiri\",\"Transport\"],\"inLanguage\":\"en-GB\",\"copyrightYear\":\"2023\",\"copyrightHolder\":{\"@id\":\"https:\\\/\\\/buletin.de\\\/bucuresti\\\/#organization\"}},{\"@type\":\"WebPage\",\"@id\":\"https:\\\/\\\/buletin.de\\\/bucuresti\\\/autobuzele-liniei-301-vor-circula-pe-un-traseu-modificat-pe-ambele-sensuri-de-luni-15-mai\\\/\",\"url\":\"https:\\\/\\\/buletin.de\\\/bucuresti\\\/autobuzele-liniei-301-vor-circula-pe-un-traseu-modificat-pe-ambele-sensuri-de-luni-15-mai\\\/\",\"name\":\"Autobuzele liniei 301 vor circula pe un traseu modificat, pe ambele sensuri, de luni, 15 mai - Buletin de Bucure\u0219ti\",\"isPartOf\":{\"@id\":\"https:\\\/\\\/buletin.de\\\/bucuresti\\\/#website\"},\"primaryImageOfPage\":{\"@id\":\"https:\\\/\\\/buletin.de\\\/bucuresti\\\/autobuzele-liniei-301-vor-circula-pe-un-traseu-modificat-pe-ambele-sensuri-de-luni-15-mai\\\/#primaryimage\"},\"image\":{\"@id\":\"https:\\\/\\\/buletin.de\\\/bucuresti\\\/autobuzele-liniei-301-vor-circula-pe-un-traseu-modificat-pe-ambele-sensuri-de-luni-15-mai\\\/#primaryimage\"},\"thumbnailUrl\":\"https:\\\/\\\/buletin.de\\\/bucuresti\\\/wp-content\\\/uploads\\\/346497826_1013157736723595_507329081372944284_n-2.jpg\",\"datePublished\":\"2023-05-11T09:27:10+00:00\",\"dateModified\":\"2023-05-11T09:42:06+00:00\",\"breadcrumb\":{\"@id\":\"https:\\\/\\\/buletin.de\\\/bucuresti\\\/autobuzele-liniei-301-vor-circula-pe-un-traseu-modificat-pe-ambele-sensuri-de-luni-15-mai\\\/#breadcrumb\"},\"inLanguage\":\"en-GB\",\"potentialAction\":[{\"@type\":\"ReadAction\",\"target\":[\"https:\\\/\\\/buletin.de\\\/bucuresti\\\/autobuzele-liniei-301-vor-circula-pe-un-traseu-modificat-pe-ambele-sensuri-de-luni-15-mai\\\/\"]}]},{\"@type\":\"ImageObject\",\"inLanguage\":\"en-GB\",\"@id\":\"https:\\\/\\\/buletin.de\\\/bucuresti\\\/autobuzele-liniei-301-vor-circula-pe-un-traseu-modificat-pe-ambele-sensuri-de-luni-15-mai\\\/#primaryimage\",\"url\":\"https:\\\/\\\/buletin.de\\\/bucuresti\\\/wp-content\\\/uploads\\\/346497826_1013157736723595_507329081372944284_n-2.jpg\",\"contentUrl\":\"https:\\\/\\\/buletin.de\\\/bucuresti\\\/wp-content\\\/uploads\\\/346497826_1013157736723595_507329081372944284_n-2.jpg\",\"width\":1699,\"height\":1384},{\"@type\":\"BreadcrumbList\",\"@id\":\"https:\\\/\\\/buletin.de\\\/bucuresti\\\/autobuzele-liniei-301-vor-circula-pe-un-traseu-modificat-pe-ambele-sensuri-de-luni-15-mai\\\/#breadcrumb\",\"itemListElement\":[{\"@type\":\"ListItem\",\"position\":1,\"name\":\"Acas\u0103\",\"item\":\"https:\\\/\\\/buletin.de\\\/bucuresti\\\/\"},{\"@type\":\"ListItem\",\"position\":2,\"name\":\"Autobuzele liniei 301 vor circula pe un traseu modificat, pe ambele sensuri, de luni, 15 mai\"}]},{\"@type\":\"WebSite\",\"@id\":\"https:\\\/\\\/buletin.de\\\/bucuresti\\\/#website\",\"url\":\"https:\\\/\\\/buletin.de\\\/bucuresti\\\/\",\"name\":\"Buletin de Bucure\u0219ti\",\"description\":\"\u0218tiri \u0219i investiga\u021bii esen\u021biale din capital\u0103\",\"publisher\":{\"@id\":\"https:\\\/\\\/buletin.de\\\/bucuresti\\\/#organization\"},\"potentialAction\":[{\"@type\":\"SearchAction\",\"target\":{\"@type\":\"EntryPoint\",\"urlTemplate\":\"https:\\\/\\\/buletin.de\\\/bucuresti\\\/?s={search_term_string}\"},\"query-input\":{\"@type\":\"PropertyValueSpecification\",\"valueRequired\":true,\"valueName\":\"search_term_string\"}}],\"inLanguage\":\"en-GB\"},{\"@type\":\"Organization\",\"@id\":\"https:\\\/\\\/buletin.de\\\/bucuresti\\\/#organization\",\"name\":\"Buletin de Bucure\u0219ti\",\"url\":\"https:\\\/\\\/buletin.de\\\/bucuresti\\\/\",\"logo\":{\"@type\":\"ImageObject\",\"inLanguage\":\"en-GB\",\"@id\":\"https:\\\/\\\/buletin.de\\\/bucuresti\\\/#\\\/schema\\\/logo\\\/image\\\/\",\"url\":\"https:\\\/\\\/buletin.de\\\/bucuresti\\\/wp-content\\\/uploads\\\/logo-bdb-full-wide-vernil-transparent.png\",\"contentUrl\":\"https:\\\/\\\/buletin.de\\\/bucuresti\\\/wp-content\\\/uploads\\\/logo-bdb-full-wide-vernil-transparent.png\",\"width\":1782,\"height\":626,\"caption\":\"Buletin de Bucure\u0219ti\"},\"image\":{\"@id\":\"https:\\\/\\\/buletin.de\\\/bucuresti\\\/#\\\/schema\\\/logo\\\/image\\\/\"},\"sameAs\":[\"https:\\\/\\\/www.facebook.com\\\/buletin.de.buc\",\"https:\\\/\\\/www.instagram.com\\\/buletinde.bucuresti\\\/\"]},{\"@type\":\"Person\",\"@id\":\"https:\\\/\\\/buletin.de\\\/bucuresti\\\/#\\\/schema\\\/person\\\/87734700b2c7f8608881f7e93b8834de\",\"name\":\"Andreea Gelatu\",\"image\":{\"@type\":\"ImageObject\",\"inLanguage\":\"en-GB\",\"@id\":\"https:\\\/\\\/secure.gravatar.com\\\/avatar\\\/b716eca2f984b9b65bdd87118b4b909d940b619cbe6e8cb725fe11c1b1f4194f?s=96&d=monsterid&r=g9b5eff4996c6b842a29b3057a7b4746f\",\"url\":\"https:\\\/\\\/secure.gravatar.com\\\/avatar\\\/b716eca2f984b9b65bdd87118b4b909d940b619cbe6e8cb725fe11c1b1f4194f?s=96&d=monsterid&r=g\",\"contentUrl\":\"https:\\\/\\\/secure.gravatar.com\\\/avatar\\\/b716eca2f984b9b65bdd87118b4b909d940b619cbe6e8cb725fe11c1b1f4194f?s=96&d=monsterid&r=g\",\"caption\":\"Andreea Gelatu\"},\"url\":\"https:\\\/\\\/buletin.de\\\/bucuresti\\\/author\\\/andreeagelatu\\\/\"}]}<\/script>\n<!-- \/ Yoast SEO Premium plugin. -->","yoast_head_json":{"title":"Autobuzele liniei 301 vor circula pe un traseu modificat, pe ambele sensuri, de luni, 15 mai - Buletin de Bucure\u0219ti","robots":{"index":"index","follow":"follow","max-snippet":"max-snippet:-1","max-image-preview":"max-image-preview:large","max-video-preview":"max-video-preview:-1"},"canonical":"https:\/\/buletin.de\/bucuresti\/autobuzele-liniei-301-vor-circula-pe-un-traseu-modificat-pe-ambele-sensuri-de-luni-15-mai\/","og_locale":"en_GB","og_type":"article","og_title":"Autobuzele liniei 301 vor circula pe un traseu modificat, pe ambele sensuri, de luni, 15 mai","og_description":"Linia de autobuz 301&nbsp;va func\u021biona pe un traseu modificat pe ambele sensuri, cu trecere prin parcarea Complexului Comercial B\u0103neasa, de luni, 15 mai. Pe sensul de mers spre \u201eJolie Ville B\u0103neasa\u201d, autobuzele vor circula pe urm\u0103torul traseu: terminal \u201ePia\u0163a Roman\u0103, Bd. General Gheorghe Magheru, Bd. Dacia, Calea&nbsp;Doroban\u021bi, Bd. Aviatorilor, Str. Nicolae Caramfil, Bd. Aerog\u0103rii, \u015eos. [&hellip;]","og_url":"https:\/\/buletin.de\/bucuresti\/autobuzele-liniei-301-vor-circula-pe-un-traseu-modificat-pe-ambele-sensuri-de-luni-15-mai\/","og_site_name":"Buletin de Bucure\u0219ti","article_publisher":"https:\/\/www.facebook.com\/buletin.de.buc","article_published_time":"2023-05-11T09:27:10+00:00","article_modified_time":"2023-05-11T09:42:06+00:00","og_image":[{"width":1699,"height":1384,"url":"https:\/\/buletin.de\/bucuresti\/wp-content\/uploads\/346497826_1013157736723595_507329081372944284_n-2.jpg","type":"image\/jpeg"}],"author":"Andreea Gelatu","twitter_card":"summary_large_image","twitter_misc":{"Written by":"Andreea Gelatu","Estimated reading time":"1 minute"},"schema":{"@context":"https:\/\/schema.org","@graph":[{"@type":"Article","@id":"https:\/\/buletin.de\/bucuresti\/autobuzele-liniei-301-vor-circula-pe-un-traseu-modificat-pe-ambele-sensuri-de-luni-15-mai\/#article","isPartOf":{"@id":"https:\/\/buletin.de\/bucuresti\/autobuzele-liniei-301-vor-circula-pe-un-traseu-modificat-pe-ambele-sensuri-de-luni-15-mai\/"},"author":{"name":"Andreea Gelatu","@id":"https:\/\/buletin.de\/bucuresti\/#\/schema\/person\/87734700b2c7f8608881f7e93b8834de"},"headline":"Autobuzele liniei 301 vor circula pe un traseu modificat, pe ambele sensuri, de luni, 15 mai","datePublished":"2023-05-11T09:27:10+00:00","dateModified":"2023-05-11T09:42:06+00:00","mainEntityOfPage":{"@id":"https:\/\/buletin.de\/bucuresti\/autobuzele-liniei-301-vor-circula-pe-un-traseu-modificat-pe-ambele-sensuri-de-luni-15-mai\/"},"wordCount":223,"publisher":{"@id":"https:\/\/buletin.de\/bucuresti\/#organization"},"image":{"@id":"https:\/\/buletin.de\/bucuresti\/autobuzele-liniei-301-vor-circula-pe-un-traseu-modificat-pe-ambele-sensuri-de-luni-15-mai\/#primaryimage"},"thumbnailUrl":"https:\/\/buletin.de\/bucuresti\/wp-content\/uploads\/346497826_1013157736723595_507329081372944284_n-2.jpg","articleSection":["\u0218tiri","Transport"],"inLanguage":"en-GB","copyrightYear":"2023","copyrightHolder":{"@id":"https:\/\/buletin.de\/bucuresti\/#organization"}},{"@type":"WebPage","@id":"https:\/\/buletin.de\/bucuresti\/autobuzele-liniei-301-vor-circula-pe-un-traseu-modificat-pe-ambele-sensuri-de-luni-15-mai\/","url":"https:\/\/buletin.de\/bucuresti\/autobuzele-liniei-301-vor-circula-pe-un-traseu-modificat-pe-ambele-sensuri-de-luni-15-mai\/","name":"Autobuzele liniei 301 vor circula pe un traseu modificat, pe ambele sensuri, de luni, 15 mai - Buletin de Bucure\u0219ti","isPartOf":{"@id":"https:\/\/buletin.de\/bucuresti\/#website"},"primaryImageOfPage":{"@id":"https:\/\/buletin.de\/bucuresti\/autobuzele-liniei-301-vor-circula-pe-un-traseu-modificat-pe-ambele-sensuri-de-luni-15-mai\/#primaryimage"},"image":{"@id":"https:\/\/buletin.de\/bucuresti\/autobuzele-liniei-301-vor-circula-pe-un-traseu-modificat-pe-ambele-sensuri-de-luni-15-mai\/#primaryimage"},"thumbnailUrl":"https:\/\/buletin.de\/bucuresti\/wp-content\/uploads\/346497826_1013157736723595_507329081372944284_n-2.jpg","datePublished":"2023-05-11T09:27:10+00:00","dateModified":"2023-05-11T09:42:06+00:00","breadcrumb":{"@id":"https:\/\/buletin.de\/bucuresti\/autobuzele-liniei-301-vor-circula-pe-un-traseu-modificat-pe-ambele-sensuri-de-luni-15-mai\/#breadcrumb"},"inLanguage":"en-GB","potentialAction":[{"@type":"ReadAction","target":["https:\/\/buletin.de\/bucuresti\/autobuzele-liniei-301-vor-circula-pe-un-traseu-modificat-pe-ambele-sensuri-de-luni-15-mai\/"]}]},{"@type":"ImageObject","inLanguage":"en-GB","@id":"https:\/\/buletin.de\/bucuresti\/autobuzele-liniei-301-vor-circula-pe-un-traseu-modificat-pe-ambele-sensuri-de-luni-15-mai\/#primaryimage","url":"https:\/\/buletin.de\/bucuresti\/wp-content\/uploads\/346497826_1013157736723595_507329081372944284_n-2.jpg","contentUrl":"https:\/\/buletin.de\/bucuresti\/wp-content\/uploads\/346497826_1013157736723595_507329081372944284_n-2.jpg","width":1699,"height":1384},{"@type":"BreadcrumbList","@id":"https:\/\/buletin.de\/bucuresti\/autobuzele-liniei-301-vor-circula-pe-un-traseu-modificat-pe-ambele-sensuri-de-luni-15-mai\/#breadcrumb","itemListElement":[{"@type":"ListItem","position":1,"name":"Acas\u0103","item":"https:\/\/buletin.de\/bucuresti\/"},{"@type":"ListItem","position":2,"name":"Autobuzele liniei 301 vor circula pe un traseu modificat, pe ambele sensuri, de luni, 15 mai"}]},{"@type":"WebSite","@id":"https:\/\/buletin.de\/bucuresti\/#website","url":"https:\/\/buletin.de\/bucuresti\/","name":"Buletin de Bucure\u0219ti","description":"\u0218tiri \u0219i investiga\u021bii esen\u021biale din capital\u0103","publisher":{"@id":"https:\/\/buletin.de\/bucuresti\/#organization"},"potentialAction":[{"@type":"SearchAction","target":{"@type":"EntryPoint","urlTemplate":"https:\/\/buletin.de\/bucuresti\/?s={search_term_string}"},"query-input":{"@type":"PropertyValueSpecification","valueRequired":true,"valueName":"search_term_string"}}],"inLanguage":"en-GB"},{"@type":"Organization","@id":"https:\/\/buletin.de\/bucuresti\/#organization","name":"Buletin de Bucure\u0219ti","url":"https:\/\/buletin.de\/bucuresti\/","logo":{"@type":"ImageObject","inLanguage":"en-GB","@id":"https:\/\/buletin.de\/bucuresti\/#\/schema\/logo\/image\/","url":"https:\/\/buletin.de\/bucuresti\/wp-content\/uploads\/logo-bdb-full-wide-vernil-transparent.png","contentUrl":"https:\/\/buletin.de\/bucuresti\/wp-content\/uploads\/logo-bdb-full-wide-vernil-transparent.png","width":1782,"height":626,"caption":"Buletin de Bucure\u0219ti"},"image":{"@id":"https:\/\/buletin.de\/bucuresti\/#\/schema\/logo\/image\/"},"sameAs":["https:\/\/www.facebook.com\/buletin.de.buc","https:\/\/www.instagram.com\/buletinde.bucuresti\/"]},{"@type":"Person","@id":"https:\/\/buletin.de\/bucuresti\/#\/schema\/person\/87734700b2c7f8608881f7e93b8834de","name":"Andreea Gelatu","image":{"@type":"ImageObject","inLanguage":"en-GB","@id":"https:\/\/secure.gravatar.com\/avatar\/b716eca2f984b9b65bdd87118b4b909d940b619cbe6e8cb725fe11c1b1f4194f?s=96&d=monsterid&r=g9b5eff4996c6b842a29b3057a7b4746f","url":"https:\/\/secure.gravatar.com\/avatar\/b716eca2f984b9b65bdd87118b4b909d940b619cbe6e8cb725fe11c1b1f4194f?s=96&d=monsterid&r=g","contentUrl":"https:\/\/secure.gravatar.com\/avatar\/b716eca2f984b9b65bdd87118b4b909d940b619cbe6e8cb725fe11c1b1f4194f?s=96&d=monsterid&r=g","caption":"Andreea Gelatu"},"url":"https:\/\/buletin.de\/bucuresti\/author\/andreeagelatu\/"}]}},"authors":[{"term_id":22605,"user_id":46,"is_guest":0,"slug":"andreeagelatu","display_name":"Andreea Gelatu","avatar_url":"https:\/\/secure.gravatar.com\/avatar\/b716eca2f984b9b65bdd87118b4b909d940b619cbe6e8cb725fe11c1b1f4194f?s=96&d=monsterid&r=g","0":null,"1":"","2":"","3":"","4":"","5":"","6":"","7":"","8":""}],"_links":{"self":[{"href":"https:\/\/buletin.de\/bucuresti\/wp-json\/wp\/v2\/posts\/58291","targetHints":{"allow":["GET"]}}],"collection":[{"href":"https:\/\/buletin.de\/bucuresti\/wp-json\/wp\/v2\/posts"}],"about":[{"href":"https:\/\/buletin.de\/bucuresti\/wp-json\/wp\/v2\/types\/post"}],"author":[{"embeddable":true,"href":"https:\/\/buletin.de\/bucuresti\/wp-json\/wp\/v2\/users\/46"}],"replies":[{"embeddable":true,"href":"https:\/\/buletin.de\/bucuresti\/wp-json\/wp\/v2\/comments?post=58291"}],"version-history":[{"count":2,"href":"https:\/\/buletin.de\/bucuresti\/wp-json\/wp\/v2\/posts\/58291\/revisions"}],"predecessor-version":[{"id":58295,"href":"https:\/\/buletin.de\/bucuresti\/wp-json\/wp\/v2\/posts\/58291\/revisions\/58295"}],"wp:featuredmedia":[{"embeddable":true,"href":"https:\/\/buletin.de\/bucuresti\/wp-json\/wp\/v2\/media\/58296"}],"wp:attachment":[{"href":"https:\/\/buletin.de\/bucuresti\/wp-json\/wp\/v2\/media?parent=58291"}],"wp:term":[{"taxonomy":"category","embeddable":true,"href":"https:\/\/buletin.de\/bucuresti\/wp-json\/wp\/v2\/categories?post=58291"},{"taxonomy":"post_tag","embeddable":true,"href":"https:\/\/buletin.de\/bucuresti\/wp-json\/wp\/v2\/tags?post=58291"},{"taxonomy":"author","embeddable":true,"href":"https:\/\/buletin.de\/bucuresti\/wp-json\/wp\/v2\/ppma_author?post=58291"}],"curies":[{"name":"wp","href":"https:\/\/api.w.org\/{rel}","templated":true}]}}