{"id":58226,"date":"2023-05-07T12:25:03","date_gmt":"2023-05-07T10:25:03","guid":{"rendered":"https:\/\/buletin.de\/bucuresti\/?p=58226"},"modified":"2023-05-07T12:25:03","modified_gmt":"2023-05-07T10:25:03","slug":"autobuzele-330-si-335-nu-vor-mai-circula-pe-8-si-9-mai-pe-linia-de-tramvai-pe-sos-stefan-cel-mare","status":"publish","type":"post","link":"https:\/\/buletin.de\/bucuresti\/autobuzele-330-si-335-nu-vor-mai-circula-pe-8-si-9-mai-pe-linia-de-tramvai-pe-sos-stefan-cel-mare\/","title":{"rendered":"Autobuzele 330 \u0219i 335 nu vor mai circula, pe 8 \u0219i 9 mai, pe linia de tramvai, pe \u0218os. \u0218tefan cel Mare"},"content":{"rendered":"\n<p>Autobuzele&nbsp;liniilor 330 \u0219i 335&nbsp;nu vor mai intra, luni \u0219i mar\u021bi, 8 \u0219i 9 mai, pe sensul de mers spre terminalul&nbsp;\u201eComplex Comercial B\u0103neasa\u201d, pe calea de rulare a tramvaielor dup\u0103 rondul Bucur Obor, urm\u00e2nd s\u0103 circule pe carosabil pe \u0218oseaua \u0218tefan cel Mare \u0219i s\u0103&nbsp;opreasc\u0103 \u00een sta\u021biile aflate la trotuar.<\/p>\n\n\n\n<figure class=\"wp-block-image size-large\"><img fetchpriority=\"high\" decoding=\"async\" width=\"900\" height=\"675\" src=\"data:image\/gif;base64,R0lGODlhAQABAAAAACH5BAEKAAEALAAAAAABAAEAAAICTAEAOw==\" data-src=\"https:\/\/buletin.de\/bucuresti\/wp-content\/uploads\/autobuz-335_2-1-900x675.jpg\" alt=\"\" class=\"wp-image-58228 lazyload\" data-sizes=\"auto\" data-srcset=\"https:\/\/buletin.de\/bucuresti\/wp-content\/uploads\/autobuz-335_2-1-900x675.jpg 900w, https:\/\/buletin.de\/bucuresti\/wp-content\/uploads\/autobuz-335_2-1-300x225.jpg 300w, https:\/\/buletin.de\/bucuresti\/wp-content\/uploads\/autobuz-335_2-1-768x576.jpg 768w, https:\/\/buletin.de\/bucuresti\/wp-content\/uploads\/autobuz-335_2-1-1536x1152.jpg 1536w, https:\/\/buletin.de\/bucuresti\/wp-content\/uploads\/autobuz-335_2-1-1060x795.jpg 1060w, https:\/\/buletin.de\/bucuresti\/wp-content\/uploads\/autobuz-335_2-1-550x413.jpg 550w, https:\/\/buletin.de\/bucuresti\/wp-content\/uploads\/autobuz-335_2-1-667x500.jpg 667w, https:\/\/buletin.de\/bucuresti\/wp-content\/uploads\/autobuz-335_2-1-1440x1080.jpg 1440w, https:\/\/buletin.de\/bucuresti\/wp-content\/uploads\/autobuz-335_2-1-600x450.jpg 600w, https:\/\/buletin.de\/bucuresti\/wp-content\/uploads\/autobuz-335_2-1.jpg 1600w\" sizes=\"(max-width: 900px) 100vw, 900px\" \/><figcaption>Surs\u0103 foto: Asocia\u021bia de Dezvoltare Intercomunitar\u0103 pentru Transport Public Bucure\u0219ti-Ilfov (TPBI)<\/figcaption><\/figure>\n\n\n\n<p>Decizia a fost luat\u0103 de Asocia\u021bia de Dezvoltare Intercomunitar\u0103 pentru Transport Public Bucure\u0219ti \u2013 Ilfov (TPBI) ca urmare a efectu\u0103rii unor lucr\u0103ri la sistemul de semaforizare la intersec\u021bia \u0218os. \u0218tefan cel Mare\/ Calea Mo\u0219ilor.<\/p>\n\n\n\n<p>\u0218i autobuzele&nbsp;liniei N1&nbsp;vor circula pe carosabil \u00een&nbsp;noaptea de 08\/ 09.05.2023, pe sensul spre&nbsp;\u201eBanu Manta\u201d, \u00eentre rondul Bucur Obor \u0219i Strada Lizeanu, urm\u00e2nd s\u0103 revin\u0103 pe calea de rulare a tramvaielor la intersec\u021bia \u0218os. \u0218tefan cel Mare\/ Str. Lizeanu. \u00cen acest interval de timp, vehiculele&nbsp;nu vor mai opri \u00een sta\u021bia \u201eLizeanu\u201d.<\/p>\n","protected":false},"excerpt":{"rendered":"<p>Autobuzele&nbsp;liniilor 330 \u0219i 335&nbsp;nu vor mai intra, luni \u0219i mar\u021bi, 8 \u0219i 9 mai, pe sensul de mers spre terminalul&nbsp;\u201eComplex Comercial B\u0103neasa\u201d, pe calea de rulare a tramvaielor dup\u0103 rondul Bucur Obor, urm\u00e2nd s\u0103 circule pe carosabil pe \u0218oseaua \u0218tefan cel Mare \u0219i s\u0103&nbsp;opreasc\u0103 \u00een sta\u021biile aflate la trotuar. Decizia a fost luat\u0103 de Asocia\u021bia [&hellip;]<\/p>\n","protected":false},"author":46,"featured_media":58227,"comment_status":"closed","ping_status":"open","sticky":false,"template":"","format":"standard","meta":{"_acf_changed":false,"inline_featured_image":false,"ngg_post_thumbnail":0,"footnotes":""},"categories":[62],"tags":[],"ppma_author":[22605],"class_list":["post-58226","post","type-post","status-publish","format-standard","has-post-thumbnail","hentry","category-stiri"],"acf":[],"yoast_head":"<!-- This site is optimized with the Yoast SEO Premium plugin v25.3 (Yoast SEO v27.5) - https:\/\/yoast.com\/product\/yoast-seo-premium-wordpress\/ -->\n<title>Autobuzele 330 \u0219i 335 nu vor mai circula, pe 8 \u0219i 9 mai, pe linia de tramvai, pe \u0218os. \u0218tefan cel Mare - Buletin de Bucure\u0219ti<\/title>\n<meta name=\"robots\" content=\"index, follow, max-snippet:-1, max-image-preview:large, max-video-preview:-1\" \/>\n<link rel=\"canonical\" href=\"https:\/\/buletin.de\/bucuresti\/autobuzele-330-si-335-nu-vor-mai-circula-pe-8-si-9-mai-pe-linia-de-tramvai-pe-sos-stefan-cel-mare\/\" \/>\n<meta property=\"og:locale\" content=\"en_GB\" \/>\n<meta property=\"og:type\" content=\"article\" \/>\n<meta property=\"og:title\" content=\"Autobuzele 330 \u0219i 335 nu vor mai circula, pe 8 \u0219i 9 mai, pe linia de tramvai, pe \u0218os. \u0218tefan cel Mare\" \/>\n<meta property=\"og:description\" content=\"Autobuzele&nbsp;liniilor 330 \u0219i 335&nbsp;nu vor mai intra, luni \u0219i mar\u021bi, 8 \u0219i 9 mai, pe sensul de mers spre terminalul&nbsp;\u201eComplex Comercial B\u0103neasa\u201d, pe calea de rulare a tramvaielor dup\u0103 rondul Bucur Obor, urm\u00e2nd s\u0103 circule pe carosabil pe \u0218oseaua \u0218tefan cel Mare \u0219i s\u0103&nbsp;opreasc\u0103 \u00een sta\u021biile aflate la trotuar. Decizia a fost luat\u0103 de Asocia\u021bia [&hellip;]\" \/>\n<meta property=\"og:url\" content=\"https:\/\/buletin.de\/bucuresti\/autobuzele-330-si-335-nu-vor-mai-circula-pe-8-si-9-mai-pe-linia-de-tramvai-pe-sos-stefan-cel-mare\/\" \/>\n<meta property=\"og:site_name\" content=\"Buletin de Bucure\u0219ti\" \/>\n<meta property=\"article:publisher\" content=\"https:\/\/www.facebook.com\/buletin.de.buc\" \/>\n<meta property=\"article:published_time\" content=\"2023-05-07T10:25:03+00:00\" \/>\n<meta property=\"og:image\" content=\"https:\/\/buletin.de\/bucuresti\/wp-content\/uploads\/autobuz-335_2.jpg\" \/>\n\t<meta property=\"og:image:width\" content=\"1600\" \/>\n\t<meta property=\"og:image:height\" content=\"1200\" \/>\n\t<meta property=\"og:image:type\" content=\"image\/jpeg\" \/>\n<meta name=\"author\" content=\"Andreea Gelatu\" \/>\n<meta name=\"twitter:card\" content=\"summary_large_image\" \/>\n<meta name=\"twitter:label1\" content=\"Written by\" \/>\n\t<meta name=\"twitter:data1\" content=\"Andreea Gelatu\" \/>\n\t<meta name=\"twitter:label2\" content=\"Estimated reading time\" \/>\n\t<meta name=\"twitter:data2\" content=\"1 minute\" \/>\n<script type=\"application\/ld+json\" class=\"yoast-schema-graph\">{\"@context\":\"https:\\\/\\\/schema.org\",\"@graph\":[{\"@type\":\"Article\",\"@id\":\"https:\\\/\\\/buletin.de\\\/bucuresti\\\/autobuzele-330-si-335-nu-vor-mai-circula-pe-8-si-9-mai-pe-linia-de-tramvai-pe-sos-stefan-cel-mare\\\/#article\",\"isPartOf\":{\"@id\":\"https:\\\/\\\/buletin.de\\\/bucuresti\\\/autobuzele-330-si-335-nu-vor-mai-circula-pe-8-si-9-mai-pe-linia-de-tramvai-pe-sos-stefan-cel-mare\\\/\"},\"author\":{\"name\":\"Andreea Gelatu\",\"@id\":\"https:\\\/\\\/buletin.de\\\/bucuresti\\\/#\\\/schema\\\/person\\\/87734700b2c7f8608881f7e93b8834de\"},\"headline\":\"Autobuzele 330 \u0219i 335 nu vor mai circula, pe 8 \u0219i 9 mai, pe linia de tramvai, pe \u0218os. \u0218tefan cel Mare\",\"datePublished\":\"2023-05-07T10:25:03+00:00\",\"mainEntityOfPage\":{\"@id\":\"https:\\\/\\\/buletin.de\\\/bucuresti\\\/autobuzele-330-si-335-nu-vor-mai-circula-pe-8-si-9-mai-pe-linia-de-tramvai-pe-sos-stefan-cel-mare\\\/\"},\"wordCount\":188,\"publisher\":{\"@id\":\"https:\\\/\\\/buletin.de\\\/bucuresti\\\/#organization\"},\"image\":{\"@id\":\"https:\\\/\\\/buletin.de\\\/bucuresti\\\/autobuzele-330-si-335-nu-vor-mai-circula-pe-8-si-9-mai-pe-linia-de-tramvai-pe-sos-stefan-cel-mare\\\/#primaryimage\"},\"thumbnailUrl\":\"https:\\\/\\\/buletin.de\\\/bucuresti\\\/wp-content\\\/uploads\\\/autobuz-335_2.jpg\",\"articleSection\":[\"\u0218tiri\"],\"inLanguage\":\"en-GB\",\"copyrightYear\":\"2023\",\"copyrightHolder\":{\"@id\":\"https:\\\/\\\/buletin.de\\\/bucuresti\\\/#organization\"}},{\"@type\":\"WebPage\",\"@id\":\"https:\\\/\\\/buletin.de\\\/bucuresti\\\/autobuzele-330-si-335-nu-vor-mai-circula-pe-8-si-9-mai-pe-linia-de-tramvai-pe-sos-stefan-cel-mare\\\/\",\"url\":\"https:\\\/\\\/buletin.de\\\/bucuresti\\\/autobuzele-330-si-335-nu-vor-mai-circula-pe-8-si-9-mai-pe-linia-de-tramvai-pe-sos-stefan-cel-mare\\\/\",\"name\":\"Autobuzele 330 \u0219i 335 nu vor mai circula, pe 8 \u0219i 9 mai, pe linia de tramvai, pe \u0218os. \u0218tefan cel Mare - Buletin de Bucure\u0219ti\",\"isPartOf\":{\"@id\":\"https:\\\/\\\/buletin.de\\\/bucuresti\\\/#website\"},\"primaryImageOfPage\":{\"@id\":\"https:\\\/\\\/buletin.de\\\/bucuresti\\\/autobuzele-330-si-335-nu-vor-mai-circula-pe-8-si-9-mai-pe-linia-de-tramvai-pe-sos-stefan-cel-mare\\\/#primaryimage\"},\"image\":{\"@id\":\"https:\\\/\\\/buletin.de\\\/bucuresti\\\/autobuzele-330-si-335-nu-vor-mai-circula-pe-8-si-9-mai-pe-linia-de-tramvai-pe-sos-stefan-cel-mare\\\/#primaryimage\"},\"thumbnailUrl\":\"https:\\\/\\\/buletin.de\\\/bucuresti\\\/wp-content\\\/uploads\\\/autobuz-335_2.jpg\",\"datePublished\":\"2023-05-07T10:25:03+00:00\",\"breadcrumb\":{\"@id\":\"https:\\\/\\\/buletin.de\\\/bucuresti\\\/autobuzele-330-si-335-nu-vor-mai-circula-pe-8-si-9-mai-pe-linia-de-tramvai-pe-sos-stefan-cel-mare\\\/#breadcrumb\"},\"inLanguage\":\"en-GB\",\"potentialAction\":[{\"@type\":\"ReadAction\",\"target\":[\"https:\\\/\\\/buletin.de\\\/bucuresti\\\/autobuzele-330-si-335-nu-vor-mai-circula-pe-8-si-9-mai-pe-linia-de-tramvai-pe-sos-stefan-cel-mare\\\/\"]}]},{\"@type\":\"ImageObject\",\"inLanguage\":\"en-GB\",\"@id\":\"https:\\\/\\\/buletin.de\\\/bucuresti\\\/autobuzele-330-si-335-nu-vor-mai-circula-pe-8-si-9-mai-pe-linia-de-tramvai-pe-sos-stefan-cel-mare\\\/#primaryimage\",\"url\":\"https:\\\/\\\/buletin.de\\\/bucuresti\\\/wp-content\\\/uploads\\\/autobuz-335_2.jpg\",\"contentUrl\":\"https:\\\/\\\/buletin.de\\\/bucuresti\\\/wp-content\\\/uploads\\\/autobuz-335_2.jpg\",\"width\":1600,\"height\":1200,\"caption\":\"FOTO: Arhiva\"},{\"@type\":\"BreadcrumbList\",\"@id\":\"https:\\\/\\\/buletin.de\\\/bucuresti\\\/autobuzele-330-si-335-nu-vor-mai-circula-pe-8-si-9-mai-pe-linia-de-tramvai-pe-sos-stefan-cel-mare\\\/#breadcrumb\",\"itemListElement\":[{\"@type\":\"ListItem\",\"position\":1,\"name\":\"Acas\u0103\",\"item\":\"https:\\\/\\\/buletin.de\\\/bucuresti\\\/\"},{\"@type\":\"ListItem\",\"position\":2,\"name\":\"Autobuzele 330 \u0219i 335 nu vor mai circula, pe 8 \u0219i 9 mai, pe linia de tramvai, pe \u0218os. \u0218tefan cel Mare\"}]},{\"@type\":\"WebSite\",\"@id\":\"https:\\\/\\\/buletin.de\\\/bucuresti\\\/#website\",\"url\":\"https:\\\/\\\/buletin.de\\\/bucuresti\\\/\",\"name\":\"Buletin de Bucure\u0219ti\",\"description\":\"\u0218tiri \u0219i investiga\u021bii esen\u021biale din capital\u0103\",\"publisher\":{\"@id\":\"https:\\\/\\\/buletin.de\\\/bucuresti\\\/#organization\"},\"potentialAction\":[{\"@type\":\"SearchAction\",\"target\":{\"@type\":\"EntryPoint\",\"urlTemplate\":\"https:\\\/\\\/buletin.de\\\/bucuresti\\\/?s={search_term_string}\"},\"query-input\":{\"@type\":\"PropertyValueSpecification\",\"valueRequired\":true,\"valueName\":\"search_term_string\"}}],\"inLanguage\":\"en-GB\"},{\"@type\":\"Organization\",\"@id\":\"https:\\\/\\\/buletin.de\\\/bucuresti\\\/#organization\",\"name\":\"Buletin de Bucure\u0219ti\",\"url\":\"https:\\\/\\\/buletin.de\\\/bucuresti\\\/\",\"logo\":{\"@type\":\"ImageObject\",\"inLanguage\":\"en-GB\",\"@id\":\"https:\\\/\\\/buletin.de\\\/bucuresti\\\/#\\\/schema\\\/logo\\\/image\\\/\",\"url\":\"https:\\\/\\\/buletin.de\\\/bucuresti\\\/wp-content\\\/uploads\\\/logo-bdb-full-wide-vernil-transparent.png\",\"contentUrl\":\"https:\\\/\\\/buletin.de\\\/bucuresti\\\/wp-content\\\/uploads\\\/logo-bdb-full-wide-vernil-transparent.png\",\"width\":1782,\"height\":626,\"caption\":\"Buletin de Bucure\u0219ti\"},\"image\":{\"@id\":\"https:\\\/\\\/buletin.de\\\/bucuresti\\\/#\\\/schema\\\/logo\\\/image\\\/\"},\"sameAs\":[\"https:\\\/\\\/www.facebook.com\\\/buletin.de.buc\",\"https:\\\/\\\/www.instagram.com\\\/buletinde.bucuresti\\\/\"]},{\"@type\":\"Person\",\"@id\":\"https:\\\/\\\/buletin.de\\\/bucuresti\\\/#\\\/schema\\\/person\\\/87734700b2c7f8608881f7e93b8834de\",\"name\":\"Andreea Gelatu\",\"image\":{\"@type\":\"ImageObject\",\"inLanguage\":\"en-GB\",\"@id\":\"https:\\\/\\\/secure.gravatar.com\\\/avatar\\\/b716eca2f984b9b65bdd87118b4b909d940b619cbe6e8cb725fe11c1b1f4194f?s=96&d=monsterid&r=g9b5eff4996c6b842a29b3057a7b4746f\",\"url\":\"https:\\\/\\\/secure.gravatar.com\\\/avatar\\\/b716eca2f984b9b65bdd87118b4b909d940b619cbe6e8cb725fe11c1b1f4194f?s=96&d=monsterid&r=g\",\"contentUrl\":\"https:\\\/\\\/secure.gravatar.com\\\/avatar\\\/b716eca2f984b9b65bdd87118b4b909d940b619cbe6e8cb725fe11c1b1f4194f?s=96&d=monsterid&r=g\",\"caption\":\"Andreea Gelatu\"},\"url\":\"https:\\\/\\\/buletin.de\\\/bucuresti\\\/author\\\/andreeagelatu\\\/\"}]}<\/script>\n<!-- \/ Yoast SEO Premium plugin. -->","yoast_head_json":{"title":"Autobuzele 330 \u0219i 335 nu vor mai circula, pe 8 \u0219i 9 mai, pe linia de tramvai, pe \u0218os. \u0218tefan cel Mare - Buletin de Bucure\u0219ti","robots":{"index":"index","follow":"follow","max-snippet":"max-snippet:-1","max-image-preview":"max-image-preview:large","max-video-preview":"max-video-preview:-1"},"canonical":"https:\/\/buletin.de\/bucuresti\/autobuzele-330-si-335-nu-vor-mai-circula-pe-8-si-9-mai-pe-linia-de-tramvai-pe-sos-stefan-cel-mare\/","og_locale":"en_GB","og_type":"article","og_title":"Autobuzele 330 \u0219i 335 nu vor mai circula, pe 8 \u0219i 9 mai, pe linia de tramvai, pe \u0218os. \u0218tefan cel Mare","og_description":"Autobuzele&nbsp;liniilor 330 \u0219i 335&nbsp;nu vor mai intra, luni \u0219i mar\u021bi, 8 \u0219i 9 mai, pe sensul de mers spre terminalul&nbsp;\u201eComplex Comercial B\u0103neasa\u201d, pe calea de rulare a tramvaielor dup\u0103 rondul Bucur Obor, urm\u00e2nd s\u0103 circule pe carosabil pe \u0218oseaua \u0218tefan cel Mare \u0219i s\u0103&nbsp;opreasc\u0103 \u00een sta\u021biile aflate la trotuar. Decizia a fost luat\u0103 de Asocia\u021bia [&hellip;]","og_url":"https:\/\/buletin.de\/bucuresti\/autobuzele-330-si-335-nu-vor-mai-circula-pe-8-si-9-mai-pe-linia-de-tramvai-pe-sos-stefan-cel-mare\/","og_site_name":"Buletin de Bucure\u0219ti","article_publisher":"https:\/\/www.facebook.com\/buletin.de.buc","article_published_time":"2023-05-07T10:25:03+00:00","og_image":[{"width":1600,"height":1200,"url":"https:\/\/buletin.de\/bucuresti\/wp-content\/uploads\/autobuz-335_2.jpg","type":"image\/jpeg"}],"author":"Andreea Gelatu","twitter_card":"summary_large_image","twitter_misc":{"Written by":"Andreea Gelatu","Estimated reading time":"1 minute"},"schema":{"@context":"https:\/\/schema.org","@graph":[{"@type":"Article","@id":"https:\/\/buletin.de\/bucuresti\/autobuzele-330-si-335-nu-vor-mai-circula-pe-8-si-9-mai-pe-linia-de-tramvai-pe-sos-stefan-cel-mare\/#article","isPartOf":{"@id":"https:\/\/buletin.de\/bucuresti\/autobuzele-330-si-335-nu-vor-mai-circula-pe-8-si-9-mai-pe-linia-de-tramvai-pe-sos-stefan-cel-mare\/"},"author":{"name":"Andreea Gelatu","@id":"https:\/\/buletin.de\/bucuresti\/#\/schema\/person\/87734700b2c7f8608881f7e93b8834de"},"headline":"Autobuzele 330 \u0219i 335 nu vor mai circula, pe 8 \u0219i 9 mai, pe linia de tramvai, pe \u0218os. \u0218tefan cel Mare","datePublished":"2023-05-07T10:25:03+00:00","mainEntityOfPage":{"@id":"https:\/\/buletin.de\/bucuresti\/autobuzele-330-si-335-nu-vor-mai-circula-pe-8-si-9-mai-pe-linia-de-tramvai-pe-sos-stefan-cel-mare\/"},"wordCount":188,"publisher":{"@id":"https:\/\/buletin.de\/bucuresti\/#organization"},"image":{"@id":"https:\/\/buletin.de\/bucuresti\/autobuzele-330-si-335-nu-vor-mai-circula-pe-8-si-9-mai-pe-linia-de-tramvai-pe-sos-stefan-cel-mare\/#primaryimage"},"thumbnailUrl":"https:\/\/buletin.de\/bucuresti\/wp-content\/uploads\/autobuz-335_2.jpg","articleSection":["\u0218tiri"],"inLanguage":"en-GB","copyrightYear":"2023","copyrightHolder":{"@id":"https:\/\/buletin.de\/bucuresti\/#organization"}},{"@type":"WebPage","@id":"https:\/\/buletin.de\/bucuresti\/autobuzele-330-si-335-nu-vor-mai-circula-pe-8-si-9-mai-pe-linia-de-tramvai-pe-sos-stefan-cel-mare\/","url":"https:\/\/buletin.de\/bucuresti\/autobuzele-330-si-335-nu-vor-mai-circula-pe-8-si-9-mai-pe-linia-de-tramvai-pe-sos-stefan-cel-mare\/","name":"Autobuzele 330 \u0219i 335 nu vor mai circula, pe 8 \u0219i 9 mai, pe linia de tramvai, pe \u0218os. \u0218tefan cel Mare - Buletin de Bucure\u0219ti","isPartOf":{"@id":"https:\/\/buletin.de\/bucuresti\/#website"},"primaryImageOfPage":{"@id":"https:\/\/buletin.de\/bucuresti\/autobuzele-330-si-335-nu-vor-mai-circula-pe-8-si-9-mai-pe-linia-de-tramvai-pe-sos-stefan-cel-mare\/#primaryimage"},"image":{"@id":"https:\/\/buletin.de\/bucuresti\/autobuzele-330-si-335-nu-vor-mai-circula-pe-8-si-9-mai-pe-linia-de-tramvai-pe-sos-stefan-cel-mare\/#primaryimage"},"thumbnailUrl":"https:\/\/buletin.de\/bucuresti\/wp-content\/uploads\/autobuz-335_2.jpg","datePublished":"2023-05-07T10:25:03+00:00","breadcrumb":{"@id":"https:\/\/buletin.de\/bucuresti\/autobuzele-330-si-335-nu-vor-mai-circula-pe-8-si-9-mai-pe-linia-de-tramvai-pe-sos-stefan-cel-mare\/#breadcrumb"},"inLanguage":"en-GB","potentialAction":[{"@type":"ReadAction","target":["https:\/\/buletin.de\/bucuresti\/autobuzele-330-si-335-nu-vor-mai-circula-pe-8-si-9-mai-pe-linia-de-tramvai-pe-sos-stefan-cel-mare\/"]}]},{"@type":"ImageObject","inLanguage":"en-GB","@id":"https:\/\/buletin.de\/bucuresti\/autobuzele-330-si-335-nu-vor-mai-circula-pe-8-si-9-mai-pe-linia-de-tramvai-pe-sos-stefan-cel-mare\/#primaryimage","url":"https:\/\/buletin.de\/bucuresti\/wp-content\/uploads\/autobuz-335_2.jpg","contentUrl":"https:\/\/buletin.de\/bucuresti\/wp-content\/uploads\/autobuz-335_2.jpg","width":1600,"height":1200,"caption":"FOTO: Arhiva"},{"@type":"BreadcrumbList","@id":"https:\/\/buletin.de\/bucuresti\/autobuzele-330-si-335-nu-vor-mai-circula-pe-8-si-9-mai-pe-linia-de-tramvai-pe-sos-stefan-cel-mare\/#breadcrumb","itemListElement":[{"@type":"ListItem","position":1,"name":"Acas\u0103","item":"https:\/\/buletin.de\/bucuresti\/"},{"@type":"ListItem","position":2,"name":"Autobuzele 330 \u0219i 335 nu vor mai circula, pe 8 \u0219i 9 mai, pe linia de tramvai, pe \u0218os. \u0218tefan cel Mare"}]},{"@type":"WebSite","@id":"https:\/\/buletin.de\/bucuresti\/#website","url":"https:\/\/buletin.de\/bucuresti\/","name":"Buletin de Bucure\u0219ti","description":"\u0218tiri \u0219i investiga\u021bii esen\u021biale din capital\u0103","publisher":{"@id":"https:\/\/buletin.de\/bucuresti\/#organization"},"potentialAction":[{"@type":"SearchAction","target":{"@type":"EntryPoint","urlTemplate":"https:\/\/buletin.de\/bucuresti\/?s={search_term_string}"},"query-input":{"@type":"PropertyValueSpecification","valueRequired":true,"valueName":"search_term_string"}}],"inLanguage":"en-GB"},{"@type":"Organization","@id":"https:\/\/buletin.de\/bucuresti\/#organization","name":"Buletin de Bucure\u0219ti","url":"https:\/\/buletin.de\/bucuresti\/","logo":{"@type":"ImageObject","inLanguage":"en-GB","@id":"https:\/\/buletin.de\/bucuresti\/#\/schema\/logo\/image\/","url":"https:\/\/buletin.de\/bucuresti\/wp-content\/uploads\/logo-bdb-full-wide-vernil-transparent.png","contentUrl":"https:\/\/buletin.de\/bucuresti\/wp-content\/uploads\/logo-bdb-full-wide-vernil-transparent.png","width":1782,"height":626,"caption":"Buletin de Bucure\u0219ti"},"image":{"@id":"https:\/\/buletin.de\/bucuresti\/#\/schema\/logo\/image\/"},"sameAs":["https:\/\/www.facebook.com\/buletin.de.buc","https:\/\/www.instagram.com\/buletinde.bucuresti\/"]},{"@type":"Person","@id":"https:\/\/buletin.de\/bucuresti\/#\/schema\/person\/87734700b2c7f8608881f7e93b8834de","name":"Andreea Gelatu","image":{"@type":"ImageObject","inLanguage":"en-GB","@id":"https:\/\/secure.gravatar.com\/avatar\/b716eca2f984b9b65bdd87118b4b909d940b619cbe6e8cb725fe11c1b1f4194f?s=96&d=monsterid&r=g9b5eff4996c6b842a29b3057a7b4746f","url":"https:\/\/secure.gravatar.com\/avatar\/b716eca2f984b9b65bdd87118b4b909d940b619cbe6e8cb725fe11c1b1f4194f?s=96&d=monsterid&r=g","contentUrl":"https:\/\/secure.gravatar.com\/avatar\/b716eca2f984b9b65bdd87118b4b909d940b619cbe6e8cb725fe11c1b1f4194f?s=96&d=monsterid&r=g","caption":"Andreea Gelatu"},"url":"https:\/\/buletin.de\/bucuresti\/author\/andreeagelatu\/"}]}},"authors":[{"term_id":22605,"user_id":46,"is_guest":0,"slug":"andreeagelatu","display_name":"Andreea Gelatu","avatar_url":"https:\/\/secure.gravatar.com\/avatar\/b716eca2f984b9b65bdd87118b4b909d940b619cbe6e8cb725fe11c1b1f4194f?s=96&d=monsterid&r=g","0":null,"1":"","2":"","3":"","4":"","5":"","6":"","7":"","8":""}],"_links":{"self":[{"href":"https:\/\/buletin.de\/bucuresti\/wp-json\/wp\/v2\/posts\/58226","targetHints":{"allow":["GET"]}}],"collection":[{"href":"https:\/\/buletin.de\/bucuresti\/wp-json\/wp\/v2\/posts"}],"about":[{"href":"https:\/\/buletin.de\/bucuresti\/wp-json\/wp\/v2\/types\/post"}],"author":[{"embeddable":true,"href":"https:\/\/buletin.de\/bucuresti\/wp-json\/wp\/v2\/users\/46"}],"replies":[{"embeddable":true,"href":"https:\/\/buletin.de\/bucuresti\/wp-json\/wp\/v2\/comments?post=58226"}],"version-history":[{"count":2,"href":"https:\/\/buletin.de\/bucuresti\/wp-json\/wp\/v2\/posts\/58226\/revisions"}],"predecessor-version":[{"id":58230,"href":"https:\/\/buletin.de\/bucuresti\/wp-json\/wp\/v2\/posts\/58226\/revisions\/58230"}],"wp:featuredmedia":[{"embeddable":true,"href":"https:\/\/buletin.de\/bucuresti\/wp-json\/wp\/v2\/media\/58227"}],"wp:attachment":[{"href":"https:\/\/buletin.de\/bucuresti\/wp-json\/wp\/v2\/media?parent=58226"}],"wp:term":[{"taxonomy":"category","embeddable":true,"href":"https:\/\/buletin.de\/bucuresti\/wp-json\/wp\/v2\/categories?post=58226"},{"taxonomy":"post_tag","embeddable":true,"href":"https:\/\/buletin.de\/bucuresti\/wp-json\/wp\/v2\/tags?post=58226"},{"taxonomy":"author","embeddable":true,"href":"https:\/\/buletin.de\/bucuresti\/wp-json\/wp\/v2\/ppma_author?post=58226"}],"curies":[{"name":"wp","href":"https:\/\/api.w.org\/{rel}","templated":true}]}}