{"id":58217,"date":"2023-05-07T12:21:00","date_gmt":"2023-05-07T10:21:00","guid":{"rendered":"https:\/\/buletin.de\/bucuresti\/?p=58217"},"modified":"2023-05-07T12:41:23","modified_gmt":"2023-05-07T10:41:23","slug":"o-ambulanta-in-care-era-o-femeie-gravida-s-a-rasturnat","status":"publish","type":"post","link":"https:\/\/buletin.de\/bucuresti\/o-ambulanta-in-care-era-o-femeie-gravida-s-a-rasturnat\/","title":{"rendered":"O ambulan\u021b\u0103 care transporta o femeie \u00eens\u0103rcinat\u0103 s-a r\u0103sturnat \u00een urma unui accident"},"content":{"rendered":"\n<p><strong>Un grav accident rutier a avut loc duminic\u0103, 7 mai, \u00een jurul orei 10.00, pe strada Drumul S\u0103rii, Sectorul 6 din Bucure\u0219ti, \u00eentre o ambulan\u021b\u0103 care transporta o femeie gravid\u0103 la spital \u0219i o ma\u0219in\u0103.<\/strong><\/p>\n\n\n\n<figure class=\"wp-block-image size-full\"><img fetchpriority=\"high\" decoding=\"async\" width=\"719\" height=\"341\" src=\"data:image\/gif;base64,R0lGODlhAQABAAAAACH5BAEKAAEALAAAAAABAAEAAAICTAEAOw==\" data-src=\"https:\/\/buletin.de\/bucuresti\/wp-content\/uploads\/345563438_191196117180099_8967387152590509747_n-1.jpg\" alt=\"\" class=\"wp-image-58219 lazyload\" data-sizes=\"auto\" data-srcset=\"https:\/\/buletin.de\/bucuresti\/wp-content\/uploads\/345563438_191196117180099_8967387152590509747_n-1.jpg 719w, https:\/\/buletin.de\/bucuresti\/wp-content\/uploads\/345563438_191196117180099_8967387152590509747_n-1-300x142.jpg 300w, https:\/\/buletin.de\/bucuresti\/wp-content\/uploads\/345563438_191196117180099_8967387152590509747_n-1-550x261.jpg 550w, https:\/\/buletin.de\/bucuresti\/wp-content\/uploads\/345563438_191196117180099_8967387152590509747_n-1-600x285.jpg 600w\" sizes=\"(max-width: 719px) 100vw, 719px\" \/><figcaption>Surs\u0103 foto: Info Trafic Bucure\u0219ti <\/figcaption><\/figure>\n\n\n\n<p>Ambulan\u021ba avea girofarul \u0219i sirena pornite, c\u00e2nd a fost lovit\u0103 de o ma\u0219in\u0103 din lateral \u0219i s-a r\u0103sturnat pe \u0219osea. Pacienta a fost preluat\u0103 de o alt\u0103 autospecial\u0103 \u0219i transportat\u0103 \u00een siguran\u021b\u0103 la Spitalul Universitar.<\/p>\n\n\n\n<figure class=\"wp-block-image size-full\"><img decoding=\"async\" width=\"535\" height=\"431\" src=\"data:image\/gif;base64,R0lGODlhAQABAAAAACH5BAEKAAEALAAAAAABAAEAAAICTAEAOw==\" data-src=\"https:\/\/buletin.de\/bucuresti\/wp-content\/uploads\/345431270_618585233636548_9148124863442875089_n.jpg\" alt=\"\" class=\"wp-image-58220 lazyload\" data-sizes=\"auto\" data-srcset=\"https:\/\/buletin.de\/bucuresti\/wp-content\/uploads\/345431270_618585233636548_9148124863442875089_n.jpg 535w, https:\/\/buletin.de\/bucuresti\/wp-content\/uploads\/345431270_618585233636548_9148124863442875089_n-300x242.jpg 300w\" sizes=\"(max-width: 535px) 100vw, 535px\" \/><figcaption>Surs\u0103 foto: Info Trafic Bucure\u0219ti<\/figcaption><\/figure>\n\n\n\n<p>\u0218oferii au fost testa\u021bi cu aparatul etilotest. Nu consumaser\u0103 alcool. <\/p>\n\n\n\n<figure class=\"wp-block-image size-large\"><img decoding=\"async\" width=\"900\" height=\"542\" src=\"data:image\/gif;base64,R0lGODlhAQABAAAAACH5BAEKAAEALAAAAAABAAEAAAICTAEAOw==\" data-src=\"https:\/\/buletin.de\/bucuresti\/wp-content\/uploads\/345343127_893313321735287_1997104736806744652_n-900x542.jpg\" alt=\"\" class=\"wp-image-58223 lazyload\" data-sizes=\"auto\" data-srcset=\"https:\/\/buletin.de\/bucuresti\/wp-content\/uploads\/345343127_893313321735287_1997104736806744652_n-900x542.jpg 900w, https:\/\/buletin.de\/bucuresti\/wp-content\/uploads\/345343127_893313321735287_1997104736806744652_n-300x181.jpg 300w, https:\/\/buletin.de\/bucuresti\/wp-content\/uploads\/345343127_893313321735287_1997104736806744652_n-768x463.jpg 768w, https:\/\/buletin.de\/bucuresti\/wp-content\/uploads\/345343127_893313321735287_1997104736806744652_n-1060x639.jpg 1060w, https:\/\/buletin.de\/bucuresti\/wp-content\/uploads\/345343127_893313321735287_1997104736806744652_n-550x331.jpg 550w, https:\/\/buletin.de\/bucuresti\/wp-content\/uploads\/345343127_893313321735287_1997104736806744652_n-830x500.jpg 830w, https:\/\/buletin.de\/bucuresti\/wp-content\/uploads\/345343127_893313321735287_1997104736806744652_n-600x362.jpg 600w, https:\/\/buletin.de\/bucuresti\/wp-content\/uploads\/345343127_893313321735287_1997104736806744652_n.jpg 1170w\" sizes=\"(max-width: 900px) 100vw, 900px\" \/><figcaption>Surs\u0103: Info Trafic Bucure\u0219ti<\/figcaption><\/figure>\n\n\n\n<p>Circula\u021bia \u00een zon\u0103 a fost \u00eengreunat\u0103 pe durata cercet\u0103rilor. Linia 96 a fost blocat\u0103 143 de minute (10:15-12:33) pe Drumul S\u0103rii. <\/p>\n","protected":false},"excerpt":{"rendered":"<p>Un grav accident rutier a avut loc duminic\u0103, 7 mai, \u00een jurul orei 10.00, pe strada Drumul S\u0103rii, Sectorul 6 din Bucure\u0219ti, \u00eentre o ambulan\u021b\u0103 care transporta o femeie gravid\u0103 la spital \u0219i o ma\u0219in\u0103. Ambulan\u021ba avea girofarul \u0219i sirena pornite, c\u00e2nd a fost lovit\u0103 de o ma\u0219in\u0103 din lateral \u0219i s-a r\u0103sturnat pe \u0219osea. [&hellip;]<\/p>\n","protected":false},"author":46,"featured_media":58224,"comment_status":"closed","ping_status":"open","sticky":false,"template":"","format":"standard","meta":{"_acf_changed":false,"inline_featured_image":false,"ngg_post_thumbnail":0,"footnotes":""},"categories":[62],"tags":[],"ppma_author":[22605],"class_list":["post-58217","post","type-post","status-publish","format-standard","has-post-thumbnail","hentry","category-stiri"],"acf":[],"yoast_head":"<!-- This site is optimized with the Yoast SEO Premium plugin v25.3 (Yoast SEO v27.4) - https:\/\/yoast.com\/product\/yoast-seo-premium-wordpress\/ -->\n<title>O ambulan\u021b\u0103 care transporta o femeie \u00eens\u0103rcinat\u0103 s-a r\u0103sturnat \u00een urma unui accident - Buletin de Bucure\u0219ti<\/title>\n<meta name=\"robots\" content=\"index, follow, max-snippet:-1, max-image-preview:large, max-video-preview:-1\" \/>\n<link rel=\"canonical\" href=\"https:\/\/buletin.de\/bucuresti\/o-ambulanta-in-care-era-o-femeie-gravida-s-a-rasturnat\/\" \/>\n<meta property=\"og:locale\" content=\"en_GB\" \/>\n<meta property=\"og:type\" content=\"article\" \/>\n<meta property=\"og:title\" content=\"O ambulan\u021b\u0103 care transporta o femeie \u00eens\u0103rcinat\u0103 s-a r\u0103sturnat \u00een urma unui accident\" \/>\n<meta property=\"og:description\" content=\"Un grav accident rutier a avut loc duminic\u0103, 7 mai, \u00een jurul orei 10.00, pe strada Drumul S\u0103rii, Sectorul 6 din Bucure\u0219ti, \u00eentre o ambulan\u021b\u0103 care transporta o femeie gravid\u0103 la spital \u0219i o ma\u0219in\u0103. Ambulan\u021ba avea girofarul \u0219i sirena pornite, c\u00e2nd a fost lovit\u0103 de o ma\u0219in\u0103 din lateral \u0219i s-a r\u0103sturnat pe \u0219osea. [&hellip;]\" \/>\n<meta property=\"og:url\" content=\"https:\/\/buletin.de\/bucuresti\/o-ambulanta-in-care-era-o-femeie-gravida-s-a-rasturnat\/\" \/>\n<meta property=\"og:site_name\" content=\"Buletin de Bucure\u0219ti\" \/>\n<meta property=\"article:publisher\" content=\"https:\/\/www.facebook.com\/buletin.de.buc\" \/>\n<meta property=\"article:published_time\" content=\"2023-05-07T10:21:00+00:00\" \/>\n<meta property=\"article:modified_time\" content=\"2023-05-07T10:41:23+00:00\" \/>\n<meta property=\"og:image\" content=\"https:\/\/buletin.de\/bucuresti\/wp-content\/uploads\/ambulanta-transport-femeie-insarcinata-rasturnat-accident-bucuresti-832499.jpg\" \/>\n\t<meta property=\"og:image:width\" content=\"970\" \/>\n\t<meta property=\"og:image:height\" content=\"565\" \/>\n\t<meta property=\"og:image:type\" content=\"image\/jpeg\" \/>\n<meta name=\"author\" content=\"Andreea Gelatu\" \/>\n<meta name=\"twitter:card\" content=\"summary_large_image\" \/>\n<meta name=\"twitter:label1\" content=\"Written by\" \/>\n\t<meta name=\"twitter:data1\" content=\"Andreea Gelatu\" \/>\n\t<meta name=\"twitter:label2\" content=\"Estimated reading time\" \/>\n\t<meta name=\"twitter:data2\" content=\"2 minutes\" \/>\n<script type=\"application\/ld+json\" class=\"yoast-schema-graph\">{\"@context\":\"https:\\\/\\\/schema.org\",\"@graph\":[{\"@type\":\"Article\",\"@id\":\"https:\\\/\\\/buletin.de\\\/bucuresti\\\/o-ambulanta-in-care-era-o-femeie-gravida-s-a-rasturnat\\\/#article\",\"isPartOf\":{\"@id\":\"https:\\\/\\\/buletin.de\\\/bucuresti\\\/o-ambulanta-in-care-era-o-femeie-gravida-s-a-rasturnat\\\/\"},\"author\":{\"name\":\"Andreea Gelatu\",\"@id\":\"https:\\\/\\\/buletin.de\\\/bucuresti\\\/#\\\/schema\\\/person\\\/87734700b2c7f8608881f7e93b8834de\"},\"headline\":\"O ambulan\u021b\u0103 care transporta o femeie \u00eens\u0103rcinat\u0103 s-a r\u0103sturnat \u00een urma unui accident\",\"datePublished\":\"2023-05-07T10:21:00+00:00\",\"dateModified\":\"2023-05-07T10:41:23+00:00\",\"mainEntityOfPage\":{\"@id\":\"https:\\\/\\\/buletin.de\\\/bucuresti\\\/o-ambulanta-in-care-era-o-femeie-gravida-s-a-rasturnat\\\/\"},\"wordCount\":139,\"publisher\":{\"@id\":\"https:\\\/\\\/buletin.de\\\/bucuresti\\\/#organization\"},\"image\":{\"@id\":\"https:\\\/\\\/buletin.de\\\/bucuresti\\\/o-ambulanta-in-care-era-o-femeie-gravida-s-a-rasturnat\\\/#primaryimage\"},\"thumbnailUrl\":\"https:\\\/\\\/buletin.de\\\/bucuresti\\\/wp-content\\\/uploads\\\/ambulanta-transport-femeie-insarcinata-rasturnat-accident-bucuresti-832499.jpg\",\"articleSection\":[\"\u0218tiri\"],\"inLanguage\":\"en-GB\",\"copyrightYear\":\"2023\",\"copyrightHolder\":{\"@id\":\"https:\\\/\\\/buletin.de\\\/bucuresti\\\/#organization\"}},{\"@type\":\"WebPage\",\"@id\":\"https:\\\/\\\/buletin.de\\\/bucuresti\\\/o-ambulanta-in-care-era-o-femeie-gravida-s-a-rasturnat\\\/\",\"url\":\"https:\\\/\\\/buletin.de\\\/bucuresti\\\/o-ambulanta-in-care-era-o-femeie-gravida-s-a-rasturnat\\\/\",\"name\":\"O ambulan\u021b\u0103 care transporta o femeie \u00eens\u0103rcinat\u0103 s-a r\u0103sturnat \u00een urma unui accident - Buletin de Bucure\u0219ti\",\"isPartOf\":{\"@id\":\"https:\\\/\\\/buletin.de\\\/bucuresti\\\/#website\"},\"primaryImageOfPage\":{\"@id\":\"https:\\\/\\\/buletin.de\\\/bucuresti\\\/o-ambulanta-in-care-era-o-femeie-gravida-s-a-rasturnat\\\/#primaryimage\"},\"image\":{\"@id\":\"https:\\\/\\\/buletin.de\\\/bucuresti\\\/o-ambulanta-in-care-era-o-femeie-gravida-s-a-rasturnat\\\/#primaryimage\"},\"thumbnailUrl\":\"https:\\\/\\\/buletin.de\\\/bucuresti\\\/wp-content\\\/uploads\\\/ambulanta-transport-femeie-insarcinata-rasturnat-accident-bucuresti-832499.jpg\",\"datePublished\":\"2023-05-07T10:21:00+00:00\",\"dateModified\":\"2023-05-07T10:41:23+00:00\",\"breadcrumb\":{\"@id\":\"https:\\\/\\\/buletin.de\\\/bucuresti\\\/o-ambulanta-in-care-era-o-femeie-gravida-s-a-rasturnat\\\/#breadcrumb\"},\"inLanguage\":\"en-GB\",\"potentialAction\":[{\"@type\":\"ReadAction\",\"target\":[\"https:\\\/\\\/buletin.de\\\/bucuresti\\\/o-ambulanta-in-care-era-o-femeie-gravida-s-a-rasturnat\\\/\"]}]},{\"@type\":\"ImageObject\",\"inLanguage\":\"en-GB\",\"@id\":\"https:\\\/\\\/buletin.de\\\/bucuresti\\\/o-ambulanta-in-care-era-o-femeie-gravida-s-a-rasturnat\\\/#primaryimage\",\"url\":\"https:\\\/\\\/buletin.de\\\/bucuresti\\\/wp-content\\\/uploads\\\/ambulanta-transport-femeie-insarcinata-rasturnat-accident-bucuresti-832499.jpg\",\"contentUrl\":\"https:\\\/\\\/buletin.de\\\/bucuresti\\\/wp-content\\\/uploads\\\/ambulanta-transport-femeie-insarcinata-rasturnat-accident-bucuresti-832499.jpg\",\"width\":970,\"height\":565},{\"@type\":\"BreadcrumbList\",\"@id\":\"https:\\\/\\\/buletin.de\\\/bucuresti\\\/o-ambulanta-in-care-era-o-femeie-gravida-s-a-rasturnat\\\/#breadcrumb\",\"itemListElement\":[{\"@type\":\"ListItem\",\"position\":1,\"name\":\"Acas\u0103\",\"item\":\"https:\\\/\\\/buletin.de\\\/bucuresti\\\/\"},{\"@type\":\"ListItem\",\"position\":2,\"name\":\"O ambulan\u021b\u0103 care transporta o femeie \u00eens\u0103rcinat\u0103 s-a r\u0103sturnat \u00een urma unui accident\"}]},{\"@type\":\"WebSite\",\"@id\":\"https:\\\/\\\/buletin.de\\\/bucuresti\\\/#website\",\"url\":\"https:\\\/\\\/buletin.de\\\/bucuresti\\\/\",\"name\":\"Buletin de Bucure\u0219ti\",\"description\":\"\u0218tiri \u0219i investiga\u021bii esen\u021biale din capital\u0103\",\"publisher\":{\"@id\":\"https:\\\/\\\/buletin.de\\\/bucuresti\\\/#organization\"},\"potentialAction\":[{\"@type\":\"SearchAction\",\"target\":{\"@type\":\"EntryPoint\",\"urlTemplate\":\"https:\\\/\\\/buletin.de\\\/bucuresti\\\/?s={search_term_string}\"},\"query-input\":{\"@type\":\"PropertyValueSpecification\",\"valueRequired\":true,\"valueName\":\"search_term_string\"}}],\"inLanguage\":\"en-GB\"},{\"@type\":\"Organization\",\"@id\":\"https:\\\/\\\/buletin.de\\\/bucuresti\\\/#organization\",\"name\":\"Buletin de Bucure\u0219ti\",\"url\":\"https:\\\/\\\/buletin.de\\\/bucuresti\\\/\",\"logo\":{\"@type\":\"ImageObject\",\"inLanguage\":\"en-GB\",\"@id\":\"https:\\\/\\\/buletin.de\\\/bucuresti\\\/#\\\/schema\\\/logo\\\/image\\\/\",\"url\":\"https:\\\/\\\/buletin.de\\\/bucuresti\\\/wp-content\\\/uploads\\\/logo-bdb-full-wide-vernil-transparent.png\",\"contentUrl\":\"https:\\\/\\\/buletin.de\\\/bucuresti\\\/wp-content\\\/uploads\\\/logo-bdb-full-wide-vernil-transparent.png\",\"width\":1782,\"height\":626,\"caption\":\"Buletin de Bucure\u0219ti\"},\"image\":{\"@id\":\"https:\\\/\\\/buletin.de\\\/bucuresti\\\/#\\\/schema\\\/logo\\\/image\\\/\"},\"sameAs\":[\"https:\\\/\\\/www.facebook.com\\\/buletin.de.buc\",\"https:\\\/\\\/www.instagram.com\\\/buletinde.bucuresti\\\/\"]},{\"@type\":\"Person\",\"@id\":\"https:\\\/\\\/buletin.de\\\/bucuresti\\\/#\\\/schema\\\/person\\\/87734700b2c7f8608881f7e93b8834de\",\"name\":\"Andreea Gelatu\",\"image\":{\"@type\":\"ImageObject\",\"inLanguage\":\"en-GB\",\"@id\":\"https:\\\/\\\/secure.gravatar.com\\\/avatar\\\/b716eca2f984b9b65bdd87118b4b909d940b619cbe6e8cb725fe11c1b1f4194f?s=96&d=monsterid&r=g9b5eff4996c6b842a29b3057a7b4746f\",\"url\":\"https:\\\/\\\/secure.gravatar.com\\\/avatar\\\/b716eca2f984b9b65bdd87118b4b909d940b619cbe6e8cb725fe11c1b1f4194f?s=96&d=monsterid&r=g\",\"contentUrl\":\"https:\\\/\\\/secure.gravatar.com\\\/avatar\\\/b716eca2f984b9b65bdd87118b4b909d940b619cbe6e8cb725fe11c1b1f4194f?s=96&d=monsterid&r=g\",\"caption\":\"Andreea Gelatu\"},\"url\":\"https:\\\/\\\/buletin.de\\\/bucuresti\\\/author\\\/andreeagelatu\\\/\"}]}<\/script>\n<!-- \/ Yoast SEO Premium plugin. -->","yoast_head_json":{"title":"O ambulan\u021b\u0103 care transporta o femeie \u00eens\u0103rcinat\u0103 s-a r\u0103sturnat \u00een urma unui accident - Buletin de Bucure\u0219ti","robots":{"index":"index","follow":"follow","max-snippet":"max-snippet:-1","max-image-preview":"max-image-preview:large","max-video-preview":"max-video-preview:-1"},"canonical":"https:\/\/buletin.de\/bucuresti\/o-ambulanta-in-care-era-o-femeie-gravida-s-a-rasturnat\/","og_locale":"en_GB","og_type":"article","og_title":"O ambulan\u021b\u0103 care transporta o femeie \u00eens\u0103rcinat\u0103 s-a r\u0103sturnat \u00een urma unui accident","og_description":"Un grav accident rutier a avut loc duminic\u0103, 7 mai, \u00een jurul orei 10.00, pe strada Drumul S\u0103rii, Sectorul 6 din Bucure\u0219ti, \u00eentre o ambulan\u021b\u0103 care transporta o femeie gravid\u0103 la spital \u0219i o ma\u0219in\u0103. Ambulan\u021ba avea girofarul \u0219i sirena pornite, c\u00e2nd a fost lovit\u0103 de o ma\u0219in\u0103 din lateral \u0219i s-a r\u0103sturnat pe \u0219osea. [&hellip;]","og_url":"https:\/\/buletin.de\/bucuresti\/o-ambulanta-in-care-era-o-femeie-gravida-s-a-rasturnat\/","og_site_name":"Buletin de Bucure\u0219ti","article_publisher":"https:\/\/www.facebook.com\/buletin.de.buc","article_published_time":"2023-05-07T10:21:00+00:00","article_modified_time":"2023-05-07T10:41:23+00:00","og_image":[{"width":970,"height":565,"url":"https:\/\/buletin.de\/bucuresti\/wp-content\/uploads\/ambulanta-transport-femeie-insarcinata-rasturnat-accident-bucuresti-832499.jpg","type":"image\/jpeg"}],"author":"Andreea Gelatu","twitter_card":"summary_large_image","twitter_misc":{"Written by":"Andreea Gelatu","Estimated reading time":"2 minutes"},"schema":{"@context":"https:\/\/schema.org","@graph":[{"@type":"Article","@id":"https:\/\/buletin.de\/bucuresti\/o-ambulanta-in-care-era-o-femeie-gravida-s-a-rasturnat\/#article","isPartOf":{"@id":"https:\/\/buletin.de\/bucuresti\/o-ambulanta-in-care-era-o-femeie-gravida-s-a-rasturnat\/"},"author":{"name":"Andreea Gelatu","@id":"https:\/\/buletin.de\/bucuresti\/#\/schema\/person\/87734700b2c7f8608881f7e93b8834de"},"headline":"O ambulan\u021b\u0103 care transporta o femeie \u00eens\u0103rcinat\u0103 s-a r\u0103sturnat \u00een urma unui accident","datePublished":"2023-05-07T10:21:00+00:00","dateModified":"2023-05-07T10:41:23+00:00","mainEntityOfPage":{"@id":"https:\/\/buletin.de\/bucuresti\/o-ambulanta-in-care-era-o-femeie-gravida-s-a-rasturnat\/"},"wordCount":139,"publisher":{"@id":"https:\/\/buletin.de\/bucuresti\/#organization"},"image":{"@id":"https:\/\/buletin.de\/bucuresti\/o-ambulanta-in-care-era-o-femeie-gravida-s-a-rasturnat\/#primaryimage"},"thumbnailUrl":"https:\/\/buletin.de\/bucuresti\/wp-content\/uploads\/ambulanta-transport-femeie-insarcinata-rasturnat-accident-bucuresti-832499.jpg","articleSection":["\u0218tiri"],"inLanguage":"en-GB","copyrightYear":"2023","copyrightHolder":{"@id":"https:\/\/buletin.de\/bucuresti\/#organization"}},{"@type":"WebPage","@id":"https:\/\/buletin.de\/bucuresti\/o-ambulanta-in-care-era-o-femeie-gravida-s-a-rasturnat\/","url":"https:\/\/buletin.de\/bucuresti\/o-ambulanta-in-care-era-o-femeie-gravida-s-a-rasturnat\/","name":"O ambulan\u021b\u0103 care transporta o femeie \u00eens\u0103rcinat\u0103 s-a r\u0103sturnat \u00een urma unui accident - Buletin de Bucure\u0219ti","isPartOf":{"@id":"https:\/\/buletin.de\/bucuresti\/#website"},"primaryImageOfPage":{"@id":"https:\/\/buletin.de\/bucuresti\/o-ambulanta-in-care-era-o-femeie-gravida-s-a-rasturnat\/#primaryimage"},"image":{"@id":"https:\/\/buletin.de\/bucuresti\/o-ambulanta-in-care-era-o-femeie-gravida-s-a-rasturnat\/#primaryimage"},"thumbnailUrl":"https:\/\/buletin.de\/bucuresti\/wp-content\/uploads\/ambulanta-transport-femeie-insarcinata-rasturnat-accident-bucuresti-832499.jpg","datePublished":"2023-05-07T10:21:00+00:00","dateModified":"2023-05-07T10:41:23+00:00","breadcrumb":{"@id":"https:\/\/buletin.de\/bucuresti\/o-ambulanta-in-care-era-o-femeie-gravida-s-a-rasturnat\/#breadcrumb"},"inLanguage":"en-GB","potentialAction":[{"@type":"ReadAction","target":["https:\/\/buletin.de\/bucuresti\/o-ambulanta-in-care-era-o-femeie-gravida-s-a-rasturnat\/"]}]},{"@type":"ImageObject","inLanguage":"en-GB","@id":"https:\/\/buletin.de\/bucuresti\/o-ambulanta-in-care-era-o-femeie-gravida-s-a-rasturnat\/#primaryimage","url":"https:\/\/buletin.de\/bucuresti\/wp-content\/uploads\/ambulanta-transport-femeie-insarcinata-rasturnat-accident-bucuresti-832499.jpg","contentUrl":"https:\/\/buletin.de\/bucuresti\/wp-content\/uploads\/ambulanta-transport-femeie-insarcinata-rasturnat-accident-bucuresti-832499.jpg","width":970,"height":565},{"@type":"BreadcrumbList","@id":"https:\/\/buletin.de\/bucuresti\/o-ambulanta-in-care-era-o-femeie-gravida-s-a-rasturnat\/#breadcrumb","itemListElement":[{"@type":"ListItem","position":1,"name":"Acas\u0103","item":"https:\/\/buletin.de\/bucuresti\/"},{"@type":"ListItem","position":2,"name":"O ambulan\u021b\u0103 care transporta o femeie \u00eens\u0103rcinat\u0103 s-a r\u0103sturnat \u00een urma unui accident"}]},{"@type":"WebSite","@id":"https:\/\/buletin.de\/bucuresti\/#website","url":"https:\/\/buletin.de\/bucuresti\/","name":"Buletin de Bucure\u0219ti","description":"\u0218tiri \u0219i investiga\u021bii esen\u021biale din capital\u0103","publisher":{"@id":"https:\/\/buletin.de\/bucuresti\/#organization"},"potentialAction":[{"@type":"SearchAction","target":{"@type":"EntryPoint","urlTemplate":"https:\/\/buletin.de\/bucuresti\/?s={search_term_string}"},"query-input":{"@type":"PropertyValueSpecification","valueRequired":true,"valueName":"search_term_string"}}],"inLanguage":"en-GB"},{"@type":"Organization","@id":"https:\/\/buletin.de\/bucuresti\/#organization","name":"Buletin de Bucure\u0219ti","url":"https:\/\/buletin.de\/bucuresti\/","logo":{"@type":"ImageObject","inLanguage":"en-GB","@id":"https:\/\/buletin.de\/bucuresti\/#\/schema\/logo\/image\/","url":"https:\/\/buletin.de\/bucuresti\/wp-content\/uploads\/logo-bdb-full-wide-vernil-transparent.png","contentUrl":"https:\/\/buletin.de\/bucuresti\/wp-content\/uploads\/logo-bdb-full-wide-vernil-transparent.png","width":1782,"height":626,"caption":"Buletin de Bucure\u0219ti"},"image":{"@id":"https:\/\/buletin.de\/bucuresti\/#\/schema\/logo\/image\/"},"sameAs":["https:\/\/www.facebook.com\/buletin.de.buc","https:\/\/www.instagram.com\/buletinde.bucuresti\/"]},{"@type":"Person","@id":"https:\/\/buletin.de\/bucuresti\/#\/schema\/person\/87734700b2c7f8608881f7e93b8834de","name":"Andreea Gelatu","image":{"@type":"ImageObject","inLanguage":"en-GB","@id":"https:\/\/secure.gravatar.com\/avatar\/b716eca2f984b9b65bdd87118b4b909d940b619cbe6e8cb725fe11c1b1f4194f?s=96&d=monsterid&r=g9b5eff4996c6b842a29b3057a7b4746f","url":"https:\/\/secure.gravatar.com\/avatar\/b716eca2f984b9b65bdd87118b4b909d940b619cbe6e8cb725fe11c1b1f4194f?s=96&d=monsterid&r=g","contentUrl":"https:\/\/secure.gravatar.com\/avatar\/b716eca2f984b9b65bdd87118b4b909d940b619cbe6e8cb725fe11c1b1f4194f?s=96&d=monsterid&r=g","caption":"Andreea Gelatu"},"url":"https:\/\/buletin.de\/bucuresti\/author\/andreeagelatu\/"}]}},"authors":[{"term_id":22605,"user_id":46,"is_guest":0,"slug":"andreeagelatu","display_name":"Andreea Gelatu","avatar_url":"https:\/\/secure.gravatar.com\/avatar\/b716eca2f984b9b65bdd87118b4b909d940b619cbe6e8cb725fe11c1b1f4194f?s=96&d=monsterid&r=g","0":null,"1":"","2":"","3":"","4":"","5":"","6":"","7":"","8":""}],"_links":{"self":[{"href":"https:\/\/buletin.de\/bucuresti\/wp-json\/wp\/v2\/posts\/58217","targetHints":{"allow":["GET"]}}],"collection":[{"href":"https:\/\/buletin.de\/bucuresti\/wp-json\/wp\/v2\/posts"}],"about":[{"href":"https:\/\/buletin.de\/bucuresti\/wp-json\/wp\/v2\/types\/post"}],"author":[{"embeddable":true,"href":"https:\/\/buletin.de\/bucuresti\/wp-json\/wp\/v2\/users\/46"}],"replies":[{"embeddable":true,"href":"https:\/\/buletin.de\/bucuresti\/wp-json\/wp\/v2\/comments?post=58217"}],"version-history":[{"count":7,"href":"https:\/\/buletin.de\/bucuresti\/wp-json\/wp\/v2\/posts\/58217\/revisions"}],"predecessor-version":[{"id":58239,"href":"https:\/\/buletin.de\/bucuresti\/wp-json\/wp\/v2\/posts\/58217\/revisions\/58239"}],"wp:featuredmedia":[{"embeddable":true,"href":"https:\/\/buletin.de\/bucuresti\/wp-json\/wp\/v2\/media\/58224"}],"wp:attachment":[{"href":"https:\/\/buletin.de\/bucuresti\/wp-json\/wp\/v2\/media?parent=58217"}],"wp:term":[{"taxonomy":"category","embeddable":true,"href":"https:\/\/buletin.de\/bucuresti\/wp-json\/wp\/v2\/categories?post=58217"},{"taxonomy":"post_tag","embeddable":true,"href":"https:\/\/buletin.de\/bucuresti\/wp-json\/wp\/v2\/tags?post=58217"},{"taxonomy":"author","embeddable":true,"href":"https:\/\/buletin.de\/bucuresti\/wp-json\/wp\/v2\/ppma_author?post=58217"}],"curies":[{"name":"wp","href":"https:\/\/api.w.org\/{rel}","templated":true}]}}