{"id":58206,"date":"2023-05-06T06:55:13","date_gmt":"2023-05-06T04:55:13","guid":{"rendered":"https:\/\/buletin.de\/bucuresti\/?p=58206"},"modified":"2023-09-19T13:54:14","modified_gmt":"2023-09-19T11:54:14","slug":"drama-adolescent-autism","status":"publish","type":"post","link":"https:\/\/buletin.de\/bucuresti\/drama-adolescent-autism\/","title":{"rendered":"Drama unui adolescent ucrainean cu autism, \u00een Rom\u00e2nia"},"content":{"rendered":"\n<p><strong>Mama unui copil adolescent cu autism \u00eencearc\u0103 de mai multe luni s\u0103 g\u0103seasc\u0103 ajutor medical \u00een Rom\u00e2nia. Mirajul programului 50\/20 pentru care femeia a venit la Bucure\u0219ti s-a terminat dup\u0103 ce s-a trezit \u00een strad\u0103.  <\/strong><\/p>\n\n\n\n<p>Alena Myronova, Olena pentru prieteni, este din Odesa. A decis s\u0103 plece din ora\u0219ul ei \u00een aprilie 2022, a doua zi dup\u0103 atacul cu rachete c\u00e2nd a fost lovit\u0103 o cl\u0103dire reziden\u021bial\u0103. Edificiul nu era departe de locul \u00een care locuia Aliona, iar evenimentul a f\u0103cut-o s\u0103 \u00ee\u0219i fac\u0103 bagajele \u0219i s\u0103 plece c\u0103tre un loc mai sigur cu copilul ei, Kuzma &#8211; un adolescent bolnav de autism \u0219i cu o nepoat\u0103. Era imperios necesar s\u0103 g\u0103seasc\u0103 un loc unde bombele nu i-ar afecta via\u021ba, a ei \u0219i a copilului care avea nevoie de lini\u0219te \u0219i tratament. <\/p>\n\n\n\n\n\n<p>A stat mai \u00eent\u00e2i \u00een Bulgaria pentru c\u0103 i s-a p\u0103rut c\u0103 va fi mult mai u\u0219or cu limba \u0219i cu alfabetul slavon. \u00cen septembrie, pentru c\u0103 aflase de programul 20\/50 care i-ar fi f\u0103cut via\u021ba mai u\u0219oar\u0103, s-a mutat \u00een Rom\u00e2nia. La \u00eenceput, l\u00e2ng\u0103 Constan\u021ba, la Lazu unde a locuit p\u00e2n\u0103 \u00een martie 2023. La jum\u0103tatea lunii, \u0219i-a f\u0103cut bagajele \u0219i a plecat spre Bucure\u0219ti. Nu mai primise bani din programul 50\/20 de mult\u0103 vreme, plus c\u0103 spera ca \u00een Capital\u0103 s\u0103 poate avea acces la tratament medical pentru fiul ei.<\/p>\n\n\n\n<figure class=\"wp-block-image size-large\"><img fetchpriority=\"high\" decoding=\"async\" width=\"506\" height=\"900\" src=\"data:image\/gif;base64,R0lGODlhAQABAAAAACH5BAEKAAEALAAAAAABAAEAAAICTAEAOw==\" data-src=\"https:\/\/buletin.de\/bucuresti\/wp-content\/uploads\/WhatsApp-Image-2023-05-04-at-14.18.41-6-1-506x900.jpeg\" alt=\"\" class=\"wp-image-58211 lazyload\" data-sizes=\"auto\" data-srcset=\"https:\/\/buletin.de\/bucuresti\/wp-content\/uploads\/WhatsApp-Image-2023-05-04-at-14.18.41-6-1-506x900.jpeg 506w, https:\/\/buletin.de\/bucuresti\/wp-content\/uploads\/WhatsApp-Image-2023-05-04-at-14.18.41-6-1-169x300.jpeg 169w, https:\/\/buletin.de\/bucuresti\/wp-content\/uploads\/WhatsApp-Image-2023-05-04-at-14.18.41-6-1-768x1365.jpeg 768w, https:\/\/buletin.de\/bucuresti\/wp-content\/uploads\/WhatsApp-Image-2023-05-04-at-14.18.41-6-1-864x1536.jpeg 864w, https:\/\/buletin.de\/bucuresti\/wp-content\/uploads\/WhatsApp-Image-2023-05-04-at-14.18.41-6-1-1060x1884.jpeg 1060w, https:\/\/buletin.de\/bucuresti\/wp-content\/uploads\/WhatsApp-Image-2023-05-04-at-14.18.41-6-1-550x978.jpeg 550w, https:\/\/buletin.de\/bucuresti\/wp-content\/uploads\/WhatsApp-Image-2023-05-04-at-14.18.41-6-1-281x500.jpeg 281w, https:\/\/buletin.de\/bucuresti\/wp-content\/uploads\/WhatsApp-Image-2023-05-04-at-14.18.41-6-1-608x1080.jpeg 608w, https:\/\/buletin.de\/bucuresti\/wp-content\/uploads\/WhatsApp-Image-2023-05-04-at-14.18.41-6-1-600x1067.jpeg 600w, https:\/\/buletin.de\/bucuresti\/wp-content\/uploads\/WhatsApp-Image-2023-05-04-at-14.18.41-6-1.jpeg 1080w\" sizes=\"(max-width: 506px) 100vw, 506px\" \/><figcaption class=\"wp-element-caption\">Aliona \u0219i Kuzma pe dealurile Dobrogei.<\/figcaption><\/figure>\n\n\n\n<p>Acesta era, conform standardelor medicale ucrainene \u00eencadrat \u00een gradul unu de handicap, invalid din grupa unu). \u00cen plus, mai are \u0219i grija fetei de 14 ani al c\u0103rei tat\u0103, marinar, e plecat de mam\u0103, iar a c\u0103rei mam\u0103 fusese dec\u0103zut\u0103 din drepturi.&nbsp;<\/p>\n\n\n\n<p>Visul de a primi ajutor la Bucure\u0219ti s-a spulberat cur\u00e2nd. A \u00eencercat s\u0103 se \u00eenscrie le un medic de familie, dar a reu\u0219it s\u0103 g\u0103seasc\u0103 doar un loc pe listele de a\u0219teptare. A aflat de la situa\u021bia dificil\u0103 de acces la serviciile medicale de la al\u021bi ucraineni &#8211; medicii de familie au probleme cu decontarea serviciilor pentru refugia\u021bi \u0219i de aceea nu au extrem de mult\u0103 disponibilitate.&nbsp;<\/p>\n\n\n\n<p>De c\u00e2nd e aici, nu a reu\u0219it s\u0103 aib\u0103 acces nici m\u0103car la un control general, dar a aflat c\u0103, pentru a beneficia de servicii medicale pentru fiul s\u0103u, ar trebui s\u0103 \u00eel scoat\u0103 din sistemul medical ucrainean \u0219i din registrul persoanelor cu dizabilit\u0103\u021bi din Ucraina \u00een vederea \u00eenscrierii \u00een Rom\u00e2nia, ceea ce nu \u00ee\u0219i dore\u0219te pentru c\u0103 sper\u0103 ca \u00eentr-o zi s\u0103 se \u00eentoarc\u0103 acas\u0103.&nbsp;<\/p>\n\n\n\n<p>\u00cen Bucure\u0219ti au tr\u0103it mai \u00eent\u00e2i prin programul 50\/20. C\u00e2nd au \u00eenceput zvonurile c\u0103 programul se va schimba, Aliona a ini\u021biat discu\u021bia cu proprietarul locuin\u021bei despre viitorul ei locativ.&nbsp;<\/p>\n\n\n\n<p>Au ajuns la o \u00een\u021belegere ca acesta s\u0103 nu achite datoria pe care o are pentru cei 20 de lei de persoan\u0103 pe care proprietarul i-ar fi primit pentru m\u00e2ncare plus o sum\u0103 modic\u0103 pe care Aliona o va ad\u0103uga \u00een schimbul permisiunii de a sta \u00een apartament. \u00cen\u021belegerea nu a \u021binut la nesf\u00e2r\u0219it. <\/p>\n\n\n\n<p>La un moment dat ceva s-a schimbat radical&nbsp; \u0219i proprietarul a \u00eenceput s\u0103 \u00eei scrie amenin\u021b\u0103ri Alionei prin WhatsApp \u0219i s\u0103 \u00eei spun\u0103 c\u0103 o va da afar\u0103. Femeia spune c\u0103 s-a speriat, mai ales c\u0103 mesajele de amenin\u021bare veneau, de cele mai multe ori, la miezul nop\u021bii. \u00centr-una din nop\u021bi, la dou\u0103 diminea\u021ba, dup\u0103 un astfel de mesa, \u0219i-a f\u0103cut bagajele \u0219i a plecat din locuin\u021ba care le fusese cas\u0103 timp de c\u00e2teva luni.&nbsp;<\/p>\n\n\n\n<p>C\u00e2teva zile, a locuit la ni\u0219te ucraineni pe care i-a \u00eent\u00e2lnit la Romexpo, locul de unde \u0219i-a luat m\u00e2ncare \u00een ultimele luni \u0219i a reu\u0219it s\u0103 supravie\u021buiasc\u0103. Apoi a c\u0103utat un ad\u0103post din cele oferite de ONG-uri sau de c\u0103tre municipalitate.&nbsp;<\/p>\n\n\n\n<p>Dificultatea era c\u0103, din cauza nevoilor specifice ale fiului ei, avea nevoie de o camer\u0103 separat\u0103, iar majoritatea celor din ad\u0103posturi ersu pentru 4-8 persoane. A ajuns la Carusel care o g\u0103zduie\u0219te, \u00eei ofer\u0103 intimitate \u0219i voluntarii de aici au \u0219i ajutat-o s\u0103 \u00ee\u0219i mule lucrurile. \u00cen plus, a fost ajutat\u0103 cu consiliere juridic\u0103 \u00een privin\u021ba amenin\u021b\u0103rilor proliferate de proprietar \u0219i se g\u00e2nde\u0219te serios s\u0103 se adreseze poli\u021biei, chiar dac\u0103 \u00eei este team\u0103 \u00eenc\u0103 de acesta \u0219i de momentul \u00een care va trebui s\u0103 de ochii cu el s\u0103 \u00eei restituie cheile.&nbsp;<\/p>\n\n\n\n<p>Aliona lucreaz\u0103 online \u0219i e contabil\u0103-\u0219ef\u0103. De\u0219i viseaz\u0103 s\u0103 se \u00eentoarc\u0103 \u00een Ucraina e con\u0219tint\u0103 c\u0103 nu va putea face asta p\u00e2n\u0103 se va termina ra\u0103boiul. Traumele alarmelor \u0219i ale bombrlor nu ar face altceva dec\u00e2t s\u0103 \u00eei traumatizeze \u0219i mai mult copilul autist.&nbsp;<\/p>\n\n\n\n<p><\/p>\n\n\n\n<p><\/p>\n\n\n\n<p><strong>Acest material a fost realizat cu ajutorul unei burse \u00een cadrul proiectului \u201eEduca\u021bia media \u2013 instrument pentru cre\u0219terea abilit\u0103\u021bilor de participare civic\u0103 a adolescen\u021bilor (faza 2) \u2013 Sprijinirea comunit\u0103\u021bilor pentru a fi mai bine protejate de infodemie\u201d, implementat de Centrul pentru Jurnalism Independent (CJI) \u00een parteneriat cu UNICEF. Opiniile exprimate \u00een acest articol apar\u021bin autorilor \u0219i nu reflect\u0103 neap\u0103rat pozi\u021bia UNICEF.<br><\/strong><\/p>\n","protected":false},"excerpt":{"rendered":"<p>Mama unui copil adolescent cu autism \u00eencearc\u0103 de mai multe luni s\u0103 g\u0103seasc\u0103 ajutor medical \u00een Rom\u00e2nia. Mirajul programului 50\/20 pentru care femeia a venit la Bucure\u0219ti s-a terminat dup\u0103 ce s-a trezit \u00een strad\u0103. Alena Myronova, Olena pentru prieteni, este din Odesa. A decis s\u0103 plece din ora\u0219ul ei \u00een aprilie 2022, a doua [&hellip;]<\/p>\n","protected":false},"author":2,"featured_media":58208,"comment_status":"closed","ping_status":"open","sticky":false,"template":"","format":"standard","meta":{"_acf_changed":false,"inline_featured_image":false,"ngg_post_thumbnail":0,"footnotes":""},"categories":[62],"tags":[5683,5684],"ppma_author":[22584],"class_list":["post-58206","post","type-post","status-publish","format-standard","has-post-thumbnail","hentry","category-stiri","tag-copii-ucraina","tag-program-50-20"],"acf":[],"yoast_head":"<!-- This site is optimized with the Yoast SEO Premium plugin v25.3 (Yoast SEO v27.4) - https:\/\/yoast.com\/product\/yoast-seo-premium-wordpress\/ -->\n<title>Drama unui adolescent ucrainean cu autism, \u00een Rom\u00e2nia - Buletin de Bucure\u0219ti<\/title>\n<meta name=\"robots\" content=\"index, follow, max-snippet:-1, max-image-preview:large, max-video-preview:-1\" \/>\n<link rel=\"canonical\" href=\"https:\/\/buletin.de\/bucuresti\/drama-adolescent-autism\/\" \/>\n<meta property=\"og:locale\" content=\"en_GB\" \/>\n<meta property=\"og:type\" content=\"article\" \/>\n<meta property=\"og:title\" content=\"Drama unui adolescent ucrainean cu autism, \u00een Rom\u00e2nia\" \/>\n<meta property=\"og:description\" content=\"Mama unui copil adolescent cu autism \u00eencearc\u0103 de mai multe luni s\u0103 g\u0103seasc\u0103 ajutor medical \u00een Rom\u00e2nia. Mirajul programului 50\/20 pentru care femeia a venit la Bucure\u0219ti s-a terminat dup\u0103 ce s-a trezit \u00een strad\u0103. Alena Myronova, Olena pentru prieteni, este din Odesa. A decis s\u0103 plece din ora\u0219ul ei \u00een aprilie 2022, a doua [&hellip;]\" \/>\n<meta property=\"og:url\" content=\"https:\/\/buletin.de\/bucuresti\/drama-adolescent-autism\/\" \/>\n<meta property=\"og:site_name\" content=\"Buletin de Bucure\u0219ti\" \/>\n<meta property=\"article:publisher\" content=\"https:\/\/www.facebook.com\/buletin.de.buc\" \/>\n<meta property=\"article:published_time\" content=\"2023-05-06T04:55:13+00:00\" \/>\n<meta property=\"article:modified_time\" content=\"2023-09-19T11:54:14+00:00\" \/>\n<meta property=\"og:image\" content=\"https:\/\/buletin.de\/bucuresti\/wp-content\/uploads\/WhatsApp-Image-2023-05-04-at-14.18.41-7.jpeg\" \/>\n\t<meta property=\"og:image:width\" content=\"1087\" \/>\n\t<meta property=\"og:image:height\" content=\"720\" \/>\n\t<meta property=\"og:image:type\" content=\"image\/jpeg\" \/>\n<meta name=\"author\" content=\"Oana Despa\" \/>\n<meta name=\"twitter:card\" content=\"summary_large_image\" \/>\n<meta name=\"twitter:label1\" content=\"Written by\" \/>\n\t<meta name=\"twitter:data1\" content=\"Oana Despa\" \/>\n\t<meta name=\"twitter:label2\" content=\"Estimated reading time\" \/>\n\t<meta name=\"twitter:data2\" content=\"4 minutes\" \/>\n<script type=\"application\/ld+json\" class=\"yoast-schema-graph\">{\"@context\":\"https:\\\/\\\/schema.org\",\"@graph\":[{\"@type\":\"Article\",\"@id\":\"https:\\\/\\\/buletin.de\\\/bucuresti\\\/drama-adolescent-autism\\\/#article\",\"isPartOf\":{\"@id\":\"https:\\\/\\\/buletin.de\\\/bucuresti\\\/drama-adolescent-autism\\\/\"},\"author\":{\"name\":\"Oana Despa\",\"@id\":\"https:\\\/\\\/buletin.de\\\/bucuresti\\\/#\\\/schema\\\/person\\\/f02780e5e00039cf0bc1d929798d0239\"},\"headline\":\"Drama unui adolescent ucrainean cu autism, \u00een Rom\u00e2nia\",\"datePublished\":\"2023-05-06T04:55:13+00:00\",\"dateModified\":\"2023-09-19T11:54:14+00:00\",\"mainEntityOfPage\":{\"@id\":\"https:\\\/\\\/buletin.de\\\/bucuresti\\\/drama-adolescent-autism\\\/\"},\"wordCount\":904,\"publisher\":{\"@id\":\"https:\\\/\\\/buletin.de\\\/bucuresti\\\/#organization\"},\"image\":{\"@id\":\"https:\\\/\\\/buletin.de\\\/bucuresti\\\/drama-adolescent-autism\\\/#primaryimage\"},\"thumbnailUrl\":\"https:\\\/\\\/buletin.de\\\/bucuresti\\\/wp-content\\\/uploads\\\/WhatsApp-Image-2023-05-04-at-14.18.41-7.jpeg\",\"keywords\":[\"Copii ucraina\",\"program 50\\\/20\"],\"articleSection\":[\"\u0218tiri\"],\"inLanguage\":\"en-GB\",\"copyrightYear\":\"2023\",\"copyrightHolder\":{\"@id\":\"https:\\\/\\\/buletin.de\\\/bucuresti\\\/#organization\"}},{\"@type\":\"WebPage\",\"@id\":\"https:\\\/\\\/buletin.de\\\/bucuresti\\\/drama-adolescent-autism\\\/\",\"url\":\"https:\\\/\\\/buletin.de\\\/bucuresti\\\/drama-adolescent-autism\\\/\",\"name\":\"Drama unui adolescent ucrainean cu autism, \u00een Rom\u00e2nia - Buletin de Bucure\u0219ti\",\"isPartOf\":{\"@id\":\"https:\\\/\\\/buletin.de\\\/bucuresti\\\/#website\"},\"primaryImageOfPage\":{\"@id\":\"https:\\\/\\\/buletin.de\\\/bucuresti\\\/drama-adolescent-autism\\\/#primaryimage\"},\"image\":{\"@id\":\"https:\\\/\\\/buletin.de\\\/bucuresti\\\/drama-adolescent-autism\\\/#primaryimage\"},\"thumbnailUrl\":\"https:\\\/\\\/buletin.de\\\/bucuresti\\\/wp-content\\\/uploads\\\/WhatsApp-Image-2023-05-04-at-14.18.41-7.jpeg\",\"datePublished\":\"2023-05-06T04:55:13+00:00\",\"dateModified\":\"2023-09-19T11:54:14+00:00\",\"breadcrumb\":{\"@id\":\"https:\\\/\\\/buletin.de\\\/bucuresti\\\/drama-adolescent-autism\\\/#breadcrumb\"},\"inLanguage\":\"en-GB\",\"potentialAction\":[{\"@type\":\"ReadAction\",\"target\":[\"https:\\\/\\\/buletin.de\\\/bucuresti\\\/drama-adolescent-autism\\\/\"]}]},{\"@type\":\"ImageObject\",\"inLanguage\":\"en-GB\",\"@id\":\"https:\\\/\\\/buletin.de\\\/bucuresti\\\/drama-adolescent-autism\\\/#primaryimage\",\"url\":\"https:\\\/\\\/buletin.de\\\/bucuresti\\\/wp-content\\\/uploads\\\/WhatsApp-Image-2023-05-04-at-14.18.41-7.jpeg\",\"contentUrl\":\"https:\\\/\\\/buletin.de\\\/bucuresti\\\/wp-content\\\/uploads\\\/WhatsApp-Image-2023-05-04-at-14.18.41-7.jpeg\",\"width\":1087,\"height\":720},{\"@type\":\"BreadcrumbList\",\"@id\":\"https:\\\/\\\/buletin.de\\\/bucuresti\\\/drama-adolescent-autism\\\/#breadcrumb\",\"itemListElement\":[{\"@type\":\"ListItem\",\"position\":1,\"name\":\"Acas\u0103\",\"item\":\"https:\\\/\\\/buletin.de\\\/bucuresti\\\/\"},{\"@type\":\"ListItem\",\"position\":2,\"name\":\"Drama unui adolescent ucrainean cu autism, \u00een Rom\u00e2nia\"}]},{\"@type\":\"WebSite\",\"@id\":\"https:\\\/\\\/buletin.de\\\/bucuresti\\\/#website\",\"url\":\"https:\\\/\\\/buletin.de\\\/bucuresti\\\/\",\"name\":\"Buletin de Bucure\u0219ti\",\"description\":\"\u0218tiri \u0219i investiga\u021bii esen\u021biale din capital\u0103\",\"publisher\":{\"@id\":\"https:\\\/\\\/buletin.de\\\/bucuresti\\\/#organization\"},\"potentialAction\":[{\"@type\":\"SearchAction\",\"target\":{\"@type\":\"EntryPoint\",\"urlTemplate\":\"https:\\\/\\\/buletin.de\\\/bucuresti\\\/?s={search_term_string}\"},\"query-input\":{\"@type\":\"PropertyValueSpecification\",\"valueRequired\":true,\"valueName\":\"search_term_string\"}}],\"inLanguage\":\"en-GB\"},{\"@type\":\"Organization\",\"@id\":\"https:\\\/\\\/buletin.de\\\/bucuresti\\\/#organization\",\"name\":\"Buletin de Bucure\u0219ti\",\"url\":\"https:\\\/\\\/buletin.de\\\/bucuresti\\\/\",\"logo\":{\"@type\":\"ImageObject\",\"inLanguage\":\"en-GB\",\"@id\":\"https:\\\/\\\/buletin.de\\\/bucuresti\\\/#\\\/schema\\\/logo\\\/image\\\/\",\"url\":\"https:\\\/\\\/buletin.de\\\/bucuresti\\\/wp-content\\\/uploads\\\/logo-bdb-full-wide-vernil-transparent.png\",\"contentUrl\":\"https:\\\/\\\/buletin.de\\\/bucuresti\\\/wp-content\\\/uploads\\\/logo-bdb-full-wide-vernil-transparent.png\",\"width\":1782,\"height\":626,\"caption\":\"Buletin de Bucure\u0219ti\"},\"image\":{\"@id\":\"https:\\\/\\\/buletin.de\\\/bucuresti\\\/#\\\/schema\\\/logo\\\/image\\\/\"},\"sameAs\":[\"https:\\\/\\\/www.facebook.com\\\/buletin.de.buc\",\"https:\\\/\\\/www.instagram.com\\\/buletinde.bucuresti\\\/\"]},{\"@type\":\"Person\",\"@id\":\"https:\\\/\\\/buletin.de\\\/bucuresti\\\/#\\\/schema\\\/person\\\/f02780e5e00039cf0bc1d929798d0239\",\"name\":\"Oana Despa\",\"image\":{\"@type\":\"ImageObject\",\"inLanguage\":\"en-GB\",\"@id\":\"https:\\\/\\\/secure.gravatar.com\\\/avatar\\\/315d42f2ee19dcce5c47d87713af9f3ec85494d7026ca420f44668b51324357e?s=96&d=monsterid&r=g9679e8786333bebe875735ec1e7b81f0\",\"url\":\"https:\\\/\\\/secure.gravatar.com\\\/avatar\\\/315d42f2ee19dcce5c47d87713af9f3ec85494d7026ca420f44668b51324357e?s=96&d=monsterid&r=g\",\"contentUrl\":\"https:\\\/\\\/secure.gravatar.com\\\/avatar\\\/315d42f2ee19dcce5c47d87713af9f3ec85494d7026ca420f44668b51324357e?s=96&d=monsterid&r=g\",\"caption\":\"Oana Despa\"},\"description\":\"Editor\",\"url\":\"https:\\\/\\\/buletin.de\\\/bucuresti\\\/author\\\/oanadespa\\\/\"}]}<\/script>\n<!-- \/ Yoast SEO Premium plugin. -->","yoast_head_json":{"title":"Drama unui adolescent ucrainean cu autism, \u00een Rom\u00e2nia - Buletin de Bucure\u0219ti","robots":{"index":"index","follow":"follow","max-snippet":"max-snippet:-1","max-image-preview":"max-image-preview:large","max-video-preview":"max-video-preview:-1"},"canonical":"https:\/\/buletin.de\/bucuresti\/drama-adolescent-autism\/","og_locale":"en_GB","og_type":"article","og_title":"Drama unui adolescent ucrainean cu autism, \u00een Rom\u00e2nia","og_description":"Mama unui copil adolescent cu autism \u00eencearc\u0103 de mai multe luni s\u0103 g\u0103seasc\u0103 ajutor medical \u00een Rom\u00e2nia. Mirajul programului 50\/20 pentru care femeia a venit la Bucure\u0219ti s-a terminat dup\u0103 ce s-a trezit \u00een strad\u0103. Alena Myronova, Olena pentru prieteni, este din Odesa. A decis s\u0103 plece din ora\u0219ul ei \u00een aprilie 2022, a doua [&hellip;]","og_url":"https:\/\/buletin.de\/bucuresti\/drama-adolescent-autism\/","og_site_name":"Buletin de Bucure\u0219ti","article_publisher":"https:\/\/www.facebook.com\/buletin.de.buc","article_published_time":"2023-05-06T04:55:13+00:00","article_modified_time":"2023-09-19T11:54:14+00:00","og_image":[{"width":1087,"height":720,"url":"https:\/\/buletin.de\/bucuresti\/wp-content\/uploads\/WhatsApp-Image-2023-05-04-at-14.18.41-7.jpeg","type":"image\/jpeg"}],"author":"Oana Despa","twitter_card":"summary_large_image","twitter_misc":{"Written by":"Oana Despa","Estimated reading time":"4 minutes"},"schema":{"@context":"https:\/\/schema.org","@graph":[{"@type":"Article","@id":"https:\/\/buletin.de\/bucuresti\/drama-adolescent-autism\/#article","isPartOf":{"@id":"https:\/\/buletin.de\/bucuresti\/drama-adolescent-autism\/"},"author":{"name":"Oana Despa","@id":"https:\/\/buletin.de\/bucuresti\/#\/schema\/person\/f02780e5e00039cf0bc1d929798d0239"},"headline":"Drama unui adolescent ucrainean cu autism, \u00een Rom\u00e2nia","datePublished":"2023-05-06T04:55:13+00:00","dateModified":"2023-09-19T11:54:14+00:00","mainEntityOfPage":{"@id":"https:\/\/buletin.de\/bucuresti\/drama-adolescent-autism\/"},"wordCount":904,"publisher":{"@id":"https:\/\/buletin.de\/bucuresti\/#organization"},"image":{"@id":"https:\/\/buletin.de\/bucuresti\/drama-adolescent-autism\/#primaryimage"},"thumbnailUrl":"https:\/\/buletin.de\/bucuresti\/wp-content\/uploads\/WhatsApp-Image-2023-05-04-at-14.18.41-7.jpeg","keywords":["Copii ucraina","program 50\/20"],"articleSection":["\u0218tiri"],"inLanguage":"en-GB","copyrightYear":"2023","copyrightHolder":{"@id":"https:\/\/buletin.de\/bucuresti\/#organization"}},{"@type":"WebPage","@id":"https:\/\/buletin.de\/bucuresti\/drama-adolescent-autism\/","url":"https:\/\/buletin.de\/bucuresti\/drama-adolescent-autism\/","name":"Drama unui adolescent ucrainean cu autism, \u00een Rom\u00e2nia - Buletin de Bucure\u0219ti","isPartOf":{"@id":"https:\/\/buletin.de\/bucuresti\/#website"},"primaryImageOfPage":{"@id":"https:\/\/buletin.de\/bucuresti\/drama-adolescent-autism\/#primaryimage"},"image":{"@id":"https:\/\/buletin.de\/bucuresti\/drama-adolescent-autism\/#primaryimage"},"thumbnailUrl":"https:\/\/buletin.de\/bucuresti\/wp-content\/uploads\/WhatsApp-Image-2023-05-04-at-14.18.41-7.jpeg","datePublished":"2023-05-06T04:55:13+00:00","dateModified":"2023-09-19T11:54:14+00:00","breadcrumb":{"@id":"https:\/\/buletin.de\/bucuresti\/drama-adolescent-autism\/#breadcrumb"},"inLanguage":"en-GB","potentialAction":[{"@type":"ReadAction","target":["https:\/\/buletin.de\/bucuresti\/drama-adolescent-autism\/"]}]},{"@type":"ImageObject","inLanguage":"en-GB","@id":"https:\/\/buletin.de\/bucuresti\/drama-adolescent-autism\/#primaryimage","url":"https:\/\/buletin.de\/bucuresti\/wp-content\/uploads\/WhatsApp-Image-2023-05-04-at-14.18.41-7.jpeg","contentUrl":"https:\/\/buletin.de\/bucuresti\/wp-content\/uploads\/WhatsApp-Image-2023-05-04-at-14.18.41-7.jpeg","width":1087,"height":720},{"@type":"BreadcrumbList","@id":"https:\/\/buletin.de\/bucuresti\/drama-adolescent-autism\/#breadcrumb","itemListElement":[{"@type":"ListItem","position":1,"name":"Acas\u0103","item":"https:\/\/buletin.de\/bucuresti\/"},{"@type":"ListItem","position":2,"name":"Drama unui adolescent ucrainean cu autism, \u00een Rom\u00e2nia"}]},{"@type":"WebSite","@id":"https:\/\/buletin.de\/bucuresti\/#website","url":"https:\/\/buletin.de\/bucuresti\/","name":"Buletin de Bucure\u0219ti","description":"\u0218tiri \u0219i investiga\u021bii esen\u021biale din capital\u0103","publisher":{"@id":"https:\/\/buletin.de\/bucuresti\/#organization"},"potentialAction":[{"@type":"SearchAction","target":{"@type":"EntryPoint","urlTemplate":"https:\/\/buletin.de\/bucuresti\/?s={search_term_string}"},"query-input":{"@type":"PropertyValueSpecification","valueRequired":true,"valueName":"search_term_string"}}],"inLanguage":"en-GB"},{"@type":"Organization","@id":"https:\/\/buletin.de\/bucuresti\/#organization","name":"Buletin de Bucure\u0219ti","url":"https:\/\/buletin.de\/bucuresti\/","logo":{"@type":"ImageObject","inLanguage":"en-GB","@id":"https:\/\/buletin.de\/bucuresti\/#\/schema\/logo\/image\/","url":"https:\/\/buletin.de\/bucuresti\/wp-content\/uploads\/logo-bdb-full-wide-vernil-transparent.png","contentUrl":"https:\/\/buletin.de\/bucuresti\/wp-content\/uploads\/logo-bdb-full-wide-vernil-transparent.png","width":1782,"height":626,"caption":"Buletin de Bucure\u0219ti"},"image":{"@id":"https:\/\/buletin.de\/bucuresti\/#\/schema\/logo\/image\/"},"sameAs":["https:\/\/www.facebook.com\/buletin.de.buc","https:\/\/www.instagram.com\/buletinde.bucuresti\/"]},{"@type":"Person","@id":"https:\/\/buletin.de\/bucuresti\/#\/schema\/person\/f02780e5e00039cf0bc1d929798d0239","name":"Oana Despa","image":{"@type":"ImageObject","inLanguage":"en-GB","@id":"https:\/\/secure.gravatar.com\/avatar\/315d42f2ee19dcce5c47d87713af9f3ec85494d7026ca420f44668b51324357e?s=96&d=monsterid&r=g9679e8786333bebe875735ec1e7b81f0","url":"https:\/\/secure.gravatar.com\/avatar\/315d42f2ee19dcce5c47d87713af9f3ec85494d7026ca420f44668b51324357e?s=96&d=monsterid&r=g","contentUrl":"https:\/\/secure.gravatar.com\/avatar\/315d42f2ee19dcce5c47d87713af9f3ec85494d7026ca420f44668b51324357e?s=96&d=monsterid&r=g","caption":"Oana Despa"},"description":"Editor","url":"https:\/\/buletin.de\/bucuresti\/author\/oanadespa\/"}]}},"authors":[{"term_id":22584,"user_id":2,"is_guest":0,"slug":"oanadespa","display_name":"Oana Despa","avatar_url":"https:\/\/secure.gravatar.com\/avatar\/315d42f2ee19dcce5c47d87713af9f3ec85494d7026ca420f44668b51324357e?s=96&d=monsterid&r=g","0":null,"1":"","2":"","3":"","4":"","5":"","6":"","7":"","8":""}],"_links":{"self":[{"href":"https:\/\/buletin.de\/bucuresti\/wp-json\/wp\/v2\/posts\/58206","targetHints":{"allow":["GET"]}}],"collection":[{"href":"https:\/\/buletin.de\/bucuresti\/wp-json\/wp\/v2\/posts"}],"about":[{"href":"https:\/\/buletin.de\/bucuresti\/wp-json\/wp\/v2\/types\/post"}],"author":[{"embeddable":true,"href":"https:\/\/buletin.de\/bucuresti\/wp-json\/wp\/v2\/users\/2"}],"replies":[{"embeddable":true,"href":"https:\/\/buletin.de\/bucuresti\/wp-json\/wp\/v2\/comments?post=58206"}],"version-history":[{"count":4,"href":"https:\/\/buletin.de\/bucuresti\/wp-json\/wp\/v2\/posts\/58206\/revisions"}],"predecessor-version":[{"id":62678,"href":"https:\/\/buletin.de\/bucuresti\/wp-json\/wp\/v2\/posts\/58206\/revisions\/62678"}],"wp:featuredmedia":[{"embeddable":true,"href":"https:\/\/buletin.de\/bucuresti\/wp-json\/wp\/v2\/media\/58208"}],"wp:attachment":[{"href":"https:\/\/buletin.de\/bucuresti\/wp-json\/wp\/v2\/media?parent=58206"}],"wp:term":[{"taxonomy":"category","embeddable":true,"href":"https:\/\/buletin.de\/bucuresti\/wp-json\/wp\/v2\/categories?post=58206"},{"taxonomy":"post_tag","embeddable":true,"href":"https:\/\/buletin.de\/bucuresti\/wp-json\/wp\/v2\/tags?post=58206"},{"taxonomy":"author","embeddable":true,"href":"https:\/\/buletin.de\/bucuresti\/wp-json\/wp\/v2\/ppma_author?post=58206"}],"curies":[{"name":"wp","href":"https:\/\/api.w.org\/{rel}","templated":true}]}}