{"id":5813,"date":"2020-04-10T18:22:29","date_gmt":"2020-04-10T15:22:29","guid":{"rendered":"https:\/\/buletin.de\/bucuresti\/?p=5813"},"modified":"2020-04-11T09:01:43","modified_gmt":"2020-04-11T06:01:43","slug":"perdeaua-de-fum-din-jurul-incendiului-care-a-poluat-capitala-29-de-hectare-de-langa-fostele-bataluri-de-la-ferma-de-porci-din-peris-apar-la-cadastru-cu-proprietar-neidendificat-iar","status":"publish","type":"post","link":"https:\/\/buletin.de\/bucuresti\/perdeaua-de-fum-din-jurul-incendiului-care-a-poluat-capitala-29-de-hectare-de-langa-fostele-bataluri-de-la-ferma-de-porci-din-peris-apar-la-cadastru-cu-proprietar-neidendificat-iar\/","title":{"rendered":"\u201cPerdeaua de fum\u201d din jurul incendiului care a poluat Capitala. 29 de hectare de l\u00e2nga fostele bataluri de la ferma de porci din Peri\u0219 apar la Cadastru cu proprietar neidendificat iar firma sanc\u021bionat\u0103 \u0219i-a deschis mai multe puncte de lucru \u00een localitate \u00een ziua incendiului"},"content":{"rendered":"\n<p><em>Ministerul Mediului a anun\u021bat sanc\u021biuni de aproape 24.000 de euro iar societatea comercial\u0103 care de\u021bine o parte din terenurile care au ars a fost obligat\u0103 s\u0103 ecologizeze perimetrul p\u00e2n\u0103 la mijlocul verii. Firma a fost controlat\u0103 \u00een trecut de doi libanezi, aresta\u021bi preventiv pentru evaziune fiscal\u0103. Buletin de Bucure\u0219ti a aflat c\u0103 terenurile din imediata vecin\u0103tate a batalurilor, \u00een suprafat\u0103 de 27 de hectare, apar cu proprietar neidentificat la Cadastru \u0219i sunt catalogate drept neproductive. Mai mult, \u00een ziua c\u00e2nd au izbucnit fl\u0103c\u0103rile, firma sanc\u021bionat\u0103 \u00ee\u0219i deschidea mai multe puncte de lucru \u00een localitate.  <\/em><\/p>\n\n\n\n<p>\u00cen iunie 2015, <a href=\"https:\/\/www.google.com\/search?sxsrf=ALeKk009wNiKHJSQx8DVJ3tY_F5-mxQR8Q%3A1586520592755&amp;source=hp&amp;ei=EGKQXvXWKKiflwTfv4aIAg&amp;q=Ihab+Laoun+%C8%99i+El+Boustany+Dumitru+Elie&amp;oq=Ihab+Laoun+%C8%99i+El+Boustany+Dumitru+Elie&amp;gs_lcp=CgZwc3ktYWIQAzoHCCMQ6gIQJ0oKCBcSBjEyLTE1NUoICBgSBDEyLTFQywpYywpggQxoAnAAeACAAZoBiAGaAZIBAzAuMZgBAKABAqABAaoBB2d3cy13aXqwAQo&amp;sclient=psy-ab&amp;ved=0ahUKEwj1nuvi6d3oAhWoz4UKHd-fASEQ4dUDCAc&amp;uact=5\">presa central\u0103 scria despre o cau\u021biune record care a fost pl\u0103tit\u0103 \u00een Rom\u00e2nia.<\/a>  <\/p>\n\n\n\n<p>Doi libanezi, Ihab Laoun \u0219i El Boustany Dumitru Elie,  fuseser\u0103 elibera\u021bi din arest dup\u0103 ce o rud\u0103 a achitat, \u00een conturile statului, un milion de euro ca s\u0103 nu stea dup\u0103 gratii, la scurt timp de la solicitarea procurorilor DIICOT de arest preventiv care fusese acceptat\u0103 de instan\u021b\u0103.<\/p>\n\n\n\n<p>La mijloc era vorba despre un grup de afaceri\u0219ti \u0219i o evaziune de 2,8 milioane de euro \u00een care erau implicate mai multe firme care activau \u00een industria agroalimetar\u0103: Laoun\u2019s Europe, Conserv Buftea \u0219i Grupul Klevek.<\/p>\n\n\n\n<p>Din acesta din urm\u0103, face parte fima Klevek Company S.R.L. despre care ministrul Mediului, Costel Alexe, a anun\u021bat i s-a depus pl\u00e2ngere penal\u0103, c\u0103 a fost san\u021bionat\u0103 cu aproape 24.000 de euro \u0219i c\u0103 a fost obligat\u0103 s\u0103 ecologizeze perimetrul \u00een urma incendiului de vegeta\u021bie care a cuprins fostele bataluri ale Romsuintest S.A. din Peri\u0219 \u0219i care a poluat masiv cu fum Nord-Vestul Capitalei.<\/p>\n\n\n\n<iframe src=\"https:\/\/www.facebook.com\/plugins\/post.php?href=https%3A%2F%2Fwww.facebook.com%2FCostel.Alexe%2Fposts%2F3004357272948823&#038;width=500\" width=\"500\" height=\"660\" style=\"border:none;overflow:hidden; display: block; margin: 0 auto;\" scrolling=\"no\" frameborder=\"0\" allowTransparency=\"true\" allow=\"encrypted-media\"><\/iframe>\n\n\n\n<h2 class=\"wp-block-heading\"><strong>Batelele discordiei<\/strong><\/h2>\n\n\n\n<p>Despre incendiul de la fostele bazine de dejec\u021bii animale de la fermele de porci din Peri\u0219, primarul localit\u0103\u021bii declara acum dou\u0103 zile c\u0103 ar fi fost &#8220;g\u00e2ndit&#8221;.  <\/p>\n\n\n\n<blockquote class=\"wp-block-quote is-layout-flow wp-block-quote-is-layout-flow\"><p> \u201e<em>E greu de ajuns \u00een centru unde arde, pentru c\u0103 de acolo s-a dat foc. Focul a fost pus g\u00e2ndit, ca s\u0103 nu po\u021bi sa ac\u021bionezi. A ars stuful iar acum ard mocnit r\u0103d\u0103cinile care sunt amestecate cu ce era acolo<\/em>\u201d<\/p><cite>spunea miercuri, reporterilor Buletin de Bucure\u0219ti, edilul Anghel Albu.     <\/cite><\/blockquote>\n\n\n\n<p>De altfel, <a href=\"https:\/\/buletin.de\/bucuresti\/doua-zone-cu-stufaris-care-ar-fi-urmat-sa-fie-incendiate-in-nord-vestul-capitalei-descoperite-de-echipe-de-voluntari-la-1-kilometru-de-focarul-din-peris-isu-proprietarii-de-terenuri-risca\/\">mai mul\u021bi voluntari au descoperit \u00een urma unei patrulei nocturne, la aproape un kilometru de focar<\/a>, materiale inflamabile preg\u0103tite, spun ace\u0219tia, s\u0103 fie incendiate.<\/p>\n\n\n\n<figure class=\"wp-block-image size-large\"><img fetchpriority=\"high\" decoding=\"async\" width=\"900\" height=\"528\" src=\"data:image\/gif;base64,R0lGODlhAQABAAAAACH5BAEKAAEALAAAAAABAAEAAAICTAEAOw==\" data-src=\"https:\/\/buletin.de\/bucuresti\/wp-content\/uploads\/BeFunky-collage-2-1-900x528.jpg\" alt=\"\" class=\"wp-image-5726 lazyload\" data-sizes=\"auto\" data-srcset=\"https:\/\/buletin.de\/bucuresti\/wp-content\/uploads\/BeFunky-collage-2-1-900x528.jpg 900w, https:\/\/buletin.de\/bucuresti\/wp-content\/uploads\/BeFunky-collage-2-1-scaled-600x352.jpg 600w, https:\/\/buletin.de\/bucuresti\/wp-content\/uploads\/BeFunky-collage-2-1-300x176.jpg 300w, https:\/\/buletin.de\/bucuresti\/wp-content\/uploads\/BeFunky-collage-2-1-768x451.jpg 768w, https:\/\/buletin.de\/bucuresti\/wp-content\/uploads\/BeFunky-collage-2-1-1536x901.jpg 1536w, https:\/\/buletin.de\/bucuresti\/wp-content\/uploads\/BeFunky-collage-2-1-2048x1202.jpg 2048w, https:\/\/buletin.de\/bucuresti\/wp-content\/uploads\/BeFunky-collage-2-1-1060x622.jpg 1060w, https:\/\/buletin.de\/bucuresti\/wp-content\/uploads\/BeFunky-collage-2-1-550x323.jpg 550w, https:\/\/buletin.de\/bucuresti\/wp-content\/uploads\/BeFunky-collage-2-1-852x500.jpg 852w, https:\/\/buletin.de\/bucuresti\/wp-content\/uploads\/BeFunky-collage-2-1-1920x1126.jpg 1920w, https:\/\/buletin.de\/bucuresti\/wp-content\/uploads\/BeFunky-collage-2-1-1841x1080.jpg 1841w\" sizes=\"(max-width: 900px) 100vw, 900px\" \/><figcaption> Membri <a href=\"https:\/\/www.rescue4x4.ro\/incidente\/2020\">Asocia\u021biei Salvatorilor Voluntari Rescue 4\u00d74<\/a>, au descoperit \u00een apropiere de focarul inceniului de la Peri\u0219 mai multe materiale inflamabile. (sursa: Adrian Corbu)<\/figcaption><\/figure>\n\n\n\n<h2 class=\"wp-block-heading\"><strong>Coinciden\u021b\u0103 c\u00e2t o perdea de fum<\/strong><\/h2>\n\n\n\n<p>\u00cen ziua izbucnirii incendiului, pe 7 aprilie, Klevek Company S.R.L., cu sediul \u00een comuna Tunari, \u00eenfiin\u021ba \u0219i autoriza mai multe puncte de lucru \u00een Peri\u0219, potrivit Monitorului Oficial.<\/p>\n\n\n\n<ul class=\"wp-block-list\"><li>Abator vechi nr. Cad. 5\/1, com. Peri\u0219<\/li><li>Complex ferma porci nr. 2-3, nr. cad. 8, com. Peri\u0219<\/li><li>Sta\u021bia de epurare, nr. cad. 43, com. Peri\u0219<\/li><li>Institutul de Cercet\u0103ri, nr. cad. 38, com. Peri\u0219<\/li><li>Complex cre\u0219terea porcilor nr. 1, nr. cad. 5\/2, com. Peri\u0219<\/li><\/ul>\n\n\n\n<p>Parte din aceste active au intrat \u00een posesia Klevek Company S.R.L. \u00een urma unei licita\u021bii cu strigare, a explicat pentru Buletin de Bucure\u0219ti, lichidatorul judiciar al Romsuintest S.A., Cristina Dic\u0103.<\/p>\n\n\n\n<div style=\"height:100px\" aria-hidden=\"true\" class=\"wp-block-spacer\"><\/div>\n\n\n\n<p><em> &#8211; Sunt convins\u0103 c\u0103 incendiul nu a pornit de la batale, pentru c\u0103 sunt practic ni\u0219te gropi, ci de l\u00e2ng\u0103, pentru c\u0103 a b\u0103tut v\u00e2ntul. Romsuitest nu a fost niciodat\u0103 proprietarul terenurilor de l\u00e2ng\u0103 batale. Eu \u00een 2015 \u0219i 2017 am v\u00e2ndut batalele \u0219i fermele la licita\u021bie public\u0103 cu strigare. Klevek Company S.R.L. a cump\u0103rat Fermele 1 \u0219i 2 si batalele din Peri\u0219, F.N.C.-ul(n.r. &#8211; Fabrica de Nutre\u021buri Combinate) a fost adjudecat de o alt\u0103 persoan\u0103 juridic\u0103 din Peri\u0219 iar abatorul din Niculesti, de o alt\u0103 companie.<\/em><\/p>\n\n\n\n<h3 class=\"wp-block-heading\"> &#8211; C\u00e2\u021bi bani a pl\u0103tit Klevek Company S.R.L.?<\/h3>\n\n\n\n<p> <em>&#8211; Am ob\u021binut un pre\u021b destul de bun pe ferme \u0219i batale de aproape 3 milioane de euro cu tot cu TVA. Banii au fost vira\u021bi \u00een conturile a dou\u0103 b\u0103nci pentru ca Romsuintest avea terenurile \u00een garan\u021bie c\u0103tre aceste b\u0103nci. Creditele neachitate s-au ridicat la aproape 16 milioane de euro \u0219i au fost luate c\u00e2nd societatea func\u021biona \u0219i au fost garantate cu active. Banii de pe batale au plecat direct la Rezerva de Stat pentru c\u0103 a fost creditor privilegiat. A fost vorba de 21.000 de capete de porci rezerv\u0103 de stat, afla\u021bi \u00een custodie, \u0219i care au fost pu\u0219i pe pia\u021b\u0103 de fostul pre\u0219edinte al Consiliului de Administra\u021bie.<\/em><\/p>\n\n\n\n<h3 class=\"wp-block-heading\"> &#8211; Cum a fost posibil acest lucru?<\/h3>\n\n\n\n<p> <em>&#8211; Eu am \u00eentrebat pe cineva de la SIF Muntenia, care era ac\u021bionar majoritar, de ce l-au pus pe acest domn Barbu care \u00eentr-un an de zile a falimentat societatea. Am intrebat \u0219i la b\u0103nci de ce i-au dat aceste credite. <a href=\"https:\/\/buletin.de\/bucuresti\/poluarea-din-capitala-la-batalele-unei-ferme-de-porci-devalizata-de-apropiati-ai-lui-liviu-dragnea\/\">Toat\u0103 lumea s-a ferit s\u0103 pronun\u021be numele Dragnea.<\/a><\/em><\/p>\n\n\n\n<h3 class=\"wp-block-heading\"> &#8211; Deci majoritatea activelor erau puse gaj?<\/h3>\n\n\n\n<p><em>&#8211; A fost foarte problematic\u0103 procedura de insolven\u021b\u0103 pentru c\u0103 nu au fost bani de conservare. Eram \u00een plina iarn\u0103 \u0219i aveam dou\u0103 tancuri de amoniac care alimentau conductele de frig. Dac\u0103 ar fi fost cineva r\u0103u inten\u021bionat, va da\u021bi seama ce s-ar fi putut \u00eent\u00e2mpla. <\/em> <\/p>\n\n\n\n<p><strong> <em>*discu\u021bie reporter &#8211; administrator judiciar Romsuintest S.A.<\/em><\/strong><\/p>\n\n\n\n<div style=\"height:100px\" aria-hidden=\"true\" class=\"wp-block-spacer\"><\/div>\n\n\n\n<p>La aceast\u0103 or\u0103, terenul din imediata vecin\u0103tate a batelelor apare la Cadastru cu proprietar neidentificat. <\/p>\n\n\n\n<iframe class=\"juxtapose\" src=\"https:\/\/cdn.knightlab.com\/libs\/juxtapose\/latest\/embed\/index.html?uid=f906a92e-7b25-11ea-a879-0edaf8f81e27\" Style=\"width: 100%; height: 600px\" frameborder=\"0\"><\/iframe>\n\n\n\n<p><strong><em>Terenul neproductiv cu proprietar neidentificat(st\u00e2nga) vs. Terenul arabil de pe suprafa\u021ba batalelor(dreapta)<\/em><\/strong>.<\/p>\n\n\n\n<p>Este vorba despre o suprafa\u021b\u0103 de aproape 27 de hectare care este catalogat\u0103 \u00een arhivele funciare ale statului drept neproductiv\u0103. Asta de\u0219i imaginile satelitare arat\u0103 c\u0103 p\u0103m\u00e2ntul este muncit. <\/p>\n\n\n\n<figure class=\"wp-block-image size-large\"><img decoding=\"async\" width=\"900\" height=\"900\" src=\"data:image\/gif;base64,R0lGODlhAQABAAAAACH5BAEKAAEALAAAAAABAAEAAAICTAEAOw==\" data-src=\"https:\/\/buletin.de\/bucuresti\/wp-content\/uploads\/BeFunky-collage-3-900x900.jpg\" alt=\"\" class=\"wp-image-5819 lazyload\" data-sizes=\"auto\" data-srcset=\"https:\/\/buletin.de\/bucuresti\/wp-content\/uploads\/BeFunky-collage-3-900x900.jpg 900w, https:\/\/buletin.de\/bucuresti\/wp-content\/uploads\/BeFunky-collage-3-300x300.jpg 300w, https:\/\/buletin.de\/bucuresti\/wp-content\/uploads\/BeFunky-collage-3-scaled-100x100.jpg 100w, https:\/\/buletin.de\/bucuresti\/wp-content\/uploads\/BeFunky-collage-3-scaled-600x600.jpg 600w, https:\/\/buletin.de\/bucuresti\/wp-content\/uploads\/BeFunky-collage-3-150x150.jpg 150w, https:\/\/buletin.de\/bucuresti\/wp-content\/uploads\/BeFunky-collage-3-768x768.jpg 768w, https:\/\/buletin.de\/bucuresti\/wp-content\/uploads\/BeFunky-collage-3-1536x1536.jpg 1536w, https:\/\/buletin.de\/bucuresti\/wp-content\/uploads\/BeFunky-collage-3-2048x2048.jpg 2048w, https:\/\/buletin.de\/bucuresti\/wp-content\/uploads\/BeFunky-collage-3-1060x1060.jpg 1060w, https:\/\/buletin.de\/bucuresti\/wp-content\/uploads\/BeFunky-collage-3-550x550.jpg 550w, https:\/\/buletin.de\/bucuresti\/wp-content\/uploads\/BeFunky-collage-3-500x500.jpg 500w, https:\/\/buletin.de\/bucuresti\/wp-content\/uploads\/BeFunky-collage-3-1920x1920.jpg 1920w, https:\/\/buletin.de\/bucuresti\/wp-content\/uploads\/BeFunky-collage-3-1080x1080.jpg 1080w\" sizes=\"(max-width: 900px) 100vw, 900px\" \/><figcaption>Terenul de l\u00e2ng\u0103 fostele bataluri ale Romsuintest S.A. Peri\u0219 apare la ANCPI drep neproductiv. (Sursa: ANCPI)<\/figcaption><\/figure>\n\n\n\n<p>Asta \u00een timp ce terenul aferent fostelor gropi de dejec\u021bii ale Romsuintest S.A.,  \u00een suprafat\u0103 de 29 de hectare,  aflat acum \u00een posesia Klevek Company S.R.L., figureaz\u0103 drept arabil.   <\/p>\n\n\n\n<h2 class=\"wp-block-heading\"><strong>O pl\u00e2ngere penal\u0103 \u00een aer<\/strong><\/h2>\n\n\n\n<p>Contacta\u021bi de Buletin de Bucure\u0219ti, reprezentan\u021bii companiei au precizat c\u0103 nu au fost notifica\u021bi p\u00e2n\u0103 acum privind vreo pl\u00e2ngere penal\u0103 dar \u0219i c\u0103 o eventual\u0103 contesta\u021bie a amenzii de 24.000 de euro dispus\u0103 de Garda de Mediu \u00eenc\u0103 nu a fost decis\u0103. <\/p>\n\n\n\n<p>Red\u0103m integral, mai jos, preciz\u0103rile reprezentan\u021bilor Klevek Company S.R.L. <\/p>\n\n\n\n<blockquote class=\"wp-block-quote is-style-default is-layout-flow wp-block-quote-is-layout-flow\"><p>&#8220;Legat de solicitarea dvs, r\u0103spunsul nostru este c\u0103 acela c\u0103 nu avem informa\u021bii \u00een legatur\u0103 cu  existen\u021ba vreunui dosar penal pe rol care s\u0103 priveasc\u0103 aceast\u0103 situa\u021bie \u0219i s\u0103 implice pe Klevek Company SRL, iar cu privire la sanc\u021biunea aplicat\u0103 de Garda de Mediu ne vom exprima opinia \u00een cuprinsul eventualei c\u0103i de atac, \u00een m\u0103sura \u00een care vom decide formularea ei. <strong>Nu avem nicio informa\u021bie sau suspiciune \u00een legatur\u0103 cu autorul\/autorii (dac\u0103 exist\u0103) ac\u021biunii de incendiere.<\/strong><\/p><p>La acest moment, apreciem c\u0103 nu sunt oportune alte comentarii pe marginea subiectului rezerv\u00e2ndu-ne dreptul la replica \u00een m\u0103sura \u00een care vom aprecia util pe viitor.<\/p><cite>Nicole Boustany,&nbsp;<br>Legal Manager&#8221;<\/cite><\/blockquote>\n\n\n\n<p>\u00cen prezent, \u00een ac\u021bionariatul firmei Klevek Company S.R.L. nu mai apar cei doi libanezi,  Ihab Laoun \u0219i El Boustany Dumitru Elie, judeca\u021bi pentru evaziune, ci Miswa Laoun, o t\u00e2n\u0103r\u0103 \u00een v\u00e2rst\u0103 de 24 de ani.   <\/p>\n\n\n\n<p><em>Editor: Oana Despa<br>Surs\u0103 cover: Robert Neagu<\/em><\/p>\n","protected":false},"excerpt":{"rendered":"<p>Ministerul Mediului a anun\u021bat sanc\u021biuni de aproape 24.000 de euro iar societatea comercial\u0103 care de\u021bine o parte din terenurile care au ars a fost obligat\u0103 s\u0103 ecologizeze perimetrul p\u00e2n\u0103 la mijlocul verii. Firma a fost controlat\u0103 \u00een trecut de doi libanezi, aresta\u021bi preventiv pentru evaziune fiscal\u0103. Buletin de Bucure\u0219ti a aflat c\u0103 terenurile din imediata [&hellip;]<\/p>\n","protected":false},"author":10,"featured_media":5818,"comment_status":"closed","ping_status":"open","sticky":false,"template":"","format":"standard","meta":{"_acf_changed":false,"inline_featured_image":false,"ngg_post_thumbnail":0,"footnotes":""},"categories":[109],"tags":[850,194,341,851,819],"ppma_author":[22575],"class_list":["post-5813","post","type-post","status-publish","format-standard","has-post-thumbnail","hentry","category-mediu","tag-amenda","tag-firma","tag-incendiu","tag-klevek","tag-peris"],"acf":[],"yoast_head":"<!-- This site is optimized with the Yoast SEO Premium plugin v25.3 (Yoast SEO v27.4) - https:\/\/yoast.com\/product\/yoast-seo-premium-wordpress\/ -->\n<title>\u201cPerdeaua de fum\u201d din jurul incendiului care a poluat Capitala. 29 de hectare de l\u00e2nga fostele bataluri de la ferma de porci din Peri\u0219 apar la Cadastru cu proprietar neidendificat iar firma sanc\u021bionat\u0103 \u0219i-a deschis mai multe puncte de lucru \u00een localitate \u00een ziua incendiului - Buletin de Bucure\u0219ti<\/title>\n<meta name=\"robots\" content=\"index, follow, max-snippet:-1, max-image-preview:large, max-video-preview:-1\" \/>\n<link rel=\"canonical\" href=\"https:\/\/buletin.de\/bucuresti\/perdeaua-de-fum-din-jurul-incendiului-care-a-poluat-capitala-29-de-hectare-de-langa-fostele-bataluri-de-la-ferma-de-porci-din-peris-apar-la-cadastru-cu-proprietar-neidendificat-iar\/\" \/>\n<meta property=\"og:locale\" content=\"en_GB\" \/>\n<meta property=\"og:type\" content=\"article\" \/>\n<meta property=\"og:title\" content=\"\u201cPerdeaua de fum\u201d din jurul incendiului care a poluat Capitala. 29 de hectare de l\u00e2nga fostele bataluri de la ferma de porci din Peri\u0219 apar la Cadastru cu proprietar neidendificat iar firma sanc\u021bionat\u0103 \u0219i-a deschis mai multe puncte de lucru \u00een localitate \u00een ziua incendiului\" \/>\n<meta property=\"og:description\" content=\"Ministerul Mediului a anun\u021bat sanc\u021biuni de aproape 24.000 de euro iar societatea comercial\u0103 care de\u021bine o parte din terenurile care au ars a fost obligat\u0103 s\u0103 ecologizeze perimetrul p\u00e2n\u0103 la mijlocul verii. Firma a fost controlat\u0103 \u00een trecut de doi libanezi, aresta\u021bi preventiv pentru evaziune fiscal\u0103. Buletin de Bucure\u0219ti a aflat c\u0103 terenurile din imediata [&hellip;]\" \/>\n<meta property=\"og:url\" content=\"https:\/\/buletin.de\/bucuresti\/perdeaua-de-fum-din-jurul-incendiului-care-a-poluat-capitala-29-de-hectare-de-langa-fostele-bataluri-de-la-ferma-de-porci-din-peris-apar-la-cadastru-cu-proprietar-neidendificat-iar\/\" \/>\n<meta property=\"og:site_name\" content=\"Buletin de Bucure\u0219ti\" \/>\n<meta property=\"article:publisher\" content=\"https:\/\/www.facebook.com\/buletin.de.buc\" \/>\n<meta property=\"article:published_time\" content=\"2020-04-10T15:22:29+00:00\" \/>\n<meta property=\"article:modified_time\" content=\"2020-04-11T06:01:43+00:00\" \/>\n<meta property=\"og:image\" content=\"https:\/\/buletin.de\/bucuresti\/wp-content\/uploads\/92816861_10221532756219012_3753625761131528192_o.jpg\" \/>\n\t<meta property=\"og:image:width\" content=\"1477\" \/>\n\t<meta property=\"og:image:height\" content=\"600\" \/>\n\t<meta property=\"og:image:type\" content=\"image\/jpeg\" \/>\n<meta name=\"author\" content=\"C\u0103t\u0103lin Dosca\u0219\" \/>\n<meta name=\"twitter:card\" content=\"summary_large_image\" \/>\n<meta name=\"twitter:label1\" content=\"Written by\" \/>\n\t<meta name=\"twitter:data1\" content=\"C\u0103t\u0103lin Dosca\u0219\" \/>\n\t<meta name=\"twitter:label2\" content=\"Estimated reading time\" \/>\n\t<meta name=\"twitter:data2\" content=\"6 minutes\" \/>\n<script type=\"application\/ld+json\" class=\"yoast-schema-graph\">{\"@context\":\"https:\\\/\\\/schema.org\",\"@graph\":[{\"@type\":\"Article\",\"@id\":\"https:\\\/\\\/buletin.de\\\/bucuresti\\\/perdeaua-de-fum-din-jurul-incendiului-care-a-poluat-capitala-29-de-hectare-de-langa-fostele-bataluri-de-la-ferma-de-porci-din-peris-apar-la-cadastru-cu-proprietar-neidendificat-iar\\\/#article\",\"isPartOf\":{\"@id\":\"https:\\\/\\\/buletin.de\\\/bucuresti\\\/perdeaua-de-fum-din-jurul-incendiului-care-a-poluat-capitala-29-de-hectare-de-langa-fostele-bataluri-de-la-ferma-de-porci-din-peris-apar-la-cadastru-cu-proprietar-neidendificat-iar\\\/\"},\"author\":{\"name\":\"C\u0103t\u0103lin Dosca\u0219\",\"@id\":\"https:\\\/\\\/buletin.de\\\/bucuresti\\\/#\\\/schema\\\/person\\\/31117187ed4d0bdb0a4c7d6acc79d0f8\"},\"headline\":\"\u201cPerdeaua de fum\u201d din jurul incendiului care a poluat Capitala. 29 de hectare de l\u00e2nga fostele bataluri de la ferma de porci din Peri\u0219 apar la Cadastru cu proprietar neidendificat iar firma sanc\u021bionat\u0103 \u0219i-a deschis mai multe puncte de lucru \u00een localitate \u00een ziua incendiului\",\"datePublished\":\"2020-04-10T15:22:29+00:00\",\"dateModified\":\"2020-04-11T06:01:43+00:00\",\"mainEntityOfPage\":{\"@id\":\"https:\\\/\\\/buletin.de\\\/bucuresti\\\/perdeaua-de-fum-din-jurul-incendiului-care-a-poluat-capitala-29-de-hectare-de-langa-fostele-bataluri-de-la-ferma-de-porci-din-peris-apar-la-cadastru-cu-proprietar-neidendificat-iar\\\/\"},\"wordCount\":1278,\"publisher\":{\"@id\":\"https:\\\/\\\/buletin.de\\\/bucuresti\\\/#organization\"},\"image\":{\"@id\":\"https:\\\/\\\/buletin.de\\\/bucuresti\\\/perdeaua-de-fum-din-jurul-incendiului-care-a-poluat-capitala-29-de-hectare-de-langa-fostele-bataluri-de-la-ferma-de-porci-din-peris-apar-la-cadastru-cu-proprietar-neidendificat-iar\\\/#primaryimage\"},\"thumbnailUrl\":\"https:\\\/\\\/buletin.de\\\/bucuresti\\\/wp-content\\\/uploads\\\/92816861_10221532756219012_3753625761131528192_o.jpg\",\"keywords\":[\"amenda\",\"firma\",\"incendiu\",\"Klevek\",\"peris\"],\"articleSection\":[\"Mediu\"],\"inLanguage\":\"en-GB\",\"copyrightYear\":\"2020\",\"copyrightHolder\":{\"@id\":\"https:\\\/\\\/buletin.de\\\/bucuresti\\\/#organization\"}},{\"@type\":\"WebPage\",\"@id\":\"https:\\\/\\\/buletin.de\\\/bucuresti\\\/perdeaua-de-fum-din-jurul-incendiului-care-a-poluat-capitala-29-de-hectare-de-langa-fostele-bataluri-de-la-ferma-de-porci-din-peris-apar-la-cadastru-cu-proprietar-neidendificat-iar\\\/\",\"url\":\"https:\\\/\\\/buletin.de\\\/bucuresti\\\/perdeaua-de-fum-din-jurul-incendiului-care-a-poluat-capitala-29-de-hectare-de-langa-fostele-bataluri-de-la-ferma-de-porci-din-peris-apar-la-cadastru-cu-proprietar-neidendificat-iar\\\/\",\"name\":\"\u201cPerdeaua de fum\u201d din jurul incendiului care a poluat Capitala. 29 de hectare de l\u00e2nga fostele bataluri de la ferma de porci din Peri\u0219 apar la Cadastru cu proprietar neidendificat iar firma sanc\u021bionat\u0103 \u0219i-a deschis mai multe puncte de lucru \u00een localitate \u00een ziua incendiului - Buletin de Bucure\u0219ti\",\"isPartOf\":{\"@id\":\"https:\\\/\\\/buletin.de\\\/bucuresti\\\/#website\"},\"primaryImageOfPage\":{\"@id\":\"https:\\\/\\\/buletin.de\\\/bucuresti\\\/perdeaua-de-fum-din-jurul-incendiului-care-a-poluat-capitala-29-de-hectare-de-langa-fostele-bataluri-de-la-ferma-de-porci-din-peris-apar-la-cadastru-cu-proprietar-neidendificat-iar\\\/#primaryimage\"},\"image\":{\"@id\":\"https:\\\/\\\/buletin.de\\\/bucuresti\\\/perdeaua-de-fum-din-jurul-incendiului-care-a-poluat-capitala-29-de-hectare-de-langa-fostele-bataluri-de-la-ferma-de-porci-din-peris-apar-la-cadastru-cu-proprietar-neidendificat-iar\\\/#primaryimage\"},\"thumbnailUrl\":\"https:\\\/\\\/buletin.de\\\/bucuresti\\\/wp-content\\\/uploads\\\/92816861_10221532756219012_3753625761131528192_o.jpg\",\"datePublished\":\"2020-04-10T15:22:29+00:00\",\"dateModified\":\"2020-04-11T06:01:43+00:00\",\"breadcrumb\":{\"@id\":\"https:\\\/\\\/buletin.de\\\/bucuresti\\\/perdeaua-de-fum-din-jurul-incendiului-care-a-poluat-capitala-29-de-hectare-de-langa-fostele-bataluri-de-la-ferma-de-porci-din-peris-apar-la-cadastru-cu-proprietar-neidendificat-iar\\\/#breadcrumb\"},\"inLanguage\":\"en-GB\",\"potentialAction\":[{\"@type\":\"ReadAction\",\"target\":[\"https:\\\/\\\/buletin.de\\\/bucuresti\\\/perdeaua-de-fum-din-jurul-incendiului-care-a-poluat-capitala-29-de-hectare-de-langa-fostele-bataluri-de-la-ferma-de-porci-din-peris-apar-la-cadastru-cu-proprietar-neidendificat-iar\\\/\"]}]},{\"@type\":\"ImageObject\",\"inLanguage\":\"en-GB\",\"@id\":\"https:\\\/\\\/buletin.de\\\/bucuresti\\\/perdeaua-de-fum-din-jurul-incendiului-care-a-poluat-capitala-29-de-hectare-de-langa-fostele-bataluri-de-la-ferma-de-porci-din-peris-apar-la-cadastru-cu-proprietar-neidendificat-iar\\\/#primaryimage\",\"url\":\"https:\\\/\\\/buletin.de\\\/bucuresti\\\/wp-content\\\/uploads\\\/92816861_10221532756219012_3753625761131528192_o.jpg\",\"contentUrl\":\"https:\\\/\\\/buletin.de\\\/bucuresti\\\/wp-content\\\/uploads\\\/92816861_10221532756219012_3753625761131528192_o.jpg\",\"width\":1477,\"height\":600},{\"@type\":\"BreadcrumbList\",\"@id\":\"https:\\\/\\\/buletin.de\\\/bucuresti\\\/perdeaua-de-fum-din-jurul-incendiului-care-a-poluat-capitala-29-de-hectare-de-langa-fostele-bataluri-de-la-ferma-de-porci-din-peris-apar-la-cadastru-cu-proprietar-neidendificat-iar\\\/#breadcrumb\",\"itemListElement\":[{\"@type\":\"ListItem\",\"position\":1,\"name\":\"Acas\u0103\",\"item\":\"https:\\\/\\\/buletin.de\\\/bucuresti\\\/\"},{\"@type\":\"ListItem\",\"position\":2,\"name\":\"\u201cPerdeaua de fum\u201d din jurul incendiului care a poluat Capitala. 29 de hectare de l\u00e2nga fostele bataluri de la ferma de porci din Peri\u0219 apar la Cadastru cu proprietar neidendificat iar firma sanc\u021bionat\u0103 \u0219i-a deschis mai multe puncte de lucru \u00een localitate \u00een ziua incendiului\"}]},{\"@type\":\"WebSite\",\"@id\":\"https:\\\/\\\/buletin.de\\\/bucuresti\\\/#website\",\"url\":\"https:\\\/\\\/buletin.de\\\/bucuresti\\\/\",\"name\":\"Buletin de Bucure\u0219ti\",\"description\":\"\u0218tiri \u0219i investiga\u021bii esen\u021biale din capital\u0103\",\"publisher\":{\"@id\":\"https:\\\/\\\/buletin.de\\\/bucuresti\\\/#organization\"},\"potentialAction\":[{\"@type\":\"SearchAction\",\"target\":{\"@type\":\"EntryPoint\",\"urlTemplate\":\"https:\\\/\\\/buletin.de\\\/bucuresti\\\/?s={search_term_string}\"},\"query-input\":{\"@type\":\"PropertyValueSpecification\",\"valueRequired\":true,\"valueName\":\"search_term_string\"}}],\"inLanguage\":\"en-GB\"},{\"@type\":\"Organization\",\"@id\":\"https:\\\/\\\/buletin.de\\\/bucuresti\\\/#organization\",\"name\":\"Buletin de Bucure\u0219ti\",\"url\":\"https:\\\/\\\/buletin.de\\\/bucuresti\\\/\",\"logo\":{\"@type\":\"ImageObject\",\"inLanguage\":\"en-GB\",\"@id\":\"https:\\\/\\\/buletin.de\\\/bucuresti\\\/#\\\/schema\\\/logo\\\/image\\\/\",\"url\":\"https:\\\/\\\/buletin.de\\\/bucuresti\\\/wp-content\\\/uploads\\\/logo-bdb-full-wide-vernil-transparent.png\",\"contentUrl\":\"https:\\\/\\\/buletin.de\\\/bucuresti\\\/wp-content\\\/uploads\\\/logo-bdb-full-wide-vernil-transparent.png\",\"width\":1782,\"height\":626,\"caption\":\"Buletin de Bucure\u0219ti\"},\"image\":{\"@id\":\"https:\\\/\\\/buletin.de\\\/bucuresti\\\/#\\\/schema\\\/logo\\\/image\\\/\"},\"sameAs\":[\"https:\\\/\\\/www.facebook.com\\\/buletin.de.buc\",\"https:\\\/\\\/www.instagram.com\\\/buletinde.bucuresti\\\/\"]},{\"@type\":\"Person\",\"@id\":\"https:\\\/\\\/buletin.de\\\/bucuresti\\\/#\\\/schema\\\/person\\\/31117187ed4d0bdb0a4c7d6acc79d0f8\",\"name\":\"C\u0103t\u0103lin Dosca\u0219\",\"image\":{\"@type\":\"ImageObject\",\"inLanguage\":\"en-GB\",\"@id\":\"https:\\\/\\\/buletin.de\\\/bucuresti\\\/wp-content\\\/uploads\\\/Catalin-Doscas-e1732731064764-96x96.jpga93e2943bb3b1c1f9ead823df6e6317a\",\"url\":\"https:\\\/\\\/buletin.de\\\/bucuresti\\\/wp-content\\\/uploads\\\/Catalin-Doscas-e1732731064764-96x96.jpg\",\"contentUrl\":\"https:\\\/\\\/buletin.de\\\/bucuresti\\\/wp-content\\\/uploads\\\/Catalin-Doscas-e1732731064764-96x96.jpg\",\"caption\":\"C\u0103t\u0103lin Dosca\u0219\"},\"description\":\"Reporter \u0219i redactor-\u0219ef Buletin de Bucure\u0219ti. Lucreaz\u0103 \u00een mass-media de la v\u00e2rsta de 15 ani, c\u00e2nd a publicat primele articole \u00een presa local\u0103 din Tecuci. \u00cen Bucure\u0219ti a lucrat \u00een redac\u021bii radio ca reporter, redactor \u0219i prezentator (StudentFM, Na\u021bionalFM, Radio Total, Smart FM), unde a acoperit domeniile politic, economic, social \u0219i externe. Ulterior, a fost editor-coordonator al postului Realitatea FM. Experien\u021ba \u00een jurnalismul online a dob\u00e2ndit-o la portalul B365.ro, unde a fost editor. \u00cen 2012 s-a angajat \u00een televiziune. La Realitatea TV a fost, pe r\u00e2nd, reporter la sec\u021bia Social, reporter special la emisiunea de reportaje \u0219i anchete \u201eReporterii Realit\u0103\u021bii\u201d, dar \u0219i editor al jurnalelor de \u0219tiri. Ulterior, a f\u0103cut parte din sec\u021bia de Investiga\u021bii de la Digi24 \u0219i a lucrat la campania \u201eRom\u00e2nia furat\u0103\u201d. A revenit \u00een presa scris\u0103 \u00een 2017, ca reporter special, \u00een cadrul unui proiect de repozi\u021bionare a tabloidului Libertatea \u00een cotidian generalist. Este jurnalist Buletin de Bucure\u0219ti din 2019.\",\"url\":\"https:\\\/\\\/buletin.de\\\/bucuresti\\\/author\\\/catalin\\\/\"}]}<\/script>\n<!-- \/ Yoast SEO Premium plugin. -->","yoast_head_json":{"title":"\u201cPerdeaua de fum\u201d din jurul incendiului care a poluat Capitala. 29 de hectare de l\u00e2nga fostele bataluri de la ferma de porci din Peri\u0219 apar la Cadastru cu proprietar neidendificat iar firma sanc\u021bionat\u0103 \u0219i-a deschis mai multe puncte de lucru \u00een localitate \u00een ziua incendiului - Buletin de Bucure\u0219ti","robots":{"index":"index","follow":"follow","max-snippet":"max-snippet:-1","max-image-preview":"max-image-preview:large","max-video-preview":"max-video-preview:-1"},"canonical":"https:\/\/buletin.de\/bucuresti\/perdeaua-de-fum-din-jurul-incendiului-care-a-poluat-capitala-29-de-hectare-de-langa-fostele-bataluri-de-la-ferma-de-porci-din-peris-apar-la-cadastru-cu-proprietar-neidendificat-iar\/","og_locale":"en_GB","og_type":"article","og_title":"\u201cPerdeaua de fum\u201d din jurul incendiului care a poluat Capitala. 29 de hectare de l\u00e2nga fostele bataluri de la ferma de porci din Peri\u0219 apar la Cadastru cu proprietar neidendificat iar firma sanc\u021bionat\u0103 \u0219i-a deschis mai multe puncte de lucru \u00een localitate \u00een ziua incendiului","og_description":"Ministerul Mediului a anun\u021bat sanc\u021biuni de aproape 24.000 de euro iar societatea comercial\u0103 care de\u021bine o parte din terenurile care au ars a fost obligat\u0103 s\u0103 ecologizeze perimetrul p\u00e2n\u0103 la mijlocul verii. Firma a fost controlat\u0103 \u00een trecut de doi libanezi, aresta\u021bi preventiv pentru evaziune fiscal\u0103. Buletin de Bucure\u0219ti a aflat c\u0103 terenurile din imediata [&hellip;]","og_url":"https:\/\/buletin.de\/bucuresti\/perdeaua-de-fum-din-jurul-incendiului-care-a-poluat-capitala-29-de-hectare-de-langa-fostele-bataluri-de-la-ferma-de-porci-din-peris-apar-la-cadastru-cu-proprietar-neidendificat-iar\/","og_site_name":"Buletin de Bucure\u0219ti","article_publisher":"https:\/\/www.facebook.com\/buletin.de.buc","article_published_time":"2020-04-10T15:22:29+00:00","article_modified_time":"2020-04-11T06:01:43+00:00","og_image":[{"width":1477,"height":600,"url":"https:\/\/buletin.de\/bucuresti\/wp-content\/uploads\/92816861_10221532756219012_3753625761131528192_o.jpg","type":"image\/jpeg"}],"author":"C\u0103t\u0103lin Dosca\u0219","twitter_card":"summary_large_image","twitter_misc":{"Written by":"C\u0103t\u0103lin Dosca\u0219","Estimated reading time":"6 minutes"},"schema":{"@context":"https:\/\/schema.org","@graph":[{"@type":"Article","@id":"https:\/\/buletin.de\/bucuresti\/perdeaua-de-fum-din-jurul-incendiului-care-a-poluat-capitala-29-de-hectare-de-langa-fostele-bataluri-de-la-ferma-de-porci-din-peris-apar-la-cadastru-cu-proprietar-neidendificat-iar\/#article","isPartOf":{"@id":"https:\/\/buletin.de\/bucuresti\/perdeaua-de-fum-din-jurul-incendiului-care-a-poluat-capitala-29-de-hectare-de-langa-fostele-bataluri-de-la-ferma-de-porci-din-peris-apar-la-cadastru-cu-proprietar-neidendificat-iar\/"},"author":{"name":"C\u0103t\u0103lin Dosca\u0219","@id":"https:\/\/buletin.de\/bucuresti\/#\/schema\/person\/31117187ed4d0bdb0a4c7d6acc79d0f8"},"headline":"\u201cPerdeaua de fum\u201d din jurul incendiului care a poluat Capitala. 29 de hectare de l\u00e2nga fostele bataluri de la ferma de porci din Peri\u0219 apar la Cadastru cu proprietar neidendificat iar firma sanc\u021bionat\u0103 \u0219i-a deschis mai multe puncte de lucru \u00een localitate \u00een ziua incendiului","datePublished":"2020-04-10T15:22:29+00:00","dateModified":"2020-04-11T06:01:43+00:00","mainEntityOfPage":{"@id":"https:\/\/buletin.de\/bucuresti\/perdeaua-de-fum-din-jurul-incendiului-care-a-poluat-capitala-29-de-hectare-de-langa-fostele-bataluri-de-la-ferma-de-porci-din-peris-apar-la-cadastru-cu-proprietar-neidendificat-iar\/"},"wordCount":1278,"publisher":{"@id":"https:\/\/buletin.de\/bucuresti\/#organization"},"image":{"@id":"https:\/\/buletin.de\/bucuresti\/perdeaua-de-fum-din-jurul-incendiului-care-a-poluat-capitala-29-de-hectare-de-langa-fostele-bataluri-de-la-ferma-de-porci-din-peris-apar-la-cadastru-cu-proprietar-neidendificat-iar\/#primaryimage"},"thumbnailUrl":"https:\/\/buletin.de\/bucuresti\/wp-content\/uploads\/92816861_10221532756219012_3753625761131528192_o.jpg","keywords":["amenda","firma","incendiu","Klevek","peris"],"articleSection":["Mediu"],"inLanguage":"en-GB","copyrightYear":"2020","copyrightHolder":{"@id":"https:\/\/buletin.de\/bucuresti\/#organization"}},{"@type":"WebPage","@id":"https:\/\/buletin.de\/bucuresti\/perdeaua-de-fum-din-jurul-incendiului-care-a-poluat-capitala-29-de-hectare-de-langa-fostele-bataluri-de-la-ferma-de-porci-din-peris-apar-la-cadastru-cu-proprietar-neidendificat-iar\/","url":"https:\/\/buletin.de\/bucuresti\/perdeaua-de-fum-din-jurul-incendiului-care-a-poluat-capitala-29-de-hectare-de-langa-fostele-bataluri-de-la-ferma-de-porci-din-peris-apar-la-cadastru-cu-proprietar-neidendificat-iar\/","name":"\u201cPerdeaua de fum\u201d din jurul incendiului care a poluat Capitala. 29 de hectare de l\u00e2nga fostele bataluri de la ferma de porci din Peri\u0219 apar la Cadastru cu proprietar neidendificat iar firma sanc\u021bionat\u0103 \u0219i-a deschis mai multe puncte de lucru \u00een localitate \u00een ziua incendiului - Buletin de Bucure\u0219ti","isPartOf":{"@id":"https:\/\/buletin.de\/bucuresti\/#website"},"primaryImageOfPage":{"@id":"https:\/\/buletin.de\/bucuresti\/perdeaua-de-fum-din-jurul-incendiului-care-a-poluat-capitala-29-de-hectare-de-langa-fostele-bataluri-de-la-ferma-de-porci-din-peris-apar-la-cadastru-cu-proprietar-neidendificat-iar\/#primaryimage"},"image":{"@id":"https:\/\/buletin.de\/bucuresti\/perdeaua-de-fum-din-jurul-incendiului-care-a-poluat-capitala-29-de-hectare-de-langa-fostele-bataluri-de-la-ferma-de-porci-din-peris-apar-la-cadastru-cu-proprietar-neidendificat-iar\/#primaryimage"},"thumbnailUrl":"https:\/\/buletin.de\/bucuresti\/wp-content\/uploads\/92816861_10221532756219012_3753625761131528192_o.jpg","datePublished":"2020-04-10T15:22:29+00:00","dateModified":"2020-04-11T06:01:43+00:00","breadcrumb":{"@id":"https:\/\/buletin.de\/bucuresti\/perdeaua-de-fum-din-jurul-incendiului-care-a-poluat-capitala-29-de-hectare-de-langa-fostele-bataluri-de-la-ferma-de-porci-din-peris-apar-la-cadastru-cu-proprietar-neidendificat-iar\/#breadcrumb"},"inLanguage":"en-GB","potentialAction":[{"@type":"ReadAction","target":["https:\/\/buletin.de\/bucuresti\/perdeaua-de-fum-din-jurul-incendiului-care-a-poluat-capitala-29-de-hectare-de-langa-fostele-bataluri-de-la-ferma-de-porci-din-peris-apar-la-cadastru-cu-proprietar-neidendificat-iar\/"]}]},{"@type":"ImageObject","inLanguage":"en-GB","@id":"https:\/\/buletin.de\/bucuresti\/perdeaua-de-fum-din-jurul-incendiului-care-a-poluat-capitala-29-de-hectare-de-langa-fostele-bataluri-de-la-ferma-de-porci-din-peris-apar-la-cadastru-cu-proprietar-neidendificat-iar\/#primaryimage","url":"https:\/\/buletin.de\/bucuresti\/wp-content\/uploads\/92816861_10221532756219012_3753625761131528192_o.jpg","contentUrl":"https:\/\/buletin.de\/bucuresti\/wp-content\/uploads\/92816861_10221532756219012_3753625761131528192_o.jpg","width":1477,"height":600},{"@type":"BreadcrumbList","@id":"https:\/\/buletin.de\/bucuresti\/perdeaua-de-fum-din-jurul-incendiului-care-a-poluat-capitala-29-de-hectare-de-langa-fostele-bataluri-de-la-ferma-de-porci-din-peris-apar-la-cadastru-cu-proprietar-neidendificat-iar\/#breadcrumb","itemListElement":[{"@type":"ListItem","position":1,"name":"Acas\u0103","item":"https:\/\/buletin.de\/bucuresti\/"},{"@type":"ListItem","position":2,"name":"\u201cPerdeaua de fum\u201d din jurul incendiului care a poluat Capitala. 29 de hectare de l\u00e2nga fostele bataluri de la ferma de porci din Peri\u0219 apar la Cadastru cu proprietar neidendificat iar firma sanc\u021bionat\u0103 \u0219i-a deschis mai multe puncte de lucru \u00een localitate \u00een ziua incendiului"}]},{"@type":"WebSite","@id":"https:\/\/buletin.de\/bucuresti\/#website","url":"https:\/\/buletin.de\/bucuresti\/","name":"Buletin de Bucure\u0219ti","description":"\u0218tiri \u0219i investiga\u021bii esen\u021biale din capital\u0103","publisher":{"@id":"https:\/\/buletin.de\/bucuresti\/#organization"},"potentialAction":[{"@type":"SearchAction","target":{"@type":"EntryPoint","urlTemplate":"https:\/\/buletin.de\/bucuresti\/?s={search_term_string}"},"query-input":{"@type":"PropertyValueSpecification","valueRequired":true,"valueName":"search_term_string"}}],"inLanguage":"en-GB"},{"@type":"Organization","@id":"https:\/\/buletin.de\/bucuresti\/#organization","name":"Buletin de Bucure\u0219ti","url":"https:\/\/buletin.de\/bucuresti\/","logo":{"@type":"ImageObject","inLanguage":"en-GB","@id":"https:\/\/buletin.de\/bucuresti\/#\/schema\/logo\/image\/","url":"https:\/\/buletin.de\/bucuresti\/wp-content\/uploads\/logo-bdb-full-wide-vernil-transparent.png","contentUrl":"https:\/\/buletin.de\/bucuresti\/wp-content\/uploads\/logo-bdb-full-wide-vernil-transparent.png","width":1782,"height":626,"caption":"Buletin de Bucure\u0219ti"},"image":{"@id":"https:\/\/buletin.de\/bucuresti\/#\/schema\/logo\/image\/"},"sameAs":["https:\/\/www.facebook.com\/buletin.de.buc","https:\/\/www.instagram.com\/buletinde.bucuresti\/"]},{"@type":"Person","@id":"https:\/\/buletin.de\/bucuresti\/#\/schema\/person\/31117187ed4d0bdb0a4c7d6acc79d0f8","name":"C\u0103t\u0103lin Dosca\u0219","image":{"@type":"ImageObject","inLanguage":"en-GB","@id":"https:\/\/buletin.de\/bucuresti\/wp-content\/uploads\/Catalin-Doscas-e1732731064764-96x96.jpga93e2943bb3b1c1f9ead823df6e6317a","url":"https:\/\/buletin.de\/bucuresti\/wp-content\/uploads\/Catalin-Doscas-e1732731064764-96x96.jpg","contentUrl":"https:\/\/buletin.de\/bucuresti\/wp-content\/uploads\/Catalin-Doscas-e1732731064764-96x96.jpg","caption":"C\u0103t\u0103lin Dosca\u0219"},"description":"Reporter \u0219i redactor-\u0219ef Buletin de Bucure\u0219ti. Lucreaz\u0103 \u00een mass-media de la v\u00e2rsta de 15 ani, c\u00e2nd a publicat primele articole \u00een presa local\u0103 din Tecuci. \u00cen Bucure\u0219ti a lucrat \u00een redac\u021bii radio ca reporter, redactor \u0219i prezentator (StudentFM, Na\u021bionalFM, Radio Total, Smart FM), unde a acoperit domeniile politic, economic, social \u0219i externe. Ulterior, a fost editor-coordonator al postului Realitatea FM. Experien\u021ba \u00een jurnalismul online a dob\u00e2ndit-o la portalul B365.ro, unde a fost editor. \u00cen 2012 s-a angajat \u00een televiziune. La Realitatea TV a fost, pe r\u00e2nd, reporter la sec\u021bia Social, reporter special la emisiunea de reportaje \u0219i anchete \u201eReporterii Realit\u0103\u021bii\u201d, dar \u0219i editor al jurnalelor de \u0219tiri. Ulterior, a f\u0103cut parte din sec\u021bia de Investiga\u021bii de la Digi24 \u0219i a lucrat la campania \u201eRom\u00e2nia furat\u0103\u201d. A revenit \u00een presa scris\u0103 \u00een 2017, ca reporter special, \u00een cadrul unui proiect de repozi\u021bionare a tabloidului Libertatea \u00een cotidian generalist. Este jurnalist Buletin de Bucure\u0219ti din 2019.","url":"https:\/\/buletin.de\/bucuresti\/author\/catalin\/"}]}},"authors":[{"term_id":22575,"user_id":10,"is_guest":0,"slug":"catalin","display_name":"C\u0103t\u0103lin Dosca\u0219","avatar_url":"https:\/\/buletin.de\/bucuresti\/wp-content\/uploads\/Catalin-Doscas-e1732731064764-96x96.jpg","0":null,"1":"","2":"","3":"","4":"","5":"","6":"","7":"","8":""}],"_links":{"self":[{"href":"https:\/\/buletin.de\/bucuresti\/wp-json\/wp\/v2\/posts\/5813","targetHints":{"allow":["GET"]}}],"collection":[{"href":"https:\/\/buletin.de\/bucuresti\/wp-json\/wp\/v2\/posts"}],"about":[{"href":"https:\/\/buletin.de\/bucuresti\/wp-json\/wp\/v2\/types\/post"}],"author":[{"embeddable":true,"href":"https:\/\/buletin.de\/bucuresti\/wp-json\/wp\/v2\/users\/10"}],"replies":[{"embeddable":true,"href":"https:\/\/buletin.de\/bucuresti\/wp-json\/wp\/v2\/comments?post=5813"}],"version-history":[{"count":28,"href":"https:\/\/buletin.de\/bucuresti\/wp-json\/wp\/v2\/posts\/5813\/revisions"}],"predecessor-version":[{"id":5858,"href":"https:\/\/buletin.de\/bucuresti\/wp-json\/wp\/v2\/posts\/5813\/revisions\/5858"}],"wp:featuredmedia":[{"embeddable":true,"href":"https:\/\/buletin.de\/bucuresti\/wp-json\/wp\/v2\/media\/5818"}],"wp:attachment":[{"href":"https:\/\/buletin.de\/bucuresti\/wp-json\/wp\/v2\/media?parent=5813"}],"wp:term":[{"taxonomy":"category","embeddable":true,"href":"https:\/\/buletin.de\/bucuresti\/wp-json\/wp\/v2\/categories?post=5813"},{"taxonomy":"post_tag","embeddable":true,"href":"https:\/\/buletin.de\/bucuresti\/wp-json\/wp\/v2\/tags?post=5813"},{"taxonomy":"author","embeddable":true,"href":"https:\/\/buletin.de\/bucuresti\/wp-json\/wp\/v2\/ppma_author?post=5813"}],"curies":[{"name":"wp","href":"https:\/\/api.w.org\/{rel}","templated":true}]}}