{"id":58059,"date":"2023-04-28T14:40:03","date_gmt":"2023-04-28T12:40:03","guid":{"rendered":"https:\/\/buletin.de\/bucuresti\/?p=58059"},"modified":"2023-04-28T14:50:19","modified_gmt":"2023-04-28T12:50:19","slug":"graphs-ro-harta-spagii-unul-din-trei-pacienti-caruia-i-s-a-cerut-mita-in-2022-a-fost-la-un-spital-din-bucuresti","status":"publish","type":"post","link":"https:\/\/buletin.de\/bucuresti\/graphs-ro-harta-spagii-unul-din-trei-pacienti-caruia-i-s-a-cerut-mita-in-2022-a-fost-la-un-spital-din-bucuresti\/","title":{"rendered":"Graphs.ro &#8211; Harta \u0218p\u0103gii. Unul din trei pacien\u021bi c\u0103ruia i s-a cerut mit\u0103 \u00een 2022 a fost la un spital din Bucure\u0219ti"},"content":{"rendered":"\n<p>\u00cen ultimele 24 de luni, 3.314 oameni au spus c\u0103 li s-a cerut mit\u0103 doar \u00een Bucure\u0219ti, iar totalul na\u021bional de oameni c\u0103rora li s-a cerut mit\u0103 \u00een spitale este de 11.063 oameni.\u00a0Datele apar \u00eentr-o nou\u0103 platform\u0103 implementat\u0103 de <a href=\"https:\/\/www.graphs.ro\/feed_auto_spital.php?spital_id=64&amp;q=9\">Graphs.ro &#8211; Mecanismul de feedback al pacientului<\/a> \u0219i care agregheaz\u0103 \u00eentr-o form\u0103 accesibil\u0103 oricui, datele colectate de Ministerul S\u0103n\u0103t\u0103\u021bii de la pacien\u021bii interna\u021bi din spitalele din Bucure\u0219ti \u0219i \u00eentreaga \u021bar\u0103, prin mecanismul de feedback al pacientului, <\/p>\n\n\n\n<p>Cu ajutorul acestui site, rom\u00e2nii pot s\u0103 analizeze \u201eHarta Sp\u0103gii\u201d, adic\u0103 procentul de pacien\u021bi c\u0103rora le-a fost cerut\u0103 \u201e\u0219pag\u0103\u201d din fiecare jude\u021b, \u0219i multe alte date relevante.&nbsp;<\/p>\n\n\n\n<h2 class=\"wp-block-heading\">Spitalele din Bucure\u0219ti<\/h2>\n\n\n\n<p>Redac\u021bia Buletin de Bucure\u0219ti a analizat datele pentru \u0219ase spitale din Bucure\u0219ti. Analiza vizeaz\u0103 ultimele 24 de luni comparat\u0103 cu o perioad\u0103 de timp asem\u0103n\u0103toare din trecut, \u00een limita datelor existente, pentru a vedea dac\u0103 s-a \u00eenregistrat vreo schimbare. <\/p>\n\n\n\n<p>Unele dintre spitale au date din 2017, unele au doar mai recente, \u0219i exist\u0103 de asemenea \u0219i lipsuri, fie de o lun\u0103 \u00eentreag\u0103, fie doar c\u00e2teva zile sporadice. Toate aceste variabile pot fi observate foarte u\u0219or cu ajutorului site-ului.&nbsp;De asemenea, am ales s\u0103 nu folosim datele din 2020, din cauza contextului complicat al sistemului medical din acea perioad\u0103. <\/p>\n\n\n\n<p>Concret, \u00een ultimele 24 de luni, 3.314 oameni au spus c\u0103 li s-a cerut mit\u0103 doar \u00een Bucure\u0219ti, iar totalul na\u021bional de oameni c\u0103rora li s-a cerut mit\u0103 \u00een spitale este de 11.063 oameni.&nbsp;<\/p>\n\n\n\n<p><strong>Institutul Clinic Fundeni<\/strong><\/p>\n\n\n\n<p>Ultimele 24 de luni : 201 de persoane au spus c\u0103 li s-a cerut mit\u0103, dintr-un num\u0103r total de 14.869 responden\u021bi. Procent: 1.35%<\/p>\n\n\n\n<p>\u00cen perioada aproximativ\u0103 2017 &#8211; 2019, pe parcursul a tot 24 de luni, 329 de persoane au spus c\u0103 li s-a cerut mit\u0103, dintr-un num\u0103r total de 15.407 responden\u021bi. Procent: 2.14%<\/p>\n\n\n\n<p><strong>Institutul de Pneumoftiziologie \u201eMarius Nasta\u201d<\/strong><\/p>\n\n\n\n<p>Ultimele 24 de luni : 79 de persoane au spus c\u0103 li s-a cerut mit\u0103, dintr-un num\u0103r total de 7.469 responden\u021bi. Procent: 1.06%<\/p>\n\n\n\n<p>\u00cen perioada aproximativ\u0103 2017 &#8211; 2019, pe parcursul a tot 24 de luni, 59 de persoane au spus c\u0103 li s-a cerut mit\u0103, dintr-un num\u0103r total de 2.313 responden\u021bi. Procent: 2.55%<\/p>\n\n\n\n<p><strong>Spitalul clinic &#8220;Dr. Victor Babes&#8221;&nbsp;<\/strong><\/p>\n\n\n\n<p>Ultimele 24 de luni : 61 de persoane au spus c\u0103 li s-a cerut mit\u0103, dintr-un num\u0103r total de 7.412 responden\u021bi. Procent: 0.82%<\/p>\n\n\n\n<p>\u00cen perioada aproximativ\u0103 2017 &#8211; 2019, pe parcursul a tot 24 de luni, 175 de persoane au spus c\u0103 li s-a cerut mit\u0103, dintr-un num\u0103r total de 6.672 responden\u021bi. Procent: 2.62%<\/p>\n\n\n\n<p><strong>Spitalul Clinic Nicolae Malaxa<\/strong><\/p>\n\n\n\n<p>Ultimele 12 de luni : 16 de persoane au spus c\u0103 li s-a cerut mit\u0103, dintr-un num\u0103r total de 1.266 responden\u021bi. Procent: 1.26%<\/p>\n\n\n\n<p>\u00cen perioada aproximativ\u0103 2018-2019, pe parcursul a tot 12 de luni, 56 de persoane au spus c\u0103 li s-a cerut mit\u0103, dintr-un num\u0103r total de 1.788 responden\u021bi. Procent: 3.13%<\/p>\n\n\n\n<p><strong>Institutul Oncologic Bucure\u0219ti Profesor Doctor Alexandru Trestioreanu<\/strong><\/p>\n\n\n\n<p>Ultimele 24 de luni : 118 de persoane au spus c\u0103 li s-a cerut mit\u0103, dintr-un num\u0103r total de 5.518 responden\u021bi. Procent: 2.14%<\/p>\n\n\n\n<p>\u00cen perioada<strong> <\/strong>2019, pe parcursul a<strong> <\/strong>12 luni, 136 de persoane au spus c\u0103 li s-a cerut mit\u0103, dintr-un num\u0103r total de 3.209 responden\u021bi. Procent: 4.24%<\/p>\n\n\n\n<p><strong>Spitalul Clinic De Urgen\u021b\u0103 Floreasca<\/strong><\/p>\n\n\n\n<p>Ultimele 24 de luni : 142 de persoane au spus c\u0103 li s-a cerut mit\u0103, dintr-un num\u0103r total de 4.493 responden\u021bi. Procent: 3.16%<\/p>\n\n\n\n<p>2017-2020: nu exist\u0103 date.<\/p>\n\n\n\n<p><\/p>\n\n\n\n<h2 class=\"wp-block-heading\">Ce este <em>mecanismul de feedback al pacientului<\/em><\/h2>\n\n\n\n<p>Ministerul S\u0103n\u0103t\u0103\u021bii a implementat \u00een 2016 mecanismul de feeedback al pacientului. Acest lucru const\u0103 \u00een punerea la dispozi\u021bie a unui chestionar&nbsp; pacien\u021bilor care au fost interna\u021bi \u00een spitalele din Rom\u00e2nia, fie c\u0103 a fost internare de o zi sau spitalizare continu\u0103. Conform ordinului emis, scopul acestui mecanism este de a monitoriza \u0219i combate corup\u021bia din spitale:<\/p>\n\n\n\n<p>\u201eConsolidarea integrit\u0103\u0163ii, reducerea vulnerabilit\u0103\u0163ilor \u015fi a riscurilor de corup\u0163ie \u00een sectoare \u015fi domenii de activitate prioritare, Obiectiv specific 3.1. &#8211; Cre\u015fterea integrit\u0103\u0163ii, reducerea vulnerabilit\u0103\u0163ilor \u015fi a riscurilor de corup\u0163ie \u00een sistemul public de s\u0103n\u0103tate\u201d<\/p>\n\n\n\n<p>Chestionarul de feedback este compus din 10 \u00eentreb\u0103ri cu r\u0103spunsuri \u00eenchise \u0219i este trimis pacien\u021bilor prin SMS sau e-mail dup\u0103 ce s-au externat. Aceste \u00eentreb\u0103ri au ca scop monitorizarea serviciilor oferite de spitalele din Rom\u00e2nia, acoperind o gam\u0103 mai larg\u0103 de factori. Primele \u00eentreb\u0103ri vizeaz\u0103 satisfac\u021bia oamenilor cu calitatea serviciilor oferite de spital \u0219i cur\u0103\u021benia din spitale. Apoi, acestea se concentreaz\u0103 pe presta\u021bia medicilor \u0219i a asistentelor, incluz\u00e2nd claritatea explica\u021biilor primite cu privire la diagnostic \u0219i tratament, dar \u0219i dac\u0103 pacientul a fost nevoit s\u0103 cumpere medicamente pentru tratamentul lui.&nbsp;<\/p>\n\n\n\n<p>Ultimele \u00eentreb\u0103ri se concentreaz\u0103 pe \u201eproblema \u0219p\u0103gii\u201d din spitale: \u201eVi s-au solicitat bani sau aten\u021bii de c\u0103tre medici sau asistente?\u201d. Ultima \u00eentrebare faciliteaz\u0103 posibilitatea pacientului de a depune pl\u00e2ngere \u00eempotriva medicilor \u0219i a asistentelor care au cerut <em>\u0219pag\u0103<\/em>, \u00eentreb\u00e2ndu-l dac\u0103 vrea s\u0103 depun\u0103 pl\u00e2ngere. \u00cen cazul \u00een care pacientul dore\u0219te acest lucru, conform ordinului emis de Ministerul S\u0103n\u0103t\u0103\u021bii prin care implementa acest mecanism, persoana ar trebui s\u0103 fie contactat\u0103 de un reprezentant care o s\u0103 solicite mai multe informa\u021bii pentru a demara o anchet\u0103.<\/p>\n\n\n\n<h2 class=\"wp-block-heading\">Cum func\u021bioneaz\u0103 <em>Harta \u0218p\u0103gii<\/em><\/h2>\n\n\n\n<p>Datele colectate de Ministerul S\u0103n\u0103t\u0103\u021bii \u00een urma r\u0103spunsurilor primite sunt publice, iar tot procesul este anonimizat. Acestea sunt postate pe <a href=\"https:\/\/data.gov.ro\/organization\/ms\">data.gov.ro<\/a>, \u00een format de excel, pentru fiecare lun\u0103.&nbsp;<\/p>\n\n\n\n<p>Site-ul <a href=\"https:\/\/www.graphs.ro\/feed_auto_judet_harta.php?q=9\">Graphs.ro<\/a> adun\u0103 toate aceste date \u0219i le transpune \u00eentr-un format vizual. Astfel, pe l\u00e2ng\u0103 toate celelalte informa\u021bii despre cur\u0103\u021benia din spitale sau activitatea medicilor, pe site se poate g\u0103si \u0219i <em>Harta \u0218p\u0103gii<\/em> din Rom\u00e2nia, realizat\u0103 \u00een func\u021bie de procentul r\u0103spunsurilor de \u201eDa\u201d din num\u0103rul total de r\u0103spunsuri la \u00eentrebarea care vizeaz\u0103 solicitarea de bani sau aten\u021bii de c\u0103tre medici sau asistente.&nbsp;<\/p>\n\n\n<p><iframe src=\"https:\/\/www.graphs.ro\/feed_auto_embed.php?embed=feed_auto_judet_harta&amp;q=9\" style=\"width:100%;border:none;overflow:hidden;\" scrolling=\"no\" height=\"800\" frameborder=\"0\"><\/iframe><\/p>\n\n\n\n<p>Pe l\u00e2ng\u0103 harta efectiv\u0103, vizitatorii site-ului pot s\u0103 vad\u0103 informa\u021biile \u00een diverse moduri, precum un <a href=\"https:\/\/www.graphs.ro\/feed_auto_tabel.php?q=9\">tabel al jude\u021belor<\/a> cu procentul aferent. \u00cen tabel se poate observa \u0219i num\u0103rul total de \u201eDa\u201d uri \u0219i de \u201eNu\u201d-uri din care procentul a fost calculat, \u0219i luna pentru care calculul a fost f\u0103cut. Exist\u0103 \u0219i varianta de a alege ultimele 6, 12, 24 de luni, pentru o imagine de ansamblu.&nbsp;<\/p>\n\n\n\n<h2 class=\"wp-block-heading\">Ce trebuie avut \u00een vedere la analiza \u201eh\u0103r\u021bii\u201d, Bucure\u0219ti \u0219i Ilfov<\/h2>\n\n\n\n<p>Procentul \u201e\u0218p\u0103gii\u201d variaz\u0103 \u00een func\u021bie de num\u0103rul total de r\u0103spunsuri primite. De exemplu, \u00een timp ce \u00een Ilfov procentele vor fi mai ridicate, conform c\u0103rora aproximativ 4-5% dintre pacien\u021bi au spus c\u0103 li s-a cerut mit\u0103, num\u0103rul total al celor care au zis \u201eDa\u201d este \u00een medie de 4-5 pe lun\u0103. Procentul ridicat este influen\u021bat \u0219i de num\u0103rul total de r\u0103spunsuri primite \u00een fiecare lun\u0103, care trece doar u\u0219or de 100 de r\u0103spunsuri.&nbsp;<\/p>\n\n\n\n<p>Astfel, \u00een luna martie a anului 2023, jude\u021bul care se afl\u0103 \u201epe primul loc\u201d la cerut mit\u0103, cu un procent de 8.11% este Teleorman, \u00eens\u0103 acest procent rezult\u0103 din urma a doar 15 pacien\u021bi care au spus c\u0103 li s-a cerut mit\u0103, dintr-un num\u0103r total de 185 de responden\u021bi.<\/p>\n\n\n\n<p>\u00cen Bucure\u0219ti, \u00een schimb, num\u0103rul total de r\u0103spunsuri la chestionar primite lunar se \u00eenv\u00e2rte \u00een jur de 9.000, din care \u201eDa\u201d-urile formeaz\u0103 \u00een jur de 100-150 pe lun\u0103, chiar \u0219i mai mult. Procentele lunare ale celor care au recunoscut c\u0103 li s-a cerut mit\u0103 nu vor trece, astfel, de 2%.&nbsp;<\/p>\n\n\n\n<p>La acestea variabile se adaug\u0103 posibilitatea pacientului de a r\u0103spunde la chestionar, motiva\u021bia lui de a o face, \u0219i dac\u0103 spitalele din zona lui au sau nu implementat acest mecanism.&nbsp;<\/p>\n\n\n\n<p>Mai mult dec\u00e2t at\u00e2t, sociologul Gelu Duminic\u0103 a subliniat faptul c\u0103 categoria pe care acest chestionar o omite este cea a oamenilor care vor \u0219i cred c\u0103 trebuie s\u0103 dea <em>\u0219pag\u0103<\/em>:<\/p>\n\n\n\n<p>\u201eOamenii \u00een general nu spun c\u0103 dau \u0219pag\u0103. Sunt dou\u0103 situa\u021bii: pacientul alearg\u0103 dup\u0103 doctor s\u0103 \u00eei bage \u00een buzunar, de team\u0103 c\u0103 nu va fi tratat bine \u0219i a doua situa\u021bie e c\u00e2nd medicul cere el \u00eensu\u0219i, cu mentalitatea: eu sunt Dumnezeu, tu ai venit la Dumnezeu, trebuie s\u0103 dai o ofrand\u0103 (&#8230;) Nu trebuie s\u0103 ne uit\u0103m doar c\u0103tre medici, ci s\u0103 ne uit\u0103m \u0219i c\u0103tre cet\u0103\u021beanul rom\u00e2n care e obi\u0219nuit s\u0103 dea \u0219i nu percepe asta ca pe un act de corup\u021bie, imoral, incorect, ci ca pe o aten\u021bie. \u00cen general vorbim de corupt, dar nu \u0219i de corup\u0103tor. Vorbim de medic, dar nu \u0219i despre cet\u0103\u021beanul are alearg\u0103 cu plicul dup\u0103 medic. Am v\u0103zut medici care nu mai au buzunare la halat tocmai ca s\u0103 evite asta\u201d, a declarat sociologul Gelu Duminic\u0103 pentru Digi24.&nbsp;<\/p>\n","protected":false},"excerpt":{"rendered":"<p>\u00cen ultimele 24 de luni, 3.314 oameni au spus c\u0103 li s-a cerut mit\u0103 doar \u00een Bucure\u0219ti, iar totalul na\u021bional de oameni c\u0103rora li s-a cerut mit\u0103 \u00een spitale este de 11.063 oameni.\u00a0Datele apar \u00eentr-o nou\u0103 platform\u0103 implementat\u0103 de Graphs.ro &#8211; Mecanismul de feedback al pacientului \u0219i care agregheaz\u0103 \u00eentr-o form\u0103 accesibil\u0103 oricui, datele colectate [&hellip;]<\/p>\n","protected":false},"author":47,"featured_media":58060,"comment_status":"closed","ping_status":"open","sticky":false,"template":"","format":"standard","meta":{"_acf_changed":false,"inline_featured_image":false,"ngg_post_thumbnail":0,"footnotes":""},"categories":[62],"tags":[],"ppma_author":[22580],"class_list":["post-58059","post","type-post","status-publish","format-standard","has-post-thumbnail","hentry","category-stiri"],"acf":[],"yoast_head":"<!-- This site is optimized with the Yoast SEO Premium plugin v25.3 (Yoast SEO v27.5) - https:\/\/yoast.com\/product\/yoast-seo-premium-wordpress\/ -->\n<title>Graphs.ro - Harta \u0218p\u0103gii. Unul din trei pacien\u021bi c\u0103ruia i s-a cerut mit\u0103 \u00een 2022 a fost la un spital din Bucure\u0219ti - Buletin de Bucure\u0219ti<\/title>\n<meta name=\"robots\" content=\"index, follow, max-snippet:-1, max-image-preview:large, max-video-preview:-1\" \/>\n<link rel=\"canonical\" href=\"https:\/\/buletin.de\/bucuresti\/graphs-ro-harta-spagii-unul-din-trei-pacienti-caruia-i-s-a-cerut-mita-in-2022-a-fost-la-un-spital-din-bucuresti\/\" \/>\n<meta property=\"og:locale\" content=\"en_GB\" \/>\n<meta property=\"og:type\" content=\"article\" \/>\n<meta property=\"og:title\" content=\"Graphs.ro - Harta \u0218p\u0103gii. Unul din trei pacien\u021bi c\u0103ruia i s-a cerut mit\u0103 \u00een 2022 a fost la un spital din Bucure\u0219ti\" \/>\n<meta property=\"og:description\" content=\"\u00cen ultimele 24 de luni, 3.314 oameni au spus c\u0103 li s-a cerut mit\u0103 doar \u00een Bucure\u0219ti, iar totalul na\u021bional de oameni c\u0103rora li s-a cerut mit\u0103 \u00een spitale este de 11.063 oameni.\u00a0Datele apar \u00eentr-o nou\u0103 platform\u0103 implementat\u0103 de Graphs.ro &#8211; Mecanismul de feedback al pacientului \u0219i care agregheaz\u0103 \u00eentr-o form\u0103 accesibil\u0103 oricui, datele colectate [&hellip;]\" \/>\n<meta property=\"og:url\" content=\"https:\/\/buletin.de\/bucuresti\/graphs-ro-harta-spagii-unul-din-trei-pacienti-caruia-i-s-a-cerut-mita-in-2022-a-fost-la-un-spital-din-bucuresti\/\" \/>\n<meta property=\"og:site_name\" content=\"Buletin de Bucure\u0219ti\" \/>\n<meta property=\"article:publisher\" content=\"https:\/\/www.facebook.com\/buletin.de.buc\" \/>\n<meta property=\"article:published_time\" content=\"2023-04-28T12:40:03+00:00\" \/>\n<meta property=\"article:modified_time\" content=\"2023-04-28T12:50:19+00:00\" \/>\n<meta property=\"og:image\" content=\"https:\/\/buletin.de\/bucuresti\/wp-content\/uploads\/RDW-2015-6_0-2.jpg\" \/>\n\t<meta property=\"og:image:width\" content=\"1562\" \/>\n\t<meta property=\"og:image:height\" content=\"813\" \/>\n\t<meta property=\"og:image:type\" content=\"image\/jpeg\" \/>\n<meta name=\"author\" content=\"Adina C\u0103p\u00eelnean\" \/>\n<meta name=\"twitter:card\" content=\"summary_large_image\" \/>\n<meta name=\"twitter:label1\" content=\"Written by\" \/>\n\t<meta name=\"twitter:data1\" content=\"Adina C\u0103p\u00eelnean\" \/>\n\t<meta name=\"twitter:label2\" content=\"Estimated reading time\" \/>\n\t<meta name=\"twitter:data2\" content=\"6 minutes\" \/>\n<script type=\"application\/ld+json\" class=\"yoast-schema-graph\">{\"@context\":\"https:\\\/\\\/schema.org\",\"@graph\":[{\"@type\":\"Article\",\"@id\":\"https:\\\/\\\/buletin.de\\\/bucuresti\\\/graphs-ro-harta-spagii-unul-din-trei-pacienti-caruia-i-s-a-cerut-mita-in-2022-a-fost-la-un-spital-din-bucuresti\\\/#article\",\"isPartOf\":{\"@id\":\"https:\\\/\\\/buletin.de\\\/bucuresti\\\/graphs-ro-harta-spagii-unul-din-trei-pacienti-caruia-i-s-a-cerut-mita-in-2022-a-fost-la-un-spital-din-bucuresti\\\/\"},\"author\":{\"name\":\"Adina C\u0103p\u00eelnean\",\"@id\":\"https:\\\/\\\/buletin.de\\\/bucuresti\\\/#\\\/schema\\\/person\\\/ab174cf6711728e4ee83d672acf9a912\"},\"headline\":\"Graphs.ro &#8211; Harta \u0218p\u0103gii. Unul din trei pacien\u021bi c\u0103ruia i s-a cerut mit\u0103 \u00een 2022 a fost la un spital din Bucure\u0219ti\",\"datePublished\":\"2023-04-28T12:40:03+00:00\",\"dateModified\":\"2023-04-28T12:50:19+00:00\",\"mainEntityOfPage\":{\"@id\":\"https:\\\/\\\/buletin.de\\\/bucuresti\\\/graphs-ro-harta-spagii-unul-din-trei-pacienti-caruia-i-s-a-cerut-mita-in-2022-a-fost-la-un-spital-din-bucuresti\\\/\"},\"wordCount\":1488,\"publisher\":{\"@id\":\"https:\\\/\\\/buletin.de\\\/bucuresti\\\/#organization\"},\"image\":{\"@id\":\"https:\\\/\\\/buletin.de\\\/bucuresti\\\/graphs-ro-harta-spagii-unul-din-trei-pacienti-caruia-i-s-a-cerut-mita-in-2022-a-fost-la-un-spital-din-bucuresti\\\/#primaryimage\"},\"thumbnailUrl\":\"https:\\\/\\\/buletin.de\\\/bucuresti\\\/wp-content\\\/uploads\\\/RDW-2015-6_0-2.jpg\",\"articleSection\":[\"\u0218tiri\"],\"inLanguage\":\"en-GB\",\"copyrightYear\":\"2023\",\"copyrightHolder\":{\"@id\":\"https:\\\/\\\/buletin.de\\\/bucuresti\\\/#organization\"}},{\"@type\":\"WebPage\",\"@id\":\"https:\\\/\\\/buletin.de\\\/bucuresti\\\/graphs-ro-harta-spagii-unul-din-trei-pacienti-caruia-i-s-a-cerut-mita-in-2022-a-fost-la-un-spital-din-bucuresti\\\/\",\"url\":\"https:\\\/\\\/buletin.de\\\/bucuresti\\\/graphs-ro-harta-spagii-unul-din-trei-pacienti-caruia-i-s-a-cerut-mita-in-2022-a-fost-la-un-spital-din-bucuresti\\\/\",\"name\":\"Graphs.ro - Harta \u0218p\u0103gii. Unul din trei pacien\u021bi c\u0103ruia i s-a cerut mit\u0103 \u00een 2022 a fost la un spital din Bucure\u0219ti - Buletin de Bucure\u0219ti\",\"isPartOf\":{\"@id\":\"https:\\\/\\\/buletin.de\\\/bucuresti\\\/#website\"},\"primaryImageOfPage\":{\"@id\":\"https:\\\/\\\/buletin.de\\\/bucuresti\\\/graphs-ro-harta-spagii-unul-din-trei-pacienti-caruia-i-s-a-cerut-mita-in-2022-a-fost-la-un-spital-din-bucuresti\\\/#primaryimage\"},\"image\":{\"@id\":\"https:\\\/\\\/buletin.de\\\/bucuresti\\\/graphs-ro-harta-spagii-unul-din-trei-pacienti-caruia-i-s-a-cerut-mita-in-2022-a-fost-la-un-spital-din-bucuresti\\\/#primaryimage\"},\"thumbnailUrl\":\"https:\\\/\\\/buletin.de\\\/bucuresti\\\/wp-content\\\/uploads\\\/RDW-2015-6_0-2.jpg\",\"datePublished\":\"2023-04-28T12:40:03+00:00\",\"dateModified\":\"2023-04-28T12:50:19+00:00\",\"breadcrumb\":{\"@id\":\"https:\\\/\\\/buletin.de\\\/bucuresti\\\/graphs-ro-harta-spagii-unul-din-trei-pacienti-caruia-i-s-a-cerut-mita-in-2022-a-fost-la-un-spital-din-bucuresti\\\/#breadcrumb\"},\"inLanguage\":\"en-GB\",\"potentialAction\":[{\"@type\":\"ReadAction\",\"target\":[\"https:\\\/\\\/buletin.de\\\/bucuresti\\\/graphs-ro-harta-spagii-unul-din-trei-pacienti-caruia-i-s-a-cerut-mita-in-2022-a-fost-la-un-spital-din-bucuresti\\\/\"]}]},{\"@type\":\"ImageObject\",\"inLanguage\":\"en-GB\",\"@id\":\"https:\\\/\\\/buletin.de\\\/bucuresti\\\/graphs-ro-harta-spagii-unul-din-trei-pacienti-caruia-i-s-a-cerut-mita-in-2022-a-fost-la-un-spital-din-bucuresti\\\/#primaryimage\",\"url\":\"https:\\\/\\\/buletin.de\\\/bucuresti\\\/wp-content\\\/uploads\\\/RDW-2015-6_0-2.jpg\",\"contentUrl\":\"https:\\\/\\\/buletin.de\\\/bucuresti\\\/wp-content\\\/uploads\\\/RDW-2015-6_0-2.jpg\",\"width\":1562,\"height\":813},{\"@type\":\"BreadcrumbList\",\"@id\":\"https:\\\/\\\/buletin.de\\\/bucuresti\\\/graphs-ro-harta-spagii-unul-din-trei-pacienti-caruia-i-s-a-cerut-mita-in-2022-a-fost-la-un-spital-din-bucuresti\\\/#breadcrumb\",\"itemListElement\":[{\"@type\":\"ListItem\",\"position\":1,\"name\":\"Acas\u0103\",\"item\":\"https:\\\/\\\/buletin.de\\\/bucuresti\\\/\"},{\"@type\":\"ListItem\",\"position\":2,\"name\":\"Graphs.ro &#8211; Harta \u0218p\u0103gii. Unul din trei pacien\u021bi c\u0103ruia i s-a cerut mit\u0103 \u00een 2022 a fost la un spital din Bucure\u0219ti\"}]},{\"@type\":\"WebSite\",\"@id\":\"https:\\\/\\\/buletin.de\\\/bucuresti\\\/#website\",\"url\":\"https:\\\/\\\/buletin.de\\\/bucuresti\\\/\",\"name\":\"Buletin de Bucure\u0219ti\",\"description\":\"\u0218tiri \u0219i investiga\u021bii esen\u021biale din capital\u0103\",\"publisher\":{\"@id\":\"https:\\\/\\\/buletin.de\\\/bucuresti\\\/#organization\"},\"potentialAction\":[{\"@type\":\"SearchAction\",\"target\":{\"@type\":\"EntryPoint\",\"urlTemplate\":\"https:\\\/\\\/buletin.de\\\/bucuresti\\\/?s={search_term_string}\"},\"query-input\":{\"@type\":\"PropertyValueSpecification\",\"valueRequired\":true,\"valueName\":\"search_term_string\"}}],\"inLanguage\":\"en-GB\"},{\"@type\":\"Organization\",\"@id\":\"https:\\\/\\\/buletin.de\\\/bucuresti\\\/#organization\",\"name\":\"Buletin de Bucure\u0219ti\",\"url\":\"https:\\\/\\\/buletin.de\\\/bucuresti\\\/\",\"logo\":{\"@type\":\"ImageObject\",\"inLanguage\":\"en-GB\",\"@id\":\"https:\\\/\\\/buletin.de\\\/bucuresti\\\/#\\\/schema\\\/logo\\\/image\\\/\",\"url\":\"https:\\\/\\\/buletin.de\\\/bucuresti\\\/wp-content\\\/uploads\\\/logo-bdb-full-wide-vernil-transparent.png\",\"contentUrl\":\"https:\\\/\\\/buletin.de\\\/bucuresti\\\/wp-content\\\/uploads\\\/logo-bdb-full-wide-vernil-transparent.png\",\"width\":1782,\"height\":626,\"caption\":\"Buletin de Bucure\u0219ti\"},\"image\":{\"@id\":\"https:\\\/\\\/buletin.de\\\/bucuresti\\\/#\\\/schema\\\/logo\\\/image\\\/\"},\"sameAs\":[\"https:\\\/\\\/www.facebook.com\\\/buletin.de.buc\",\"https:\\\/\\\/www.instagram.com\\\/buletinde.bucuresti\\\/\"]},{\"@type\":\"Person\",\"@id\":\"https:\\\/\\\/buletin.de\\\/bucuresti\\\/#\\\/schema\\\/person\\\/ab174cf6711728e4ee83d672acf9a912\",\"name\":\"Adina C\u0103p\u00eelnean\",\"image\":{\"@type\":\"ImageObject\",\"inLanguage\":\"en-GB\",\"@id\":\"https:\\\/\\\/secure.gravatar.com\\\/avatar\\\/4fe9675d6282fd7c1aa4e486a037d532d5728fc16a30360f293eb6126b2e73ad?s=96&d=monsterid&r=ge2b23868508aec3460d3c6a11d3b599a\",\"url\":\"https:\\\/\\\/secure.gravatar.com\\\/avatar\\\/4fe9675d6282fd7c1aa4e486a037d532d5728fc16a30360f293eb6126b2e73ad?s=96&d=monsterid&r=g\",\"contentUrl\":\"https:\\\/\\\/secure.gravatar.com\\\/avatar\\\/4fe9675d6282fd7c1aa4e486a037d532d5728fc16a30360f293eb6126b2e73ad?s=96&d=monsterid&r=g\",\"caption\":\"Adina C\u0103p\u00eelnean\"},\"url\":\"https:\\\/\\\/buletin.de\\\/bucuresti\\\/author\\\/adinacapilnean\\\/\"}]}<\/script>\n<!-- \/ Yoast SEO Premium plugin. -->","yoast_head_json":{"title":"Graphs.ro - Harta \u0218p\u0103gii. Unul din trei pacien\u021bi c\u0103ruia i s-a cerut mit\u0103 \u00een 2022 a fost la un spital din Bucure\u0219ti - Buletin de Bucure\u0219ti","robots":{"index":"index","follow":"follow","max-snippet":"max-snippet:-1","max-image-preview":"max-image-preview:large","max-video-preview":"max-video-preview:-1"},"canonical":"https:\/\/buletin.de\/bucuresti\/graphs-ro-harta-spagii-unul-din-trei-pacienti-caruia-i-s-a-cerut-mita-in-2022-a-fost-la-un-spital-din-bucuresti\/","og_locale":"en_GB","og_type":"article","og_title":"Graphs.ro - Harta \u0218p\u0103gii. Unul din trei pacien\u021bi c\u0103ruia i s-a cerut mit\u0103 \u00een 2022 a fost la un spital din Bucure\u0219ti","og_description":"\u00cen ultimele 24 de luni, 3.314 oameni au spus c\u0103 li s-a cerut mit\u0103 doar \u00een Bucure\u0219ti, iar totalul na\u021bional de oameni c\u0103rora li s-a cerut mit\u0103 \u00een spitale este de 11.063 oameni.\u00a0Datele apar \u00eentr-o nou\u0103 platform\u0103 implementat\u0103 de Graphs.ro &#8211; Mecanismul de feedback al pacientului \u0219i care agregheaz\u0103 \u00eentr-o form\u0103 accesibil\u0103 oricui, datele colectate [&hellip;]","og_url":"https:\/\/buletin.de\/bucuresti\/graphs-ro-harta-spagii-unul-din-trei-pacienti-caruia-i-s-a-cerut-mita-in-2022-a-fost-la-un-spital-din-bucuresti\/","og_site_name":"Buletin de Bucure\u0219ti","article_publisher":"https:\/\/www.facebook.com\/buletin.de.buc","article_published_time":"2023-04-28T12:40:03+00:00","article_modified_time":"2023-04-28T12:50:19+00:00","og_image":[{"width":1562,"height":813,"url":"https:\/\/buletin.de\/bucuresti\/wp-content\/uploads\/RDW-2015-6_0-2.jpg","type":"image\/jpeg"}],"author":"Adina C\u0103p\u00eelnean","twitter_card":"summary_large_image","twitter_misc":{"Written by":"Adina C\u0103p\u00eelnean","Estimated reading time":"6 minutes"},"schema":{"@context":"https:\/\/schema.org","@graph":[{"@type":"Article","@id":"https:\/\/buletin.de\/bucuresti\/graphs-ro-harta-spagii-unul-din-trei-pacienti-caruia-i-s-a-cerut-mita-in-2022-a-fost-la-un-spital-din-bucuresti\/#article","isPartOf":{"@id":"https:\/\/buletin.de\/bucuresti\/graphs-ro-harta-spagii-unul-din-trei-pacienti-caruia-i-s-a-cerut-mita-in-2022-a-fost-la-un-spital-din-bucuresti\/"},"author":{"name":"Adina C\u0103p\u00eelnean","@id":"https:\/\/buletin.de\/bucuresti\/#\/schema\/person\/ab174cf6711728e4ee83d672acf9a912"},"headline":"Graphs.ro &#8211; Harta \u0218p\u0103gii. Unul din trei pacien\u021bi c\u0103ruia i s-a cerut mit\u0103 \u00een 2022 a fost la un spital din Bucure\u0219ti","datePublished":"2023-04-28T12:40:03+00:00","dateModified":"2023-04-28T12:50:19+00:00","mainEntityOfPage":{"@id":"https:\/\/buletin.de\/bucuresti\/graphs-ro-harta-spagii-unul-din-trei-pacienti-caruia-i-s-a-cerut-mita-in-2022-a-fost-la-un-spital-din-bucuresti\/"},"wordCount":1488,"publisher":{"@id":"https:\/\/buletin.de\/bucuresti\/#organization"},"image":{"@id":"https:\/\/buletin.de\/bucuresti\/graphs-ro-harta-spagii-unul-din-trei-pacienti-caruia-i-s-a-cerut-mita-in-2022-a-fost-la-un-spital-din-bucuresti\/#primaryimage"},"thumbnailUrl":"https:\/\/buletin.de\/bucuresti\/wp-content\/uploads\/RDW-2015-6_0-2.jpg","articleSection":["\u0218tiri"],"inLanguage":"en-GB","copyrightYear":"2023","copyrightHolder":{"@id":"https:\/\/buletin.de\/bucuresti\/#organization"}},{"@type":"WebPage","@id":"https:\/\/buletin.de\/bucuresti\/graphs-ro-harta-spagii-unul-din-trei-pacienti-caruia-i-s-a-cerut-mita-in-2022-a-fost-la-un-spital-din-bucuresti\/","url":"https:\/\/buletin.de\/bucuresti\/graphs-ro-harta-spagii-unul-din-trei-pacienti-caruia-i-s-a-cerut-mita-in-2022-a-fost-la-un-spital-din-bucuresti\/","name":"Graphs.ro - Harta \u0218p\u0103gii. Unul din trei pacien\u021bi c\u0103ruia i s-a cerut mit\u0103 \u00een 2022 a fost la un spital din Bucure\u0219ti - Buletin de Bucure\u0219ti","isPartOf":{"@id":"https:\/\/buletin.de\/bucuresti\/#website"},"primaryImageOfPage":{"@id":"https:\/\/buletin.de\/bucuresti\/graphs-ro-harta-spagii-unul-din-trei-pacienti-caruia-i-s-a-cerut-mita-in-2022-a-fost-la-un-spital-din-bucuresti\/#primaryimage"},"image":{"@id":"https:\/\/buletin.de\/bucuresti\/graphs-ro-harta-spagii-unul-din-trei-pacienti-caruia-i-s-a-cerut-mita-in-2022-a-fost-la-un-spital-din-bucuresti\/#primaryimage"},"thumbnailUrl":"https:\/\/buletin.de\/bucuresti\/wp-content\/uploads\/RDW-2015-6_0-2.jpg","datePublished":"2023-04-28T12:40:03+00:00","dateModified":"2023-04-28T12:50:19+00:00","breadcrumb":{"@id":"https:\/\/buletin.de\/bucuresti\/graphs-ro-harta-spagii-unul-din-trei-pacienti-caruia-i-s-a-cerut-mita-in-2022-a-fost-la-un-spital-din-bucuresti\/#breadcrumb"},"inLanguage":"en-GB","potentialAction":[{"@type":"ReadAction","target":["https:\/\/buletin.de\/bucuresti\/graphs-ro-harta-spagii-unul-din-trei-pacienti-caruia-i-s-a-cerut-mita-in-2022-a-fost-la-un-spital-din-bucuresti\/"]}]},{"@type":"ImageObject","inLanguage":"en-GB","@id":"https:\/\/buletin.de\/bucuresti\/graphs-ro-harta-spagii-unul-din-trei-pacienti-caruia-i-s-a-cerut-mita-in-2022-a-fost-la-un-spital-din-bucuresti\/#primaryimage","url":"https:\/\/buletin.de\/bucuresti\/wp-content\/uploads\/RDW-2015-6_0-2.jpg","contentUrl":"https:\/\/buletin.de\/bucuresti\/wp-content\/uploads\/RDW-2015-6_0-2.jpg","width":1562,"height":813},{"@type":"BreadcrumbList","@id":"https:\/\/buletin.de\/bucuresti\/graphs-ro-harta-spagii-unul-din-trei-pacienti-caruia-i-s-a-cerut-mita-in-2022-a-fost-la-un-spital-din-bucuresti\/#breadcrumb","itemListElement":[{"@type":"ListItem","position":1,"name":"Acas\u0103","item":"https:\/\/buletin.de\/bucuresti\/"},{"@type":"ListItem","position":2,"name":"Graphs.ro &#8211; Harta \u0218p\u0103gii. Unul din trei pacien\u021bi c\u0103ruia i s-a cerut mit\u0103 \u00een 2022 a fost la un spital din Bucure\u0219ti"}]},{"@type":"WebSite","@id":"https:\/\/buletin.de\/bucuresti\/#website","url":"https:\/\/buletin.de\/bucuresti\/","name":"Buletin de Bucure\u0219ti","description":"\u0218tiri \u0219i investiga\u021bii esen\u021biale din capital\u0103","publisher":{"@id":"https:\/\/buletin.de\/bucuresti\/#organization"},"potentialAction":[{"@type":"SearchAction","target":{"@type":"EntryPoint","urlTemplate":"https:\/\/buletin.de\/bucuresti\/?s={search_term_string}"},"query-input":{"@type":"PropertyValueSpecification","valueRequired":true,"valueName":"search_term_string"}}],"inLanguage":"en-GB"},{"@type":"Organization","@id":"https:\/\/buletin.de\/bucuresti\/#organization","name":"Buletin de Bucure\u0219ti","url":"https:\/\/buletin.de\/bucuresti\/","logo":{"@type":"ImageObject","inLanguage":"en-GB","@id":"https:\/\/buletin.de\/bucuresti\/#\/schema\/logo\/image\/","url":"https:\/\/buletin.de\/bucuresti\/wp-content\/uploads\/logo-bdb-full-wide-vernil-transparent.png","contentUrl":"https:\/\/buletin.de\/bucuresti\/wp-content\/uploads\/logo-bdb-full-wide-vernil-transparent.png","width":1782,"height":626,"caption":"Buletin de Bucure\u0219ti"},"image":{"@id":"https:\/\/buletin.de\/bucuresti\/#\/schema\/logo\/image\/"},"sameAs":["https:\/\/www.facebook.com\/buletin.de.buc","https:\/\/www.instagram.com\/buletinde.bucuresti\/"]},{"@type":"Person","@id":"https:\/\/buletin.de\/bucuresti\/#\/schema\/person\/ab174cf6711728e4ee83d672acf9a912","name":"Adina C\u0103p\u00eelnean","image":{"@type":"ImageObject","inLanguage":"en-GB","@id":"https:\/\/secure.gravatar.com\/avatar\/4fe9675d6282fd7c1aa4e486a037d532d5728fc16a30360f293eb6126b2e73ad?s=96&d=monsterid&r=ge2b23868508aec3460d3c6a11d3b599a","url":"https:\/\/secure.gravatar.com\/avatar\/4fe9675d6282fd7c1aa4e486a037d532d5728fc16a30360f293eb6126b2e73ad?s=96&d=monsterid&r=g","contentUrl":"https:\/\/secure.gravatar.com\/avatar\/4fe9675d6282fd7c1aa4e486a037d532d5728fc16a30360f293eb6126b2e73ad?s=96&d=monsterid&r=g","caption":"Adina C\u0103p\u00eelnean"},"url":"https:\/\/buletin.de\/bucuresti\/author\/adinacapilnean\/"}]}},"authors":[{"term_id":22580,"user_id":47,"is_guest":0,"slug":"adinacapilnean","display_name":"Adina C\u0103p\u00eelnean","avatar_url":"https:\/\/secure.gravatar.com\/avatar\/4fe9675d6282fd7c1aa4e486a037d532d5728fc16a30360f293eb6126b2e73ad?s=96&d=monsterid&r=g","0":null,"1":"","2":"","3":"","4":"","5":"","6":"","7":"","8":""}],"_links":{"self":[{"href":"https:\/\/buletin.de\/bucuresti\/wp-json\/wp\/v2\/posts\/58059","targetHints":{"allow":["GET"]}}],"collection":[{"href":"https:\/\/buletin.de\/bucuresti\/wp-json\/wp\/v2\/posts"}],"about":[{"href":"https:\/\/buletin.de\/bucuresti\/wp-json\/wp\/v2\/types\/post"}],"author":[{"embeddable":true,"href":"https:\/\/buletin.de\/bucuresti\/wp-json\/wp\/v2\/users\/47"}],"replies":[{"embeddable":true,"href":"https:\/\/buletin.de\/bucuresti\/wp-json\/wp\/v2\/comments?post=58059"}],"version-history":[{"count":10,"href":"https:\/\/buletin.de\/bucuresti\/wp-json\/wp\/v2\/posts\/58059\/revisions"}],"predecessor-version":[{"id":58073,"href":"https:\/\/buletin.de\/bucuresti\/wp-json\/wp\/v2\/posts\/58059\/revisions\/58073"}],"wp:featuredmedia":[{"embeddable":true,"href":"https:\/\/buletin.de\/bucuresti\/wp-json\/wp\/v2\/media\/58060"}],"wp:attachment":[{"href":"https:\/\/buletin.de\/bucuresti\/wp-json\/wp\/v2\/media?parent=58059"}],"wp:term":[{"taxonomy":"category","embeddable":true,"href":"https:\/\/buletin.de\/bucuresti\/wp-json\/wp\/v2\/categories?post=58059"},{"taxonomy":"post_tag","embeddable":true,"href":"https:\/\/buletin.de\/bucuresti\/wp-json\/wp\/v2\/tags?post=58059"},{"taxonomy":"author","embeddable":true,"href":"https:\/\/buletin.de\/bucuresti\/wp-json\/wp\/v2\/ppma_author?post=58059"}],"curies":[{"name":"wp","href":"https:\/\/api.w.org\/{rel}","templated":true}]}}