{"id":58053,"date":"2023-04-27T20:52:24","date_gmt":"2023-04-27T18:52:24","guid":{"rendered":"https:\/\/buletin.de\/bucuresti\/?p=58053"},"modified":"2023-04-27T21:08:51","modified_gmt":"2023-04-27T19:08:51","slug":"procurorii-dna-l-au-retinut-pentru-24-de-ore-un-inspector-de-la-inspectoratul-regional-in-constructii-bucuresti-ilfov","status":"publish","type":"post","link":"https:\/\/buletin.de\/bucuresti\/procurorii-dna-l-au-retinut-pentru-24-de-ore-un-inspector-de-la-inspectoratul-regional-in-constructii-bucuresti-ilfov\/","title":{"rendered":"Procurorii DNA au re\u021binut, pentru 24 de ore, un inspector de la Inspectoratul Regional \u00een Construc\u021bii Bucure\u0219ti-Ilfov"},"content":{"rendered":"\n<p>Procurorii din cadrul Direc\u021biei Na\u021bionale Anticorup\u021bie &#8211; Sec\u021bia de combatere a corup\u021biei au dispus \u00eencep\u00e2nd cu 26 aprilie, re\u021binerea pentru 24 de ore a unui inspector de la Inspectoratul Regional \u00een Construc\u021bii Bucure\u0219ti &#8211; Ilfov, pentru o serie de ilegalit\u0103\u021bi.<\/p>\n\n\n\n<p>N\u0103forni\u021b\u0103 Florin, inspector de stat \u00een construc\u021bii, a fost pus sub acuzare de c\u0103tre procurorii DNA de dou\u0103 fapte de luare de mit\u0103, dou\u0103 de trafic de influen\u021b\u0103 \u0219i una de fals intelectual. \u00cen perioada aprilie &#8211; august 2022, inculpatul a primit direct sau prin intermediari, de la doi oameni de afaceri, sume de bani \u0219i alte bunuri materiale, dup\u0103 cum urmeaz\u0103:<\/p>\n\n\n\n<ul class=\"wp-block-list\"><li>suma de 2.000 lei pentru a autoriza continuarea unor lucr\u0103ri la o hal\u0103 din jude\u021bul Ilfov. Inspectorul a acordat viza f\u0103r\u0103 a se deplasa \u00een teren \u0219i a constata stadiul fizic al lucr\u0103rilor de construc\u021bie.<\/li><li>a primit diverse bunuri pentru a admite terminarea unor alte lucr\u0103ri situate tot pe raza jude\u021bului Ilfov.<\/li><\/ul>\n\n\n\n<p>\u00cen aceea\u0219i perioad\u0103, inculpatul N\u0103forni\u021b\u0103 Florin a primit de la acelea\u0219i persoane sumele de 2.000 de lei \u0219i 200 euro, pentru a-\u0219i exercita influen\u021ba pe care a dat impresia c\u0103 o are asupra unor colegi de-ai s\u0103i. Ace\u0219tia ar fi trebuit s\u0103 elibereze adeverin\u021be care s\u0103 ateste plata taxelor c\u0103tre Inspectoratul de Stat \u00een Construc\u021bii, \u00een valoare de 0,1% \u0219i 0,5% din valoarea lucr\u0103rilor din autoriza\u021biile de construc\u021bie.<\/p>\n\n\n\n<p>Pe 27 aprilie 2023, inculpatul urmeaz\u0103 s\u0103 fie prezentat Tribunalului Bucure\u0219ti cu propunere de arestare preventiv\u0103 pentru 30 de zile.<\/p>\n","protected":false},"excerpt":{"rendered":"<p>Procurorii din cadrul Direc\u021biei Na\u021bionale Anticorup\u021bie &#8211; Sec\u021bia de combatere a corup\u021biei au dispus \u00eencep\u00e2nd cu 26 aprilie, re\u021binerea pentru 24 de ore a unui inspector de la Inspectoratul Regional \u00een Construc\u021bii Bucure\u0219ti &#8211; Ilfov, pentru o serie de ilegalit\u0103\u021bi. N\u0103forni\u021b\u0103 Florin, inspector de stat \u00een construc\u021bii, a fost pus sub acuzare de c\u0103tre procurorii [&hellip;]<\/p>\n","protected":false},"author":45,"featured_media":47137,"comment_status":"closed","ping_status":"open","sticky":false,"template":"","format":"standard","meta":{"_acf_changed":false,"inline_featured_image":false,"ngg_post_thumbnail":0,"footnotes":""},"categories":[62],"tags":[],"ppma_author":[22604],"class_list":["post-58053","post","type-post","status-publish","format-standard","has-post-thumbnail","hentry","category-stiri"],"acf":[],"yoast_head":"<!-- This site is optimized with the Yoast SEO Premium plugin v25.3 (Yoast SEO v27.5) - https:\/\/yoast.com\/product\/yoast-seo-premium-wordpress\/ -->\n<title>Procurorii DNA au re\u021binut, pentru 24 de ore, un inspector de la Inspectoratul Regional \u00een Construc\u021bii Bucure\u0219ti-Ilfov - Buletin de Bucure\u0219ti<\/title>\n<meta name=\"robots\" content=\"index, follow, max-snippet:-1, max-image-preview:large, max-video-preview:-1\" \/>\n<link rel=\"canonical\" href=\"https:\/\/buletin.de\/bucuresti\/procurorii-dna-l-au-retinut-pentru-24-de-ore-un-inspector-de-la-inspectoratul-regional-in-constructii-bucuresti-ilfov\/\" \/>\n<meta property=\"og:locale\" content=\"en_GB\" \/>\n<meta property=\"og:type\" content=\"article\" \/>\n<meta property=\"og:title\" content=\"Procurorii DNA au re\u021binut, pentru 24 de ore, un inspector de la Inspectoratul Regional \u00een Construc\u021bii Bucure\u0219ti-Ilfov\" \/>\n<meta property=\"og:description\" content=\"Procurorii din cadrul Direc\u021biei Na\u021bionale Anticorup\u021bie &#8211; Sec\u021bia de combatere a corup\u021biei au dispus \u00eencep\u00e2nd cu 26 aprilie, re\u021binerea pentru 24 de ore a unui inspector de la Inspectoratul Regional \u00een Construc\u021bii Bucure\u0219ti &#8211; Ilfov, pentru o serie de ilegalit\u0103\u021bi. N\u0103forni\u021b\u0103 Florin, inspector de stat \u00een construc\u021bii, a fost pus sub acuzare de c\u0103tre procurorii [&hellip;]\" \/>\n<meta property=\"og:url\" content=\"https:\/\/buletin.de\/bucuresti\/procurorii-dna-l-au-retinut-pentru-24-de-ore-un-inspector-de-la-inspectoratul-regional-in-constructii-bucuresti-ilfov\/\" \/>\n<meta property=\"og:site_name\" content=\"Buletin de Bucure\u0219ti\" \/>\n<meta property=\"article:publisher\" content=\"https:\/\/www.facebook.com\/buletin.de.buc\" \/>\n<meta property=\"article:published_time\" content=\"2023-04-27T18:52:24+00:00\" \/>\n<meta property=\"article:modified_time\" content=\"2023-04-27T19:08:51+00:00\" \/>\n<meta property=\"og:image\" content=\"https:\/\/buletin.de\/bucuresti\/wp-content\/uploads\/dna.jpg\" \/>\n\t<meta property=\"og:image:width\" content=\"1440\" \/>\n\t<meta property=\"og:image:height\" content=\"1380\" \/>\n\t<meta property=\"og:image:type\" content=\"image\/jpeg\" \/>\n<meta name=\"author\" content=\"Teodora \u0218uta\" \/>\n<meta name=\"twitter:card\" content=\"summary_large_image\" \/>\n<meta name=\"twitter:label1\" content=\"Written by\" \/>\n\t<meta name=\"twitter:data1\" content=\"Teodora \u0218uta\" \/>\n\t<meta name=\"twitter:label2\" content=\"Estimated reading time\" \/>\n\t<meta name=\"twitter:data2\" content=\"2 minutes\" \/>\n<script type=\"application\/ld+json\" class=\"yoast-schema-graph\">{\"@context\":\"https:\\\/\\\/schema.org\",\"@graph\":[{\"@type\":\"Article\",\"@id\":\"https:\\\/\\\/buletin.de\\\/bucuresti\\\/procurorii-dna-l-au-retinut-pentru-24-de-ore-un-inspector-de-la-inspectoratul-regional-in-constructii-bucuresti-ilfov\\\/#article\",\"isPartOf\":{\"@id\":\"https:\\\/\\\/buletin.de\\\/bucuresti\\\/procurorii-dna-l-au-retinut-pentru-24-de-ore-un-inspector-de-la-inspectoratul-regional-in-constructii-bucuresti-ilfov\\\/\"},\"author\":{\"name\":\"Teodora \u0218uta\",\"@id\":\"https:\\\/\\\/buletin.de\\\/bucuresti\\\/#\\\/schema\\\/person\\\/5d54908fa90ab7ad3b2e88152efd6845\"},\"headline\":\"Procurorii DNA au re\u021binut, pentru 24 de ore, un inspector de la Inspectoratul Regional \u00een Construc\u021bii Bucure\u0219ti-Ilfov\",\"datePublished\":\"2023-04-27T18:52:24+00:00\",\"dateModified\":\"2023-04-27T19:08:51+00:00\",\"mainEntityOfPage\":{\"@id\":\"https:\\\/\\\/buletin.de\\\/bucuresti\\\/procurorii-dna-l-au-retinut-pentru-24-de-ore-un-inspector-de-la-inspectoratul-regional-in-constructii-bucuresti-ilfov\\\/\"},\"wordCount\":284,\"publisher\":{\"@id\":\"https:\\\/\\\/buletin.de\\\/bucuresti\\\/#organization\"},\"image\":{\"@id\":\"https:\\\/\\\/buletin.de\\\/bucuresti\\\/procurorii-dna-l-au-retinut-pentru-24-de-ore-un-inspector-de-la-inspectoratul-regional-in-constructii-bucuresti-ilfov\\\/#primaryimage\"},\"thumbnailUrl\":\"https:\\\/\\\/buletin.de\\\/bucuresti\\\/wp-content\\\/uploads\\\/dna.jpg\",\"articleSection\":[\"\u0218tiri\"],\"inLanguage\":\"en-GB\",\"copyrightYear\":\"2023\",\"copyrightHolder\":{\"@id\":\"https:\\\/\\\/buletin.de\\\/bucuresti\\\/#organization\"}},{\"@type\":\"WebPage\",\"@id\":\"https:\\\/\\\/buletin.de\\\/bucuresti\\\/procurorii-dna-l-au-retinut-pentru-24-de-ore-un-inspector-de-la-inspectoratul-regional-in-constructii-bucuresti-ilfov\\\/\",\"url\":\"https:\\\/\\\/buletin.de\\\/bucuresti\\\/procurorii-dna-l-au-retinut-pentru-24-de-ore-un-inspector-de-la-inspectoratul-regional-in-constructii-bucuresti-ilfov\\\/\",\"name\":\"Procurorii DNA au re\u021binut, pentru 24 de ore, un inspector de la Inspectoratul Regional \u00een Construc\u021bii Bucure\u0219ti-Ilfov - Buletin de Bucure\u0219ti\",\"isPartOf\":{\"@id\":\"https:\\\/\\\/buletin.de\\\/bucuresti\\\/#website\"},\"primaryImageOfPage\":{\"@id\":\"https:\\\/\\\/buletin.de\\\/bucuresti\\\/procurorii-dna-l-au-retinut-pentru-24-de-ore-un-inspector-de-la-inspectoratul-regional-in-constructii-bucuresti-ilfov\\\/#primaryimage\"},\"image\":{\"@id\":\"https:\\\/\\\/buletin.de\\\/bucuresti\\\/procurorii-dna-l-au-retinut-pentru-24-de-ore-un-inspector-de-la-inspectoratul-regional-in-constructii-bucuresti-ilfov\\\/#primaryimage\"},\"thumbnailUrl\":\"https:\\\/\\\/buletin.de\\\/bucuresti\\\/wp-content\\\/uploads\\\/dna.jpg\",\"datePublished\":\"2023-04-27T18:52:24+00:00\",\"dateModified\":\"2023-04-27T19:08:51+00:00\",\"breadcrumb\":{\"@id\":\"https:\\\/\\\/buletin.de\\\/bucuresti\\\/procurorii-dna-l-au-retinut-pentru-24-de-ore-un-inspector-de-la-inspectoratul-regional-in-constructii-bucuresti-ilfov\\\/#breadcrumb\"},\"inLanguage\":\"en-GB\",\"potentialAction\":[{\"@type\":\"ReadAction\",\"target\":[\"https:\\\/\\\/buletin.de\\\/bucuresti\\\/procurorii-dna-l-au-retinut-pentru-24-de-ore-un-inspector-de-la-inspectoratul-regional-in-constructii-bucuresti-ilfov\\\/\"]}]},{\"@type\":\"ImageObject\",\"inLanguage\":\"en-GB\",\"@id\":\"https:\\\/\\\/buletin.de\\\/bucuresti\\\/procurorii-dna-l-au-retinut-pentru-24-de-ore-un-inspector-de-la-inspectoratul-regional-in-constructii-bucuresti-ilfov\\\/#primaryimage\",\"url\":\"https:\\\/\\\/buletin.de\\\/bucuresti\\\/wp-content\\\/uploads\\\/dna.jpg\",\"contentUrl\":\"https:\\\/\\\/buletin.de\\\/bucuresti\\\/wp-content\\\/uploads\\\/dna.jpg\",\"width\":1440,\"height\":1380},{\"@type\":\"BreadcrumbList\",\"@id\":\"https:\\\/\\\/buletin.de\\\/bucuresti\\\/procurorii-dna-l-au-retinut-pentru-24-de-ore-un-inspector-de-la-inspectoratul-regional-in-constructii-bucuresti-ilfov\\\/#breadcrumb\",\"itemListElement\":[{\"@type\":\"ListItem\",\"position\":1,\"name\":\"Acas\u0103\",\"item\":\"https:\\\/\\\/buletin.de\\\/bucuresti\\\/\"},{\"@type\":\"ListItem\",\"position\":2,\"name\":\"Procurorii DNA au re\u021binut, pentru 24 de ore, un inspector de la Inspectoratul Regional \u00een Construc\u021bii Bucure\u0219ti-Ilfov\"}]},{\"@type\":\"WebSite\",\"@id\":\"https:\\\/\\\/buletin.de\\\/bucuresti\\\/#website\",\"url\":\"https:\\\/\\\/buletin.de\\\/bucuresti\\\/\",\"name\":\"Buletin de Bucure\u0219ti\",\"description\":\"\u0218tiri \u0219i investiga\u021bii esen\u021biale din capital\u0103\",\"publisher\":{\"@id\":\"https:\\\/\\\/buletin.de\\\/bucuresti\\\/#organization\"},\"potentialAction\":[{\"@type\":\"SearchAction\",\"target\":{\"@type\":\"EntryPoint\",\"urlTemplate\":\"https:\\\/\\\/buletin.de\\\/bucuresti\\\/?s={search_term_string}\"},\"query-input\":{\"@type\":\"PropertyValueSpecification\",\"valueRequired\":true,\"valueName\":\"search_term_string\"}}],\"inLanguage\":\"en-GB\"},{\"@type\":\"Organization\",\"@id\":\"https:\\\/\\\/buletin.de\\\/bucuresti\\\/#organization\",\"name\":\"Buletin de Bucure\u0219ti\",\"url\":\"https:\\\/\\\/buletin.de\\\/bucuresti\\\/\",\"logo\":{\"@type\":\"ImageObject\",\"inLanguage\":\"en-GB\",\"@id\":\"https:\\\/\\\/buletin.de\\\/bucuresti\\\/#\\\/schema\\\/logo\\\/image\\\/\",\"url\":\"https:\\\/\\\/buletin.de\\\/bucuresti\\\/wp-content\\\/uploads\\\/logo-bdb-full-wide-vernil-transparent.png\",\"contentUrl\":\"https:\\\/\\\/buletin.de\\\/bucuresti\\\/wp-content\\\/uploads\\\/logo-bdb-full-wide-vernil-transparent.png\",\"width\":1782,\"height\":626,\"caption\":\"Buletin de Bucure\u0219ti\"},\"image\":{\"@id\":\"https:\\\/\\\/buletin.de\\\/bucuresti\\\/#\\\/schema\\\/logo\\\/image\\\/\"},\"sameAs\":[\"https:\\\/\\\/www.facebook.com\\\/buletin.de.buc\",\"https:\\\/\\\/www.instagram.com\\\/buletinde.bucuresti\\\/\"]},{\"@type\":\"Person\",\"@id\":\"https:\\\/\\\/buletin.de\\\/bucuresti\\\/#\\\/schema\\\/person\\\/5d54908fa90ab7ad3b2e88152efd6845\",\"name\":\"Teodora \u0218uta\",\"image\":{\"@type\":\"ImageObject\",\"inLanguage\":\"en-GB\",\"@id\":\"https:\\\/\\\/secure.gravatar.com\\\/avatar\\\/0c709226af9845d97b126aa0aa80ab42778847ec3d11d741016b74a61174088d?s=96&d=monsterid&r=gf2e0c6a01d766272c6fa8af9e494be28\",\"url\":\"https:\\\/\\\/secure.gravatar.com\\\/avatar\\\/0c709226af9845d97b126aa0aa80ab42778847ec3d11d741016b74a61174088d?s=96&d=monsterid&r=g\",\"contentUrl\":\"https:\\\/\\\/secure.gravatar.com\\\/avatar\\\/0c709226af9845d97b126aa0aa80ab42778847ec3d11d741016b74a61174088d?s=96&d=monsterid&r=g\",\"caption\":\"Teodora \u0218uta\"},\"url\":\"https:\\\/\\\/buletin.de\\\/bucuresti\\\/author\\\/mariasuta\\\/\"}]}<\/script>\n<!-- \/ Yoast SEO Premium plugin. -->","yoast_head_json":{"title":"Procurorii DNA au re\u021binut, pentru 24 de ore, un inspector de la Inspectoratul Regional \u00een Construc\u021bii Bucure\u0219ti-Ilfov - Buletin de Bucure\u0219ti","robots":{"index":"index","follow":"follow","max-snippet":"max-snippet:-1","max-image-preview":"max-image-preview:large","max-video-preview":"max-video-preview:-1"},"canonical":"https:\/\/buletin.de\/bucuresti\/procurorii-dna-l-au-retinut-pentru-24-de-ore-un-inspector-de-la-inspectoratul-regional-in-constructii-bucuresti-ilfov\/","og_locale":"en_GB","og_type":"article","og_title":"Procurorii DNA au re\u021binut, pentru 24 de ore, un inspector de la Inspectoratul Regional \u00een Construc\u021bii Bucure\u0219ti-Ilfov","og_description":"Procurorii din cadrul Direc\u021biei Na\u021bionale Anticorup\u021bie &#8211; Sec\u021bia de combatere a corup\u021biei au dispus \u00eencep\u00e2nd cu 26 aprilie, re\u021binerea pentru 24 de ore a unui inspector de la Inspectoratul Regional \u00een Construc\u021bii Bucure\u0219ti &#8211; Ilfov, pentru o serie de ilegalit\u0103\u021bi. N\u0103forni\u021b\u0103 Florin, inspector de stat \u00een construc\u021bii, a fost pus sub acuzare de c\u0103tre procurorii [&hellip;]","og_url":"https:\/\/buletin.de\/bucuresti\/procurorii-dna-l-au-retinut-pentru-24-de-ore-un-inspector-de-la-inspectoratul-regional-in-constructii-bucuresti-ilfov\/","og_site_name":"Buletin de Bucure\u0219ti","article_publisher":"https:\/\/www.facebook.com\/buletin.de.buc","article_published_time":"2023-04-27T18:52:24+00:00","article_modified_time":"2023-04-27T19:08:51+00:00","og_image":[{"width":1440,"height":1380,"url":"https:\/\/buletin.de\/bucuresti\/wp-content\/uploads\/dna.jpg","type":"image\/jpeg"}],"author":"Teodora \u0218uta","twitter_card":"summary_large_image","twitter_misc":{"Written by":"Teodora \u0218uta","Estimated reading time":"2 minutes"},"schema":{"@context":"https:\/\/schema.org","@graph":[{"@type":"Article","@id":"https:\/\/buletin.de\/bucuresti\/procurorii-dna-l-au-retinut-pentru-24-de-ore-un-inspector-de-la-inspectoratul-regional-in-constructii-bucuresti-ilfov\/#article","isPartOf":{"@id":"https:\/\/buletin.de\/bucuresti\/procurorii-dna-l-au-retinut-pentru-24-de-ore-un-inspector-de-la-inspectoratul-regional-in-constructii-bucuresti-ilfov\/"},"author":{"name":"Teodora \u0218uta","@id":"https:\/\/buletin.de\/bucuresti\/#\/schema\/person\/5d54908fa90ab7ad3b2e88152efd6845"},"headline":"Procurorii DNA au re\u021binut, pentru 24 de ore, un inspector de la Inspectoratul Regional \u00een Construc\u021bii Bucure\u0219ti-Ilfov","datePublished":"2023-04-27T18:52:24+00:00","dateModified":"2023-04-27T19:08:51+00:00","mainEntityOfPage":{"@id":"https:\/\/buletin.de\/bucuresti\/procurorii-dna-l-au-retinut-pentru-24-de-ore-un-inspector-de-la-inspectoratul-regional-in-constructii-bucuresti-ilfov\/"},"wordCount":284,"publisher":{"@id":"https:\/\/buletin.de\/bucuresti\/#organization"},"image":{"@id":"https:\/\/buletin.de\/bucuresti\/procurorii-dna-l-au-retinut-pentru-24-de-ore-un-inspector-de-la-inspectoratul-regional-in-constructii-bucuresti-ilfov\/#primaryimage"},"thumbnailUrl":"https:\/\/buletin.de\/bucuresti\/wp-content\/uploads\/dna.jpg","articleSection":["\u0218tiri"],"inLanguage":"en-GB","copyrightYear":"2023","copyrightHolder":{"@id":"https:\/\/buletin.de\/bucuresti\/#organization"}},{"@type":"WebPage","@id":"https:\/\/buletin.de\/bucuresti\/procurorii-dna-l-au-retinut-pentru-24-de-ore-un-inspector-de-la-inspectoratul-regional-in-constructii-bucuresti-ilfov\/","url":"https:\/\/buletin.de\/bucuresti\/procurorii-dna-l-au-retinut-pentru-24-de-ore-un-inspector-de-la-inspectoratul-regional-in-constructii-bucuresti-ilfov\/","name":"Procurorii DNA au re\u021binut, pentru 24 de ore, un inspector de la Inspectoratul Regional \u00een Construc\u021bii Bucure\u0219ti-Ilfov - Buletin de Bucure\u0219ti","isPartOf":{"@id":"https:\/\/buletin.de\/bucuresti\/#website"},"primaryImageOfPage":{"@id":"https:\/\/buletin.de\/bucuresti\/procurorii-dna-l-au-retinut-pentru-24-de-ore-un-inspector-de-la-inspectoratul-regional-in-constructii-bucuresti-ilfov\/#primaryimage"},"image":{"@id":"https:\/\/buletin.de\/bucuresti\/procurorii-dna-l-au-retinut-pentru-24-de-ore-un-inspector-de-la-inspectoratul-regional-in-constructii-bucuresti-ilfov\/#primaryimage"},"thumbnailUrl":"https:\/\/buletin.de\/bucuresti\/wp-content\/uploads\/dna.jpg","datePublished":"2023-04-27T18:52:24+00:00","dateModified":"2023-04-27T19:08:51+00:00","breadcrumb":{"@id":"https:\/\/buletin.de\/bucuresti\/procurorii-dna-l-au-retinut-pentru-24-de-ore-un-inspector-de-la-inspectoratul-regional-in-constructii-bucuresti-ilfov\/#breadcrumb"},"inLanguage":"en-GB","potentialAction":[{"@type":"ReadAction","target":["https:\/\/buletin.de\/bucuresti\/procurorii-dna-l-au-retinut-pentru-24-de-ore-un-inspector-de-la-inspectoratul-regional-in-constructii-bucuresti-ilfov\/"]}]},{"@type":"ImageObject","inLanguage":"en-GB","@id":"https:\/\/buletin.de\/bucuresti\/procurorii-dna-l-au-retinut-pentru-24-de-ore-un-inspector-de-la-inspectoratul-regional-in-constructii-bucuresti-ilfov\/#primaryimage","url":"https:\/\/buletin.de\/bucuresti\/wp-content\/uploads\/dna.jpg","contentUrl":"https:\/\/buletin.de\/bucuresti\/wp-content\/uploads\/dna.jpg","width":1440,"height":1380},{"@type":"BreadcrumbList","@id":"https:\/\/buletin.de\/bucuresti\/procurorii-dna-l-au-retinut-pentru-24-de-ore-un-inspector-de-la-inspectoratul-regional-in-constructii-bucuresti-ilfov\/#breadcrumb","itemListElement":[{"@type":"ListItem","position":1,"name":"Acas\u0103","item":"https:\/\/buletin.de\/bucuresti\/"},{"@type":"ListItem","position":2,"name":"Procurorii DNA au re\u021binut, pentru 24 de ore, un inspector de la Inspectoratul Regional \u00een Construc\u021bii Bucure\u0219ti-Ilfov"}]},{"@type":"WebSite","@id":"https:\/\/buletin.de\/bucuresti\/#website","url":"https:\/\/buletin.de\/bucuresti\/","name":"Buletin de Bucure\u0219ti","description":"\u0218tiri \u0219i investiga\u021bii esen\u021biale din capital\u0103","publisher":{"@id":"https:\/\/buletin.de\/bucuresti\/#organization"},"potentialAction":[{"@type":"SearchAction","target":{"@type":"EntryPoint","urlTemplate":"https:\/\/buletin.de\/bucuresti\/?s={search_term_string}"},"query-input":{"@type":"PropertyValueSpecification","valueRequired":true,"valueName":"search_term_string"}}],"inLanguage":"en-GB"},{"@type":"Organization","@id":"https:\/\/buletin.de\/bucuresti\/#organization","name":"Buletin de Bucure\u0219ti","url":"https:\/\/buletin.de\/bucuresti\/","logo":{"@type":"ImageObject","inLanguage":"en-GB","@id":"https:\/\/buletin.de\/bucuresti\/#\/schema\/logo\/image\/","url":"https:\/\/buletin.de\/bucuresti\/wp-content\/uploads\/logo-bdb-full-wide-vernil-transparent.png","contentUrl":"https:\/\/buletin.de\/bucuresti\/wp-content\/uploads\/logo-bdb-full-wide-vernil-transparent.png","width":1782,"height":626,"caption":"Buletin de Bucure\u0219ti"},"image":{"@id":"https:\/\/buletin.de\/bucuresti\/#\/schema\/logo\/image\/"},"sameAs":["https:\/\/www.facebook.com\/buletin.de.buc","https:\/\/www.instagram.com\/buletinde.bucuresti\/"]},{"@type":"Person","@id":"https:\/\/buletin.de\/bucuresti\/#\/schema\/person\/5d54908fa90ab7ad3b2e88152efd6845","name":"Teodora \u0218uta","image":{"@type":"ImageObject","inLanguage":"en-GB","@id":"https:\/\/secure.gravatar.com\/avatar\/0c709226af9845d97b126aa0aa80ab42778847ec3d11d741016b74a61174088d?s=96&d=monsterid&r=gf2e0c6a01d766272c6fa8af9e494be28","url":"https:\/\/secure.gravatar.com\/avatar\/0c709226af9845d97b126aa0aa80ab42778847ec3d11d741016b74a61174088d?s=96&d=monsterid&r=g","contentUrl":"https:\/\/secure.gravatar.com\/avatar\/0c709226af9845d97b126aa0aa80ab42778847ec3d11d741016b74a61174088d?s=96&d=monsterid&r=g","caption":"Teodora \u0218uta"},"url":"https:\/\/buletin.de\/bucuresti\/author\/mariasuta\/"}]}},"authors":[{"term_id":22604,"user_id":45,"is_guest":0,"slug":"mariasuta","display_name":"Teodora \u0218uta","avatar_url":"https:\/\/secure.gravatar.com\/avatar\/0c709226af9845d97b126aa0aa80ab42778847ec3d11d741016b74a61174088d?s=96&d=monsterid&r=g","0":null,"1":"","2":"","3":"","4":"","5":"","6":"","7":"","8":""}],"_links":{"self":[{"href":"https:\/\/buletin.de\/bucuresti\/wp-json\/wp\/v2\/posts\/58053","targetHints":{"allow":["GET"]}}],"collection":[{"href":"https:\/\/buletin.de\/bucuresti\/wp-json\/wp\/v2\/posts"}],"about":[{"href":"https:\/\/buletin.de\/bucuresti\/wp-json\/wp\/v2\/types\/post"}],"author":[{"embeddable":true,"href":"https:\/\/buletin.de\/bucuresti\/wp-json\/wp\/v2\/users\/45"}],"replies":[{"embeddable":true,"href":"https:\/\/buletin.de\/bucuresti\/wp-json\/wp\/v2\/comments?post=58053"}],"version-history":[{"count":4,"href":"https:\/\/buletin.de\/bucuresti\/wp-json\/wp\/v2\/posts\/58053\/revisions"}],"predecessor-version":[{"id":58058,"href":"https:\/\/buletin.de\/bucuresti\/wp-json\/wp\/v2\/posts\/58053\/revisions\/58058"}],"wp:featuredmedia":[{"embeddable":true,"href":"https:\/\/buletin.de\/bucuresti\/wp-json\/wp\/v2\/media\/47137"}],"wp:attachment":[{"href":"https:\/\/buletin.de\/bucuresti\/wp-json\/wp\/v2\/media?parent=58053"}],"wp:term":[{"taxonomy":"category","embeddable":true,"href":"https:\/\/buletin.de\/bucuresti\/wp-json\/wp\/v2\/categories?post=58053"},{"taxonomy":"post_tag","embeddable":true,"href":"https:\/\/buletin.de\/bucuresti\/wp-json\/wp\/v2\/tags?post=58053"},{"taxonomy":"author","embeddable":true,"href":"https:\/\/buletin.de\/bucuresti\/wp-json\/wp\/v2\/ppma_author?post=58053"}],"curies":[{"name":"wp","href":"https:\/\/api.w.org\/{rel}","templated":true}]}}