{"id":58043,"date":"2023-04-27T07:59:37","date_gmt":"2023-04-27T05:59:37","guid":{"rendered":"https:\/\/buletin.de\/bucuresti\/?p=58043"},"modified":"2023-04-27T07:59:38","modified_gmt":"2023-04-27T05:59:38","slug":"accesul-pietonal-se-va-redeschide-pe-calea-victoriei-incepand-cu-weekendul-urmator","status":"publish","type":"post","link":"https:\/\/buletin.de\/bucuresti\/accesul-pietonal-se-va-redeschide-pe-calea-victoriei-incepand-cu-weekendul-urmator\/","title":{"rendered":"Accesul pietonal se va redeschide pe Calea Victoriei \u00eencep\u00e2nd cu weekendul urm\u0103tor"},"content":{"rendered":"\n<p>Primarul Capitalei, Nicu\u0219or Dan, a anun\u021bat desf\u0103\u0219urarea celui mai popular eveniment din aer liber \u201eStr\u0103zi deschise \u2013 Bucure\u015fti, Promenad\u0103 urban\u0103\u201d. Calea Victoriei va fi redeschis\u0103 din acest weekend p\u00e2n\u0103 pe 8 octombrie.<\/p>\n\n\n\n<p>Str\u0103zile din centrul ora\u0219ului, ce vor deveni accesibile pietonilor, vor g\u0103zdui numeroase evenimente artistice \u0219i educa\u021bionale, realizate \u00een colaborare cu teatre, institu\u021bii culturale, operatori independen\u021bi \u0219i arti\u0219ti. \u00cen primul weekend, programul artistic de pe Calea Victoriei va fi \u00een intervalul orar 10:00-22:00 \u0219i va cuprinde numere de circ pentru copii, expozi\u0163ii ale Muzeului Municipiului Bucure\u015fti la Casa Filipescu Cesianu, premiere teatrale din stagiunea Teatrului Masca sau \u00eent\u00e2lniri cu arti\u015fti animatori pe picioroange.<\/p>\n\n\n\n<p>\u00cen urm\u0103toarele weekenduri, evenimentul se va desf\u0103\u0219ura alternativ \u00een mai multe puncte din Bucure\u015fti, pentru a ajunge la c\u00e2t mai mul\u0163i locuitori ai ora\u0219ului. Anul trecut, peste 700.000 de bucure\u0219teni au participat la acest proiect care a implicat 1.000 de arti\u0219ti \u0219i 800 de evenimente, organizate pe 35 de str\u0103zi pietonale.<\/p>\n\n\n\n<p>Surs\u0103 foto: Pagina de Facebook Nicu\u0219or Dan<\/p>\n","protected":false},"excerpt":{"rendered":"<p>Primarul Capitalei, Nicu\u0219or Dan, a anun\u021bat desf\u0103\u0219urarea celui mai popular eveniment din aer liber \u201eStr\u0103zi deschise \u2013 Bucure\u015fti, Promenad\u0103 urban\u0103\u201d. Calea Victoriei va fi redeschis\u0103 din acest weekend p\u00e2n\u0103 pe 8 octombrie. Str\u0103zile din centrul ora\u0219ului, ce vor deveni accesibile pietonilor, vor g\u0103zdui numeroase evenimente artistice \u0219i educa\u021bionale, realizate \u00een colaborare cu teatre, institu\u021bii culturale, [&hellip;]<\/p>\n","protected":false},"author":45,"featured_media":58044,"comment_status":"closed","ping_status":"open","sticky":false,"template":"","format":"standard","meta":{"_acf_changed":false,"inline_featured_image":false,"ngg_post_thumbnail":0,"footnotes":""},"categories":[62],"tags":[],"ppma_author":[22604],"class_list":["post-58043","post","type-post","status-publish","format-standard","has-post-thumbnail","hentry","category-stiri"],"acf":[],"yoast_head":"<!-- This site is optimized with the Yoast SEO Premium plugin v25.3 (Yoast SEO v27.5) - https:\/\/yoast.com\/product\/yoast-seo-premium-wordpress\/ -->\n<title>Accesul pietonal se va redeschide pe Calea Victoriei \u00eencep\u00e2nd cu weekendul urm\u0103tor - Buletin de Bucure\u0219ti<\/title>\n<meta name=\"robots\" content=\"index, follow, max-snippet:-1, max-image-preview:large, max-video-preview:-1\" \/>\n<link rel=\"canonical\" href=\"https:\/\/buletin.de\/bucuresti\/accesul-pietonal-se-va-redeschide-pe-calea-victoriei-incepand-cu-weekendul-urmator\/\" \/>\n<meta property=\"og:locale\" content=\"en_GB\" \/>\n<meta property=\"og:type\" content=\"article\" \/>\n<meta property=\"og:title\" content=\"Accesul pietonal se va redeschide pe Calea Victoriei \u00eencep\u00e2nd cu weekendul urm\u0103tor\" \/>\n<meta property=\"og:description\" content=\"Primarul Capitalei, Nicu\u0219or Dan, a anun\u021bat desf\u0103\u0219urarea celui mai popular eveniment din aer liber \u201eStr\u0103zi deschise \u2013 Bucure\u015fti, Promenad\u0103 urban\u0103\u201d. Calea Victoriei va fi redeschis\u0103 din acest weekend p\u00e2n\u0103 pe 8 octombrie. Str\u0103zile din centrul ora\u0219ului, ce vor deveni accesibile pietonilor, vor g\u0103zdui numeroase evenimente artistice \u0219i educa\u021bionale, realizate \u00een colaborare cu teatre, institu\u021bii culturale, [&hellip;]\" \/>\n<meta property=\"og:url\" content=\"https:\/\/buletin.de\/bucuresti\/accesul-pietonal-se-va-redeschide-pe-calea-victoriei-incepand-cu-weekendul-urmator\/\" \/>\n<meta property=\"og:site_name\" content=\"Buletin de Bucure\u0219ti\" \/>\n<meta property=\"article:publisher\" content=\"https:\/\/www.facebook.com\/buletin.de.buc\" \/>\n<meta property=\"article:published_time\" content=\"2023-04-27T05:59:37+00:00\" \/>\n<meta property=\"article:modified_time\" content=\"2023-04-27T05:59:38+00:00\" \/>\n<meta property=\"og:image\" content=\"https:\/\/buletin.de\/bucuresti\/wp-content\/uploads\/343229238_270646698630972_509716852935213288_n.jpg\" \/>\n\t<meta property=\"og:image:width\" content=\"1280\" \/>\n\t<meta property=\"og:image:height\" content=\"576\" \/>\n\t<meta property=\"og:image:type\" content=\"image\/jpeg\" \/>\n<meta name=\"author\" content=\"Teodora \u0218uta\" \/>\n<meta name=\"twitter:card\" content=\"summary_large_image\" \/>\n<meta name=\"twitter:label1\" content=\"Written by\" \/>\n\t<meta name=\"twitter:data1\" content=\"Teodora \u0218uta\" \/>\n\t<meta name=\"twitter:label2\" content=\"Estimated reading time\" \/>\n\t<meta name=\"twitter:data2\" content=\"1 minute\" \/>\n<script type=\"application\/ld+json\" class=\"yoast-schema-graph\">{\"@context\":\"https:\\\/\\\/schema.org\",\"@graph\":[{\"@type\":\"Article\",\"@id\":\"https:\\\/\\\/buletin.de\\\/bucuresti\\\/accesul-pietonal-se-va-redeschide-pe-calea-victoriei-incepand-cu-weekendul-urmator\\\/#article\",\"isPartOf\":{\"@id\":\"https:\\\/\\\/buletin.de\\\/bucuresti\\\/accesul-pietonal-se-va-redeschide-pe-calea-victoriei-incepand-cu-weekendul-urmator\\\/\"},\"author\":{\"name\":\"Teodora \u0218uta\",\"@id\":\"https:\\\/\\\/buletin.de\\\/bucuresti\\\/#\\\/schema\\\/person\\\/5d54908fa90ab7ad3b2e88152efd6845\"},\"headline\":\"Accesul pietonal se va redeschide pe Calea Victoriei \u00eencep\u00e2nd cu weekendul urm\u0103tor\",\"datePublished\":\"2023-04-27T05:59:37+00:00\",\"dateModified\":\"2023-04-27T05:59:38+00:00\",\"mainEntityOfPage\":{\"@id\":\"https:\\\/\\\/buletin.de\\\/bucuresti\\\/accesul-pietonal-se-va-redeschide-pe-calea-victoriei-incepand-cu-weekendul-urmator\\\/\"},\"wordCount\":197,\"publisher\":{\"@id\":\"https:\\\/\\\/buletin.de\\\/bucuresti\\\/#organization\"},\"image\":{\"@id\":\"https:\\\/\\\/buletin.de\\\/bucuresti\\\/accesul-pietonal-se-va-redeschide-pe-calea-victoriei-incepand-cu-weekendul-urmator\\\/#primaryimage\"},\"thumbnailUrl\":\"https:\\\/\\\/buletin.de\\\/bucuresti\\\/wp-content\\\/uploads\\\/343229238_270646698630972_509716852935213288_n.jpg\",\"articleSection\":[\"\u0218tiri\"],\"inLanguage\":\"en-GB\",\"copyrightYear\":\"2023\",\"copyrightHolder\":{\"@id\":\"https:\\\/\\\/buletin.de\\\/bucuresti\\\/#organization\"}},{\"@type\":\"WebPage\",\"@id\":\"https:\\\/\\\/buletin.de\\\/bucuresti\\\/accesul-pietonal-se-va-redeschide-pe-calea-victoriei-incepand-cu-weekendul-urmator\\\/\",\"url\":\"https:\\\/\\\/buletin.de\\\/bucuresti\\\/accesul-pietonal-se-va-redeschide-pe-calea-victoriei-incepand-cu-weekendul-urmator\\\/\",\"name\":\"Accesul pietonal se va redeschide pe Calea Victoriei \u00eencep\u00e2nd cu weekendul urm\u0103tor - Buletin de Bucure\u0219ti\",\"isPartOf\":{\"@id\":\"https:\\\/\\\/buletin.de\\\/bucuresti\\\/#website\"},\"primaryImageOfPage\":{\"@id\":\"https:\\\/\\\/buletin.de\\\/bucuresti\\\/accesul-pietonal-se-va-redeschide-pe-calea-victoriei-incepand-cu-weekendul-urmator\\\/#primaryimage\"},\"image\":{\"@id\":\"https:\\\/\\\/buletin.de\\\/bucuresti\\\/accesul-pietonal-se-va-redeschide-pe-calea-victoriei-incepand-cu-weekendul-urmator\\\/#primaryimage\"},\"thumbnailUrl\":\"https:\\\/\\\/buletin.de\\\/bucuresti\\\/wp-content\\\/uploads\\\/343229238_270646698630972_509716852935213288_n.jpg\",\"datePublished\":\"2023-04-27T05:59:37+00:00\",\"dateModified\":\"2023-04-27T05:59:38+00:00\",\"breadcrumb\":{\"@id\":\"https:\\\/\\\/buletin.de\\\/bucuresti\\\/accesul-pietonal-se-va-redeschide-pe-calea-victoriei-incepand-cu-weekendul-urmator\\\/#breadcrumb\"},\"inLanguage\":\"en-GB\",\"potentialAction\":[{\"@type\":\"ReadAction\",\"target\":[\"https:\\\/\\\/buletin.de\\\/bucuresti\\\/accesul-pietonal-se-va-redeschide-pe-calea-victoriei-incepand-cu-weekendul-urmator\\\/\"]}]},{\"@type\":\"ImageObject\",\"inLanguage\":\"en-GB\",\"@id\":\"https:\\\/\\\/buletin.de\\\/bucuresti\\\/accesul-pietonal-se-va-redeschide-pe-calea-victoriei-incepand-cu-weekendul-urmator\\\/#primaryimage\",\"url\":\"https:\\\/\\\/buletin.de\\\/bucuresti\\\/wp-content\\\/uploads\\\/343229238_270646698630972_509716852935213288_n.jpg\",\"contentUrl\":\"https:\\\/\\\/buletin.de\\\/bucuresti\\\/wp-content\\\/uploads\\\/343229238_270646698630972_509716852935213288_n.jpg\",\"width\":1280,\"height\":576},{\"@type\":\"BreadcrumbList\",\"@id\":\"https:\\\/\\\/buletin.de\\\/bucuresti\\\/accesul-pietonal-se-va-redeschide-pe-calea-victoriei-incepand-cu-weekendul-urmator\\\/#breadcrumb\",\"itemListElement\":[{\"@type\":\"ListItem\",\"position\":1,\"name\":\"Acas\u0103\",\"item\":\"https:\\\/\\\/buletin.de\\\/bucuresti\\\/\"},{\"@type\":\"ListItem\",\"position\":2,\"name\":\"Accesul pietonal se va redeschide pe Calea Victoriei \u00eencep\u00e2nd cu weekendul urm\u0103tor\"}]},{\"@type\":\"WebSite\",\"@id\":\"https:\\\/\\\/buletin.de\\\/bucuresti\\\/#website\",\"url\":\"https:\\\/\\\/buletin.de\\\/bucuresti\\\/\",\"name\":\"Buletin de Bucure\u0219ti\",\"description\":\"\u0218tiri \u0219i investiga\u021bii esen\u021biale din capital\u0103\",\"publisher\":{\"@id\":\"https:\\\/\\\/buletin.de\\\/bucuresti\\\/#organization\"},\"potentialAction\":[{\"@type\":\"SearchAction\",\"target\":{\"@type\":\"EntryPoint\",\"urlTemplate\":\"https:\\\/\\\/buletin.de\\\/bucuresti\\\/?s={search_term_string}\"},\"query-input\":{\"@type\":\"PropertyValueSpecification\",\"valueRequired\":true,\"valueName\":\"search_term_string\"}}],\"inLanguage\":\"en-GB\"},{\"@type\":\"Organization\",\"@id\":\"https:\\\/\\\/buletin.de\\\/bucuresti\\\/#organization\",\"name\":\"Buletin de Bucure\u0219ti\",\"url\":\"https:\\\/\\\/buletin.de\\\/bucuresti\\\/\",\"logo\":{\"@type\":\"ImageObject\",\"inLanguage\":\"en-GB\",\"@id\":\"https:\\\/\\\/buletin.de\\\/bucuresti\\\/#\\\/schema\\\/logo\\\/image\\\/\",\"url\":\"https:\\\/\\\/buletin.de\\\/bucuresti\\\/wp-content\\\/uploads\\\/logo-bdb-full-wide-vernil-transparent.png\",\"contentUrl\":\"https:\\\/\\\/buletin.de\\\/bucuresti\\\/wp-content\\\/uploads\\\/logo-bdb-full-wide-vernil-transparent.png\",\"width\":1782,\"height\":626,\"caption\":\"Buletin de Bucure\u0219ti\"},\"image\":{\"@id\":\"https:\\\/\\\/buletin.de\\\/bucuresti\\\/#\\\/schema\\\/logo\\\/image\\\/\"},\"sameAs\":[\"https:\\\/\\\/www.facebook.com\\\/buletin.de.buc\",\"https:\\\/\\\/www.instagram.com\\\/buletinde.bucuresti\\\/\"]},{\"@type\":\"Person\",\"@id\":\"https:\\\/\\\/buletin.de\\\/bucuresti\\\/#\\\/schema\\\/person\\\/5d54908fa90ab7ad3b2e88152efd6845\",\"name\":\"Teodora \u0218uta\",\"image\":{\"@type\":\"ImageObject\",\"inLanguage\":\"en-GB\",\"@id\":\"https:\\\/\\\/secure.gravatar.com\\\/avatar\\\/0c709226af9845d97b126aa0aa80ab42778847ec3d11d741016b74a61174088d?s=96&d=monsterid&r=gf2e0c6a01d766272c6fa8af9e494be28\",\"url\":\"https:\\\/\\\/secure.gravatar.com\\\/avatar\\\/0c709226af9845d97b126aa0aa80ab42778847ec3d11d741016b74a61174088d?s=96&d=monsterid&r=g\",\"contentUrl\":\"https:\\\/\\\/secure.gravatar.com\\\/avatar\\\/0c709226af9845d97b126aa0aa80ab42778847ec3d11d741016b74a61174088d?s=96&d=monsterid&r=g\",\"caption\":\"Teodora \u0218uta\"},\"url\":\"https:\\\/\\\/buletin.de\\\/bucuresti\\\/author\\\/mariasuta\\\/\"}]}<\/script>\n<!-- \/ Yoast SEO Premium plugin. -->","yoast_head_json":{"title":"Accesul pietonal se va redeschide pe Calea Victoriei \u00eencep\u00e2nd cu weekendul urm\u0103tor - Buletin de Bucure\u0219ti","robots":{"index":"index","follow":"follow","max-snippet":"max-snippet:-1","max-image-preview":"max-image-preview:large","max-video-preview":"max-video-preview:-1"},"canonical":"https:\/\/buletin.de\/bucuresti\/accesul-pietonal-se-va-redeschide-pe-calea-victoriei-incepand-cu-weekendul-urmator\/","og_locale":"en_GB","og_type":"article","og_title":"Accesul pietonal se va redeschide pe Calea Victoriei \u00eencep\u00e2nd cu weekendul urm\u0103tor","og_description":"Primarul Capitalei, Nicu\u0219or Dan, a anun\u021bat desf\u0103\u0219urarea celui mai popular eveniment din aer liber \u201eStr\u0103zi deschise \u2013 Bucure\u015fti, Promenad\u0103 urban\u0103\u201d. Calea Victoriei va fi redeschis\u0103 din acest weekend p\u00e2n\u0103 pe 8 octombrie. Str\u0103zile din centrul ora\u0219ului, ce vor deveni accesibile pietonilor, vor g\u0103zdui numeroase evenimente artistice \u0219i educa\u021bionale, realizate \u00een colaborare cu teatre, institu\u021bii culturale, [&hellip;]","og_url":"https:\/\/buletin.de\/bucuresti\/accesul-pietonal-se-va-redeschide-pe-calea-victoriei-incepand-cu-weekendul-urmator\/","og_site_name":"Buletin de Bucure\u0219ti","article_publisher":"https:\/\/www.facebook.com\/buletin.de.buc","article_published_time":"2023-04-27T05:59:37+00:00","article_modified_time":"2023-04-27T05:59:38+00:00","og_image":[{"width":1280,"height":576,"url":"https:\/\/buletin.de\/bucuresti\/wp-content\/uploads\/343229238_270646698630972_509716852935213288_n.jpg","type":"image\/jpeg"}],"author":"Teodora \u0218uta","twitter_card":"summary_large_image","twitter_misc":{"Written by":"Teodora \u0218uta","Estimated reading time":"1 minute"},"schema":{"@context":"https:\/\/schema.org","@graph":[{"@type":"Article","@id":"https:\/\/buletin.de\/bucuresti\/accesul-pietonal-se-va-redeschide-pe-calea-victoriei-incepand-cu-weekendul-urmator\/#article","isPartOf":{"@id":"https:\/\/buletin.de\/bucuresti\/accesul-pietonal-se-va-redeschide-pe-calea-victoriei-incepand-cu-weekendul-urmator\/"},"author":{"name":"Teodora \u0218uta","@id":"https:\/\/buletin.de\/bucuresti\/#\/schema\/person\/5d54908fa90ab7ad3b2e88152efd6845"},"headline":"Accesul pietonal se va redeschide pe Calea Victoriei \u00eencep\u00e2nd cu weekendul urm\u0103tor","datePublished":"2023-04-27T05:59:37+00:00","dateModified":"2023-04-27T05:59:38+00:00","mainEntityOfPage":{"@id":"https:\/\/buletin.de\/bucuresti\/accesul-pietonal-se-va-redeschide-pe-calea-victoriei-incepand-cu-weekendul-urmator\/"},"wordCount":197,"publisher":{"@id":"https:\/\/buletin.de\/bucuresti\/#organization"},"image":{"@id":"https:\/\/buletin.de\/bucuresti\/accesul-pietonal-se-va-redeschide-pe-calea-victoriei-incepand-cu-weekendul-urmator\/#primaryimage"},"thumbnailUrl":"https:\/\/buletin.de\/bucuresti\/wp-content\/uploads\/343229238_270646698630972_509716852935213288_n.jpg","articleSection":["\u0218tiri"],"inLanguage":"en-GB","copyrightYear":"2023","copyrightHolder":{"@id":"https:\/\/buletin.de\/bucuresti\/#organization"}},{"@type":"WebPage","@id":"https:\/\/buletin.de\/bucuresti\/accesul-pietonal-se-va-redeschide-pe-calea-victoriei-incepand-cu-weekendul-urmator\/","url":"https:\/\/buletin.de\/bucuresti\/accesul-pietonal-se-va-redeschide-pe-calea-victoriei-incepand-cu-weekendul-urmator\/","name":"Accesul pietonal se va redeschide pe Calea Victoriei \u00eencep\u00e2nd cu weekendul urm\u0103tor - Buletin de Bucure\u0219ti","isPartOf":{"@id":"https:\/\/buletin.de\/bucuresti\/#website"},"primaryImageOfPage":{"@id":"https:\/\/buletin.de\/bucuresti\/accesul-pietonal-se-va-redeschide-pe-calea-victoriei-incepand-cu-weekendul-urmator\/#primaryimage"},"image":{"@id":"https:\/\/buletin.de\/bucuresti\/accesul-pietonal-se-va-redeschide-pe-calea-victoriei-incepand-cu-weekendul-urmator\/#primaryimage"},"thumbnailUrl":"https:\/\/buletin.de\/bucuresti\/wp-content\/uploads\/343229238_270646698630972_509716852935213288_n.jpg","datePublished":"2023-04-27T05:59:37+00:00","dateModified":"2023-04-27T05:59:38+00:00","breadcrumb":{"@id":"https:\/\/buletin.de\/bucuresti\/accesul-pietonal-se-va-redeschide-pe-calea-victoriei-incepand-cu-weekendul-urmator\/#breadcrumb"},"inLanguage":"en-GB","potentialAction":[{"@type":"ReadAction","target":["https:\/\/buletin.de\/bucuresti\/accesul-pietonal-se-va-redeschide-pe-calea-victoriei-incepand-cu-weekendul-urmator\/"]}]},{"@type":"ImageObject","inLanguage":"en-GB","@id":"https:\/\/buletin.de\/bucuresti\/accesul-pietonal-se-va-redeschide-pe-calea-victoriei-incepand-cu-weekendul-urmator\/#primaryimage","url":"https:\/\/buletin.de\/bucuresti\/wp-content\/uploads\/343229238_270646698630972_509716852935213288_n.jpg","contentUrl":"https:\/\/buletin.de\/bucuresti\/wp-content\/uploads\/343229238_270646698630972_509716852935213288_n.jpg","width":1280,"height":576},{"@type":"BreadcrumbList","@id":"https:\/\/buletin.de\/bucuresti\/accesul-pietonal-se-va-redeschide-pe-calea-victoriei-incepand-cu-weekendul-urmator\/#breadcrumb","itemListElement":[{"@type":"ListItem","position":1,"name":"Acas\u0103","item":"https:\/\/buletin.de\/bucuresti\/"},{"@type":"ListItem","position":2,"name":"Accesul pietonal se va redeschide pe Calea Victoriei \u00eencep\u00e2nd cu weekendul urm\u0103tor"}]},{"@type":"WebSite","@id":"https:\/\/buletin.de\/bucuresti\/#website","url":"https:\/\/buletin.de\/bucuresti\/","name":"Buletin de Bucure\u0219ti","description":"\u0218tiri \u0219i investiga\u021bii esen\u021biale din capital\u0103","publisher":{"@id":"https:\/\/buletin.de\/bucuresti\/#organization"},"potentialAction":[{"@type":"SearchAction","target":{"@type":"EntryPoint","urlTemplate":"https:\/\/buletin.de\/bucuresti\/?s={search_term_string}"},"query-input":{"@type":"PropertyValueSpecification","valueRequired":true,"valueName":"search_term_string"}}],"inLanguage":"en-GB"},{"@type":"Organization","@id":"https:\/\/buletin.de\/bucuresti\/#organization","name":"Buletin de Bucure\u0219ti","url":"https:\/\/buletin.de\/bucuresti\/","logo":{"@type":"ImageObject","inLanguage":"en-GB","@id":"https:\/\/buletin.de\/bucuresti\/#\/schema\/logo\/image\/","url":"https:\/\/buletin.de\/bucuresti\/wp-content\/uploads\/logo-bdb-full-wide-vernil-transparent.png","contentUrl":"https:\/\/buletin.de\/bucuresti\/wp-content\/uploads\/logo-bdb-full-wide-vernil-transparent.png","width":1782,"height":626,"caption":"Buletin de Bucure\u0219ti"},"image":{"@id":"https:\/\/buletin.de\/bucuresti\/#\/schema\/logo\/image\/"},"sameAs":["https:\/\/www.facebook.com\/buletin.de.buc","https:\/\/www.instagram.com\/buletinde.bucuresti\/"]},{"@type":"Person","@id":"https:\/\/buletin.de\/bucuresti\/#\/schema\/person\/5d54908fa90ab7ad3b2e88152efd6845","name":"Teodora \u0218uta","image":{"@type":"ImageObject","inLanguage":"en-GB","@id":"https:\/\/secure.gravatar.com\/avatar\/0c709226af9845d97b126aa0aa80ab42778847ec3d11d741016b74a61174088d?s=96&d=monsterid&r=gf2e0c6a01d766272c6fa8af9e494be28","url":"https:\/\/secure.gravatar.com\/avatar\/0c709226af9845d97b126aa0aa80ab42778847ec3d11d741016b74a61174088d?s=96&d=monsterid&r=g","contentUrl":"https:\/\/secure.gravatar.com\/avatar\/0c709226af9845d97b126aa0aa80ab42778847ec3d11d741016b74a61174088d?s=96&d=monsterid&r=g","caption":"Teodora \u0218uta"},"url":"https:\/\/buletin.de\/bucuresti\/author\/mariasuta\/"}]}},"authors":[{"term_id":22604,"user_id":45,"is_guest":0,"slug":"mariasuta","display_name":"Teodora \u0218uta","avatar_url":"https:\/\/secure.gravatar.com\/avatar\/0c709226af9845d97b126aa0aa80ab42778847ec3d11d741016b74a61174088d?s=96&d=monsterid&r=g","0":null,"1":"","2":"","3":"","4":"","5":"","6":"","7":"","8":""}],"_links":{"self":[{"href":"https:\/\/buletin.de\/bucuresti\/wp-json\/wp\/v2\/posts\/58043","targetHints":{"allow":["GET"]}}],"collection":[{"href":"https:\/\/buletin.de\/bucuresti\/wp-json\/wp\/v2\/posts"}],"about":[{"href":"https:\/\/buletin.de\/bucuresti\/wp-json\/wp\/v2\/types\/post"}],"author":[{"embeddable":true,"href":"https:\/\/buletin.de\/bucuresti\/wp-json\/wp\/v2\/users\/45"}],"replies":[{"embeddable":true,"href":"https:\/\/buletin.de\/bucuresti\/wp-json\/wp\/v2\/comments?post=58043"}],"version-history":[{"count":1,"href":"https:\/\/buletin.de\/bucuresti\/wp-json\/wp\/v2\/posts\/58043\/revisions"}],"predecessor-version":[{"id":58045,"href":"https:\/\/buletin.de\/bucuresti\/wp-json\/wp\/v2\/posts\/58043\/revisions\/58045"}],"wp:featuredmedia":[{"embeddable":true,"href":"https:\/\/buletin.de\/bucuresti\/wp-json\/wp\/v2\/media\/58044"}],"wp:attachment":[{"href":"https:\/\/buletin.de\/bucuresti\/wp-json\/wp\/v2\/media?parent=58043"}],"wp:term":[{"taxonomy":"category","embeddable":true,"href":"https:\/\/buletin.de\/bucuresti\/wp-json\/wp\/v2\/categories?post=58043"},{"taxonomy":"post_tag","embeddable":true,"href":"https:\/\/buletin.de\/bucuresti\/wp-json\/wp\/v2\/tags?post=58043"},{"taxonomy":"author","embeddable":true,"href":"https:\/\/buletin.de\/bucuresti\/wp-json\/wp\/v2\/ppma_author?post=58043"}],"curies":[{"name":"wp","href":"https:\/\/api.w.org\/{rel}","templated":true}]}}