{"id":58034,"date":"2023-04-27T07:08:41","date_gmt":"2023-04-27T05:08:41","guid":{"rendered":"https:\/\/buletin.de\/bucuresti\/?p=58034"},"modified":"2023-04-27T07:08:42","modified_gmt":"2023-04-27T05:08:42","slug":"restrictii-de-circulatie-cu-ocazia-sarbatoririi-zilei-infanteriei-romane","status":"publish","type":"post","link":"https:\/\/buletin.de\/bucuresti\/restrictii-de-circulatie-cu-ocazia-sarbatoririi-zilei-infanteriei-romane\/","title":{"rendered":"Restric\u021bii de circula\u021bie cu ocazia s\u0103rb\u0103toririi Zilei Infanteriei Rom\u00e2ne"},"content":{"rendered":"\n<p><strong>Traficul rutier va fi restric\u021bionat joi, 27 aprilie, \u00eentre orele 09:00-14:00 pe \u0218oseaua Kiseleff, benzile 3 \u0219i 4 de circula\u021bie, de la intersec\u021bia cu Str. Arh. Ion Mincu, p\u00e2n\u0103 la Str. Monet\u0103riei, cu ocazia desf\u0103\u0219ur\u0103rii unui eveniment \u00een contextul s\u0103rb\u0103toririi Zilei Infanteriei Rom\u00e2ne.<\/strong><\/p>\n\n\n\n<figure class=\"wp-block-image size-large\"><img fetchpriority=\"high\" decoding=\"async\" width=\"900\" height=\"600\" src=\"data:image\/gif;base64,R0lGODlhAQABAAAAACH5BAEKAAEALAAAAAABAAEAAAICTAEAOw==\" data-src=\"https:\/\/buletin.de\/bucuresti\/wp-content\/uploads\/278578364_366611712168782_3304973465309489451_n-1-900x600.jpg\" alt=\"\" class=\"wp-image-58036 lazyload\" data-sizes=\"auto\" data-srcset=\"https:\/\/buletin.de\/bucuresti\/wp-content\/uploads\/278578364_366611712168782_3304973465309489451_n-1-900x600.jpg 900w, https:\/\/buletin.de\/bucuresti\/wp-content\/uploads\/278578364_366611712168782_3304973465309489451_n-1-300x200.jpg 300w, https:\/\/buletin.de\/bucuresti\/wp-content\/uploads\/278578364_366611712168782_3304973465309489451_n-1-768x512.jpg 768w, https:\/\/buletin.de\/bucuresti\/wp-content\/uploads\/278578364_366611712168782_3304973465309489451_n-1-1536x1024.jpg 1536w, https:\/\/buletin.de\/bucuresti\/wp-content\/uploads\/278578364_366611712168782_3304973465309489451_n-1-1060x706.jpg 1060w, https:\/\/buletin.de\/bucuresti\/wp-content\/uploads\/278578364_366611712168782_3304973465309489451_n-1-550x367.jpg 550w, https:\/\/buletin.de\/bucuresti\/wp-content\/uploads\/278578364_366611712168782_3304973465309489451_n-1-750x500.jpg 750w, https:\/\/buletin.de\/bucuresti\/wp-content\/uploads\/278578364_366611712168782_3304973465309489451_n-1-1920x1280.jpg 1920w, https:\/\/buletin.de\/bucuresti\/wp-content\/uploads\/278578364_366611712168782_3304973465309489451_n-1-1620x1080.jpg 1620w, https:\/\/buletin.de\/bucuresti\/wp-content\/uploads\/278578364_366611712168782_3304973465309489451_n-1-600x400.jpg 600w, https:\/\/buletin.de\/bucuresti\/wp-content\/uploads\/278578364_366611712168782_3304973465309489451_n-1.jpg 2000w\" sizes=\"(max-width: 900px) 100vw, 900px\" \/><figcaption>Surs\u0103 foto: Facebook, For\u021bele Terestre Rom\u00e2ne <\/figcaption><\/figure>\n\n\n\n<p>Ministerul Ap\u0103r\u0103rii Na\u021bionale \u2013 Comandamentul Garnizoanei Bucure\u0219ti va organiza joi, 27 aprilie, \u00eentre orele 10:00-14:00, la Monumentul Infanteriei din fa\u021ba parcului Kiseleff, o activitate de comemorare cu prilejul s\u0103rb\u0103toririi Zilei Infanteriei Rom\u00e2ne. \u00cen acest context, \u00eentre orele 09.00-14.00, se va restric\u021biona circula\u021bia pe \u0218os. Kiseleff, benzile 3 \u0219i 4 de circula\u021bie, de la intersec\u021bia cu Str. Arh. Ion Mincu, p\u00e2n\u0103 la Str. Monet\u0103riei, informeaz\u0103 Brigada Rutier\u0103.<\/p>\n\n\n\n<figure class=\"wp-block-image size-large\"><img decoding=\"async\" width=\"508\" height=\"900\" src=\"data:image\/gif;base64,R0lGODlhAQABAAAAACH5BAEKAAEALAAAAAABAAEAAAICTAEAOw==\" data-src=\"https:\/\/buletin.de\/bucuresti\/wp-content\/uploads\/279241538_366614325501854_2656747623117540932_n-508x900.jpg\" alt=\"\" class=\"wp-image-58037 lazyload\" data-sizes=\"auto\" data-srcset=\"https:\/\/buletin.de\/bucuresti\/wp-content\/uploads\/279241538_366614325501854_2656747623117540932_n-508x900.jpg 508w, https:\/\/buletin.de\/bucuresti\/wp-content\/uploads\/279241538_366614325501854_2656747623117540932_n-169x300.jpg 169w, https:\/\/buletin.de\/bucuresti\/wp-content\/uploads\/279241538_366614325501854_2656747623117540932_n-768x1362.jpg 768w, https:\/\/buletin.de\/bucuresti\/wp-content\/uploads\/279241538_366614325501854_2656747623117540932_n-866x1536.jpg 866w, https:\/\/buletin.de\/bucuresti\/wp-content\/uploads\/279241538_366614325501854_2656747623117540932_n-1060x1879.jpg 1060w, https:\/\/buletin.de\/bucuresti\/wp-content\/uploads\/279241538_366614325501854_2656747623117540932_n-550x975.jpg 550w, https:\/\/buletin.de\/bucuresti\/wp-content\/uploads\/279241538_366614325501854_2656747623117540932_n-282x500.jpg 282w, https:\/\/buletin.de\/bucuresti\/wp-content\/uploads\/279241538_366614325501854_2656747623117540932_n-609x1080.jpg 609w, https:\/\/buletin.de\/bucuresti\/wp-content\/uploads\/279241538_366614325501854_2656747623117540932_n-600x1064.jpg 600w, https:\/\/buletin.de\/bucuresti\/wp-content\/uploads\/279241538_366614325501854_2656747623117540932_n.jpg 1128w\" sizes=\"(max-width: 508px) 100vw, 508px\" \/><figcaption>Surs\u0103 foto: Facebook, For\u021bele Terestre Rom\u00e2ne<\/figcaption><\/figure>\n\n\n\n<p>Pentru buna desf\u0103\u0219urare a evenimentului, se va elibera parcarea \u00een alveolele st\u00e2nga \u0219i dreapta de pe \u0218os. Kiseleff din dreptul Monumentului Infanteriei, \u00eencep\u00e2nd cu data de 26 aprilie, orele 21.00 p\u00e2n\u0103 \u00een data de 27 aprilie, ora 14.00.<\/p>\n\n\n\n<p>Brigada Rutier\u0103 solicit\u0103 conduc\u0103torilor de autovehicule s\u0103 circule cu pruden\u0163\u0103, s\u0103 respecte semnalele poli\u0163i\u015ftilor rutieri \u0219i s\u0103 evite pe timpul deplas\u0103rii manifest\u0103rile de natur\u0103 a pune \u00een pericol siguran\u021ba lor, dar \u0219i a celorlal\u021bi participan\u021bi la trafic.<\/p>\n\n\n\n<p>Pietonilor le recomand\u0103 s\u0103 circule doar pe trotuare, traversarea str\u0103zii s\u0103 o realizeze doar prin locurile special amenajate \u0219i la culoarea verde a semaforului electric, dup\u0103 ce s-au asigurat temeinic, iar conduc\u0103torii de vehicule le-au \u00een\u021beles inten\u021bia de a traversa.<\/p>\n","protected":false},"excerpt":{"rendered":"<p>Traficul rutier va fi restric\u021bionat joi, 27 aprilie, \u00eentre orele 09:00-14:00 pe \u0218oseaua Kiseleff, benzile 3 \u0219i 4 de circula\u021bie, de la intersec\u021bia cu Str. Arh. Ion Mincu, p\u00e2n\u0103 la Str. Monet\u0103riei, cu ocazia desf\u0103\u0219ur\u0103rii unui eveniment \u00een contextul s\u0103rb\u0103toririi Zilei Infanteriei Rom\u00e2ne. Ministerul Ap\u0103r\u0103rii Na\u021bionale \u2013 Comandamentul Garnizoanei Bucure\u0219ti va organiza joi, 27 aprilie, [&hellip;]<\/p>\n","protected":false},"author":46,"featured_media":58035,"comment_status":"closed","ping_status":"open","sticky":false,"template":"","format":"standard","meta":{"_acf_changed":false,"inline_featured_image":false,"ngg_post_thumbnail":0,"footnotes":""},"categories":[62],"tags":[],"ppma_author":[22605],"class_list":["post-58034","post","type-post","status-publish","format-standard","has-post-thumbnail","hentry","category-stiri"],"acf":[],"yoast_head":"<!-- This site is optimized with the Yoast SEO Premium plugin v25.3 (Yoast SEO v27.5) - https:\/\/yoast.com\/product\/yoast-seo-premium-wordpress\/ -->\n<title>Restric\u021bii de circula\u021bie cu ocazia s\u0103rb\u0103toririi Zilei Infanteriei Rom\u00e2ne - Buletin de Bucure\u0219ti<\/title>\n<meta name=\"robots\" content=\"index, follow, max-snippet:-1, max-image-preview:large, max-video-preview:-1\" \/>\n<link rel=\"canonical\" href=\"https:\/\/buletin.de\/bucuresti\/restrictii-de-circulatie-cu-ocazia-sarbatoririi-zilei-infanteriei-romane\/\" \/>\n<meta property=\"og:locale\" content=\"en_GB\" \/>\n<meta property=\"og:type\" content=\"article\" \/>\n<meta property=\"og:title\" content=\"Restric\u021bii de circula\u021bie cu ocazia s\u0103rb\u0103toririi Zilei Infanteriei Rom\u00e2ne\" \/>\n<meta property=\"og:description\" content=\"Traficul rutier va fi restric\u021bionat joi, 27 aprilie, \u00eentre orele 09:00-14:00 pe \u0218oseaua Kiseleff, benzile 3 \u0219i 4 de circula\u021bie, de la intersec\u021bia cu Str. Arh. Ion Mincu, p\u00e2n\u0103 la Str. Monet\u0103riei, cu ocazia desf\u0103\u0219ur\u0103rii unui eveniment \u00een contextul s\u0103rb\u0103toririi Zilei Infanteriei Rom\u00e2ne. Ministerul Ap\u0103r\u0103rii Na\u021bionale \u2013 Comandamentul Garnizoanei Bucure\u0219ti va organiza joi, 27 aprilie, [&hellip;]\" \/>\n<meta property=\"og:url\" content=\"https:\/\/buletin.de\/bucuresti\/restrictii-de-circulatie-cu-ocazia-sarbatoririi-zilei-infanteriei-romane\/\" \/>\n<meta property=\"og:site_name\" content=\"Buletin de Bucure\u0219ti\" \/>\n<meta property=\"article:publisher\" content=\"https:\/\/www.facebook.com\/buletin.de.buc\" \/>\n<meta property=\"article:published_time\" content=\"2023-04-27T05:08:41+00:00\" \/>\n<meta property=\"article:modified_time\" content=\"2023-04-27T05:08:42+00:00\" \/>\n<meta property=\"og:image\" content=\"https:\/\/buletin.de\/bucuresti\/wp-content\/uploads\/278578364_366611712168782_3304973465309489451_n.jpg\" \/>\n\t<meta property=\"og:image:width\" content=\"2000\" \/>\n\t<meta property=\"og:image:height\" content=\"1333\" \/>\n\t<meta property=\"og:image:type\" content=\"image\/jpeg\" \/>\n<meta name=\"author\" content=\"Andreea Gelatu\" \/>\n<meta name=\"twitter:card\" content=\"summary_large_image\" \/>\n<meta name=\"twitter:label1\" content=\"Written by\" \/>\n\t<meta name=\"twitter:data1\" content=\"Andreea Gelatu\" \/>\n\t<meta name=\"twitter:label2\" content=\"Estimated reading time\" \/>\n\t<meta name=\"twitter:data2\" content=\"2 minutes\" \/>\n<script type=\"application\/ld+json\" class=\"yoast-schema-graph\">{\"@context\":\"https:\\\/\\\/schema.org\",\"@graph\":[{\"@type\":\"Article\",\"@id\":\"https:\\\/\\\/buletin.de\\\/bucuresti\\\/restrictii-de-circulatie-cu-ocazia-sarbatoririi-zilei-infanteriei-romane\\\/#article\",\"isPartOf\":{\"@id\":\"https:\\\/\\\/buletin.de\\\/bucuresti\\\/restrictii-de-circulatie-cu-ocazia-sarbatoririi-zilei-infanteriei-romane\\\/\"},\"author\":{\"name\":\"Andreea Gelatu\",\"@id\":\"https:\\\/\\\/buletin.de\\\/bucuresti\\\/#\\\/schema\\\/person\\\/87734700b2c7f8608881f7e93b8834de\"},\"headline\":\"Restric\u021bii de circula\u021bie cu ocazia s\u0103rb\u0103toririi Zilei Infanteriei Rom\u00e2ne\",\"datePublished\":\"2023-04-27T05:08:41+00:00\",\"dateModified\":\"2023-04-27T05:08:42+00:00\",\"mainEntityOfPage\":{\"@id\":\"https:\\\/\\\/buletin.de\\\/bucuresti\\\/restrictii-de-circulatie-cu-ocazia-sarbatoririi-zilei-infanteriei-romane\\\/\"},\"wordCount\":283,\"publisher\":{\"@id\":\"https:\\\/\\\/buletin.de\\\/bucuresti\\\/#organization\"},\"image\":{\"@id\":\"https:\\\/\\\/buletin.de\\\/bucuresti\\\/restrictii-de-circulatie-cu-ocazia-sarbatoririi-zilei-infanteriei-romane\\\/#primaryimage\"},\"thumbnailUrl\":\"https:\\\/\\\/buletin.de\\\/bucuresti\\\/wp-content\\\/uploads\\\/278578364_366611712168782_3304973465309489451_n.jpg\",\"articleSection\":[\"\u0218tiri\"],\"inLanguage\":\"en-GB\",\"copyrightYear\":\"2023\",\"copyrightHolder\":{\"@id\":\"https:\\\/\\\/buletin.de\\\/bucuresti\\\/#organization\"}},{\"@type\":\"WebPage\",\"@id\":\"https:\\\/\\\/buletin.de\\\/bucuresti\\\/restrictii-de-circulatie-cu-ocazia-sarbatoririi-zilei-infanteriei-romane\\\/\",\"url\":\"https:\\\/\\\/buletin.de\\\/bucuresti\\\/restrictii-de-circulatie-cu-ocazia-sarbatoririi-zilei-infanteriei-romane\\\/\",\"name\":\"Restric\u021bii de circula\u021bie cu ocazia s\u0103rb\u0103toririi Zilei Infanteriei Rom\u00e2ne - Buletin de Bucure\u0219ti\",\"isPartOf\":{\"@id\":\"https:\\\/\\\/buletin.de\\\/bucuresti\\\/#website\"},\"primaryImageOfPage\":{\"@id\":\"https:\\\/\\\/buletin.de\\\/bucuresti\\\/restrictii-de-circulatie-cu-ocazia-sarbatoririi-zilei-infanteriei-romane\\\/#primaryimage\"},\"image\":{\"@id\":\"https:\\\/\\\/buletin.de\\\/bucuresti\\\/restrictii-de-circulatie-cu-ocazia-sarbatoririi-zilei-infanteriei-romane\\\/#primaryimage\"},\"thumbnailUrl\":\"https:\\\/\\\/buletin.de\\\/bucuresti\\\/wp-content\\\/uploads\\\/278578364_366611712168782_3304973465309489451_n.jpg\",\"datePublished\":\"2023-04-27T05:08:41+00:00\",\"dateModified\":\"2023-04-27T05:08:42+00:00\",\"breadcrumb\":{\"@id\":\"https:\\\/\\\/buletin.de\\\/bucuresti\\\/restrictii-de-circulatie-cu-ocazia-sarbatoririi-zilei-infanteriei-romane\\\/#breadcrumb\"},\"inLanguage\":\"en-GB\",\"potentialAction\":[{\"@type\":\"ReadAction\",\"target\":[\"https:\\\/\\\/buletin.de\\\/bucuresti\\\/restrictii-de-circulatie-cu-ocazia-sarbatoririi-zilei-infanteriei-romane\\\/\"]}]},{\"@type\":\"ImageObject\",\"inLanguage\":\"en-GB\",\"@id\":\"https:\\\/\\\/buletin.de\\\/bucuresti\\\/restrictii-de-circulatie-cu-ocazia-sarbatoririi-zilei-infanteriei-romane\\\/#primaryimage\",\"url\":\"https:\\\/\\\/buletin.de\\\/bucuresti\\\/wp-content\\\/uploads\\\/278578364_366611712168782_3304973465309489451_n.jpg\",\"contentUrl\":\"https:\\\/\\\/buletin.de\\\/bucuresti\\\/wp-content\\\/uploads\\\/278578364_366611712168782_3304973465309489451_n.jpg\",\"width\":2000,\"height\":1333},{\"@type\":\"BreadcrumbList\",\"@id\":\"https:\\\/\\\/buletin.de\\\/bucuresti\\\/restrictii-de-circulatie-cu-ocazia-sarbatoririi-zilei-infanteriei-romane\\\/#breadcrumb\",\"itemListElement\":[{\"@type\":\"ListItem\",\"position\":1,\"name\":\"Acas\u0103\",\"item\":\"https:\\\/\\\/buletin.de\\\/bucuresti\\\/\"},{\"@type\":\"ListItem\",\"position\":2,\"name\":\"Restric\u021bii de circula\u021bie cu ocazia s\u0103rb\u0103toririi Zilei Infanteriei Rom\u00e2ne\"}]},{\"@type\":\"WebSite\",\"@id\":\"https:\\\/\\\/buletin.de\\\/bucuresti\\\/#website\",\"url\":\"https:\\\/\\\/buletin.de\\\/bucuresti\\\/\",\"name\":\"Buletin de Bucure\u0219ti\",\"description\":\"\u0218tiri \u0219i investiga\u021bii esen\u021biale din capital\u0103\",\"publisher\":{\"@id\":\"https:\\\/\\\/buletin.de\\\/bucuresti\\\/#organization\"},\"potentialAction\":[{\"@type\":\"SearchAction\",\"target\":{\"@type\":\"EntryPoint\",\"urlTemplate\":\"https:\\\/\\\/buletin.de\\\/bucuresti\\\/?s={search_term_string}\"},\"query-input\":{\"@type\":\"PropertyValueSpecification\",\"valueRequired\":true,\"valueName\":\"search_term_string\"}}],\"inLanguage\":\"en-GB\"},{\"@type\":\"Organization\",\"@id\":\"https:\\\/\\\/buletin.de\\\/bucuresti\\\/#organization\",\"name\":\"Buletin de Bucure\u0219ti\",\"url\":\"https:\\\/\\\/buletin.de\\\/bucuresti\\\/\",\"logo\":{\"@type\":\"ImageObject\",\"inLanguage\":\"en-GB\",\"@id\":\"https:\\\/\\\/buletin.de\\\/bucuresti\\\/#\\\/schema\\\/logo\\\/image\\\/\",\"url\":\"https:\\\/\\\/buletin.de\\\/bucuresti\\\/wp-content\\\/uploads\\\/logo-bdb-full-wide-vernil-transparent.png\",\"contentUrl\":\"https:\\\/\\\/buletin.de\\\/bucuresti\\\/wp-content\\\/uploads\\\/logo-bdb-full-wide-vernil-transparent.png\",\"width\":1782,\"height\":626,\"caption\":\"Buletin de Bucure\u0219ti\"},\"image\":{\"@id\":\"https:\\\/\\\/buletin.de\\\/bucuresti\\\/#\\\/schema\\\/logo\\\/image\\\/\"},\"sameAs\":[\"https:\\\/\\\/www.facebook.com\\\/buletin.de.buc\",\"https:\\\/\\\/www.instagram.com\\\/buletinde.bucuresti\\\/\"]},{\"@type\":\"Person\",\"@id\":\"https:\\\/\\\/buletin.de\\\/bucuresti\\\/#\\\/schema\\\/person\\\/87734700b2c7f8608881f7e93b8834de\",\"name\":\"Andreea Gelatu\",\"image\":{\"@type\":\"ImageObject\",\"inLanguage\":\"en-GB\",\"@id\":\"https:\\\/\\\/secure.gravatar.com\\\/avatar\\\/b716eca2f984b9b65bdd87118b4b909d940b619cbe6e8cb725fe11c1b1f4194f?s=96&d=monsterid&r=g9b5eff4996c6b842a29b3057a7b4746f\",\"url\":\"https:\\\/\\\/secure.gravatar.com\\\/avatar\\\/b716eca2f984b9b65bdd87118b4b909d940b619cbe6e8cb725fe11c1b1f4194f?s=96&d=monsterid&r=g\",\"contentUrl\":\"https:\\\/\\\/secure.gravatar.com\\\/avatar\\\/b716eca2f984b9b65bdd87118b4b909d940b619cbe6e8cb725fe11c1b1f4194f?s=96&d=monsterid&r=g\",\"caption\":\"Andreea Gelatu\"},\"url\":\"https:\\\/\\\/buletin.de\\\/bucuresti\\\/author\\\/andreeagelatu\\\/\"}]}<\/script>\n<!-- \/ Yoast SEO Premium plugin. -->","yoast_head_json":{"title":"Restric\u021bii de circula\u021bie cu ocazia s\u0103rb\u0103toririi Zilei Infanteriei Rom\u00e2ne - Buletin de Bucure\u0219ti","robots":{"index":"index","follow":"follow","max-snippet":"max-snippet:-1","max-image-preview":"max-image-preview:large","max-video-preview":"max-video-preview:-1"},"canonical":"https:\/\/buletin.de\/bucuresti\/restrictii-de-circulatie-cu-ocazia-sarbatoririi-zilei-infanteriei-romane\/","og_locale":"en_GB","og_type":"article","og_title":"Restric\u021bii de circula\u021bie cu ocazia s\u0103rb\u0103toririi Zilei Infanteriei Rom\u00e2ne","og_description":"Traficul rutier va fi restric\u021bionat joi, 27 aprilie, \u00eentre orele 09:00-14:00 pe \u0218oseaua Kiseleff, benzile 3 \u0219i 4 de circula\u021bie, de la intersec\u021bia cu Str. Arh. Ion Mincu, p\u00e2n\u0103 la Str. Monet\u0103riei, cu ocazia desf\u0103\u0219ur\u0103rii unui eveniment \u00een contextul s\u0103rb\u0103toririi Zilei Infanteriei Rom\u00e2ne. Ministerul Ap\u0103r\u0103rii Na\u021bionale \u2013 Comandamentul Garnizoanei Bucure\u0219ti va organiza joi, 27 aprilie, [&hellip;]","og_url":"https:\/\/buletin.de\/bucuresti\/restrictii-de-circulatie-cu-ocazia-sarbatoririi-zilei-infanteriei-romane\/","og_site_name":"Buletin de Bucure\u0219ti","article_publisher":"https:\/\/www.facebook.com\/buletin.de.buc","article_published_time":"2023-04-27T05:08:41+00:00","article_modified_time":"2023-04-27T05:08:42+00:00","og_image":[{"width":2000,"height":1333,"url":"https:\/\/buletin.de\/bucuresti\/wp-content\/uploads\/278578364_366611712168782_3304973465309489451_n.jpg","type":"image\/jpeg"}],"author":"Andreea Gelatu","twitter_card":"summary_large_image","twitter_misc":{"Written by":"Andreea Gelatu","Estimated reading time":"2 minutes"},"schema":{"@context":"https:\/\/schema.org","@graph":[{"@type":"Article","@id":"https:\/\/buletin.de\/bucuresti\/restrictii-de-circulatie-cu-ocazia-sarbatoririi-zilei-infanteriei-romane\/#article","isPartOf":{"@id":"https:\/\/buletin.de\/bucuresti\/restrictii-de-circulatie-cu-ocazia-sarbatoririi-zilei-infanteriei-romane\/"},"author":{"name":"Andreea Gelatu","@id":"https:\/\/buletin.de\/bucuresti\/#\/schema\/person\/87734700b2c7f8608881f7e93b8834de"},"headline":"Restric\u021bii de circula\u021bie cu ocazia s\u0103rb\u0103toririi Zilei Infanteriei Rom\u00e2ne","datePublished":"2023-04-27T05:08:41+00:00","dateModified":"2023-04-27T05:08:42+00:00","mainEntityOfPage":{"@id":"https:\/\/buletin.de\/bucuresti\/restrictii-de-circulatie-cu-ocazia-sarbatoririi-zilei-infanteriei-romane\/"},"wordCount":283,"publisher":{"@id":"https:\/\/buletin.de\/bucuresti\/#organization"},"image":{"@id":"https:\/\/buletin.de\/bucuresti\/restrictii-de-circulatie-cu-ocazia-sarbatoririi-zilei-infanteriei-romane\/#primaryimage"},"thumbnailUrl":"https:\/\/buletin.de\/bucuresti\/wp-content\/uploads\/278578364_366611712168782_3304973465309489451_n.jpg","articleSection":["\u0218tiri"],"inLanguage":"en-GB","copyrightYear":"2023","copyrightHolder":{"@id":"https:\/\/buletin.de\/bucuresti\/#organization"}},{"@type":"WebPage","@id":"https:\/\/buletin.de\/bucuresti\/restrictii-de-circulatie-cu-ocazia-sarbatoririi-zilei-infanteriei-romane\/","url":"https:\/\/buletin.de\/bucuresti\/restrictii-de-circulatie-cu-ocazia-sarbatoririi-zilei-infanteriei-romane\/","name":"Restric\u021bii de circula\u021bie cu ocazia s\u0103rb\u0103toririi Zilei Infanteriei Rom\u00e2ne - Buletin de Bucure\u0219ti","isPartOf":{"@id":"https:\/\/buletin.de\/bucuresti\/#website"},"primaryImageOfPage":{"@id":"https:\/\/buletin.de\/bucuresti\/restrictii-de-circulatie-cu-ocazia-sarbatoririi-zilei-infanteriei-romane\/#primaryimage"},"image":{"@id":"https:\/\/buletin.de\/bucuresti\/restrictii-de-circulatie-cu-ocazia-sarbatoririi-zilei-infanteriei-romane\/#primaryimage"},"thumbnailUrl":"https:\/\/buletin.de\/bucuresti\/wp-content\/uploads\/278578364_366611712168782_3304973465309489451_n.jpg","datePublished":"2023-04-27T05:08:41+00:00","dateModified":"2023-04-27T05:08:42+00:00","breadcrumb":{"@id":"https:\/\/buletin.de\/bucuresti\/restrictii-de-circulatie-cu-ocazia-sarbatoririi-zilei-infanteriei-romane\/#breadcrumb"},"inLanguage":"en-GB","potentialAction":[{"@type":"ReadAction","target":["https:\/\/buletin.de\/bucuresti\/restrictii-de-circulatie-cu-ocazia-sarbatoririi-zilei-infanteriei-romane\/"]}]},{"@type":"ImageObject","inLanguage":"en-GB","@id":"https:\/\/buletin.de\/bucuresti\/restrictii-de-circulatie-cu-ocazia-sarbatoririi-zilei-infanteriei-romane\/#primaryimage","url":"https:\/\/buletin.de\/bucuresti\/wp-content\/uploads\/278578364_366611712168782_3304973465309489451_n.jpg","contentUrl":"https:\/\/buletin.de\/bucuresti\/wp-content\/uploads\/278578364_366611712168782_3304973465309489451_n.jpg","width":2000,"height":1333},{"@type":"BreadcrumbList","@id":"https:\/\/buletin.de\/bucuresti\/restrictii-de-circulatie-cu-ocazia-sarbatoririi-zilei-infanteriei-romane\/#breadcrumb","itemListElement":[{"@type":"ListItem","position":1,"name":"Acas\u0103","item":"https:\/\/buletin.de\/bucuresti\/"},{"@type":"ListItem","position":2,"name":"Restric\u021bii de circula\u021bie cu ocazia s\u0103rb\u0103toririi Zilei Infanteriei Rom\u00e2ne"}]},{"@type":"WebSite","@id":"https:\/\/buletin.de\/bucuresti\/#website","url":"https:\/\/buletin.de\/bucuresti\/","name":"Buletin de Bucure\u0219ti","description":"\u0218tiri \u0219i investiga\u021bii esen\u021biale din capital\u0103","publisher":{"@id":"https:\/\/buletin.de\/bucuresti\/#organization"},"potentialAction":[{"@type":"SearchAction","target":{"@type":"EntryPoint","urlTemplate":"https:\/\/buletin.de\/bucuresti\/?s={search_term_string}"},"query-input":{"@type":"PropertyValueSpecification","valueRequired":true,"valueName":"search_term_string"}}],"inLanguage":"en-GB"},{"@type":"Organization","@id":"https:\/\/buletin.de\/bucuresti\/#organization","name":"Buletin de Bucure\u0219ti","url":"https:\/\/buletin.de\/bucuresti\/","logo":{"@type":"ImageObject","inLanguage":"en-GB","@id":"https:\/\/buletin.de\/bucuresti\/#\/schema\/logo\/image\/","url":"https:\/\/buletin.de\/bucuresti\/wp-content\/uploads\/logo-bdb-full-wide-vernil-transparent.png","contentUrl":"https:\/\/buletin.de\/bucuresti\/wp-content\/uploads\/logo-bdb-full-wide-vernil-transparent.png","width":1782,"height":626,"caption":"Buletin de Bucure\u0219ti"},"image":{"@id":"https:\/\/buletin.de\/bucuresti\/#\/schema\/logo\/image\/"},"sameAs":["https:\/\/www.facebook.com\/buletin.de.buc","https:\/\/www.instagram.com\/buletinde.bucuresti\/"]},{"@type":"Person","@id":"https:\/\/buletin.de\/bucuresti\/#\/schema\/person\/87734700b2c7f8608881f7e93b8834de","name":"Andreea Gelatu","image":{"@type":"ImageObject","inLanguage":"en-GB","@id":"https:\/\/secure.gravatar.com\/avatar\/b716eca2f984b9b65bdd87118b4b909d940b619cbe6e8cb725fe11c1b1f4194f?s=96&d=monsterid&r=g9b5eff4996c6b842a29b3057a7b4746f","url":"https:\/\/secure.gravatar.com\/avatar\/b716eca2f984b9b65bdd87118b4b909d940b619cbe6e8cb725fe11c1b1f4194f?s=96&d=monsterid&r=g","contentUrl":"https:\/\/secure.gravatar.com\/avatar\/b716eca2f984b9b65bdd87118b4b909d940b619cbe6e8cb725fe11c1b1f4194f?s=96&d=monsterid&r=g","caption":"Andreea Gelatu"},"url":"https:\/\/buletin.de\/bucuresti\/author\/andreeagelatu\/"}]}},"authors":[{"term_id":22605,"user_id":46,"is_guest":0,"slug":"andreeagelatu","display_name":"Andreea Gelatu","avatar_url":"https:\/\/secure.gravatar.com\/avatar\/b716eca2f984b9b65bdd87118b4b909d940b619cbe6e8cb725fe11c1b1f4194f?s=96&d=monsterid&r=g","0":null,"1":"","2":"","3":"","4":"","5":"","6":"","7":"","8":""}],"_links":{"self":[{"href":"https:\/\/buletin.de\/bucuresti\/wp-json\/wp\/v2\/posts\/58034","targetHints":{"allow":["GET"]}}],"collection":[{"href":"https:\/\/buletin.de\/bucuresti\/wp-json\/wp\/v2\/posts"}],"about":[{"href":"https:\/\/buletin.de\/bucuresti\/wp-json\/wp\/v2\/types\/post"}],"author":[{"embeddable":true,"href":"https:\/\/buletin.de\/bucuresti\/wp-json\/wp\/v2\/users\/46"}],"replies":[{"embeddable":true,"href":"https:\/\/buletin.de\/bucuresti\/wp-json\/wp\/v2\/comments?post=58034"}],"version-history":[{"count":4,"href":"https:\/\/buletin.de\/bucuresti\/wp-json\/wp\/v2\/posts\/58034\/revisions"}],"predecessor-version":[{"id":58041,"href":"https:\/\/buletin.de\/bucuresti\/wp-json\/wp\/v2\/posts\/58034\/revisions\/58041"}],"wp:featuredmedia":[{"embeddable":true,"href":"https:\/\/buletin.de\/bucuresti\/wp-json\/wp\/v2\/media\/58035"}],"wp:attachment":[{"href":"https:\/\/buletin.de\/bucuresti\/wp-json\/wp\/v2\/media?parent=58034"}],"wp:term":[{"taxonomy":"category","embeddable":true,"href":"https:\/\/buletin.de\/bucuresti\/wp-json\/wp\/v2\/categories?post=58034"},{"taxonomy":"post_tag","embeddable":true,"href":"https:\/\/buletin.de\/bucuresti\/wp-json\/wp\/v2\/tags?post=58034"},{"taxonomy":"author","embeddable":true,"href":"https:\/\/buletin.de\/bucuresti\/wp-json\/wp\/v2\/ppma_author?post=58034"}],"curies":[{"name":"wp","href":"https:\/\/api.w.org\/{rel}","templated":true}]}}