{"id":58030,"date":"2023-04-27T07:14:57","date_gmt":"2023-04-27T05:14:57","guid":{"rendered":"https:\/\/buletin.de\/bucuresti\/?p=58030"},"modified":"2023-04-27T07:14:58","modified_gmt":"2023-04-27T05:14:58","slug":"linia-n106-va-circula-temporar-pe-un-traseu-modificat","status":"publish","type":"post","link":"https:\/\/buletin.de\/bucuresti\/linia-n106-va-circula-temporar-pe-un-traseu-modificat\/","title":{"rendered":"Linia N106 va circula temporar pe un traseu modificat"},"content":{"rendered":"\n<p><strong>Linia de noapte N106 va func\u021biona temporar pe un traseu modificat pe sensul spre terminalul \u201ePia\u021ba Unirii 2\u201d, \u00een nop\u0163ile de miercuri spre joi, 26\/27.04.2023 \u015fi joi spre vineri, 27\/28.04.2023, \u020bntre orele 23:30 \u2013 05:00, ca urmare a execut\u0103rii unor lucr\u0103ri la re\u021beaua de distribu\u021bie a gazelor din zona pasajului suprateran de la intersec\u021bia Str. Turnu M\u0103gurele\/ Bd. Alexandru Obregia\/ Bd. Metalurgiei.<\/strong><\/p>\n\n\n\n<figure class=\"wp-block-image size-large\"><img fetchpriority=\"high\" decoding=\"async\" width=\"900\" height=\"675\" src=\"data:image\/gif;base64,R0lGODlhAQABAAAAACH5BAEKAAEALAAAAAABAAEAAAICTAEAOw==\" data-src=\"https:\/\/buletin.de\/bucuresti\/wp-content\/uploads\/343424460_664062358859853_8166791440116764563_n-1-900x675.jpg\" alt=\"\" class=\"wp-image-58032 lazyload\" data-sizes=\"auto\" data-srcset=\"https:\/\/buletin.de\/bucuresti\/wp-content\/uploads\/343424460_664062358859853_8166791440116764563_n-1-900x675.jpg 900w, https:\/\/buletin.de\/bucuresti\/wp-content\/uploads\/343424460_664062358859853_8166791440116764563_n-1-300x225.jpg 300w, https:\/\/buletin.de\/bucuresti\/wp-content\/uploads\/343424460_664062358859853_8166791440116764563_n-1-768x576.jpg 768w, https:\/\/buletin.de\/bucuresti\/wp-content\/uploads\/343424460_664062358859853_8166791440116764563_n-1-1536x1152.jpg 1536w, https:\/\/buletin.de\/bucuresti\/wp-content\/uploads\/343424460_664062358859853_8166791440116764563_n-1-1060x795.jpg 1060w, https:\/\/buletin.de\/bucuresti\/wp-content\/uploads\/343424460_664062358859853_8166791440116764563_n-1-550x413.jpg 550w, https:\/\/buletin.de\/bucuresti\/wp-content\/uploads\/343424460_664062358859853_8166791440116764563_n-1-667x500.jpg 667w, https:\/\/buletin.de\/bucuresti\/wp-content\/uploads\/343424460_664062358859853_8166791440116764563_n-1-1920x1440.jpg 1920w, https:\/\/buletin.de\/bucuresti\/wp-content\/uploads\/343424460_664062358859853_8166791440116764563_n-1-1440x1080.jpg 1440w, https:\/\/buletin.de\/bucuresti\/wp-content\/uploads\/343424460_664062358859853_8166791440116764563_n-1-600x450.jpg 600w, https:\/\/buletin.de\/bucuresti\/wp-content\/uploads\/343424460_664062358859853_8166791440116764563_n-1.jpg 2000w\" sizes=\"(max-width: 900px) 100vw, 900px\" \/><figcaption>Surs\u0103 foto: Facebook, Asocia\u021bia de Dezvoltare Intercomunitar\u0103 pentru Transport Public Bucure\u0219ti Ilfov<\/figcaption><\/figure>\n\n\n\n<p>Astfel, de la terminalul \u201eTurnu M\u0103gurele\u201d, autobuzele N106 vor circula pe Bd. Alexandru Obregia, Str. Emil Racovi\u0163\u0103, Str. Turnu M\u0103gurele, apoi vor reveni pe traseul actual. Circula\u021bia acestora nu va fi modificat\u0103 pe sensul opus.<\/p>\n\n\n\n<p>Totodat\u0103, autobuzele liniei N106 nu vor mai opri \u00een sta\u0163iile \u201eBd. Alexandru Obregia\u201d \u015fi \u201eCiceu\u201d, ambele situate pe Str. Turnu M\u0103gurele, pe sensul spre Pia\u0163a Unirii.<\/p>\n","protected":false},"excerpt":{"rendered":"<p>Linia de noapte N106 va func\u021biona temporar pe un traseu modificat pe sensul spre terminalul \u201ePia\u021ba Unirii 2\u201d, \u00een nop\u0163ile de miercuri spre joi, 26\/27.04.2023 \u015fi joi spre vineri, 27\/28.04.2023, \u020bntre orele 23:30 \u2013 05:00, ca urmare a execut\u0103rii unor lucr\u0103ri la re\u021beaua de distribu\u021bie a gazelor din zona pasajului suprateran de la intersec\u021bia Str. [&hellip;]<\/p>\n","protected":false},"author":46,"featured_media":58031,"comment_status":"closed","ping_status":"open","sticky":false,"template":"","format":"standard","meta":{"_acf_changed":false,"inline_featured_image":false,"ngg_post_thumbnail":0,"footnotes":""},"categories":[62],"tags":[],"ppma_author":[22605],"class_list":["post-58030","post","type-post","status-publish","format-standard","has-post-thumbnail","hentry","category-stiri"],"acf":[],"yoast_head":"<!-- This site is optimized with the Yoast SEO Premium plugin v25.3 (Yoast SEO v27.5) - https:\/\/yoast.com\/product\/yoast-seo-premium-wordpress\/ -->\n<title>Linia N106 va circula temporar pe un traseu modificat - Buletin de Bucure\u0219ti<\/title>\n<meta name=\"robots\" content=\"index, follow, max-snippet:-1, max-image-preview:large, max-video-preview:-1\" \/>\n<link rel=\"canonical\" href=\"https:\/\/buletin.de\/bucuresti\/linia-n106-va-circula-temporar-pe-un-traseu-modificat\/\" \/>\n<meta property=\"og:locale\" content=\"en_GB\" \/>\n<meta property=\"og:type\" content=\"article\" \/>\n<meta property=\"og:title\" content=\"Linia N106 va circula temporar pe un traseu modificat\" \/>\n<meta property=\"og:description\" content=\"Linia de noapte N106 va func\u021biona temporar pe un traseu modificat pe sensul spre terminalul \u201ePia\u021ba Unirii 2\u201d, \u00een nop\u0163ile de miercuri spre joi, 26\/27.04.2023 \u015fi joi spre vineri, 27\/28.04.2023, \u020bntre orele 23:30 \u2013 05:00, ca urmare a execut\u0103rii unor lucr\u0103ri la re\u021beaua de distribu\u021bie a gazelor din zona pasajului suprateran de la intersec\u021bia Str. [&hellip;]\" \/>\n<meta property=\"og:url\" content=\"https:\/\/buletin.de\/bucuresti\/linia-n106-va-circula-temporar-pe-un-traseu-modificat\/\" \/>\n<meta property=\"og:site_name\" content=\"Buletin de Bucure\u0219ti\" \/>\n<meta property=\"article:publisher\" content=\"https:\/\/www.facebook.com\/buletin.de.buc\" \/>\n<meta property=\"article:published_time\" content=\"2023-04-27T05:14:57+00:00\" \/>\n<meta property=\"article:modified_time\" content=\"2023-04-27T05:14:58+00:00\" \/>\n<meta property=\"og:image\" content=\"https:\/\/buletin.de\/bucuresti\/wp-content\/uploads\/343424460_664062358859853_8166791440116764563_n.jpg\" \/>\n\t<meta property=\"og:image:width\" content=\"2000\" \/>\n\t<meta property=\"og:image:height\" content=\"1500\" \/>\n\t<meta property=\"og:image:type\" content=\"image\/jpeg\" \/>\n<meta name=\"author\" content=\"Andreea Gelatu\" \/>\n<meta name=\"twitter:card\" content=\"summary_large_image\" \/>\n<meta name=\"twitter:label1\" content=\"Written by\" \/>\n\t<meta name=\"twitter:data1\" content=\"Andreea Gelatu\" \/>\n\t<meta name=\"twitter:label2\" content=\"Estimated reading time\" \/>\n\t<meta name=\"twitter:data2\" content=\"1 minute\" \/>\n<script type=\"application\/ld+json\" class=\"yoast-schema-graph\">{\"@context\":\"https:\\\/\\\/schema.org\",\"@graph\":[{\"@type\":\"Article\",\"@id\":\"https:\\\/\\\/buletin.de\\\/bucuresti\\\/linia-n106-va-circula-temporar-pe-un-traseu-modificat\\\/#article\",\"isPartOf\":{\"@id\":\"https:\\\/\\\/buletin.de\\\/bucuresti\\\/linia-n106-va-circula-temporar-pe-un-traseu-modificat\\\/\"},\"author\":{\"name\":\"Andreea Gelatu\",\"@id\":\"https:\\\/\\\/buletin.de\\\/bucuresti\\\/#\\\/schema\\\/person\\\/87734700b2c7f8608881f7e93b8834de\"},\"headline\":\"Linia N106 va circula temporar pe un traseu modificat\",\"datePublished\":\"2023-04-27T05:14:57+00:00\",\"dateModified\":\"2023-04-27T05:14:58+00:00\",\"mainEntityOfPage\":{\"@id\":\"https:\\\/\\\/buletin.de\\\/bucuresti\\\/linia-n106-va-circula-temporar-pe-un-traseu-modificat\\\/\"},\"wordCount\":155,\"publisher\":{\"@id\":\"https:\\\/\\\/buletin.de\\\/bucuresti\\\/#organization\"},\"image\":{\"@id\":\"https:\\\/\\\/buletin.de\\\/bucuresti\\\/linia-n106-va-circula-temporar-pe-un-traseu-modificat\\\/#primaryimage\"},\"thumbnailUrl\":\"https:\\\/\\\/buletin.de\\\/bucuresti\\\/wp-content\\\/uploads\\\/343424460_664062358859853_8166791440116764563_n.jpg\",\"articleSection\":[\"\u0218tiri\"],\"inLanguage\":\"en-GB\",\"copyrightYear\":\"2023\",\"copyrightHolder\":{\"@id\":\"https:\\\/\\\/buletin.de\\\/bucuresti\\\/#organization\"}},{\"@type\":\"WebPage\",\"@id\":\"https:\\\/\\\/buletin.de\\\/bucuresti\\\/linia-n106-va-circula-temporar-pe-un-traseu-modificat\\\/\",\"url\":\"https:\\\/\\\/buletin.de\\\/bucuresti\\\/linia-n106-va-circula-temporar-pe-un-traseu-modificat\\\/\",\"name\":\"Linia N106 va circula temporar pe un traseu modificat - Buletin de Bucure\u0219ti\",\"isPartOf\":{\"@id\":\"https:\\\/\\\/buletin.de\\\/bucuresti\\\/#website\"},\"primaryImageOfPage\":{\"@id\":\"https:\\\/\\\/buletin.de\\\/bucuresti\\\/linia-n106-va-circula-temporar-pe-un-traseu-modificat\\\/#primaryimage\"},\"image\":{\"@id\":\"https:\\\/\\\/buletin.de\\\/bucuresti\\\/linia-n106-va-circula-temporar-pe-un-traseu-modificat\\\/#primaryimage\"},\"thumbnailUrl\":\"https:\\\/\\\/buletin.de\\\/bucuresti\\\/wp-content\\\/uploads\\\/343424460_664062358859853_8166791440116764563_n.jpg\",\"datePublished\":\"2023-04-27T05:14:57+00:00\",\"dateModified\":\"2023-04-27T05:14:58+00:00\",\"breadcrumb\":{\"@id\":\"https:\\\/\\\/buletin.de\\\/bucuresti\\\/linia-n106-va-circula-temporar-pe-un-traseu-modificat\\\/#breadcrumb\"},\"inLanguage\":\"en-GB\",\"potentialAction\":[{\"@type\":\"ReadAction\",\"target\":[\"https:\\\/\\\/buletin.de\\\/bucuresti\\\/linia-n106-va-circula-temporar-pe-un-traseu-modificat\\\/\"]}]},{\"@type\":\"ImageObject\",\"inLanguage\":\"en-GB\",\"@id\":\"https:\\\/\\\/buletin.de\\\/bucuresti\\\/linia-n106-va-circula-temporar-pe-un-traseu-modificat\\\/#primaryimage\",\"url\":\"https:\\\/\\\/buletin.de\\\/bucuresti\\\/wp-content\\\/uploads\\\/343424460_664062358859853_8166791440116764563_n.jpg\",\"contentUrl\":\"https:\\\/\\\/buletin.de\\\/bucuresti\\\/wp-content\\\/uploads\\\/343424460_664062358859853_8166791440116764563_n.jpg\",\"width\":2000,\"height\":1500},{\"@type\":\"BreadcrumbList\",\"@id\":\"https:\\\/\\\/buletin.de\\\/bucuresti\\\/linia-n106-va-circula-temporar-pe-un-traseu-modificat\\\/#breadcrumb\",\"itemListElement\":[{\"@type\":\"ListItem\",\"position\":1,\"name\":\"Acas\u0103\",\"item\":\"https:\\\/\\\/buletin.de\\\/bucuresti\\\/\"},{\"@type\":\"ListItem\",\"position\":2,\"name\":\"Linia N106 va circula temporar pe un traseu modificat\"}]},{\"@type\":\"WebSite\",\"@id\":\"https:\\\/\\\/buletin.de\\\/bucuresti\\\/#website\",\"url\":\"https:\\\/\\\/buletin.de\\\/bucuresti\\\/\",\"name\":\"Buletin de Bucure\u0219ti\",\"description\":\"\u0218tiri \u0219i investiga\u021bii esen\u021biale din capital\u0103\",\"publisher\":{\"@id\":\"https:\\\/\\\/buletin.de\\\/bucuresti\\\/#organization\"},\"potentialAction\":[{\"@type\":\"SearchAction\",\"target\":{\"@type\":\"EntryPoint\",\"urlTemplate\":\"https:\\\/\\\/buletin.de\\\/bucuresti\\\/?s={search_term_string}\"},\"query-input\":{\"@type\":\"PropertyValueSpecification\",\"valueRequired\":true,\"valueName\":\"search_term_string\"}}],\"inLanguage\":\"en-GB\"},{\"@type\":\"Organization\",\"@id\":\"https:\\\/\\\/buletin.de\\\/bucuresti\\\/#organization\",\"name\":\"Buletin de Bucure\u0219ti\",\"url\":\"https:\\\/\\\/buletin.de\\\/bucuresti\\\/\",\"logo\":{\"@type\":\"ImageObject\",\"inLanguage\":\"en-GB\",\"@id\":\"https:\\\/\\\/buletin.de\\\/bucuresti\\\/#\\\/schema\\\/logo\\\/image\\\/\",\"url\":\"https:\\\/\\\/buletin.de\\\/bucuresti\\\/wp-content\\\/uploads\\\/logo-bdb-full-wide-vernil-transparent.png\",\"contentUrl\":\"https:\\\/\\\/buletin.de\\\/bucuresti\\\/wp-content\\\/uploads\\\/logo-bdb-full-wide-vernil-transparent.png\",\"width\":1782,\"height\":626,\"caption\":\"Buletin de Bucure\u0219ti\"},\"image\":{\"@id\":\"https:\\\/\\\/buletin.de\\\/bucuresti\\\/#\\\/schema\\\/logo\\\/image\\\/\"},\"sameAs\":[\"https:\\\/\\\/www.facebook.com\\\/buletin.de.buc\",\"https:\\\/\\\/www.instagram.com\\\/buletinde.bucuresti\\\/\"]},{\"@type\":\"Person\",\"@id\":\"https:\\\/\\\/buletin.de\\\/bucuresti\\\/#\\\/schema\\\/person\\\/87734700b2c7f8608881f7e93b8834de\",\"name\":\"Andreea Gelatu\",\"image\":{\"@type\":\"ImageObject\",\"inLanguage\":\"en-GB\",\"@id\":\"https:\\\/\\\/secure.gravatar.com\\\/avatar\\\/b716eca2f984b9b65bdd87118b4b909d940b619cbe6e8cb725fe11c1b1f4194f?s=96&d=monsterid&r=g9b5eff4996c6b842a29b3057a7b4746f\",\"url\":\"https:\\\/\\\/secure.gravatar.com\\\/avatar\\\/b716eca2f984b9b65bdd87118b4b909d940b619cbe6e8cb725fe11c1b1f4194f?s=96&d=monsterid&r=g\",\"contentUrl\":\"https:\\\/\\\/secure.gravatar.com\\\/avatar\\\/b716eca2f984b9b65bdd87118b4b909d940b619cbe6e8cb725fe11c1b1f4194f?s=96&d=monsterid&r=g\",\"caption\":\"Andreea Gelatu\"},\"url\":\"https:\\\/\\\/buletin.de\\\/bucuresti\\\/author\\\/andreeagelatu\\\/\"}]}<\/script>\n<!-- \/ Yoast SEO Premium plugin. -->","yoast_head_json":{"title":"Linia N106 va circula temporar pe un traseu modificat - Buletin de Bucure\u0219ti","robots":{"index":"index","follow":"follow","max-snippet":"max-snippet:-1","max-image-preview":"max-image-preview:large","max-video-preview":"max-video-preview:-1"},"canonical":"https:\/\/buletin.de\/bucuresti\/linia-n106-va-circula-temporar-pe-un-traseu-modificat\/","og_locale":"en_GB","og_type":"article","og_title":"Linia N106 va circula temporar pe un traseu modificat","og_description":"Linia de noapte N106 va func\u021biona temporar pe un traseu modificat pe sensul spre terminalul \u201ePia\u021ba Unirii 2\u201d, \u00een nop\u0163ile de miercuri spre joi, 26\/27.04.2023 \u015fi joi spre vineri, 27\/28.04.2023, \u020bntre orele 23:30 \u2013 05:00, ca urmare a execut\u0103rii unor lucr\u0103ri la re\u021beaua de distribu\u021bie a gazelor din zona pasajului suprateran de la intersec\u021bia Str. [&hellip;]","og_url":"https:\/\/buletin.de\/bucuresti\/linia-n106-va-circula-temporar-pe-un-traseu-modificat\/","og_site_name":"Buletin de Bucure\u0219ti","article_publisher":"https:\/\/www.facebook.com\/buletin.de.buc","article_published_time":"2023-04-27T05:14:57+00:00","article_modified_time":"2023-04-27T05:14:58+00:00","og_image":[{"width":2000,"height":1500,"url":"https:\/\/buletin.de\/bucuresti\/wp-content\/uploads\/343424460_664062358859853_8166791440116764563_n.jpg","type":"image\/jpeg"}],"author":"Andreea Gelatu","twitter_card":"summary_large_image","twitter_misc":{"Written by":"Andreea Gelatu","Estimated reading time":"1 minute"},"schema":{"@context":"https:\/\/schema.org","@graph":[{"@type":"Article","@id":"https:\/\/buletin.de\/bucuresti\/linia-n106-va-circula-temporar-pe-un-traseu-modificat\/#article","isPartOf":{"@id":"https:\/\/buletin.de\/bucuresti\/linia-n106-va-circula-temporar-pe-un-traseu-modificat\/"},"author":{"name":"Andreea Gelatu","@id":"https:\/\/buletin.de\/bucuresti\/#\/schema\/person\/87734700b2c7f8608881f7e93b8834de"},"headline":"Linia N106 va circula temporar pe un traseu modificat","datePublished":"2023-04-27T05:14:57+00:00","dateModified":"2023-04-27T05:14:58+00:00","mainEntityOfPage":{"@id":"https:\/\/buletin.de\/bucuresti\/linia-n106-va-circula-temporar-pe-un-traseu-modificat\/"},"wordCount":155,"publisher":{"@id":"https:\/\/buletin.de\/bucuresti\/#organization"},"image":{"@id":"https:\/\/buletin.de\/bucuresti\/linia-n106-va-circula-temporar-pe-un-traseu-modificat\/#primaryimage"},"thumbnailUrl":"https:\/\/buletin.de\/bucuresti\/wp-content\/uploads\/343424460_664062358859853_8166791440116764563_n.jpg","articleSection":["\u0218tiri"],"inLanguage":"en-GB","copyrightYear":"2023","copyrightHolder":{"@id":"https:\/\/buletin.de\/bucuresti\/#organization"}},{"@type":"WebPage","@id":"https:\/\/buletin.de\/bucuresti\/linia-n106-va-circula-temporar-pe-un-traseu-modificat\/","url":"https:\/\/buletin.de\/bucuresti\/linia-n106-va-circula-temporar-pe-un-traseu-modificat\/","name":"Linia N106 va circula temporar pe un traseu modificat - Buletin de Bucure\u0219ti","isPartOf":{"@id":"https:\/\/buletin.de\/bucuresti\/#website"},"primaryImageOfPage":{"@id":"https:\/\/buletin.de\/bucuresti\/linia-n106-va-circula-temporar-pe-un-traseu-modificat\/#primaryimage"},"image":{"@id":"https:\/\/buletin.de\/bucuresti\/linia-n106-va-circula-temporar-pe-un-traseu-modificat\/#primaryimage"},"thumbnailUrl":"https:\/\/buletin.de\/bucuresti\/wp-content\/uploads\/343424460_664062358859853_8166791440116764563_n.jpg","datePublished":"2023-04-27T05:14:57+00:00","dateModified":"2023-04-27T05:14:58+00:00","breadcrumb":{"@id":"https:\/\/buletin.de\/bucuresti\/linia-n106-va-circula-temporar-pe-un-traseu-modificat\/#breadcrumb"},"inLanguage":"en-GB","potentialAction":[{"@type":"ReadAction","target":["https:\/\/buletin.de\/bucuresti\/linia-n106-va-circula-temporar-pe-un-traseu-modificat\/"]}]},{"@type":"ImageObject","inLanguage":"en-GB","@id":"https:\/\/buletin.de\/bucuresti\/linia-n106-va-circula-temporar-pe-un-traseu-modificat\/#primaryimage","url":"https:\/\/buletin.de\/bucuresti\/wp-content\/uploads\/343424460_664062358859853_8166791440116764563_n.jpg","contentUrl":"https:\/\/buletin.de\/bucuresti\/wp-content\/uploads\/343424460_664062358859853_8166791440116764563_n.jpg","width":2000,"height":1500},{"@type":"BreadcrumbList","@id":"https:\/\/buletin.de\/bucuresti\/linia-n106-va-circula-temporar-pe-un-traseu-modificat\/#breadcrumb","itemListElement":[{"@type":"ListItem","position":1,"name":"Acas\u0103","item":"https:\/\/buletin.de\/bucuresti\/"},{"@type":"ListItem","position":2,"name":"Linia N106 va circula temporar pe un traseu modificat"}]},{"@type":"WebSite","@id":"https:\/\/buletin.de\/bucuresti\/#website","url":"https:\/\/buletin.de\/bucuresti\/","name":"Buletin de Bucure\u0219ti","description":"\u0218tiri \u0219i investiga\u021bii esen\u021biale din capital\u0103","publisher":{"@id":"https:\/\/buletin.de\/bucuresti\/#organization"},"potentialAction":[{"@type":"SearchAction","target":{"@type":"EntryPoint","urlTemplate":"https:\/\/buletin.de\/bucuresti\/?s={search_term_string}"},"query-input":{"@type":"PropertyValueSpecification","valueRequired":true,"valueName":"search_term_string"}}],"inLanguage":"en-GB"},{"@type":"Organization","@id":"https:\/\/buletin.de\/bucuresti\/#organization","name":"Buletin de Bucure\u0219ti","url":"https:\/\/buletin.de\/bucuresti\/","logo":{"@type":"ImageObject","inLanguage":"en-GB","@id":"https:\/\/buletin.de\/bucuresti\/#\/schema\/logo\/image\/","url":"https:\/\/buletin.de\/bucuresti\/wp-content\/uploads\/logo-bdb-full-wide-vernil-transparent.png","contentUrl":"https:\/\/buletin.de\/bucuresti\/wp-content\/uploads\/logo-bdb-full-wide-vernil-transparent.png","width":1782,"height":626,"caption":"Buletin de Bucure\u0219ti"},"image":{"@id":"https:\/\/buletin.de\/bucuresti\/#\/schema\/logo\/image\/"},"sameAs":["https:\/\/www.facebook.com\/buletin.de.buc","https:\/\/www.instagram.com\/buletinde.bucuresti\/"]},{"@type":"Person","@id":"https:\/\/buletin.de\/bucuresti\/#\/schema\/person\/87734700b2c7f8608881f7e93b8834de","name":"Andreea Gelatu","image":{"@type":"ImageObject","inLanguage":"en-GB","@id":"https:\/\/secure.gravatar.com\/avatar\/b716eca2f984b9b65bdd87118b4b909d940b619cbe6e8cb725fe11c1b1f4194f?s=96&d=monsterid&r=g9b5eff4996c6b842a29b3057a7b4746f","url":"https:\/\/secure.gravatar.com\/avatar\/b716eca2f984b9b65bdd87118b4b909d940b619cbe6e8cb725fe11c1b1f4194f?s=96&d=monsterid&r=g","contentUrl":"https:\/\/secure.gravatar.com\/avatar\/b716eca2f984b9b65bdd87118b4b909d940b619cbe6e8cb725fe11c1b1f4194f?s=96&d=monsterid&r=g","caption":"Andreea Gelatu"},"url":"https:\/\/buletin.de\/bucuresti\/author\/andreeagelatu\/"}]}},"authors":[{"term_id":22605,"user_id":46,"is_guest":0,"slug":"andreeagelatu","display_name":"Andreea Gelatu","avatar_url":"https:\/\/secure.gravatar.com\/avatar\/b716eca2f984b9b65bdd87118b4b909d940b619cbe6e8cb725fe11c1b1f4194f?s=96&d=monsterid&r=g","0":null,"1":"","2":"","3":"","4":"","5":"","6":"","7":"","8":""}],"_links":{"self":[{"href":"https:\/\/buletin.de\/bucuresti\/wp-json\/wp\/v2\/posts\/58030","targetHints":{"allow":["GET"]}}],"collection":[{"href":"https:\/\/buletin.de\/bucuresti\/wp-json\/wp\/v2\/posts"}],"about":[{"href":"https:\/\/buletin.de\/bucuresti\/wp-json\/wp\/v2\/types\/post"}],"author":[{"embeddable":true,"href":"https:\/\/buletin.de\/bucuresti\/wp-json\/wp\/v2\/users\/46"}],"replies":[{"embeddable":true,"href":"https:\/\/buletin.de\/bucuresti\/wp-json\/wp\/v2\/comments?post=58030"}],"version-history":[{"count":2,"href":"https:\/\/buletin.de\/bucuresti\/wp-json\/wp\/v2\/posts\/58030\/revisions"}],"predecessor-version":[{"id":58042,"href":"https:\/\/buletin.de\/bucuresti\/wp-json\/wp\/v2\/posts\/58030\/revisions\/58042"}],"wp:featuredmedia":[{"embeddable":true,"href":"https:\/\/buletin.de\/bucuresti\/wp-json\/wp\/v2\/media\/58031"}],"wp:attachment":[{"href":"https:\/\/buletin.de\/bucuresti\/wp-json\/wp\/v2\/media?parent=58030"}],"wp:term":[{"taxonomy":"category","embeddable":true,"href":"https:\/\/buletin.de\/bucuresti\/wp-json\/wp\/v2\/categories?post=58030"},{"taxonomy":"post_tag","embeddable":true,"href":"https:\/\/buletin.de\/bucuresti\/wp-json\/wp\/v2\/tags?post=58030"},{"taxonomy":"author","embeddable":true,"href":"https:\/\/buletin.de\/bucuresti\/wp-json\/wp\/v2\/ppma_author?post=58030"}],"curies":[{"name":"wp","href":"https:\/\/api.w.org\/{rel}","templated":true}]}}