{"id":58003,"date":"2023-04-27T09:53:35","date_gmt":"2023-04-27T07:53:35","guid":{"rendered":"https:\/\/buletin.de\/bucuresti\/?p=58003"},"modified":"2023-04-27T09:53:36","modified_gmt":"2023-04-27T07:53:36","slug":"povestea-celui-mai-mic-voluntar-de-la-romexpo","status":"publish","type":"post","link":"https:\/\/buletin.de\/bucuresti\/povestea-celui-mai-mic-voluntar-de-la-romexpo\/","title":{"rendered":"Povestea celui mai mic voluntar de la Romexpo"},"content":{"rendered":"\n<p><strong>Doi ochi alba\u0219tri, de copil care \u00eenva\u021b\u0103 s\u0103 mearg\u0103, te \u00eent\u00e2mpin\u0103 de cum intri \u00een hala mare de la Romexpo. Au v\u0103zut, \u00een fiecare zi, zeci de oameni \u0219i, de la frica visceral\u0103 a bebelu\u0219ului obi\u0219nuit doar cu figurile parentale, au ajuns s\u0103 \u00eendr\u0103geasc\u0103 \u0219i s\u0103 se simt\u0103 confortabil cu toat\u0103 lumea. Ecaterina se plimb\u0103 din bra\u021be \u00een bra\u021be \u0219i ar putea fi considerat cel mai mic voluntar de la Romexpo, de la \u00eenceputul conflictului de la grani\u021ba Rom\u00e2niei. Ecaterina a ajuns prima dat\u0103 \u00een cel mai mare centru de ajutorare pentru refugia\u021bi c\u00e2nd avea o lun\u0103 \u0219i jum\u0103tate, cu mama ei, Cristina.&nbsp;<\/strong><\/p>\n\n\n\n<p>C\u00e2nd Rusia a atacat Ucraina, Cristina era gravid\u0103 \u00een ultimele luni \u0219i, de\u0219i era speriat\u0103 \u0219i \u00eengrijorat\u0103 pentru via\u021ba \u0219i soarta lor, a decis s\u0103 r\u0103m\u00e2n\u0103 \u00eentr-un loc cunoscut p\u00e2n\u0103 va na\u0219te. C\u00e2nd fata a \u00eemplinit o lun\u0103, \u0219i-a f\u0103cut bagajele \u0219i a plecat spre Rom\u00e2nia. Cu mult\u0103 team\u0103 \u00een suflet. Tat\u0103l ei era \u201emoldovean\u201d \u0219i a\u0219a \u00eenv\u0103\u021base \u0219i ea moldoveneasca, dar \u0219tia c\u0103 Rom\u00e2nia \u0219i Moldova sunt dou\u0103 state str\u0103ine, care nu aveau nimic \u00een comun. A\u0219a \u00eenv\u0103\u021base la \u0219coal\u0103, \u0219i a\u0219a \u0219tia \u0219i din societate. Cu toate astea, a decis s\u0103 aleag\u0103 Rom\u00e2nia. P\u0103rea cea mai sigur\u0103 destina\u021bie \u0219i cea mai aproape de casa de atunci a lor. Auzise \u0219i de programul 50\/20, cel prin care ucrainenii primeau bani de m\u00e2ncare, iar rom\u00e2nii \u00ee\u0219i puseser\u0103 la dispozi\u021bie locuin\u021bele pentru a-i primi, iar el \u00eei asigura o stabilitate psihic\u0103. Era la cinci ore distan\u021b\u0103 de \u021bara ei, de familia ei.&nbsp;<\/p>\n\n\n\n<figure class=\"wp-block-gallery has-nested-images columns-default is-cropped wp-block-gallery-1 is-layout-flex wp-block-gallery-is-layout-flex\">\n<figure class=\"wp-block-image size-large\"><a href=\"https:\/\/buletin.de\/bucuresti\/wp-content\/uploads\/WhatsApp-Image-2023-04-26-at-12.12.54.jpeg\"><img fetchpriority=\"high\" decoding=\"async\" width=\"675\" height=\"900\" data-id=\"58004\" src=\"data:image\/gif;base64,R0lGODlhAQABAAAAACH5BAEKAAEALAAAAAABAAEAAAICTAEAOw==\" data-src=\"https:\/\/buletin.de\/bucuresti\/wp-content\/uploads\/WhatsApp-Image-2023-04-26-at-12.12.54-675x900.jpeg\" alt=\"\" class=\"wp-image-58004 lazyload\" data-sizes=\"auto\" data-srcset=\"https:\/\/buletin.de\/bucuresti\/wp-content\/uploads\/WhatsApp-Image-2023-04-26-at-12.12.54-675x900.jpeg 675w, https:\/\/buletin.de\/bucuresti\/wp-content\/uploads\/WhatsApp-Image-2023-04-26-at-12.12.54-225x300.jpeg 225w, https:\/\/buletin.de\/bucuresti\/wp-content\/uploads\/WhatsApp-Image-2023-04-26-at-12.12.54-768x1024.jpeg 768w, https:\/\/buletin.de\/bucuresti\/wp-content\/uploads\/WhatsApp-Image-2023-04-26-at-12.12.54-550x733.jpeg 550w, https:\/\/buletin.de\/bucuresti\/wp-content\/uploads\/WhatsApp-Image-2023-04-26-at-12.12.54-375x500.jpeg 375w, https:\/\/buletin.de\/bucuresti\/wp-content\/uploads\/WhatsApp-Image-2023-04-26-at-12.12.54-810x1080.jpeg 810w, https:\/\/buletin.de\/bucuresti\/wp-content\/uploads\/WhatsApp-Image-2023-04-26-at-12.12.54-600x800.jpeg 600w, https:\/\/buletin.de\/bucuresti\/wp-content\/uploads\/WhatsApp-Image-2023-04-26-at-12.12.54.jpeg 960w\" sizes=\"(max-width: 675px) 100vw, 675px\" \/><\/a><\/figure>\n\n\n\n<figure class=\"wp-block-image size-large\"><a href=\"https:\/\/buletin.de\/bucuresti\/wp-content\/uploads\/WhatsApp-Image-2023-04-26-at-12.12.52.jpeg\"><img decoding=\"async\" width=\"420\" height=\"900\" data-id=\"58005\" src=\"data:image\/gif;base64,R0lGODlhAQABAAAAACH5BAEKAAEALAAAAAABAAEAAAICTAEAOw==\" data-src=\"https:\/\/buletin.de\/bucuresti\/wp-content\/uploads\/WhatsApp-Image-2023-04-26-at-12.12.52-420x900.jpeg\" alt=\"\" class=\"wp-image-58005 lazyload\" data-sizes=\"auto\" data-srcset=\"https:\/\/buletin.de\/bucuresti\/wp-content\/uploads\/WhatsApp-Image-2023-04-26-at-12.12.52-420x900.jpeg 420w, https:\/\/buletin.de\/bucuresti\/wp-content\/uploads\/WhatsApp-Image-2023-04-26-at-12.12.52-140x300.jpeg 140w, https:\/\/buletin.de\/bucuresti\/wp-content\/uploads\/WhatsApp-Image-2023-04-26-at-12.12.52-550x1179.jpeg 550w, https:\/\/buletin.de\/bucuresti\/wp-content\/uploads\/WhatsApp-Image-2023-04-26-at-12.12.52-233x500.jpeg 233w, https:\/\/buletin.de\/bucuresti\/wp-content\/uploads\/WhatsApp-Image-2023-04-26-at-12.12.52-504x1080.jpeg 504w, https:\/\/buletin.de\/bucuresti\/wp-content\/uploads\/WhatsApp-Image-2023-04-26-at-12.12.52.jpeg 597w\" sizes=\"(max-width: 420px) 100vw, 420px\" \/><\/a><\/figure>\n\n\n\n<figure class=\"wp-block-image size-large\"><a href=\"https:\/\/buletin.de\/bucuresti\/wp-content\/uploads\/WhatsApp-Image-2023-04-26-at-12.12.52-1.jpeg\"><img decoding=\"async\" width=\"675\" height=\"900\" data-id=\"58006\" src=\"data:image\/gif;base64,R0lGODlhAQABAAAAACH5BAEKAAEALAAAAAABAAEAAAICTAEAOw==\" data-src=\"https:\/\/buletin.de\/bucuresti\/wp-content\/uploads\/WhatsApp-Image-2023-04-26-at-12.12.52-1-675x900.jpeg\" alt=\"\" class=\"wp-image-58006 lazyload\" data-sizes=\"auto\" data-srcset=\"https:\/\/buletin.de\/bucuresti\/wp-content\/uploads\/WhatsApp-Image-2023-04-26-at-12.12.52-1-675x900.jpeg 675w, https:\/\/buletin.de\/bucuresti\/wp-content\/uploads\/WhatsApp-Image-2023-04-26-at-12.12.52-1-225x300.jpeg 225w, https:\/\/buletin.de\/bucuresti\/wp-content\/uploads\/WhatsApp-Image-2023-04-26-at-12.12.52-1-768x1024.jpeg 768w, https:\/\/buletin.de\/bucuresti\/wp-content\/uploads\/WhatsApp-Image-2023-04-26-at-12.12.52-1-550x733.jpeg 550w, https:\/\/buletin.de\/bucuresti\/wp-content\/uploads\/WhatsApp-Image-2023-04-26-at-12.12.52-1-375x500.jpeg 375w, https:\/\/buletin.de\/bucuresti\/wp-content\/uploads\/WhatsApp-Image-2023-04-26-at-12.12.52-1-810x1080.jpeg 810w, https:\/\/buletin.de\/bucuresti\/wp-content\/uploads\/WhatsApp-Image-2023-04-26-at-12.12.52-1-600x800.jpeg 600w, https:\/\/buletin.de\/bucuresti\/wp-content\/uploads\/WhatsApp-Image-2023-04-26-at-12.12.52-1.jpeg 960w\" sizes=\"(max-width: 675px) 100vw, 675px\" \/><\/a><\/figure>\n<\/figure>\n\n\n\n<p><\/p>\n\n\n\n<p>La Romexpo, a ajuns la pu\u021bin\u0103 vreme dup\u0103 ce a poposit \u00een Bucure\u0219ti, mai \u00eent\u00e2i ca asistat. Apoi, pentru c\u0103 \u0219tia limba rom\u00e2n\u0103, s-a dus la directoarea Asisten\u021bei Sociale din Bucure\u0219ti \u0219i s-a oferit voluntar. Voluntariatul s-a transformat apoi \u00eentr-un job pl\u0103tit.&nbsp;<\/p>\n\n\n\n<blockquote class=\"wp-block-quote is-layout-flow wp-block-quote-is-layout-flow\"><p>\u201eAm \u00eenceput-o cu patru ore s\u0103 vedem cum merge, dac\u0103 ne descurc\u0103m.Peste patru luni am trecut la programul cu la opt ore. De luni p\u00e2n\u0103 vineri suntem la program de opt ore am\u00e2ndou\u0103\u201d<\/p><cite>\u00ee\u0219i aminte\u0219te Cristina<\/cite><\/blockquote>\n\n\n\n<p>\u0218i cum Cristina era hot\u0103r\u00e2t\u0103 s\u0103 o \u021bin\u0103 pe Ecaterina c\u00e2t mai aproape de ea p\u00e2n\u0103 feti\u021ba \u00eemplinea doi ani, a\u0219a a ajuns micu\u021ba s\u0103 vin\u0103 \u0219i ea, zi de zi la Romexpo. Acum este mascota angaja\u021bilor de aici. Se plimb\u0103 din bra\u021be \u00een bra\u021be, se joac\u0103 pe r\u00e2nd cu fiecare dintre ei \u0219i \u0219i-a f\u0103cur o rutin\u0103 zilnic\u0103 &#8211; m\u0103n\u00e2nc\u0103 \u0219i doarme.&nbsp;<\/p>\n\n\n\n<figure class=\"wp-block-gallery has-nested-images columns-default is-cropped wp-block-gallery-2 is-layout-flex wp-block-gallery-is-layout-flex\">\n<figure class=\"wp-block-image size-large\"><a href=\"https:\/\/buletin.de\/bucuresti\/wp-content\/uploads\/WhatsApp-Image-2023-04-26-at-12.12.54-1.jpeg\"><img loading=\"lazy\" decoding=\"async\" width=\"420\" height=\"900\" data-id=\"58007\" src=\"data:image\/gif;base64,R0lGODlhAQABAAAAACH5BAEKAAEALAAAAAABAAEAAAICTAEAOw==\" data-src=\"https:\/\/buletin.de\/bucuresti\/wp-content\/uploads\/WhatsApp-Image-2023-04-26-at-12.12.54-1-420x900.jpeg\" alt=\"\" class=\"wp-image-58007 lazyload\" data-sizes=\"auto\" data-srcset=\"https:\/\/buletin.de\/bucuresti\/wp-content\/uploads\/WhatsApp-Image-2023-04-26-at-12.12.54-1-420x900.jpeg 420w, https:\/\/buletin.de\/bucuresti\/wp-content\/uploads\/WhatsApp-Image-2023-04-26-at-12.12.54-1-140x300.jpeg 140w, https:\/\/buletin.de\/bucuresti\/wp-content\/uploads\/WhatsApp-Image-2023-04-26-at-12.12.54-1-550x1179.jpeg 550w, https:\/\/buletin.de\/bucuresti\/wp-content\/uploads\/WhatsApp-Image-2023-04-26-at-12.12.54-1-233x500.jpeg 233w, https:\/\/buletin.de\/bucuresti\/wp-content\/uploads\/WhatsApp-Image-2023-04-26-at-12.12.54-1-504x1080.jpeg 504w, https:\/\/buletin.de\/bucuresti\/wp-content\/uploads\/WhatsApp-Image-2023-04-26-at-12.12.54-1.jpeg 597w\" sizes=\"(max-width: 420px) 100vw, 420px\" \/><\/a><\/figure>\n\n\n\n<figure class=\"wp-block-image size-large\"><a href=\"https:\/\/buletin.de\/bucuresti\/wp-content\/uploads\/WhatsApp-Image-2023-04-26-at-12.12.54-2.jpeg\"><img loading=\"lazy\" decoding=\"async\" width=\"674\" height=\"900\" data-id=\"58008\" src=\"data:image\/gif;base64,R0lGODlhAQABAAAAACH5BAEKAAEALAAAAAABAAEAAAICTAEAOw==\" data-src=\"https:\/\/buletin.de\/bucuresti\/wp-content\/uploads\/WhatsApp-Image-2023-04-26-at-12.12.54-2-674x900.jpeg\" alt=\"\" class=\"wp-image-58008 lazyload\" data-sizes=\"auto\" data-srcset=\"https:\/\/buletin.de\/bucuresti\/wp-content\/uploads\/WhatsApp-Image-2023-04-26-at-12.12.54-2-674x900.jpeg 674w, https:\/\/buletin.de\/bucuresti\/wp-content\/uploads\/WhatsApp-Image-2023-04-26-at-12.12.54-2-225x300.jpeg 225w, https:\/\/buletin.de\/bucuresti\/wp-content\/uploads\/WhatsApp-Image-2023-04-26-at-12.12.54-2-768x1026.jpeg 768w, https:\/\/buletin.de\/bucuresti\/wp-content\/uploads\/WhatsApp-Image-2023-04-26-at-12.12.54-2-550x735.jpeg 550w, https:\/\/buletin.de\/bucuresti\/wp-content\/uploads\/WhatsApp-Image-2023-04-26-at-12.12.54-2-374x500.jpeg 374w, https:\/\/buletin.de\/bucuresti\/wp-content\/uploads\/WhatsApp-Image-2023-04-26-at-12.12.54-2-808x1080.jpeg 808w, https:\/\/buletin.de\/bucuresti\/wp-content\/uploads\/WhatsApp-Image-2023-04-26-at-12.12.54-2-600x802.jpeg 600w, https:\/\/buletin.de\/bucuresti\/wp-content\/uploads\/WhatsApp-Image-2023-04-26-at-12.12.54-2.jpeg 970w\" sizes=\"(max-width: 674px) 100vw, 674px\" \/><\/a><\/figure>\n\n\n\n<figure class=\"wp-block-image size-large\"><a href=\"https:\/\/buletin.de\/bucuresti\/wp-content\/uploads\/WhatsApp-Image-2023-04-26-at-12.12.55.jpeg\"><img loading=\"lazy\" decoding=\"async\" width=\"675\" height=\"900\" data-id=\"58009\" src=\"data:image\/gif;base64,R0lGODlhAQABAAAAACH5BAEKAAEALAAAAAABAAEAAAICTAEAOw==\" data-src=\"https:\/\/buletin.de\/bucuresti\/wp-content\/uploads\/WhatsApp-Image-2023-04-26-at-12.12.55-675x900.jpeg\" alt=\"\" class=\"wp-image-58009 lazyload\" data-sizes=\"auto\" data-srcset=\"https:\/\/buletin.de\/bucuresti\/wp-content\/uploads\/WhatsApp-Image-2023-04-26-at-12.12.55-675x900.jpeg 675w, https:\/\/buletin.de\/bucuresti\/wp-content\/uploads\/WhatsApp-Image-2023-04-26-at-12.12.55-225x300.jpeg 225w, https:\/\/buletin.de\/bucuresti\/wp-content\/uploads\/WhatsApp-Image-2023-04-26-at-12.12.55-768x1024.jpeg 768w, https:\/\/buletin.de\/bucuresti\/wp-content\/uploads\/WhatsApp-Image-2023-04-26-at-12.12.55-1152x1536.jpeg 1152w, https:\/\/buletin.de\/bucuresti\/wp-content\/uploads\/WhatsApp-Image-2023-04-26-at-12.12.55-1060x1413.jpeg 1060w, https:\/\/buletin.de\/bucuresti\/wp-content\/uploads\/WhatsApp-Image-2023-04-26-at-12.12.55-550x733.jpeg 550w, https:\/\/buletin.de\/bucuresti\/wp-content\/uploads\/WhatsApp-Image-2023-04-26-at-12.12.55-375x500.jpeg 375w, https:\/\/buletin.de\/bucuresti\/wp-content\/uploads\/WhatsApp-Image-2023-04-26-at-12.12.55-810x1080.jpeg 810w, https:\/\/buletin.de\/bucuresti\/wp-content\/uploads\/WhatsApp-Image-2023-04-26-at-12.12.55-600x800.jpeg 600w, https:\/\/buletin.de\/bucuresti\/wp-content\/uploads\/WhatsApp-Image-2023-04-26-at-12.12.55.jpeg 1536w\" sizes=\"(max-width: 675px) 100vw, 675px\" \/><\/a><\/figure>\n<\/figure>\n\n\n\n<p><\/p>\n\n\n\n<p>Cristina \u00ee\u0219i dore\u0219te foarte mult ca viitorul copiilor ei s\u0103 fie \u00een Rom\u00e2nia. Dac\u0103 pentru Eleonora are \u00een minte \u00een plan s\u0103 o \u021bin\u0103 l\u00e2ng\u0103 ea p\u00e2n\u0103 c\u00e2nd micu\u021ba va \u00eemplini doi ani, chiar dac\u0103 asta \u00eenseamn\u0103 un job mai complicat, mai \u00eengrijorat\u0103 este pentru b\u0103ie\u021belul ei cei mare. Matei are \u0219ase ani \u0219i se preg\u0103te\u0219te de \u0219coal\u0103. Este acum \u00een grupa mare \u0219i este \u00eenscris la o \u0219coal\u0103 organizat\u0103 de asocia\u021biile \u0219i funda\u021biile preocupate de ceea ce se \u00eent\u00e2mpl\u0103 cu refugia\u021bii \u00een Pipera. \u00cen paralel, merge \u0219i la \u0219coala ucrainean\u0103 online. Crede \u00eens\u0103 c\u0103 nu \u00eei este suficient pentru a putea face fa\u021b\u0103 \u00een \u0219colile din Rom\u00e2nia, \u00een toamn\u0103 c\u00e2nd va trebui s\u0103 se integreze al\u0103turi de copii rom\u00e2ni.<\/p>\n\n\n\n<blockquote class=\"wp-block-quote is-layout-flow wp-block-quote-is-layout-flow\"><p>\u201eProblema mea cea mai mare este c\u0103 vreau s\u0103 \u00eei dau posibilitatea s\u0103 \u00eenve\u021be c\u00e2t mai mult\u0103 rom\u00e2n\u0103, s\u0103 nu-i fie fric\u0103 pentru c\u0103 va merge \u00eentr-un colectiv de rom\u00e2ni \u0219i cred c\u0103 se va sim\u021bi stingher printre ei\u201d<\/p><cite>explic\u0103 mama lui Matei.&nbsp;<\/cite><\/blockquote>\n\n\n\n<figure class=\"wp-block-gallery has-nested-images columns-default is-cropped wp-block-gallery-3 is-layout-flex wp-block-gallery-is-layout-flex\">\n<figure class=\"wp-block-image size-large\"><a href=\"https:\/\/buletin.de\/bucuresti\/wp-content\/uploads\/WhatsApp-Image-2023-04-26-at-12.12.55-1.jpeg\"><img loading=\"lazy\" decoding=\"async\" width=\"393\" height=\"900\" data-id=\"58010\" src=\"data:image\/gif;base64,R0lGODlhAQABAAAAACH5BAEKAAEALAAAAAABAAEAAAICTAEAOw==\" data-src=\"https:\/\/buletin.de\/bucuresti\/wp-content\/uploads\/WhatsApp-Image-2023-04-26-at-12.12.55-1-393x900.jpeg\" alt=\"\" class=\"wp-image-58010 lazyload\" data-sizes=\"auto\" data-srcset=\"https:\/\/buletin.de\/bucuresti\/wp-content\/uploads\/WhatsApp-Image-2023-04-26-at-12.12.55-1-393x900.jpeg 393w, https:\/\/buletin.de\/bucuresti\/wp-content\/uploads\/WhatsApp-Image-2023-04-26-at-12.12.55-1-131x300.jpeg 131w, https:\/\/buletin.de\/bucuresti\/wp-content\/uploads\/WhatsApp-Image-2023-04-26-at-12.12.55-1-768x1760.jpeg 768w, https:\/\/buletin.de\/bucuresti\/wp-content\/uploads\/WhatsApp-Image-2023-04-26-at-12.12.55-1-670x1536.jpeg 670w, https:\/\/buletin.de\/bucuresti\/wp-content\/uploads\/WhatsApp-Image-2023-04-26-at-12.12.55-1-550x1261.jpeg 550w, https:\/\/buletin.de\/bucuresti\/wp-content\/uploads\/WhatsApp-Image-2023-04-26-at-12.12.55-1-218x500.jpeg 218w, https:\/\/buletin.de\/bucuresti\/wp-content\/uploads\/WhatsApp-Image-2023-04-26-at-12.12.55-1-471x1080.jpeg 471w, https:\/\/buletin.de\/bucuresti\/wp-content\/uploads\/WhatsApp-Image-2023-04-26-at-12.12.55-1-600x1375.jpeg 600w, https:\/\/buletin.de\/bucuresti\/wp-content\/uploads\/WhatsApp-Image-2023-04-26-at-12.12.55-1.jpeg 890w\" sizes=\"(max-width: 393px) 100vw, 393px\" \/><\/a><\/figure>\n\n\n\n<figure class=\"wp-block-image size-large\"><a href=\"https:\/\/buletin.de\/bucuresti\/wp-content\/uploads\/WhatsApp-Image-2023-04-26-at-12.12.55-2.jpeg\"><img loading=\"lazy\" decoding=\"async\" width=\"420\" height=\"900\" data-id=\"58011\" src=\"data:image\/gif;base64,R0lGODlhAQABAAAAACH5BAEKAAEALAAAAAABAAEAAAICTAEAOw==\" data-src=\"https:\/\/buletin.de\/bucuresti\/wp-content\/uploads\/WhatsApp-Image-2023-04-26-at-12.12.55-2-420x900.jpeg\" alt=\"\" class=\"wp-image-58011 lazyload\" data-sizes=\"auto\" data-srcset=\"https:\/\/buletin.de\/bucuresti\/wp-content\/uploads\/WhatsApp-Image-2023-04-26-at-12.12.55-2-420x900.jpeg 420w, https:\/\/buletin.de\/bucuresti\/wp-content\/uploads\/WhatsApp-Image-2023-04-26-at-12.12.55-2-140x300.jpeg 140w, https:\/\/buletin.de\/bucuresti\/wp-content\/uploads\/WhatsApp-Image-2023-04-26-at-12.12.55-2-550x1179.jpeg 550w, https:\/\/buletin.de\/bucuresti\/wp-content\/uploads\/WhatsApp-Image-2023-04-26-at-12.12.55-2-233x500.jpeg 233w, https:\/\/buletin.de\/bucuresti\/wp-content\/uploads\/WhatsApp-Image-2023-04-26-at-12.12.55-2-504x1080.jpeg 504w, https:\/\/buletin.de\/bucuresti\/wp-content\/uploads\/WhatsApp-Image-2023-04-26-at-12.12.55-2.jpeg 597w\" sizes=\"(max-width: 420px) 100vw, 420px\" \/><\/a><\/figure>\n<\/figure>\n\n\n\n<p><\/p>\n\n\n\n<p>Cristina crede c\u0103 o solu\u021bie ar fi creare de clase mixte cu copii rom\u00e2ni sau clase speciale pentru copiii ucraineni, dar \u00een care s\u0103 fie predate materiile \u00een limba rom\u00e2n\u0103. O alt\u0103 solu\u021bie ar fi ca p\u00e2n\u0103 la \u00eenceperea \u0219colii, s\u0103 se organizeze de c\u0103tre institu\u021biile statului cursuri suplimentare intensive pentru copii care urmeaz\u0103 s\u0103 intre la \u0219coal\u0103.&nbsp;<\/p>\n\n\n\n<p>Femeia e hot\u0103r\u00e2t\u0103 s\u0103 r\u0103m\u00e2n\u0103 \u00een Rom\u00e2nia, chiar dac\u0103 mai are \u00eenc\u0103 semne de \u00eentrebare, mai ales de c\u00e2nd a ap\u0103rut inten\u021bia guvernului de a modifica programul 50\/20. Spune c\u0103 ea este un caz fericit, pentru c\u0103 are un salariu \u0219i teoretic va putea s\u0103 se \u00eentre\u021bin\u0103 cumva. A \u00eenceput \u0219i demersurile pentru a-\u0219i redob\u00e2ndi cet\u0103\u021benie rom\u00e2n\u0103, a\u0219a cum au f\u0103cut-o to\u021bi cei care aveau \u00een familie rude moldoveni de peste Prut. Ar ajuta-o stabilitatea care ar putea veni dac\u0103 guvernul rom\u00e2n ar spune clar c\u00e2t \u0219i cum i-ar mai ajuta pe refugia\u021bii ucraineni.&nbsp;<\/p>\n\n\n\n<figure class=\"wp-block-gallery has-nested-images columns-2 is-cropped wp-block-gallery-4 is-layout-flex wp-block-gallery-is-layout-flex\">\n<figure class=\"wp-block-image size-large\"><a href=\"https:\/\/buletin.de\/bucuresti\/wp-content\/uploads\/WhatsApp-Image-2023-04-26-at-12.12.56-1.jpeg\"><img loading=\"lazy\" decoding=\"async\" width=\"677\" height=\"900\" data-id=\"58012\" src=\"data:image\/gif;base64,R0lGODlhAQABAAAAACH5BAEKAAEALAAAAAABAAEAAAICTAEAOw==\" data-src=\"https:\/\/buletin.de\/bucuresti\/wp-content\/uploads\/WhatsApp-Image-2023-04-26-at-12.12.56-1-677x900.jpeg\" alt=\"\" class=\"wp-image-58012 lazyload\" data-sizes=\"auto\" data-srcset=\"https:\/\/buletin.de\/bucuresti\/wp-content\/uploads\/WhatsApp-Image-2023-04-26-at-12.12.56-1-677x900.jpeg 677w, https:\/\/buletin.de\/bucuresti\/wp-content\/uploads\/WhatsApp-Image-2023-04-26-at-12.12.56-1-226x300.jpeg 226w, https:\/\/buletin.de\/bucuresti\/wp-content\/uploads\/WhatsApp-Image-2023-04-26-at-12.12.56-1-768x1021.jpeg 768w, https:\/\/buletin.de\/bucuresti\/wp-content\/uploads\/WhatsApp-Image-2023-04-26-at-12.12.56-1-1156x1536.jpeg 1156w, https:\/\/buletin.de\/bucuresti\/wp-content\/uploads\/WhatsApp-Image-2023-04-26-at-12.12.56-1-1060x1409.jpeg 1060w, https:\/\/buletin.de\/bucuresti\/wp-content\/uploads\/WhatsApp-Image-2023-04-26-at-12.12.56-1-550x731.jpeg 550w, https:\/\/buletin.de\/bucuresti\/wp-content\/uploads\/WhatsApp-Image-2023-04-26-at-12.12.56-1-376x500.jpeg 376w, https:\/\/buletin.de\/bucuresti\/wp-content\/uploads\/WhatsApp-Image-2023-04-26-at-12.12.56-1-813x1080.jpeg 813w, https:\/\/buletin.de\/bucuresti\/wp-content\/uploads\/WhatsApp-Image-2023-04-26-at-12.12.56-1-600x797.jpeg 600w, https:\/\/buletin.de\/bucuresti\/wp-content\/uploads\/WhatsApp-Image-2023-04-26-at-12.12.56-1.jpeg 1204w\" sizes=\"(max-width: 677px) 100vw, 677px\" \/><\/a><\/figure>\n\n\n\n<figure class=\"wp-block-image size-large\"><a href=\"https:\/\/buletin.de\/bucuresti\/wp-content\/uploads\/WhatsApp-Image-2023-04-26-at-12.12.56-2.jpeg\"><img loading=\"lazy\" decoding=\"async\" width=\"420\" height=\"900\" data-id=\"58013\" src=\"data:image\/gif;base64,R0lGODlhAQABAAAAACH5BAEKAAEALAAAAAABAAEAAAICTAEAOw==\" data-src=\"https:\/\/buletin.de\/bucuresti\/wp-content\/uploads\/WhatsApp-Image-2023-04-26-at-12.12.56-2-420x900.jpeg\" alt=\"\" class=\"wp-image-58013 lazyload\" data-sizes=\"auto\" data-srcset=\"https:\/\/buletin.de\/bucuresti\/wp-content\/uploads\/WhatsApp-Image-2023-04-26-at-12.12.56-2-420x900.jpeg 420w, https:\/\/buletin.de\/bucuresti\/wp-content\/uploads\/WhatsApp-Image-2023-04-26-at-12.12.56-2-140x300.jpeg 140w, https:\/\/buletin.de\/bucuresti\/wp-content\/uploads\/WhatsApp-Image-2023-04-26-at-12.12.56-2-550x1179.jpeg 550w, https:\/\/buletin.de\/bucuresti\/wp-content\/uploads\/WhatsApp-Image-2023-04-26-at-12.12.56-2-233x500.jpeg 233w, https:\/\/buletin.de\/bucuresti\/wp-content\/uploads\/WhatsApp-Image-2023-04-26-at-12.12.56-2-504x1080.jpeg 504w, https:\/\/buletin.de\/bucuresti\/wp-content\/uploads\/WhatsApp-Image-2023-04-26-at-12.12.56-2.jpeg 597w\" sizes=\"(max-width: 420px) 100vw, 420px\" \/><\/a><\/figure>\n\n\n\n<figure class=\"wp-block-image size-large\"><a href=\"https:\/\/buletin.de\/bucuresti\/wp-content\/uploads\/WhatsApp-Image-2023-04-26-at-12.13.32.jpeg\"><img loading=\"lazy\" decoding=\"async\" width=\"900\" height=\"675\" data-id=\"58014\" src=\"data:image\/gif;base64,R0lGODlhAQABAAAAACH5BAEKAAEALAAAAAABAAEAAAICTAEAOw==\" data-src=\"https:\/\/buletin.de\/bucuresti\/wp-content\/uploads\/WhatsApp-Image-2023-04-26-at-12.13.32-900x675.jpeg\" alt=\"\" class=\"wp-image-58014 lazyload\" data-sizes=\"auto\" data-srcset=\"https:\/\/buletin.de\/bucuresti\/wp-content\/uploads\/WhatsApp-Image-2023-04-26-at-12.13.32-900x675.jpeg 900w, https:\/\/buletin.de\/bucuresti\/wp-content\/uploads\/WhatsApp-Image-2023-04-26-at-12.13.32-300x225.jpeg 300w, https:\/\/buletin.de\/bucuresti\/wp-content\/uploads\/WhatsApp-Image-2023-04-26-at-12.13.32-768x576.jpeg 768w, https:\/\/buletin.de\/bucuresti\/wp-content\/uploads\/WhatsApp-Image-2023-04-26-at-12.13.32-1536x1152.jpeg 1536w, https:\/\/buletin.de\/bucuresti\/wp-content\/uploads\/WhatsApp-Image-2023-04-26-at-12.13.32-1060x795.jpeg 1060w, https:\/\/buletin.de\/bucuresti\/wp-content\/uploads\/WhatsApp-Image-2023-04-26-at-12.13.32-550x413.jpeg 550w, https:\/\/buletin.de\/bucuresti\/wp-content\/uploads\/WhatsApp-Image-2023-04-26-at-12.13.32-667x500.jpeg 667w, https:\/\/buletin.de\/bucuresti\/wp-content\/uploads\/WhatsApp-Image-2023-04-26-at-12.13.32-1920x1440.jpeg 1920w, https:\/\/buletin.de\/bucuresti\/wp-content\/uploads\/WhatsApp-Image-2023-04-26-at-12.13.32-1440x1080.jpeg 1440w, https:\/\/buletin.de\/bucuresti\/wp-content\/uploads\/WhatsApp-Image-2023-04-26-at-12.13.32-600x450.jpeg 600w, https:\/\/buletin.de\/bucuresti\/wp-content\/uploads\/WhatsApp-Image-2023-04-26-at-12.13.32.jpeg 2048w\" sizes=\"(max-width: 900px) 100vw, 900px\" \/><\/a><\/figure>\n\n\n\n<figure class=\"wp-block-image size-large\"><a href=\"https:\/\/buletin.de\/bucuresti\/wp-content\/uploads\/WhatsApp-Image-2023-04-26-at-12.14.15-1.jpeg\"><img loading=\"lazy\" decoding=\"async\" width=\"900\" height=\"675\" data-id=\"58016\" src=\"data:image\/gif;base64,R0lGODlhAQABAAAAACH5BAEKAAEALAAAAAABAAEAAAICTAEAOw==\" data-src=\"https:\/\/buletin.de\/bucuresti\/wp-content\/uploads\/WhatsApp-Image-2023-04-26-at-12.14.15-1-900x675.jpeg\" alt=\"\" class=\"wp-image-58016 lazyload\" data-sizes=\"auto\" data-srcset=\"https:\/\/buletin.de\/bucuresti\/wp-content\/uploads\/WhatsApp-Image-2023-04-26-at-12.14.15-1-900x675.jpeg 900w, https:\/\/buletin.de\/bucuresti\/wp-content\/uploads\/WhatsApp-Image-2023-04-26-at-12.14.15-1-300x225.jpeg 300w, https:\/\/buletin.de\/bucuresti\/wp-content\/uploads\/WhatsApp-Image-2023-04-26-at-12.14.15-1-768x576.jpeg 768w, https:\/\/buletin.de\/bucuresti\/wp-content\/uploads\/WhatsApp-Image-2023-04-26-at-12.14.15-1-1536x1152.jpeg 1536w, https:\/\/buletin.de\/bucuresti\/wp-content\/uploads\/WhatsApp-Image-2023-04-26-at-12.14.15-1-1060x795.jpeg 1060w, https:\/\/buletin.de\/bucuresti\/wp-content\/uploads\/WhatsApp-Image-2023-04-26-at-12.14.15-1-550x413.jpeg 550w, https:\/\/buletin.de\/bucuresti\/wp-content\/uploads\/WhatsApp-Image-2023-04-26-at-12.14.15-1-667x500.jpeg 667w, https:\/\/buletin.de\/bucuresti\/wp-content\/uploads\/WhatsApp-Image-2023-04-26-at-12.14.15-1-1920x1440.jpeg 1920w, https:\/\/buletin.de\/bucuresti\/wp-content\/uploads\/WhatsApp-Image-2023-04-26-at-12.14.15-1-1440x1080.jpeg 1440w, https:\/\/buletin.de\/bucuresti\/wp-content\/uploads\/WhatsApp-Image-2023-04-26-at-12.14.15-1-600x450.jpeg 600w, https:\/\/buletin.de\/bucuresti\/wp-content\/uploads\/WhatsApp-Image-2023-04-26-at-12.14.15-1.jpeg 2048w\" sizes=\"(max-width: 900px) 100vw, 900px\" \/><\/a><\/figure>\n<\/figure>\n\n\n\n<p><\/p>\n\n\n\n<p><em><strong>Acest material a fost realizat cu ajutorul unei burse \u00een cadrul proiectului \u201eEduca\u021bia media \u2013 instrument pentru cre\u0219terea abilit\u0103\u021bilor de participare civic\u0103 a adolescen\u021bilor (faza 2) \u2013 Sprijinirea comunit\u0103\u021bilor pentru a fi mai bine protejate de infodemie\u201d, implementat de Centrul pentru Jurnalism Independent (CJI) \u00een parteneriat cu UNICEF. Opiniile exprimate \u00een acest articol apar\u021bin autorilor \u0219i nu reflect\u0103 neap\u0103rat pozi\u021bia UNICEF.<\/strong><\/em><\/p>\n","protected":false},"excerpt":{"rendered":"<p>Doi ochi alba\u0219tri, de copil care \u00eenva\u021b\u0103 s\u0103 mearg\u0103, te \u00eent\u00e2mpin\u0103 de cum intri \u00een hala mare de la Romexpo. Au v\u0103zut, \u00een fiecare zi, zeci de oameni \u0219i, de la frica visceral\u0103 a bebelu\u0219ului obi\u0219nuit doar cu figurile parentale, au ajuns s\u0103 \u00eendr\u0103geasc\u0103 \u0219i s\u0103 se simt\u0103 confortabil cu toat\u0103 lumea. Ecaterina se plimb\u0103 [&hellip;]<\/p>\n","protected":false},"author":2,"featured_media":58017,"comment_status":"closed","ping_status":"open","sticky":false,"template":"","format":"standard","meta":{"_acf_changed":false,"inline_featured_image":false,"ngg_post_thumbnail":0,"footnotes":""},"categories":[3419],"tags":[],"ppma_author":[22584],"class_list":["post-58003","post","type-post","status-publish","format-standard","has-post-thumbnail","hentry","category-featured"],"acf":[],"yoast_head":"<!-- This site is optimized with the Yoast SEO Premium plugin v25.3 (Yoast SEO v27.5) - https:\/\/yoast.com\/product\/yoast-seo-premium-wordpress\/ -->\n<title>Povestea celui mai mic voluntar de la Romexpo - Buletin de Bucure\u0219ti<\/title>\n<meta name=\"robots\" content=\"index, follow, max-snippet:-1, max-image-preview:large, max-video-preview:-1\" \/>\n<link rel=\"canonical\" href=\"https:\/\/buletin.de\/bucuresti\/povestea-celui-mai-mic-voluntar-de-la-romexpo\/\" \/>\n<meta property=\"og:locale\" content=\"en_GB\" \/>\n<meta property=\"og:type\" content=\"article\" \/>\n<meta property=\"og:title\" content=\"Povestea celui mai mic voluntar de la Romexpo\" \/>\n<meta property=\"og:description\" content=\"Doi ochi alba\u0219tri, de copil care \u00eenva\u021b\u0103 s\u0103 mearg\u0103, te \u00eent\u00e2mpin\u0103 de cum intri \u00een hala mare de la Romexpo. Au v\u0103zut, \u00een fiecare zi, zeci de oameni \u0219i, de la frica visceral\u0103 a bebelu\u0219ului obi\u0219nuit doar cu figurile parentale, au ajuns s\u0103 \u00eendr\u0103geasc\u0103 \u0219i s\u0103 se simt\u0103 confortabil cu toat\u0103 lumea. Ecaterina se plimb\u0103 [&hellip;]\" \/>\n<meta property=\"og:url\" content=\"https:\/\/buletin.de\/bucuresti\/povestea-celui-mai-mic-voluntar-de-la-romexpo\/\" \/>\n<meta property=\"og:site_name\" content=\"Buletin de Bucure\u0219ti\" \/>\n<meta property=\"article:publisher\" content=\"https:\/\/www.facebook.com\/buletin.de.buc\" \/>\n<meta property=\"article:published_time\" content=\"2023-04-27T07:53:35+00:00\" \/>\n<meta property=\"article:modified_time\" content=\"2023-04-27T07:53:36+00:00\" \/>\n<meta property=\"og:image\" content=\"https:\/\/buletin.de\/bucuresti\/wp-content\/uploads\/BeFunky-collage-22-900x576.png\" \/>\n\t<meta property=\"og:image:width\" content=\"900\" \/>\n\t<meta property=\"og:image:height\" content=\"576\" \/>\n\t<meta property=\"og:image:type\" content=\"image\/png\" \/>\n<meta name=\"author\" content=\"Oana Despa\" \/>\n<meta name=\"twitter:card\" content=\"summary_large_image\" \/>\n<meta name=\"twitter:label1\" content=\"Written by\" \/>\n\t<meta name=\"twitter:data1\" content=\"Oana Despa\" \/>\n\t<meta name=\"twitter:label2\" content=\"Estimated reading time\" \/>\n\t<meta name=\"twitter:data2\" content=\"6 minutes\" \/>\n<script type=\"application\/ld+json\" class=\"yoast-schema-graph\">{\"@context\":\"https:\\\/\\\/schema.org\",\"@graph\":[{\"@type\":\"Article\",\"@id\":\"https:\\\/\\\/buletin.de\\\/bucuresti\\\/povestea-celui-mai-mic-voluntar-de-la-romexpo\\\/#article\",\"isPartOf\":{\"@id\":\"https:\\\/\\\/buletin.de\\\/bucuresti\\\/povestea-celui-mai-mic-voluntar-de-la-romexpo\\\/\"},\"author\":{\"name\":\"Oana Despa\",\"@id\":\"https:\\\/\\\/buletin.de\\\/bucuresti\\\/#\\\/schema\\\/person\\\/f02780e5e00039cf0bc1d929798d0239\"},\"headline\":\"Povestea celui mai mic voluntar de la Romexpo\",\"datePublished\":\"2023-04-27T07:53:35+00:00\",\"dateModified\":\"2023-04-27T07:53:36+00:00\",\"mainEntityOfPage\":{\"@id\":\"https:\\\/\\\/buletin.de\\\/bucuresti\\\/povestea-celui-mai-mic-voluntar-de-la-romexpo\\\/\"},\"wordCount\":902,\"publisher\":{\"@id\":\"https:\\\/\\\/buletin.de\\\/bucuresti\\\/#organization\"},\"image\":{\"@id\":\"https:\\\/\\\/buletin.de\\\/bucuresti\\\/povestea-celui-mai-mic-voluntar-de-la-romexpo\\\/#primaryimage\"},\"thumbnailUrl\":\"https:\\\/\\\/buletin.de\\\/bucuresti\\\/wp-content\\\/uploads\\\/BeFunky-collage-22.png\",\"articleSection\":[\"Featured\"],\"inLanguage\":\"en-GB\",\"copyrightYear\":\"2023\",\"copyrightHolder\":{\"@id\":\"https:\\\/\\\/buletin.de\\\/bucuresti\\\/#organization\"}},{\"@type\":\"WebPage\",\"@id\":\"https:\\\/\\\/buletin.de\\\/bucuresti\\\/povestea-celui-mai-mic-voluntar-de-la-romexpo\\\/\",\"url\":\"https:\\\/\\\/buletin.de\\\/bucuresti\\\/povestea-celui-mai-mic-voluntar-de-la-romexpo\\\/\",\"name\":\"Povestea celui mai mic voluntar de la Romexpo - Buletin de Bucure\u0219ti\",\"isPartOf\":{\"@id\":\"https:\\\/\\\/buletin.de\\\/bucuresti\\\/#website\"},\"primaryImageOfPage\":{\"@id\":\"https:\\\/\\\/buletin.de\\\/bucuresti\\\/povestea-celui-mai-mic-voluntar-de-la-romexpo\\\/#primaryimage\"},\"image\":{\"@id\":\"https:\\\/\\\/buletin.de\\\/bucuresti\\\/povestea-celui-mai-mic-voluntar-de-la-romexpo\\\/#primaryimage\"},\"thumbnailUrl\":\"https:\\\/\\\/buletin.de\\\/bucuresti\\\/wp-content\\\/uploads\\\/BeFunky-collage-22.png\",\"datePublished\":\"2023-04-27T07:53:35+00:00\",\"dateModified\":\"2023-04-27T07:53:36+00:00\",\"breadcrumb\":{\"@id\":\"https:\\\/\\\/buletin.de\\\/bucuresti\\\/povestea-celui-mai-mic-voluntar-de-la-romexpo\\\/#breadcrumb\"},\"inLanguage\":\"en-GB\",\"potentialAction\":[{\"@type\":\"ReadAction\",\"target\":[\"https:\\\/\\\/buletin.de\\\/bucuresti\\\/povestea-celui-mai-mic-voluntar-de-la-romexpo\\\/\"]}]},{\"@type\":\"ImageObject\",\"inLanguage\":\"en-GB\",\"@id\":\"https:\\\/\\\/buletin.de\\\/bucuresti\\\/povestea-celui-mai-mic-voluntar-de-la-romexpo\\\/#primaryimage\",\"url\":\"https:\\\/\\\/buletin.de\\\/bucuresti\\\/wp-content\\\/uploads\\\/BeFunky-collage-22.png\",\"contentUrl\":\"https:\\\/\\\/buletin.de\\\/bucuresti\\\/wp-content\\\/uploads\\\/BeFunky-collage-22.png\",\"width\":2000,\"height\":1279},{\"@type\":\"BreadcrumbList\",\"@id\":\"https:\\\/\\\/buletin.de\\\/bucuresti\\\/povestea-celui-mai-mic-voluntar-de-la-romexpo\\\/#breadcrumb\",\"itemListElement\":[{\"@type\":\"ListItem\",\"position\":1,\"name\":\"Acas\u0103\",\"item\":\"https:\\\/\\\/buletin.de\\\/bucuresti\\\/\"},{\"@type\":\"ListItem\",\"position\":2,\"name\":\"Povestea celui mai mic voluntar de la Romexpo\"}]},{\"@type\":\"WebSite\",\"@id\":\"https:\\\/\\\/buletin.de\\\/bucuresti\\\/#website\",\"url\":\"https:\\\/\\\/buletin.de\\\/bucuresti\\\/\",\"name\":\"Buletin de Bucure\u0219ti\",\"description\":\"\u0218tiri \u0219i investiga\u021bii esen\u021biale din capital\u0103\",\"publisher\":{\"@id\":\"https:\\\/\\\/buletin.de\\\/bucuresti\\\/#organization\"},\"potentialAction\":[{\"@type\":\"SearchAction\",\"target\":{\"@type\":\"EntryPoint\",\"urlTemplate\":\"https:\\\/\\\/buletin.de\\\/bucuresti\\\/?s={search_term_string}\"},\"query-input\":{\"@type\":\"PropertyValueSpecification\",\"valueRequired\":true,\"valueName\":\"search_term_string\"}}],\"inLanguage\":\"en-GB\"},{\"@type\":\"Organization\",\"@id\":\"https:\\\/\\\/buletin.de\\\/bucuresti\\\/#organization\",\"name\":\"Buletin de Bucure\u0219ti\",\"url\":\"https:\\\/\\\/buletin.de\\\/bucuresti\\\/\",\"logo\":{\"@type\":\"ImageObject\",\"inLanguage\":\"en-GB\",\"@id\":\"https:\\\/\\\/buletin.de\\\/bucuresti\\\/#\\\/schema\\\/logo\\\/image\\\/\",\"url\":\"https:\\\/\\\/buletin.de\\\/bucuresti\\\/wp-content\\\/uploads\\\/logo-bdb-full-wide-vernil-transparent.png\",\"contentUrl\":\"https:\\\/\\\/buletin.de\\\/bucuresti\\\/wp-content\\\/uploads\\\/logo-bdb-full-wide-vernil-transparent.png\",\"width\":1782,\"height\":626,\"caption\":\"Buletin de Bucure\u0219ti\"},\"image\":{\"@id\":\"https:\\\/\\\/buletin.de\\\/bucuresti\\\/#\\\/schema\\\/logo\\\/image\\\/\"},\"sameAs\":[\"https:\\\/\\\/www.facebook.com\\\/buletin.de.buc\",\"https:\\\/\\\/www.instagram.com\\\/buletinde.bucuresti\\\/\"]},{\"@type\":\"Person\",\"@id\":\"https:\\\/\\\/buletin.de\\\/bucuresti\\\/#\\\/schema\\\/person\\\/f02780e5e00039cf0bc1d929798d0239\",\"name\":\"Oana Despa\",\"image\":{\"@type\":\"ImageObject\",\"inLanguage\":\"en-GB\",\"@id\":\"https:\\\/\\\/secure.gravatar.com\\\/avatar\\\/315d42f2ee19dcce5c47d87713af9f3ec85494d7026ca420f44668b51324357e?s=96&d=monsterid&r=g9679e8786333bebe875735ec1e7b81f0\",\"url\":\"https:\\\/\\\/secure.gravatar.com\\\/avatar\\\/315d42f2ee19dcce5c47d87713af9f3ec85494d7026ca420f44668b51324357e?s=96&d=monsterid&r=g\",\"contentUrl\":\"https:\\\/\\\/secure.gravatar.com\\\/avatar\\\/315d42f2ee19dcce5c47d87713af9f3ec85494d7026ca420f44668b51324357e?s=96&d=monsterid&r=g\",\"caption\":\"Oana Despa\"},\"description\":\"Editor\",\"url\":\"https:\\\/\\\/buletin.de\\\/bucuresti\\\/author\\\/oanadespa\\\/\"}]}<\/script>\n<!-- \/ Yoast SEO Premium plugin. -->","yoast_head_json":{"title":"Povestea celui mai mic voluntar de la Romexpo - Buletin de Bucure\u0219ti","robots":{"index":"index","follow":"follow","max-snippet":"max-snippet:-1","max-image-preview":"max-image-preview:large","max-video-preview":"max-video-preview:-1"},"canonical":"https:\/\/buletin.de\/bucuresti\/povestea-celui-mai-mic-voluntar-de-la-romexpo\/","og_locale":"en_GB","og_type":"article","og_title":"Povestea celui mai mic voluntar de la Romexpo","og_description":"Doi ochi alba\u0219tri, de copil care \u00eenva\u021b\u0103 s\u0103 mearg\u0103, te \u00eent\u00e2mpin\u0103 de cum intri \u00een hala mare de la Romexpo. Au v\u0103zut, \u00een fiecare zi, zeci de oameni \u0219i, de la frica visceral\u0103 a bebelu\u0219ului obi\u0219nuit doar cu figurile parentale, au ajuns s\u0103 \u00eendr\u0103geasc\u0103 \u0219i s\u0103 se simt\u0103 confortabil cu toat\u0103 lumea. Ecaterina se plimb\u0103 [&hellip;]","og_url":"https:\/\/buletin.de\/bucuresti\/povestea-celui-mai-mic-voluntar-de-la-romexpo\/","og_site_name":"Buletin de Bucure\u0219ti","article_publisher":"https:\/\/www.facebook.com\/buletin.de.buc","article_published_time":"2023-04-27T07:53:35+00:00","article_modified_time":"2023-04-27T07:53:36+00:00","og_image":[{"width":900,"height":576,"url":"https:\/\/buletin.de\/bucuresti\/wp-content\/uploads\/BeFunky-collage-22-900x576.png","type":"image\/png"}],"author":"Oana Despa","twitter_card":"summary_large_image","twitter_misc":{"Written by":"Oana Despa","Estimated reading time":"6 minutes"},"schema":{"@context":"https:\/\/schema.org","@graph":[{"@type":"Article","@id":"https:\/\/buletin.de\/bucuresti\/povestea-celui-mai-mic-voluntar-de-la-romexpo\/#article","isPartOf":{"@id":"https:\/\/buletin.de\/bucuresti\/povestea-celui-mai-mic-voluntar-de-la-romexpo\/"},"author":{"name":"Oana Despa","@id":"https:\/\/buletin.de\/bucuresti\/#\/schema\/person\/f02780e5e00039cf0bc1d929798d0239"},"headline":"Povestea celui mai mic voluntar de la Romexpo","datePublished":"2023-04-27T07:53:35+00:00","dateModified":"2023-04-27T07:53:36+00:00","mainEntityOfPage":{"@id":"https:\/\/buletin.de\/bucuresti\/povestea-celui-mai-mic-voluntar-de-la-romexpo\/"},"wordCount":902,"publisher":{"@id":"https:\/\/buletin.de\/bucuresti\/#organization"},"image":{"@id":"https:\/\/buletin.de\/bucuresti\/povestea-celui-mai-mic-voluntar-de-la-romexpo\/#primaryimage"},"thumbnailUrl":"https:\/\/buletin.de\/bucuresti\/wp-content\/uploads\/BeFunky-collage-22.png","articleSection":["Featured"],"inLanguage":"en-GB","copyrightYear":"2023","copyrightHolder":{"@id":"https:\/\/buletin.de\/bucuresti\/#organization"}},{"@type":"WebPage","@id":"https:\/\/buletin.de\/bucuresti\/povestea-celui-mai-mic-voluntar-de-la-romexpo\/","url":"https:\/\/buletin.de\/bucuresti\/povestea-celui-mai-mic-voluntar-de-la-romexpo\/","name":"Povestea celui mai mic voluntar de la Romexpo - Buletin de Bucure\u0219ti","isPartOf":{"@id":"https:\/\/buletin.de\/bucuresti\/#website"},"primaryImageOfPage":{"@id":"https:\/\/buletin.de\/bucuresti\/povestea-celui-mai-mic-voluntar-de-la-romexpo\/#primaryimage"},"image":{"@id":"https:\/\/buletin.de\/bucuresti\/povestea-celui-mai-mic-voluntar-de-la-romexpo\/#primaryimage"},"thumbnailUrl":"https:\/\/buletin.de\/bucuresti\/wp-content\/uploads\/BeFunky-collage-22.png","datePublished":"2023-04-27T07:53:35+00:00","dateModified":"2023-04-27T07:53:36+00:00","breadcrumb":{"@id":"https:\/\/buletin.de\/bucuresti\/povestea-celui-mai-mic-voluntar-de-la-romexpo\/#breadcrumb"},"inLanguage":"en-GB","potentialAction":[{"@type":"ReadAction","target":["https:\/\/buletin.de\/bucuresti\/povestea-celui-mai-mic-voluntar-de-la-romexpo\/"]}]},{"@type":"ImageObject","inLanguage":"en-GB","@id":"https:\/\/buletin.de\/bucuresti\/povestea-celui-mai-mic-voluntar-de-la-romexpo\/#primaryimage","url":"https:\/\/buletin.de\/bucuresti\/wp-content\/uploads\/BeFunky-collage-22.png","contentUrl":"https:\/\/buletin.de\/bucuresti\/wp-content\/uploads\/BeFunky-collage-22.png","width":2000,"height":1279},{"@type":"BreadcrumbList","@id":"https:\/\/buletin.de\/bucuresti\/povestea-celui-mai-mic-voluntar-de-la-romexpo\/#breadcrumb","itemListElement":[{"@type":"ListItem","position":1,"name":"Acas\u0103","item":"https:\/\/buletin.de\/bucuresti\/"},{"@type":"ListItem","position":2,"name":"Povestea celui mai mic voluntar de la Romexpo"}]},{"@type":"WebSite","@id":"https:\/\/buletin.de\/bucuresti\/#website","url":"https:\/\/buletin.de\/bucuresti\/","name":"Buletin de Bucure\u0219ti","description":"\u0218tiri \u0219i investiga\u021bii esen\u021biale din capital\u0103","publisher":{"@id":"https:\/\/buletin.de\/bucuresti\/#organization"},"potentialAction":[{"@type":"SearchAction","target":{"@type":"EntryPoint","urlTemplate":"https:\/\/buletin.de\/bucuresti\/?s={search_term_string}"},"query-input":{"@type":"PropertyValueSpecification","valueRequired":true,"valueName":"search_term_string"}}],"inLanguage":"en-GB"},{"@type":"Organization","@id":"https:\/\/buletin.de\/bucuresti\/#organization","name":"Buletin de Bucure\u0219ti","url":"https:\/\/buletin.de\/bucuresti\/","logo":{"@type":"ImageObject","inLanguage":"en-GB","@id":"https:\/\/buletin.de\/bucuresti\/#\/schema\/logo\/image\/","url":"https:\/\/buletin.de\/bucuresti\/wp-content\/uploads\/logo-bdb-full-wide-vernil-transparent.png","contentUrl":"https:\/\/buletin.de\/bucuresti\/wp-content\/uploads\/logo-bdb-full-wide-vernil-transparent.png","width":1782,"height":626,"caption":"Buletin de Bucure\u0219ti"},"image":{"@id":"https:\/\/buletin.de\/bucuresti\/#\/schema\/logo\/image\/"},"sameAs":["https:\/\/www.facebook.com\/buletin.de.buc","https:\/\/www.instagram.com\/buletinde.bucuresti\/"]},{"@type":"Person","@id":"https:\/\/buletin.de\/bucuresti\/#\/schema\/person\/f02780e5e00039cf0bc1d929798d0239","name":"Oana Despa","image":{"@type":"ImageObject","inLanguage":"en-GB","@id":"https:\/\/secure.gravatar.com\/avatar\/315d42f2ee19dcce5c47d87713af9f3ec85494d7026ca420f44668b51324357e?s=96&d=monsterid&r=g9679e8786333bebe875735ec1e7b81f0","url":"https:\/\/secure.gravatar.com\/avatar\/315d42f2ee19dcce5c47d87713af9f3ec85494d7026ca420f44668b51324357e?s=96&d=monsterid&r=g","contentUrl":"https:\/\/secure.gravatar.com\/avatar\/315d42f2ee19dcce5c47d87713af9f3ec85494d7026ca420f44668b51324357e?s=96&d=monsterid&r=g","caption":"Oana Despa"},"description":"Editor","url":"https:\/\/buletin.de\/bucuresti\/author\/oanadespa\/"}]}},"authors":[{"term_id":22584,"user_id":2,"is_guest":0,"slug":"oanadespa","display_name":"Oana Despa","avatar_url":"https:\/\/secure.gravatar.com\/avatar\/315d42f2ee19dcce5c47d87713af9f3ec85494d7026ca420f44668b51324357e?s=96&d=monsterid&r=g","0":null,"1":"","2":"","3":"","4":"","5":"","6":"","7":"","8":""}],"_links":{"self":[{"href":"https:\/\/buletin.de\/bucuresti\/wp-json\/wp\/v2\/posts\/58003","targetHints":{"allow":["GET"]}}],"collection":[{"href":"https:\/\/buletin.de\/bucuresti\/wp-json\/wp\/v2\/posts"}],"about":[{"href":"https:\/\/buletin.de\/bucuresti\/wp-json\/wp\/v2\/types\/post"}],"author":[{"embeddable":true,"href":"https:\/\/buletin.de\/bucuresti\/wp-json\/wp\/v2\/users\/2"}],"replies":[{"embeddable":true,"href":"https:\/\/buletin.de\/bucuresti\/wp-json\/wp\/v2\/comments?post=58003"}],"version-history":[{"count":2,"href":"https:\/\/buletin.de\/bucuresti\/wp-json\/wp\/v2\/posts\/58003\/revisions"}],"predecessor-version":[{"id":58046,"href":"https:\/\/buletin.de\/bucuresti\/wp-json\/wp\/v2\/posts\/58003\/revisions\/58046"}],"wp:featuredmedia":[{"embeddable":true,"href":"https:\/\/buletin.de\/bucuresti\/wp-json\/wp\/v2\/media\/58017"}],"wp:attachment":[{"href":"https:\/\/buletin.de\/bucuresti\/wp-json\/wp\/v2\/media?parent=58003"}],"wp:term":[{"taxonomy":"category","embeddable":true,"href":"https:\/\/buletin.de\/bucuresti\/wp-json\/wp\/v2\/categories?post=58003"},{"taxonomy":"post_tag","embeddable":true,"href":"https:\/\/buletin.de\/bucuresti\/wp-json\/wp\/v2\/tags?post=58003"},{"taxonomy":"author","embeddable":true,"href":"https:\/\/buletin.de\/bucuresti\/wp-json\/wp\/v2\/ppma_author?post=58003"}],"curies":[{"name":"wp","href":"https:\/\/api.w.org\/{rel}","templated":true}]}}