{"id":57997,"date":"2023-04-26T11:04:58","date_gmt":"2023-04-26T09:04:58","guid":{"rendered":"https:\/\/buletin.de\/bucuresti\/?p=57997"},"modified":"2023-04-26T11:04:59","modified_gmt":"2023-04-26T09:04:59","slug":"primaria-capitalei-va-transparentiza-informatiile-despre-patrimoniul-imobiliar-aflat-in-proprietatea-publica","status":"publish","type":"post","link":"https:\/\/buletin.de\/bucuresti\/primaria-capitalei-va-transparentiza-informatiile-despre-patrimoniul-imobiliar-aflat-in-proprietatea-publica\/","title":{"rendered":"Prim\u0103ria Capitalei va transparentiza informa\u021biile despre patrimoniul imobiliar aflat \u00een proprietatea public\u0103"},"content":{"rendered":"\n<p><strong>Prim\u0103ria Municipiului Bucure\u0219ti va transmite public informa\u021biile privind cl\u0103dirile aflate \u00een patrimoniul public. Cet\u0103\u021benii vor putea afla informa\u021biile prin intermediul unei platforme online.<br><\/strong><br>Municipiul Bucure\u0219ti de\u021bine \u00een proprietatea public\u0103 o serie de imobile, ce se afl\u0103 \u00een eviden\u021ba Direc\u021biei Patrimoniului PMB. \u00cen cadrul ultimei \u0219edin\u021be a Consiliului General al Municipiului Bucure\u0219ti, s-a aprobat publicarea informa\u021biilor despre cl\u0103dirile din patrimoniu, \u00eentr-o sec\u021biune distinct\u0103 pe site-ul Prim\u0103riei Municipiului Bucure\u0219ti, prin reprezentare \u00een harta GIS. Publicul va fi informat de acum cu privire la urm\u0103toarele:<\/p>\n\n\n\n<ul class=\"wp-block-list\"><li>Conturul imobilelor conform documenta\u021biei cadastrale inclusiv amplasarea pe harta Bucurestiului;<\/li><li>Adresa imobilelor;<\/li><li>Administratorul actual al imobilului respectiv.<\/li><\/ul>\n\n\n\n<p>Administratorii imobilelor aflate \u00een proprietatea Municipiului Bucure\u0219ti sunt obliga\u021bi s\u0103 transmit\u0103 informa\u021bii cu privire la imobile pe platforma GIS, asta dup\u0103 ce vor primi acces de la Direc\u021bia informatic\u0103. Informa\u021biile publicate pe platform\u0103 vor face referire la:<\/p>\n\n\n\n<ul class=\"wp-block-list\"><li>Existen\u021ba unui contract;<\/li><li>Perioada contractului;<\/li><li>Obiectului contractului;<\/li><li>Suma contractului \u0219i titularul contractului.<\/li><\/ul>\n\n\n\n<p>Surs\u0103 foto: Funda\u021bia Calea Victoriei<\/p>\n","protected":false},"excerpt":{"rendered":"<p>Prim\u0103ria Municipiului Bucure\u0219ti va transmite public informa\u021biile privind cl\u0103dirile aflate \u00een patrimoniul public. Cet\u0103\u021benii vor putea afla informa\u021biile prin intermediul unei platforme online.Municipiul Bucure\u0219ti de\u021bine \u00een proprietatea public\u0103 o serie de imobile, ce se afl\u0103 \u00een eviden\u021ba Direc\u021biei Patrimoniului PMB. \u00cen cadrul ultimei \u0219edin\u021be a Consiliului General al Municipiului Bucure\u0219ti, s-a aprobat publicarea informa\u021biilor despre [&hellip;]<\/p>\n","protected":false},"author":45,"featured_media":57998,"comment_status":"closed","ping_status":"open","sticky":false,"template":"","format":"standard","meta":{"_acf_changed":false,"inline_featured_image":false,"ngg_post_thumbnail":0,"footnotes":""},"categories":[62],"tags":[],"ppma_author":[22604],"class_list":["post-57997","post","type-post","status-publish","format-standard","has-post-thumbnail","hentry","category-stiri"],"acf":[],"yoast_head":"<!-- This site is optimized with the Yoast SEO Premium plugin v25.3 (Yoast SEO v27.5) - https:\/\/yoast.com\/product\/yoast-seo-premium-wordpress\/ -->\n<title>Prim\u0103ria Capitalei va transparentiza informa\u021biile despre patrimoniul imobiliar aflat \u00een proprietatea public\u0103 - Buletin de Bucure\u0219ti<\/title>\n<meta name=\"robots\" content=\"index, follow, max-snippet:-1, max-image-preview:large, max-video-preview:-1\" \/>\n<link rel=\"canonical\" href=\"https:\/\/buletin.de\/bucuresti\/primaria-capitalei-va-transparentiza-informatiile-despre-patrimoniul-imobiliar-aflat-in-proprietatea-publica\/\" \/>\n<meta property=\"og:locale\" content=\"en_GB\" \/>\n<meta property=\"og:type\" content=\"article\" \/>\n<meta property=\"og:title\" content=\"Prim\u0103ria Capitalei va transparentiza informa\u021biile despre patrimoniul imobiliar aflat \u00een proprietatea public\u0103\" \/>\n<meta property=\"og:description\" content=\"Prim\u0103ria Municipiului Bucure\u0219ti va transmite public informa\u021biile privind cl\u0103dirile aflate \u00een patrimoniul public. Cet\u0103\u021benii vor putea afla informa\u021biile prin intermediul unei platforme online.Municipiul Bucure\u0219ti de\u021bine \u00een proprietatea public\u0103 o serie de imobile, ce se afl\u0103 \u00een eviden\u021ba Direc\u021biei Patrimoniului PMB. \u00cen cadrul ultimei \u0219edin\u021be a Consiliului General al Municipiului Bucure\u0219ti, s-a aprobat publicarea informa\u021biilor despre [&hellip;]\" \/>\n<meta property=\"og:url\" content=\"https:\/\/buletin.de\/bucuresti\/primaria-capitalei-va-transparentiza-informatiile-despre-patrimoniul-imobiliar-aflat-in-proprietatea-publica\/\" \/>\n<meta property=\"og:site_name\" content=\"Buletin de Bucure\u0219ti\" \/>\n<meta property=\"article:publisher\" content=\"https:\/\/www.facebook.com\/buletin.de.buc\" \/>\n<meta property=\"article:published_time\" content=\"2023-04-26T09:04:58+00:00\" \/>\n<meta property=\"article:modified_time\" content=\"2023-04-26T09:04:59+00:00\" \/>\n<meta property=\"og:image\" content=\"https:\/\/buletin.de\/bucuresti\/wp-content\/uploads\/WhatsApp-Image-2023-04-26-at-11.58.53.jpeg\" \/>\n\t<meta property=\"og:image:width\" content=\"2048\" \/>\n\t<meta property=\"og:image:height\" content=\"2048\" \/>\n\t<meta property=\"og:image:type\" content=\"image\/jpeg\" \/>\n<meta name=\"author\" content=\"Teodora \u0218uta\" \/>\n<meta name=\"twitter:card\" content=\"summary_large_image\" \/>\n<meta name=\"twitter:label1\" content=\"Written by\" \/>\n\t<meta name=\"twitter:data1\" content=\"Teodora \u0218uta\" \/>\n\t<meta name=\"twitter:label2\" content=\"Estimated reading time\" \/>\n\t<meta name=\"twitter:data2\" content=\"1 minute\" \/>\n<script type=\"application\/ld+json\" class=\"yoast-schema-graph\">{\"@context\":\"https:\\\/\\\/schema.org\",\"@graph\":[{\"@type\":\"Article\",\"@id\":\"https:\\\/\\\/buletin.de\\\/bucuresti\\\/primaria-capitalei-va-transparentiza-informatiile-despre-patrimoniul-imobiliar-aflat-in-proprietatea-publica\\\/#article\",\"isPartOf\":{\"@id\":\"https:\\\/\\\/buletin.de\\\/bucuresti\\\/primaria-capitalei-va-transparentiza-informatiile-despre-patrimoniul-imobiliar-aflat-in-proprietatea-publica\\\/\"},\"author\":{\"name\":\"Teodora \u0218uta\",\"@id\":\"https:\\\/\\\/buletin.de\\\/bucuresti\\\/#\\\/schema\\\/person\\\/5d54908fa90ab7ad3b2e88152efd6845\"},\"headline\":\"Prim\u0103ria Capitalei va transparentiza informa\u021biile despre patrimoniul imobiliar aflat \u00een proprietatea public\u0103\",\"datePublished\":\"2023-04-26T09:04:58+00:00\",\"dateModified\":\"2023-04-26T09:04:59+00:00\",\"mainEntityOfPage\":{\"@id\":\"https:\\\/\\\/buletin.de\\\/bucuresti\\\/primaria-capitalei-va-transparentiza-informatiile-despre-patrimoniul-imobiliar-aflat-in-proprietatea-publica\\\/\"},\"wordCount\":193,\"publisher\":{\"@id\":\"https:\\\/\\\/buletin.de\\\/bucuresti\\\/#organization\"},\"image\":{\"@id\":\"https:\\\/\\\/buletin.de\\\/bucuresti\\\/primaria-capitalei-va-transparentiza-informatiile-despre-patrimoniul-imobiliar-aflat-in-proprietatea-publica\\\/#primaryimage\"},\"thumbnailUrl\":\"https:\\\/\\\/buletin.de\\\/bucuresti\\\/wp-content\\\/uploads\\\/WhatsApp-Image-2023-04-26-at-11.58.53.jpeg\",\"articleSection\":[\"\u0218tiri\"],\"inLanguage\":\"en-GB\",\"copyrightYear\":\"2023\",\"copyrightHolder\":{\"@id\":\"https:\\\/\\\/buletin.de\\\/bucuresti\\\/#organization\"}},{\"@type\":\"WebPage\",\"@id\":\"https:\\\/\\\/buletin.de\\\/bucuresti\\\/primaria-capitalei-va-transparentiza-informatiile-despre-patrimoniul-imobiliar-aflat-in-proprietatea-publica\\\/\",\"url\":\"https:\\\/\\\/buletin.de\\\/bucuresti\\\/primaria-capitalei-va-transparentiza-informatiile-despre-patrimoniul-imobiliar-aflat-in-proprietatea-publica\\\/\",\"name\":\"Prim\u0103ria Capitalei va transparentiza informa\u021biile despre patrimoniul imobiliar aflat \u00een proprietatea public\u0103 - Buletin de Bucure\u0219ti\",\"isPartOf\":{\"@id\":\"https:\\\/\\\/buletin.de\\\/bucuresti\\\/#website\"},\"primaryImageOfPage\":{\"@id\":\"https:\\\/\\\/buletin.de\\\/bucuresti\\\/primaria-capitalei-va-transparentiza-informatiile-despre-patrimoniul-imobiliar-aflat-in-proprietatea-publica\\\/#primaryimage\"},\"image\":{\"@id\":\"https:\\\/\\\/buletin.de\\\/bucuresti\\\/primaria-capitalei-va-transparentiza-informatiile-despre-patrimoniul-imobiliar-aflat-in-proprietatea-publica\\\/#primaryimage\"},\"thumbnailUrl\":\"https:\\\/\\\/buletin.de\\\/bucuresti\\\/wp-content\\\/uploads\\\/WhatsApp-Image-2023-04-26-at-11.58.53.jpeg\",\"datePublished\":\"2023-04-26T09:04:58+00:00\",\"dateModified\":\"2023-04-26T09:04:59+00:00\",\"breadcrumb\":{\"@id\":\"https:\\\/\\\/buletin.de\\\/bucuresti\\\/primaria-capitalei-va-transparentiza-informatiile-despre-patrimoniul-imobiliar-aflat-in-proprietatea-publica\\\/#breadcrumb\"},\"inLanguage\":\"en-GB\",\"potentialAction\":[{\"@type\":\"ReadAction\",\"target\":[\"https:\\\/\\\/buletin.de\\\/bucuresti\\\/primaria-capitalei-va-transparentiza-informatiile-despre-patrimoniul-imobiliar-aflat-in-proprietatea-publica\\\/\"]}]},{\"@type\":\"ImageObject\",\"inLanguage\":\"en-GB\",\"@id\":\"https:\\\/\\\/buletin.de\\\/bucuresti\\\/primaria-capitalei-va-transparentiza-informatiile-despre-patrimoniul-imobiliar-aflat-in-proprietatea-publica\\\/#primaryimage\",\"url\":\"https:\\\/\\\/buletin.de\\\/bucuresti\\\/wp-content\\\/uploads\\\/WhatsApp-Image-2023-04-26-at-11.58.53.jpeg\",\"contentUrl\":\"https:\\\/\\\/buletin.de\\\/bucuresti\\\/wp-content\\\/uploads\\\/WhatsApp-Image-2023-04-26-at-11.58.53.jpeg\",\"width\":2048,\"height\":2048},{\"@type\":\"BreadcrumbList\",\"@id\":\"https:\\\/\\\/buletin.de\\\/bucuresti\\\/primaria-capitalei-va-transparentiza-informatiile-despre-patrimoniul-imobiliar-aflat-in-proprietatea-publica\\\/#breadcrumb\",\"itemListElement\":[{\"@type\":\"ListItem\",\"position\":1,\"name\":\"Acas\u0103\",\"item\":\"https:\\\/\\\/buletin.de\\\/bucuresti\\\/\"},{\"@type\":\"ListItem\",\"position\":2,\"name\":\"Prim\u0103ria Capitalei va transparentiza informa\u021biile despre patrimoniul imobiliar aflat \u00een proprietatea public\u0103\"}]},{\"@type\":\"WebSite\",\"@id\":\"https:\\\/\\\/buletin.de\\\/bucuresti\\\/#website\",\"url\":\"https:\\\/\\\/buletin.de\\\/bucuresti\\\/\",\"name\":\"Buletin de Bucure\u0219ti\",\"description\":\"\u0218tiri \u0219i investiga\u021bii esen\u021biale din capital\u0103\",\"publisher\":{\"@id\":\"https:\\\/\\\/buletin.de\\\/bucuresti\\\/#organization\"},\"potentialAction\":[{\"@type\":\"SearchAction\",\"target\":{\"@type\":\"EntryPoint\",\"urlTemplate\":\"https:\\\/\\\/buletin.de\\\/bucuresti\\\/?s={search_term_string}\"},\"query-input\":{\"@type\":\"PropertyValueSpecification\",\"valueRequired\":true,\"valueName\":\"search_term_string\"}}],\"inLanguage\":\"en-GB\"},{\"@type\":\"Organization\",\"@id\":\"https:\\\/\\\/buletin.de\\\/bucuresti\\\/#organization\",\"name\":\"Buletin de Bucure\u0219ti\",\"url\":\"https:\\\/\\\/buletin.de\\\/bucuresti\\\/\",\"logo\":{\"@type\":\"ImageObject\",\"inLanguage\":\"en-GB\",\"@id\":\"https:\\\/\\\/buletin.de\\\/bucuresti\\\/#\\\/schema\\\/logo\\\/image\\\/\",\"url\":\"https:\\\/\\\/buletin.de\\\/bucuresti\\\/wp-content\\\/uploads\\\/logo-bdb-full-wide-vernil-transparent.png\",\"contentUrl\":\"https:\\\/\\\/buletin.de\\\/bucuresti\\\/wp-content\\\/uploads\\\/logo-bdb-full-wide-vernil-transparent.png\",\"width\":1782,\"height\":626,\"caption\":\"Buletin de Bucure\u0219ti\"},\"image\":{\"@id\":\"https:\\\/\\\/buletin.de\\\/bucuresti\\\/#\\\/schema\\\/logo\\\/image\\\/\"},\"sameAs\":[\"https:\\\/\\\/www.facebook.com\\\/buletin.de.buc\",\"https:\\\/\\\/www.instagram.com\\\/buletinde.bucuresti\\\/\"]},{\"@type\":\"Person\",\"@id\":\"https:\\\/\\\/buletin.de\\\/bucuresti\\\/#\\\/schema\\\/person\\\/5d54908fa90ab7ad3b2e88152efd6845\",\"name\":\"Teodora \u0218uta\",\"image\":{\"@type\":\"ImageObject\",\"inLanguage\":\"en-GB\",\"@id\":\"https:\\\/\\\/secure.gravatar.com\\\/avatar\\\/0c709226af9845d97b126aa0aa80ab42778847ec3d11d741016b74a61174088d?s=96&d=monsterid&r=gf2e0c6a01d766272c6fa8af9e494be28\",\"url\":\"https:\\\/\\\/secure.gravatar.com\\\/avatar\\\/0c709226af9845d97b126aa0aa80ab42778847ec3d11d741016b74a61174088d?s=96&d=monsterid&r=g\",\"contentUrl\":\"https:\\\/\\\/secure.gravatar.com\\\/avatar\\\/0c709226af9845d97b126aa0aa80ab42778847ec3d11d741016b74a61174088d?s=96&d=monsterid&r=g\",\"caption\":\"Teodora \u0218uta\"},\"url\":\"https:\\\/\\\/buletin.de\\\/bucuresti\\\/author\\\/mariasuta\\\/\"}]}<\/script>\n<!-- \/ Yoast SEO Premium plugin. -->","yoast_head_json":{"title":"Prim\u0103ria Capitalei va transparentiza informa\u021biile despre patrimoniul imobiliar aflat \u00een proprietatea public\u0103 - Buletin de Bucure\u0219ti","robots":{"index":"index","follow":"follow","max-snippet":"max-snippet:-1","max-image-preview":"max-image-preview:large","max-video-preview":"max-video-preview:-1"},"canonical":"https:\/\/buletin.de\/bucuresti\/primaria-capitalei-va-transparentiza-informatiile-despre-patrimoniul-imobiliar-aflat-in-proprietatea-publica\/","og_locale":"en_GB","og_type":"article","og_title":"Prim\u0103ria Capitalei va transparentiza informa\u021biile despre patrimoniul imobiliar aflat \u00een proprietatea public\u0103","og_description":"Prim\u0103ria Municipiului Bucure\u0219ti va transmite public informa\u021biile privind cl\u0103dirile aflate \u00een patrimoniul public. Cet\u0103\u021benii vor putea afla informa\u021biile prin intermediul unei platforme online.Municipiul Bucure\u0219ti de\u021bine \u00een proprietatea public\u0103 o serie de imobile, ce se afl\u0103 \u00een eviden\u021ba Direc\u021biei Patrimoniului PMB. \u00cen cadrul ultimei \u0219edin\u021be a Consiliului General al Municipiului Bucure\u0219ti, s-a aprobat publicarea informa\u021biilor despre [&hellip;]","og_url":"https:\/\/buletin.de\/bucuresti\/primaria-capitalei-va-transparentiza-informatiile-despre-patrimoniul-imobiliar-aflat-in-proprietatea-publica\/","og_site_name":"Buletin de Bucure\u0219ti","article_publisher":"https:\/\/www.facebook.com\/buletin.de.buc","article_published_time":"2023-04-26T09:04:58+00:00","article_modified_time":"2023-04-26T09:04:59+00:00","og_image":[{"width":2048,"height":2048,"url":"https:\/\/buletin.de\/bucuresti\/wp-content\/uploads\/WhatsApp-Image-2023-04-26-at-11.58.53.jpeg","type":"image\/jpeg"}],"author":"Teodora \u0218uta","twitter_card":"summary_large_image","twitter_misc":{"Written by":"Teodora \u0218uta","Estimated reading time":"1 minute"},"schema":{"@context":"https:\/\/schema.org","@graph":[{"@type":"Article","@id":"https:\/\/buletin.de\/bucuresti\/primaria-capitalei-va-transparentiza-informatiile-despre-patrimoniul-imobiliar-aflat-in-proprietatea-publica\/#article","isPartOf":{"@id":"https:\/\/buletin.de\/bucuresti\/primaria-capitalei-va-transparentiza-informatiile-despre-patrimoniul-imobiliar-aflat-in-proprietatea-publica\/"},"author":{"name":"Teodora \u0218uta","@id":"https:\/\/buletin.de\/bucuresti\/#\/schema\/person\/5d54908fa90ab7ad3b2e88152efd6845"},"headline":"Prim\u0103ria Capitalei va transparentiza informa\u021biile despre patrimoniul imobiliar aflat \u00een proprietatea public\u0103","datePublished":"2023-04-26T09:04:58+00:00","dateModified":"2023-04-26T09:04:59+00:00","mainEntityOfPage":{"@id":"https:\/\/buletin.de\/bucuresti\/primaria-capitalei-va-transparentiza-informatiile-despre-patrimoniul-imobiliar-aflat-in-proprietatea-publica\/"},"wordCount":193,"publisher":{"@id":"https:\/\/buletin.de\/bucuresti\/#organization"},"image":{"@id":"https:\/\/buletin.de\/bucuresti\/primaria-capitalei-va-transparentiza-informatiile-despre-patrimoniul-imobiliar-aflat-in-proprietatea-publica\/#primaryimage"},"thumbnailUrl":"https:\/\/buletin.de\/bucuresti\/wp-content\/uploads\/WhatsApp-Image-2023-04-26-at-11.58.53.jpeg","articleSection":["\u0218tiri"],"inLanguage":"en-GB","copyrightYear":"2023","copyrightHolder":{"@id":"https:\/\/buletin.de\/bucuresti\/#organization"}},{"@type":"WebPage","@id":"https:\/\/buletin.de\/bucuresti\/primaria-capitalei-va-transparentiza-informatiile-despre-patrimoniul-imobiliar-aflat-in-proprietatea-publica\/","url":"https:\/\/buletin.de\/bucuresti\/primaria-capitalei-va-transparentiza-informatiile-despre-patrimoniul-imobiliar-aflat-in-proprietatea-publica\/","name":"Prim\u0103ria Capitalei va transparentiza informa\u021biile despre patrimoniul imobiliar aflat \u00een proprietatea public\u0103 - Buletin de Bucure\u0219ti","isPartOf":{"@id":"https:\/\/buletin.de\/bucuresti\/#website"},"primaryImageOfPage":{"@id":"https:\/\/buletin.de\/bucuresti\/primaria-capitalei-va-transparentiza-informatiile-despre-patrimoniul-imobiliar-aflat-in-proprietatea-publica\/#primaryimage"},"image":{"@id":"https:\/\/buletin.de\/bucuresti\/primaria-capitalei-va-transparentiza-informatiile-despre-patrimoniul-imobiliar-aflat-in-proprietatea-publica\/#primaryimage"},"thumbnailUrl":"https:\/\/buletin.de\/bucuresti\/wp-content\/uploads\/WhatsApp-Image-2023-04-26-at-11.58.53.jpeg","datePublished":"2023-04-26T09:04:58+00:00","dateModified":"2023-04-26T09:04:59+00:00","breadcrumb":{"@id":"https:\/\/buletin.de\/bucuresti\/primaria-capitalei-va-transparentiza-informatiile-despre-patrimoniul-imobiliar-aflat-in-proprietatea-publica\/#breadcrumb"},"inLanguage":"en-GB","potentialAction":[{"@type":"ReadAction","target":["https:\/\/buletin.de\/bucuresti\/primaria-capitalei-va-transparentiza-informatiile-despre-patrimoniul-imobiliar-aflat-in-proprietatea-publica\/"]}]},{"@type":"ImageObject","inLanguage":"en-GB","@id":"https:\/\/buletin.de\/bucuresti\/primaria-capitalei-va-transparentiza-informatiile-despre-patrimoniul-imobiliar-aflat-in-proprietatea-publica\/#primaryimage","url":"https:\/\/buletin.de\/bucuresti\/wp-content\/uploads\/WhatsApp-Image-2023-04-26-at-11.58.53.jpeg","contentUrl":"https:\/\/buletin.de\/bucuresti\/wp-content\/uploads\/WhatsApp-Image-2023-04-26-at-11.58.53.jpeg","width":2048,"height":2048},{"@type":"BreadcrumbList","@id":"https:\/\/buletin.de\/bucuresti\/primaria-capitalei-va-transparentiza-informatiile-despre-patrimoniul-imobiliar-aflat-in-proprietatea-publica\/#breadcrumb","itemListElement":[{"@type":"ListItem","position":1,"name":"Acas\u0103","item":"https:\/\/buletin.de\/bucuresti\/"},{"@type":"ListItem","position":2,"name":"Prim\u0103ria Capitalei va transparentiza informa\u021biile despre patrimoniul imobiliar aflat \u00een proprietatea public\u0103"}]},{"@type":"WebSite","@id":"https:\/\/buletin.de\/bucuresti\/#website","url":"https:\/\/buletin.de\/bucuresti\/","name":"Buletin de Bucure\u0219ti","description":"\u0218tiri \u0219i investiga\u021bii esen\u021biale din capital\u0103","publisher":{"@id":"https:\/\/buletin.de\/bucuresti\/#organization"},"potentialAction":[{"@type":"SearchAction","target":{"@type":"EntryPoint","urlTemplate":"https:\/\/buletin.de\/bucuresti\/?s={search_term_string}"},"query-input":{"@type":"PropertyValueSpecification","valueRequired":true,"valueName":"search_term_string"}}],"inLanguage":"en-GB"},{"@type":"Organization","@id":"https:\/\/buletin.de\/bucuresti\/#organization","name":"Buletin de Bucure\u0219ti","url":"https:\/\/buletin.de\/bucuresti\/","logo":{"@type":"ImageObject","inLanguage":"en-GB","@id":"https:\/\/buletin.de\/bucuresti\/#\/schema\/logo\/image\/","url":"https:\/\/buletin.de\/bucuresti\/wp-content\/uploads\/logo-bdb-full-wide-vernil-transparent.png","contentUrl":"https:\/\/buletin.de\/bucuresti\/wp-content\/uploads\/logo-bdb-full-wide-vernil-transparent.png","width":1782,"height":626,"caption":"Buletin de Bucure\u0219ti"},"image":{"@id":"https:\/\/buletin.de\/bucuresti\/#\/schema\/logo\/image\/"},"sameAs":["https:\/\/www.facebook.com\/buletin.de.buc","https:\/\/www.instagram.com\/buletinde.bucuresti\/"]},{"@type":"Person","@id":"https:\/\/buletin.de\/bucuresti\/#\/schema\/person\/5d54908fa90ab7ad3b2e88152efd6845","name":"Teodora \u0218uta","image":{"@type":"ImageObject","inLanguage":"en-GB","@id":"https:\/\/secure.gravatar.com\/avatar\/0c709226af9845d97b126aa0aa80ab42778847ec3d11d741016b74a61174088d?s=96&d=monsterid&r=gf2e0c6a01d766272c6fa8af9e494be28","url":"https:\/\/secure.gravatar.com\/avatar\/0c709226af9845d97b126aa0aa80ab42778847ec3d11d741016b74a61174088d?s=96&d=monsterid&r=g","contentUrl":"https:\/\/secure.gravatar.com\/avatar\/0c709226af9845d97b126aa0aa80ab42778847ec3d11d741016b74a61174088d?s=96&d=monsterid&r=g","caption":"Teodora \u0218uta"},"url":"https:\/\/buletin.de\/bucuresti\/author\/mariasuta\/"}]}},"authors":[{"term_id":22604,"user_id":45,"is_guest":0,"slug":"mariasuta","display_name":"Teodora \u0218uta","avatar_url":"https:\/\/secure.gravatar.com\/avatar\/0c709226af9845d97b126aa0aa80ab42778847ec3d11d741016b74a61174088d?s=96&d=monsterid&r=g","0":null,"1":"","2":"","3":"","4":"","5":"","6":"","7":"","8":""}],"_links":{"self":[{"href":"https:\/\/buletin.de\/bucuresti\/wp-json\/wp\/v2\/posts\/57997","targetHints":{"allow":["GET"]}}],"collection":[{"href":"https:\/\/buletin.de\/bucuresti\/wp-json\/wp\/v2\/posts"}],"about":[{"href":"https:\/\/buletin.de\/bucuresti\/wp-json\/wp\/v2\/types\/post"}],"author":[{"embeddable":true,"href":"https:\/\/buletin.de\/bucuresti\/wp-json\/wp\/v2\/users\/45"}],"replies":[{"embeddable":true,"href":"https:\/\/buletin.de\/bucuresti\/wp-json\/wp\/v2\/comments?post=57997"}],"version-history":[{"count":3,"href":"https:\/\/buletin.de\/bucuresti\/wp-json\/wp\/v2\/posts\/57997\/revisions"}],"predecessor-version":[{"id":58001,"href":"https:\/\/buletin.de\/bucuresti\/wp-json\/wp\/v2\/posts\/57997\/revisions\/58001"}],"wp:featuredmedia":[{"embeddable":true,"href":"https:\/\/buletin.de\/bucuresti\/wp-json\/wp\/v2\/media\/57998"}],"wp:attachment":[{"href":"https:\/\/buletin.de\/bucuresti\/wp-json\/wp\/v2\/media?parent=57997"}],"wp:term":[{"taxonomy":"category","embeddable":true,"href":"https:\/\/buletin.de\/bucuresti\/wp-json\/wp\/v2\/categories?post=57997"},{"taxonomy":"post_tag","embeddable":true,"href":"https:\/\/buletin.de\/bucuresti\/wp-json\/wp\/v2\/tags?post=57997"},{"taxonomy":"author","embeddable":true,"href":"https:\/\/buletin.de\/bucuresti\/wp-json\/wp\/v2\/ppma_author?post=57997"}],"curies":[{"name":"wp","href":"https:\/\/api.w.org\/{rel}","templated":true}]}}