{"id":57965,"date":"2023-04-25T13:51:36","date_gmt":"2023-04-25T11:51:36","guid":{"rendered":"https:\/\/buletin.de\/bucuresti\/?p=57965"},"modified":"2024-02-21T10:02:16","modified_gmt":"2024-02-21T08:02:16","slug":"sectorul-2-vouchere-de-250-de-lei-luna-pentru-elevii-sportivi","status":"publish","type":"post","link":"https:\/\/buletin.de\/bucuresti\/sectorul-2-vouchere-de-250-de-lei-luna-pentru-elevii-sportivi\/","title":{"rendered":"Sector 2 | Vouchere de 250 de lei\/lun\u0103 pentru elevii sportivi"},"content":{"rendered":"\n<p class=\"has-pale-cyan-blue-background-color has-background\">Elevii din Sectorul 2 se pot \u00eenscrie \u00een proiectul \u201cD\u0103ruim speran\u0163\u0103 pentru performan\u0163\u0103 \u00een sport\u201d, prin care se acord\u0103 vouchere pentru sport \u00een valoare de 250 de lei\/lun\u0103 elevilor din \u00eenv\u0103\u0163\u0103m\u00e2ntul preuniversitar de stat. Scopul proiectului este s\u0103-i \u00eencurajeze pe ace\u015ftia s\u0103 practice un sport de performan\u0163\u0103.<\/p>\n\n\n\n<p>\u00censcrierile au loc \u00een perioada 25 aprilie-2 mai, iar elevii majori sau p\u0103rin\u0163ii\/reprezentan\u0163ii legali ai elevilor minori pot depune documentele la unitatea de \u00eenv\u0103\u021b\u0103m\u00e2nt preuniversitar de stat de pe raza Sectorului 2 la care este \u00eenscris elevul.<\/p>\n\n\n\n<p>Pentru realizarea acestui proiect se aloc\u0103 din bugetul local suma de 2.000.000 de lei pe lun\u0103, iar num\u0103rul elevilor beneficiari ai programului se ridic\u0103 la 8.000.<\/p>\n\n\n\n<p>Voucherele vor fi acordate \u00een ordinea \u00eenregistr\u0103rii solicit\u0103rilor \u015fi \u00een limita locurilor disponibile lunar.<\/p>\n\n\n\n<p><strong>Care sunt condi\u0163iile de participare<\/strong><\/p>\n\n\n\n<p>Structurile sportive trebuie s\u0103 fac\u0103 dovada afilierii la Federa\u0163ia Sportiv\u0103 Na\u0163ional\u0103 pe ramur\u0103 de sport \u015fi s\u0103 asigure desf\u0103\u015furarea activit\u0103\u0163ii sportive \u00een baze sportive proprii sau aflate \u00een folosin\u0163\u0103 \u00een Sectorul 2-<\/p>\n\n\n\n<p>Elevii majori sau p\u0103rin\u0163ii\/reprezentan\u0163ii legali ai elevilor minori, care vor primi voucherele pentru sport, se vor angaja \u00een scris s\u0103 foloseasc\u0103 tichetele valorice primite numai \u00een scopul pentru care au fost emise, \u00een maximum 30 de zile de la primire.<\/p>\n","protected":false},"excerpt":{"rendered":"<p>Elevii din Sectorul 2 se pot \u00eenscrie \u00een proiectul \u201cD\u0103ruim speran\u0163\u0103 pentru performan\u0163\u0103 \u00een sport\u201d, prin care se acord\u0103 vouchere pentru sport \u00een valoare de 250 de lei\/lun\u0103 elevilor din \u00eenv\u0103\u0163\u0103m\u00e2ntul preuniversitar de stat. Scopul proiectului este s\u0103-i \u00eencurajeze pe ace\u015ftia s\u0103 practice un sport de performan\u0163\u0103. \u00censcrierile au loc \u00een perioada 25 aprilie-2 mai, [&hellip;]<\/p>\n","protected":false},"author":38,"featured_media":57458,"comment_status":"closed","ping_status":"open","sticky":false,"template":"","format":"standard","meta":{"_acf_changed":false,"inline_featured_image":false,"ngg_post_thumbnail":0,"footnotes":""},"categories":[62],"tags":[],"ppma_author":[22601],"class_list":["post-57965","post","type-post","status-publish","format-standard","has-post-thumbnail","hentry","category-stiri"],"acf":[],"yoast_head":"<!-- This site is optimized with the Yoast SEO Premium plugin v25.3 (Yoast SEO v27.4) - https:\/\/yoast.com\/product\/yoast-seo-premium-wordpress\/ -->\n<title>Sector 2 | Vouchere de 250 de lei\/lun\u0103 pentru elevii sportivi - Buletin de Bucure\u0219ti<\/title>\n<meta name=\"robots\" content=\"index, follow, max-snippet:-1, max-image-preview:large, max-video-preview:-1\" \/>\n<link rel=\"canonical\" href=\"https:\/\/buletin.de\/bucuresti\/sectorul-2-vouchere-de-250-de-lei-luna-pentru-elevii-sportivi\/\" \/>\n<meta property=\"og:locale\" content=\"en_GB\" \/>\n<meta property=\"og:type\" content=\"article\" \/>\n<meta property=\"og:title\" content=\"Sector 2 | Vouchere de 250 de lei\/lun\u0103 pentru elevii sportivi\" \/>\n<meta property=\"og:description\" content=\"Elevii din Sectorul 2 se pot \u00eenscrie \u00een proiectul \u201cD\u0103ruim speran\u0163\u0103 pentru performan\u0163\u0103 \u00een sport\u201d, prin care se acord\u0103 vouchere pentru sport \u00een valoare de 250 de lei\/lun\u0103 elevilor din \u00eenv\u0103\u0163\u0103m\u00e2ntul preuniversitar de stat. Scopul proiectului este s\u0103-i \u00eencurajeze pe ace\u015ftia s\u0103 practice un sport de performan\u0163\u0103. \u00censcrierile au loc \u00een perioada 25 aprilie-2 mai, [&hellip;]\" \/>\n<meta property=\"og:url\" content=\"https:\/\/buletin.de\/bucuresti\/sectorul-2-vouchere-de-250-de-lei-luna-pentru-elevii-sportivi\/\" \/>\n<meta property=\"og:site_name\" content=\"Buletin de Bucure\u0219ti\" \/>\n<meta property=\"article:publisher\" content=\"https:\/\/www.facebook.com\/buletin.de.buc\" \/>\n<meta property=\"article:published_time\" content=\"2023-04-25T11:51:36+00:00\" \/>\n<meta property=\"article:modified_time\" content=\"2024-02-21T08:02:16+00:00\" \/>\n<meta property=\"og:image\" content=\"https:\/\/buletin.de\/bucuresti\/wp-content\/uploads\/primaria-sectorului-2.png\" \/>\n\t<meta property=\"og:image:width\" content=\"1228\" \/>\n\t<meta property=\"og:image:height\" content=\"691\" \/>\n\t<meta property=\"og:image:type\" content=\"image\/png\" \/>\n<meta name=\"author\" content=\"Anamaria Nedelcoff\" \/>\n<meta name=\"twitter:card\" content=\"summary_large_image\" \/>\n<meta name=\"twitter:label1\" content=\"Written by\" \/>\n\t<meta name=\"twitter:data1\" content=\"Anamaria Nedelcoff\" \/>\n\t<meta name=\"twitter:label2\" content=\"Estimated reading time\" \/>\n\t<meta name=\"twitter:data2\" content=\"1 minute\" \/>\n<script type=\"application\/ld+json\" class=\"yoast-schema-graph\">{\"@context\":\"https:\\\/\\\/schema.org\",\"@graph\":[{\"@type\":\"Article\",\"@id\":\"https:\\\/\\\/buletin.de\\\/bucuresti\\\/sectorul-2-vouchere-de-250-de-lei-luna-pentru-elevii-sportivi\\\/#article\",\"isPartOf\":{\"@id\":\"https:\\\/\\\/buletin.de\\\/bucuresti\\\/sectorul-2-vouchere-de-250-de-lei-luna-pentru-elevii-sportivi\\\/\"},\"author\":{\"name\":\"Anamaria Nedelcoff\",\"@id\":\"https:\\\/\\\/buletin.de\\\/bucuresti\\\/#\\\/schema\\\/person\\\/bfa22994f12f5d3353b170aca494f1f9\"},\"headline\":\"Sector 2 | Vouchere de 250 de lei\\\/lun\u0103 pentru elevii sportivi\",\"datePublished\":\"2023-04-25T11:51:36+00:00\",\"dateModified\":\"2024-02-21T08:02:16+00:00\",\"mainEntityOfPage\":{\"@id\":\"https:\\\/\\\/buletin.de\\\/bucuresti\\\/sectorul-2-vouchere-de-250-de-lei-luna-pentru-elevii-sportivi\\\/\"},\"wordCount\":227,\"publisher\":{\"@id\":\"https:\\\/\\\/buletin.de\\\/bucuresti\\\/#organization\"},\"image\":{\"@id\":\"https:\\\/\\\/buletin.de\\\/bucuresti\\\/sectorul-2-vouchere-de-250-de-lei-luna-pentru-elevii-sportivi\\\/#primaryimage\"},\"thumbnailUrl\":\"https:\\\/\\\/buletin.de\\\/bucuresti\\\/wp-content\\\/uploads\\\/primaria-sectorului-2.png\",\"articleSection\":[\"\u0218tiri\"],\"inLanguage\":\"en-GB\",\"copyrightYear\":\"2023\",\"copyrightHolder\":{\"@id\":\"https:\\\/\\\/buletin.de\\\/bucuresti\\\/#organization\"}},{\"@type\":\"WebPage\",\"@id\":\"https:\\\/\\\/buletin.de\\\/bucuresti\\\/sectorul-2-vouchere-de-250-de-lei-luna-pentru-elevii-sportivi\\\/\",\"url\":\"https:\\\/\\\/buletin.de\\\/bucuresti\\\/sectorul-2-vouchere-de-250-de-lei-luna-pentru-elevii-sportivi\\\/\",\"name\":\"Sector 2 | Vouchere de 250 de lei\\\/lun\u0103 pentru elevii sportivi - Buletin de Bucure\u0219ti\",\"isPartOf\":{\"@id\":\"https:\\\/\\\/buletin.de\\\/bucuresti\\\/#website\"},\"primaryImageOfPage\":{\"@id\":\"https:\\\/\\\/buletin.de\\\/bucuresti\\\/sectorul-2-vouchere-de-250-de-lei-luna-pentru-elevii-sportivi\\\/#primaryimage\"},\"image\":{\"@id\":\"https:\\\/\\\/buletin.de\\\/bucuresti\\\/sectorul-2-vouchere-de-250-de-lei-luna-pentru-elevii-sportivi\\\/#primaryimage\"},\"thumbnailUrl\":\"https:\\\/\\\/buletin.de\\\/bucuresti\\\/wp-content\\\/uploads\\\/primaria-sectorului-2.png\",\"datePublished\":\"2023-04-25T11:51:36+00:00\",\"dateModified\":\"2024-02-21T08:02:16+00:00\",\"breadcrumb\":{\"@id\":\"https:\\\/\\\/buletin.de\\\/bucuresti\\\/sectorul-2-vouchere-de-250-de-lei-luna-pentru-elevii-sportivi\\\/#breadcrumb\"},\"inLanguage\":\"en-GB\",\"potentialAction\":[{\"@type\":\"ReadAction\",\"target\":[\"https:\\\/\\\/buletin.de\\\/bucuresti\\\/sectorul-2-vouchere-de-250-de-lei-luna-pentru-elevii-sportivi\\\/\"]}]},{\"@type\":\"ImageObject\",\"inLanguage\":\"en-GB\",\"@id\":\"https:\\\/\\\/buletin.de\\\/bucuresti\\\/sectorul-2-vouchere-de-250-de-lei-luna-pentru-elevii-sportivi\\\/#primaryimage\",\"url\":\"https:\\\/\\\/buletin.de\\\/bucuresti\\\/wp-content\\\/uploads\\\/primaria-sectorului-2.png\",\"contentUrl\":\"https:\\\/\\\/buletin.de\\\/bucuresti\\\/wp-content\\\/uploads\\\/primaria-sectorului-2.png\",\"width\":1228,\"height\":691,\"caption\":\"Ajutoare pentru persoanele afectate de calamit\u0103\u021bi naturale. FOTO: Arhiva\"},{\"@type\":\"BreadcrumbList\",\"@id\":\"https:\\\/\\\/buletin.de\\\/bucuresti\\\/sectorul-2-vouchere-de-250-de-lei-luna-pentru-elevii-sportivi\\\/#breadcrumb\",\"itemListElement\":[{\"@type\":\"ListItem\",\"position\":1,\"name\":\"Acas\u0103\",\"item\":\"https:\\\/\\\/buletin.de\\\/bucuresti\\\/\"},{\"@type\":\"ListItem\",\"position\":2,\"name\":\"Sectorul 2. Vouchere de 250 de lei\\\/lun\u0103 pentru elevii sportivi\"}]},{\"@type\":\"WebSite\",\"@id\":\"https:\\\/\\\/buletin.de\\\/bucuresti\\\/#website\",\"url\":\"https:\\\/\\\/buletin.de\\\/bucuresti\\\/\",\"name\":\"Buletin de Bucure\u0219ti\",\"description\":\"\u0218tiri \u0219i investiga\u021bii esen\u021biale din capital\u0103\",\"publisher\":{\"@id\":\"https:\\\/\\\/buletin.de\\\/bucuresti\\\/#organization\"},\"potentialAction\":[{\"@type\":\"SearchAction\",\"target\":{\"@type\":\"EntryPoint\",\"urlTemplate\":\"https:\\\/\\\/buletin.de\\\/bucuresti\\\/?s={search_term_string}\"},\"query-input\":{\"@type\":\"PropertyValueSpecification\",\"valueRequired\":true,\"valueName\":\"search_term_string\"}}],\"inLanguage\":\"en-GB\"},{\"@type\":\"Organization\",\"@id\":\"https:\\\/\\\/buletin.de\\\/bucuresti\\\/#organization\",\"name\":\"Buletin de Bucure\u0219ti\",\"url\":\"https:\\\/\\\/buletin.de\\\/bucuresti\\\/\",\"logo\":{\"@type\":\"ImageObject\",\"inLanguage\":\"en-GB\",\"@id\":\"https:\\\/\\\/buletin.de\\\/bucuresti\\\/#\\\/schema\\\/logo\\\/image\\\/\",\"url\":\"https:\\\/\\\/buletin.de\\\/bucuresti\\\/wp-content\\\/uploads\\\/logo-bdb-full-wide-vernil-transparent.png\",\"contentUrl\":\"https:\\\/\\\/buletin.de\\\/bucuresti\\\/wp-content\\\/uploads\\\/logo-bdb-full-wide-vernil-transparent.png\",\"width\":1782,\"height\":626,\"caption\":\"Buletin de Bucure\u0219ti\"},\"image\":{\"@id\":\"https:\\\/\\\/buletin.de\\\/bucuresti\\\/#\\\/schema\\\/logo\\\/image\\\/\"},\"sameAs\":[\"https:\\\/\\\/www.facebook.com\\\/buletin.de.buc\",\"https:\\\/\\\/www.instagram.com\\\/buletinde.bucuresti\\\/\"]},{\"@type\":\"Person\",\"@id\":\"https:\\\/\\\/buletin.de\\\/bucuresti\\\/#\\\/schema\\\/person\\\/bfa22994f12f5d3353b170aca494f1f9\",\"name\":\"Anamaria Nedelcoff\",\"image\":{\"@type\":\"ImageObject\",\"inLanguage\":\"en-GB\",\"@id\":\"https:\\\/\\\/secure.gravatar.com\\\/avatar\\\/409df91a26b98006111557131cc35236962765b734317e1dcf94c6bc1d010629?s=96&d=monsterid&r=g9bc3ae6c8e1522e913d1a0debd6aec89\",\"url\":\"https:\\\/\\\/secure.gravatar.com\\\/avatar\\\/409df91a26b98006111557131cc35236962765b734317e1dcf94c6bc1d010629?s=96&d=monsterid&r=g\",\"contentUrl\":\"https:\\\/\\\/secure.gravatar.com\\\/avatar\\\/409df91a26b98006111557131cc35236962765b734317e1dcf94c6bc1d010629?s=96&d=monsterid&r=g\",\"caption\":\"Anamaria Nedelcoff\"},\"url\":\"https:\\\/\\\/buletin.de\\\/bucuresti\\\/author\\\/nedelcoff\\\/\"}]}<\/script>\n<!-- \/ Yoast SEO Premium plugin. -->","yoast_head_json":{"title":"Sector 2 | Vouchere de 250 de lei\/lun\u0103 pentru elevii sportivi - Buletin de Bucure\u0219ti","robots":{"index":"index","follow":"follow","max-snippet":"max-snippet:-1","max-image-preview":"max-image-preview:large","max-video-preview":"max-video-preview:-1"},"canonical":"https:\/\/buletin.de\/bucuresti\/sectorul-2-vouchere-de-250-de-lei-luna-pentru-elevii-sportivi\/","og_locale":"en_GB","og_type":"article","og_title":"Sector 2 | Vouchere de 250 de lei\/lun\u0103 pentru elevii sportivi","og_description":"Elevii din Sectorul 2 se pot \u00eenscrie \u00een proiectul \u201cD\u0103ruim speran\u0163\u0103 pentru performan\u0163\u0103 \u00een sport\u201d, prin care se acord\u0103 vouchere pentru sport \u00een valoare de 250 de lei\/lun\u0103 elevilor din \u00eenv\u0103\u0163\u0103m\u00e2ntul preuniversitar de stat. Scopul proiectului este s\u0103-i \u00eencurajeze pe ace\u015ftia s\u0103 practice un sport de performan\u0163\u0103. \u00censcrierile au loc \u00een perioada 25 aprilie-2 mai, [&hellip;]","og_url":"https:\/\/buletin.de\/bucuresti\/sectorul-2-vouchere-de-250-de-lei-luna-pentru-elevii-sportivi\/","og_site_name":"Buletin de Bucure\u0219ti","article_publisher":"https:\/\/www.facebook.com\/buletin.de.buc","article_published_time":"2023-04-25T11:51:36+00:00","article_modified_time":"2024-02-21T08:02:16+00:00","og_image":[{"width":1228,"height":691,"url":"https:\/\/buletin.de\/bucuresti\/wp-content\/uploads\/primaria-sectorului-2.png","type":"image\/png"}],"author":"Anamaria Nedelcoff","twitter_card":"summary_large_image","twitter_misc":{"Written by":"Anamaria Nedelcoff","Estimated reading time":"1 minute"},"schema":{"@context":"https:\/\/schema.org","@graph":[{"@type":"Article","@id":"https:\/\/buletin.de\/bucuresti\/sectorul-2-vouchere-de-250-de-lei-luna-pentru-elevii-sportivi\/#article","isPartOf":{"@id":"https:\/\/buletin.de\/bucuresti\/sectorul-2-vouchere-de-250-de-lei-luna-pentru-elevii-sportivi\/"},"author":{"name":"Anamaria Nedelcoff","@id":"https:\/\/buletin.de\/bucuresti\/#\/schema\/person\/bfa22994f12f5d3353b170aca494f1f9"},"headline":"Sector 2 | Vouchere de 250 de lei\/lun\u0103 pentru elevii sportivi","datePublished":"2023-04-25T11:51:36+00:00","dateModified":"2024-02-21T08:02:16+00:00","mainEntityOfPage":{"@id":"https:\/\/buletin.de\/bucuresti\/sectorul-2-vouchere-de-250-de-lei-luna-pentru-elevii-sportivi\/"},"wordCount":227,"publisher":{"@id":"https:\/\/buletin.de\/bucuresti\/#organization"},"image":{"@id":"https:\/\/buletin.de\/bucuresti\/sectorul-2-vouchere-de-250-de-lei-luna-pentru-elevii-sportivi\/#primaryimage"},"thumbnailUrl":"https:\/\/buletin.de\/bucuresti\/wp-content\/uploads\/primaria-sectorului-2.png","articleSection":["\u0218tiri"],"inLanguage":"en-GB","copyrightYear":"2023","copyrightHolder":{"@id":"https:\/\/buletin.de\/bucuresti\/#organization"}},{"@type":"WebPage","@id":"https:\/\/buletin.de\/bucuresti\/sectorul-2-vouchere-de-250-de-lei-luna-pentru-elevii-sportivi\/","url":"https:\/\/buletin.de\/bucuresti\/sectorul-2-vouchere-de-250-de-lei-luna-pentru-elevii-sportivi\/","name":"Sector 2 | Vouchere de 250 de lei\/lun\u0103 pentru elevii sportivi - Buletin de Bucure\u0219ti","isPartOf":{"@id":"https:\/\/buletin.de\/bucuresti\/#website"},"primaryImageOfPage":{"@id":"https:\/\/buletin.de\/bucuresti\/sectorul-2-vouchere-de-250-de-lei-luna-pentru-elevii-sportivi\/#primaryimage"},"image":{"@id":"https:\/\/buletin.de\/bucuresti\/sectorul-2-vouchere-de-250-de-lei-luna-pentru-elevii-sportivi\/#primaryimage"},"thumbnailUrl":"https:\/\/buletin.de\/bucuresti\/wp-content\/uploads\/primaria-sectorului-2.png","datePublished":"2023-04-25T11:51:36+00:00","dateModified":"2024-02-21T08:02:16+00:00","breadcrumb":{"@id":"https:\/\/buletin.de\/bucuresti\/sectorul-2-vouchere-de-250-de-lei-luna-pentru-elevii-sportivi\/#breadcrumb"},"inLanguage":"en-GB","potentialAction":[{"@type":"ReadAction","target":["https:\/\/buletin.de\/bucuresti\/sectorul-2-vouchere-de-250-de-lei-luna-pentru-elevii-sportivi\/"]}]},{"@type":"ImageObject","inLanguage":"en-GB","@id":"https:\/\/buletin.de\/bucuresti\/sectorul-2-vouchere-de-250-de-lei-luna-pentru-elevii-sportivi\/#primaryimage","url":"https:\/\/buletin.de\/bucuresti\/wp-content\/uploads\/primaria-sectorului-2.png","contentUrl":"https:\/\/buletin.de\/bucuresti\/wp-content\/uploads\/primaria-sectorului-2.png","width":1228,"height":691,"caption":"Ajutoare pentru persoanele afectate de calamit\u0103\u021bi naturale. FOTO: Arhiva"},{"@type":"BreadcrumbList","@id":"https:\/\/buletin.de\/bucuresti\/sectorul-2-vouchere-de-250-de-lei-luna-pentru-elevii-sportivi\/#breadcrumb","itemListElement":[{"@type":"ListItem","position":1,"name":"Acas\u0103","item":"https:\/\/buletin.de\/bucuresti\/"},{"@type":"ListItem","position":2,"name":"Sectorul 2. Vouchere de 250 de lei\/lun\u0103 pentru elevii sportivi"}]},{"@type":"WebSite","@id":"https:\/\/buletin.de\/bucuresti\/#website","url":"https:\/\/buletin.de\/bucuresti\/","name":"Buletin de Bucure\u0219ti","description":"\u0218tiri \u0219i investiga\u021bii esen\u021biale din capital\u0103","publisher":{"@id":"https:\/\/buletin.de\/bucuresti\/#organization"},"potentialAction":[{"@type":"SearchAction","target":{"@type":"EntryPoint","urlTemplate":"https:\/\/buletin.de\/bucuresti\/?s={search_term_string}"},"query-input":{"@type":"PropertyValueSpecification","valueRequired":true,"valueName":"search_term_string"}}],"inLanguage":"en-GB"},{"@type":"Organization","@id":"https:\/\/buletin.de\/bucuresti\/#organization","name":"Buletin de Bucure\u0219ti","url":"https:\/\/buletin.de\/bucuresti\/","logo":{"@type":"ImageObject","inLanguage":"en-GB","@id":"https:\/\/buletin.de\/bucuresti\/#\/schema\/logo\/image\/","url":"https:\/\/buletin.de\/bucuresti\/wp-content\/uploads\/logo-bdb-full-wide-vernil-transparent.png","contentUrl":"https:\/\/buletin.de\/bucuresti\/wp-content\/uploads\/logo-bdb-full-wide-vernil-transparent.png","width":1782,"height":626,"caption":"Buletin de Bucure\u0219ti"},"image":{"@id":"https:\/\/buletin.de\/bucuresti\/#\/schema\/logo\/image\/"},"sameAs":["https:\/\/www.facebook.com\/buletin.de.buc","https:\/\/www.instagram.com\/buletinde.bucuresti\/"]},{"@type":"Person","@id":"https:\/\/buletin.de\/bucuresti\/#\/schema\/person\/bfa22994f12f5d3353b170aca494f1f9","name":"Anamaria Nedelcoff","image":{"@type":"ImageObject","inLanguage":"en-GB","@id":"https:\/\/secure.gravatar.com\/avatar\/409df91a26b98006111557131cc35236962765b734317e1dcf94c6bc1d010629?s=96&d=monsterid&r=g9bc3ae6c8e1522e913d1a0debd6aec89","url":"https:\/\/secure.gravatar.com\/avatar\/409df91a26b98006111557131cc35236962765b734317e1dcf94c6bc1d010629?s=96&d=monsterid&r=g","contentUrl":"https:\/\/secure.gravatar.com\/avatar\/409df91a26b98006111557131cc35236962765b734317e1dcf94c6bc1d010629?s=96&d=monsterid&r=g","caption":"Anamaria Nedelcoff"},"url":"https:\/\/buletin.de\/bucuresti\/author\/nedelcoff\/"}]}},"authors":[{"term_id":22601,"user_id":38,"is_guest":0,"slug":"nedelcoff","display_name":"Anamaria Nedelcoff","avatar_url":"https:\/\/secure.gravatar.com\/avatar\/409df91a26b98006111557131cc35236962765b734317e1dcf94c6bc1d010629?s=96&d=monsterid&r=g","0":null,"1":"","2":"","3":"","4":"","5":"","6":"","7":"","8":""}],"_links":{"self":[{"href":"https:\/\/buletin.de\/bucuresti\/wp-json\/wp\/v2\/posts\/57965","targetHints":{"allow":["GET"]}}],"collection":[{"href":"https:\/\/buletin.de\/bucuresti\/wp-json\/wp\/v2\/posts"}],"about":[{"href":"https:\/\/buletin.de\/bucuresti\/wp-json\/wp\/v2\/types\/post"}],"author":[{"embeddable":true,"href":"https:\/\/buletin.de\/bucuresti\/wp-json\/wp\/v2\/users\/38"}],"replies":[{"embeddable":true,"href":"https:\/\/buletin.de\/bucuresti\/wp-json\/wp\/v2\/comments?post=57965"}],"version-history":[{"count":2,"href":"https:\/\/buletin.de\/bucuresti\/wp-json\/wp\/v2\/posts\/57965\/revisions"}],"predecessor-version":[{"id":77858,"href":"https:\/\/buletin.de\/bucuresti\/wp-json\/wp\/v2\/posts\/57965\/revisions\/77858"}],"wp:featuredmedia":[{"embeddable":true,"href":"https:\/\/buletin.de\/bucuresti\/wp-json\/wp\/v2\/media\/57458"}],"wp:attachment":[{"href":"https:\/\/buletin.de\/bucuresti\/wp-json\/wp\/v2\/media?parent=57965"}],"wp:term":[{"taxonomy":"category","embeddable":true,"href":"https:\/\/buletin.de\/bucuresti\/wp-json\/wp\/v2\/categories?post=57965"},{"taxonomy":"post_tag","embeddable":true,"href":"https:\/\/buletin.de\/bucuresti\/wp-json\/wp\/v2\/tags?post=57965"},{"taxonomy":"author","embeddable":true,"href":"https:\/\/buletin.de\/bucuresti\/wp-json\/wp\/v2\/ppma_author?post=57965"}],"curies":[{"name":"wp","href":"https:\/\/api.w.org\/{rel}","templated":true}]}}