{"id":5794,"date":"2020-04-10T10:17:24","date_gmt":"2020-04-10T07:17:24","guid":{"rendered":"https:\/\/buletin.de\/bucuresti\/?p=5794"},"modified":"2020-04-10T19:29:09","modified_gmt":"2020-04-10T16:29:09","slug":"live-text-coronavirus-bucuresti-10-aprilie-2020-ziua-45","status":"publish","type":"post","link":"https:\/\/buletin.de\/bucuresti\/live-text-coronavirus-bucuresti-10-aprilie-2020-ziua-45\/","title":{"rendered":"LIVE TEXT. Coronavirus &#8211; Bucure\u0219ti, 10 aprilie 2020, ziua 45"},"content":{"rendered":"\n<p><em>Num\u0103rul de pacien\u021bi confirma\u021bi cu Covid-19 pe teritoriul Rom\u00e2niei a trecut de 5.000 \u0219i cre\u0219te de la o zi la alta, \u00eentr-un ritm din ce \u00een ce mai accelerat. Rata r\u0103sp\u00e2ndirii \u0219i rata mortalit\u0103\u021bii cresc gradual, \u00een timp ce num\u0103rul de test\u0103ri difer\u0103 de la zi la zi. Rom\u00e2nia se afl\u0103 acum \u00een <a href=\"https:\/\/buletin.de\/bucuresti\/s-a-declarat-stare-de-urgenta-ce-inseamna\/\">stare de urgen\u021b\u0103<\/a>. Dup\u0103 2000 de cazuri, autorit\u0103\u021bile au declarat trecerea la scenariul 4 al pandemiei, ultimul.<br><br>Vezi mai jos cele mai recente informa\u021bii oficiale de ast\u0103zi. Toate nout\u0103\u021bile din zilele trecute le g\u0103se\u0219ti <a href=\"https:\/\/buletin.de\/bucuresti\/cv\/\">aici.<\/a><\/em>  <\/p>\n\n\n\n<h3 class=\"has-vivid-cyan-blue-color has-text-color has-text-align-center wp-block-heading\"><strong>Iat\u0103 cifrele din spatele epidemiei de Coronavirus \u0219i actualiz\u0103ri zilnice \u2b07\ufe0f<\/strong>   <\/h3>\n\n\n\n<style>\n\n.full-width {\n  width: 100vw;\n  position: relative;\n  left: 50%;\n  right: 50%;\n  margin-left: -50vw;\n  margin-right: -50vw;\n}\n\n<\/style>\n\n\n\n<p><\/p>\n\n\n\n<div class=\"full-width\">\n<div class=\"infogram-embed\" data-id=\"27f09ce8-c508-413b-ac49-b60b01815be0\" data-type=\"interactive\" data-title=\"Livetext coronavirus\"><\/div><script>!function(e,i,n,s){var t=\"InfogramEmbeds\",d=e.getElementsByTagName(\"script\")[0];if(window[t]&&window[t].initialized)window[t].process&&window[t].process();else if(!e.getElementById(n)){var o=e.createElement(\"script\");o.async=1,o.id=n,o.src=\"https:\/\/e.infogram.com\/js\/dist\/embed-loader-min.js\",d.parentNode.insertBefore(o,d)}}(document,0,\"infogram-async\");<\/script>\n<\/div>\n<style>\nh2 {\nmargin-top: 150px;\nfont-size: 3em;\ntext-align: center;\n}\n<\/style>\n\n\n\n<h3 class=\"wp-block-heading\">Ora 19:30<\/h3>\n\n\n\n<p>B\u0103rbat, 42 de ani din jude\u021bul Constan\u021ba. <\/p>\n\n\n\n<p>Data intern\u0103rii: 07.04.2020 \u00een Spitalul Clinic de Boli Infec\u021bioase Constan\u021ba, \u00een stare grav\u0103, cu SaO2 &lt; 90%. <br>\nData confirm\u0103rii: 07.04.2020, \u00een Spitalul Clinic de Boli Infec\u021bioase Constan\u021ba. <br>\nData decesului: 10.04.2020<br>\nCondi\u021bii medicale pre-existente: obezitate, hiperglicemie (incontrolabila cu insulina).<\/p>\n\n\n\n<p>Deces 267<\/p>\n\n\n\n<p>B\u0103rbat, 65 de ani din jude\u021bul Bra\u0219ov. <\/p>\n\n\n\n<p>Data intern\u0103rii: 01.04.2020 \u00een Spitalul Jude\u021bean de Urgen\u021b\u0103 Bra\u0219ov, sec\u021bie Chirurgie II, pentru gangrena umeda diabetic.<br>\nA fost contact de salon cu un caz confirmat, care ulterior a decedat.<br>\nData recoltarii: 08.04.2020<br>\nData confirm\u0103rii: 09.04.2020. <br>\nData decesului: 10.04.2020. <br>\nCondi\u021bii medicale pre-existente: Diabet zaharat tip II, angiopatie periferica, polineuropatie, obezitate, cardiopatie ischemica, IMA vechi. <\/p>\n\n\n\n<p>Deces 268<\/p>\n\n\n\n<p>B\u0103rbat, 72 de ani din jude\u021bul Bra\u0219ov. <\/p>\n\n\n\n<p>Internat in Spitalul Clinic Jude\u021bean Bra\u0219ov, sectie Chirurgie II, pentru gangrena antepicior bilateral, Insuficien\u021b\u0103 hepato-renala cronica, Insuficien\u021b\u0103 arterio-venoasa cronica.<br>\nA fost contact de salon cu un caz confirmat, care ulterior a decedat.<br>\nData recoltarii: 08.04.2020. <br>\nData confirmarii: 09.04.2020 <br>\nData decesului: 10.04.2020<br>\nCondi\u021bii medicale pre-existente: insuficien\u021b\u0103 hepato-renala cronica, DZ tip II. <\/p>\n\n\n\n<p>Deces 269<\/p>\n\n\n\n<p>B\u0103rbat, 51 de ani din jude\u021bul Sibiu. <br>\nInternat \u00een Spitalul Clinic Jude\u021bean de Urgen\u021b\u0103 Sibiu, \u00een perioada 24-28.03.2020 pe sec\u021bia Medical\u0103, transferat \u00een sec\u021bia ATI \u00een data de 28.03.2020, de unde este transferat pe sec\u021bia Medicala 1 \u00een data de 09.04.2020.<br>\nA fost contact de salon cu un caz confirmat.<br>\nData confirmarii: 05.04.2020, la Spitalul Clinic Jude\u021bean de Urgen\u021b\u0103 Sibiu.<br>\nData decesului: 09.04.2020<br>\nCondi\u021bii medicale pre-existente: ciroza hepatic\u0103 etanolica decompensate, trombocitopenie, hipersplenism, varice esofagiene grd. II, HTA, tiroidita autoimuna, obezitate grd. II. <\/p>\n\n\n\n<p>Deces 270<\/p>\n\n\n\n<p>Femeie, 78 de ani din jude\u021bul Ilfov. <br>\nInternat \u00een Spitalul Universitar de Urgen\u021b\u0103 Bucure\u0219ti, sec\u021bia cardiologie, p\u00e2n\u0103 \u00een data de 20.03.2020.<br>\nExternat\u0103, starea generala se deterioreaza \u0219i se interneaza \u00een data de 29.03.2020 la INBI Matei Bal\u0219.<br>\nData recoltarii: 29.03.2020. <br>\nData confirmarii: 30.03.2020, la INBI Matei Bal\u0219. <br>\nData decesului: 10.04.2020.<\/p>\n\n\n\n<h3 class=\"wp-block-heading\">Ora 13:00<\/h3>\n\n\n\n<p>Au fost \u00eenregistrate alte 265 de noi cazuri de \u00eemboln\u0103vire. Num\u0103rul total ajunge la 5.467, dintre care 729 de persoane s-au vindecat. \u00cen Bucure\u0219ti avem 688 de cazuri confirmate.<\/p>\n\n\n\n<p>Totodat\u0103, p\u00e2n\u0103 acum, 257 persoane diagnosticate cu infec\u021bie cu COVID-19 au decedat. La ATI, \u00een acest moment, sunt interna\u021bi 183 de pacien\u021bi.<\/p>\n\n\n\n<p>P\u00e2n\u0103 la aceast\u0103 dat\u0103, la nivel na\u021bional, au fost prelucrate 55.430 de teste.<\/p>\n\n\n\n<h3 class=\"wp-block-heading\">Ora 10:50<\/h3>\n\n\n\n<p>Deces 249<br>B\u0103rbat, 79 ani, jude\u021bul Arad. Internat \u00een Spitalul Clinic Jude\u021bean Arad \u00een data de 8.04.2020 cu Pneumonie. Insuficien\u021b\u0103 respiratorie acut\u0103.Recoltare pentru COVID-19 in 8.04.2020Rezultat pozitiv \u00een data de 8.04.2020.Decedat \u00een data de 8.04.2020Comorbidit\u0103\u021bi: Sechele TBC, Cardiopatie ischemic\u0103, Bloc de ramur\u0103 dreapt\u0103.<br>Deces 250<br>Femeie, 45 ani, jude\u021bul Arad.Internat\u0103 \u00een Spitalul Clinic Jude\u021bean Arad \u00een data de 7.04.2020 cu Bronhopneumonie. Insuficien\u021b\u0103 respiratorie acut\u0103.Recoltare pentru COVID-19 \u00een 7.04.2020Rezultat pozitiv in data de 8.04.2020.Decedat in data de 7.04.2020Comorbidit\u0103\u021bi: Obezitate gr. II\/III<br>Deces 251<br>B\u0103rbat, 66 ani, jude\u021bul Gorj. Internat \u00een Spitalul Jude\u021bean Targu Jiu-ATI \u00een 5.04.2020.Recoltare prob\u0103 COVID19 \u00een data de 6.04.2020Confirmat \u00een data de 9.04.2020Decedat \u00een data de 7.04.2020Comorbidit\u0103\u021bi: Insuficien\u021b\u0103 cardiac\u0103, Cardiomiopatie dilatativ\u0103. Emfizem pulmonar. Bloc atrio-ventricular. Pleurezie masiv\u0103. BPOC.<br>Deces 252<br>Femeie, 77 ani, Bucuresti. Internat\u0103 \u00een Spitalul Universitar \u00een 20.03.2020 pentru dializ\u0103.Confirmat\u0103 cu COVID-19 \u00een data de 4.04.2020 \u0219i transferat\u0103 la Spitalul Colentina.Decedat\u0103 \u00een data de 9.04.2020Comorbidit\u0103\u021bi: Insuficien\u021b\u0103 Renal\u0103 Cronic\u0103.<br>Deces 253<br>Femeie, 74 ani, jude\u021bul Hunedoara. Internat\u0103 \u00een Spitalul Municipal Hunedoara-ATI \u00een 2.04.2020Recoltare probe pentru COVID-19 \u00een 2.04.2020.Confirmat\u0103 \u00een data de 8.04.2020 .Decedat\u0103 \u00een data de 5.04.2020Comorbidit\u0103\u021bi: HTA<br>Deces 254<br>Femeie, 69 de ani, din jude\u021bul Timi\u0219 Internat\u0103 \u00een Spitalul Municipal Lugoj, pentru tuse si dificult\u0103\u021bi \u00een respira\u021bie, \u00een data de 20.03.2020 si transferat\u0103 \u00een 24.03.2020 la Spitalul Clinic de Boli Infec\u021bioase Timi\u0219oara.Confirmat\u0103 \u00een 25.03.2020Decedat\u0103 pe 09.04.2020Comorbiditati: Boal\u0103 cardiovascular\u0103.Persoana \u00eentoars\u0103 din Germania.<br>Deces 255<br>B\u0103rbat, 49 de ani, din jude\u021bul Mure\u0219 Internat \u00een Spitalul Clinic Jude\u021bean Mure\u0219, pentru tuse \u0219i dificult\u0103\u021bi \u00een respira\u021bie,  slabiciune general\u0103, \u00een data de 07.04.2020.Confirmat \u00een 07.04.2020Decedat pe 08.04.2020Comorbidit\u0103\u021bi: Boala cardiovascular\u0103 si HTA, Diabet zaharat, Obezitate, steatoz\u0103 hepatica, boal\u0103 renal\u0103, hiperparatiroidism.<\/p>\n\n\n\n<p>Deces 256<br>Femeie, 76 de ani, din jude\u021bul Mure\u0219 Internat\u0103 \u00een Spitalul Clinic Jude\u021bean Mure\u0219, pentru febr\u0103, tuse \u0219i dificult\u0103\u021bi \u00een respira\u021bie,  \u00een data de 06.04.2020, transferat\u0103 la sec\u021bia Chirurgie-COVID SC Mures, \u00een 07.04.2020.Confirmat\u0103 \u00een 07.04.2020Decedat\u0103 pe 09.04.2020Comorbidit\u0103\u021bi: Diabet Zaharat, Parkinson, fractur\u0103 de col femural.<br>Deces 257<br>B\u0103rbat, 84 de ani, din jude\u021bul Neam\u021b Internat \u00een Spitalul Jude\u021bean Clinic de Urgen\u021b\u0103 Piatra Neam\u021b, sec\u021bia de nefrologieConfirmat in 02.04.2020Decedat pe 09.04.2020Comorbidit\u0103\u021bi: Boala renal\u0103 cronic\u0103.Persoan\u0103 dializat\u0103 la un centru \u00een care au fost \u0219i alte cazuri confirmate.\n\n<\/p>\n","protected":false},"excerpt":{"rendered":"<p>Num\u0103rul de pacien\u021bi confirma\u021bi cu Covid-19 pe teritoriul Rom\u00e2niei a trecut de 5.000 \u0219i cre\u0219te de la o zi la alta, \u00eentr-un ritm din ce \u00een ce mai accelerat. Rata r\u0103sp\u00e2ndirii \u0219i rata mortalit\u0103\u021bii cresc gradual, \u00een timp ce num\u0103rul de test\u0103ri difer\u0103 de la zi la zi. Rom\u00e2nia se afl\u0103 acum \u00een stare de [&hellip;]<\/p>\n","protected":false},"author":6,"featured_media":5795,"comment_status":"closed","ping_status":"open","sticky":false,"template":"","format":"standard","meta":{"_acf_changed":false,"inline_featured_image":false,"ngg_post_thumbnail":0,"footnotes":""},"categories":[4,62],"tags":[529,657,677],"ppma_author":[22588],"class_list":["post-5794","post","type-post","status-publish","format-standard","has-post-thumbnail","hentry","category-sanatate","category-stiri","tag-coronavirus","tag-coronavirus-bucuresti","tag-livetext"],"acf":[],"yoast_head":"<!-- This site is optimized with the Yoast SEO Premium plugin v25.3 (Yoast SEO v27.4) - https:\/\/yoast.com\/product\/yoast-seo-premium-wordpress\/ -->\n<title>LIVE TEXT. Coronavirus - Bucure\u0219ti, 10 aprilie 2020, ziua 45 - Buletin de Bucure\u0219ti<\/title>\n<meta name=\"robots\" content=\"index, follow, max-snippet:-1, max-image-preview:large, max-video-preview:-1\" \/>\n<link rel=\"canonical\" href=\"https:\/\/buletin.de\/bucuresti\/live-text-coronavirus-bucuresti-10-aprilie-2020-ziua-45\/\" \/>\n<meta property=\"og:locale\" content=\"en_GB\" \/>\n<meta property=\"og:type\" content=\"article\" \/>\n<meta property=\"og:title\" content=\"LIVE TEXT. Coronavirus - Bucure\u0219ti, 10 aprilie 2020, ziua 45\" \/>\n<meta property=\"og:description\" content=\"Num\u0103rul de pacien\u021bi confirma\u021bi cu Covid-19 pe teritoriul Rom\u00e2niei a trecut de 5.000 \u0219i cre\u0219te de la o zi la alta, \u00eentr-un ritm din ce \u00een ce mai accelerat. Rata r\u0103sp\u00e2ndirii \u0219i rata mortalit\u0103\u021bii cresc gradual, \u00een timp ce num\u0103rul de test\u0103ri difer\u0103 de la zi la zi. Rom\u00e2nia se afl\u0103 acum \u00een stare de [&hellip;]\" \/>\n<meta property=\"og:url\" content=\"https:\/\/buletin.de\/bucuresti\/live-text-coronavirus-bucuresti-10-aprilie-2020-ziua-45\/\" \/>\n<meta property=\"og:site_name\" content=\"Buletin de Bucure\u0219ti\" \/>\n<meta property=\"article:publisher\" content=\"https:\/\/www.facebook.com\/buletin.de.buc\" \/>\n<meta property=\"article:published_time\" content=\"2020-04-10T07:17:24+00:00\" \/>\n<meta property=\"article:modified_time\" content=\"2020-04-10T16:29:09+00:00\" \/>\n<meta property=\"og:image\" content=\"https:\/\/buletin.de\/bucuresti\/wp-content\/uploads\/Screenshot_199.png\" \/>\n\t<meta property=\"og:image:width\" content=\"1919\" \/>\n\t<meta property=\"og:image:height\" content=\"944\" \/>\n\t<meta property=\"og:image:type\" content=\"image\/png\" \/>\n<meta name=\"author\" content=\"Bianca Albu\" \/>\n<meta name=\"twitter:card\" content=\"summary_large_image\" \/>\n<meta name=\"twitter:label1\" content=\"Written by\" \/>\n\t<meta name=\"twitter:data1\" content=\"Bianca Albu\" \/>\n\t<meta name=\"twitter:label2\" content=\"Estimated reading time\" \/>\n\t<meta name=\"twitter:data2\" content=\"4 minutes\" \/>\n<script type=\"application\/ld+json\" class=\"yoast-schema-graph\">{\"@context\":\"https:\\\/\\\/schema.org\",\"@graph\":[{\"@type\":\"Article\",\"@id\":\"https:\\\/\\\/buletin.de\\\/bucuresti\\\/live-text-coronavirus-bucuresti-10-aprilie-2020-ziua-45\\\/#article\",\"isPartOf\":{\"@id\":\"https:\\\/\\\/buletin.de\\\/bucuresti\\\/live-text-coronavirus-bucuresti-10-aprilie-2020-ziua-45\\\/\"},\"author\":{\"name\":\"Bianca Albu\",\"@id\":\"https:\\\/\\\/buletin.de\\\/bucuresti\\\/#\\\/schema\\\/person\\\/295dc2228d2dc79294d636619468dc7f\"},\"headline\":\"LIVE TEXT. Coronavirus &#8211; Bucure\u0219ti, 10 aprilie 2020, ziua 45\",\"datePublished\":\"2020-04-10T07:17:24+00:00\",\"dateModified\":\"2020-04-10T16:29:09+00:00\",\"mainEntityOfPage\":{\"@id\":\"https:\\\/\\\/buletin.de\\\/bucuresti\\\/live-text-coronavirus-bucuresti-10-aprilie-2020-ziua-45\\\/\"},\"wordCount\":869,\"publisher\":{\"@id\":\"https:\\\/\\\/buletin.de\\\/bucuresti\\\/#organization\"},\"image\":{\"@id\":\"https:\\\/\\\/buletin.de\\\/bucuresti\\\/live-text-coronavirus-bucuresti-10-aprilie-2020-ziua-45\\\/#primaryimage\"},\"thumbnailUrl\":\"https:\\\/\\\/buletin.de\\\/bucuresti\\\/wp-content\\\/uploads\\\/Screenshot_199.png\",\"keywords\":[\"coronavirus\",\"coronavirus bucuresti\",\"livetext\"],\"articleSection\":[\"S\u0103n\u0103tate\",\"\u0218tiri\"],\"inLanguage\":\"en-GB\",\"copyrightYear\":\"2020\",\"copyrightHolder\":{\"@id\":\"https:\\\/\\\/buletin.de\\\/bucuresti\\\/#organization\"}},{\"@type\":\"WebPage\",\"@id\":\"https:\\\/\\\/buletin.de\\\/bucuresti\\\/live-text-coronavirus-bucuresti-10-aprilie-2020-ziua-45\\\/\",\"url\":\"https:\\\/\\\/buletin.de\\\/bucuresti\\\/live-text-coronavirus-bucuresti-10-aprilie-2020-ziua-45\\\/\",\"name\":\"LIVE TEXT. Coronavirus - Bucure\u0219ti, 10 aprilie 2020, ziua 45 - Buletin de Bucure\u0219ti\",\"isPartOf\":{\"@id\":\"https:\\\/\\\/buletin.de\\\/bucuresti\\\/#website\"},\"primaryImageOfPage\":{\"@id\":\"https:\\\/\\\/buletin.de\\\/bucuresti\\\/live-text-coronavirus-bucuresti-10-aprilie-2020-ziua-45\\\/#primaryimage\"},\"image\":{\"@id\":\"https:\\\/\\\/buletin.de\\\/bucuresti\\\/live-text-coronavirus-bucuresti-10-aprilie-2020-ziua-45\\\/#primaryimage\"},\"thumbnailUrl\":\"https:\\\/\\\/buletin.de\\\/bucuresti\\\/wp-content\\\/uploads\\\/Screenshot_199.png\",\"datePublished\":\"2020-04-10T07:17:24+00:00\",\"dateModified\":\"2020-04-10T16:29:09+00:00\",\"breadcrumb\":{\"@id\":\"https:\\\/\\\/buletin.de\\\/bucuresti\\\/live-text-coronavirus-bucuresti-10-aprilie-2020-ziua-45\\\/#breadcrumb\"},\"inLanguage\":\"en-GB\",\"potentialAction\":[{\"@type\":\"ReadAction\",\"target\":[\"https:\\\/\\\/buletin.de\\\/bucuresti\\\/live-text-coronavirus-bucuresti-10-aprilie-2020-ziua-45\\\/\"]}]},{\"@type\":\"ImageObject\",\"inLanguage\":\"en-GB\",\"@id\":\"https:\\\/\\\/buletin.de\\\/bucuresti\\\/live-text-coronavirus-bucuresti-10-aprilie-2020-ziua-45\\\/#primaryimage\",\"url\":\"https:\\\/\\\/buletin.de\\\/bucuresti\\\/wp-content\\\/uploads\\\/Screenshot_199.png\",\"contentUrl\":\"https:\\\/\\\/buletin.de\\\/bucuresti\\\/wp-content\\\/uploads\\\/Screenshot_199.png\",\"width\":1919,\"height\":944},{\"@type\":\"BreadcrumbList\",\"@id\":\"https:\\\/\\\/buletin.de\\\/bucuresti\\\/live-text-coronavirus-bucuresti-10-aprilie-2020-ziua-45\\\/#breadcrumb\",\"itemListElement\":[{\"@type\":\"ListItem\",\"position\":1,\"name\":\"Acas\u0103\",\"item\":\"https:\\\/\\\/buletin.de\\\/bucuresti\\\/\"},{\"@type\":\"ListItem\",\"position\":2,\"name\":\"LIVE TEXT. Coronavirus &#8211; Bucure\u0219ti, 10 aprilie 2020, ziua 45\"}]},{\"@type\":\"WebSite\",\"@id\":\"https:\\\/\\\/buletin.de\\\/bucuresti\\\/#website\",\"url\":\"https:\\\/\\\/buletin.de\\\/bucuresti\\\/\",\"name\":\"Buletin de Bucure\u0219ti\",\"description\":\"\u0218tiri \u0219i investiga\u021bii esen\u021biale din capital\u0103\",\"publisher\":{\"@id\":\"https:\\\/\\\/buletin.de\\\/bucuresti\\\/#organization\"},\"potentialAction\":[{\"@type\":\"SearchAction\",\"target\":{\"@type\":\"EntryPoint\",\"urlTemplate\":\"https:\\\/\\\/buletin.de\\\/bucuresti\\\/?s={search_term_string}\"},\"query-input\":{\"@type\":\"PropertyValueSpecification\",\"valueRequired\":true,\"valueName\":\"search_term_string\"}}],\"inLanguage\":\"en-GB\"},{\"@type\":\"Organization\",\"@id\":\"https:\\\/\\\/buletin.de\\\/bucuresti\\\/#organization\",\"name\":\"Buletin de Bucure\u0219ti\",\"url\":\"https:\\\/\\\/buletin.de\\\/bucuresti\\\/\",\"logo\":{\"@type\":\"ImageObject\",\"inLanguage\":\"en-GB\",\"@id\":\"https:\\\/\\\/buletin.de\\\/bucuresti\\\/#\\\/schema\\\/logo\\\/image\\\/\",\"url\":\"https:\\\/\\\/buletin.de\\\/bucuresti\\\/wp-content\\\/uploads\\\/logo-bdb-full-wide-vernil-transparent.png\",\"contentUrl\":\"https:\\\/\\\/buletin.de\\\/bucuresti\\\/wp-content\\\/uploads\\\/logo-bdb-full-wide-vernil-transparent.png\",\"width\":1782,\"height\":626,\"caption\":\"Buletin de Bucure\u0219ti\"},\"image\":{\"@id\":\"https:\\\/\\\/buletin.de\\\/bucuresti\\\/#\\\/schema\\\/logo\\\/image\\\/\"},\"sameAs\":[\"https:\\\/\\\/www.facebook.com\\\/buletin.de.buc\",\"https:\\\/\\\/www.instagram.com\\\/buletinde.bucuresti\\\/\"]},{\"@type\":\"Person\",\"@id\":\"https:\\\/\\\/buletin.de\\\/bucuresti\\\/#\\\/schema\\\/person\\\/295dc2228d2dc79294d636619468dc7f\",\"name\":\"Bianca Albu\",\"image\":{\"@type\":\"ImageObject\",\"inLanguage\":\"en-GB\",\"@id\":\"https:\\\/\\\/secure.gravatar.com\\\/avatar\\\/3df2e34e20f529e6fd7be4311ee1f7c4ec4aa886971590baf6fa214b15743516?s=96&d=monsterid&r=gf541c715eeec409ce8101252a3c0d8a7\",\"url\":\"https:\\\/\\\/secure.gravatar.com\\\/avatar\\\/3df2e34e20f529e6fd7be4311ee1f7c4ec4aa886971590baf6fa214b15743516?s=96&d=monsterid&r=g\",\"contentUrl\":\"https:\\\/\\\/secure.gravatar.com\\\/avatar\\\/3df2e34e20f529e6fd7be4311ee1f7c4ec4aa886971590baf6fa214b15743516?s=96&d=monsterid&r=g\",\"caption\":\"Bianca Albu\"},\"description\":\"Reporter\",\"url\":\"https:\\\/\\\/buletin.de\\\/bucuresti\\\/author\\\/biancaalbu\\\/\"}]}<\/script>\n<!-- \/ Yoast SEO Premium plugin. -->","yoast_head_json":{"title":"LIVE TEXT. Coronavirus - Bucure\u0219ti, 10 aprilie 2020, ziua 45 - Buletin de Bucure\u0219ti","robots":{"index":"index","follow":"follow","max-snippet":"max-snippet:-1","max-image-preview":"max-image-preview:large","max-video-preview":"max-video-preview:-1"},"canonical":"https:\/\/buletin.de\/bucuresti\/live-text-coronavirus-bucuresti-10-aprilie-2020-ziua-45\/","og_locale":"en_GB","og_type":"article","og_title":"LIVE TEXT. Coronavirus - Bucure\u0219ti, 10 aprilie 2020, ziua 45","og_description":"Num\u0103rul de pacien\u021bi confirma\u021bi cu Covid-19 pe teritoriul Rom\u00e2niei a trecut de 5.000 \u0219i cre\u0219te de la o zi la alta, \u00eentr-un ritm din ce \u00een ce mai accelerat. Rata r\u0103sp\u00e2ndirii \u0219i rata mortalit\u0103\u021bii cresc gradual, \u00een timp ce num\u0103rul de test\u0103ri difer\u0103 de la zi la zi. Rom\u00e2nia se afl\u0103 acum \u00een stare de [&hellip;]","og_url":"https:\/\/buletin.de\/bucuresti\/live-text-coronavirus-bucuresti-10-aprilie-2020-ziua-45\/","og_site_name":"Buletin de Bucure\u0219ti","article_publisher":"https:\/\/www.facebook.com\/buletin.de.buc","article_published_time":"2020-04-10T07:17:24+00:00","article_modified_time":"2020-04-10T16:29:09+00:00","og_image":[{"width":1919,"height":944,"url":"https:\/\/buletin.de\/bucuresti\/wp-content\/uploads\/Screenshot_199.png","type":"image\/png"}],"author":"Bianca Albu","twitter_card":"summary_large_image","twitter_misc":{"Written by":"Bianca Albu","Estimated reading time":"4 minutes"},"schema":{"@context":"https:\/\/schema.org","@graph":[{"@type":"Article","@id":"https:\/\/buletin.de\/bucuresti\/live-text-coronavirus-bucuresti-10-aprilie-2020-ziua-45\/#article","isPartOf":{"@id":"https:\/\/buletin.de\/bucuresti\/live-text-coronavirus-bucuresti-10-aprilie-2020-ziua-45\/"},"author":{"name":"Bianca Albu","@id":"https:\/\/buletin.de\/bucuresti\/#\/schema\/person\/295dc2228d2dc79294d636619468dc7f"},"headline":"LIVE TEXT. Coronavirus &#8211; Bucure\u0219ti, 10 aprilie 2020, ziua 45","datePublished":"2020-04-10T07:17:24+00:00","dateModified":"2020-04-10T16:29:09+00:00","mainEntityOfPage":{"@id":"https:\/\/buletin.de\/bucuresti\/live-text-coronavirus-bucuresti-10-aprilie-2020-ziua-45\/"},"wordCount":869,"publisher":{"@id":"https:\/\/buletin.de\/bucuresti\/#organization"},"image":{"@id":"https:\/\/buletin.de\/bucuresti\/live-text-coronavirus-bucuresti-10-aprilie-2020-ziua-45\/#primaryimage"},"thumbnailUrl":"https:\/\/buletin.de\/bucuresti\/wp-content\/uploads\/Screenshot_199.png","keywords":["coronavirus","coronavirus bucuresti","livetext"],"articleSection":["S\u0103n\u0103tate","\u0218tiri"],"inLanguage":"en-GB","copyrightYear":"2020","copyrightHolder":{"@id":"https:\/\/buletin.de\/bucuresti\/#organization"}},{"@type":"WebPage","@id":"https:\/\/buletin.de\/bucuresti\/live-text-coronavirus-bucuresti-10-aprilie-2020-ziua-45\/","url":"https:\/\/buletin.de\/bucuresti\/live-text-coronavirus-bucuresti-10-aprilie-2020-ziua-45\/","name":"LIVE TEXT. Coronavirus - Bucure\u0219ti, 10 aprilie 2020, ziua 45 - Buletin de Bucure\u0219ti","isPartOf":{"@id":"https:\/\/buletin.de\/bucuresti\/#website"},"primaryImageOfPage":{"@id":"https:\/\/buletin.de\/bucuresti\/live-text-coronavirus-bucuresti-10-aprilie-2020-ziua-45\/#primaryimage"},"image":{"@id":"https:\/\/buletin.de\/bucuresti\/live-text-coronavirus-bucuresti-10-aprilie-2020-ziua-45\/#primaryimage"},"thumbnailUrl":"https:\/\/buletin.de\/bucuresti\/wp-content\/uploads\/Screenshot_199.png","datePublished":"2020-04-10T07:17:24+00:00","dateModified":"2020-04-10T16:29:09+00:00","breadcrumb":{"@id":"https:\/\/buletin.de\/bucuresti\/live-text-coronavirus-bucuresti-10-aprilie-2020-ziua-45\/#breadcrumb"},"inLanguage":"en-GB","potentialAction":[{"@type":"ReadAction","target":["https:\/\/buletin.de\/bucuresti\/live-text-coronavirus-bucuresti-10-aprilie-2020-ziua-45\/"]}]},{"@type":"ImageObject","inLanguage":"en-GB","@id":"https:\/\/buletin.de\/bucuresti\/live-text-coronavirus-bucuresti-10-aprilie-2020-ziua-45\/#primaryimage","url":"https:\/\/buletin.de\/bucuresti\/wp-content\/uploads\/Screenshot_199.png","contentUrl":"https:\/\/buletin.de\/bucuresti\/wp-content\/uploads\/Screenshot_199.png","width":1919,"height":944},{"@type":"BreadcrumbList","@id":"https:\/\/buletin.de\/bucuresti\/live-text-coronavirus-bucuresti-10-aprilie-2020-ziua-45\/#breadcrumb","itemListElement":[{"@type":"ListItem","position":1,"name":"Acas\u0103","item":"https:\/\/buletin.de\/bucuresti\/"},{"@type":"ListItem","position":2,"name":"LIVE TEXT. Coronavirus &#8211; Bucure\u0219ti, 10 aprilie 2020, ziua 45"}]},{"@type":"WebSite","@id":"https:\/\/buletin.de\/bucuresti\/#website","url":"https:\/\/buletin.de\/bucuresti\/","name":"Buletin de Bucure\u0219ti","description":"\u0218tiri \u0219i investiga\u021bii esen\u021biale din capital\u0103","publisher":{"@id":"https:\/\/buletin.de\/bucuresti\/#organization"},"potentialAction":[{"@type":"SearchAction","target":{"@type":"EntryPoint","urlTemplate":"https:\/\/buletin.de\/bucuresti\/?s={search_term_string}"},"query-input":{"@type":"PropertyValueSpecification","valueRequired":true,"valueName":"search_term_string"}}],"inLanguage":"en-GB"},{"@type":"Organization","@id":"https:\/\/buletin.de\/bucuresti\/#organization","name":"Buletin de Bucure\u0219ti","url":"https:\/\/buletin.de\/bucuresti\/","logo":{"@type":"ImageObject","inLanguage":"en-GB","@id":"https:\/\/buletin.de\/bucuresti\/#\/schema\/logo\/image\/","url":"https:\/\/buletin.de\/bucuresti\/wp-content\/uploads\/logo-bdb-full-wide-vernil-transparent.png","contentUrl":"https:\/\/buletin.de\/bucuresti\/wp-content\/uploads\/logo-bdb-full-wide-vernil-transparent.png","width":1782,"height":626,"caption":"Buletin de Bucure\u0219ti"},"image":{"@id":"https:\/\/buletin.de\/bucuresti\/#\/schema\/logo\/image\/"},"sameAs":["https:\/\/www.facebook.com\/buletin.de.buc","https:\/\/www.instagram.com\/buletinde.bucuresti\/"]},{"@type":"Person","@id":"https:\/\/buletin.de\/bucuresti\/#\/schema\/person\/295dc2228d2dc79294d636619468dc7f","name":"Bianca Albu","image":{"@type":"ImageObject","inLanguage":"en-GB","@id":"https:\/\/secure.gravatar.com\/avatar\/3df2e34e20f529e6fd7be4311ee1f7c4ec4aa886971590baf6fa214b15743516?s=96&d=monsterid&r=gf541c715eeec409ce8101252a3c0d8a7","url":"https:\/\/secure.gravatar.com\/avatar\/3df2e34e20f529e6fd7be4311ee1f7c4ec4aa886971590baf6fa214b15743516?s=96&d=monsterid&r=g","contentUrl":"https:\/\/secure.gravatar.com\/avatar\/3df2e34e20f529e6fd7be4311ee1f7c4ec4aa886971590baf6fa214b15743516?s=96&d=monsterid&r=g","caption":"Bianca Albu"},"description":"Reporter","url":"https:\/\/buletin.de\/bucuresti\/author\/biancaalbu\/"}]}},"authors":[{"term_id":22588,"user_id":6,"is_guest":0,"slug":"biancaalbu","display_name":"Bianca Albu","avatar_url":"https:\/\/secure.gravatar.com\/avatar\/3df2e34e20f529e6fd7be4311ee1f7c4ec4aa886971590baf6fa214b15743516?s=96&d=monsterid&r=g","0":null,"1":"","2":"","3":"","4":"","5":"","6":"","7":"","8":""}],"_links":{"self":[{"href":"https:\/\/buletin.de\/bucuresti\/wp-json\/wp\/v2\/posts\/5794","targetHints":{"allow":["GET"]}}],"collection":[{"href":"https:\/\/buletin.de\/bucuresti\/wp-json\/wp\/v2\/posts"}],"about":[{"href":"https:\/\/buletin.de\/bucuresti\/wp-json\/wp\/v2\/types\/post"}],"author":[{"embeddable":true,"href":"https:\/\/buletin.de\/bucuresti\/wp-json\/wp\/v2\/users\/6"}],"replies":[{"embeddable":true,"href":"https:\/\/buletin.de\/bucuresti\/wp-json\/wp\/v2\/comments?post=5794"}],"version-history":[{"count":4,"href":"https:\/\/buletin.de\/bucuresti\/wp-json\/wp\/v2\/posts\/5794\/revisions"}],"predecessor-version":[{"id":5857,"href":"https:\/\/buletin.de\/bucuresti\/wp-json\/wp\/v2\/posts\/5794\/revisions\/5857"}],"wp:featuredmedia":[{"embeddable":true,"href":"https:\/\/buletin.de\/bucuresti\/wp-json\/wp\/v2\/media\/5795"}],"wp:attachment":[{"href":"https:\/\/buletin.de\/bucuresti\/wp-json\/wp\/v2\/media?parent=5794"}],"wp:term":[{"taxonomy":"category","embeddable":true,"href":"https:\/\/buletin.de\/bucuresti\/wp-json\/wp\/v2\/categories?post=5794"},{"taxonomy":"post_tag","embeddable":true,"href":"https:\/\/buletin.de\/bucuresti\/wp-json\/wp\/v2\/tags?post=5794"},{"taxonomy":"author","embeddable":true,"href":"https:\/\/buletin.de\/bucuresti\/wp-json\/wp\/v2\/ppma_author?post=5794"}],"curies":[{"name":"wp","href":"https:\/\/api.w.org\/{rel}","templated":true}]}}