{"id":57912,"date":"2023-04-24T07:40:09","date_gmt":"2023-04-24T05:40:09","guid":{"rendered":"https:\/\/buletin.de\/bucuresti\/?p=57912"},"modified":"2023-04-24T07:56:26","modified_gmt":"2023-04-24T05:56:26","slug":"ciprian-ciucu-strange-comerciantii-ambulanti-la-tarabele-sociale","status":"publish","type":"post","link":"https:\/\/buletin.de\/bucuresti\/ciprian-ciucu-strange-comerciantii-ambulanti-la-tarabele-sociale\/","title":{"rendered":"Ciprian Ciucu str\u00e2nge comercian\u021bii ambulan\u021bi la Tarabele Sociale"},"content":{"rendered":"\n<p>\u00cen mai multe pie\u021be din sectorul 6 exist\u0103 a\u0219a-numitele \u201etarabe sociale\u201d, ni\u0219te tarabe pe care produc\u0103torii mici pot s\u0103 le foloseasc\u0103 \u00een mod gratuit pentru a-\u0219i vinde produsele. Modul \u00een care aceast\u0103 idee a fost executat\u0103 a creat discu\u021bii \u00een mediul online referitoare la portretizarea micilor produc\u0103tori, dar \u0219i despre atribuirile pe bani ale tarabelor.&nbsp;<\/p>\n\n\n\n<h2 class=\"wp-block-heading\">Ce sunt \u201etarabele sociale\u201d<\/h2>\n\n\n\n<p>Pentru a descuraja comer\u021bul ilegal, adic\u0103 v\u00e2nzarea pe strad\u0103 \u0219i \u00een locuri neamenajate a fructelor \u0219i legumelor, Prim\u0103ria Sectorului 6 a construit \u201etarabele sociale\u201d \u00een pie\u021bele Orizont, Drumul Taberei II, Veteranilor I \u0219i Cr\u00e2nga\u0219i.&nbsp;<\/p>\n\n\n\n<p>Aceste tarabe, 39 la num\u0103r, pot fi ocupate \u00een mod gratuit de cei care fie nu \u0219i-au permis s\u0103 \u00eenchirieze o tarab\u0103 \u00een pia\u021b\u0103, fie nu au prins loc \u00een urma licita\u021biilor.&nbsp;<\/p>\n\n\n\n<p>Potrivit unui articol agerpres.ro, tarifele pentru tarabele din sectorul 6, majorate ultima oar\u0103 \u00een 2022, pot varia \u00eentre 15-25 lei\/zi \u015fi 550 &#8211; 700 lei\/lun\u0103, utilizarea unei vitrine cu c\u00e2ntar electronic pentru lactate cost\u0103 45 de lei pe zi \u015fi 850 de lei\/lun\u0103, \u00eenchirierea unei casu\u021be simple este de 750 lei\/lun\u0103 iar o c\u0103su\u021b\u0103 dubl\u0103 de 1.200 lei\/lun\u0103. La toate acestea se adaug\u0103 un loc de parcare pentru biciclete, care e 100 de lei pe an.&nbsp;<\/p>\n\n\n\n<h2 class=\"wp-block-heading\">Cum arat\u0103 \u201etarabele sociale\u201d<\/h2>\n\n\n\n<p>Conform pozelor puse la dispozi\u021bie de c\u0103tre prim\u0103rie cu tarabele din Pia\u021ba Veteranilor, acestea sunt ni\u0219te mese galbene, \u00een\u0219irate una dup\u0103 alta, de care at\u00e2rn\u0103 individual o h\u00e2rtie pe care scrie \u201etarab\u0103 social\u0103\u201d.&nbsp;<\/p>\n\n\n\n<p>Potrivit post\u0103rii de pe pagina de Facebook a prim\u0103riei, tarabele vin \u00een ajutorul \u201ecelor mai oropsi\u021bi\u201d.<\/p>\n\n\n\n<figure class=\"wp-block-image size-large\"><img fetchpriority=\"high\" decoding=\"async\" width=\"900\" height=\"626\" src=\"data:image\/gif;base64,R0lGODlhAQABAAAAACH5BAEKAAEALAAAAAABAAEAAAICTAEAOw==\" data-src=\"https:\/\/buletin.de\/bucuresti\/wp-content\/uploads\/taton-moise-Sk2P0HIxUac-unsplash-900x626.jpg\" alt=\"\" class=\"wp-image-57913 lazyload\" data-sizes=\"auto\" data-srcset=\"https:\/\/buletin.de\/bucuresti\/wp-content\/uploads\/taton-moise-Sk2P0HIxUac-unsplash-900x626.jpg 900w, https:\/\/buletin.de\/bucuresti\/wp-content\/uploads\/taton-moise-Sk2P0HIxUac-unsplash-300x209.jpg 300w, https:\/\/buletin.de\/bucuresti\/wp-content\/uploads\/taton-moise-Sk2P0HIxUac-unsplash-768x534.jpg 768w, https:\/\/buletin.de\/bucuresti\/wp-content\/uploads\/taton-moise-Sk2P0HIxUac-unsplash-550x383.jpg 550w, https:\/\/buletin.de\/bucuresti\/wp-content\/uploads\/taton-moise-Sk2P0HIxUac-unsplash-719x500.jpg 719w, https:\/\/buletin.de\/bucuresti\/wp-content\/uploads\/taton-moise-Sk2P0HIxUac-unsplash-600x418.jpg 600w, https:\/\/buletin.de\/bucuresti\/wp-content\/uploads\/taton-moise-Sk2P0HIxUac-unsplash.jpg 960w\" sizes=\"(max-width: 900px) 100vw, 900px\" \/><\/figure>\n\n\n\n<p><\/p>\n\n\n\n<p>\u201eNu \u00eencuraj\u0103m comer\u021bul ilegal, dar \u00eei ajut\u0103m pe cei mai oropsi\u021bi, care muncesc p\u0103m\u00e2ntul, s\u0103-\u0219i v\u00e2nd\u0103 roadele\u201d a declarat Prim\u0103ria Sectorului 6 pe pagina de Facebook.<\/p>\n\n\n\n<h2 class=\"wp-block-heading\">Reac\u021biile din mediul online<\/h2>\n\n\n\n<p>Postarea prim\u0103riei sectorului 6 despre tarabele sociale a atras diverse reac\u021bii. O parte dintre oameni au felicitat demersurile de a ajuta produc\u0103torii locali \u0219i au declarat c\u0103 vor \u00eencerca s\u0103-\u0219i fac\u0103 cump\u0103r\u0103turile majoritar de la astfel de tarabe.&nbsp;<\/p>\n\n\n\n<p>Acestora li s-au al\u0103turat al\u021bii care apreciaz\u0103 ini\u021biativa, \u00eens\u0103 puncteaz\u0103 faptul c\u0103, \u00een opinia lor,&nbsp; \u201ecomer\u021bul ilegal\u201d se desf\u0103\u0219oar\u0103 \u00een mare parte \u00een pie\u021be, de c\u0103tre \u201esamsari\u201d \u0219i nu pe str\u0103zi:<\/p>\n\n\n\n<ul class=\"wp-block-list\"><li>\u201eAtunci descuraja\u021bi comer\u021buil ilegal, adic\u0103 lua\u021bi m\u0103suri pentru fiscalizarea fal\u0219ilor produc\u0103tori, de care sunt pline pie\u021bele\u201d;<\/li><li>\u201eBun a\u0219a! S\u0103 se fac\u0103 numai tarabe de genul, nu tarabe la care v\u00e2nd portocale \u0219i ananas, c\u00e2te unii care au certificate de produc\u0103tor luate pe un teren de 500 mp\u201d.<\/li><\/ul>\n\n\n\n<p>Au existat \u0219i oameni care au avut o problem\u0103 cu prezentarea \u0219i execu\u021bia acestor tarabe. Pornind de la descrierea \u201eajutorului celor oropsi\u021bi\u201d \u0219i a pozelor postate de prim\u0103rie, ace\u0219tia au punctat faptul c\u0103 etichetarea fiec\u0103rei tarabe \u0219i \u00een\u0219irarea acestora \u00eentr-un singur loc sunt \u201edenigratoare\u201d \u0219i \u201estigmatizante\u201d la adresa micilor produc\u0103tori, compar\u00e2nd postarea prim\u0103riei \u0219i execu\u021bia ideii cu \u201epoverty porn\u201d sau \u201epornografia s\u0103r\u0103ciei\u201d.&nbsp;<\/p>\n\n\n\n<p>Conceptul de \u201epornografia s\u0103r\u0103ciei\u201d presupune exploatarea condi\u021biilor precare ale unor oameni pentru beneficiul personal, prin obiectificarea oamenilor s\u0103raci \u00een diverse moduri.&nbsp;<\/p>\n\n\n\n<ul class=\"wp-block-list\"><li>\u201eO alt\u0103 denumire nu a\u021bi g\u0103sit? Oamenii ace\u0219tia muncesc din greu, nu a\u0219teapt\u0103 poman\u0103, ci pre\u021b corect pentru munca lor\u201d.<\/li><li>\u201eDar de ce \u201esocial\u0103\u201d? Tarab\u0103 nu era suficient? Sau Taraba Micului Produc\u0103tor?\u201d<\/li><li>\u201eTarabele micilor produc\u0103tori, sau marf\u0103 de gr\u0103din\u0103, sau orice altceva. De ce trebuie stigmatiza\u021bi oamenii \u0219i la pia\u021b\u0103?\u201d<\/li><li>\u201eE denigrant s\u0103 pune\u021bi etichetele acelea pe fiecare tarab\u0103 \u00een parte. O singur\u0103 informare, discret\u0103, la intrarea \u00een pia\u021b\u0103, este mai mult dec\u00e2t suficient\u0103, altfel nu face\u021bi dec\u00e2t parad\u0103 pe seama celor cu o situa\u021bie precar\u0103. C\u0103uta\u021bi termenul de poverty porn, s\u0103 \u00een\u021belege\u021bi unde gre\u0219i\u021bi\u201d<\/li><\/ul>\n\n\n\n<p>\u00cen acela\u0219i timp au existat \u0219i oameni care au ales s\u0103 treac\u0103 cu vederea aceste denumiri, spun\u00e2nd c\u0103 mai&nbsp; \u201eimportant este c\u0103 li s-a oferit gratis un spa\u021biu de v\u00e2nzare\u201d.<\/p>\n\n\n\n<p>Surs\u0103 fotografii: Facebook, Prim\u0103ria Sector 6 <\/p>\n","protected":false},"excerpt":{"rendered":"<p>\u00cen mai multe pie\u021be din sectorul 6 exist\u0103 a\u0219a-numitele \u201etarabe sociale\u201d, ni\u0219te tarabe pe care produc\u0103torii mici pot s\u0103 le foloseasc\u0103 \u00een mod gratuit pentru a-\u0219i vinde produsele. Modul \u00een care aceast\u0103 idee a fost executat\u0103 a creat discu\u021bii \u00een mediul online referitoare la portretizarea micilor produc\u0103tori, dar \u0219i despre atribuirile pe bani ale tarabelor.&nbsp; [&hellip;]<\/p>\n","protected":false},"author":47,"featured_media":57914,"comment_status":"closed","ping_status":"open","sticky":false,"template":"","format":"standard","meta":{"_acf_changed":false,"inline_featured_image":false,"ngg_post_thumbnail":0,"footnotes":""},"categories":[62],"tags":[],"ppma_author":[22580],"class_list":["post-57912","post","type-post","status-publish","format-standard","has-post-thumbnail","hentry","category-stiri"],"acf":[],"yoast_head":"<!-- This site is optimized with the Yoast SEO Premium plugin v25.3 (Yoast SEO v27.5) - https:\/\/yoast.com\/product\/yoast-seo-premium-wordpress\/ -->\n<title>Ciprian Ciucu str\u00e2nge comercian\u021bii ambulan\u021bi la Tarabele Sociale - Buletin de Bucure\u0219ti<\/title>\n<meta name=\"robots\" content=\"index, follow, max-snippet:-1, max-image-preview:large, max-video-preview:-1\" \/>\n<link rel=\"canonical\" href=\"https:\/\/buletin.de\/bucuresti\/ciprian-ciucu-strange-comerciantii-ambulanti-la-tarabele-sociale\/\" \/>\n<meta property=\"og:locale\" content=\"en_GB\" \/>\n<meta property=\"og:type\" content=\"article\" \/>\n<meta property=\"og:title\" content=\"Ciprian Ciucu str\u00e2nge comercian\u021bii ambulan\u021bi la Tarabele Sociale\" \/>\n<meta property=\"og:description\" content=\"\u00cen mai multe pie\u021be din sectorul 6 exist\u0103 a\u0219a-numitele \u201etarabe sociale\u201d, ni\u0219te tarabe pe care produc\u0103torii mici pot s\u0103 le foloseasc\u0103 \u00een mod gratuit pentru a-\u0219i vinde produsele. Modul \u00een care aceast\u0103 idee a fost executat\u0103 a creat discu\u021bii \u00een mediul online referitoare la portretizarea micilor produc\u0103tori, dar \u0219i despre atribuirile pe bani ale tarabelor.&nbsp; [&hellip;]\" \/>\n<meta property=\"og:url\" content=\"https:\/\/buletin.de\/bucuresti\/ciprian-ciucu-strange-comerciantii-ambulanti-la-tarabele-sociale\/\" \/>\n<meta property=\"og:site_name\" content=\"Buletin de Bucure\u0219ti\" \/>\n<meta property=\"article:publisher\" content=\"https:\/\/www.facebook.com\/buletin.de.buc\" \/>\n<meta property=\"article:published_time\" content=\"2023-04-24T05:40:09+00:00\" \/>\n<meta property=\"article:modified_time\" content=\"2023-04-24T05:56:26+00:00\" \/>\n<meta property=\"og:image\" content=\"https:\/\/buletin.de\/bucuresti\/wp-content\/uploads\/pexels-tara-winstead-7723522-11.jpg\" \/>\n\t<meta property=\"og:image:width\" content=\"960\" \/>\n\t<meta property=\"og:image:height\" content=\"540\" \/>\n\t<meta property=\"og:image:type\" content=\"image\/jpeg\" \/>\n<meta name=\"author\" content=\"Adina C\u0103p\u00eelnean\" \/>\n<meta name=\"twitter:card\" content=\"summary_large_image\" \/>\n<meta name=\"twitter:label1\" content=\"Written by\" \/>\n\t<meta name=\"twitter:data1\" content=\"Adina C\u0103p\u00eelnean\" \/>\n\t<meta name=\"twitter:label2\" content=\"Estimated reading time\" \/>\n\t<meta name=\"twitter:data2\" content=\"3 minutes\" \/>\n<script type=\"application\/ld+json\" class=\"yoast-schema-graph\">{\"@context\":\"https:\\\/\\\/schema.org\",\"@graph\":[{\"@type\":\"Article\",\"@id\":\"https:\\\/\\\/buletin.de\\\/bucuresti\\\/ciprian-ciucu-strange-comerciantii-ambulanti-la-tarabele-sociale\\\/#article\",\"isPartOf\":{\"@id\":\"https:\\\/\\\/buletin.de\\\/bucuresti\\\/ciprian-ciucu-strange-comerciantii-ambulanti-la-tarabele-sociale\\\/\"},\"author\":{\"name\":\"Adina C\u0103p\u00eelnean\",\"@id\":\"https:\\\/\\\/buletin.de\\\/bucuresti\\\/#\\\/schema\\\/person\\\/ab174cf6711728e4ee83d672acf9a912\"},\"headline\":\"Ciprian Ciucu str\u00e2nge comercian\u021bii ambulan\u021bi la Tarabele Sociale\",\"datePublished\":\"2023-04-24T05:40:09+00:00\",\"dateModified\":\"2023-04-24T05:56:26+00:00\",\"mainEntityOfPage\":{\"@id\":\"https:\\\/\\\/buletin.de\\\/bucuresti\\\/ciprian-ciucu-strange-comerciantii-ambulanti-la-tarabele-sociale\\\/\"},\"wordCount\":731,\"publisher\":{\"@id\":\"https:\\\/\\\/buletin.de\\\/bucuresti\\\/#organization\"},\"image\":{\"@id\":\"https:\\\/\\\/buletin.de\\\/bucuresti\\\/ciprian-ciucu-strange-comerciantii-ambulanti-la-tarabele-sociale\\\/#primaryimage\"},\"thumbnailUrl\":\"https:\\\/\\\/buletin.de\\\/bucuresti\\\/wp-content\\\/uploads\\\/pexels-tara-winstead-7723522-11.jpg\",\"articleSection\":[\"\u0218tiri\"],\"inLanguage\":\"en-GB\",\"copyrightYear\":\"2023\",\"copyrightHolder\":{\"@id\":\"https:\\\/\\\/buletin.de\\\/bucuresti\\\/#organization\"}},{\"@type\":\"WebPage\",\"@id\":\"https:\\\/\\\/buletin.de\\\/bucuresti\\\/ciprian-ciucu-strange-comerciantii-ambulanti-la-tarabele-sociale\\\/\",\"url\":\"https:\\\/\\\/buletin.de\\\/bucuresti\\\/ciprian-ciucu-strange-comerciantii-ambulanti-la-tarabele-sociale\\\/\",\"name\":\"Ciprian Ciucu str\u00e2nge comercian\u021bii ambulan\u021bi la Tarabele Sociale - Buletin de Bucure\u0219ti\",\"isPartOf\":{\"@id\":\"https:\\\/\\\/buletin.de\\\/bucuresti\\\/#website\"},\"primaryImageOfPage\":{\"@id\":\"https:\\\/\\\/buletin.de\\\/bucuresti\\\/ciprian-ciucu-strange-comerciantii-ambulanti-la-tarabele-sociale\\\/#primaryimage\"},\"image\":{\"@id\":\"https:\\\/\\\/buletin.de\\\/bucuresti\\\/ciprian-ciucu-strange-comerciantii-ambulanti-la-tarabele-sociale\\\/#primaryimage\"},\"thumbnailUrl\":\"https:\\\/\\\/buletin.de\\\/bucuresti\\\/wp-content\\\/uploads\\\/pexels-tara-winstead-7723522-11.jpg\",\"datePublished\":\"2023-04-24T05:40:09+00:00\",\"dateModified\":\"2023-04-24T05:56:26+00:00\",\"breadcrumb\":{\"@id\":\"https:\\\/\\\/buletin.de\\\/bucuresti\\\/ciprian-ciucu-strange-comerciantii-ambulanti-la-tarabele-sociale\\\/#breadcrumb\"},\"inLanguage\":\"en-GB\",\"potentialAction\":[{\"@type\":\"ReadAction\",\"target\":[\"https:\\\/\\\/buletin.de\\\/bucuresti\\\/ciprian-ciucu-strange-comerciantii-ambulanti-la-tarabele-sociale\\\/\"]}]},{\"@type\":\"ImageObject\",\"inLanguage\":\"en-GB\",\"@id\":\"https:\\\/\\\/buletin.de\\\/bucuresti\\\/ciprian-ciucu-strange-comerciantii-ambulanti-la-tarabele-sociale\\\/#primaryimage\",\"url\":\"https:\\\/\\\/buletin.de\\\/bucuresti\\\/wp-content\\\/uploads\\\/pexels-tara-winstead-7723522-11.jpg\",\"contentUrl\":\"https:\\\/\\\/buletin.de\\\/bucuresti\\\/wp-content\\\/uploads\\\/pexels-tara-winstead-7723522-11.jpg\",\"width\":960,\"height\":540},{\"@type\":\"BreadcrumbList\",\"@id\":\"https:\\\/\\\/buletin.de\\\/bucuresti\\\/ciprian-ciucu-strange-comerciantii-ambulanti-la-tarabele-sociale\\\/#breadcrumb\",\"itemListElement\":[{\"@type\":\"ListItem\",\"position\":1,\"name\":\"Acas\u0103\",\"item\":\"https:\\\/\\\/buletin.de\\\/bucuresti\\\/\"},{\"@type\":\"ListItem\",\"position\":2,\"name\":\"Ciprian Ciucu str\u00e2nge comercian\u021bii ambulan\u021bi la Tarabele Sociale\"}]},{\"@type\":\"WebSite\",\"@id\":\"https:\\\/\\\/buletin.de\\\/bucuresti\\\/#website\",\"url\":\"https:\\\/\\\/buletin.de\\\/bucuresti\\\/\",\"name\":\"Buletin de Bucure\u0219ti\",\"description\":\"\u0218tiri \u0219i investiga\u021bii esen\u021biale din capital\u0103\",\"publisher\":{\"@id\":\"https:\\\/\\\/buletin.de\\\/bucuresti\\\/#organization\"},\"potentialAction\":[{\"@type\":\"SearchAction\",\"target\":{\"@type\":\"EntryPoint\",\"urlTemplate\":\"https:\\\/\\\/buletin.de\\\/bucuresti\\\/?s={search_term_string}\"},\"query-input\":{\"@type\":\"PropertyValueSpecification\",\"valueRequired\":true,\"valueName\":\"search_term_string\"}}],\"inLanguage\":\"en-GB\"},{\"@type\":\"Organization\",\"@id\":\"https:\\\/\\\/buletin.de\\\/bucuresti\\\/#organization\",\"name\":\"Buletin de Bucure\u0219ti\",\"url\":\"https:\\\/\\\/buletin.de\\\/bucuresti\\\/\",\"logo\":{\"@type\":\"ImageObject\",\"inLanguage\":\"en-GB\",\"@id\":\"https:\\\/\\\/buletin.de\\\/bucuresti\\\/#\\\/schema\\\/logo\\\/image\\\/\",\"url\":\"https:\\\/\\\/buletin.de\\\/bucuresti\\\/wp-content\\\/uploads\\\/logo-bdb-full-wide-vernil-transparent.png\",\"contentUrl\":\"https:\\\/\\\/buletin.de\\\/bucuresti\\\/wp-content\\\/uploads\\\/logo-bdb-full-wide-vernil-transparent.png\",\"width\":1782,\"height\":626,\"caption\":\"Buletin de Bucure\u0219ti\"},\"image\":{\"@id\":\"https:\\\/\\\/buletin.de\\\/bucuresti\\\/#\\\/schema\\\/logo\\\/image\\\/\"},\"sameAs\":[\"https:\\\/\\\/www.facebook.com\\\/buletin.de.buc\",\"https:\\\/\\\/www.instagram.com\\\/buletinde.bucuresti\\\/\"]},{\"@type\":\"Person\",\"@id\":\"https:\\\/\\\/buletin.de\\\/bucuresti\\\/#\\\/schema\\\/person\\\/ab174cf6711728e4ee83d672acf9a912\",\"name\":\"Adina C\u0103p\u00eelnean\",\"image\":{\"@type\":\"ImageObject\",\"inLanguage\":\"en-GB\",\"@id\":\"https:\\\/\\\/secure.gravatar.com\\\/avatar\\\/4fe9675d6282fd7c1aa4e486a037d532d5728fc16a30360f293eb6126b2e73ad?s=96&d=monsterid&r=ge2b23868508aec3460d3c6a11d3b599a\",\"url\":\"https:\\\/\\\/secure.gravatar.com\\\/avatar\\\/4fe9675d6282fd7c1aa4e486a037d532d5728fc16a30360f293eb6126b2e73ad?s=96&d=monsterid&r=g\",\"contentUrl\":\"https:\\\/\\\/secure.gravatar.com\\\/avatar\\\/4fe9675d6282fd7c1aa4e486a037d532d5728fc16a30360f293eb6126b2e73ad?s=96&d=monsterid&r=g\",\"caption\":\"Adina C\u0103p\u00eelnean\"},\"url\":\"https:\\\/\\\/buletin.de\\\/bucuresti\\\/author\\\/adinacapilnean\\\/\"}]}<\/script>\n<!-- \/ Yoast SEO Premium plugin. -->","yoast_head_json":{"title":"Ciprian Ciucu str\u00e2nge comercian\u021bii ambulan\u021bi la Tarabele Sociale - Buletin de Bucure\u0219ti","robots":{"index":"index","follow":"follow","max-snippet":"max-snippet:-1","max-image-preview":"max-image-preview:large","max-video-preview":"max-video-preview:-1"},"canonical":"https:\/\/buletin.de\/bucuresti\/ciprian-ciucu-strange-comerciantii-ambulanti-la-tarabele-sociale\/","og_locale":"en_GB","og_type":"article","og_title":"Ciprian Ciucu str\u00e2nge comercian\u021bii ambulan\u021bi la Tarabele Sociale","og_description":"\u00cen mai multe pie\u021be din sectorul 6 exist\u0103 a\u0219a-numitele \u201etarabe sociale\u201d, ni\u0219te tarabe pe care produc\u0103torii mici pot s\u0103 le foloseasc\u0103 \u00een mod gratuit pentru a-\u0219i vinde produsele. Modul \u00een care aceast\u0103 idee a fost executat\u0103 a creat discu\u021bii \u00een mediul online referitoare la portretizarea micilor produc\u0103tori, dar \u0219i despre atribuirile pe bani ale tarabelor.&nbsp; [&hellip;]","og_url":"https:\/\/buletin.de\/bucuresti\/ciprian-ciucu-strange-comerciantii-ambulanti-la-tarabele-sociale\/","og_site_name":"Buletin de Bucure\u0219ti","article_publisher":"https:\/\/www.facebook.com\/buletin.de.buc","article_published_time":"2023-04-24T05:40:09+00:00","article_modified_time":"2023-04-24T05:56:26+00:00","og_image":[{"width":960,"height":540,"url":"https:\/\/buletin.de\/bucuresti\/wp-content\/uploads\/pexels-tara-winstead-7723522-11.jpg","type":"image\/jpeg"}],"author":"Adina C\u0103p\u00eelnean","twitter_card":"summary_large_image","twitter_misc":{"Written by":"Adina C\u0103p\u00eelnean","Estimated reading time":"3 minutes"},"schema":{"@context":"https:\/\/schema.org","@graph":[{"@type":"Article","@id":"https:\/\/buletin.de\/bucuresti\/ciprian-ciucu-strange-comerciantii-ambulanti-la-tarabele-sociale\/#article","isPartOf":{"@id":"https:\/\/buletin.de\/bucuresti\/ciprian-ciucu-strange-comerciantii-ambulanti-la-tarabele-sociale\/"},"author":{"name":"Adina C\u0103p\u00eelnean","@id":"https:\/\/buletin.de\/bucuresti\/#\/schema\/person\/ab174cf6711728e4ee83d672acf9a912"},"headline":"Ciprian Ciucu str\u00e2nge comercian\u021bii ambulan\u021bi la Tarabele Sociale","datePublished":"2023-04-24T05:40:09+00:00","dateModified":"2023-04-24T05:56:26+00:00","mainEntityOfPage":{"@id":"https:\/\/buletin.de\/bucuresti\/ciprian-ciucu-strange-comerciantii-ambulanti-la-tarabele-sociale\/"},"wordCount":731,"publisher":{"@id":"https:\/\/buletin.de\/bucuresti\/#organization"},"image":{"@id":"https:\/\/buletin.de\/bucuresti\/ciprian-ciucu-strange-comerciantii-ambulanti-la-tarabele-sociale\/#primaryimage"},"thumbnailUrl":"https:\/\/buletin.de\/bucuresti\/wp-content\/uploads\/pexels-tara-winstead-7723522-11.jpg","articleSection":["\u0218tiri"],"inLanguage":"en-GB","copyrightYear":"2023","copyrightHolder":{"@id":"https:\/\/buletin.de\/bucuresti\/#organization"}},{"@type":"WebPage","@id":"https:\/\/buletin.de\/bucuresti\/ciprian-ciucu-strange-comerciantii-ambulanti-la-tarabele-sociale\/","url":"https:\/\/buletin.de\/bucuresti\/ciprian-ciucu-strange-comerciantii-ambulanti-la-tarabele-sociale\/","name":"Ciprian Ciucu str\u00e2nge comercian\u021bii ambulan\u021bi la Tarabele Sociale - Buletin de Bucure\u0219ti","isPartOf":{"@id":"https:\/\/buletin.de\/bucuresti\/#website"},"primaryImageOfPage":{"@id":"https:\/\/buletin.de\/bucuresti\/ciprian-ciucu-strange-comerciantii-ambulanti-la-tarabele-sociale\/#primaryimage"},"image":{"@id":"https:\/\/buletin.de\/bucuresti\/ciprian-ciucu-strange-comerciantii-ambulanti-la-tarabele-sociale\/#primaryimage"},"thumbnailUrl":"https:\/\/buletin.de\/bucuresti\/wp-content\/uploads\/pexels-tara-winstead-7723522-11.jpg","datePublished":"2023-04-24T05:40:09+00:00","dateModified":"2023-04-24T05:56:26+00:00","breadcrumb":{"@id":"https:\/\/buletin.de\/bucuresti\/ciprian-ciucu-strange-comerciantii-ambulanti-la-tarabele-sociale\/#breadcrumb"},"inLanguage":"en-GB","potentialAction":[{"@type":"ReadAction","target":["https:\/\/buletin.de\/bucuresti\/ciprian-ciucu-strange-comerciantii-ambulanti-la-tarabele-sociale\/"]}]},{"@type":"ImageObject","inLanguage":"en-GB","@id":"https:\/\/buletin.de\/bucuresti\/ciprian-ciucu-strange-comerciantii-ambulanti-la-tarabele-sociale\/#primaryimage","url":"https:\/\/buletin.de\/bucuresti\/wp-content\/uploads\/pexels-tara-winstead-7723522-11.jpg","contentUrl":"https:\/\/buletin.de\/bucuresti\/wp-content\/uploads\/pexels-tara-winstead-7723522-11.jpg","width":960,"height":540},{"@type":"BreadcrumbList","@id":"https:\/\/buletin.de\/bucuresti\/ciprian-ciucu-strange-comerciantii-ambulanti-la-tarabele-sociale\/#breadcrumb","itemListElement":[{"@type":"ListItem","position":1,"name":"Acas\u0103","item":"https:\/\/buletin.de\/bucuresti\/"},{"@type":"ListItem","position":2,"name":"Ciprian Ciucu str\u00e2nge comercian\u021bii ambulan\u021bi la Tarabele Sociale"}]},{"@type":"WebSite","@id":"https:\/\/buletin.de\/bucuresti\/#website","url":"https:\/\/buletin.de\/bucuresti\/","name":"Buletin de Bucure\u0219ti","description":"\u0218tiri \u0219i investiga\u021bii esen\u021biale din capital\u0103","publisher":{"@id":"https:\/\/buletin.de\/bucuresti\/#organization"},"potentialAction":[{"@type":"SearchAction","target":{"@type":"EntryPoint","urlTemplate":"https:\/\/buletin.de\/bucuresti\/?s={search_term_string}"},"query-input":{"@type":"PropertyValueSpecification","valueRequired":true,"valueName":"search_term_string"}}],"inLanguage":"en-GB"},{"@type":"Organization","@id":"https:\/\/buletin.de\/bucuresti\/#organization","name":"Buletin de Bucure\u0219ti","url":"https:\/\/buletin.de\/bucuresti\/","logo":{"@type":"ImageObject","inLanguage":"en-GB","@id":"https:\/\/buletin.de\/bucuresti\/#\/schema\/logo\/image\/","url":"https:\/\/buletin.de\/bucuresti\/wp-content\/uploads\/logo-bdb-full-wide-vernil-transparent.png","contentUrl":"https:\/\/buletin.de\/bucuresti\/wp-content\/uploads\/logo-bdb-full-wide-vernil-transparent.png","width":1782,"height":626,"caption":"Buletin de Bucure\u0219ti"},"image":{"@id":"https:\/\/buletin.de\/bucuresti\/#\/schema\/logo\/image\/"},"sameAs":["https:\/\/www.facebook.com\/buletin.de.buc","https:\/\/www.instagram.com\/buletinde.bucuresti\/"]},{"@type":"Person","@id":"https:\/\/buletin.de\/bucuresti\/#\/schema\/person\/ab174cf6711728e4ee83d672acf9a912","name":"Adina C\u0103p\u00eelnean","image":{"@type":"ImageObject","inLanguage":"en-GB","@id":"https:\/\/secure.gravatar.com\/avatar\/4fe9675d6282fd7c1aa4e486a037d532d5728fc16a30360f293eb6126b2e73ad?s=96&d=monsterid&r=ge2b23868508aec3460d3c6a11d3b599a","url":"https:\/\/secure.gravatar.com\/avatar\/4fe9675d6282fd7c1aa4e486a037d532d5728fc16a30360f293eb6126b2e73ad?s=96&d=monsterid&r=g","contentUrl":"https:\/\/secure.gravatar.com\/avatar\/4fe9675d6282fd7c1aa4e486a037d532d5728fc16a30360f293eb6126b2e73ad?s=96&d=monsterid&r=g","caption":"Adina C\u0103p\u00eelnean"},"url":"https:\/\/buletin.de\/bucuresti\/author\/adinacapilnean\/"}]}},"authors":[{"term_id":22580,"user_id":47,"is_guest":0,"slug":"adinacapilnean","display_name":"Adina C\u0103p\u00eelnean","avatar_url":"https:\/\/secure.gravatar.com\/avatar\/4fe9675d6282fd7c1aa4e486a037d532d5728fc16a30360f293eb6126b2e73ad?s=96&d=monsterid&r=g","0":null,"1":"","2":"","3":"","4":"","5":"","6":"","7":"","8":""}],"_links":{"self":[{"href":"https:\/\/buletin.de\/bucuresti\/wp-json\/wp\/v2\/posts\/57912","targetHints":{"allow":["GET"]}}],"collection":[{"href":"https:\/\/buletin.de\/bucuresti\/wp-json\/wp\/v2\/posts"}],"about":[{"href":"https:\/\/buletin.de\/bucuresti\/wp-json\/wp\/v2\/types\/post"}],"author":[{"embeddable":true,"href":"https:\/\/buletin.de\/bucuresti\/wp-json\/wp\/v2\/users\/47"}],"replies":[{"embeddable":true,"href":"https:\/\/buletin.de\/bucuresti\/wp-json\/wp\/v2\/comments?post=57912"}],"version-history":[{"count":5,"href":"https:\/\/buletin.de\/bucuresti\/wp-json\/wp\/v2\/posts\/57912\/revisions"}],"predecessor-version":[{"id":57921,"href":"https:\/\/buletin.de\/bucuresti\/wp-json\/wp\/v2\/posts\/57912\/revisions\/57921"}],"wp:featuredmedia":[{"embeddable":true,"href":"https:\/\/buletin.de\/bucuresti\/wp-json\/wp\/v2\/media\/57914"}],"wp:attachment":[{"href":"https:\/\/buletin.de\/bucuresti\/wp-json\/wp\/v2\/media?parent=57912"}],"wp:term":[{"taxonomy":"category","embeddable":true,"href":"https:\/\/buletin.de\/bucuresti\/wp-json\/wp\/v2\/categories?post=57912"},{"taxonomy":"post_tag","embeddable":true,"href":"https:\/\/buletin.de\/bucuresti\/wp-json\/wp\/v2\/tags?post=57912"},{"taxonomy":"author","embeddable":true,"href":"https:\/\/buletin.de\/bucuresti\/wp-json\/wp\/v2\/ppma_author?post=57912"}],"curies":[{"name":"wp","href":"https:\/\/api.w.org\/{rel}","templated":true}]}}