{"id":57885,"date":"2023-04-22T11:22:57","date_gmt":"2023-04-22T09:22:57","guid":{"rendered":"https:\/\/buletin.de\/bucuresti\/?p=57885"},"modified":"2023-04-22T18:35:45","modified_gmt":"2023-04-22T16:35:45","slug":"video-atac-cu-cutitul-intr-o-saormerie-din-sectorul-3-politia-cauta-atacatorul","status":"publish","type":"post","link":"https:\/\/buletin.de\/bucuresti\/video-atac-cu-cutitul-intr-o-saormerie-din-sectorul-3-politia-cauta-atacatorul\/","title":{"rendered":"Video | Atac cu cu\u021bitul \u00eentr-o \u0219aormerie din Sectorul 3. Poli\u021bia caut\u0103 atacatorul"},"content":{"rendered":"\n<p><strong>Update 2: B\u0103rbatul a fost re\u021binut pentru 24 de ore, sub aspectul s\u0103v\u00e2r\u0219irii infrac\u021biunilor de lovire sau alte violen\u021be \u0219i tulburarea ordinii \u0219i lini\u0219tii publice.<\/strong><\/p>\n\n\n\n<p><strong>Update: B\u0103rbatul b\u0103nuit de s\u0103v\u00e2r\u0219irea faptei s-a prezentat la Sec\u021bia 11. Sunt desf\u0103\u0219urate activit\u0103\u021bi procedurale \u00een acest moment, urm\u00e2nd a se rela\u021biona cu unitatea de parchet la finalul activit\u0103\u021bilor<\/strong>, <strong>transmite Poli\u021bia Capitalei.<\/strong><\/p>\n\n\n\n<p><strong>Angajatul unei \u0219aormerii din Sectorul 3 a fost atacat cu un cu\u021bit de un b\u0103rbat cu care a avut o discu\u021bie \u00een contradictoriu. Dup\u0103 incident, atacatorul a fugit \u0219i este c\u0103utat acum de Poli\u021bie.<\/strong><\/p>\n\n\n\n<figure class=\"wp-block-video\"><video height=\"480\" style=\"aspect-ratio: 848 \/ 480;\" width=\"848\" controls src=\"https:\/\/buletin.de\/bucuresti\/wp-content\/uploads\/WhatsApp-Video-2023-04-22-at-10.43.12.mp4\"><\/video><\/figure>\n\n\n\n<p>Atacul a avut loc \u00een \u0219aormeria B\u0103neasa, Calea Vitan. Conflictul a \u00eenceput dup\u0103 ce o femeie s-a ar\u0103tat nemul\u021bumit\u0103 de produsul cump\u0103rat \u0219i a avut o discu\u021bie \u00een contradictoriu cu angajatul de origine nepalez\u0103. Dup\u0103 10 minute, \u00een restaurant a intrat un b\u0103rbat pus pe scandal, care i-a dat o palm\u0103 nepalezului. \u0218i-au adresat injurii, i-a dat \u0219i nepalezul o palm\u0103 b\u0103rbatului. <\/p>\n\n\n\n<figure class=\"wp-block-video\"><video height=\"480\" style=\"aspect-ratio: 848 \/ 480;\" width=\"848\" controls src=\"https:\/\/buletin.de\/bucuresti\/wp-content\/uploads\/WhatsApp-Video-2023-04-22-at-10.43.13-1.mp4\"><\/video><\/figure>\n\n\n\n<p>Scandalul a degenerat. \u00cen imagini se vede cum, \u00eentr-un exces de furie, agresorul a scos un cu\u021bit \u0219i l-a atacat pe angajat, care a avut nevoie de \u00eengrijiri medicale, fiind transportat la spital.<\/p>\n\n\n\n<p>Dup\u0103 atac, agresorul a fugit. Poli\u021bia \u00eel caut\u0103 acum pe atacator.<\/p>\n","protected":false},"excerpt":{"rendered":"<p>Update 2: B\u0103rbatul a fost re\u021binut pentru 24 de ore, sub aspectul s\u0103v\u00e2r\u0219irii infrac\u021biunilor de lovire sau alte violen\u021be \u0219i tulburarea ordinii \u0219i lini\u0219tii publice. Update: B\u0103rbatul b\u0103nuit de s\u0103v\u00e2r\u0219irea faptei s-a prezentat la Sec\u021bia 11. Sunt desf\u0103\u0219urate activit\u0103\u021bi procedurale \u00een acest moment, urm\u00e2nd a se rela\u021biona cu unitatea de parchet la finalul activit\u0103\u021bilor, transmite [&hellip;]<\/p>\n","protected":false},"author":46,"featured_media":57887,"comment_status":"closed","ping_status":"open","sticky":false,"template":"","format":"standard","meta":{"_acf_changed":false,"inline_featured_image":false,"ngg_post_thumbnail":0,"footnotes":""},"categories":[62],"tags":[],"ppma_author":[22605],"class_list":["post-57885","post","type-post","status-publish","format-standard","has-post-thumbnail","hentry","category-stiri"],"acf":[],"yoast_head":"<!-- This site is optimized with the Yoast SEO Premium plugin v25.3 (Yoast SEO v27.5) - https:\/\/yoast.com\/product\/yoast-seo-premium-wordpress\/ -->\n<title>Video | Atac cu cu\u021bitul \u00eentr-o \u0219aormerie din Sectorul 3. Poli\u021bia caut\u0103 atacatorul - Buletin de Bucure\u0219ti<\/title>\n<meta name=\"robots\" content=\"index, follow, max-snippet:-1, max-image-preview:large, max-video-preview:-1\" \/>\n<link rel=\"canonical\" href=\"https:\/\/buletin.de\/bucuresti\/video-atac-cu-cutitul-intr-o-saormerie-din-sectorul-3-politia-cauta-atacatorul\/\" \/>\n<meta property=\"og:locale\" content=\"en_GB\" \/>\n<meta property=\"og:type\" content=\"article\" \/>\n<meta property=\"og:title\" content=\"Video | Atac cu cu\u021bitul \u00eentr-o \u0219aormerie din Sectorul 3. Poli\u021bia caut\u0103 atacatorul\" \/>\n<meta property=\"og:description\" content=\"Update 2: B\u0103rbatul a fost re\u021binut pentru 24 de ore, sub aspectul s\u0103v\u00e2r\u0219irii infrac\u021biunilor de lovire sau alte violen\u021be \u0219i tulburarea ordinii \u0219i lini\u0219tii publice. Update: B\u0103rbatul b\u0103nuit de s\u0103v\u00e2r\u0219irea faptei s-a prezentat la Sec\u021bia 11. Sunt desf\u0103\u0219urate activit\u0103\u021bi procedurale \u00een acest moment, urm\u00e2nd a se rela\u021biona cu unitatea de parchet la finalul activit\u0103\u021bilor, transmite [&hellip;]\" \/>\n<meta property=\"og:url\" content=\"https:\/\/buletin.de\/bucuresti\/video-atac-cu-cutitul-intr-o-saormerie-din-sectorul-3-politia-cauta-atacatorul\/\" \/>\n<meta property=\"og:site_name\" content=\"Buletin de Bucure\u0219ti\" \/>\n<meta property=\"article:publisher\" content=\"https:\/\/www.facebook.com\/buletin.de.buc\" \/>\n<meta property=\"article:published_time\" content=\"2023-04-22T09:22:57+00:00\" \/>\n<meta property=\"article:modified_time\" content=\"2023-04-22T16:35:45+00:00\" \/>\n<meta property=\"og:image\" content=\"https:\/\/buletin.de\/bucuresti\/wp-content\/uploads\/WhatsApp-Image-2023-04-22-at-11.27.13.jpeg\" \/>\n\t<meta property=\"og:image:width\" content=\"2048\" \/>\n\t<meta property=\"og:image:height\" content=\"1480\" \/>\n\t<meta property=\"og:image:type\" content=\"image\/jpeg\" \/>\n<meta name=\"author\" content=\"Andreea Gelatu\" \/>\n<meta name=\"twitter:card\" content=\"summary_large_image\" \/>\n<meta name=\"twitter:label1\" content=\"Written by\" \/>\n\t<meta name=\"twitter:data1\" content=\"Andreea Gelatu\" \/>\n\t<meta name=\"twitter:label2\" content=\"Estimated reading time\" \/>\n\t<meta name=\"twitter:data2\" content=\"1 minute\" \/>\n<script type=\"application\/ld+json\" class=\"yoast-schema-graph\">{\"@context\":\"https:\\\/\\\/schema.org\",\"@graph\":[{\"@type\":\"Article\",\"@id\":\"https:\\\/\\\/buletin.de\\\/bucuresti\\\/video-atac-cu-cutitul-intr-o-saormerie-din-sectorul-3-politia-cauta-atacatorul\\\/#article\",\"isPartOf\":{\"@id\":\"https:\\\/\\\/buletin.de\\\/bucuresti\\\/video-atac-cu-cutitul-intr-o-saormerie-din-sectorul-3-politia-cauta-atacatorul\\\/\"},\"author\":{\"name\":\"Andreea Gelatu\",\"@id\":\"https:\\\/\\\/buletin.de\\\/bucuresti\\\/#\\\/schema\\\/person\\\/87734700b2c7f8608881f7e93b8834de\"},\"headline\":\"Video | Atac cu cu\u021bitul \u00eentr-o \u0219aormerie din Sectorul 3. Poli\u021bia caut\u0103 atacatorul\",\"datePublished\":\"2023-04-22T09:22:57+00:00\",\"dateModified\":\"2023-04-22T16:35:45+00:00\",\"mainEntityOfPage\":{\"@id\":\"https:\\\/\\\/buletin.de\\\/bucuresti\\\/video-atac-cu-cutitul-intr-o-saormerie-din-sectorul-3-politia-cauta-atacatorul\\\/\"},\"wordCount\":239,\"publisher\":{\"@id\":\"https:\\\/\\\/buletin.de\\\/bucuresti\\\/#organization\"},\"image\":{\"@id\":\"https:\\\/\\\/buletin.de\\\/bucuresti\\\/video-atac-cu-cutitul-intr-o-saormerie-din-sectorul-3-politia-cauta-atacatorul\\\/#primaryimage\"},\"thumbnailUrl\":\"https:\\\/\\\/buletin.de\\\/bucuresti\\\/wp-content\\\/uploads\\\/WhatsApp-Image-2023-04-22-at-11.27.13.jpeg\",\"articleSection\":[\"\u0218tiri\"],\"inLanguage\":\"en-GB\",\"copyrightYear\":\"2023\",\"copyrightHolder\":{\"@id\":\"https:\\\/\\\/buletin.de\\\/bucuresti\\\/#organization\"}},{\"@type\":\"WebPage\",\"@id\":\"https:\\\/\\\/buletin.de\\\/bucuresti\\\/video-atac-cu-cutitul-intr-o-saormerie-din-sectorul-3-politia-cauta-atacatorul\\\/\",\"url\":\"https:\\\/\\\/buletin.de\\\/bucuresti\\\/video-atac-cu-cutitul-intr-o-saormerie-din-sectorul-3-politia-cauta-atacatorul\\\/\",\"name\":\"Video | Atac cu cu\u021bitul \u00eentr-o \u0219aormerie din Sectorul 3. Poli\u021bia caut\u0103 atacatorul - Buletin de Bucure\u0219ti\",\"isPartOf\":{\"@id\":\"https:\\\/\\\/buletin.de\\\/bucuresti\\\/#website\"},\"primaryImageOfPage\":{\"@id\":\"https:\\\/\\\/buletin.de\\\/bucuresti\\\/video-atac-cu-cutitul-intr-o-saormerie-din-sectorul-3-politia-cauta-atacatorul\\\/#primaryimage\"},\"image\":{\"@id\":\"https:\\\/\\\/buletin.de\\\/bucuresti\\\/video-atac-cu-cutitul-intr-o-saormerie-din-sectorul-3-politia-cauta-atacatorul\\\/#primaryimage\"},\"thumbnailUrl\":\"https:\\\/\\\/buletin.de\\\/bucuresti\\\/wp-content\\\/uploads\\\/WhatsApp-Image-2023-04-22-at-11.27.13.jpeg\",\"datePublished\":\"2023-04-22T09:22:57+00:00\",\"dateModified\":\"2023-04-22T16:35:45+00:00\",\"breadcrumb\":{\"@id\":\"https:\\\/\\\/buletin.de\\\/bucuresti\\\/video-atac-cu-cutitul-intr-o-saormerie-din-sectorul-3-politia-cauta-atacatorul\\\/#breadcrumb\"},\"inLanguage\":\"en-GB\",\"potentialAction\":[{\"@type\":\"ReadAction\",\"target\":[\"https:\\\/\\\/buletin.de\\\/bucuresti\\\/video-atac-cu-cutitul-intr-o-saormerie-din-sectorul-3-politia-cauta-atacatorul\\\/\"]}]},{\"@type\":\"ImageObject\",\"inLanguage\":\"en-GB\",\"@id\":\"https:\\\/\\\/buletin.de\\\/bucuresti\\\/video-atac-cu-cutitul-intr-o-saormerie-din-sectorul-3-politia-cauta-atacatorul\\\/#primaryimage\",\"url\":\"https:\\\/\\\/buletin.de\\\/bucuresti\\\/wp-content\\\/uploads\\\/WhatsApp-Image-2023-04-22-at-11.27.13.jpeg\",\"contentUrl\":\"https:\\\/\\\/buletin.de\\\/bucuresti\\\/wp-content\\\/uploads\\\/WhatsApp-Image-2023-04-22-at-11.27.13.jpeg\",\"width\":2048,\"height\":1480},{\"@type\":\"BreadcrumbList\",\"@id\":\"https:\\\/\\\/buletin.de\\\/bucuresti\\\/video-atac-cu-cutitul-intr-o-saormerie-din-sectorul-3-politia-cauta-atacatorul\\\/#breadcrumb\",\"itemListElement\":[{\"@type\":\"ListItem\",\"position\":1,\"name\":\"Acas\u0103\",\"item\":\"https:\\\/\\\/buletin.de\\\/bucuresti\\\/\"},{\"@type\":\"ListItem\",\"position\":2,\"name\":\"Video | Atac cu cu\u021bitul \u00eentr-o \u0219aormerie din Sectorul 3. Poli\u021bia caut\u0103 atacatorul\"}]},{\"@type\":\"WebSite\",\"@id\":\"https:\\\/\\\/buletin.de\\\/bucuresti\\\/#website\",\"url\":\"https:\\\/\\\/buletin.de\\\/bucuresti\\\/\",\"name\":\"Buletin de Bucure\u0219ti\",\"description\":\"\u0218tiri \u0219i investiga\u021bii esen\u021biale din capital\u0103\",\"publisher\":{\"@id\":\"https:\\\/\\\/buletin.de\\\/bucuresti\\\/#organization\"},\"potentialAction\":[{\"@type\":\"SearchAction\",\"target\":{\"@type\":\"EntryPoint\",\"urlTemplate\":\"https:\\\/\\\/buletin.de\\\/bucuresti\\\/?s={search_term_string}\"},\"query-input\":{\"@type\":\"PropertyValueSpecification\",\"valueRequired\":true,\"valueName\":\"search_term_string\"}}],\"inLanguage\":\"en-GB\"},{\"@type\":\"Organization\",\"@id\":\"https:\\\/\\\/buletin.de\\\/bucuresti\\\/#organization\",\"name\":\"Buletin de Bucure\u0219ti\",\"url\":\"https:\\\/\\\/buletin.de\\\/bucuresti\\\/\",\"logo\":{\"@type\":\"ImageObject\",\"inLanguage\":\"en-GB\",\"@id\":\"https:\\\/\\\/buletin.de\\\/bucuresti\\\/#\\\/schema\\\/logo\\\/image\\\/\",\"url\":\"https:\\\/\\\/buletin.de\\\/bucuresti\\\/wp-content\\\/uploads\\\/logo-bdb-full-wide-vernil-transparent.png\",\"contentUrl\":\"https:\\\/\\\/buletin.de\\\/bucuresti\\\/wp-content\\\/uploads\\\/logo-bdb-full-wide-vernil-transparent.png\",\"width\":1782,\"height\":626,\"caption\":\"Buletin de Bucure\u0219ti\"},\"image\":{\"@id\":\"https:\\\/\\\/buletin.de\\\/bucuresti\\\/#\\\/schema\\\/logo\\\/image\\\/\"},\"sameAs\":[\"https:\\\/\\\/www.facebook.com\\\/buletin.de.buc\",\"https:\\\/\\\/www.instagram.com\\\/buletinde.bucuresti\\\/\"]},{\"@type\":\"Person\",\"@id\":\"https:\\\/\\\/buletin.de\\\/bucuresti\\\/#\\\/schema\\\/person\\\/87734700b2c7f8608881f7e93b8834de\",\"name\":\"Andreea Gelatu\",\"image\":{\"@type\":\"ImageObject\",\"inLanguage\":\"en-GB\",\"@id\":\"https:\\\/\\\/secure.gravatar.com\\\/avatar\\\/b716eca2f984b9b65bdd87118b4b909d940b619cbe6e8cb725fe11c1b1f4194f?s=96&d=monsterid&r=g9b5eff4996c6b842a29b3057a7b4746f\",\"url\":\"https:\\\/\\\/secure.gravatar.com\\\/avatar\\\/b716eca2f984b9b65bdd87118b4b909d940b619cbe6e8cb725fe11c1b1f4194f?s=96&d=monsterid&r=g\",\"contentUrl\":\"https:\\\/\\\/secure.gravatar.com\\\/avatar\\\/b716eca2f984b9b65bdd87118b4b909d940b619cbe6e8cb725fe11c1b1f4194f?s=96&d=monsterid&r=g\",\"caption\":\"Andreea Gelatu\"},\"url\":\"https:\\\/\\\/buletin.de\\\/bucuresti\\\/author\\\/andreeagelatu\\\/\"}]}<\/script>\n<!-- \/ Yoast SEO Premium plugin. -->","yoast_head_json":{"title":"Video | Atac cu cu\u021bitul \u00eentr-o \u0219aormerie din Sectorul 3. Poli\u021bia caut\u0103 atacatorul - Buletin de Bucure\u0219ti","robots":{"index":"index","follow":"follow","max-snippet":"max-snippet:-1","max-image-preview":"max-image-preview:large","max-video-preview":"max-video-preview:-1"},"canonical":"https:\/\/buletin.de\/bucuresti\/video-atac-cu-cutitul-intr-o-saormerie-din-sectorul-3-politia-cauta-atacatorul\/","og_locale":"en_GB","og_type":"article","og_title":"Video | Atac cu cu\u021bitul \u00eentr-o \u0219aormerie din Sectorul 3. Poli\u021bia caut\u0103 atacatorul","og_description":"Update 2: B\u0103rbatul a fost re\u021binut pentru 24 de ore, sub aspectul s\u0103v\u00e2r\u0219irii infrac\u021biunilor de lovire sau alte violen\u021be \u0219i tulburarea ordinii \u0219i lini\u0219tii publice. Update: B\u0103rbatul b\u0103nuit de s\u0103v\u00e2r\u0219irea faptei s-a prezentat la Sec\u021bia 11. Sunt desf\u0103\u0219urate activit\u0103\u021bi procedurale \u00een acest moment, urm\u00e2nd a se rela\u021biona cu unitatea de parchet la finalul activit\u0103\u021bilor, transmite [&hellip;]","og_url":"https:\/\/buletin.de\/bucuresti\/video-atac-cu-cutitul-intr-o-saormerie-din-sectorul-3-politia-cauta-atacatorul\/","og_site_name":"Buletin de Bucure\u0219ti","article_publisher":"https:\/\/www.facebook.com\/buletin.de.buc","article_published_time":"2023-04-22T09:22:57+00:00","article_modified_time":"2023-04-22T16:35:45+00:00","og_image":[{"width":2048,"height":1480,"url":"https:\/\/buletin.de\/bucuresti\/wp-content\/uploads\/WhatsApp-Image-2023-04-22-at-11.27.13.jpeg","type":"image\/jpeg"}],"author":"Andreea Gelatu","twitter_card":"summary_large_image","twitter_misc":{"Written by":"Andreea Gelatu","Estimated reading time":"1 minute"},"schema":{"@context":"https:\/\/schema.org","@graph":[{"@type":"Article","@id":"https:\/\/buletin.de\/bucuresti\/video-atac-cu-cutitul-intr-o-saormerie-din-sectorul-3-politia-cauta-atacatorul\/#article","isPartOf":{"@id":"https:\/\/buletin.de\/bucuresti\/video-atac-cu-cutitul-intr-o-saormerie-din-sectorul-3-politia-cauta-atacatorul\/"},"author":{"name":"Andreea Gelatu","@id":"https:\/\/buletin.de\/bucuresti\/#\/schema\/person\/87734700b2c7f8608881f7e93b8834de"},"headline":"Video | Atac cu cu\u021bitul \u00eentr-o \u0219aormerie din Sectorul 3. Poli\u021bia caut\u0103 atacatorul","datePublished":"2023-04-22T09:22:57+00:00","dateModified":"2023-04-22T16:35:45+00:00","mainEntityOfPage":{"@id":"https:\/\/buletin.de\/bucuresti\/video-atac-cu-cutitul-intr-o-saormerie-din-sectorul-3-politia-cauta-atacatorul\/"},"wordCount":239,"publisher":{"@id":"https:\/\/buletin.de\/bucuresti\/#organization"},"image":{"@id":"https:\/\/buletin.de\/bucuresti\/video-atac-cu-cutitul-intr-o-saormerie-din-sectorul-3-politia-cauta-atacatorul\/#primaryimage"},"thumbnailUrl":"https:\/\/buletin.de\/bucuresti\/wp-content\/uploads\/WhatsApp-Image-2023-04-22-at-11.27.13.jpeg","articleSection":["\u0218tiri"],"inLanguage":"en-GB","copyrightYear":"2023","copyrightHolder":{"@id":"https:\/\/buletin.de\/bucuresti\/#organization"}},{"@type":"WebPage","@id":"https:\/\/buletin.de\/bucuresti\/video-atac-cu-cutitul-intr-o-saormerie-din-sectorul-3-politia-cauta-atacatorul\/","url":"https:\/\/buletin.de\/bucuresti\/video-atac-cu-cutitul-intr-o-saormerie-din-sectorul-3-politia-cauta-atacatorul\/","name":"Video | Atac cu cu\u021bitul \u00eentr-o \u0219aormerie din Sectorul 3. Poli\u021bia caut\u0103 atacatorul - Buletin de Bucure\u0219ti","isPartOf":{"@id":"https:\/\/buletin.de\/bucuresti\/#website"},"primaryImageOfPage":{"@id":"https:\/\/buletin.de\/bucuresti\/video-atac-cu-cutitul-intr-o-saormerie-din-sectorul-3-politia-cauta-atacatorul\/#primaryimage"},"image":{"@id":"https:\/\/buletin.de\/bucuresti\/video-atac-cu-cutitul-intr-o-saormerie-din-sectorul-3-politia-cauta-atacatorul\/#primaryimage"},"thumbnailUrl":"https:\/\/buletin.de\/bucuresti\/wp-content\/uploads\/WhatsApp-Image-2023-04-22-at-11.27.13.jpeg","datePublished":"2023-04-22T09:22:57+00:00","dateModified":"2023-04-22T16:35:45+00:00","breadcrumb":{"@id":"https:\/\/buletin.de\/bucuresti\/video-atac-cu-cutitul-intr-o-saormerie-din-sectorul-3-politia-cauta-atacatorul\/#breadcrumb"},"inLanguage":"en-GB","potentialAction":[{"@type":"ReadAction","target":["https:\/\/buletin.de\/bucuresti\/video-atac-cu-cutitul-intr-o-saormerie-din-sectorul-3-politia-cauta-atacatorul\/"]}]},{"@type":"ImageObject","inLanguage":"en-GB","@id":"https:\/\/buletin.de\/bucuresti\/video-atac-cu-cutitul-intr-o-saormerie-din-sectorul-3-politia-cauta-atacatorul\/#primaryimage","url":"https:\/\/buletin.de\/bucuresti\/wp-content\/uploads\/WhatsApp-Image-2023-04-22-at-11.27.13.jpeg","contentUrl":"https:\/\/buletin.de\/bucuresti\/wp-content\/uploads\/WhatsApp-Image-2023-04-22-at-11.27.13.jpeg","width":2048,"height":1480},{"@type":"BreadcrumbList","@id":"https:\/\/buletin.de\/bucuresti\/video-atac-cu-cutitul-intr-o-saormerie-din-sectorul-3-politia-cauta-atacatorul\/#breadcrumb","itemListElement":[{"@type":"ListItem","position":1,"name":"Acas\u0103","item":"https:\/\/buletin.de\/bucuresti\/"},{"@type":"ListItem","position":2,"name":"Video | Atac cu cu\u021bitul \u00eentr-o \u0219aormerie din Sectorul 3. Poli\u021bia caut\u0103 atacatorul"}]},{"@type":"WebSite","@id":"https:\/\/buletin.de\/bucuresti\/#website","url":"https:\/\/buletin.de\/bucuresti\/","name":"Buletin de Bucure\u0219ti","description":"\u0218tiri \u0219i investiga\u021bii esen\u021biale din capital\u0103","publisher":{"@id":"https:\/\/buletin.de\/bucuresti\/#organization"},"potentialAction":[{"@type":"SearchAction","target":{"@type":"EntryPoint","urlTemplate":"https:\/\/buletin.de\/bucuresti\/?s={search_term_string}"},"query-input":{"@type":"PropertyValueSpecification","valueRequired":true,"valueName":"search_term_string"}}],"inLanguage":"en-GB"},{"@type":"Organization","@id":"https:\/\/buletin.de\/bucuresti\/#organization","name":"Buletin de Bucure\u0219ti","url":"https:\/\/buletin.de\/bucuresti\/","logo":{"@type":"ImageObject","inLanguage":"en-GB","@id":"https:\/\/buletin.de\/bucuresti\/#\/schema\/logo\/image\/","url":"https:\/\/buletin.de\/bucuresti\/wp-content\/uploads\/logo-bdb-full-wide-vernil-transparent.png","contentUrl":"https:\/\/buletin.de\/bucuresti\/wp-content\/uploads\/logo-bdb-full-wide-vernil-transparent.png","width":1782,"height":626,"caption":"Buletin de Bucure\u0219ti"},"image":{"@id":"https:\/\/buletin.de\/bucuresti\/#\/schema\/logo\/image\/"},"sameAs":["https:\/\/www.facebook.com\/buletin.de.buc","https:\/\/www.instagram.com\/buletinde.bucuresti\/"]},{"@type":"Person","@id":"https:\/\/buletin.de\/bucuresti\/#\/schema\/person\/87734700b2c7f8608881f7e93b8834de","name":"Andreea Gelatu","image":{"@type":"ImageObject","inLanguage":"en-GB","@id":"https:\/\/secure.gravatar.com\/avatar\/b716eca2f984b9b65bdd87118b4b909d940b619cbe6e8cb725fe11c1b1f4194f?s=96&d=monsterid&r=g9b5eff4996c6b842a29b3057a7b4746f","url":"https:\/\/secure.gravatar.com\/avatar\/b716eca2f984b9b65bdd87118b4b909d940b619cbe6e8cb725fe11c1b1f4194f?s=96&d=monsterid&r=g","contentUrl":"https:\/\/secure.gravatar.com\/avatar\/b716eca2f984b9b65bdd87118b4b909d940b619cbe6e8cb725fe11c1b1f4194f?s=96&d=monsterid&r=g","caption":"Andreea Gelatu"},"url":"https:\/\/buletin.de\/bucuresti\/author\/andreeagelatu\/"}]}},"authors":[{"term_id":22605,"user_id":46,"is_guest":0,"slug":"andreeagelatu","display_name":"Andreea Gelatu","avatar_url":"https:\/\/secure.gravatar.com\/avatar\/b716eca2f984b9b65bdd87118b4b909d940b619cbe6e8cb725fe11c1b1f4194f?s=96&d=monsterid&r=g","0":null,"1":"","2":"","3":"","4":"","5":"","6":"","7":"","8":""}],"_links":{"self":[{"href":"https:\/\/buletin.de\/bucuresti\/wp-json\/wp\/v2\/posts\/57885","targetHints":{"allow":["GET"]}}],"collection":[{"href":"https:\/\/buletin.de\/bucuresti\/wp-json\/wp\/v2\/posts"}],"about":[{"href":"https:\/\/buletin.de\/bucuresti\/wp-json\/wp\/v2\/types\/post"}],"author":[{"embeddable":true,"href":"https:\/\/buletin.de\/bucuresti\/wp-json\/wp\/v2\/users\/46"}],"replies":[{"embeddable":true,"href":"https:\/\/buletin.de\/bucuresti\/wp-json\/wp\/v2\/comments?post=57885"}],"version-history":[{"count":4,"href":"https:\/\/buletin.de\/bucuresti\/wp-json\/wp\/v2\/posts\/57885\/revisions"}],"predecessor-version":[{"id":57908,"href":"https:\/\/buletin.de\/bucuresti\/wp-json\/wp\/v2\/posts\/57885\/revisions\/57908"}],"wp:featuredmedia":[{"embeddable":true,"href":"https:\/\/buletin.de\/bucuresti\/wp-json\/wp\/v2\/media\/57887"}],"wp:attachment":[{"href":"https:\/\/buletin.de\/bucuresti\/wp-json\/wp\/v2\/media?parent=57885"}],"wp:term":[{"taxonomy":"category","embeddable":true,"href":"https:\/\/buletin.de\/bucuresti\/wp-json\/wp\/v2\/categories?post=57885"},{"taxonomy":"post_tag","embeddable":true,"href":"https:\/\/buletin.de\/bucuresti\/wp-json\/wp\/v2\/tags?post=57885"},{"taxonomy":"author","embeddable":true,"href":"https:\/\/buletin.de\/bucuresti\/wp-json\/wp\/v2\/ppma_author?post=57885"}],"curies":[{"name":"wp","href":"https:\/\/api.w.org\/{rel}","templated":true}]}}