{"id":57864,"date":"2023-04-22T11:20:08","date_gmt":"2023-04-22T09:20:08","guid":{"rendered":"https:\/\/buletin.de\/bucuresti\/?p=57864"},"modified":"2023-04-22T16:20:51","modified_gmt":"2023-04-22T14:20:51","slug":"un-cioban-a-fost-ajutat-de-jandarmii-bucuresteni-sa-ajunga-in-galati-dupa-ce-a-parcurs-130-de-km-pe-jos","status":"publish","type":"post","link":"https:\/\/buletin.de\/bucuresti\/un-cioban-a-fost-ajutat-de-jandarmii-bucuresteni-sa-ajunga-in-galati-dupa-ce-a-parcurs-130-de-km-pe-jos\/","title":{"rendered":"Un cioban a fost ajutat de jandarmii bucure\u0219teni s\u0103 ajung\u0103 \u00een Gala\u021bi dup\u0103 ce a parcurs 130 de km pe jos"},"content":{"rendered":"\n<p><strong>Un cioban, \u00een v\u00e2rst\u0103 de 63 de ani, r\u0103t\u0103cit pe str\u0103zile din Capital\u0103, a fost ajutat de jandarmii bucure\u0219teni s\u0103 ajung\u0103 acas\u0103, \u00een Gala\u021bi. B\u0103rbatul plecase din Gala\u021bi \u00een Zimnicea s\u0103 lucreze ca cioban. Din cauza condi\u021biilor de munc\u0103 \u0219i pentru c\u0103 nu a fost pl\u0103tit, a decis s\u0103 mearg\u0103 pe jos spre Bucure\u0219ti, parcurg\u00e2nd 130 de km.<\/strong><\/p>\n\n\n\n<figure class=\"wp-block-image size-large\"><img fetchpriority=\"high\" decoding=\"async\" width=\"900\" height=\"675\" src=\"data:image\/gif;base64,R0lGODlhAQABAAAAACH5BAEKAAEALAAAAAABAAEAAAICTAEAOw==\" data-src=\"https:\/\/buletin.de\/bucuresti\/wp-content\/uploads\/342210246_780412273648224_3942200687432406474_n-1-900x675.jpg\" alt=\"\" class=\"wp-image-57869 lazyload\" data-sizes=\"auto\" data-srcset=\"https:\/\/buletin.de\/bucuresti\/wp-content\/uploads\/342210246_780412273648224_3942200687432406474_n-1-900x675.jpg 900w, https:\/\/buletin.de\/bucuresti\/wp-content\/uploads\/342210246_780412273648224_3942200687432406474_n-1-300x225.jpg 300w, https:\/\/buletin.de\/bucuresti\/wp-content\/uploads\/342210246_780412273648224_3942200687432406474_n-1-768x576.jpg 768w, https:\/\/buletin.de\/bucuresti\/wp-content\/uploads\/342210246_780412273648224_3942200687432406474_n-1-1536x1152.jpg 1536w, https:\/\/buletin.de\/bucuresti\/wp-content\/uploads\/342210246_780412273648224_3942200687432406474_n-1-1060x795.jpg 1060w, https:\/\/buletin.de\/bucuresti\/wp-content\/uploads\/342210246_780412273648224_3942200687432406474_n-1-550x413.jpg 550w, https:\/\/buletin.de\/bucuresti\/wp-content\/uploads\/342210246_780412273648224_3942200687432406474_n-1-667x500.jpg 667w, https:\/\/buletin.de\/bucuresti\/wp-content\/uploads\/342210246_780412273648224_3942200687432406474_n-1-1920x1440.jpg 1920w, https:\/\/buletin.de\/bucuresti\/wp-content\/uploads\/342210246_780412273648224_3942200687432406474_n-1-1440x1080.jpg 1440w, https:\/\/buletin.de\/bucuresti\/wp-content\/uploads\/342210246_780412273648224_3942200687432406474_n-1-600x450.jpg 600w, https:\/\/buletin.de\/bucuresti\/wp-content\/uploads\/342210246_780412273648224_3942200687432406474_n-1.jpg 2048w\" sizes=\"(max-width: 900px) 100vw, 900px\" \/><\/figure>\n\n\n\n<p>Ciobanul de 63 de ani a parcurs 130 de km pe jos \u00een 4 zile. Ajuns la Bucure\u0219ti, s-a \u00eent\u00e2lnit cu jandarmii,   care au fost impresiona\u021bi de povestea acestuia. B\u0103rbatul le-a spus c\u0103 nu are bani de bilet de tren \u0219i c\u0103 vrea s\u0103 ajung\u0103 acas\u0103, la familia lui. \u00cen cele 4 zile, a dormit pe str\u0103zi \u0219i a apelat la mila oamenilor pentru hran\u0103. Plecase din Gala\u021bi s\u0103 lucreze ca cioban la o st\u00e2n\u0103 din Zimnicea, dar din cauza condi\u021biilor \u0219i pentru c\u0103 nu a fost pl\u0103tit de angajator, a plecat pe jos spre Bucure\u0219ti.<\/p>\n\n\n\n<figure class=\"wp-block-image size-large\"><img decoding=\"async\" width=\"675\" height=\"900\" src=\"data:image\/gif;base64,R0lGODlhAQABAAAAACH5BAEKAAEALAAAAAABAAEAAAICTAEAOw==\" data-src=\"https:\/\/buletin.de\/bucuresti\/wp-content\/uploads\/342210216_148274411329716_1442994800015419281_n-675x900.jpg\" alt=\"\" class=\"wp-image-57866 lazyload\" data-sizes=\"auto\" data-srcset=\"https:\/\/buletin.de\/bucuresti\/wp-content\/uploads\/342210216_148274411329716_1442994800015419281_n-675x900.jpg 675w, https:\/\/buletin.de\/bucuresti\/wp-content\/uploads\/342210216_148274411329716_1442994800015419281_n-225x300.jpg 225w, https:\/\/buletin.de\/bucuresti\/wp-content\/uploads\/342210216_148274411329716_1442994800015419281_n-768x1024.jpg 768w, https:\/\/buletin.de\/bucuresti\/wp-content\/uploads\/342210216_148274411329716_1442994800015419281_n-1152x1536.jpg 1152w, https:\/\/buletin.de\/bucuresti\/wp-content\/uploads\/342210216_148274411329716_1442994800015419281_n-1060x1413.jpg 1060w, https:\/\/buletin.de\/bucuresti\/wp-content\/uploads\/342210216_148274411329716_1442994800015419281_n-550x733.jpg 550w, https:\/\/buletin.de\/bucuresti\/wp-content\/uploads\/342210216_148274411329716_1442994800015419281_n-375x500.jpg 375w, https:\/\/buletin.de\/bucuresti\/wp-content\/uploads\/342210216_148274411329716_1442994800015419281_n-810x1080.jpg 810w, https:\/\/buletin.de\/bucuresti\/wp-content\/uploads\/342210216_148274411329716_1442994800015419281_n-600x800.jpg 600w, https:\/\/buletin.de\/bucuresti\/wp-content\/uploads\/342210216_148274411329716_1442994800015419281_n.jpg 1536w\" sizes=\"(max-width: 675px) 100vw, 675px\" \/><\/figure>\n\n\n\n<p>Jandarmii nu au stat pe g\u00e2nduri \u0219i au ac\u021bionat de \u00eendat\u0103. Au pus m\u00e2n\u0103 de la m\u00e2n\u0103 \u0219i i-au cump\u0103rat bilet de tren domnului Aftene. L-au urcat \u00een ma\u0219ina Jandarmeriei \u0219i au mers \u00eempreun\u0103 la Gara de Nord. I-au cump\u0103rat m\u00e2ncare \u0219i l-au condus la trenul care \u00eel ducea acas\u0103.<\/p>\n\n\n\n<figure class=\"wp-block-image size-large\"><img decoding=\"async\" width=\"675\" height=\"900\" src=\"data:image\/gif;base64,R0lGODlhAQABAAAAACH5BAEKAAEALAAAAAABAAEAAAICTAEAOw==\" data-src=\"https:\/\/buletin.de\/bucuresti\/wp-content\/uploads\/342569245_1391430781692304_188421845735963712_n-1-675x900.jpg\" alt=\"\" class=\"wp-image-57878 lazyload\" data-sizes=\"auto\" data-srcset=\"https:\/\/buletin.de\/bucuresti\/wp-content\/uploads\/342569245_1391430781692304_188421845735963712_n-1-675x900.jpg 675w, https:\/\/buletin.de\/bucuresti\/wp-content\/uploads\/342569245_1391430781692304_188421845735963712_n-1-225x300.jpg 225w, https:\/\/buletin.de\/bucuresti\/wp-content\/uploads\/342569245_1391430781692304_188421845735963712_n-1-768x1024.jpg 768w, https:\/\/buletin.de\/bucuresti\/wp-content\/uploads\/342569245_1391430781692304_188421845735963712_n-1-1152x1536.jpg 1152w, https:\/\/buletin.de\/bucuresti\/wp-content\/uploads\/342569245_1391430781692304_188421845735963712_n-1-1060x1413.jpg 1060w, https:\/\/buletin.de\/bucuresti\/wp-content\/uploads\/342569245_1391430781692304_188421845735963712_n-1-550x733.jpg 550w, https:\/\/buletin.de\/bucuresti\/wp-content\/uploads\/342569245_1391430781692304_188421845735963712_n-1-375x500.jpg 375w, https:\/\/buletin.de\/bucuresti\/wp-content\/uploads\/342569245_1391430781692304_188421845735963712_n-1-810x1080.jpg 810w, https:\/\/buletin.de\/bucuresti\/wp-content\/uploads\/342569245_1391430781692304_188421845735963712_n-1-600x800.jpg 600w, https:\/\/buletin.de\/bucuresti\/wp-content\/uploads\/342569245_1391430781692304_188421845735963712_n-1.jpg 1536w\" sizes=\"(max-width: 675px) 100vw, 675px\" \/><\/figure>\n\n\n\n<figure class=\"wp-block-image size-large\"><img loading=\"lazy\" decoding=\"async\" width=\"675\" height=\"900\" src=\"data:image\/gif;base64,R0lGODlhAQABAAAAACH5BAEKAAEALAAAAAABAAEAAAICTAEAOw==\" data-src=\"https:\/\/buletin.de\/bucuresti\/wp-content\/uploads\/342567135_929660725044790_349430023245853438_n-1-675x900.jpg\" alt=\"\" class=\"wp-image-57870 lazyload\" data-sizes=\"auto\" data-srcset=\"https:\/\/buletin.de\/bucuresti\/wp-content\/uploads\/342567135_929660725044790_349430023245853438_n-1-675x900.jpg 675w, https:\/\/buletin.de\/bucuresti\/wp-content\/uploads\/342567135_929660725044790_349430023245853438_n-1-225x300.jpg 225w, https:\/\/buletin.de\/bucuresti\/wp-content\/uploads\/342567135_929660725044790_349430023245853438_n-1-768x1024.jpg 768w, https:\/\/buletin.de\/bucuresti\/wp-content\/uploads\/342567135_929660725044790_349430023245853438_n-1-1152x1536.jpg 1152w, https:\/\/buletin.de\/bucuresti\/wp-content\/uploads\/342567135_929660725044790_349430023245853438_n-1-1060x1413.jpg 1060w, https:\/\/buletin.de\/bucuresti\/wp-content\/uploads\/342567135_929660725044790_349430023245853438_n-1-550x733.jpg 550w, https:\/\/buletin.de\/bucuresti\/wp-content\/uploads\/342567135_929660725044790_349430023245853438_n-1-375x500.jpg 375w, https:\/\/buletin.de\/bucuresti\/wp-content\/uploads\/342567135_929660725044790_349430023245853438_n-1-810x1080.jpg 810w, https:\/\/buletin.de\/bucuresti\/wp-content\/uploads\/342567135_929660725044790_349430023245853438_n-1-600x800.jpg 600w, https:\/\/buletin.de\/bucuresti\/wp-content\/uploads\/342567135_929660725044790_349430023245853438_n-1.jpg 1536w\" sizes=\"(max-width: 675px) 100vw, 675px\" \/><\/figure>\n\n\n\n<p>Pe l\u00e2ng\u0103 banii pentru biletul de tren, jandarmii i-au oferit \u0219i bani cu ajutorul c\u0103rora s\u0103 ajung\u0103 de la Gala\u021bi \u00een localitatea unde locuia.<\/p>\n\n\n\n<figure class=\"wp-block-image size-large\"><img fetchpriority=\"high\" decoding=\"async\" width=\"900\" height=\"675\" src=\"data:image\/gif;base64,R0lGODlhAQABAAAAACH5BAEKAAEALAAAAAABAAEAAAICTAEAOw==\" data-src=\"https:\/\/buletin.de\/bucuresti\/wp-content\/uploads\/342210246_780412273648224_3942200687432406474_n-1-900x675.jpg\" alt=\"\" class=\"wp-image-57869 lazyload\" data-sizes=\"auto\" data-srcset=\"https:\/\/buletin.de\/bucuresti\/wp-content\/uploads\/342210246_780412273648224_3942200687432406474_n-1-900x675.jpg 900w, https:\/\/buletin.de\/bucuresti\/wp-content\/uploads\/342210246_780412273648224_3942200687432406474_n-1-300x225.jpg 300w, https:\/\/buletin.de\/bucuresti\/wp-content\/uploads\/342210246_780412273648224_3942200687432406474_n-1-768x576.jpg 768w, https:\/\/buletin.de\/bucuresti\/wp-content\/uploads\/342210246_780412273648224_3942200687432406474_n-1-1536x1152.jpg 1536w, https:\/\/buletin.de\/bucuresti\/wp-content\/uploads\/342210246_780412273648224_3942200687432406474_n-1-1060x795.jpg 1060w, https:\/\/buletin.de\/bucuresti\/wp-content\/uploads\/342210246_780412273648224_3942200687432406474_n-1-550x413.jpg 550w, https:\/\/buletin.de\/bucuresti\/wp-content\/uploads\/342210246_780412273648224_3942200687432406474_n-1-667x500.jpg 667w, https:\/\/buletin.de\/bucuresti\/wp-content\/uploads\/342210246_780412273648224_3942200687432406474_n-1-1920x1440.jpg 1920w, https:\/\/buletin.de\/bucuresti\/wp-content\/uploads\/342210246_780412273648224_3942200687432406474_n-1-1440x1080.jpg 1440w, https:\/\/buletin.de\/bucuresti\/wp-content\/uploads\/342210246_780412273648224_3942200687432406474_n-1-600x450.jpg 600w, https:\/\/buletin.de\/bucuresti\/wp-content\/uploads\/342210246_780412273648224_3942200687432406474_n-1.jpg 2048w\" sizes=\"(max-width: 900px) 100vw, 900px\" \/><\/figure>\n\n\n\n<p>Povestea a fost f\u0103cut\u0103 public\u0103 pe pagina de Facebook a Jandarmeriei Rom\u00e2ne \u0219i a impresionat \u00eentreaga \u021bar\u0103. P\u00e2n\u0103 \u00een acest moment, postarea a str\u00e2ns zeci de mii de reac\u021bii, mii de comentarii cu felicit\u0103ri \u0219i mii de distribuiri.<\/p>\n\n\n<p><iframe src=\"https:\/\/www.facebook.com\/plugins\/post.php?href=https%3A%2F%2Fwww.facebook.com%2Fjand.romana%2Fposts%2Fpfbid02KtdAYDL9S6h1RDwUMzfAQ49TqnU3jmoogUa79AX6U7rfj5CoXW1PEkBe6aCbEByjl&amp;show_text=true&amp;width=500\" width=\"500\" height=\"792\" style=\"border:none;overflow:hidden\" scrolling=\"no\" frameborder=\"0\" allowfullscreen=\"true\" allow=\"autoplay; clipboard-write; encrypted-media; picture-in-picture; web-share\"><\/iframe><\/p>\n","protected":false},"excerpt":{"rendered":"<p>Un cioban, \u00een v\u00e2rst\u0103 de 63 de ani, r\u0103t\u0103cit pe str\u0103zile din Capital\u0103, a fost ajutat de jandarmii bucure\u0219teni s\u0103 ajung\u0103 acas\u0103, \u00een Gala\u021bi. B\u0103rbatul plecase din Gala\u021bi \u00een Zimnicea s\u0103 lucreze ca cioban. Din cauza condi\u021biilor de munc\u0103 \u0219i pentru c\u0103 nu a fost pl\u0103tit, a decis s\u0103 mearg\u0103 pe jos spre Bucure\u0219ti, parcurg\u00e2nd [&hellip;]<\/p>\n","protected":false},"author":46,"featured_media":57901,"comment_status":"closed","ping_status":"open","sticky":false,"template":"","format":"standard","meta":{"_acf_changed":false,"inline_featured_image":false,"ngg_post_thumbnail":0,"footnotes":""},"categories":[62],"tags":[],"ppma_author":[22605],"class_list":["post-57864","post","type-post","status-publish","format-standard","has-post-thumbnail","hentry","category-stiri"],"acf":[],"yoast_head":"<!-- This site is optimized with the Yoast SEO Premium plugin v25.3 (Yoast SEO v27.5) - https:\/\/yoast.com\/product\/yoast-seo-premium-wordpress\/ -->\n<title>Un cioban a fost ajutat de jandarmii bucure\u0219teni s\u0103 ajung\u0103 \u00een Gala\u021bi dup\u0103 ce a parcurs 130 de km pe jos - Buletin de Bucure\u0219ti<\/title>\n<meta name=\"robots\" content=\"index, follow, max-snippet:-1, max-image-preview:large, max-video-preview:-1\" \/>\n<link rel=\"canonical\" href=\"https:\/\/buletin.de\/bucuresti\/un-cioban-a-fost-ajutat-de-jandarmii-bucuresteni-sa-ajunga-in-galati-dupa-ce-a-parcurs-130-de-km-pe-jos\/\" \/>\n<meta property=\"og:locale\" content=\"en_GB\" \/>\n<meta property=\"og:type\" content=\"article\" \/>\n<meta property=\"og:title\" content=\"Un cioban a fost ajutat de jandarmii bucure\u0219teni s\u0103 ajung\u0103 \u00een Gala\u021bi dup\u0103 ce a parcurs 130 de km pe jos\" \/>\n<meta property=\"og:description\" content=\"Un cioban, \u00een v\u00e2rst\u0103 de 63 de ani, r\u0103t\u0103cit pe str\u0103zile din Capital\u0103, a fost ajutat de jandarmii bucure\u0219teni s\u0103 ajung\u0103 acas\u0103, \u00een Gala\u021bi. B\u0103rbatul plecase din Gala\u021bi \u00een Zimnicea s\u0103 lucreze ca cioban. Din cauza condi\u021biilor de munc\u0103 \u0219i pentru c\u0103 nu a fost pl\u0103tit, a decis s\u0103 mearg\u0103 pe jos spre Bucure\u0219ti, parcurg\u00e2nd [&hellip;]\" \/>\n<meta property=\"og:url\" content=\"https:\/\/buletin.de\/bucuresti\/un-cioban-a-fost-ajutat-de-jandarmii-bucuresteni-sa-ajunga-in-galati-dupa-ce-a-parcurs-130-de-km-pe-jos\/\" \/>\n<meta property=\"og:site_name\" content=\"Buletin de Bucure\u0219ti\" \/>\n<meta property=\"article:publisher\" content=\"https:\/\/www.facebook.com\/buletin.de.buc\" \/>\n<meta property=\"article:published_time\" content=\"2023-04-22T09:20:08+00:00\" \/>\n<meta property=\"article:modified_time\" content=\"2023-04-22T14:20:51+00:00\" \/>\n<meta property=\"og:image\" content=\"https:\/\/buletin.de\/bucuresti\/wp-content\/uploads\/342210246_780412273648224_3942200687432406474_n-2.jpg\" \/>\n\t<meta property=\"og:image:width\" content=\"2048\" \/>\n\t<meta property=\"og:image:height\" content=\"1051\" \/>\n\t<meta property=\"og:image:type\" content=\"image\/jpeg\" \/>\n<meta name=\"author\" content=\"Andreea Gelatu\" \/>\n<meta name=\"twitter:card\" content=\"summary_large_image\" \/>\n<meta name=\"twitter:label1\" content=\"Written by\" \/>\n\t<meta name=\"twitter:data1\" content=\"Andreea Gelatu\" \/>\n\t<meta name=\"twitter:label2\" content=\"Estimated reading time\" \/>\n\t<meta name=\"twitter:data2\" content=\"3 minutes\" \/>\n<script type=\"application\/ld+json\" class=\"yoast-schema-graph\">{\"@context\":\"https:\\\/\\\/schema.org\",\"@graph\":[{\"@type\":\"Article\",\"@id\":\"https:\\\/\\\/buletin.de\\\/bucuresti\\\/un-cioban-a-fost-ajutat-de-jandarmii-bucuresteni-sa-ajunga-in-galati-dupa-ce-a-parcurs-130-de-km-pe-jos\\\/#article\",\"isPartOf\":{\"@id\":\"https:\\\/\\\/buletin.de\\\/bucuresti\\\/un-cioban-a-fost-ajutat-de-jandarmii-bucuresteni-sa-ajunga-in-galati-dupa-ce-a-parcurs-130-de-km-pe-jos\\\/\"},\"author\":{\"name\":\"Andreea Gelatu\",\"@id\":\"https:\\\/\\\/buletin.de\\\/bucuresti\\\/#\\\/schema\\\/person\\\/87734700b2c7f8608881f7e93b8834de\"},\"headline\":\"Un cioban a fost ajutat de jandarmii bucure\u0219teni s\u0103 ajung\u0103 \u00een Gala\u021bi dup\u0103 ce a parcurs 130 de km pe jos\",\"datePublished\":\"2023-04-22T09:20:08+00:00\",\"dateModified\":\"2023-04-22T14:20:51+00:00\",\"mainEntityOfPage\":{\"@id\":\"https:\\\/\\\/buletin.de\\\/bucuresti\\\/un-cioban-a-fost-ajutat-de-jandarmii-bucuresteni-sa-ajunga-in-galati-dupa-ce-a-parcurs-130-de-km-pe-jos\\\/\"},\"wordCount\":321,\"publisher\":{\"@id\":\"https:\\\/\\\/buletin.de\\\/bucuresti\\\/#organization\"},\"image\":{\"@id\":\"https:\\\/\\\/buletin.de\\\/bucuresti\\\/un-cioban-a-fost-ajutat-de-jandarmii-bucuresteni-sa-ajunga-in-galati-dupa-ce-a-parcurs-130-de-km-pe-jos\\\/#primaryimage\"},\"thumbnailUrl\":\"https:\\\/\\\/buletin.de\\\/bucuresti\\\/wp-content\\\/uploads\\\/342210246_780412273648224_3942200687432406474_n-2.jpg\",\"articleSection\":[\"\u0218tiri\"],\"inLanguage\":\"en-GB\",\"copyrightYear\":\"2023\",\"copyrightHolder\":{\"@id\":\"https:\\\/\\\/buletin.de\\\/bucuresti\\\/#organization\"}},{\"@type\":\"WebPage\",\"@id\":\"https:\\\/\\\/buletin.de\\\/bucuresti\\\/un-cioban-a-fost-ajutat-de-jandarmii-bucuresteni-sa-ajunga-in-galati-dupa-ce-a-parcurs-130-de-km-pe-jos\\\/\",\"url\":\"https:\\\/\\\/buletin.de\\\/bucuresti\\\/un-cioban-a-fost-ajutat-de-jandarmii-bucuresteni-sa-ajunga-in-galati-dupa-ce-a-parcurs-130-de-km-pe-jos\\\/\",\"name\":\"Un cioban a fost ajutat de jandarmii bucure\u0219teni s\u0103 ajung\u0103 \u00een Gala\u021bi dup\u0103 ce a parcurs 130 de km pe jos - Buletin de Bucure\u0219ti\",\"isPartOf\":{\"@id\":\"https:\\\/\\\/buletin.de\\\/bucuresti\\\/#website\"},\"primaryImageOfPage\":{\"@id\":\"https:\\\/\\\/buletin.de\\\/bucuresti\\\/un-cioban-a-fost-ajutat-de-jandarmii-bucuresteni-sa-ajunga-in-galati-dupa-ce-a-parcurs-130-de-km-pe-jos\\\/#primaryimage\"},\"image\":{\"@id\":\"https:\\\/\\\/buletin.de\\\/bucuresti\\\/un-cioban-a-fost-ajutat-de-jandarmii-bucuresteni-sa-ajunga-in-galati-dupa-ce-a-parcurs-130-de-km-pe-jos\\\/#primaryimage\"},\"thumbnailUrl\":\"https:\\\/\\\/buletin.de\\\/bucuresti\\\/wp-content\\\/uploads\\\/342210246_780412273648224_3942200687432406474_n-2.jpg\",\"datePublished\":\"2023-04-22T09:20:08+00:00\",\"dateModified\":\"2023-04-22T14:20:51+00:00\",\"breadcrumb\":{\"@id\":\"https:\\\/\\\/buletin.de\\\/bucuresti\\\/un-cioban-a-fost-ajutat-de-jandarmii-bucuresteni-sa-ajunga-in-galati-dupa-ce-a-parcurs-130-de-km-pe-jos\\\/#breadcrumb\"},\"inLanguage\":\"en-GB\",\"potentialAction\":[{\"@type\":\"ReadAction\",\"target\":[\"https:\\\/\\\/buletin.de\\\/bucuresti\\\/un-cioban-a-fost-ajutat-de-jandarmii-bucuresteni-sa-ajunga-in-galati-dupa-ce-a-parcurs-130-de-km-pe-jos\\\/\"]}]},{\"@type\":\"ImageObject\",\"inLanguage\":\"en-GB\",\"@id\":\"https:\\\/\\\/buletin.de\\\/bucuresti\\\/un-cioban-a-fost-ajutat-de-jandarmii-bucuresteni-sa-ajunga-in-galati-dupa-ce-a-parcurs-130-de-km-pe-jos\\\/#primaryimage\",\"url\":\"https:\\\/\\\/buletin.de\\\/bucuresti\\\/wp-content\\\/uploads\\\/342210246_780412273648224_3942200687432406474_n-2.jpg\",\"contentUrl\":\"https:\\\/\\\/buletin.de\\\/bucuresti\\\/wp-content\\\/uploads\\\/342210246_780412273648224_3942200687432406474_n-2.jpg\",\"width\":2048,\"height\":1051},{\"@type\":\"BreadcrumbList\",\"@id\":\"https:\\\/\\\/buletin.de\\\/bucuresti\\\/un-cioban-a-fost-ajutat-de-jandarmii-bucuresteni-sa-ajunga-in-galati-dupa-ce-a-parcurs-130-de-km-pe-jos\\\/#breadcrumb\",\"itemListElement\":[{\"@type\":\"ListItem\",\"position\":1,\"name\":\"Acas\u0103\",\"item\":\"https:\\\/\\\/buletin.de\\\/bucuresti\\\/\"},{\"@type\":\"ListItem\",\"position\":2,\"name\":\"Un cioban a fost ajutat de jandarmii bucure\u0219teni s\u0103 ajung\u0103 \u00een Gala\u021bi dup\u0103 ce a parcurs 130 de km pe jos\"}]},{\"@type\":\"WebSite\",\"@id\":\"https:\\\/\\\/buletin.de\\\/bucuresti\\\/#website\",\"url\":\"https:\\\/\\\/buletin.de\\\/bucuresti\\\/\",\"name\":\"Buletin de Bucure\u0219ti\",\"description\":\"\u0218tiri \u0219i investiga\u021bii esen\u021biale din capital\u0103\",\"publisher\":{\"@id\":\"https:\\\/\\\/buletin.de\\\/bucuresti\\\/#organization\"},\"potentialAction\":[{\"@type\":\"SearchAction\",\"target\":{\"@type\":\"EntryPoint\",\"urlTemplate\":\"https:\\\/\\\/buletin.de\\\/bucuresti\\\/?s={search_term_string}\"},\"query-input\":{\"@type\":\"PropertyValueSpecification\",\"valueRequired\":true,\"valueName\":\"search_term_string\"}}],\"inLanguage\":\"en-GB\"},{\"@type\":\"Organization\",\"@id\":\"https:\\\/\\\/buletin.de\\\/bucuresti\\\/#organization\",\"name\":\"Buletin de Bucure\u0219ti\",\"url\":\"https:\\\/\\\/buletin.de\\\/bucuresti\\\/\",\"logo\":{\"@type\":\"ImageObject\",\"inLanguage\":\"en-GB\",\"@id\":\"https:\\\/\\\/buletin.de\\\/bucuresti\\\/#\\\/schema\\\/logo\\\/image\\\/\",\"url\":\"https:\\\/\\\/buletin.de\\\/bucuresti\\\/wp-content\\\/uploads\\\/logo-bdb-full-wide-vernil-transparent.png\",\"contentUrl\":\"https:\\\/\\\/buletin.de\\\/bucuresti\\\/wp-content\\\/uploads\\\/logo-bdb-full-wide-vernil-transparent.png\",\"width\":1782,\"height\":626,\"caption\":\"Buletin de Bucure\u0219ti\"},\"image\":{\"@id\":\"https:\\\/\\\/buletin.de\\\/bucuresti\\\/#\\\/schema\\\/logo\\\/image\\\/\"},\"sameAs\":[\"https:\\\/\\\/www.facebook.com\\\/buletin.de.buc\",\"https:\\\/\\\/www.instagram.com\\\/buletinde.bucuresti\\\/\"]},{\"@type\":\"Person\",\"@id\":\"https:\\\/\\\/buletin.de\\\/bucuresti\\\/#\\\/schema\\\/person\\\/87734700b2c7f8608881f7e93b8834de\",\"name\":\"Andreea Gelatu\",\"image\":{\"@type\":\"ImageObject\",\"inLanguage\":\"en-GB\",\"@id\":\"https:\\\/\\\/secure.gravatar.com\\\/avatar\\\/b716eca2f984b9b65bdd87118b4b909d940b619cbe6e8cb725fe11c1b1f4194f?s=96&d=monsterid&r=g9b5eff4996c6b842a29b3057a7b4746f\",\"url\":\"https:\\\/\\\/secure.gravatar.com\\\/avatar\\\/b716eca2f984b9b65bdd87118b4b909d940b619cbe6e8cb725fe11c1b1f4194f?s=96&d=monsterid&r=g\",\"contentUrl\":\"https:\\\/\\\/secure.gravatar.com\\\/avatar\\\/b716eca2f984b9b65bdd87118b4b909d940b619cbe6e8cb725fe11c1b1f4194f?s=96&d=monsterid&r=g\",\"caption\":\"Andreea Gelatu\"},\"url\":\"https:\\\/\\\/buletin.de\\\/bucuresti\\\/author\\\/andreeagelatu\\\/\"}]}<\/script>\n<!-- \/ Yoast SEO Premium plugin. -->","yoast_head_json":{"title":"Un cioban a fost ajutat de jandarmii bucure\u0219teni s\u0103 ajung\u0103 \u00een Gala\u021bi dup\u0103 ce a parcurs 130 de km pe jos - Buletin de Bucure\u0219ti","robots":{"index":"index","follow":"follow","max-snippet":"max-snippet:-1","max-image-preview":"max-image-preview:large","max-video-preview":"max-video-preview:-1"},"canonical":"https:\/\/buletin.de\/bucuresti\/un-cioban-a-fost-ajutat-de-jandarmii-bucuresteni-sa-ajunga-in-galati-dupa-ce-a-parcurs-130-de-km-pe-jos\/","og_locale":"en_GB","og_type":"article","og_title":"Un cioban a fost ajutat de jandarmii bucure\u0219teni s\u0103 ajung\u0103 \u00een Gala\u021bi dup\u0103 ce a parcurs 130 de km pe jos","og_description":"Un cioban, \u00een v\u00e2rst\u0103 de 63 de ani, r\u0103t\u0103cit pe str\u0103zile din Capital\u0103, a fost ajutat de jandarmii bucure\u0219teni s\u0103 ajung\u0103 acas\u0103, \u00een Gala\u021bi. B\u0103rbatul plecase din Gala\u021bi \u00een Zimnicea s\u0103 lucreze ca cioban. Din cauza condi\u021biilor de munc\u0103 \u0219i pentru c\u0103 nu a fost pl\u0103tit, a decis s\u0103 mearg\u0103 pe jos spre Bucure\u0219ti, parcurg\u00e2nd [&hellip;]","og_url":"https:\/\/buletin.de\/bucuresti\/un-cioban-a-fost-ajutat-de-jandarmii-bucuresteni-sa-ajunga-in-galati-dupa-ce-a-parcurs-130-de-km-pe-jos\/","og_site_name":"Buletin de Bucure\u0219ti","article_publisher":"https:\/\/www.facebook.com\/buletin.de.buc","article_published_time":"2023-04-22T09:20:08+00:00","article_modified_time":"2023-04-22T14:20:51+00:00","og_image":[{"width":2048,"height":1051,"url":"https:\/\/buletin.de\/bucuresti\/wp-content\/uploads\/342210246_780412273648224_3942200687432406474_n-2.jpg","type":"image\/jpeg"}],"author":"Andreea Gelatu","twitter_card":"summary_large_image","twitter_misc":{"Written by":"Andreea Gelatu","Estimated reading time":"3 minutes"},"schema":{"@context":"https:\/\/schema.org","@graph":[{"@type":"Article","@id":"https:\/\/buletin.de\/bucuresti\/un-cioban-a-fost-ajutat-de-jandarmii-bucuresteni-sa-ajunga-in-galati-dupa-ce-a-parcurs-130-de-km-pe-jos\/#article","isPartOf":{"@id":"https:\/\/buletin.de\/bucuresti\/un-cioban-a-fost-ajutat-de-jandarmii-bucuresteni-sa-ajunga-in-galati-dupa-ce-a-parcurs-130-de-km-pe-jos\/"},"author":{"name":"Andreea Gelatu","@id":"https:\/\/buletin.de\/bucuresti\/#\/schema\/person\/87734700b2c7f8608881f7e93b8834de"},"headline":"Un cioban a fost ajutat de jandarmii bucure\u0219teni s\u0103 ajung\u0103 \u00een Gala\u021bi dup\u0103 ce a parcurs 130 de km pe jos","datePublished":"2023-04-22T09:20:08+00:00","dateModified":"2023-04-22T14:20:51+00:00","mainEntityOfPage":{"@id":"https:\/\/buletin.de\/bucuresti\/un-cioban-a-fost-ajutat-de-jandarmii-bucuresteni-sa-ajunga-in-galati-dupa-ce-a-parcurs-130-de-km-pe-jos\/"},"wordCount":321,"publisher":{"@id":"https:\/\/buletin.de\/bucuresti\/#organization"},"image":{"@id":"https:\/\/buletin.de\/bucuresti\/un-cioban-a-fost-ajutat-de-jandarmii-bucuresteni-sa-ajunga-in-galati-dupa-ce-a-parcurs-130-de-km-pe-jos\/#primaryimage"},"thumbnailUrl":"https:\/\/buletin.de\/bucuresti\/wp-content\/uploads\/342210246_780412273648224_3942200687432406474_n-2.jpg","articleSection":["\u0218tiri"],"inLanguage":"en-GB","copyrightYear":"2023","copyrightHolder":{"@id":"https:\/\/buletin.de\/bucuresti\/#organization"}},{"@type":"WebPage","@id":"https:\/\/buletin.de\/bucuresti\/un-cioban-a-fost-ajutat-de-jandarmii-bucuresteni-sa-ajunga-in-galati-dupa-ce-a-parcurs-130-de-km-pe-jos\/","url":"https:\/\/buletin.de\/bucuresti\/un-cioban-a-fost-ajutat-de-jandarmii-bucuresteni-sa-ajunga-in-galati-dupa-ce-a-parcurs-130-de-km-pe-jos\/","name":"Un cioban a fost ajutat de jandarmii bucure\u0219teni s\u0103 ajung\u0103 \u00een Gala\u021bi dup\u0103 ce a parcurs 130 de km pe jos - Buletin de Bucure\u0219ti","isPartOf":{"@id":"https:\/\/buletin.de\/bucuresti\/#website"},"primaryImageOfPage":{"@id":"https:\/\/buletin.de\/bucuresti\/un-cioban-a-fost-ajutat-de-jandarmii-bucuresteni-sa-ajunga-in-galati-dupa-ce-a-parcurs-130-de-km-pe-jos\/#primaryimage"},"image":{"@id":"https:\/\/buletin.de\/bucuresti\/un-cioban-a-fost-ajutat-de-jandarmii-bucuresteni-sa-ajunga-in-galati-dupa-ce-a-parcurs-130-de-km-pe-jos\/#primaryimage"},"thumbnailUrl":"https:\/\/buletin.de\/bucuresti\/wp-content\/uploads\/342210246_780412273648224_3942200687432406474_n-2.jpg","datePublished":"2023-04-22T09:20:08+00:00","dateModified":"2023-04-22T14:20:51+00:00","breadcrumb":{"@id":"https:\/\/buletin.de\/bucuresti\/un-cioban-a-fost-ajutat-de-jandarmii-bucuresteni-sa-ajunga-in-galati-dupa-ce-a-parcurs-130-de-km-pe-jos\/#breadcrumb"},"inLanguage":"en-GB","potentialAction":[{"@type":"ReadAction","target":["https:\/\/buletin.de\/bucuresti\/un-cioban-a-fost-ajutat-de-jandarmii-bucuresteni-sa-ajunga-in-galati-dupa-ce-a-parcurs-130-de-km-pe-jos\/"]}]},{"@type":"ImageObject","inLanguage":"en-GB","@id":"https:\/\/buletin.de\/bucuresti\/un-cioban-a-fost-ajutat-de-jandarmii-bucuresteni-sa-ajunga-in-galati-dupa-ce-a-parcurs-130-de-km-pe-jos\/#primaryimage","url":"https:\/\/buletin.de\/bucuresti\/wp-content\/uploads\/342210246_780412273648224_3942200687432406474_n-2.jpg","contentUrl":"https:\/\/buletin.de\/bucuresti\/wp-content\/uploads\/342210246_780412273648224_3942200687432406474_n-2.jpg","width":2048,"height":1051},{"@type":"BreadcrumbList","@id":"https:\/\/buletin.de\/bucuresti\/un-cioban-a-fost-ajutat-de-jandarmii-bucuresteni-sa-ajunga-in-galati-dupa-ce-a-parcurs-130-de-km-pe-jos\/#breadcrumb","itemListElement":[{"@type":"ListItem","position":1,"name":"Acas\u0103","item":"https:\/\/buletin.de\/bucuresti\/"},{"@type":"ListItem","position":2,"name":"Un cioban a fost ajutat de jandarmii bucure\u0219teni s\u0103 ajung\u0103 \u00een Gala\u021bi dup\u0103 ce a parcurs 130 de km pe jos"}]},{"@type":"WebSite","@id":"https:\/\/buletin.de\/bucuresti\/#website","url":"https:\/\/buletin.de\/bucuresti\/","name":"Buletin de Bucure\u0219ti","description":"\u0218tiri \u0219i investiga\u021bii esen\u021biale din capital\u0103","publisher":{"@id":"https:\/\/buletin.de\/bucuresti\/#organization"},"potentialAction":[{"@type":"SearchAction","target":{"@type":"EntryPoint","urlTemplate":"https:\/\/buletin.de\/bucuresti\/?s={search_term_string}"},"query-input":{"@type":"PropertyValueSpecification","valueRequired":true,"valueName":"search_term_string"}}],"inLanguage":"en-GB"},{"@type":"Organization","@id":"https:\/\/buletin.de\/bucuresti\/#organization","name":"Buletin de Bucure\u0219ti","url":"https:\/\/buletin.de\/bucuresti\/","logo":{"@type":"ImageObject","inLanguage":"en-GB","@id":"https:\/\/buletin.de\/bucuresti\/#\/schema\/logo\/image\/","url":"https:\/\/buletin.de\/bucuresti\/wp-content\/uploads\/logo-bdb-full-wide-vernil-transparent.png","contentUrl":"https:\/\/buletin.de\/bucuresti\/wp-content\/uploads\/logo-bdb-full-wide-vernil-transparent.png","width":1782,"height":626,"caption":"Buletin de Bucure\u0219ti"},"image":{"@id":"https:\/\/buletin.de\/bucuresti\/#\/schema\/logo\/image\/"},"sameAs":["https:\/\/www.facebook.com\/buletin.de.buc","https:\/\/www.instagram.com\/buletinde.bucuresti\/"]},{"@type":"Person","@id":"https:\/\/buletin.de\/bucuresti\/#\/schema\/person\/87734700b2c7f8608881f7e93b8834de","name":"Andreea Gelatu","image":{"@type":"ImageObject","inLanguage":"en-GB","@id":"https:\/\/secure.gravatar.com\/avatar\/b716eca2f984b9b65bdd87118b4b909d940b619cbe6e8cb725fe11c1b1f4194f?s=96&d=monsterid&r=g9b5eff4996c6b842a29b3057a7b4746f","url":"https:\/\/secure.gravatar.com\/avatar\/b716eca2f984b9b65bdd87118b4b909d940b619cbe6e8cb725fe11c1b1f4194f?s=96&d=monsterid&r=g","contentUrl":"https:\/\/secure.gravatar.com\/avatar\/b716eca2f984b9b65bdd87118b4b909d940b619cbe6e8cb725fe11c1b1f4194f?s=96&d=monsterid&r=g","caption":"Andreea Gelatu"},"url":"https:\/\/buletin.de\/bucuresti\/author\/andreeagelatu\/"}]}},"authors":[{"term_id":22605,"user_id":46,"is_guest":0,"slug":"andreeagelatu","display_name":"Andreea Gelatu","avatar_url":"https:\/\/secure.gravatar.com\/avatar\/b716eca2f984b9b65bdd87118b4b909d940b619cbe6e8cb725fe11c1b1f4194f?s=96&d=monsterid&r=g","0":null,"1":"","2":"","3":"","4":"","5":"","6":"","7":"","8":""}],"_links":{"self":[{"href":"https:\/\/buletin.de\/bucuresti\/wp-json\/wp\/v2\/posts\/57864","targetHints":{"allow":["GET"]}}],"collection":[{"href":"https:\/\/buletin.de\/bucuresti\/wp-json\/wp\/v2\/posts"}],"about":[{"href":"https:\/\/buletin.de\/bucuresti\/wp-json\/wp\/v2\/types\/post"}],"author":[{"embeddable":true,"href":"https:\/\/buletin.de\/bucuresti\/wp-json\/wp\/v2\/users\/46"}],"replies":[{"embeddable":true,"href":"https:\/\/buletin.de\/bucuresti\/wp-json\/wp\/v2\/comments?post=57864"}],"version-history":[{"count":7,"href":"https:\/\/buletin.de\/bucuresti\/wp-json\/wp\/v2\/posts\/57864\/revisions"}],"predecessor-version":[{"id":57907,"href":"https:\/\/buletin.de\/bucuresti\/wp-json\/wp\/v2\/posts\/57864\/revisions\/57907"}],"wp:featuredmedia":[{"embeddable":true,"href":"https:\/\/buletin.de\/bucuresti\/wp-json\/wp\/v2\/media\/57901"}],"wp:attachment":[{"href":"https:\/\/buletin.de\/bucuresti\/wp-json\/wp\/v2\/media?parent=57864"}],"wp:term":[{"taxonomy":"category","embeddable":true,"href":"https:\/\/buletin.de\/bucuresti\/wp-json\/wp\/v2\/categories?post=57864"},{"taxonomy":"post_tag","embeddable":true,"href":"https:\/\/buletin.de\/bucuresti\/wp-json\/wp\/v2\/tags?post=57864"},{"taxonomy":"author","embeddable":true,"href":"https:\/\/buletin.de\/bucuresti\/wp-json\/wp\/v2\/ppma_author?post=57864"}],"curies":[{"name":"wp","href":"https:\/\/api.w.org\/{rel}","templated":true}]}}